{"id":416843,"date":"2024-10-28T15:44:50","date_gmt":"2024-10-28T14:44:50","guid":{"rendered":"https:\/\/www.radiopiu.net\/wordpress\/?p=416843"},"modified":"2024-10-28T15:49:53","modified_gmt":"2024-10-28T14:49:53","slug":"il-follador-de-rossi-parte-con-il-move-2025-unopportunita-unica-per-i-nostri-studenti","status":"publish","type":"post","link":"https:\/\/www.radiopiu.net\/wordpress\/il-follador-de-rossi-parte-con-il-move-2025-unopportunita-unica-per-i-nostri-studenti\/","title":{"rendered":"IL FOLLADOR DE ROSSI PARTE CON IL MOVE  2025: UN&#8217;OPPORTUNITA&#8217; UNICA PER I NOSTRI STUDENTI"},"content":{"rendered":"<p>*******<\/p>\n<p>&nbsp;<\/p>\n<p><strong><a class=\"dt-pswp-item\" href=\"https:\/\/www.radiopiu.net\/wordpress\/wp-content\/uploads\/2024\/09\/FOLLADOR.jpg\" data-dt-img-description=\"\" data-large_image_width=\"1280\" data-large_image_height=\"720\"><img loading=\"lazy\" decoding=\"async\" class=\" wp-image-411383 alignleft\" src=\"https:\/\/www.radiopiu.net\/wordpress\/wp-content\/uploads\/2024\/09\/FOLLADOR-300x169.jpg\" alt=\"\" width=\"250\" height=\"141\" srcset=\"https:\/\/www.radiopiu.net\/wordpress\/wp-content\/uploads\/2024\/09\/FOLLADOR-300x169.jpg 300w, https:\/\/www.radiopiu.net\/wordpress\/wp-content\/uploads\/2024\/09\/FOLLADOR-1024x576.jpg 1024w, https:\/\/www.radiopiu.net\/wordpress\/wp-content\/uploads\/2024\/09\/FOLLADOR-768x432.jpg 768w, https:\/\/www.radiopiu.net\/wordpress\/wp-content\/uploads\/2024\/09\/FOLLADOR.jpg 1280w\" sizes=\"auto, (max-width: 250px) 100vw, 250px\" \/><\/a>AGORDO<\/strong><\/p>\n<p>L\u2019Istituto Follador De Rossi, con grande orgoglio, annuncia l&#8217;avvio del progetto MOVE 2025. Si tratta di un&#8217;iniziativa ambiziosa che si pone l&#8217;obiettivo di offrire agli studenti un&#8217;esperienza di apprendimento unica e arricchente. Grazie a questa iniziativa, finanziata dalla Regione Veneto in collaborazione con il Circolo Cultura e Stampa e per la quale anche la scuola ha ottenuto il punteggio necessario per essere scelta, 28 studenti avranno la straordinaria opportunit\u00e0 di partecipare, gratuitamente, a un soggiorno studio all&#8217;estero. Il progetto MOVE 2025 rappresenta un investimento importante nel futuro dei nostri ragazzi. Crediamo fermamente che un&#8217;esperienza di studio all&#8217;estero sia fondamentale per ampliare gli orizzonti, sviluppare nuove competenze linguistiche e interculturali, e favorire una crescita personale significativa. Gli studenti delle classi Terze del Liceo Scientifico e Liceo Scientifico Sportivo dell\u2019 Istituto potranno pertanto partecipare a una serie di attivit\u00e0 e iniziative che verranno organizzate nel corso dell&#8217;anno scolastico, pensate per stimolare la curiosit\u00e0, la creativit\u00e0 e lo spirito di iniziativa dei ragazzi. Il percorso culminer\u00e0 con un viaggio studio all&#8217;estero, in Inghilterra a Worthing, previsto per la fine di giugno 2025, successivamente al quale, i ragazzi partecipanti potranno sostenere gli esami per conseguire la certificazione di livello Cambridge PET. I benefici di un soggiorno studio all&#8217;estero sono da tempo considerati molteplici: dall\u2019apprendimento linguistico accelerato, grazie al fatto di essere immersi in un ambiente linguistico diverso, allo sviluppo di competenze interculturali, nel confronto con un Paese e con persone di altra cultura, senza trascurare come l\u2019affrontare nuove esperienze e nuove sfide possa contribuire a rafforzare la propria autostima. Inoltre questo tipo di iniziative \u00e8 sempre pi\u00f9 apprezzato anche negli ambienti di lavoro e possono costituire un arricchimento del proprio curriculum vitae. \u00c8 convinzione della scuola che questa esperienza potr\u00e0 aiutare i nostri ragazzi a diventare sempre pi\u00f9 cittadini del mondo pi\u00f9 consapevoli e preparati.<\/p>\n<p>&nbsp;<\/p>\n<p>&nbsp;<\/p>\n<p>********<\/p>\n","protected":false},"excerpt":{"rendered":"<p>******* &nbsp; AGORDO L\u2019Istituto Follador De Rossi, con grande orgoglio, annuncia l&#8217;avvio del progetto MOVE 2025. Si tratta di un&#8217;iniziativa ambiziosa che si pone l&#8217;obiettivo di offrire agli studenti un&#8217;esperienza di apprendimento unica e arricchente. Grazie a questa iniziativa, finanziata dalla Regione Veneto in collaborazione con il Circolo Cultura e Stampa e per la quale&hellip;<\/p>\n","protected":false},"author":4,"featured_media":411383,"comment_status":"closed","ping_status":"closed","sticky":false,"template":"","format":"standard","meta":{"_monsterinsights_skip_tracking":false,"_monsterinsights_sitenote_active":false,"_monsterinsights_sitenote_note":"","_monsterinsights_sitenote_category":0,"footnotes":""},"categories":[49],"tags":[],"class_list":["post-416843","post","type-post","status-publish","format-standard","has-post-thumbnail","hentry","category-news-18","category-49","description-off"],"img_url":"https:\/\/www.radiopiu.net\/wordpress\/wp-content\/uploads\/2024\/09\/FOLLADOR.jpg","_links":{"self":[{"href":"https:\/\/www.radiopiu.net\/wordpress\/wp-json\/wp\/v2\/posts\/416843","targetHints":{"allow":["GET"]}}],"collection":[{"href":"https:\/\/www.radiopiu.net\/wordpress\/wp-json\/wp\/v2\/posts"}],"about":[{"href":"https:\/\/www.radiopiu.net\/wordpress\/wp-json\/wp\/v2\/types\/post"}],"author":[{"embeddable":true,"href":"https:\/\/www.radiopiu.net\/wordpress\/wp-json\/wp\/v2\/users\/4"}],"replies":[{"embeddable":true,"href":"https:\/\/www.radiopiu.net\/wordpress\/wp-json\/wp\/v2\/comments?post=416843"}],"version-history":[{"count":2,"href":"https:\/\/www.radiopiu.net\/wordpress\/wp-json\/wp\/v2\/posts\/416843\/revisions"}],"predecessor-version":[{"id":416845,"href":"https:\/\/www.radiopiu.net\/wordpress\/wp-json\/wp\/v2\/posts\/416843\/revisions\/416845"}],"wp:featuredmedia":[{"embeddable":true,"href":"https:\/\/www.radiopiu.net\/wordpress\/wp-json\/wp\/v2\/media\/411383"}],"wp:attachment":[{"href":"https:\/\/www.radiopiu.net\/wordpress\/wp-json\/wp\/v2\/media?parent=416843"}],"wp:term":[{"taxonomy":"category","embeddable":true,"href":"https:\/\/www.radiopiu.net\/wordpress\/wp-json\/wp\/v2\/categories?post=416843"},{"taxonomy":"post_tag","embeddable":true,"href":"https:\/\/www.radiopiu.net\/wordpress\/wp-json\/wp\/v2\/tags?post=416843"}],"curies":[{"name":"wp","href":"https:\/\/api.w.org\/{rel}","templated":true}]}}