{"id":416847,"date":"2024-10-28T15:52:34","date_gmt":"2024-10-28T14:52:34","guid":{"rendered":"https:\/\/www.radiopiu.net\/wordpress\/?p=416847"},"modified":"2024-10-28T15:52:34","modified_gmt":"2024-10-28T14:52:34","slug":"al-via-il-triennio-di-attivita-del-comitato-etico-per-la-partica-clinica-in-ulss-1-dolomiti","status":"publish","type":"post","link":"https:\/\/www.radiopiu.net\/wordpress\/al-via-il-triennio-di-attivita-del-comitato-etico-per-la-partica-clinica-in-ulss-1-dolomiti\/","title":{"rendered":"AL VIA IL TRIENNIO DI ATTIVITA&#8217; DEL COMITATO ETICO PER LA PARTICA CLINICA IN ULSS 1 DOLOMITI"},"content":{"rendered":"<p>******<\/p>\n<p>&nbsp;<\/p>\n<p><strong><a class=\"dt-pswp-item\" href=\"https:\/\/www.radiopiu.net\/wordpress\/wp-content\/uploads\/2024\/10\/dee255a5-57b8-4876-916a-c8f444eae65d.jpg\" data-dt-img-description=\"\" data-large_image_width=\"1600\" data-large_image_height=\"1200\"><img loading=\"lazy\" decoding=\"async\" class=\" wp-image-416849 alignleft\" src=\"https:\/\/www.radiopiu.net\/wordpress\/wp-content\/uploads\/2024\/10\/dee255a5-57b8-4876-916a-c8f444eae65d-300x225.jpg\" alt=\"\" width=\"185\" height=\"139\" srcset=\"https:\/\/www.radiopiu.net\/wordpress\/wp-content\/uploads\/2024\/10\/dee255a5-57b8-4876-916a-c8f444eae65d-300x225.jpg 300w, https:\/\/www.radiopiu.net\/wordpress\/wp-content\/uploads\/2024\/10\/dee255a5-57b8-4876-916a-c8f444eae65d-1024x768.jpg 1024w, https:\/\/www.radiopiu.net\/wordpress\/wp-content\/uploads\/2024\/10\/dee255a5-57b8-4876-916a-c8f444eae65d-768x576.jpg 768w, https:\/\/www.radiopiu.net\/wordpress\/wp-content\/uploads\/2024\/10\/dee255a5-57b8-4876-916a-c8f444eae65d-1536x1152.jpg 1536w, https:\/\/www.radiopiu.net\/wordpress\/wp-content\/uploads\/2024\/10\/dee255a5-57b8-4876-916a-c8f444eae65d.jpg 1600w\" sizes=\"auto, (max-width: 185px) 100vw, 185px\" \/><\/a>BELLUNO<\/strong> Presidenza riconfermata e 4 nuovi ingressi: ha preso ufficialmente il via oggi il nuovo triennio di attivit\u00e0 del Comitato etico per la pratica clinica dell&#8217;Ulss 1 Dolomiti, che avr\u00e0 tra le sue priorit\u00e0 la formazione aziendale e la sensibilizzazione della cittadinanza.<\/p>\n<p><strong>DI DANIELE DALVIT<\/strong><\/p>\n<audio class=\"wp-audio-shortcode\" id=\"audio-416847-1\" preload=\"none\" style=\"width: 100%;\" controls=\"controls\"><source type=\"audio\/mpeg\" src=\"https:\/\/www.radiopiu.net\/wordpress\/wp-content\/uploads\/2024\/10\/Servizio-Comitato-etico-Ulss-2024.mp3?_=1\" \/><a href=\"https:\/\/www.radiopiu.net\/wordpress\/wp-content\/uploads\/2024\/10\/Servizio-Comitato-etico-Ulss-2024.mp3\">https:\/\/www.radiopiu.net\/wordpress\/wp-content\/uploads\/2024\/10\/Servizio-Comitato-etico-Ulss-2024.mp3<\/a><\/audio>\n<p>&nbsp;<\/p>\n<p>&nbsp;<\/p>\n<p>*********<\/p>\n","protected":false},"excerpt":{"rendered":"<p>****** &nbsp; BELLUNO Presidenza riconfermata e 4 nuovi ingressi: ha preso ufficialmente il via oggi il nuovo triennio di attivit\u00e0 del Comitato etico per la pratica clinica dell&#8217;Ulss 1 Dolomiti, che avr\u00e0 tra le sue priorit\u00e0 la formazione aziendale e la sensibilizzazione della cittadinanza. DI DANIELE DALVIT &nbsp; &nbsp; *********<\/p>\n","protected":false},"author":4,"featured_media":416849,"comment_status":"closed","ping_status":"closed","sticky":false,"template":"","format":"standard","meta":{"_monsterinsights_skip_tracking":false,"_monsterinsights_sitenote_active":false,"_monsterinsights_sitenote_note":"","_monsterinsights_sitenote_category":0,"footnotes":""},"categories":[49],"tags":[],"class_list":["post-416847","post","type-post","status-publish","format-standard","has-post-thumbnail","hentry","category-news-18","category-49","description-off"],"img_url":"https:\/\/www.radiopiu.net\/wordpress\/wp-content\/uploads\/2024\/10\/dee255a5-57b8-4876-916a-c8f444eae65d.jpg","_links":{"self":[{"href":"https:\/\/www.radiopiu.net\/wordpress\/wp-json\/wp\/v2\/posts\/416847","targetHints":{"allow":["GET"]}}],"collection":[{"href":"https:\/\/www.radiopiu.net\/wordpress\/wp-json\/wp\/v2\/posts"}],"about":[{"href":"https:\/\/www.radiopiu.net\/wordpress\/wp-json\/wp\/v2\/types\/post"}],"author":[{"embeddable":true,"href":"https:\/\/www.radiopiu.net\/wordpress\/wp-json\/wp\/v2\/users\/4"}],"replies":[{"embeddable":true,"href":"https:\/\/www.radiopiu.net\/wordpress\/wp-json\/wp\/v2\/comments?post=416847"}],"version-history":[{"count":1,"href":"https:\/\/www.radiopiu.net\/wordpress\/wp-json\/wp\/v2\/posts\/416847\/revisions"}],"predecessor-version":[{"id":416850,"href":"https:\/\/www.radiopiu.net\/wordpress\/wp-json\/wp\/v2\/posts\/416847\/revisions\/416850"}],"wp:featuredmedia":[{"embeddable":true,"href":"https:\/\/www.radiopiu.net\/wordpress\/wp-json\/wp\/v2\/media\/416849"}],"wp:attachment":[{"href":"https:\/\/www.radiopiu.net\/wordpress\/wp-json\/wp\/v2\/media?parent=416847"}],"wp:term":[{"taxonomy":"category","embeddable":true,"href":"https:\/\/www.radiopiu.net\/wordpress\/wp-json\/wp\/v2\/categories?post=416847"},{"taxonomy":"post_tag","embeddable":true,"href":"https:\/\/www.radiopiu.net\/wordpress\/wp-json\/wp\/v2\/tags?post=416847"}],"curies":[{"name":"wp","href":"https:\/\/api.w.org\/{rel}","templated":true}]}}