{"id":416927,"date":"2024-10-30T05:45:27","date_gmt":"2024-10-30T04:45:27","guid":{"rendered":"https:\/\/www.radiopiu.net\/wordpress\/?p=416927"},"modified":"2024-10-30T14:34:22","modified_gmt":"2024-10-30T13:34:22","slug":"giornale-radiopiu-30-ottobre-2024-direttore-mirko-mezzacasada-41-anni-25-giugno-1983-25-giugno-2024","status":"publish","type":"post","link":"https:\/\/www.radiopiu.net\/wordpress\/giornale-radiopiu-30-ottobre-2024-direttore-mirko-mezzacasada-41-anni-25-giugno-1983-25-giugno-2024\/","title":{"rendered":"GIORNALE RADIOPIU 30 OTTOBRE 2024 DIRETTORE MIRKO MEZZACASA\u2026DA 41 ANNI 25 GIUGNO 1983-25 GIUGNO 2024"},"content":{"rendered":"<p>*******<\/p>\n<p>&nbsp;<\/p>\n<p><em><span style=\"color: #ff0000;\"><a class=\"dt-pswp-item\" href=\"https:\/\/www.radiopiu.net\/wordpress\/wp-content\/uploads\/2024\/10\/Senza-nome-8.png\" data-dt-img-description=\"\" data-large_image_width=\"343\" data-large_image_height=\"303\"><img loading=\"lazy\" decoding=\"async\" class=\"wp-image-412130 alignleft\" src=\"https:\/\/www.radiopiu.net\/wordpress\/wp-content\/uploads\/2024\/10\/Senza-nome-8-300x265.png\" alt=\"\" width=\"105\" height=\"93\" srcset=\"https:\/\/www.radiopiu.net\/wordpress\/wp-content\/uploads\/2024\/10\/Senza-nome-8-300x265.png 300w, https:\/\/www.radiopiu.net\/wordpress\/wp-content\/uploads\/2024\/10\/Senza-nome-8.png 343w\" sizes=\"auto, (max-width: 105px) 100vw, 105px\" \/><\/a><\/span><\/em><strong><em><span style=\"color: #ff0000;\"> LA\u00a0 APP PER IOS-IPHONE di Nicola Vettorello<\/span><\/em><\/strong><\/p>\n<p><strong><span style=\"color: #0000ff;\"><a style=\"color: #0000ff;\" href=\"https:\/\/apps.apple.com\/it\/app\/radio-pi%C3%B9-emittente-agordina\/id1515939845\">https:\/\/apps.apple.com\/it\/app\/radio-pi%C3%B9-emittente-agordina\/id1515939845<\/a><\/span><\/strong><\/p>\n<p><strong><em style=\"color: #ff0000;\">LA\u00a0 APP RADIO\u00a0 PER ANDROID di Nicola Vettorello<\/em><\/strong><\/p>\n<p><strong><span style=\"color: #0000ff;\"><a style=\"color: #0000ff;\" href=\"https:\/\/play.google.com\/store\/apps\/details?id=net.radiopiu.iniko\" target=\"_blank\" rel=\"noopener noreferrer\">https:\/\/<\/a><a style=\"color: #0000ff;\" href=\"https:\/\/play.google.com\/store\/apps\/details?id=net.radiopiu.iniko\" target=\"_blank\" rel=\"noopener noreferrer\">play.google.com\/store\/apps\/details?id=net.radiopiu.iniko\u00a0\u00a0\u00a0<\/a><\/span><\/strong><\/p>\n<p>&nbsp;<\/p>\n<p><a class=\"dt-pswp-item\" href=\"https:\/\/www.radiopiu.net\/wordpress\/wp-content\/uploads\/2024\/10\/0c3dea51-de28-467d-b278-a3cee11f2fb4.jpg\" data-dt-img-description=\"\" data-large_image_width=\"947\" data-large_image_height=\"1280\"><img loading=\"lazy\" decoding=\"async\" class=\"size-medium wp-image-416968 aligncenter\" src=\"https:\/\/www.radiopiu.net\/wordpress\/wp-content\/uploads\/2024\/10\/0c3dea51-de28-467d-b278-a3cee11f2fb4-222x300.jpg\" alt=\"\" width=\"222\" height=\"300\" srcset=\"https:\/\/www.radiopiu.net\/wordpress\/wp-content\/uploads\/2024\/10\/0c3dea51-de28-467d-b278-a3cee11f2fb4-222x300.jpg 222w, https:\/\/www.radiopiu.net\/wordpress\/wp-content\/uploads\/2024\/10\/0c3dea51-de28-467d-b278-a3cee11f2fb4-758x1024.jpg 758w, https:\/\/www.radiopiu.net\/wordpress\/wp-content\/uploads\/2024\/10\/0c3dea51-de28-467d-b278-a3cee11f2fb4-768x1038.jpg 768w, https:\/\/www.radiopiu.net\/wordpress\/wp-content\/uploads\/2024\/10\/0c3dea51-de28-467d-b278-a3cee11f2fb4.jpg 947w\" sizes=\"auto, (max-width: 222px) 100vw, 222px\" \/><\/a><\/p>\n<p>&nbsp;<\/p>\n<p><strong>CHIUSURA DELLA\u00a0 PROVINCIALE 10 DI ALANO DI PIAVE<\/strong> (NELL&#8217;EX COMUNE DI ALANO) DA LUNEDI A VENERDI DALLE 7 ALLE 17. SOLO NEI GIORNI FERIALI.<br \/>\n<strong>CHIUSURA DALLE 12 PEDEOMONTANA<\/strong> FINO ALL&#8217;8 NOVEMBRE\u00a0 (FONZASO-PEDAVENA) STRADA DEL CANALET. DEVIAZIONI IN LOCO<\/p>\n<hr \/>\n<blockquote>\n<h1 dir=\"auto\" style=\"text-align: left;\"><span style=\"color: #008000;\">\u00a0<\/span><\/h1>\n<\/blockquote>\n<p>&nbsp;<\/p>\n<p><strong><a class=\"dt-pswp-item\" href=\"https:\/\/www.radiopiu.net\/wordpress\/wp-content\/uploads\/2024\/10\/26f08289-cbd9-4650-8259-2eb1b0862500-300x225-1.jpg\" data-dt-img-description=\"\" data-large_image_width=\"300\" data-large_image_height=\"225\"><img loading=\"lazy\" decoding=\"async\" class=\" wp-image-417103 alignleft\" src=\"https:\/\/www.radiopiu.net\/wordpress\/wp-content\/uploads\/2024\/10\/26f08289-cbd9-4650-8259-2eb1b0862500-300x225-1.jpg\" alt=\"\" width=\"181\" height=\"136\" \/><\/a>OGGI ALLA RADIO&#8230;.<\/strong> <span style=\"color: #ff0000;\">ALLE 4 E ALLE 6<\/span> LE NOTIZIE DALL&#8217;ITALIA E DAL MONDO <span style=\"color: #ff0000;\"> 0500 <span style=\"color: #0000ff;\">l&#8217;almanacco della nostra gente con il MUSLA\u00a0<\/span><\/span><span style=\"color: #ff0000;\"> 6.15<\/span> PIROLE DE LENGA A CURA DEL MUSLA <span style=\"color: #ff0000;\">7.20<\/span> EL BAL DEL FIORI, DETTI E TRADIZIONI DI GIULIANA DA RONCH <span style=\"color: #ff0000;\">8.05<\/span> LA RASSEGNA STAMPA LOCALE<span style=\"color: #ff0000;\"> 8.30 <span style=\"color: #000000;\">PIU&#8217; SIAMO CON MARINA DONA&#8217;<\/span><span style=\"color: #000000;\">\u00a0\u00a0<\/span> 900 <span style=\"color: #000000;\">LIBER, DI LIANA CAVALLET<\/span><span style=\"color: #0000ff;\">\u00a0\u00a0<\/span><\/span><span style=\"color: #ff0000;\"><span style=\"color: #000000;\"><span style=\"color: #ff0000;\"> 9.35<\/span> OGGI COME IERI, SILVIA BALDO <\/span><\/span><span style=\"color: #ff0000;\">9.40<\/span> VIABILITA&#8217; CON BOTOL CAR SERVICE (AGORDO-SEDICO-FELTRE) <span style=\"color: #ff0000;\">945<\/span> <span style=\"color: #000000;\">speciale APPIA AD ARREDAMONT, IN DIRETTA DA LONGARONE FIERE SULLE TRE RADIO &#8211; TERZA PUNTATA <\/span><span style=\"color: #ff0000;\">10 10<\/span> CISL LA VOCE PER I LAVORATORI\u00a0 <span style=\"color: #ff0000;\">10.30 <\/span> <span style=\"color: #000000;\">SE NON LA SMETTI TI MANDO DAL PRESIDE <\/span>\u00a0<span style=\"color: #0000ff;\">11 10<\/span> paola lanciato emozione continua un secolo di radio piu&#8217; 41 di musica <span style=\"color: #ff0000;\">11.40<\/span> FESTIVALBAR STORY DI ATHOS DJ DAVID BEN\u00a0 \u00a0 <span style=\"color: #ff0000;\">12.00<\/span> VA TUTTO LISCIO\u00a0 <span style=\"color: #ff0000;\">12.30<\/span> GIORNALE RADIO PRINCIPALE\u00a0<span style=\"color: #ff0000;\"> 13.10<\/span> speciale hockey con ALBERTO FONTANIVE E MARCO GAZ <span style=\"color: #ff0000;\">13.20<\/span> FOGLIE E CASTAGNE DI MARINA DONA&#8217; (FOTO)<span style=\"color: #ff0000;\">\u00a0<\/span><span style=\"color: #ff0000;\">14.00\u00a0<\/span><span style=\"color: #ff0000;\"><span style=\"color: #000000;\">\u00a0 LA CLASSIFICA DI MARCO GAZ <\/span>\u00a015.10<\/span>\u00a0 <span style=\"color: #ff0000;\"><span style=\"color: #000000;\">MIKY E MARINA, DA NEVEGAL TOUR, SECONDA PUNTATA<\/span><\/span> <span style=\"color: #ff0000;\">16<\/span> IL ROCK DI MARCO COSTANTINI\u00a0 <span style=\"color: #ff0000;\">1645<\/span> LE HIT DI MIRCO BENCIVENNI <span style=\"color: #ff0000;\">18.00<\/span> PIU&#8217; DANCE LE SELEZIONI CHE FANNO SALTARE DI DJ JACK, JACOPO DEL TEDESCO <span style=\"color: #ff0000;\">19.00 <span style=\"color: #000000;\">LE ANTICIPAZIONI DAL TG DI ANTENNA 3 DI TIZIANA BOLOGNANI\u00a0 <span style=\"color: #ff0000;\">19.20<\/span> speciale APPIA AD ARREDAMONT, IN DIRETTA DA LONGARONE FIERE SULLE TRE RADIO &#8211; TERZA PUNTATA <\/span><\/span><\/p>\n<p>&nbsp;<\/p>\n<p>&nbsp;<\/p>\n<hr \/>\n<p>&nbsp;<\/p>\n<p><strong>rassegna stampa nazionale,<\/strong> ogni giorno alle 5 e alle 6 del mattino<br \/>\ngiornali locali 7 rassegna stampa flash, 8 rassegna stampa, gr flash alle 10 e alle 11, principale 12.30. Informazione pomeriggio alle 15 (speciale) 16, 17, 18. Giornale radio nazionale: ogni ora dalle 5 del mattino, alle 20 della sera.<\/p>\n<p>&nbsp;<\/p>\n<p><a class=\"dt-pswp-item\" href=\"https:\/\/www.radiopiu.net\/wordpress\/wp-content\/uploads\/2024\/10\/Senza-nome-132.png\" data-dt-img-description=\"\" data-large_image_width=\"609\" data-large_image_height=\"645\"><img loading=\"lazy\" decoding=\"async\" class=\"size-medium wp-image-417108 aligncenter\" src=\"https:\/\/www.radiopiu.net\/wordpress\/wp-content\/uploads\/2024\/10\/Senza-nome-132-283x300.png\" alt=\"\" width=\"283\" height=\"300\" srcset=\"https:\/\/www.radiopiu.net\/wordpress\/wp-content\/uploads\/2024\/10\/Senza-nome-132-283x300.png 283w, https:\/\/www.radiopiu.net\/wordpress\/wp-content\/uploads\/2024\/10\/Senza-nome-132.png 609w\" sizes=\"auto, (max-width: 283px) 100vw, 283px\" \/><\/a><\/p>\n<hr \/>\n<p>&nbsp;<\/p>\n<div class=\"x11i5rnm xat24cr x1mh8g0r x1vvkbs xtlvy1s x126k92a\">\n<div dir=\"auto\">\n<div dir=\"auto\">\n<p><strong><a class=\"dt-pswp-item\" href=\"https:\/\/www.radiopiu.net\/wordpress\/wp-content\/uploads\/2024\/02\/2d44e751-d8a8-461b-8e22-d8e4e853b032.jpg\" data-dt-img-description=\"\" data-large_image_width=\"1600\" data-large_image_height=\"1200\"><img loading=\"lazy\" decoding=\"async\" class=\"wp-image-373307 alignleft\" src=\"https:\/\/www.radiopiu.net\/wordpress\/wp-content\/uploads\/2024\/02\/2d44e751-d8a8-461b-8e22-d8e4e853b032-300x225.jpg\" alt=\"\" width=\"105\" height=\"79\" srcset=\"https:\/\/www.radiopiu.net\/wordpress\/wp-content\/uploads\/2024\/02\/2d44e751-d8a8-461b-8e22-d8e4e853b032-300x225.jpg 300w, https:\/\/www.radiopiu.net\/wordpress\/wp-content\/uploads\/2024\/02\/2d44e751-d8a8-461b-8e22-d8e4e853b032-1024x768.jpg 1024w, https:\/\/www.radiopiu.net\/wordpress\/wp-content\/uploads\/2024\/02\/2d44e751-d8a8-461b-8e22-d8e4e853b032-768x576.jpg 768w, https:\/\/www.radiopiu.net\/wordpress\/wp-content\/uploads\/2024\/02\/2d44e751-d8a8-461b-8e22-d8e4e853b032-1536x1152.jpg 1536w, https:\/\/www.radiopiu.net\/wordpress\/wp-content\/uploads\/2024\/02\/2d44e751-d8a8-461b-8e22-d8e4e853b032.jpg 1600w\" sizes=\"auto, (max-width: 105px) 100vw, 105px\" \/><\/a>EL BAL DEL FIOR, DI GIULIANA DA RONCH, 30 OTTOBRE<\/strong><strong>\u00a02024<\/strong><\/p>\n<\/div>\n<\/div>\n<\/div>\n<div><\/div>\n<div>\n<audio class=\"wp-audio-shortcode\" id=\"audio-416927-1\" preload=\"none\" style=\"width: 100%;\" controls=\"controls\"><source type=\"audio\/mpeg\" src=\"https:\/\/www.radiopiu.net\/wordpress\/wp-content\/uploads\/2024\/10\/GME-3.mp3?_=1\" \/><a href=\"https:\/\/www.radiopiu.net\/wordpress\/wp-content\/uploads\/2024\/10\/GME-3.mp3\">https:\/\/www.radiopiu.net\/wordpress\/wp-content\/uploads\/2024\/10\/GME-3.mp3<\/a><\/audio>\n<p>&nbsp;<\/p>\n<\/div>\n<hr \/>\n<p>&nbsp;<\/p>\n<div class=\"x11i5rnm xat24cr x1mh8g0r x1vvkbs xtlvy1s x126k92a\">\n<h1><span style=\"color: #ff0000;\"><a class=\"dt-pswp-item\" href=\"https:\/\/www.radiopiu.net\/wordpress\/wp-content\/uploads\/2024\/06\/th-5.jpg\" data-dt-img-description=\"\" data-large_image_width=\"326\" data-large_image_height=\"180\"><img loading=\"lazy\" decoding=\"async\" class=\"size-medium wp-image-395881 alignleft\" src=\"https:\/\/www.radiopiu.net\/wordpress\/wp-content\/uploads\/2024\/06\/th-5-300x166.jpg\" alt=\"\" width=\"300\" height=\"166\" srcset=\"https:\/\/www.radiopiu.net\/wordpress\/wp-content\/uploads\/2024\/06\/th-5-300x166.jpg 300w, https:\/\/www.radiopiu.net\/wordpress\/wp-content\/uploads\/2024\/06\/th-5.jpg 326w\" sizes=\"auto, (max-width: 300px) 100vw, 300px\" \/><\/a><\/span><\/h1>\n<h1><\/h1>\n<h1><\/h1>\n<h1><span style=\"color: #000000;\">30 OTTOBRE&#8230; alla radio l&#8217;almanacco\u00a0<\/span><\/h1>\n<audio class=\"wp-audio-shortcode\" id=\"audio-416927-2\" preload=\"none\" style=\"width: 100%;\" controls=\"controls\"><source type=\"audio\/mpeg\" src=\"https:\/\/www.radiopiu.net\/wordpress\/wp-content\/uploads\/2024\/10\/ALMANACCONEW-24.mp3?_=2\" \/><a href=\"https:\/\/www.radiopiu.net\/wordpress\/wp-content\/uploads\/2024\/10\/ALMANACCONEW-24.mp3\">https:\/\/www.radiopiu.net\/wordpress\/wp-content\/uploads\/2024\/10\/ALMANACCONEW-24.mp3<\/a><\/audio>\n<p>&nbsp;<\/p>\n<p>&nbsp;<\/p>\n<hr \/>\n<p>&nbsp;<\/p>\n<p>&nbsp;<\/p>\n<blockquote>\n<h1><strong><a class=\"dt-pswp-item\" href=\"https:\/\/www.radiopiu.net\/wordpress\/wp-content\/uploads\/2024\/10\/629301fd-708d-4f53-95c2-d28cbefd500f.jpg\" data-dt-img-description=\"\" data-large_image_width=\"1600\" data-large_image_height=\"1322\"><img loading=\"lazy\" decoding=\"async\" class=\"wp-image-413782 alignleft\" src=\"https:\/\/www.radiopiu.net\/wordpress\/wp-content\/uploads\/2024\/10\/629301fd-708d-4f53-95c2-d28cbefd500f-300x248.jpg\" alt=\"\" width=\"186\" height=\"154\" srcset=\"https:\/\/www.radiopiu.net\/wordpress\/wp-content\/uploads\/2024\/10\/629301fd-708d-4f53-95c2-d28cbefd500f-300x248.jpg 300w, https:\/\/www.radiopiu.net\/wordpress\/wp-content\/uploads\/2024\/10\/629301fd-708d-4f53-95c2-d28cbefd500f-1024x846.jpg 1024w, https:\/\/www.radiopiu.net\/wordpress\/wp-content\/uploads\/2024\/10\/629301fd-708d-4f53-95c2-d28cbefd500f-768x635.jpg 768w, https:\/\/www.radiopiu.net\/wordpress\/wp-content\/uploads\/2024\/10\/629301fd-708d-4f53-95c2-d28cbefd500f-1536x1269.jpg 1536w, https:\/\/www.radiopiu.net\/wordpress\/wp-content\/uploads\/2024\/10\/629301fd-708d-4f53-95c2-d28cbefd500f.jpg 1600w\" sizes=\"auto, (max-width: 186px) 100vw, 186px\" \/><\/a>N di parom &#8211; L Almanach de la nosta jent<\/strong><\/h1>\n<\/blockquote>\n<p>Le voci: Davide Conedera, Agordo, Michela Dell&#8217;Osbel, La Valle Agordina Simone Ganz, Falcade Veronica Lezuo, Colle Santa Lucia. La voce nella sigla \u00e8 di Giorgia Taio<\/p>\n<p><strong>LA PUNTATA DI OGGI, 30 OTTOBRE<\/strong><\/p>\n<\/div>\n<div class=\"x11i5rnm xat24cr x1mh8g0r x1vvkbs xtlvy1s x126k92a\">\n<audio class=\"wp-audio-shortcode\" id=\"audio-416927-3\" preload=\"none\" style=\"width: 100%;\" controls=\"controls\"><source type=\"audio\/mpeg\" src=\"https:\/\/www.radiopiu.net\/wordpress\/wp-content\/uploads\/2024\/10\/AL3-1.mp3?_=3\" \/><a href=\"https:\/\/www.radiopiu.net\/wordpress\/wp-content\/uploads\/2024\/10\/AL3-1.mp3\">https:\/\/www.radiopiu.net\/wordpress\/wp-content\/uploads\/2024\/10\/AL3-1.mp3<\/a><\/audio>\n<p>&nbsp;<\/p>\n<div dir=\"auto\">\n<hr \/>\n<\/div>\n<\/div>\n<blockquote>\n<blockquote>\n<h1><span style=\"color: #ff0000;\">\u00a0<\/span><\/h1>\n<h1><span style=\"color: #ff0000;\">I podcast informativi del mattino &#8211; audio &#8211;\u00a0\u00a0<\/span><\/h1>\n<\/blockquote>\n<p><strong><a class=\"dt-pswp-item\" href=\"https:\/\/www.radiopiu.net\/wordpress\/wp-content\/uploads\/2024\/10\/COOP1-9.png\" data-dt-img-description=\"\" data-large_image_width=\"531\" data-large_image_height=\"296\"><img loading=\"lazy\" decoding=\"async\" class=\" wp-image-417136 alignleft\" src=\"https:\/\/www.radiopiu.net\/wordpress\/wp-content\/uploads\/2024\/10\/COOP1-9-300x167.png\" alt=\"\" width=\"226\" height=\"126\" srcset=\"https:\/\/www.radiopiu.net\/wordpress\/wp-content\/uploads\/2024\/10\/COOP1-9-300x167.png 300w, https:\/\/www.radiopiu.net\/wordpress\/wp-content\/uploads\/2024\/10\/COOP1-9.png 531w\" sizes=\"auto, (max-width: 226px) 100vw, 226px\" \/><\/a>LA RASSEGNA STAMPA NAZIONALE ALLA RADIO, OGNI GIORNO ALLE 5 E ALLE 6 DEL MATTINO <span style=\"color: #0000ff;\">viene pubblicata alle 6.00 <span style=\"color: #ff0000;\">DIRETTA RADIO\u00a0 \u00a0\u00a0<\/span><\/span><\/strong><\/p><\/blockquote>\n<p>&nbsp;<\/p>\n<p><strong>NOTIZIE DELLA NOTTE<\/strong><\/p>\n<p><strong>Attacco con droni<\/strong> su Kiev, residenti nei rifugi <strong>Cina<\/strong>, &#8216;difenderemo le nostre aziende dopo dazi Ue su e-car&#8217;<br \/>\n<strong>Cile,<\/strong> 24 anni per l&#8217;assassino della reporter Francisca Sandoval <strong>Esercito Israele<\/strong>, colpiti terroristi in area Khan Younis <strong>Spagna:<\/strong> inondazioni a Valencia, recuperati numerosi corpi <strong>Harris<\/strong>, questa elezione \u00e8 una scelta fra caos e libert\u00e0 <strong>Il Napoli<\/strong> vince 2-0 a San Siro grazie a Lukaku e Kvara. Milan ko <strong>Ergastolo<\/strong> per l&#8217;aggressore del marito di Nancy Pelosi<\/p>\n<h2>AUDIO dalle 6 del mattino<\/h2>\n<audio class=\"wp-audio-shortcode\" id=\"audio-416927-4\" preload=\"none\" style=\"width: 100%;\" controls=\"controls\"><source type=\"audio\/mpeg\" src=\"https:\/\/www.radiopiu.net\/wordpress\/wp-content\/uploads\/2024\/10\/GIORNALEDELLESEI-25.mp3?_=4\" \/><a href=\"https:\/\/www.radiopiu.net\/wordpress\/wp-content\/uploads\/2024\/10\/GIORNALEDELLESEI-25.mp3\">https:\/\/www.radiopiu.net\/wordpress\/wp-content\/uploads\/2024\/10\/GIORNALEDELLESEI-25.mp3<\/a><\/audio>\n<p>&nbsp;<\/p>\n<p>&nbsp;<\/p>\n<p>&nbsp;<\/p>\n<hr \/>\n<p>&nbsp;<\/p>\n<h1 style=\"text-align: center;\"><span style=\"color: #ff0000;\">I podcast informativi del mattino &#8211; audio &#8211;\u00a0<\/span><\/h1>\n<p><strong><a class=\"dt-pswp-item\" href=\"https:\/\/www.radiopiu.net\/wordpress\/wp-content\/uploads\/2024\/10\/COOP2-5.png\" data-dt-img-description=\"\" data-large_image_width=\"553\" data-large_image_height=\"354\"><img loading=\"lazy\" decoding=\"async\" class=\" wp-image-417135 alignleft\" src=\"https:\/\/www.radiopiu.net\/wordpress\/wp-content\/uploads\/2024\/10\/COOP2-5-300x192.png\" alt=\"\" width=\"277\" height=\"177\" srcset=\"https:\/\/www.radiopiu.net\/wordpress\/wp-content\/uploads\/2024\/10\/COOP2-5-300x192.png 300w, https:\/\/www.radiopiu.net\/wordpress\/wp-content\/uploads\/2024\/10\/COOP2-5.png 553w\" sizes=\"auto, (max-width: 277px) 100vw, 277px\" \/><\/a>OGNI GIORNO ALLE SETTE DEL MATTINO, LA RASSEGNA STAMPA LOCALE FLASH&#8230; PER CHI VA IN FRETTA. I TITOLI DAI GIORNALI E DAL SITO WWW.RADIOPIU.NET <span style=\"color: #0000ff;\">viene pubblicato alle 7.00<\/span> <span style=\"color: #ff0000;\">DIRETTA RADIO\u00a0<\/span><\/strong><\/p>\n<p><em><span style=\"color: #ff0000;\">per chi va in fretta&#8230; tante notizie in pochi minuti. L&#8217;informazione locale alla radio, ogni ora dalle 7 del mattino alle 19 della sera.<\/span><\/em><\/p>\n<h1><\/h1>\n<h1>AUDIO dalle 7 del mattino<\/h1>\n<audio class=\"wp-audio-shortcode\" id=\"audio-416927-5\" preload=\"none\" style=\"width: 100%;\" controls=\"controls\"><source type=\"audio\/mpeg\" src=\"https:\/\/www.radiopiu.net\/wordpress\/wp-content\/uploads\/2024\/10\/GF07-25.mp3?_=5\" \/><a href=\"https:\/\/www.radiopiu.net\/wordpress\/wp-content\/uploads\/2024\/10\/GF07-25.mp3\">https:\/\/www.radiopiu.net\/wordpress\/wp-content\/uploads\/2024\/10\/GF07-25.mp3<\/a><\/audio>\n<p>&nbsp;<\/p>\n<p>&nbsp;<\/p>\n<p>&nbsp;<\/p>\n<hr \/>\n<p>&nbsp;<\/p>\n<h1><\/h1>\n<h1 style=\"text-align: center;\"><span style=\"color: #ff0000;\">I podcast informativi del mattino &#8211; audio &#8211;\u00a0<\/span><\/h1>\n<blockquote><p><strong>GIORNALE RADIO NAZIONALE, EDIZIONE DELLE SETTE <span style=\"color: #0000ff;\">viene pubblicato alle 7.05 <span style=\"color: #ff0000;\">DIRETTA RADIO\u00a0<\/span><\/span><\/strong><\/p><\/blockquote>\n<h3><span style=\"color: #0000ff;\"><strong>il giornale radio nazionale e&#8217; in onda ogni ora, dalle sette del mattino alle venti della sera\u00a0 \u00a0\u00a0<\/strong><\/span><\/h3>\n<h3><strong> <a href=\"https:\/\/www.radiopiu.net\/wordpress\/wp-content\/uploads\/2024\/10\/fe35c0822fef9f734cd100fbc3a12a70.webp\"><img loading=\"lazy\" decoding=\"async\" class=\"size-medium wp-image-417125 alignleft\" src=\"https:\/\/www.radiopiu.net\/wordpress\/wp-content\/uploads\/2024\/10\/fe35c0822fef9f734cd100fbc3a12a70-300x200.webp\" alt=\"\" width=\"300\" height=\"200\" srcset=\"https:\/\/www.radiopiu.net\/wordpress\/wp-content\/uploads\/2024\/10\/fe35c0822fef9f734cd100fbc3a12a70-300x200.webp 300w, https:\/\/www.radiopiu.net\/wordpress\/wp-content\/uploads\/2024\/10\/fe35c0822fef9f734cd100fbc3a12a70.webp 690w\" sizes=\"auto, (max-width: 300px) 100vw, 300px\" \/><\/a><\/strong><\/h3>\n<p>&nbsp;<\/p>\n<p><strong>\u00c8 morta la sciatrice azzurra Matilde Lorenzi. Il cordoglio di Mattarella<\/strong><\/p>\n<p>\u00c8 morta Matilde Lorenzi, la giovane promessa dello sci azzurro caduta durante un allenamento sul ghiacciaio della val Senales, in Alto Adige. La notizia \u00e8 stata data dal ministero della Difesa, che in un post pubblicato sui social ha espresso <em>\u201ci sentimenti del pi\u00f9 profondo cordoglio e si stringono in un ideale abbraccio ai familiari e ai colleghi del Caporale Matilde Lorenzi, atleta dell&#8217;Esercito e promessa dello sci azzurro, tragicamente scomparsa a seguito di un gravissimo incidente occorso durante una sessione di allenamento\u201d.<\/em><\/p>\n<p><strong>TORINO <\/strong>Travolto da una porta da calcio, grave un bimbo di 10 anni \u00c8 caduto in terra urtando la testa e la struttura gli \u00e8 rovinata addosso <strong>UDINE<\/strong> Morto durante uno stage, condannati il tutor e una collega Lorenzo Parelli mor\u00ec a 18 anni, era uno studente <strong>CATANZARO<\/strong> Il supermarket degli schiavi, paghe da 4 euro l&#8217;ora Tre arresti in Calabria, sequestrate societ\u00e0 per 27 milioni di euro <strong>PIOVE DI SACCO<\/strong> Neonata morta, fermata la madre per omicidio aggravato La donna \u00e8 piantonata in ospedale <strong>FOGGIA<\/strong> Il cadavere di un ciclista in strada, \u00e8 caccia all&#8217;auto pirata La vittima aveva 61 anni, si cerca l&#8217;automobilista fuggito <strong>NAPOLI<\/strong> Blitz nel Vallo di Lauro alla ricerca di armi dei clan Eseguito decine di perquisizioni nei confronti di esponenti ritenuti vicini agli esponenti dei cla<\/p>\n<p>&nbsp;<\/p>\n<p><span style=\"color: #ff0000;\">\u00a0<\/span><\/p>\n<p><span style=\"color: #ff0000;\">EDIZIONE DELLE 20, DEL 29 OTTOBRE 2024<\/span><\/p>\n<audio class=\"wp-audio-shortcode\" id=\"audio-416927-6\" preload=\"none\" style=\"width: 100%;\" controls=\"controls\"><source type=\"audio\/mpeg\" src=\"https:\/\/www.radiopiu.net\/wordpress\/wp-content\/uploads\/2024\/10\/giornale07-50.mp3?_=6\" \/><a href=\"https:\/\/www.radiopiu.net\/wordpress\/wp-content\/uploads\/2024\/10\/giornale07-50.mp3\">https:\/\/www.radiopiu.net\/wordpress\/wp-content\/uploads\/2024\/10\/giornale07-50.mp3<\/a><\/audio>\n<p>&nbsp;<\/p>\n<p><span style=\"color: #ff0000;\">EDIZIONE DELLE 19, DEL 29 OTTOBRE 2024, LO SPORT<\/span><\/p>\n<audio class=\"wp-audio-shortcode\" id=\"audio-416927-7\" preload=\"none\" style=\"width: 100%;\" controls=\"controls\"><source type=\"audio\/mpeg\" src=\"https:\/\/www.radiopiu.net\/wordpress\/wp-content\/uploads\/2024\/10\/gr-sport-25.mp3?_=7\" \/><a href=\"https:\/\/www.radiopiu.net\/wordpress\/wp-content\/uploads\/2024\/10\/gr-sport-25.mp3\">https:\/\/www.radiopiu.net\/wordpress\/wp-content\/uploads\/2024\/10\/gr-sport-25.mp3<\/a><\/audio>\n<h2><\/h2>\n<h2>AUDIO dalle sette del mattino, ogni ora alla radio<\/h2>\n<audio class=\"wp-audio-shortcode\" id=\"audio-416927-8\" preload=\"none\" style=\"width: 100%;\" controls=\"controls\"><source type=\"audio\/mpeg\" src=\"https:\/\/www.radiopiu.net\/wordpress\/wp-content\/uploads\/2024\/10\/giornale07-51.mp3?_=8\" \/><a href=\"https:\/\/www.radiopiu.net\/wordpress\/wp-content\/uploads\/2024\/10\/giornale07-51.mp3\">https:\/\/www.radiopiu.net\/wordpress\/wp-content\/uploads\/2024\/10\/giornale07-51.mp3<\/a><\/audio>\n<p>&nbsp;<\/p>\n<hr \/>\n<p>&nbsp;<\/p>\n<p>&nbsp;<\/p>\n<h1><span style=\"color: #ff0000;\"><a class=\"dt-pswp-item\" href=\"https:\/\/www.radiopiu.net\/wordpress\/wp-content\/uploads\/2024\/10\/COOP3-2.png\" data-dt-img-description=\"\" data-large_image_width=\"518\" data-large_image_height=\"248\"><img loading=\"lazy\" decoding=\"async\" class=\"size-medium wp-image-417138 alignleft\" src=\"https:\/\/www.radiopiu.net\/wordpress\/wp-content\/uploads\/2024\/10\/COOP3-2-300x144.png\" alt=\"\" width=\"300\" height=\"144\" srcset=\"https:\/\/www.radiopiu.net\/wordpress\/wp-content\/uploads\/2024\/10\/COOP3-2-300x144.png 300w, https:\/\/www.radiopiu.net\/wordpress\/wp-content\/uploads\/2024\/10\/COOP3-2.png 518w\" sizes=\"auto, (max-width: 300px) 100vw, 300px\" \/><\/a>I podcast informativi del mattino &#8211; video &#8211;\u00a0<\/span><\/h1>\n<h2 style=\"text-align: left;\"><strong>RASSEGNA STAMPA LOCALE, ORE OTTO 05<\/strong><\/h2>\n<h2><strong> <span style=\"color: #0000ff;\">viene\u00a0 <\/span><\/strong><strong><span style=\"color: #0000ff;\">pubblicata alle 8.05 <span style=\"color: #ff0000;\">DIRETTA RADIO\u00a0 \u00a0<\/span><\/span><\/strong><strong>DI MIRKO MEZZACASA<\/strong><\/h2>\n<h2><span style=\"color: #ff0000;\"><strong>VIDEO\u00a0 \u00a0in diretta dalle 8 del mattino\u00a0 \u00a0<\/strong><\/span><\/h2>\n<h1><a href=\"https:\/\/www.facebook.com\/watch\/live\/?ref=watch_permalink&amp;v=2630807793785620\"><span style=\"color: #0000ff;\"><strong>PER VEDERE E ASCOLTARE CLICCA QUI<\/strong><\/span><\/a><\/h1>\n<p>&nbsp;<\/p>\n<p>&nbsp;<\/p>\n<hr \/>\n<p>&nbsp;<\/p>\n<p>&nbsp;<\/p>\n<p><strong><a class=\"dt-pswp-item\" href=\"https:\/\/www.radiopiu.net\/wordpress\/wp-content\/uploads\/2023\/12\/ANTENNA.png\" data-dt-img-description=\"\" data-large_image_width=\"300\" data-large_image_height=\"166\"><img loading=\"lazy\" decoding=\"async\" class=\" wp-image-366306 alignleft\" src=\"https:\/\/www.radiopiu.net\/wordpress\/wp-content\/uploads\/2023\/12\/ANTENNA.png\" alt=\"\" width=\"175\" height=\"97\" \/><\/a>ogni sera alle 19 le anticipazioni alla radio, quello che poi seguirete nel TELEGIORNALE BELLUNESE\u00a0 in onda alle 19.30 sul CANALE 10 del digitale terrestre.\u00a0\u00a0<\/strong><\/p>\n<p>&nbsp;<\/p>\n<p><strong>LE ANTICIPAZIONI DAL TG DI ANTENNA 3, DI\u00a0 TIZIANA BOLOGNANI<\/strong><\/p>\n<audio class=\"wp-audio-shortcode\" id=\"audio-416927-9\" preload=\"none\" style=\"width: 100%;\" controls=\"controls\"><source type=\"audio\/mpeg\" src=\"https:\/\/www.radiopiu.net\/wordpress\/wp-content\/uploads\/2024\/10\/ANTENNA3-19.mp3?_=9\" \/><a href=\"https:\/\/www.radiopiu.net\/wordpress\/wp-content\/uploads\/2024\/10\/ANTENNA3-19.mp3\">https:\/\/www.radiopiu.net\/wordpress\/wp-content\/uploads\/2024\/10\/ANTENNA3-19.mp3<\/a><\/audio>\n<p>&nbsp;<\/p>\n<p>&nbsp;<\/p>\n<hr \/>\n<p>&nbsp;<\/p>\n<blockquote>\n<h3>ACQUA POTABILE<\/h3>\n<\/blockquote>\n<p>Gestione Servizi Pubblici informa che a CANALE D&#8217; AGORDO nelle localit\u00e0 CAPOLUOGO, CASATE, VAL e CALCERGNAN l&#8217;acqua erogata dall&#8217;acquedotto \u00e8 di nuovo potabile e pu\u00f2 essere usata, quindi, per scopi alimentari. .<\/p>\n<p><strong>AGORDO<\/strong>\u00a0 Oggi dalle\u00a0 8 alle 17, e comunque fino a\u00a0 fine lavori, verr\u00e0 sospesa l\u2019erogazione dell\u2019acqua nelle Vie TOCCOL, BRIES, CAL DELLE MULE, P. SOCCOL, TETO PICIOL, R. COSTA, 4 NOVEMBRE 1918 ed INSURREZIONE.<\/p>\n<p>&nbsp;<\/p>\n<hr \/>\n<p>&nbsp;<\/p>\n<blockquote>\n<h3>ABBATTE IL CERVO FUORI ORARIO, FELTRINO SANZIONATO<\/h3>\n<\/blockquote>\n<blockquote><p><em>Rafforzata la vigilanza durante il periodo venatorio. In estate, numerosi interventi per infrazioni sulla pesca.<\/em><\/p><\/blockquote>\n<p><strong><img loading=\"lazy\" decoding=\"async\" class=\"alignleft\" src=\"https:\/\/www.radiopiu.net\/wordpress\/wp-content\/uploads\/2024\/10\/Senza-nome-129.png\" width=\"377\" height=\"139\" \/><\/strong><\/p>\n<div class=\"flex max-w-full flex-col flex-grow\">\n<div class=\"min-h-8 text-message flex w-full flex-col items-end gap-2 whitespace-normal break-words [.text-message+&amp;]:mt-5\" dir=\"auto\" data-message-author-role=\"assistant\" data-message-id=\"11bca47a-891b-4900-a916-0ba0061b19dd\" data-message-model-slug=\"gpt-4o\">\n<div class=\"flex w-full flex-col gap-1 empty:hidden first:pt-[3px]\">\n<div class=\"markdown prose w-full break-words dark:prose-invert dark\">\n<p><strong>BELLUNO<\/strong> La Polizia Provinciale ha potenziato i controlli durante la stagione venatoria, con operazioni anche notturne per contrastare bracconaggio e irregolarit\u00e0. Il 20 ottobre, nel Feltrino, \u00e8 stato fermato un cacciatore che aveva abbattuto un cervo prima dell\u2019orario consentito. Nonostante fosse in possesso di permesso, ha violato l&#8217;orario sparando alle 5 del mattino, un\u2019ora e mezza prima del consentito. L&#8217;uomo \u00e8 stato individuato grazie all&#8217;uso di un visore notturno. Dall\u2019inizio dell\u2019anno, 75 sanzioni sono state emesse per violazioni legate a caccia e pesca. Gli agenti, supportati da guardie volontarie, sono riusciti a contrastare anche la pesca illegale, incluse operazioni subacquee vietate.<em> \u00abUn impegno non da poco, modulato anche in orario notturno, che \u00e8 funzionale a prevenire fenomeni di bracconaggio o irregolarit\u00e0\u00bb commenta il presidente della Provincia, Roberto Padrin. \u00abAver aumentato la dotazione degli agenti grazie all\u2019impegno della Regione Veneto \u00e8 stato fondamentale anche in questo senso\u00bb<span style=\"font-size: large;\">.<\/span><\/em><\/p>\n<blockquote><p>Particolare il caso rilevato durante l\u2019estate di due persone che praticavano la pesca subacquea con la fiocina. Si \u00e8 trattato di un\u2019operazione complessa, che ha comportato ore e ore di appostamenti. I due, residenti fuori provincia, sono stati fermati grazie alla collaborazione delle guardie volontarie nelle acque del Piave oltre lo sbarramento di Busche.\u00a0 Sei sono state invece le violazioni registrate nel mese di ottobre per violazione delle distanze nella pratica dell\u2019attivit\u00e0 venatoria.<\/p><\/blockquote>\n<\/div>\n<\/div>\n<\/div>\n<\/div>\n<p>&nbsp;<\/p>\n<p>&nbsp;<\/p>\n<hr \/>\n<p>&nbsp;<\/p>\n<blockquote>\n<h3>INCIDENTE SUL LAVORO A CORTINA. DUE INCIDENTI STRADALI IN VALBELLUNA<\/h3>\n<div class=\"flex max-w-full flex-col flex-grow\">\n<div class=\"min-h-8 text-message flex w-full flex-col items-end gap-2 whitespace-normal break-words [.text-message+&amp;]:mt-5\" dir=\"auto\" data-message-author-role=\"assistant\" data-message-id=\"25f42e7d-c58b-4411-8676-0e583bfca92b\" data-message-model-slug=\"gpt-4o\">\n<div class=\"flex w-full flex-col gap-1 empty:hidden first:pt-[3px]\">\n<div class=\"markdown prose w-full break-words dark:prose-invert dark\">\n<p><em>Ieri, lungo la statale 50, un tamponamento tra quattro veicoli ha causato forti disagi al traffico. L&#8217;incidente, avvenuto alle 16:30, ha provocato rallentamenti e lunghe code. Due persone ferite lievemente, trasportate all&#8217;ospedale di Feltre. La circolazione \u00e8 tornata normale verso le 18:30.<\/em><\/p>\n<\/div>\n<\/div>\n<\/div>\n<\/div>\n<\/blockquote>\n<p><strong><a class=\"dt-pswp-item\" href=\"https:\/\/www.radiopiu.net\/wordpress\/wp-content\/uploads\/2021\/10\/a0c568f4-8fef-4e1e-b203-57f1d1d0c1e7.jpg\" data-dt-img-description=\"\" data-large_image_width=\"2000\" data-large_image_height=\"1496\"><img loading=\"lazy\" decoding=\"async\" class=\" wp-image-238247 alignleft\" src=\"https:\/\/www.radiopiu.net\/wordpress\/wp-content\/uploads\/2021\/10\/a0c568f4-8fef-4e1e-b203-57f1d1d0c1e7-300x224.jpg\" alt=\"\" width=\"142\" height=\"106\" srcset=\"https:\/\/www.radiopiu.net\/wordpress\/wp-content\/uploads\/2021\/10\/a0c568f4-8fef-4e1e-b203-57f1d1d0c1e7-300x224.jpg 300w, https:\/\/www.radiopiu.net\/wordpress\/wp-content\/uploads\/2021\/10\/a0c568f4-8fef-4e1e-b203-57f1d1d0c1e7-1024x766.jpg 1024w, https:\/\/www.radiopiu.net\/wordpress\/wp-content\/uploads\/2021\/10\/a0c568f4-8fef-4e1e-b203-57f1d1d0c1e7-768x574.jpg 768w, https:\/\/www.radiopiu.net\/wordpress\/wp-content\/uploads\/2021\/10\/a0c568f4-8fef-4e1e-b203-57f1d1d0c1e7-1536x1149.jpg 1536w, https:\/\/www.radiopiu.net\/wordpress\/wp-content\/uploads\/2021\/10\/a0c568f4-8fef-4e1e-b203-57f1d1d0c1e7.jpg 2000w\" sizes=\"auto, (max-width: 142px) 100vw, 142px\" \/><\/a>REDAZIONE<\/strong> La giornata di ieri si \u00e8 chiusa con tre interventi del Suem 118. La prima chiamata alle 15:18 quando l&#8217;ambulanza di Cortina e l&#8217;elicottero Falco si sono precipitati a Cortina per soccorrere un 65enne coinvolto in un incidente sul lavoro. L&#8217;uomo \u00e8 stato eltrasportato a Belluno con ferite di media gravit\u00e0. Poco dopo le 16:30 il secondo intervento a Santa Giustina dove l&#8217;ambulanza ha soccorso due uomini di 75 e 25 anni coinvolti in un incidente stradale. Un altro incidente sulle strade di Sedico poco dopo le 18. Sul posto l&#8217;ambulanza di Belluno per prestare le prime cure ad un 18enne di Borgo Valbelluna.<\/p>\n<p>&nbsp;<\/p>\n<p>&nbsp;<\/p>\n<hr \/>\n<p>&nbsp;<\/p>\n<div class=\"flex-shrink-0 flex flex-col relative items-end\">\n<div>\n<div class=\"pt-0\">\n<div class=\"gizmo-bot-avatar flex h-8 w-8 items-center justify-center overflow-hidden rounded-full\">\n<div class=\"relative p-1 rounded-sm flex items-center justify-center bg-token-main-surface-primary text-token-text-primary h-8 w-8\"><\/div>\n<\/div>\n<\/div>\n<\/div>\n<\/div>\n<div class=\"group\/conversation-turn relative flex w-full min-w-0 flex-col agent-turn\">\n<div class=\"flex-col gap-1 md:gap-3\">\n<div class=\"flex max-w-full flex-col flex-grow\">\n<div class=\"min-h-8 text-message flex w-full flex-col items-end gap-2 whitespace-normal break-words [.text-message+&amp;]:mt-5\" dir=\"auto\" data-message-author-role=\"assistant\" data-message-id=\"605472b0-6a80-4b4d-b8e4-3f7ce088a1bc\" data-message-model-slug=\"gpt-4o\">\n<div class=\"flex w-full flex-col gap-1 empty:hidden first:pt-[3px]\">\n<div class=\"markdown prose w-full break-words dark:prose-invert dark\">\n<blockquote><p><strong><a class=\"dt-pswp-item\" href=\"https:\/\/www.radiopiu.net\/wordpress\/wp-content\/uploads\/2024\/08\/2017-07-22-19.22.03-scaled.jpg\" data-dt-img-description=\"\" data-large_image_width=\"2560\" data-large_image_height=\"1440\"><img loading=\"lazy\" decoding=\"async\" class=\"wp-image-406339 alignleft\" src=\"https:\/\/www.radiopiu.net\/wordpress\/wp-content\/uploads\/2024\/08\/2017-07-22-19.22.03-300x169.jpg\" alt=\"\" width=\"190\" height=\"107\" srcset=\"https:\/\/www.radiopiu.net\/wordpress\/wp-content\/uploads\/2024\/08\/2017-07-22-19.22.03-300x169.jpg 300w, https:\/\/www.radiopiu.net\/wordpress\/wp-content\/uploads\/2024\/08\/2017-07-22-19.22.03-1024x576.jpg 1024w, https:\/\/www.radiopiu.net\/wordpress\/wp-content\/uploads\/2024\/08\/2017-07-22-19.22.03-768x432.jpg 768w, https:\/\/www.radiopiu.net\/wordpress\/wp-content\/uploads\/2024\/08\/2017-07-22-19.22.03-1536x864.jpg 1536w, https:\/\/www.radiopiu.net\/wordpress\/wp-content\/uploads\/2024\/08\/2017-07-22-19.22.03-2048x1152.jpg 2048w\" sizes=\"auto, (max-width: 190px) 100vw, 190px\" \/><\/a>Cade dalla scala e si frattura due vertebre: elettricista 65enne trasferito a Treviso per un&#8217;operazione<\/strong><\/p><\/blockquote>\n<p>Un elettricista 65enne di Vodo di Cadore, P.L.C., \u00e8 caduto ieri pomeriggio da una scala da un&#8217;altezza di quattro metri mentre lavorava in un cantiere a Cortina d&#8217;Ampezzo, localit\u00e0 Pecol. Nell\u2019impatto, l\u2019uomo ha riportato la frattura di due vertebre. Soccorso immediatamente, \u00e8 stato trasportato in elicottero all\u2019ospedale di Belluno, dove i medici hanno riscontrato lesioni pi\u00f9 gravi del previsto. In serata, \u00e8 stato trasferito a Treviso per un intervento chirurgico alla schiena.<\/p>\n<\/div>\n<\/div>\n<\/div>\n<\/div>\n<\/div>\n<\/div>\n<p>&nbsp;<\/p>\n<p>&nbsp;<\/p>\n<hr \/>\n<p>&nbsp;<\/p>\n<blockquote>\n<h2>Attacco in Val di Gares: sbranata vitella di 4 mesi da un branco di lupi<\/h2>\n<\/blockquote>\n<div class=\"flex max-w-full flex-col flex-grow\">\n<div class=\"min-h-8 text-message flex w-full flex-col items-end gap-2 whitespace-normal break-words [.text-message+&amp;]:mt-5\" dir=\"auto\" data-message-author-role=\"assistant\" data-message-id=\"0580c0fe-61c4-4b09-9f46-c52490cf8647\" data-message-model-slug=\"gpt-4o\">\n<div class=\"flex w-full flex-col gap-1 empty:hidden first:pt-[3px]\">\n<p><strong>CANALE <\/strong>In Val di Gares, una vitella di 4 mesi \u00e8 stata sbranata da un branco di lupi. L&#8217;animale apparteneva all&#8217;allevatrice Edwige Deola, gi\u00e0 vittima di precedenti attacchi. Pochi giorni prima, i lupi avevano tentato di attaccare dei pony, ma i cani da guardia li avevano respinti. La vitella, solitamente protetta dal branco, si era probabilmente isolata, facilitando l&#8217;aggressione. I resti dell\u2019animale sono stati ritrovati dopo che la madre, agitata, aveva attirato l\u2019attenzione dell\u2019allevatrice. Nella zona, gli attacchi dei lupi si sono intensificati negli ultimi anni, con avvistamenti frequenti anche vicino ai centri abitati.<\/p>\n<p><img loading=\"lazy\" decoding=\"async\" class=\"alignleft\" src=\"https:\/\/www.radiopiu.net\/wordpress\/wp-content\/uploads\/2020\/03\/Lupi-a-Chies-Alpago-3.jpg\" width=\"259\" height=\"194\" \/><\/p>\n<div class=\"mb-2 flex gap-3 empty:hidden -ml-2\">\n<div class=\"items-center justify-start rounded-xl p-1 flex\">\n<div class=\"flex items-center\">\n<div class=\"flex\">\n<blockquote><p><strong>Lupo attacca in Alpago: cagna da guardia sbranata, pecore salve<\/strong><\/p>\n<p><strong>ALPAGO<\/strong> Un lupo ha attaccato un gregge a Valella, in Alpago, provocando la morte di Luna, una cagna maremmana impegnata nella protezione delle pecore. L\u2019allevatore Sebastiano Fullin ha trovato la cagna sbranata mentre difendeva il gregge di 90 pecore all&#8217;interno di un recinto elettrificato. Gli altri due cani presenti sono rimasti illesi e le pecore non sono state toccate. Questo \u00e8 il primo attacco ai suoi cani, nonostante episodi simili si siano verificati nella zona. Fullin si dice preoccupato per la difficolt\u00e0 di sostenere economicamente l&#8217;allevamento e il mantenimento di ulteriori cani da guardia. La carcassa di Luna sar\u00e0 sottoposta a esami veterinari per confermare l&#8217;origine dell&#8217;attacco.<\/p><\/blockquote>\n<\/div>\n<\/div>\n<\/div>\n<\/div>\n<\/div>\n<\/div>\n<\/div>\n<div class=\"flex\">FOTO ARCHIVIO RADIOPIU<\/div>\n<p>&nbsp;<\/p>\n<p>&nbsp;<\/p>\n<hr \/>\n<blockquote>\n<h3 style=\"text-align: left;\"><\/h3>\n<h3 style=\"text-align: left;\">PASSO SAN BOLDO, CANE CADE IN UN BURRONE, SALVATO DAI VIGILI DEL FUOCO<\/h3>\n<\/blockquote>\n<p><strong><a class=\"dt-pswp-item\" href=\"https:\/\/www.radiopiu.net\/wordpress\/wp-content\/uploads\/2024\/10\/08379223-716d-4c19-9dea-961d9250cc07.jpeg\" data-dt-img-description=\"\" data-large_image_width=\"932\" data-large_image_height=\"583\"><img loading=\"lazy\" decoding=\"async\" class=\"size-medium wp-image-416975 alignleft\" src=\"https:\/\/www.radiopiu.net\/wordpress\/wp-content\/uploads\/2024\/10\/08379223-716d-4c19-9dea-961d9250cc07-300x188.jpeg\" alt=\"\" width=\"300\" height=\"188\" srcset=\"https:\/\/www.radiopiu.net\/wordpress\/wp-content\/uploads\/2024\/10\/08379223-716d-4c19-9dea-961d9250cc07-300x188.jpeg 300w, https:\/\/www.radiopiu.net\/wordpress\/wp-content\/uploads\/2024\/10\/08379223-716d-4c19-9dea-961d9250cc07-768x480.jpeg 768w, https:\/\/www.radiopiu.net\/wordpress\/wp-content\/uploads\/2024\/10\/08379223-716d-4c19-9dea-961d9250cc07.jpeg 932w\" sizes=\"auto, (max-width: 300px) 100vw, 300px\" \/><\/a>BORGO VALBELLUNA <\/strong>\u00c8 stato salvato, luned\u00ec pomeriggio, dai vigili del fuoco il cane segugio caduto lungo una scarpata nei pressi di passo San Boldo tra i comuni di Borgo Valbelluna e Cison di Valmarino. Il setter era in compagnia del suo padrone e di un\u2019alta persona, quando \u00e8 scomparso. Il proprietario non vedendolo pi\u00f9 \u00e8 riuscito a individuarlo tramite il collare dotato di GPS, in un burrone quasi verticale, su una piccola cengia che riusciva appena a contenere l\u2019animale. I vigili del fuoco arrivati da Belluno, hanno predisposto una calata di circa 30 metri di due operatori, i quali hanno raggiunto l\u2019animale, che si \u00e8 fatto imbragare per poi essere recuperati. L\u2019animale senza nessuna ferita \u00e8 stato riconsegnato al felice padrone.<\/p>\n<p>&nbsp;<\/p>\n<p>&nbsp;<\/p>\n<hr \/>\n<p>&nbsp;<\/p>\n<blockquote><p><strong>Furto in casa a Quero Vas: spariscono due anelli d&#8217;oro<\/strong><\/p><\/blockquote>\n<p><strong><a class=\"dt-pswp-item\" href=\"https:\/\/www.radiopiu.net\/wordpress\/wp-content\/uploads\/2023\/12\/65eeef77-eb40-499b-9e73-d78218c7338c.jpg\" data-dt-img-description=\"\" data-large_image_width=\"2048\" data-large_image_height=\"1536\"><img loading=\"lazy\" decoding=\"async\" class=\"wp-image-366645 alignleft\" src=\"https:\/\/www.radiopiu.net\/wordpress\/wp-content\/uploads\/2023\/12\/65eeef77-eb40-499b-9e73-d78218c7338c-300x225.jpg\" alt=\"\" width=\"175\" height=\"131\" srcset=\"https:\/\/www.radiopiu.net\/wordpress\/wp-content\/uploads\/2023\/12\/65eeef77-eb40-499b-9e73-d78218c7338c-300x225.jpg 300w, https:\/\/www.radiopiu.net\/wordpress\/wp-content\/uploads\/2023\/12\/65eeef77-eb40-499b-9e73-d78218c7338c-1024x768.jpg 1024w, https:\/\/www.radiopiu.net\/wordpress\/wp-content\/uploads\/2023\/12\/65eeef77-eb40-499b-9e73-d78218c7338c-768x576.jpg 768w, https:\/\/www.radiopiu.net\/wordpress\/wp-content\/uploads\/2023\/12\/65eeef77-eb40-499b-9e73-d78218c7338c-1536x1152.jpg 1536w, https:\/\/www.radiopiu.net\/wordpress\/wp-content\/uploads\/2023\/12\/65eeef77-eb40-499b-9e73-d78218c7338c.jpg 2048w\" sizes=\"auto, (max-width: 175px) 100vw, 175px\" \/><\/a>SETTEVILLE<\/strong> Due persone si sono presentate alla porta di una villa in via Toi, nel comune di Quero Vas, iniziando a conversare con il proprietario, un uomo di 68 anni. Dopo averlo intrattenuto, i due sono andati via, lasciando dietro di s\u00e9 un furto: due anelli in oro sono scomparsi. Si sospetta che uno dei ladri abbia distratto il proprietario mentre l&#8217;altro rovistava nei cassetti. L&#8217;accaduto \u00e8 stato denunciato ai carabinieri, che raccomandano cautela e di non far entrare estranei nelle abitazioni. Inoltre, nella stessa giornata, \u00e8 stato segnalato un tentato furto nella stessa zona, suggerendo un aumento delle incursioni da parte dei ladri<\/p>\n<p>&nbsp;<\/p>\n<p>&nbsp;<\/p>\n<hr \/>\n<p>&nbsp;<\/p>\n<blockquote>\n<h3>DOSSERAGGIO. ZAIA &#8220;E&#8217; UNA PORCHERIA, M&#8217;INQUIETA LA MANIA DI GUARDARE DAL BUCO DELLA SERRATURA&#8221;<\/h3>\n<\/blockquote>\n<ul>\n<li>Privacy e inchiesta dossieraggio<br \/>\nPunto Stampa, le dichiarazione del presidente Luca Zaia<\/li>\n<\/ul>\n<p><iframe loading=\"lazy\" title=\"ZAIA VIDEODICHIARAZIONI PRIVACY DOSSIERAGGIO\" width=\"1200\" height=\"675\" src=\"https:\/\/www.youtube.com\/embed\/9V3Avf6Qr2o?feature=oembed\" frameborder=\"0\" allow=\"accelerometer; autoplay; clipboard-write; encrypted-media; gyroscope; picture-in-picture; web-share\" referrerpolicy=\"strict-origin-when-cross-origin\" allowfullscreen><\/iframe><\/p>\n<p>&nbsp;<\/p>\n<hr \/>\n<p>&nbsp;<\/p>\n<p><strong>LA GIUDIZIARIA OGGI<\/strong><br \/>\n<strong>SINTESI-CORRIERE ALPI<\/strong><br \/>\n<strong>GIGI SOSSO\u00a0<\/strong><\/p>\n<blockquote><p><strong>Rissa tra ultr\u00e0 di Spal e Lazio ad Auronzo: 29 condanne, 2 assoluzioni<\/strong><\/p><\/blockquote>\n<p><strong>AURONZO<\/strong> Sono stati condannati a dieci mesi di reclusione, con pena sospesa, 29 ultr\u00e0 della Spal e della Lazio coinvolti nella rissa ad Auronzo, prima dell&#8217;amichevole Lazio-Spal del 28 luglio 2018. Nessuna attenuante concessa, mentre due imputati sono stati assolti per insufficienza di prove. Il pubblico ministero Marta Tollardo aveva chiesto otto mesi, ma il giudice ha inflitto pene pi\u00f9 severe. Non si proceder\u00e0 per danneggiamento aggravato e detenzione abusiva di armi, poich\u00e9 il risarcimento \u00e8 stato corrisposto e il reato prescritto.<\/p>\n<div class=\"group\/conversation-turn relative flex w-full min-w-0 flex-col agent-turn\">\n<div class=\"flex-col gap-1 md:gap-3\">\n<div class=\"flex max-w-full flex-col flex-grow\">\n<div class=\"min-h-8 text-message flex w-full flex-col items-end gap-2 whitespace-normal break-words [.text-message+&amp;]:mt-5\" dir=\"auto\" data-message-author-role=\"assistant\" data-message-id=\"83029e8f-373e-4ae4-8236-62296768f085\" data-message-model-slug=\"gpt-4o\">\n<div class=\"flex w-full flex-col gap-1 empty:hidden first:pt-[3px]\">\n<div class=\"markdown prose w-full break-words dark:prose-invert dark\">\n<blockquote><p><strong>Spaccio di eroina e overdose: a processo Samuel De Min<\/strong><\/p><\/blockquote>\n<p><strong>BELLUNO<\/strong> S D M, bellunese, \u00e8 accusato di aver ceduto dosi di eroina a un amico, che nel marzo di quattro anni fa rischi\u00f2 di morire per overdose, salvato solo dall&#8217;intervento del 118. L&#8217;accusa include anche la cessione di metadone, ottenuto dal Serd. Durante il processo, la parte offesa ha smontato parte delle accuse, sostenendo che acquistavano e consumavano insieme la droga. Il giudice ha rinviato l&#8217;udienza a gennaio 2025, per ascoltare altri testimoni e concludere il dibattimento. Non ci sar\u00e0 richiesta di risarcimento danni.<\/p>\n<\/div>\n<\/div>\n<\/div>\n<\/div>\n<\/div>\n<\/div>\n<blockquote><p><strong>Mucche denutrite, allevatore condannato per maltrattamento<\/strong><\/p><\/blockquote>\n<p><strong>FELTRE<\/strong> \u00e8 stato condannato a 3 mesi e 10 giorni di reclusione per maltrattamento e abbandono di animali, con sospensione dell\u2019attivit\u00e0 di allevatore per tre mesi. Il giudice ha ridotto la pena richiesta, ma ha ordinato la confisca e la vendita dei capi.<\/p>\n<blockquote><p><strong>Assolto: assegno da 30 mila euro scoperto per l&#8217;acquisto di una casa<\/strong><\/p><\/blockquote>\n<p><strong>PONTE NELLE ALPI\u00a0<\/strong> accusato di aver emesso un assegno scoperto da 30 mila euro come acconto per l&#8217;acquisto di una casa, \u00e8 stato assolto dal Tribunale di Belluno. La difesa, guidata dall&#8217;avvocato Elisabetta Frate, ha sostenuto con successo che il reato non fosse dimostrato.<\/p>\n<p>&nbsp;<\/p>\n<p>&nbsp;<\/p>\n<hr \/>\n<p>&nbsp;<\/p>\n<blockquote>\n<h3><a class=\"dt-pswp-item\" href=\"https:\/\/www.radiopiu.net\/wordpress\/wp-content\/uploads\/2022\/04\/cgil.jpg\" data-dt-img-description=\"\" data-large_image_width=\"234\" data-large_image_height=\"153\"><img loading=\"lazy\" decoding=\"async\" class=\" wp-image-270122 alignleft\" src=\"https:\/\/www.radiopiu.net\/wordpress\/wp-content\/uploads\/2022\/04\/cgil.jpg\" alt=\"\" width=\"173\" height=\"113\" \/><\/a>Sciopero nazionale della scuola: in piazza per un contratto giusto e contro i tagli<\/h3>\n<\/blockquote>\n<p><strong>BELLUNO<\/strong> Domani, insegnanti e personale scolastico sciopereranno in tutta Italia, ritrovandosi anche in piazza Duomo a Belluno dalle 11 alle 13. I lavoratori protestano contro una legge di bilancio che non prevede risorse sufficienti per il rinnovo contrattuale, taglia l\u2019organico e blocca il turn over. La FLC chiede un aumento salariale che copra l\u2019inflazione, la stabilizzazione dei contratti e la tutela del contratto nazionale contro l\u2019autonomia differenziata. Al centro della protesta anche la riforma Valditara, vista come un rischio per la qualit\u00e0 dell\u2019istruzione pubblica.<\/p>\n<p>&nbsp;<\/p>\n<p>&nbsp;<\/p>\n<hr \/>\n<p>&nbsp;<\/p>\n<h1 class=\"_title post-title entry-title\"><a class=\"dt-pswp-item\" href=\"https:\/\/www.radiopiu.net\/wordpress\/wp-content\/uploads\/2023\/12\/ANTENNA.png\" data-dt-img-description=\"\" data-large_image_width=\"300\" data-large_image_height=\"166\"><img loading=\"lazy\" decoding=\"async\" class=\" wp-image-366306 alignleft\" src=\"https:\/\/www.radiopiu.net\/wordpress\/wp-content\/uploads\/2023\/12\/ANTENNA.png\" alt=\"\" width=\"190\" height=\"105\" \/><\/a>BELLUNO | SCIOPERO DELLA SCUOLA IL 31 OTTOBRE \u2018PER UN CONTRATTO GIUSTO E UN LAVORO STABILE\u2019<\/h1>\n<p>&nbsp;<\/p>\n<p>Intervistati ALESSIA CERENTIN SEGRETARIA FLC CGIL BELLUNO (AL TELEFONO) (Servizio di\u00a0<a href=\"https:\/\/antennatre.medianordest.it\/redazione\/Tiziana-Bolognani\/\">Tiziana Bolognani<\/a>)<\/p>\n<p><iframe loading=\"lazy\" title=\"SCIOPERO DELLA SCUOLA IL 31 OTTOBRE &#039;PER UN CONTRATTO GIUSTO E UN LAVORO STABILE&#039; | 29\/10\/2024\" width=\"1200\" height=\"675\" src=\"https:\/\/www.youtube.com\/embed\/OmVUoLQLXOw?feature=oembed\" frameborder=\"0\" allow=\"accelerometer; autoplay; clipboard-write; encrypted-media; gyroscope; picture-in-picture; web-share\" referrerpolicy=\"strict-origin-when-cross-origin\" allowfullscreen><\/iframe><\/p>\n<p>&nbsp;<\/p>\n<hr \/>\n<p>&nbsp;<\/p>\n<blockquote>\n<h2>&#8220;In cammino per l&#8217;acqua&#8221;: una marcia contro la diga<\/h2>\n<\/blockquote>\n<p><em> <strong><a class=\"dt-pswp-item\" href=\"https:\/\/www.radiopiu.net\/wordpress\/wp-content\/uploads\/2024\/10\/VANOP.jpg\" data-dt-img-description=\"\" data-large_image_width=\"905\" data-large_image_height=\"1280\"><img loading=\"lazy\" decoding=\"async\" class=\"wp-image-416941 size-medium alignleft\" src=\"https:\/\/www.radiopiu.net\/wordpress\/wp-content\/uploads\/2024\/10\/VANOP-212x300.jpg\" alt=\"\" width=\"212\" height=\"300\" srcset=\"https:\/\/www.radiopiu.net\/wordpress\/wp-content\/uploads\/2024\/10\/VANOP-212x300.jpg 212w, https:\/\/www.radiopiu.net\/wordpress\/wp-content\/uploads\/2024\/10\/VANOP-724x1024.jpg 724w, https:\/\/www.radiopiu.net\/wordpress\/wp-content\/uploads\/2024\/10\/VANOP-768x1086.jpg 768w, https:\/\/www.radiopiu.net\/wordpress\/wp-content\/uploads\/2024\/10\/VANOP.jpg 905w\" sizes=\"auto, (max-width: 212px) 100vw, 212px\" \/><\/a>REDAZIONE<\/strong> Dal 30 ottobre al 6 novembre 2024, un gruppo percorrer\u00e0 circa 200 km seguendo i torrenti Vanoi, Cismon e il fiume Brenta, da Val Cortella a Venezia, per manifestare contro la costruzione di una diga sul Vanoi.<\/em><\/p>\n<p><em>La marcia &#8220;In cammino per l&#8217;acqua&#8221; \u00e8 un evento itinerante di otto tappe, dal 30 ottobre al 6 novembre, per opporsi alla costruzione di una diga sul torrente Cismon. Organizzata dal Comitato per la difesa del torrente Vanoi, la manifestazione mira a portare in Regione le 10.000 firme raccolte contro il progetto. L&#8217;iniziativa promuove soluzioni alternative, come lo sghiamento dei bacini e l&#8217;agroecologia, e coinvolge esperti e comunit\u00e0 locali lungo il percorso, dalla Val Vanoi alla laguna di Venezia, con conferenze, visite guidate e spettacoli.\u00a0<\/em><\/p>\n<p>&nbsp;<\/p>\n<p>&nbsp;<\/p>\n<p>&nbsp;<\/p>\n<p>&nbsp;<\/p>\n<hr \/>\n<p>&nbsp;<\/p>\n<blockquote>\n<h2>DILLO A RADIO PIU&#8217;&#8230; A BRIES<\/h2>\n<\/blockquote>\n<p><strong><a class=\"dt-pswp-item\" href=\"https:\/\/www.radiopiu.net\/wordpress\/wp-content\/uploads\/2024\/10\/d03f42e6-e210-4241-b290-4ed21aa5070e.jpg\" data-dt-img-description=\"\" data-large_image_width=\"648\" data-large_image_height=\"1440\"><img loading=\"lazy\" decoding=\"async\" class=\" wp-image-417130 alignleft\" src=\"https:\/\/www.radiopiu.net\/wordpress\/wp-content\/uploads\/2024\/10\/d03f42e6-e210-4241-b290-4ed21aa5070e-135x300.jpg\" alt=\"\" width=\"99\" height=\"220\" srcset=\"https:\/\/www.radiopiu.net\/wordpress\/wp-content\/uploads\/2024\/10\/d03f42e6-e210-4241-b290-4ed21aa5070e-135x300.jpg 135w, https:\/\/www.radiopiu.net\/wordpress\/wp-content\/uploads\/2024\/10\/d03f42e6-e210-4241-b290-4ed21aa5070e-461x1024.jpg 461w, https:\/\/www.radiopiu.net\/wordpress\/wp-content\/uploads\/2024\/10\/d03f42e6-e210-4241-b290-4ed21aa5070e.jpg 648w\" sizes=\"auto, (max-width: 99px) 100vw, 99px\" \/><\/a>Loredana denuncia l\u2019assenza di lampioni funzionanti a Bries: \u201cDopo un anno, nulla \u00e8 cambiato\u201d<\/strong><\/p>\n<p>In seguito all\u2019articolo sulla riaccensione dei lampioni spenti a causa dell\u2019aumento dei costi dell\u2019energia elettrica, Loredana, residente nella zona di Bries, ha espresso la sua frustrazione riguardo alla situazione di scarsa illuminazione che persiste da oltre un anno.<\/p>\n<p>Ieri sera, dopo aver letto il pezzo, Loredana \u00e8 uscita di casa per verificare la situazione e ha constatato che il lampione di fronte alla sua abitazione \u00e8 ancora spento. \u201c<em>Ho contattato pi\u00f9 volte il Comune per sollecitare un intervento, affinch\u00e9 anche Enel possa essere coinvolta,\u201d ha dichiarato. \u201cLa situazione \u00e8 inaccettabile: su dieci lampioni che dovrebbero illuminare la centrale Enel sotto casa, otto non funzionano.\u201d<\/em><\/p>\n<p>Loredana spera che questa situazione venga finalmente affrontata e risolta, per garantire maggiore sicurezza e visibilit\u00e0 nella zona.<\/p>\n<p>&nbsp;<\/p>\n<p>&nbsp;<\/p>\n<p>&nbsp;<\/p>\n<hr \/>\n<p>&nbsp;<\/p>\n<blockquote>\n<h3>\u201cInsieme contro la violenza di genere\u201d<\/h3>\n<p><em> <a class=\"dt-pswp-item\" href=\"https:\/\/www.radiopiu.net\/wordpress\/wp-content\/uploads\/2024\/10\/woman-228177_1280.jpg\" data-dt-img-description=\"\" data-large_image_width=\"1280\" data-large_image_height=\"839\"><img loading=\"lazy\" decoding=\"async\" class=\" wp-image-417006 alignleft\" src=\"https:\/\/www.radiopiu.net\/wordpress\/wp-content\/uploads\/2024\/10\/woman-228177_1280-300x197.jpg\" alt=\"\" width=\"235\" height=\"154\" srcset=\"https:\/\/www.radiopiu.net\/wordpress\/wp-content\/uploads\/2024\/10\/woman-228177_1280-300x197.jpg 300w, https:\/\/www.radiopiu.net\/wordpress\/wp-content\/uploads\/2024\/10\/woman-228177_1280-1024x671.jpg 1024w, https:\/\/www.radiopiu.net\/wordpress\/wp-content\/uploads\/2024\/10\/woman-228177_1280-768x503.jpg 768w, https:\/\/www.radiopiu.net\/wordpress\/wp-content\/uploads\/2024\/10\/woman-228177_1280.jpg 1280w\" sizes=\"auto, (max-width: 235px) 100vw, 235px\" \/><\/a>\u201cDalla propria casa ai luoghi di lavoro, le donne devono sentirsi al sicuro. Per questo dobbiamo continuare a mobilitarci contro la violenza. Occorre che tutti ci sentiamo responsabili, ciascuno per la propria parte. La nostra montagna deve diventare sempre di pi\u00f9 un luogo di protezione e di civilt\u00e0\u201d.<\/em><\/p><\/blockquote>\n<p><strong>BELLUNO<\/strong> Lorraine Berton e Flavio Mares di Confindustria Belluno Dolomiti lanciano un appello in vista dell&#8217;evento \u201cInsieme contro la violenza di genere\u201d il 5 novembre al Liceo Lollino di Belluno. L&#8217;incontro, moderato da Marcella Corr\u00e0, riunir\u00e0 esperti per discutere il fenomeno e promuovere sicurezza e protezione per le donne, anche nei luoghi di lavoro. Tra i relatori: Erika Leone (Ulss 1 Dolomiti), Roberta Gallego (Capo della Procura di Belluno), Enrico Pigozzo (Comandante Provinciale Arma dei Carabinieri) e Martina Casanova Fuga (autrice del libro &#8220;come stelle aggrappate al cielo. L&#8217;iniziativa punta su educazione e cultura per un futuro pi\u00f9 inclusivo.<\/p>\n<p>&nbsp;<\/p>\n<p>&nbsp;<\/p>\n<hr \/>\n<p>&nbsp;<\/p>\n<blockquote>\n<h3>RALLY TERAPIA, UN SORRISO A QUATTRO RUOTE<\/h3>\n<\/blockquote>\n<p><strong>AGORDO<\/strong> Tremila euro, equamente divisi tra il Centro Diurno Altrosenso e il Centro Diurno La Rondine. E&#8217; il ricavato dell&#8217;evento Motori e Speranza, organizzato a Falcade con Valentino Racing, Dolomiti Racing Motosport. Alla consegna dell&#8217;assegno anche i sindaci di Agordo Roberto Chissal\u00e8 e di Falcade, Mauro Salvaterra. Cerimoniere: da Formegan, Enzo Slongo<\/p>\n<p><iframe loading=\"lazy\" title=\"MOTORI E SPERANZA\" width=\"1200\" height=\"675\" src=\"https:\/\/www.youtube.com\/embed\/kT0XzUFped8?feature=oembed\" frameborder=\"0\" allow=\"accelerometer; autoplay; clipboard-write; encrypted-media; gyroscope; picture-in-picture; web-share\" referrerpolicy=\"strict-origin-when-cross-origin\" allowfullscreen><\/iframe><\/p>\n<p>&nbsp;<\/p>\n<p>&nbsp;<\/p>\n<hr \/>\n<p>&nbsp;<\/p>\n<blockquote>\n<h3>Legami solidi tra Protezione Civile bellunese e Slovenia: cooperazione post-maltempo<\/h3>\n<\/blockquote>\n<p><strong><a class=\"dt-pswp-item\" href=\"https:\/\/www.radiopiu.net\/wordpress\/wp-content\/uploads\/2023\/06\/cropped-Ponte-Alpini-Protezione-Civile-1536x921-1.jpg\" data-dt-img-description=\"\" data-large_image_width=\"1536\" data-large_image_height=\"921\"><img loading=\"lazy\" decoding=\"async\" class=\" wp-image-340593 alignleft\" src=\"https:\/\/www.radiopiu.net\/wordpress\/wp-content\/uploads\/2023\/06\/cropped-Ponte-Alpini-Protezione-Civile-1536x921-1-300x180.jpg\" alt=\"\" width=\"247\" height=\"148\" srcset=\"https:\/\/www.radiopiu.net\/wordpress\/wp-content\/uploads\/2023\/06\/cropped-Ponte-Alpini-Protezione-Civile-1536x921-1-300x180.jpg 300w, https:\/\/www.radiopiu.net\/wordpress\/wp-content\/uploads\/2023\/06\/cropped-Ponte-Alpini-Protezione-Civile-1536x921-1-1024x614.jpg 1024w, https:\/\/www.radiopiu.net\/wordpress\/wp-content\/uploads\/2023\/06\/cropped-Ponte-Alpini-Protezione-Civile-1536x921-1-768x461.jpg 768w, https:\/\/www.radiopiu.net\/wordpress\/wp-content\/uploads\/2023\/06\/cropped-Ponte-Alpini-Protezione-Civile-1536x921-1.jpg 1536w\" sizes=\"auto, (max-width: 247px) 100vw, 247px\" \/><\/a>BELLUNO<\/strong> Dopo l\u2019ondata di maltempo di agosto 2023, la Protezione Civile bellunese ha rinsaldato i legami con la Slovenia centrale. Una delegazione italiana ha visitato i luoghi dove, a settembre 2023, sono stati installati tre ponti Bailey, inclusi quelli forniti dalla Provincia di Belluno per la cittadina di Dobrova-Polhov Gradec. La visita, organizzata dall&#8217;amministrazione slovena per la protezione e il salvataggio, ha rafforzato la collaborazione tra le Protezioni Civili dei due Paesi. Il consigliere Massimo Bortoluzzi ha sottolineato l&#8217;importanza di queste strutture, simbolo di amicizia e solidariet\u00e0, che hanno aiutato a ripristinare i collegamenti nelle aree devastate. La cooperazione proseguir\u00e0 con incontri formativi e sinergie per affrontare sfide comuni.<\/p>\n<p>&nbsp;<\/p>\n<p>&nbsp;<\/p>\n<p>&nbsp;<\/p>\n<hr \/>\n<p>&nbsp;<\/p>\n<blockquote>\n<h3>ABC DELL&#8217;IMPRENDITORIA, CON IL CONSIGLIO GIOVANILE BELLUNESE E CONFARTIGIANATO<\/h3>\n<\/blockquote>\n<p><strong><a class=\"dt-pswp-item\" href=\"https:\/\/www.radiopiu.net\/wordpress\/wp-content\/uploads\/2024\/10\/3de473f0-bb4e-4e07-a2ca-7b86e649b4df.jpg\" data-dt-img-description=\"\" data-large_image_width=\"1284\" data-large_image_height=\"1123\"><img loading=\"lazy\" decoding=\"async\" class=\" wp-image-417023 alignleft\" src=\"https:\/\/www.radiopiu.net\/wordpress\/wp-content\/uploads\/2024\/10\/3de473f0-bb4e-4e07-a2ca-7b86e649b4df-300x262.jpg\" alt=\"\" width=\"128\" height=\"112\" srcset=\"https:\/\/www.radiopiu.net\/wordpress\/wp-content\/uploads\/2024\/10\/3de473f0-bb4e-4e07-a2ca-7b86e649b4df-300x262.jpg 300w, https:\/\/www.radiopiu.net\/wordpress\/wp-content\/uploads\/2024\/10\/3de473f0-bb4e-4e07-a2ca-7b86e649b4df-1024x896.jpg 1024w, https:\/\/www.radiopiu.net\/wordpress\/wp-content\/uploads\/2024\/10\/3de473f0-bb4e-4e07-a2ca-7b86e649b4df-768x672.jpg 768w, https:\/\/www.radiopiu.net\/wordpress\/wp-content\/uploads\/2024\/10\/3de473f0-bb4e-4e07-a2ca-7b86e649b4df.jpg 1284w\" sizes=\"auto, (max-width: 128px) 100vw, 128px\" \/><\/a>BELLUNO<\/strong> Si chiama \u201cAbc dell&#8217;imprenditoria\u201d ed \u00e8 l&#8217;appuntamento organizzato per l&#8217;8 e 9 novembre dal consiglio giovanile bellunese in collaborazione con Confartigianato Imprese Belluno.<\/p>\n<p><strong>DI DANIELE DALVIT<\/strong><\/p>\n<audio class=\"wp-audio-shortcode\" id=\"audio-416927-10\" preload=\"none\" style=\"width: 100%;\" controls=\"controls\"><source type=\"audio\/mpeg\" src=\"https:\/\/www.radiopiu.net\/wordpress\/wp-content\/uploads\/2024\/10\/Servizio-Consiglio-giovanile-Confartigianato.mp3?_=10\" \/><a href=\"https:\/\/www.radiopiu.net\/wordpress\/wp-content\/uploads\/2024\/10\/Servizio-Consiglio-giovanile-Confartigianato.mp3\">https:\/\/www.radiopiu.net\/wordpress\/wp-content\/uploads\/2024\/10\/Servizio-Consiglio-giovanile-Confartigianato.mp3<\/a><\/audio>\n<p>&nbsp;<\/p>\n<hr \/>\n<p>&nbsp;<\/p>\n<blockquote>\n<h3>Panchina tricolore per Norma Cossetto: nessuna risposta dalla Giunta di Belluno<\/h3>\n<\/blockquote>\n<p><strong> <a class=\"dt-pswp-item\" href=\"https:\/\/www.radiopiu.net\/wordpress\/wp-content\/uploads\/2024\/10\/cossetto-norma-e1730209638711.jpg\" data-dt-img-description=\"\" data-large_image_width=\"776\" data-large_image_height=\"800\"><img loading=\"lazy\" decoding=\"async\" class=\" wp-image-417008 alignleft\" src=\"https:\/\/www.radiopiu.net\/wordpress\/wp-content\/uploads\/2024\/10\/cossetto-norma-e1730209638711-291x300.jpg\" alt=\"\" width=\"120\" height=\"124\" srcset=\"https:\/\/www.radiopiu.net\/wordpress\/wp-content\/uploads\/2024\/10\/cossetto-norma-e1730209638711-291x300.jpg 291w, https:\/\/www.radiopiu.net\/wordpress\/wp-content\/uploads\/2024\/10\/cossetto-norma-e1730209638711-768x792.jpg 768w, https:\/\/www.radiopiu.net\/wordpress\/wp-content\/uploads\/2024\/10\/cossetto-norma-e1730209638711.jpg 776w\" sizes=\"auto, (max-width: 120px) 100vw, 120px\" \/><\/a>BELLUNO <\/strong>Lo scorso 9 luglio, la Delegazione bellunese della Lega Nazionale ha proposto all&#8217;Assessore alla Cultura di Belluno, Raffaele Addamiano, l&#8217;installazione di una panchina tricolore in onore di Norma Cossetto, martire delle foibe, nel contesto dell&#8217;iniziativa &#8220;Panchine del Ricordo&#8221;. Nonostante l&#8217;incontro positivo del 17 luglio, la Giunta comunale non ha ancora risposto alla richiesta. La Delegazione sollecita una risposta, domandandosi se vi siano imbarazzi o mancanza di interesse riguardo alla proposta patriottica.<\/p>\n<p><strong>Norma Cossetto (Visinada, 17 maggio 1920 \u2013 Antignana, 4 o 5 ottobre 1943), \u00e8 stata una studentessa italiana, istriana di un villaggio nel comune di Visignano, uccisa dai partigiani jugoslavi nei pressi della foiba di Villa Surani. Il 9 dicembre 2005 \u00e8 stata insignita della\u00a0Medaglia d&#8217;oro al merito civile\u00a0alla memoria.<\/strong><\/p>\n<p>foto https:\/\/christifideleslariani.blogspot.com\/<\/p>\n<p>&nbsp;<\/p>\n<blockquote>\n<h3><\/h3>\n<\/blockquote>\n<blockquote>\n<h2>NORMA COSSETTO. ADDAMIANO &#8220;QUANDO LE POLEMICHE NON SONO UTILI ALLA CAUSA&#8221;.<\/h2>\n<\/blockquote>\n<p><strong><a class=\"dt-pswp-item\" href=\"https:\/\/www.radiopiu.net\/wordpress\/wp-content\/uploads\/2023\/11\/ADDAMIANO.png\" data-dt-img-description=\"\" data-large_image_width=\"277\" data-large_image_height=\"187\"><img loading=\"lazy\" decoding=\"async\" class=\"wp-image-362591 alignleft\" src=\"https:\/\/www.radiopiu.net\/wordpress\/wp-content\/uploads\/2023\/11\/ADDAMIANO.png\" alt=\"\" width=\"185\" height=\"125\" \/><\/a>BELLUNO <em>L&#8217;assessore Raffaele Addamiano commenta una &#8220;polemica&#8221; non nuova. In riferimento alla panchina per Norma &#8220;bastava una telefonata&#8221;, dice l&#8217;assessore che aggiunge&#8230; le verit\u00e0 non dette<\/em><\/strong><\/p>\n<p><strong>RAFFAELE ADDAMIANO &#8211; AUDIO &#8211;<\/strong><\/p>\n<audio class=\"wp-audio-shortcode\" id=\"audio-416927-11\" preload=\"none\" style=\"width: 100%;\" controls=\"controls\"><source type=\"audio\/mpeg\" src=\"https:\/\/www.radiopiu.net\/wordpress\/wp-content\/uploads\/2024\/10\/ADDAMIANO.mp3?_=11\" \/><a href=\"https:\/\/www.radiopiu.net\/wordpress\/wp-content\/uploads\/2024\/10\/ADDAMIANO.mp3\">https:\/\/www.radiopiu.net\/wordpress\/wp-content\/uploads\/2024\/10\/ADDAMIANO.mp3<\/a><\/audio>\n<p>&nbsp;<\/p>\n<p>&nbsp;<\/p>\n<hr \/>\n<p>&nbsp;<\/p>\n<p>&nbsp;<\/p>\n<p><strong><span style=\"color: #ff0000;\">SOLLECITAZIONI&#8230; DI MODA 1<\/span><\/strong><\/p>\n<blockquote>\n<h3>ANCHE FRATELLI D&#8217;ITALIA SOLLECITA LA GIUNTA A RIACCENDERE I LAMPIONI<\/h3>\n<p><strong>BELLUNO\u00a0<\/strong> Fratelli d&#8217;Italia chiede il ripristino dell&#8217;illuminazione notturna in citt\u00e0, affermando che i costi delle bollette sono diminuiti. Il capogruppo Alessandro Farina sottolinea che la sicurezza di automobilisti e lavoratori \u00e8 prioritaria, invitando la giunta a riattivare i lampioni, spenti tra le 2 e le 5.<\/p>\n<p>&nbsp;<\/p><\/blockquote>\n<div class=\"mb-2 flex gap-3 empty:hidden -ml-2\">\n<div class=\"items-center justify-start rounded-xl p-1 flex\">\n<div class=\"flex items-center\">\n<div class=\"flex items-center pb-0\">\n<hr \/>\n<\/div>\n<div><\/div>\n<div><strong><span style=\"color: #ff0000;\">SOLLECITAZIONI&#8230; DI MODA 2<\/span><\/strong><\/div>\n<div>\n<h2 class=\"_title post-title entry-title\"><a class=\"dt-pswp-item\" href=\"https:\/\/www.radiopiu.net\/wordpress\/wp-content\/uploads\/2023\/12\/ANTENNA.png\" data-dt-img-description=\"\" data-large_image_width=\"300\" data-large_image_height=\"166\"><img loading=\"lazy\" decoding=\"async\" class=\"wp-image-366306 alignleft\" src=\"https:\/\/www.radiopiu.net\/wordpress\/wp-content\/uploads\/2023\/12\/ANTENNA.png\" alt=\"\" width=\"202\" height=\"112\" \/><\/a>\u2018PIU\u2019 ILLUMINAZIONE PUBBLICA IN CITTA\u201d SCATTA UNA RACCOLTA FIRME<span style=\"font-size: 14px; font-weight: normal;\">\u00a0\u00a0<\/span><\/h2>\n<\/div>\n<p>Intervistati BIAGIO GIANNONE (SIAMO BELLUNO) (Servizio di\u00a0<a href=\"https:\/\/antennatre.medianordest.it\/redazione\/Fabio-Fioravanzi\/\">Fabio Fioravanzi<\/a>)<\/p>\n<\/div>\n<\/div>\n<\/div>\n<p><iframe loading=\"lazy\" title=\"&#039;PIU&#039; ILLUMINAZIONE PUBBLICA IN CITTA&#039;&#039; SCATTA UNA RACCOLTA FIRME | 29\/10\/2024\" width=\"1200\" height=\"675\" src=\"https:\/\/www.youtube.com\/embed\/MzW9ViTJgo0?feature=oembed\" frameborder=\"0\" allow=\"accelerometer; autoplay; clipboard-write; encrypted-media; gyroscope; picture-in-picture; web-share\" referrerpolicy=\"strict-origin-when-cross-origin\" allowfullscreen><\/iframe><\/p>\n<p>&nbsp;<\/p>\n<p>&nbsp;<\/p>\n<hr \/>\n<p>&nbsp;<\/p>\n<div class=\"flex max-w-full flex-col flex-grow\">\n<div class=\"min-h-8 text-message flex w-full flex-col items-end gap-2 whitespace-normal break-words [.text-message+&amp;]:mt-5\" dir=\"auto\" data-message-author-role=\"assistant\" data-message-id=\"3ca45477-c1cc-4079-896d-b44744c57395\" data-message-model-slug=\"gpt-4o\">\n<div class=\"flex w-full flex-col gap-1 empty:hidden first:pt-[3px]\">\n<div class=\"markdown prose w-full break-words dark:prose-invert dark\">\n<blockquote>\n<h3>Successo turistico nella Val del Mis: oltre 21.000 visitatori durante l&#8217;estate<\/h3>\n<\/blockquote>\n<p><strong><a class=\"dt-pswp-item\" href=\"https:\/\/www.radiopiu.net\/wordpress\/wp-content\/uploads\/2024\/10\/Cadini-del-Brenton_Archivio-PNDB_EV-1.jpg\" data-dt-img-description=\"\" data-large_image_width=\"1000\" data-large_image_height=\"662\"><img loading=\"lazy\" decoding=\"async\" class=\" wp-image-417004 alignleft\" src=\"https:\/\/www.radiopiu.net\/wordpress\/wp-content\/uploads\/2024\/10\/Cadini-del-Brenton_Archivio-PNDB_EV-1-300x199.jpg\" alt=\"\" width=\"213\" height=\"141\" srcset=\"https:\/\/www.radiopiu.net\/wordpress\/wp-content\/uploads\/2024\/10\/Cadini-del-Brenton_Archivio-PNDB_EV-1-300x199.jpg 300w, https:\/\/www.radiopiu.net\/wordpress\/wp-content\/uploads\/2024\/10\/Cadini-del-Brenton_Archivio-PNDB_EV-1-768x508.jpg 768w, https:\/\/www.radiopiu.net\/wordpress\/wp-content\/uploads\/2024\/10\/Cadini-del-Brenton_Archivio-PNDB_EV-1.jpg 1000w\" sizes=\"auto, (max-width: 213px) 100vw, 213px\" \/><\/a>SOSPIROLO<\/strong> La stagione estiva nella Val del Mis, parte del Parco Nazionale Dolomiti Bellunesi, ha registrato un&#8217;affluenza di oltre 21.000 visitatori. L&#8217;introduzione del biglietto di ingresso ai Cadini del Brenton ha garantito un\u2019esperienza consapevole, senza penalizzare le presenze. La maggior parte dei turisti \u00e8 italiana (85%), con una significativa presenza dal Triveneto. Gli stranieri costituiscono il 15%, prevalentemente francesi, olandesi e tedeschi. Positivi anche i riscontri della gestione dell\u2019area ricreativa di Pian Falcina, arricchita da mercatini di prodotti artigianali e nuovi servizi turistici. Il Parco continua a investire in strutture e servizi, promuovendo un turismo rispettoso dell&#8217;ambiente fragile.<\/p>\n<\/div>\n<\/div>\n<\/div>\n<\/div>\n<p>&nbsp;<\/p>\n<p>&nbsp;<\/p>\n<hr \/>\n<p>&nbsp;<\/p>\n<blockquote>\n<h3 style=\"text-align: left;\">CONTINUANO GLI INTERVENTI DI PREVENZIONE DEL DISSESTO IDROGEOLOGICO E DI SISTEMAZIONE DEL TERRITORIO IN COMUNE DI BORGO VALBELLUNA<\/h3>\n<\/blockquote>\n<p><strong><a class=\"dt-pswp-item\" href=\"https:\/\/www.radiopiu.net\/wordpress\/wp-content\/uploads\/2024\/03\/borgo-valbelluna.png\" data-dt-img-description=\"\" data-large_image_width=\"267\" data-large_image_height=\"171\"><img loading=\"lazy\" decoding=\"async\" class=\" wp-image-377983 alignleft\" src=\"https:\/\/www.radiopiu.net\/wordpress\/wp-content\/uploads\/2024\/03\/borgo-valbelluna.png\" alt=\"\" width=\"180\" height=\"115\" \/><\/a>BORGO VALBELLUNA<\/strong> Sono stati stanziati ulteriori 160.000 euro per interventi da realizzare entro la fine dell&#8217;anno, portando il totale a 394.000 euro per lavori pubblici. Di questi, 117.000 provengono dal bilancio comunale e 117.000 da canoni idrici. Il vicesindaco Simone Deola ha commentato che le recenti piogge hanno reso necessari interventi urgenti al Puner e ai Boschi, modificando il cronoprogramma iniziale. A Puner, \u00e8 stato rifatto un muro di sostegno di 40 metri crollato, mentre a Boschi \u00e8 prevista la riparazione di un muro di sottoscarpa danneggiato. Attualmente si sta sostituendo una condotta di acque bianche a Campedei e si prevede un intervento temporaneo a Pedevilla Alta. Deola ha sottolineato che, nonostante le difficolt\u00e0, si stanno programmando ulteriori interventi per l&#8217;inverno e la prossima primavera, con particolare attenzione alle zone critiche come Boschi, dove sono stati spesi quasi 100.000 euro in un anno. Infine, dalla met\u00e0 di novembre, l&#8217;Unione Montana estender\u00e0 la convenzione per la manutenzione del verde e della viabilit\u00e0, introducendo una nuova squadra per migliorare la gestione delle acque superficiali.<\/p>\n<p>&nbsp;<\/p>\n<p>&nbsp;<\/p>\n<hr \/>\n<p>&nbsp;<\/p>\n<blockquote>\n<h3>IL GRUPPO DI MAGGIORANZA DI LIVINALLONGO VUOLE CAMBIARE ARABBA FODOM TURISMO<\/h3>\n<\/blockquote>\n<p><strong><a class=\"dt-pswp-item\" href=\"https:\/\/www.radiopiu.net\/wordpress\/wp-content\/uploads\/2024\/10\/ufize-turistich-reba.jpeg\" data-dt-img-description=\"\" data-large_image_width=\"800\" data-large_image_height=\"498\"><img loading=\"lazy\" decoding=\"async\" class=\" wp-image-417090 alignleft\" src=\"https:\/\/www.radiopiu.net\/wordpress\/wp-content\/uploads\/2024\/10\/ufize-turistich-reba-300x187.jpeg\" alt=\"\" width=\"184\" height=\"115\" srcset=\"https:\/\/www.radiopiu.net\/wordpress\/wp-content\/uploads\/2024\/10\/ufize-turistich-reba-300x187.jpeg 300w, https:\/\/www.radiopiu.net\/wordpress\/wp-content\/uploads\/2024\/10\/ufize-turistich-reba-768x478.jpeg 768w, https:\/\/www.radiopiu.net\/wordpress\/wp-content\/uploads\/2024\/10\/ufize-turistich-reba.jpeg 800w\" sizes=\"auto, (max-width: 184px) 100vw, 184px\" \/><\/a>LIVINALLONGO<\/strong><\/p>\n<p>DI LORENZO SORATROI<\/p>\n<audio class=\"wp-audio-shortcode\" id=\"audio-416927-12\" preload=\"none\" style=\"width: 100%;\" controls=\"controls\"><source type=\"audio\/mpeg\" src=\"https:\/\/www.radiopiu.net\/wordpress\/wp-content\/uploads\/2024\/10\/SORATROI-LA-MAGGIORANZA-VUOLE-CAMBIARE-ARABBA-FODOM-TURISMO.mp3?_=12\" \/><a href=\"https:\/\/www.radiopiu.net\/wordpress\/wp-content\/uploads\/2024\/10\/SORATROI-LA-MAGGIORANZA-VUOLE-CAMBIARE-ARABBA-FODOM-TURISMO.mp3\">https:\/\/www.radiopiu.net\/wordpress\/wp-content\/uploads\/2024\/10\/SORATROI-LA-MAGGIORANZA-VUOLE-CAMBIARE-ARABBA-FODOM-TURISMO.mp3<\/a><\/audio>\n<p>&nbsp;<\/p>\n<hr \/>\n<p>&nbsp;<\/p>\n<blockquote>\n<h3>Prima assemblea zonale dei soci dell\u2019Agordino: eletti i delegati di zona<\/h3>\n<\/blockquote>\n<p><strong>AGORDO<\/strong> Si \u00e8 tenuta ad Agordo la prima assemblea zonale dei soci dell\u2019Agordino dell&#8217;Associazione della Propriet\u00e0 Edilizia &#8211; Confedilizia Belluno. Il presidente Michele Vigne ha aperto i lavori con una relazione sul mercato immobiliare. Durante l\u2019incontro, i soci hanno eletto Livio Dell\u2019Osbel e Giorgio Zanon come delegati zonali, con Dell\u2019Osbel nominato coordinatore. La partecipazione del sindaco di Agordo, Roberto Chissal\u00e8, ha rappresentato un riconoscimento significativo per l\u2019Associazione e il suo impegno.<\/p>\n<p>&nbsp;<\/p>\n<p>&nbsp;<\/p>\n<hr \/>\n<p>&nbsp;<\/p>\n<blockquote>\n<h3>Arredamont: la spinta delle Olimpiadi per il rinnovamento delle case in montagna<\/h3>\n<\/blockquote>\n<p><strong><a class=\"dt-pswp-item\" href=\"https:\/\/www.radiopiu.net\/wordpress\/wp-content\/uploads\/2024\/10\/Hermann-e-Vania-Arredamont-2017.jpg\" data-dt-img-description=\"\" data-large_image_width=\"800\" data-large_image_height=\"533\"><img loading=\"lazy\" decoding=\"async\" class=\" wp-image-412750 alignleft\" src=\"https:\/\/www.radiopiu.net\/wordpress\/wp-content\/uploads\/2024\/10\/Hermann-e-Vania-Arredamont-2017-300x200.jpg\" alt=\"\" width=\"206\" height=\"137\" srcset=\"https:\/\/www.radiopiu.net\/wordpress\/wp-content\/uploads\/2024\/10\/Hermann-e-Vania-Arredamont-2017-300x200.jpg 300w, https:\/\/www.radiopiu.net\/wordpress\/wp-content\/uploads\/2024\/10\/Hermann-e-Vania-Arredamont-2017-768x512.jpg 768w, https:\/\/www.radiopiu.net\/wordpress\/wp-content\/uploads\/2024\/10\/Hermann-e-Vania-Arredamont-2017.jpg 800w\" sizes=\"auto, (max-width: 206px) 100vw, 206px\" \/><\/a>LONGARONE<\/strong> La fiera Arredamont sta riscuotendo successo tra i proprietari di seconde case sulle Dolomiti, incentivati dai preparativi per le Olimpiadi di Milano-Cortina 2026. La voglia di rinnovare baite e case di montagna spinge visitatori da tutta Italia, attratti dall\u2019artigianato e dai mobili su misura difficili da reperire altrove. Michele Dal Farra, presidente di Longarone Fiere Dolomiti, conferma l&#8217;afflusso di visitatori anche da regioni lontane come Piemonte, Toscana e Sicilia. Espositori riportano vendite importanti, grazie all\u2019interesse crescente per la personalizzazione degli interni delle case di montagna. Arredamont rester\u00e0 aperta fino al 3 novembre.<\/p>\n<p>&nbsp;<\/p>\n<hr \/>\n<blockquote>\n<h3><\/h3>\n<h3>LE TRE RADIO E APPIA CNA BELLUNO ANNUNCIANO UNA PARTNERSHIP IN OCCASIONE DI ARREDAMONT A LONGARONE FIERE DOLOMITI<\/h3>\n<\/blockquote>\n<p><strong><a class=\"dt-pswp-item\" href=\"https:\/\/www.radiopiu.net\/wordpress\/wp-content\/uploads\/2024\/10\/LeTreRadio-e-APPIA-Arredamont-scaled.jpeg\" data-dt-img-description=\"\" data-large_image_width=\"2560\" data-large_image_height=\"1920\"><img loading=\"lazy\" decoding=\"async\" class=\" wp-image-416593 alignleft\" src=\"https:\/\/www.radiopiu.net\/wordpress\/wp-content\/uploads\/2024\/10\/LeTreRadio-e-APPIA-Arredamont-300x225.jpeg\" alt=\"\" width=\"193\" height=\"145\" srcset=\"https:\/\/www.radiopiu.net\/wordpress\/wp-content\/uploads\/2024\/10\/LeTreRadio-e-APPIA-Arredamont-300x225.jpeg 300w, https:\/\/www.radiopiu.net\/wordpress\/wp-content\/uploads\/2024\/10\/LeTreRadio-e-APPIA-Arredamont-1024x768.jpeg 1024w, https:\/\/www.radiopiu.net\/wordpress\/wp-content\/uploads\/2024\/10\/LeTreRadio-e-APPIA-Arredamont-768x576.jpeg 768w, https:\/\/www.radiopiu.net\/wordpress\/wp-content\/uploads\/2024\/10\/LeTreRadio-e-APPIA-Arredamont-1536x1152.jpeg 1536w, https:\/\/www.radiopiu.net\/wordpress\/wp-content\/uploads\/2024\/10\/LeTreRadio-e-APPIA-Arredamont-2048x1536.jpeg 2048w\" sizes=\"auto, (max-width: 193px) 100vw, 193px\" \/><\/a>BELLUNO <\/strong>Inizia oggi una collaborazione di grande rilievo tra &#8220;Le Tre Radio&#8221; e APPIA CNA di Belluno, che si concretizzer\u00e0 in occasione di Arredamont, la rinomata Mostra Nazionale dell&#8217;Arredare in Montagna a Longarone Fiere Dolomiti fino al 3 novembre. Questa iniziativa rappresenta un passo significativo per il nostro gruppo radiofonico, impegnato da sempre nel supportare e valorizzare il territorio e il suo tessuto sociale.<\/p>\n<p><b>Un impegno quotidiano in diretta.<\/b><\/p>\n<p>Il nostro contributo si manifester\u00e0 attraverso trasmissioni quotidiane in diretta ogni mattina alle 10.00 su Radio Club 103 Dolomiti, Radio Pi\u00f9 Emittente agordina e Radio Primiero. Grazie alla collaborazione con APPIA CNA Belluno, avremo l&#8217;opportunit\u00e0 di promuovere l&#8217;importanza della comunicazione radiofonica realizzata in sinergia con enti pubblici e privati, mirata alla valorizzazione di tutte le attivit\u00e0 della provincia di Belluno. Siamo fieri di poter offrire il nostro sostegno, contribuendo con idee e progetti che rispecchiano il nostro impegno per lo sviluppo e la promozione della comunit\u00e0 locale.<\/p>\n<p>&nbsp;<\/p>\n<p><strong>PUNTATA 02 martedi 29 ottobre 2024\u00a0<\/strong><\/p>\n<p><iframe loading=\"lazy\" title=\"02 Appia Arredamont   Puntata del 29 10 2024\" width=\"1200\" height=\"675\" src=\"https:\/\/www.youtube.com\/embed\/6I2B5cYN7J0?feature=oembed\" frameborder=\"0\" allow=\"accelerometer; autoplay; clipboard-write; encrypted-media; gyroscope; picture-in-picture; web-share\" referrerpolicy=\"strict-origin-when-cross-origin\" allowfullscreen><\/iframe><\/p>\n<p>&nbsp;<\/p>\n<hr \/>\n<p>&nbsp;<\/p>\n<blockquote>\n<h3>IL CORO VOCI DELLE DOLOMITI TERZO AL FESTIVAL DELLE CORALITA&#8217; VENETE<\/h3>\n<\/blockquote>\n<p><strong><a class=\"dt-pswp-item\" href=\"https:\/\/www.radiopiu.net\/wordpress\/wp-content\/uploads\/2024\/10\/CORO-VOCI-DELLE-DOLOMITI.jpeg\" data-dt-img-description=\"\" data-large_image_width=\"1528\" data-large_image_height=\"880\"><img loading=\"lazy\" decoding=\"async\" class=\" wp-image-417043 alignleft\" src=\"https:\/\/www.radiopiu.net\/wordpress\/wp-content\/uploads\/2024\/10\/CORO-VOCI-DELLE-DOLOMITI-300x173.jpeg\" alt=\"\" width=\"187\" height=\"108\" srcset=\"https:\/\/www.radiopiu.net\/wordpress\/wp-content\/uploads\/2024\/10\/CORO-VOCI-DELLE-DOLOMITI-300x173.jpeg 300w, https:\/\/www.radiopiu.net\/wordpress\/wp-content\/uploads\/2024\/10\/CORO-VOCI-DELLE-DOLOMITI-1024x590.jpeg 1024w, https:\/\/www.radiopiu.net\/wordpress\/wp-content\/uploads\/2024\/10\/CORO-VOCI-DELLE-DOLOMITI-768x442.jpeg 768w, https:\/\/www.radiopiu.net\/wordpress\/wp-content\/uploads\/2024\/10\/CORO-VOCI-DELLE-DOLOMITI.jpeg 1528w\" sizes=\"auto, (max-width: 187px) 100vw, 187px\" \/><\/a>LONGARONE<\/strong> Il Festival della Coralit\u00e0 veneta, svoltosi a Belluno il 27 ottobre, ha visto il Coro Antenori di Padova trionfare, mentre il Coro Voci delle Dolomiti, diretto da Michele Feltrin, ha conquistato il terzo posto nella categoria \u201cComposizioni di ispirazione popolare\u201d con una fascia di distinzione. Il sindaco di Longarone, Roberto Padrin, ha elogiato il coro per aver rappresentato il territorio, sottolineando l&#8217;importanza del canto corale come simbolo di coesione sociale. Feltrin ha espresso soddisfazione per il riconoscimento, citando elogi per la chiarezza del suono e l&#8217;intonazione. Il coro intende utilizzare questo successo come trampolino di lancio per crescere ulteriormente e continuare a trasmettere la storia e la cultura della montagna bellunese.<\/p>\n<p>&nbsp;<\/p>\n<p>&nbsp;<\/p>\n<hr \/>\n<p>&nbsp;<\/p>\n<blockquote>\n<h3>LA DONAZIONE ALL&#8217;AIRC NEL RICORDO DI ENZO MASOCH<\/h3>\n<\/blockquote>\n<p><strong><a class=\"dt-pswp-item\" href=\"https:\/\/www.radiopiu.net\/wordpress\/wp-content\/uploads\/2024\/10\/140a9d21-01ce-44ae-ac10-41e4b2324614.jpg\" data-dt-img-description=\"\" data-large_image_width=\"1600\" data-large_image_height=\"900\"><img loading=\"lazy\" decoding=\"async\" class=\" wp-image-416919 alignleft\" src=\"https:\/\/www.radiopiu.net\/wordpress\/wp-content\/uploads\/2024\/10\/140a9d21-01ce-44ae-ac10-41e4b2324614-300x169.jpg\" alt=\"\" width=\"220\" height=\"124\" srcset=\"https:\/\/www.radiopiu.net\/wordpress\/wp-content\/uploads\/2024\/10\/140a9d21-01ce-44ae-ac10-41e4b2324614-300x169.jpg 300w, https:\/\/www.radiopiu.net\/wordpress\/wp-content\/uploads\/2024\/10\/140a9d21-01ce-44ae-ac10-41e4b2324614-1024x576.jpg 1024w, https:\/\/www.radiopiu.net\/wordpress\/wp-content\/uploads\/2024\/10\/140a9d21-01ce-44ae-ac10-41e4b2324614-768x432.jpg 768w, https:\/\/www.radiopiu.net\/wordpress\/wp-content\/uploads\/2024\/10\/140a9d21-01ce-44ae-ac10-41e4b2324614-1536x864.jpg 1536w, https:\/\/www.radiopiu.net\/wordpress\/wp-content\/uploads\/2024\/10\/140a9d21-01ce-44ae-ac10-41e4b2324614.jpg 1600w\" sizes=\"auto, (max-width: 220px) 100vw, 220px\" \/><\/a>GOSALDO<\/strong><\/p>\n<p>DI GIANNI SANTOMASO<\/p>\n<audio class=\"wp-audio-shortcode\" id=\"audio-416927-13\" preload=\"none\" style=\"width: 100%;\" controls=\"controls\"><source type=\"audio\/mpeg\" src=\"https:\/\/www.radiopiu.net\/wordpress\/wp-content\/uploads\/2024\/10\/GIANNI-LA-DONAZIONE-AIRC-NEL-RICORDO-DI-ENZO-MASOCH.mp3?_=13\" \/><a href=\"https:\/\/www.radiopiu.net\/wordpress\/wp-content\/uploads\/2024\/10\/GIANNI-LA-DONAZIONE-AIRC-NEL-RICORDO-DI-ENZO-MASOCH.mp3\">https:\/\/www.radiopiu.net\/wordpress\/wp-content\/uploads\/2024\/10\/GIANNI-LA-DONAZIONE-AIRC-NEL-RICORDO-DI-ENZO-MASOCH.mp3<\/a><\/audio>\n<p>&nbsp;<\/p>\n<p>&nbsp;<\/p>\n<hr \/>\n<p>&nbsp;<\/p>\n<p>&nbsp;<\/p>\n<blockquote>\n<h3>IL RINGRAZIAMENTO PER ANNA MARIA ARMELLINI<\/h3>\n<\/blockquote>\n<p><strong><a class=\"dt-pswp-item\" href=\"https:\/\/www.radiopiu.net\/wordpress\/wp-content\/uploads\/2024\/10\/f4315b5f-690e-4e95-a558-67f0505bba62.jpg\" data-dt-img-description=\"\" data-large_image_width=\"1476\" data-large_image_height=\"984\"><img loading=\"lazy\" decoding=\"async\" class=\" wp-image-416234 alignleft\" src=\"https:\/\/www.radiopiu.net\/wordpress\/wp-content\/uploads\/2024\/10\/f4315b5f-690e-4e95-a558-67f0505bba62-300x200.jpg\" alt=\"\" width=\"174\" height=\"116\" srcset=\"https:\/\/www.radiopiu.net\/wordpress\/wp-content\/uploads\/2024\/10\/f4315b5f-690e-4e95-a558-67f0505bba62-300x200.jpg 300w, https:\/\/www.radiopiu.net\/wordpress\/wp-content\/uploads\/2024\/10\/f4315b5f-690e-4e95-a558-67f0505bba62-1024x683.jpg 1024w, https:\/\/www.radiopiu.net\/wordpress\/wp-content\/uploads\/2024\/10\/f4315b5f-690e-4e95-a558-67f0505bba62-768x512.jpg 768w, https:\/\/www.radiopiu.net\/wordpress\/wp-content\/uploads\/2024\/10\/f4315b5f-690e-4e95-a558-67f0505bba62.jpg 1476w\" sizes=\"auto, (max-width: 174px) 100vw, 174px\" \/><\/a>AGORDO<\/strong><\/p>\n<p>DI GIANNI SANTOMASO<\/p>\n<audio class=\"wp-audio-shortcode\" id=\"audio-416927-14\" preload=\"none\" style=\"width: 100%;\" controls=\"controls\"><source type=\"audio\/mpeg\" src=\"https:\/\/www.radiopiu.net\/wordpress\/wp-content\/uploads\/2024\/10\/GIANNI-IL-RINGRAZIAMENTO-PER-ANNA-MARIA-ARMELLINI.mp3?_=14\" \/><a href=\"https:\/\/www.radiopiu.net\/wordpress\/wp-content\/uploads\/2024\/10\/GIANNI-IL-RINGRAZIAMENTO-PER-ANNA-MARIA-ARMELLINI.mp3\">https:\/\/www.radiopiu.net\/wordpress\/wp-content\/uploads\/2024\/10\/GIANNI-IL-RINGRAZIAMENTO-PER-ANNA-MARIA-ARMELLINI.mp3<\/a><\/audio>\n<p>&nbsp;<\/p>\n<p>&nbsp;<\/p>\n<p>&nbsp;<\/p>\n<hr \/>\n<p>&nbsp;<\/p>\n<blockquote>\n<h3>Bruno Barbieri e il mistero delle montagne erranti: quando il Focobon si sposta in Trentino<\/h3>\n<\/blockquote>\n<p><strong>REDAZIONE<\/strong> Ieri sera il grande Bruno Barbieri \u00e8 tornato in televisione con le sue avventure culinarie tra le splendide montagne della Val di Fassa e della Val di Fiemme. Ma c\u2019\u00e8 un piccolo dettaglio che non \u00e8 passato inosservato agli occhi pi\u00f9 attenti (e agli agordini): alle sue spalle non svettano le Dolomiti trentine, bens\u00ec il maestoso gruppo del Focobon&#8230; che, per chi non lo sapesse, appartiene alla falcadina Val del Biois, decisamente in Veneto!<\/p>\n<p><img decoding=\"async\" src=\"https:\/\/www.radiopiu.net\/wordpress\/wp-content\/uploads\/2024\/10\/Senza-nome-131.png\" \/><\/p>\n<p>&nbsp;<\/p>\n<hr \/>\n<p>&nbsp;<\/p>\n<blockquote>\n<h3>DILLO A RADIO PIU&#8230; &#8220;NON SEMPRE E&#8217; FACILE&#8221;<\/h3>\n<\/blockquote>\n<p>da Falcade, riceviamo e pubblichiamo<\/p>\n<p><em>&#8220;Non \u00e8 facile, raggiungere le zone di scarico, tra muretti e staccionate le altezze da superare non sono sempre minime&#8221;.<\/em><\/p>\n<p><a class=\"dt-pswp-item\" href=\"https:\/\/www.radiopiu.net\/wordpress\/wp-content\/uploads\/2024\/10\/7888c91d-53e1-4295-aef4-e57f04429a3c.jpg\" data-dt-img-description=\"\" data-large_image_width=\"1600\" data-large_image_height=\"1200\"><img loading=\"lazy\" decoding=\"async\" class=\"alignnone size-medium wp-image-416986\" src=\"https:\/\/www.radiopiu.net\/wordpress\/wp-content\/uploads\/2024\/10\/7888c91d-53e1-4295-aef4-e57f04429a3c-300x225.jpg\" alt=\"\" width=\"300\" height=\"225\" srcset=\"https:\/\/www.radiopiu.net\/wordpress\/wp-content\/uploads\/2024\/10\/7888c91d-53e1-4295-aef4-e57f04429a3c-300x225.jpg 300w, https:\/\/www.radiopiu.net\/wordpress\/wp-content\/uploads\/2024\/10\/7888c91d-53e1-4295-aef4-e57f04429a3c-1024x768.jpg 1024w, https:\/\/www.radiopiu.net\/wordpress\/wp-content\/uploads\/2024\/10\/7888c91d-53e1-4295-aef4-e57f04429a3c-768x576.jpg 768w, https:\/\/www.radiopiu.net\/wordpress\/wp-content\/uploads\/2024\/10\/7888c91d-53e1-4295-aef4-e57f04429a3c-1536x1152.jpg 1536w, https:\/\/www.radiopiu.net\/wordpress\/wp-content\/uploads\/2024\/10\/7888c91d-53e1-4295-aef4-e57f04429a3c.jpg 1600w\" sizes=\"auto, (max-width: 300px) 100vw, 300px\" \/><\/a><a class=\"dt-pswp-item\" href=\"https:\/\/www.radiopiu.net\/wordpress\/wp-content\/uploads\/2024\/10\/e1953646-26b4-4df8-8418-9340bcc1ffe4.jpg\" data-dt-img-description=\"\" data-large_image_width=\"1600\" data-large_image_height=\"1200\"><img loading=\"lazy\" decoding=\"async\" class=\"alignnone size-medium wp-image-416987\" src=\"https:\/\/www.radiopiu.net\/wordpress\/wp-content\/uploads\/2024\/10\/e1953646-26b4-4df8-8418-9340bcc1ffe4-300x225.jpg\" alt=\"\" width=\"300\" height=\"225\" srcset=\"https:\/\/www.radiopiu.net\/wordpress\/wp-content\/uploads\/2024\/10\/e1953646-26b4-4df8-8418-9340bcc1ffe4-300x225.jpg 300w, https:\/\/www.radiopiu.net\/wordpress\/wp-content\/uploads\/2024\/10\/e1953646-26b4-4df8-8418-9340bcc1ffe4-1024x768.jpg 1024w, https:\/\/www.radiopiu.net\/wordpress\/wp-content\/uploads\/2024\/10\/e1953646-26b4-4df8-8418-9340bcc1ffe4-768x576.jpg 768w, https:\/\/www.radiopiu.net\/wordpress\/wp-content\/uploads\/2024\/10\/e1953646-26b4-4df8-8418-9340bcc1ffe4-1536x1152.jpg 1536w, https:\/\/www.radiopiu.net\/wordpress\/wp-content\/uploads\/2024\/10\/e1953646-26b4-4df8-8418-9340bcc1ffe4.jpg 1600w\" sizes=\"auto, (max-width: 300px) 100vw, 300px\" \/><\/a><\/p>\n<p>&nbsp;<\/p>\n<p>&nbsp;<\/p>\n<hr \/>\n<p>&nbsp;<\/p>\n<blockquote>\n<h3>DUE ATTI UNICI AL NOF FILO&#8217; DI CENCENIGHE<\/h3>\n<\/blockquote>\n<p><strong><a class=\"dt-pswp-item\" href=\"https:\/\/www.radiopiu.net\/wordpress\/wp-content\/uploads\/2024\/10\/SCR-20241027-sihw.png\" data-dt-img-description=\"\" data-large_image_width=\"1330\" data-large_image_height=\"688\"><img loading=\"lazy\" decoding=\"async\" class=\" wp-image-416679 alignleft\" src=\"https:\/\/www.radiopiu.net\/wordpress\/wp-content\/uploads\/2024\/10\/SCR-20241027-sihw-300x155.png\" alt=\"\" width=\"182\" height=\"94\" srcset=\"https:\/\/www.radiopiu.net\/wordpress\/wp-content\/uploads\/2024\/10\/SCR-20241027-sihw-300x155.png 300w, https:\/\/www.radiopiu.net\/wordpress\/wp-content\/uploads\/2024\/10\/SCR-20241027-sihw-1024x530.png 1024w, https:\/\/www.radiopiu.net\/wordpress\/wp-content\/uploads\/2024\/10\/SCR-20241027-sihw-768x397.png 768w, https:\/\/www.radiopiu.net\/wordpress\/wp-content\/uploads\/2024\/10\/SCR-20241027-sihw.png 1330w\" sizes=\"auto, (max-width: 182px) 100vw, 182px\" \/><\/a>CENCENIGHE<\/strong><\/p>\n<p>DI LUISA MANFROI<\/p>\n<audio class=\"wp-audio-shortcode\" id=\"audio-416927-15\" preload=\"none\" style=\"width: 100%;\" controls=\"controls\"><source type=\"audio\/mpeg\" src=\"https:\/\/www.radiopiu.net\/wordpress\/wp-content\/uploads\/2024\/10\/LUISA-MANFROI-TEATRO-A-CENCENIGHE-SCADENZA-2-NOVEMBRE.mp3?_=15\" \/><a href=\"https:\/\/www.radiopiu.net\/wordpress\/wp-content\/uploads\/2024\/10\/LUISA-MANFROI-TEATRO-A-CENCENIGHE-SCADENZA-2-NOVEMBRE.mp3\">https:\/\/www.radiopiu.net\/wordpress\/wp-content\/uploads\/2024\/10\/LUISA-MANFROI-TEATRO-A-CENCENIGHE-SCADENZA-2-NOVEMBRE.mp3<\/a><\/audio>\n<p>&nbsp;<\/p>\n<hr \/>\n<p>&nbsp;<\/p>\n<blockquote><p><strong><a class=\"dt-pswp-item\" href=\"https:\/\/www.radiopiu.net\/wordpress\/wp-content\/uploads\/2024\/10\/spettacoloSAD_30-ottobre_20240001-00.jpg\" data-dt-img-description=\"\" data-large_image_width=\"826\" data-large_image_height=\"1169\"><img loading=\"lazy\" decoding=\"async\" class=\" wp-image-416831 alignleft\" src=\"https:\/\/www.radiopiu.net\/wordpress\/wp-content\/uploads\/2024\/10\/spettacoloSAD_30-ottobre_20240001-00-212x300.jpg\" alt=\"\" width=\"189\" height=\"267\" srcset=\"https:\/\/www.radiopiu.net\/wordpress\/wp-content\/uploads\/2024\/10\/spettacoloSAD_30-ottobre_20240001-00-212x300.jpg 212w, https:\/\/www.radiopiu.net\/wordpress\/wp-content\/uploads\/2024\/10\/spettacoloSAD_30-ottobre_20240001-00-724x1024.jpg 724w, https:\/\/www.radiopiu.net\/wordpress\/wp-content\/uploads\/2024\/10\/spettacoloSAD_30-ottobre_20240001-00-768x1087.jpg 768w, https:\/\/www.radiopiu.net\/wordpress\/wp-content\/uploads\/2024\/10\/spettacoloSAD_30-ottobre_20240001-00.jpg 826w\" sizes=\"auto, (max-width: 189px) 100vw, 189px\" \/><\/a>\u201cSAD &#8211; Sopravvivere all&#8217;AutoDistruzione\u201d: ritorno a Feltre per sensibilizzare sulle dipendenze<\/strong><\/p><\/blockquote>\n<p>Dopo il successo ottenuto a Feltre e Belluno, lo spettacolo teatrale <em>SAD &#8211; Sopravvivere all&#8217;AutoDistruzione<\/em>, di Filippo Tognazzo e Zelda Teatro, torna domani all\u2019Auditorium Canossiano di Feltre. L&#8217;evento, promosso da &#8220;Scuole in Rete per un Mondo di Solidariet\u00e0 e Pace&#8221; e l\u2019associazione Amici delle Scuole in Rete, affronta tematiche attuali come l\u2019impatto delle droghe e delle dipendenze sulla societ\u00e0, soprattutto tra i giovani. Lo spettacolo fa parte del progetto <em>Educa il futuro<\/em> ed \u00e8 gratuito. Le scuole sono invitate a partecipare a questo intervento interattivo, mirato a sensibilizzare e promuovere un rinnovato senso civico tra gli studenti.<\/p>\n<p>&nbsp;<\/p>\n<p>&nbsp;<\/p>\n<hr \/>\n<p>&nbsp;<\/p>\n<blockquote>\n<h3>Giornata Nazionale della Mediazione Familiare: Incontro Informativo a Belluno<\/h3>\n<\/blockquote>\n<p><strong><a class=\"dt-pswp-item\" href=\"https:\/\/www.radiopiu.net\/wordpress\/wp-content\/uploads\/2021\/03\/ULSS-1.jpg\" data-dt-img-description=\"\" data-large_image_width=\"776\" data-large_image_height=\"408\"><img loading=\"lazy\" decoding=\"async\" class=\" wp-image-198838 alignleft\" src=\"https:\/\/www.radiopiu.net\/wordpress\/wp-content\/uploads\/2021\/03\/ULSS-1-300x158.jpg\" alt=\"\" width=\"256\" height=\"135\" srcset=\"https:\/\/www.radiopiu.net\/wordpress\/wp-content\/uploads\/2021\/03\/ULSS-1-300x158.jpg 300w, https:\/\/www.radiopiu.net\/wordpress\/wp-content\/uploads\/2021\/03\/ULSS-1-768x404.jpg 768w, https:\/\/www.radiopiu.net\/wordpress\/wp-content\/uploads\/2021\/03\/ULSS-1.jpg 776w\" sizes=\"auto, (max-width: 256px) 100vw, 256px\" \/><\/a>BELLUNO<\/strong> Oggi, dalle 13.45 alle 18.30, si svolger\u00e0 un incontro di sensibilizzazione sulla Mediazione Familiare, promosso dal Tavolo Interistituzionale Mediazione Familiare. L\u2019evento, intitolato &#8220;La mediazione Familiare nel nuovo processo &#8211; L&#8217;intervento con le coppie ad alta conflittualit\u00e0&#8221;, si terr\u00e0 presso la Sala Riunioni dell\u2019Ospedale San Martino di Belluno. Destinato a professionisti, avvocati e cittadini, l&#8217;incontro vedr\u00e0 la partecipazione di esperti del settore, tra cui Maria Costanza Marzotto Caotorta, Liala Bon e Umberto Giacomelli. Moderato da Lisa Dal Bo, l&#8217;evento esplorer\u00e0 le risorse della mediazione nei conflitti familiari. Per iscriversi, contattare: <a rel=\"noopener\">consultoriofamiliare.bl@aulss1.veneto.it<\/a>.<\/p>\n<p>&nbsp;<\/p>\n<p>&nbsp;<\/p>\n<hr \/>\n<p>&nbsp;<\/p>\n<blockquote>\n<h3><a class=\"dt-pswp-item\" href=\"https:\/\/www.radiopiu.net\/wordpress\/wp-content\/uploads\/2024\/10\/WhatsApp-Image-2024-10-23-at-20.48.18.jpeg\" data-dt-img-description=\"\" data-large_image_width=\"1456\" data-large_image_height=\"2048\"><img loading=\"lazy\" decoding=\"async\" class=\" wp-image-416547 alignleft\" src=\"https:\/\/www.radiopiu.net\/wordpress\/wp-content\/uploads\/2024\/10\/WhatsApp-Image-2024-10-23-at-20.48.18-213x300.jpeg\" alt=\"\" width=\"96\" height=\"135\" srcset=\"https:\/\/www.radiopiu.net\/wordpress\/wp-content\/uploads\/2024\/10\/WhatsApp-Image-2024-10-23-at-20.48.18-213x300.jpeg 213w, https:\/\/www.radiopiu.net\/wordpress\/wp-content\/uploads\/2024\/10\/WhatsApp-Image-2024-10-23-at-20.48.18-728x1024.jpeg 728w, https:\/\/www.radiopiu.net\/wordpress\/wp-content\/uploads\/2024\/10\/WhatsApp-Image-2024-10-23-at-20.48.18-768x1080.jpeg 768w, https:\/\/www.radiopiu.net\/wordpress\/wp-content\/uploads\/2024\/10\/WhatsApp-Image-2024-10-23-at-20.48.18-1092x1536.jpeg 1092w, https:\/\/www.radiopiu.net\/wordpress\/wp-content\/uploads\/2024\/10\/WhatsApp-Image-2024-10-23-at-20.48.18.jpeg 1456w\" sizes=\"auto, (max-width: 96px) 100vw, 96px\" \/><\/a>UN INCONTRO PER PARLARE DI TRUFFE AGLI ANZIANI<\/h3>\n<\/blockquote>\n<p><strong>LONGARONE<\/strong> L\u2019Universit\u00e0 Adulti Anziani di Belluno e il Comune di Longarone organizzano un incontro formativo sulle truffe informatiche e telefoniche, rivolto in particolare agli anziani. L\u2019evento, aperto a tutti, si terr\u00e0 oggi al centro culturale \u201cF. Parri\u201d e vedr\u00e0 la partecipazione degli agenti della Questura di Belluno. Durante l\u2019incontro saranno illustrati i principali raggiri e le tecniche per prevenirli, fornendo strumenti concreti per riconoscere e difendersi dalle truffe.<\/p>\n<p>&nbsp;<\/p>\n<p>&nbsp;<\/p>\n<hr \/>\n<p>&nbsp;<\/p>\n<p>&nbsp;<\/p>\n<p><a class=\"dt-pswp-item\" href=\"https:\/\/www.radiopiu.net\/wordpress\/wp-content\/uploads\/2024\/10\/Senza-nome-125.png\" data-dt-img-description=\"\" data-large_image_width=\"563\" data-large_image_height=\"648\"><img loading=\"lazy\" decoding=\"async\" class=\"wp-image-416833 size-full aligncenter\" src=\"https:\/\/www.radiopiu.net\/wordpress\/wp-content\/uploads\/2024\/10\/Senza-nome-125.png\" alt=\"\" width=\"563\" height=\"648\" srcset=\"https:\/\/www.radiopiu.net\/wordpress\/wp-content\/uploads\/2024\/10\/Senza-nome-125.png 563w, https:\/\/www.radiopiu.net\/wordpress\/wp-content\/uploads\/2024\/10\/Senza-nome-125-261x300.png 261w\" sizes=\"auto, (max-width: 563px) 100vw, 563px\" \/><\/a><\/p>\n<p>&nbsp;<\/p>\n<p>&nbsp;<\/p>\n<p>&nbsp;<\/p>\n<hr \/>\n<p>&nbsp;<\/p>\n<p><a class=\"dt-pswp-item\" href=\"https:\/\/www.radiopiu.net\/wordpress\/wp-content\/uploads\/2024\/10\/Senza-nome-8.png\" data-dt-img-description=\"\" data-large_image_width=\"343\" data-large_image_height=\"303\"><img loading=\"lazy\" decoding=\"async\" class=\"size-medium wp-image-412130 aligncenter\" src=\"https:\/\/www.radiopiu.net\/wordpress\/wp-content\/uploads\/2024\/10\/Senza-nome-8-300x265.png\" alt=\"\" width=\"300\" height=\"265\" srcset=\"https:\/\/www.radiopiu.net\/wordpress\/wp-content\/uploads\/2024\/10\/Senza-nome-8-300x265.png 300w, https:\/\/www.radiopiu.net\/wordpress\/wp-content\/uploads\/2024\/10\/Senza-nome-8.png 343w\" sizes=\"auto, (max-width: 300px) 100vw, 300px\" \/><\/a><\/p>\n<blockquote>\n<h1 dir=\"auto\"><\/h1>\n<\/blockquote>\n<p>&nbsp;<\/p>\n<p><a class=\"dt-pswp-item\" href=\"https:\/\/www.radiopiu.net\/wordpress\/wp-content\/uploads\/2023\/04\/120174246_10223779647583195_6297631747166802991_n.jpg\" data-dt-img-description=\"\" data-large_image_width=\"1440\" data-large_image_height=\"1440\"><img loading=\"lazy\" decoding=\"async\" class=\"wp-image-333487 alignleft\" src=\"https:\/\/www.radiopiu.net\/wordpress\/wp-content\/uploads\/2023\/04\/120174246_10223779647583195_6297631747166802991_n-300x300.jpg\" alt=\"\" width=\"103\" height=\"103\" srcset=\"https:\/\/www.radiopiu.net\/wordpress\/wp-content\/uploads\/2023\/04\/120174246_10223779647583195_6297631747166802991_n-300x300.jpg 300w, https:\/\/www.radiopiu.net\/wordpress\/wp-content\/uploads\/2023\/04\/120174246_10223779647583195_6297631747166802991_n-1024x1024.jpg 1024w, https:\/\/www.radiopiu.net\/wordpress\/wp-content\/uploads\/2023\/04\/120174246_10223779647583195_6297631747166802991_n-150x150.jpg 150w, https:\/\/www.radiopiu.net\/wordpress\/wp-content\/uploads\/2023\/04\/120174246_10223779647583195_6297631747166802991_n-768x768.jpg 768w, https:\/\/www.radiopiu.net\/wordpress\/wp-content\/uploads\/2023\/04\/120174246_10223779647583195_6297631747166802991_n.jpg 1440w\" sizes=\"auto, (max-width: 103px) 100vw, 103px\" \/><\/a><strong>Dolcetto o scherzetto? Radio Pi\u00f9 \u00e8 pronta per la serata di Halloween per accompagnarvi nella notte pi\u00f9 paurosa dell\u2019anno<\/strong><br \/>\n<a dir=\"ltr\" href=\"x-apple-data-detectors:\/\/4\">Gioved\u00ec 31 ottobre a partire dalle 21<\/a> Marco Gaz e Marco Costantini vi faranno compagnia con la colonna sonora adatta per una serata spaventosa. Una diretta in cui ci saranno anche degli ospiti d\u2019eccezione.<a dir=\"ltr\" href=\"x-apple-data-detectors:\/\/5\"> Gioved\u00ec 31 ottobre alle 21<\/a> su Radio Pi\u00f9\u2026dolcetto o scherzetto?<\/p>\n<p>&nbsp;<\/p>\n<p>&nbsp;<\/p>\n<hr \/>\n<p>&nbsp;<\/p>\n<blockquote>\n<h2>Un concerto di fraternit\u00e0 a Frassen\u00e8<\/h2>\n<\/blockquote>\n<p><strong>VOLTAGO\u00a0<\/strong><\/p>\n<p><img loading=\"lazy\" decoding=\"async\" class=\"alignleft\" src=\"https:\/\/www.radiopiu.net\/wordpress\/wp-content\/uploads\/2024\/10\/20241023_095700-scaled.jpg\" width=\"219\" height=\"154\" \/>Sabato 9 novembre, la chiesa parrocchiale di Frassen\u00e8 ospiter\u00e0 un concerto speciale, organizzato come giornata di fraternit\u00e0 per i destinatari dell&#8217;attivit\u00e0 musicale, i loro familiari e amici. L&#8217;iniziativa, promossa dall&#8217;Associazione Volontari Inserimento Disabili, ha raccolto un grande entusiasmo, tanto da dover spostare l&#8217;evento dalla chiesa di Voltago a quella pi\u00f9 capiente di Frassen\u00e8. <em>&#8220;Questo appuntamento &#8211; spiega Don Fabiano Del Favero &#8211;\u00a0 non solo rappresenta un momento musicale, ma \u00e8 un&#8217;occasione per far conoscere una realt\u00e0 di inclusione e promozione umana, mostrando l&#8217;attenzione delle comunit\u00e0 cristiane verso il bene e le sue <\/em><em>diverse espressioni. Un segno tangibile di unit\u00e0 e solidariet\u00e0 in un mondo che ne ha sempre pi\u00f9 bisogno&#8221;.<\/em><\/p>\n<p>&nbsp;<\/p>\n<hr \/>\n<p>&nbsp;<\/p>\n<p>&nbsp;<\/p>\n<div class=\"mb-2 flex gap-3 empty:hidden -ml-2\">\n<div class=\"items-center justify-start rounded-xl p-1 flex\">\n<div class=\"flex items-center\">\n<div class=\"flex max-w-full flex-col flex-grow\">\n<div class=\"min-h-8 text-message flex w-full flex-col items-end gap-2 whitespace-normal break-words [.text-message+&amp;]:mt-5\" dir=\"auto\" data-message-author-role=\"assistant\" data-message-id=\"c2b1fe33-bc8b-45f1-969f-7db88566768c\" data-message-model-slug=\"gpt-4o\">\n<div class=\"flex w-full flex-col gap-1 empty:hidden first:pt-[3px]\">\n<div class=\"markdown prose w-full break-words dark:prose-invert dark\">\n<blockquote>\n<h3><a class=\"dt-pswp-item\" href=\"https:\/\/www.radiopiu.net\/wordpress\/wp-content\/uploads\/2024\/10\/Senza-nome-97.png\" data-dt-img-description=\"\" data-large_image_width=\"325\" data-large_image_height=\"208\"><img loading=\"lazy\" decoding=\"async\" class=\"size-medium wp-image-415809 alignleft\" src=\"https:\/\/www.radiopiu.net\/wordpress\/wp-content\/uploads\/2024\/10\/Senza-nome-97-300x192.png\" alt=\"\" width=\"300\" height=\"192\" srcset=\"https:\/\/www.radiopiu.net\/wordpress\/wp-content\/uploads\/2024\/10\/Senza-nome-97-300x192.png 300w, https:\/\/www.radiopiu.net\/wordpress\/wp-content\/uploads\/2024\/10\/Senza-nome-97.png 325w\" sizes=\"auto, (max-width: 300px) 100vw, 300px\" \/><\/a>LA CENA DEI COSCRITTI DEL 1974<\/h3>\n<\/blockquote>\n<p><strong>FALCADE<\/strong> Le cena della classe 1974 dei coscritti dell&#8217;<strong>Agordino<\/strong> si terr\u00e0\u00a0 sabato 30 novembre\u00a0 a Falcade, Hotel Stella Alpina. La cena e&#8217; aperta ai nati nel 1974 nei 16 comuni dell&#8217;Agordino, e sara&#8217; un&#8217;occasione di ritrovo,\u00a0 dopo tanto tempo e festeggiare il mezzo secolo.Info\u00a0 3478120853<\/p>\n<\/div>\n<\/div>\n<\/div>\n<\/div>\n<\/div>\n<\/div>\n<\/div>\n<div class=\"page-title-breadcrumbs\">\n<p>&nbsp;<\/p>\n<\/div>\n<p>&nbsp;<\/p>\n<p>&nbsp;<\/p>\n<p>&nbsp;<\/p>\n<p>&nbsp;<\/p>\n<hr \/>\n<p>&nbsp;<\/p>\n<blockquote><p><strong>Halloween a Borgo Valbelluna: Notte di Streghe e Misteri per Tutta la Famiglia<\/strong><\/p><\/blockquote>\n<p><strong>BORGO VALBELLUNA<\/strong> Il Duo G&amp;G organizza una serata\u00a0 a Mel oggi dalle 18.30, con streghe, fantasmi e spettacoli per grandi e piccini. L&#8217;evento nell&#8217;Auditorium ex chiesa San Piero, prevede incantesimi, musica e un misterioso castello da esplorare, con premi per le maschere pi\u00f9 spaventose.<\/p>\n<p>&nbsp;<\/p>\n<p>&nbsp;<\/p>\n<hr \/>\n<p>&nbsp;<\/p>\n<blockquote>\n<h3><a class=\"dt-pswp-item\" href=\"https:\/\/www.radiopiu.net\/wordpress\/wp-content\/uploads\/2024\/10\/SCR-20241027-nyyf.png\" data-dt-img-description=\"\" data-large_image_width=\"1210\" data-large_image_height=\"646\"><img loading=\"lazy\" decoding=\"async\" class=\" wp-image-416654 alignleft\" src=\"https:\/\/www.radiopiu.net\/wordpress\/wp-content\/uploads\/2024\/10\/SCR-20241027-nyyf-300x160.png\" alt=\"\" width=\"193\" height=\"103\" srcset=\"https:\/\/www.radiopiu.net\/wordpress\/wp-content\/uploads\/2024\/10\/SCR-20241027-nyyf-300x160.png 300w, https:\/\/www.radiopiu.net\/wordpress\/wp-content\/uploads\/2024\/10\/SCR-20241027-nyyf-1024x547.png 1024w, https:\/\/www.radiopiu.net\/wordpress\/wp-content\/uploads\/2024\/10\/SCR-20241027-nyyf-768x410.png 768w, https:\/\/www.radiopiu.net\/wordpress\/wp-content\/uploads\/2024\/10\/SCR-20241027-nyyf.png 1210w\" sizes=\"auto, (max-width: 193px) 100vw, 193px\" \/><\/a>SOTTO IL MANTELLO, CON L&#8217;ASSOCIAZIONE CUCCHINI<\/h3>\n<\/blockquote>\n<p><strong>BELLUNO<\/strong><\/p>\n<p>DI ROBERTO BONA<\/p>\n<audio class=\"wp-audio-shortcode\" id=\"audio-416927-16\" preload=\"none\" style=\"width: 100%;\" controls=\"controls\"><source type=\"audio\/mpeg\" src=\"https:\/\/www.radiopiu.net\/wordpress\/wp-content\/uploads\/2024\/10\/BONA-SOTTO-IL-MANTELLO-CUCCHINI-SCADE-8-NOVEMBRE.mp3?_=16\" \/><a href=\"https:\/\/www.radiopiu.net\/wordpress\/wp-content\/uploads\/2024\/10\/BONA-SOTTO-IL-MANTELLO-CUCCHINI-SCADE-8-NOVEMBRE.mp3\">https:\/\/www.radiopiu.net\/wordpress\/wp-content\/uploads\/2024\/10\/BONA-SOTTO-IL-MANTELLO-CUCCHINI-SCADE-8-NOVEMBRE.mp3<\/a><\/audio>\n<p>&nbsp;<\/p>\n<hr \/>\n<p>&nbsp;<\/p>\n<blockquote>\n<h3>UN DUE TRE TURANDOT AL TEATRO DI BELLUNO<\/h3>\n<\/blockquote>\n<p><strong>DI ROBERTO BONA<\/strong><\/p>\n<audio class=\"wp-audio-shortcode\" id=\"audio-416927-17\" preload=\"none\" style=\"width: 100%;\" controls=\"controls\"><source type=\"audio\/mpeg\" src=\"https:\/\/www.radiopiu.net\/wordpress\/wp-content\/uploads\/2024\/10\/BONA-UN-DUE-TRE-TOURANDOT-SCADE-9-NOVEMBRE.mp3?_=17\" \/><a href=\"https:\/\/www.radiopiu.net\/wordpress\/wp-content\/uploads\/2024\/10\/BONA-UN-DUE-TRE-TOURANDOT-SCADE-9-NOVEMBRE.mp3\">https:\/\/www.radiopiu.net\/wordpress\/wp-content\/uploads\/2024\/10\/BONA-UN-DUE-TRE-TOURANDOT-SCADE-9-NOVEMBRE.mp3<\/a><\/audio>\n<p>&nbsp;<\/p>\n<hr \/>\n<p>&nbsp;<\/p>\n<h2><span style=\"color: #ff6600;\">IERI ALLA RADIO<\/span><\/h2>\n<h2><span style=\"color: #ff00ff;\">DI MARTEDI&#8230; POMERIGGIO CON LUISA ALCHINI<\/span><\/h2>\n<p><span style=\"color: #ff0000;\"><strong><a class=\"dt-pswp-item\" href=\"https:\/\/www.radiopiu.net\/wordpress\/wp-content\/uploads\/2024\/10\/464781340_10220736611964879_5742213734727323003_n.jpg\" data-dt-img-description=\"\" data-large_image_width=\"717\" data-large_image_height=\"540\"><img loading=\"lazy\" decoding=\"async\" class=\" wp-image-417028 alignleft\" src=\"https:\/\/www.radiopiu.net\/wordpress\/wp-content\/uploads\/2024\/10\/464781340_10220736611964879_5742213734727323003_n-300x226.jpg\" alt=\"\" width=\"159\" height=\"120\" srcset=\"https:\/\/www.radiopiu.net\/wordpress\/wp-content\/uploads\/2024\/10\/464781340_10220736611964879_5742213734727323003_n-300x226.jpg 300w, https:\/\/www.radiopiu.net\/wordpress\/wp-content\/uploads\/2024\/10\/464781340_10220736611964879_5742213734727323003_n.jpg 717w\" sizes=\"auto, (max-width: 159px) 100vw, 159px\" \/><\/a>PUNTATA 16 PARTE UNO &#8211; LINEE GUIDA PER L&#8217;INCLUSIONE E L&#8217;ACCESSIBILITA&#8217; MILANO CORTINA 2026<\/strong><\/span><\/p>\n<audio class=\"wp-audio-shortcode\" id=\"audio-416927-18\" preload=\"none\" style=\"width: 100%;\" controls=\"controls\"><source type=\"audio\/mpeg\" src=\"https:\/\/www.radiopiu.net\/wordpress\/wp-content\/uploads\/2024\/10\/LP1-3.mp3?_=18\" \/><a href=\"https:\/\/www.radiopiu.net\/wordpress\/wp-content\/uploads\/2024\/10\/LP1-3.mp3\">https:\/\/www.radiopiu.net\/wordpress\/wp-content\/uploads\/2024\/10\/LP1-3.mp3<\/a><\/audio>\n<p><span style=\"color: #ff0000;\">\u00a0<\/span><\/p>\n<p><span style=\"color: #ff0000;\"><strong>PARTE DUE<\/strong><\/span><\/p>\n<audio class=\"wp-audio-shortcode\" id=\"audio-416927-19\" preload=\"none\" style=\"width: 100%;\" controls=\"controls\"><source type=\"audio\/mpeg\" src=\"https:\/\/www.radiopiu.net\/wordpress\/wp-content\/uploads\/2024\/10\/LP2-4.mp3?_=19\" \/><a href=\"https:\/\/www.radiopiu.net\/wordpress\/wp-content\/uploads\/2024\/10\/LP2-4.mp3\">https:\/\/www.radiopiu.net\/wordpress\/wp-content\/uploads\/2024\/10\/LP2-4.mp3<\/a><\/audio>\n<p>&nbsp;<\/p>\n<h2>LA RACCOLTA COMPLETA <a href=\"https:\/\/www.radiopiu.net\/wordpress\/lmt16\/\"><span style=\"color: #3366ff;\">CLICCA QUI<\/span><\/a><\/h2>\n<p>&nbsp;<\/p>\n<hr \/>\n<p>&nbsp;<\/p>\n<h2><span style=\"color: #00ccff;\">&#8220;DINTORN E FORA VIA&#8221;\u00a0 IL PROGRAMMA\u00a0 A CURA DEL MUSLA<\/span><\/h2>\n<p><strong><a class=\"dt-pswp-item\" href=\"https:\/\/www.radiopiu.net\/wordpress\/wp-content\/uploads\/2020\/04\/giornali.jpg\" data-dt-img-description=\"\" data-large_image_width=\"1920\" data-large_image_height=\"1280\"><img loading=\"lazy\" decoding=\"async\" class=\" wp-image-126692 alignleft\" src=\"https:\/\/www.radiopiu.net\/wordpress\/wp-content\/uploads\/2020\/04\/giornali-300x200.jpg\" alt=\"\" width=\"176\" height=\"117\" srcset=\"https:\/\/www.radiopiu.net\/wordpress\/wp-content\/uploads\/2020\/04\/giornali-300x200.jpg 300w, https:\/\/www.radiopiu.net\/wordpress\/wp-content\/uploads\/2020\/04\/giornali-1024x683.jpg 1024w, https:\/\/www.radiopiu.net\/wordpress\/wp-content\/uploads\/2020\/04\/giornali-768x512.jpg 768w, https:\/\/www.radiopiu.net\/wordpress\/wp-content\/uploads\/2020\/04\/giornali-1536x1024.jpg 1536w, https:\/\/www.radiopiu.net\/wordpress\/wp-content\/uploads\/2020\/04\/giornali.jpg 1920w\" sizes=\"auto, (max-width: 176px) 100vw, 176px\" \/><\/a>PUNTATA DEL 29 OTTOBRE ERIK MARCON<\/strong><\/p>\n<audio class=\"wp-audio-shortcode\" id=\"audio-416927-20\" preload=\"none\" style=\"width: 100%;\" controls=\"controls\"><source type=\"audio\/mpeg\" src=\"https:\/\/www.radiopiu.net\/wordpress\/wp-content\/uploads\/2024\/10\/MUSLA-9.mp3?_=20\" \/><a href=\"https:\/\/www.radiopiu.net\/wordpress\/wp-content\/uploads\/2024\/10\/MUSLA-9.mp3\">https:\/\/www.radiopiu.net\/wordpress\/wp-content\/uploads\/2024\/10\/MUSLA-9.mp3<\/a><\/audio>\n<p>&nbsp;<\/p>\n<h2>LA RACCOLTA COMPLETA <a href=\"https:\/\/www.radiopiu.net\/wordpress\/musla\/\"><span style=\"color: #3366ff;\">CLICCA QUI<\/span><\/a><\/h2>\n<p>&nbsp;<\/p>\n<hr \/>\n<p>&nbsp;<\/p>\n<h2><span style=\"color: #800080;\">EMOZIONE CONTINUA&#8230;100 ANNI DI PASSIONE RACCONTATI ALLA RADIO<\/span><\/h2>\n<p><span style=\"color: #ff00ff;\"><strong>PUNTATA 16 LA RADIO E I GIOVANI<\/strong><\/span><\/p>\n<audio class=\"wp-audio-shortcode\" id=\"audio-416927-21\" preload=\"none\" style=\"width: 100%;\" controls=\"controls\"><source type=\"audio\/mpeg\" src=\"https:\/\/www.radiopiu.net\/wordpress\/wp-content\/uploads\/2024\/10\/PL2-4.mp3?_=21\" \/><a href=\"https:\/\/www.radiopiu.net\/wordpress\/wp-content\/uploads\/2024\/10\/PL2-4.mp3\">https:\/\/www.radiopiu.net\/wordpress\/wp-content\/uploads\/2024\/10\/PL2-4.mp3<\/a><\/audio>\n<p>&nbsp;<\/p>\n<h2>LA RACOLTA COMPLETA <a href=\"https:\/\/www.radiopiu.net\/wordpress\/emozione-continua-100-anni-di-passione-raccontati-alla-radio-la-raccolta\/\"><span style=\"color: #3366ff;\">CLICCA QUI<\/span><\/a><\/h2>\n<p>&nbsp;<\/p>\n<hr \/>\n<p>&nbsp;<\/p>\n<blockquote class=\"wp-embedded-content\" data-secret=\"PqravnUNGj\"><p><a href=\"https:\/\/www.radiopiu.net\/wordpress\/dal-monte-pelmo-alletna-con-stefano-paolo-e-radiopiu-04\/\">DAL MONTE PELMO ALL&#8217;ETNA CON STEFANO, PAOLO&#8230; E RADIOPIU&#8217;<\/a><\/p><\/blockquote>\n<p><iframe loading=\"lazy\" class=\"wp-embedded-content\" sandbox=\"allow-scripts\" security=\"restricted\" style=\"position: absolute; visibility: hidden;\" title=\"&#8220;DAL MONTE PELMO ALL&#8217;ETNA CON STEFANO, PAOLO&#8230; E RADIOPIU&#8217;&#8221; &#8212; Radio Pi\u00f9\" src=\"https:\/\/www.radiopiu.net\/wordpress\/dal-monte-pelmo-alletna-con-stefano-paolo-e-radiopiu-04\/embed\/#?secret=625QEqsaXP#?secret=PqravnUNGj\" data-secret=\"PqravnUNGj\" width=\"600\" height=\"338\" frameborder=\"0\" marginwidth=\"0\" marginheight=\"0\" scrolling=\"no\"><\/iframe><\/p>\n<p>&nbsp;<\/p>\n<hr \/>\n<p>&nbsp;<\/p>\n<h2><span style=\"color: #808000;\">AL CINEMA DOLOMITI DI FALCADE &#8220;IL MAESTRO CHE PROMISE IL MARE&#8221;<\/span><\/h2>\n<p><strong><a class=\"dt-pswp-item\" href=\"https:\/\/www.radiopiu.net\/wordpress\/wp-content\/uploads\/2024\/10\/IL-MAESTRO-CHE-PROMISE-IL-MARE-e1726041825798.jpg\" data-dt-img-description=\"\" data-large_image_width=\"1000\" data-large_image_height=\"644\"><img loading=\"lazy\" decoding=\"async\" class=\" wp-image-417040 alignleft\" src=\"https:\/\/www.radiopiu.net\/wordpress\/wp-content\/uploads\/2024\/10\/IL-MAESTRO-CHE-PROMISE-IL-MARE-e1726041825798-300x193.jpg\" alt=\"\" width=\"163\" height=\"105\" srcset=\"https:\/\/www.radiopiu.net\/wordpress\/wp-content\/uploads\/2024\/10\/IL-MAESTRO-CHE-PROMISE-IL-MARE-e1726041825798-300x193.jpg 300w, https:\/\/www.radiopiu.net\/wordpress\/wp-content\/uploads\/2024\/10\/IL-MAESTRO-CHE-PROMISE-IL-MARE-e1726041825798-768x495.jpg 768w, https:\/\/www.radiopiu.net\/wordpress\/wp-content\/uploads\/2024\/10\/IL-MAESTRO-CHE-PROMISE-IL-MARE-e1726041825798.jpg 1000w\" sizes=\"auto, (max-width: 163px) 100vw, 163px\" \/><\/a>FALCADE<\/strong> Venerd\u00ec, sabato e domenica al Cinema Dolomiti di Falcade \u00e8 in programmazione &#8220;Il Maestro Che Promise Il Mare&#8221;, un film drammatico storico spagnolo del 2023 diretto da Patricia Font da una sceneggiatura di Albert Val, basata sul libro di Francesc Escribano. Ha come protagonisti Enric Auquer e Laia Costa insieme a Luisa Gavasa. Spettacoli alle 21, venerd\u00ec e domenica anche alle 15:30.<\/p>\n<p><strong>LA PRESENTAZIONE A CURA DI PAOLA LANCIATO<\/strong><\/p>\n<audio class=\"wp-audio-shortcode\" id=\"audio-416927-22\" preload=\"none\" style=\"width: 100%;\" controls=\"controls\"><source type=\"audio\/mpeg\" src=\"https:\/\/www.radiopiu.net\/wordpress\/wp-content\/uploads\/2024\/10\/Il-maestro-che-promise-il-mare.mp3?_=22\" \/><a href=\"https:\/\/www.radiopiu.net\/wordpress\/wp-content\/uploads\/2024\/10\/Il-maestro-che-promise-il-mare.mp3\">https:\/\/www.radiopiu.net\/wordpress\/wp-content\/uploads\/2024\/10\/Il-maestro-che-promise-il-mare.mp3<\/a><\/audio>\n<p>&nbsp;<\/p>\n<hr \/>\n<p>&nbsp;<\/p>\n<blockquote class=\"wp-embedded-content\" data-secret=\"gAtdgIV3TL\"><p><a href=\"https:\/\/www.radiopiu.net\/wordpress\/set5a\/\">EL BAL DEL FIOR, DETTI E MODI DI DIRE  LA RACCOLTA COMPLETA<\/a><\/p><\/blockquote>\n<p><iframe loading=\"lazy\" class=\"wp-embedded-content\" sandbox=\"allow-scripts\" security=\"restricted\" style=\"position: absolute; visibility: hidden;\" title=\"&#8220;EL BAL DEL FIOR, DETTI E MODI DI DIRE  LA RACCOLTA COMPLETA&#8221; &#8212; Radio Pi\u00f9\" src=\"https:\/\/www.radiopiu.net\/wordpress\/set5a\/embed\/#?secret=HrVkmaVr7e#?secret=gAtdgIV3TL\" data-secret=\"gAtdgIV3TL\" width=\"600\" height=\"338\" frameborder=\"0\" marginwidth=\"0\" marginheight=\"0\" scrolling=\"no\"><\/iframe><\/p>\n<p>&nbsp;<\/p>\n<blockquote class=\"wp-embedded-content\" data-secret=\"GIkNH3YvNf\"><p><a href=\"https:\/\/www.radiopiu.net\/wordpress\/almanac1\/\">N di parom &#8211; L Almanach de la nosta jent RACCOLTA COMPLETA<\/a><\/p><\/blockquote>\n<p><iframe loading=\"lazy\" class=\"wp-embedded-content\" sandbox=\"allow-scripts\" security=\"restricted\" style=\"position: absolute; visibility: hidden;\" title=\"&#8220;N di parom &#8211; L Almanach de la nosta jent RACCOLTA COMPLETA&#8221; &#8212; Radio Pi\u00f9\" src=\"https:\/\/www.radiopiu.net\/wordpress\/almanac1\/embed\/#?secret=Qz8Xk3ir6h#?secret=GIkNH3YvNf\" data-secret=\"GIkNH3YvNf\" width=\"600\" height=\"338\" frameborder=\"0\" marginwidth=\"0\" marginheight=\"0\" scrolling=\"no\"><\/iframe><\/p>\n<p>&nbsp;<\/p>\n<blockquote class=\"wp-embedded-content\" data-secret=\"GIaWj7TFNO\"><p><a href=\"https:\/\/www.radiopiu.net\/wordpress\/pirole-de-lenga-la-parola-del-giorno-a-cura-del-musla-raccolta-completa\/\">PIROLE DE LENGA&#8230; LA PAROLA DEL GIORNO A CURA DEL MUSLA -raccolta completa &#8211;<\/a><\/p><\/blockquote>\n<p><iframe loading=\"lazy\" class=\"wp-embedded-content\" sandbox=\"allow-scripts\" security=\"restricted\" style=\"position: absolute; visibility: hidden;\" title=\"&#8220;PIROLE DE LENGA&#8230; LA PAROLA DEL GIORNO A CURA DEL MUSLA -raccolta completa &#8211;&#8221; &#8212; Radio Pi\u00f9\" src=\"https:\/\/www.radiopiu.net\/wordpress\/pirole-de-lenga-la-parola-del-giorno-a-cura-del-musla-raccolta-completa\/embed\/#?secret=gRpiBhcylb#?secret=GIaWj7TFNO\" data-secret=\"GIaWj7TFNO\" width=\"600\" height=\"338\" frameborder=\"0\" marginwidth=\"0\" marginheight=\"0\" scrolling=\"no\"><\/iframe><\/p>\n<p>&nbsp;<\/p>\n<hr \/>\n<p>&nbsp;<\/p>\n<h2><span style=\"color: #ff0000;\"><a class=\"dt-pswp-item\" href=\"https:\/\/www.radiopiu.net\/wordpress\/wp-content\/uploads\/2018\/09\/appuntamenti.jpeg\" data-dt-img-description=\"\" data-large_image_width=\"800\" data-large_image_height=\"100\"><img loading=\"lazy\" decoding=\"async\" class=\"wp-image-61958 size-full aligncenter\" src=\"https:\/\/www.radiopiu.net\/wordpress\/wp-content\/uploads\/2018\/09\/appuntamenti.jpeg\" alt=\"\" width=\"800\" height=\"100\" srcset=\"https:\/\/www.radiopiu.net\/wordpress\/wp-content\/uploads\/2018\/09\/appuntamenti.jpeg 800w, https:\/\/www.radiopiu.net\/wordpress\/wp-content\/uploads\/2018\/09\/appuntamenti-300x38.jpeg 300w, https:\/\/www.radiopiu.net\/wordpress\/wp-content\/uploads\/2018\/09\/appuntamenti-768x96.jpeg 768w\" sizes=\"auto, (max-width: 800px) 100vw, 800px\" \/><\/a><\/span><\/h2>\n<p>&nbsp;<\/p>\n<p>&nbsp;<\/p>\n<div style=\"width: 1200px;\" class=\"wp-video\"><video class=\"wp-video-shortcode\" id=\"video-416927-1\" width=\"1200\" height=\"675\" preload=\"metadata\" controls=\"controls\"><source type=\"video\/mp4\" src=\"https:\/\/www.radiopiu.net\/wordpress\/wp-content\/uploads\/2024\/10\/WhatsApp-Video-2024-10-23-at-00.12.10.mp4?_=1\" \/><a href=\"https:\/\/www.radiopiu.net\/wordpress\/wp-content\/uploads\/2024\/10\/WhatsApp-Video-2024-10-23-at-00.12.10.mp4\">https:\/\/www.radiopiu.net\/wordpress\/wp-content\/uploads\/2024\/10\/WhatsApp-Video-2024-10-23-at-00.12.10.mp4<\/a><\/video><\/div>\n<p><strong>\u00a0<\/strong><\/p>\n<p><strong>FALCADE<\/strong>\u00a0 Riapre il Cinema Dolomiti di Falcade. Venerd\u00ec, sabato e domenica verr\u00e0 proiettato il film Il Maestro Che Promise Il Mare. Spettacoli alle 21, venerd\u00ec e domenica anche alle 15:30<\/p>\n<div class=\"flex-shrink-0 flex flex-col relative items-end\">\n<div class=\"pt-0\">\n<div class=\"gizmo-bot-avatar flex h-8 w-8 items-center justify-center overflow-hidden rounded-full\">\n<p class=\"relative p-1 rounded-sm flex items-center justify-center bg-token-main-surface-primary text-token-text-primary h-8 w-8\"><strong>CANALE D&#8217;AGORDO <\/strong>Jazzercise \u00e8 un allenamento ad alta intensit\u00e0 che combina danza, pilates, yoga e kickboxing, adatto a tutti i livelli di fitness. \u00c8 efficace per tonificare i muscoli, migliorare la postura e ottenere un fisico snello. Nell&#8217;Agordino, le lezioni si tengono a Canale d&#8217;Agordo, nella sala ex emigranti di via Lotta, il luned\u00ec dalle 18:15 alle 19:15 e il mercoled\u00ec dalle 18:30 alle 19:30. L&#8217;istruttrice certificata RaLuca ti aspetta per un allenamento coinvolgente al ritmo di musica attuale. Per informazioni: 347 9295478<\/p>\n<\/div>\n<\/div>\n<\/div>\n<p><strong>FALCADE<\/strong> La Proloco di Caviola presenta &#8220;Proposte d&#8217;autunno&#8221;, un programma di eventi per vivere meglio. I prossimi appuntamenti includono: un incontro con Mauro Valt alla Casa della Giovent\u00f9 di Caviola il 6 novembre alle 20, e una serata osservando le stelle con &#8220;Cieli Dolomitici&#8221; il 9 novembre alle 20:30. Inoltre, il 10 novembre si svolger\u00e0 una castagnata con gli Alpini in occasione di San Martino, e il 22 novembre ci sar\u00e0 la chiusura con Roberto Sorama\u00e8 e il suo evento &#8220;Sete d\u2019Africa&#8221; alla Casa della Giovent\u00f9. Per informazioni: 349 1945861.<\/p>\n<p><strong>BELLUNO <\/strong>Venerd\u00ec 8 novembre, dalle ore 18, presso l&#8217;aula magna dell&#8217;Istituto Superiore Tommaso Catullo di Belluno, si terr\u00e0 un evento organizzato da Pig&amp;Menti, che propone un dialogo sugli archetipi tra linguistica e neuroscienze. I relatori saranno il professor Michele T\u00ecson e il professor Renzo Barbazza. L&#8217;evento \u00e8 realizzato in collaborazione con Banca Prealpi San Biagio e i dottori Marco Tarascio e Silvia Barbini.<\/p>\n<p>&nbsp;<\/p>\n<div>\n<div class=\"\" dir=\"auto\">\n<div id=\":r9h:\" class=\"x1iorvi4 x1pi30zi x1l90r2v x1swvt13\" data-ad-comet-preview=\"message\" data-ad-preview=\"message\">\n\n\t\t\t<style type='text\/css'>\n\t\t\t\t#gallery-1 {\n\t\t\t\t\tmargin: auto;\n\t\t\t\t}\n\t\t\t\t#gallery-1 .gallery-item {\n\t\t\t\t\tfloat: left;\n\t\t\t\t\tmargin-top: 10px;\n\t\t\t\t\ttext-align: center;\n\t\t\t\t\twidth: 25%;\n\t\t\t\t}\n\t\t\t\t#gallery-1 img {\n\t\t\t\t\tborder: 2px solid #cfcfcf;\n\t\t\t\t}\n\t\t\t\t#gallery-1 .gallery-caption {\n\t\t\t\t\tmargin-left: 0;\n\t\t\t\t}\n\t\t\t\t\/* see gallery_shortcode() in wp-includes\/media.php *\/\n\t\t\t<\/style>\n\t\t<div id='gallery-1' class='dt-gallery-container gallery galleryid-416927 gallery-columns-4 gallery-size-thumbnail'><dl class='gallery-item'>\n\t\t\t\t<dt class='gallery-icon portrait'>\n\t\t\t\t\t<a class=\"rollover rollover-zoom dt-pswp-item\" title=\"LOC_A3_MOSTRA-RADIO_CMVI\" data-dt-img-description=\"\" data-large_image_width=\"1816\" data-large_image_height=\"2560\"href='https:\/\/www.radiopiu.net\/wordpress\/wp-content\/uploads\/2024\/08\/LOC_A3_MOSTRA-RADIO_CMVI-scaled.jpg'><img loading=\"lazy\" decoding=\"async\" width=\"150\" height=\"150\" src=\"https:\/\/www.radiopiu.net\/wordpress\/wp-content\/uploads\/2024\/08\/LOC_A3_MOSTRA-RADIO_CMVI-150x150.jpg\" class=\"attachment-thumbnail size-thumbnail\" alt=\"\" aria-describedby=\"gallery-1-403450\" \/><\/a>\n\t\t\t\t<\/dt>\n\t\t\t\t\t<dd class='wp-caption-text gallery-caption' id='gallery-1-403450'>\n\t\t\t\t\tLA MOSTRA DELLE RADIO IN VALLE IMPERINA\n\t\t\t\t\t<\/dd><\/dl><dl class='gallery-item'>\n\t\t\t\t<dt class='gallery-icon portrait'>\n\t\t\t\t\t<a class=\"rollover rollover-zoom dt-pswp-item\" title=\"967a322c-9996-42d7-af75-662ca7d89e84\" data-dt-img-description=\"\" data-large_image_width=\"1080\" data-large_image_height=\"1519\"href='https:\/\/www.radiopiu.net\/wordpress\/wp-content\/uploads\/2024\/10\/967a322c-9996-42d7-af75-662ca7d89e84-1.jpg'><img loading=\"lazy\" decoding=\"async\" width=\"150\" height=\"150\" src=\"https:\/\/www.radiopiu.net\/wordpress\/wp-content\/uploads\/2024\/10\/967a322c-9996-42d7-af75-662ca7d89e84-1-150x150.jpg\" class=\"attachment-thumbnail size-thumbnail\" alt=\"\" aria-describedby=\"gallery-1-413698\" \/><\/a>\n\t\t\t\t<\/dt>\n\t\t\t\t\t<dd class='wp-caption-text gallery-caption' id='gallery-1-413698'>\n\t\t\t\t\tDOMANI\n\t\t\t\t\t<\/dd><\/dl><dl class='gallery-item'>\n\t\t\t\t<dt class='gallery-icon portrait'>\n\t\t\t\t\t<a class=\"rollover rollover-zoom dt-pswp-item\" title=\"b783bbcc-c66e-4db7-96b5-e845a2664a84\" data-dt-img-description=\"\" data-large_image_width=\"509\" data-large_image_height=\"720\"href='https:\/\/www.radiopiu.net\/wordpress\/wp-content\/uploads\/2024\/10\/b783bbcc-c66e-4db7-96b5-e845a2664a84.jpg'><img loading=\"lazy\" decoding=\"async\" width=\"150\" height=\"150\" src=\"https:\/\/www.radiopiu.net\/wordpress\/wp-content\/uploads\/2024\/10\/b783bbcc-c66e-4db7-96b5-e845a2664a84-150x150.jpg\" class=\"attachment-thumbnail size-thumbnail\" alt=\"\" aria-describedby=\"gallery-1-414272\" \/><\/a>\n\t\t\t\t<\/dt>\n\t\t\t\t\t<dd class='wp-caption-text gallery-caption' id='gallery-1-414272'>\n\t\t\t\t\tIL 31 OTTOBRE\n\t\t\t\t\t<\/dd><\/dl><dl class='gallery-item'>\n\t\t\t\t<dt class='gallery-icon portrait'>\n\t\t\t\t\t<a class=\"rollover rollover-zoom dt-pswp-item\" title=\"Locandina\" data-dt-img-description=\"\" data-large_image_width=\"943\" data-large_image_height=\"1330\"href='https:\/\/www.radiopiu.net\/wordpress\/wp-content\/uploads\/2024\/10\/Locandina.png'><img loading=\"lazy\" decoding=\"async\" width=\"150\" height=\"150\" src=\"https:\/\/www.radiopiu.net\/wordpress\/wp-content\/uploads\/2024\/10\/Locandina-150x150.png\" class=\"attachment-thumbnail size-thumbnail\" alt=\"\" aria-describedby=\"gallery-1-415380\" \/><\/a>\n\t\t\t\t<\/dt>\n\t\t\t\t\t<dd class='wp-caption-text gallery-caption' id='gallery-1-415380'>\n\t\t\t\t\tCON L&#8217;ASSOCIAZIONE CUCCHINI\n\t\t\t\t\t<\/dd><\/dl><br style=\"clear: both\" \/><dl class='gallery-item'>\n\t\t\t\t<dt class='gallery-icon portrait'>\n\t\t\t\t\t<a class=\"rollover rollover-zoom dt-pswp-item\" title=\"Locandina 4 novembre 2024\" data-dt-img-description=\"\" data-large_image_width=\"595\" data-large_image_height=\"841\"href='https:\/\/www.radiopiu.net\/wordpress\/wp-content\/uploads\/2024\/10\/Locandina-4-novembre-2024.jpg'><img loading=\"lazy\" decoding=\"async\" width=\"150\" height=\"150\" src=\"https:\/\/www.radiopiu.net\/wordpress\/wp-content\/uploads\/2024\/10\/Locandina-4-novembre-2024-150x150.jpg\" class=\"attachment-thumbnail size-thumbnail\" alt=\"\" aria-describedby=\"gallery-1-416539\" \/><\/a>\n\t\t\t\t<\/dt>\n\t\t\t\t\t<dd class='wp-caption-text gallery-caption' id='gallery-1-416539'>\n\t\t\t\t\tIL 4 NOVEMBRE A FELTRE\n\t\t\t\t\t<\/dd><\/dl><dl class='gallery-item'>\n\t\t\t\t<dt class='gallery-icon portrait'>\n\t\t\t\t\t<a class=\"rollover rollover-zoom dt-pswp-item\" title=\"Locandina evento 3.11.24\" data-dt-img-description=\"\" data-large_image_width=\"595\" data-large_image_height=\"842\"href='https:\/\/www.radiopiu.net\/wordpress\/wp-content\/uploads\/2024\/10\/Locandina-evento-3.11.24.jpg'><img loading=\"lazy\" decoding=\"async\" width=\"150\" height=\"150\" src=\"https:\/\/www.radiopiu.net\/wordpress\/wp-content\/uploads\/2024\/10\/Locandina-evento-3.11.24-150x150.jpg\" class=\"attachment-thumbnail size-thumbnail\" alt=\"\" aria-describedby=\"gallery-1-416543\" \/><\/a>\n\t\t\t\t<\/dt>\n\t\t\t\t\t<dd class='wp-caption-text gallery-caption' id='gallery-1-416543'>\n\t\t\t\t\tDOMENICA A CANALE D&#8217;AGORDO\n\t\t\t\t\t<\/dd><\/dl><dl class='gallery-item'>\n\t\t\t\t<dt class='gallery-icon portrait'>\n\t\t\t\t\t<a class=\"rollover rollover-zoom dt-pswp-item\" title=\"Rappresentazione teatrale\" data-dt-img-description=\"\" data-large_image_width=\"1587\" data-large_image_height=\"2245\"href='https:\/\/www.radiopiu.net\/wordpress\/wp-content\/uploads\/2024\/10\/Rappresentazione-teatrale.jpg'><img loading=\"lazy\" decoding=\"async\" width=\"150\" height=\"150\" src=\"https:\/\/www.radiopiu.net\/wordpress\/wp-content\/uploads\/2024\/10\/Rappresentazione-teatrale-150x150.jpg\" class=\"attachment-thumbnail size-thumbnail\" alt=\"\" aria-describedby=\"gallery-1-416675\" \/><\/a>\n\t\t\t\t<\/dt>\n\t\t\t\t\t<dd class='wp-caption-text gallery-caption' id='gallery-1-416675'>\n\t\t\t\t\tIL 2 NOVEMBRE A CENCENIGHE\n\t\t\t\t\t<\/dd><\/dl><dl class='gallery-item'>\n\t\t\t\t<dt class='gallery-icon portrait'>\n\t\t\t\t\t<a class=\"rollover rollover-zoom dt-pswp-item\" title=\"5a1568d7-1a93-46e4-bca0-1310a6f1dc9d\" data-dt-img-description=\"\" data-large_image_width=\"1131\" data-large_image_height=\"1600\"href='https:\/\/www.radiopiu.net\/wordpress\/wp-content\/uploads\/2024\/10\/5a1568d7-1a93-46e4-bca0-1310a6f1dc9d.jpg'><img loading=\"lazy\" decoding=\"async\" width=\"150\" height=\"150\" src=\"https:\/\/www.radiopiu.net\/wordpress\/wp-content\/uploads\/2024\/10\/5a1568d7-1a93-46e4-bca0-1310a6f1dc9d-150x150.jpg\" class=\"attachment-thumbnail size-thumbnail\" alt=\"\" aria-describedby=\"gallery-1-416858\" \/><\/a>\n\t\t\t\t<\/dt>\n\t\t\t\t\t<dd class='wp-caption-text gallery-caption' id='gallery-1-416858'>\n\t\t\t\t\tVENERDI ALLEGHE &#8211; BRESSANONE\n\t\t\t\t\t<\/dd><\/dl><br style=\"clear: both\" \/><dl class='gallery-item'>\n\t\t\t\t<dt class='gallery-icon portrait'>\n\t\t\t\t\t<a class=\"rollover rollover-zoom dt-pswp-item\" title=\"fe726cf9-1a79-4883-968b-ba99da12eed2\" data-dt-img-description=\"\" data-large_image_width=\"1131\" data-large_image_height=\"1600\"href='https:\/\/www.radiopiu.net\/wordpress\/wp-content\/uploads\/2024\/10\/fe726cf9-1a79-4883-968b-ba99da12eed2.jpg'><img loading=\"lazy\" decoding=\"async\" width=\"150\" height=\"150\" src=\"https:\/\/www.radiopiu.net\/wordpress\/wp-content\/uploads\/2024\/10\/fe726cf9-1a79-4883-968b-ba99da12eed2-150x150.jpg\" class=\"attachment-thumbnail size-thumbnail\" alt=\"\" \/><\/a>\n\t\t\t\t<\/dt><\/dl>\n\t\t\t\t<br style='clear: both' \/>\n\t\t\t<\/div>\n\n<p>&nbsp;<\/p>\n<\/div>\n<\/div>\n<\/div>\n<p>&nbsp;<\/p>\n<hr \/>\n<p>&nbsp;<\/p>\n<p class=\"mceTemp\"><a class=\"dt-pswp-item\" href=\"https:\/\/www.radiopiu.net\/wordpress\/wp-content\/uploads\/2018\/09\/WhatsApp-Image-2018-09-20-at-16.04.06.jpeg\" data-dt-img-description=\"\" data-large_image_width=\"800\" data-large_image_height=\"100\"><img loading=\"lazy\" decoding=\"async\" class=\"wp-image-61378 size-full aligncenter\" src=\"https:\/\/www.radiopiu.net\/wordpress\/wp-content\/uploads\/2018\/09\/WhatsApp-Image-2018-09-20-at-16.04.06.jpeg\" alt=\"\" width=\"800\" height=\"100\" srcset=\"https:\/\/www.radiopiu.net\/wordpress\/wp-content\/uploads\/2018\/09\/WhatsApp-Image-2018-09-20-at-16.04.06.jpeg 800w, https:\/\/www.radiopiu.net\/wordpress\/wp-content\/uploads\/2018\/09\/WhatsApp-Image-2018-09-20-at-16.04.06-300x38.jpeg 300w, https:\/\/www.radiopiu.net\/wordpress\/wp-content\/uploads\/2018\/09\/WhatsApp-Image-2018-09-20-at-16.04.06-768x96.jpeg 768w\" sizes=\"auto, (max-width: 800px) 100vw, 800px\" \/><\/a><\/p>\n<p><center><\/center><center><\/center>&nbsp;<\/p>\n<p><center><b>OGGI<\/b><\/center>Tempo stabile e soleggiato a tutte le quote, ad eccezione di qualche temporaneo annuvolamento per nubi basse nelle ore fredde in alcune valli, meno estese rispetto ai giorni precedenti, presente specie in prossimit\u00e0 dei corsi d&#8217;acqua e in rapido dissolvimento dopo l&#8217;alba.<br \/>\n<b>Precipitazioni: <\/b>Assenti<br \/>\n<b>Temperature: <\/b>Senza notevoli variazioni, salvo un lieve calo delle minime con una moderata inversione termica nelle valli nelle ore notturne.<\/p>\n<hr \/>\n<p><center><b>DOMANI<\/b><\/center>Tempo simile a quello di mercoled\u00ec ancora stabile e soleggiato a tutte le quote, ad eccezione di qualche modesto e locale annuvolamento per nubi basse nelle ore fredde specie in prossimit\u00e0 dei corsi d&#8217;acqua, in rapido dissolvimento.<br \/>\n<b>Precipitazioni: <\/b>Assenti<br \/>\n<b>Temperature: <\/b>Minime senza variazioni di rilievo e misurate nelle prime ore in quota, massime in leggero aumento specie in quota anche importante<\/p>\n<hr \/>\n<p><center><b>VENERDI<\/b><\/center>Ancora tempo stabile, molto soleggiato e mite a parte locali e temporanee nubi basse nelle valli prealpine nelle ore fredde, soprattutto in prossimit\u00e0 dei corsi d&#8217;acqua in rapido dissolvimento dopo l&#8217;alba. Temperature in lieve aumento specie in alta montagna con persistenza dell&#8217;inversione termica nelle valli nelle ore fredde ed escursione termica giornaliera elevata.<\/p>\n<hr \/>\n<p><center><b>SABATO<\/b><\/center>Tempo stabile con cielo da sereno a poco nuvoloso per il transito di sottili velature. Temperature senza notevoli variazioni, salvo delle leggere diminuzioni delle massime, con valori ancora superiori alla norma specie nelle ore diurne e persistenza dell&#8217;inversione termica notturna nelle valli.<\/p>\n<p>&nbsp;<\/p>\n<hr \/>\n<p>&nbsp;<\/p>\n<p>&nbsp;<\/p>\n<p class=\"mceTemp\"><a class=\"dt-pswp-item\" href=\"https:\/\/www.radiopiu.net\/wordpress\/wp-content\/uploads\/2018\/09\/sport.jpg\" data-dt-img-description=\"\" data-large_image_width=\"800\" data-large_image_height=\"100\"><img loading=\"lazy\" decoding=\"async\" class=\"aligncenter wp-image-60761 size-full\" src=\"https:\/\/www.radiopiu.net\/wordpress\/wp-content\/uploads\/2018\/09\/sport.jpg\" alt=\"\" width=\"800\" height=\"100\" srcset=\"https:\/\/www.radiopiu.net\/wordpress\/wp-content\/uploads\/2018\/09\/sport.jpg 800w, https:\/\/www.radiopiu.net\/wordpress\/wp-content\/uploads\/2018\/09\/sport-300x38.jpg 300w, https:\/\/www.radiopiu.net\/wordpress\/wp-content\/uploads\/2018\/09\/sport-768x96.jpg 768w\" sizes=\"auto, (max-width: 800px) 100vw, 800px\" \/><\/a><span style=\"color: #0000ff;\"><strong>\u00a0 \u00a0 \u00a0 \u00a0 \u00a0<\/strong><\/span><\/p>\n<p>&nbsp;<\/p>\n<p><span style=\"color: #0000ff;\"><strong>CALCIO<\/strong><\/span><\/p>\n<blockquote>\n<h3>GLI ARBITRI AIA SI RIUNISCONO A BELLUNO<\/h3>\n<\/blockquote>\n<p>Le sezioni AIA di Belluno e Pordenone si incontreranno sabato 2 novembre 2024 nella Sala Bianchi di Belluno per una giornata di formazione dedicata a 40-45 giovani arbitri. L&#8217;incontro, organizzato dal settore tecnico, prevede attivit\u00e0 didattiche che si svolgeranno per l&#8217;intera giornata. Le due sezioni hanno fortemente voluto questa iniziativa come opportunit\u00e0 di crescita tecnica per i propri associati. Grazie alla collaborazione con il Comune di Belluno, l&#8217;evento promette di essere un momento significativo di sviluppo personale e professionale per tutti i partecipanti.<\/p>\n<p><strong>L&#8217;ASSESSORE ALLO SPORT DEL COMUNE DI BELLUNO MONICA MAZZOCCOLI<\/strong><\/p>\n<p><iframe loading=\"lazy\" title=\"MAZZOCCOLI ARBITRI AIA\" width=\"1200\" height=\"675\" src=\"https:\/\/www.youtube.com\/embed\/ixDa-ARMTAE?feature=oembed\" frameborder=\"0\" allow=\"accelerometer; autoplay; clipboard-write; encrypted-media; gyroscope; picture-in-picture; web-share\" referrerpolicy=\"strict-origin-when-cross-origin\" allowfullscreen><\/iframe><\/p>\n<p>&nbsp;<\/p>\n<p><span style=\"color: #0000ff;\"><strong>KARATE<\/strong><\/span><\/p>\n<blockquote>\n<h3>OTTIMI RISULTATI PER IL TSKS KARATE BELLUNO IN SLOVENIA<\/h3>\n<\/blockquote>\n<p><a class=\"dt-pswp-item\" href=\"https:\/\/www.radiopiu.net\/wordpress\/wp-content\/uploads\/2024\/10\/Foto-Tsks.jpg\" data-dt-img-description=\"\" data-large_image_width=\"1600\" data-large_image_height=\"1200\"><img loading=\"lazy\" decoding=\"async\" class=\" wp-image-417065 alignleft\" src=\"https:\/\/www.radiopiu.net\/wordpress\/wp-content\/uploads\/2024\/10\/Foto-Tsks-300x225.jpg\" alt=\"\" width=\"139\" height=\"104\" srcset=\"https:\/\/www.radiopiu.net\/wordpress\/wp-content\/uploads\/2024\/10\/Foto-Tsks-300x225.jpg 300w, https:\/\/www.radiopiu.net\/wordpress\/wp-content\/uploads\/2024\/10\/Foto-Tsks-1024x768.jpg 1024w, https:\/\/www.radiopiu.net\/wordpress\/wp-content\/uploads\/2024\/10\/Foto-Tsks-768x576.jpg 768w, https:\/\/www.radiopiu.net\/wordpress\/wp-content\/uploads\/2024\/10\/Foto-Tsks-1536x1152.jpg 1536w, https:\/\/www.radiopiu.net\/wordpress\/wp-content\/uploads\/2024\/10\/Foto-Tsks.jpg 1600w\" sizes=\"auto, (max-width: 139px) 100vw, 139px\" \/><\/a>Il Tsks Karate Belluno ha ottenuto risultati importanti al Maribor Open in Slovenia, con oltre 600 atleti da 88 club di 11 nazioni. La squadra bellunese ha partecipato con quattro atleti: Lorenzo Pontil Scala, Matteo Casanova Rosolo, Antonio Buzesco Pop e Linda Pompanin. Scala ha conquistato l&#8217;oro nella categoria Under 14 e, insieme a Casanova, il bronzo nell&#8217;Under 16. Antonio Buzesco Pop, invece, non \u00e8 riuscito a superare il turno, mentre Linda Pompanin ha vinto l&#8217;oro grazie a una rimonta in finale. Il maestro Marco Bacchilega ha espresso soddisfazione, puntando ora all&#8217;Euro Cup in Croazia come prossimo obiettivo.<\/p>\n<p>&nbsp;<\/p>\n<p>&nbsp;<\/p>\n<p>&nbsp;<\/p>\n<p>&nbsp;<\/p>\n<p>&nbsp;<\/p>\n","protected":false},"excerpt":{"rendered":"<p>******* &nbsp; LA\u00a0 APP PER IOS-IPHONE di Nicola Vettorello https:\/\/apps.apple.com\/it\/app\/radio-pi%C3%B9-emittente-agordina\/id1515939845 LA\u00a0 APP RADIO\u00a0 PER ANDROID di Nicola Vettorello https:\/\/play.google.com\/store\/apps\/details?id=net.radiopiu.iniko\u00a0\u00a0\u00a0 &nbsp; &nbsp; CHIUSURA DELLA\u00a0 PROVINCIALE 10 DI ALANO DI PIAVE (NELL&#8217;EX COMUNE DI ALANO) DA LUNEDI A VENERDI DALLE 7 ALLE 17. SOLO NEI GIORNI FERIALI. CHIUSURA DALLE 12 PEDEOMONTANA FINO ALL&#8217;8 NOVEMBRE\u00a0 (FONZASO-PEDAVENA) STRADA DEL&hellip;<\/p>\n","protected":false},"author":4,"featured_media":417001,"comment_status":"closed","ping_status":"closed","sticky":false,"template":"","format":"standard","meta":{"_monsterinsights_skip_tracking":false,"_monsterinsights_sitenote_active":false,"_monsterinsights_sitenote_note":"","_monsterinsights_sitenote_category":0,"footnotes":""},"categories":[51,86,49],"tags":[],"class_list":["post-416927","post","type-post","status-publish","format-standard","has-post-thumbnail","hentry","category-evidenza-top","category-gr","category-news-18","category-51","category-86","category-49","description-off"],"img_url":"https:\/\/www.radiopiu.net\/wordpress\/wp-content\/uploads\/2024\/10\/ponti-Slovenia-1.jpeg","_links":{"self":[{"href":"https:\/\/www.radiopiu.net\/wordpress\/wp-json\/wp\/v2\/posts\/416927","targetHints":{"allow":["GET"]}}],"collection":[{"href":"https:\/\/www.radiopiu.net\/wordpress\/wp-json\/wp\/v2\/posts"}],"about":[{"href":"https:\/\/www.radiopiu.net\/wordpress\/wp-json\/wp\/v2\/types\/post"}],"author":[{"embeddable":true,"href":"https:\/\/www.radiopiu.net\/wordpress\/wp-json\/wp\/v2\/users\/4"}],"replies":[{"embeddable":true,"href":"https:\/\/www.radiopiu.net\/wordpress\/wp-json\/wp\/v2\/comments?post=416927"}],"version-history":[{"count":31,"href":"https:\/\/www.radiopiu.net\/wordpress\/wp-json\/wp\/v2\/posts\/416927\/revisions"}],"predecessor-version":[{"id":417204,"href":"https:\/\/www.radiopiu.net\/wordpress\/wp-json\/wp\/v2\/posts\/416927\/revisions\/417204"}],"wp:featuredmedia":[{"embeddable":true,"href":"https:\/\/www.radiopiu.net\/wordpress\/wp-json\/wp\/v2\/media\/417001"}],"wp:attachment":[{"href":"https:\/\/www.radiopiu.net\/wordpress\/wp-json\/wp\/v2\/media?parent=416927"}],"wp:term":[{"taxonomy":"category","embeddable":true,"href":"https:\/\/www.radiopiu.net\/wordpress\/wp-json\/wp\/v2\/categories?post=416927"},{"taxonomy":"post_tag","embeddable":true,"href":"https:\/\/www.radiopiu.net\/wordpress\/wp-json\/wp\/v2\/tags?post=416927"}],"curies":[{"name":"wp","href":"https:\/\/api.w.org\/{rel}","templated":true}]}}