{"id":417056,"date":"2024-10-30T00:00:44","date_gmt":"2024-10-29T23:00:44","guid":{"rendered":"https:\/\/www.radiopiu.net\/wordpress\/?p=417056"},"modified":"2024-10-30T05:55:54","modified_gmt":"2024-10-30T04:55:54","slug":"bruno-barbieri-e-il-mistero-delle-montagne-erranti-quando-il-focobon-si-sposta-in-trentino","status":"publish","type":"post","link":"https:\/\/www.radiopiu.net\/wordpress\/bruno-barbieri-e-il-mistero-delle-montagne-erranti-quando-il-focobon-si-sposta-in-trentino\/","title":{"rendered":"Bruno Barbieri e il mistero delle montagne erranti: quando il Focobon si sposta in Trentino"},"content":{"rendered":"<p>**<\/p>\n<p>&nbsp;<\/p>\n<p><strong>REDAZIONE<\/strong> Questa sera il grande Bruno Barbieri torner\u00e0 in televisione, pronto a deliziarci con le sue avventure culinarie tra le splendide montagne della Val di Fassa e della Val di Fiemme. Ma c\u2019\u00e8 un piccolo dettaglio che non \u00e8 passato inosservato agli occhi pi\u00f9 attenti (e agli agordini): alle sue spalle non svettano le Dolomiti trentine, bens\u00ec il maestoso gruppo del Focobon&#8230; che, per chi non lo sapesse, appartiene alla falcadina Val del Biois, decisamente in Veneto!<\/p>\n<p><img decoding=\"async\" src=\"https:\/\/www.radiopiu.net\/wordpress\/wp-content\/uploads\/2024\/10\/Senza-nome-131.png\" \/><\/p>\n","protected":false},"excerpt":{"rendered":"<p>** &nbsp; REDAZIONE Questa sera il grande Bruno Barbieri torner\u00e0 in televisione, pronto a deliziarci con le sue avventure culinarie tra le splendide montagne della Val di Fassa e della Val di Fiemme. Ma c\u2019\u00e8 un piccolo dettaglio che non \u00e8 passato inosservato agli occhi pi\u00f9 attenti (e agli agordini): alle sue spalle non svettano&hellip;<\/p>\n","protected":false},"author":4,"featured_media":417057,"comment_status":"closed","ping_status":"closed","sticky":false,"template":"","format":"standard","meta":{"_monsterinsights_skip_tracking":false,"_monsterinsights_sitenote_active":false,"_monsterinsights_sitenote_note":"","_monsterinsights_sitenote_category":0,"footnotes":""},"categories":[51,49],"tags":[],"class_list":["post-417056","post","type-post","status-publish","format-standard","has-post-thumbnail","hentry","category-evidenza-top","category-news-18","category-51","category-49","description-off"],"img_url":"https:\/\/www.radiopiu.net\/wordpress\/wp-content\/uploads\/2024\/10\/Senza-nome-131.png","_links":{"self":[{"href":"https:\/\/www.radiopiu.net\/wordpress\/wp-json\/wp\/v2\/posts\/417056","targetHints":{"allow":["GET"]}}],"collection":[{"href":"https:\/\/www.radiopiu.net\/wordpress\/wp-json\/wp\/v2\/posts"}],"about":[{"href":"https:\/\/www.radiopiu.net\/wordpress\/wp-json\/wp\/v2\/types\/post"}],"author":[{"embeddable":true,"href":"https:\/\/www.radiopiu.net\/wordpress\/wp-json\/wp\/v2\/users\/4"}],"replies":[{"embeddable":true,"href":"https:\/\/www.radiopiu.net\/wordpress\/wp-json\/wp\/v2\/comments?post=417056"}],"version-history":[{"count":2,"href":"https:\/\/www.radiopiu.net\/wordpress\/wp-json\/wp\/v2\/posts\/417056\/revisions"}],"predecessor-version":[{"id":417059,"href":"https:\/\/www.radiopiu.net\/wordpress\/wp-json\/wp\/v2\/posts\/417056\/revisions\/417059"}],"wp:featuredmedia":[{"embeddable":true,"href":"https:\/\/www.radiopiu.net\/wordpress\/wp-json\/wp\/v2\/media\/417057"}],"wp:attachment":[{"href":"https:\/\/www.radiopiu.net\/wordpress\/wp-json\/wp\/v2\/media?parent=417056"}],"wp:term":[{"taxonomy":"category","embeddable":true,"href":"https:\/\/www.radiopiu.net\/wordpress\/wp-json\/wp\/v2\/categories?post=417056"},{"taxonomy":"post_tag","embeddable":true,"href":"https:\/\/www.radiopiu.net\/wordpress\/wp-json\/wp\/v2\/tags?post=417056"}],"curies":[{"name":"wp","href":"https:\/\/api.w.org\/{rel}","templated":true}]}}