{"id":417173,"date":"2024-11-02T05:30:07","date_gmt":"2024-11-02T04:30:07","guid":{"rendered":"https:\/\/www.radiopiu.net\/wordpress\/?p=417173"},"modified":"2024-11-02T05:39:59","modified_gmt":"2024-11-02T04:39:59","slug":"perso-o-abbandonato-acasa","status":"publish","type":"post","link":"https:\/\/www.radiopiu.net\/wordpress\/perso-o-abbandonato-acasa\/","title":{"rendered":"Perso o abbandonato? &#8211; GIAN torna a casa!"},"content":{"rendered":"<p>Ebbene si, \u00e8 servito pubblicare la storia di Gian (questo il suo vero nome) su Radio Pi\u00f9 tanto che ora \u00e8 tornato a casa sua che non \u00e8 non troppo vicina&#8230; il gatto (e il suo proprietario) abitano a Limana.<br \/>\nIl micio era stato affidato temporaneamente a un conoscente a Caprile (per cui a pi\u00f9 di 20 km da Agordo) e probabilmente \u00e8 salito su un furgone o qualche mezzo di trasporto all&#8217;insaputa del guidatore ed \u00e8 sceso ad Agordo in zona ospedale, li per fortuna delle persone gentili lo hanno accolto e Fiorella se ne \u00e8 occupata, notando che il gatto affettuoso ed educato era chiaramente domestico, ma rimaneva di sapere se fosse o no sterilizzato (si pensava fosse una femmina). Portato all&#8217;ambulatorio Fiamma Blu la Dott.ssa Eleonora ha scoperto che il gatto non solo era ben tenuto e chiaramente domestico ma che era un maschio sterilizzato. Tanta cura e il bell&#8217;aspetto hanno insospettito la veterinaria e Fiorella che poco dopo ha chiesto di pubblicare le sue foto su Radio Pi\u00f9 in modo che l&#8217;annuncio potesse in effetti arrivare a chi lo avesse perduto e cos\u00ec \u00e8 stato.<\/p>\n<p>Il proprietario di Gian \u00e8 stato felicissimo di ritrovarlo anche se ovviamente un po&#8217; sorpreso che il gatto fosse addirittura ad Agordo! Fiorella \u00e8 stata felice di riconsegnarlo anche se si sa bene che un po&#8217; le mancher\u00e0.<\/p>\n<p>Questa storia ci insegna che i gatti sono curiosi e a volte imprudenti per cui \u00e8 sempre bene dare un occhio in pi\u00f9 all&#8217;interno dei furgoni lasciati aperti prima di ripartire, che se si trova un gatto soprattutto dall&#8217;atteggiamento chiaramente domestico bisogna fare appello, magari qualcuno lo sta cercando ed \u00e8 in ansia per la sua sorte e infine che le persone buone e gentili esistono.<\/p>\n<p>Grazie Fiorella.<\/p>\n<p>&nbsp;<\/p>\n<hr \/>\n<p>ARTICOLO DEL 30 OTTOBRE<\/p>\n<p>&nbsp;<\/p>\n<p>Questo gatto \u00e8 comparso da poco in zona ospedale ad Agordo, molto confidente si pensava fosse una gatta, ma portato dalla veterinaria si \u00e8 scoperto essere un maschio sterilizzato che potrebbe avere sui 5 anni. Ben tenuto e sicuramente domestico, \u00e8 possibile sia salito su qualche furgone e sia stato &#8220;trasferito&#8221; senza volerlo. Se qualcuno lo riconosce pu\u00f2 chiamare il<\/p>\n<p>347 649 6226 &#8211; Fiorella.<\/p>\n\n\t\t\t<style type='text\/css'>\n\t\t\t\t#gallery-1 {\n\t\t\t\t\tmargin: auto;\n\t\t\t\t}\n\t\t\t\t#gallery-1 .gallery-item {\n\t\t\t\t\tfloat: left;\n\t\t\t\t\tmargin-top: 10px;\n\t\t\t\t\ttext-align: center;\n\t\t\t\t\twidth: 25%;\n\t\t\t\t}\n\t\t\t\t#gallery-1 img {\n\t\t\t\t\tborder: 2px solid #cfcfcf;\n\t\t\t\t}\n\t\t\t\t#gallery-1 .gallery-caption {\n\t\t\t\t\tmargin-left: 0;\n\t\t\t\t}\n\t\t\t\t\/* see gallery_shortcode() in wp-includes\/media.php *\/\n\t\t\t<\/style>\n\t\t<div id='gallery-1' class='dt-gallery-container gallery galleryid-417173 gallery-columns-4 gallery-size-medium'><dl class='gallery-item'>\n\t\t\t\t<dt class='gallery-icon portrait'>\n\t\t\t\t\t<a class=\"rollover rollover-zoom dt-pswp-item\" title=\"fiore4\" data-dt-img-description=\"\" data-large_image_width=\"1536\" data-large_image_height=\"2048\"href='https:\/\/www.radiopiu.net\/wordpress\/wp-content\/uploads\/2024\/10\/fiore4.jpeg'><img loading=\"lazy\" decoding=\"async\" width=\"225\" height=\"300\" src=\"https:\/\/www.radiopiu.net\/wordpress\/wp-content\/uploads\/2024\/10\/fiore4-225x300.jpeg\" class=\"attachment-medium size-medium\" alt=\"\" srcset=\"https:\/\/www.radiopiu.net\/wordpress\/wp-content\/uploads\/2024\/10\/fiore4-225x300.jpeg 225w, https:\/\/www.radiopiu.net\/wordpress\/wp-content\/uploads\/2024\/10\/fiore4-768x1024.jpeg 768w, https:\/\/www.radiopiu.net\/wordpress\/wp-content\/uploads\/2024\/10\/fiore4-1152x1536.jpeg 1152w, https:\/\/www.radiopiu.net\/wordpress\/wp-content\/uploads\/2024\/10\/fiore4.jpeg 1536w\" sizes=\"auto, (max-width: 225px) 100vw, 225px\" \/><\/a>\n\t\t\t\t<\/dt><\/dl><dl class='gallery-item'>\n\t\t\t\t<dt class='gallery-icon portrait'>\n\t\t\t\t\t<a class=\"rollover rollover-zoom dt-pswp-item\" title=\"fiore3\" data-dt-img-description=\"\" data-large_image_width=\"1536\" data-large_image_height=\"2048\"href='https:\/\/www.radiopiu.net\/wordpress\/wp-content\/uploads\/2024\/10\/fiore3.jpeg'><img loading=\"lazy\" decoding=\"async\" width=\"225\" height=\"300\" src=\"https:\/\/www.radiopiu.net\/wordpress\/wp-content\/uploads\/2024\/10\/fiore3-225x300.jpeg\" class=\"attachment-medium size-medium\" alt=\"\" srcset=\"https:\/\/www.radiopiu.net\/wordpress\/wp-content\/uploads\/2024\/10\/fiore3-225x300.jpeg 225w, https:\/\/www.radiopiu.net\/wordpress\/wp-content\/uploads\/2024\/10\/fiore3-768x1024.jpeg 768w, https:\/\/www.radiopiu.net\/wordpress\/wp-content\/uploads\/2024\/10\/fiore3-1152x1536.jpeg 1152w, https:\/\/www.radiopiu.net\/wordpress\/wp-content\/uploads\/2024\/10\/fiore3.jpeg 1536w\" sizes=\"auto, (max-width: 225px) 100vw, 225px\" \/><\/a>\n\t\t\t\t<\/dt><\/dl><dl class='gallery-item'>\n\t\t\t\t<dt class='gallery-icon portrait'>\n\t\t\t\t\t<a class=\"rollover rollover-zoom dt-pswp-item\" title=\"fiore2\" data-dt-img-description=\"\" data-large_image_width=\"1536\" data-large_image_height=\"2048\"href='https:\/\/www.radiopiu.net\/wordpress\/wp-content\/uploads\/2024\/10\/fiore2.jpeg'><img loading=\"lazy\" decoding=\"async\" width=\"225\" height=\"300\" src=\"https:\/\/www.radiopiu.net\/wordpress\/wp-content\/uploads\/2024\/10\/fiore2-225x300.jpeg\" class=\"attachment-medium size-medium\" alt=\"\" srcset=\"https:\/\/www.radiopiu.net\/wordpress\/wp-content\/uploads\/2024\/10\/fiore2-225x300.jpeg 225w, https:\/\/www.radiopiu.net\/wordpress\/wp-content\/uploads\/2024\/10\/fiore2-768x1024.jpeg 768w, https:\/\/www.radiopiu.net\/wordpress\/wp-content\/uploads\/2024\/10\/fiore2-1152x1536.jpeg 1152w, https:\/\/www.radiopiu.net\/wordpress\/wp-content\/uploads\/2024\/10\/fiore2.jpeg 1536w\" sizes=\"auto, (max-width: 225px) 100vw, 225px\" \/><\/a>\n\t\t\t\t<\/dt><\/dl><dl class='gallery-item'>\n\t\t\t\t<dt class='gallery-icon portrait'>\n\t\t\t\t\t<a class=\"rollover rollover-zoom dt-pswp-item\" title=\"fiore1\" data-dt-img-description=\"\" data-large_image_width=\"1196\" data-large_image_height=\"1595\"href='https:\/\/www.radiopiu.net\/wordpress\/wp-content\/uploads\/2024\/10\/fiore1.jpeg'><img loading=\"lazy\" decoding=\"async\" width=\"225\" height=\"300\" src=\"https:\/\/www.radiopiu.net\/wordpress\/wp-content\/uploads\/2024\/10\/fiore1-225x300.jpeg\" class=\"attachment-medium size-medium\" alt=\"\" srcset=\"https:\/\/www.radiopiu.net\/wordpress\/wp-content\/uploads\/2024\/10\/fiore1-225x300.jpeg 225w, https:\/\/www.radiopiu.net\/wordpress\/wp-content\/uploads\/2024\/10\/fiore1-768x1024.jpeg 768w, https:\/\/www.radiopiu.net\/wordpress\/wp-content\/uploads\/2024\/10\/fiore1-1152x1536.jpeg 1152w, https:\/\/www.radiopiu.net\/wordpress\/wp-content\/uploads\/2024\/10\/fiore1.jpeg 1196w\" sizes=\"auto, (max-width: 225px) 100vw, 225px\" \/><\/a>\n\t\t\t\t<\/dt><\/dl><br style=\"clear: both\" \/>\n\t\t\t<\/div>\n\n","protected":false},"excerpt":{"rendered":"<p>Ebbene si, \u00e8 servito pubblicare la storia di Gian (questo il suo vero nome) su Radio Pi\u00f9 tanto che ora \u00e8 tornato a casa sua che non \u00e8 non troppo vicina&#8230; il gatto (e il suo proprietario) abitano a Limana. Il micio era stato affidato temporaneamente a un conoscente a Caprile (per cui a pi\u00f9&hellip;<\/p>\n","protected":false},"author":2,"featured_media":417178,"comment_status":"closed","ping_status":"closed","sticky":false,"template":"","format":"standard","meta":{"_monsterinsights_skip_tracking":false,"_monsterinsights_sitenote_active":false,"_monsterinsights_sitenote_note":"","_monsterinsights_sitenote_category":0,"footnotes":""},"categories":[51,49],"tags":[],"class_list":["post-417173","post","type-post","status-publish","format-standard","has-post-thumbnail","hentry","category-evidenza-top","category-news-18","category-51","category-49","description-off"],"img_url":"https:\/\/www.radiopiu.net\/wordpress\/wp-content\/uploads\/2024\/10\/fiore-coperta.jpg","_links":{"self":[{"href":"https:\/\/www.radiopiu.net\/wordpress\/wp-json\/wp\/v2\/posts\/417173","targetHints":{"allow":["GET"]}}],"collection":[{"href":"https:\/\/www.radiopiu.net\/wordpress\/wp-json\/wp\/v2\/posts"}],"about":[{"href":"https:\/\/www.radiopiu.net\/wordpress\/wp-json\/wp\/v2\/types\/post"}],"author":[{"embeddable":true,"href":"https:\/\/www.radiopiu.net\/wordpress\/wp-json\/wp\/v2\/users\/2"}],"replies":[{"embeddable":true,"href":"https:\/\/www.radiopiu.net\/wordpress\/wp-json\/wp\/v2\/comments?post=417173"}],"version-history":[{"count":4,"href":"https:\/\/www.radiopiu.net\/wordpress\/wp-json\/wp\/v2\/posts\/417173\/revisions"}],"predecessor-version":[{"id":417504,"href":"https:\/\/www.radiopiu.net\/wordpress\/wp-json\/wp\/v2\/posts\/417173\/revisions\/417504"}],"wp:featuredmedia":[{"embeddable":true,"href":"https:\/\/www.radiopiu.net\/wordpress\/wp-json\/wp\/v2\/media\/417178"}],"wp:attachment":[{"href":"https:\/\/www.radiopiu.net\/wordpress\/wp-json\/wp\/v2\/media?parent=417173"}],"wp:term":[{"taxonomy":"category","embeddable":true,"href":"https:\/\/www.radiopiu.net\/wordpress\/wp-json\/wp\/v2\/categories?post=417173"},{"taxonomy":"post_tag","embeddable":true,"href":"https:\/\/www.radiopiu.net\/wordpress\/wp-json\/wp\/v2\/tags?post=417173"}],"curies":[{"name":"wp","href":"https:\/\/api.w.org\/{rel}","templated":true}]}}