{"id":417205,"date":"2024-10-30T14:39:00","date_gmt":"2024-10-30T13:39:00","guid":{"rendered":"https:\/\/www.radiopiu.net\/wordpress\/?p=417205"},"modified":"2024-10-31T05:45:11","modified_gmt":"2024-10-31T04:45:11","slug":"dillo-a-radio-piu-confidiamo-nel-facciamo-presto","status":"publish","type":"post","link":"https:\/\/www.radiopiu.net\/wordpress\/dillo-a-radio-piu-confidiamo-nel-facciamo-presto\/","title":{"rendered":"DILLO A RADIO PIU&#8217;&#8230; CONFIDIAMO NEL &#8220;FACCIAMO PRESTO&#8221;"},"content":{"rendered":"<p>***<\/p>\n<p>Da Patrizia\u00a0 riceviamo e pubblichiamo del disagio per l&#8217;ennesimo disservizio idrico.<\/p>\n<p><img loading=\"lazy\" decoding=\"async\" class=\"alignleft\" src=\"https:\/\/www.radiopiu.net\/wordpress\/wp-content\/uploads\/2024\/10\/th-23.jpg\" width=\"133\" height=\"99\" \/><strong>VALLADA<\/strong> Da 64 anni ho una casa a Sachet di Vallada. Il mio rituale preferito? Andare alla vecchia fontana a bere quell\u2019acqua di montagna, un sogno per noi &#8220;cittadini&#8221;. Peccato che ora dobbiamo portare l\u2019acqua del supermercato, perch\u00e9 quella del paese non \u00e8 pi\u00f9 potabile. L\u2019ultima volta che era cos\u00ec? Il 17 ottobre, e siamo ancora senza acqua buona. Ah, e come proprietari di seconda casa paghiamo anche di pi\u00f9 dei residenti, che sembrano accettare il tutto con un sorriso.<\/p>\n<p>&nbsp;<\/p>\n<p>&nbsp;<\/p>\n<p>&nbsp;<\/p>\n<hr \/>\n<p>&nbsp;<\/p>\n","protected":false},"excerpt":{"rendered":"<p>*** Da Patrizia\u00a0 riceviamo e pubblichiamo del disagio per l&#8217;ennesimo disservizio idrico. VALLADA Da 64 anni ho una casa a Sachet di Vallada. Il mio rituale preferito? Andare alla vecchia fontana a bere quell\u2019acqua di montagna, un sogno per noi &#8220;cittadini&#8221;. Peccato che ora dobbiamo portare l\u2019acqua del supermercato, perch\u00e9 quella del paese non \u00e8&hellip;<\/p>\n","protected":false},"author":4,"featured_media":417206,"comment_status":"closed","ping_status":"closed","sticky":false,"template":"","format":"standard","meta":{"_monsterinsights_skip_tracking":false,"_monsterinsights_sitenote_active":false,"_monsterinsights_sitenote_note":"","_monsterinsights_sitenote_category":0,"footnotes":""},"categories":[51,49],"tags":[],"class_list":["post-417205","post","type-post","status-publish","format-standard","has-post-thumbnail","hentry","category-evidenza-top","category-news-18","category-51","category-49","description-off"],"img_url":"https:\/\/www.radiopiu.net\/wordpress\/wp-content\/uploads\/2024\/10\/th-23.jpg","_links":{"self":[{"href":"https:\/\/www.radiopiu.net\/wordpress\/wp-json\/wp\/v2\/posts\/417205","targetHints":{"allow":["GET"]}}],"collection":[{"href":"https:\/\/www.radiopiu.net\/wordpress\/wp-json\/wp\/v2\/posts"}],"about":[{"href":"https:\/\/www.radiopiu.net\/wordpress\/wp-json\/wp\/v2\/types\/post"}],"author":[{"embeddable":true,"href":"https:\/\/www.radiopiu.net\/wordpress\/wp-json\/wp\/v2\/users\/4"}],"replies":[{"embeddable":true,"href":"https:\/\/www.radiopiu.net\/wordpress\/wp-json\/wp\/v2\/comments?post=417205"}],"version-history":[{"count":1,"href":"https:\/\/www.radiopiu.net\/wordpress\/wp-json\/wp\/v2\/posts\/417205\/revisions"}],"predecessor-version":[{"id":417207,"href":"https:\/\/www.radiopiu.net\/wordpress\/wp-json\/wp\/v2\/posts\/417205\/revisions\/417207"}],"wp:featuredmedia":[{"embeddable":true,"href":"https:\/\/www.radiopiu.net\/wordpress\/wp-json\/wp\/v2\/media\/417206"}],"wp:attachment":[{"href":"https:\/\/www.radiopiu.net\/wordpress\/wp-json\/wp\/v2\/media?parent=417205"}],"wp:term":[{"taxonomy":"category","embeddable":true,"href":"https:\/\/www.radiopiu.net\/wordpress\/wp-json\/wp\/v2\/categories?post=417205"},{"taxonomy":"post_tag","embeddable":true,"href":"https:\/\/www.radiopiu.net\/wordpress\/wp-json\/wp\/v2\/tags?post=417205"}],"curies":[{"name":"wp","href":"https:\/\/api.w.org\/{rel}","templated":true}]}}