{"id":417210,"date":"2024-10-31T05:24:02","date_gmt":"2024-10-31T04:24:02","guid":{"rendered":"https:\/\/www.radiopiu.net\/wordpress\/?p=417210"},"modified":"2024-10-31T05:35:37","modified_gmt":"2024-10-31T04:35:37","slug":"incidente-mortale-alle-tre-cime-di-lavaredo-alpinista-perde-la-vita-in-una-caduta","status":"publish","type":"post","link":"https:\/\/www.radiopiu.net\/wordpress\/incidente-mortale-alle-tre-cime-di-lavaredo-alpinista-perde-la-vita-in-una-caduta\/","title":{"rendered":"Incidente mortale alle Tre Cime di Lavaredo"},"content":{"rendered":"<p>&nbsp;<\/p>\n<p>&nbsp;<\/p>\n<p><strong><a class=\"dt-pswp-item\" href=\"https:\/\/www.radiopiu.net\/wordpress\/wp-content\/uploads\/2024\/10\/Senza-nome-135.png\" data-dt-img-description=\"\" data-large_image_width=\"144\" data-large_image_height=\"139\"><img loading=\"lazy\" decoding=\"async\" class=\"size-full wp-image-417341 alignleft\" src=\"https:\/\/www.radiopiu.net\/wordpress\/wp-content\/uploads\/2024\/10\/Senza-nome-135.png\" alt=\"\" width=\"144\" height=\"139\" \/><\/a>AURONZO<\/strong> \u00a0Giovanni Pillitteri, 52enne di Padenghe sul Garda (Brescia), ha perso la vita ieri mentre scalava la vetta Ovest delle Tre Cime di Lavaredo. Dopo aver raggiunto la cima con quattro amici, \u00e8 precipitato dal versante nord per circa 700 metri. Nonostante l&#8217;intervento dei soccorsi, l&#8217;uomo \u00e8 deceduto per le gravi ferite riportate. La causa della caduta, probabilmente accidentale, \u00e8 ancora oggetto di accertamenti. Pillitteri, grande appassionato di montagna, aveva pubblicato pochi giorni prima un&#8217;ultima foto su Instagram dalle Tre Cime, scrivendo &#8220;come fosse la fine del mondo&#8221;. Un tragico epilogo per un&#8217;esperienza che, fino a quel momento, sembrava essere di pura bellezza.<\/p>\n<p>&nbsp;<\/p>\n<p>&nbsp;<\/p>\n<hr \/>\n<p>&nbsp;<\/p>\n","protected":false},"excerpt":{"rendered":"<p>&nbsp; &nbsp; AURONZO \u00a0Giovanni Pillitteri, 52enne di Padenghe sul Garda (Brescia), ha perso la vita ieri mentre scalava la vetta Ovest delle Tre Cime di Lavaredo. Dopo aver raggiunto la cima con quattro amici, \u00e8 precipitato dal versante nord per circa 700 metri. Nonostante l&#8217;intervento dei soccorsi, l&#8217;uomo \u00e8 deceduto per le gravi ferite riportate.&hellip;<\/p>\n","protected":false},"author":4,"featured_media":417341,"comment_status":"closed","ping_status":"closed","sticky":false,"template":"","format":"standard","meta":{"_monsterinsights_skip_tracking":false,"_monsterinsights_sitenote_active":false,"_monsterinsights_sitenote_note":"","_monsterinsights_sitenote_category":0,"footnotes":""},"categories":[51,49],"tags":[],"class_list":["post-417210","post","type-post","status-publish","format-standard","has-post-thumbnail","hentry","category-evidenza-top","category-news-18","category-51","category-49","description-off"],"img_url":"https:\/\/www.radiopiu.net\/wordpress\/wp-content\/uploads\/2024\/10\/Senza-nome-135.png","_links":{"self":[{"href":"https:\/\/www.radiopiu.net\/wordpress\/wp-json\/wp\/v2\/posts\/417210","targetHints":{"allow":["GET"]}}],"collection":[{"href":"https:\/\/www.radiopiu.net\/wordpress\/wp-json\/wp\/v2\/posts"}],"about":[{"href":"https:\/\/www.radiopiu.net\/wordpress\/wp-json\/wp\/v2\/types\/post"}],"author":[{"embeddable":true,"href":"https:\/\/www.radiopiu.net\/wordpress\/wp-json\/wp\/v2\/users\/4"}],"replies":[{"embeddable":true,"href":"https:\/\/www.radiopiu.net\/wordpress\/wp-json\/wp\/v2\/comments?post=417210"}],"version-history":[{"count":5,"href":"https:\/\/www.radiopiu.net\/wordpress\/wp-json\/wp\/v2\/posts\/417210\/revisions"}],"predecessor-version":[{"id":417342,"href":"https:\/\/www.radiopiu.net\/wordpress\/wp-json\/wp\/v2\/posts\/417210\/revisions\/417342"}],"wp:featuredmedia":[{"embeddable":true,"href":"https:\/\/www.radiopiu.net\/wordpress\/wp-json\/wp\/v2\/media\/417341"}],"wp:attachment":[{"href":"https:\/\/www.radiopiu.net\/wordpress\/wp-json\/wp\/v2\/media?parent=417210"}],"wp:term":[{"taxonomy":"category","embeddable":true,"href":"https:\/\/www.radiopiu.net\/wordpress\/wp-json\/wp\/v2\/categories?post=417210"},{"taxonomy":"post_tag","embeddable":true,"href":"https:\/\/www.radiopiu.net\/wordpress\/wp-json\/wp\/v2\/tags?post=417210"}],"curies":[{"name":"wp","href":"https:\/\/api.w.org\/{rel}","templated":true}]}}