{"id":417212,"date":"2024-10-31T05:19:28","date_gmt":"2024-10-31T04:19:28","guid":{"rendered":"https:\/\/www.radiopiu.net\/wordpress\/?p=417212"},"modified":"2024-10-31T05:45:04","modified_gmt":"2024-10-31T04:45:04","slug":"in-cammino-per-lacqua-una-marcia-contro-la-diga","status":"publish","type":"post","link":"https:\/\/www.radiopiu.net\/wordpress\/in-cammino-per-lacqua-una-marcia-contro-la-diga\/","title":{"rendered":"&#8220;In cammino per l&#8217;acqua&#8221;: una marcia contro la diga"},"content":{"rendered":"<p>***<\/p>\n<blockquote><p><strong>Il cammino delle Alpi: tra dignit\u00e0, orgoglio e solidariet\u00e0 \u2013 Al via le riprese del docufilm<\/strong><\/p><\/blockquote>\n<p><em><a class=\"dt-pswp-item\" href=\"https:\/\/www.radiopiu.net\/wordpress\/wp-content\/uploads\/2024\/10\/foto-2.jpg\" data-dt-img-description=\"\" data-large_image_width=\"1280\" data-large_image_height=\"960\"><img loading=\"lazy\" decoding=\"async\" class=\"size-medium wp-image-417215 alignleft\" src=\"https:\/\/www.radiopiu.net\/wordpress\/wp-content\/uploads\/2024\/10\/foto-2-300x225.jpg\" alt=\"\" width=\"300\" height=\"225\" srcset=\"https:\/\/www.radiopiu.net\/wordpress\/wp-content\/uploads\/2024\/10\/foto-2-300x225.jpg 300w, https:\/\/www.radiopiu.net\/wordpress\/wp-content\/uploads\/2024\/10\/foto-2-1024x768.jpg 1024w, https:\/\/www.radiopiu.net\/wordpress\/wp-content\/uploads\/2024\/10\/foto-2-768x576.jpg 768w, https:\/\/www.radiopiu.net\/wordpress\/wp-content\/uploads\/2024\/10\/foto-2.jpg 1280w\" sizes=\"auto, (max-width: 300px) 100vw, 300px\" \/><\/a>Oggi \u00e8 partito ufficialmente il gruppo che si cimenter\u00e0 nel cammino delle Alpi, un progetto che unisce tradizione, ingegno e solidariet\u00e0. Ecco alcune immagini straordinarie scattate durante il primo giorno di viaggio. Il progetto prevede non solo un viaggio fisico attraverso le montagne, ma anche la realizzazione di un docufilm, volto a raccontare la dignit\u00e0 e l\u2019orgoglio delle comunit\u00e0 alpine, oltre che il loro spirito di collaborazione. Le riprese, affidate a Marco Pavan e alla sua squadra di registi e videomaker (Chiara Becattini, Lorenzo Cassol, Matteo Meldolesi, Giovanni Pellegrini, Luca Rigon, Mauro Romanzi e Ciprian Turutea), si concentreranno sulle storie locali, mettendo in luce l\u2019ingegno delle popolazioni e il profondo senso di solidariet\u00e0 che le caratterizza. Per sostenere il progetto e coprire i costi delle riprese e della prima fase di montaggio, \u00e8 stata avviata una raccolta fondi, accessibile tramite il link che vi condividiamo. Ogni contributo aiuter\u00e0 a far conoscere al grande pubblico queste storie di resilienza e collaborazione, tipiche delle comunit\u00e0 alpine, che rischiano di scomparire sotto il peso della modernit\u00e0.<\/em><\/p>\n<p>IN CAMMINO PER L\u2019ACQUA. Dalla Val Cortella a Venezia<br \/>\n<a class=\"text-entity-link\" dir=\"auto\" title=\"https:\/\/www.ideaginger.it\/\" href=\"https:\/\/www.ideaginger.it\/\" target=\"_blank\" rel=\"noopener noreferrer\" data-entity-type=\"MessageEntityUrl\">https:\/\/www.ideaginger.it\/<\/a><\/p>\n<p>&nbsp;<\/p>\n<p><a class=\"dt-pswp-item\" href=\"https:\/\/www.radiopiu.net\/wordpress\/wp-content\/uploads\/2024\/10\/foto-4.jpg\" data-dt-img-description=\"\" data-large_image_width=\"576\" data-large_image_height=\"1280\"><img loading=\"lazy\" decoding=\"async\" class=\"alignnone size-medium wp-image-417213\" src=\"https:\/\/www.radiopiu.net\/wordpress\/wp-content\/uploads\/2024\/10\/foto-4-135x300.jpg\" alt=\"\" width=\"135\" height=\"300\" srcset=\"https:\/\/www.radiopiu.net\/wordpress\/wp-content\/uploads\/2024\/10\/foto-4-135x300.jpg 135w, https:\/\/www.radiopiu.net\/wordpress\/wp-content\/uploads\/2024\/10\/foto-4-461x1024.jpg 461w, https:\/\/www.radiopiu.net\/wordpress\/wp-content\/uploads\/2024\/10\/foto-4.jpg 576w\" sizes=\"auto, (max-width: 135px) 100vw, 135px\" \/><\/a><a class=\"dt-pswp-item\" href=\"https:\/\/www.radiopiu.net\/wordpress\/wp-content\/uploads\/2024\/10\/foto-3.jpg\" data-dt-img-description=\"\" data-large_image_width=\"576\" data-large_image_height=\"1280\"><img loading=\"lazy\" decoding=\"async\" class=\"alignnone size-medium wp-image-417216\" src=\"https:\/\/www.radiopiu.net\/wordpress\/wp-content\/uploads\/2024\/10\/foto-3-135x300.jpg\" alt=\"\" width=\"135\" height=\"300\" srcset=\"https:\/\/www.radiopiu.net\/wordpress\/wp-content\/uploads\/2024\/10\/foto-3-135x300.jpg 135w, https:\/\/www.radiopiu.net\/wordpress\/wp-content\/uploads\/2024\/10\/foto-3-461x1024.jpg 461w, https:\/\/www.radiopiu.net\/wordpress\/wp-content\/uploads\/2024\/10\/foto-3.jpg 576w\" sizes=\"auto, (max-width: 135px) 100vw, 135px\" \/><\/a><a class=\"dt-pswp-item\" href=\"https:\/\/www.radiopiu.net\/wordpress\/wp-content\/uploads\/2024\/10\/foto-1.jpg\" data-dt-img-description=\"\" data-large_image_width=\"576\" data-large_image_height=\"1280\"><img loading=\"lazy\" decoding=\"async\" class=\"alignnone size-medium wp-image-417214\" src=\"https:\/\/www.radiopiu.net\/wordpress\/wp-content\/uploads\/2024\/10\/foto-1-135x300.jpg\" alt=\"\" width=\"135\" height=\"300\" srcset=\"https:\/\/www.radiopiu.net\/wordpress\/wp-content\/uploads\/2024\/10\/foto-1-135x300.jpg 135w, https:\/\/www.radiopiu.net\/wordpress\/wp-content\/uploads\/2024\/10\/foto-1-461x1024.jpg 461w, https:\/\/www.radiopiu.net\/wordpress\/wp-content\/uploads\/2024\/10\/foto-1.jpg 576w\" sizes=\"auto, (max-width: 135px) 100vw, 135px\" \/> <\/a><a class=\"dt-pswp-item\" href=\"https:\/\/www.radiopiu.net\/wordpress\/wp-content\/uploads\/2024\/10\/95cbb68b-9e83-458a-92ce-559e4e5688ab.jpg\" data-dt-img-description=\"\" data-large_image_width=\"600\" data-large_image_height=\"800\"><img loading=\"lazy\" decoding=\"async\" class=\"alignnone size-medium wp-image-417294\" src=\"https:\/\/www.radiopiu.net\/wordpress\/wp-content\/uploads\/2024\/10\/95cbb68b-9e83-458a-92ce-559e4e5688ab-225x300.jpg\" alt=\"\" width=\"225\" height=\"300\" srcset=\"https:\/\/www.radiopiu.net\/wordpress\/wp-content\/uploads\/2024\/10\/95cbb68b-9e83-458a-92ce-559e4e5688ab-225x300.jpg 225w, https:\/\/www.radiopiu.net\/wordpress\/wp-content\/uploads\/2024\/10\/95cbb68b-9e83-458a-92ce-559e4e5688ab.jpg 600w\" sizes=\"auto, (max-width: 225px) 100vw, 225px\" \/><\/a><a class=\"dt-pswp-item\" href=\"https:\/\/www.radiopiu.net\/wordpress\/wp-content\/uploads\/2024\/10\/3799076a-8642-4324-99b2-ca1134e0bdea.jpg\" data-dt-img-description=\"\" data-large_image_width=\"800\" data-large_image_height=\"602\"><img loading=\"lazy\" decoding=\"async\" class=\"alignnone  wp-image-417295\" src=\"https:\/\/www.radiopiu.net\/wordpress\/wp-content\/uploads\/2024\/10\/3799076a-8642-4324-99b2-ca1134e0bdea-300x226.jpg\" alt=\"\" width=\"397\" height=\"299\" srcset=\"https:\/\/www.radiopiu.net\/wordpress\/wp-content\/uploads\/2024\/10\/3799076a-8642-4324-99b2-ca1134e0bdea-300x226.jpg 300w, https:\/\/www.radiopiu.net\/wordpress\/wp-content\/uploads\/2024\/10\/3799076a-8642-4324-99b2-ca1134e0bdea-768x578.jpg 768w, https:\/\/www.radiopiu.net\/wordpress\/wp-content\/uploads\/2024\/10\/3799076a-8642-4324-99b2-ca1134e0bdea.jpg 800w\" sizes=\"auto, (max-width: 397px) 100vw, 397px\" \/><\/a><a class=\"dt-pswp-item\" href=\"https:\/\/www.radiopiu.net\/wordpress\/wp-content\/uploads\/2024\/10\/53dbfc7d-5268-423b-865e-d987ab8969cd.jpg\" data-dt-img-description=\"\" data-large_image_width=\"602\" data-large_image_height=\"800\"><img loading=\"lazy\" decoding=\"async\" class=\"alignnone size-medium wp-image-417296\" src=\"https:\/\/www.radiopiu.net\/wordpress\/wp-content\/uploads\/2024\/10\/53dbfc7d-5268-423b-865e-d987ab8969cd-226x300.jpg\" alt=\"\" width=\"226\" height=\"300\" srcset=\"https:\/\/www.radiopiu.net\/wordpress\/wp-content\/uploads\/2024\/10\/53dbfc7d-5268-423b-865e-d987ab8969cd-226x300.jpg 226w, https:\/\/www.radiopiu.net\/wordpress\/wp-content\/uploads\/2024\/10\/53dbfc7d-5268-423b-865e-d987ab8969cd.jpg 602w\" sizes=\"auto, (max-width: 226px) 100vw, 226px\" \/><\/a><\/p>\n<p>&nbsp;<\/p>\n<hr \/>\n<p><em><strong><a class=\"dt-pswp-item\" href=\"https:\/\/www.radiopiu.net\/wordpress\/wp-content\/uploads\/2024\/10\/VANOP.jpg\" data-dt-img-description=\"\" data-large_image_width=\"905\" data-large_image_height=\"1280\"><img loading=\"lazy\" decoding=\"async\" class=\"wp-image-416941 size-medium alignleft\" src=\"https:\/\/www.radiopiu.net\/wordpress\/wp-content\/uploads\/2024\/10\/VANOP-212x300.jpg\" alt=\"\" width=\"212\" height=\"300\" srcset=\"https:\/\/www.radiopiu.net\/wordpress\/wp-content\/uploads\/2024\/10\/VANOP-212x300.jpg 212w, https:\/\/www.radiopiu.net\/wordpress\/wp-content\/uploads\/2024\/10\/VANOP-724x1024.jpg 724w, https:\/\/www.radiopiu.net\/wordpress\/wp-content\/uploads\/2024\/10\/VANOP-768x1086.jpg 768w, https:\/\/www.radiopiu.net\/wordpress\/wp-content\/uploads\/2024\/10\/VANOP.jpg 905w\" sizes=\"auto, (max-width: 212px) 100vw, 212px\" \/><\/a>REDAZIONE<\/strong> Dal 30 ottobre al 6 novembre 2024, un gruppo percorrer\u00e0 circa 200 km seguendo i torrenti Vanoi, Cismon e il fiume Brenta, da Val Cortella a Venezia, per manifestare contro la costruzione di una diga sul Vanoi.<\/em><\/p>\n<p><em>La marcia &#8220;In cammino per l&#8217;acqua&#8221; \u00e8 un evento itinerante di otto tappe, dal 30 ottobre al 6 novembre, per opporsi alla costruzione di una diga sul torrente Cismon. Organizzata dal Comitato per la difesa del torrente Vanoi, la manifestazione mira a portare in Regione le 10.000 firme raccolte contro il progetto. L&#8217;iniziativa promuove soluzioni alternative, come lo sghiamento dei bacini e l&#8217;agroecologia, e coinvolge esperti e comunit\u00e0 locali lungo il percorso, dalla Val Vanoi alla laguna di Venezia, con conferenze, visite guidate e spettacoli.\u00a0<\/em><\/p>\n<p>&nbsp;<\/p>\n<p>&nbsp;<\/p>\n","protected":false},"excerpt":{"rendered":"<p>*** Il cammino delle Alpi: tra dignit\u00e0, orgoglio e solidariet\u00e0 \u2013 Al via le riprese del docufilm Oggi \u00e8 partito ufficialmente il gruppo che si cimenter\u00e0 nel cammino delle Alpi, un progetto che unisce tradizione, ingegno e solidariet\u00e0. Ecco alcune immagini straordinarie scattate durante il primo giorno di viaggio. Il progetto prevede non solo un&hellip;<\/p>\n","protected":false},"author":4,"featured_media":417215,"comment_status":"closed","ping_status":"closed","sticky":false,"template":"","format":"standard","meta":{"_monsterinsights_skip_tracking":false,"_monsterinsights_sitenote_active":false,"_monsterinsights_sitenote_note":"","_monsterinsights_sitenote_category":0,"footnotes":""},"categories":[104,49],"tags":[],"class_list":["post-417212","post","type-post","status-publish","format-standard","has-post-thumbnail","hentry","category-evidenza_3","category-news-18","category-104","category-49","description-off"],"img_url":"https:\/\/www.radiopiu.net\/wordpress\/wp-content\/uploads\/2024\/10\/foto-2.jpg","_links":{"self":[{"href":"https:\/\/www.radiopiu.net\/wordpress\/wp-json\/wp\/v2\/posts\/417212","targetHints":{"allow":["GET"]}}],"collection":[{"href":"https:\/\/www.radiopiu.net\/wordpress\/wp-json\/wp\/v2\/posts"}],"about":[{"href":"https:\/\/www.radiopiu.net\/wordpress\/wp-json\/wp\/v2\/types\/post"}],"author":[{"embeddable":true,"href":"https:\/\/www.radiopiu.net\/wordpress\/wp-json\/wp\/v2\/users\/4"}],"replies":[{"embeddable":true,"href":"https:\/\/www.radiopiu.net\/wordpress\/wp-json\/wp\/v2\/comments?post=417212"}],"version-history":[{"count":4,"href":"https:\/\/www.radiopiu.net\/wordpress\/wp-json\/wp\/v2\/posts\/417212\/revisions"}],"predecessor-version":[{"id":417297,"href":"https:\/\/www.radiopiu.net\/wordpress\/wp-json\/wp\/v2\/posts\/417212\/revisions\/417297"}],"wp:featuredmedia":[{"embeddable":true,"href":"https:\/\/www.radiopiu.net\/wordpress\/wp-json\/wp\/v2\/media\/417215"}],"wp:attachment":[{"href":"https:\/\/www.radiopiu.net\/wordpress\/wp-json\/wp\/v2\/media?parent=417212"}],"wp:term":[{"taxonomy":"category","embeddable":true,"href":"https:\/\/www.radiopiu.net\/wordpress\/wp-json\/wp\/v2\/categories?post=417212"},{"taxonomy":"post_tag","embeddable":true,"href":"https:\/\/www.radiopiu.net\/wordpress\/wp-json\/wp\/v2\/tags?post=417212"}],"curies":[{"name":"wp","href":"https:\/\/api.w.org\/{rel}","templated":true}]}}