{"id":417322,"date":"2024-11-02T05:40:21","date_gmt":"2024-11-02T04:40:21","guid":{"rendered":"https:\/\/www.radiopiu.net\/wordpress\/?p=417322"},"modified":"2024-11-02T08:45:10","modified_gmt":"2024-11-02T07:45:10","slug":"giornale-radiopiu-02-novembre-2024-direttore-mirko-mezzacasada-41-anni-25-giugno-1983-25-giugno-2024","status":"publish","type":"post","link":"https:\/\/www.radiopiu.net\/wordpress\/giornale-radiopiu-02-novembre-2024-direttore-mirko-mezzacasada-41-anni-25-giugno-1983-25-giugno-2024\/","title":{"rendered":"GIORNALE RADIOPIU 02 NOVEMBRE 2024 DIRETTORE MIRKO MEZZACASA\u2026DA 41 ANNI 25 GIUGNO 1983-25 GIUGNO 2024"},"content":{"rendered":"<p>*******<\/p>\n<p>&nbsp;<\/p>\n<p><em><span style=\"color: #ff0000;\"><a class=\"dt-pswp-item\" href=\"https:\/\/www.radiopiu.net\/wordpress\/wp-content\/uploads\/2024\/10\/Senza-nome-8.png\" data-dt-img-description=\"\" data-large_image_width=\"343\" data-large_image_height=\"303\"><img loading=\"lazy\" decoding=\"async\" class=\"wp-image-412130 alignleft\" src=\"https:\/\/www.radiopiu.net\/wordpress\/wp-content\/uploads\/2024\/10\/Senza-nome-8-300x265.png\" alt=\"\" width=\"105\" height=\"93\" srcset=\"https:\/\/www.radiopiu.net\/wordpress\/wp-content\/uploads\/2024\/10\/Senza-nome-8-300x265.png 300w, https:\/\/www.radiopiu.net\/wordpress\/wp-content\/uploads\/2024\/10\/Senza-nome-8.png 343w\" sizes=\"auto, (max-width: 105px) 100vw, 105px\" \/><\/a><\/span><\/em><strong><em><span style=\"color: #ff0000;\"> LA\u00a0 APP PER IOS-IPHONE di Nicola Vettorello<\/span><\/em><\/strong><\/p>\n<p><strong><span style=\"color: #0000ff;\"><a style=\"color: #0000ff;\" href=\"https:\/\/apps.apple.com\/it\/app\/radio-pi%C3%B9-emittente-agordina\/id1515939845\">https:\/\/apps.apple.com\/it\/app\/radio-pi%C3%B9-emittente-agordina\/id1515939845<\/a><\/span><\/strong><\/p>\n<p><strong><em style=\"color: #ff0000;\">LA\u00a0 APP RADIO\u00a0 PER ANDROID di Nicola Vettorello<\/em><\/strong><\/p>\n<p><strong><span style=\"color: #0000ff;\"><a style=\"color: #0000ff;\" href=\"https:\/\/play.google.com\/store\/apps\/details?id=net.radiopiu.iniko\" target=\"_blank\" rel=\"noopener noreferrer\">https:\/\/<\/a><a style=\"color: #0000ff;\" href=\"https:\/\/play.google.com\/store\/apps\/details?id=net.radiopiu.iniko\" target=\"_blank\" rel=\"noopener noreferrer\">play.google.com\/store\/apps\/details?id=net.radiopiu.iniko\u00a0\u00a0\u00a0<\/a><\/span><\/strong><\/p>\n<p>&nbsp;<\/p>\n<p>&nbsp;<\/p>\n<hr \/>\n<p>&nbsp;<\/p>\n<p><strong><a class=\"dt-pswp-item\" href=\"https:\/\/www.radiopiu.net\/wordpress\/wp-content\/uploads\/2024\/11\/ecc6e7a0-b534-4d86-9178-588ee10ec2ba.jpg\" data-dt-img-description=\"\" data-large_image_width=\"1600\" data-large_image_height=\"1200\"><img loading=\"lazy\" decoding=\"async\" class=\" wp-image-417545 alignleft\" src=\"https:\/\/www.radiopiu.net\/wordpress\/wp-content\/uploads\/2024\/11\/ecc6e7a0-b534-4d86-9178-588ee10ec2ba-300x225.jpg\" alt=\"\" width=\"195\" height=\"146\" srcset=\"https:\/\/www.radiopiu.net\/wordpress\/wp-content\/uploads\/2024\/11\/ecc6e7a0-b534-4d86-9178-588ee10ec2ba-300x225.jpg 300w, https:\/\/www.radiopiu.net\/wordpress\/wp-content\/uploads\/2024\/11\/ecc6e7a0-b534-4d86-9178-588ee10ec2ba-1024x768.jpg 1024w, https:\/\/www.radiopiu.net\/wordpress\/wp-content\/uploads\/2024\/11\/ecc6e7a0-b534-4d86-9178-588ee10ec2ba-768x576.jpg 768w, https:\/\/www.radiopiu.net\/wordpress\/wp-content\/uploads\/2024\/11\/ecc6e7a0-b534-4d86-9178-588ee10ec2ba-1536x1152.jpg 1536w, https:\/\/www.radiopiu.net\/wordpress\/wp-content\/uploads\/2024\/11\/ecc6e7a0-b534-4d86-9178-588ee10ec2ba.jpg 1600w\" sizes=\"auto, (max-width: 195px) 100vw, 195px\" \/><\/a>OGGI ALLA RADIO&#8230;.<\/strong> <span style=\"color: #ff0000;\">ALLE 4 E ALLE 6<\/span> LE NOTIZIE DALL&#8217;ITALIA E DAL MONDO <span style=\"color: #ff0000;\"> 0500 <span style=\"color: #0000ff;\">l&#8217;almanacco della nostra gente con il MUSLA\u00a0<\/span><\/span><span style=\"color: #ff0000;\"> 6.15<\/span> PIROLE DE LENGA A CURA DEL MUSLA <span style=\"color: #ff0000;\">7.20<\/span> EL BAL DEL FIORI, DETTI E TRADIZIONI DI GIULIANA DA RONCH <span style=\"color: #ff0000;\">8.05<\/span> LA RASSEGNA STAMPA LOCALE<span style=\"color: #ff0000;\"> 8.30 <span style=\"color: #000000;\">WEEK END MARINA C&#8217;E&#8217;<\/span><span style=\"color: #000000;\">\u00a0\u00a0<\/span> 900 premier di Marco Gaz, novit\u00e0 musicali con le principale etichette discografiche<\/span><span style=\"color: #ff0000;\"><span style=\"color: #000000;\">\u00a0<\/span><\/span><span style=\"color: #ff0000;\">9.40<\/span> VIABILITA&#8217; CON BOTOL CAR SERVICE (AGORDO-SEDICO-FELTRE) <span style=\"color: #ff0000;\">10 10<\/span> <span style=\"color: #000000;\">speciale APPIA AD ARREDAMONT, IN DIRETTA DA LONGARONE FIERE SULLE TRE RADIO &#8211; sesta puntata<\/span>\u00a0<span style=\"color: #ff0000;\">10.30 <\/span> <span style=\"color: #000000;\">la rassegna stampa da l&#8217;amico del popolo di gianni santomaso <\/span>\u00a0<span style=\"color: #ff0000;\">11.40<\/span> FESTIVALBAR STORY DI ATHOS DJ DAVID BEN\u00a0 \u00a0 <span style=\"color: #ff0000;\">12.00<\/span> VA TUTTO LISCIO\u00a0 <span style=\"color: #ff0000;\">12.30<\/span> GIORNALE RADIO PRINCIPALE<span style=\"color: #ff0000;\">\u00a0<\/span><span style=\"color: #ff0000;\">1400 elettrochoch con dj jack<\/span> <span style=\"color: #ff0000;\">1500<\/span> LA CLASSIFICA DI MARCO GAZ, UFFICIALE <span style=\"color: #ff0000;\">16<\/span> IL ROCK DI MARCO COSTANTINI\u00a0 <span style=\"color: #ff0000;\">1645<\/span> LE HIT DI MIRCO BENCIVENNI <span style=\"color: #ff0000;\">18.00<\/span> PIU&#8217; DANCE LE SELEZIONI CHE FANNO SALTARE DI DJ JACK, JACOPO DEL TEDESCO\u00a0 <span style=\"color: #ff0000;\">18 10<\/span> reggaeton di athos <span style=\"color: #ff0000;\">19.00 <span style=\"color: #000000;\">LE ANTICIPAZIONI DAL TG DI ANTENNA 3 DI TIZIANA BOLOGNANI <span style=\"color: #ff0000;\">19.20<\/span> speciale APPIA AD ARREDAMONT, IN DIRETTA DA LONGARONE FIERE SULLE TRE RADIO<\/span><\/span><\/p>\n<p>&nbsp;<\/p>\n<p>&nbsp;<\/p>\n<hr \/>\n<p>&nbsp;<\/p>\n<p><strong><a class=\"dt-pswp-item\" href=\"https:\/\/www.radiopiu.net\/wordpress\/wp-content\/uploads\/2024\/11\/dbf13519-217b-48ad-8cdb-36a426b0ad2d.jpg\" data-dt-img-description=\"\" data-large_image_width=\"1600\" data-large_image_height=\"973\"><img loading=\"lazy\" decoding=\"async\" class=\"size-medium wp-image-417520 alignleft\" src=\"https:\/\/www.radiopiu.net\/wordpress\/wp-content\/uploads\/2024\/11\/dbf13519-217b-48ad-8cdb-36a426b0ad2d-300x182.jpg\" alt=\"\" width=\"300\" height=\"182\" srcset=\"https:\/\/www.radiopiu.net\/wordpress\/wp-content\/uploads\/2024\/11\/dbf13519-217b-48ad-8cdb-36a426b0ad2d-300x182.jpg 300w, https:\/\/www.radiopiu.net\/wordpress\/wp-content\/uploads\/2024\/11\/dbf13519-217b-48ad-8cdb-36a426b0ad2d-1024x623.jpg 1024w, https:\/\/www.radiopiu.net\/wordpress\/wp-content\/uploads\/2024\/11\/dbf13519-217b-48ad-8cdb-36a426b0ad2d-768x467.jpg 768w, https:\/\/www.radiopiu.net\/wordpress\/wp-content\/uploads\/2024\/11\/dbf13519-217b-48ad-8cdb-36a426b0ad2d-1536x934.jpg 1536w, https:\/\/www.radiopiu.net\/wordpress\/wp-content\/uploads\/2024\/11\/dbf13519-217b-48ad-8cdb-36a426b0ad2d.jpg 1600w\" sizes=\"auto, (max-width: 300px) 100vw, 300px\" \/><\/a>rassegna stampa nazionale,<\/strong> ogni giorno alle 5 e alle 6 del mattino<br \/>\ngiornali locali 7 rassegna stampa flash, 8 rassegna stampa, gr flash alle 10 e alle 11, principale 12.30. Informazione pomeriggio alle 15 (speciale) 16, 17, 18. Giornale radio nazionale: ogni ora dalle 5 del mattino, alle 20 della sera.<\/p>\n<p>&nbsp;<\/p>\n<p><span style=\"color: #0000ff;\"><strong>DOMANI SERA, L&#8217;HOCKEY ALLA RADIO. CON MARCO GAZ E FEDERICO PAGANIN.<\/strong> <\/span>Noi seguiamo l&#8217;Alleghe Hockey..<strong> siamo presenti ogni sera alle partite,<\/strong> ad Alleghe e in trasferta. Grazie ai nostri appassionati collaboratori&#8230; che non si accontentano di leggere numeri e dati sui siti internet e ascoltare le cronache alla radio,<strong> i nostri collaboratori non scrivono da casa o dal divano, tra l&#8217;altro intere stagioni senza manco aver visto una parita&#8230; una<\/strong>. Mettono le scarpe, vanno allo stadio e ci raccontano quello che vedono, non quellio che gli dicono. Ne va della credibilit\u00e0 della testata, soprattutto di una storia lunga 41 anni di legame con l&#8217;Alleghe Hockey.<\/p>\n<p>&nbsp;<\/p>\n<p>&nbsp;<\/p>\n<hr \/>\n<p>&nbsp;<\/p>\n<div class=\"x11i5rnm xat24cr x1mh8g0r x1vvkbs xtlvy1s x126k92a\">\n<div dir=\"auto\">\n<div dir=\"auto\">\n<p><strong><a class=\"dt-pswp-item\" href=\"https:\/\/www.radiopiu.net\/wordpress\/wp-content\/uploads\/2024\/02\/2d44e751-d8a8-461b-8e22-d8e4e853b032.jpg\" data-dt-img-description=\"\" data-large_image_width=\"1600\" data-large_image_height=\"1200\"><img loading=\"lazy\" decoding=\"async\" class=\"wp-image-373307 alignleft\" src=\"https:\/\/www.radiopiu.net\/wordpress\/wp-content\/uploads\/2024\/02\/2d44e751-d8a8-461b-8e22-d8e4e853b032-300x225.jpg\" alt=\"\" width=\"105\" height=\"79\" srcset=\"https:\/\/www.radiopiu.net\/wordpress\/wp-content\/uploads\/2024\/02\/2d44e751-d8a8-461b-8e22-d8e4e853b032-300x225.jpg 300w, https:\/\/www.radiopiu.net\/wordpress\/wp-content\/uploads\/2024\/02\/2d44e751-d8a8-461b-8e22-d8e4e853b032-1024x768.jpg 1024w, https:\/\/www.radiopiu.net\/wordpress\/wp-content\/uploads\/2024\/02\/2d44e751-d8a8-461b-8e22-d8e4e853b032-768x576.jpg 768w, https:\/\/www.radiopiu.net\/wordpress\/wp-content\/uploads\/2024\/02\/2d44e751-d8a8-461b-8e22-d8e4e853b032-1536x1152.jpg 1536w, https:\/\/www.radiopiu.net\/wordpress\/wp-content\/uploads\/2024\/02\/2d44e751-d8a8-461b-8e22-d8e4e853b032.jpg 1600w\" sizes=\"auto, (max-width: 105px) 100vw, 105px\" \/><\/a>EL BAL DEL FIOR, DI GIULIANA DA RONCH, 02 NOVEMBRE<\/strong><strong>\u00a02024<\/strong><\/p>\n<\/div>\n<\/div>\n<\/div>\n<div><\/div>\n<div>\n<audio class=\"wp-audio-shortcode\" id=\"audio-417322-1\" preload=\"none\" style=\"width: 100%;\" controls=\"controls\"><source type=\"audio\/mpeg\" src=\"https:\/\/www.radiopiu.net\/wordpress\/wp-content\/uploads\/2024\/10\/GSA-3.mp3?_=1\" \/><a href=\"https:\/\/www.radiopiu.net\/wordpress\/wp-content\/uploads\/2024\/10\/GSA-3.mp3\">https:\/\/www.radiopiu.net\/wordpress\/wp-content\/uploads\/2024\/10\/GSA-3.mp3<\/a><\/audio>\n<p>&nbsp;<\/p>\n<\/div>\n<hr \/>\n<p>&nbsp;<\/p>\n<div class=\"x11i5rnm xat24cr x1mh8g0r x1vvkbs xtlvy1s x126k92a\">\n<h1><span style=\"color: #ff0000;\"><a class=\"dt-pswp-item\" href=\"https:\/\/www.radiopiu.net\/wordpress\/wp-content\/uploads\/2024\/06\/th-5.jpg\" data-dt-img-description=\"\" data-large_image_width=\"326\" data-large_image_height=\"180\"><img loading=\"lazy\" decoding=\"async\" class=\"size-medium wp-image-395881 alignleft\" src=\"https:\/\/www.radiopiu.net\/wordpress\/wp-content\/uploads\/2024\/06\/th-5-300x166.jpg\" alt=\"\" width=\"300\" height=\"166\" srcset=\"https:\/\/www.radiopiu.net\/wordpress\/wp-content\/uploads\/2024\/06\/th-5-300x166.jpg 300w, https:\/\/www.radiopiu.net\/wordpress\/wp-content\/uploads\/2024\/06\/th-5.jpg 326w\" sizes=\"auto, (max-width: 300px) 100vw, 300px\" \/><\/a><\/span><\/h1>\n<h1><\/h1>\n<h1><\/h1>\n<h1><span style=\"color: #000000;\">02 NOVEMBRE&#8230; alla radio l&#8217;almanacco\u00a0<\/span><\/h1>\n<audio class=\"wp-audio-shortcode\" id=\"audio-417322-2\" preload=\"none\" style=\"width: 100%;\" controls=\"controls\"><source type=\"audio\/mpeg\" src=\"https:\/\/www.radiopiu.net\/wordpress\/wp-content\/uploads\/2024\/11\/ALMANACCONEW.mp3?_=2\" \/><a href=\"https:\/\/www.radiopiu.net\/wordpress\/wp-content\/uploads\/2024\/11\/ALMANACCONEW.mp3\">https:\/\/www.radiopiu.net\/wordpress\/wp-content\/uploads\/2024\/11\/ALMANACCONEW.mp3<\/a><\/audio>\n<p>&nbsp;<\/p>\n<p>&nbsp;<\/p>\n<hr \/>\n<p>&nbsp;<\/p>\n<p>&nbsp;<\/p>\n<blockquote>\n<h1><strong><a class=\"dt-pswp-item\" href=\"https:\/\/www.radiopiu.net\/wordpress\/wp-content\/uploads\/2024\/10\/629301fd-708d-4f53-95c2-d28cbefd500f.jpg\" data-dt-img-description=\"\" data-large_image_width=\"1600\" data-large_image_height=\"1322\"><img loading=\"lazy\" decoding=\"async\" class=\"wp-image-413782 alignleft\" src=\"https:\/\/www.radiopiu.net\/wordpress\/wp-content\/uploads\/2024\/10\/629301fd-708d-4f53-95c2-d28cbefd500f-300x248.jpg\" alt=\"\" width=\"186\" height=\"154\" srcset=\"https:\/\/www.radiopiu.net\/wordpress\/wp-content\/uploads\/2024\/10\/629301fd-708d-4f53-95c2-d28cbefd500f-300x248.jpg 300w, https:\/\/www.radiopiu.net\/wordpress\/wp-content\/uploads\/2024\/10\/629301fd-708d-4f53-95c2-d28cbefd500f-1024x846.jpg 1024w, https:\/\/www.radiopiu.net\/wordpress\/wp-content\/uploads\/2024\/10\/629301fd-708d-4f53-95c2-d28cbefd500f-768x635.jpg 768w, https:\/\/www.radiopiu.net\/wordpress\/wp-content\/uploads\/2024\/10\/629301fd-708d-4f53-95c2-d28cbefd500f-1536x1269.jpg 1536w, https:\/\/www.radiopiu.net\/wordpress\/wp-content\/uploads\/2024\/10\/629301fd-708d-4f53-95c2-d28cbefd500f.jpg 1600w\" sizes=\"auto, (max-width: 186px) 100vw, 186px\" \/><\/a>N di parom &#8211; L Almanach de la nosta jent<\/strong><\/h1>\n<\/blockquote>\n<p>Le voci: Davide Conedera, Agordo, Michela Dell&#8217;Osbel, La Valle Agordina Simone Ganz, Falcade Veronica Lezuo, Colle Santa Lucia. La voce nella sigla \u00e8 di Giorgia Taio<\/p>\n<p><strong>LA PUNTATA DI OGGI, 02 NOVEMBRE<\/strong><\/p>\n<\/div>\n<div class=\"x11i5rnm xat24cr x1mh8g0r x1vvkbs xtlvy1s x126k92a\">\n<audio class=\"wp-audio-shortcode\" id=\"audio-417322-3\" preload=\"none\" style=\"width: 100%;\" controls=\"controls\"><source type=\"audio\/mpeg\" src=\"https:\/\/www.radiopiu.net\/wordpress\/wp-content\/uploads\/2024\/10\/AL6-1.mp3?_=3\" \/><a href=\"https:\/\/www.radiopiu.net\/wordpress\/wp-content\/uploads\/2024\/10\/AL6-1.mp3\">https:\/\/www.radiopiu.net\/wordpress\/wp-content\/uploads\/2024\/10\/AL6-1.mp3<\/a><\/audio>\n<p>&nbsp;<\/p>\n<div dir=\"auto\">\n<hr \/>\n<\/div>\n<\/div>\n<blockquote>\n<blockquote>\n<h1><span style=\"color: #ff0000;\">\u00a0<\/span><\/h1>\n<h1><span style=\"color: #ff0000;\">I podcast informativi del mattino &#8211; audio &#8211;\u00a0\u00a0<\/span><\/h1>\n<\/blockquote>\n<p><strong><a class=\"dt-pswp-item\" href=\"https:\/\/www.radiopiu.net\/wordpress\/wp-content\/uploads\/2023\/11\/th-10.jpg\" data-dt-img-description=\"\" data-large_image_width=\"320\" data-large_image_height=\"180\"><img loading=\"lazy\" decoding=\"async\" class=\"wp-image-362866 alignleft\" src=\"https:\/\/www.radiopiu.net\/wordpress\/wp-content\/uploads\/2023\/11\/th-10-300x169.jpg\" alt=\"\" width=\"185\" height=\"104\" srcset=\"https:\/\/www.radiopiu.net\/wordpress\/wp-content\/uploads\/2023\/11\/th-10-300x169.jpg 300w, https:\/\/www.radiopiu.net\/wordpress\/wp-content\/uploads\/2023\/11\/th-10.jpg 320w\" sizes=\"auto, (max-width: 185px) 100vw, 185px\" \/><\/a>LA RASSEGNA STAMPA NAZIONALE ALLA RADIO, OGNI GIORNO ALLE 5 E ALLE 6 DEL MATTINO <span style=\"color: #0000ff;\">viene pubblicata alle 6.00 <span style=\"color: #ff0000;\">DIRETTA RADIO\u00a0 \u00a0\u00a0<\/span><\/span><\/strong><\/p><\/blockquote>\n<p>&nbsp;<\/p>\n<p><strong>NOTIZIE DELLA NOTTE<\/strong><\/p>\n<p><strong>Gaza:<\/strong> Hamas, 84 morti in raid Israele, inclusi 50 bambini <strong>Razzi<\/strong> nel centro di Israele, i feriti a Tira sono 11 <strong>Israele<\/strong>: media, &#8216;razzi a nord-est di Tel Aviv, 9 feriti&#8217;<br \/>\n<strong>Usa<\/strong> Aperta indagine sulle frasi Trump contro Liz Cheney <strong>Usa<\/strong> dispiegano altre forze in Medio Oriente contro Iran <strong>Libano<\/strong>, 52 i morti negli attacchi israeliani nell&#8217;est <strong>Harris,<\/strong> retorica della violenza squalifica Trump per Casa Bianca <strong>Massimiliano<\/strong> morto in Ucraina, soccorreva i feriti<\/p>\n<h2>AUDIO dalle 6 del mattino<\/h2>\n<audio class=\"wp-audio-shortcode\" id=\"audio-417322-4\" preload=\"none\" style=\"width: 100%;\" controls=\"controls\"><source type=\"audio\/mpeg\" src=\"https:\/\/www.radiopiu.net\/wordpress\/wp-content\/uploads\/2024\/11\/GIORNALEDELLESEI.mp3?_=4\" \/><a href=\"https:\/\/www.radiopiu.net\/wordpress\/wp-content\/uploads\/2024\/11\/GIORNALEDELLESEI.mp3\">https:\/\/www.radiopiu.net\/wordpress\/wp-content\/uploads\/2024\/11\/GIORNALEDELLESEI.mp3<\/a><\/audio>\n<p>&nbsp;<\/p>\n<p>&nbsp;<\/p>\n<p>&nbsp;<\/p>\n<hr \/>\n<p>&nbsp;<\/p>\n<h1 style=\"text-align: center;\"><span style=\"color: #ff0000;\">I podcast informativi del mattino &#8211; audio &#8211;\u00a0<\/span><\/h1>\n<p><strong><a class=\"dt-pswp-item\" href=\"https:\/\/www.radiopiu.net\/wordpress\/wp-content\/uploads\/2023\/12\/images.png\" data-dt-img-description=\"\" data-large_image_width=\"316\" data-large_image_height=\"160\"><img loading=\"lazy\" decoding=\"async\" class=\"wp-image-367008 alignleft\" src=\"https:\/\/www.radiopiu.net\/wordpress\/wp-content\/uploads\/2023\/12\/images-300x152.png\" alt=\"\" width=\"235\" height=\"119\" srcset=\"https:\/\/www.radiopiu.net\/wordpress\/wp-content\/uploads\/2023\/12\/images-300x152.png 300w, https:\/\/www.radiopiu.net\/wordpress\/wp-content\/uploads\/2023\/12\/images.png 316w\" sizes=\"auto, (max-width: 235px) 100vw, 235px\" \/><\/a>OGNI GIORNO ALLE SETTE DEL MATTINO, LA RASSEGNA STAMPA LOCALE FLASH&#8230; PER CHI VA IN FRETTA. I TITOLI DAI GIORNALI E DAL SITO WWW.RADIOPIU.NET <span style=\"color: #0000ff;\">viene pubblicato alle 7.00<\/span> <span style=\"color: #ff0000;\">DIRETTA RADIO\u00a0<\/span><\/strong><\/p>\n<p><em><span style=\"color: #ff0000;\">per chi va in fretta&#8230; tante notizie in pochi minuti. L&#8217;informazione locale alla radio, ogni ora dalle 7 del mattino alle 19 della sera.<\/span><\/em><\/p>\n<h1>AUDIO dalle 7 del mattino<\/h1>\n<audio class=\"wp-audio-shortcode\" id=\"audio-417322-5\" preload=\"none\" style=\"width: 100%;\" controls=\"controls\"><source type=\"audio\/mpeg\" src=\"https:\/\/www.radiopiu.net\/wordpress\/wp-content\/uploads\/2024\/11\/GF07.mp3?_=5\" \/><a href=\"https:\/\/www.radiopiu.net\/wordpress\/wp-content\/uploads\/2024\/11\/GF07.mp3\">https:\/\/www.radiopiu.net\/wordpress\/wp-content\/uploads\/2024\/11\/GF07.mp3<\/a><\/audio>\n<p>&nbsp;<\/p>\n<p>&nbsp;<\/p>\n<p>&nbsp;<\/p>\n<h1><\/h1>\n<h1 style=\"text-align: center;\"><span style=\"color: #ff0000;\"><a class=\"dt-pswp-item\" href=\"https:\/\/www.radiopiu.net\/wordpress\/wp-content\/uploads\/2022\/01\/026c3f9d-dae9-4040-a3c1-a6530231bcc3.jpg\" data-dt-img-description=\"\" data-large_image_width=\"1152\" data-large_image_height=\"2048\"><img loading=\"lazy\" decoding=\"async\" class=\"wp-image-251839 alignleft\" src=\"https:\/\/www.radiopiu.net\/wordpress\/wp-content\/uploads\/2022\/01\/026c3f9d-dae9-4040-a3c1-a6530231bcc3-169x300.jpg\" alt=\"\" width=\"100\" height=\"177\" srcset=\"https:\/\/www.radiopiu.net\/wordpress\/wp-content\/uploads\/2022\/01\/026c3f9d-dae9-4040-a3c1-a6530231bcc3-169x300.jpg 169w, https:\/\/www.radiopiu.net\/wordpress\/wp-content\/uploads\/2022\/01\/026c3f9d-dae9-4040-a3c1-a6530231bcc3-576x1024.jpg 576w, https:\/\/www.radiopiu.net\/wordpress\/wp-content\/uploads\/2022\/01\/026c3f9d-dae9-4040-a3c1-a6530231bcc3-768x1365.jpg 768w, https:\/\/www.radiopiu.net\/wordpress\/wp-content\/uploads\/2022\/01\/026c3f9d-dae9-4040-a3c1-a6530231bcc3-864x1536.jpg 864w, https:\/\/www.radiopiu.net\/wordpress\/wp-content\/uploads\/2022\/01\/026c3f9d-dae9-4040-a3c1-a6530231bcc3.jpg 1152w\" sizes=\"auto, (max-width: 100px) 100vw, 100px\" \/><\/a>I podcast informativi del mattino &#8211; audio &#8211;\u00a0<\/span><\/h1>\n<blockquote><p><strong>GIORNALE RADIO NAZIONALE, EDIZIONE DELLE SETTE <span style=\"color: #0000ff;\">viene pubblicato alle 7.05 <span style=\"color: #ff0000;\">DIRETTA RADIO\u00a0<\/span><\/span><\/strong><\/p><\/blockquote>\n<p><strong>il giornale radionazionale e&#8217; in onda ogni ora, dalle sette del mattino alle venti della sera\u00a0 \u00a0<\/strong><strong>\u00a0<\/strong><\/p>\n<p><strong>FIRENZE<\/strong> Abus\u00f2 di 7 bimbe tra i testimoni di Geova, a processo Le violenze in un Comune del Fiorentino, &#8216;sfruttava la loro fiducia&#8217;<\/p>\n<p><span style=\"color: #ff0000;\">\u00a0\u00a0<\/span><\/p>\n<p><strong>PIACENZA<\/strong> La famiglia di Aurora: &#8216;I servizi sociali non l&#8217;hanno tutelata&#8217; &#8216;Erano affidatari della minore&#8217;. La sorella: &#8220;Non mi do pace&#8221;<br \/>\n<strong>RAVENNA<\/strong> Il macellaio trovato impiccato, fu ucciso nel suo negozio Il gip\u00a0 ordina l&#8217;imputazione coatta per due indagati <strong>TORINO<\/strong> L&#8217;ultimo saluto a Matilde Lorenzi. &#8216;Buona discesa libera&#8217;In migliaia ai funerali a Giaveno. Uno sci accanto alla bara <strong>ROMA<\/strong> Operazione della polizia contro la criminalit\u00e0 giovanile, 37 arresti <strong>NUORO<\/strong> Auto fuori strada, morti 4 giovanissimi Avevano tra i 17 e i 22 anni, veicolo \u00e8 finito in una scarpata <strong>POTENZA<\/strong> Vuole una provincia dell&#8217;Islam in Italia, arrestato un minorenne, \u00a0il ragazzo, che agiva sul Web, portato in una comunit\u00e0<\/p>\n<p>&nbsp;<\/p>\n<p><span style=\"color: #ff0000;\">EDIZIONE DELLE 20, DEL 30 OTTOBRE 2024<\/span><\/p>\n<audio class=\"wp-audio-shortcode\" id=\"audio-417322-6\" preload=\"none\" style=\"width: 100%;\" controls=\"controls\"><source type=\"audio\/mpeg\" src=\"https:\/\/www.radiopiu.net\/wordpress\/wp-content\/uploads\/2024\/11\/giornale07.mp3?_=6\" \/><a href=\"https:\/\/www.radiopiu.net\/wordpress\/wp-content\/uploads\/2024\/11\/giornale07.mp3\">https:\/\/www.radiopiu.net\/wordpress\/wp-content\/uploads\/2024\/11\/giornale07.mp3<\/a><\/audio>\n<p>&nbsp;<\/p>\n<p><span style=\"color: #ff0000;\">EDIZIONE DELLE 19, DEL 30 OTTOBRE 2024, LO SPORT<\/span><\/p>\n<audio class=\"wp-audio-shortcode\" id=\"audio-417322-7\" preload=\"none\" style=\"width: 100%;\" controls=\"controls\"><source type=\"audio\/mpeg\" src=\"https:\/\/www.radiopiu.net\/wordpress\/wp-content\/uploads\/2024\/11\/gr-sport.mp3?_=7\" \/><a href=\"https:\/\/www.radiopiu.net\/wordpress\/wp-content\/uploads\/2024\/11\/gr-sport.mp3\">https:\/\/www.radiopiu.net\/wordpress\/wp-content\/uploads\/2024\/11\/gr-sport.mp3<\/a><\/audio>\n<h2><\/h2>\n<h2>AUDIO dalle sette del mattino, ogni ora alla radio<\/h2>\n<audio class=\"wp-audio-shortcode\" id=\"audio-417322-8\" preload=\"none\" style=\"width: 100%;\" controls=\"controls\"><source type=\"audio\/mpeg\" src=\"https:\/\/www.radiopiu.net\/wordpress\/wp-content\/uploads\/2024\/11\/giornale07-1.mp3?_=8\" \/><a href=\"https:\/\/www.radiopiu.net\/wordpress\/wp-content\/uploads\/2024\/11\/giornale07-1.mp3\">https:\/\/www.radiopiu.net\/wordpress\/wp-content\/uploads\/2024\/11\/giornale07-1.mp3<\/a><\/audio>\n<p>&nbsp;<\/p>\n<hr \/>\n<p>&nbsp;<\/p>\n<p>&nbsp;<\/p>\n<h1><span style=\"color: #ff0000;\"><a class=\"dt-pswp-item\" href=\"https:\/\/www.radiopiu.net\/wordpress\/wp-content\/uploads\/2024\/09\/GIORNALI.jpg\" data-dt-img-description=\"\" data-large_image_width=\"1280\" data-large_image_height=\"853\"><img loading=\"lazy\" decoding=\"async\" class=\" wp-image-410862 alignleft\" src=\"https:\/\/www.radiopiu.net\/wordpress\/wp-content\/uploads\/2024\/09\/GIORNALI-300x200.jpg\" alt=\"\" width=\"209\" height=\"139\" srcset=\"https:\/\/www.radiopiu.net\/wordpress\/wp-content\/uploads\/2024\/09\/GIORNALI-300x200.jpg 300w, https:\/\/www.radiopiu.net\/wordpress\/wp-content\/uploads\/2024\/09\/GIORNALI-1024x682.jpg 1024w, https:\/\/www.radiopiu.net\/wordpress\/wp-content\/uploads\/2024\/09\/GIORNALI-768x512.jpg 768w, https:\/\/www.radiopiu.net\/wordpress\/wp-content\/uploads\/2024\/09\/GIORNALI.jpg 1280w\" sizes=\"auto, (max-width: 209px) 100vw, 209px\" \/><\/a>I podcast informativi del mattino &#8211; video &#8211;\u00a0<\/span><\/h1>\n<h2 style=\"text-align: left;\"><strong>RASSEGNA STAMPA LOCALE, ORE OTTO 05<\/strong><\/h2>\n<h2><strong> <span style=\"color: #0000ff;\">viene\u00a0 <\/span><\/strong><strong><span style=\"color: #0000ff;\">pubblicata alle 8.05 <span style=\"color: #ff0000;\">DIRETTA RADIO\u00a0 \u00a0<\/span><\/span><\/strong><strong>DI MIRKO MEZZACASA<\/strong><\/h2>\n<h2><\/h2>\n<h2><\/h2>\n<h2><span style=\"color: #ff0000;\"><strong><a href=\"https:\/\/www.facebook.com\/watch\/live\/?ref=watch_permalink&amp;v=534971212665410\">CLICCA QUI VIDEO\u00a0 \u00a0in diretta dalle 8 del mattino\u00a0<\/a> \u00a0<\/strong><\/span><\/h2>\n\n\t\t\t<style type='text\/css'>\n\t\t\t\t#gallery-1 {\n\t\t\t\t\tmargin: auto;\n\t\t\t\t}\n\t\t\t\t#gallery-1 .gallery-item {\n\t\t\t\t\tfloat: left;\n\t\t\t\t\tmargin-top: 10px;\n\t\t\t\t\ttext-align: center;\n\t\t\t\t\twidth: 33%;\n\t\t\t\t}\n\t\t\t\t#gallery-1 img {\n\t\t\t\t\tborder: 2px solid #cfcfcf;\n\t\t\t\t}\n\t\t\t\t#gallery-1 .gallery-caption {\n\t\t\t\t\tmargin-left: 0;\n\t\t\t\t}\n\t\t\t\t\/* see gallery_shortcode() in wp-includes\/media.php *\/\n\t\t\t<\/style>\n\t\t<div id='gallery-1' class='dt-gallery-container gallery galleryid-417322 gallery-columns-3 gallery-size-thumbnail'><dl class='gallery-item'>\n\t\t\t\t<dt class='gallery-icon landscape'>\n\t\t\t\t\t<a class=\"rollover rollover-zoom dt-pswp-item\" title=\"Senza nome\" data-dt-img-description=\"\" data-large_image_width=\"919\" data-large_image_height=\"401\"href='https:\/\/www.radiopiu.net\/wordpress\/wp-content\/uploads\/2024\/11\/Senza-nome-1.png'><img loading=\"lazy\" decoding=\"async\" width=\"150\" height=\"150\" src=\"https:\/\/www.radiopiu.net\/wordpress\/wp-content\/uploads\/2024\/11\/Senza-nome-1-150x150.png\" class=\"attachment-thumbnail size-thumbnail\" alt=\"\" \/><\/a>\n\t\t\t\t<\/dt><\/dl><dl class='gallery-item'>\n\t\t\t\t<dt class='gallery-icon landscape'>\n\t\t\t\t\t<a class=\"rollover rollover-zoom dt-pswp-item\" title=\"COOP2\" data-dt-img-description=\"\" data-large_image_width=\"552\" data-large_image_height=\"400\"href='https:\/\/www.radiopiu.net\/wordpress\/wp-content\/uploads\/2024\/11\/COOP2.png'><img loading=\"lazy\" decoding=\"async\" width=\"150\" height=\"150\" src=\"https:\/\/www.radiopiu.net\/wordpress\/wp-content\/uploads\/2024\/11\/COOP2-150x150.png\" class=\"attachment-thumbnail size-thumbnail\" alt=\"\" \/><\/a>\n\t\t\t\t<\/dt><\/dl><dl class='gallery-item'>\n\t\t\t\t<dt class='gallery-icon landscape'>\n\t\t\t\t\t<a class=\"rollover rollover-zoom dt-pswp-item\" title=\"COOP1\" data-dt-img-description=\"\" data-large_image_width=\"469\" data-large_image_height=\"317\"href='https:\/\/www.radiopiu.net\/wordpress\/wp-content\/uploads\/2024\/11\/COOP1.png'><img loading=\"lazy\" decoding=\"async\" width=\"150\" height=\"150\" src=\"https:\/\/www.radiopiu.net\/wordpress\/wp-content\/uploads\/2024\/11\/COOP1-150x150.png\" class=\"attachment-thumbnail size-thumbnail\" alt=\"\" \/><\/a>\n\t\t\t\t<\/dt><\/dl><br style=\"clear: both\" \/>\n\t\t\t<\/div>\n\n<p>&nbsp;<\/p>\n<hr \/>\n<p>&nbsp;<\/p>\n<p>&nbsp;<\/p>\n<p><strong><a class=\"dt-pswp-item\" href=\"https:\/\/www.radiopiu.net\/wordpress\/wp-content\/uploads\/2023\/12\/ANTENNA.png\" data-dt-img-description=\"\" data-large_image_width=\"300\" data-large_image_height=\"166\"><img loading=\"lazy\" decoding=\"async\" class=\" wp-image-366306 alignleft\" src=\"https:\/\/www.radiopiu.net\/wordpress\/wp-content\/uploads\/2023\/12\/ANTENNA.png\" alt=\"\" width=\"175\" height=\"97\" \/><\/a>ogni sera alle 19 le anticipazioni alla radio, quello che poi seguirete nel TELEGIORNALE BELLUNESE\u00a0 in onda alle 19.30 sul CANALE 10 del digitale terrestre.\u00a0\u00a0<\/strong><\/p>\n<p>&nbsp;<\/p>\n<p>&nbsp;<\/p>\n<p>&nbsp;<\/p>\n<hr \/>\n<p>&nbsp;<\/p>\n<blockquote>\n<h3>SCIOPERO NAZIONALE DEI TRASPORTI<\/h3>\n<\/blockquote>\n<p><strong>BELLUNO<\/strong> Le organizzazioni sindacali territoriali di Belluno (FILT-CGIL, FIT-CISL, UILTRASPORTI, FAISA-CISAL) aderiranno allo sciopero nazionale del settore, indetto per venerd\u00ec 8 novembre 2024, per una durata di 24 ore, in conformit\u00e0 con la normativa sui servizi pubblici essenziali.<\/p>\n<h2>PER CONSULTARE LE LINEE GARANTITE NELLA GIORNATA <a href=\"https:\/\/www.radiopiu.net\/wordpress\/wp-content\/uploads\/2024\/10\/AP-08-11-2024-24h-senza-fasce-corse-garantite.pdf\"><span style=\"color: #3366ff;\">CLICCA QUI<\/span><\/a><\/h2>\n<p>&nbsp;<\/p>\n<p>&nbsp;<\/p>\n<hr \/>\n<p>&nbsp;<\/p>\n<blockquote>\n<h3>NOTA DI CORDOGLIO PER LA SCOMPARSA DI GIUSEPPE GIACOMUZZO, GALVISION<\/h3>\n<\/blockquote>\n<p><strong>BELLUNO<\/strong> Giuseppe Giacomuzzo, fondatore di Galvision srl, \u00e8 scomparso, lasciando un vuoto nell&#8217;imprenditoria bellunese. Lorraine Berton, presidente di Confindustria Belluno Dolomiti, ha espresso il suo cordoglio, sottolineando l&#8217;importanza dell&#8217;impegno di Giacomuzzo per la comunit\u00e0. Galvision, attiva nella produzione di occhiali a Longarone fin dagli anni Ottanta, \u00e8 stata riconosciuta per la sua innovazione e qualit\u00e0. Giacomuzzo ha sempre sostenuto l&#8217;importanza di investire nell&#8217;innovazione di prodotto e processo, contribuendo significativamente al distretto dell&#8217;occhialeria. Ha anche ricoperto il ruolo di consigliere nella sezione Occhialeria di Confindustria. La sua dedizione per i pi\u00f9 fragili e il supporto alla comunit\u00e0 sono stati evidenziati, e Berton ha espresso la sua vicinanza alla famiglia, in particolare alla moglie Gianna.<\/p>\n<p>&nbsp;<\/p>\n<p>&nbsp;<\/p>\n<hr \/>\n<p>&nbsp;<\/p>\n<blockquote>\n<h3>CI RISIAMO! A FELTRE LE BANDE DI LADRI SCORAZZANO INDISTURBATE<\/h3>\n<\/blockquote>\n<blockquote><p><strong>Esperti, Agilissimi, Attrezzati di Tutto Punto: Banda di Ladri Semina il Panico in Citt\u00e0<\/strong><\/p><\/blockquote>\n<p><strong>FELTRE\u00a0<\/strong><\/p>\n<div class=\"flex max-w-full flex-col flex-grow\">\n<div class=\"min-h-8 text-message flex w-full flex-col items-end gap-2 whitespace-normal break-words [.text-message+&amp;]:mt-5\" dir=\"auto\" data-message-author-role=\"assistant\" data-message-id=\"1c661103-e490-4aa5-8ddb-fcfad4626907\" data-message-model-slug=\"gpt-4o\">\n<div class=\"flex w-full flex-col gap-1 empty:hidden first:pt-[3px]\">\n<div class=\"markdown prose w-full break-words dark:prose-invert dark\">\n<p><img loading=\"lazy\" decoding=\"async\" class=\"alignleft\" src=\"https:\/\/www.radiopiu.net\/wordpress\/wp-content\/uploads\/2021\/10\/d114a40e-bd5d-4ed4-969a-c1cfff9b1497.jpg\" width=\"334\" height=\"250\" \/>Venerd\u00ec pomeriggio \u00e8 stato pesante per la sicurezza a Feltre, dove una banda organizzata ha colpito almeno sei abitazioni in vari quartieri, accumulando un ingente bottino di gioielli, oro e denaro. L\u2019orario critico si \u00e8 rivelato tra le 18 e le 20, quando la serata prefestiva ha trattenuto molte persone fuori casa. Da Farra alla zona di via Anconetta, passando per il Boscariz, i ladri hanno scalato muri e forzato finestre, devastando camere da letto e cassettiere alla ricerca di oggetti preziosi. In un caso, una cassaforte \u00e8 stata aperta con una mola a disco.<\/p>\n<p>Le famiglie colpite hanno trovato le loro case sottosopra, chiedendo subito l\u2019intervento dei carabinieri. I sopralluoghi sono stati condotti gi\u00e0 venerd\u00ec sera, e oggi i proprietari hanno presentato le denunce. I segni sui muri e le finestre forzate indicano l\u2019abilit\u00e0 dei malviventi, che hanno usato semplici cacciaviti per entrare, lasciando serrature intatte in alcuni casi. Il raid fa sospettare la presenza di due &#8220;squadre&#8221; operative, data la quantit\u00e0 di colpi in un tempo cos\u00ec breve.<\/p>\n<p>Un residente ha raccontato la sua esperienza amara: \u00abQuando sono rientrato, tutto era sottosopra. Probabilmente erano ancora in casa quando ho parcheggiato l\u2019auto. Mi spiace per i ricordi perduti\u00bb. Un vicino, invece, ha trovato la cassaforte aperta e svuotata.<\/p>\n<p>Il raid ha portato le forze dell\u2019ordine ad alzare la soglia di attenzione. Recenti segnalazioni a Quero potrebbero essere collegate, suggerendo un\u2019operazione pianificata con cura e basata sull\u2019osservazione delle abitudini dei residenti.<\/p>\n<\/div>\n<\/div>\n<\/div>\n<\/div>\n<div class=\"flex\"><\/div>\n<div><\/div>\n<div>\n<hr \/>\n<\/div>\n<blockquote>\n<div><\/div>\n<\/blockquote>\n<div><\/div>\n<div>\n<hr \/>\n<\/div>\n<blockquote>\n<h3>Traffico Intenso sulla SR 50, Tamponamento in Galleria Pontet<\/h3>\n<\/blockquote>\n<div><\/div>\n<div><img loading=\"lazy\" decoding=\"async\" class=\"alignleft\" src=\"https:\/\/www.radiopiu.net\/wordpress\/wp-content\/uploads\/2022\/07\/Viadotto-Pontet-4.jpeg\" width=\"239\" height=\"179\" \/><strong>FELTRE<\/strong> Ieri mattina il traffico sulla SR 50 del Grappa e del Passo Rolle si \u00e8 intensificato per le partenze del ponte di Ognissanti. Poco dopo le 11, un tamponamento nella galleria di Pontet, l&#8217;ultima prima del confine con il Primiero, ha coinvolto quattro veicoli diretti verso il Trentino. La polizia stradale di Feltre, i vigili del fuoco e un\u2019ambulanza del 118 dall&#8217;ospedale di Feltre sono intervenuti rapidamente. Due persone di Mestre, un uomo e una donna, sono state prese in carico dai sanitari per controlli, ma non hanno riportato ferite gravi. I veicoli sono stati rimossi prontamente dalla galleria per limitare ulteriori disagi al traffico.<\/div>\n<div><\/div>\n<div><\/div>\n<p>&nbsp;<\/p>\n<p>&nbsp;<\/p>\n<p>&nbsp;<\/p>\n<hr \/>\n<p>&nbsp;<\/p>\n<blockquote>\n<h2>Ex Sindaco di Limana, Giorgio Bianchet, Muore Improvvisamente a 77 Anni<\/h2>\n<\/blockquote>\n<div class=\"group\/conversation-turn relative flex w-full min-w-0 flex-col agent-turn\">\n<div class=\"flex-col gap-1 md:gap-3\">\n<div class=\"flex max-w-full flex-col flex-grow\">\n<div class=\"min-h-8 text-message flex w-full flex-col items-end gap-2 whitespace-normal break-words [.text-message+&amp;]:mt-5\" dir=\"auto\" data-message-author-role=\"assistant\" data-message-id=\"1d843000-9d3b-4f54-8b97-79e9881e87b9\" data-message-model-slug=\"gpt-4o\">\n<div class=\"flex w-full flex-col gap-1 empty:hidden first:pt-[3px]\">\n<div class=\"markdown prose w-full break-words dark:prose-invert dark\">\n<p><img decoding=\"async\" class=\"alignleft\" src=\"https:\/\/www.radiopiu.net\/wordpress\/wp-content\/uploads\/2024\/11\/Senza-nome.png\" \/>Limana piange la scomparsa improvvisa di Giorgio Bianchet, ex sindaco e presidente nazionale dell&#8217;Ordine dei Periti Industriali. Aveva 77 anni.<\/p>\n<p>Bianchet era noto per la sua visione pratica e la capacit\u00e0 di mediazione, doti che gli permisero di guidare il comune anche in momenti difficili.<\/p>\n<p>Il funerale si terr\u00e0 luned\u00ec 4 novembre nella chiesa arcipretale di Limana, mentre il rosario \u00e8 previsto per domenica sera.<\/p>\n<\/div>\n<\/div>\n<\/div>\n<\/div>\n<\/div>\n<\/div>\n<p>&nbsp;<\/p>\n<p>&nbsp;<\/p>\n<hr \/>\n<p>&nbsp;<\/p>\n<blockquote>\n<h3>SAVINER DI LASTE: L&#8217;IMPEGNO DEI VIGILI DEL FUOCO DI CAPRILE ED AGORDO<\/h3>\n<\/blockquote>\n<p><strong>ROCCA PIETORE<\/strong> Proseguono le operazioni di messa in sicurezza dell\u2019abitazione colpita gioved\u00ec sera da un masso in localit\u00e0 Saviner di Laste, nel comune di Rocca Pietore. Il blocco roccioso, di circa un metro cubo, si \u00e8 staccato dalla parete sovrastante e ha colpito la casa mercoled\u00ec poco prima delle 19, danneggiando gravemente una porzione dell\u2019edificio. Fortunatamente, nessuno \u00e8 rimasto ferito. Gioved\u00ec mattina i vigili del fuoco sono intervenuti per rimuovere le macerie e mettere in sicurezza gli elementi pericolanti, tra cui due comignoli danneggiati dall\u2019impatto. Sul posto \u00e8 arrivato anche un geologo incaricato di valutare il rischio di ulteriori distacchi e decidere le azioni pi\u00f9 adeguate per prevenire altri eventi simili. La persona residente, pur con qualche disagio, rimane alloggiata nella porzione opposta dell\u2019abitazione, lontana dalla zona colpita dal masso. Mercoled\u00ec sera sono intervenuti i vigili del fuoco di Caprile\u00a0 con 2 squadre\u00a0 e con il supporto operativo dei colleghi di Agordo, i Carabinieri di Caprile e un Funzionario del Comando di Belluno.<\/p>\n<p><a class=\"dt-pswp-item\" href=\"https:\/\/www.radiopiu.net\/wordpress\/wp-content\/uploads\/2024\/10\/aa4e1c6d-aca3-4e69-8762-87c75a5525b9.jpg\" data-dt-img-description=\"\" data-large_image_width=\"577\" data-large_image_height=\"968\"><img loading=\"lazy\" decoding=\"async\" class=\"alignnone size-medium wp-image-417446\" src=\"https:\/\/www.radiopiu.net\/wordpress\/wp-content\/uploads\/2024\/10\/aa4e1c6d-aca3-4e69-8762-87c75a5525b9-179x300.jpg\" alt=\"\" width=\"179\" height=\"300\" srcset=\"https:\/\/www.radiopiu.net\/wordpress\/wp-content\/uploads\/2024\/10\/aa4e1c6d-aca3-4e69-8762-87c75a5525b9-179x300.jpg 179w, https:\/\/www.radiopiu.net\/wordpress\/wp-content\/uploads\/2024\/10\/aa4e1c6d-aca3-4e69-8762-87c75a5525b9.jpg 577w\" sizes=\"auto, (max-width: 179px) 100vw, 179px\" \/><\/a><a class=\"dt-pswp-item\" href=\"https:\/\/www.radiopiu.net\/wordpress\/wp-content\/uploads\/2024\/10\/34bf86ad-008f-40c8-8ceb-c5476fb4ddcb.jpg\" data-dt-img-description=\"\" data-large_image_width=\"577\" data-large_image_height=\"1020\"><img loading=\"lazy\" decoding=\"async\" class=\"alignnone size-medium wp-image-417445\" src=\"https:\/\/www.radiopiu.net\/wordpress\/wp-content\/uploads\/2024\/10\/34bf86ad-008f-40c8-8ceb-c5476fb4ddcb-170x300.jpg\" alt=\"\" width=\"170\" height=\"300\" srcset=\"https:\/\/www.radiopiu.net\/wordpress\/wp-content\/uploads\/2024\/10\/34bf86ad-008f-40c8-8ceb-c5476fb4ddcb-170x300.jpg 170w, https:\/\/www.radiopiu.net\/wordpress\/wp-content\/uploads\/2024\/10\/34bf86ad-008f-40c8-8ceb-c5476fb4ddcb.jpg 577w\" sizes=\"auto, (max-width: 170px) 100vw, 170px\" \/><\/a><a class=\"dt-pswp-item\" href=\"https:\/\/www.radiopiu.net\/wordpress\/wp-content\/uploads\/2024\/10\/5ed18da5-4961-4d49-8e4b-82c6cab69b27.jpg\" data-dt-img-description=\"\" data-large_image_width=\"1200\" data-large_image_height=\"1600\"><img loading=\"lazy\" decoding=\"async\" class=\"alignnone size-medium wp-image-417441\" src=\"https:\/\/www.radiopiu.net\/wordpress\/wp-content\/uploads\/2024\/10\/5ed18da5-4961-4d49-8e4b-82c6cab69b27-225x300.jpg\" alt=\"\" width=\"225\" height=\"300\" srcset=\"https:\/\/www.radiopiu.net\/wordpress\/wp-content\/uploads\/2024\/10\/5ed18da5-4961-4d49-8e4b-82c6cab69b27-225x300.jpg 225w, https:\/\/www.radiopiu.net\/wordpress\/wp-content\/uploads\/2024\/10\/5ed18da5-4961-4d49-8e4b-82c6cab69b27-768x1024.jpg 768w, https:\/\/www.radiopiu.net\/wordpress\/wp-content\/uploads\/2024\/10\/5ed18da5-4961-4d49-8e4b-82c6cab69b27-1152x1536.jpg 1152w, https:\/\/www.radiopiu.net\/wordpress\/wp-content\/uploads\/2024\/10\/5ed18da5-4961-4d49-8e4b-82c6cab69b27.jpg 1200w\" sizes=\"auto, (max-width: 225px) 100vw, 225px\" \/><\/a><a class=\"dt-pswp-item\" href=\"https:\/\/www.radiopiu.net\/wordpress\/wp-content\/uploads\/2024\/10\/465052112_958021809701136_2882956653820638185_n.jpg\" data-dt-img-description=\"\" data-large_image_width=\"522\" data-large_image_height=\"640\"><img loading=\"lazy\" decoding=\"async\" class=\"alignnone size-medium wp-image-417440\" src=\"https:\/\/www.radiopiu.net\/wordpress\/wp-content\/uploads\/2024\/10\/465052112_958021809701136_2882956653820638185_n-245x300.jpg\" alt=\"\" width=\"245\" height=\"300\" srcset=\"https:\/\/www.radiopiu.net\/wordpress\/wp-content\/uploads\/2024\/10\/465052112_958021809701136_2882956653820638185_n-245x300.jpg 245w, https:\/\/www.radiopiu.net\/wordpress\/wp-content\/uploads\/2024\/10\/465052112_958021809701136_2882956653820638185_n.jpg 522w\" sizes=\"auto, (max-width: 245px) 100vw, 245px\" \/><\/a><a class=\"dt-pswp-item\" href=\"https:\/\/www.radiopiu.net\/wordpress\/wp-content\/uploads\/2024\/10\/088a39a3-9644-4c9f-a57f-ff9f554e9b17.jpg\" data-dt-img-description=\"\" data-large_image_width=\"1028\" data-large_image_height=\"577\"><img loading=\"lazy\" decoding=\"async\" class=\"alignnone size-medium wp-image-417444\" src=\"https:\/\/www.radiopiu.net\/wordpress\/wp-content\/uploads\/2024\/10\/088a39a3-9644-4c9f-a57f-ff9f554e9b17-300x168.jpg\" alt=\"\" width=\"300\" height=\"168\" srcset=\"https:\/\/www.radiopiu.net\/wordpress\/wp-content\/uploads\/2024\/10\/088a39a3-9644-4c9f-a57f-ff9f554e9b17-300x168.jpg 300w, https:\/\/www.radiopiu.net\/wordpress\/wp-content\/uploads\/2024\/10\/088a39a3-9644-4c9f-a57f-ff9f554e9b17-1024x575.jpg 1024w, https:\/\/www.radiopiu.net\/wordpress\/wp-content\/uploads\/2024\/10\/088a39a3-9644-4c9f-a57f-ff9f554e9b17-768x431.jpg 768w, https:\/\/www.radiopiu.net\/wordpress\/wp-content\/uploads\/2024\/10\/088a39a3-9644-4c9f-a57f-ff9f554e9b17.jpg 1028w\" sizes=\"auto, (max-width: 300px) 100vw, 300px\" \/><\/a><a class=\"dt-pswp-item\" href=\"https:\/\/www.radiopiu.net\/wordpress\/wp-content\/uploads\/2024\/10\/fb42afd5-fd8b-40a1-96c7-afe4ad655a10.jpg\" data-dt-img-description=\"\" data-large_image_width=\"1097\" data-large_image_height=\"577\"><img loading=\"lazy\" decoding=\"async\" class=\"alignnone wp-image-417447\" src=\"https:\/\/www.radiopiu.net\/wordpress\/wp-content\/uploads\/2024\/10\/fb42afd5-fd8b-40a1-96c7-afe4ad655a10-300x158.jpg\" alt=\"\" width=\"317\" height=\"167\" srcset=\"https:\/\/www.radiopiu.net\/wordpress\/wp-content\/uploads\/2024\/10\/fb42afd5-fd8b-40a1-96c7-afe4ad655a10-300x158.jpg 300w, https:\/\/www.radiopiu.net\/wordpress\/wp-content\/uploads\/2024\/10\/fb42afd5-fd8b-40a1-96c7-afe4ad655a10-1024x539.jpg 1024w, https:\/\/www.radiopiu.net\/wordpress\/wp-content\/uploads\/2024\/10\/fb42afd5-fd8b-40a1-96c7-afe4ad655a10-768x404.jpg 768w, https:\/\/www.radiopiu.net\/wordpress\/wp-content\/uploads\/2024\/10\/fb42afd5-fd8b-40a1-96c7-afe4ad655a10.jpg 1097w\" sizes=\"auto, (max-width: 317px) 100vw, 317px\" \/><\/a><a class=\"dt-pswp-item\" href=\"https:\/\/www.radiopiu.net\/wordpress\/wp-content\/uploads\/2024\/10\/ceb9f5e4-f9e5-4039-a935-5c9cf9bc63d3.jpg\" data-dt-img-description=\"\" data-large_image_width=\"1112\" data-large_image_height=\"577\"><img loading=\"lazy\" decoding=\"async\" class=\"alignnone wp-image-417442\" src=\"https:\/\/www.radiopiu.net\/wordpress\/wp-content\/uploads\/2024\/10\/ceb9f5e4-f9e5-4039-a935-5c9cf9bc63d3-300x156.jpg\" alt=\"\" width=\"296\" height=\"154\" srcset=\"https:\/\/www.radiopiu.net\/wordpress\/wp-content\/uploads\/2024\/10\/ceb9f5e4-f9e5-4039-a935-5c9cf9bc63d3-300x156.jpg 300w, https:\/\/www.radiopiu.net\/wordpress\/wp-content\/uploads\/2024\/10\/ceb9f5e4-f9e5-4039-a935-5c9cf9bc63d3-1024x531.jpg 1024w, https:\/\/www.radiopiu.net\/wordpress\/wp-content\/uploads\/2024\/10\/ceb9f5e4-f9e5-4039-a935-5c9cf9bc63d3-768x399.jpg 768w, https:\/\/www.radiopiu.net\/wordpress\/wp-content\/uploads\/2024\/10\/ceb9f5e4-f9e5-4039-a935-5c9cf9bc63d3.jpg 1112w\" sizes=\"auto, (max-width: 296px) 100vw, 296px\" \/><\/a><\/p>\n<p>&nbsp;<\/p>\n<p>&nbsp;<\/p>\n<blockquote>\n<h3 class=\"_title post-title entry-title\">ROCCA PIETORE | MASSO PRECIPITA SU UNA CASA, MIRACOLOSAMENTE ILLESI PADRE E FIGLIA<\/h3>\n<\/blockquote>\n<p>Intervistati VALERIO DAVARE SINDACO DI ROCCA PIETORE (AL TELEFONO) (Servizio di\u00a0<a href=\"https:\/\/antennatre.medianordest.it\/redazione\/Tiziana-Bolognani\/\">Tiziana Bolognani<\/a>)<\/p>\n<p><iframe loading=\"lazy\" title=\"MASSO PRECIPITA SU UNA CASA, MIRACOLOSAMENTE ILLESI PADRE E FIGLIA | 31\/10\/2024\" width=\"1200\" height=\"675\" src=\"https:\/\/www.youtube.com\/embed\/N_zaHgtRet0?feature=oembed\" frameborder=\"0\" allow=\"accelerometer; autoplay; clipboard-write; encrypted-media; gyroscope; picture-in-picture; web-share\" referrerpolicy=\"strict-origin-when-cross-origin\" allowfullscreen><\/iframe><\/p>\n<p>&nbsp;<\/p>\n<p>&nbsp;<\/p>\n<hr \/>\n<p>&nbsp;<\/p>\n<blockquote>\n<h3>SOPRALLUOGO A SAVINER DI LASTE: INTERVENTI URGENTI PER LA MESSA IN SICUREZZA<\/h3>\n<\/blockquote>\n<p><strong><a class=\"dt-pswp-item\" href=\"https:\/\/www.radiopiu.net\/wordpress\/wp-content\/uploads\/2024\/10\/fc9c9a11-f83b-495c-8775-4d42b859e88d.jpg\" data-dt-img-description=\"\" data-large_image_width=\"1600\" data-large_image_height=\"1200\"><img loading=\"lazy\" decoding=\"async\" class=\" wp-image-417406 alignleft\" src=\"https:\/\/www.radiopiu.net\/wordpress\/wp-content\/uploads\/2024\/10\/fc9c9a11-f83b-495c-8775-4d42b859e88d-300x225.jpg\" alt=\"\" width=\"180\" height=\"135\" srcset=\"https:\/\/www.radiopiu.net\/wordpress\/wp-content\/uploads\/2024\/10\/fc9c9a11-f83b-495c-8775-4d42b859e88d-300x225.jpg 300w, https:\/\/www.radiopiu.net\/wordpress\/wp-content\/uploads\/2024\/10\/fc9c9a11-f83b-495c-8775-4d42b859e88d-1024x768.jpg 1024w, https:\/\/www.radiopiu.net\/wordpress\/wp-content\/uploads\/2024\/10\/fc9c9a11-f83b-495c-8775-4d42b859e88d-768x576.jpg 768w, https:\/\/www.radiopiu.net\/wordpress\/wp-content\/uploads\/2024\/10\/fc9c9a11-f83b-495c-8775-4d42b859e88d-1536x1152.jpg 1536w, https:\/\/www.radiopiu.net\/wordpress\/wp-content\/uploads\/2024\/10\/fc9c9a11-f83b-495c-8775-4d42b859e88d.jpg 1600w\" sizes=\"auto, (max-width: 180px) 100vw, 180px\" \/><\/a>BELLUNO<\/strong> Un sopralluogo condotto dal geologo Ennio Chiesurin a Saviner di Laste (Rocca Pietore) ha confermato la necessit\u00e0 di ampliare la barriera paramassi o installare una nuova rete per mettere in sicurezza l\u2019area, dopo che un masso di un metro cubo ha colpito un\u2019abitazione. Il masso si \u00e8 staccato da circa 50 metri di altezza e ha sventrato la parete dell&#8217;edificio. Il consigliere provinciale Massimo Bortoluzzi ha annunciato l\u2019attivazione di una procedura d\u2019urgenza per iniziare i lavori prima dell\u2019inverno, meteo permettendo. L\u2019area sar\u00e0 monitorata per prevenire ulteriori distacchi, mentre l\u2019abitazione \u00e8 parzialmente inagibile, anche se i residenti possono rimanere in casa. La Provincia assicura comunque il monitoraggio dell\u2019area ed \u00e8 in costante contatto con il Comune di Rocca Pietore. I due residenti dell\u2019abitazione colpita non sono stati costretti a lasciare la loro casa, in quanto solamente la stanza sventrata dal masso \u00e8 stata dichiarata inagibile.<\/p>\n<p>&nbsp;<\/p>\n<p>&nbsp;<\/p>\n<hr \/>\n<p>&nbsp;<\/p>\n<blockquote>\n<h3>ieri, SOCCORSO ALPINO AL LAVORO.<\/h3>\n<\/blockquote>\n<p><strong>REDAZIONE<\/strong> Ieri mattina una donna di 53 anni di Bassano del Grappa, mentre percorreva una strada forestale sopra Pian Osteria con il marito, ha accusato un dolore alla gamba e non \u00e8 riuscita a proseguire; il Soccorso alpino dell&#8217;Alpago l&#8217;ha aiutata a tornare alla sua auto, con cui si \u00e8 recata autonomamente in ospedale. Nel primo pomeriggio, un uomo di 43 anni di Val di Zoldo \u00e8 caduto tra le rocce nei pressi delle piste del Lagazuoi, riportando un sospetto politrauma; \u00e8 stato recuperato dall\u2019elicottero e trasportato all&#8217;ospedale di Belluno, mentre i soccorritori hanno assistito le sue figlie. Infine, a Belluno, una squadra di soccorso \u00e8 intervenuta al Rifugio Bristot per una donna che si era sentita male, accompagnandola alla sua auto.<\/p>\n<p>&nbsp;<\/p>\n<p>&nbsp;<\/p>\n<hr \/>\n<p>&nbsp;<\/p>\n<blockquote>\n<h3>ieri, TRE INTERVENTI DEL SUEM NELLA GIORNATA<\/h3>\n<\/blockquote>\n<p><strong><a class=\"dt-pswp-item\" href=\"https:\/\/www.radiopiu.net\/wordpress\/wp-content\/uploads\/2023\/08\/suem.png\" data-dt-img-description=\"\" data-large_image_width=\"273\" data-large_image_height=\"127\"><img loading=\"lazy\" decoding=\"async\" class=\" wp-image-348238 alignleft\" src=\"https:\/\/www.radiopiu.net\/wordpress\/wp-content\/uploads\/2023\/08\/suem.png\" alt=\"\" width=\"170\" height=\"79\" \/><\/a>REDAZIONE<\/strong> Giornata di festa ieri ma non per il Suem 118 che \u00e8 stato impegnato in tre interventi. Il primo poco dopo le 11 a Sovramonte per un incidente stradale dove sono rimaste coinvolte due persone di Mestre, un uomo e una donna rispettivamente di 80 e 79 anni. L&#8217;ambulanza di Feltre ha prestato pe prime cure agli anziani che sono poi stati trasferiti al nosocomio di Feltre. Alle 13 un altro incidente ad Alleghe dove la Croce Verde di Alleghe ha soccorso una motociclista di 28 anni orginaria di Mestre che \u00e8 stata poi portata all&#8217;ospedale di Agordo. Infine alle 15:50 L&#8217;ambulanza e l&#8217;elicottero Falco sono intervenute sulla strada che da Valle Di Cadore porta a Cortina dove un uomo con problemi cardiaci si era sentito male.<\/p>\n<p>&nbsp;<\/p>\n<div class=\"articlePlainText\"><strong>Intorno alle 13 un incidente sulle strade nella zona di Alleghe. Una motociclista di 28 anni di Mestre \u00e8 stata al centro di una caduta in sella alla due ruote. Un episodio che non ne ha messo in pericolo la vita, per fortuna. Soccorsa, \u00e8 stata trasferita all&#8217;ospedale di Agordo a bordo dell&#8217;ambulanza di Alleghe.\u00a0\u00a0<\/strong><\/div>\n<div><\/div>\n<div><\/div>\n<hr \/>\n<p>&nbsp;<\/p>\n<blockquote>\n<h3>DDL MONTAGNA: VIA LIBERA AL SENATO<\/h3>\n<\/blockquote>\n<p><strong><a class=\"dt-pswp-item\" href=\"https:\/\/www.radiopiu.net\/wordpress\/wp-content\/uploads\/2023\/04\/PADRIN.jpeg\" data-dt-img-description=\"\" data-large_image_width=\"1110\" data-large_image_height=\"648\"><img loading=\"lazy\" decoding=\"async\" class=\" wp-image-330720 alignleft\" src=\"https:\/\/www.radiopiu.net\/wordpress\/wp-content\/uploads\/2023\/04\/PADRIN-300x175.jpeg\" alt=\"\" width=\"235\" height=\"137\" srcset=\"https:\/\/www.radiopiu.net\/wordpress\/wp-content\/uploads\/2023\/04\/PADRIN-300x175.jpeg 300w, https:\/\/www.radiopiu.net\/wordpress\/wp-content\/uploads\/2023\/04\/PADRIN-1024x598.jpeg 1024w, https:\/\/www.radiopiu.net\/wordpress\/wp-content\/uploads\/2023\/04\/PADRIN-768x448.jpeg 768w, https:\/\/www.radiopiu.net\/wordpress\/wp-content\/uploads\/2023\/04\/PADRIN.jpeg 1110w\" sizes=\"auto, (max-width: 235px) 100vw, 235px\" \/><\/a>BELLUNO<\/strong> Roberto Padrin, presidente della Provincia di Belluno, commenta l&#8217;approvazione del Ddl montagna al Senato, sottolineando l&#8217;importanza di trasformare le terre alte da aree marginali a centrali. Padrin evidenzia che questa approvazione coincide con la Giornata mondiale del risparmio, poich\u00e9 le montagne conservano beni preziosi come acqua e ambiente, gestiti con attenzione dagli abitanti locali. Sottolinea come le aree montane contribuiscano al benessere delle metropoli, offrendo servizi ecosistemici essenziali. Padrin esprime l&#8217;urgenza di affrontare lo spopolamento delle zone montane e spera che questo provvedimento rappresenti un primo passo verso un riconoscimento paritario del ruolo delle montagne, non pi\u00f9 subordinate alle pianure.<\/p>\n<p>&nbsp;<\/p>\n<p>&nbsp;<\/p>\n<hr \/>\n<p>&nbsp;<\/p>\n<blockquote>\n<h3>DDL MONTAGNA: NOVITA&#8217; ANCHE PER LA PROVINCIA DI BELLUNO<\/h3>\n<\/blockquote>\n<p><strong><a class=\"dt-pswp-item\" href=\"https:\/\/www.radiopiu.net\/wordpress\/wp-content\/uploads\/2024\/02\/SILVIA-CALLIGARO.jpg\" data-dt-img-description=\"\" data-large_image_width=\"2560\" data-large_image_height=\"1341\"><img loading=\"lazy\" decoding=\"async\" class=\" wp-image-376702 alignleft\" src=\"https:\/\/www.radiopiu.net\/wordpress\/wp-content\/uploads\/2024\/02\/SILVIA-CALLIGARO-300x157.jpg\" alt=\"\" width=\"180\" height=\"94\" srcset=\"https:\/\/www.radiopiu.net\/wordpress\/wp-content\/uploads\/2024\/02\/SILVIA-CALLIGARO-300x157.jpg 300w, https:\/\/www.radiopiu.net\/wordpress\/wp-content\/uploads\/2024\/02\/SILVIA-CALLIGARO-1024x536.jpg 1024w, https:\/\/www.radiopiu.net\/wordpress\/wp-content\/uploads\/2024\/02\/SILVIA-CALLIGARO-768x402.jpg 768w, https:\/\/www.radiopiu.net\/wordpress\/wp-content\/uploads\/2024\/02\/SILVIA-CALLIGARO-1536x805.jpg 1536w, https:\/\/www.radiopiu.net\/wordpress\/wp-content\/uploads\/2024\/02\/SILVIA-CALLIGARO-2048x1073.jpg 2048w\" sizes=\"auto, (max-width: 180px) 100vw, 180px\" \/><\/a>BELLUNO<\/strong> La recente approvazione della Legge sulla Montagna in Senato porta novit\u00e0 rilevanti per i tribunali delle aree montane, tra cui quello di Belluno. La presidente provinciale di Fratelli d&#8217;Italia Belluno, Silvia Calligaro, ha evidenziato l&#8217;importanza del provvedimento, sostenuto dal senatore Luca De Carlo, che prevede misure per supportare i tribunali di montagna. La legge consente al Ministero della Giustizia di attivare procedure di mobilit\u00e0 volontaria per il personale delle amministrazioni pubbliche, per compensare carenze di organico nei tribunali di aree montane, dove la scopertura di personale superi il 30%. A Belluno, la carenza del personale amministrativo sfiora il 50%, compromettendo l&#8217;efficienza dei servizi. Calligaro esprime fiducia che questa legge contribuir\u00e0 a risolvere le difficolt\u00e0 che affliggono il tribunale bellunese, migliorando i servizi essenziali nelle aree montane.<\/p>\n<p>&nbsp;<\/p>\n<p>&nbsp;<\/p>\n<hr \/>\n<p>&nbsp;<\/p>\n<blockquote>\n<h3>LA CISL VINCE LE ELEZIONI PER IL RINNOVO RSU ALLA MARCOLIN<\/h3>\n<\/blockquote>\n<p><strong><a class=\"dt-pswp-item\" href=\"https:\/\/www.radiopiu.net\/wordpress\/wp-content\/uploads\/2024\/09\/Marcolin-Fortogna.jpg\" data-dt-img-description=\"\" data-large_image_width=\"2400\" data-large_image_height=\"1500\"><img loading=\"lazy\" decoding=\"async\" class=\" wp-image-411793 alignleft\" src=\"https:\/\/www.radiopiu.net\/wordpress\/wp-content\/uploads\/2024\/09\/Marcolin-Fortogna-300x188.jpg\" alt=\"\" width=\"215\" height=\"135\" srcset=\"https:\/\/www.radiopiu.net\/wordpress\/wp-content\/uploads\/2024\/09\/Marcolin-Fortogna-300x188.jpg 300w, https:\/\/www.radiopiu.net\/wordpress\/wp-content\/uploads\/2024\/09\/Marcolin-Fortogna-1024x640.jpg 1024w, https:\/\/www.radiopiu.net\/wordpress\/wp-content\/uploads\/2024\/09\/Marcolin-Fortogna-768x480.jpg 768w, https:\/\/www.radiopiu.net\/wordpress\/wp-content\/uploads\/2024\/09\/Marcolin-Fortogna-1536x960.jpg 1536w, https:\/\/www.radiopiu.net\/wordpress\/wp-content\/uploads\/2024\/09\/Marcolin-Fortogna-2048x1280.jpg 2048w\" sizes=\"auto, (max-width: 215px) 100vw, 215px\" \/><\/a>LONGARONE<\/strong> La Femca Cisl ha vinto le elezioni per il rinnovo delle RSU alla Marcolin, confermandosi il sindacato di riferimento. Con un\u2019affluenza di 430 votanti su 778, la lista Femca ha ottenuto il 56% dei voti validi, superando Filctem Cgil e Uiltec. Dei 12 rappresentanti eletti, 7 sono della Femca, 4 della Filctem e uno della Uiltec. Milena Cesca, responsabile Femca Cisl per Marcolin, ha sottolineato come questo successo sia frutto del lavoro sindacale svolto, che ha portato risultati come premi di risultato, miglioramenti sugli orari e vantaggi fiscali. Gli obiettivi futuri includono il rinnovo del contratto, miglioramenti per la qualit\u00e0 della vita aziendale e la stabilizzazione dei lavoratori interinali.<\/p>\n<p><strong>MILENA CESCA, FILCTEM CISL<\/strong><\/p>\n<audio class=\"wp-audio-shortcode\" id=\"audio-417322-9\" preload=\"none\" style=\"width: 100%;\" controls=\"controls\"><source type=\"audio\/mpeg\" src=\"https:\/\/www.radiopiu.net\/wordpress\/wp-content\/uploads\/2024\/10\/MILENA-CESCA.mp3?_=9\" \/><a href=\"https:\/\/www.radiopiu.net\/wordpress\/wp-content\/uploads\/2024\/10\/MILENA-CESCA.mp3\">https:\/\/www.radiopiu.net\/wordpress\/wp-content\/uploads\/2024\/10\/MILENA-CESCA.mp3<\/a><\/audio>\n<p>&nbsp;<\/p>\n<p>&nbsp;<\/p>\n<hr \/>\n<p>&nbsp;<\/p>\n<blockquote>\n<h3>APPIA: NASCONO NUOVE IMPRESE, BENE IL TURISMO<\/h3>\n<\/blockquote>\n<p><strong><a class=\"dt-pswp-item\" href=\"https:\/\/www.radiopiu.net\/wordpress\/wp-content\/uploads\/2024\/10\/Appia-Esterni-rinnovati-4.jpg\" data-dt-img-description=\"\" data-large_image_width=\"1920\" data-large_image_height=\"1080\"><img loading=\"lazy\" decoding=\"async\" class=\" wp-image-417381 alignleft\" src=\"https:\/\/www.radiopiu.net\/wordpress\/wp-content\/uploads\/2024\/10\/Appia-Esterni-rinnovati-4-300x169.jpg\" alt=\"\" width=\"264\" height=\"149\" srcset=\"https:\/\/www.radiopiu.net\/wordpress\/wp-content\/uploads\/2024\/10\/Appia-Esterni-rinnovati-4-300x169.jpg 300w, https:\/\/www.radiopiu.net\/wordpress\/wp-content\/uploads\/2024\/10\/Appia-Esterni-rinnovati-4-1024x576.jpg 1024w, https:\/\/www.radiopiu.net\/wordpress\/wp-content\/uploads\/2024\/10\/Appia-Esterni-rinnovati-4-768x432.jpg 768w, https:\/\/www.radiopiu.net\/wordpress\/wp-content\/uploads\/2024\/10\/Appia-Esterni-rinnovati-4-1536x864.jpg 1536w, https:\/\/www.radiopiu.net\/wordpress\/wp-content\/uploads\/2024\/10\/Appia-Esterni-rinnovati-4.jpg 1920w\" sizes=\"auto, (max-width: 264px) 100vw, 264px\" \/><\/a>BELLUNO<\/strong> In provincia di Belluno si registra una lenta ripresa economica, con un leggero aumento del numero di imprese, mentre le imprese artigiane rimangono stabili. La crescita turistica \u00e8 incoraggiante, con un aumento dell\u20191,6% delle presenze rispetto al 2023, superando la media regionale. Tuttavia, l\u2019export ha subito un calo del 6,4% rispetto al 2023, posizionandosi come il secondo peggior dato del Veneto. Anche i prestiti alle imprese sono in flessione, con un calo del 4,8%, nonostante sia meno grave rispetto alla media regionale.<\/p>\n<p><strong>CRISTIAN SACCHET, DIRETTORE APPIA CNA BELLUNO<\/strong><\/p>\n<audio class=\"wp-audio-shortcode\" id=\"audio-417322-10\" preload=\"none\" style=\"width: 100%;\" controls=\"controls\"><source type=\"audio\/mpeg\" src=\"https:\/\/www.radiopiu.net\/wordpress\/wp-content\/uploads\/2024\/10\/Cristian-Sacchet-Direttore-Appia-CNA-Belluno-Osservatorio-CNA-terzo-trimestre-2024.mp3?_=10\" \/><a href=\"https:\/\/www.radiopiu.net\/wordpress\/wp-content\/uploads\/2024\/10\/Cristian-Sacchet-Direttore-Appia-CNA-Belluno-Osservatorio-CNA-terzo-trimestre-2024.mp3\">https:\/\/www.radiopiu.net\/wordpress\/wp-content\/uploads\/2024\/10\/Cristian-Sacchet-Direttore-Appia-CNA-Belluno-Osservatorio-CNA-terzo-trimestre-2024.mp3<\/a><\/audio>\n<p>&nbsp;<\/p>\n<p>&nbsp;<\/p>\n<hr \/>\n<p>&nbsp;<\/p>\n<blockquote>\n<h3>AD AGORDO SPESI OLTRE 2,5 MILIONI DI EURO IN GIOCHI D&#8217;AZZARDO NEI PRIMI 6 MESI DELL&#8217;ANNO<\/h3>\n<\/blockquote>\n<p><strong><a class=\"dt-pswp-item\" href=\"https:\/\/www.radiopiu.net\/wordpress\/wp-content\/uploads\/2021\/11\/gambling-machine-4926__340.jpg\" data-dt-img-description=\"\" data-large_image_width=\"453\" data-large_image_height=\"340\"><img loading=\"lazy\" decoding=\"async\" class=\" wp-image-242314 alignleft\" src=\"https:\/\/www.radiopiu.net\/wordpress\/wp-content\/uploads\/2021\/11\/gambling-machine-4926__340-300x225.jpg\" alt=\"\" width=\"139\" height=\"104\" srcset=\"https:\/\/www.radiopiu.net\/wordpress\/wp-content\/uploads\/2021\/11\/gambling-machine-4926__340-300x225.jpg 300w, https:\/\/www.radiopiu.net\/wordpress\/wp-content\/uploads\/2021\/11\/gambling-machine-4926__340.jpg 453w\" sizes=\"auto, (max-width: 139px) 100vw, 139px\" \/><\/a>AGORDO<\/strong><\/p>\n<p>DI GIANNI SANTOMASO<\/p>\n<audio class=\"wp-audio-shortcode\" id=\"audio-417322-11\" preload=\"none\" style=\"width: 100%;\" controls=\"controls\"><source type=\"audio\/mpeg\" src=\"https:\/\/www.radiopiu.net\/wordpress\/wp-content\/uploads\/2024\/11\/GIANNI-AD-AGORDO-SPESI-OLTRE-25-MILIONI-DI-EURO-IN-GIOCHI-DAZZARDO.mp3?_=11\" \/><a href=\"https:\/\/www.radiopiu.net\/wordpress\/wp-content\/uploads\/2024\/11\/GIANNI-AD-AGORDO-SPESI-OLTRE-25-MILIONI-DI-EURO-IN-GIOCHI-DAZZARDO.mp3\">https:\/\/www.radiopiu.net\/wordpress\/wp-content\/uploads\/2024\/11\/GIANNI-AD-AGORDO-SPESI-OLTRE-25-MILIONI-DI-EURO-IN-GIOCHI-DAZZARDO.mp3<\/a><\/audio>\n<p>&nbsp;<\/p>\n<p>&nbsp;<\/p>\n<hr \/>\n<p>&nbsp;<\/p>\n<p>&nbsp;<\/p>\n<blockquote>\n<h3><\/h3>\n<h3>FINE SETTIMANA FINALE PER ARREDAMONT<\/h3>\n<\/blockquote>\n<p><strong><a class=\"dt-pswp-item\" href=\"https:\/\/www.radiopiu.net\/wordpress\/wp-content\/uploads\/2023\/10\/Ad-arredamont-il-calore-del-legno-delle-case-di-montagna.jpg\" data-dt-img-description=\"\" data-large_image_width=\"2200\" data-large_image_height=\"2378\"><img loading=\"lazy\" decoding=\"async\" class=\" wp-image-358616 alignleft\" src=\"https:\/\/www.radiopiu.net\/wordpress\/wp-content\/uploads\/2023\/10\/Ad-arredamont-il-calore-del-legno-delle-case-di-montagna-278x300.jpg\" alt=\"\" width=\"115\" height=\"124\" srcset=\"https:\/\/www.radiopiu.net\/wordpress\/wp-content\/uploads\/2023\/10\/Ad-arredamont-il-calore-del-legno-delle-case-di-montagna-278x300.jpg 278w, https:\/\/www.radiopiu.net\/wordpress\/wp-content\/uploads\/2023\/10\/Ad-arredamont-il-calore-del-legno-delle-case-di-montagna-947x1024.jpg 947w, https:\/\/www.radiopiu.net\/wordpress\/wp-content\/uploads\/2023\/10\/Ad-arredamont-il-calore-del-legno-delle-case-di-montagna-768x830.jpg 768w, https:\/\/www.radiopiu.net\/wordpress\/wp-content\/uploads\/2023\/10\/Ad-arredamont-il-calore-del-legno-delle-case-di-montagna-1421x1536.jpg 1421w, https:\/\/www.radiopiu.net\/wordpress\/wp-content\/uploads\/2023\/10\/Ad-arredamont-il-calore-del-legno-delle-case-di-montagna-1895x2048.jpg 1895w\" sizes=\"auto, (max-width: 115px) 100vw, 115px\" \/><\/a>LONGARONE<\/strong> Arredamont, la fiera dell\u2019arredamento di montagna a Longarone Fiere Dolomiti, si svolge fino al 3 novembre e propone un ampio programma dedicato al design in legno e alla casa, con focus per professionisti e appassionati. Nei prossimi giorni sono previsti approfondimenti per aziende edili, carpentieri e designer, e dimostrazioni di tecnologie come progettazione CAD, stampa 3D e gestione della tracciabilit\u00e0 del legno nei cantieri. Oggi e domani si terranno anche presentazioni artistiche, tra cui \u201cMetropoli\u201d di Lorenzo Lombardi e \u201cI miei volti\u201d di Elisabetta Franzin, e si concluder\u00e0 con il Premio Arte Fiera Dolomiti. Inclusa nel biglietto la visita alla mostra \u201cScie di gloria\u201d sugli sport invernali storici.<\/p>\n<p>&nbsp;<\/p>\n<h2><span style=\"color: #ff0000;\">DALLO STAND APPIA, ARREDAMONT &#8211; LONGARONE FIERE<\/span><\/h2>\n<p><strong>PUNTATA 05 01 novembre 2024<\/strong><\/p>\n<p><iframe loading=\"lazy\" title=\"05 Appia Arredamont   Puntata del 01 11 2024\" width=\"1200\" height=\"675\" src=\"https:\/\/www.youtube.com\/embed\/ob7zuky2YZo?start=218&#038;feature=oembed\" frameborder=\"0\" allow=\"accelerometer; autoplay; clipboard-write; encrypted-media; gyroscope; picture-in-picture; web-share\" referrerpolicy=\"strict-origin-when-cross-origin\" allowfullscreen><\/iframe><\/p>\n<p>&nbsp;<\/p>\n<h2>LA RACCOLTA COMPLETA <a href=\"https:\/\/www.radiopiu.net\/wordpress\/appialon5\/\"><span style=\"color: #3366ff;\">CLICCA QUI<\/span><\/a><\/h2>\n<p>&nbsp;<\/p>\n<p>&nbsp;<\/p>\n<hr \/>\n<p>&nbsp;<\/p>\n<blockquote>\n<h3>DEMOGRAFIA D&#8217;IMPRESA A TREVISO E BELLUNO<\/h3>\n<\/blockquote>\n<p><strong><a class=\"dt-pswp-item\" href=\"https:\/\/www.radiopiu.net\/wordpress\/wp-content\/uploads\/2024\/06\/CAMERA-COMMERCIO.jpg\" data-dt-img-description=\"\" data-large_image_width=\"1107\" data-large_image_height=\"1107\"><img loading=\"lazy\" decoding=\"async\" class=\" wp-image-394657 alignleft\" src=\"https:\/\/www.radiopiu.net\/wordpress\/wp-content\/uploads\/2024\/06\/CAMERA-COMMERCIO-300x300.jpg\" alt=\"\" width=\"147\" height=\"147\" srcset=\"https:\/\/www.radiopiu.net\/wordpress\/wp-content\/uploads\/2024\/06\/CAMERA-COMMERCIO-300x300.jpg 300w, https:\/\/www.radiopiu.net\/wordpress\/wp-content\/uploads\/2024\/06\/CAMERA-COMMERCIO-1024x1024.jpg 1024w, https:\/\/www.radiopiu.net\/wordpress\/wp-content\/uploads\/2024\/06\/CAMERA-COMMERCIO-150x150.jpg 150w, https:\/\/www.radiopiu.net\/wordpress\/wp-content\/uploads\/2024\/06\/CAMERA-COMMERCIO-768x768.jpg 768w, https:\/\/www.radiopiu.net\/wordpress\/wp-content\/uploads\/2024\/06\/CAMERA-COMMERCIO.jpg 1107w\" sizes=\"auto, (max-width: 147px) 100vw, 147px\" \/><\/a>TREVISO <\/strong>Al 30 settembre 2024, la provincia di Treviso registra una leggera crescita con 78.116 imprese attive (+17 rispetto all\u2019anno precedente), grazie a un incremento nei Servizi alle imprese (+314), in particolare nei settori finanziario e di consulenza. Tuttavia, i cali nel commercio (-212 sedi), nella ristorazione (-100 sedi) e nel manifatturiero (-70 sedi, specialmente nei comparti legno-arredo e moda) bilanciano questa crescita. In provincia di Belluno, si rileva un calo di 69 unit\u00e0, per un totale di 13.473 imprese, influenzato dalla contrazione nel commercio (-72) e nel manifatturiero (-26). Entrambe le province mostrano una lieve riduzione delle imprese artigiane e un aumento delle societ\u00e0 di capitali, in linea con la tendenza a strutturarsi giuridicamente anche nei settori in crisi.<\/p>\n<p>&nbsp;<\/p>\n<p>&nbsp;<\/p>\n<p>&nbsp;<\/p>\n<hr \/>\n<p>&nbsp;<\/p>\n<blockquote>\n<h3>LUPI: PER CALLIGARO UNA DIFFICILE CONVIVENZA<\/h3>\n<\/blockquote>\n<p><strong><a class=\"dt-pswp-item\" href=\"https:\/\/www.radiopiu.net\/wordpress\/wp-content\/uploads\/2022\/12\/232b3d51-0a29-429d-b7f9-43596670b14c.jpg\" data-dt-img-description=\"\" data-large_image_width=\"1344\" data-large_image_height=\"756\"><img loading=\"lazy\" decoding=\"async\" class=\" wp-image-311528 alignleft\" src=\"https:\/\/www.radiopiu.net\/wordpress\/wp-content\/uploads\/2022\/12\/232b3d51-0a29-429d-b7f9-43596670b14c-300x169.jpg\" alt=\"\" width=\"183\" height=\"103\" srcset=\"https:\/\/www.radiopiu.net\/wordpress\/wp-content\/uploads\/2022\/12\/232b3d51-0a29-429d-b7f9-43596670b14c-300x169.jpg 300w, https:\/\/www.radiopiu.net\/wordpress\/wp-content\/uploads\/2022\/12\/232b3d51-0a29-429d-b7f9-43596670b14c-1024x576.jpg 1024w, https:\/\/www.radiopiu.net\/wordpress\/wp-content\/uploads\/2022\/12\/232b3d51-0a29-429d-b7f9-43596670b14c-768x432.jpg 768w, https:\/\/www.radiopiu.net\/wordpress\/wp-content\/uploads\/2022\/12\/232b3d51-0a29-429d-b7f9-43596670b14c.jpg 1344w\" sizes=\"auto, (max-width: 183px) 100vw, 183px\" \/><\/a>BELLUNO<\/strong> Silvia Calligaro, vice presidente della Provincia di Belluno, affronta le preoccupazioni relative alla presenza del lupo nel territorio, in particolare dopo l&#8217;attacco a un pastore maremmano. Sottolinea che la popolazione di lupi sta espandendosi, specialmente nelle Alpi, e che la provincia di Belluno \u00e8 stabilmente abitata da questi animali. Calligaro evidenzia le difficolt\u00e0 per i piccoli allevamenti e le attivit\u00e0 zootecniche, data la densit\u00e0 abitativa della zona. La Polizia Provinciale sta monitorando le predazioni e raccogliendo dati sulla presenza del lupo, che verranno inviati alla Regione Veneto e al Ministero dell\u2019Ambiente per la gestione della specie. Inoltre, la Polizia sta collaborando con l\u2019Universit\u00e0 di Sassari per effettuare censimenti della popolazione di lupi, con dati attesi nei prossimi mesi per comprendere meglio la situazione.<\/p>\n<p><strong>SILVIA CALLIGARO, VICEPRESIDENTE DELLA PROVINCIA DI BELLUNO<\/strong><\/p>\n<audio class=\"wp-audio-shortcode\" id=\"audio-417322-12\" preload=\"none\" style=\"width: 100%;\" controls=\"controls\"><source type=\"audio\/mpeg\" src=\"https:\/\/www.radiopiu.net\/wordpress\/wp-content\/uploads\/2024\/10\/Calligaro-lupo.mp3?_=12\" \/><a href=\"https:\/\/www.radiopiu.net\/wordpress\/wp-content\/uploads\/2024\/10\/Calligaro-lupo.mp3\">https:\/\/www.radiopiu.net\/wordpress\/wp-content\/uploads\/2024\/10\/Calligaro-lupo.mp3<\/a><\/audio>\n<p>&nbsp;<\/p>\n<p>&nbsp;<\/p>\n<hr \/>\n<p>&nbsp;<\/p>\n<blockquote>\n<h3>NUOVI INCARICHI IN ULSS 1 DOLOMITI<\/h3>\n<\/blockquote>\n<p><strong><a class=\"dt-pswp-item\" href=\"https:\/\/www.radiopiu.net\/wordpress\/wp-content\/uploads\/2024\/11\/WhatsApp-Image-2024-11-01-at-12.19.07.jpeg\" data-dt-img-description=\"\" data-large_image_width=\"1956\" data-large_image_height=\"1206\"><img loading=\"lazy\" decoding=\"async\" class=\" wp-image-417532 alignleft\" src=\"https:\/\/www.radiopiu.net\/wordpress\/wp-content\/uploads\/2024\/11\/WhatsApp-Image-2024-11-01-at-12.19.07-300x185.jpeg\" alt=\"\" width=\"199\" height=\"123\" srcset=\"https:\/\/www.radiopiu.net\/wordpress\/wp-content\/uploads\/2024\/11\/WhatsApp-Image-2024-11-01-at-12.19.07-300x185.jpeg 300w, https:\/\/www.radiopiu.net\/wordpress\/wp-content\/uploads\/2024\/11\/WhatsApp-Image-2024-11-01-at-12.19.07-1024x631.jpeg 1024w, https:\/\/www.radiopiu.net\/wordpress\/wp-content\/uploads\/2024\/11\/WhatsApp-Image-2024-11-01-at-12.19.07-768x474.jpeg 768w, https:\/\/www.radiopiu.net\/wordpress\/wp-content\/uploads\/2024\/11\/WhatsApp-Image-2024-11-01-at-12.19.07-1536x947.jpeg 1536w, https:\/\/www.radiopiu.net\/wordpress\/wp-content\/uploads\/2024\/11\/WhatsApp-Image-2024-11-01-at-12.19.07.jpeg 1956w\" sizes=\"auto, (max-width: 199px) 100vw, 199px\" \/><\/a>BELLUNO<\/strong> L\u2019Ulss Dolomiti ha assegnato 38 nuovi incarichi dirigenziali, tra cui la direzione della Neurologia di Feltre al dr. Ernesto Gastaldo. Tra gli altri incarichi, il dr. Romeo Martini, angiologo e docente, guider\u00e0 l&#8217;Angiologia dopo una carriera a Padova. Il dr. Matteo Borella, esperto in chirurgia del ginocchio con esperienza internazionale, sar\u00e0 alla guida della Chirurgia del Ginocchio. Il dr. Ermenegildo Galliani, con un\u2019importante carriera in Gastroenterologia, si occuper\u00e0 delle degenze di Gastroenterologia. Infine, il dr. Mauro Gasparo, esperto in chirurgia della spalla con oltre 4.900 interventi all\u2019attivo, diriger\u00e0 la Chirurgia della Spalla.<\/p>\n<p>&nbsp;<\/p>\n<p>&nbsp;<\/p>\n<hr \/>\n<p>&nbsp;<\/p>\n<blockquote>\n<h3>I CORAZZIERI IN VETRINA<\/h3>\n<\/blockquote>\n<p><strong>BELLUNO<\/strong> Tradizionale allestimento delle vetrine del centro storico di Belluno con le uniformi delle Forze Armate in occasione del 4 Novembre, Giorno dell&#8217;Unit\u00e0 Nazionale e Giornata delle Forze Armate. I Carabinieri del Comando Provinciale di Belluno hanno dedicato quest\u2019anno la vetrina, allestita nel negozio Manzoni di Piazza dei Martiri di Belluno, in vista delle cerimonie del 4 novembre, ai Corazzieri, la Guardia d\u2019Onore del Presidente della Repubblica. In esposizione i simboli della storica ed elegante Uniforme: il tradizionale Elmo con cimiero ornato con una testa leone e il tradizionale crine di cavallo, la corazza dell\u2019Uniforme di Gran Gala e la sella con bardature, con le insegne RI della Repubblica. La foto del Presidente Sergio Mattarella, ricorda che il Reggimento Corazzieri \u00e8 un\u2019unit\u00e0 speciale dell\u2019Arma dei Carabinieri costituita presso la Presidenza della Repubblica e posta sotto la sua alta Autorit\u00e0. Responsabilit\u00e0 primaria del Corpo \u00e8 la guardia d&#8217;onore e la sicurezza ravvicinata del Presidente della Repubblica nonch\u00e9 la sicurezza delle residenze presidenziali.<\/p>\n<p><a class=\"dt-pswp-item\" href=\"https:\/\/www.radiopiu.net\/wordpress\/wp-content\/uploads\/2024\/11\/2264d93f-0efc-41b5-9803-37e1901aac00-scaled.jpg\" data-dt-img-description=\"\" data-large_image_width=\"2560\" data-large_image_height=\"1920\"><img loading=\"lazy\" decoding=\"async\" class=\"alignnone size-medium wp-image-417485\" src=\"https:\/\/www.radiopiu.net\/wordpress\/wp-content\/uploads\/2024\/11\/2264d93f-0efc-41b5-9803-37e1901aac00-300x225.jpg\" alt=\"\" width=\"300\" height=\"225\" srcset=\"https:\/\/www.radiopiu.net\/wordpress\/wp-content\/uploads\/2024\/11\/2264d93f-0efc-41b5-9803-37e1901aac00-300x225.jpg 300w, https:\/\/www.radiopiu.net\/wordpress\/wp-content\/uploads\/2024\/11\/2264d93f-0efc-41b5-9803-37e1901aac00-1024x768.jpg 1024w, https:\/\/www.radiopiu.net\/wordpress\/wp-content\/uploads\/2024\/11\/2264d93f-0efc-41b5-9803-37e1901aac00-768x576.jpg 768w, https:\/\/www.radiopiu.net\/wordpress\/wp-content\/uploads\/2024\/11\/2264d93f-0efc-41b5-9803-37e1901aac00-1536x1152.jpg 1536w, https:\/\/www.radiopiu.net\/wordpress\/wp-content\/uploads\/2024\/11\/2264d93f-0efc-41b5-9803-37e1901aac00-2048x1536.jpg 2048w\" sizes=\"auto, (max-width: 300px) 100vw, 300px\" \/><\/a><a class=\"dt-pswp-item\" href=\"https:\/\/www.radiopiu.net\/wordpress\/wp-content\/uploads\/2024\/11\/47107dbe-2fbf-4e1b-a644-4a05b9596fd5-scaled.jpg\" data-dt-img-description=\"\" data-large_image_width=\"2560\" data-large_image_height=\"1920\"><img loading=\"lazy\" decoding=\"async\" class=\"alignnone size-medium wp-image-417486\" src=\"https:\/\/www.radiopiu.net\/wordpress\/wp-content\/uploads\/2024\/11\/47107dbe-2fbf-4e1b-a644-4a05b9596fd5-300x225.jpg\" alt=\"\" width=\"300\" height=\"225\" srcset=\"https:\/\/www.radiopiu.net\/wordpress\/wp-content\/uploads\/2024\/11\/47107dbe-2fbf-4e1b-a644-4a05b9596fd5-300x225.jpg 300w, https:\/\/www.radiopiu.net\/wordpress\/wp-content\/uploads\/2024\/11\/47107dbe-2fbf-4e1b-a644-4a05b9596fd5-1024x768.jpg 1024w, https:\/\/www.radiopiu.net\/wordpress\/wp-content\/uploads\/2024\/11\/47107dbe-2fbf-4e1b-a644-4a05b9596fd5-768x576.jpg 768w, https:\/\/www.radiopiu.net\/wordpress\/wp-content\/uploads\/2024\/11\/47107dbe-2fbf-4e1b-a644-4a05b9596fd5-1536x1152.jpg 1536w, https:\/\/www.radiopiu.net\/wordpress\/wp-content\/uploads\/2024\/11\/47107dbe-2fbf-4e1b-a644-4a05b9596fd5-2048x1536.jpg 2048w\" sizes=\"auto, (max-width: 300px) 100vw, 300px\" \/><\/a><a class=\"dt-pswp-item\" href=\"https:\/\/www.radiopiu.net\/wordpress\/wp-content\/uploads\/2024\/11\/175f2b18-eef7-4995-9eb2-aeab0ac1c082-scaled.jpg\" data-dt-img-description=\"\" data-large_image_width=\"2560\" data-large_image_height=\"1920\"><img loading=\"lazy\" decoding=\"async\" class=\"alignnone size-medium wp-image-417487\" src=\"https:\/\/www.radiopiu.net\/wordpress\/wp-content\/uploads\/2024\/11\/175f2b18-eef7-4995-9eb2-aeab0ac1c082-300x225.jpg\" alt=\"\" width=\"300\" height=\"225\" srcset=\"https:\/\/www.radiopiu.net\/wordpress\/wp-content\/uploads\/2024\/11\/175f2b18-eef7-4995-9eb2-aeab0ac1c082-300x225.jpg 300w, https:\/\/www.radiopiu.net\/wordpress\/wp-content\/uploads\/2024\/11\/175f2b18-eef7-4995-9eb2-aeab0ac1c082-1024x768.jpg 1024w, https:\/\/www.radiopiu.net\/wordpress\/wp-content\/uploads\/2024\/11\/175f2b18-eef7-4995-9eb2-aeab0ac1c082-768x576.jpg 768w, https:\/\/www.radiopiu.net\/wordpress\/wp-content\/uploads\/2024\/11\/175f2b18-eef7-4995-9eb2-aeab0ac1c082-1536x1152.jpg 1536w, https:\/\/www.radiopiu.net\/wordpress\/wp-content\/uploads\/2024\/11\/175f2b18-eef7-4995-9eb2-aeab0ac1c082-2048x1536.jpg 2048w\" sizes=\"auto, (max-width: 300px) 100vw, 300px\" \/><\/a><\/p>\n<p>&nbsp;<\/p>\n<p>&nbsp;<\/p>\n<hr \/>\n<p>&nbsp;<\/p>\n<blockquote>\n<h3>Finita la ristrutturazione la casa di Papa Luciani si svela<\/h3>\n<\/blockquote>\n<p><strong><a class=\"dt-pswp-item\" href=\"https:\/\/www.radiopiu.net\/wordpress\/wp-content\/uploads\/2021\/05\/Casa-natale-di-papa-Luciani.jpg\" data-dt-img-description=\"\" data-large_image_width=\"1600\" data-large_image_height=\"1200\"><img loading=\"lazy\" decoding=\"async\" class=\" wp-image-209269 alignleft\" src=\"https:\/\/www.radiopiu.net\/wordpress\/wp-content\/uploads\/2021\/05\/Casa-natale-di-papa-Luciani-300x225.jpg\" alt=\"\" width=\"203\" height=\"152\" srcset=\"https:\/\/www.radiopiu.net\/wordpress\/wp-content\/uploads\/2021\/05\/Casa-natale-di-papa-Luciani-300x225.jpg 300w, https:\/\/www.radiopiu.net\/wordpress\/wp-content\/uploads\/2021\/05\/Casa-natale-di-papa-Luciani-1024x768.jpg 1024w, https:\/\/www.radiopiu.net\/wordpress\/wp-content\/uploads\/2021\/05\/Casa-natale-di-papa-Luciani-768x576.jpg 768w, https:\/\/www.radiopiu.net\/wordpress\/wp-content\/uploads\/2021\/05\/Casa-natale-di-papa-Luciani-1536x1152.jpg 1536w, https:\/\/www.radiopiu.net\/wordpress\/wp-content\/uploads\/2021\/05\/Casa-natale-di-papa-Luciani.jpg 1600w\" sizes=\"auto, (max-width: 203px) 100vw, 203px\" \/><\/a>CANALE D&#8217;AGORDO<\/strong><\/p>\n<p>di gianni SANTOMASO<\/p>\n<audio class=\"wp-audio-shortcode\" id=\"audio-417322-13\" preload=\"none\" style=\"width: 100%;\" controls=\"controls\"><source type=\"audio\/mpeg\" src=\"https:\/\/www.radiopiu.net\/wordpress\/wp-content\/uploads\/2024\/11\/papa-luciani-inaugura.mp3?_=13\" \/><a href=\"https:\/\/www.radiopiu.net\/wordpress\/wp-content\/uploads\/2024\/11\/papa-luciani-inaugura.mp3\">https:\/\/www.radiopiu.net\/wordpress\/wp-content\/uploads\/2024\/11\/papa-luciani-inaugura.mp3<\/a><\/audio>\n<p>&nbsp;<\/p>\n<p>&nbsp;<\/p>\n<p>&nbsp;<\/p>\n<hr \/>\n<p>&nbsp;<\/p>\n<blockquote>\n<h3>CARIVERONA METTE A DISPOSIZIONE QUASI 2 MILIONI DI EURO PER FINANZIARE 17 PROGETTI<\/h3>\n<\/blockquote>\n<p><strong>VERONA<\/strong> Fondazione Cariverona ha lanciato il bando STeP, sostenendo con 1,9 milioni di euro 17 progetti che promuovono soluzioni locali contro spopolamento, degrado e isolamento sociale. I progetti coinvolgono oltre 550 enti, tra cui 200 aziende e 2mila giovani, e mirano a rivitalizzare le comunit\u00e0 con spazi rinnovati per eventi sociali, culturali e di inclusione. Le iniziative includono la creazione di parchi comunitari e percorsi cicloturistici per promuovere turismo e occupazione, recupero di immobili per alloggi a prezzi agevolati e supporto sociale attraverso reti di volontariato Lab, del GAL Prealpi e Dolomiti, promuove l\u2019economia della conoscenza con un polo formativo per attirare giovani e competenze.<\/p>\n<p>&nbsp;<\/p>\n<p>&nbsp;<\/p>\n<hr \/>\n<p>&nbsp;<\/p>\n<blockquote>\n<h3>AI CENTRI DIURNI DI FELTRE UNA MATTINATA DEDICATA AI CAVALLI<\/h3>\n<\/blockquote>\n<p><strong><a class=\"dt-pswp-item\" href=\"https:\/\/www.radiopiu.net\/wordpress\/wp-content\/uploads\/2024\/11\/IMG20241024101841-scaled.jpg\" data-dt-img-description=\"\" data-large_image_width=\"2560\" data-large_image_height=\"1920\"><img loading=\"lazy\" decoding=\"async\" class=\" wp-image-417492 alignleft\" src=\"https:\/\/www.radiopiu.net\/wordpress\/wp-content\/uploads\/2024\/11\/IMG20241024101841-300x225.jpg\" alt=\"\" width=\"157\" height=\"118\" srcset=\"https:\/\/www.radiopiu.net\/wordpress\/wp-content\/uploads\/2024\/11\/IMG20241024101841-300x225.jpg 300w, https:\/\/www.radiopiu.net\/wordpress\/wp-content\/uploads\/2024\/11\/IMG20241024101841-1024x768.jpg 1024w, https:\/\/www.radiopiu.net\/wordpress\/wp-content\/uploads\/2024\/11\/IMG20241024101841-768x576.jpg 768w, https:\/\/www.radiopiu.net\/wordpress\/wp-content\/uploads\/2024\/11\/IMG20241024101841-1536x1152.jpg 1536w, https:\/\/www.radiopiu.net\/wordpress\/wp-content\/uploads\/2024\/11\/IMG20241024101841-2048x1536.jpg 2048w\" sizes=\"auto, (max-width: 157px) 100vw, 157px\" \/><\/a>FELTRE<\/strong> Nei centri diurni per persone con disabilit\u00e0 di Feltre, &#8220;Le casette&#8221; e &#8220;Medaglie d&#8217;oro&#8221;, si \u00e8 svolta una visita speciale organizzata da volontari dell&#8217;A.S.D. Legnaro a Cavallo, della Pro Loco di Chies d&#8217;Alpago e del circolo ippico &#8220;Alessandra&#8221; di Sedico. L\u2019iniziativa ha permesso agli ospiti di conoscere i cavalli e le tradizioni del territorio, anche tramite un puzzle di legno a grandezza naturale di un cavallo con cavaliere. La mattinata, ricca di domande e curiosit\u00e0, ha avviato una collaborazione amichevole con i volontari, rafforzando il legame con il territorio. L\u2019Ulss Dolomiti ha espresso gratitudine per il contributo al benessere degli ospiti.<\/p>\n<p>&nbsp;<\/p>\n<p>&nbsp;<\/p>\n<hr \/>\n<p>&nbsp;<\/p>\n<blockquote>\n<h3>BLACKOUT IN VALLE DEL BIOIS. A FEDER DI CANALE D&#8217;AGORDO CI SI ARRANGIA COME SI PUO&#8217;<\/h3>\n<\/blockquote>\n<p><strong><a class=\"dt-pswp-item\" href=\"https:\/\/www.radiopiu.net\/wordpress\/wp-content\/uploads\/2024\/10\/bce20bcd-995f-4598-b13d-ae81a25979b6.jpg\" data-dt-img-description=\"\" data-large_image_width=\"1599\" data-large_image_height=\"899\"><img loading=\"lazy\" decoding=\"async\" class=\"size-medium wp-image-417412 alignleft\" src=\"https:\/\/www.radiopiu.net\/wordpress\/wp-content\/uploads\/2024\/10\/bce20bcd-995f-4598-b13d-ae81a25979b6-300x169.jpg\" alt=\"\" width=\"300\" height=\"169\" srcset=\"https:\/\/www.radiopiu.net\/wordpress\/wp-content\/uploads\/2024\/10\/bce20bcd-995f-4598-b13d-ae81a25979b6-300x169.jpg 300w, https:\/\/www.radiopiu.net\/wordpress\/wp-content\/uploads\/2024\/10\/bce20bcd-995f-4598-b13d-ae81a25979b6-1024x576.jpg 1024w, https:\/\/www.radiopiu.net\/wordpress\/wp-content\/uploads\/2024\/10\/bce20bcd-995f-4598-b13d-ae81a25979b6-768x432.jpg 768w, https:\/\/www.radiopiu.net\/wordpress\/wp-content\/uploads\/2024\/10\/bce20bcd-995f-4598-b13d-ae81a25979b6-1536x864.jpg 1536w, https:\/\/www.radiopiu.net\/wordpress\/wp-content\/uploads\/2024\/10\/bce20bcd-995f-4598-b13d-ae81a25979b6.jpg 1599w\" sizes=\"auto, (max-width: 300px) 100vw, 300px\" \/><\/a>VALLE DEL BIOIS<\/strong> Gioved\u00ec, come in una macabra rievocazione dell\u2019anniversario della tempesta Vaia, l&#8217;ENEL ha deciso di offrirci il \u201cpiacere\u201d di tornare indietro di qualche secolo con un blackout che dura da ore. Il buio \u00e8 calato su Feder di Canale d&#8217;Agordo, proprio quando ci si preparava per il weekend e con mille cose da organizzare per accogliere gli ospiti. Diciamocelo: &#8220;l\u2019effetto nostalgia&#8221; si poteva risparmiare. Le speranze di un rapido ritorno della luce sono scivolate come un\u2019ombra proiettata dal sole calante: prima \u201cverso le 15:30\u201d, poi \u201calle 16:30\u201d e infine \u201cforse alle 17:30\u201d \u2013 con grande sfoggio di \u201cprecisione oraria\u201d. Nel frattempo, Annalisa ha risposto alla crisi con spirito pionieristico: niente caff\u00e8 espresso, ma una buona vecchia caffettiera sul fornello a gas, per sentirci tutti pionieri di montagna.\u00a0 <strong>AGGIORNAMENTO ORE 18.00:<\/strong> Ora ci dicono che la corrente ritorner\u00e0 alle 23.30, racconta Annalisa dal Tabi\u00e0 dove \u00e8 stata costretta ad avvisare i clienti\u2026 \u00a0Purtroppo Enel dalle 12 ci ha lasciati senza corrente e non sar\u00e0 riparata fino alle 23.30. Ci dispiace ma non riusciamo a fare il servizio.<\/p>\n<p>&nbsp;<\/p>\n<p>&nbsp;<\/p>\n<hr \/>\n<blockquote>\n<h3><\/h3>\n<h3>DILLO A RADIO PIU&#8217;&#8230;LA FONTANA DI COI A CENCENIGHE<\/h3>\n<\/blockquote>\n<p><strong><a class=\"dt-pswp-item\" href=\"https:\/\/www.radiopiu.net\/wordpress\/wp-content\/uploads\/2023\/08\/acqua.jpeg\" data-dt-img-description=\"\" data-large_image_width=\"1038\" data-large_image_height=\"688\"><img loading=\"lazy\" decoding=\"async\" class=\" wp-image-348061 alignleft\" src=\"https:\/\/www.radiopiu.net\/wordpress\/wp-content\/uploads\/2023\/08\/acqua-300x199.jpeg\" alt=\"\" width=\"234\" height=\"155\" srcset=\"https:\/\/www.radiopiu.net\/wordpress\/wp-content\/uploads\/2023\/08\/acqua-300x199.jpeg 300w, https:\/\/www.radiopiu.net\/wordpress\/wp-content\/uploads\/2023\/08\/acqua-1024x679.jpeg 1024w, https:\/\/www.radiopiu.net\/wordpress\/wp-content\/uploads\/2023\/08\/acqua-768x509.jpeg 768w, https:\/\/www.radiopiu.net\/wordpress\/wp-content\/uploads\/2023\/08\/acqua.jpeg 1038w\" sizes=\"auto, (max-width: 234px) 100vw, 234px\" \/><\/a>RICEVIAMO E PUBBLICHIAMO<\/strong><\/p>\n<p>Ho visto che una persona di Vallada parlava della fontana che non ha acqua potabile. Mi auguro e le auguro che ben presto il problema venga risolto. Io, che abito a Cencenighe, nella zona Coi, volevo dire che da anni la fontana non eroga acqua. C&#8217;era un guasto, questo lo so, ma nel 2024 non c&#8217;\u00e8 modo di ripararlo? Faccio presente che il posto \u00e8 frequentato perch\u00e9 si trova sulla provinciale 8 per San Tomaso e molta gente si ferma, specialmente i ciclisti. Lo dico a Radiopi\u00f9 perch\u00e9 chi di dovere lo sa, ma magari una voce in pi\u00f9 pu\u00f2 aiutare. Se il problema fosse lo spreco, penso che un rubinetto potrebbe risolvere la situazione, del resto c&#8217;era gi\u00e0.<\/p>\n<p><strong>Caterina<\/strong><\/p>\n<p>&nbsp;<\/p>\n<p>&nbsp;<\/p>\n<hr \/>\n<p>&nbsp;<\/p>\n<blockquote>\n<h3 class=\"entry-title\">Perso o abbandonato? \u2013 GIAN torna a casa!<br \/>\ndi ILIANA COMINA<\/h3>\n<\/blockquote>\n<p><a class=\"dt-pswp-item\" href=\"https:\/\/www.radiopiu.net\/wordpress\/wp-content\/uploads\/2024\/11\/SCR-20241101-qmgp.jpeg\" data-dt-img-description=\"Screenshot\" data-large_image_width=\"1070\" data-large_image_height=\"894\"><img loading=\"lazy\" decoding=\"async\" class=\"wp-image-417511 size-medium alignleft\" src=\"https:\/\/www.radiopiu.net\/wordpress\/wp-content\/uploads\/2024\/11\/SCR-20241101-qmgp-300x251.jpeg\" alt=\"\" width=\"300\" height=\"251\" srcset=\"https:\/\/www.radiopiu.net\/wordpress\/wp-content\/uploads\/2024\/11\/SCR-20241101-qmgp-300x251.jpeg 300w, https:\/\/www.radiopiu.net\/wordpress\/wp-content\/uploads\/2024\/11\/SCR-20241101-qmgp-1024x856.jpeg 1024w, https:\/\/www.radiopiu.net\/wordpress\/wp-content\/uploads\/2024\/11\/SCR-20241101-qmgp-768x642.jpeg 768w, https:\/\/www.radiopiu.net\/wordpress\/wp-content\/uploads\/2024\/11\/SCR-20241101-qmgp.jpeg 1070w\" sizes=\"auto, (max-width: 300px) 100vw, 300px\" \/><\/a>Ebbene si, \u00e8 servito pubblicare la storia di Gian (questo il suo vero nome) su Radio Pi\u00f9 tanto che ora \u00e8 tornato a casa sua che non \u00e8 non troppo vicina\u2026 il gatto (e il suo proprietario) abitano a Limana. Il micio era stato affidato temporaneamente a un conoscente a Caprile (per cui a pi\u00f9 di 20 km da Agordo) e probabilmente \u00e8 salito su un furgone o qualche mezzo di trasporto all\u2019insaputa del guidatore ed \u00e8 sceso ad Agordo in zona ospedale, li per fortuna delle persone gentili lo hanno accolto e Fiorella se ne \u00e8 occupata, notando che il gatto affettuoso ed educato era chiaramente domestico, ma rimaneva di sapere se fosse o no sterilizzato (si pensava fosse una femmina). Portato all\u2019ambulatorio Fiamma Blu la Dott.ssa Eleonora ha scoperto che il gatto non solo era ben tenuto e chiaramente domestico ma che era un maschio sterilizzato. Tanta cura e il bell\u2019aspetto hanno insospettito la veterinaria e Fiorella che poco dopo ha chiesto di pubblicare le sue foto su Radio Pi\u00f9 in modo che l\u2019annuncio potesse in effetti arrivare a chi lo avesse perduto e cos\u00ec \u00e8 stato. Il proprietario di Gian \u00e8 stato felicissimo di ritrovarlo anche se ovviamente un po\u2019 sorpreso che il gatto fosse addirittura ad Agordo! Fiorella \u00e8 stata felice di riconsegnarlo anche se si sa bene che un po\u2019 le mancher\u00e0. Questa storia ci insegna che i gatti sono curiosi e a volte imprudenti per cui \u00e8 sempre bene dare un occhio in pi\u00f9 all\u2019interno dei furgoni lasciati aperti prima di ripartire, che se si trova un gatto soprattutto dall\u2019atteggiamento chiaramente domestico bisogna fare appello, magari qualcuno lo sta cercando ed \u00e8 in ansia per la sua sorte e infine che le persone buone e gentili esistono.<\/p>\n<p><strong>Grazie Fiorella.<\/strong><\/p>\n<p>&nbsp;<\/p>\n<p>&nbsp;<\/p>\n<p>&nbsp;<\/p>\n<p>&nbsp;<\/p>\n<p>&nbsp;<\/p>\n<hr \/>\n<p>&nbsp;<\/p>\n<blockquote>\n<h3>CORSI DI LAUREA A FELTRE: LA RISPOSTA DELLE AMMINISTRAZIONI<\/h3>\n<\/blockquote>\n<p><strong>FELTRE<\/strong> Viviana Fusaro, sindaco di Feltre, ha risposto alle critiche politiche sull&#8217;attivazione del corso di laurea in Informatica a Belluno, evidenziando la collaborazione tra le amministrazioni locali e l&#8217;Universit\u00e0 di Padova. Ha sottolineato che Feltre gi\u00e0 ospita corsi in Infermieristica e Tecniche della prevenzione, e ha avviato discussioni per ampliare l&#8217;offerta formativa. Fusaro ha menzionato un protocollo d&#8217;intesa con Confindustria Belluno per creare un centro per la cultura d&#8217;impresa. Oscar De Pellegrin, sindaco di Belluno, ha aggiunto che il nuovo corso rappresenta un&#8217;opportunit\u00e0 non solo per Belluno, ma per l&#8217;intera provincia, utile per contrastare lo spopolamento. Si prevede l&#8217;afflusso di circa 300 studenti, generando domanda di servizi e infrastrutture. Entrambi i sindaci hanno enfatizzato l&#8217;importanza di lavorare insieme per massimizzare i benefici di questo progetto, evitando divisioni campanilistiche.<\/p>\n<p>&nbsp;<\/p>\n<p>&nbsp;<\/p>\n<hr \/>\n<p>&nbsp;<\/p>\n<blockquote>\n<h3>BIBLIOTECA DI BELLUNO: TEMPI DI BILANCIO<\/h3>\n<\/blockquote>\n<p><strong><a class=\"dt-pswp-item\" href=\"https:\/\/www.radiopiu.net\/wordpress\/wp-content\/uploads\/2024\/10\/2214b4d4-7666-4e64-8fe4-f7cd9c2ad5aa.jpg\" data-dt-img-description=\"\" data-large_image_width=\"2048\" data-large_image_height=\"1536\"><img loading=\"lazy\" decoding=\"async\" class=\" wp-image-417427 alignleft\" src=\"https:\/\/www.radiopiu.net\/wordpress\/wp-content\/uploads\/2024\/10\/2214b4d4-7666-4e64-8fe4-f7cd9c2ad5aa-300x225.jpg\" alt=\"\" width=\"183\" height=\"137\" srcset=\"https:\/\/www.radiopiu.net\/wordpress\/wp-content\/uploads\/2024\/10\/2214b4d4-7666-4e64-8fe4-f7cd9c2ad5aa-300x225.jpg 300w, https:\/\/www.radiopiu.net\/wordpress\/wp-content\/uploads\/2024\/10\/2214b4d4-7666-4e64-8fe4-f7cd9c2ad5aa-1024x768.jpg 1024w, https:\/\/www.radiopiu.net\/wordpress\/wp-content\/uploads\/2024\/10\/2214b4d4-7666-4e64-8fe4-f7cd9c2ad5aa-768x576.jpg 768w, https:\/\/www.radiopiu.net\/wordpress\/wp-content\/uploads\/2024\/10\/2214b4d4-7666-4e64-8fe4-f7cd9c2ad5aa-1536x1152.jpg 1536w, https:\/\/www.radiopiu.net\/wordpress\/wp-content\/uploads\/2024\/10\/2214b4d4-7666-4e64-8fe4-f7cd9c2ad5aa.jpg 2048w\" sizes=\"auto, (max-width: 183px) 100vw, 183px\" \/><\/a>BELLUNO<\/strong> Si sono chiuse le iniziative legati ai festeggiamenti per la riapertura della biblioteca civica a Belluno, negli spazi di Palazzo Crepadona. Ottimi i numeri delle manifestazioni organizzate in questi giorni.<\/p>\n<p><strong>DI DANIELE DALVIT<\/strong><\/p>\n<audio class=\"wp-audio-shortcode\" id=\"audio-417322-14\" preload=\"none\" style=\"width: 100%;\" controls=\"controls\"><source type=\"audio\/mpeg\" src=\"https:\/\/www.radiopiu.net\/wordpress\/wp-content\/uploads\/2024\/10\/Servizio-Bilancio-apertura-biblioteca-Belluno-.mp3?_=14\" \/><a href=\"https:\/\/www.radiopiu.net\/wordpress\/wp-content\/uploads\/2024\/10\/Servizio-Bilancio-apertura-biblioteca-Belluno-.mp3\">https:\/\/www.radiopiu.net\/wordpress\/wp-content\/uploads\/2024\/10\/Servizio-Bilancio-apertura-biblioteca-Belluno-.mp3<\/a><\/audio>\n<p>&nbsp;<\/p>\n<hr \/>\n<p>&nbsp;<\/p>\n<blockquote>\n<h3>CONFEDILIZIA: L\u2019ASSEMBLEA ZONALE DEL FELTRINO<\/h3>\n<\/blockquote>\n<p><strong><a class=\"dt-pswp-item\" href=\"https:\/\/www.radiopiu.net\/wordpress\/wp-content\/uploads\/2024\/10\/CONFEDILIZIA-FELTRE-scaled.jpg\" data-dt-img-description=\"\" data-large_image_width=\"2560\" data-large_image_height=\"1521\"><img loading=\"lazy\" decoding=\"async\" class=\" wp-image-417389 alignleft\" src=\"https:\/\/www.radiopiu.net\/wordpress\/wp-content\/uploads\/2024\/10\/CONFEDILIZIA-FELTRE-300x178.jpg\" alt=\"\" width=\"234\" height=\"139\" srcset=\"https:\/\/www.radiopiu.net\/wordpress\/wp-content\/uploads\/2024\/10\/CONFEDILIZIA-FELTRE-300x178.jpg 300w, https:\/\/www.radiopiu.net\/wordpress\/wp-content\/uploads\/2024\/10\/CONFEDILIZIA-FELTRE-1024x608.jpg 1024w, https:\/\/www.radiopiu.net\/wordpress\/wp-content\/uploads\/2024\/10\/CONFEDILIZIA-FELTRE-768x456.jpg 768w, https:\/\/www.radiopiu.net\/wordpress\/wp-content\/uploads\/2024\/10\/CONFEDILIZIA-FELTRE-1536x913.jpg 1536w, https:\/\/www.radiopiu.net\/wordpress\/wp-content\/uploads\/2024\/10\/CONFEDILIZIA-FELTRE-2048x1217.jpg 2048w\" sizes=\"auto, (max-width: 234px) 100vw, 234px\" \/><\/a>FELTRE<\/strong> Mercoled\u00ec 30 ottobre si \u00e8 svolta la prima assemblea zonale dei soci del Feltrino dell&#8217;Associazione della Propriet\u00e0 Edilizia \u2013 Confedilizia nella sala Luciani di Confindustria a Feltre. Questo incontro \u00e8 parte di un ciclo di sette riunioni provinciali, previste dopo le modifiche statutarie di giugno. I soci, provenienti da diversi comuni, hanno ascoltato una relazione del presidente Michele Vigne sulla situazione del mercato immobiliare in Italia e in provincia. L\u2019intervento del dr. Francesco Compostella, vicepresidente dell&#8217;ADSI sezione Veneto, ha sottolineato l&#8217;importanza degli immobili storici. Durante il dibattito, si sono affrontati temi come il Decreto Salva Casa e i contratti di locazione. Sono stati eletti i delegati zonali per l\u2019assemblea, con Gabriella Bissacot scelta come coordinatrice per i rapporti tra i soci e la sede di Belluno.<\/p>\n<p>&nbsp;<\/p>\n<p>&nbsp;<\/p>\n<p>&nbsp;<\/p>\n<hr \/>\n<p>&nbsp;<\/p>\n<h2><span style=\"color: #ff0000;\">CONSIGLI COMUNALI IN AGORDINO<\/span><\/h2>\n<p><strong>SELVA DI CADORE<\/strong> Consiglio comunale convocato per gioved\u00ec alle 18:30. Tre punti da discutere tra cui l\u2019approvazione del DUP e l\u2019assemblea osrdinaria di Val Fiorentina SPA<\/p>\n<p>&nbsp;<\/p>\n<p>&nbsp;<\/p>\n<p>&nbsp;<\/p>\n<hr \/>\n<p>&nbsp;<\/p>\n<blockquote>\n<h3>A SOVRAMONTE RIAPRE L&#8217;UFFICIO POSTALE<\/h3>\n<\/blockquote>\n<p><strong>SOVRAMONTE<\/strong> Riaprir\u00e0 al pubblico oggi l\u2019ufficio postale di Sovramonte. Sono infatti terminati, nei giorni scorsi, i lavori di ristrutturazione della sede di Servo, che accoglier\u00e0, non appena saranno operativi, tutti i principali servizi della Pubblica Amministrazione<\/p>\n<p>&nbsp;<\/p>\n<p>&nbsp;<\/p>\n<hr \/>\n<p>&nbsp;<\/p>\n<blockquote>\n<h3>LA FELTRINA ERIKA DE BORTOLI VINCE IL PREMIO CULTURA PROLOCO 2024<\/h3>\n<\/blockquote>\n<p><strong><a class=\"dt-pswp-item\" href=\"https:\/\/www.radiopiu.net\/wordpress\/wp-content\/uploads\/2024\/10\/Erika-De-Bortoli.jpg\" data-dt-img-description=\"\" data-large_image_width=\"1365\" data-large_image_height=\"2048\"><img loading=\"lazy\" decoding=\"async\" class=\" wp-image-417386 alignleft\" src=\"https:\/\/www.radiopiu.net\/wordpress\/wp-content\/uploads\/2024\/10\/Erika-De-Bortoli-200x300.jpg\" alt=\"\" width=\"87\" height=\"131\" srcset=\"https:\/\/www.radiopiu.net\/wordpress\/wp-content\/uploads\/2024\/10\/Erika-De-Bortoli-200x300.jpg 200w, https:\/\/www.radiopiu.net\/wordpress\/wp-content\/uploads\/2024\/10\/Erika-De-Bortoli-683x1024.jpg 683w, https:\/\/www.radiopiu.net\/wordpress\/wp-content\/uploads\/2024\/10\/Erika-De-Bortoli-768x1152.jpg 768w, https:\/\/www.radiopiu.net\/wordpress\/wp-content\/uploads\/2024\/10\/Erika-De-Bortoli-1024x1536.jpg 1024w, https:\/\/www.radiopiu.net\/wordpress\/wp-content\/uploads\/2024\/10\/Erika-De-Bortoli.jpg 1365w\" sizes=\"auto, (max-width: 87px) 100vw, 87px\" \/><\/a>FELTRE<\/strong> La poetessa feltrina Erika De Bortoli ha vinto il primo premio al V Concorso Nazionale di Poesia \u201cPremio Cultura Proloco 2024\u201d con la poesia &#8220;Disumano&#8221;. Insegnante di musica e giornalista, Erika si definisce \u201cesploratrice sociale\u201d e nei suoi versi denuncia le brutalit\u00e0 della guerra e delle dittature. La poesia esplora i conflitti attuali, come quelli in Medioriente, evidenziando come la violenza schiacci la razionalit\u00e0 e l&#8217;empatia, simboleggiata dalla &#8220;testa&#8221;, &#8220;lingua&#8221; e &#8220;mano&#8221; costruttiva. Erika sostiene che oltre all\u2019empatia siano necessari advocacy e attivismo per promuovere la pace. &#8220;Disumano&#8221; \u00e8 nata grazie a Laure Keyrouz, poetessa libanese, durante un incontro interculturale per la pace.<\/p>\n<p>&nbsp;<\/p>\n<p>&nbsp;<\/p>\n<hr \/>\n<p>&nbsp;<\/p>\n<blockquote>\n<h3>DUE ATTI UNICI AL NOF FILO&#8217; DI CENCENIGHE<\/h3>\n<\/blockquote>\n<p><strong><a class=\"dt-pswp-item\" href=\"https:\/\/www.radiopiu.net\/wordpress\/wp-content\/uploads\/2024\/10\/SCR-20241027-sihw.png\" data-dt-img-description=\"\" data-large_image_width=\"1330\" data-large_image_height=\"688\"><img loading=\"lazy\" decoding=\"async\" class=\" wp-image-416679 alignleft\" src=\"https:\/\/www.radiopiu.net\/wordpress\/wp-content\/uploads\/2024\/10\/SCR-20241027-sihw-300x155.png\" alt=\"\" width=\"182\" height=\"94\" srcset=\"https:\/\/www.radiopiu.net\/wordpress\/wp-content\/uploads\/2024\/10\/SCR-20241027-sihw-300x155.png 300w, https:\/\/www.radiopiu.net\/wordpress\/wp-content\/uploads\/2024\/10\/SCR-20241027-sihw-1024x530.png 1024w, https:\/\/www.radiopiu.net\/wordpress\/wp-content\/uploads\/2024\/10\/SCR-20241027-sihw-768x397.png 768w, https:\/\/www.radiopiu.net\/wordpress\/wp-content\/uploads\/2024\/10\/SCR-20241027-sihw.png 1330w\" sizes=\"auto, (max-width: 182px) 100vw, 182px\" \/><\/a>CENCENIGHE<\/strong><\/p>\n<p>DI LUISA MANFROI<\/p>\n<audio class=\"wp-audio-shortcode\" id=\"audio-417322-15\" preload=\"none\" style=\"width: 100%;\" controls=\"controls\"><source type=\"audio\/mpeg\" src=\"https:\/\/www.radiopiu.net\/wordpress\/wp-content\/uploads\/2024\/10\/LUISA-MANFROI-TEATRO-A-CENCENIGHE-SCADENZA-2-NOVEMBRE.mp3?_=15\" \/><a href=\"https:\/\/www.radiopiu.net\/wordpress\/wp-content\/uploads\/2024\/10\/LUISA-MANFROI-TEATRO-A-CENCENIGHE-SCADENZA-2-NOVEMBRE.mp3\">https:\/\/www.radiopiu.net\/wordpress\/wp-content\/uploads\/2024\/10\/LUISA-MANFROI-TEATRO-A-CENCENIGHE-SCADENZA-2-NOVEMBRE.mp3<\/a><\/audio>\n<p>&nbsp;<\/p>\n<p>&nbsp;<\/p>\n<hr \/>\n<p>&nbsp;<\/p>\n<blockquote>\n<h2>Un concerto di fraternit\u00e0 a Frassen\u00e8<\/h2>\n<\/blockquote>\n<p><strong>VOLTAGO\u00a0<\/strong><\/p>\n<p><img loading=\"lazy\" decoding=\"async\" class=\"alignleft\" src=\"https:\/\/www.radiopiu.net\/wordpress\/wp-content\/uploads\/2024\/10\/20241023_095700-scaled.jpg\" width=\"219\" height=\"154\" \/>Sabato 9 novembre, la chiesa parrocchiale di Frassen\u00e8 ospiter\u00e0 un concerto speciale, organizzato come giornata di fraternit\u00e0 per i destinatari dell&#8217;attivit\u00e0 musicale, i loro familiari e amici. L&#8217;iniziativa, promossa dall&#8217;Associazione Volontari Inserimento Disabili, ha raccolto un grande entusiasmo, tanto da dover spostare l&#8217;evento dalla chiesa di Voltago a quella pi\u00f9 capiente di Frassen\u00e8. <em>&#8220;Questo appuntamento &#8211; spiega Don Fabiano Del Favero &#8211;\u00a0 non solo rappresenta un momento musicale, ma \u00e8 un&#8217;occasione per far conoscere una realt\u00e0 di inclusione e promozione umana, mostrando l&#8217;attenzione delle comunit\u00e0 cristiane verso il bene e le sue <\/em><em>diverse espressioni. Un segno tangibile di unit\u00e0 e solidariet\u00e0 in un mondo che ne ha sempre pi\u00f9 bisogno&#8221;.<\/em><\/p>\n<p>&nbsp;<\/p>\n<hr \/>\n<p>&nbsp;<\/p>\n<p>&nbsp;<\/p>\n<div class=\"mb-2 flex gap-3 empty:hidden -ml-2\">\n<div class=\"items-center justify-start rounded-xl p-1 flex\">\n<div class=\"flex items-center\">\n<div class=\"flex max-w-full flex-col flex-grow\">\n<div class=\"min-h-8 text-message flex w-full flex-col items-end gap-2 whitespace-normal break-words [.text-message+&amp;]:mt-5\" dir=\"auto\" data-message-author-role=\"assistant\" data-message-id=\"c2b1fe33-bc8b-45f1-969f-7db88566768c\" data-message-model-slug=\"gpt-4o\">\n<div class=\"flex w-full flex-col gap-1 empty:hidden first:pt-[3px]\">\n<div class=\"markdown prose w-full break-words dark:prose-invert dark\">\n<blockquote>\n<h3><a class=\"dt-pswp-item\" href=\"https:\/\/www.radiopiu.net\/wordpress\/wp-content\/uploads\/2024\/10\/Senza-nome-97.png\" data-dt-img-description=\"\" data-large_image_width=\"325\" data-large_image_height=\"208\"><img loading=\"lazy\" decoding=\"async\" class=\"size-medium wp-image-415809 alignleft\" src=\"https:\/\/www.radiopiu.net\/wordpress\/wp-content\/uploads\/2024\/10\/Senza-nome-97-300x192.png\" alt=\"\" width=\"300\" height=\"192\" srcset=\"https:\/\/www.radiopiu.net\/wordpress\/wp-content\/uploads\/2024\/10\/Senza-nome-97-300x192.png 300w, https:\/\/www.radiopiu.net\/wordpress\/wp-content\/uploads\/2024\/10\/Senza-nome-97.png 325w\" sizes=\"auto, (max-width: 300px) 100vw, 300px\" \/><\/a>LA CENA DEI COSCRITTI DEL 1974<\/h3>\n<\/blockquote>\n<p><strong>FALCADE<\/strong> Le cena della classe 1974 dei coscritti dell&#8217;<strong>Agordino<\/strong> si terr\u00e0\u00a0 sabato 30 novembre\u00a0 a Falcade, Hotel Stella Alpina. La cena e&#8217; aperta ai nati nel 1974 nei 16 comuni dell&#8217;Agordino, e sara&#8217; un&#8217;occasione di ritrovo,\u00a0 dopo tanto tempo e festeggiare il mezzo secolo.Info\u00a0 3478120853<\/p>\n<\/div>\n<\/div>\n<\/div>\n<\/div>\n<\/div>\n<\/div>\n<\/div>\n<div class=\"page-title-breadcrumbs\">\n<p>&nbsp;<\/p>\n<\/div>\n<p>&nbsp;<\/p>\n<p>&nbsp;<\/p>\n<p>&nbsp;<\/p>\n<p>&nbsp;<\/p>\n<hr \/>\n<p>&nbsp;<\/p>\n<blockquote>\n<h3><a class=\"dt-pswp-item\" href=\"https:\/\/www.radiopiu.net\/wordpress\/wp-content\/uploads\/2024\/10\/SCR-20241027-nyyf.png\" data-dt-img-description=\"\" data-large_image_width=\"1210\" data-large_image_height=\"646\"><img loading=\"lazy\" decoding=\"async\" class=\" wp-image-416654 alignleft\" src=\"https:\/\/www.radiopiu.net\/wordpress\/wp-content\/uploads\/2024\/10\/SCR-20241027-nyyf-300x160.png\" alt=\"\" width=\"193\" height=\"103\" srcset=\"https:\/\/www.radiopiu.net\/wordpress\/wp-content\/uploads\/2024\/10\/SCR-20241027-nyyf-300x160.png 300w, https:\/\/www.radiopiu.net\/wordpress\/wp-content\/uploads\/2024\/10\/SCR-20241027-nyyf-1024x547.png 1024w, https:\/\/www.radiopiu.net\/wordpress\/wp-content\/uploads\/2024\/10\/SCR-20241027-nyyf-768x410.png 768w, https:\/\/www.radiopiu.net\/wordpress\/wp-content\/uploads\/2024\/10\/SCR-20241027-nyyf.png 1210w\" sizes=\"auto, (max-width: 193px) 100vw, 193px\" \/><\/a>SOTTO IL MANTELLO, CON L&#8217;ASSOCIAZIONE CUCCHINI<\/h3>\n<\/blockquote>\n<p><strong>BELLUNO<\/strong><\/p>\n<p>DI ROBERTO BONA<\/p>\n<audio class=\"wp-audio-shortcode\" id=\"audio-417322-16\" preload=\"none\" style=\"width: 100%;\" controls=\"controls\"><source type=\"audio\/mpeg\" src=\"https:\/\/www.radiopiu.net\/wordpress\/wp-content\/uploads\/2024\/10\/BONA-SOTTO-IL-MANTELLO-CUCCHINI-SCADE-8-NOVEMBRE.mp3?_=16\" \/><a href=\"https:\/\/www.radiopiu.net\/wordpress\/wp-content\/uploads\/2024\/10\/BONA-SOTTO-IL-MANTELLO-CUCCHINI-SCADE-8-NOVEMBRE.mp3\">https:\/\/www.radiopiu.net\/wordpress\/wp-content\/uploads\/2024\/10\/BONA-SOTTO-IL-MANTELLO-CUCCHINI-SCADE-8-NOVEMBRE.mp3<\/a><\/audio>\n<p>&nbsp;<\/p>\n<p>&nbsp;<\/p>\n<hr \/>\n<p>&nbsp;<\/p>\n<blockquote>\n<h3><a class=\"dt-pswp-item\" href=\"https:\/\/www.radiopiu.net\/wordpress\/wp-content\/uploads\/2022\/12\/sedie-teatro.png\" data-dt-img-description=\"\" data-large_image_width=\"1294\" data-large_image_height=\"742\"><img loading=\"lazy\" decoding=\"async\" class=\"wp-image-310176 alignleft\" src=\"https:\/\/www.radiopiu.net\/wordpress\/wp-content\/uploads\/2022\/12\/sedie-teatro-300x172.png\" alt=\"\" width=\"201\" height=\"115\" srcset=\"https:\/\/www.radiopiu.net\/wordpress\/wp-content\/uploads\/2022\/12\/sedie-teatro-300x172.png 300w, https:\/\/www.radiopiu.net\/wordpress\/wp-content\/uploads\/2022\/12\/sedie-teatro-1024x587.png 1024w, https:\/\/www.radiopiu.net\/wordpress\/wp-content\/uploads\/2022\/12\/sedie-teatro-768x440.png 768w, https:\/\/www.radiopiu.net\/wordpress\/wp-content\/uploads\/2022\/12\/sedie-teatro.png 1294w\" sizes=\"auto, (max-width: 201px) 100vw, 201px\" \/><\/a>UN DUE TRE TURANDOT AL TEATRO DI BELLUNO<\/h3>\n<\/blockquote>\n<p><strong>DI ROBERTO BONA<\/strong><\/p>\n<audio class=\"wp-audio-shortcode\" id=\"audio-417322-17\" preload=\"none\" style=\"width: 100%;\" controls=\"controls\"><source type=\"audio\/mpeg\" src=\"https:\/\/www.radiopiu.net\/wordpress\/wp-content\/uploads\/2024\/10\/BONA-UN-DUE-TRE-TOURANDOT-SCADE-9-NOVEMBRE.mp3?_=17\" \/><a href=\"https:\/\/www.radiopiu.net\/wordpress\/wp-content\/uploads\/2024\/10\/BONA-UN-DUE-TRE-TOURANDOT-SCADE-9-NOVEMBRE.mp3\">https:\/\/www.radiopiu.net\/wordpress\/wp-content\/uploads\/2024\/10\/BONA-UN-DUE-TRE-TOURANDOT-SCADE-9-NOVEMBRE.mp3<\/a><\/audio>\n<p>&nbsp;<\/p>\n<p>&nbsp;<\/p>\n<hr \/>\n<p>&nbsp;<\/p>\n<blockquote>\n<div class=\"mceTemp\">\n<p><a class=\"dt-pswp-item\" href=\"https:\/\/www.radiopiu.net\/wordpress\/wp-content\/uploads\/2024\/07\/Musal-e-piazza-Luciani.jpg\" data-dt-img-description=\"MUSAL E CHIESA DI CANALE D'AGORDO\" data-large_image_width=\"2560\" data-large_image_height=\"1920\"><img loading=\"lazy\" decoding=\"async\" class=\"wp-image-399384 alignleft\" src=\"https:\/\/www.radiopiu.net\/wordpress\/wp-content\/uploads\/2024\/07\/Musal-e-piazza-Luciani-300x225.jpg\" alt=\"\" width=\"183\" height=\"137\" srcset=\"https:\/\/www.radiopiu.net\/wordpress\/wp-content\/uploads\/2024\/07\/Musal-e-piazza-Luciani-300x225.jpg 300w, https:\/\/www.radiopiu.net\/wordpress\/wp-content\/uploads\/2024\/07\/Musal-e-piazza-Luciani-1024x768.jpg 1024w, https:\/\/www.radiopiu.net\/wordpress\/wp-content\/uploads\/2024\/07\/Musal-e-piazza-Luciani-768x576.jpg 768w, https:\/\/www.radiopiu.net\/wordpress\/wp-content\/uploads\/2024\/07\/Musal-e-piazza-Luciani-1536x1152.jpg 1536w, https:\/\/www.radiopiu.net\/wordpress\/wp-content\/uploads\/2024\/07\/Musal-e-piazza-Luciani-2048x1536.jpg 2048w\" sizes=\"auto, (max-width: 183px) 100vw, 183px\" \/><\/a><\/p>\n<h3>UFFICIO PROLOCO DI CANALE D&#8217;AGORDO CHIUSO<\/h3>\n<\/div>\n<\/blockquote>\n<p><strong>CANALE D&#8217;AGORDO <\/strong>Nel mese di novembre l&#8217;ufficio Pro Loco di Canale d&#8217;Agordo sar\u00e0 CHIUSO e che il Museo e la Casa natale del beato Papa Giovanni Paolo I saranno aperti su prenotazione per gruppi di almeno 25 persone.<\/p>\n<p>&nbsp;<\/p>\n<p>&nbsp;<\/p>\n<hr \/>\n<p>&nbsp;<\/p>\n<p>&nbsp;<\/p>\n<h2><span style=\"color: #ff6600;\">IERI ALLA RADIO\u00a0<\/span><\/h2>\n<h2><span style=\"color: #800080;\">MUSIC A B C, IL MONDO DELLA MUSICA UNA LETTERA ALLA VOLTA<\/span><\/h2>\n<p><span style=\"color: #ff0000;\"><strong><a class=\"dt-pswp-item\" href=\"https:\/\/www.radiopiu.net\/wordpress\/wp-content\/uploads\/2021\/07\/microfono-radio-ok-768x448-768x448-1.jpg\" data-dt-img-description=\"\" data-large_image_width=\"768\" data-large_image_height=\"448\"><img loading=\"lazy\" decoding=\"async\" class=\" wp-image-220632 alignleft\" src=\"https:\/\/www.radiopiu.net\/wordpress\/wp-content\/uploads\/2021\/07\/microfono-radio-ok-768x448-768x448-1-300x175.jpg\" alt=\"\" width=\"148\" height=\"86\" srcset=\"https:\/\/www.radiopiu.net\/wordpress\/wp-content\/uploads\/2021\/07\/microfono-radio-ok-768x448-768x448-1-300x175.jpg 300w, https:\/\/www.radiopiu.net\/wordpress\/wp-content\/uploads\/2021\/07\/microfono-radio-ok-768x448-768x448-1.jpg 768w\" sizes=\"auto, (max-width: 148px) 100vw, 148px\" \/><\/a>CON MARINA DONA&#8217; E DAVID &#8220;ATHOS&#8221; BEN<\/strong><\/span><\/p>\n<p><strong>PUNTATA DEL 01 NOVEMBRE 2024<\/strong><\/p>\n<p><strong>PRIMA PARTE<\/strong><\/p>\n<audio class=\"wp-audio-shortcode\" id=\"audio-417322-18\" preload=\"none\" style=\"width: 100%;\" controls=\"controls\"><source type=\"audio\/mpeg\" src=\"https:\/\/www.radiopiu.net\/wordpress\/wp-content\/uploads\/2024\/11\/blocco-1-A.mp3?_=18\" \/><a href=\"https:\/\/www.radiopiu.net\/wordpress\/wp-content\/uploads\/2024\/11\/blocco-1-A.mp3\">https:\/\/www.radiopiu.net\/wordpress\/wp-content\/uploads\/2024\/11\/blocco-1-A.mp3<\/a><\/audio>\n<p>&nbsp;<\/p>\n<p><strong>SECONDA PARTE<\/strong><\/p>\n<audio class=\"wp-audio-shortcode\" id=\"audio-417322-19\" preload=\"none\" style=\"width: 100%;\" controls=\"controls\"><source type=\"audio\/mpeg\" src=\"https:\/\/www.radiopiu.net\/wordpress\/wp-content\/uploads\/2024\/11\/blocco-2-A.mp3?_=19\" \/><a href=\"https:\/\/www.radiopiu.net\/wordpress\/wp-content\/uploads\/2024\/11\/blocco-2-A.mp3\">https:\/\/www.radiopiu.net\/wordpress\/wp-content\/uploads\/2024\/11\/blocco-2-A.mp3<\/a><\/audio>\n<p>&nbsp;<\/p>\n<p><strong>TERZA PARTE<\/strong><\/p>\n<audio class=\"wp-audio-shortcode\" id=\"audio-417322-20\" preload=\"none\" style=\"width: 100%;\" controls=\"controls\"><source type=\"audio\/mpeg\" src=\"https:\/\/www.radiopiu.net\/wordpress\/wp-content\/uploads\/2024\/11\/blocco-3-A.mp3?_=20\" \/><a href=\"https:\/\/www.radiopiu.net\/wordpress\/wp-content\/uploads\/2024\/11\/blocco-3-A.mp3\">https:\/\/www.radiopiu.net\/wordpress\/wp-content\/uploads\/2024\/11\/blocco-3-A.mp3<\/a><\/audio>\n<p>&nbsp;<\/p>\n<p>&nbsp;<\/p>\n<hr \/>\n<p>&nbsp;<\/p>\n<h2><span style=\"color: #808000;\">AL CINEMA DOLOMITI DI FALCADE &#8220;IL MAESTRO CHE PROMISE IL MARE&#8221;<\/span><\/h2>\n<p><strong><a class=\"dt-pswp-item\" href=\"https:\/\/www.radiopiu.net\/wordpress\/wp-content\/uploads\/2024\/10\/IL-MAESTRO-CHE-PROMISE-IL-MARE-e1726041825798.jpg\" data-dt-img-description=\"\" data-large_image_width=\"1000\" data-large_image_height=\"644\"><img loading=\"lazy\" decoding=\"async\" class=\" wp-image-417040 alignleft\" src=\"https:\/\/www.radiopiu.net\/wordpress\/wp-content\/uploads\/2024\/10\/IL-MAESTRO-CHE-PROMISE-IL-MARE-e1726041825798-300x193.jpg\" alt=\"\" width=\"163\" height=\"105\" srcset=\"https:\/\/www.radiopiu.net\/wordpress\/wp-content\/uploads\/2024\/10\/IL-MAESTRO-CHE-PROMISE-IL-MARE-e1726041825798-300x193.jpg 300w, https:\/\/www.radiopiu.net\/wordpress\/wp-content\/uploads\/2024\/10\/IL-MAESTRO-CHE-PROMISE-IL-MARE-e1726041825798-768x495.jpg 768w, https:\/\/www.radiopiu.net\/wordpress\/wp-content\/uploads\/2024\/10\/IL-MAESTRO-CHE-PROMISE-IL-MARE-e1726041825798.jpg 1000w\" sizes=\"auto, (max-width: 163px) 100vw, 163px\" \/><\/a>FALCADE<\/strong> Venerd\u00ec, sabato e domenica al Cinema Dolomiti di Falcade \u00e8 in programmazione &#8220;Il Maestro Che Promise Il Mare&#8221;, un film drammatico storico spagnolo del 2023 diretto da Patricia Font da una sceneggiatura di Albert Val, basata sul libro di Francesc Escribano. Ha come protagonisti Enric Auquer e Laia Costa insieme a Luisa Gavasa. Spettacoli alle 21, venerd\u00ec e domenica anche alle 15:30.<\/p>\n<p><strong>LA PRESENTAZIONE A CURA DI PAOLA LANCIATO<\/strong><\/p>\n<audio class=\"wp-audio-shortcode\" id=\"audio-417322-21\" preload=\"none\" style=\"width: 100%;\" controls=\"controls\"><source type=\"audio\/mpeg\" src=\"https:\/\/www.radiopiu.net\/wordpress\/wp-content\/uploads\/2024\/10\/Il-maestro-che-promise-il-mare.mp3?_=21\" \/><a href=\"https:\/\/www.radiopiu.net\/wordpress\/wp-content\/uploads\/2024\/10\/Il-maestro-che-promise-il-mare.mp3\">https:\/\/www.radiopiu.net\/wordpress\/wp-content\/uploads\/2024\/10\/Il-maestro-che-promise-il-mare.mp3<\/a><\/audio>\n<p>&nbsp;<\/p>\n<p>&nbsp;<\/p>\n<p>&nbsp;<\/p>\n<hr \/>\n<p>&nbsp;<\/p>\n<blockquote class=\"wp-embedded-content\" data-secret=\"0F0hRXvWSH\"><p><a href=\"https:\/\/www.radiopiu.net\/wordpress\/dal-monte-pelmo-alletna-con-stefano-paolo-e-radiopiu-07\/\">DAL MONTE PELMO ALL&#8217;ETNA CON STEFANO, PAOLO&#8230; E RADIOPIU&#8217;<\/a><\/p><\/blockquote>\n<p><iframe loading=\"lazy\" class=\"wp-embedded-content\" sandbox=\"allow-scripts\" security=\"restricted\" style=\"position: absolute; visibility: hidden;\" title=\"&#8220;DAL MONTE PELMO ALL&#8217;ETNA CON STEFANO, PAOLO&#8230; E RADIOPIU&#8217;&#8221; &#8212; Radio Pi\u00f9\" src=\"https:\/\/www.radiopiu.net\/wordpress\/dal-monte-pelmo-alletna-con-stefano-paolo-e-radiopiu-07\/embed\/#?secret=BdvrUKTrcI#?secret=0F0hRXvWSH\" data-secret=\"0F0hRXvWSH\" width=\"600\" height=\"338\" frameborder=\"0\" marginwidth=\"0\" marginheight=\"0\" scrolling=\"no\"><\/iframe><\/p>\n<p>&nbsp;<\/p>\n<hr \/>\n<p>&nbsp;<\/p>\n<h2><span style=\"color: #ff0000;\"><a class=\"dt-pswp-item\" href=\"https:\/\/www.radiopiu.net\/wordpress\/wp-content\/uploads\/2018\/09\/appuntamenti.jpeg\" data-dt-img-description=\"\" data-large_image_width=\"800\" data-large_image_height=\"100\"><img loading=\"lazy\" decoding=\"async\" class=\"wp-image-61958 size-full aligncenter\" src=\"https:\/\/www.radiopiu.net\/wordpress\/wp-content\/uploads\/2018\/09\/appuntamenti.jpeg\" alt=\"\" width=\"800\" height=\"100\" srcset=\"https:\/\/www.radiopiu.net\/wordpress\/wp-content\/uploads\/2018\/09\/appuntamenti.jpeg 800w, https:\/\/www.radiopiu.net\/wordpress\/wp-content\/uploads\/2018\/09\/appuntamenti-300x38.jpeg 300w, https:\/\/www.radiopiu.net\/wordpress\/wp-content\/uploads\/2018\/09\/appuntamenti-768x96.jpeg 768w\" sizes=\"auto, (max-width: 800px) 100vw, 800px\" \/><\/a><\/span><\/h2>\n<p>&nbsp;<\/p>\n<p>&nbsp;<\/p>\n<div style=\"width: 1200px;\" class=\"wp-video\"><video class=\"wp-video-shortcode\" id=\"video-417322-1\" width=\"1200\" height=\"675\" preload=\"metadata\" controls=\"controls\"><source type=\"video\/mp4\" src=\"https:\/\/www.radiopiu.net\/wordpress\/wp-content\/uploads\/2024\/10\/WhatsApp-Video-2024-10-23-at-00.12.10.mp4?_=1\" \/><a href=\"https:\/\/www.radiopiu.net\/wordpress\/wp-content\/uploads\/2024\/10\/WhatsApp-Video-2024-10-23-at-00.12.10.mp4\">https:\/\/www.radiopiu.net\/wordpress\/wp-content\/uploads\/2024\/10\/WhatsApp-Video-2024-10-23-at-00.12.10.mp4<\/a><\/video><\/div>\n<p><strong>\u00a0<\/strong><\/p>\n<p><strong>FALCADE<\/strong>\u00a0 Riapre il Cinema Dolomiti di Falcade. Oggi e domani verr\u00e0 proiettato il film Il Maestro Che Promise Il Mare. Spettacoli alle 21, domani anche alle 15:30<\/p>\n<div class=\"flex-shrink-0 flex flex-col relative items-end\">\n<div class=\"pt-0\">\n<div class=\"gizmo-bot-avatar flex h-8 w-8 items-center justify-center overflow-hidden rounded-full\">\n<p class=\"relative p-1 rounded-sm flex items-center justify-center bg-token-main-surface-primary text-token-text-primary h-8 w-8\"><strong>CANALE D&#8217;AGORDO <\/strong>Jazzercise \u00e8 un allenamento ad alta intensit\u00e0 che combina danza, pilates, yoga e kickboxing, adatto a tutti i livelli di fitness. \u00c8 efficace per tonificare i muscoli, migliorare la postura e ottenere un fisico snello. Nell&#8217;Agordino, le lezioni si tengono a Canale d&#8217;Agordo, nella sala ex emigranti di via Lotta, il luned\u00ec dalle 18:15 alle 19:15 e il mercoled\u00ec dalle 18:30 alle 19:30. L&#8217;istruttrice certificata RaLuca ti aspetta per un allenamento coinvolgente al ritmo di musica attuale. Per informazioni: 347 9295478<\/p>\n<\/div>\n<\/div>\n<\/div>\n<p><strong>FALCADE<\/strong> La Proloco di Caviola presenta &#8220;Proposte d&#8217;autunno&#8221;, un programma di eventi per vivere meglio. I prossimi appuntamenti includono: un incontro con Mauro Valt alla Casa della Giovent\u00f9 di Caviola il 6 novembre alle 20, e una serata osservando le stelle con &#8220;Cieli Dolomitici&#8221; il 9 novembre alle 20:30. Inoltre, il 10 novembre si svolger\u00e0 una castagnata con gli Alpini in occasione di San Martino, e il 22 novembre ci sar\u00e0 la chiusura con Roberto Sorama\u00e8 e il suo evento &#8220;Sete d\u2019Africa&#8221; alla Casa della Giovent\u00f9. Per informazioni: 349 1945861.<\/p>\n<p><strong>BELLUNO <\/strong>Venerd\u00ec 8 novembre, dalle ore 18, presso l&#8217;aula magna dell&#8217;Istituto Superiore Tommaso Catullo di Belluno, si terr\u00e0 un evento organizzato da Pig&amp;Menti, che propone un dialogo sugli archetipi tra linguistica e neuroscienze. I relatori saranno il professor Michele T\u00ecson e il professor Renzo Barbazza. L&#8217;evento \u00e8 realizzato in collaborazione con Banca Prealpi San Biagio e i dottori Marco Tarascio e Silvia Barbini.<\/p>\n<p>&nbsp;<\/p>\n<div>\n<div class=\"\" dir=\"auto\">\n<div id=\":r9h:\" class=\"x1iorvi4 x1pi30zi x1l90r2v x1swvt13\" data-ad-comet-preview=\"message\" data-ad-preview=\"message\">\n\n\t\t\t<style type='text\/css'>\n\t\t\t\t#gallery-2 {\n\t\t\t\t\tmargin: auto;\n\t\t\t\t}\n\t\t\t\t#gallery-2 .gallery-item {\n\t\t\t\t\tfloat: left;\n\t\t\t\t\tmargin-top: 10px;\n\t\t\t\t\ttext-align: center;\n\t\t\t\t\twidth: 25%;\n\t\t\t\t}\n\t\t\t\t#gallery-2 img {\n\t\t\t\t\tborder: 2px solid #cfcfcf;\n\t\t\t\t}\n\t\t\t\t#gallery-2 .gallery-caption {\n\t\t\t\t\tmargin-left: 0;\n\t\t\t\t}\n\t\t\t\t\/* see gallery_shortcode() in wp-includes\/media.php *\/\n\t\t\t<\/style>\n\t\t<div id='gallery-2' class='dt-gallery-container gallery galleryid-417322 gallery-columns-4 gallery-size-thumbnail'><dl class='gallery-item'>\n\t\t\t\t<dt class='gallery-icon portrait'>\n\t\t\t\t\t<a class=\"rollover rollover-zoom dt-pswp-item\" title=\"LOC_A3_MOSTRA-RADIO_CMVI\" data-dt-img-description=\"\" data-large_image_width=\"1816\" data-large_image_height=\"2560\"href='https:\/\/www.radiopiu.net\/wordpress\/wp-content\/uploads\/2024\/08\/LOC_A3_MOSTRA-RADIO_CMVI-scaled.jpg'><img loading=\"lazy\" decoding=\"async\" width=\"150\" height=\"150\" src=\"https:\/\/www.radiopiu.net\/wordpress\/wp-content\/uploads\/2024\/08\/LOC_A3_MOSTRA-RADIO_CMVI-150x150.jpg\" class=\"attachment-thumbnail size-thumbnail\" alt=\"\" aria-describedby=\"gallery-2-403450\" \/><\/a>\n\t\t\t\t<\/dt>\n\t\t\t\t\t<dd class='wp-caption-text gallery-caption' id='gallery-2-403450'>\n\t\t\t\t\tLA MOSTRA DELLE RADIO IN VALLE IMPERINA\n\t\t\t\t\t<\/dd><\/dl><dl class='gallery-item'>\n\t\t\t\t<dt class='gallery-icon portrait'>\n\t\t\t\t\t<a class=\"rollover rollover-zoom dt-pswp-item\" title=\"967a322c-9996-42d7-af75-662ca7d89e84\" data-dt-img-description=\"\" data-large_image_width=\"1080\" data-large_image_height=\"1519\"href='https:\/\/www.radiopiu.net\/wordpress\/wp-content\/uploads\/2024\/10\/967a322c-9996-42d7-af75-662ca7d89e84-1.jpg'><img loading=\"lazy\" decoding=\"async\" width=\"150\" height=\"150\" src=\"https:\/\/www.radiopiu.net\/wordpress\/wp-content\/uploads\/2024\/10\/967a322c-9996-42d7-af75-662ca7d89e84-1-150x150.jpg\" class=\"attachment-thumbnail size-thumbnail\" alt=\"\" aria-describedby=\"gallery-2-413698\" \/><\/a>\n\t\t\t\t<\/dt>\n\t\t\t\t\t<dd class='wp-caption-text gallery-caption' id='gallery-2-413698'>\n\t\t\t\t\tDOMANI\n\t\t\t\t\t<\/dd><\/dl><dl class='gallery-item'>\n\t\t\t\t<dt class='gallery-icon portrait'>\n\t\t\t\t\t<a class=\"rollover rollover-zoom dt-pswp-item\" title=\"Locandina\" data-dt-img-description=\"\" data-large_image_width=\"943\" data-large_image_height=\"1330\"href='https:\/\/www.radiopiu.net\/wordpress\/wp-content\/uploads\/2024\/10\/Locandina.png'><img loading=\"lazy\" decoding=\"async\" width=\"150\" height=\"150\" src=\"https:\/\/www.radiopiu.net\/wordpress\/wp-content\/uploads\/2024\/10\/Locandina-150x150.png\" class=\"attachment-thumbnail size-thumbnail\" alt=\"\" aria-describedby=\"gallery-2-415380\" \/><\/a>\n\t\t\t\t<\/dt>\n\t\t\t\t\t<dd class='wp-caption-text gallery-caption' id='gallery-2-415380'>\n\t\t\t\t\tCON L&#8217;ASSOCIAZIONE CUCCHINI\n\t\t\t\t\t<\/dd><\/dl><dl class='gallery-item'>\n\t\t\t\t<dt class='gallery-icon portrait'>\n\t\t\t\t\t<a class=\"rollover rollover-zoom dt-pswp-item\" title=\"Locandina 4 novembre 2024\" data-dt-img-description=\"\" data-large_image_width=\"595\" data-large_image_height=\"841\"href='https:\/\/www.radiopiu.net\/wordpress\/wp-content\/uploads\/2024\/10\/Locandina-4-novembre-2024.jpg'><img loading=\"lazy\" decoding=\"async\" width=\"150\" height=\"150\" src=\"https:\/\/www.radiopiu.net\/wordpress\/wp-content\/uploads\/2024\/10\/Locandina-4-novembre-2024-150x150.jpg\" class=\"attachment-thumbnail size-thumbnail\" alt=\"\" aria-describedby=\"gallery-2-416539\" \/><\/a>\n\t\t\t\t<\/dt>\n\t\t\t\t\t<dd class='wp-caption-text gallery-caption' id='gallery-2-416539'>\n\t\t\t\t\tIL 4 NOVEMBRE A FELTRE\n\t\t\t\t\t<\/dd><\/dl><br style=\"clear: both\" \/><dl class='gallery-item'>\n\t\t\t\t<dt class='gallery-icon portrait'>\n\t\t\t\t\t<a class=\"rollover rollover-zoom dt-pswp-item\" title=\"Locandina evento 3.11.24\" data-dt-img-description=\"\" data-large_image_width=\"595\" data-large_image_height=\"842\"href='https:\/\/www.radiopiu.net\/wordpress\/wp-content\/uploads\/2024\/10\/Locandina-evento-3.11.24.jpg'><img loading=\"lazy\" decoding=\"async\" width=\"150\" height=\"150\" src=\"https:\/\/www.radiopiu.net\/wordpress\/wp-content\/uploads\/2024\/10\/Locandina-evento-3.11.24-150x150.jpg\" class=\"attachment-thumbnail size-thumbnail\" alt=\"\" aria-describedby=\"gallery-2-416543\" \/><\/a>\n\t\t\t\t<\/dt>\n\t\t\t\t\t<dd class='wp-caption-text gallery-caption' id='gallery-2-416543'>\n\t\t\t\t\tDOMENICA A CANALE D&#8217;AGORDO\n\t\t\t\t\t<\/dd><\/dl><dl class='gallery-item'>\n\t\t\t\t<dt class='gallery-icon portrait'>\n\t\t\t\t\t<a class=\"rollover rollover-zoom dt-pswp-item\" title=\"Rappresentazione teatrale\" data-dt-img-description=\"\" data-large_image_width=\"1587\" data-large_image_height=\"2245\"href='https:\/\/www.radiopiu.net\/wordpress\/wp-content\/uploads\/2024\/10\/Rappresentazione-teatrale.jpg'><img loading=\"lazy\" decoding=\"async\" width=\"150\" height=\"150\" src=\"https:\/\/www.radiopiu.net\/wordpress\/wp-content\/uploads\/2024\/10\/Rappresentazione-teatrale-150x150.jpg\" class=\"attachment-thumbnail size-thumbnail\" alt=\"\" aria-describedby=\"gallery-2-416675\" \/><\/a>\n\t\t\t\t<\/dt>\n\t\t\t\t\t<dd class='wp-caption-text gallery-caption' id='gallery-2-416675'>\n\t\t\t\t\tIL 2 NOVEMBRE A CENCENIGHE\n\t\t\t\t\t<\/dd><\/dl><dl class='gallery-item'>\n\t\t\t\t<dt class='gallery-icon portrait'>\n\t\t\t\t\t<a class=\"rollover rollover-zoom dt-pswp-item\" title=\"c8fab2c8-4352-4bfb-a3ee-fae1153adc23\" data-dt-img-description=\"\" data-large_image_width=\"1131\" data-large_image_height=\"1600\"href='https:\/\/www.radiopiu.net\/wordpress\/wp-content\/uploads\/2024\/10\/c8fab2c8-4352-4bfb-a3ee-fae1153adc23.jpg'><img loading=\"lazy\" decoding=\"async\" width=\"150\" height=\"150\" src=\"https:\/\/www.radiopiu.net\/wordpress\/wp-content\/uploads\/2024\/10\/c8fab2c8-4352-4bfb-a3ee-fae1153adc23-150x150.jpg\" class=\"attachment-thumbnail size-thumbnail\" alt=\"\" aria-describedby=\"gallery-2-417436\" \/><\/a>\n\t\t\t\t<\/dt>\n\t\t\t\t\t<dd class='wp-caption-text gallery-caption' id='gallery-2-417436'>\n\t\t\t\t\tCASTAGNATA A LA VALLE\n\t\t\t\t\t<\/dd><\/dl>\n\t\t\t\t<br style='clear: both' \/>\n\t\t\t<\/div>\n\n<p>&nbsp;<\/p>\n<\/div>\n<\/div>\n<\/div>\n<p>&nbsp;<\/p>\n<hr \/>\n<p>&nbsp;<\/p>\n<p class=\"mceTemp\"><a class=\"dt-pswp-item\" href=\"https:\/\/www.radiopiu.net\/wordpress\/wp-content\/uploads\/2018\/09\/WhatsApp-Image-2018-09-20-at-16.04.06.jpeg\" data-dt-img-description=\"\" data-large_image_width=\"800\" data-large_image_height=\"100\"><img loading=\"lazy\" decoding=\"async\" class=\"wp-image-61378 size-full aligncenter\" src=\"https:\/\/www.radiopiu.net\/wordpress\/wp-content\/uploads\/2018\/09\/WhatsApp-Image-2018-09-20-at-16.04.06.jpeg\" alt=\"\" width=\"800\" height=\"100\" srcset=\"https:\/\/www.radiopiu.net\/wordpress\/wp-content\/uploads\/2018\/09\/WhatsApp-Image-2018-09-20-at-16.04.06.jpeg 800w, https:\/\/www.radiopiu.net\/wordpress\/wp-content\/uploads\/2018\/09\/WhatsApp-Image-2018-09-20-at-16.04.06-300x38.jpeg 300w, https:\/\/www.radiopiu.net\/wordpress\/wp-content\/uploads\/2018\/09\/WhatsApp-Image-2018-09-20-at-16.04.06-768x96.jpeg 768w\" sizes=\"auto, (max-width: 800px) 100vw, 800px\" \/><\/a><\/p>\n<p><center><\/center><center><\/center>&nbsp;<\/p>\n<p><center><b>OGGI<\/b><\/center>Tempo stabile con cielo in prevalenza sereno, salvo la presenza di foschie o di banchi di nebbia nelle ore fredde in alcune valli come in Valbelluna in rapido dissolvimento dopo l&#8217;alba e di velature molto sottili.<br \/>\n<b>Precipitazioni: <\/b>Assenti<br \/>\n<b>Temperature: <\/b>Senza notevoli variazioni con minime in alta quota misurate a fine giornata e valori ancora superiori alla norma specie nelle ore diurne e con inversione termica notturna nelle valli anche significativa.<\/p>\n<hr \/>\n<p><center><b>DOMANI<\/b><\/center>Tempo ancora stabile con cielo generalmente sereno o a tratti poco nuvoloso per il transito di sottili velature e per qualche nube bassa o banco di nebbia in alcune valli come in Valbelluna nelle ore fredde.<br \/>\n<b>Precipitazioni: <\/b>Assenti<br \/>\n<b>Temperature: <\/b>In lieve o contenuto calo soprattutto le massime con valori ancora superiori alla norma specie nelle ore diurne e inversione termica notturna nelle valli.<\/p>\n<hr \/>\n<p><center><b>LUNEDI<\/b><\/center>Tempo ancora stabile e ben soleggiato, salvo la formazione di temporanee foschie o di banchi di nebbia nelle ore fredde e di occasionali e innocui addensamenti a ridosso delle cime nelle ore diurne. Temperature in lieve aumento specie le massime.<\/p>\n<hr \/>\n<p><center><b>MARTEDI<\/b><\/center>Persiste il tempo stabile con un discreto soleggiamento, salvo la presenza di foschie o di qualche banco di nebbia nelle ore fredde in alcune valli prealpine come in Valbelluna e il transito di sottili velature. Temperature nelle valli senza variazioni di rilievo salvo qualche leggero calo, in quota in lieve o contenuta diminuzione con elevata escursione termica giornaliera nelle valli<\/p>\n<p>&nbsp;<\/p>\n<hr \/>\n<p>&nbsp;<\/p>\n<p>&nbsp;<\/p>\n<p class=\"mceTemp\"><a class=\"dt-pswp-item\" href=\"https:\/\/www.radiopiu.net\/wordpress\/wp-content\/uploads\/2018\/09\/sport.jpg\" data-dt-img-description=\"\" data-large_image_width=\"800\" data-large_image_height=\"100\"><img loading=\"lazy\" decoding=\"async\" class=\"aligncenter wp-image-60761 size-full\" src=\"https:\/\/www.radiopiu.net\/wordpress\/wp-content\/uploads\/2018\/09\/sport.jpg\" alt=\"\" width=\"800\" height=\"100\" srcset=\"https:\/\/www.radiopiu.net\/wordpress\/wp-content\/uploads\/2018\/09\/sport.jpg 800w, https:\/\/www.radiopiu.net\/wordpress\/wp-content\/uploads\/2018\/09\/sport-300x38.jpg 300w, https:\/\/www.radiopiu.net\/wordpress\/wp-content\/uploads\/2018\/09\/sport-768x96.jpg 768w\" sizes=\"auto, (max-width: 800px) 100vw, 800px\" \/><\/a><span style=\"color: #0000ff;\"><strong>\u00a0 \u00a0 \u00a0 \u00a0 \u00a0<\/strong><\/span><\/p>\n<p>&nbsp;<\/p>\n<p><span style=\"color: #0000ff;\"><strong>HOCKEY SU GHIACCIO<\/strong><\/span><\/p>\n<blockquote>\n<h3>ALLEGHE ATTERRA I FALCHI DI BRESSANONE. IL FELTRE VINCE MA CON FATICA<\/h3>\n<\/blockquote>\n<p><strong>DI MARCO GAZ<\/strong><\/p>\n<p><span style=\"color: #ff0000;\"><strong>IHL \u2013 11\u00b0 GIORNATA<\/strong><\/span><\/p>\n<p><strong>ALLEGHE \u2013 BRESSANONE 5-1<\/strong><\/p>\n<p>PARZIALI: 3-0, 1-0, 1-1<\/p>\n<p>GOL: pt. 6\u201915\u201d e 8\u201940\u201d Moberg, 15\u201925\u201d Martini. st. 2\u201958\u201d Moberg. tt. 11\u201948\u201d Nicolai, 19\u201916\u201d Makela<\/p>\n<p>Ottimo esordio all\u2019Alvise De Toni di Alleghe per le civette che superano il Bressanone senza tante difficolt\u00e0. Di fronte ad uno stadio gremito di gente (al momento solo 500 persone ammesse sugli spalti) l\u2019Alleghe ha fatto vedere un bel gioco per tutti i 60\u2019 di gara mettendo in cascina la partita ad inizio secondo tempo. Seconda vittoria consecutiva per gli agordini che hanno ingranato la marcia giusta candidandosi a squadra da battere nelle prossime sfide. Intanto domani di nuovo in campo per la trasferta trentina contro il Fiemme. \u00a0Primi minuti di gara senza tante emozioni. Le squadre si studiano ma a gestire il disco sono le civette che commettono anche qualche errore in fase offensiva. Dopo alcuni tentativi andati a vuoto, gli agordini passano in vantaggio. Bella azione, assist di Soppelsa e Moberg che spedisce in fondo al sacco il puck. Lo stesso Moberg raddoppia poco dopo con un tapin da distanza ravvicinata. Match che va sul binario giusto per i biancorossi che trovano anche la terza marcatura della serata con Martini. Alleghesi che giocano bene lasciando pochi spazi agli altoatesini. L\u2019Alleghe cala il poker ad inizio secondo tempo. Tiro di Ganz e ribattuta di Moberg che trova la tripletta personale. Le civette tengono in mano la partita. Bressanone che prova a colpire in contropiede ma il golie agordino \u00e8 attento. Padroni di casa che gestiscono la sfida nella terza frazione di gioco. Gli altoatesini accorciano le distanze con Nicolai. Nel finale di gara \u00e8 ancora l\u2019Alleghe che si avvicina al gol anche per una superiorit\u00e0 numerica a favore degli agordini. A siglare la quinta rete alleghese ci pensa Makela.<\/p>\n<p><a class=\"dt-pswp-item\" href=\"https:\/\/www.radiopiu.net\/wordpress\/wp-content\/uploads\/2024\/11\/dbf13519-217b-48ad-8cdb-36a426b0ad2d.jpg\" data-dt-img-description=\"\" data-large_image_width=\"1600\" data-large_image_height=\"973\"><img loading=\"lazy\" decoding=\"async\" class=\"alignnone size-medium wp-image-417520\" src=\"https:\/\/www.radiopiu.net\/wordpress\/wp-content\/uploads\/2024\/11\/dbf13519-217b-48ad-8cdb-36a426b0ad2d-300x182.jpg\" alt=\"\" width=\"300\" height=\"182\" srcset=\"https:\/\/www.radiopiu.net\/wordpress\/wp-content\/uploads\/2024\/11\/dbf13519-217b-48ad-8cdb-36a426b0ad2d-300x182.jpg 300w, https:\/\/www.radiopiu.net\/wordpress\/wp-content\/uploads\/2024\/11\/dbf13519-217b-48ad-8cdb-36a426b0ad2d-1024x623.jpg 1024w, https:\/\/www.radiopiu.net\/wordpress\/wp-content\/uploads\/2024\/11\/dbf13519-217b-48ad-8cdb-36a426b0ad2d-768x467.jpg 768w, https:\/\/www.radiopiu.net\/wordpress\/wp-content\/uploads\/2024\/11\/dbf13519-217b-48ad-8cdb-36a426b0ad2d-1536x934.jpg 1536w, https:\/\/www.radiopiu.net\/wordpress\/wp-content\/uploads\/2024\/11\/dbf13519-217b-48ad-8cdb-36a426b0ad2d.jpg 1600w\" sizes=\"auto, (max-width: 300px) 100vw, 300px\" \/><\/a><a class=\"dt-pswp-item\" href=\"https:\/\/www.radiopiu.net\/wordpress\/wp-content\/uploads\/2024\/11\/43375e46-f5d5-4c11-8e18-5131c4614fd5.jpg\" data-dt-img-description=\"\" data-large_image_width=\"1600\" data-large_image_height=\"1136\"><img loading=\"lazy\" decoding=\"async\" class=\"alignnone wp-image-417521\" src=\"https:\/\/www.radiopiu.net\/wordpress\/wp-content\/uploads\/2024\/11\/43375e46-f5d5-4c11-8e18-5131c4614fd5-300x213.jpg\" alt=\"\" width=\"258\" height=\"183\" srcset=\"https:\/\/www.radiopiu.net\/wordpress\/wp-content\/uploads\/2024\/11\/43375e46-f5d5-4c11-8e18-5131c4614fd5-300x213.jpg 300w, https:\/\/www.radiopiu.net\/wordpress\/wp-content\/uploads\/2024\/11\/43375e46-f5d5-4c11-8e18-5131c4614fd5-1024x727.jpg 1024w, https:\/\/www.radiopiu.net\/wordpress\/wp-content\/uploads\/2024\/11\/43375e46-f5d5-4c11-8e18-5131c4614fd5-768x545.jpg 768w, https:\/\/www.radiopiu.net\/wordpress\/wp-content\/uploads\/2024\/11\/43375e46-f5d5-4c11-8e18-5131c4614fd5-1536x1091.jpg 1536w, https:\/\/www.radiopiu.net\/wordpress\/wp-content\/uploads\/2024\/11\/43375e46-f5d5-4c11-8e18-5131c4614fd5.jpg 1600w\" sizes=\"auto, (max-width: 258px) 100vw, 258px\" \/><\/a><a class=\"dt-pswp-item\" href=\"https:\/\/www.radiopiu.net\/wordpress\/wp-content\/uploads\/2024\/11\/97edd92f-164d-409e-8cca-3454817fa1a5.jpg\" data-dt-img-description=\"\" data-large_image_width=\"1600\" data-large_image_height=\"1278\"><img loading=\"lazy\" decoding=\"async\" class=\"alignnone wp-image-417522\" src=\"https:\/\/www.radiopiu.net\/wordpress\/wp-content\/uploads\/2024\/11\/97edd92f-164d-409e-8cca-3454817fa1a5-300x240.jpg\" alt=\"\" width=\"231\" height=\"185\" srcset=\"https:\/\/www.radiopiu.net\/wordpress\/wp-content\/uploads\/2024\/11\/97edd92f-164d-409e-8cca-3454817fa1a5-300x240.jpg 300w, https:\/\/www.radiopiu.net\/wordpress\/wp-content\/uploads\/2024\/11\/97edd92f-164d-409e-8cca-3454817fa1a5-1024x818.jpg 1024w, https:\/\/www.radiopiu.net\/wordpress\/wp-content\/uploads\/2024\/11\/97edd92f-164d-409e-8cca-3454817fa1a5-768x613.jpg 768w, https:\/\/www.radiopiu.net\/wordpress\/wp-content\/uploads\/2024\/11\/97edd92f-164d-409e-8cca-3454817fa1a5-1536x1227.jpg 1536w, https:\/\/www.radiopiu.net\/wordpress\/wp-content\/uploads\/2024\/11\/97edd92f-164d-409e-8cca-3454817fa1a5.jpg 1600w\" sizes=\"auto, (max-width: 231px) 100vw, 231px\" \/><\/a><a class=\"dt-pswp-item\" href=\"https:\/\/www.radiopiu.net\/wordpress\/wp-content\/uploads\/2024\/11\/a48438ac-8250-4b98-a0b4-e926ce8c9b5a.jpg\" data-dt-img-description=\"\" data-large_image_width=\"1600\" data-large_image_height=\"1080\"><img loading=\"lazy\" decoding=\"async\" class=\"alignnone size-medium wp-image-417523\" src=\"https:\/\/www.radiopiu.net\/wordpress\/wp-content\/uploads\/2024\/11\/a48438ac-8250-4b98-a0b4-e926ce8c9b5a-300x203.jpg\" alt=\"\" width=\"300\" height=\"203\" srcset=\"https:\/\/www.radiopiu.net\/wordpress\/wp-content\/uploads\/2024\/11\/a48438ac-8250-4b98-a0b4-e926ce8c9b5a-300x203.jpg 300w, https:\/\/www.radiopiu.net\/wordpress\/wp-content\/uploads\/2024\/11\/a48438ac-8250-4b98-a0b4-e926ce8c9b5a-1024x691.jpg 1024w, https:\/\/www.radiopiu.net\/wordpress\/wp-content\/uploads\/2024\/11\/a48438ac-8250-4b98-a0b4-e926ce8c9b5a-768x518.jpg 768w, https:\/\/www.radiopiu.net\/wordpress\/wp-content\/uploads\/2024\/11\/a48438ac-8250-4b98-a0b4-e926ce8c9b5a-1536x1037.jpg 1536w, https:\/\/www.radiopiu.net\/wordpress\/wp-content\/uploads\/2024\/11\/a48438ac-8250-4b98-a0b4-e926ce8c9b5a.jpg 1600w\" sizes=\"auto, (max-width: 300px) 100vw, 300px\" \/><\/a><a class=\"dt-pswp-item\" href=\"https:\/\/www.radiopiu.net\/wordpress\/wp-content\/uploads\/2024\/11\/0cb49758-f204-4c8a-b20e-dc41f25d8443.jpg\" data-dt-img-description=\"\" data-large_image_width=\"1600\" data-large_image_height=\"1200\"><img loading=\"lazy\" decoding=\"async\" class=\"alignnone wp-image-417524\" src=\"https:\/\/www.radiopiu.net\/wordpress\/wp-content\/uploads\/2024\/11\/0cb49758-f204-4c8a-b20e-dc41f25d8443-300x225.jpg\" alt=\"\" width=\"272\" height=\"204\" srcset=\"https:\/\/www.radiopiu.net\/wordpress\/wp-content\/uploads\/2024\/11\/0cb49758-f204-4c8a-b20e-dc41f25d8443-300x225.jpg 300w, https:\/\/www.radiopiu.net\/wordpress\/wp-content\/uploads\/2024\/11\/0cb49758-f204-4c8a-b20e-dc41f25d8443-1024x768.jpg 1024w, https:\/\/www.radiopiu.net\/wordpress\/wp-content\/uploads\/2024\/11\/0cb49758-f204-4c8a-b20e-dc41f25d8443-768x576.jpg 768w, https:\/\/www.radiopiu.net\/wordpress\/wp-content\/uploads\/2024\/11\/0cb49758-f204-4c8a-b20e-dc41f25d8443-1536x1152.jpg 1536w, https:\/\/www.radiopiu.net\/wordpress\/wp-content\/uploads\/2024\/11\/0cb49758-f204-4c8a-b20e-dc41f25d8443.jpg 1600w\" sizes=\"auto, (max-width: 272px) 100vw, 272px\" \/><\/a><a class=\"dt-pswp-item\" href=\"https:\/\/www.radiopiu.net\/wordpress\/wp-content\/uploads\/2024\/11\/ac566136-e92b-43cb-8d9a-a6a1a73f5c63.jpg\" data-dt-img-description=\"\" data-large_image_width=\"1600\" data-large_image_height=\"1200\"><img loading=\"lazy\" decoding=\"async\" class=\"alignnone wp-image-417525\" src=\"https:\/\/www.radiopiu.net\/wordpress\/wp-content\/uploads\/2024\/11\/ac566136-e92b-43cb-8d9a-a6a1a73f5c63-300x225.jpg\" alt=\"\" width=\"271\" height=\"203\" srcset=\"https:\/\/www.radiopiu.net\/wordpress\/wp-content\/uploads\/2024\/11\/ac566136-e92b-43cb-8d9a-a6a1a73f5c63-300x225.jpg 300w, https:\/\/www.radiopiu.net\/wordpress\/wp-content\/uploads\/2024\/11\/ac566136-e92b-43cb-8d9a-a6a1a73f5c63-1024x768.jpg 1024w, https:\/\/www.radiopiu.net\/wordpress\/wp-content\/uploads\/2024\/11\/ac566136-e92b-43cb-8d9a-a6a1a73f5c63-768x576.jpg 768w, https:\/\/www.radiopiu.net\/wordpress\/wp-content\/uploads\/2024\/11\/ac566136-e92b-43cb-8d9a-a6a1a73f5c63-1536x1152.jpg 1536w, https:\/\/www.radiopiu.net\/wordpress\/wp-content\/uploads\/2024\/11\/ac566136-e92b-43cb-8d9a-a6a1a73f5c63.jpg 1600w\" sizes=\"auto, (max-width: 271px) 100vw, 271px\" \/><\/a><\/p>\n<p>&nbsp;<\/p>\n<p><strong>FELTRE \u2013 DOBBIACO 4-3<\/strong><\/p>\n<p>PARZIALI: 2-2, 0-1, 2-0<\/p>\n<p>GOL: pt. 6\u201955\u201d Rizzo, 12\u201906\u201d Dall\u2019Agnol, 15\u201914\u201d Foltin, 15\u201945\u201d McCollum. st. 12\u201934\u201d Vecellio. tt. 5\u201926\u201d Kadlec, 17\u201911\u201d Dall\u2019Agnol<\/p>\n<p>Dopo la brutta sconfitta con il Caldaro, il Feltre torna a vincere e lo fa in casa contro il Dobbiaco. Non \u00e8 stata una passeggiata per i picchi che per tutti i 60\u2019 ha dovuto lottare con gli altoatesini chiudendo la sfida solo nella terza frazione di gioco.\u00a0 Feltre che prova a colpire fin da subito ma senza sbloccare il punteggio. Il Dobbiaco per\u00f2 va a segno al primo vero affondo. Picchi che subiscono il colpo e altoatesini che provano a trovare la rete del raddoppio. Feltrini che ingranano la marcia giusta e pareggiano i conti con Matteo Dall\u2019Agnol. Foltin trova la rete del vantaggio per i padroni di casa ma il Dobbiaco risponde pochi secondi dopo pareggiando i conti. Nella seconda frazione si continua a lottare su ogni disco ma le squadre stentano a farsi pericolose in fase offensiva. Dopo un batti e ribatti tra le due formazioni, il Dobbiaco ha la meglio e si riporta in vantaggio. Nel terzo drittel il Feltre riesce a pareggiare di nuovo i conti con Kadlec. Nel finale di gara il colpo di scena: Dall\u2019Agnol consegna i tre punti alla squadra feltrina.<\/p>\n<p>&nbsp;<\/p>\n<p><span style=\"color: #0000ff;\"><strong>CALCIO<\/strong><\/span><\/p>\n<blockquote>\n<h3>TUTTE E CINQUE LE SQUADRE DELL&#8217;AGORDINA IN CAMPO NEL FINE SETTIMANA<\/h3>\n<\/blockquote>\n<p><strong><a class=\"dt-pswp-item\" href=\"https:\/\/www.radiopiu.net\/wordpress\/wp-content\/uploads\/2023\/04\/calcio-rigore-2023.png\" data-dt-img-description=\"\" data-large_image_width=\"623\" data-large_image_height=\"402\"><img loading=\"lazy\" decoding=\"async\" class=\" wp-image-331419 alignleft\" src=\"https:\/\/www.radiopiu.net\/wordpress\/wp-content\/uploads\/2023\/04\/calcio-rigore-2023-300x194.png\" alt=\"\" width=\"193\" height=\"125\" srcset=\"https:\/\/www.radiopiu.net\/wordpress\/wp-content\/uploads\/2023\/04\/calcio-rigore-2023-300x194.png 300w, https:\/\/www.radiopiu.net\/wordpress\/wp-content\/uploads\/2023\/04\/calcio-rigore-2023.png 623w\" sizes=\"auto, (max-width: 193px) 100vw, 193px\" \/><\/a>DI MARCO GAZ<\/strong><\/p>\n<p><strong>REDAZIONE<\/strong> Continuano i campionati provinciali della LND per le squadre dell\u2019Agordina Calcio che nel fine settimana sar\u00e0 protagonista in 5 diversi appuntamenti. Ad iniziare il weekend calcistico sar\u00e0 il settore giovanile. Oggi alle 15 tre le partite in programma. La Juniores giocher\u00e0 in trasferta contro la Cisonese. Nel campionato Giovanissimi due le squadre iscritte. La squadra A affronter\u00e0 il Cavarzano in trasferta mentre la squadra B giocher\u00e0 in casa contro la LG Valbelluna. Domani mattina alle 10 sar\u00e0 il turno degli Allievi che affronteranno il San Pietro all\u2019Ivano Dorigo di Agordo. Tempo di riscatto per la prima squadra allenata dal Elvio Chiea. In Terza Categoria, dopo la sconfitta della scorsa settimana, l\u2019Agordina milita a met\u00e0 classifica e in questo turno di campionato dovr\u00e0 affrontare una trasferta per giocare contro il Fortogna, una squadra ostica che dista a tre lunghezze dagli agordini. Domani alle 20:30 su Radio Pi\u00f9 appuntamento con \u201cAgordina in prima linea\u201d, per analizzare il fine settimana della squadra di Agordo.<\/p>\n<p>&nbsp;<\/p>\n<p><span style=\"color: #0000ff;\"><strong>PALLAVOLO<\/strong><\/span><\/p>\n<blockquote>\n<h3>IL BELLUNO VOLLEY OSPITA I DIAVOLI ROSA<\/h3>\n<\/blockquote>\n<p><a class=\"dt-pswp-item\" href=\"https:\/\/www.radiopiu.net\/wordpress\/wp-content\/uploads\/2024\/11\/Un_frammanto_dell_ultimo_precedente.jpg\" data-dt-img-description=\"\" data-large_image_width=\"800\" data-large_image_height=\"400\"><img loading=\"lazy\" decoding=\"async\" class=\" wp-image-417459 alignleft\" src=\"https:\/\/www.radiopiu.net\/wordpress\/wp-content\/uploads\/2024\/11\/Un_frammanto_dell_ultimo_precedente-300x150.jpg\" alt=\"\" width=\"180\" height=\"90\" srcset=\"https:\/\/www.radiopiu.net\/wordpress\/wp-content\/uploads\/2024\/11\/Un_frammanto_dell_ultimo_precedente-300x150.jpg 300w, https:\/\/www.radiopiu.net\/wordpress\/wp-content\/uploads\/2024\/11\/Un_frammanto_dell_ultimo_precedente-768x384.jpg 768w, https:\/\/www.radiopiu.net\/wordpress\/wp-content\/uploads\/2024\/11\/Un_frammanto_dell_ultimo_precedente.jpg 800w\" sizes=\"auto, (max-width: 180px) 100vw, 180px\" \/><\/a>Il Belluno Volley si prepara a ospitare i Diavoli Rosa di Brugherio, giovani e talentuosi, domenica 3 novembre alle 16. Roberto Malaguti, vice allenatore del Belluno, mette in guardia sulla qualit\u00e0 dell\u2019avversario, frutto di uno dei migliori settori giovanili italiani. Nonostante due sconfitte in campionato, Brugherio si \u00e8 dimostrata competitiva, mettendo in difficolt\u00e0 Acqui Terme la scorsa settimana. La squadra, guidata da Danilo Durand, \u00e8 stata profondamente rinnovata e presenta una diagonale interessante con il palleggiatore Prada e l\u2019opposto croato Juric. Tra i giocatori da osservare ci sono anche i giovani centrali Aretz e Vigan\u00f2, oltre al capitano e libero Luca Consonni.<\/p>\n<p>&nbsp;<\/p>\n<blockquote>\n<h3>PRIMA TRASFERTA PER LA SB VOLLEY<\/h3>\n<\/blockquote>\n<p><a class=\"dt-pswp-item\" href=\"https:\/\/www.radiopiu.net\/wordpress\/wp-content\/uploads\/2024\/11\/SB_verso_la_trasferta_di_Quarto_d_Altino.jpg\" data-dt-img-description=\"\" data-large_image_width=\"936\" data-large_image_height=\"531\"><img loading=\"lazy\" decoding=\"async\" class=\" wp-image-417458 alignleft\" src=\"https:\/\/www.radiopiu.net\/wordpress\/wp-content\/uploads\/2024\/11\/SB_verso_la_trasferta_di_Quarto_d_Altino-300x170.jpg\" alt=\"\" width=\"194\" height=\"110\" srcset=\"https:\/\/www.radiopiu.net\/wordpress\/wp-content\/uploads\/2024\/11\/SB_verso_la_trasferta_di_Quarto_d_Altino-300x170.jpg 300w, https:\/\/www.radiopiu.net\/wordpress\/wp-content\/uploads\/2024\/11\/SB_verso_la_trasferta_di_Quarto_d_Altino-768x436.jpg 768w, https:\/\/www.radiopiu.net\/wordpress\/wp-content\/uploads\/2024\/11\/SB_verso_la_trasferta_di_Quarto_d_Altino.jpg 936w\" sizes=\"auto, (max-width: 194px) 100vw, 194px\" \/><\/a>Dopo la chiusura della Coppa Veneto, la SB Volley \u00e8 pronta per la prima trasferta stagionale di Serie C, prevista domani contro la Polisportiva Annia, reduce da una sconfitta contro Pallavolo Locara. Anche il team di Josh De Salvador ha perso al debutto, ma al tie-break contro Terraglio, e il coach spiega che, dato l\u2019avvio ritardato degli allenamenti, la squadra sta ancora cercando il giusto assetto. Nonostante alcune difficolt\u00e0, le giocatrici hanno mostrato segnali positivi, specialmente nei primi due set. Affrontare l\u2019Annia, che ha cambiato molto, richieder\u00e0 grande determinazione. La recente partita di Coppa Veneto non dovrebbe influire sulla forma fisica del team.<\/p>\n<p>&nbsp;<\/p>\n<p>&nbsp;<\/p>\n<p>&nbsp;<\/p>\n<p>&nbsp;<\/p>\n","protected":false},"excerpt":{"rendered":"<p>******* &nbsp; LA\u00a0 APP PER IOS-IPHONE di Nicola Vettorello https:\/\/apps.apple.com\/it\/app\/radio-pi%C3%B9-emittente-agordina\/id1515939845 LA\u00a0 APP RADIO\u00a0 PER ANDROID di Nicola Vettorello https:\/\/play.google.com\/store\/apps\/details?id=net.radiopiu.iniko\u00a0\u00a0\u00a0 &nbsp; &nbsp; &nbsp; OGGI ALLA RADIO&#8230;. ALLE 4 E ALLE 6 LE NOTIZIE DALL&#8217;ITALIA E DAL MONDO 0500 l&#8217;almanacco della nostra gente con il MUSLA\u00a0 6.15 PIROLE DE LENGA A CURA DEL MUSLA 7.20 EL BAL&hellip;<\/p>\n","protected":false},"author":4,"featured_media":417494,"comment_status":"closed","ping_status":"closed","sticky":false,"template":"","format":"standard","meta":{"_monsterinsights_skip_tracking":false,"_monsterinsights_sitenote_active":false,"_monsterinsights_sitenote_note":"","_monsterinsights_sitenote_category":0,"footnotes":""},"categories":[51,86,49],"tags":[],"class_list":["post-417322","post","type-post","status-publish","format-standard","has-post-thumbnail","hentry","category-evidenza-top","category-gr","category-news-18","category-51","category-86","category-49","description-off"],"img_url":"https:\/\/www.radiopiu.net\/wordpress\/wp-content\/uploads\/2024\/11\/0b9a4fe6-515b-4d9b-84d9-1d0da68d780c.jpg","_links":{"self":[{"href":"https:\/\/www.radiopiu.net\/wordpress\/wp-json\/wp\/v2\/posts\/417322","targetHints":{"allow":["GET"]}}],"collection":[{"href":"https:\/\/www.radiopiu.net\/wordpress\/wp-json\/wp\/v2\/posts"}],"about":[{"href":"https:\/\/www.radiopiu.net\/wordpress\/wp-json\/wp\/v2\/types\/post"}],"author":[{"embeddable":true,"href":"https:\/\/www.radiopiu.net\/wordpress\/wp-json\/wp\/v2\/users\/4"}],"replies":[{"embeddable":true,"href":"https:\/\/www.radiopiu.net\/wordpress\/wp-json\/wp\/v2\/comments?post=417322"}],"version-history":[{"count":49,"href":"https:\/\/www.radiopiu.net\/wordpress\/wp-json\/wp\/v2\/posts\/417322\/revisions"}],"predecessor-version":[{"id":417598,"href":"https:\/\/www.radiopiu.net\/wordpress\/wp-json\/wp\/v2\/posts\/417322\/revisions\/417598"}],"wp:featuredmedia":[{"embeddable":true,"href":"https:\/\/www.radiopiu.net\/wordpress\/wp-json\/wp\/v2\/media\/417494"}],"wp:attachment":[{"href":"https:\/\/www.radiopiu.net\/wordpress\/wp-json\/wp\/v2\/media?parent=417322"}],"wp:term":[{"taxonomy":"category","embeddable":true,"href":"https:\/\/www.radiopiu.net\/wordpress\/wp-json\/wp\/v2\/categories?post=417322"},{"taxonomy":"post_tag","embeddable":true,"href":"https:\/\/www.radiopiu.net\/wordpress\/wp-json\/wp\/v2\/tags?post=417322"}],"curies":[{"name":"wp","href":"https:\/\/api.w.org\/{rel}","templated":true}]}}