{"id":417479,"date":"2024-11-01T23:59:50","date_gmt":"2024-11-01T22:59:50","guid":{"rendered":"https:\/\/www.radiopiu.net\/wordpress\/?p=417479"},"modified":"2024-11-01T11:25:05","modified_gmt":"2024-11-01T10:25:05","slug":"tutte-e-cinque-le-squadre-dellagordina-in-campo-nel-fine-settimana","status":"publish","type":"post","link":"https:\/\/www.radiopiu.net\/wordpress\/tutte-e-cinque-le-squadre-dellagordina-in-campo-nel-fine-settimana\/","title":{"rendered":"TUTTE E CINQUE LE SQUADRE DELL&#8217;AGORDINA IN CAMPO NEL FINE SETTIMANA"},"content":{"rendered":"<p>******<\/p>\n<p>&nbsp;<\/p>\n<p><strong><a class=\"dt-pswp-item\" href=\"https:\/\/www.radiopiu.net\/wordpress\/wp-content\/uploads\/2023\/04\/calcio-rigore-2023.png\" data-dt-img-description=\"\" data-large_image_width=\"623\" data-large_image_height=\"402\"><img loading=\"lazy\" decoding=\"async\" class=\" wp-image-331419 alignleft\" src=\"https:\/\/www.radiopiu.net\/wordpress\/wp-content\/uploads\/2023\/04\/calcio-rigore-2023-300x194.png\" alt=\"\" width=\"193\" height=\"125\" srcset=\"https:\/\/www.radiopiu.net\/wordpress\/wp-content\/uploads\/2023\/04\/calcio-rigore-2023-300x194.png 300w, https:\/\/www.radiopiu.net\/wordpress\/wp-content\/uploads\/2023\/04\/calcio-rigore-2023.png 623w\" sizes=\"auto, (max-width: 193px) 100vw, 193px\" \/><\/a>DI MARCO GAZ<\/strong><\/p>\n<p><strong>REDAZIONE<\/strong> Continuano i campionati provinciali della LND per le squadre dell\u2019Agordina Calcio che nel fine settimana sar\u00e0 protagonista in 5 diversi appuntamenti. Ad iniziare il weekend calcistico sar\u00e0 il settore giovanile. Oggi alle 15 tre le partite in programma. La Juniores giocher\u00e0 in trasferta contro la Cisonese. Nel campionato Giovanissimi due le squadre iscritte. La squadra A affronter\u00e0 il Cavarzano in trasferta mentre la squadra B giocher\u00e0 in casa contro la LG Valbelluna. Domani mattina alle 10 sar\u00e0 il turno degli Allievi che affronteranno il San Pietro all\u2019Ivano Dorigo di Agordo. Tempo di riscatto per la prima squadra allenata dal Elvio Chiea. In Terza Categoria, dopo la sconfitta della scorsa settimana, l\u2019Agordina milita a met\u00e0 classifica e in questo turno di campionato dovr\u00e0 affrontare una trasferta per giocare contro il Fortogna, una squadra ostica che dista a tre lunghezze dagli agordini. Domani alle 20:30 su Radio Pi\u00f9 appuntamento con \u201cAgordina in prima linea\u201d, per analizzare il fine settimana della squadra di Agordo.<\/p>\n<p>&nbsp;<\/p>\n<p>&nbsp;<\/p>\n<p>********<\/p>\n","protected":false},"excerpt":{"rendered":"<p>****** &nbsp; DI MARCO GAZ REDAZIONE Continuano i campionati provinciali della LND per le squadre dell\u2019Agordina Calcio che nel fine settimana sar\u00e0 protagonista in 5 diversi appuntamenti. Ad iniziare il weekend calcistico sar\u00e0 il settore giovanile. Oggi alle 15 tre le partite in programma. La Juniores giocher\u00e0 in trasferta contro la Cisonese. Nel campionato Giovanissimi&hellip;<\/p>\n","protected":false},"author":4,"featured_media":331419,"comment_status":"closed","ping_status":"closed","sticky":false,"template":"","format":"standard","meta":{"_monsterinsights_skip_tracking":false,"_monsterinsights_sitenote_active":false,"_monsterinsights_sitenote_note":"","_monsterinsights_sitenote_category":0,"footnotes":""},"categories":[49],"tags":[],"class_list":["post-417479","post","type-post","status-publish","format-standard","has-post-thumbnail","hentry","category-news-18","category-49","description-off"],"img_url":"https:\/\/www.radiopiu.net\/wordpress\/wp-content\/uploads\/2023\/04\/calcio-rigore-2023.png","_links":{"self":[{"href":"https:\/\/www.radiopiu.net\/wordpress\/wp-json\/wp\/v2\/posts\/417479","targetHints":{"allow":["GET"]}}],"collection":[{"href":"https:\/\/www.radiopiu.net\/wordpress\/wp-json\/wp\/v2\/posts"}],"about":[{"href":"https:\/\/www.radiopiu.net\/wordpress\/wp-json\/wp\/v2\/types\/post"}],"author":[{"embeddable":true,"href":"https:\/\/www.radiopiu.net\/wordpress\/wp-json\/wp\/v2\/users\/4"}],"replies":[{"embeddable":true,"href":"https:\/\/www.radiopiu.net\/wordpress\/wp-json\/wp\/v2\/comments?post=417479"}],"version-history":[{"count":1,"href":"https:\/\/www.radiopiu.net\/wordpress\/wp-json\/wp\/v2\/posts\/417479\/revisions"}],"predecessor-version":[{"id":417480,"href":"https:\/\/www.radiopiu.net\/wordpress\/wp-json\/wp\/v2\/posts\/417479\/revisions\/417480"}],"wp:featuredmedia":[{"embeddable":true,"href":"https:\/\/www.radiopiu.net\/wordpress\/wp-json\/wp\/v2\/media\/331419"}],"wp:attachment":[{"href":"https:\/\/www.radiopiu.net\/wordpress\/wp-json\/wp\/v2\/media?parent=417479"}],"wp:term":[{"taxonomy":"category","embeddable":true,"href":"https:\/\/www.radiopiu.net\/wordpress\/wp-json\/wp\/v2\/categories?post=417479"},{"taxonomy":"post_tag","embeddable":true,"href":"https:\/\/www.radiopiu.net\/wordpress\/wp-json\/wp\/v2\/tags?post=417479"}],"curies":[{"name":"wp","href":"https:\/\/api.w.org\/{rel}","templated":true}]}}