{"id":417658,"date":"2024-11-02T18:53:28","date_gmt":"2024-11-02T17:53:28","guid":{"rendered":"https:\/\/www.radiopiu.net\/wordpress\/?p=417658"},"modified":"2024-11-02T18:53:40","modified_gmt":"2024-11-02T17:53:40","slug":"raffica-di-interventi-in-montagna","status":"publish","type":"post","link":"https:\/\/www.radiopiu.net\/wordpress\/raffica-di-interventi-in-montagna\/","title":{"rendered":"RAFFICA DI INTERVENTI IN MONTAGNA"},"content":{"rendered":"<p>******<\/p>\n<p>&nbsp;<\/p>\n<p><strong><a class=\"dt-pswp-item\" href=\"https:\/\/www.radiopiu.net\/wordpress\/wp-content\/uploads\/2024\/08\/SALT.jpg\" data-dt-img-description=\"\" data-large_image_width=\"2048\" data-large_image_height=\"1536\"><img loading=\"lazy\" decoding=\"async\" class=\" wp-image-404421 alignleft\" src=\"https:\/\/www.radiopiu.net\/wordpress\/wp-content\/uploads\/2024\/08\/SALT-300x225.jpg\" alt=\"\" width=\"239\" height=\"179\" srcset=\"https:\/\/www.radiopiu.net\/wordpress\/wp-content\/uploads\/2024\/08\/SALT-300x225.jpg 300w, https:\/\/www.radiopiu.net\/wordpress\/wp-content\/uploads\/2024\/08\/SALT-1024x768.jpg 1024w, https:\/\/www.radiopiu.net\/wordpress\/wp-content\/uploads\/2024\/08\/SALT-768x576.jpg 768w, https:\/\/www.radiopiu.net\/wordpress\/wp-content\/uploads\/2024\/08\/SALT-1536x1152.jpg 1536w, https:\/\/www.radiopiu.net\/wordpress\/wp-content\/uploads\/2024\/08\/SALT.jpg 2048w\" sizes=\"auto, (max-width: 239px) 100vw, 239px\" \/><\/a>CORTINA<\/strong> Oggi attorno alle 12.40 il Soccorso alpino di Cortina \u00e8 intervenuto sotto il Rifugio Mietres, dove, a circa 200 metri di distanza, un escursionista di Venezia di 68 anni non riusciva pi\u00f9 a proseguire per un dolore muscolare.<\/p>\n<p><strong>PASSO GIAU <\/strong>Verso le 14 l&#8217;elicottero del Suem di Pieve di Cadore ha effettuato il recupero di una turista francese di 54 anni, che aveva riportato un trauma alla caviglia, mentre con i compagni si trovava nelle vicinanze di Forcella Giau, versante nord. Imbarcata con il verricello, la donna \u00e8 stata accompagnata all&#8217;ospedale di Cortina.<\/p>\n<p><strong>BELLUNO <\/strong>Alle 14.40 circa Falco \u00e8 stato inviato lungo il sentiero che scende dal Rifugio Settimo Alpini, per una 57enne di Milano che aveva accusato un malore. La donna, che aveva inizialmente perso i sensi ed era assistita dagli amici, \u00e8 stata presa in carico dal personale medico, per essere poi issata a bordo e accompagnata all&#8217;ospedale di Belluno per gli accertamenti del caso.<\/p>\n<p><strong>VAL DI ZOLDO <\/strong>Alle 16.35 la Centrale del Suem \u00e8 stata allertata da un escursionista che stava risalendo la Ferrata degli Alleghesi, con l&#8217;intenzione di raggiungere il Torrani. Arrivato a 2.990 metri di quota e avendo incontrato neve, il 53enne di Vicenza non si \u00e8 sentito di proseguire e ha chiesto aiuto. Recuperato con il verricello, l&#8217;uomo \u00e8 stato lasciato a Palafavera.<\/p>\n<p><strong>CORTINA <\/strong>Una squadra del Soccorso alpino di Cortina sta andando a prendere in jeep una coppia di ciclisti in difficolt\u00e0 lungo la strada che porta a Fanes. In particolare la donna non \u00e8 pi\u00f9 in grado di rientrare per un dolore al ginocchio.<\/p>\n<p>&nbsp;<\/p>\n<p>&nbsp;<\/p>\n<p>******<\/p>\n","protected":false},"excerpt":{"rendered":"<p>****** &nbsp; CORTINA Oggi attorno alle 12.40 il Soccorso alpino di Cortina \u00e8 intervenuto sotto il Rifugio Mietres, dove, a circa 200 metri di distanza, un escursionista di Venezia di 68 anni non riusciva pi\u00f9 a proseguire per un dolore muscolare. PASSO GIAU Verso le 14 l&#8217;elicottero del Suem di Pieve di Cadore ha effettuato&hellip;<\/p>\n","protected":false},"author":4,"featured_media":404421,"comment_status":"closed","ping_status":"closed","sticky":false,"template":"","format":"standard","meta":{"_monsterinsights_skip_tracking":false,"_monsterinsights_sitenote_active":false,"_monsterinsights_sitenote_note":"","_monsterinsights_sitenote_category":0,"footnotes":""},"categories":[51,49],"tags":[],"class_list":["post-417658","post","type-post","status-publish","format-standard","has-post-thumbnail","hentry","category-evidenza-top","category-news-18","category-51","category-49","description-off"],"img_url":"https:\/\/www.radiopiu.net\/wordpress\/wp-content\/uploads\/2024\/08\/SALT.jpg","_links":{"self":[{"href":"https:\/\/www.radiopiu.net\/wordpress\/wp-json\/wp\/v2\/posts\/417658","targetHints":{"allow":["GET"]}}],"collection":[{"href":"https:\/\/www.radiopiu.net\/wordpress\/wp-json\/wp\/v2\/posts"}],"about":[{"href":"https:\/\/www.radiopiu.net\/wordpress\/wp-json\/wp\/v2\/types\/post"}],"author":[{"embeddable":true,"href":"https:\/\/www.radiopiu.net\/wordpress\/wp-json\/wp\/v2\/users\/4"}],"replies":[{"embeddable":true,"href":"https:\/\/www.radiopiu.net\/wordpress\/wp-json\/wp\/v2\/comments?post=417658"}],"version-history":[{"count":1,"href":"https:\/\/www.radiopiu.net\/wordpress\/wp-json\/wp\/v2\/posts\/417658\/revisions"}],"predecessor-version":[{"id":417659,"href":"https:\/\/www.radiopiu.net\/wordpress\/wp-json\/wp\/v2\/posts\/417658\/revisions\/417659"}],"wp:featuredmedia":[{"embeddable":true,"href":"https:\/\/www.radiopiu.net\/wordpress\/wp-json\/wp\/v2\/media\/404421"}],"wp:attachment":[{"href":"https:\/\/www.radiopiu.net\/wordpress\/wp-json\/wp\/v2\/media?parent=417658"}],"wp:term":[{"taxonomy":"category","embeddable":true,"href":"https:\/\/www.radiopiu.net\/wordpress\/wp-json\/wp\/v2\/categories?post=417658"},{"taxonomy":"post_tag","embeddable":true,"href":"https:\/\/www.radiopiu.net\/wordpress\/wp-json\/wp\/v2\/tags?post=417658"}],"curies":[{"name":"wp","href":"https:\/\/api.w.org\/{rel}","templated":true}]}}