{"id":417698,"date":"2024-11-04T05:32:47","date_gmt":"2024-11-04T04:32:47","guid":{"rendered":"https:\/\/www.radiopiu.net\/wordpress\/?p=417698"},"modified":"2024-11-04T05:37:03","modified_gmt":"2024-11-04T04:37:03","slug":"agordosaas","status":"publish","type":"post","link":"https:\/\/www.radiopiu.net\/wordpress\/agordosaas\/","title":{"rendered":"Tragedie in Montagna: Due Escursionisti Perdono la Vita"},"content":{"rendered":"<p>*******<\/p>\n<p>&nbsp;<\/p>\n<blockquote>\n<h3><\/h3>\n<\/blockquote>\n<p><strong><a class=\"dt-pswp-item\" href=\"https:\/\/www.radiopiu.net\/wordpress\/wp-content\/uploads\/2024\/11\/f2a9a9c2-6cae-4b87-9771-e6bddd1673e4.jpg\" data-dt-img-description=\"\" data-large_image_width=\"1179\" data-large_image_height=\"876\"><img loading=\"lazy\" decoding=\"async\" class=\"size-medium wp-image-417732 alignleft\" src=\"https:\/\/www.radiopiu.net\/wordpress\/wp-content\/uploads\/2024\/11\/f2a9a9c2-6cae-4b87-9771-e6bddd1673e4-300x223.jpg\" alt=\"\" width=\"300\" height=\"223\" srcset=\"https:\/\/www.radiopiu.net\/wordpress\/wp-content\/uploads\/2024\/11\/f2a9a9c2-6cae-4b87-9771-e6bddd1673e4-300x223.jpg 300w, https:\/\/www.radiopiu.net\/wordpress\/wp-content\/uploads\/2024\/11\/f2a9a9c2-6cae-4b87-9771-e6bddd1673e4-1024x761.jpg 1024w, https:\/\/www.radiopiu.net\/wordpress\/wp-content\/uploads\/2024\/11\/f2a9a9c2-6cae-4b87-9771-e6bddd1673e4-768x571.jpg 768w, https:\/\/www.radiopiu.net\/wordpress\/wp-content\/uploads\/2024\/11\/f2a9a9c2-6cae-4b87-9771-e6bddd1673e4.jpg 1179w\" sizes=\"auto, (max-width: 300px) 100vw, 300px\" \/><\/a>REDAZIONE<\/strong> Una domenica impegnativa per il Suem 118. Due incidenti mortali in montagna hanno caratterizzato il pomeriggio di soccorsi. Il primo alle 13:20 quando la centrale operativa \u00e8 stata allertata per un incidente in Val di Zoldo dove un uomo era precipitato. L&#8217;elicottero Falco \u00e8 volato sul luogo ma per l&#8217;uomo non c&#8217;era pi\u00f9 nulla da fare. Secondo incidente mortale ad Auronzo, alla Croda dei Toni, dove una donna \u00e8 precipitata. In questo caso \u00e8 intervenuto l&#8217;elicottero di Eli Bressanone ma anche questa volta non c&#8217;\u00e8 stato nulla da fare.<\/p>\n<p><strong>AURONZO <\/strong><\/p>\n<p>Un drammatico incidente ha scosso la comunit\u00e0 di Agordo e il mondo dell&#8217;alpinismo. Giada Rosson, 41 anni, dipendente di EssilorLuxottica, \u00e8 precipitata ieri sulla Croda dei Toni durante una discesa dalla via Drasch. L&#8217;allarme \u00e8 stato lanciato dal compagno di cordata, rimasto in parete dopo aver visto la donna cadere nel canale sottostante. Nonostante l&#8217;intervento dell&#8217;eliambulanza Pelikan di Bolzano, per Rosson non c&#8217;\u00e8 stato nulla da fare. Il Soccorso alpino di Auronzo e la Guardia di finanza hanno recuperato la salma, poi affidata al carro funebre. La notizia ha lasciato Agordo e Auronzo sotto shock, segnando una giornata di lutto per la perdita di una concittadina amata e appassionata di montagna.<\/p>\n<p>&nbsp;<\/p>\n<h2><\/h2>\n<p><strong><a class=\"dt-pswp-item\" href=\"https:\/\/www.radiopiu.net\/wordpress\/wp-content\/uploads\/2024\/11\/Senza-nome-6.png\" data-dt-img-description=\"\" data-large_image_width=\"433\" data-large_image_height=\"364\"><img loading=\"lazy\" decoding=\"async\" class=\" wp-image-417793 alignleft\" src=\"https:\/\/www.radiopiu.net\/wordpress\/wp-content\/uploads\/2024\/11\/Senza-nome-6-300x252.png\" alt=\"\" width=\"200\" height=\"168\" srcset=\"https:\/\/www.radiopiu.net\/wordpress\/wp-content\/uploads\/2024\/11\/Senza-nome-6-300x252.png 300w, https:\/\/www.radiopiu.net\/wordpress\/wp-content\/uploads\/2024\/11\/Senza-nome-6.png 433w\" sizes=\"auto, (max-width: 200px) 100vw, 200px\" \/><\/a>VAL DI ZOLDO\u00a0<\/strong> Damiano Sacchet, 31 anni di Podenzoi (Longarone), infermiere, ha perso la vita precipitando dallo Sfornioi di Mezzo, massiccio nelle selvagge montagne della Val di Zoldo. Il suo corpo \u00e8 stato trovato all&#8217;interno di un camino, un passaggio stretto e verticale dove si \u00e8 fermato dopo la caduta.<\/p>\n<p>Attorno alle 13.20 la Centrale del 118 \u00e8 stata attivata da un gruppo di persone che, dalla cima principale degli Sfornioi dove si trovavano, avevano sentito delle grida e il rumore di massi che cadevano provenire dallo Sfornioi di Mezzo. L&#8217;elicottero del Suem di Pieve di Cadore arisaliro a coordinate indicative ha effettuato una rotazione senza esito, per poi far sbarcare il tecnico di elisoccorso dai testimoni. Ricevute indicazioni pi\u00f9 precise sulla provenienza delle urla, l&#8217;eliambulanza \u00e8 tornata in ricognizione e ha individuato un corpo esanime all&#8217;interno di un camino, un centinaio di metri sotto la cima. Per primo \u00e8 stato fatto scendere con un verricello di 80 metri il tecnico di elisoccorso, seguito dalla dottoressa, che ha solamente potuto constatare il decesso dell&#8217;uomo.<\/p>\n<p>&nbsp;<\/p>\n<p>&nbsp;<\/p>\n<blockquote>\n<h3 class=\"entry-title\">DOLOMITICI NEL SILENZIOSO RICORDO DI GIADA ROSSON<\/h3>\n<p><em>Dario Ganz rappresentando la\u00a0 comunit\u00e0\u00a0 \u201cDoloMitici!!\u00a0 si unisce nel silenzio per ricordare Giada Rosson, appassionata delle Dolomiti, autrice di splendidi racconti e foto. Un tramonto eterno sul San Sebastiano onorer\u00e0 la sua memoria.<\/em><\/p><\/blockquote>\n<div class=\"mb-2 flex gap-3 empty:hidden -ml-2\">\n<div class=\"items-center justify-start rounded-xl p-1 flex\">\n<div class=\"flex items-center\">\n<div class=\"flex\">\n<div class=\"xdj266r x11i5rnm xat24cr x1mh8g0r x1vvkbs x126k92a\">\n<div dir=\"auto\"><img loading=\"lazy\" decoding=\"async\" class=\"alignleft\" src=\"https:\/\/www.radiopiu.net\/wordpress\/wp-content\/uploads\/2024\/11\/465596175_10234635740099333_7399519612754244767_n.jpg\" width=\"395\" height=\"222\" \/>Sono agordino anche io e so che oggi, appena saputo di\u00a0<span class=\"html-span xdj266r x11i5rnm xat24cr x1mh8g0r xexx8yu x4uap5 x18d9i69 xkhd6sd x1hl2dhg x16tdsg8 x1vvkbs\"><a class=\"x1i10hfl xjbqb8w x1ejq31n xd10rxx x1sy0etr x17r0tee x972fbf xcfux6l x1qhh985 xm0m39n x9f619 x1ypdohk xt0psk2 xe8uvvx xdj266r x11i5rnm xat24cr x1mh8g0r xexx8yu x4uap5 x18d9i69 xkhd6sd x16tdsg8 x1hl2dhg xggy1nq x1a2a7pz x1sur9pj xkrqix3 x1fey0fg x1s688f\" tabindex=\"0\" role=\"link\" href=\"https:\/\/www.facebook.com\/groups\/42492853273\/user\/1176939301\/?__cft__[0]=AZWi5Rhorkssb_DywxgH6HkfbYg8Z2uKPlAMfYJPdDFo888zGmBvl0AKl8t7AUJATj7rU4VSFJLFmesYGYmF4dAPNFqTduFj63iu7fy_4Gzuq5vd5d4AAz7wdh-LXTW3O-tWkjFBiRVFms-PJ-UluFmD&amp;__tn__=-]K-R\"><span class=\"xt0psk2\">Giada Rosson<\/span><\/a><\/span>, la vallata si sar\u00e0 fatta silenziosa. Agordo si sar\u00e0 immersa in un rispettoso silenzio, ancora di pi\u00f9. Il tramonto sul Gruppo di San Sebastiano avr\u00e0 accompagnato gli ultimi passanti e ognuno, a modo suo, sar\u00e0 stato in silenzio, nel suo cantuccio, a ricordare una splendida vita che \u00e8 salita pi\u00f9 in alto, ognuno a chiedersi mille volte perch\u00e9, o magari a non far nulla o qualcosa per distrarsi o a dedicarle una preghiera. Poi un rintocco del campanile e sulla piazza saranno rimasti solo i \u201cPop de Crotta\u201d. Giada era iscritta a DoloMitici! dal 2016 e ci aveva regalato un sacco di bellissimi post da luoghi molto selvaggi, e per la maggior parte di noi sconosciuti, delle nostre meravigliose Dolomiti. In uno di questi post, la sera di un agosto del 2018, Giada era proprio sulla Cima di San Sebastiano e ci post\u00f2 questa meraviglia. So che ammirer\u00f2 ancora di pi\u00f9 il tramonto sul San Sebastiano e penser\u00f2 per sempre a Giada. \u201cUltime luci sulla cima di San Sebastiano\u201d<\/div>\n<\/div>\n<div class=\"x11i5rnm xat24cr x1mh8g0r x1vvkbs xtlvy1s x126k92a\">\n<div dir=\"auto\">Alla famiglia e agli amici di Giada giungano le pi\u00f9 sentite condoglianze \u00e8 un forte abbraccio da parte di tutti noi DoloMitici!<\/div>\n<div dir=\"auto\"><\/div>\n<div dir=\"auto\"><\/div>\n<div dir=\"auto\"><\/div>\n<blockquote>\n<h3 dir=\"auto\">QUANDO LE PAROLE MUOIONO IN GOLA. CRISTINA BIEN RICORDA GIADA ROSSON<\/h3>\n<\/blockquote>\n<div dir=\"auto\">\n<p><strong>AGORDO<\/strong><\/p>\n<p><strong>DI GIANNI SANTOMASO<\/strong><\/p>\n<div class=\"articlePlainText\"><a class=\"dt-pswp-item\" href=\"https:\/\/www.radiopiu.net\/wordpress\/wp-content\/uploads\/2024\/11\/83187622_10219777975897994_1068419947203395584_n.jpg\" data-dt-img-description=\"\" data-large_image_width=\"1440\" data-large_image_height=\"1080\"><img loading=\"lazy\" decoding=\"async\" class=\"size-medium wp-image-417791 alignleft\" src=\"https:\/\/www.radiopiu.net\/wordpress\/wp-content\/uploads\/2024\/11\/83187622_10219777975897994_1068419947203395584_n-300x225.jpg\" alt=\"\" width=\"300\" height=\"225\" srcset=\"https:\/\/www.radiopiu.net\/wordpress\/wp-content\/uploads\/2024\/11\/83187622_10219777975897994_1068419947203395584_n-300x225.jpg 300w, https:\/\/www.radiopiu.net\/wordpress\/wp-content\/uploads\/2024\/11\/83187622_10219777975897994_1068419947203395584_n-1024x768.jpg 1024w, https:\/\/www.radiopiu.net\/wordpress\/wp-content\/uploads\/2024\/11\/83187622_10219777975897994_1068419947203395584_n-768x576.jpg 768w, https:\/\/www.radiopiu.net\/wordpress\/wp-content\/uploads\/2024\/11\/83187622_10219777975897994_1068419947203395584_n.jpg 1440w\" sizes=\"auto, (max-width: 300px) 100vw, 300px\" \/><\/a>\u00abAppassionatissima della montagna, un&#8217;esploratrice: faceva cose molto impegnative\u00bb. Ricorda cos\u00ec la giovane donna caduta ieri sulla Croda dei Toni ad Auronzo Cristina Bien, titolare di Stile Libero, negozio che ad Agordo \u00e8 un punto di riferimento per alpinisti, scialpinisti ed escursionisti e in generale persone che frequentano la montagna e sanno quali attrezzature servano nelle diverse situazioni.<\/div>\n<div class=\"articlePlainText\">Giada Rosson frequentava il negozio e aveva spesso modo di dialogare con Bien sulle proprie uscite. Le raccontava le sue imprese, i suoi progetti, gli obiettivi che si poneva, mese dopo mese. \u00abVeniva qui e si parlava\u00bb, racconta Bien, \u00abmi metteva a conoscenza di quello che faceva, mi raccontava, e poi vedevo i suoi stati sui social dove postava le foto delle sue scalate\u00bb.<\/div>\n<div class=\"articlePlainText\">\u00ab\u00c8 sempre stata una donna determinata\u00bb, continua, \u00abla passione per l&#8217;alpinismo non era innata, ma era cresciuta nel corso del tempo per divenire forte e profonda. Ricordo che aveva fatto il corso di scialpinismo con il Cai e poi, in breve tempo, si era cimentata in attivit\u00e0 di un certo rilievo\u00bb.<\/div>\n<div class=\"articlePlainText\">Impegnative \u00e8 l&#8217;aggettivo usato da Cristina Bien per definire le scalate di cui Giada Rosson era protagonista. \u00abAndava in montagna con persone molto esperte e preparate\u00bb, conclude la titolare del negozio Stile Libero, \u00abfaceva cose molto particolari, i &#8220;viaz&#8221; sulle Vette Feltrine per esempio, ma anche traversate. Insomma, oltre a essere un&#8217;alpinista matura, era anche un&#8217;esploratrice\u00bb.<\/div>\n<div class=\"articlePlainText\">Gli amici sono comprensibilmente sotto choc. La notizia della scomparsa di Giada ci ha messo qualche ora ad arrivare in valle, e ha lasciato tutti senza parole. \u00abEra una ragazza meravigliosa, buona, sempre sorridente\u00bb, la ricordano gli amici. Le parole muoiono in gola.<\/div>\n<div class=\"articlePlainText\">\u00abLa montagna era la sua pi\u00f9 grande passione\u00bb, aggiunge chi la conosceva bene. \u00abUna passione nata qualche anno fa e che \u00e8 cresciuta, maturata, che la portava a porsi sempre nuovi obiettivi. Ma non improvvisava mai, era preparata\u00bb.<\/div>\n<\/div>\n<\/div>\n<\/div>\n<\/div>\n<\/div>\n<\/div>\n<p>&nbsp;<\/p>\n<p>&nbsp;<\/p>\n<p>********<\/p>\n","protected":false},"excerpt":{"rendered":"<p>******* &nbsp; REDAZIONE Una domenica impegnativa per il Suem 118. Due incidenti mortali in montagna hanno caratterizzato il pomeriggio di soccorsi. Il primo alle 13:20 quando la centrale operativa \u00e8 stata allertata per un incidente in Val di Zoldo dove un uomo era precipitato. L&#8217;elicottero Falco \u00e8 volato sul luogo ma per l&#8217;uomo non c&#8217;era&hellip;<\/p>\n","protected":false},"author":4,"featured_media":417793,"comment_status":"closed","ping_status":"closed","sticky":false,"template":"","format":"standard","meta":{"_monsterinsights_skip_tracking":false,"_monsterinsights_sitenote_active":false,"_monsterinsights_sitenote_note":"","_monsterinsights_sitenote_category":0,"footnotes":""},"categories":[51,49],"tags":[],"class_list":["post-417698","post","type-post","status-publish","format-standard","has-post-thumbnail","hentry","category-evidenza-top","category-news-18","category-51","category-49","description-off"],"img_url":"https:\/\/www.radiopiu.net\/wordpress\/wp-content\/uploads\/2024\/11\/Senza-nome-6.png","_links":{"self":[{"href":"https:\/\/www.radiopiu.net\/wordpress\/wp-json\/wp\/v2\/posts\/417698","targetHints":{"allow":["GET"]}}],"collection":[{"href":"https:\/\/www.radiopiu.net\/wordpress\/wp-json\/wp\/v2\/posts"}],"about":[{"href":"https:\/\/www.radiopiu.net\/wordpress\/wp-json\/wp\/v2\/types\/post"}],"author":[{"embeddable":true,"href":"https:\/\/www.radiopiu.net\/wordpress\/wp-json\/wp\/v2\/users\/4"}],"replies":[{"embeddable":true,"href":"https:\/\/www.radiopiu.net\/wordpress\/wp-json\/wp\/v2\/comments?post=417698"}],"version-history":[{"count":10,"href":"https:\/\/www.radiopiu.net\/wordpress\/wp-json\/wp\/v2\/posts\/417698\/revisions"}],"predecessor-version":[{"id":417809,"href":"https:\/\/www.radiopiu.net\/wordpress\/wp-json\/wp\/v2\/posts\/417698\/revisions\/417809"}],"wp:featuredmedia":[{"embeddable":true,"href":"https:\/\/www.radiopiu.net\/wordpress\/wp-json\/wp\/v2\/media\/417793"}],"wp:attachment":[{"href":"https:\/\/www.radiopiu.net\/wordpress\/wp-json\/wp\/v2\/media?parent=417698"}],"wp:term":[{"taxonomy":"category","embeddable":true,"href":"https:\/\/www.radiopiu.net\/wordpress\/wp-json\/wp\/v2\/categories?post=417698"},{"taxonomy":"post_tag","embeddable":true,"href":"https:\/\/www.radiopiu.net\/wordpress\/wp-json\/wp\/v2\/tags?post=417698"}],"curies":[{"name":"wp","href":"https:\/\/api.w.org\/{rel}","templated":true}]}}