{"id":417747,"date":"2024-11-04T05:31:42","date_gmt":"2024-11-04T04:31:42","guid":{"rendered":"https:\/\/www.radiopiu.net\/wordpress\/?p=417747"},"modified":"2024-11-04T05:34:05","modified_gmt":"2024-11-04T04:34:05","slug":"i-dolomiticia","status":"publish","type":"post","link":"https:\/\/www.radiopiu.net\/wordpress\/i-dolomiticia\/","title":{"rendered":"DOLOMITICI NEL SILENZIOSO RICORDO DI GIADA ROSSON"},"content":{"rendered":"<p>&nbsp;<\/p>\n<blockquote><p>***<\/p>\n<p><em>Dario Ganz rappresentando la\u00a0 comunit\u00e0\u00a0 &#8220;DoloMitici!!\u00a0 si unisce nel silenzio per ricordare Giada Rosson, appassionata delle Dolomiti, autrice di splendidi racconti e foto. Un tramonto eterno sul San Sebastiano onorer\u00e0 la sua memoria.<\/em><\/p><\/blockquote>\n<div class=\"mb-2 flex gap-3 empty:hidden -ml-2\">\n<div class=\"items-center justify-start rounded-xl p-1 flex\">\n<div class=\"flex items-center\">\n<div class=\"flex\">\n<div class=\"xdj266r x11i5rnm xat24cr x1mh8g0r x1vvkbs x126k92a\">\n<div dir=\"auto\"><img loading=\"lazy\" decoding=\"async\" class=\"alignleft\" src=\"https:\/\/www.radiopiu.net\/wordpress\/wp-content\/uploads\/2024\/11\/465596175_10234635740099333_7399519612754244767_n.jpg\" width=\"395\" height=\"222\" \/>Sono agordino anche io e so che oggi, appena saputo di <span class=\"html-span xdj266r x11i5rnm xat24cr x1mh8g0r xexx8yu x4uap5 x18d9i69 xkhd6sd x1hl2dhg x16tdsg8 x1vvkbs\"><a class=\"x1i10hfl xjbqb8w x1ejq31n xd10rxx x1sy0etr x17r0tee x972fbf xcfux6l x1qhh985 xm0m39n x9f619 x1ypdohk xt0psk2 xe8uvvx xdj266r x11i5rnm xat24cr x1mh8g0r xexx8yu x4uap5 x18d9i69 xkhd6sd x16tdsg8 x1hl2dhg xggy1nq x1a2a7pz x1sur9pj xkrqix3 x1fey0fg x1s688f\" tabindex=\"0\" role=\"link\" href=\"https:\/\/www.facebook.com\/groups\/42492853273\/user\/1176939301\/?__cft__[0]=AZWi5Rhorkssb_DywxgH6HkfbYg8Z2uKPlAMfYJPdDFo888zGmBvl0AKl8t7AUJATj7rU4VSFJLFmesYGYmF4dAPNFqTduFj63iu7fy_4Gzuq5vd5d4AAz7wdh-LXTW3O-tWkjFBiRVFms-PJ-UluFmD&amp;__tn__=-]K-R\"><span class=\"xt0psk2\">Giada Rosson<\/span><\/a><\/span>, la vallata si sar\u00e0 fatta silenziosa. Agordo si sar\u00e0 immersa in un rispettoso silenzio, ancora di pi\u00f9. Il tramonto sul Gruppo di San Sebastiano avr\u00e0 accompagnato gli ultimi passanti e ognuno, a modo suo, sar\u00e0 stato in silenzio, nel suo cantuccio, a ricordare una splendida vita che \u00e8 salita pi\u00f9 in alto, ognuno a chiedersi mille volte perch\u00e9, o magari a non far nulla o qualcosa per distrarsi o a dedicarle una preghiera. Poi un rintocco del campanile e sulla piazza saranno rimasti solo i \u201cPop de Crotta\u201d. Giada era iscritta a DoloMitici! dal 2016 e ci aveva regalato un sacco di bellissimi post da luoghi molto selvaggi, e per la maggior parte di noi sconosciuti, delle nostre meravigliose Dolomiti. In uno di questi post, la sera di un agosto del 2018, Giada era proprio sulla Cima di San Sebastiano e ci post\u00f2 questa meraviglia. So che ammirer\u00f2 ancora di pi\u00f9 il tramonto sul San Sebastiano e penser\u00f2 per sempre a Giada. \u201cUltime luci sulla cima di San Sebastiano\u201d<\/div>\n<\/div>\n<div class=\"x11i5rnm xat24cr x1mh8g0r x1vvkbs xtlvy1s x126k92a\">\n<div dir=\"auto\">Alla famiglia e agli amici di Giada giungano le pi\u00f9 sentite condoglianze \u00e8 un forte abbraccio da parte di tutti noi DoloMitici!<\/div>\n<\/div>\n<\/div>\n<\/div>\n<\/div>\n<\/div>\n<div dir=\"auto\"><\/div>\n<div dir=\"auto\"><\/div>\n<div dir=\"auto\"><\/div>\n<div dir=\"auto\"><\/div>\n<div dir=\"auto\">___<\/div>\n<div class=\"mb-2 flex gap-3 empty:hidden -ml-2\">\n<div class=\"items-center justify-start rounded-xl p-1 flex\">\n<div class=\"flex items-center\">\n<div class=\"flex items-center pb-0\"><\/div>\n<\/div>\n<\/div>\n<\/div>\n","protected":false},"excerpt":{"rendered":"<p>&nbsp; *** Dario Ganz rappresentando la\u00a0 comunit\u00e0\u00a0 &#8220;DoloMitici!!\u00a0 si unisce nel silenzio per ricordare Giada Rosson, appassionata delle Dolomiti, autrice di splendidi racconti e foto. Un tramonto eterno sul San Sebastiano onorer\u00e0 la sua memoria. Sono agordino anche io e so che oggi, appena saputo di Giada Rosson, la vallata si sar\u00e0 fatta silenziosa. Agordo&hellip;<\/p>\n","protected":false},"author":4,"featured_media":417748,"comment_status":"closed","ping_status":"closed","sticky":false,"template":"","format":"standard","meta":{"_monsterinsights_skip_tracking":false,"_monsterinsights_sitenote_active":false,"_monsterinsights_sitenote_note":"","_monsterinsights_sitenote_category":0,"footnotes":""},"categories":[51,49],"tags":[],"class_list":["post-417747","post","type-post","status-publish","format-standard","has-post-thumbnail","hentry","category-evidenza-top","category-news-18","category-51","category-49","description-off"],"img_url":"https:\/\/www.radiopiu.net\/wordpress\/wp-content\/uploads\/2024\/11\/465596175_10234635740099333_7399519612754244767_n.jpg","_links":{"self":[{"href":"https:\/\/www.radiopiu.net\/wordpress\/wp-json\/wp\/v2\/posts\/417747","targetHints":{"allow":["GET"]}}],"collection":[{"href":"https:\/\/www.radiopiu.net\/wordpress\/wp-json\/wp\/v2\/posts"}],"about":[{"href":"https:\/\/www.radiopiu.net\/wordpress\/wp-json\/wp\/v2\/types\/post"}],"author":[{"embeddable":true,"href":"https:\/\/www.radiopiu.net\/wordpress\/wp-json\/wp\/v2\/users\/4"}],"replies":[{"embeddable":true,"href":"https:\/\/www.radiopiu.net\/wordpress\/wp-json\/wp\/v2\/comments?post=417747"}],"version-history":[{"count":3,"href":"https:\/\/www.radiopiu.net\/wordpress\/wp-json\/wp\/v2\/posts\/417747\/revisions"}],"predecessor-version":[{"id":417751,"href":"https:\/\/www.radiopiu.net\/wordpress\/wp-json\/wp\/v2\/posts\/417747\/revisions\/417751"}],"wp:featuredmedia":[{"embeddable":true,"href":"https:\/\/www.radiopiu.net\/wordpress\/wp-json\/wp\/v2\/media\/417748"}],"wp:attachment":[{"href":"https:\/\/www.radiopiu.net\/wordpress\/wp-json\/wp\/v2\/media?parent=417747"}],"wp:term":[{"taxonomy":"category","embeddable":true,"href":"https:\/\/www.radiopiu.net\/wordpress\/wp-json\/wp\/v2\/categories?post=417747"},{"taxonomy":"post_tag","embeddable":true,"href":"https:\/\/www.radiopiu.net\/wordpress\/wp-json\/wp\/v2\/tags?post=417747"}],"curies":[{"name":"wp","href":"https:\/\/api.w.org\/{rel}","templated":true}]}}