{"id":417837,"date":"2024-11-05T05:45:58","date_gmt":"2024-11-05T04:45:58","guid":{"rendered":"https:\/\/www.radiopiu.net\/wordpress\/?p=417837"},"modified":"2024-11-05T09:00:09","modified_gmt":"2024-11-05T08:00:09","slug":"giornale-radiopiu-05-novembre-2024-direttore-mirko-mezzacasada-41-anni-25-giugno-1983-25-giugno-2024","status":"publish","type":"post","link":"https:\/\/www.radiopiu.net\/wordpress\/giornale-radiopiu-05-novembre-2024-direttore-mirko-mezzacasada-41-anni-25-giugno-1983-25-giugno-2024\/","title":{"rendered":"GIORNALE RADIOPIU 05 NOVEMBRE 2024 DIRETTORE MIRKO MEZZACASA\u2026DA 41 ANNI 25 GIUGNO 1983-25 GIUGNO 2024"},"content":{"rendered":"<p>*******<\/p>\n<p><em><span style=\"color: #ff0000;\"><a class=\"dt-pswp-item\" href=\"https:\/\/www.radiopiu.net\/wordpress\/wp-content\/uploads\/2024\/10\/Senza-nome-8.png\" data-dt-img-description=\"\" data-large_image_width=\"343\" data-large_image_height=\"303\"><img loading=\"lazy\" decoding=\"async\" class=\"wp-image-412130 alignleft\" src=\"https:\/\/www.radiopiu.net\/wordpress\/wp-content\/uploads\/2024\/10\/Senza-nome-8-300x265.png\" alt=\"\" width=\"105\" height=\"93\" srcset=\"https:\/\/www.radiopiu.net\/wordpress\/wp-content\/uploads\/2024\/10\/Senza-nome-8-300x265.png 300w, https:\/\/www.radiopiu.net\/wordpress\/wp-content\/uploads\/2024\/10\/Senza-nome-8.png 343w\" sizes=\"auto, (max-width: 105px) 100vw, 105px\" \/><\/a><\/span><\/em><strong><em><span style=\"color: #ff0000;\"> LA\u00a0 APP PER IOS-IPHONE di Nicola Vettorello<\/span><\/em><\/strong><\/p>\n<p><strong><span style=\"color: #0000ff;\"><a style=\"color: #0000ff;\" href=\"https:\/\/apps.apple.com\/it\/app\/radio-pi%C3%B9-emittente-agordina\/id1515939845\">https:\/\/apps.apple.com\/it\/app\/radio-pi%C3%B9-emittente-agordina\/id1515939845<\/a><\/span><\/strong><\/p>\n<p><strong><em style=\"color: #ff0000;\">LA\u00a0 APP RADIO\u00a0 PER ANDROID di Nicola Vettorello<\/em><\/strong><\/p>\n<p><strong><span style=\"color: #0000ff;\"><a style=\"color: #0000ff;\" href=\"https:\/\/play.google.com\/store\/apps\/details?id=net.radiopiu.iniko\" target=\"_blank\" rel=\"noopener noreferrer\">https:\/\/<\/a><a style=\"color: #0000ff;\" href=\"https:\/\/play.google.com\/store\/apps\/details?id=net.radiopiu.iniko\" target=\"_blank\" rel=\"noopener noreferrer\">play.google.com\/store\/apps\/details?id=net.radiopiu.iniko\u00a0\u00a0\u00a0<\/a><\/span><\/strong><\/p>\n<p>&nbsp;<\/p>\n<p><strong>FOTO COPERTINA, corriere delle alpi<\/strong><\/p>\n<hr \/>\n<p>&nbsp;<\/p>\n<p><strong><a class=\"dt-pswp-item\" href=\"https:\/\/www.radiopiu.net\/wordpress\/wp-content\/uploads\/2024\/11\/cb04f52f-690f-4f43-9ccb-1c4d9734769a.jpg\" data-dt-img-description=\"\" data-large_image_width=\"1013\" data-large_image_height=\"812\"><img loading=\"lazy\" decoding=\"async\" class=\"size-medium wp-image-417904 alignleft\" src=\"https:\/\/www.radiopiu.net\/wordpress\/wp-content\/uploads\/2024\/11\/cb04f52f-690f-4f43-9ccb-1c4d9734769a-300x240.jpg\" alt=\"\" width=\"300\" height=\"240\" srcset=\"https:\/\/www.radiopiu.net\/wordpress\/wp-content\/uploads\/2024\/11\/cb04f52f-690f-4f43-9ccb-1c4d9734769a-300x240.jpg 300w, https:\/\/www.radiopiu.net\/wordpress\/wp-content\/uploads\/2024\/11\/cb04f52f-690f-4f43-9ccb-1c4d9734769a-768x616.jpg 768w, https:\/\/www.radiopiu.net\/wordpress\/wp-content\/uploads\/2024\/11\/cb04f52f-690f-4f43-9ccb-1c4d9734769a.jpg 1013w\" sizes=\"auto, (max-width: 300px) 100vw, 300px\" \/><\/a>OGGI ALLA RADIO&#8230;.<\/strong> <span style=\"color: #ff0000;\">ALLE 4 E ALLE 6<\/span> LE NOTIZIE DALL&#8217;ITALIA E DAL MONDO <span style=\"color: #ff0000;\"> 0500 <span style=\"color: #0000ff;\"><span style=\"color: #000000;\">l&#8217;almanacco della nostra gente con il MUSLA<\/span>\u00a0<\/span><\/span><span style=\"color: #ff0000;\"> 6.15<\/span> PIROLE DE LENGA A CURA DEL MUSLA <span style=\"color: #ff0000;\">7.20<\/span> EL BAL DEL FIORI, DETTI E TRADIZIONI DI GIULIANA DA RONCH <span style=\"color: #ff0000;\">8.05<\/span> LA RASSEGNA STAMPA LOCALE<span style=\"color: #ff0000;\"> 8.30 <span style=\"color: #000000;\">PIU&#8217; SIAMO CON MARINA DONA&#8217;<\/span><span style=\"color: #000000;\">\u00a0\u00a0<\/span> 900 <\/span><span style=\"color: #000000;\">LA MUSICA COUNTRY DI ALEX NASCINMBEN <\/span><span style=\"color: #0000ff;\"><span style=\"color: #000000;\">\u00a0<\/span><\/span><span style=\"color: #ff0000;\"><span style=\"color: #000000;\">\u00a0<\/span><\/span><span style=\"color: #ff0000;\">9.40<\/span> VIABILITA&#8217; CON BOTOL CAR SERVICE (AGORDO-SEDICO-FELTRE) <span style=\"color: #ff0000;\">10 10<\/span> MUSLA LE NOVE IN LADIN <span style=\"color: #ff0000;\">10.30 <span style=\"color: #000000;\">SPECIALE LUCCIOLATA A RIF DI AGORDO CON EVA <\/span><\/span><span style=\"color: #000000;\">\u00a0<\/span>\u00a0<span style=\"color: #ff0000;\">11 10 <\/span>paola lanciato emozione continua un secolo di radio piu&#8217; 41 di musica <span style=\"color: #ff0000;\">11.40<\/span> FESTIVALBAR STORY DI ATHOS DJ DAVID BEN\u00a0 \u00a0 <span style=\"color: #ff0000;\">12.00<\/span> VA TUTTO LISCIO\u00a0 <span style=\"color: #ff0000;\">12.30<\/span> GIORNALE RADIO PRINCIPALE<strong><span style=\"color: #0000ff;\"> 13.10 GSP INFORMA, SECONDA PUNTATA SU RADIO PIU&#8217; E RADIO CLUB 103 DI BARBARA PAOLAZZI\u00a0<\/span><\/strong> \u00a0<span style=\"color: #ff0000;\">13.20<\/span> FOGLIE E CASTAGNE DI MARINA DONA&#8217; <span style=\"color: #ff0000;\">\u00a0<\/span><span style=\"color: #ff0000;\">14.20 <\/span><span style=\"color: #ff0000;\"><span style=\"color: #000000;\">\u00a0 COLLAGE OPERAZIONE NOSTALGIA DI LORIS SCUSSEL<\/span>\u00a015.10<\/span> I MARTEDI ALLA RADIO, DI LUISA ALCHINI i libri parlanti (foto)\u00a0\u00a0<span style=\"color: #ff0000;\">1645<\/span> LE HIT DI MIRCO BENCIVENNI <span style=\"color: #ff0000;\">18.00<\/span> PIU&#8217; DANCE LE SELEZIONI CHE FANNO SALTARE DI DJ JACK, JACOPO DEL TEDESCO <span style=\"color: #ff0000;\">19.00 <span style=\"color: #000000;\">LE ANTICIPAZIONI DAL TG DI ANTENNA 3 DI TIZIANA BOLOGNANI\u00a0<\/span><\/span><\/p>\n<p>&nbsp;<\/p>\n<p><strong><a class=\"dt-pswp-item\" href=\"https:\/\/www.radiopiu.net\/wordpress\/wp-content\/uploads\/2024\/11\/WhatsApp-Image-2024-11-04-at-21.10.06.jpeg\" data-dt-img-description=\"\" data-large_image_width=\"919\" data-large_image_height=\"1600\"><img loading=\"lazy\" decoding=\"async\" class=\"size-medium wp-image-418047 alignright\" src=\"https:\/\/www.radiopiu.net\/wordpress\/wp-content\/uploads\/2024\/11\/WhatsApp-Image-2024-11-04-at-21.10.06-172x300.jpeg\" alt=\"\" width=\"172\" height=\"300\" srcset=\"https:\/\/www.radiopiu.net\/wordpress\/wp-content\/uploads\/2024\/11\/WhatsApp-Image-2024-11-04-at-21.10.06-172x300.jpeg 172w, https:\/\/www.radiopiu.net\/wordpress\/wp-content\/uploads\/2024\/11\/WhatsApp-Image-2024-11-04-at-21.10.06-588x1024.jpeg 588w, https:\/\/www.radiopiu.net\/wordpress\/wp-content\/uploads\/2024\/11\/WhatsApp-Image-2024-11-04-at-21.10.06-768x1337.jpeg 768w, https:\/\/www.radiopiu.net\/wordpress\/wp-content\/uploads\/2024\/11\/WhatsApp-Image-2024-11-04-at-21.10.06-882x1536.jpeg 882w, https:\/\/www.radiopiu.net\/wordpress\/wp-content\/uploads\/2024\/11\/WhatsApp-Image-2024-11-04-at-21.10.06.jpeg 919w\" sizes=\"auto, (max-width: 172px) 100vw, 172px\" \/><\/a>rassegna stampa nazionale,<\/strong> ogni giorno alle 5 e alle 6 del mattino<br \/>\ngiornali locali 7 rassegna stampa flash, 8 rassegna stampa, gr flash alle 10 e alle 11, principale 12.30. Informazione pomeriggio alle 15 (speciale) 16, 17, 18. Giornale radio nazionale: ogni ora dalle 5 del mattino, alle 20 della sera.<\/p>\n<p>&nbsp;<\/p>\n<p>&nbsp;<\/p>\n<p>&nbsp;<\/p>\n<p>&nbsp;<\/p>\n<p>&nbsp;<\/p>\n<p>&nbsp;<\/p>\n<p>&nbsp;<\/p>\n<blockquote>\n<h1>SOSPIROLO SPROFONDA NEL DOLORE, E&#8217; MANCATO IL SINDACO<\/h1>\n<\/blockquote>\n<p><strong><a class=\"dt-pswp-item\" href=\"https:\/\/www.radiopiu.net\/wordpress\/wp-content\/uploads\/2024\/11\/mario.png\" data-dt-img-description=\"\" data-large_image_width=\"211\" data-large_image_height=\"231\"><img loading=\"lazy\" decoding=\"async\" class=\" wp-image-418050 alignleft\" src=\"https:\/\/www.radiopiu.net\/wordpress\/wp-content\/uploads\/2024\/11\/mario.png\" alt=\"\" width=\"149\" height=\"163\" \/><\/a>SOSPIROLO<\/strong> Risveglio di dolore per il paese, Mario De Bon, \u00e8 mancato questa notte, sconfitto dalla malattia. L&#8217;amato primo cittadino ha lottato, per lui, la sua famiglia, il suo paese, lo ha fatto finch\u00e9 gli \u00e8 stato concesso.<\/p>\n<p>Mario De Bon, sindaco riconfermato a pieni voti lo scorso maggio. Aveva 55 anni, nato a Pieve di Cadore \u00a0il 22\/07\/1969.\u00a0<em> &#8220;Una persona squisita, stimata a Sospirolo &#8211; dice Alfonsino Barp, titolare d&#8217;azienda a San Gottardo e Presidente della Latteria Camolino &#8211; un uomo importante per il Paese, credeva nelle attivit\u00e0, ha &#8220;lottato&#8221; per il loro destino sul territorio. Per il territorio si \u00e8 sempre dato da fare mettendo davanti a tutto Sospirolo. Un grande dolore, e un messaggio di condoglianze alla moglie Nadia, ai figli Giuliano, Emilia&#8221;<\/em><\/p>\n<p>&nbsp;<\/p>\n<p><strong>LA CONSIGLIERA REGIONALE, SILVIA CESTARO audio<\/strong><\/p>\n<audio class=\"wp-audio-shortcode\" id=\"audio-417837-1\" preload=\"none\" style=\"width: 100%;\" controls=\"controls\"><source type=\"audio\/mpeg\" src=\"https:\/\/www.radiopiu.net\/wordpress\/wp-content\/uploads\/2024\/11\/silvia-cestaro.mp3?_=1\" \/><a href=\"https:\/\/www.radiopiu.net\/wordpress\/wp-content\/uploads\/2024\/11\/silvia-cestaro.mp3\">https:\/\/www.radiopiu.net\/wordpress\/wp-content\/uploads\/2024\/11\/silvia-cestaro.mp3<\/a><\/audio>\n<p>&nbsp;<\/p>\n<p>&nbsp;<\/p>\n<p><strong><a class=\"dt-pswp-item\" href=\"https:\/\/www.radiopiu.net\/wordpress\/wp-content\/uploads\/2024\/11\/10629346_10204151739347713_7961674228570209383_o.jpg\" data-dt-img-description=\"\" data-large_image_width=\"667\" data-large_image_height=\"1000\"><img loading=\"lazy\" decoding=\"async\" class=\"size-medium wp-image-418052 alignleft\" src=\"https:\/\/www.radiopiu.net\/wordpress\/wp-content\/uploads\/2024\/11\/10629346_10204151739347713_7961674228570209383_o-200x300.jpg\" alt=\"\" width=\"200\" height=\"300\" srcset=\"https:\/\/www.radiopiu.net\/wordpress\/wp-content\/uploads\/2024\/11\/10629346_10204151739347713_7961674228570209383_o-200x300.jpg 200w, https:\/\/www.radiopiu.net\/wordpress\/wp-content\/uploads\/2024\/11\/10629346_10204151739347713_7961674228570209383_o.jpg 667w\" sizes=\"auto, (max-width: 200px) 100vw, 200px\" \/><\/a>IL PRESIDENTE DELLA PROVINCIA ROBERTO PADRIN<\/strong><\/p>\n<p><em>\u00abUn sindaco con la \u201cs\u201d maiuscola, un uomo animato da un profondo senso di giustizia e da una smisurata passione per il suo territorio. Un amministratore che sapeva arrabbiarsi per le storture che vedeva nella macchina amministrativa. Un amico sincero e schietto\u00bb. Il presidente della Provincia di Belluno Roberto Padrin ricorda cos\u00ec, in una nota di cordoglio, Mario De Bon, sindaco di Sospirolo e gi\u00e0 consigliere provinciale, mancato questa notte.<\/em><br \/>\n<em>\u00abRicordo la determinazione di Mario nel cercare sempre il bene del territorio quando in Provincia gli ho affidato la delega ai Fondi di confine; un impegno che ha portato avanti con profonda convinzione e la consapevolezza che la montagna ha bisogno di strumenti concreti. Ricordo la sua rabbia di fronte all\u2019impotenza di un ente depotenziato dalla legge Delrio. Ricordo con tristezza e amarezza quando gi\u00e0 provato dalla malattia mi ha comunicato di dover rinunciare all\u2019incarico in Provincia. E ricordo la sua grinta quando si \u00e8 collegato all\u2019assemblea dei sindaci, a fine estate, scavato in volto. Mario ci mancher\u00e0 tantissimo, per le sua capacit\u00e0 e la sua passione, ma anche per la sua volont\u00e0 di fare squadra, per l\u2019animo gentile dietro la scorza da montanaro, per la sua voglia di reagire alle cose che non funzionano. Ai suoi familiari, ai tantissimi che hanno avuto la fortuna di conoscerlo, un abbraccio sincero da parte mia e dell\u2019intero consiglio provinciale\u00bb.<\/em><\/p>\n<p>___<\/p>\n<hr \/>\n<p>&nbsp;<\/p>\n<div class=\"x11i5rnm xat24cr x1mh8g0r x1vvkbs xtlvy1s x126k92a\">\n<div dir=\"auto\">\n<div dir=\"auto\">\n<p><strong><a class=\"dt-pswp-item\" href=\"https:\/\/www.radiopiu.net\/wordpress\/wp-content\/uploads\/2024\/02\/2d44e751-d8a8-461b-8e22-d8e4e853b032.jpg\" data-dt-img-description=\"\" data-large_image_width=\"1600\" data-large_image_height=\"1200\"><img loading=\"lazy\" decoding=\"async\" class=\"wp-image-373307 alignleft\" src=\"https:\/\/www.radiopiu.net\/wordpress\/wp-content\/uploads\/2024\/02\/2d44e751-d8a8-461b-8e22-d8e4e853b032-300x225.jpg\" alt=\"\" width=\"105\" height=\"79\" srcset=\"https:\/\/www.radiopiu.net\/wordpress\/wp-content\/uploads\/2024\/02\/2d44e751-d8a8-461b-8e22-d8e4e853b032-300x225.jpg 300w, https:\/\/www.radiopiu.net\/wordpress\/wp-content\/uploads\/2024\/02\/2d44e751-d8a8-461b-8e22-d8e4e853b032-1024x768.jpg 1024w, https:\/\/www.radiopiu.net\/wordpress\/wp-content\/uploads\/2024\/02\/2d44e751-d8a8-461b-8e22-d8e4e853b032-768x576.jpg 768w, https:\/\/www.radiopiu.net\/wordpress\/wp-content\/uploads\/2024\/02\/2d44e751-d8a8-461b-8e22-d8e4e853b032-1536x1152.jpg 1536w, https:\/\/www.radiopiu.net\/wordpress\/wp-content\/uploads\/2024\/02\/2d44e751-d8a8-461b-8e22-d8e4e853b032.jpg 1600w\" sizes=\"auto, (max-width: 105px) 100vw, 105px\" \/><\/a>EL BAL DEL FIOR, DI GIULIANA DA RONCH, 05 NOVEMBRE<\/strong><strong>\u00a02024<\/strong><\/p>\n<\/div>\n<\/div>\n<\/div>\n<div><\/div>\n<div>\n<audio class=\"wp-audio-shortcode\" id=\"audio-417837-2\" preload=\"none\" style=\"width: 100%;\" controls=\"controls\"><source type=\"audio\/mpeg\" src=\"https:\/\/www.radiopiu.net\/wordpress\/wp-content\/uploads\/2024\/11\/GMA.mp3?_=2\" \/><a href=\"https:\/\/www.radiopiu.net\/wordpress\/wp-content\/uploads\/2024\/11\/GMA.mp3\">https:\/\/www.radiopiu.net\/wordpress\/wp-content\/uploads\/2024\/11\/GMA.mp3<\/a><\/audio>\n<p>&nbsp;<\/p>\n<\/div>\n<hr \/>\n<p>&nbsp;<\/p>\n<div class=\"x11i5rnm xat24cr x1mh8g0r x1vvkbs xtlvy1s x126k92a\">\n<h1><span style=\"color: #ff0000;\"><a class=\"dt-pswp-item\" href=\"https:\/\/www.radiopiu.net\/wordpress\/wp-content\/uploads\/2024\/06\/th-5.jpg\" data-dt-img-description=\"\" data-large_image_width=\"326\" data-large_image_height=\"180\"><img loading=\"lazy\" decoding=\"async\" class=\"size-medium wp-image-395881 alignleft\" src=\"https:\/\/www.radiopiu.net\/wordpress\/wp-content\/uploads\/2024\/06\/th-5-300x166.jpg\" alt=\"\" width=\"300\" height=\"166\" srcset=\"https:\/\/www.radiopiu.net\/wordpress\/wp-content\/uploads\/2024\/06\/th-5-300x166.jpg 300w, https:\/\/www.radiopiu.net\/wordpress\/wp-content\/uploads\/2024\/06\/th-5.jpg 326w\" sizes=\"auto, (max-width: 300px) 100vw, 300px\" \/><\/a><\/span><\/h1>\n<h1><\/h1>\n<h1><\/h1>\n<h1><span style=\"color: #000000;\">05 NOVEMBRE&#8230; alla radio l&#8217;almanacco\u00a0<\/span><\/h1>\n<audio class=\"wp-audio-shortcode\" id=\"audio-417837-3\" preload=\"none\" style=\"width: 100%;\" controls=\"controls\"><source type=\"audio\/mpeg\" src=\"https:\/\/www.radiopiu.net\/wordpress\/wp-content\/uploads\/2024\/11\/ALMANACCONEW-2.mp3?_=3\" \/><a href=\"https:\/\/www.radiopiu.net\/wordpress\/wp-content\/uploads\/2024\/11\/ALMANACCONEW-2.mp3\">https:\/\/www.radiopiu.net\/wordpress\/wp-content\/uploads\/2024\/11\/ALMANACCONEW-2.mp3<\/a><\/audio>\n<p>&nbsp;<\/p>\n<p>&nbsp;<\/p>\n<hr \/>\n<p>&nbsp;<\/p>\n<p>&nbsp;<\/p>\n<blockquote>\n<h1><strong><a class=\"dt-pswp-item\" href=\"https:\/\/www.radiopiu.net\/wordpress\/wp-content\/uploads\/2024\/10\/629301fd-708d-4f53-95c2-d28cbefd500f.jpg\" data-dt-img-description=\"\" data-large_image_width=\"1600\" data-large_image_height=\"1322\"><img loading=\"lazy\" decoding=\"async\" class=\"wp-image-413782 alignleft\" src=\"https:\/\/www.radiopiu.net\/wordpress\/wp-content\/uploads\/2024\/10\/629301fd-708d-4f53-95c2-d28cbefd500f-300x248.jpg\" alt=\"\" width=\"186\" height=\"154\" srcset=\"https:\/\/www.radiopiu.net\/wordpress\/wp-content\/uploads\/2024\/10\/629301fd-708d-4f53-95c2-d28cbefd500f-300x248.jpg 300w, https:\/\/www.radiopiu.net\/wordpress\/wp-content\/uploads\/2024\/10\/629301fd-708d-4f53-95c2-d28cbefd500f-1024x846.jpg 1024w, https:\/\/www.radiopiu.net\/wordpress\/wp-content\/uploads\/2024\/10\/629301fd-708d-4f53-95c2-d28cbefd500f-768x635.jpg 768w, https:\/\/www.radiopiu.net\/wordpress\/wp-content\/uploads\/2024\/10\/629301fd-708d-4f53-95c2-d28cbefd500f-1536x1269.jpg 1536w, https:\/\/www.radiopiu.net\/wordpress\/wp-content\/uploads\/2024\/10\/629301fd-708d-4f53-95c2-d28cbefd500f.jpg 1600w\" sizes=\"auto, (max-width: 186px) 100vw, 186px\" \/><\/a>N di parom &#8211; L Almanach de la nosta jent<\/strong><\/h1>\n<\/blockquote>\n<p>Le voci: Davide Conedera, Agordo, Michela Dell&#8217;Osbel, La Valle Agordina Simone Ganz, Falcade Veronica Lezuo, Colle Santa Lucia. La voce nella sigla \u00e8 di Giorgia Taio<\/p>\n<p><strong>LA PUNTATA DI OGGI, 05 NOVEMBRE<\/strong><\/p>\n<\/div>\n<div class=\"x11i5rnm xat24cr x1mh8g0r x1vvkbs xtlvy1s x126k92a\">\n<audio class=\"wp-audio-shortcode\" id=\"audio-417837-4\" preload=\"none\" style=\"width: 100%;\" controls=\"controls\"><source type=\"audio\/mpeg\" src=\"https:\/\/www.radiopiu.net\/wordpress\/wp-content\/uploads\/2024\/11\/AL2.mp3?_=4\" \/><a href=\"https:\/\/www.radiopiu.net\/wordpress\/wp-content\/uploads\/2024\/11\/AL2.mp3\">https:\/\/www.radiopiu.net\/wordpress\/wp-content\/uploads\/2024\/11\/AL2.mp3<\/a><\/audio>\n<p>&nbsp;<\/p>\n<p>&nbsp;<\/p>\n<div dir=\"auto\">\n<hr \/>\n<\/div>\n<\/div>\n<blockquote>\n<blockquote>\n<h1><span style=\"color: #ff0000;\">\u00a0<\/span><\/h1>\n<h1><span style=\"color: #ff0000;\">I podcast informativi del mattino &#8211; audio &#8211;\u00a0\u00a0<\/span><\/h1>\n<\/blockquote>\n<p><strong><a class=\"dt-pswp-item\" href=\"https:\/\/www.radiopiu.net\/wordpress\/wp-content\/uploads\/2024\/11\/6.jpg\" data-dt-img-description=\"\" data-large_image_width=\"177\" data-large_image_height=\"180\"><img loading=\"lazy\" decoding=\"async\" class=\"size-full wp-image-417911 alignleft\" src=\"https:\/\/www.radiopiu.net\/wordpress\/wp-content\/uploads\/2024\/11\/6.jpg\" alt=\"\" width=\"177\" height=\"180\" \/><\/a>LA RASSEGNA STAMPA NAZIONALE ALLA RADIO, OGNI GIORNO ALLE 5 E ALLE 6 DEL MATTINO <span style=\"color: #0000ff;\">viene pubblicata alle 6.00 <span style=\"color: #ff0000;\">DIRETTA RADIO\u00a0 \u00a0\u00a0<\/span><\/span><\/strong><\/p><\/blockquote>\n<p>&nbsp;<\/p>\n<p><strong>NOTIZIE DELLA NOTTE<\/strong><\/p>\n<p><strong>Usa 2024<\/strong>, Trump: bisognerebbe mettere Harris su ring con Tyson <strong>Borsa:<\/strong> Hong Kong negativa, apre a -0,77% <strong>Regno Unito,<\/strong> 600 poliziotti licenziati per negligenza in un anno<br \/>\n<strong>Ok del giudice<\/strong>, la lotteria elettorale di Musk pu\u00f2 continuare <strong>Wsj,<\/strong> Russia dietro a pacchi incendiari in centri Dhl <strong>Al Jazeera,<\/strong> &#8217;20 morti in raid israeliano nel nord di Gaza&#8217; <strong>Harris,<\/strong> &#8216;l&#8217;America \u00e8 pronta per un nuovo inizio&#8217;<\/p>\n<h2>AUDIO dalle 6 del mattino<\/h2>\n<audio class=\"wp-audio-shortcode\" id=\"audio-417837-5\" preload=\"none\" style=\"width: 100%;\" controls=\"controls\"><source type=\"audio\/mpeg\" src=\"https:\/\/www.radiopiu.net\/wordpress\/wp-content\/uploads\/2024\/11\/giornale07-4.mp3?_=5\" \/><a href=\"https:\/\/www.radiopiu.net\/wordpress\/wp-content\/uploads\/2024\/11\/giornale07-4.mp3\">https:\/\/www.radiopiu.net\/wordpress\/wp-content\/uploads\/2024\/11\/giornale07-4.mp3<\/a><\/audio>\n<p>&nbsp;<\/p>\n<p>&nbsp;<\/p>\n<p>&nbsp;<\/p>\n<hr \/>\n<p>&nbsp;<\/p>\n<h1 style=\"text-align: center;\"><span style=\"color: #ff0000;\"><a class=\"dt-pswp-item\" href=\"https:\/\/www.radiopiu.net\/wordpress\/wp-content\/uploads\/2024\/11\/7.jpg\" data-dt-img-description=\"\" data-large_image_width=\"180\" data-large_image_height=\"180\"><img loading=\"lazy\" decoding=\"async\" class=\"size-full wp-image-417912 alignleft\" src=\"https:\/\/www.radiopiu.net\/wordpress\/wp-content\/uploads\/2024\/11\/7.jpg\" alt=\"\" width=\"180\" height=\"180\" srcset=\"https:\/\/www.radiopiu.net\/wordpress\/wp-content\/uploads\/2024\/11\/7.jpg 180w, https:\/\/www.radiopiu.net\/wordpress\/wp-content\/uploads\/2024\/11\/7-150x150.jpg 150w\" sizes=\"auto, (max-width: 180px) 100vw, 180px\" \/><\/a>I podcast informativi del mattino &#8211; audio &#8211;\u00a0<\/span><\/h1>\n<p><strong>OGNI GIORNO ALLE SETTE DEL MATTINO, LA RASSEGNA STAMPA LOCALE FLASH&#8230; PER CHI VA IN FRETTA. I TITOLI DAI GIORNALI E DAL SITO WWW.RADIOPIU.NET <span style=\"color: #0000ff;\">viene pubblicato alle 7.00<\/span> <span style=\"color: #ff0000;\">DIRETTA RADIO\u00a0<\/span><\/strong><\/p>\n<p><em><span style=\"color: #ff0000;\">per chi va in fretta&#8230; tante notizie in pochi minuti. L&#8217;informazione locale alla radio, ogni ora dalle 7 del mattino alle 19 della sera.<\/span><\/em><\/p>\n<h1><\/h1>\n<h1>AUDIO dalle 7 del mattino<\/h1>\n<audio class=\"wp-audio-shortcode\" id=\"audio-417837-6\" preload=\"none\" style=\"width: 100%;\" controls=\"controls\"><source type=\"audio\/mpeg\" src=\"https:\/\/www.radiopiu.net\/wordpress\/wp-content\/uploads\/2024\/11\/GF07-2.mp3?_=6\" \/><a href=\"https:\/\/www.radiopiu.net\/wordpress\/wp-content\/uploads\/2024\/11\/GF07-2.mp3\">https:\/\/www.radiopiu.net\/wordpress\/wp-content\/uploads\/2024\/11\/GF07-2.mp3<\/a><\/audio>\n<p>&nbsp;<\/p>\n<p>&nbsp;<\/p>\n<p>&nbsp;<\/p>\n<hr \/>\n<p>&nbsp;<\/p>\n<h1><\/h1>\n<h1 style=\"text-align: center;\"><span style=\"color: #ff0000;\"><a class=\"dt-pswp-item\" href=\"https:\/\/www.radiopiu.net\/wordpress\/wp-content\/uploads\/2024\/11\/th.jpg\" data-dt-img-description=\"\" data-large_image_width=\"148\" data-large_image_height=\"179\"><img loading=\"lazy\" decoding=\"async\" class=\"size-full wp-image-417913 alignleft\" src=\"https:\/\/www.radiopiu.net\/wordpress\/wp-content\/uploads\/2024\/11\/th.jpg\" alt=\"\" width=\"148\" height=\"179\" \/><\/a>I podcast informativi del mattino &#8211; audio &#8211;\u00a0<\/span><\/h1>\n<blockquote><p><strong>GIORNALE RADIO NAZIONALE, EDIZIONE DELLE SETTE <span style=\"color: #0000ff;\">viene pubblicato alle 7.05 <span style=\"color: #ff0000;\">DIRETTA RADIO\u00a0<\/span><\/span><\/strong><\/p><\/blockquote>\n<p><strong>il giornale radionazionale e&#8217; in onda ogni ora, dalle sette del mattino alle venti della sera\u00a0 \u00a0<\/strong><strong>\u00a0<\/strong><\/p>\n<p><span style=\"color: #ff0000;\">\u00a0<\/span><\/p>\n<p><strong>ANCONA<\/strong> Operaio muore in A6, chiuso e poi riaperto il tratto tra Altare e Savona<br \/>\nL&#8217;uomo \u00e8 precipitato da un ponteggio da un&#8217;altezza di circa 15 metri.\u00a0 <strong>Giornata tragica in montagna,<\/strong> quattro alpinisti morti sulle Alpi In Piemonte, Trentino e Veneto. Vittime tre uomini e una donna <strong>Schiacciato dal camion<\/strong>, imprenditore muore nel sud della Sardegna Sardara, la vittima \u00e8 il titolare della ditta Pusceddu Trasporti <strong>VITERBO<\/strong> Inviavano droga e cellulari in carcere con un drone, 6 arresti <strong>NAPOLI<\/strong> Confessa l&#8217;assassino di Santo Romano, \u00e8 caccia ai complici Il 17enne ammette di aver sparato. Geolier &#8216;Ora basta&#8217; <strong>NAPOLI<\/strong> Gli sposi scomparsi tornano a casa: &#8216;Abbiamo fatto un breve viaggio&#8217; A Carabinieri hanno detto &#8216;siamo stanchi&#8217;. Avevano lasciato i figli ai nonni <strong>PIACENZA<\/strong> Una banda armata svaligia una sede Dhl, a fuoco i camion rubati<\/p>\n<p>&nbsp;<\/p>\n<p><span style=\"color: #ff0000;\">EDIZIONE DELLE 20, DEL 04 NOVEMBRE 2024<\/span><\/p>\n<audio class=\"wp-audio-shortcode\" id=\"audio-417837-7\" preload=\"none\" style=\"width: 100%;\" controls=\"controls\"><source type=\"audio\/mpeg\" src=\"https:\/\/www.radiopiu.net\/wordpress\/wp-content\/uploads\/2024\/11\/giornale07-4.mp3?_=7\" \/><a href=\"https:\/\/www.radiopiu.net\/wordpress\/wp-content\/uploads\/2024\/11\/giornale07-4.mp3\">https:\/\/www.radiopiu.net\/wordpress\/wp-content\/uploads\/2024\/11\/giornale07-4.mp3<\/a><\/audio>\n<p>&nbsp;<\/p>\n<p><span style=\"color: #ff0000;\">EDIZIONE DELLE 19, DEL 04 NOVEMBRE 2024, LO SPORT<\/span><\/p>\n<audio class=\"wp-audio-shortcode\" id=\"audio-417837-8\" preload=\"none\" style=\"width: 100%;\" controls=\"controls\"><source type=\"audio\/mpeg\" src=\"https:\/\/www.radiopiu.net\/wordpress\/wp-content\/uploads\/2024\/11\/gr-sport-2.mp3?_=8\" \/><a href=\"https:\/\/www.radiopiu.net\/wordpress\/wp-content\/uploads\/2024\/11\/gr-sport-2.mp3\">https:\/\/www.radiopiu.net\/wordpress\/wp-content\/uploads\/2024\/11\/gr-sport-2.mp3<\/a><\/audio>\n<h2><\/h2>\n<h2>AUDIO dalle sette del mattino, ogni ora alla radio<\/h2>\n<audio class=\"wp-audio-shortcode\" id=\"audio-417837-9\" preload=\"none\" style=\"width: 100%;\" controls=\"controls\"><source type=\"audio\/mpeg\" src=\"https:\/\/www.radiopiu.net\/wordpress\/wp-content\/uploads\/2024\/11\/giornale07-5.mp3?_=9\" \/><a href=\"https:\/\/www.radiopiu.net\/wordpress\/wp-content\/uploads\/2024\/11\/giornale07-5.mp3\">https:\/\/www.radiopiu.net\/wordpress\/wp-content\/uploads\/2024\/11\/giornale07-5.mp3<\/a><\/audio>\n<p>&nbsp;<\/p>\n<p>&nbsp;<\/p>\n<hr \/>\n<p>&nbsp;<\/p>\n<p>&nbsp;<\/p>\n<h1><span style=\"color: #ff0000;\"><a class=\"dt-pswp-item\" href=\"https:\/\/www.radiopiu.net\/wordpress\/wp-content\/uploads\/2024\/11\/8.jpg\" data-dt-img-description=\"\" data-large_image_width=\"180\" data-large_image_height=\"180\"><img loading=\"lazy\" decoding=\"async\" class=\"size-full wp-image-417910 alignleft\" src=\"https:\/\/www.radiopiu.net\/wordpress\/wp-content\/uploads\/2024\/11\/8.jpg\" alt=\"\" width=\"180\" height=\"180\" srcset=\"https:\/\/www.radiopiu.net\/wordpress\/wp-content\/uploads\/2024\/11\/8.jpg 180w, https:\/\/www.radiopiu.net\/wordpress\/wp-content\/uploads\/2024\/11\/8-150x150.jpg 150w\" sizes=\"auto, (max-width: 180px) 100vw, 180px\" \/><\/a>I podcast informativi del mattino &#8211; video &#8211;\u00a0<\/span><\/h1>\n<h2 style=\"text-align: left;\"><strong>RASSEGNA STAMPA LOCALE, ORE OTTO 05<\/strong><\/h2>\n<h2><strong> <span style=\"color: #0000ff;\">viene\u00a0 <\/span><\/strong><strong><span style=\"color: #0000ff;\">pubblicata alle 8.05 <span style=\"color: #ff0000;\">DIRETTA RADIO\u00a0 \u00a0<\/span><\/span><\/strong><strong>DI MIRKO MEZZACASA<\/strong><\/h2>\n<h2><span style=\"color: #ff0000;\"><strong>\u00a0<\/strong><\/span><\/h2>\n<h2><span style=\"color: #ff0000;\"><strong>\u00a0<\/strong><\/span><\/h2>\n<h1><span style=\"color: #ff0000;\"><strong>VIDEO\u00a0 \u00a0in diretta dalle 8 del mattino\u00a0 \u00a0per ASCOLTARE <\/strong><\/span><\/h1>\n<blockquote>\n<h1 style=\"text-align: center;\"><a href=\"https:\/\/www.facebook.com\/watch\/live\/?ref=watch_permalink&amp;v=405358642508298\">CLICCA QUI<\/a><\/h1>\n<\/blockquote>\n<p>&nbsp;<\/p>\n<p><a class=\"dt-pswp-item\" href=\"https:\/\/www.radiopiu.net\/wordpress\/wp-content\/uploads\/2024\/11\/COPE-3.png\" data-dt-img-description=\"\" data-large_image_width=\"575\" data-large_image_height=\"325\"><img loading=\"lazy\" decoding=\"async\" class=\"alignnone size-medium wp-image-418011\" src=\"https:\/\/www.radiopiu.net\/wordpress\/wp-content\/uploads\/2024\/11\/COPE-3-300x170.png\" alt=\"\" width=\"300\" height=\"170\" srcset=\"https:\/\/www.radiopiu.net\/wordpress\/wp-content\/uploads\/2024\/11\/COPE-3-300x170.png 300w, https:\/\/www.radiopiu.net\/wordpress\/wp-content\/uploads\/2024\/11\/COPE-3.png 575w\" sizes=\"auto, (max-width: 300px) 100vw, 300px\" \/><\/a><a class=\"dt-pswp-item\" href=\"https:\/\/www.radiopiu.net\/wordpress\/wp-content\/uploads\/2024\/11\/COPE-2.png\" data-dt-img-description=\"\" data-large_image_width=\"562\" data-large_image_height=\"347\"><img loading=\"lazy\" decoding=\"async\" class=\"alignnone wp-image-418012\" src=\"https:\/\/www.radiopiu.net\/wordpress\/wp-content\/uploads\/2024\/11\/COPE-2-300x185.png\" alt=\"\" width=\"276\" height=\"170\" srcset=\"https:\/\/www.radiopiu.net\/wordpress\/wp-content\/uploads\/2024\/11\/COPE-2-300x185.png 300w, https:\/\/www.radiopiu.net\/wordpress\/wp-content\/uploads\/2024\/11\/COPE-2.png 562w\" sizes=\"auto, (max-width: 276px) 100vw, 276px\" \/><\/a><a class=\"dt-pswp-item\" href=\"https:\/\/www.radiopiu.net\/wordpress\/wp-content\/uploads\/2024\/11\/COOPE1.png\" data-dt-img-description=\"\" data-large_image_width=\"550\" data-large_image_height=\"336\"><img loading=\"lazy\" decoding=\"async\" class=\"alignnone size-medium wp-image-418013\" src=\"https:\/\/www.radiopiu.net\/wordpress\/wp-content\/uploads\/2024\/11\/COOPE1-300x183.png\" alt=\"\" width=\"300\" height=\"183\" srcset=\"https:\/\/www.radiopiu.net\/wordpress\/wp-content\/uploads\/2024\/11\/COOPE1-300x183.png 300w, https:\/\/www.radiopiu.net\/wordpress\/wp-content\/uploads\/2024\/11\/COOPE1.png 550w\" sizes=\"auto, (max-width: 300px) 100vw, 300px\" \/><\/a><a class=\"dt-pswp-item\" href=\"https:\/\/www.radiopiu.net\/wordpress\/wp-content\/uploads\/2024\/11\/coop1-1.png\" data-dt-img-description=\"\" data-large_image_width=\"602\" data-large_image_height=\"375\">\u00a0<\/a><\/p>\n<p>&nbsp;<\/p>\n<p>&nbsp;<\/p>\n<hr \/>\n<p>&nbsp;<\/p>\n<p>&nbsp;<\/p>\n<p><strong><a class=\"dt-pswp-item\" href=\"https:\/\/www.radiopiu.net\/wordpress\/wp-content\/uploads\/2023\/12\/ANTENNA.png\" data-dt-img-description=\"\" data-large_image_width=\"300\" data-large_image_height=\"166\"><img loading=\"lazy\" decoding=\"async\" class=\" wp-image-366306 alignleft\" src=\"https:\/\/www.radiopiu.net\/wordpress\/wp-content\/uploads\/2023\/12\/ANTENNA.png\" alt=\"\" width=\"175\" height=\"97\" \/><\/a>ogni sera alle 19 le anticipazioni alla radio, quello che poi seguirete nel TELEGIORNALE BELLUNESE\u00a0 in onda alle 19.30 sul CANALE 10 del digitale terrestre.\u00a0\u00a0<\/strong><\/p>\n<p>&nbsp;<\/p>\n<p>LE ANTICIPAZIONI ALLA RADIO, DI TIZIANA BOLOGNANI<\/p>\n<audio class=\"wp-audio-shortcode\" id=\"audio-417837-10\" preload=\"none\" style=\"width: 100%;\" controls=\"controls\"><source type=\"audio\/mpeg\" src=\"https:\/\/www.radiopiu.net\/wordpress\/wp-content\/uploads\/2024\/11\/ANTENNA3-1.mp3?_=10\" \/><a href=\"https:\/\/www.radiopiu.net\/wordpress\/wp-content\/uploads\/2024\/11\/ANTENNA3-1.mp3\">https:\/\/www.radiopiu.net\/wordpress\/wp-content\/uploads\/2024\/11\/ANTENNA3-1.mp3<\/a><\/audio>\n<p>&nbsp;<\/p>\n<hr \/>\n<p>&nbsp;<\/p>\n<p>&nbsp;<\/p>\n<blockquote>\n<h1>Incidente Mortale sul ponte Cadore: deceduta donna del &#8217;65 di Belluno<\/h1>\n<p><em>L&#8217;auto di Donatella De Col \u00e8 stata vista fuori controllo. Qualcuno ha pure suonato, strombazzato per indurla a un rientro di corsia, ma invano: un particolare che potrebbe non escludere un malore della conducente.<\/em><\/p><\/blockquote>\n<p><strong><a class=\"dt-pswp-item\" href=\"https:\/\/www.radiopiu.net\/wordpress\/wp-content\/uploads\/2024\/11\/c8e184f2-d339-4898-8d1e-94374a5583d8.jpg\" data-dt-img-description=\"\" data-large_image_width=\"964\" data-large_image_height=\"656\"><img loading=\"lazy\" decoding=\"async\" class=\"size-medium wp-image-417971 alignleft\" src=\"https:\/\/www.radiopiu.net\/wordpress\/wp-content\/uploads\/2024\/11\/c8e184f2-d339-4898-8d1e-94374a5583d8-300x204.jpg\" alt=\"\" width=\"300\" height=\"204\" srcset=\"https:\/\/www.radiopiu.net\/wordpress\/wp-content\/uploads\/2024\/11\/c8e184f2-d339-4898-8d1e-94374a5583d8-300x204.jpg 300w, https:\/\/www.radiopiu.net\/wordpress\/wp-content\/uploads\/2024\/11\/c8e184f2-d339-4898-8d1e-94374a5583d8-768x523.jpg 768w, https:\/\/www.radiopiu.net\/wordpress\/wp-content\/uploads\/2024\/11\/c8e184f2-d339-4898-8d1e-94374a5583d8.jpg 964w\" sizes=\"auto, (max-width: 300px) 100vw, 300px\" \/><\/a>PIEVE DI CADORE<\/strong><\/p>\n<p>Tragico incidente sul ponte Cadore, dove una donna, Donatella De Col,\u00a0 59 anni, residente a Belluno, ha perso la vita. Ieri mattina stava viaggiando in direzione Belluno a bordo di un minivan Opel Combo quando, per cause ancora da accertare, ha invaso la corsia opposta. Nel percorso, il minivan <a class=\"dt-pswp-item\" href=\"https:\/\/www.radiopiu.net\/wordpress\/wp-content\/uploads\/2024\/11\/Senza-nome-13.png\" data-dt-img-description=\"\" data-large_image_width=\"462\" data-large_image_height=\"438\"><img loading=\"lazy\" decoding=\"async\" class=\" wp-image-418001 alignright\" src=\"https:\/\/www.radiopiu.net\/wordpress\/wp-content\/uploads\/2024\/11\/Senza-nome-13-300x284.png\" alt=\"\" width=\"205\" height=\"194\" srcset=\"https:\/\/www.radiopiu.net\/wordpress\/wp-content\/uploads\/2024\/11\/Senza-nome-13-300x284.png 300w, https:\/\/www.radiopiu.net\/wordpress\/wp-content\/uploads\/2024\/11\/Senza-nome-13.png 462w\" sizes=\"auto, (max-width: 205px) 100vw, 205px\" \/><\/a>ha urtato lo specchietto di un&#8217;altra vettura e ha poi centrato in pieno un secondo veicolo.<\/p>\n<p>L&#8217;impatto \u00e8 stato fatale: la donna \u00e8 morta sul colpo. L&#8217;altra persona coinvolta, una giovane\u00a0 di 26 anni sempre di Belluno, \u00e8 rimasta\u00a0 ferita (media gravit\u00e0) ed\u00a0 elitrasportata all&#8217;ospedale di Belluno per accertamenti. Sul posto sono intervenuti i soccorsi e le forze dell&#8217;ordine per i rilievi necessari. La notizia dell&#8217;incidente mortale \u00e8 piombata nel capoluogo, dove Donatella De Col era molto conosciuta: era una dipendente storica della Vela, da almeno 30 anni.<\/p>\n<div class=\"flex max-w-full flex-col flex-grow\">\n<div class=\"min-h-8 text-message flex w-full flex-col items-end gap-2 whitespace-normal break-words [.text-message+&amp;]:mt-5\" dir=\"auto\" data-message-author-role=\"assistant\" data-message-id=\"61a4f283-4f4c-4fae-bc67-f8c32a667aa6\" data-message-model-slug=\"gpt-4o\">\n<div class=\"flex w-full flex-col gap-1 empty:hidden first:pt-[3px]\">\n<div class=\"markdown prose w-full break-words dark:prose-invert dark\">\n<p><em>L&#8217;incidente tra le due vetture ha causato un blocco totale del traffico nella zona, rendendo necessaria la chiusura temporanea della strada per consentire l&#8217;intervento dei soccorsi. Sul luogo sono arrivati tempestivamente i sanitari, supportati anche da un elicottero, insieme alle forze dell&#8217;ordine per gestire l&#8217;emergenza e effettuare i rilievi del caso.\u00a0\u00a0<\/em><\/p>\n<p><strong>IERI SERA, ALLA RADIO TIZIANA BOLOGNANI<\/strong><\/p>\n<audio class=\"wp-audio-shortcode\" id=\"audio-417837-11\" preload=\"none\" style=\"width: 100%;\" controls=\"controls\"><source type=\"audio\/mpeg\" src=\"https:\/\/www.radiopiu.net\/wordpress\/wp-content\/uploads\/2024\/11\/TIZIANA-1.mp3?_=11\" \/><a href=\"https:\/\/www.radiopiu.net\/wordpress\/wp-content\/uploads\/2024\/11\/TIZIANA-1.mp3\">https:\/\/www.radiopiu.net\/wordpress\/wp-content\/uploads\/2024\/11\/TIZIANA-1.mp3<\/a><\/audio>\n<p>&nbsp;<\/p>\n<p>&nbsp;<\/p>\n<blockquote>\n<h1><strong>Incidente ad Alano, due feriti lievi<\/strong><\/h1>\n<\/blockquote>\n<p>&nbsp;<\/p>\n<\/div>\n<\/div>\n<\/div>\n<\/div>\n<div class=\"flex-shrink-0 flex flex-col relative items-end\">\n<div>\n<div class=\"pt-0\">\n<div class=\"gizmo-bot-avatar flex h-8 w-8 items-center justify-center overflow-hidden rounded-full\">\n<div class=\"relative p-1 rounded-sm flex items-center justify-center bg-token-main-surface-primary text-token-text-primary h-8 w-8\"><a class=\"dt-pswp-item\" href=\"https:\/\/www.radiopiu.net\/wordpress\/wp-content\/uploads\/2024\/11\/Senza-nome-12.png\" data-dt-img-description=\"\" data-large_image_width=\"705\" data-large_image_height=\"438\"><img loading=\"lazy\" decoding=\"async\" class=\"size-medium wp-image-418000 alignleft\" src=\"https:\/\/www.radiopiu.net\/wordpress\/wp-content\/uploads\/2024\/11\/Senza-nome-12-300x186.png\" alt=\"\" width=\"300\" height=\"186\" srcset=\"https:\/\/www.radiopiu.net\/wordpress\/wp-content\/uploads\/2024\/11\/Senza-nome-12-300x186.png 300w, https:\/\/www.radiopiu.net\/wordpress\/wp-content\/uploads\/2024\/11\/Senza-nome-12.png 705w\" sizes=\"auto, (max-width: 300px) 100vw, 300px\" \/><\/a><\/div>\n<\/div>\n<\/div>\n<\/div>\n<\/div>\n<div class=\"group\/conversation-turn relative flex w-full min-w-0 flex-col agent-turn\">\n<div class=\"flex-col gap-1 md:gap-3\">\n<div class=\"flex max-w-full flex-col flex-grow\">\n<div class=\"min-h-8 text-message flex w-full flex-col items-end gap-2 whitespace-normal break-words [.text-message+&amp;]:mt-5\" dir=\"auto\" data-message-author-role=\"assistant\" data-message-id=\"b6d43fbf-4168-4049-b5fd-cb9e04b3bd20\" data-message-model-slug=\"gpt-4o\">\n<div class=\"flex w-full flex-col gap-1 empty:hidden first:pt-[3px]\">\n<div class=\"markdown prose w-full break-words dark:prose-invert dark\">\n<blockquote><p>Un mancato rispetto della precedenza ha causato ieri un incidente ad Alano, coinvolgendo una Ford Focus e una Fiat Punto. L&#8217;impatto ha ribaltato la Ford, danneggiando un marciapiede e un albero. Entrambi i conducenti, di 65 e 48 anni, sono stati trasportati all&#8217;ospedale di Feltre con ferite lievi. Sul posto sono intervenuti vigili del fuoco, sanitari del 118 e carabinieri per i soccorsi e i rilievi.<\/p><\/blockquote>\n<p><strong>FOTO corriere delle alpi<\/strong><\/p>\n<p>&nbsp;<\/p>\n<\/div>\n<\/div>\n<\/div>\n<\/div>\n<\/div>\n<\/div>\n<hr \/>\n<p>&nbsp;<\/p>\n<blockquote>\n<h2>Operazione antidroga a Belluno: 9 arresti<\/h2>\n<\/blockquote>\n<p><strong>BELLUNO<\/strong><\/p>\n<div class=\"flex max-w-full flex-col flex-grow\">\n<div class=\"min-h-8 text-message flex w-full flex-col items-end gap-2 whitespace-normal break-words [.text-message+&amp;]:mt-5\" dir=\"auto\" data-message-author-role=\"assistant\" data-message-id=\"21aa14d3-f94f-4dc4-9036-7f7f49264057\" data-message-model-slug=\"gpt-4o\">\n<div class=\"flex w-full flex-col gap-1 empty:hidden first:pt-[3px]\">\n<div class=\"markdown prose w-full break-words dark:prose-invert dark\">\n<p>I Carabinieri di Belluno hanno condotto un&#8217;importante operazione che ha portato all&#8217;arresto di 9 persone e al sequestro di 7 kg di droga, tra cocaina e marijuana. L&#8217;indagine, iniziata nel 2023, ha smantellato un&#8217;organizzazione attiva nel traffico e spaccio di stupefacenti. L&#8217;operazione \u00e8 stata annunciata in una conferenza stampa al Comando provinciale di Belluno, evidenziando il risultato di un&#8217;intensa attivit\u00e0 investigativa<\/p>\n<p><strong>DI DANIELE DALVIT<\/strong><\/p>\n<audio class=\"wp-audio-shortcode\" id=\"audio-417837-12\" preload=\"none\" style=\"width: 100%;\" controls=\"controls\"><source type=\"audio\/mpeg\" src=\"https:\/\/www.radiopiu.net\/wordpress\/wp-content\/uploads\/2024\/11\/Servizio-Operazione-antidroga-Feltre-1.mp3?_=12\" \/><a href=\"https:\/\/www.radiopiu.net\/wordpress\/wp-content\/uploads\/2024\/11\/Servizio-Operazione-antidroga-Feltre-1.mp3\">https:\/\/www.radiopiu.net\/wordpress\/wp-content\/uploads\/2024\/11\/Servizio-Operazione-antidroga-Feltre-1.mp3<\/a><\/audio>\n<p>&nbsp;<\/p>\n<\/div>\n<\/div>\n<\/div>\n<\/div>\n<div><a class=\"dt-pswp-item\" href=\"https:\/\/www.radiopiu.net\/wordpress\/wp-content\/uploads\/2024\/11\/7df2f127-9f87-436d-b698-628c2f017275-1-scaled.jpg\" data-dt-img-description=\"\" data-large_image_width=\"2560\" data-large_image_height=\"1920\"><img loading=\"lazy\" decoding=\"async\" class=\"alignnone size-medium wp-image-417967\" src=\"https:\/\/www.radiopiu.net\/wordpress\/wp-content\/uploads\/2024\/11\/7df2f127-9f87-436d-b698-628c2f017275-1-300x225.jpg\" alt=\"\" width=\"300\" height=\"225\" srcset=\"https:\/\/www.radiopiu.net\/wordpress\/wp-content\/uploads\/2024\/11\/7df2f127-9f87-436d-b698-628c2f017275-1-300x225.jpg 300w, https:\/\/www.radiopiu.net\/wordpress\/wp-content\/uploads\/2024\/11\/7df2f127-9f87-436d-b698-628c2f017275-1-1024x768.jpg 1024w, https:\/\/www.radiopiu.net\/wordpress\/wp-content\/uploads\/2024\/11\/7df2f127-9f87-436d-b698-628c2f017275-1-768x576.jpg 768w, https:\/\/www.radiopiu.net\/wordpress\/wp-content\/uploads\/2024\/11\/7df2f127-9f87-436d-b698-628c2f017275-1-1536x1152.jpg 1536w, https:\/\/www.radiopiu.net\/wordpress\/wp-content\/uploads\/2024\/11\/7df2f127-9f87-436d-b698-628c2f017275-1-2048x1536.jpg 2048w\" sizes=\"auto, (max-width: 300px) 100vw, 300px\" \/><\/a><a class=\"dt-pswp-item\" href=\"https:\/\/www.radiopiu.net\/wordpress\/wp-content\/uploads\/2024\/11\/726d5827-45f0-4065-8d8c-1cf580627971-1-scaled.jpg\" data-dt-img-description=\"\" data-large_image_width=\"2560\" data-large_image_height=\"1920\"><img loading=\"lazy\" decoding=\"async\" class=\"alignnone size-medium wp-image-417966\" src=\"https:\/\/www.radiopiu.net\/wordpress\/wp-content\/uploads\/2024\/11\/726d5827-45f0-4065-8d8c-1cf580627971-1-300x225.jpg\" alt=\"\" width=\"300\" height=\"225\" srcset=\"https:\/\/www.radiopiu.net\/wordpress\/wp-content\/uploads\/2024\/11\/726d5827-45f0-4065-8d8c-1cf580627971-1-300x225.jpg 300w, https:\/\/www.radiopiu.net\/wordpress\/wp-content\/uploads\/2024\/11\/726d5827-45f0-4065-8d8c-1cf580627971-1-1024x768.jpg 1024w, https:\/\/www.radiopiu.net\/wordpress\/wp-content\/uploads\/2024\/11\/726d5827-45f0-4065-8d8c-1cf580627971-1-768x576.jpg 768w, https:\/\/www.radiopiu.net\/wordpress\/wp-content\/uploads\/2024\/11\/726d5827-45f0-4065-8d8c-1cf580627971-1-1536x1152.jpg 1536w, https:\/\/www.radiopiu.net\/wordpress\/wp-content\/uploads\/2024\/11\/726d5827-45f0-4065-8d8c-1cf580627971-1-2048x1536.jpg 2048w\" sizes=\"auto, (max-width: 300px) 100vw, 300px\" \/><\/a><a class=\"dt-pswp-item\" href=\"https:\/\/www.radiopiu.net\/wordpress\/wp-content\/uploads\/2024\/11\/1d86f8fb-ac33-48ff-8922-9c21b2dc3930-1-scaled.jpg\" data-dt-img-description=\"\" data-large_image_width=\"2560\" data-large_image_height=\"1920\"><img loading=\"lazy\" decoding=\"async\" class=\"alignnone size-medium wp-image-417965\" src=\"https:\/\/www.radiopiu.net\/wordpress\/wp-content\/uploads\/2024\/11\/1d86f8fb-ac33-48ff-8922-9c21b2dc3930-1-300x225.jpg\" alt=\"\" width=\"300\" height=\"225\" srcset=\"https:\/\/www.radiopiu.net\/wordpress\/wp-content\/uploads\/2024\/11\/1d86f8fb-ac33-48ff-8922-9c21b2dc3930-1-300x225.jpg 300w, https:\/\/www.radiopiu.net\/wordpress\/wp-content\/uploads\/2024\/11\/1d86f8fb-ac33-48ff-8922-9c21b2dc3930-1-1024x768.jpg 1024w, https:\/\/www.radiopiu.net\/wordpress\/wp-content\/uploads\/2024\/11\/1d86f8fb-ac33-48ff-8922-9c21b2dc3930-1-768x576.jpg 768w, https:\/\/www.radiopiu.net\/wordpress\/wp-content\/uploads\/2024\/11\/1d86f8fb-ac33-48ff-8922-9c21b2dc3930-1-1536x1152.jpg 1536w, https:\/\/www.radiopiu.net\/wordpress\/wp-content\/uploads\/2024\/11\/1d86f8fb-ac33-48ff-8922-9c21b2dc3930-1-2048x1536.jpg 2048w\" sizes=\"auto, (max-width: 300px) 100vw, 300px\" \/><\/a><\/div>\n<p>&nbsp;<\/p>\n<p>&nbsp;<\/p>\n<p>&nbsp;<\/p>\n<hr \/>\n<p>&nbsp;<\/p>\n<p>&nbsp;<\/p>\n<blockquote>\n<h1><a class=\"dt-pswp-item\" href=\"https:\/\/www.radiopiu.net\/wordpress\/wp-content\/uploads\/2024\/11\/Senza-nome-10.png\" data-dt-img-description=\"\" data-large_image_width=\"156\" data-large_image_height=\"198\"><img loading=\"lazy\" decoding=\"async\" class=\"size-full wp-image-417989 alignleft\" src=\"https:\/\/www.radiopiu.net\/wordpress\/wp-content\/uploads\/2024\/11\/Senza-nome-10.png\" alt=\"\" width=\"156\" height=\"198\" \/><\/a>DOMANI, L&#8217;ULTIMO SALUTO A GIADA ROSSON<\/h1>\n<\/blockquote>\n<p><strong>AGORDO<\/strong> La famiglia di Giada ha deciso la data per l&#8217;ultimo saluto alla cara Giada. &#8220;La ricordano con infinito amore la mamma Ornella, Cristian, gli zii, i cugini, parenti ed amici Per espressa volont\u00e0 di Giada, la saluteremo con una preghiera di benedizione DOMANI alle 11 nella cappella del cimitero di Agordo. Successivamente si proseguir\u00e0 con la cremazione<\/p>\n<p>Onoranze funebri Bristot_Agordo<\/p>\n<p>&nbsp;<\/p>\n<p>&nbsp;<\/p>\n<p><strong>AGORDO<\/strong><\/p>\n<p>Il capoluogo di Agordo \u00e8 avvolto nel silenzio e nel dolore per la perdita di Giada, una giovane che ha lasciato un segno indelebile nei cuori di chi l&#8217;ha conosciuta. In prossimit\u00e0 dell&#8217;ospedale, familiari e amici si uniscono alla madre per condividere il grande lutto. La data dei funerali non \u00e8 ancora stata stabilita, ma sui social si moltiplicano le pagine dedicate alla sua memoria, dove emerge, tra i tanti ricordi, la parola &#8220;sorriso&#8221;, simbolo della gioia e della vitalit\u00e0 di Giada.<\/p>\n<p>Giada Rosson, con le sue parole profonde, esprime il tumulto emotivo che la stagione del cambiamento porta con s\u00e9. Un mix di nostalgia e malinconia che accompagna i ricordi di giovent\u00f9 e di persone care, ora perdute. \u201cOra siamo nelle montagne e le montagne sono dentro di noi,\u201d scrive John Muir, e per Giada, le montagne rappresentavano un rifugio, un luogo di felicit\u00e0.<\/p>\n<p>Michela Mickarte, una delle sue amiche, riflette sull&#8217;impossibilit\u00e0 di raggiungerla ora che \u00e8 &#8220;una cima troppo alta&#8221;. Con il cuore spezzato, si chiede come andare avanti senza di lei, mentre Paolo De Toffol ricorda il silenzio che Giada amava, un silenzio che eleva lo spirito e offre libert\u00e0. Le montagne, abbracciando Giada, ora la tengono con s\u00e9 per sempre, regalando un ultimo saluto a una giovane che ha vissuto intensamente.<\/p>\n<p>&nbsp;<\/p>\n<div dir=\"auto\"><em>\u201cOra siamo nelle montagne e le montagne sono dentro di noi.&#8221;\u00a0<\/em><\/div>\n<div dir=\"auto\">JOHN MUIR<\/div>\n<blockquote><p><em><a class=\"dt-pswp-item\" href=\"https:\/\/www.radiopiu.net\/wordpress\/wp-content\/uploads\/2024\/11\/286222215_10228102903302804_7988948933203875867_n.jpg\" data-dt-img-description=\"\" data-large_image_width=\"2048\" data-large_image_height=\"1536\"><img loading=\"lazy\" decoding=\"async\" class=\" wp-image-417850 alignleft\" src=\"https:\/\/www.radiopiu.net\/wordpress\/wp-content\/uploads\/2024\/11\/286222215_10228102903302804_7988948933203875867_n-300x225.jpg\" alt=\"\" width=\"256\" height=\"192\" srcset=\"https:\/\/www.radiopiu.net\/wordpress\/wp-content\/uploads\/2024\/11\/286222215_10228102903302804_7988948933203875867_n-300x225.jpg 300w, https:\/\/www.radiopiu.net\/wordpress\/wp-content\/uploads\/2024\/11\/286222215_10228102903302804_7988948933203875867_n-1024x768.jpg 1024w, https:\/\/www.radiopiu.net\/wordpress\/wp-content\/uploads\/2024\/11\/286222215_10228102903302804_7988948933203875867_n-768x576.jpg 768w, https:\/\/www.radiopiu.net\/wordpress\/wp-content\/uploads\/2024\/11\/286222215_10228102903302804_7988948933203875867_n-1536x1152.jpg 1536w, https:\/\/www.radiopiu.net\/wordpress\/wp-content\/uploads\/2024\/11\/286222215_10228102903302804_7988948933203875867_n.jpg 2048w\" sizes=\"auto, (max-width: 256px) 100vw, 256px\" \/><\/a>&#8220;Quando la stagione muta, all\u2019improvviso annusando l\u2019aria mi arrivano violenti pugni di emozioni; le budella si torcono strette in una morsa di insostenibile malinconia e mi sale quasi la nausea. Alla mente arrivano indefiniti, ma potenti ricordi di giovinezza, di persone vissute e poi perse, di tempo andato e che mai pi\u00f9 torner\u00e0. I sogni svaniscono in un\u2019idea di futuro nero e solitario. E magari \u00e8 davvero cos\u00ec; la mia vita spogliata degli orpelli della speranza. \u00c8 un attimo. Poi tutto passa inghiottito dal tritacarne della quotidianit\u00e0, degli impegni, dei doveri, delle fatiche, di qualche momento di effimera felicit\u00e0. Quindi non so se mi piace il cambio di stagione&#8221; <strong>Giada Rosson, 16 settembre 2024\u00a0<\/strong><\/em><\/p>\n<p>&nbsp;<\/p>\n<p>&nbsp;<\/p><\/blockquote>\n<div dir=\"auto\">Ora sei lass\u00f9, una cima troppo alta per poterti raggiungere.\u00a0Troppo, troppo in alto stavolta <span class=\"html-span xdj266r x11i5rnm xat24cr x1mh8g0r xexx8yu x4uap5 x18d9i69 xkhd6sd x1hl2dhg x16tdsg8 x1vvkbs\"><a class=\"x1i10hfl xjbqb8w x1ejq31n xd10rxx x1sy0etr x17r0tee x972fbf xcfux6l x1qhh985 xm0m39n x9f619 x1ypdohk xt0psk2 xe8uvvx xdj266r x11i5rnm xat24cr x1mh8g0r xexx8yu x4uap5 x18d9i69 xkhd6sd x16tdsg8 x1hl2dhg xggy1nq x1a2a7pz x1sur9pj xkrqix3 x1fey0fg x1s688f\" tabindex=\"0\" role=\"link\" href=\"https:\/\/www.facebook.com\/giada.rosson?__cft__[0]=AZXv7TtZ1pFvtJB2i2VdFuUFajy5U99rL115E34P0U8D4m4WEJahl_As4BnandQQN-3d1cgCIshZo47zmPzdQe15OeO6vaxM0offm5xQC2L0OkBsoITHIG5ctMtugjDtNGyOGnHQte3eF4hUZ0zegTzKNm71ZeJwY8GjuncPcYtkFA&amp;__tn__=-]K-R\"><span class=\"xt0psk2\">Giada<\/span><\/a><\/span>. Sei salita troppo su e mentre ti godi il panorama, noi quaggi\u00f9 ci chiediamo col cuore a pezzi come faremo senza di te . Buon viaggio cara ragazza<\/div>\n<div dir=\"auto\"><a class=\"dt-pswp-item\" href=\"https:\/\/www.radiopiu.net\/wordpress\/wp-content\/uploads\/2024\/11\/465674544_10230876591369918_4034495462854161071_n.jpg\" data-dt-img-description=\"\" data-large_image_width=\"720\" data-large_image_height=\"540\"><img loading=\"lazy\" decoding=\"async\" class=\"size-medium wp-image-417902 alignright\" src=\"https:\/\/www.radiopiu.net\/wordpress\/wp-content\/uploads\/2024\/11\/465674544_10230876591369918_4034495462854161071_n-300x225.jpg\" alt=\"\" width=\"300\" height=\"225\" srcset=\"https:\/\/www.radiopiu.net\/wordpress\/wp-content\/uploads\/2024\/11\/465674544_10230876591369918_4034495462854161071_n-300x225.jpg 300w, https:\/\/www.radiopiu.net\/wordpress\/wp-content\/uploads\/2024\/11\/465674544_10230876591369918_4034495462854161071_n.jpg 720w\" sizes=\"auto, (max-width: 300px) 100vw, 300px\" \/><\/a>MICHELA MICKARTE<\/div>\n<div dir=\"auto\"><\/div>\n<div dir=\"auto\"><\/div>\n<div dir=\"auto\"><\/div>\n<div dir=\"auto\">\n<div class=\"html-div xdj266r x11i5rnm xat24cr x1mh8g0r xexx8yu x4uap5 x18d9i69 xkhd6sd\">\n<div class=\"html-div xdj266r x11i5rnm x1mh8g0r x18d9i69 x1cy8zhl x78zum5 x1q0g3np xod5an3 x1pi30zi x1swvt13 xz9dl7a\">\n<div class=\"html-div xdj266r x11i5rnm xat24cr x1mh8g0r xexx8yu x4uap5 x18d9i69 xkhd6sd x1iyjqo2\">\n<div class=\"x78zum5 xdt5ytf xz62fqu x16ldp7u\">\n<div class=\"xu06os2 x1ok221b\">\n<div class=\"html-div xdj266r x11i5rnm xat24cr x1mh8g0r xexx8yu x4uap5 x18d9i69 xkhd6sd\" data-ad-rendering-role=\"profile_name\">\n<div class=\"x6prxxf xk50ysn xvq8zen\">\n<div dir=\"ltr\">Quando non trovo le parole sto in silenzio, lo stesso silenzio che tu amavi tanto, il silenzio che sublima le noie della quotidianit\u00e0 tra l\u2019aria rarefatta delle cime. L\u2019amore cos\u00ec grande per il senso di liber\u00e0 che offre la montagna supera il rischio di frequentarla e lo stupore sempre nuovo che offrono le nostre crode riempie cos\u00ec tanto il cuore che rinunciarvi non \u00e8 possibile. Mi piace pensare che molte e molte volte sei stata felice lass\u00f9 tra l\u2019abbraccio delle montagne. Questa volta l\u2019abbraccio \u00e8 stato cos\u00ec stretto da trattenerti per sempre.<\/div>\n<div dir=\"ltr\">PAOLO DE TOFFOL<\/div>\n<\/div>\n<\/div>\n<\/div>\n<\/div>\n<\/div>\n<\/div>\n<\/div>\n<\/div>\n<div dir=\"ltr\"><\/div>\n<div dir=\"ltr\"><\/div>\n<div dir=\"ltr\"><\/div>\n<hr \/>\n<p>&nbsp;<\/p>\n<blockquote>\n<h3>L&#8217;ULSS1 RICORDA DAMIANO &#8220;L&#8217;INFERMIERE&#8221;<\/h3>\n<p>&nbsp;<\/p><\/blockquote>\n<p><strong>DALLA ULSS1 DOLOMITI<\/strong><\/p>\n<p>\u201cDamiano lavorava in Ulss Dolomiti dal 2019 ,dapprima nel reparto di Medicina dell&#8217;ospedale di Pieve di Cadore, successivamente nei reparti covid e in Medicina a Belluno per poi in Anestesia e rianimazione. I colleghi lo ricordano come un professionista amato da tutti per la sua disponibilit\u00e0 e collaborazione, sensibile e altruista, persona caparbia, preparato dal punto di vista professionale, disponibile verso l&#8217;organizzazione, aperto al cambiamento. Porgo alla famiglia le pi\u00f9 sentite condoglianze per la grave perdita ed esprimo vicinanza a colleghi e amici in questo momento di grande dolore, in cui le parole servono a poco\u201d ricorda il commissario Giuseppe Dal Ben riguardo al giovane infermiere deceduto ieri in montagna.<\/p>\n<p><strong><a class=\"dt-pswp-item\" href=\"https:\/\/www.radiopiu.net\/wordpress\/wp-content\/uploads\/2024\/11\/Senza-nome-6.png\" data-dt-img-description=\"\" data-large_image_width=\"433\" data-large_image_height=\"364\"><img loading=\"lazy\" decoding=\"async\" class=\" wp-image-417793 alignleft\" src=\"https:\/\/www.radiopiu.net\/wordpress\/wp-content\/uploads\/2024\/11\/Senza-nome-6-300x252.png\" alt=\"\" width=\"200\" height=\"168\" srcset=\"https:\/\/www.radiopiu.net\/wordpress\/wp-content\/uploads\/2024\/11\/Senza-nome-6-300x252.png 300w, https:\/\/www.radiopiu.net\/wordpress\/wp-content\/uploads\/2024\/11\/Senza-nome-6.png 433w\" sizes=\"auto, (max-width: 200px) 100vw, 200px\" \/><\/a>VAL DI ZOLDO\u00a0<\/strong> Damiano Sacchet, 31 anni di Podenzoi (Longarone), infermiere, ha perso la vita precipitando dallo Sfornioi di Mezzo, massiccio nelle selvagge montagne della Val di Zoldo. Il suo corpo \u00e8 stato trovato all&#8217;interno di un camino, un passaggio stretto e verticale dove si \u00e8 fermato dopo la caduta.<\/p>\n<p>&nbsp;<\/p>\n<p>Lascia la mamma Melita, ex maestra alle elementari, il pap\u00e0 Antonio, autista della Dolomitibus in pensione, e due fratelli.<\/p>\n<p>&nbsp;<\/p>\n<p>&nbsp;<\/p>\n<p>&nbsp;<\/p>\n<hr \/>\n<blockquote>\n<h3><a class=\"dt-pswp-item\" href=\"https:\/\/www.radiopiu.net\/wordpress\/wp-content\/uploads\/2024\/10\/DolomitiBus_02-scaled.jpg\" data-dt-img-description=\"\" data-large_image_width=\"2560\" data-large_image_height=\"1708\"><img loading=\"lazy\" decoding=\"async\" class=\"wp-image-413158 alignleft\" src=\"https:\/\/www.radiopiu.net\/wordpress\/wp-content\/uploads\/2024\/10\/DolomitiBus_02-300x200.jpg\" alt=\"\" width=\"179\" height=\"119\" srcset=\"https:\/\/www.radiopiu.net\/wordpress\/wp-content\/uploads\/2024\/10\/DolomitiBus_02-300x200.jpg 300w, https:\/\/www.radiopiu.net\/wordpress\/wp-content\/uploads\/2024\/10\/DolomitiBus_02-1024x683.jpg 1024w, https:\/\/www.radiopiu.net\/wordpress\/wp-content\/uploads\/2024\/10\/DolomitiBus_02-768x513.jpg 768w, https:\/\/www.radiopiu.net\/wordpress\/wp-content\/uploads\/2024\/10\/DolomitiBus_02-1536x1025.jpg 1536w, https:\/\/www.radiopiu.net\/wordpress\/wp-content\/uploads\/2024\/10\/DolomitiBus_02-2048x1367.jpg 2048w\" sizes=\"auto, (max-width: 179px) 100vw, 179px\" \/><\/a>SCIOPERO NAZIONALE DEI TRASPORTI<\/h3>\n<\/blockquote>\n<p><strong>BELLUNO<\/strong> Le organizzazioni sindacali territoriali di Belluno (FILT-CGIL, FIT-CISL, UILTRASPORTI, FAISA-CISAL) aderiranno allo sciopero nazionale del settore, indetto per venerd\u00ec 8 novembre 2024, per una durata di 24 ore, in conformit\u00e0 con la normativa sui servizi pubblici essenziali.<\/p>\n<h2>PER CONSULTARE LE LINEE GARANTITE NELLA GIORNATA <a href=\"https:\/\/www.radiopiu.net\/wordpress\/wp-content\/uploads\/2024\/10\/AP-08-11-2024-24h-senza-fasce-corse-garantite.pdf\"><span style=\"color: #3366ff;\">CLICCA QUI<\/span><\/a><\/h2>\n<p>&nbsp;<\/p>\n<hr \/>\n<p>&nbsp;<\/p>\n<blockquote>\n<div class=\"flex max-w-full flex-col flex-grow\">\n<div class=\"min-h-8 text-message flex w-full flex-col items-end gap-2 whitespace-normal break-words [.text-message+&amp;]:mt-5\" dir=\"auto\" data-message-author-role=\"assistant\" data-message-id=\"63e738f9-f5e0-4867-8b27-8ea8782c882c\" data-message-model-slug=\"gpt-4o\">\n<div class=\"flex w-full flex-col gap-1 empty:hidden first:pt-[3px]\">\n<div class=\"markdown prose w-full break-words dark:prose-invert dark\">\n<h2>Sciopero e disagi: Giovani&amp;Futuro chiede miglioramenti a Dolomiti Bus.<\/h2>\n<\/div>\n<\/div>\n<\/div>\n<\/div>\n<\/blockquote>\n<div class=\"flex items-center\">\n<div class=\"flex items-center pb-0\"><a class=\"dt-pswp-item\" href=\"https:\/\/www.radiopiu.net\/wordpress\/wp-content\/uploads\/2024\/11\/menia-corbanese-frescura.jpg\" data-dt-img-description=\"\" data-large_image_width=\"1200\" data-large_image_height=\"1600\"><img loading=\"lazy\" decoding=\"async\" class=\"size-medium wp-image-417932 alignleft\" src=\"https:\/\/www.radiopiu.net\/wordpress\/wp-content\/uploads\/2024\/11\/menia-corbanese-frescura-225x300.jpg\" alt=\"\" width=\"225\" height=\"300\" srcset=\"https:\/\/www.radiopiu.net\/wordpress\/wp-content\/uploads\/2024\/11\/menia-corbanese-frescura-225x300.jpg 225w, https:\/\/www.radiopiu.net\/wordpress\/wp-content\/uploads\/2024\/11\/menia-corbanese-frescura-768x1024.jpg 768w, https:\/\/www.radiopiu.net\/wordpress\/wp-content\/uploads\/2024\/11\/menia-corbanese-frescura-1152x1536.jpg 1152w, https:\/\/www.radiopiu.net\/wordpress\/wp-content\/uploads\/2024\/11\/menia-corbanese-frescura.jpg 1200w\" sizes=\"auto, (max-width: 225px) 100vw, 225px\" \/><\/a>Venerd\u00ec 8 novembre si terr\u00e0 uno sciopero nazionale di 24 ore del trasporto pubblico locale, senza fasce di garanzia, per il rinnovo del contratto Autoferrotranvieri, scaduto nel 2023. Luca Frescura e Thomas Menia Corbanese di Giovani&amp;Futuro sostengono le richieste sindacali di aumenti salariali e migliori condizioni lavorative, ma denunciano la mancanza di corse garantite in zone come Cadore, Comelico e Feltrino. Criticano Dolomiti Bus per la limitata copertura e propongono misure di miglioramento come una gestione pi\u00f9 efficiente delle coincidenze e rimborsi semplificati. Giovani&amp;Futuro invita la comunit\u00e0 a segnalare disservizi attraverso i loro canali di contatto per aumentare la pressione sulle autorit\u00e0 competenti.<\/div>\n<\/div>\n<p>&nbsp;<\/p>\n<blockquote><p><em>\u201cSiamo invece perplessi dalla comunicazione di Dolomiti Bus del 29 ottobre, che presenta le corse <\/em><em>garantite per l\u20198 novembre. Nel documento presentato si informa su \u201cla riduzione delle prestazioni <\/em><em>erogate con la garanzia dei soli servizi assolutamente indispensabili\u201d: ci dispiace constatare ancora <\/em><em>una volta che il diritto allo studio e al lavoro degli abitanti del centro Cadore, del omelico, dello <\/em><em>Zoldano, di Livinallongo, del Basso Feltrino evidentemente non \u00e8 ritenuto indispensabile, visto che<\/em><br \/>\n<em>non sono citate nel documento le corse garantite riferite a queste aree. Giovani&amp;Futuro \u00e8 rimasta tra le pochissime realt\u00e0 ad alzare la voce in Provincia: i partiti sono assenti ingiustificati, ma comprendiamo il loro silenzio visti gli errori fatti da destra a sinistra, a livello nazionale e locale, su un settore fondamentale come quello del Trasporto Pubblico Locale. In questi<br \/>\ngiorni invieremo una nuova lettera a Dolomiti Bus contenente segnalazioni e nuove proposte di miglioramento<\/em><\/p><\/blockquote>\n<p>&nbsp;<\/p>\n<p>&nbsp;<\/p>\n<hr \/>\n<p>&nbsp;<\/p>\n<blockquote>\n<h3>OGGI IL CONSIGLIO GENERALE DELLA CISL BELLUNO TREVISO<\/h3>\n<\/blockquote>\n<p><strong><a class=\"dt-pswp-item\" href=\"https:\/\/www.radiopiu.net\/wordpress\/wp-content\/uploads\/2020\/11\/Schermata-2020-11-11-alle-12.25.13.png\" data-dt-img-description=\"\" data-large_image_width=\"594\" data-large_image_height=\"310\"><img loading=\"lazy\" decoding=\"async\" class=\" wp-image-172025 alignleft\" src=\"https:\/\/www.radiopiu.net\/wordpress\/wp-content\/uploads\/2020\/11\/Schermata-2020-11-11-alle-12.25.13-300x157.png\" alt=\"\" width=\"178\" height=\"93\" srcset=\"https:\/\/www.radiopiu.net\/wordpress\/wp-content\/uploads\/2020\/11\/Schermata-2020-11-11-alle-12.25.13-300x157.png 300w, https:\/\/www.radiopiu.net\/wordpress\/wp-content\/uploads\/2020\/11\/Schermata-2020-11-11-alle-12.25.13.png 594w\" sizes=\"auto, (max-width: 178px) 100vw, 178px\" \/><\/a>BELLUNO\/TREVISO\u00a0<\/strong>Oggi a Cison di Valmarino si terr\u00e0 il Consiglio Generale della Cisl Belluno Treviso, evento che inaugura il percorso verso il quarto Congresso dell\u2019organizzazione, previsto per aprile 2025. L\u2019incontro riunir\u00e0 segretari e dirigenti sindacali per definire le linee di sviluppo future e coinvolger\u00e0 oltre 90mila iscritti nelle province di Belluno e Treviso. Il percorso congressuale prevede assemblee nei luoghi di lavoro e Congressi di categoria, che culmineranno nel Congresso territoriale con circa 300 delegati chiamati a rinnovare il Consiglio Generale e la Segreteria confederale, attualmente guidata da Francesco Orr\u00f9. Durante il Consiglio sar\u00e0 anche presentato un report socio-economico sul mercato del lavoro locale, con la partecipazione del segretario regionale Massimiliano Paglini.<\/p>\n<p>&nbsp;<\/p>\n<hr \/>\n<p>&nbsp;<\/p>\n<blockquote>\n<h1>Meta rafforza i legami con EssilorLuxottica<\/h1>\n<\/blockquote>\n<p>&nbsp;<\/p>\n<div class=\"flex max-w-full flex-col flex-grow\">\n<div class=\"min-h-8 text-message flex w-full flex-col items-end gap-2 whitespace-normal break-words [.text-message+&amp;]:mt-5\" dir=\"auto\" data-message-author-role=\"assistant\" data-message-id=\"ad97e3a8-d4ff-4f49-9977-4aa76e28c7d2\" data-message-model-slug=\"gpt-4o\">\n<div class=\"flex w-full flex-col gap-1 empty:hidden first:pt-[3px]\">\n<div class=\"markdown prose w-full break-words dark:prose-invert dark\">\n<p><img loading=\"lazy\" decoding=\"async\" class=\"alignleft\" src=\"https:\/\/www.radiopiu.net\/wordpress\/wp-content\/uploads\/2022\/06\/LUXOTTICA-11-scaled.jpg\" width=\"213\" height=\"142\" \/>Meta potrebbe acquisire il 4-5% di EssilorLuxottica, rafforzando la partnership iniziata con gli smart glasses Ray-Ban Stories. Il possibile investimento, stimato tra i 4-5 miliardi di euro, evidenzia la crescente convergenza tra tecnologia e ottica. Meta potrebbe ottenere un posto nel cda, con Mark Zuckerberg o un suo rappresentante. Francesco Milleri, AD di EssilorLuxottica, ha ribadito l&#8217;ambizione di diventare leader nel &#8220;computing indossabile&#8221;, puntando su occhiali capaci di sostituire dispositivi tecnologici e offrire funzioni di prevenzione sanitaria.<\/p>\n<\/div>\n<\/div>\n<\/div>\n<\/div>\n<p>&nbsp;<\/p>\n<p><span style=\"color: #ff0000;\"><strong>27 SETTEMBRE 2024<\/strong><\/span><\/p>\n<blockquote>\n<h2>ECCO LA SQUADRA META-ESSILUX: Zuckerberg, Basilico, Milleri<\/h2>\n<\/blockquote>\n<p>&nbsp;<\/p>\n<p><strong>REDAZIONE<\/strong> Come anticipato a suo tempo il fondatore di Meta, Mark Zuckerberg, acquister\u00e0 una partecipazione (simbolica) che garantisce un&#8217;alleanza industriale tra il mondo facebook e la multinazionale dell&#8217;occhiale. L&#8217;uomo facebook lo ha ribadito in un&#8217;intervista \u00a0al sito di tecnologia\u00a0<i>The Verge<\/i>\u00a0nella quale Zuckerberg presenta i piani futuri su occhiali e realt\u00e0 virtuale e aumentata.<em> \u00abVogliamo che questa sia una partnership a lungo termine e, come parte di ci\u00f2, ho pensato che questo sarebbe stato un bel gesto&#8221;. <\/em>La squadra con Francesco Milleri e Rocco Basilico <em>\u00abParlo costantemente con loro per avere le loro idee su cose diverse, ha detto l\u2019imprenditore Usa- le partnership funzionano bene quando ti rivolgi a loro per avere la loro opinione su cose che in realt\u00e0 non rientrano attualmente nell&#8217;ambito di ci\u00f2 su cui stai lavorando insieme&#8221;.\u00a0<\/em><\/p>\n<p>&nbsp;<\/p>\n<p><strong>L&#8217;INTERVISTA SUL SITO THE VERGE<\/strong><a href=\"https:\/\/www.theverge.com\/24253481\/meta-ceo-mark-zuckerberg-ar-glasses-orion-ray-bans-ai-decoder-interview\"> CLICCA QUI<\/a><\/p>\n<p><iframe loading=\"lazy\" title=\"Why Mark Zuckerberg thinks AR glasses will replace your phone\" width=\"1200\" height=\"675\" src=\"https:\/\/www.youtube.com\/embed\/8dVba_xm4MQ?feature=oembed\" frameborder=\"0\" allow=\"accelerometer; autoplay; clipboard-write; encrypted-media; gyroscope; picture-in-picture; web-share\" referrerpolicy=\"strict-origin-when-cross-origin\" allowfullscreen><\/iframe><\/p>\n<p>&nbsp;<\/p>\n<p>&nbsp;<\/p>\n<hr \/>\n<p>&nbsp;<\/p>\n<blockquote>\n<h2>Frecce Tricolori, Campanile di S.Marco e&#8230;Monte Civetta DI CLAUDIO PRA<\/h2>\n<\/blockquote>\n<p>La foto \u00e8 leggermente fuori fuoco perch\u00e9 fatta in fretta e furia a mano libera, cercando di cogliere un attimo inaspettato e fortunato. Ero infatti ignaro del passaggio delle Frecce Tricolori su cieli di Venezia in occasione della festa delle Forze Armate. Dal Lido di Venezia, dove l&#8217;ho scattata, volevo semplicemente immortalare il Campanile di S. Marco con sullo sfondo il Monte Civetta. Purtroppo la poca trasparenza mi aveva fatto desistere e stavo riponendo tutto nello zaino quando mi sono accorto della improvvisa presenza in cielo delle Frecce Tricolori. Velocemente ho preso la fotocamera in mano ed ho scattato questa foto fortemente zoomata dove la Civetta si intravvede tra la foschia a destra del celebre Campanile.<\/p>\n<p>claudio pra<\/p>\n<p><img decoding=\"async\" src=\"https:\/\/www.radiopiu.net\/wordpress\/wp-content\/uploads\/2024\/11\/32871c9e-db87-4b54-a826-68a4cc2ca024-scaled.jpg\" \/><\/p>\n<p>&nbsp;<\/p>\n<p>&nbsp;<\/p>\n<hr \/>\n<p>&nbsp;<\/p>\n<blockquote>\n<h3>BELLUNO: Auto Sempre Pi\u00f9 Vecchie sulle Strade<\/h3>\n<\/blockquote>\n<p><strong><img loading=\"lazy\" decoding=\"async\" class=\"alignleft\" src=\"https:\/\/www.radiopiu.net\/wordpress\/wp-content\/uploads\/2024\/11\/q3hTckEo6X4s.jpg\" width=\"272\" height=\"181\" \/>BELLUNO\u00a0<\/strong> il\u00a0parco circolante a <b><strong>Belluno <\/strong><\/b>\u00e8 <b><strong>sempre pi\u00f9 vecchio<\/strong><\/b> tanto che, secondo un&#8217;analisi di <b><strong>Facile.it<\/strong><\/b>, l&#8217;et\u00e0 media delle auto che viaggiano sulle sue strade \u00e8 arrivata a settembre 2024 a <b><strong>12 anni e 3 mesi<\/strong><\/b>, il<b><strong>\u00a04,1<\/strong><\/b><b><strong>% in pi\u00f9<\/strong><\/b> rispetto ad un anno prima. <b><strong>Belluno <\/strong><\/b>\u00e8 risultata essere la provincia veneta con le auto pi\u00f9 <em>vecchie<\/em>.<\/p>\n<p>Analizzando i dati a livello provinciale emerge che le auto pi\u00f9 <em>vecchie\u00a0<\/em>circolano anche a <b><strong>Rovigo\u00a0<\/strong><\/b>e <b><strong>Vicenza\u00a0<\/strong><\/b>(12 anni e 2 mesi), seguite da quelle di\u00a0<b><strong>Treviso\u00a0<\/strong><\/b>con un&#8217;et\u00e0 media dei veicoli pari a 12 anni. Continuando a scorrere la graduatoria si posizionano le province di <b><strong>Verona\u00a0<\/strong><\/b>(11 anni e 7 mesi) e <b><strong>Padova<\/strong><\/b><b><strong>\u00a0<\/strong><\/b>(11 anni e 5 mesi). <b><strong>Venezia<\/strong><\/b>, invece, \u00e8 risultata essere la provincia veneta con le auto pi\u00f9 <em>giovani\u00a0<\/em>(11 anni e 2 mesi).<\/p>\n<p><strong>foto Nicola Forenza\u00a0\u00a0<\/strong><\/p>\n<p>&nbsp;<\/p>\n<p>&nbsp;<\/p>\n<hr \/>\n<p>&nbsp;<\/p>\n<blockquote>\n<h2>VOLTAGO, LE INFORMAZIONI DEL SINDACO<\/h2>\n<\/blockquote>\n<p><strong><img loading=\"lazy\" decoding=\"async\" class=\"alignleft\" src=\"https:\/\/www.radiopiu.net\/wordpress\/wp-content\/uploads\/2023\/07\/MUNICIPIO-VOLTAGO.jpeg\" width=\"351\" height=\"260\" \/>VOLTAGO<\/strong> Due informazioni importanti dal Municipio. La prima, il sindaco informa che fino al 7 novembre \u00e8 prevista attivit\u00e0 addestrativa del 51esimo Stormo Dell&#8217;Aeronautica Militare di Istrana, prevede voli ad altitudini medio basse, ma nel rispetto dell normative vigenti.<br \/>\nLe giornate addestrative: 5 novembre 14.30-16.30, 6 novembre 18-19.30, 7 novembre 14-15.-30<\/p>\n<blockquote><p><strong>Sicurezza stradale: ordinanza per la manutenzione delle aree verdi a Voltago Agordino<\/strong><\/p><\/blockquote>\n<p>Il Comune di Voltago Agordino ha emesso un&#8217;ordinanza per garantire la sicurezza stradale e pubblica incolumit\u00e0, imponendo ai proprietari di terreni confinanti con strade comunali e aree pubbliche di mantenere in ordine piante, alberi e siepi. Recenti eventi atmosferici, come il forte vento, hanno causato pericoli alla viabilit\u00e0, richiedendo misure urgenti per evitare cadute e danni.\u00a0 In caso di inadempienza, oltre alle sanzioni\u00a0 \u00a0amministrative ed accessorie da euro 155 ad euro 624,e ripristino dei luoghi e delle cose, l\u2019Amministrazione Comunale, direttamente o tramite terzi autorizzati, avr\u00e0 facolt\u00e0 di accedere ai fondi privati per eseguire il taglio coattivo, addebitandone i relativi costi al proprietario;<\/p>\n<p>&nbsp;<\/p>\n<p>&nbsp;<\/p>\n<hr \/>\n<p>&nbsp;<\/p>\n<div class=\"articlePlainSubHead\"><\/div>\n<blockquote>\n<h1 class=\"articlePlainTitle\">Giustizia pi\u00f9 accessibile con l&#8217;ufficio di prossimit\u00e0<\/h1>\n<\/blockquote>\n<div class=\"addthis_sharing_toolbox\" data-url=\"http:\/\/sfoglio.corrierealpi.gelocal.it\/share_article.php?article_id=14636235\" data-title=\"Sbanda col furgoncino al Ponte Cadore Bellunese muore mentre consegna i pastiGiustizia pi\u00f9 accessib...\"><strong>DI GIANNI SANTOMASO<\/strong><\/div>\n<div class=\"articlePlainText\"><strong><a class=\"dt-pswp-item\" href=\"https:\/\/www.radiopiu.net\/wordpress\/wp-content\/uploads\/2023\/11\/unione-montana-agordina.png\" data-dt-img-description=\"\" data-large_image_width=\"791\" data-large_image_height=\"517\"><img loading=\"lazy\" decoding=\"async\" class=\"size-medium wp-image-363432 alignleft\" src=\"https:\/\/www.radiopiu.net\/wordpress\/wp-content\/uploads\/2023\/11\/unione-montana-agordina-300x196.png\" alt=\"\" width=\"300\" height=\"196\" srcset=\"https:\/\/www.radiopiu.net\/wordpress\/wp-content\/uploads\/2023\/11\/unione-montana-agordina-300x196.png 300w, https:\/\/www.radiopiu.net\/wordpress\/wp-content\/uploads\/2023\/11\/unione-montana-agordina-768x502.png 768w, https:\/\/www.radiopiu.net\/wordpress\/wp-content\/uploads\/2023\/11\/unione-montana-agordina.png 791w\" sizes=\"auto, (max-width: 300px) 100vw, 300px\" \/><\/a>AGORDO<\/strong><\/div>\n<div class=\"articlePlainText\">\u00c8 stato aperto nella sede dell&#8217;Unione montana agordina ad Agordo l&#8217;ufficio di prossimit\u00e0. Si tratta di un progetto voluto dall&#8217;ente agordino ancora nel 2023 quando aveva risposto positivamente ad un avviso della Regione. Promosso dal ministero della Giustizia, il progetto punta a migliorare l&#8217;efficienza e la qualit\u00e0 delle prestazioni del sistema giudiziario.<\/div>\n<div class=\"articlePlainText\">Gli uffici di prossimit\u00e0, in collaborazione con i tribunali e gli enti lcali, vogliono cos\u00ec favorire l&#8217;avvicinamento della giustizia ai cittadini attraverso la creazione di una rete di uffici che offra servizi integrati e facilmente raggiungibili e accessibili.<\/div>\n<div class=\"articlePlainText\">Il cittadino potr\u00e0 recarsi all&#8217;ufficio il mercoled\u00ec dalle 8. 30 alle 12, previo appuntamento da fissare telefonicamente allo 0437 62390. Qui potr\u00e0 inoltrare le pratiche per l&#8217;amministrazione di sostegno, ricevere supporto per la compilazione della modulistica vigente presso gli uffici giudiziari, avere consulenza e supporto sugli istituti di protezione giuridica (amministrazioni di sostegno)\u00a0.<\/div>\n<p>&nbsp;<\/p>\n<hr \/>\n<p>&nbsp;<\/p>\n<p>&nbsp;<\/p>\n<h1 class=\"_title post-title entry-title\">\u00a0|<a class=\"dt-pswp-item\" href=\"https:\/\/www.radiopiu.net\/wordpress\/wp-content\/uploads\/2023\/12\/ANTENNA.png\" data-dt-img-description=\"\" data-large_image_width=\"300\" data-large_image_height=\"166\"><img loading=\"lazy\" decoding=\"async\" class=\"wp-image-366306 alignleft\" src=\"https:\/\/www.radiopiu.net\/wordpress\/wp-content\/uploads\/2023\/12\/ANTENNA.png\" alt=\"\" width=\"217\" height=\"120\" \/><\/a> GESTIONE LUPO, SI\u2019 ALL\u2019EMENDAMENTO NEL DL MONTAGNA<\/h1>\n<p>Intervistati SILVIA CALLIGARO VICE PRESIDENTE PROVINCIA DI BELLUNO (AL TELEFONO) (Servizio di <a href=\"https:\/\/antennatre.medianordest.it\/redazione\/Tiziana-Bolognani\/\">Tiziana Bolognani<\/a>)<\/p>\n<p>&nbsp;<\/p>\n<p><iframe loading=\"lazy\" title=\"GESTIONE LUPO, SI&#039; ALL&#039;EMENDAMENTO NEL DL MONTAGNA  | 02\/11\/2024\" width=\"1200\" height=\"675\" src=\"https:\/\/www.youtube.com\/embed\/wwosLGN3md0?feature=oembed\" frameborder=\"0\" allow=\"accelerometer; autoplay; clipboard-write; encrypted-media; gyroscope; picture-in-picture; web-share\" referrerpolicy=\"strict-origin-when-cross-origin\" allowfullscreen><\/iframe><\/p>\n<p>&nbsp;<\/p>\n<hr \/>\n<p>&nbsp;<\/p>\n<p><strong>LA GIUDIZIARIA OGGI<\/strong><br \/>\n<strong>IN SINTESI DAL CORRIERE DELLE ALPI<\/strong><br \/>\n<strong>GIGI SOSSO<\/strong><\/p>\n<blockquote><p><strong>condannata per truffa e diffamazione<\/strong><\/p><\/blockquote>\n<p><strong>BELLUNO\u00a0 <\/strong>Tecla De Pellegrin fingendosi funzionaria pubblica, \u00e8 stata condannata a due anni e otto mesi e a 800 euro di multa per truffa, sostituzione di persona e diffamazione. Utilizzando ruoli inesistenti, ha ingannato conoscenti, tra cui una coppia a cui ha sottratto denaro fingendo di risolvere problemi legali inesistenti. L&#8217;avvocato Giorgio Gasperin, falsamente accusato di negligenza, \u00e8 stato risarcito simbolicamente con un euro.\u00a0 La donna ha precedenti di raggiri, inclusi casi ai danni di sacerdoti e anziani.<\/p>\n<div class=\"flex max-w-full flex-col flex-grow\">\n<div class=\"min-h-8 text-message flex w-full flex-col items-end gap-2 whitespace-normal break-words [.text-message+&amp;]:mt-5\" dir=\"auto\" data-message-author-role=\"assistant\" data-message-id=\"6d1f7198-03b5-4c11-a75c-925ba7455452\" data-message-model-slug=\"gpt-4o\">\n<div class=\"flex w-full flex-col gap-1 empty:hidden first:pt-[3px]\">\n<div class=\"markdown prose w-full break-words dark:prose-invert dark\">\n<blockquote><p><strong>Lavoratore precario vince causa contro il Ministero dell&#8217;Istruzione<\/strong><\/p><\/blockquote>\n<p><strong>BELLUNO<\/strong> Un lavoratore precario di una scuola ha ottenuto una sentenza favorevole dal Tribunale di Belluno per il riconoscimento del compenso accessorio negato per contratti temporanei. Il ministero dovr\u00e0 pagare 792,82 euro, oltre a 600 euro per le spese processuali, per il periodo tra il 2018 e il 2020.<\/p>\n<\/div>\n<\/div>\n<\/div>\n<\/div>\n<p>&nbsp;<\/p>\n<div class=\"group\/conversation-turn relative flex w-full min-w-0 flex-col agent-turn\">\n<div class=\"flex-col gap-1 md:gap-3\">\n<div class=\"flex max-w-full flex-col flex-grow\">\n<div class=\"min-h-8 text-message flex w-full flex-col items-end gap-2 whitespace-normal break-words [.text-message+&amp;]:mt-5\" dir=\"auto\" data-message-author-role=\"assistant\" data-message-id=\"df3c9efb-3891-4279-a260-a7db1afe91a6\" data-message-model-slug=\"gpt-4o\">\n<div class=\"flex w-full flex-col gap-1 empty:hidden first:pt-[3px]\">\n<div class=\"markdown prose w-full break-words dark:prose-invert dark\">\n<blockquote><p><strong>Padre rifiuta remissione di querela, vuole processo per difendersi<\/strong><\/p><\/blockquote>\n<p><strong>BELLUNO<\/strong> Accusato di stalking dalla ex moglie, un padre ha rifiutato la remissione della querela per dimostrare la propria innocenza davanti alle figlie e al datore di lavoro. Pur rischiando la chiusura del caso senza conseguenze, ha chiesto il processo per confutare l&#8217;accusa, definendo tre chiamate annuali per questioni familiari insufficienti per essere considerate persecuzioni.<\/p>\n<\/div>\n<\/div>\n<\/div>\n<\/div>\n<\/div>\n<\/div>\n<p>&nbsp;<\/p>\n<p>&nbsp;<\/p>\n<hr \/>\n<p>&nbsp;<\/p>\n<p>&nbsp;<\/p>\n<blockquote><p><strong><a class=\"dt-pswp-item\" href=\"https:\/\/www.radiopiu.net\/wordpress\/wp-content\/uploads\/2024\/11\/stand-158.jpg\" data-dt-img-description=\"\" data-large_image_width=\"2048\" data-large_image_height=\"980\"><img loading=\"lazy\" decoding=\"async\" class=\"size-medium wp-image-417909 alignleft\" src=\"https:\/\/www.radiopiu.net\/wordpress\/wp-content\/uploads\/2024\/11\/stand-158-300x144.jpg\" alt=\"\" width=\"300\" height=\"144\" srcset=\"https:\/\/www.radiopiu.net\/wordpress\/wp-content\/uploads\/2024\/11\/stand-158-300x144.jpg 300w, https:\/\/www.radiopiu.net\/wordpress\/wp-content\/uploads\/2024\/11\/stand-158-1024x490.jpg 1024w, https:\/\/www.radiopiu.net\/wordpress\/wp-content\/uploads\/2024\/11\/stand-158-768x368.jpg 768w, https:\/\/www.radiopiu.net\/wordpress\/wp-content\/uploads\/2024\/11\/stand-158-1536x735.jpg 1536w, https:\/\/www.radiopiu.net\/wordpress\/wp-content\/uploads\/2024\/11\/stand-158.jpg 2048w\" sizes=\"auto, (max-width: 300px) 100vw, 300px\" \/><\/a>Arredamont 2024: Un Successo Internazionale<\/strong><\/p><\/blockquote>\n<p><strong>LONGARONE<\/strong> La fiera Arredamont a Longarone Fiere Dolomiti ha chiuso con oltre 28mila visitatori in nove giorni, provenienti da tutta Italia e dall&#8217;estero. L&#8217;evento ha visto una crescita internazionale, con presenze da Austria, Svizzera e Germania, spinte dall&#8217;imminente Milano Cortina 2026. Un caso curioso ha coinvolto una coppia dalla Florida, venuta per ristrutturare una casa nel Trevigiano con arredi su misura. Il presidente Michele Dal Farra ha sottolineato l&#8217;importanza di Arredamont come punto di riferimento per l&#8217;artigianato di qualit\u00e0. Concluso l&#8217;evento, Longarone Fiere si prepara ora alla Mostra Internazionale del Gelato (MIG), prevista dal 23 al 25 novembre.<\/p>\n<p>&nbsp;<\/p>\n<p>&nbsp;<\/p>\n<hr \/>\n<p>&nbsp;<\/p>\n<div class=\"flex-shrink-0 flex flex-col relative items-end\">\n<div>\n<div class=\"pt-0\">\n<div class=\"gizmo-bot-avatar flex h-8 w-8 items-center justify-center overflow-hidden rounded-full\">\n<div class=\"relative p-1 rounded-sm flex items-center justify-center bg-token-main-surface-primary text-token-text-primary h-8 w-8\"><\/div>\n<\/div>\n<\/div>\n<\/div>\n<\/div>\n<div class=\"group\/conversation-turn relative flex w-full min-w-0 flex-col agent-turn\">\n<div class=\"flex-col gap-1 md:gap-3\">\n<div class=\"flex max-w-full flex-col flex-grow\">\n<div class=\"min-h-8 text-message flex w-full flex-col items-end gap-2 whitespace-normal break-words [.text-message+&amp;]:mt-5\" dir=\"auto\" data-message-author-role=\"assistant\" data-message-id=\"d1a1e514-7600-4626-a04f-7aafb5c0e6d6\" data-message-model-slug=\"gpt-4o\">\n<div class=\"flex w-full flex-col gap-1 empty:hidden first:pt-[3px]\">\n<div class=\"markdown prose w-full break-words dark:prose-invert dark\">\n<blockquote>\n<h3><strong>Belluno Citt\u00e0 del Legno: Tradizione e Futuro<\/strong><\/h3>\n<\/blockquote>\n<p><strong>BELLUNO<\/strong> Il sindaco Oscar De Pellegrin ha inaugurato la terza edizione di \u201cBelluno Citt\u00e0 del legno\u201d, festival che celebra la tradizione e l&#8217;innovazione legate al legno, simbolo di storia, economia e sostenibilit\u00e0, coinvolgendo famiglie e turisti in laboratori, mostre e conferenze.<\/p>\n<\/div>\n<\/div>\n<\/div>\n<\/div>\n<\/div>\n<\/div>\n<p><strong>IL SINDACO OSCAR DE PELLEGRIN<\/strong><\/p>\n<p><iframe loading=\"lazy\" title=\"20241104 132337\" width=\"1200\" height=\"675\" src=\"https:\/\/www.youtube.com\/embed\/yZL5bU1h5ks?feature=oembed\" frameborder=\"0\" allow=\"accelerometer; autoplay; clipboard-write; encrypted-media; gyroscope; picture-in-picture; web-share\" referrerpolicy=\"strict-origin-when-cross-origin\" allowfullscreen><\/iframe><\/p>\n<p>&nbsp;<\/p>\n<p>&nbsp;<\/p>\n<hr \/>\n<p>&nbsp;<\/p>\n<blockquote>\n<h3>RITORNA IL CONCORSO DI DISEGNO \u201cCOD\u201d<\/h3>\n<\/blockquote>\n<p><strong><a class=\"dt-pswp-item\" href=\"https:\/\/www.radiopiu.net\/wordpress\/wp-content\/uploads\/2024\/11\/Premiati-prima-edizione.jpeg\" data-dt-img-description=\"\" data-large_image_width=\"768\" data-large_image_height=\"512\"><img loading=\"lazy\" decoding=\"async\" class=\" wp-image-417896 alignleft\" src=\"https:\/\/www.radiopiu.net\/wordpress\/wp-content\/uploads\/2024\/11\/Premiati-prima-edizione-300x200.jpeg\" alt=\"\" width=\"188\" height=\"125\" srcset=\"https:\/\/www.radiopiu.net\/wordpress\/wp-content\/uploads\/2024\/11\/Premiati-prima-edizione-300x200.jpeg 300w, https:\/\/www.radiopiu.net\/wordpress\/wp-content\/uploads\/2024\/11\/Premiati-prima-edizione.jpeg 768w\" sizes=\"auto, (max-width: 188px) 100vw, 188px\" \/><\/a>BELLUNO<\/strong> Il concorso di disegno \u201cContro ogni discriminazione\u201d (COD) torna per l\u2019anno scolastico 2024\/25, promosso dal Csv Belluno Treviso e rivolto agli studenti delle scuole secondarie di primo grado di Belluno e Treviso. L\u2019iniziativa invita a riflettere su discriminazioni e disuguaglianze, celebrando la memoria di Roberto \u201cBrio\u201d Bristot, appassionato di cinema e sociale. Gli studenti possono partecipare singolarmente o in gruppi di massimo 3, con un unico elaborato artistico che rappresenti temi di inclusione e rispetto delle diversit\u00e0. L\u2019iscrizione \u00e8 gratuita e va effettuata entro il 15 dicembre, con consegna dei lavori tra il 3 e il 7 marzo 2025. Una commissione valuter\u00e0 i lavori in base a originalit\u00e0 e aderenza al tema, con un montepremi di 700 euro in buoni per materiale didattico.<\/p>\n<p>&nbsp;<\/p>\n<p>&nbsp;<\/p>\n<hr \/>\n<p>&nbsp;<\/p>\n<p><a class=\"dt-pswp-item\" href=\"https:\/\/www.radiopiu.net\/wordpress\/wp-content\/uploads\/2024\/11\/a635bd7a-05b7-47ba-bb45-2fd190a725e1.jpg\" data-dt-img-description=\"\" data-large_image_width=\"1131\" data-large_image_height=\"1600\"><img loading=\"lazy\" decoding=\"async\" class=\"size-medium wp-image-417992 aligncenter\" src=\"https:\/\/www.radiopiu.net\/wordpress\/wp-content\/uploads\/2024\/11\/a635bd7a-05b7-47ba-bb45-2fd190a725e1-212x300.jpg\" alt=\"\" width=\"212\" height=\"300\" srcset=\"https:\/\/www.radiopiu.net\/wordpress\/wp-content\/uploads\/2024\/11\/a635bd7a-05b7-47ba-bb45-2fd190a725e1-212x300.jpg 212w, https:\/\/www.radiopiu.net\/wordpress\/wp-content\/uploads\/2024\/11\/a635bd7a-05b7-47ba-bb45-2fd190a725e1-724x1024.jpg 724w, https:\/\/www.radiopiu.net\/wordpress\/wp-content\/uploads\/2024\/11\/a635bd7a-05b7-47ba-bb45-2fd190a725e1-768x1086.jpg 768w, https:\/\/www.radiopiu.net\/wordpress\/wp-content\/uploads\/2024\/11\/a635bd7a-05b7-47ba-bb45-2fd190a725e1-1086x1536.jpg 1086w, https:\/\/www.radiopiu.net\/wordpress\/wp-content\/uploads\/2024\/11\/a635bd7a-05b7-47ba-bb45-2fd190a725e1.jpg 1131w\" sizes=\"auto, (max-width: 212px) 100vw, 212px\" \/><\/a><\/p>\n<p>&nbsp;<\/p>\n<hr \/>\n<p>&nbsp;<\/p>\n<h2><span style=\"color: #ff0000;\"><a class=\"dt-pswp-item\" href=\"https:\/\/www.radiopiu.net\/wordpress\/wp-content\/uploads\/2022\/03\/254026600_962124181039693_1306450083412456774_n.png\" data-dt-img-description=\"\" data-large_image_width=\"390\" data-large_image_height=\"300\"><img loading=\"lazy\" decoding=\"async\" class=\"wp-image-267555 alignleft\" src=\"https:\/\/www.radiopiu.net\/wordpress\/wp-content\/uploads\/2022\/03\/254026600_962124181039693_1306450083412456774_n-300x231.png\" alt=\"\" width=\"182\" height=\"140\" srcset=\"https:\/\/www.radiopiu.net\/wordpress\/wp-content\/uploads\/2022\/03\/254026600_962124181039693_1306450083412456774_n-300x231.png 300w, https:\/\/www.radiopiu.net\/wordpress\/wp-content\/uploads\/2022\/03\/254026600_962124181039693_1306450083412456774_n.png 390w\" sizes=\"auto, (max-width: 182px) 100vw, 182px\" \/><\/a>CONSIGLI COMUNALI IN AGORDINO<\/span><\/h2>\n<p><strong>SELVA DI CADORE<\/strong> Consiglio comunale convocato per gioved\u00ec alle 18:30. Tre punti da discutere tra cui l\u2019approvazione del DUP e l\u2019assemblea osrdinaria di Val Fiorentina SPA<\/p>\n<p>&nbsp;<\/p>\n<p>&nbsp;<\/p>\n<p>&nbsp;<\/p>\n<p>&nbsp;<\/p>\n<hr \/>\n<p>&nbsp;<\/p>\n<blockquote>\n<h3>A BELLUNO SI PARLA DI COSTITUZIONE E UGUAGLIANZA CON ERNESTO MARIA RUFFINI<strong>\u00a0<\/strong><\/h3>\n<\/blockquote>\n<p><strong><a class=\"dt-pswp-item\" href=\"https:\/\/www.radiopiu.net\/wordpress\/wp-content\/uploads\/2024\/11\/LHGSH.jpg\" data-dt-img-description=\"\" data-large_image_width=\"238\" data-large_image_height=\"240\"><img loading=\"lazy\" decoding=\"async\" class=\" wp-image-417878 alignleft\" src=\"https:\/\/www.radiopiu.net\/wordpress\/wp-content\/uploads\/2024\/11\/LHGSH.jpg\" alt=\"\" width=\"125\" height=\"126\" srcset=\"https:\/\/www.radiopiu.net\/wordpress\/wp-content\/uploads\/2024\/11\/LHGSH.jpg 238w, https:\/\/www.radiopiu.net\/wordpress\/wp-content\/uploads\/2024\/11\/LHGSH-150x150.jpg 150w\" sizes=\"auto, (max-width: 125px) 100vw, 125px\" \/><\/a>BELLUNO <\/strong>Ernesto Maria Ruffini sar\u00e0 a Belluno il 7 e 8 novembre per incontri sulla Costituzione e l&#8217;uguaglianza, rivolti a studenti e cittadini. L&#8217;iniziativa, organizzata dalle Scuole in Rete e altre associazioni, si concentra sul tema &#8220;Uguali per Costituzione&#8221;, titolo del libro di Ruffini, che analizza l&#8217;utopia dell&#8217;uguaglianza dal 1948 a oggi. Direttore dell&#8217;Agenzia delle Entrate dal 2017, Ruffini discuter\u00e0 argomenti come la funzione della tassazione, il bilancio dello Stato e il significato di cittadinanza. La prefazione del libro, scritta dal Presidente Mattarella, enfatizza l&#8217;importanza del concetto di uguaglianza. Per partecipare all&#8217;incontro pubblico \u00e8 richiesta la prenotazione.<\/p>\n<p>&nbsp;<\/p>\n<p>&nbsp;<\/p>\n<hr \/>\n<p>&nbsp;<\/p>\n<blockquote><p><strong><a class=\"dt-pswp-item\" href=\"https:\/\/www.radiopiu.net\/wordpress\/wp-content\/uploads\/2024\/11\/CARRARO_GIOVANNI-ph.jpg\" data-dt-img-description=\"\" data-large_image_width=\"800\" data-large_image_height=\"800\"><img loading=\"lazy\" decoding=\"async\" class=\"wp-image-417807 alignleft\" src=\"https:\/\/www.radiopiu.net\/wordpress\/wp-content\/uploads\/2024\/11\/CARRARO_GIOVANNI-ph-300x300.jpg\" alt=\"\" width=\"138\" height=\"138\" srcset=\"https:\/\/www.radiopiu.net\/wordpress\/wp-content\/uploads\/2024\/11\/CARRARO_GIOVANNI-ph-300x300.jpg 300w, https:\/\/www.radiopiu.net\/wordpress\/wp-content\/uploads\/2024\/11\/CARRARO_GIOVANNI-ph-150x150.jpg 150w, https:\/\/www.radiopiu.net\/wordpress\/wp-content\/uploads\/2024\/11\/CARRARO_GIOVANNI-ph-768x768.jpg 768w, https:\/\/www.radiopiu.net\/wordpress\/wp-content\/uploads\/2024\/11\/CARRARO_GIOVANNI-ph.jpg 800w\" sizes=\"auto, (max-width: 138px) 100vw, 138px\" \/><\/a>Serata con Giovanni Carraro: Le Prealpi tra Leggende e Storia<\/strong><\/p><\/blockquote>\n<p><strong>BORGO VALBELLUNA<\/strong> Venerd\u00ec 8 novembre, ore 20:45, presso l\u2019Auditorium S. Pietro di Mel, Borgo Valbelluna, l\u2019autore ed esploratore Giovanni Carraro guider\u00e0 il pubblico attraverso un racconto coinvolgente sulle Prealpi Bellunesi. La serata, anteprima del festival <em>Camminando, esperienze, sensazioni, emozioni<\/em>, sar\u00e0 arricchita da aneddoti, leggende medievali e storie locali, come quella della Casera Beta e del misterioso B24 schiantato nel \u201844.<\/p>\n<p>&nbsp;<\/p>\n<p>&nbsp;<\/p>\n<hr \/>\n<p>&nbsp;<\/p>\n<blockquote>\n<h3><a class=\"dt-pswp-item\" href=\"https:\/\/www.radiopiu.net\/wordpress\/wp-content\/uploads\/2024\/11\/ebda95b6-6ee3-4979-bc1b-23ad08e9ba74.jpg\" data-dt-img-description=\"\" data-large_image_width=\"1131\" data-large_image_height=\"1600\"><img loading=\"lazy\" decoding=\"async\" class=\" wp-image-417610 alignleft\" src=\"https:\/\/www.radiopiu.net\/wordpress\/wp-content\/uploads\/2024\/11\/ebda95b6-6ee3-4979-bc1b-23ad08e9ba74-212x300.jpg\" alt=\"\" width=\"95\" height=\"134\" srcset=\"https:\/\/www.radiopiu.net\/wordpress\/wp-content\/uploads\/2024\/11\/ebda95b6-6ee3-4979-bc1b-23ad08e9ba74-212x300.jpg 212w, https:\/\/www.radiopiu.net\/wordpress\/wp-content\/uploads\/2024\/11\/ebda95b6-6ee3-4979-bc1b-23ad08e9ba74-724x1024.jpg 724w, https:\/\/www.radiopiu.net\/wordpress\/wp-content\/uploads\/2024\/11\/ebda95b6-6ee3-4979-bc1b-23ad08e9ba74-768x1086.jpg 768w, https:\/\/www.radiopiu.net\/wordpress\/wp-content\/uploads\/2024\/11\/ebda95b6-6ee3-4979-bc1b-23ad08e9ba74-1086x1536.jpg 1086w, https:\/\/www.radiopiu.net\/wordpress\/wp-content\/uploads\/2024\/11\/ebda95b6-6ee3-4979-bc1b-23ad08e9ba74.jpg 1131w\" sizes=\"auto, (max-width: 95px) 100vw, 95px\" \/><\/a>IL CORO CAI DI BELLUNO FESTEGGIA 30 ANNI<\/h3>\n<\/blockquote>\n<p><strong>BELLUNO<\/strong> Il Coro CAI Belluno festeggia 30 anni con un evento speciale venerd\u00ec\u00a0 alle 20:45 al Teatro &#8220;Dino Buzzati&#8221; di Belluno. Per celebrare questo compleanno importante, il Coro sar\u00e0 accompagnato da tre musicisti di fama internazionale: la violinista Myriam Dal Don, il fisarmonicista Ivano Battiston e il pianista Giacomo Menegardi. La serata promette un intreccio di musica e coralit\u00e0 in una delle cornici culturali pi\u00f9 suggestive della citt\u00e0.<\/p>\n<p>&nbsp;<\/p>\n<hr \/>\n<p>&nbsp;<\/p>\n<p>&nbsp;<\/p>\n<a href=\"https:\/\/www.radiopiu.net\/wordpress\/wp-content\/uploads\/2024\/11\/manifesto-70-soccorso.pdf\" class=\"pdfemb-viewer\" style=\"\" data-width=\"max\" data-height=\"max\" data-toolbar=\"top\" data-toolbar-fixed=\"on\">manifesto-70 soccorso<\/a>\n<p>&nbsp;<\/p>\n<hr \/>\n<p>&nbsp;<\/p>\n<blockquote>\n<h2>Un concerto di fraternit\u00e0 a Frassen\u00e8<\/h2>\n<\/blockquote>\n<p><strong>VOLTAGO\u00a0<\/strong><\/p>\n<p><img loading=\"lazy\" decoding=\"async\" class=\"alignleft\" src=\"https:\/\/www.radiopiu.net\/wordpress\/wp-content\/uploads\/2024\/10\/20241023_095700-scaled.jpg\" width=\"219\" height=\"154\" \/>Sabato 9 novembre, la chiesa parrocchiale di Frassen\u00e8 ospiter\u00e0 un concerto speciale, organizzato come giornata di fraternit\u00e0 per i destinatari dell&#8217;attivit\u00e0 musicale, i loro familiari e amici. L&#8217;iniziativa, promossa dall&#8217;Associazione Volontari Inserimento Disabili, ha raccolto un grande entusiasmo, tanto da dover spostare l&#8217;evento dalla chiesa di Voltago a quella pi\u00f9 capiente di Frassen\u00e8. <em>&#8220;Questo appuntamento &#8211; spiega Don Fabiano Del Favero &#8211;\u00a0 non solo rappresenta un momento musicale, ma \u00e8 un&#8217;occasione per far conoscere una realt\u00e0 di inclusione e promozione umana, mostrando l&#8217;attenzione delle comunit\u00e0 cristiane verso il bene e le sue <\/em><em>diverse espressioni. Un segno tangibile di unit\u00e0 e solidariet\u00e0 in un mondo che ne ha sempre pi\u00f9 bisogno&#8221;.<\/em><\/p>\n<p>&nbsp;<\/p>\n<hr \/>\n<p>&nbsp;<\/p>\n<p>&nbsp;<\/p>\n<div class=\"mb-2 flex gap-3 empty:hidden -ml-2\">\n<div class=\"items-center justify-start rounded-xl p-1 flex\">\n<div class=\"flex items-center\">\n<div class=\"flex max-w-full flex-col flex-grow\">\n<div class=\"min-h-8 text-message flex w-full flex-col items-end gap-2 whitespace-normal break-words [.text-message+&amp;]:mt-5\" dir=\"auto\" data-message-author-role=\"assistant\" data-message-id=\"c2b1fe33-bc8b-45f1-969f-7db88566768c\" data-message-model-slug=\"gpt-4o\">\n<div class=\"flex w-full flex-col gap-1 empty:hidden first:pt-[3px]\">\n<div class=\"markdown prose w-full break-words dark:prose-invert dark\">\n<blockquote>\n<h3><a class=\"dt-pswp-item\" href=\"https:\/\/www.radiopiu.net\/wordpress\/wp-content\/uploads\/2024\/10\/Senza-nome-97.png\" data-dt-img-description=\"\" data-large_image_width=\"325\" data-large_image_height=\"208\"><img loading=\"lazy\" decoding=\"async\" class=\"size-medium wp-image-415809 alignleft\" src=\"https:\/\/www.radiopiu.net\/wordpress\/wp-content\/uploads\/2024\/10\/Senza-nome-97-300x192.png\" alt=\"\" width=\"300\" height=\"192\" srcset=\"https:\/\/www.radiopiu.net\/wordpress\/wp-content\/uploads\/2024\/10\/Senza-nome-97-300x192.png 300w, https:\/\/www.radiopiu.net\/wordpress\/wp-content\/uploads\/2024\/10\/Senza-nome-97.png 325w\" sizes=\"auto, (max-width: 300px) 100vw, 300px\" \/><\/a>LA CENA DEI COSCRITTI DEL 1974<\/h3>\n<\/blockquote>\n<p><strong>FALCADE<\/strong> Le cena della classe 1974 dei coscritti dell&#8217;<strong>Agordino<\/strong> si terr\u00e0\u00a0 sabato 30 novembre\u00a0 a Falcade, Hotel Stella Alpina. La cena e&#8217; aperta ai nati nel 1974 nei 16 comuni dell&#8217;Agordino, e sara&#8217; un&#8217;occasione di ritrovo,\u00a0 dopo tanto tempo e festeggiare il mezzo secolo.Info\u00a0 3478120853<\/p>\n<\/div>\n<\/div>\n<\/div>\n<\/div>\n<\/div>\n<\/div>\n<\/div>\n<div class=\"page-title-breadcrumbs\">\n<p>&nbsp;<\/p>\n<\/div>\n<p>&nbsp;<\/p>\n<p>&nbsp;<\/p>\n<p>&nbsp;<\/p>\n<p>&nbsp;<\/p>\n<hr \/>\n<p>&nbsp;<\/p>\n<blockquote>\n<h3><a class=\"dt-pswp-item\" href=\"https:\/\/www.radiopiu.net\/wordpress\/wp-content\/uploads\/2024\/10\/SCR-20241027-nyyf.png\" data-dt-img-description=\"\" data-large_image_width=\"1210\" data-large_image_height=\"646\"><img loading=\"lazy\" decoding=\"async\" class=\" wp-image-416654 alignleft\" src=\"https:\/\/www.radiopiu.net\/wordpress\/wp-content\/uploads\/2024\/10\/SCR-20241027-nyyf-300x160.png\" alt=\"\" width=\"193\" height=\"103\" srcset=\"https:\/\/www.radiopiu.net\/wordpress\/wp-content\/uploads\/2024\/10\/SCR-20241027-nyyf-300x160.png 300w, https:\/\/www.radiopiu.net\/wordpress\/wp-content\/uploads\/2024\/10\/SCR-20241027-nyyf-1024x547.png 1024w, https:\/\/www.radiopiu.net\/wordpress\/wp-content\/uploads\/2024\/10\/SCR-20241027-nyyf-768x410.png 768w, https:\/\/www.radiopiu.net\/wordpress\/wp-content\/uploads\/2024\/10\/SCR-20241027-nyyf.png 1210w\" sizes=\"auto, (max-width: 193px) 100vw, 193px\" \/><\/a>SOTTO IL MANTELLO, CON L&#8217;ASSOCIAZIONE CUCCHINI<\/h3>\n<\/blockquote>\n<p><strong>BELLUNO<\/strong><\/p>\n<p>DI ROBERTO BONA<\/p>\n<audio class=\"wp-audio-shortcode\" id=\"audio-417837-13\" preload=\"none\" style=\"width: 100%;\" controls=\"controls\"><source type=\"audio\/mpeg\" src=\"https:\/\/www.radiopiu.net\/wordpress\/wp-content\/uploads\/2024\/10\/BONA-SOTTO-IL-MANTELLO-CUCCHINI-SCADE-8-NOVEMBRE.mp3?_=13\" \/><a href=\"https:\/\/www.radiopiu.net\/wordpress\/wp-content\/uploads\/2024\/10\/BONA-SOTTO-IL-MANTELLO-CUCCHINI-SCADE-8-NOVEMBRE.mp3\">https:\/\/www.radiopiu.net\/wordpress\/wp-content\/uploads\/2024\/10\/BONA-SOTTO-IL-MANTELLO-CUCCHINI-SCADE-8-NOVEMBRE.mp3<\/a><\/audio>\n<p>&nbsp;<\/p>\n<hr \/>\n<p>&nbsp;<\/p>\n<blockquote>\n<h3><a class=\"dt-pswp-item\" href=\"https:\/\/www.radiopiu.net\/wordpress\/wp-content\/uploads\/2024\/10\/Teatro-de-la-Sena-1.jpeg\" data-dt-img-description=\"\" data-large_image_width=\"2048\" data-large_image_height=\"1370\"><img loading=\"lazy\" decoding=\"async\" class=\"wp-image-412574 alignleft\" src=\"https:\/\/www.radiopiu.net\/wordpress\/wp-content\/uploads\/2024\/10\/Teatro-de-la-Sena-1-300x201.jpeg\" alt=\"\" width=\"172\" height=\"115\" srcset=\"https:\/\/www.radiopiu.net\/wordpress\/wp-content\/uploads\/2024\/10\/Teatro-de-la-Sena-1-300x201.jpeg 300w, https:\/\/www.radiopiu.net\/wordpress\/wp-content\/uploads\/2024\/10\/Teatro-de-la-Sena-1-1024x685.jpeg 1024w, https:\/\/www.radiopiu.net\/wordpress\/wp-content\/uploads\/2024\/10\/Teatro-de-la-Sena-1-768x514.jpeg 768w, https:\/\/www.radiopiu.net\/wordpress\/wp-content\/uploads\/2024\/10\/Teatro-de-la-Sena-1-1536x1028.jpeg 1536w, https:\/\/www.radiopiu.net\/wordpress\/wp-content\/uploads\/2024\/10\/Teatro-de-la-Sena-1.jpeg 2048w\" sizes=\"auto, (max-width: 172px) 100vw, 172px\" \/><\/a>UN DUE TRE TURANDOT AL TEATRO DI BELLUNO<\/h3>\n<\/blockquote>\n<p><strong>DI ROBERTO BONA<\/strong><\/p>\n<audio class=\"wp-audio-shortcode\" id=\"audio-417837-14\" preload=\"none\" style=\"width: 100%;\" controls=\"controls\"><source type=\"audio\/mpeg\" src=\"https:\/\/www.radiopiu.net\/wordpress\/wp-content\/uploads\/2024\/10\/BONA-UN-DUE-TRE-TOURANDOT-SCADE-9-NOVEMBRE.mp3?_=14\" \/><a href=\"https:\/\/www.radiopiu.net\/wordpress\/wp-content\/uploads\/2024\/10\/BONA-UN-DUE-TRE-TOURANDOT-SCADE-9-NOVEMBRE.mp3\">https:\/\/www.radiopiu.net\/wordpress\/wp-content\/uploads\/2024\/10\/BONA-UN-DUE-TRE-TOURANDOT-SCADE-9-NOVEMBRE.mp3<\/a><\/audio>\n<p>&nbsp;<\/p>\n<p>&nbsp;<\/p>\n<p>&nbsp;<\/p>\n<hr \/>\n<p>&nbsp;<\/p>\n<blockquote><p><a class=\"dt-pswp-item\" href=\"https:\/\/www.radiopiu.net\/wordpress\/wp-content\/uploads\/2024\/07\/Musal-e-piazza-Luciani.jpg\" data-dt-img-description=\"MUSAL E CHIESA DI CANALE D'AGORDO\" data-large_image_width=\"2560\" data-large_image_height=\"1920\"><img loading=\"lazy\" decoding=\"async\" class=\"wp-image-399384 alignleft\" src=\"https:\/\/www.radiopiu.net\/wordpress\/wp-content\/uploads\/2024\/07\/Musal-e-piazza-Luciani-300x225.jpg\" alt=\"\" width=\"151\" height=\"113\" srcset=\"https:\/\/www.radiopiu.net\/wordpress\/wp-content\/uploads\/2024\/07\/Musal-e-piazza-Luciani-300x225.jpg 300w, https:\/\/www.radiopiu.net\/wordpress\/wp-content\/uploads\/2024\/07\/Musal-e-piazza-Luciani-1024x768.jpg 1024w, https:\/\/www.radiopiu.net\/wordpress\/wp-content\/uploads\/2024\/07\/Musal-e-piazza-Luciani-768x576.jpg 768w, https:\/\/www.radiopiu.net\/wordpress\/wp-content\/uploads\/2024\/07\/Musal-e-piazza-Luciani-1536x1152.jpg 1536w, https:\/\/www.radiopiu.net\/wordpress\/wp-content\/uploads\/2024\/07\/Musal-e-piazza-Luciani-2048x1536.jpg 2048w\" sizes=\"auto, (max-width: 151px) 100vw, 151px\" \/><\/a><\/p>\n<h3>UFFICIO PROLOCO DI CANALE D&#8217;AGORDO CHIUSO<\/h3>\n<\/blockquote>\n<p><strong>CANALE D&#8217;AGORDO <\/strong>Nel mese di novembre l&#8217;ufficio Pro Loco di Canale d&#8217;Agordo sar\u00e0 CHIUSO e che il Museo e la Casa natale del beato Papa Giovanni Paolo I saranno aperti su prenotazione per gruppi di almeno 25 persone.<\/p>\n<p>&nbsp;<\/p>\n<p>&nbsp;<\/p>\n<hr \/>\n<p>&nbsp;<\/p>\n<blockquote>\n<h3><a class=\"dt-pswp-item\" href=\"https:\/\/www.radiopiu.net\/wordpress\/wp-content\/uploads\/2024\/10\/boheme-3.jpg\" data-dt-img-description=\"\" data-large_image_width=\"1600\" data-large_image_height=\"1200\"><img loading=\"lazy\" decoding=\"async\" class=\" wp-image-416862 alignleft\" src=\"https:\/\/www.radiopiu.net\/wordpress\/wp-content\/uploads\/2024\/10\/boheme-3-300x225.jpg\" alt=\"\" width=\"148\" height=\"111\" srcset=\"https:\/\/www.radiopiu.net\/wordpress\/wp-content\/uploads\/2024\/10\/boheme-3-300x225.jpg 300w, https:\/\/www.radiopiu.net\/wordpress\/wp-content\/uploads\/2024\/10\/boheme-3-1024x768.jpg 1024w, https:\/\/www.radiopiu.net\/wordpress\/wp-content\/uploads\/2024\/10\/boheme-3-768x576.jpg 768w, https:\/\/www.radiopiu.net\/wordpress\/wp-content\/uploads\/2024\/10\/boheme-3-1536x1152.jpg 1536w, https:\/\/www.radiopiu.net\/wordpress\/wp-content\/uploads\/2024\/10\/boheme-3.jpg 1600w\" sizes=\"auto, (max-width: 148px) 100vw, 148px\" \/><\/a>MERCOLEDI LA BOHEME AL TEATRO DINO BUZZATI DI BELLUNO<\/h3>\n<\/blockquote>\n<p><strong>BELLUNO<\/strong> E&#8217; stato presentato lo spettacolo La Boheme che mercoled\u00ec andr\u00e0 in scena al teatro Dino Buzzati di Belluno. alle 19:30.<\/p>\n<p>&nbsp;<\/p>\n<p>&nbsp;<\/p>\n<p><strong>IL REGISTA ORLIN ANASTASSOV<\/strong><\/p>\n<audio class=\"wp-audio-shortcode\" id=\"audio-417837-15\" preload=\"none\" style=\"width: 100%;\" controls=\"controls\"><source type=\"audio\/mpeg\" src=\"https:\/\/www.radiopiu.net\/wordpress\/wp-content\/uploads\/2024\/10\/Regista-Orlin-Anastassov.mp3?_=15\" \/><a href=\"https:\/\/www.radiopiu.net\/wordpress\/wp-content\/uploads\/2024\/10\/Regista-Orlin-Anastassov.mp3\">https:\/\/www.radiopiu.net\/wordpress\/wp-content\/uploads\/2024\/10\/Regista-Orlin-Anastassov.mp3<\/a><\/audio>\n<p>&nbsp;<\/p>\n<p><strong>L&#8217;ASSESSORE ALLA CULTURA DEL COMUNE DI BELLUNO RAFFAELE ADDAMIANO<\/strong><\/p>\n<audio class=\"wp-audio-shortcode\" id=\"audio-417837-16\" preload=\"none\" style=\"width: 100%;\" controls=\"controls\"><source type=\"audio\/mpeg\" src=\"https:\/\/www.radiopiu.net\/wordpress\/wp-content\/uploads\/2024\/10\/Assessore-cultura-Addamiano.mp3?_=16\" \/><a href=\"https:\/\/www.radiopiu.net\/wordpress\/wp-content\/uploads\/2024\/10\/Assessore-cultura-Addamiano.mp3\">https:\/\/www.radiopiu.net\/wordpress\/wp-content\/uploads\/2024\/10\/Assessore-cultura-Addamiano.mp3<\/a><\/audio>\n<p>&nbsp;<\/p>\n<p>&nbsp;<\/p>\n<hr \/>\n<p>&nbsp;<\/p>\n<blockquote>\n<h2>&#8220;Autunno a Trichiana&#8221; al Cinema San Felice<\/h2>\n<\/blockquote>\n<p><strong><a class=\"dt-pswp-item\" href=\"https:\/\/www.radiopiu.net\/wordpress\/wp-content\/uploads\/2024\/11\/Pro-Loco-Trichiana-evento.jpg\" data-dt-img-description=\"\" data-large_image_width=\"2048\" data-large_image_height=\"922\"><img loading=\"lazy\" decoding=\"async\" class=\"size-medium wp-image-417940 alignleft\" src=\"https:\/\/www.radiopiu.net\/wordpress\/wp-content\/uploads\/2024\/11\/Pro-Loco-Trichiana-evento-300x135.jpg\" alt=\"\" width=\"300\" height=\"135\" srcset=\"https:\/\/www.radiopiu.net\/wordpress\/wp-content\/uploads\/2024\/11\/Pro-Loco-Trichiana-evento-300x135.jpg 300w, https:\/\/www.radiopiu.net\/wordpress\/wp-content\/uploads\/2024\/11\/Pro-Loco-Trichiana-evento-1024x461.jpg 1024w, https:\/\/www.radiopiu.net\/wordpress\/wp-content\/uploads\/2024\/11\/Pro-Loco-Trichiana-evento-768x346.jpg 768w, https:\/\/www.radiopiu.net\/wordpress\/wp-content\/uploads\/2024\/11\/Pro-Loco-Trichiana-evento-1536x692.jpg 1536w, https:\/\/www.radiopiu.net\/wordpress\/wp-content\/uploads\/2024\/11\/Pro-Loco-Trichiana-evento.jpg 2048w\" sizes=\"auto, (max-width: 300px) 100vw, 300px\" \/><\/a>TRICHIANA<\/strong><\/p>\n<div class=\"flex max-w-full flex-col flex-grow\">\n<div class=\"min-h-8 text-message flex w-full flex-col items-end gap-2 whitespace-normal break-words [.text-message+&amp;]:mt-5\" dir=\"auto\" data-message-author-role=\"assistant\" data-message-id=\"c3d47f35-dbf0-420d-bed1-ce0eab660a3f\" data-message-model-slug=\"gpt-4o-mini\">\n<div class=\"flex w-full flex-col gap-1 empty:hidden first:pt-[3px]\">\n<div class=\"markdown prose w-full break-words dark:prose-invert dark\">\n<p>A novembre, la Pro Loco di Trichiana presenta la 36esima edizione di &#8220;Autunno a Trichiana&#8221;, con quattro serate tematiche al Cinema San Felice, sempre alle 20.45 e ingresso libero. Si parte il 9 novembre con Alessandro Ba\u00f9, alpinista e storyteller, che parler\u00e0 di sogni e avventure. Il 16 novembre, Alex Bellini, esploratore e divulgatore ambientale, condivider\u00e0 esperienze di viaggio e riflessioni su inquinamento e cambiamento climatico, con un contributo di 5 euro. Il 23 novembre, Giulia Baroncini e Ilenia Zaccaro racconteranno le loro avventure ciclistiche. Infine, il 28 novembre, Filippo Felici esplorer\u00e0 il mondo sotterraneo in &#8220;Le terre lontane&#8221;. La rassegna promuove un\u2019idea di avventura diversificata e coinvolgente.<\/p>\n<p>&nbsp;<\/p>\n<p>&nbsp;<\/p>\n<hr \/>\n<p>&nbsp;<\/p>\n<blockquote>\n<h3><\/h3>\n<h3><strong><a class=\"dt-pswp-item\" href=\"https:\/\/www.radiopiu.net\/wordpress\/wp-content\/uploads\/2024\/11\/Senza-nome-9.png\" data-dt-img-description=\"\" data-large_image_width=\"192\" data-large_image_height=\"246\"><img loading=\"lazy\" decoding=\"async\" class=\"wp-image-417941 alignleft\" src=\"https:\/\/www.radiopiu.net\/wordpress\/wp-content\/uploads\/2024\/11\/Senza-nome-9.png\" alt=\"\" width=\"99\" height=\"127\" \/><\/a>\u201cSpazio 32026\u201d a Borgo Valbelluna: un nuovo punto di ritrovo per i giovani<\/strong><\/h3>\n<\/blockquote>\n<p><strong>BORGO VALBELLUNA<\/strong> Dal 18 novembre, l\u2019Amministrazione Comunale di Borgo Valbelluna, insieme a Societ\u00e0 Nuova, inaugura \u201cSpazio 32026\u201d, uno spazio pomeridiano per studenti delle scuole secondarie di primo grado. Situato al Palazzo delle Contesse, offre supporto compiti e attivit\u00e0 scelte dai ragazzi, aiutati da educatori. Obiettivo: promuovere autonomia, creativit\u00e0 e gestione delle emozioni.<\/p>\n<\/div>\n<\/div>\n<\/div>\n<\/div>\n<div class=\"mb-2 flex gap-3 empty:hidden -ml-2\">\n<div class=\"items-center justify-start rounded-xl p-1 flex\">\n<div class=\"flex items-center\">\n<p>&nbsp;<\/p>\n<div class=\"flex\"><\/div>\n<div class=\"flex items-center pb-0\"><\/div>\n<\/div>\n<\/div>\n<\/div>\n<p>&nbsp;<\/p>\n<hr \/>\n<p>&nbsp;<\/p>\n<h2><span style=\"color: #ff6600;\">IERI ALLA RADIO\u00a0\u00a0<\/span><\/h2>\n<div class=\"page-title-head hgroup\">\n<h1 class=\"entry-title\">DAL MONTE PELMO ALL\u2019ETNA CON STEFANO, PAOLO\u2026 E RADIOPIU\u2019<\/h1>\n<\/div>\n<p><strong><img loading=\"lazy\" decoding=\"async\" class=\"alignleft\" src=\"https:\/\/www.radiopiu.net\/wordpress\/wp-content\/uploads\/2024\/11\/e9de0eb5-6ad4-44cb-9437-800fde952319.jpg\" width=\"242\" height=\"169\" \/>PUNTATA 10 &#8211; 04 11 2024<\/strong><\/p>\n<p><strong>AUDIO STEFANO BORTOLOT\u00a0<\/strong><\/p>\n<audio class=\"wp-audio-shortcode\" id=\"audio-417837-17\" preload=\"none\" style=\"width: 100%;\" controls=\"controls\"><source type=\"audio\/mpeg\" src=\"https:\/\/www.radiopiu.net\/wordpress\/wp-content\/uploads\/2024\/11\/bortolot-lunedi.mp3?_=17\" \/><a href=\"https:\/\/www.radiopiu.net\/wordpress\/wp-content\/uploads\/2024\/11\/bortolot-lunedi.mp3\">https:\/\/www.radiopiu.net\/wordpress\/wp-content\/uploads\/2024\/11\/bortolot-lunedi.mp3<\/a><\/audio>\n<p>&nbsp;<\/p>\n<p><strong>LA RACCOLTA COMPLETA<\/strong><\/p>\n<blockquote class=\"wp-embedded-content\" data-secret=\"NaoGLMT9BQ\"><p><a href=\"https:\/\/www.radiopiu.net\/wordpress\/dal-monte-pelmo-alletna-con-stefano-paolo-e-radiopiu-10\/\">DAL MONTE PELMO ALL&#8217;ETNA CON STEFANO, PAOLO&#8230; E RADIOPIU&#8217;<\/a><\/p><\/blockquote>\n<p><iframe loading=\"lazy\" class=\"wp-embedded-content\" sandbox=\"allow-scripts\" security=\"restricted\" style=\"position: absolute; visibility: hidden;\" title=\"&#8220;DAL MONTE PELMO ALL&#8217;ETNA CON STEFANO, PAOLO&#8230; E RADIOPIU&#8217;&#8221; &#8212; Radio Pi\u00f9\" src=\"https:\/\/www.radiopiu.net\/wordpress\/dal-monte-pelmo-alletna-con-stefano-paolo-e-radiopiu-10\/embed\/#?secret=Uu8hpq3jaD#?secret=NaoGLMT9BQ\" data-secret=\"NaoGLMT9BQ\" width=\"600\" height=\"338\" frameborder=\"0\" marginwidth=\"0\" marginheight=\"0\" scrolling=\"no\"><\/iframe><\/p>\n<p>&nbsp;<\/p>\n<h2><span style=\"color: #000080;\">RITRATTI SONORI, IL PROGRAMMA DI ALESSIA DALL&#8217;O&#8217;<\/span><\/h2>\n<p><span style=\"color: #ff0000;\"><strong><a class=\"dt-pswp-item\" href=\"https:\/\/www.radiopiu.net\/wordpress\/wp-content\/uploads\/2024\/10\/75ae8f8e-4bb6-4a3a-a960-06370ed3b6f6-scaled.jpg\" data-dt-img-description=\"\" data-large_image_width=\"2560\" data-large_image_height=\"1920\"><img loading=\"lazy\" decoding=\"async\" class=\" wp-image-417857 alignleft\" src=\"https:\/\/www.radiopiu.net\/wordpress\/wp-content\/uploads\/2024\/10\/75ae8f8e-4bb6-4a3a-a960-06370ed3b6f6-300x225.jpg\" alt=\"\" width=\"155\" height=\"116\" srcset=\"https:\/\/www.radiopiu.net\/wordpress\/wp-content\/uploads\/2024\/10\/75ae8f8e-4bb6-4a3a-a960-06370ed3b6f6-300x225.jpg 300w, https:\/\/www.radiopiu.net\/wordpress\/wp-content\/uploads\/2024\/10\/75ae8f8e-4bb6-4a3a-a960-06370ed3b6f6-1024x768.jpg 1024w, https:\/\/www.radiopiu.net\/wordpress\/wp-content\/uploads\/2024\/10\/75ae8f8e-4bb6-4a3a-a960-06370ed3b6f6-768x576.jpg 768w, https:\/\/www.radiopiu.net\/wordpress\/wp-content\/uploads\/2024\/10\/75ae8f8e-4bb6-4a3a-a960-06370ed3b6f6-1536x1152.jpg 1536w, https:\/\/www.radiopiu.net\/wordpress\/wp-content\/uploads\/2024\/10\/75ae8f8e-4bb6-4a3a-a960-06370ed3b6f6-2048x1536.jpg 2048w\" sizes=\"auto, (max-width: 155px) 100vw, 155px\" \/><\/a>PUNTATA 02 &#8211; ANDREA GRIGOLETTO<\/strong><\/span><\/p>\n<p>PRIMA PARTE<\/p>\n<audio class=\"wp-audio-shortcode\" id=\"audio-417837-18\" preload=\"none\" style=\"width: 100%;\" controls=\"controls\"><source type=\"audio\/mpeg\" src=\"https:\/\/www.radiopiu.net\/wordpress\/wp-content\/uploads\/2024\/10\/RF1-2.mp3?_=18\" \/><a href=\"https:\/\/www.radiopiu.net\/wordpress\/wp-content\/uploads\/2024\/10\/RF1-2.mp3\">https:\/\/www.radiopiu.net\/wordpress\/wp-content\/uploads\/2024\/10\/RF1-2.mp3<\/a><\/audio>\n<p>&nbsp;<\/p>\n<p>SECONDA PARTE<\/p>\n<audio class=\"wp-audio-shortcode\" id=\"audio-417837-19\" preload=\"none\" style=\"width: 100%;\" controls=\"controls\"><source type=\"audio\/mpeg\" src=\"https:\/\/www.radiopiu.net\/wordpress\/wp-content\/uploads\/2024\/10\/RF2-2.mp3?_=19\" \/><a href=\"https:\/\/www.radiopiu.net\/wordpress\/wp-content\/uploads\/2024\/10\/RF2-2.mp3\">https:\/\/www.radiopiu.net\/wordpress\/wp-content\/uploads\/2024\/10\/RF2-2.mp3<\/a><\/audio>\n<p>&nbsp;<\/p>\n<p>TERZA PARTE<\/p>\n<audio class=\"wp-audio-shortcode\" id=\"audio-417837-20\" preload=\"none\" style=\"width: 100%;\" controls=\"controls\"><source type=\"audio\/mpeg\" src=\"https:\/\/www.radiopiu.net\/wordpress\/wp-content\/uploads\/2024\/10\/RF3-2.mp3?_=20\" \/><a href=\"https:\/\/www.radiopiu.net\/wordpress\/wp-content\/uploads\/2024\/10\/RF3-2.mp3\">https:\/\/www.radiopiu.net\/wordpress\/wp-content\/uploads\/2024\/10\/RF3-2.mp3<\/a><\/audio>\n<p>&nbsp;<\/p>\n<h2>LA RACCOLTA COMPLETA <a href=\"https:\/\/www.radiopiu.net\/wordpress\/ritratti-sonori-il-programma-di-alessia-dallo-la-raccolta\/\"><span style=\"color: #3366ff;\">CLICCA QUI<\/span><\/a><\/h2>\n<p>&nbsp;<\/p>\n<hr \/>\n<p>&nbsp;<\/p>\n<h2><span style=\"color: #ff0000;\">OGGI COME IERI di e con SILVIA BALDO<\/span><\/h2>\n<p><img decoding=\"async\" class=\"aligncenter\" src=\"https:\/\/www.radiopiu.net\/wordpress\/wp-content\/uploads\/2023\/09\/309000774_10222572118595513_7956305457803922499_n.jpg\" \/><\/p>\n<p><strong>\u00a0 \u00a0 \u00a0 \u00a0<\/strong><\/p>\n<p><strong>\u00a0 \u00a0 \u00a0 \u00a0<\/strong><\/p>\n<p><strong>PUNTATA DEL 04 NOVEMBRE<\/strong><\/p>\n<audio class=\"wp-audio-shortcode\" id=\"audio-417837-21\" preload=\"none\" style=\"width: 100%;\" controls=\"controls\"><source type=\"audio\/mpeg\" src=\"https:\/\/www.radiopiu.net\/wordpress\/wp-content\/uploads\/2024\/11\/SIBI.mp3?_=21\" \/><a href=\"https:\/\/www.radiopiu.net\/wordpress\/wp-content\/uploads\/2024\/11\/SIBI.mp3\">https:\/\/www.radiopiu.net\/wordpress\/wp-content\/uploads\/2024\/11\/SIBI.mp3<\/a><\/audio>\n<p>&nbsp;<\/p>\n<h2>LA RACCOLTA COMPLETA <a href=\"https:\/\/www.radiopiu.net\/wordpress\/alle-nove-oggi-come-ieri-di-e-con-silvia-baldo\/\"><span style=\"color: #3366ff;\">CLICCA QUI<\/span><\/a><\/h2>\n<p>&nbsp;<\/p>\n<hr \/>\n<p>&nbsp;<\/p>\n<h2><a class=\"dt-pswp-item\" href=\"https:\/\/www.radiopiu.net\/wordpress\/wp-content\/uploads\/2024\/11\/005fbee8-23eb-d0ae-3760-e1d71e862366.jpg\" data-dt-img-description=\"Close up of different x-ray images on the table\" data-large_image_width=\"800\" data-large_image_height=\"445\"><img loading=\"lazy\" decoding=\"async\" class=\"wp-image-417847 alignleft\" src=\"https:\/\/www.radiopiu.net\/wordpress\/wp-content\/uploads\/2024\/11\/005fbee8-23eb-d0ae-3760-e1d71e862366-300x167.jpg\" alt=\"\" width=\"169\" height=\"94\" srcset=\"https:\/\/www.radiopiu.net\/wordpress\/wp-content\/uploads\/2024\/11\/005fbee8-23eb-d0ae-3760-e1d71e862366-300x167.jpg 300w, https:\/\/www.radiopiu.net\/wordpress\/wp-content\/uploads\/2024\/11\/005fbee8-23eb-d0ae-3760-e1d71e862366-768x427.jpg 768w, https:\/\/www.radiopiu.net\/wordpress\/wp-content\/uploads\/2024\/11\/005fbee8-23eb-d0ae-3760-e1d71e862366.jpg 800w\" sizes=\"auto, (max-width: 169px) 100vw, 169px\" \/><\/a><span style=\"color: #00ccff;\">SALUTE E SOCIETA&#8217;<\/span><\/h2>\n<p><strong>Ortopedia e Traumatologia <\/strong>Intelligenza artificiale, chirurgia robotica e medicina rigenerativa: sono alcuni dei temi affrontati durante 107\u00b0 Congresso Nazionale della Societ\u00e0 Italiana di Ortopedia e Traumatologia, SIOT, nei giorni scorsi a Roma.<\/p>\n<p><strong>PUNTATA DEL 04 NOVEMBRE 2024<\/strong><\/p>\n<audio class=\"wp-audio-shortcode\" id=\"audio-417837-22\" preload=\"none\" style=\"width: 100%;\" controls=\"controls\"><source type=\"audio\/mpeg\" src=\"https:\/\/www.radiopiu.net\/wordpress\/wp-content\/uploads\/2024\/11\/SALUTE.mp3?_=22\" \/><a href=\"https:\/\/www.radiopiu.net\/wordpress\/wp-content\/uploads\/2024\/11\/SALUTE.mp3\">https:\/\/www.radiopiu.net\/wordpress\/wp-content\/uploads\/2024\/11\/SALUTE.mp3<\/a><\/audio>\n<p>&nbsp;<\/p>\n<hr \/>\n<p>&nbsp;<\/p>\n<h2><span style=\"color: #800080;\">&#8230;QUANDO IL VINO RACCONTA, CON LA SOMMELIER DIANA ZERILLI<\/span><\/h2>\n<p><span style=\"color: #ff0000;\"><strong><a class=\"dt-pswp-item\" href=\"https:\/\/www.radiopiu.net\/wordpress\/wp-content\/uploads\/2024\/10\/3e4db042-22e4-42e9-a7ce-57df4aad44ea.jpg\" data-dt-img-description=\"\" data-large_image_width=\"408\" data-large_image_height=\"408\"><img loading=\"lazy\" decoding=\"async\" class=\"wp-image-417810 alignleft\" src=\"https:\/\/www.radiopiu.net\/wordpress\/wp-content\/uploads\/2024\/10\/3e4db042-22e4-42e9-a7ce-57df4aad44ea-300x300.jpg\" alt=\"\" width=\"168\" height=\"168\" srcset=\"https:\/\/www.radiopiu.net\/wordpress\/wp-content\/uploads\/2024\/10\/3e4db042-22e4-42e9-a7ce-57df4aad44ea-300x300.jpg 300w, https:\/\/www.radiopiu.net\/wordpress\/wp-content\/uploads\/2024\/10\/3e4db042-22e4-42e9-a7ce-57df4aad44ea-150x150.jpg 150w, https:\/\/www.radiopiu.net\/wordpress\/wp-content\/uploads\/2024\/10\/3e4db042-22e4-42e9-a7ce-57df4aad44ea.jpg 408w\" sizes=\"auto, (max-width: 168px) 100vw, 168px\" \/><\/a>PUNTATA 6<\/strong><\/span><\/p>\n<p>In Piemonte a Rodello di Cuneo con il Barbera&#8230;<\/p>\n<audio class=\"wp-audio-shortcode\" id=\"audio-417837-23\" preload=\"none\" style=\"width: 100%;\" controls=\"controls\"><source type=\"audio\/wav\" src=\"https:\/\/www.radiopiu.net\/wordpress\/wp-content\/uploads\/2024\/10\/DIANAAA.wav?_=23\" \/><a href=\"https:\/\/www.radiopiu.net\/wordpress\/wp-content\/uploads\/2024\/10\/DIANAAA.wav\">https:\/\/www.radiopiu.net\/wordpress\/wp-content\/uploads\/2024\/10\/DIANAAA.wav<\/a><\/audio>\n<p>&nbsp;<\/p>\n<h2>LA RACCOLTA COMPLETA <span style=\"color: #3366ff;\">CLICCA QUI<\/span><\/h2>\n<p>&nbsp;<\/p>\n<hr \/>\n<p>&nbsp;<\/p>\n<h2><span style=\"color: #ffcc00;\"><a class=\"dt-pswp-item\" href=\"https:\/\/www.radiopiu.net\/wordpress\/wp-content\/uploads\/2021\/02\/RADIO-A-VALVOLE.jpg\" data-dt-img-description=\"\" data-large_image_width=\"1920\" data-large_image_height=\"1205\"><img loading=\"lazy\" decoding=\"async\" class=\"wp-image-191145 alignleft\" src=\"https:\/\/www.radiopiu.net\/wordpress\/wp-content\/uploads\/2021\/02\/RADIO-A-VALVOLE-300x188.jpg\" alt=\"\" width=\"169\" height=\"106\" srcset=\"https:\/\/www.radiopiu.net\/wordpress\/wp-content\/uploads\/2021\/02\/RADIO-A-VALVOLE-300x188.jpg 300w, https:\/\/www.radiopiu.net\/wordpress\/wp-content\/uploads\/2021\/02\/RADIO-A-VALVOLE-1024x643.jpg 1024w, https:\/\/www.radiopiu.net\/wordpress\/wp-content\/uploads\/2021\/02\/RADIO-A-VALVOLE-768x482.jpg 768w, https:\/\/www.radiopiu.net\/wordpress\/wp-content\/uploads\/2021\/02\/RADIO-A-VALVOLE-1536x964.jpg 1536w, https:\/\/www.radiopiu.net\/wordpress\/wp-content\/uploads\/2021\/02\/RADIO-A-VALVOLE.jpg 1920w\" sizes=\"auto, (max-width: 169px) 100vw, 169px\" \/><\/a>EMOZIONE CONTINUA&#8230;100 ANNI DI PASSIONE RACCONTATI ALLA RADIO<\/span><\/h2>\n<p><span style=\"color: #ff00ff;\"><strong>PUNTATA 20 ULTIMA PUNTATA<\/strong><\/span><\/p>\n<audio class=\"wp-audio-shortcode\" id=\"audio-417837-24\" preload=\"none\" style=\"width: 100%;\" controls=\"controls\"><source type=\"audio\/mpeg\" src=\"https:\/\/www.radiopiu.net\/wordpress\/wp-content\/uploads\/2024\/11\/PL1.mp3?_=24\" \/><a href=\"https:\/\/www.radiopiu.net\/wordpress\/wp-content\/uploads\/2024\/11\/PL1.mp3\">https:\/\/www.radiopiu.net\/wordpress\/wp-content\/uploads\/2024\/11\/PL1.mp3<\/a><\/audio>\n<p>&nbsp;<\/p>\n<h2>LA RACCOLTA COMPLETA <a href=\"https:\/\/www.radiopiu.net\/wordpress\/emozione-continua-100-anni-di-passione-raccontati-alla-radio-la-raccolta\/\"><span style=\"color: #3366ff;\">CLICCA QUI<\/span><\/a><\/h2>\n<p>&nbsp;<\/p>\n<hr \/>\n<p>&nbsp;<\/p>\n<h2><span style=\"color: #99cc00;\">I RACCONTI DI PAOLO SOPPELSA<\/span><\/h2>\n<p><strong>GIORNI D&#8217;AUTUNNO<\/strong><\/p>\n<p><strong>AUDIO<\/strong><\/p>\n<audio class=\"wp-audio-shortcode\" id=\"audio-417837-25\" preload=\"none\" style=\"width: 100%;\" controls=\"controls\"><source type=\"audio\/mpeg\" src=\"https:\/\/www.radiopiu.net\/wordpress\/wp-content\/uploads\/2024\/11\/PAOLOS.mp3?_=25\" \/><a href=\"https:\/\/www.radiopiu.net\/wordpress\/wp-content\/uploads\/2024\/11\/PAOLOS.mp3\">https:\/\/www.radiopiu.net\/wordpress\/wp-content\/uploads\/2024\/11\/PAOLOS.mp3<\/a><\/audio>\n<p>&nbsp;<\/p>\n<p><a class=\"dt-pswp-item\" href=\"https:\/\/www.radiopiu.net\/wordpress\/wp-content\/uploads\/2024\/11\/96caa728-b52d-439e-b5ca-d0e1f2cdd834.jpg\" data-dt-img-description=\"\" data-large_image_width=\"1600\" data-large_image_height=\"1200\"><img loading=\"lazy\" decoding=\"async\" class=\" wp-image-417686 alignleft\" src=\"https:\/\/www.radiopiu.net\/wordpress\/wp-content\/uploads\/2024\/11\/96caa728-b52d-439e-b5ca-d0e1f2cdd834-300x225.jpg\" alt=\"\" width=\"172\" height=\"129\" srcset=\"https:\/\/www.radiopiu.net\/wordpress\/wp-content\/uploads\/2024\/11\/96caa728-b52d-439e-b5ca-d0e1f2cdd834-300x225.jpg 300w, https:\/\/www.radiopiu.net\/wordpress\/wp-content\/uploads\/2024\/11\/96caa728-b52d-439e-b5ca-d0e1f2cdd834-1024x768.jpg 1024w, https:\/\/www.radiopiu.net\/wordpress\/wp-content\/uploads\/2024\/11\/96caa728-b52d-439e-b5ca-d0e1f2cdd834-768x576.jpg 768w, https:\/\/www.radiopiu.net\/wordpress\/wp-content\/uploads\/2024\/11\/96caa728-b52d-439e-b5ca-d0e1f2cdd834-1536x1152.jpg 1536w, https:\/\/www.radiopiu.net\/wordpress\/wp-content\/uploads\/2024\/11\/96caa728-b52d-439e-b5ca-d0e1f2cdd834.jpg 1600w\" sizes=\"auto, (max-width: 172px) 100vw, 172px\" \/><\/a>Quelle lancette d\u2019orologio, che all&#8217;inizio dell&#8217;ultima domenica d&#8217;ottobre si spostano indietro di un&#8217;ora, annunciano l&#8217;arrivo del profondo autunno. Quella particolare domenica vede un&#8217;alba in anticipo, e alla sera la campana grande che per la prima volta suona l&#8217;Ave Maria alle diciannove; a quel tempo la notte \u00e8 scesa sui paesi da oltre un&#8217;ora ed \u00e8 quasi terminato il decimo mese, quello delle mele e del mosto. Si presenta il tempo malinconico dei Sant e dei Mort, quello dei cimiteri tirati a lucido, delle foglie dei faggi che volteggiano nell&#8217;aria, dei larici che vanno ingiallendo e forse della prima brina sui prati. Durante quella domenica mattina di fine ottobre guardavo dalla finestra mentre attendevo il suono delle tre campane che annunciavano la Messa, osservavo l&#8217;orizzonte sud ritrovando quell&#8217; atmosfera quieta di un tempo che fu. Erano attimi struggenti che sapevano di allora, di quando c&#8217;eravamo ancora tutti e dai Santi si iniziava a respirare un&#8217;aria di quasi inverno. A quei tempi, la brina che al mattino ricopriva le auto l\u2019asfalto e i tetti, era certezza; bianco di brosa e a volte azzurro limpido del cielo, giallo dei larici e rossiccio dei faggi, erano questi i colori che l&#8217;autunno presentava a me, bambino intirizzito che osservava dalla finestra mentre attendeva l\u2019ardere del fuoco nella cucina economica. Alle dieci, il suono potente delle campane rompeva per quattro minuti la quiete solenne di quella mattina di persone che si recavano al cimitero in riva al Cordevole, dove il sole sarebbe arrivato ad illuminare le tombe solamente a mattino inoltrato. Alle dieci e mezza erano cappotti pesanti che entravano in chiesa e camini che fumavano all&#8217;unisono, era la passeggiata con il cane lungo quelle strade candide di gelida brina. Qualche volta, invece, quel tempo di met\u00e0 autunno chiamava neve. Era cielo grigio e severo come il giorno dei Morti, era vento che sapeva entrare nelle ossa e spegnere i lumini posati sulle lapidi rinnovate. In quei giorni uggiosi, freddi e umidi, l&#8217;autunno sembrava voler cedere momentaneamente il passo al giovane inverno che gi\u00e0 bussava alla porta della valle. Erano nuvole che scendevano fino a lambire i tetti delle case delle frazioni alte, era la prima neve che imbiancava il paese situato all&#8217;incrocio delle strade e delle acque. Cos\u00ec, un&#8217;alba stanca di quei primi giorni del mese triste, avrebbe presentato agli uomini il primo sussulto di un inverno che, di l\u00ec a qualche settimana, avrebbe spogliato i larici e messo definitivamente a riposo la terra. Era scesa la prima neve a bassa quota e si era poggiata sulle foglie dei faggi ancora aggrappate ai loro rami, aveva piegato le fronde sempreverdi degli abeti ed era entrata nelle vite di quegli uomini di montagna che ora accendevano le stufe prima del sorgere del sole. Quelle lancette d\u2019orologio scivolate indietro di un&#8217;ora chiamavano attimi gi\u00e0 vissuti, ricordavano voci e visi che non ci sono pi\u00f9 e riportavano a quel tempo quieto e semplice di allora, di quando dai Santi si iniziavano ad ascoltare i primi vagiti della stagione dei freddi silenzi.<\/p>\n<p>&nbsp;<\/p>\n<hr \/>\n<p>&nbsp;<\/p>\n<h2><span style=\"color: #ff0000;\"><a class=\"dt-pswp-item\" href=\"https:\/\/www.radiopiu.net\/wordpress\/wp-content\/uploads\/2018\/09\/appuntamenti.jpeg\" data-dt-img-description=\"\" data-large_image_width=\"800\" data-large_image_height=\"100\"><img loading=\"lazy\" decoding=\"async\" class=\"wp-image-61958 size-full aligncenter\" src=\"https:\/\/www.radiopiu.net\/wordpress\/wp-content\/uploads\/2018\/09\/appuntamenti.jpeg\" alt=\"\" width=\"800\" height=\"100\" srcset=\"https:\/\/www.radiopiu.net\/wordpress\/wp-content\/uploads\/2018\/09\/appuntamenti.jpeg 800w, https:\/\/www.radiopiu.net\/wordpress\/wp-content\/uploads\/2018\/09\/appuntamenti-300x38.jpeg 300w, https:\/\/www.radiopiu.net\/wordpress\/wp-content\/uploads\/2018\/09\/appuntamenti-768x96.jpeg 768w\" sizes=\"auto, (max-width: 800px) 100vw, 800px\" \/><\/a><\/span><\/h2>\n<p>&nbsp;<\/p>\n<p><a class=\"dt-pswp-item\" href=\"https:\/\/www.radiopiu.net\/wordpress\/wp-content\/uploads\/2024\/11\/10f34721-907d-4086-ad24-f6175b8ce3bf.jpg\" data-dt-img-description=\"\" data-large_image_width=\"754\" data-large_image_height=\"1520\"><img loading=\"lazy\" decoding=\"async\" class=\"aligncenter wp-image-418032 size-large\" src=\"https:\/\/www.radiopiu.net\/wordpress\/wp-content\/uploads\/2024\/11\/10f34721-907d-4086-ad24-f6175b8ce3bf-508x1024.jpg\" alt=\"\" width=\"508\" height=\"1024\" srcset=\"https:\/\/www.radiopiu.net\/wordpress\/wp-content\/uploads\/2024\/11\/10f34721-907d-4086-ad24-f6175b8ce3bf-508x1024.jpg 508w, https:\/\/www.radiopiu.net\/wordpress\/wp-content\/uploads\/2024\/11\/10f34721-907d-4086-ad24-f6175b8ce3bf-149x300.jpg 149w, https:\/\/www.radiopiu.net\/wordpress\/wp-content\/uploads\/2024\/11\/10f34721-907d-4086-ad24-f6175b8ce3bf.jpg 754w\" sizes=\"auto, (max-width: 508px) 100vw, 508px\" \/><\/a><\/p>\n<p>&nbsp;<\/p>\n<p>&nbsp;<\/p>\n<div style=\"width: 1200px;\" class=\"wp-video\"><video class=\"wp-video-shortcode\" id=\"video-417837-1\" width=\"1200\" height=\"675\" preload=\"metadata\" controls=\"controls\"><source type=\"video\/mp4\" src=\"https:\/\/www.radiopiu.net\/wordpress\/wp-content\/uploads\/2024\/10\/WhatsApp-Video-2024-10-23-at-00.12.10.mp4?_=1\" \/><a href=\"https:\/\/www.radiopiu.net\/wordpress\/wp-content\/uploads\/2024\/10\/WhatsApp-Video-2024-10-23-at-00.12.10.mp4\">https:\/\/www.radiopiu.net\/wordpress\/wp-content\/uploads\/2024\/10\/WhatsApp-Video-2024-10-23-at-00.12.10.mp4<\/a><\/video><\/div>\n<p><strong>\u00a0<\/strong><\/p>\n<p><strong>FALCADE <\/strong>RIAPRE IL CINEMA DOLOMITI DI FALCADE. SABATO E DOMENICA VERR\u00c0 PROIETTATO IL FILM IT ENDS WHIT US. SPETTACOLI ALLE 21, DOMENICA ANCHE ALLE 15:30<\/p>\n<div class=\"flex-shrink-0 flex flex-col relative items-end\">\n<div class=\"pt-0\">\n<div class=\"gizmo-bot-avatar flex h-8 w-8 items-center justify-center overflow-hidden rounded-full\">\n<p class=\"relative p-1 rounded-sm flex items-center justify-center bg-token-main-surface-primary text-token-text-primary h-8 w-8\"><strong>CANALE D&#8217;AGORDO <\/strong>Jazzercise \u00e8 un allenamento ad alta intensit\u00e0 che combina danza, pilates, yoga e kickboxing, adatto a tutti i livelli di fitness. \u00c8 efficace per tonificare i muscoli, migliorare la postura e ottenere un fisico snello. Nell&#8217;Agordino, le lezioni si tengono a Canale d&#8217;Agordo, nella sala ex emigranti di via Lotta, il luned\u00ec dalle 18:15 alle 19:15 e il mercoled\u00ec dalle 18:30 alle 19:30. L&#8217;istruttrice certificata RaLuca ti aspetta per un allenamento coinvolgente al ritmo di musica attuale. Per informazioni: 347 9295478<\/p>\n<\/div>\n<\/div>\n<\/div>\n<p><strong>FALCADE<\/strong> La Proloco di Caviola presenta &#8220;Proposte d&#8217;autunno&#8221;, un programma di eventi per vivere meglio. I prossimi appuntamenti includono: un incontro con Mauro Valt alla Casa della Giovent\u00f9 di Caviola il 6 novembre alle 20, e una serata osservando le stelle con &#8220;Cieli Dolomitici&#8221; il 9 novembre alle 20:30. Inoltre, il 10 novembre si svolger\u00e0 una castagnata con gli Alpini in occasione di San Martino, e il 22 novembre ci sar\u00e0 la chiusura con Roberto Sorama\u00e8 e il suo evento &#8220;Sete d\u2019Africa&#8221; alla Casa della Giovent\u00f9. Per informazioni: 349 1945861.<\/p>\n<p><strong>BELLUNO <\/strong>Venerd\u00ec 8 novembre, dalle ore 18, presso l&#8217;aula magna dell&#8217;Istituto Superiore Tommaso Catullo di Belluno, si terr\u00e0 un evento organizzato da Pig&amp;Menti, che propone un dialogo sugli archetipi tra linguistica e neuroscienze. I relatori saranno il professor Michele T\u00ecson e il professor Renzo Barbazza. L&#8217;evento \u00e8 realizzato in collaborazione con Banca Prealpi San Biagio e i dottori Marco Tarascio e Silvia Barbini.<\/p>\n<p>&nbsp;<\/p>\n<div>\n<div class=\"\" dir=\"auto\">\n<div id=\":r9h:\" class=\"x1iorvi4 x1pi30zi x1l90r2v x1swvt13\" data-ad-comet-preview=\"message\" data-ad-preview=\"message\">\n\n\t\t\t<style type='text\/css'>\n\t\t\t\t#gallery-1 {\n\t\t\t\t\tmargin: auto;\n\t\t\t\t}\n\t\t\t\t#gallery-1 .gallery-item {\n\t\t\t\t\tfloat: left;\n\t\t\t\t\tmargin-top: 10px;\n\t\t\t\t\ttext-align: center;\n\t\t\t\t\twidth: 25%;\n\t\t\t\t}\n\t\t\t\t#gallery-1 img {\n\t\t\t\t\tborder: 2px solid #cfcfcf;\n\t\t\t\t}\n\t\t\t\t#gallery-1 .gallery-caption {\n\t\t\t\t\tmargin-left: 0;\n\t\t\t\t}\n\t\t\t\t\/* see gallery_shortcode() in wp-includes\/media.php *\/\n\t\t\t<\/style>\n\t\t<div id='gallery-1' class='dt-gallery-container gallery galleryid-417837 gallery-columns-4 gallery-size-thumbnail'><dl class='gallery-item'>\n\t\t\t\t<dt class='gallery-icon portrait'>\n\t\t\t\t\t<a class=\"rollover rollover-zoom dt-pswp-item\" title=\"LOC_A3_MOSTRA-RADIO_CMVI\" data-dt-img-description=\"\" data-large_image_width=\"1816\" data-large_image_height=\"2560\"href='https:\/\/www.radiopiu.net\/wordpress\/wp-content\/uploads\/2024\/08\/LOC_A3_MOSTRA-RADIO_CMVI-scaled.jpg'><img loading=\"lazy\" decoding=\"async\" width=\"150\" height=\"150\" src=\"https:\/\/www.radiopiu.net\/wordpress\/wp-content\/uploads\/2024\/08\/LOC_A3_MOSTRA-RADIO_CMVI-150x150.jpg\" class=\"attachment-thumbnail size-thumbnail\" alt=\"\" aria-describedby=\"gallery-1-403450\" \/><\/a>\n\t\t\t\t<\/dt>\n\t\t\t\t\t<dd class='wp-caption-text gallery-caption' id='gallery-1-403450'>\n\t\t\t\t\tLA MOSTRA DELLE RADIO IN VALLE IMPERINA\n\t\t\t\t\t<\/dd><\/dl><dl class='gallery-item'>\n\t\t\t\t<dt class='gallery-icon portrait'>\n\t\t\t\t\t<a class=\"rollover rollover-zoom dt-pswp-item\" title=\"967a322c-9996-42d7-af75-662ca7d89e84\" data-dt-img-description=\"\" data-large_image_width=\"1080\" data-large_image_height=\"1519\"href='https:\/\/www.radiopiu.net\/wordpress\/wp-content\/uploads\/2024\/10\/967a322c-9996-42d7-af75-662ca7d89e84-1.jpg'><img loading=\"lazy\" decoding=\"async\" width=\"150\" height=\"150\" src=\"https:\/\/www.radiopiu.net\/wordpress\/wp-content\/uploads\/2024\/10\/967a322c-9996-42d7-af75-662ca7d89e84-1-150x150.jpg\" class=\"attachment-thumbnail size-thumbnail\" alt=\"\" aria-describedby=\"gallery-1-413698\" \/><\/a>\n\t\t\t\t<\/dt>\n\t\t\t\t\t<dd class='wp-caption-text gallery-caption' id='gallery-1-413698'>\n\t\t\t\t\tDOMANI\n\t\t\t\t\t<\/dd><\/dl><dl class='gallery-item'>\n\t\t\t\t<dt class='gallery-icon portrait'>\n\t\t\t\t\t<a class=\"rollover rollover-zoom dt-pswp-item\" title=\"Locandina\" data-dt-img-description=\"\" data-large_image_width=\"943\" data-large_image_height=\"1330\"href='https:\/\/www.radiopiu.net\/wordpress\/wp-content\/uploads\/2024\/10\/Locandina.png'><img loading=\"lazy\" decoding=\"async\" width=\"150\" height=\"150\" src=\"https:\/\/www.radiopiu.net\/wordpress\/wp-content\/uploads\/2024\/10\/Locandina-150x150.png\" class=\"attachment-thumbnail size-thumbnail\" alt=\"\" aria-describedby=\"gallery-1-415380\" \/><\/a>\n\t\t\t\t<\/dt>\n\t\t\t\t\t<dd class='wp-caption-text gallery-caption' id='gallery-1-415380'>\n\t\t\t\t\tCON L&#8217;ASSOCIAZIONE CUCCHINI\n\t\t\t\t\t<\/dd><\/dl><dl class='gallery-item'>\n\t\t\t\t<dt class='gallery-icon portrait'>\n\t\t\t\t\t<a class=\"rollover rollover-zoom dt-pswp-item\" title=\"Locandina 4 novembre 2024\" data-dt-img-description=\"\" data-large_image_width=\"595\" data-large_image_height=\"841\"href='https:\/\/www.radiopiu.net\/wordpress\/wp-content\/uploads\/2024\/10\/Locandina-4-novembre-2024.jpg'><img loading=\"lazy\" decoding=\"async\" width=\"150\" height=\"150\" src=\"https:\/\/www.radiopiu.net\/wordpress\/wp-content\/uploads\/2024\/10\/Locandina-4-novembre-2024-150x150.jpg\" class=\"attachment-thumbnail size-thumbnail\" alt=\"\" aria-describedby=\"gallery-1-416539\" \/><\/a>\n\t\t\t\t<\/dt>\n\t\t\t\t\t<dd class='wp-caption-text gallery-caption' id='gallery-1-416539'>\n\t\t\t\t\tIL 4 NOVEMBRE A FELTRE\n\t\t\t\t\t<\/dd><\/dl><br style=\"clear: both\" \/><dl class='gallery-item'>\n\t\t\t\t<dt class='gallery-icon portrait'>\n\t\t\t\t\t<a class=\"rollover rollover-zoom dt-pswp-item\" title=\"c8fab2c8-4352-4bfb-a3ee-fae1153adc23\" data-dt-img-description=\"\" data-large_image_width=\"1131\" data-large_image_height=\"1600\"href='https:\/\/www.radiopiu.net\/wordpress\/wp-content\/uploads\/2024\/10\/c8fab2c8-4352-4bfb-a3ee-fae1153adc23.jpg'><img loading=\"lazy\" decoding=\"async\" width=\"150\" height=\"150\" src=\"https:\/\/www.radiopiu.net\/wordpress\/wp-content\/uploads\/2024\/10\/c8fab2c8-4352-4bfb-a3ee-fae1153adc23-150x150.jpg\" class=\"attachment-thumbnail size-thumbnail\" alt=\"\" aria-describedby=\"gallery-1-417436\" \/><\/a>\n\t\t\t\t<\/dt>\n\t\t\t\t\t<dd class='wp-caption-text gallery-caption' id='gallery-1-417436'>\n\t\t\t\t\tCASTAGNATA A LA VALLE\n\t\t\t\t\t<\/dd><\/dl><dl class='gallery-item'>\n\t\t\t\t<dt class='gallery-icon portrait'>\n\t\t\t\t\t<a class=\"rollover rollover-zoom dt-pswp-item\" title=\"Esoterismo islamico Taddeo Bez 15 e 22 novembre 2024\" data-dt-img-description=\"\" data-large_image_width=\"1447\" data-large_image_height=\"2048\"href='https:\/\/www.radiopiu.net\/wordpress\/wp-content\/uploads\/2024\/11\/Esoterismo-islamico-Taddeo-Bez-15-e-22-novembre-2024.jpg'><img loading=\"lazy\" decoding=\"async\" width=\"150\" height=\"150\" src=\"https:\/\/www.radiopiu.net\/wordpress\/wp-content\/uploads\/2024\/11\/Esoterismo-islamico-Taddeo-Bez-15-e-22-novembre-2024-150x150.jpg\" class=\"attachment-thumbnail size-thumbnail\" alt=\"\" aria-describedby=\"gallery-1-417756\" \/><\/a>\n\t\t\t\t<\/dt>\n\t\t\t\t\t<dd class='wp-caption-text gallery-caption' id='gallery-1-417756'>\n\t\t\t\t\tAL CENTRO LA TERRA DEI PADRI\n\t\t\t\t\t<\/dd><\/dl><dl class='gallery-item'>\n\t\t\t\t<dt class='gallery-icon landscape'>\n\t\t\t\t\t<a class=\"rollover rollover-zoom dt-pswp-item\" title=\"La_Boheme___Belluno_390x390_67179dc4d18eb\" data-dt-img-description=\"\" data-large_image_width=\"390\" data-large_image_height=\"390\"href='https:\/\/www.radiopiu.net\/wordpress\/wp-content\/uploads\/2024\/11\/La_Boheme___Belluno_390x390_67179dc4d18eb.png'><img loading=\"lazy\" decoding=\"async\" width=\"150\" height=\"150\" src=\"https:\/\/www.radiopiu.net\/wordpress\/wp-content\/uploads\/2024\/11\/La_Boheme___Belluno_390x390_67179dc4d18eb-150x150.png\" class=\"attachment-thumbnail size-thumbnail\" alt=\"\" aria-describedby=\"gallery-1-417876\" srcset=\"https:\/\/www.radiopiu.net\/wordpress\/wp-content\/uploads\/2024\/11\/La_Boheme___Belluno_390x390_67179dc4d18eb-150x150.png 150w, https:\/\/www.radiopiu.net\/wordpress\/wp-content\/uploads\/2024\/11\/La_Boheme___Belluno_390x390_67179dc4d18eb-300x300.png 300w, https:\/\/www.radiopiu.net\/wordpress\/wp-content\/uploads\/2024\/11\/La_Boheme___Belluno_390x390_67179dc4d18eb.png 390w\" sizes=\"auto, (max-width: 150px) 100vw, 150px\" \/><\/a>\n\t\t\t\t<\/dt>\n\t\t\t\t\t<dd class='wp-caption-text gallery-caption' id='gallery-1-417876'>\n\t\t\t\t\tLA BOHEME A BELLUNO\n\t\t\t\t\t<\/dd><\/dl>\n\t\t\t\t<br style='clear: both' \/>\n\t\t\t<\/div>\n\n<p>&nbsp;<\/p>\n<\/div>\n<\/div>\n<\/div>\n<p>&nbsp;<\/p>\n<hr \/>\n<p>&nbsp;<\/p>\n<p class=\"mceTemp\"><a class=\"dt-pswp-item\" href=\"https:\/\/www.radiopiu.net\/wordpress\/wp-content\/uploads\/2018\/09\/WhatsApp-Image-2018-09-20-at-16.04.06.jpeg\" data-dt-img-description=\"\" data-large_image_width=\"800\" data-large_image_height=\"100\"><img loading=\"lazy\" decoding=\"async\" class=\"wp-image-61378 size-full aligncenter\" src=\"https:\/\/www.radiopiu.net\/wordpress\/wp-content\/uploads\/2018\/09\/WhatsApp-Image-2018-09-20-at-16.04.06.jpeg\" alt=\"\" width=\"800\" height=\"100\" srcset=\"https:\/\/www.radiopiu.net\/wordpress\/wp-content\/uploads\/2018\/09\/WhatsApp-Image-2018-09-20-at-16.04.06.jpeg 800w, https:\/\/www.radiopiu.net\/wordpress\/wp-content\/uploads\/2018\/09\/WhatsApp-Image-2018-09-20-at-16.04.06-300x38.jpeg 300w, https:\/\/www.radiopiu.net\/wordpress\/wp-content\/uploads\/2018\/09\/WhatsApp-Image-2018-09-20-at-16.04.06-768x96.jpeg 768w\" sizes=\"auto, (max-width: 800px) 100vw, 800px\" \/><\/a><\/p>\n<p><center><\/center><center><\/center>&nbsp;<\/p>\n<p><center><b>OGGI<\/b><\/center>Persiste il tempo stabile con cielo sereno o poco nuvoloso per velature al mattino, via via pi\u00f9 estese durante le ore centrali e nel pomeriggio con cielo a tratti velato. Possibili foschie o qualche banco di nebbia nelle ore fredde in alcune valli prealpine, specie in Valbelluna.<br \/>\n<b>Precipitazioni: <\/b>Assenti<br \/>\n<b>Temperature: <\/b>Stazionarie nelle valli, in lieve calo in quota; persistono condizioni di marcata inversione termica durante le ore pi\u00f9 fredde.<\/p>\n<hr \/>\n<p><center><b>DOMANI<\/b><\/center>Cielo poco nuvoloso per velature a tratti estese. Durante le ore pi\u00f9 fredde possibili foschie o nebbie in alcuni fondovalle.<br \/>\n<b>Precipitazioni: <\/b>Assenti<br \/>\n<b>Temperature: <\/b>Temperature ancora superiori alla norma, ma in calo, specie in quota, rispetto ai giorni precedenti.<\/p>\n<hr \/>\n<p><center><b>GIOVEDI<\/b><\/center>Tempo stabile, con cielo sereno o poco nuvoloso per qualche velatura. Fino al primo mattino consueta insidia di qualche foschia o banco di nebbia nelle valli. Ulteriore calo termico in quota e attenuazione dell&#8217;inversione termica nelle valli.<\/p>\n<hr \/>\n<p><center><b>VENERDI<\/b><\/center>Ancora tempo stabile con cielo sereno o al pi\u00f9 poco nuvoloso per qualche velatura. Durante le ore pi\u00f9 fredde possibili foschie o nebbie in qualche fondovalle. Temperature pressoch\u00e8 stazionarie<\/p>\n<p>&nbsp;<\/p>\n<hr \/>\n<p>&nbsp;<\/p>\n<p>&nbsp;<\/p>\n<p class=\"mceTemp\"><a class=\"dt-pswp-item\" href=\"https:\/\/www.radiopiu.net\/wordpress\/wp-content\/uploads\/2018\/09\/sport.jpg\" data-dt-img-description=\"\" data-large_image_width=\"800\" data-large_image_height=\"100\"><img loading=\"lazy\" decoding=\"async\" class=\"aligncenter wp-image-60761 size-full\" src=\"https:\/\/www.radiopiu.net\/wordpress\/wp-content\/uploads\/2018\/09\/sport.jpg\" alt=\"\" width=\"800\" height=\"100\" srcset=\"https:\/\/www.radiopiu.net\/wordpress\/wp-content\/uploads\/2018\/09\/sport.jpg 800w, https:\/\/www.radiopiu.net\/wordpress\/wp-content\/uploads\/2018\/09\/sport-300x38.jpg 300w, https:\/\/www.radiopiu.net\/wordpress\/wp-content\/uploads\/2018\/09\/sport-768x96.jpg 768w\" sizes=\"auto, (max-width: 800px) 100vw, 800px\" \/><\/a><span style=\"color: #0000ff;\"><strong>\u00a0 \u00a0 \u00a0 \u00a0 \u00a0<\/strong><\/span><\/p>\n<p>&nbsp;<\/p>\n<p><span style=\"color: #0000ff;\"><strong>HOCKEY SU GHIACCIO<\/strong><\/span><\/p>\n<blockquote>\n<h3>UN FINE SETTIMANA PERFETTO PER LE GIOVANILI DELL&#8217;ALLEGHE HOCKEY<\/h3>\n<\/blockquote>\n<p><strong><a class=\"dt-pswp-item\" href=\"https:\/\/www.radiopiu.net\/wordpress\/wp-content\/uploads\/2019\/02\/704B3B5E-C6E2-4913-81FA-D6D96DABDD98.jpeg\" data-dt-img-description=\"\" data-large_image_width=\"1200\" data-large_image_height=\"800\"><img loading=\"lazy\" decoding=\"async\" class=\" wp-image-75954 alignleft\" src=\"https:\/\/www.radiopiu.net\/wordpress\/wp-content\/uploads\/2019\/02\/704B3B5E-C6E2-4913-81FA-D6D96DABDD98-300x200.jpeg\" alt=\"\" width=\"191\" height=\"127\" srcset=\"https:\/\/www.radiopiu.net\/wordpress\/wp-content\/uploads\/2019\/02\/704B3B5E-C6E2-4913-81FA-D6D96DABDD98-300x200.jpeg 300w, https:\/\/www.radiopiu.net\/wordpress\/wp-content\/uploads\/2019\/02\/704B3B5E-C6E2-4913-81FA-D6D96DABDD98-768x512.jpeg 768w, https:\/\/www.radiopiu.net\/wordpress\/wp-content\/uploads\/2019\/02\/704B3B5E-C6E2-4913-81FA-D6D96DABDD98-1024x683.jpeg 1024w, https:\/\/www.radiopiu.net\/wordpress\/wp-content\/uploads\/2019\/02\/704B3B5E-C6E2-4913-81FA-D6D96DABDD98.jpeg 1200w\" sizes=\"auto, (max-width: 191px) 100vw, 191px\" \/><\/a>DI MARCO GAZ<\/strong><\/p>\n<p><span style=\"color: #ff0000;\"><strong>UNDER 19<\/strong><\/span><\/p>\n<p><strong>COMO &#8211; CORTINA\/ALLEGHE 0-8<\/strong><\/p>\n<p>GOL CORTINA\/ALLEGHE: Constantini, Zanol, 2 Levis, Venturi, Corea, Viel, Zallot<\/p>\n<p>Nonostante la trasferta impegnativa, per la squadra bellunese under 19 \u00e8 stata una passeggiata la gara giocata a Como contro i padroni di casa. Il Cortina\/Alleghe rifila otto reti ai lombardi dopo una partita a senso unico. I lariani hanno provato a rispondere ma senza trovare il gol. Seconda vittoria consecutiva per i ragazzi della squadra mista bellunese che rialzano la testa e si piazzano all&#8217;ottavo posto in classifica con 13 punti.<\/p>\n<p><span style=\"color: #ff0000;\"><strong>UNDER 14<\/strong><\/span><\/p>\n<p><strong>ALLEGHE\/CORTINA &#8211; ALTA BADIA\/GARDENA 9-3<\/strong><\/p>\n<p>Ottima prova delle civette fra le mura amiche dell&#8217;Alvise De Toni di Alleghe. Il gruppo misto bellunese rifila 9 gol agli altoatesini dell&#8217;Alta Badia\/Gardena. Tre punti importanti per i giovani bellunesi che balzano in testa alla classifica del Girone Est 1 del torneo.<\/p>\n<p>&nbsp;<\/p>\n<p><span style=\"color: #0000ff;\"><strong>PALLAVOLO<\/strong><\/span><\/p>\n<blockquote>\n<h3>IL BELLUNO VOLLEY VOLA AL SECONDO POSTO IN CLASSIFICA<\/h3>\n<\/blockquote>\n<p><a class=\"dt-pswp-item\" href=\"https:\/\/www.radiopiu.net\/wordpress\/wp-content\/uploads\/2024\/11\/Saibene_grande_protagonista_con_Brugherio.jpg\" data-dt-img-description=\"\" data-large_image_width=\"2048\" data-large_image_height=\"1365\"><img loading=\"lazy\" decoding=\"async\" class=\" wp-image-417894 alignleft\" src=\"https:\/\/www.radiopiu.net\/wordpress\/wp-content\/uploads\/2024\/11\/Saibene_grande_protagonista_con_Brugherio-300x200.jpg\" alt=\"\" width=\"185\" height=\"123\" srcset=\"https:\/\/www.radiopiu.net\/wordpress\/wp-content\/uploads\/2024\/11\/Saibene_grande_protagonista_con_Brugherio-300x200.jpg 300w, https:\/\/www.radiopiu.net\/wordpress\/wp-content\/uploads\/2024\/11\/Saibene_grande_protagonista_con_Brugherio-1024x683.jpg 1024w, https:\/\/www.radiopiu.net\/wordpress\/wp-content\/uploads\/2024\/11\/Saibene_grande_protagonista_con_Brugherio-768x512.jpg 768w, https:\/\/www.radiopiu.net\/wordpress\/wp-content\/uploads\/2024\/11\/Saibene_grande_protagonista_con_Brugherio-1536x1024.jpg 1536w, https:\/\/www.radiopiu.net\/wordpress\/wp-content\/uploads\/2024\/11\/Saibene_grande_protagonista_con_Brugherio.jpg 2048w\" sizes=\"auto, (max-width: 185px) 100vw, 185px\" \/><\/a>Il Belluno Volley ottiene la seconda vittoria consecutiva, consolidando il secondo posto in classifica dietro la capolista San Don\u00e0 di Piave e mostrando progressi sia nel gioco che nella determinazione. Contro i Diavoli Rosa Brugherio, la squadra ha chiuso la partita in soli 63 minuti, con un\u2019ottima prestazione del capitano Alberto Saibene, autore di 14 punti. Nonostante le assenze di Bisi e Loglisci, i rinoceronti hanno saputo adattarsi e seguire le indicazioni dello staff tecnico, mostrando una crescente intesa in campo. Dopo un inizio di stagione difficile, l\u2019impegno in allenamento inizia a dare risultati nelle gare. Ora la squadra si prepara per la trasferta contro Negrini CTE Acqui Terme, un test importante che richieder\u00e0 grande carattere, come afferma Saibene, determinato a mantenere il buon momento della squadra.<\/p>\n<p>&nbsp;<\/p>\n<p><span style=\"color: #0000ff;\"><strong>KARATE<\/strong><\/span><\/p>\n<blockquote><p><strong><a class=\"dt-pswp-item\" href=\"https:\/\/www.radiopiu.net\/wordpress\/wp-content\/uploads\/2024\/11\/Gruppo-Tsks.jpg\" data-dt-img-description=\"\" data-large_image_width=\"1600\" data-large_image_height=\"1200\"><img loading=\"lazy\" decoding=\"async\" class=\"size-medium wp-image-417945 alignleft\" src=\"https:\/\/www.radiopiu.net\/wordpress\/wp-content\/uploads\/2024\/11\/Gruppo-Tsks-300x225.jpg\" alt=\"\" width=\"300\" height=\"225\" srcset=\"https:\/\/www.radiopiu.net\/wordpress\/wp-content\/uploads\/2024\/11\/Gruppo-Tsks-300x225.jpg 300w, https:\/\/www.radiopiu.net\/wordpress\/wp-content\/uploads\/2024\/11\/Gruppo-Tsks-1024x768.jpg 1024w, https:\/\/www.radiopiu.net\/wordpress\/wp-content\/uploads\/2024\/11\/Gruppo-Tsks-768x576.jpg 768w, https:\/\/www.radiopiu.net\/wordpress\/wp-content\/uploads\/2024\/11\/Gruppo-Tsks-1536x1152.jpg 1536w, https:\/\/www.radiopiu.net\/wordpress\/wp-content\/uploads\/2024\/11\/Gruppo-Tsks.jpg 1600w\" sizes=\"auto, (max-width: 300px) 100vw, 300px\" \/><\/a>Ottimi risultati per il Tsks Belluno ai &#8220;Giochi d&#8217;Autunno&#8221;<\/strong><\/p><\/blockquote>\n<div class=\"flex max-w-full flex-col flex-grow\">\n<div class=\"min-h-8 text-message flex w-full flex-col items-end gap-2 whitespace-normal break-words [.text-message+&amp;]:mt-5\" dir=\"auto\" data-message-author-role=\"assistant\" data-message-id=\"537bbdff-58ed-4239-85e1-d311a8956438\" data-message-model-slug=\"gpt-4o\">\n<div class=\"flex w-full flex-col gap-1 empty:hidden first:pt-[3px]\">\n<div class=\"markdown prose w-full break-words dark:prose-invert dark\">\n<p><strong>BELLUNO<\/strong> Il Tsks Belluno ha ottenuto grandi successi ai &#8220;Giochi d&#8217;Autunno&#8221; a San Daniele del Friuli (Udine), conquistando 12 medaglie: cinque ori, quattro argenti e tre bronzi, oltre a due quarti posti. Tra i vincitori, spiccano Bianca Baldovin, Cecilia Bianco ed Edoardo Gheno. Soddisfatto il maestro Roberto Bacchilega, che elogia l\u2019impegno degli atleti e guarda con entusiasmo ai prossimi impegni. Inoltre, il 15 novembre, il Tsks organizza a Pieve di Cadore l&#8217;incontro &#8220;La motivazione, tra obiettivi e comportamenti e il rapporto scuola-sport in adolescenza&#8221;, con la psicologa Marcella Bounous. L&#8217;evento, a ingresso libero, affronter\u00e0 tematiche fondamentali per i giovani sportivi e le loro famiglie.<\/p>\n<\/div>\n<\/div>\n<\/div>\n<\/div>\n<div class=\"mb-2 flex gap-3 empty:hidden -ml-2\">\n<div class=\"flex items-center\">\n<p>&nbsp;<\/p>\n<div class=\"flex\"><\/div>\n<div class=\"flex items-center pb-0\"><\/div>\n<\/div>\n<\/div>\n<blockquote class=\"wp-embedded-content\" data-secret=\"t9yyDL4aBJ\"><p><a href=\"https:\/\/www.radiopiu.net\/wordpress\/agordina-in-prima-linea-ogni-domenica-su-radio-piu-il-podcast\/\">AGORDINA IN PRIMA LINEA, OGNI DOMENICA SU RADIO PIU&#8217; &#8211; IL PODCAST<\/a><\/p><\/blockquote>\n<p><iframe loading=\"lazy\" class=\"wp-embedded-content\" sandbox=\"allow-scripts\" security=\"restricted\" style=\"position: absolute; visibility: hidden;\" title=\"&#8220;AGORDINA IN PRIMA LINEA, OGNI DOMENICA SU RADIO PIU&#8217; &#8211; IL PODCAST&#8221; &#8212; Radio Pi\u00f9\" src=\"https:\/\/www.radiopiu.net\/wordpress\/agordina-in-prima-linea-ogni-domenica-su-radio-piu-il-podcast\/embed\/#?secret=GRlydnmvPk#?secret=t9yyDL4aBJ\" data-secret=\"t9yyDL4aBJ\" width=\"600\" height=\"338\" frameborder=\"0\" marginwidth=\"0\" marginheight=\"0\" scrolling=\"no\"><\/iframe><\/p>\n","protected":false},"excerpt":{"rendered":"<p>******* LA\u00a0 APP PER IOS-IPHONE di Nicola Vettorello https:\/\/apps.apple.com\/it\/app\/radio-pi%C3%B9-emittente-agordina\/id1515939845 LA\u00a0 APP RADIO\u00a0 PER ANDROID di Nicola Vettorello https:\/\/play.google.com\/store\/apps\/details?id=net.radiopiu.iniko\u00a0\u00a0\u00a0 &nbsp; FOTO COPERTINA, corriere delle alpi &nbsp; OGGI ALLA RADIO&#8230;. ALLE 4 E ALLE 6 LE NOTIZIE DALL&#8217;ITALIA E DAL MONDO 0500 l&#8217;almanacco della nostra gente con il MUSLA\u00a0 6.15 PIROLE DE LENGA A CURA DEL MUSLA&hellip;<\/p>\n","protected":false},"author":4,"featured_media":418000,"comment_status":"closed","ping_status":"closed","sticky":false,"template":"","format":"standard","meta":{"_monsterinsights_skip_tracking":false,"_monsterinsights_sitenote_active":false,"_monsterinsights_sitenote_note":"","_monsterinsights_sitenote_category":0,"footnotes":""},"categories":[51,86,49],"tags":[],"class_list":["post-417837","post","type-post","status-publish","format-standard","has-post-thumbnail","hentry","category-evidenza-top","category-gr","category-news-18","category-51","category-86","category-49","description-off"],"img_url":"https:\/\/www.radiopiu.net\/wordpress\/wp-content\/uploads\/2024\/11\/Senza-nome-12.png","_links":{"self":[{"href":"https:\/\/www.radiopiu.net\/wordpress\/wp-json\/wp\/v2\/posts\/417837","targetHints":{"allow":["GET"]}}],"collection":[{"href":"https:\/\/www.radiopiu.net\/wordpress\/wp-json\/wp\/v2\/posts"}],"about":[{"href":"https:\/\/www.radiopiu.net\/wordpress\/wp-json\/wp\/v2\/types\/post"}],"author":[{"embeddable":true,"href":"https:\/\/www.radiopiu.net\/wordpress\/wp-json\/wp\/v2\/users\/4"}],"replies":[{"embeddable":true,"href":"https:\/\/www.radiopiu.net\/wordpress\/wp-json\/wp\/v2\/comments?post=417837"}],"version-history":[{"count":32,"href":"https:\/\/www.radiopiu.net\/wordpress\/wp-json\/wp\/v2\/posts\/417837\/revisions"}],"predecessor-version":[{"id":418019,"href":"https:\/\/www.radiopiu.net\/wordpress\/wp-json\/wp\/v2\/posts\/417837\/revisions\/418019"}],"wp:featuredmedia":[{"embeddable":true,"href":"https:\/\/www.radiopiu.net\/wordpress\/wp-json\/wp\/v2\/media\/418000"}],"wp:attachment":[{"href":"https:\/\/www.radiopiu.net\/wordpress\/wp-json\/wp\/v2\/media?parent=417837"}],"wp:term":[{"taxonomy":"category","embeddable":true,"href":"https:\/\/www.radiopiu.net\/wordpress\/wp-json\/wp\/v2\/categories?post=417837"},{"taxonomy":"post_tag","embeddable":true,"href":"https:\/\/www.radiopiu.net\/wordpress\/wp-json\/wp\/v2\/tags?post=417837"}],"curies":[{"name":"wp","href":"https:\/\/api.w.org\/{rel}","templated":true}]}}