{"id":417906,"date":"2024-11-05T05:21:15","date_gmt":"2024-11-05T04:21:15","guid":{"rendered":"https:\/\/www.radiopiu.net\/wordpress\/?p=417906"},"modified":"2024-11-05T05:44:18","modified_gmt":"2024-11-05T04:44:18","slug":"belluno-auto-sempre-piu-vecchie-sulle-strade","status":"publish","type":"post","link":"https:\/\/www.radiopiu.net\/wordpress\/belluno-auto-sempre-piu-vecchie-sulle-strade\/","title":{"rendered":"BELLUNO: Auto Sempre Pi\u00f9 Vecchie sulle Strade"},"content":{"rendered":"<p>&nbsp;<\/p>\n<p>**<\/p>\n<p><strong><img loading=\"lazy\" decoding=\"async\" class=\"alignleft\" src=\"https:\/\/www.radiopiu.net\/wordpress\/wp-content\/uploads\/2024\/11\/q3hTckEo6X4s.jpg\" width=\"272\" height=\"181\" \/>BELLUNO\u00a0<\/strong> il\u00a0parco circolante a <b><strong>Belluno <\/strong><\/b>\u00e8 <b><strong>sempre pi\u00f9 vecchio<\/strong><\/b> tanto che, secondo un&#8217;analisi di <b><strong>Facile.it<\/strong><\/b>, l&#8217;et\u00e0 media delle auto che viaggiano sulle sue strade \u00e8 arrivata a settembre 2024 a <b><strong>12 anni e 3 mesi<\/strong><\/b>, il<b><strong>\u00a04,1<\/strong><\/b><b><strong>% in pi\u00f9<\/strong><\/b> rispetto ad un anno prima. <b><strong>Belluno <\/strong><\/b>\u00e8 risultata essere la provincia veneta con le auto pi\u00f9 <em>vecchie<\/em>.<\/p>\n<p>Analizzando i dati a livello provinciale emerge che le auto pi\u00f9 <em>vecchie\u00a0<\/em>circolano anche a <b><strong>Rovigo\u00a0<\/strong><\/b>e <b><strong>Vicenza\u00a0<\/strong><\/b>(12 anni e 2 mesi), seguite da quelle di\u00a0<b><strong>Treviso\u00a0<\/strong><\/b>con un&#8217;et\u00e0 media dei veicoli pari a 12 anni. Continuando a scorrere la graduatoria si posizionano le province di <b><strong>Verona\u00a0<\/strong><\/b>(11 anni e 7 mesi) e <b><strong>Padova<\/strong><\/b><b><strong>\u00a0<\/strong><\/b>(11 anni e 5 mesi). <b><strong>Venezia<\/strong><\/b>, invece, \u00e8 risultata essere la provincia veneta con le auto pi\u00f9 <em>giovani\u00a0<\/em>(11 anni e 2 mesi).<\/p>\n<p><strong>foto Nicola Forenza<\/strong><\/p>\n<p>Ecco di seguito l&#8217;et\u00e0 media dei veicoli circolanti nella regione:<\/p>\n<table width=\"311\">\n<tbody>\n<tr>\n<td><\/td>\n<td width=\"227\"><b><strong>Et\u00e0 media auto settembre 2024<\/strong><\/b><\/td>\n<\/tr>\n<tr>\n<td>Belluno<\/td>\n<td width=\"227\">12 anni e 3 mesi<\/td>\n<\/tr>\n<tr>\n<td>Padova<\/td>\n<td width=\"227\">11 anni e 5 mesi<\/td>\n<\/tr>\n<tr>\n<td>Rovigo<\/td>\n<td width=\"227\">12 anni e 2 mesi<\/td>\n<\/tr>\n<tr>\n<td>Treviso<\/td>\n<td width=\"227\">12 anni<\/td>\n<\/tr>\n<tr>\n<td>Vicenza<\/td>\n<td width=\"227\">12 anni e 2 mesi<\/td>\n<\/tr>\n<tr>\n<td>Venezia<\/td>\n<td width=\"227\">11 anni e 2 mesi<\/td>\n<\/tr>\n<tr>\n<td>Verona<\/td>\n<td width=\"227\">11 anni e 7 mesi<\/td>\n<\/tr>\n<tr>\n<td><b><strong>Veneto<\/strong><\/b><\/td>\n<td width=\"227\"><b><strong>11 anni e 8 mesi<\/strong><\/b><\/td>\n<\/tr>\n<tr>\n<td><b><strong>Italia<\/strong><\/b><\/td>\n<td width=\"227\"><b><strong>11 anni e 8 mesi<\/strong><\/b><\/td>\n<\/tr>\n<\/tbody>\n<\/table>\n","protected":false},"excerpt":{"rendered":"<p>&nbsp; ** BELLUNO\u00a0 il\u00a0parco circolante a Belluno \u00e8 sempre pi\u00f9 vecchio tanto che, secondo un&#8217;analisi di Facile.it, l&#8217;et\u00e0 media delle auto che viaggiano sulle sue strade \u00e8 arrivata a settembre 2024 a 12 anni e 3 mesi, il\u00a04,1% in pi\u00f9 rispetto ad un anno prima. Belluno \u00e8 risultata essere la provincia veneta con le auto&hellip;<\/p>\n","protected":false},"author":4,"featured_media":417907,"comment_status":"closed","ping_status":"closed","sticky":false,"template":"","format":"standard","meta":{"_monsterinsights_skip_tracking":false,"_monsterinsights_sitenote_active":false,"_monsterinsights_sitenote_note":"","_monsterinsights_sitenote_category":0,"footnotes":""},"categories":[51,49],"tags":[],"class_list":["post-417906","post","type-post","status-publish","format-standard","has-post-thumbnail","hentry","category-evidenza-top","category-news-18","category-51","category-49","description-off"],"img_url":"https:\/\/www.radiopiu.net\/wordpress\/wp-content\/uploads\/2024\/11\/q3hTckEo6X4s.jpg","_links":{"self":[{"href":"https:\/\/www.radiopiu.net\/wordpress\/wp-json\/wp\/v2\/posts\/417906","targetHints":{"allow":["GET"]}}],"collection":[{"href":"https:\/\/www.radiopiu.net\/wordpress\/wp-json\/wp\/v2\/posts"}],"about":[{"href":"https:\/\/www.radiopiu.net\/wordpress\/wp-json\/wp\/v2\/types\/post"}],"author":[{"embeddable":true,"href":"https:\/\/www.radiopiu.net\/wordpress\/wp-json\/wp\/v2\/users\/4"}],"replies":[{"embeddable":true,"href":"https:\/\/www.radiopiu.net\/wordpress\/wp-json\/wp\/v2\/comments?post=417906"}],"version-history":[{"count":1,"href":"https:\/\/www.radiopiu.net\/wordpress\/wp-json\/wp\/v2\/posts\/417906\/revisions"}],"predecessor-version":[{"id":417908,"href":"https:\/\/www.radiopiu.net\/wordpress\/wp-json\/wp\/v2\/posts\/417906\/revisions\/417908"}],"wp:featuredmedia":[{"embeddable":true,"href":"https:\/\/www.radiopiu.net\/wordpress\/wp-json\/wp\/v2\/media\/417907"}],"wp:attachment":[{"href":"https:\/\/www.radiopiu.net\/wordpress\/wp-json\/wp\/v2\/media?parent=417906"}],"wp:term":[{"taxonomy":"category","embeddable":true,"href":"https:\/\/www.radiopiu.net\/wordpress\/wp-json\/wp\/v2\/categories?post=417906"},{"taxonomy":"post_tag","embeddable":true,"href":"https:\/\/www.radiopiu.net\/wordpress\/wp-json\/wp\/v2\/tags?post=417906"}],"curies":[{"name":"wp","href":"https:\/\/api.w.org\/{rel}","templated":true}]}}