{"id":417933,"date":"2024-11-05T05:24:32","date_gmt":"2024-11-05T04:24:32","guid":{"rendered":"https:\/\/www.radiopiu.net\/wordpress\/?p=417933"},"modified":"2024-11-05T05:43:35","modified_gmt":"2024-11-05T04:43:35","slug":"sciopero-e-disagi-giovanifuturo-chiede-miglioramenti-a-dolomiti-bus","status":"publish","type":"post","link":"https:\/\/www.radiopiu.net\/wordpress\/sciopero-e-disagi-giovanifuturo-chiede-miglioramenti-a-dolomiti-bus\/","title":{"rendered":"Sciopero e disagi: Giovani&#038;Futuro chiede miglioramenti a Dolomiti Bus."},"content":{"rendered":"<p>***<\/p>\n<blockquote>\n<div class=\"flex max-w-full flex-col flex-grow\">\n<div class=\"min-h-8 text-message flex w-full flex-col items-end gap-2 whitespace-normal break-words [.text-message+&amp;]:mt-5\" dir=\"auto\" data-message-author-role=\"assistant\" data-message-id=\"63e738f9-f5e0-4867-8b27-8ea8782c882c\" data-message-model-slug=\"gpt-4o\">\n<div class=\"flex w-full flex-col gap-1 empty:hidden first:pt-[3px]\">\n<div class=\"markdown prose w-full break-words dark:prose-invert dark\">\n<h2><\/h2>\n<\/div>\n<\/div>\n<\/div>\n<\/div>\n<\/blockquote>\n<div class=\"flex items-center\">\n<div class=\"flex items-center pb-0\"><a class=\"dt-pswp-item\" href=\"https:\/\/www.radiopiu.net\/wordpress\/wp-content\/uploads\/2024\/11\/menia-corbanese-frescura.jpg\" data-dt-img-description=\"\" data-large_image_width=\"1200\" data-large_image_height=\"1600\"><img loading=\"lazy\" decoding=\"async\" class=\"size-medium wp-image-417932 alignleft\" src=\"https:\/\/www.radiopiu.net\/wordpress\/wp-content\/uploads\/2024\/11\/menia-corbanese-frescura-225x300.jpg\" alt=\"\" width=\"225\" height=\"300\" srcset=\"https:\/\/www.radiopiu.net\/wordpress\/wp-content\/uploads\/2024\/11\/menia-corbanese-frescura-225x300.jpg 225w, https:\/\/www.radiopiu.net\/wordpress\/wp-content\/uploads\/2024\/11\/menia-corbanese-frescura-768x1024.jpg 768w, https:\/\/www.radiopiu.net\/wordpress\/wp-content\/uploads\/2024\/11\/menia-corbanese-frescura-1152x1536.jpg 1152w, https:\/\/www.radiopiu.net\/wordpress\/wp-content\/uploads\/2024\/11\/menia-corbanese-frescura.jpg 1200w\" sizes=\"auto, (max-width: 225px) 100vw, 225px\" \/><\/a>Venerd\u00ec 8 novembre si terr\u00e0 uno sciopero nazionale di 24 ore del trasporto pubblico locale, senza fasce di garanzia, per il rinnovo del contratto Autoferrotranvieri, scaduto nel 2023. Luca Frescura e Thomas Menia Corbanese di Giovani&amp;Futuro sostengono le richieste sindacali di aumenti salariali e migliori condizioni lavorative, ma denunciano la mancanza di corse garantite in zone come Cadore, Comelico e Feltrino. Criticano Dolomiti Bus per la limitata copertura e propongono misure di miglioramento come una gestione pi\u00f9 efficiente delle coincidenze e rimborsi semplificati. Giovani&amp;Futuro invita la comunit\u00e0 a segnalare disservizi attraverso i loro canali di contatto per aumentare la pressione sulle autorit\u00e0 competenti.<\/div>\n<\/div>\n<p>&nbsp;<\/p>\n<blockquote><p><em>\u201cSiamo invece perplessi dalla comunicazione di Dolomiti Bus del 29 ottobre, che presenta le corse <\/em><em>garantite per l\u20198 novembre. Nel documento presentato si informa su \u201cla riduzione delle prestazioni <\/em><em>erogate con la garanzia dei soli servizi assolutamente indispensabili\u201d: ci dispiace constatare ancora <\/em><em>una volta che il diritto allo studio e al lavoro degli abitanti del centro Cadore, del omelico, dello <\/em><em>Zoldano, di Livinallongo, del Basso Feltrino evidentemente non \u00e8 ritenuto indispensabile, visto che<\/em><br \/>\n<em>non sono citate nel documento le corse garantite riferite a queste aree. Giovani&amp;Futuro \u00e8 rimasta tra le pochissime realt\u00e0 ad alzare la voce in Provincia: i partiti sono assenti ingiustificati, ma comprendiamo il loro silenzio visti gli errori fatti da destra a sinistra, a livello nazionale e locale, su un settore fondamentale come quello del Trasporto Pubblico Locale. In questi<br \/>\ngiorni invieremo una nuova lettera a Dolomiti Bus contenente segnalazioni e nuove proposte di<\/em><\/p><\/blockquote>\n<p>&nbsp;<\/p>\n<p>__<\/p>\n","protected":false},"excerpt":{"rendered":"<p>*** Venerd\u00ec 8 novembre si terr\u00e0 uno sciopero nazionale di 24 ore del trasporto pubblico locale, senza fasce di garanzia, per il rinnovo del contratto Autoferrotranvieri, scaduto nel 2023. Luca Frescura e Thomas Menia Corbanese di Giovani&amp;Futuro sostengono le richieste sindacali di aumenti salariali e migliori condizioni lavorative, ma denunciano la mancanza di corse garantite&hellip;<\/p>\n","protected":false},"author":4,"featured_media":417934,"comment_status":"closed","ping_status":"closed","sticky":false,"template":"","format":"standard","meta":{"_monsterinsights_skip_tracking":false,"_monsterinsights_sitenote_active":false,"_monsterinsights_sitenote_note":"","_monsterinsights_sitenote_category":0,"footnotes":""},"categories":[104,49],"tags":[],"class_list":["post-417933","post","type-post","status-publish","format-standard","has-post-thumbnail","hentry","category-evidenza_3","category-news-18","category-104","category-49","description-off"],"img_url":"https:\/\/www.radiopiu.net\/wordpress\/wp-content\/uploads\/2024\/11\/Senza-nome-8.png","_links":{"self":[{"href":"https:\/\/www.radiopiu.net\/wordpress\/wp-json\/wp\/v2\/posts\/417933","targetHints":{"allow":["GET"]}}],"collection":[{"href":"https:\/\/www.radiopiu.net\/wordpress\/wp-json\/wp\/v2\/posts"}],"about":[{"href":"https:\/\/www.radiopiu.net\/wordpress\/wp-json\/wp\/v2\/types\/post"}],"author":[{"embeddable":true,"href":"https:\/\/www.radiopiu.net\/wordpress\/wp-json\/wp\/v2\/users\/4"}],"replies":[{"embeddable":true,"href":"https:\/\/www.radiopiu.net\/wordpress\/wp-json\/wp\/v2\/comments?post=417933"}],"version-history":[{"count":1,"href":"https:\/\/www.radiopiu.net\/wordpress\/wp-json\/wp\/v2\/posts\/417933\/revisions"}],"predecessor-version":[{"id":417935,"href":"https:\/\/www.radiopiu.net\/wordpress\/wp-json\/wp\/v2\/posts\/417933\/revisions\/417935"}],"wp:featuredmedia":[{"embeddable":true,"href":"https:\/\/www.radiopiu.net\/wordpress\/wp-json\/wp\/v2\/media\/417934"}],"wp:attachment":[{"href":"https:\/\/www.radiopiu.net\/wordpress\/wp-json\/wp\/v2\/media?parent=417933"}],"wp:term":[{"taxonomy":"category","embeddable":true,"href":"https:\/\/www.radiopiu.net\/wordpress\/wp-json\/wp\/v2\/categories?post=417933"},{"taxonomy":"post_tag","embeddable":true,"href":"https:\/\/www.radiopiu.net\/wordpress\/wp-json\/wp\/v2\/tags?post=417933"}],"curies":[{"name":"wp","href":"https:\/\/api.w.org\/{rel}","templated":true}]}}