{"id":418009,"date":"2024-11-05T05:25:30","date_gmt":"2024-11-05T04:25:30","guid":{"rendered":"https:\/\/www.radiopiu.net\/wordpress\/?p=418009"},"modified":"2024-11-05T05:43:10","modified_gmt":"2024-11-05T04:43:10","slug":"giustizia-piu-accessibile-con-lufficio-di-prossimita","status":"publish","type":"post","link":"https:\/\/www.radiopiu.net\/wordpress\/giustizia-piu-accessibile-con-lufficio-di-prossimita\/","title":{"rendered":"Giustizia pi\u00f9 accessibile con l&#8217;ufficio di prossimit\u00e0"},"content":{"rendered":"<p>**<\/p>\n<blockquote>\n<h1 class=\"articlePlainTitle\"><strong><span style=\"font-size: 14px;\">di GIANNI SANTOMASO<\/span><\/strong><\/h1>\n<\/blockquote>\n<div class=\"articlePlainText\"><strong><a class=\"dt-pswp-item\" href=\"https:\/\/www.radiopiu.net\/wordpress\/wp-content\/uploads\/2023\/11\/unione-montana-agordina.png\" data-dt-img-description=\"\" data-large_image_width=\"791\" data-large_image_height=\"517\"><img loading=\"lazy\" decoding=\"async\" class=\"size-medium wp-image-363432 alignleft\" src=\"https:\/\/www.radiopiu.net\/wordpress\/wp-content\/uploads\/2023\/11\/unione-montana-agordina-300x196.png\" alt=\"\" width=\"300\" height=\"196\" srcset=\"https:\/\/www.radiopiu.net\/wordpress\/wp-content\/uploads\/2023\/11\/unione-montana-agordina-300x196.png 300w, https:\/\/www.radiopiu.net\/wordpress\/wp-content\/uploads\/2023\/11\/unione-montana-agordina-768x502.png 768w, https:\/\/www.radiopiu.net\/wordpress\/wp-content\/uploads\/2023\/11\/unione-montana-agordina.png 791w\" sizes=\"auto, (max-width: 300px) 100vw, 300px\" \/><\/a>AGORDO<\/strong><\/div>\n<div class=\"articlePlainText\">\u00c8 stato aperto nella sede dell&#8217;Unione montana agordina ad Agordo l&#8217;ufficio di prossimit\u00e0. Si tratta di un progetto voluto dall&#8217;ente agordino ancora nel 2023 quando aveva risposto positivamente ad un avviso della Regione. Promosso dal ministero della Giustizia, il progetto punta a migliorare l&#8217;efficienza e la qualit\u00e0 delle prestazioni del sistema giudiziario.<\/div>\n<div class=\"articlePlainText\">Gli uffici di prossimit\u00e0, in collaborazione con i tribunali e gli enti lcali, vogliono cos\u00ec favorire l&#8217;avvicinamento della giustizia ai cittadini attraverso la creazione di una rete di uffici che offra servizi integrati e facilmente raggiungibili e accessibili.<\/div>\n<div class=\"articlePlainText\">Il cittadino potr\u00e0 recarsi all&#8217;ufficio il mercoled\u00ec dalle 8. 30 alle 12, previo appuntamento da fissare telefonicamente allo 0437 62390. Qui potr\u00e0 inoltrare le pratiche per l&#8217;amministrazione di sostegno, ricevere supporto per la compilazione della modulistica vigente presso gli uffici giudiziari, avere consulenza e supporto sugli istituti di protezione giuridica (amministrazioni di sostegno)\u00a0.<\/div>\n<p>&nbsp;<\/p>\n<p>&nbsp;<\/p>\n","protected":false},"excerpt":{"rendered":"<p>** di GIANNI SANTOMASO AGORDO \u00c8 stato aperto nella sede dell&#8217;Unione montana agordina ad Agordo l&#8217;ufficio di prossimit\u00e0. Si tratta di un progetto voluto dall&#8217;ente agordino ancora nel 2023 quando aveva risposto positivamente ad un avviso della Regione. Promosso dal ministero della Giustizia, il progetto punta a migliorare l&#8217;efficienza e la qualit\u00e0 delle prestazioni del&hellip;<\/p>\n","protected":false},"author":4,"featured_media":363432,"comment_status":"closed","ping_status":"closed","sticky":false,"template":"","format":"standard","meta":{"_monsterinsights_skip_tracking":false,"_monsterinsights_sitenote_active":false,"_monsterinsights_sitenote_note":"","_monsterinsights_sitenote_category":0,"footnotes":""},"categories":[104,49],"tags":[],"class_list":["post-418009","post","type-post","status-publish","format-standard","has-post-thumbnail","hentry","category-evidenza_3","category-news-18","category-104","category-49","description-off"],"img_url":"https:\/\/www.radiopiu.net\/wordpress\/wp-content\/uploads\/2023\/11\/unione-montana-agordina.png","_links":{"self":[{"href":"https:\/\/www.radiopiu.net\/wordpress\/wp-json\/wp\/v2\/posts\/418009","targetHints":{"allow":["GET"]}}],"collection":[{"href":"https:\/\/www.radiopiu.net\/wordpress\/wp-json\/wp\/v2\/posts"}],"about":[{"href":"https:\/\/www.radiopiu.net\/wordpress\/wp-json\/wp\/v2\/types\/post"}],"author":[{"embeddable":true,"href":"https:\/\/www.radiopiu.net\/wordpress\/wp-json\/wp\/v2\/users\/4"}],"replies":[{"embeddable":true,"href":"https:\/\/www.radiopiu.net\/wordpress\/wp-json\/wp\/v2\/comments?post=418009"}],"version-history":[{"count":1,"href":"https:\/\/www.radiopiu.net\/wordpress\/wp-json\/wp\/v2\/posts\/418009\/revisions"}],"predecessor-version":[{"id":418010,"href":"https:\/\/www.radiopiu.net\/wordpress\/wp-json\/wp\/v2\/posts\/418009\/revisions\/418010"}],"wp:featuredmedia":[{"embeddable":true,"href":"https:\/\/www.radiopiu.net\/wordpress\/wp-json\/wp\/v2\/media\/363432"}],"wp:attachment":[{"href":"https:\/\/www.radiopiu.net\/wordpress\/wp-json\/wp\/v2\/media?parent=418009"}],"wp:term":[{"taxonomy":"category","embeddable":true,"href":"https:\/\/www.radiopiu.net\/wordpress\/wp-json\/wp\/v2\/categories?post=418009"},{"taxonomy":"post_tag","embeddable":true,"href":"https:\/\/www.radiopiu.net\/wordpress\/wp-json\/wp\/v2\/tags?post=418009"}],"curies":[{"name":"wp","href":"https:\/\/api.w.org\/{rel}","templated":true}]}}