{"id":418049,"date":"2024-11-05T08:39:20","date_gmt":"2024-11-05T07:39:20","guid":{"rendered":"https:\/\/www.radiopiu.net\/wordpress\/?p=418049"},"modified":"2024-11-05T15:38:39","modified_gmt":"2024-11-05T14:38:39","slug":"sospirolo-sprofonda-nel-dolore-e-mancato-il-sindaco","status":"publish","type":"post","link":"https:\/\/www.radiopiu.net\/wordpress\/sospirolo-sprofonda-nel-dolore-e-mancato-il-sindaco\/","title":{"rendered":"SOSPIROLO SPROFONDA NEL DOLORE, E&#8217; MANCATO IL SINDACO"},"content":{"rendered":"<p>***<\/p>\n<p>&nbsp;<\/p>\n<p><strong><a class=\"dt-pswp-item\" href=\"https:\/\/www.radiopiu.net\/wordpress\/wp-content\/uploads\/2024\/11\/mario.png\" data-dt-img-description=\"\" data-large_image_width=\"211\" data-large_image_height=\"231\"><img loading=\"lazy\" decoding=\"async\" class=\" wp-image-418050 alignleft\" src=\"https:\/\/www.radiopiu.net\/wordpress\/wp-content\/uploads\/2024\/11\/mario.png\" alt=\"\" width=\"149\" height=\"163\" \/><\/a>SOSPIROLO<\/strong> Risveglio di dolore per il paese, Mario De Bon, \u00e8 mancato questa notte, sconfitto dalla malattia. L&#8217;amato primo cittadino ha lottato, per lui, la sua famiglia, il suo paese, lo ha fatto finch\u00e9 gli \u00e8 stato concesso.<\/p>\n<p>Mario De Bon, sindaco riconfermato a pieni voti lo scorso maggio. Aveva 55 anni, nato a Pieve di Cadore \u00a0il 22\/07\/1969.\u00a0<em> &#8220;Una persona squisita, stimata a Sospirolo &#8211; dice Alfonsino Barp, titolare d&#8217;azienda a San Gottardo e Presidente della Latteria Camolino &#8211; un uomo importante per il Paese, credeva nelle attivit\u00e0, ha &#8220;lottato&#8221; per il loro destino sul territorio. Per il territorio si \u00e8 sempre dato da fare mettendo davanti a tutto Sospirolo. Un grande dolore, e un messaggio di condoglianze alla moglie Nadia, ai figli Giuliano, Emilia&#8221;<\/em><\/p>\n<p><strong>Il funerale sabato 9 novembre alle 10 chiesa di Sospirolo\u00a0<\/strong><\/p>\n<p>&nbsp;<\/p>\n<p><strong>LA CONSIGLIERA REGIONALE, SILVIA CESTARO audio<br \/>\n<\/strong>&#8220;E&#8217; andato avanti un amico e collega con il quale non \u00e8 mancato il rapporto schietto e vero, lui era cos\u00ec: capace di ascoltare, riflettere dare il giusto peso alle cose&#8221;<\/p>\n<p><strong>IL PRESIDENTE DELLA PROVINCIA ROBERTO PADRIN<\/strong><\/p>\n<p>\u00abUn sindaco con la \u201cs\u201d maiuscola, un uomo animato da un profondo senso di giustizia e da una smisurata passione per il suo territorio&#8221;<\/p>\n<p><strong>DALL&#8217;ULSS 1 DOLOMITI<\/strong><\/p>\n<p>&#8220;Sono vicino alla famiglia del sindaco Mario De Bon e a tutta la comunit\u00e0 di Sospirolo. Il sindaco De Bon \u00e8 stato un esempio anche nel periodo della malattia, che ha affrontato con grande dignit\u00e0 e coraggio&#8221;<\/p>\n<p><strong>L&#8217;ASSESSORE REGIONALE GIANPAOLO BOTTACIN<\/strong><\/p>\n<p>&#8220;Avevamo posizioni a volte distanti, ma con Mario era sempre un piacere confrontarsi. Forse perch\u00e9 anche lui, da buon ingegnere, era diretto e schietto&#8221;.<\/p>\n<p><strong>IL SENATORE LUCA DE CARLO<\/strong><\/p>\n<p>\u201cCon la scomparsa di Mario De Bon, il Bellunese perde un sindaco coerente, dedito al lavoro, attaccato al territorio sospirolese e provinciale e sempre in prima linea&#8221;.<\/p>\n<p><strong>OSCAR DE PELLEGRIN, SINDACO DI BELLUNO<\/strong><\/p>\n<p><strong>\u00a0<\/strong>\u201cMario De Bon \u00e8 stato un sindaco di cui tutti dobbiamo andare orgogliosi, profondamente appassionato del suo compito, viveva il lavoro in Comune come una missione per la sua comunit\u00e0&#8221;<\/p>\n<p><strong>\u00a0<\/strong><strong>LORRAINE BERTON, PRESIDENTE CONFINDUSTRIA BELLUNO<\/strong><\/p>\n<p><em>\u2013 <\/em>&#8220;Amava profondamente il suo territorio e conosceva il valore dell&#8217;innovazione. Mario De Bon era un amministratore concreto, attento e sempre aperto al dialogo, anche nei confronti del mondo dell&#8217;impresa&#8221;.<\/p>\n<p><strong>OSCAR DE BONA, PRESIDENTE ASSOCIAZIONE BELLUNESI NEL MONDO<\/strong><\/p>\n<p>&#8220;Figura instancabile e appassionata delle tematiche sovracomunali, Mario De Bon si batteva per combattere le disuguaglianze tra la popolazione montana e chi vive in pianura&#8221;.<\/p>\n<p>&nbsp;<\/p>\n<p>&nbsp;<\/p>\n<p>_<\/p>\n<p>__<\/p>\n","protected":false},"excerpt":{"rendered":"<p>*** &nbsp; SOSPIROLO Risveglio di dolore per il paese, Mario De Bon, \u00e8 mancato questa notte, sconfitto dalla malattia. L&#8217;amato primo cittadino ha lottato, per lui, la sua famiglia, il suo paese, lo ha fatto finch\u00e9 gli \u00e8 stato concesso. Mario De Bon, sindaco riconfermato a pieni voti lo scorso maggio. Aveva 55 anni, nato&hellip;<\/p>\n","protected":false},"author":4,"featured_media":418050,"comment_status":"closed","ping_status":"closed","sticky":false,"template":"","format":"standard","meta":{"_monsterinsights_skip_tracking":false,"_monsterinsights_sitenote_active":false,"_monsterinsights_sitenote_note":"","_monsterinsights_sitenote_category":0,"footnotes":""},"categories":[51,49],"tags":[],"class_list":["post-418049","post","type-post","status-publish","format-standard","has-post-thumbnail","hentry","category-evidenza-top","category-news-18","category-51","category-49","description-off"],"img_url":"https:\/\/www.radiopiu.net\/wordpress\/wp-content\/uploads\/2024\/11\/mario.png","_links":{"self":[{"href":"https:\/\/www.radiopiu.net\/wordpress\/wp-json\/wp\/v2\/posts\/418049","targetHints":{"allow":["GET"]}}],"collection":[{"href":"https:\/\/www.radiopiu.net\/wordpress\/wp-json\/wp\/v2\/posts"}],"about":[{"href":"https:\/\/www.radiopiu.net\/wordpress\/wp-json\/wp\/v2\/types\/post"}],"author":[{"embeddable":true,"href":"https:\/\/www.radiopiu.net\/wordpress\/wp-json\/wp\/v2\/users\/4"}],"replies":[{"embeddable":true,"href":"https:\/\/www.radiopiu.net\/wordpress\/wp-json\/wp\/v2\/comments?post=418049"}],"version-history":[{"count":17,"href":"https:\/\/www.radiopiu.net\/wordpress\/wp-json\/wp\/v2\/posts\/418049\/revisions"}],"predecessor-version":[{"id":418189,"href":"https:\/\/www.radiopiu.net\/wordpress\/wp-json\/wp\/v2\/posts\/418049\/revisions\/418189"}],"wp:featuredmedia":[{"embeddable":true,"href":"https:\/\/www.radiopiu.net\/wordpress\/wp-json\/wp\/v2\/media\/418050"}],"wp:attachment":[{"href":"https:\/\/www.radiopiu.net\/wordpress\/wp-json\/wp\/v2\/media?parent=418049"}],"wp:term":[{"taxonomy":"category","embeddable":true,"href":"https:\/\/www.radiopiu.net\/wordpress\/wp-json\/wp\/v2\/categories?post=418049"},{"taxonomy":"post_tag","embeddable":true,"href":"https:\/\/www.radiopiu.net\/wordpress\/wp-json\/wp\/v2\/tags?post=418049"}],"curies":[{"name":"wp","href":"https:\/\/api.w.org\/{rel}","templated":true}]}}