{"id":418236,"date":"2024-11-06T05:46:03","date_gmt":"2024-11-06T04:46:03","guid":{"rendered":"https:\/\/www.radiopiu.net\/wordpress\/?p=418236"},"modified":"2024-11-06T06:15:04","modified_gmt":"2024-11-06T05:15:04","slug":"funerali-privati-per-donatella-de-col-scomparsa-nello-schianto-sul-ponte-cadore","status":"publish","type":"post","link":"https:\/\/www.radiopiu.net\/wordpress\/funerali-privati-per-donatella-de-col-scomparsa-nello-schianto-sul-ponte-cadore\/","title":{"rendered":"Funerali privati per Donatella De Col, scomparsa nello schianto sul ponte Cadore"},"content":{"rendered":"<p>**<\/p>\n<blockquote><p><strong><a class=\"dt-pswp-item\" href=\"https:\/\/www.radiopiu.net\/wordpress\/wp-content\/uploads\/2024\/11\/Senza-nome-13.png\" data-dt-img-description=\"\" data-large_image_width=\"462\" data-large_image_height=\"438\"><img loading=\"lazy\" decoding=\"async\" class=\"wp-image-418001 alignleft\" src=\"https:\/\/www.radiopiu.net\/wordpress\/wp-content\/uploads\/2024\/11\/Senza-nome-13-300x284.png\" alt=\"\" width=\"110\" height=\"104\" srcset=\"https:\/\/www.radiopiu.net\/wordpress\/wp-content\/uploads\/2024\/11\/Senza-nome-13-300x284.png 300w, https:\/\/www.radiopiu.net\/wordpress\/wp-content\/uploads\/2024\/11\/Senza-nome-13.png 462w\" sizes=\"auto, (max-width: 110px) 100vw, 110px\" \/><\/a><\/strong><\/p><\/blockquote>\n<p><strong>BELLUNO<\/strong> L&#8217;ultimo saluto a Donatella De Col, 59 anni, deceduta nell&#8217;incidente stradale di gioved\u00ec sul ponte Cadore, sar\u00e0 riservato ai soli familiari, rispettando le sue volont\u00e0. La notizia della cerimonia verr\u00e0 diffusa solo dopo la tumulazione. L&#8217;ispezione cadaverica esterna \u00e8 ancora in attesa del nulla osta della Procura. La 26enne ferita \u00e8 in ospedale ma fuori pericolo, mentre la conducente della terza auto coinvolta \u00e8 rimasta illesa. De Col, storica dipendente de La Vela di Longarone, era al volante di un furgoncino aziendale quando ha invaso la corsia opposta, forse per un malore. La dinamica \u00e8 al vaglio dei carabinieri di Pieve di Cadore.<\/p>\n<p>&nbsp;<\/p>\n<p>&nbsp;<\/p>\n<p>&nbsp;<\/p>\n<hr \/>\n<p>&nbsp;<\/p>\n","protected":false},"excerpt":{"rendered":"<p>** BELLUNO L&#8217;ultimo saluto a Donatella De Col, 59 anni, deceduta nell&#8217;incidente stradale di gioved\u00ec sul ponte Cadore, sar\u00e0 riservato ai soli familiari, rispettando le sue volont\u00e0. La notizia della cerimonia verr\u00e0 diffusa solo dopo la tumulazione. L&#8217;ispezione cadaverica esterna \u00e8 ancora in attesa del nulla osta della Procura. La 26enne ferita \u00e8 in ospedale&hellip;<\/p>\n","protected":false},"author":4,"featured_media":418001,"comment_status":"closed","ping_status":"closed","sticky":false,"template":"","format":"standard","meta":{"_monsterinsights_skip_tracking":false,"_monsterinsights_sitenote_active":false,"_monsterinsights_sitenote_note":"","_monsterinsights_sitenote_category":0,"footnotes":""},"categories":[51,49],"tags":[],"class_list":["post-418236","post","type-post","status-publish","format-standard","has-post-thumbnail","hentry","category-evidenza-top","category-news-18","category-51","category-49","description-off"],"img_url":"https:\/\/www.radiopiu.net\/wordpress\/wp-content\/uploads\/2024\/11\/Senza-nome-13.png","_links":{"self":[{"href":"https:\/\/www.radiopiu.net\/wordpress\/wp-json\/wp\/v2\/posts\/418236","targetHints":{"allow":["GET"]}}],"collection":[{"href":"https:\/\/www.radiopiu.net\/wordpress\/wp-json\/wp\/v2\/posts"}],"about":[{"href":"https:\/\/www.radiopiu.net\/wordpress\/wp-json\/wp\/v2\/types\/post"}],"author":[{"embeddable":true,"href":"https:\/\/www.radiopiu.net\/wordpress\/wp-json\/wp\/v2\/users\/4"}],"replies":[{"embeddable":true,"href":"https:\/\/www.radiopiu.net\/wordpress\/wp-json\/wp\/v2\/comments?post=418236"}],"version-history":[{"count":1,"href":"https:\/\/www.radiopiu.net\/wordpress\/wp-json\/wp\/v2\/posts\/418236\/revisions"}],"predecessor-version":[{"id":418237,"href":"https:\/\/www.radiopiu.net\/wordpress\/wp-json\/wp\/v2\/posts\/418236\/revisions\/418237"}],"wp:featuredmedia":[{"embeddable":true,"href":"https:\/\/www.radiopiu.net\/wordpress\/wp-json\/wp\/v2\/media\/418001"}],"wp:attachment":[{"href":"https:\/\/www.radiopiu.net\/wordpress\/wp-json\/wp\/v2\/media?parent=418236"}],"wp:term":[{"taxonomy":"category","embeddable":true,"href":"https:\/\/www.radiopiu.net\/wordpress\/wp-json\/wp\/v2\/categories?post=418236"},{"taxonomy":"post_tag","embeddable":true,"href":"https:\/\/www.radiopiu.net\/wordpress\/wp-json\/wp\/v2\/tags?post=418236"}],"curies":[{"name":"wp","href":"https:\/\/api.w.org\/{rel}","templated":true}]}}