{"id":418238,"date":"2024-11-06T05:49:31","date_gmt":"2024-11-06T04:49:31","guid":{"rendered":"https:\/\/www.radiopiu.net\/wordpress\/?p=418238"},"modified":"2024-11-06T06:14:39","modified_gmt":"2024-11-06T05:14:39","slug":"addio-a-giorgio-cado-ex-poliziotto-e-sportivo-appassionato","status":"publish","type":"post","link":"https:\/\/www.radiopiu.net\/wordpress\/addio-a-giorgio-cado-ex-poliziotto-e-sportivo-appassionato\/","title":{"rendered":"Addio a Giorgio Cad\u00f2, ex poliziotto e sportivo appassionato"},"content":{"rendered":"<p>***<\/p>\n<p>&nbsp;<\/p>\n<p>&nbsp;<\/p>\n<p>&nbsp;<\/p>\n<p style=\"text-align: left;\"><strong><img decoding=\"async\" class=\"alignleft\" src=\"https:\/\/www.radiopiu.net\/wordpress\/wp-content\/uploads\/2024\/11\/Senza-nome-19.png\" \/>FELTRE<\/strong><\/p>\n<div class=\"flex max-w-full flex-col flex-grow\">\n<div class=\"min-h-8 text-message flex w-full flex-col items-end gap-2 whitespace-normal break-words [.text-message+&amp;]:mt-5\" dir=\"auto\" data-message-author-role=\"assistant\" data-message-id=\"acc1c143-151c-4d19-b0c7-bc31d5f580c2\" data-message-model-slug=\"gpt-4o\">\n<div class=\"flex w-full flex-col gap-1 empty:hidden first:pt-[3px]\">\n<div class=\"markdown prose w-full break-words dark:prose-invert dark\">\n<p>Giorgio Cad\u00f2, 67 anni, figura centrale della Polizia Stradale di Feltre e appassionato sportivo, \u00e8 scomparso luned\u00ec sera a causa di un infarto. Cad\u00f2 aveva vissuto intensamente, praticando il tennis e seguendo i successi sportivi dei figli, Piero e Giovanni. Dopo la pensione, ha dedicato il suo tempo al volontariato, contribuendo con entusiasmo alle attivit\u00e0 del Pedale Feltrino e alla Granfondo Sportful. Amato per il suo spirito solidale e il suo carattere scherzoso, Cad\u00f2 lascia un vuoto profondo nella comunit\u00e0 sportiva e tra gli amici. I funerali si terranno domani alle 15 nel duomo di Feltre.<\/p>\n<\/div>\n<p>&nbsp;<\/p>\n<\/div>\n<\/div>\n<\/div>\n<div class=\"mb-2 flex gap-3 empty:hidden -ml-2\">\n<div class=\"items-center justify-start rounded-xl p-1 flex\">\n<div class=\"flex items-center\">\n<div class=\"flex\"><\/div>\n<\/div>\n<\/div>\n<div class=\"flex items-center pb-0\">\n<hr \/>\n<\/div>\n<\/div>\n","protected":false},"excerpt":{"rendered":"<p>*** &nbsp; &nbsp; &nbsp; FELTRE Giorgio Cad\u00f2, 67 anni, figura centrale della Polizia Stradale di Feltre e appassionato sportivo, \u00e8 scomparso luned\u00ec sera a causa di un infarto. Cad\u00f2 aveva vissuto intensamente, praticando il tennis e seguendo i successi sportivi dei figli, Piero e Giovanni. Dopo la pensione, ha dedicato il suo tempo al volontariato,&hellip;<\/p>\n","protected":false},"author":4,"featured_media":418239,"comment_status":"closed","ping_status":"closed","sticky":false,"template":"","format":"standard","meta":{"_monsterinsights_skip_tracking":false,"_monsterinsights_sitenote_active":false,"_monsterinsights_sitenote_note":"","_monsterinsights_sitenote_category":0,"footnotes":""},"categories":[51,49],"tags":[],"class_list":["post-418238","post","type-post","status-publish","format-standard","has-post-thumbnail","hentry","category-evidenza-top","category-news-18","category-51","category-49","description-off"],"img_url":"https:\/\/www.radiopiu.net\/wordpress\/wp-content\/uploads\/2024\/11\/Senza-nome-19.png","_links":{"self":[{"href":"https:\/\/www.radiopiu.net\/wordpress\/wp-json\/wp\/v2\/posts\/418238","targetHints":{"allow":["GET"]}}],"collection":[{"href":"https:\/\/www.radiopiu.net\/wordpress\/wp-json\/wp\/v2\/posts"}],"about":[{"href":"https:\/\/www.radiopiu.net\/wordpress\/wp-json\/wp\/v2\/types\/post"}],"author":[{"embeddable":true,"href":"https:\/\/www.radiopiu.net\/wordpress\/wp-json\/wp\/v2\/users\/4"}],"replies":[{"embeddable":true,"href":"https:\/\/www.radiopiu.net\/wordpress\/wp-json\/wp\/v2\/comments?post=418238"}],"version-history":[{"count":1,"href":"https:\/\/www.radiopiu.net\/wordpress\/wp-json\/wp\/v2\/posts\/418238\/revisions"}],"predecessor-version":[{"id":418240,"href":"https:\/\/www.radiopiu.net\/wordpress\/wp-json\/wp\/v2\/posts\/418238\/revisions\/418240"}],"wp:featuredmedia":[{"embeddable":true,"href":"https:\/\/www.radiopiu.net\/wordpress\/wp-json\/wp\/v2\/media\/418239"}],"wp:attachment":[{"href":"https:\/\/www.radiopiu.net\/wordpress\/wp-json\/wp\/v2\/media?parent=418238"}],"wp:term":[{"taxonomy":"category","embeddable":true,"href":"https:\/\/www.radiopiu.net\/wordpress\/wp-json\/wp\/v2\/categories?post=418238"},{"taxonomy":"post_tag","embeddable":true,"href":"https:\/\/www.radiopiu.net\/wordpress\/wp-json\/wp\/v2\/tags?post=418238"}],"curies":[{"name":"wp","href":"https:\/\/api.w.org\/{rel}","templated":true}]}}