{"id":418266,"date":"2024-11-07T05:42:09","date_gmt":"2024-11-07T04:42:09","guid":{"rendered":"https:\/\/www.radiopiu.net\/wordpress\/?p=418266"},"modified":"2024-11-07T09:16:32","modified_gmt":"2024-11-07T08:16:32","slug":"giornale-radiopiu-07-novembre-2024-direttore-mirko-mezzacasada-41-anni-25-giugno-1983-25-giugno-2024","status":"publish","type":"post","link":"https:\/\/www.radiopiu.net\/wordpress\/giornale-radiopiu-07-novembre-2024-direttore-mirko-mezzacasada-41-anni-25-giugno-1983-25-giugno-2024\/","title":{"rendered":"GIORNALE RADIOPIU 07 NOVEMBRE 2024 DIRETTORE MIRKO MEZZACASA\u2026DA 41 ANNI 25 GIUGNO 1983-25 GIUGNO 2024"},"content":{"rendered":"<p>*******<\/p>\n<p>&nbsp;<\/p>\n<p><em><span style=\"color: #ff0000;\"><a class=\"dt-pswp-item\" href=\"https:\/\/www.radiopiu.net\/wordpress\/wp-content\/uploads\/2024\/10\/Senza-nome-8.png\" data-dt-img-description=\"\" data-large_image_width=\"343\" data-large_image_height=\"303\"><img loading=\"lazy\" decoding=\"async\" class=\"wp-image-412130 alignleft\" src=\"https:\/\/www.radiopiu.net\/wordpress\/wp-content\/uploads\/2024\/10\/Senza-nome-8-300x265.png\" alt=\"\" width=\"105\" height=\"93\" srcset=\"https:\/\/www.radiopiu.net\/wordpress\/wp-content\/uploads\/2024\/10\/Senza-nome-8-300x265.png 300w, https:\/\/www.radiopiu.net\/wordpress\/wp-content\/uploads\/2024\/10\/Senza-nome-8.png 343w\" sizes=\"auto, (max-width: 105px) 100vw, 105px\" \/><\/a><\/span><\/em><strong><em><span style=\"color: #ff0000;\"> LA\u00a0 APP PER IOS-IPHONE di Nicola Vettorello<\/span><\/em><\/strong><\/p>\n<p><strong><span style=\"color: #0000ff;\"><a style=\"color: #0000ff;\" href=\"https:\/\/apps.apple.com\/it\/app\/radio-pi%C3%B9-emittente-agordina\/id1515939845\">https:\/\/apps.apple.com\/it\/app\/radio-pi%C3%B9-emittente-agordina\/id1515939845<\/a><\/span><\/strong><\/p>\n<p><strong><em style=\"color: #ff0000;\">LA\u00a0 APP RADIO\u00a0 PER ANDROID di Nicola Vettorello<\/em><\/strong><\/p>\n<p><strong><span style=\"color: #0000ff;\"><a style=\"color: #0000ff;\" href=\"https:\/\/play.google.com\/store\/apps\/details?id=net.radiopiu.iniko\" target=\"_blank\" rel=\"noopener noreferrer\">https:\/\/<\/a><a style=\"color: #0000ff;\" href=\"https:\/\/play.google.com\/store\/apps\/details?id=net.radiopiu.iniko\" target=\"_blank\" rel=\"noopener noreferrer\">play.google.com\/store\/apps\/details?id=net.radiopiu.iniko\u00a0\u00a0\u00a0<\/a><\/span><\/strong><\/p>\n<p>&nbsp;<\/p>\n<p>&nbsp;<\/p>\n<hr \/>\n<p>&nbsp;<\/p>\n<p>&nbsp;<\/p>\n<p><strong>\u00a0<\/strong><\/p>\n<p><strong><a class=\"dt-pswp-item\" href=\"https:\/\/www.radiopiu.net\/wordpress\/wp-content\/uploads\/2024\/11\/Senza-nome-30.jpg\" data-dt-img-description=\"\" data-large_image_width=\"472\" data-large_image_height=\"214\"><img loading=\"lazy\" decoding=\"async\" class=\" wp-image-418121 alignleft\" src=\"https:\/\/www.radiopiu.net\/wordpress\/wp-content\/uploads\/2024\/11\/Senza-nome-30-300x136.jpg\" alt=\"\" width=\"285\" height=\"129\" srcset=\"https:\/\/www.radiopiu.net\/wordpress\/wp-content\/uploads\/2024\/11\/Senza-nome-30-300x136.jpg 300w, https:\/\/www.radiopiu.net\/wordpress\/wp-content\/uploads\/2024\/11\/Senza-nome-30.jpg 472w\" sizes=\"auto, (max-width: 285px) 100vw, 285px\" \/><\/a>OGGI ALLA RADIO&#8230;.<\/strong> <span style=\"color: #ff0000;\">ALLE 4 E ALLE 6<\/span> LE NOTIZIE DALL&#8217;ITALIA E DAL MONDO <span style=\"color: #ff0000;\"> 0500 <span style=\"color: #0000ff;\"><span style=\"color: #000000;\">l&#8217;almanacco della nostra gente con il MUSLA<\/span>\u00a0<\/span><\/span><span style=\"color: #ff0000;\"> 6.15<\/span> PIROLE DE LENGA A CURA DEL MUSLA <span style=\"color: #ff0000;\">7.20<\/span> EL BAL DEL FIORI, DETTI E TRADIZIONI DI GIULIANA DA RONCH <span style=\"color: #ff0000;\">8.05<\/span> LA RASSEGNA STAMPA LOCALE<span style=\"color: #ff0000;\"> 8.30 <span style=\"color: #000000;\">PIU&#8217; SIAMO CON MARINA DONA&#8217;<\/span><span style=\"color: #000000;\">\u00a0\u00a0<\/span> 900\u00a0<\/span><span style=\"color: #ff0000;\"><span style=\"color: #000000;\"> la musica country di alex nascinben <\/span><\/span><span style=\"color: #ff0000;\">9.40<\/span> VIABILITA&#8217; CON BOTOL CAR SERVICE (AGORDO-SEDICO-FELTRE) \u00a0<span style=\"color: #ff0000;\">10.30<span style=\"color: #000000;\"> spi cgil, quindicinale appuntamento con Maria Rita Gentilin<\/span><\/span><span style=\"color: #000000;\">\u00a0<\/span>\u00a0<span style=\"color: #ff0000;\">11.40<\/span> FESTIVALBAR STORY DI ATHOS DJ DAVID BEN\u00a0 \u00a0 <span style=\"color: #ff0000;\">12.00<\/span> VA TUTTO LISCIO\u00a0 <span style=\"color: #ff0000;\">12.30<\/span> GIORNALE RADIO PRINCIPALE\u00a0 <span style=\"color: #ff0000;\"><span style=\"color: #000000;\">\u00a0<\/span><\/span><span style=\"color: #ff0000;\">13.20<\/span> FOGLIE E CASTAGNE DI MARINA DONA&#8217; <span style=\"color: #ff0000;\">\u00a0<\/span><span style=\"color: #ff0000;\">14.20 <\/span><span style=\"color: #ff0000;\"><span style=\"color: #000000;\">\u00a0 LA CLASSIFICA DI MARCO GAZ, QUELLA UFFICIALE<\/span>\u00a015.10<\/span>\u00a0 piu musica di Marian Dona\u00a0 <span style=\"color: #ff0000;\">1645<\/span> LE HIT DI MIRCO BENCIVENNI <span style=\"color: #ff0000;\">18.00<\/span> PIU&#8217; DANCE LE SELEZIONI CHE FANNO SALTARE DI DJ JACK, JACOPO DEL TEDESCO <span style=\"color: #ff0000;\">19.00 <span style=\"color: #000000;\">LE ANTICIPAZIONI DAL TG DI ANTENNA 3 DI TIZIANA BOLOGNANI\u00a0 <\/span><\/span><strong>IN PODCAST SUL SITO DI RADIOPIU: EVA OLIVIER E LA LUCCIOLATA IN PROGRAMMA DOMENICA DA AGORDO A RIF (foto)<\/strong><\/p>\n<p>&nbsp;<\/p>\n<p><strong>rassegna stampa nazionale,<\/strong> ogni giorno alle 5 e alle 6 del mattino<br \/>\ngiornali locali 7 rassegna stampa flash, 8 rassegna stampa, gr flash alle 10 e alle 11, principale 12.30. Informazione pomeriggio alle 15 (speciale) 16, 17, 18. Giornale radio nazionale: ogni ora dalle 5 del mattino, alle 20 della sera.<\/p>\n<p>&nbsp;<\/p>\n<p>&nbsp;<\/p>\n<hr \/>\n<p>&nbsp;<\/p>\n<div class=\"x11i5rnm xat24cr x1mh8g0r x1vvkbs xtlvy1s x126k92a\">\n<div dir=\"auto\">\n<div dir=\"auto\">\n<p><strong><a class=\"dt-pswp-item\" href=\"https:\/\/www.radiopiu.net\/wordpress\/wp-content\/uploads\/2024\/02\/2d44e751-d8a8-461b-8e22-d8e4e853b032.jpg\" data-dt-img-description=\"\" data-large_image_width=\"1600\" data-large_image_height=\"1200\"><img loading=\"lazy\" decoding=\"async\" class=\"wp-image-373307 alignleft\" src=\"https:\/\/www.radiopiu.net\/wordpress\/wp-content\/uploads\/2024\/02\/2d44e751-d8a8-461b-8e22-d8e4e853b032-300x225.jpg\" alt=\"\" width=\"105\" height=\"79\" srcset=\"https:\/\/www.radiopiu.net\/wordpress\/wp-content\/uploads\/2024\/02\/2d44e751-d8a8-461b-8e22-d8e4e853b032-300x225.jpg 300w, https:\/\/www.radiopiu.net\/wordpress\/wp-content\/uploads\/2024\/02\/2d44e751-d8a8-461b-8e22-d8e4e853b032-1024x768.jpg 1024w, https:\/\/www.radiopiu.net\/wordpress\/wp-content\/uploads\/2024\/02\/2d44e751-d8a8-461b-8e22-d8e4e853b032-768x576.jpg 768w, https:\/\/www.radiopiu.net\/wordpress\/wp-content\/uploads\/2024\/02\/2d44e751-d8a8-461b-8e22-d8e4e853b032-1536x1152.jpg 1536w, https:\/\/www.radiopiu.net\/wordpress\/wp-content\/uploads\/2024\/02\/2d44e751-d8a8-461b-8e22-d8e4e853b032.jpg 1600w\" sizes=\"auto, (max-width: 105px) 100vw, 105px\" \/><\/a>EL BAL DEL FIOR, DI GIULIANA DA RONCH, 07 NOVEMBRE<\/strong><strong>\u00a02024<\/strong><\/p>\n<\/div>\n<\/div>\n<\/div>\n<div><\/div>\n<div>\n<audio class=\"wp-audio-shortcode\" id=\"audio-418266-1\" preload=\"none\" style=\"width: 100%;\" controls=\"controls\"><source type=\"audio\/mpeg\" src=\"https:\/\/www.radiopiu.net\/wordpress\/wp-content\/uploads\/2024\/11\/GGI.mp3?_=1\" \/><a href=\"https:\/\/www.radiopiu.net\/wordpress\/wp-content\/uploads\/2024\/11\/GGI.mp3\">https:\/\/www.radiopiu.net\/wordpress\/wp-content\/uploads\/2024\/11\/GGI.mp3<\/a><\/audio>\n<p>&nbsp;<\/p>\n<\/div>\n<hr \/>\n<p>&nbsp;<\/p>\n<div class=\"x11i5rnm xat24cr x1mh8g0r x1vvkbs xtlvy1s x126k92a\">\n<h1><span style=\"color: #ff0000;\"><a class=\"dt-pswp-item\" href=\"https:\/\/www.radiopiu.net\/wordpress\/wp-content\/uploads\/2024\/06\/th-5.jpg\" data-dt-img-description=\"\" data-large_image_width=\"326\" data-large_image_height=\"180\"><img loading=\"lazy\" decoding=\"async\" class=\"size-medium wp-image-395881 alignleft\" src=\"https:\/\/www.radiopiu.net\/wordpress\/wp-content\/uploads\/2024\/06\/th-5-300x166.jpg\" alt=\"\" width=\"300\" height=\"166\" srcset=\"https:\/\/www.radiopiu.net\/wordpress\/wp-content\/uploads\/2024\/06\/th-5-300x166.jpg 300w, https:\/\/www.radiopiu.net\/wordpress\/wp-content\/uploads\/2024\/06\/th-5.jpg 326w\" sizes=\"auto, (max-width: 300px) 100vw, 300px\" \/><\/a><\/span><\/h1>\n<h1><\/h1>\n<h1><\/h1>\n<h1><span style=\"color: #000000;\">07 NOVEMBRE&#8230; alla radio l&#8217;almanacco\u00a0<\/span><\/h1>\n<audio class=\"wp-audio-shortcode\" id=\"audio-418266-2\" preload=\"none\" style=\"width: 100%;\" controls=\"controls\"><source type=\"audio\/mpeg\" src=\"https:\/\/www.radiopiu.net\/wordpress\/wp-content\/uploads\/2024\/11\/ALMANACCONEW-4.mp3?_=2\" \/><a href=\"https:\/\/www.radiopiu.net\/wordpress\/wp-content\/uploads\/2024\/11\/ALMANACCONEW-4.mp3\">https:\/\/www.radiopiu.net\/wordpress\/wp-content\/uploads\/2024\/11\/ALMANACCONEW-4.mp3<\/a><\/audio>\n<p>&nbsp;<\/p>\n<p>&nbsp;<\/p>\n<hr \/>\n<p>&nbsp;<\/p>\n<p>&nbsp;<\/p>\n<blockquote>\n<h1><strong><a class=\"dt-pswp-item\" href=\"https:\/\/www.radiopiu.net\/wordpress\/wp-content\/uploads\/2024\/10\/629301fd-708d-4f53-95c2-d28cbefd500f.jpg\" data-dt-img-description=\"\" data-large_image_width=\"1600\" data-large_image_height=\"1322\"><img loading=\"lazy\" decoding=\"async\" class=\"wp-image-413782 alignleft\" src=\"https:\/\/www.radiopiu.net\/wordpress\/wp-content\/uploads\/2024\/10\/629301fd-708d-4f53-95c2-d28cbefd500f-300x248.jpg\" alt=\"\" width=\"186\" height=\"154\" srcset=\"https:\/\/www.radiopiu.net\/wordpress\/wp-content\/uploads\/2024\/10\/629301fd-708d-4f53-95c2-d28cbefd500f-300x248.jpg 300w, https:\/\/www.radiopiu.net\/wordpress\/wp-content\/uploads\/2024\/10\/629301fd-708d-4f53-95c2-d28cbefd500f-1024x846.jpg 1024w, https:\/\/www.radiopiu.net\/wordpress\/wp-content\/uploads\/2024\/10\/629301fd-708d-4f53-95c2-d28cbefd500f-768x635.jpg 768w, https:\/\/www.radiopiu.net\/wordpress\/wp-content\/uploads\/2024\/10\/629301fd-708d-4f53-95c2-d28cbefd500f-1536x1269.jpg 1536w, https:\/\/www.radiopiu.net\/wordpress\/wp-content\/uploads\/2024\/10\/629301fd-708d-4f53-95c2-d28cbefd500f.jpg 1600w\" sizes=\"auto, (max-width: 186px) 100vw, 186px\" \/><\/a>N di parom &#8211; L Almanach de la nosta jent<\/strong><\/h1>\n<\/blockquote>\n<p>Le voci: Davide Conedera, Agordo, Michela Dell&#8217;Osbel, La Valle Agordina Simone Ganz, Falcade Veronica Lezuo, Colle Santa Lucia. La voce nella sigla \u00e8 di Giorgia Taio<\/p>\n<p><strong>LA PUNTATA DI OGGI, 07 NOVEMBRE<\/strong><\/p>\n<\/div>\n<div class=\"x11i5rnm xat24cr x1mh8g0r x1vvkbs xtlvy1s x126k92a\">\n<p>&nbsp;<\/p>\n<audio class=\"wp-audio-shortcode\" id=\"audio-418266-3\" preload=\"none\" style=\"width: 100%;\" controls=\"controls\"><source type=\"audio\/mpeg\" src=\"https:\/\/www.radiopiu.net\/wordpress\/wp-content\/uploads\/2024\/11\/AL4.mp3?_=3\" \/><a href=\"https:\/\/www.radiopiu.net\/wordpress\/wp-content\/uploads\/2024\/11\/AL4.mp3\">https:\/\/www.radiopiu.net\/wordpress\/wp-content\/uploads\/2024\/11\/AL4.mp3<\/a><\/audio>\n<p>&nbsp;<\/p>\n<div dir=\"auto\">\n<hr \/>\n<\/div>\n<\/div>\n<blockquote>\n<blockquote>\n<h1><span style=\"color: #ff0000;\">\u00a0<\/span><\/h1>\n<h1><span style=\"color: #ff0000;\">I podcast informativi del mattino &#8211; audio &#8211;\u00a0\u00a0<\/span><\/h1>\n<\/blockquote>\n<p><strong><a class=\"dt-pswp-item\" href=\"https:\/\/www.radiopiu.net\/wordpress\/wp-content\/uploads\/2024\/11\/6.jpg\" data-dt-img-description=\"\" data-large_image_width=\"177\" data-large_image_height=\"180\"><img loading=\"lazy\" decoding=\"async\" class=\"size-full wp-image-417911 alignleft\" src=\"https:\/\/www.radiopiu.net\/wordpress\/wp-content\/uploads\/2024\/11\/6.jpg\" alt=\"\" width=\"177\" height=\"180\" \/><\/a>LA RASSEGNA STAMPA NAZIONALE ALLA RADIO, OGNI GIORNO ALLE 5 E ALLE 6 DEL MATTINO <span style=\"color: #0000ff;\">viene pubblicata alle 6.00 <span style=\"color: #ff0000;\">DIRETTA RADIO\u00a0 \u00a0\u00a0<\/span><\/span><\/strong><\/p><\/blockquote>\n<p>&nbsp;<\/p>\n<p><strong>NOTIZIE DELLA NOTTE<\/strong><\/p>\n<p><strong>Donald Trump<\/strong> stravince alle urne e torna al potere: &#8216;Fermer\u00f2 le guerre <strong>Scholz<\/strong> licenzia il ministro delle Finanze tedesco Lindner. &#8216;Chieder\u00f2 la fiducia in Parlamento a gennaio&#8217; <strong>Firmato il contratto<\/strong> degli statali ma il sindacato si spacca: la Cisl firma, no di Cgil e Uil <strong>Mattarella:<\/strong> &#8216;Lavoro d&#8217;intesa con Washington&#8217;. Meloni: &#8216;Con gli Usa rafforzeremo il legame&#8217;<\/p>\n<h2>AUDIO dalle 6 del mattino<\/h2>\n<audio class=\"wp-audio-shortcode\" id=\"audio-418266-4\" preload=\"none\" style=\"width: 100%;\" controls=\"controls\"><source type=\"audio\/mpeg\" src=\"https:\/\/www.radiopiu.net\/wordpress\/wp-content\/uploads\/2024\/11\/GIORNALEDELLESEI-2.mp3?_=4\" \/><a href=\"https:\/\/www.radiopiu.net\/wordpress\/wp-content\/uploads\/2024\/11\/GIORNALEDELLESEI-2.mp3\">https:\/\/www.radiopiu.net\/wordpress\/wp-content\/uploads\/2024\/11\/GIORNALEDELLESEI-2.mp3<\/a><\/audio>\n<p>&nbsp;<\/p>\n<p>&nbsp;<\/p>\n<p>&nbsp;<\/p>\n<hr \/>\n<p>&nbsp;<\/p>\n<h1 style=\"text-align: center;\"><span style=\"color: #ff0000;\"><a class=\"dt-pswp-item\" href=\"https:\/\/www.radiopiu.net\/wordpress\/wp-content\/uploads\/2024\/11\/7.jpg\" data-dt-img-description=\"\" data-large_image_width=\"180\" data-large_image_height=\"180\"><img loading=\"lazy\" decoding=\"async\" class=\"size-full wp-image-417912 alignleft\" src=\"https:\/\/www.radiopiu.net\/wordpress\/wp-content\/uploads\/2024\/11\/7.jpg\" alt=\"\" width=\"180\" height=\"180\" srcset=\"https:\/\/www.radiopiu.net\/wordpress\/wp-content\/uploads\/2024\/11\/7.jpg 180w, https:\/\/www.radiopiu.net\/wordpress\/wp-content\/uploads\/2024\/11\/7-150x150.jpg 150w\" sizes=\"auto, (max-width: 180px) 100vw, 180px\" \/><\/a>I podcast informativi del mattino &#8211; audio &#8211;\u00a0<\/span><\/h1>\n<p><strong>OGNI GIORNO ALLE SETTE DEL MATTINO, LA RASSEGNA STAMPA LOCALE FLASH&#8230; PER CHI VA IN FRETTA. I TITOLI DAI GIORNALI E DAL SITO WWW.RADIOPIU.NET <span style=\"color: #0000ff;\">viene pubblicato alle 7.00<\/span> <span style=\"color: #ff0000;\">DIRETTA RADIO\u00a0<\/span><\/strong><\/p>\n<p><em><span style=\"color: #ff0000;\">per chi va in fretta&#8230; tante notizie in pochi minuti. L&#8217;informazione locale alla radio, ogni ora dalle 7 del mattino alle 19 della sera.<\/span><\/em><\/p>\n<h1><\/h1>\n<h1>AUDIO dalle 7 del mattino<\/h1>\n<audio class=\"wp-audio-shortcode\" id=\"audio-418266-5\" preload=\"none\" style=\"width: 100%;\" controls=\"controls\"><source type=\"audio\/mpeg\" src=\"https:\/\/www.radiopiu.net\/wordpress\/wp-content\/uploads\/2024\/11\/GF07-4.mp3?_=5\" \/><a href=\"https:\/\/www.radiopiu.net\/wordpress\/wp-content\/uploads\/2024\/11\/GF07-4.mp3\">https:\/\/www.radiopiu.net\/wordpress\/wp-content\/uploads\/2024\/11\/GF07-4.mp3<\/a><\/audio>\n<p>&nbsp;<\/p>\n<p>&nbsp;<\/p>\n<p>&nbsp;<\/p>\n<hr \/>\n<p>&nbsp;<\/p>\n<h1><\/h1>\n<h1 style=\"text-align: center;\"><span style=\"color: #ff0000;\"><a class=\"dt-pswp-item\" href=\"https:\/\/www.radiopiu.net\/wordpress\/wp-content\/uploads\/2024\/11\/th.jpg\" data-dt-img-description=\"\" data-large_image_width=\"148\" data-large_image_height=\"179\"><img loading=\"lazy\" decoding=\"async\" class=\"size-full wp-image-417913 alignleft\" src=\"https:\/\/www.radiopiu.net\/wordpress\/wp-content\/uploads\/2024\/11\/th.jpg\" alt=\"\" width=\"148\" height=\"179\" \/><\/a>I podcast informativi del mattino &#8211; audio &#8211;\u00a0<\/span><\/h1>\n<blockquote><p><strong>GIORNALE RADIO NAZIONALE, EDIZIONE DELLE SETTE <span style=\"color: #0000ff;\">viene pubblicato alle 7.05 <span style=\"color: #ff0000;\">DIRETTA RADIO\u00a0<\/span><\/span><\/strong><\/p><\/blockquote>\n<p><strong>il giornale radionazionale e&#8217; in onda ogni ora, dalle sette del mattino alle venti della sera\u00a0 \u00a0<\/strong><strong>\u00a0<\/strong><\/p>\n<p><strong>Assalto a portavalori nel Barese<\/strong>, ipotesi bottino di un milione In azione un commando di 10 persone, usati kalashnikov e bombe <strong>L&#8217;inchiesta <\/strong>L&#8217;ombra della mafia al Comune di Bari, il report al Viminale <strong>Cronaca <\/strong>Insulto della prof sui social alle Frecce tricolori\u00a0<strong>Sanit\u00e0 <\/strong>Tumore al seno, solo il 55% delle donne aderisce agli screening <strong>La Procura di Crotone<\/strong> chiede il processo per 6 indagati Le vittime furono 94. Dall&#8217;inchiesta sono emerse &#8216;inerzie&#8217; e &#8216;omissioni&#8217; <strong>Smog nel Nord Italia<\/strong> e qualche pioggia al Sud Fino a sabato temperature miti, dal week end previsto un calo<\/p>\n<p>&nbsp;<\/p>\n<p><span style=\"color: #ff0000;\">EDIZIONE DELLE 20, DEL 04 NOVEMBRE 2024<\/span><\/p>\n<audio class=\"wp-audio-shortcode\" id=\"audio-418266-6\" preload=\"none\" style=\"width: 100%;\" controls=\"controls\"><source type=\"audio\/mpeg\" src=\"https:\/\/www.radiopiu.net\/wordpress\/wp-content\/uploads\/2024\/11\/giornale07-8.mp3?_=6\" \/><a href=\"https:\/\/www.radiopiu.net\/wordpress\/wp-content\/uploads\/2024\/11\/giornale07-8.mp3\">https:\/\/www.radiopiu.net\/wordpress\/wp-content\/uploads\/2024\/11\/giornale07-8.mp3<\/a><\/audio>\n<p>&nbsp;<\/p>\n<p><span style=\"color: #ff0000;\">EDIZIONE DELLE 19, DEL 04 NOVEMBRE 2024, LO SPORT<\/span><\/p>\n<audio class=\"wp-audio-shortcode\" id=\"audio-418266-7\" preload=\"none\" style=\"width: 100%;\" controls=\"controls\"><source type=\"audio\/mpeg\" src=\"https:\/\/www.radiopiu.net\/wordpress\/wp-content\/uploads\/2024\/11\/gr-sport-4.mp3?_=7\" \/><a href=\"https:\/\/www.radiopiu.net\/wordpress\/wp-content\/uploads\/2024\/11\/gr-sport-4.mp3\">https:\/\/www.radiopiu.net\/wordpress\/wp-content\/uploads\/2024\/11\/gr-sport-4.mp3<\/a><\/audio>\n<h2><\/h2>\n<h2><span style=\"color: #0000ff;\"><strong>ULTIM&#8217;ORA\u00a0 \u00a0 \u00a0 \u00a0 \u00a0 \u00a0 \u00a0 \u00a0 \u00a0 AUDIO dalle sette del mattino, ogni ora alla radio\u00a0<\/strong><\/span><\/h2>\n<audio class=\"wp-audio-shortcode\" id=\"audio-418266-8\" preload=\"none\" style=\"width: 100%;\" controls=\"controls\"><source type=\"audio\/mpeg\" src=\"https:\/\/www.radiopiu.net\/wordpress\/wp-content\/uploads\/2024\/11\/giornale07-9.mp3?_=8\" \/><a href=\"https:\/\/www.radiopiu.net\/wordpress\/wp-content\/uploads\/2024\/11\/giornale07-9.mp3\">https:\/\/www.radiopiu.net\/wordpress\/wp-content\/uploads\/2024\/11\/giornale07-9.mp3<\/a><\/audio>\n<p>&nbsp;<\/p>\n<p>&nbsp;<\/p>\n<hr \/>\n<p>&nbsp;<\/p>\n<p>&nbsp;<\/p>\n<h1><span style=\"color: #ff0000;\"><a class=\"dt-pswp-item\" href=\"https:\/\/www.radiopiu.net\/wordpress\/wp-content\/uploads\/2024\/11\/8.jpg\" data-dt-img-description=\"\" data-large_image_width=\"180\" data-large_image_height=\"180\"><img loading=\"lazy\" decoding=\"async\" class=\"size-full wp-image-417910 alignleft\" src=\"https:\/\/www.radiopiu.net\/wordpress\/wp-content\/uploads\/2024\/11\/8.jpg\" alt=\"\" width=\"180\" height=\"180\" srcset=\"https:\/\/www.radiopiu.net\/wordpress\/wp-content\/uploads\/2024\/11\/8.jpg 180w, https:\/\/www.radiopiu.net\/wordpress\/wp-content\/uploads\/2024\/11\/8-150x150.jpg 150w\" sizes=\"auto, (max-width: 180px) 100vw, 180px\" \/><\/a>I podcast informativi del mattino &#8211; video &#8211;\u00a0<\/span><\/h1>\n<h2 style=\"text-align: left;\"><strong>RASSEGNA STAMPA LOCALE, ORE OTTO 05<\/strong><\/h2>\n<h2><strong> <span style=\"color: #0000ff;\">viene\u00a0 <\/span><\/strong><strong><span style=\"color: #0000ff;\">pubblicata alle 8.05 <span style=\"color: #ff0000;\">DIRETTA RADIO\u00a0 \u00a0<\/span><\/span><\/strong><strong>DI MIRKO MEZZACASA<\/strong><\/h2>\n<h2><span style=\"color: #ff0000;\"><strong>\u00a0<\/strong><\/span><\/h2>\n<h2><span style=\"color: #ff0000;\"><strong>\u00a0<\/strong><\/span><\/h2>\n<h1><span style=\"color: #ff0000;\"><strong>VIDEO\u00a0 \u00a0in diretta dalle 8 del mattino\u00a0 \u00a0per ASCOLTARE <\/strong><\/span><\/h1>\n<blockquote>\n<h1 style=\"text-align: center;\"><a href=\"https:\/\/www.facebook.com\/radiopiu\/videos\/1238254800789919\">CLICCA QUI<\/a><\/h1>\n<\/blockquote>\n<p>&nbsp;<\/p>\n<p>&nbsp;<\/p>\n<p><a class=\"dt-pswp-item\" href=\"https:\/\/www.radiopiu.net\/wordpress\/wp-content\/uploads\/2024\/11\/coop1-1.png\" data-dt-img-description=\"\" data-large_image_width=\"602\" data-large_image_height=\"375\">\u00a0<\/a><\/p>\n<p>&nbsp;<\/p>\n<p>&nbsp;<\/p>\n<hr \/>\n<p>&nbsp;<\/p>\n<p>&nbsp;<\/p>\n<p>&nbsp;<\/p>\n<p><strong><a class=\"dt-pswp-item\" href=\"https:\/\/www.radiopiu.net\/wordpress\/wp-content\/uploads\/2023\/12\/ANTENNA.png\" data-dt-img-description=\"\" data-large_image_width=\"300\" data-large_image_height=\"166\"><img loading=\"lazy\" decoding=\"async\" class=\" wp-image-366306 alignleft\" src=\"https:\/\/www.radiopiu.net\/wordpress\/wp-content\/uploads\/2023\/12\/ANTENNA.png\" alt=\"\" width=\"175\" height=\"97\" \/><\/a>ogni sera alle 19 le anticipazioni alla radio, quello che poi seguirete nel TELEGIORNALE BELLUNESE\u00a0 in onda alle 19.30 sul CANALE 10 del digitale terrestre.\u00a0\u00a0<\/strong><\/p>\n<p>&nbsp;<\/p>\n<p><span style=\"color: #0000ff;\"><em><strong>LE ANTICIPAZIONI DAL TG DI ANTENNA 3 DI TIZIANA BOLOGNANI ieri sera lo speciale sul futuro di Luxottica e sulla recente inchiesta che ha puntata il dito anche contro Leonardo Maria del Vecchio.<\/strong><\/em><\/span><\/p>\n<p><strong><br \/>\n<img loading=\"lazy\" decoding=\"async\" class=\"\" src=\"https:\/\/www.radiopiu.net\/wordpress\/wp-content\/uploads\/2024\/11\/luxottica.jpeg\" width=\"292\" height=\"219\" \/><\/strong><\/p>\n<audio class=\"wp-audio-shortcode\" id=\"audio-418266-9\" preload=\"none\" style=\"width: 100%;\" controls=\"controls\"><source type=\"audio\/mpeg\" src=\"https:\/\/www.radiopiu.net\/wordpress\/wp-content\/uploads\/2024\/11\/ANTENNA3-3.mp3?_=9\" \/><a href=\"https:\/\/www.radiopiu.net\/wordpress\/wp-content\/uploads\/2024\/11\/ANTENNA3-3.mp3\">https:\/\/www.radiopiu.net\/wordpress\/wp-content\/uploads\/2024\/11\/ANTENNA3-3.mp3<\/a><\/audio>\n<p>&nbsp;<\/p>\n<p>&nbsp;<\/p>\n<hr \/>\n<p>&nbsp;<\/p>\n<blockquote>\n<h3>INTERRUZIONI PROGRAMMATE BIM GSP<\/h3>\n<\/blockquote>\n<p><strong>AGORDO<\/strong> Oggi, dalle 8 alle 17 (e comunque fino al termine dei lavori), sar\u00e0 sospesa l\u2019erogazione dell\u2019acqua ad Agordo per interventi sulla rete idrica. Le vie interessate sono: Rova, C. Battisti, F. e L. Cappello, Vicoli Narae, Castelletto e Teatro, Corso Patrioti e Piazzale G. Marconi. Il personale cercher\u00e0 di ridurre al minimo i disagi per i residenti.<\/p>\n<p><strong>FALCADE<\/strong> Oggi e domani dalle 8 alle 17 sospensione dell&#8217;erogazione d&#8217;acqua (con attenzione per le scuole) nelle vie Trieste, Venezia, Marmolada, Pal\u00f9, Murer, Ronchi, Battaglion Belluno, Dolomiti, S Pellegrini, Tabiadon di Canes, e degli Emigranti.<\/p>\n<p>&nbsp;<\/p>\n<p>&nbsp;<\/p>\n<blockquote><p><img loading=\"lazy\" decoding=\"async\" class=\"alignleft\" src=\"https:\/\/www.radiopiu.net\/wordpress\/wp-content\/uploads\/2023\/11\/vigili-fuoco-agordo-8-scaled.jpg\" width=\"247\" height=\"166\" \/><strong>AGORDO<\/strong><\/p>\n<p><strong>Intervento dei Vigili del Fuoco di Agordo per Soccorso a Persona: Donna 50enne Portata a Verona in Codice 3<\/strong><\/p>\n<p>Ieri sera, alle ore 21:55, operazione di soccorso a persona in Via 5 Maggio 1948, nel comune di Agordo. L&#8217;intervento si \u00e8 reso necessario per assistere una donna di 50 anni, la cui condizione ha richiesto un&#8217;attenzione immediata e coordinata tra i soccorritori. I Vigili del Fuoco di Agordo hanno forzato la porta d&#8217;ingresso non riuscendo a contattare la donna all&#8217;interno, chiusa in casa. Dalle prime notizie si tratta di un incidente domestico.<\/p>\n<blockquote><p><em>Dopo le prime cure fornite sul posto, la donna \u00e8 stata trasportata in codice 3 (indicante un&#8217;emergenza grave) all&#8217;ospedale di Verona per ulteriori accertamenti e trattamenti specialistici. L&#8217;operazione \u00e8 stata gestita con la consueta professionalit\u00e0 dai Vigili del Fuoco e dal personale sanitario, garantendo un pronto intervento nella difficile situazione.<\/em><\/p><\/blockquote>\n<p><span style=\"color: #ff0000;\"><strong>NOTIZIA IN AGGIORNAMENTO<\/strong><\/span><\/p><\/blockquote>\n<p>&nbsp;<\/p>\n<hr \/>\n<p>&nbsp;<\/p>\n<blockquote>\n<h2>PER GIADA, TANTA GENTE, UN GRANDE SILENZIO<\/h2>\n<\/blockquote>\n<p>&nbsp;<\/p>\n<p><a class=\"dt-pswp-item\" href=\"https:\/\/www.radiopiu.net\/wordpress\/wp-content\/uploads\/2024\/11\/4089cf25-9e67-44c9-9255-edf3a7d784bb.jpg\" data-dt-img-description=\"\" data-large_image_width=\"2048\" data-large_image_height=\"1152\"><img loading=\"lazy\" decoding=\"async\" class=\"size-medium wp-image-418316 aligncenter\" src=\"https:\/\/www.radiopiu.net\/wordpress\/wp-content\/uploads\/2024\/11\/4089cf25-9e67-44c9-9255-edf3a7d784bb-300x169.jpg\" alt=\"\" width=\"300\" height=\"169\" srcset=\"https:\/\/www.radiopiu.net\/wordpress\/wp-content\/uploads\/2024\/11\/4089cf25-9e67-44c9-9255-edf3a7d784bb-300x169.jpg 300w, https:\/\/www.radiopiu.net\/wordpress\/wp-content\/uploads\/2024\/11\/4089cf25-9e67-44c9-9255-edf3a7d784bb-1024x576.jpg 1024w, https:\/\/www.radiopiu.net\/wordpress\/wp-content\/uploads\/2024\/11\/4089cf25-9e67-44c9-9255-edf3a7d784bb-768x432.jpg 768w, https:\/\/www.radiopiu.net\/wordpress\/wp-content\/uploads\/2024\/11\/4089cf25-9e67-44c9-9255-edf3a7d784bb-1536x864.jpg 1536w, https:\/\/www.radiopiu.net\/wordpress\/wp-content\/uploads\/2024\/11\/4089cf25-9e67-44c9-9255-edf3a7d784bb.jpg 2048w\" sizes=\"auto, (max-width: 300px) 100vw, 300px\" \/><\/a><\/p>\n<p>&nbsp;<\/p>\n<p><strong>AGORDO<\/strong> <em>&#8220;Un silenzio vivo che tocca il nostro cuore&#8221;\u00a0<\/em> Cos\u00ec Don Andrea nella cappella del cimitero di Agordo nel saluto a Giada.<\/p>\n<p>&nbsp;<\/p>\n<p><strong>audio<\/strong><\/p>\n<audio class=\"wp-audio-shortcode\" id=\"audio-418266-10\" preload=\"none\" style=\"width: 100%;\" controls=\"controls\"><source type=\"audio\/mpeg\" src=\"https:\/\/www.radiopiu.net\/wordpress\/wp-content\/uploads\/2024\/11\/don-andrea-1.mp3?_=10\" \/><a href=\"https:\/\/www.radiopiu.net\/wordpress\/wp-content\/uploads\/2024\/11\/don-andrea-1.mp3\">https:\/\/www.radiopiu.net\/wordpress\/wp-content\/uploads\/2024\/11\/don-andrea-1.mp3<\/a><\/audio>\n<p>&nbsp;<\/p>\n<p>In tanti si sono stretti attorno a mamma Ornella, al compagno Cristian abbracciati e ammutoliti nel dolore. Don Andrea ha aperto alla riflessione citando le tre parole: mistero della fede che \u00e8 poi il mistero della morte de della vita. Per questo il parroco ha chiesto aiuto al salmo.<\/p>\n<p>&nbsp;<\/p>\n<p><strong>audio<\/strong><\/p>\n<audio class=\"wp-audio-shortcode\" id=\"audio-418266-11\" preload=\"none\" style=\"width: 100%;\" controls=\"controls\"><source type=\"audio\/mpeg\" src=\"https:\/\/www.radiopiu.net\/wordpress\/wp-content\/uploads\/2024\/11\/don-andrea-2.mp3?_=11\" \/><a href=\"https:\/\/www.radiopiu.net\/wordpress\/wp-content\/uploads\/2024\/11\/don-andrea-2.mp3\">https:\/\/www.radiopiu.net\/wordpress\/wp-content\/uploads\/2024\/11\/don-andrea-2.mp3<\/a><\/audio>\n<p><a class=\"dt-pswp-item\" href=\"https:\/\/www.radiopiu.net\/wordpress\/wp-content\/uploads\/2024\/11\/Giada-Rosson-Unione-Sportiva-Ghiaccio-La-Valle-1000x700-1.jpg\" data-dt-img-description=\"\" data-large_image_width=\"1000\" data-large_image_height=\"700\"><img loading=\"lazy\" decoding=\"async\" class=\"size-medium wp-image-418332 aligncenter\" src=\"https:\/\/www.radiopiu.net\/wordpress\/wp-content\/uploads\/2024\/11\/Giada-Rosson-Unione-Sportiva-Ghiaccio-La-Valle-1000x700-1-300x210.jpg\" alt=\"\" width=\"300\" height=\"210\" srcset=\"https:\/\/www.radiopiu.net\/wordpress\/wp-content\/uploads\/2024\/11\/Giada-Rosson-Unione-Sportiva-Ghiaccio-La-Valle-1000x700-1-300x210.jpg 300w, https:\/\/www.radiopiu.net\/wordpress\/wp-content\/uploads\/2024\/11\/Giada-Rosson-Unione-Sportiva-Ghiaccio-La-Valle-1000x700-1-768x538.jpg 768w, https:\/\/www.radiopiu.net\/wordpress\/wp-content\/uploads\/2024\/11\/Giada-Rosson-Unione-Sportiva-Ghiaccio-La-Valle-1000x700-1.jpg 1000w\" sizes=\"auto, (max-width: 300px) 100vw, 300px\" \/><\/a><\/p>\n<hr \/>\n<p>&nbsp;<\/p>\n<blockquote><p><strong><a class=\"dt-pswp-item\" href=\"https:\/\/www.radiopiu.net\/wordpress\/wp-content\/uploads\/2024\/10\/foto-2.jpg\" data-dt-img-description=\"\" data-large_image_width=\"1280\" data-large_image_height=\"960\"><img loading=\"lazy\" decoding=\"async\" class=\" wp-image-417215 alignleft\" src=\"https:\/\/www.radiopiu.net\/wordpress\/wp-content\/uploads\/2024\/10\/foto-2-300x225.jpg\" alt=\"\" width=\"231\" height=\"173\" srcset=\"https:\/\/www.radiopiu.net\/wordpress\/wp-content\/uploads\/2024\/10\/foto-2-300x225.jpg 300w, https:\/\/www.radiopiu.net\/wordpress\/wp-content\/uploads\/2024\/10\/foto-2-1024x768.jpg 1024w, https:\/\/www.radiopiu.net\/wordpress\/wp-content\/uploads\/2024\/10\/foto-2-768x576.jpg 768w, https:\/\/www.radiopiu.net\/wordpress\/wp-content\/uploads\/2024\/10\/foto-2.jpg 1280w\" sizes=\"auto, (max-width: 231px) 100vw, 231px\" \/><\/a>13 Mila Firme Contro la Diga sul Vanoi Consegnate a Venezia: Le Critiche di Europa Verde<\/strong><\/p><\/blockquote>\n<p><strong>VENEZIA<\/strong> A Palazzo Ferro-Fini a Venezia, sono state presentate 13 mila firme contro il progetto della diga sul Vanoi. Il consigliere regionale di Europa Verde, Renzo Masolo, e l\u2019eurodeputata Cristina Guarda hanno sottolineato le carenze di sicurezza del progetto. \u201c\u00c8 il momento di abbandonare questa proposta e considerare alternative sostenibili ed efficaci\u201d, ha dichiarato<\/p>\n<h3><a class=\"dt-pswp-item\" href=\"https:\/\/www.radiopiu.net\/wordpress\/wp-content\/uploads\/2024\/10\/foto-4.jpg\" data-dt-img-description=\"\" data-large_image_width=\"576\" data-large_image_height=\"1280\"><img loading=\"lazy\" decoding=\"async\" class=\"size-medium wp-image-417213 alignright\" src=\"https:\/\/www.radiopiu.net\/wordpress\/wp-content\/uploads\/2024\/10\/foto-4-135x300.jpg\" alt=\"\" width=\"135\" height=\"300\" srcset=\"https:\/\/www.radiopiu.net\/wordpress\/wp-content\/uploads\/2024\/10\/foto-4-135x300.jpg 135w, https:\/\/www.radiopiu.net\/wordpress\/wp-content\/uploads\/2024\/10\/foto-4-461x1024.jpg 461w, https:\/\/www.radiopiu.net\/wordpress\/wp-content\/uploads\/2024\/10\/foto-4.jpg 576w\" sizes=\"auto, (max-width: 135px) 100vw, 135px\" \/><\/a><\/h3>\n<p>Masolo, criticando il silenzio delle autorit\u00e0 romane. Guarda, che ha denunciato il progetto alla Commissione Europea per presunte violazioni di direttive ambientali, ha esortato a non ignorare la volont\u00e0 dei cittadini, riconoscendo il loro impegno. La petizione rappresenta un forte richiamo per una gestione idrica sicura e rispettosa del territorio.<\/p>\n<p>&nbsp;<\/p>\n<blockquote>\n<h3>Camani (Pd): &#8220;Grande segnale di democrazia. Rammarico per l&#8217;indifferenza della Giunta Zaia. Ora vada urgentemente in aula la nostra mozione&#8221;.<\/h3>\n<\/blockquote>\n<div dir=\"auto\"><strong>VENEZIA<\/strong>\u00a0 &#8220;\u00c8 stata una bella pagina di democrazia l&#8217;incontro con i promotori della raccolta firme, ben 13 mila, di cittadini veneti che chiedono di non realizzare la diga del Vanoi. Un grande segnale di mobilitazione a difesa delle popolazioni interessate da un&#8217;opera dagli indiscutibili rischi&#8221;.\u00a0 Il commento \u00e8 della capogruppo del Pd in Consiglio regionale, Vanessa Camani.\u00a0 &#8220;Nel ringraziare la vicepresidente del Consiglio regionale, Francesca Zottis che ha accolto i cittadini in rappresentanza dell&#8217;assemblea, devo purtroppo constatare l&#8217;indifferenza della Giunta Zaia che non ha mostrato altrettanta accoglienza. La nostra richiesta \u00e8 che ora venga discussa urgentemente la nostra mozione affinch\u00e9 anche dall&#8217;aula emerga un chiaro no alla diga&#8221;.<\/div>\n<div dir=\"auto\"><\/div>\n<div dir=\"auto\"><\/div>\n<div dir=\"auto\">\n<hr \/>\n<\/div>\n<blockquote>\n<h2 dir=\"auto\"><\/h2>\n<h2 dir=\"auto\">Ladri in Azione a Belluno: Quattro Colpi in una Sera<\/h2>\n<\/blockquote>\n<div dir=\"auto\">\n<blockquote>\n<div class=\"articlePlainText\"><em>Uno dei malcapitati \u00e8 un noto rofessionista: il medico di base Gianluca Rossi. Anche lui tornato a casa, ha trovato l&#8217;uscio aperto e la finestra forzata. \u00abPer fortuna &#8211; ha dichiarato al Corriere delle Alpi &#8211;\u00a0 non ho nulla in casa, al massimo potevano rubarmi due mute da triathlon con le quali ho vinto i campionati italiani\u00bb, ci ironizza su. \u00abLa cosa che mi d\u00e0 un po&#8217; di fastidio \u00e8 che probabilmente mi hanno tenuto sotto osservazione per capire i miei orari\u00bb.<\/em><\/div>\n<\/blockquote>\n<p><strong><img loading=\"lazy\" decoding=\"async\" class=\"alignleft\" src=\"https:\/\/www.radiopiu.net\/wordpress\/wp-content\/uploads\/2023\/12\/adff62d8-42da-4b2e-8aae-522a5ff02b4a.jpg\" width=\"252\" height=\"189\" \/>BELLUNO<\/strong> Marted\u00ec, in una zona densamente popolata di Belluno, ladri hanno colpito quattro abitazioni tra le 14 e le 20. Monili e ori sono stati sottratti da due case, mentre altre due sono state rovistate senza successo. Le vie coinvolte includono via Lazzarini, via Maraga, e Bettin. Tra i derubati c&#8217;\u00e8 il medico Gianluca Rossi, che ha trovato la finestra forzata e l&#8217;abitazione a soqquadro. I carabinieri sono stati tempestivamente chiamati e hanno avviato le indagini, cercando di individuare se si tratta di una banda organizzata o di singoli ladri. Intanto, sono stati intensificati i pattugliamenti per proteggere il territorio.<\/p>\n<\/div>\n<div dir=\"auto\"><\/div>\n<div dir=\"auto\"><\/div>\n<div dir=\"auto\"><\/div>\n<div dir=\"auto\"><\/div>\n<div dir=\"auto\">\n<hr \/>\n<\/div>\n<div dir=\"auto\">\n<blockquote><p><strong><img loading=\"lazy\" decoding=\"async\" class=\"alignleft\" src=\"https:\/\/www.radiopiu.net\/wordpress\/wp-content\/uploads\/2024\/11\/726d5827-45f0-4065-8d8c-1cf580627971-scaled.jpg\" width=\"283\" height=\"212\" \/>Operazione Antidroga a Feltre: Convalidati gli Arresti<\/strong><\/p><\/blockquote>\n<p>FELTRE<\/p>\n<\/div>\n<div dir=\"auto\">\n<div class=\"flex max-w-full flex-col flex-grow\">\n<div class=\"min-h-8 text-message flex w-full flex-col items-end gap-2 whitespace-normal break-words [.text-message+&amp;]:mt-5\" dir=\"auto\" data-message-author-role=\"assistant\" data-message-id=\"b68203cd-64d5-4891-92c2-ebd7f5a4ef5d\" data-message-model-slug=\"gpt-4o\">\n<div class=\"flex w-full flex-col gap-1 empty:hidden first:pt-[3px]\">\n<div class=\"markdown prose w-full break-words dark:prose-invert dark\">\n<p>Nell&#8217;operazione antidroga condotta dai carabinieri di Feltre, due giovani, G.S. e P.A., hanno visto la custodia cautelare trasformata in obbligo di firma dopo l&#8217;udienza di convalida davanti al giudice Enrica Marson. Difesi dagli avvocati Davide Fent, Giuseppe Fantauzzi e Corrado Zasso, hanno ottenuto misure meno restrittive di quelle richieste dal pubblico ministero Alberto Primavera. Su quattro arrestati principali, tre sono tornati in libert\u00e0. L&#8217;operazione ha portato a nove arresti e al sequestro di quasi sette chili di droghe, denaro contante e armi, comprese due pistole elettriche e una penna-pistola. L&#8217;indagine, con nove perquisizioni in diverse province, \u00e8 nata da controlli intensificati nel territorio.<\/p>\n<\/div>\n<\/div>\n<\/div>\n<\/div>\n<div class=\"mb-2 flex gap-3 empty:hidden -ml-2\">\n<div class=\"items-center justify-start rounded-xl p-1 flex\">\n<div class=\"flex items-center\">\n<div class=\"flex items-center pb-0\"><\/div>\n<div><\/div>\n<div>\n<hr \/>\n<\/div>\n<div><\/div>\n<div><\/div>\n<div><strong>LA GIUDIZIARIA OGGI<\/strong><br \/>\n<strong>sintesi DAL CORRIERE DELLE ALPI<\/strong><br \/>\n<strong>GIGI SOSSO<\/strong><\/div>\n<\/div>\n<div><\/div>\n<div class=\"flex items-center\">\n<div>\n<blockquote>\n<h3><strong>Ex Marito Condannato a Sei Anni e 10 Mesi per Violenza<\/strong><\/h3>\n<\/blockquote>\n<p><strong>FELTRE<\/strong> Un 50enne marocchino \u00e8 stato condannato a sei anni e 10 mesi per atti persecutori, violenza sessuale e privata, con obbligo di risarcire 30 mila euro all&#8217;ex moglie. Il pubblico ministero Roberta Gallego aveva chiesto nove anni. Il processo, ripreso dopo il cambio di collegio, ha visto l&#8217;imputato respingere le accuse. La donna, protetta da un paravento in aula, ha descritto minacce, insulti e violenze subite, inclusi episodi di abuso sessuale. Contestata anche una tentata estorsione. La difesa mira a un appello, sostenendo l&#8217;assenza di prove dirette. La sentenza \u00e8 inferiore alle richieste iniziali della Procura, ma resta una condanna significativa per i gravi reati.<\/p>\n<\/div>\n<\/div>\n<\/div>\n<\/div>\n<\/div>\n<div dir=\"auto\"><\/div>\n<div dir=\"auto\"><\/div>\n<div dir=\"auto\">\n<hr \/>\n<\/div>\n<div dir=\"auto\">\n<p>&nbsp;<\/p>\n<div class=\"flex-shrink-0 flex flex-col relative items-end\">\n<div>\n<div class=\"pt-0\">\n<div class=\"gizmo-bot-avatar flex h-8 w-8 items-center justify-center overflow-hidden rounded-full\">\n<blockquote>\n<h2 class=\"relative p-1 rounded-sm flex items-center justify-center bg-token-main-surface-primary text-token-text-primary h-8 w-8\">Sp1 bis Madonna del Piave: Chiusura Totale per Lavori di Sicurezza<\/h2>\n<\/blockquote>\n<\/div>\n<\/div>\n<\/div>\n<\/div>\n<div class=\"group\/conversation-turn relative flex w-full min-w-0 flex-col agent-turn\">\n<div class=\"flex-col gap-1 md:gap-3\">\n<div class=\"flex max-w-full flex-col flex-grow\">\n<div class=\"min-h-8 text-message flex w-full flex-col items-end gap-2 whitespace-normal break-words [.text-message+&amp;]:mt-5\" dir=\"auto\" data-message-author-role=\"assistant\" data-message-id=\"eacaaabb-1987-4f34-839c-c1ea5110dcf8\" data-message-model-slug=\"gpt-4o\">\n<div class=\"flex w-full flex-col gap-1 empty:hidden first:pt-[3px]\">\n<div class=\"markdown prose w-full break-words dark:prose-invert dark\">\n<p><strong><a class=\"dt-pswp-item\" href=\"https:\/\/www.radiopiu.net\/wordpress\/wp-content\/uploads\/2024\/11\/6647e87d-5192-45a9-9aa8-169cf860255c-1.jpg\" data-dt-img-description=\"\" data-large_image_width=\"600\" data-large_image_height=\"800\"><img loading=\"lazy\" decoding=\"async\" class=\"size-medium wp-image-418324 alignleft\" src=\"https:\/\/www.radiopiu.net\/wordpress\/wp-content\/uploads\/2024\/11\/6647e87d-5192-45a9-9aa8-169cf860255c-1-225x300.jpg\" alt=\"\" width=\"225\" height=\"300\" srcset=\"https:\/\/www.radiopiu.net\/wordpress\/wp-content\/uploads\/2024\/11\/6647e87d-5192-45a9-9aa8-169cf860255c-1-225x300.jpg 225w, https:\/\/www.radiopiu.net\/wordpress\/wp-content\/uploads\/2024\/11\/6647e87d-5192-45a9-9aa8-169cf860255c-1.jpg 600w\" sizes=\"auto, (max-width: 225px) 100vw, 225px\" \/><\/a><\/strong><\/p>\n<p>&nbsp;<\/p>\n<p><strong>SETTEVILLE<\/strong> La strada provinciale Sp1 bis Madonna del Piave sar\u00e0 completamente chiusa al traffico dalle 9:00 di marted\u00ec 12 alle 17:00 di mercoled\u00ec 13, in corrispondenza della localit\u00e0 Caorera. La chiusura \u00e8 necessaria per effettuare la demolizione di una sporgenza rocciosa che rappresenta un potenziale pericolo per i veicoli in transito su questa importante arteria della sinistra Piave. L&#8217;intervento ha lo scopo di garantire la sicurezza degli utenti e prevenire possibili incidenti causati dalla caduta di detriti sulla carreggiata. Gli automobilisti sono invitati a pianificare percorsi alternativi e a prestare attenzione alla segnaletica stradale predisposta durante i lavori.<\/p>\n<\/div>\n<\/div>\n<\/div>\n<\/div>\n<\/div>\n<\/div>\n<p>&nbsp;<\/p>\n<\/div>\n<div dir=\"auto\"><\/div>\n<div dir=\"auto\"><\/div>\n<div dir=\"auto\"><\/div>\n<div dir=\"auto\"><\/div>\n<div dir=\"auto\"><\/div>\n<div dir=\"auto\"><\/div>\n<div dir=\"auto\"><\/div>\n<div dir=\"auto\">\n<hr \/>\n<\/div>\n<div dir=\"auto\">\n<blockquote>\n<h2><strong>Lamon in Lutto per la Scomparsa di Giosu\u00e8 Bellotto<\/strong><\/h2>\n<\/blockquote>\n<\/div>\n<div dir=\"auto\">\n<div class=\"flex max-w-full flex-col flex-grow\">\n<div class=\"min-h-8 text-message flex w-full flex-col items-end gap-2 whitespace-normal break-words [.text-message+&amp;]:mt-5\" dir=\"auto\" data-message-author-role=\"assistant\" data-message-id=\"d9c1d882-83e6-4777-93e3-c6e2b8c8db5c\" data-message-model-slug=\"gpt-4o\">\n<div class=\"flex w-full flex-col gap-1 empty:hidden first:pt-[3px]\">\n<div class=\"markdown prose w-full break-words dark:prose-invert dark\">\n<p><a class=\"dt-pswp-item\" href=\"https:\/\/www.radiopiu.net\/wordpress\/wp-content\/uploads\/2024\/11\/Senza-nome-30.png\" data-dt-img-description=\"\" data-large_image_width=\"288\" data-large_image_height=\"316\"><img loading=\"lazy\" decoding=\"async\" class=\"wp-image-418377 alignleft\" src=\"https:\/\/www.radiopiu.net\/wordpress\/wp-content\/uploads\/2024\/11\/Senza-nome-30-273x300.png\" alt=\"\" width=\"142\" height=\"156\" srcset=\"https:\/\/www.radiopiu.net\/wordpress\/wp-content\/uploads\/2024\/11\/Senza-nome-30-273x300.png 273w, https:\/\/www.radiopiu.net\/wordpress\/wp-content\/uploads\/2024\/11\/Senza-nome-30.png 288w\" sizes=\"auto, (max-width: 142px) 100vw, 142px\" \/><\/a><strong>LAMON <\/strong>La comunit\u00e0 di Lamon piange la scomparsa di Giosu\u00e8 Bellotto, venuto a mancare ieri all&#8217;et\u00e0 di 90 anni. Storico commerciante, Bellotto aveva gestito l&#8217;attivit\u00e0 di famiglia in via Resenterra, avviata nel 1955, fino alla chiusura di pochi anni fa. Dopo la perdita della moglie nel 1997, aveva continuato a lavorare, adattandosi ai tempi con servizi moderni come il Superenalotto, attirando anche una clientela giovane. Figura stimata e benvoluta, Giosu\u00e8 era padre di Stefano e Daniele, noti per i successi nell&#8217;atletica e nel calcio. Questa sera si terr\u00e0 un rosario alle 20, mentre i funerali si svolgeranno domani alle 15 nella chiesa parrocchiale.<\/p>\n<\/div>\n<\/div>\n<\/div>\n<\/div>\n<div class=\"mb-2 flex gap-3 empty:hidden -ml-2\">\n<div class=\"items-center justify-start rounded-xl p-1 flex\">\n<div class=\"flex items-center\">\n<div class=\"flex items-center pb-0\"><\/div>\n<\/div>\n<\/div>\n<\/div>\n<\/div>\n<div dir=\"auto\"><\/div>\n<div dir=\"auto\"><\/div>\n<div dir=\"auto\">\n<hr \/>\n<p><strong>\u00a0<\/strong><\/p>\n<p>&nbsp;<\/p>\n<blockquote>\n<h3><strong><a class=\"dt-pswp-item\" href=\"https:\/\/www.radiopiu.net\/wordpress\/wp-content\/uploads\/2024\/11\/Senza-nome-31.png\" data-dt-img-description=\"\" data-large_image_width=\"248\" data-large_image_height=\"248\"><img loading=\"lazy\" decoding=\"async\" class=\"wp-image-418378 alignleft\" src=\"https:\/\/www.radiopiu.net\/wordpress\/wp-content\/uploads\/2024\/11\/Senza-nome-31.png\" alt=\"\" width=\"130\" height=\"130\" srcset=\"https:\/\/www.radiopiu.net\/wordpress\/wp-content\/uploads\/2024\/11\/Senza-nome-31.png 248w, https:\/\/www.radiopiu.net\/wordpress\/wp-content\/uploads\/2024\/11\/Senza-nome-31-150x150.png 150w\" sizes=\"auto, (max-width: 130px) 100vw, 130px\" \/><\/a>Longarone in Lutto per la Scomparsa di Don Guerrino Bordignon<\/strong><\/h3>\n<\/blockquote>\n<p><strong>LONGARONE<\/strong> La comunit\u00e0 di Longarone piange la scomparsa di don Guerrino Bordignon, sacerdote salesiano, morto a 83 anni. Animatore di scout e oratorio a San Don\u00e0 di Piave, don Guerrino aveva gestito la casera dei Boldi in Valle del Grisol, rafforzando un&#8217;amicizia quarantennale con la comunit\u00e0. Il sindaco Roberto Padrin ha ricordato la sua simpatia e il contributo alla casera. Recenti migliorie alla strada di accesso, volute dal Comune, sono state purtroppo poco godute dal sacerdote, a causa della pandemia e di un incidente che ne ha compromesso la salute. I funerali si terranno sabato a Mussolente, con la presenza di una delegazione da Longarone per rendergli omaggio.<\/p>\n<\/div>\n<div dir=\"auto\"><\/div>\n<div dir=\"auto\"><\/div>\n<div dir=\"auto\"><\/div>\n<div dir=\"auto\"><\/div>\n<div dir=\"auto\">\n<hr \/>\n<\/div>\n<h2 dir=\"auto\" style=\"text-align: center;\">\u00a0CIAO&#8230; SUPER SINDACO!<\/h2>\n<p><a class=\"dt-pswp-item\" href=\"https:\/\/www.radiopiu.net\/wordpress\/wp-content\/uploads\/2024\/11\/465170880_997447975727998_5834225136439730951_n-1.jpg\" data-dt-img-description=\"\" data-large_image_width=\"506\" data-large_image_height=\"720\"><img loading=\"lazy\" decoding=\"async\" class=\"size-medium wp-image-418399 aligncenter\" src=\"https:\/\/www.radiopiu.net\/wordpress\/wp-content\/uploads\/2024\/11\/465170880_997447975727998_5834225136439730951_n-1-211x300.jpg\" alt=\"\" width=\"211\" height=\"300\" srcset=\"https:\/\/www.radiopiu.net\/wordpress\/wp-content\/uploads\/2024\/11\/465170880_997447975727998_5834225136439730951_n-1-211x300.jpg 211w, https:\/\/www.radiopiu.net\/wordpress\/wp-content\/uploads\/2024\/11\/465170880_997447975727998_5834225136439730951_n-1.jpg 506w\" sizes=\"auto, (max-width: 211px) 100vw, 211px\" \/><\/a><\/p>\n<div dir=\"auto\"><\/div>\n<div dir=\"auto\"><\/div>\n<div dir=\"auto\"><\/div>\n<div dir=\"auto\">\n<hr \/>\n<\/div>\n<blockquote>\n<h3 dir=\"auto\">LA PRESIDENTE DI ARABBA FODOM TURISMO CONTRO LE DECISIONI DELL&#8217;AMMINISTRAZIONE COMUNALE DI LIVINALLONGO<\/h3>\n<\/blockquote>\n<div dir=\"auto\"><\/div>\n<div dir=\"auto\">\n<p><strong><a class=\"dt-pswp-item\" href=\"https:\/\/www.radiopiu.net\/wordpress\/wp-content\/uploads\/2021\/07\/Pieve-di-Livinallongo_Arabba-Fodom-Turismo.jpg\" data-dt-img-description=\"\" data-large_image_width=\"2016\" data-large_image_height=\"1512\"><img loading=\"lazy\" decoding=\"async\" class=\" wp-image-222884 alignleft\" src=\"https:\/\/www.radiopiu.net\/wordpress\/wp-content\/uploads\/2021\/07\/Pieve-di-Livinallongo_Arabba-Fodom-Turismo-300x225.jpg\" alt=\"\" width=\"163\" height=\"122\" srcset=\"https:\/\/www.radiopiu.net\/wordpress\/wp-content\/uploads\/2021\/07\/Pieve-di-Livinallongo_Arabba-Fodom-Turismo-300x225.jpg 300w, https:\/\/www.radiopiu.net\/wordpress\/wp-content\/uploads\/2021\/07\/Pieve-di-Livinallongo_Arabba-Fodom-Turismo-1024x768.jpg 1024w, https:\/\/www.radiopiu.net\/wordpress\/wp-content\/uploads\/2021\/07\/Pieve-di-Livinallongo_Arabba-Fodom-Turismo-768x576.jpg 768w, https:\/\/www.radiopiu.net\/wordpress\/wp-content\/uploads\/2021\/07\/Pieve-di-Livinallongo_Arabba-Fodom-Turismo-1536x1152.jpg 1536w, https:\/\/www.radiopiu.net\/wordpress\/wp-content\/uploads\/2021\/07\/Pieve-di-Livinallongo_Arabba-Fodom-Turismo.jpg 2016w\" sizes=\"auto, (max-width: 163px) 100vw, 163px\" \/><\/a>LIVINALLONGO<\/strong><\/p>\n<p>DI LORENZO SORATROI<\/p>\n<audio class=\"wp-audio-shortcode\" id=\"audio-418266-12\" preload=\"none\" style=\"width: 100%;\" controls=\"controls\"><source type=\"audio\/mpeg\" src=\"https:\/\/www.radiopiu.net\/wordpress\/wp-content\/uploads\/2024\/11\/SORATROI-ARABBA-FODOM-TURISMO.mp3?_=12\" \/><a href=\"https:\/\/www.radiopiu.net\/wordpress\/wp-content\/uploads\/2024\/11\/SORATROI-ARABBA-FODOM-TURISMO.mp3\">https:\/\/www.radiopiu.net\/wordpress\/wp-content\/uploads\/2024\/11\/SORATROI-ARABBA-FODOM-TURISMO.mp3<\/a><\/audio>\n<p>&nbsp;<\/p>\n<p>&nbsp;<\/p>\n<hr \/>\n<p>&nbsp;<\/p>\n<blockquote>\n<h3>ROBERTO PADRIN PRESIDENTE PROVINCIA DI BELLUNO (AL TELEFONO), LUIGI FRANCAVILLA (PRESIDENTE ONORARIO LUXOTTICA) (Servizio di Tiziana Bolognani)<\/h3>\n<\/blockquote>\n<p>&nbsp;<\/p>\n<p><strong>ieri sera nel TG di Antenna 3<\/strong><\/p>\n<p><strong>di TIZIANA BOLOGNANI<\/strong><\/p>\n<p><iframe loading=\"lazy\" title=\"LUXOTTICA &#039;LA SAMSUNG D&#039;EUROPA&#039;, MA IL FUTURO POTREBBE GUARDARE OLTRALPE | 06\/11\/2024\" width=\"1200\" height=\"675\" src=\"https:\/\/www.youtube.com\/embed\/3vpbD94Yp9M?feature=oembed\" frameborder=\"0\" allow=\"accelerometer; autoplay; clipboard-write; encrypted-media; gyroscope; picture-in-picture; web-share\" referrerpolicy=\"strict-origin-when-cross-origin\" allowfullscreen><\/iframe><\/p>\n<p>&nbsp;<\/p>\n<p>&nbsp;<\/p>\n<\/div>\n<hr \/>\n<blockquote>\n<h2><\/h2>\n<h2>Esercitazione di Protezione Civile \u201cVal Natisone 24\u201d in Comelico<\/h2>\n<\/blockquote>\n<p>Il territorio montano del Comelico, e in particolare la Valgrande, ospita l\u2019esercitazione di protezione civile \u201cVal Natisone 24\u201d, un\u2019importante iniziativa che coinvolge diverse realt\u00e0 del sistema di soccorso alpino. L\u2019evento, promosso e coordinato dall\u2019Associazione Nazionale Alpini (Ana), si avvale della collaborazione con il Comando Truppe Alpine dell\u2019Esercito Italiano e l\u2019ente di Sanit\u00e0 Alpina, per garantire un\u2019attivit\u00e0 complessa e strutturata. Questa esercitazione ha l\u2019obiettivo di testare e migliorare l\u2019efficacia della risposta congiunta a situazioni di emergenza in ambiente montano, affrontando scenari realistici e difficili. Gli alpini, con la loro esperienza, si uniscono ai reparti sanitari e alle truppe militari per mettere in pratica strategie di intervento rapido e coordinato, contribuendo cos\u00ec alla sicurezza e alla prevenzione delle catastrofi naturali nella zona alpina. L\u2019iniziativa riflette l\u2019importanza della cooperazione tra enti civili e militari per gestire emergenze in aree impervie e ad alto rischio, valorizzando la capacit\u00e0 di resilienza delle comunit\u00e0 montane. L\u2019esercitazione prevede simulazioni di soccorso e assistenza sanitaria, mettendo alla prova i volontari e le forze impegnate in attivit\u00e0 operative e logistiche, con un focus particolare sulla gestione sanitaria d\u2019emergenza.<\/p>\n<p>L&#8217;ASSESSORE REGIONALE ALLA PROTEZIONE CIVILE, GIANPAOLO BOTTACIN<\/p>\n<div style=\"width: 848px;\" class=\"wp-video\"><video class=\"wp-video-shortcode\" id=\"video-418266-1\" width=\"848\" height=\"480\" preload=\"metadata\" controls=\"controls\"><source type=\"video\/mp4\" src=\"https:\/\/www.radiopiu.net\/wordpress\/wp-content\/uploads\/2024\/11\/WhatsApp-Video-2024-11-06-at-13.35.19.mp4?_=1\" \/><a href=\"https:\/\/www.radiopiu.net\/wordpress\/wp-content\/uploads\/2024\/11\/WhatsApp-Video-2024-11-06-at-13.35.19.mp4\">https:\/\/www.radiopiu.net\/wordpress\/wp-content\/uploads\/2024\/11\/WhatsApp-Video-2024-11-06-at-13.35.19.mp4<\/a><\/video><\/div>\n<p>&nbsp;<\/p>\n<p>&nbsp;<\/p>\n<hr \/>\n<p>&nbsp;<\/p>\n<blockquote>\n<h2>Dino Bridda riceve il Premio San Martino 2024 a Belluno &#8220;lavorare nelle retrovie per il bene degli altri&#8221;<\/h2>\n<\/blockquote>\n<p><strong><img loading=\"lazy\" decoding=\"async\" class=\"alignleft\" src=\"https:\/\/www.radiopiu.net\/wordpress\/wp-content\/uploads\/2024\/11\/09960a62-3c79-46d2-9761-0ef2b96aa186-scaled.jpg\" width=\"243\" height=\"182\" \/>BELLUNO<\/strong><\/p>\n<div class=\"flex max-w-full flex-col flex-grow\">\n<div class=\"min-h-8 text-message flex w-full flex-col items-end gap-2 whitespace-normal break-words [.text-message+&amp;]:mt-5\" dir=\"auto\" data-message-author-role=\"assistant\" data-message-id=\"75199e16-622d-470b-8142-545b46e3647c\" data-message-model-slug=\"gpt-4o\">\n<div class=\"flex w-full flex-col gap-1 empty:hidden first:pt-[3px]\">\n<div class=\"markdown prose w-full break-words dark:prose-invert dark\">\n<p>Luned\u00ec mattina, il Teatro \u201cDino Buzzati\u201d di Belluno ospiter\u00e0 la cerimonia di consegna del Premio San Martino 2024, assegnato a Dino Bridda. Giornalista, volontario e penna nera, Bridda ha dedicato la sua vita al racconto e alla promozione della comunit\u00e0 bellunese, sostenendo il volontariato e valorizzando la storia locale.<\/p>\n<\/div>\n<p>&nbsp;<\/p>\n<p>&nbsp;<\/p>\n<p><strong>DI DANIELE DALVIT<\/strong><\/p>\n<audio class=\"wp-audio-shortcode\" id=\"audio-418266-13\" preload=\"none\" style=\"width: 100%;\" controls=\"controls\"><source type=\"audio\/mpeg\" src=\"https:\/\/www.radiopiu.net\/wordpress\/wp-content\/uploads\/2024\/11\/Servizio-Premio-San-Martino-Dino-Bridda.mp3?_=13\" \/><a href=\"https:\/\/www.radiopiu.net\/wordpress\/wp-content\/uploads\/2024\/11\/Servizio-Premio-San-Martino-Dino-Bridda.mp3\">https:\/\/www.radiopiu.net\/wordpress\/wp-content\/uploads\/2024\/11\/Servizio-Premio-San-Martino-Dino-Bridda.mp3<\/a><\/audio>\n<p>&nbsp;<\/p>\n<p>&nbsp;<\/p>\n<hr \/>\n<p>&nbsp;<\/p>\n<p>&nbsp;<\/p>\n<blockquote>\n<h3><a class=\"dt-pswp-item\" href=\"https:\/\/www.radiopiu.net\/wordpress\/wp-content\/uploads\/2024\/10\/DolomitiBus_02-scaled.jpg\" data-dt-img-description=\"\" data-large_image_width=\"2560\" data-large_image_height=\"1708\"><img loading=\"lazy\" decoding=\"async\" class=\"wp-image-413158 alignleft\" src=\"https:\/\/www.radiopiu.net\/wordpress\/wp-content\/uploads\/2024\/10\/DolomitiBus_02-300x200.jpg\" alt=\"\" width=\"179\" height=\"119\" srcset=\"https:\/\/www.radiopiu.net\/wordpress\/wp-content\/uploads\/2024\/10\/DolomitiBus_02-300x200.jpg 300w, https:\/\/www.radiopiu.net\/wordpress\/wp-content\/uploads\/2024\/10\/DolomitiBus_02-1024x683.jpg 1024w, https:\/\/www.radiopiu.net\/wordpress\/wp-content\/uploads\/2024\/10\/DolomitiBus_02-768x513.jpg 768w, https:\/\/www.radiopiu.net\/wordpress\/wp-content\/uploads\/2024\/10\/DolomitiBus_02-1536x1025.jpg 1536w, https:\/\/www.radiopiu.net\/wordpress\/wp-content\/uploads\/2024\/10\/DolomitiBus_02-2048x1367.jpg 2048w\" sizes=\"auto, (max-width: 179px) 100vw, 179px\" \/><\/a>SCIOPERO NAZIONALE DEI TRASPORTI<\/h3>\n<\/blockquote>\n<p><strong>BELLUNO<\/strong> Le organizzazioni sindacali territoriali di Belluno aderiranno allo sciopero nazionale del settore, indetto per venerd\u00ec 8 novembre 2024, per una durata di 24 ore, in conformit\u00e0 con la normativa sui servizi pubblici essenziali.<\/p>\n<h2>PER CONSULTARE LE LINEE GARANTITE NELLA GIORNATA <a href=\"https:\/\/www.radiopiu.net\/wordpress\/wp-content\/uploads\/2024\/10\/AP-08-11-2024-24h-senza-fasce-corse-garantite.pdf\"><span style=\"color: #3366ff;\">CLICCA QUI\u00a0<\/span><\/a><\/h2>\n<p>&nbsp;<\/p>\n<blockquote><p><strong>Sciopero Nazionale del Trasporto Pubblico: Belluno Pronta ad Affrontare i Disagi<\/strong><\/p><\/blockquote>\n<p>La Provincia di Belluno ha partecipato all\u2019incontro in Prefettura, dove Dolomitibus ha confermato possibili disagi. L&#8217;azienda garantir\u00e0 il 30% dei servizi essenziali durante le fasce protette (5.40-8.10 e 12.10-15.40) e i servizi socialmente rilevanti come scuolabus e trasporti per disabili. Il consigliere provinciale Massimo Bortoluzzi ha esortato i passeggeri a consultare gli orari sul sito di Dolomitibus e ha auspicato un accordo nazionale per il rinnovo contrattuale, fondamentale per la sostenibilit\u00e0 del settore, in difficolt\u00e0 non solo a Belluno, ma in tutta Italia.<\/p>\n<p>&nbsp;<\/p>\n<p>&nbsp;<\/p>\n<div dir=\"auto\">\n<hr \/>\n<\/div>\n<div dir=\"auto\"><\/div>\n<blockquote>\n<h3 dir=\"auto\">Aggressioni e Intimidazioni: L&#8217;Allarme dei Sindacati sui Lavoratori del Trasporto Pubblico Bellunese<\/h3>\n<\/blockquote>\n<div dir=\"auto\">\n<p><strong><img loading=\"lazy\" decoding=\"async\" class=\"alignleft\" src=\"https:\/\/www.radiopiu.net\/wordpress\/wp-content\/uploads\/2021\/05\/STAZIONE-BELLUNO.png\" width=\"288\" height=\"150\" \/>BELLUNO<\/strong><\/p>\n<div class=\"flex max-w-full flex-col flex-grow\">\n<div class=\"min-h-8 text-message flex w-full flex-col items-end gap-2 whitespace-normal break-words [.text-message+&amp;]:mt-5\" dir=\"auto\" data-message-author-role=\"assistant\" data-message-id=\"2b43ad1c-4702-41d2-85b7-90adfbdd24c9\" data-message-model-slug=\"gpt-4o\">\n<div class=\"flex w-full flex-col gap-1 empty:hidden first:pt-[3px]\">\n<div class=\"markdown prose w-full break-words dark:prose-invert dark\">\n<p>In provincia di Belluno aumentano i casi di intimidazioni e aggressioni verso lavoratori del trasporto pubblico. Tra i pi\u00f9 recenti, un gruppo di minorenni ha accerchiato una giovane capotreno sulla linea Montebelluna-Feltre, mentre un autista di Dolomitibus \u00e8 stato seguito e minacciato da ragazzi a cui aveva chiesto il biglietto. Fabio Scopel (Faisa Cisal) e altri rappresentanti sindacali sottolineano che, pur non essendo episodi eclatanti come in altre regioni, la sicurezza resta una priorit\u00e0. Servono pi\u00f9 controlli, pulsanti d&#8217;emergenza collegati alle forze dell&#8217;ordine e maggiori tutele legali per i lavoratori. Situazioni di incivilt\u00e0 e stress stanno rendendo difficile attrarre nuovi autisti e mantenere quelli attuali.<\/p>\n<\/div>\n<\/div>\n<\/div>\n<\/div>\n<\/div>\n<p>&nbsp;<\/p>\n<p>&nbsp;<\/p>\n<hr \/>\n<p>&nbsp;<\/p>\n<blockquote>\n<h2>DILLO A RADIO PIU&#8217;&#8230;MOTORIZZAZIONE BELLUNO A RILENTO E SENZA RISPOSTE<\/h2>\n<\/blockquote>\n<p><a class=\"dt-pswp-item\" href=\"https:\/\/www.radiopiu.net\/wordpress\/wp-content\/uploads\/2024\/11\/Senza-nome-28.png\" data-dt-img-description=\"\" data-large_image_width=\"499\" data-large_image_height=\"379\"><img loading=\"lazy\" decoding=\"async\" class=\" wp-image-418341 alignleft\" src=\"https:\/\/www.radiopiu.net\/wordpress\/wp-content\/uploads\/2024\/11\/Senza-nome-28-300x228.png\" alt=\"\" width=\"236\" height=\"179\" srcset=\"https:\/\/www.radiopiu.net\/wordpress\/wp-content\/uploads\/2024\/11\/Senza-nome-28-300x228.png 300w, https:\/\/www.radiopiu.net\/wordpress\/wp-content\/uploads\/2024\/11\/Senza-nome-28.png 499w\" sizes=\"auto, (max-width: 236px) 100vw, 236px\" \/><\/a>Riceviamo e volentieri pubblichiamo<\/p>\n<p>Mi rivolgo a voi di Radio Pi\u00f9 per evidenziare una problematica che affligge i cittadini. Dal termine di agosto, il portale dell\u2019automobilista \u00e8 inaccessibile per la prenotazione agli sportelli della motorizzazione a causa di una manutenzione prolungata. Ad inizio ottobre, una circolare ha indicato l\u2019invio di richieste via e-mail alla motorizzazione competente come alternativa. Tuttavia, nonostante la soluzione apparente, la motorizzazione di Belluno non ha mai risposto alle mie numerose richieste. Mio figlio, in attesa di ottenere il patentino da oltre tre mesi, \u00e8 vittima di questa inefficienza. Contattando il centralino, ho ricevuto una risposta sgarbata, priva di supporto. Chiedo chi debba vigilare su questo tema e perch\u00e9 non lo faccia.<\/p>\n<p>&nbsp;<\/p>\n<hr \/>\n<p>&nbsp;<\/p>\n<p>&nbsp;<\/p>\n<blockquote>\n<h2><img loading=\"lazy\" decoding=\"async\" class=\"alignleft\" src=\"https:\/\/www.radiopiu.net\/wordpress\/wp-content\/uploads\/2024\/11\/e440e511540b1942d8533b0fa056cb8a.webp\" width=\"207\" height=\"138\" \/>EMOZIONI E SODDISFAZIONI PER ALESSANDRA MASI<\/h2>\n<\/blockquote>\n<blockquote>\n<h3 class=\"post-single-title\">La cometa Tsuchinshan-Atlas sulle Dolomiti \u00e8 la foto del giorno della Nasa<\/h3>\n<\/blockquote>\n<div class=\"summary post-single-summary\">L&#8217;astrofotografa Alessandra Masi ha ottenuto il prestigioso riconoscimento Apod (Astronomy Picture of the Day) della Nasa per la sua immagine della cometa Tsuchinshan-Atlas sopra il Monte Pelmo e il paese di Tai, scattata il 15 ottobre. La foto mette in evidenza la lunga coda della cometa e l&#8217;ambiente mozzafiato delle Dolomiti. Masi, gi\u00e0 vincitrice di un Apod nel 2020, esprime la sua passione per il cielo notturno e il fascino di immortalare fenomeni celesti in scenari dolomitici. Malgrado le difficolt\u00e0 meteorologiche, la fotografa \u00e8 riuscita a catturare il momento in cui la cometa \u00e8 apparsa tra le nuvole, regalando uno scatto che celebra il territorio e la bellezza del cielo notturno.<\/div>\n<p>&nbsp;<\/p>\n<p>&nbsp;<\/p>\n<\/div>\n<\/div>\n<\/div>\n<hr \/>\n<p>&nbsp;<\/p>\n<p>&nbsp;<\/p>\n<blockquote><p><strong><a class=\"dt-pswp-item\" href=\"https:\/\/www.radiopiu.net\/wordpress\/wp-content\/uploads\/2024\/11\/foto-maria-silvia-gregoriano.jpg\" data-dt-img-description=\"\" data-large_image_width=\"1984\" data-large_image_height=\"1488\"><img loading=\"lazy\" decoding=\"async\" class=\"wp-image-418313 alignleft\" src=\"https:\/\/www.radiopiu.net\/wordpress\/wp-content\/uploads\/2024\/11\/foto-maria-silvia-gregoriano-300x225.jpg\" alt=\"\" width=\"196\" height=\"147\" srcset=\"https:\/\/www.radiopiu.net\/wordpress\/wp-content\/uploads\/2024\/11\/foto-maria-silvia-gregoriano-300x225.jpg 300w, https:\/\/www.radiopiu.net\/wordpress\/wp-content\/uploads\/2024\/11\/foto-maria-silvia-gregoriano-1024x768.jpg 1024w, https:\/\/www.radiopiu.net\/wordpress\/wp-content\/uploads\/2024\/11\/foto-maria-silvia-gregoriano-768x576.jpg 768w, https:\/\/www.radiopiu.net\/wordpress\/wp-content\/uploads\/2024\/11\/foto-maria-silvia-gregoriano-1536x1152.jpg 1536w, https:\/\/www.radiopiu.net\/wordpress\/wp-content\/uploads\/2024\/11\/foto-maria-silvia-gregoriano.jpg 1984w\" sizes=\"auto, (max-width: 196px) 100vw, 196px\" \/><\/a>Scuola di canto gregoriano tra Norcia e Santa Giustina: spiritualit\u00e0 e musica<\/strong><\/p><\/blockquote>\n<p><strong>SANTA GIUSTINA<\/strong> Antoine de Saint-Exup\u00e9ry sottolineava la necessit\u00e0 di restituire agli uomini un significato spirituale, e questa filosofia anima la nuova scuola di canto gregoriano. I partecipanti possono approfondire lo studio e la pratica del canto nell&#8217;antica liturgia benedettina. Le sessioni si terranno a Norcia, nell&#8217;Abbazia di San Benedetto, e a Santa Giustina (Belluno), sede dell\u2019Associazione Voce Mea. Le quattro sessioni, indipendenti tra loro, inizieranno a gennaio e ottobre a Santa Giustina, e a marzo e agosto a Norcia. Condotta da Maria Silvia Roveri (foto), la scuola offre un&#8217;esperienza immersiva che include celebrazioni liturgiche e conferenze monastiche<\/p>\n<p>&nbsp;<\/p>\n<p>&nbsp;<\/p>\n<hr \/>\n<blockquote>\n<h3><\/h3>\n<h3>MASTERCLASS DEL GUSTO CIRCOLARE ALLA MIG<\/h3>\n<\/blockquote>\n<p><strong><a class=\"dt-pswp-item\" href=\"https:\/\/www.radiopiu.net\/wordpress\/wp-content\/uploads\/2024\/11\/piatto-40-gradi.jpg\" data-dt-img-description=\"\" data-large_image_width=\"2560\" data-large_image_height=\"1706\"><img loading=\"lazy\" decoding=\"async\" class=\" wp-image-418296 alignleft\" src=\"https:\/\/www.radiopiu.net\/wordpress\/wp-content\/uploads\/2024\/11\/piatto-40-gradi-300x200.jpg\" alt=\"\" width=\"180\" height=\"120\" srcset=\"https:\/\/www.radiopiu.net\/wordpress\/wp-content\/uploads\/2024\/11\/piatto-40-gradi-300x200.jpg 300w, https:\/\/www.radiopiu.net\/wordpress\/wp-content\/uploads\/2024\/11\/piatto-40-gradi-1024x682.jpg 1024w, https:\/\/www.radiopiu.net\/wordpress\/wp-content\/uploads\/2024\/11\/piatto-40-gradi-768x512.jpg 768w, https:\/\/www.radiopiu.net\/wordpress\/wp-content\/uploads\/2024\/11\/piatto-40-gradi-1536x1024.jpg 1536w, https:\/\/www.radiopiu.net\/wordpress\/wp-content\/uploads\/2024\/11\/piatto-40-gradi-2048x1365.jpg 2048w\" sizes=\"auto, (max-width: 180px) 100vw, 180px\" \/><\/a>LONGARONE<\/strong> Il 23 e 24 novembre 2024 in occasione della MIG si terranno le Masterclass del Gusto Circolare, incontri di alta gastronomia dedicati a sostenibilit\u00e0 e cucina circolare, in collaborazione con l\u2019associazione Tempi di Recupero. Questi eventi, guidati da professionisti come Roberto Lobrano, Carlo Catani e Giulio Rocci, offriranno ai partecipanti un&#8217;immersione nei principi della cucina sostenibile e nel valore delle connessioni tra artigiani e chef. Le masterclass, arricchite dagli interventi di vari artigiani della rete Tempi di Recupero, promuoveranno lo scambio di idee e tecniche, culminando nella degustazione delle preparazioni realizzate, dimostrando come l\u2019eccellenza gastronomica possa sposare pratiche etiche e innovative.<\/p>\n<p>&nbsp;<\/p>\n<p>&nbsp;<\/p>\n<hr \/>\n<p>&nbsp;<\/p>\n<blockquote>\n<h3>IMPARARE A FARE LA GHIRLANDA NATALIZIA<\/h3>\n<\/blockquote>\n<p><strong><a class=\"dt-pswp-item\" href=\"https:\/\/www.radiopiu.net\/wordpress\/wp-content\/uploads\/2024\/11\/GHIRLANDA-NATALE.jpg\" data-dt-img-description=\"\" data-large_image_width=\"640\" data-large_image_height=\"427\"><img loading=\"lazy\" decoding=\"async\" class=\" wp-image-418290 alignleft\" src=\"https:\/\/www.radiopiu.net\/wordpress\/wp-content\/uploads\/2024\/11\/GHIRLANDA-NATALE-300x200.jpg\" alt=\"\" width=\"167\" height=\"111\" srcset=\"https:\/\/www.radiopiu.net\/wordpress\/wp-content\/uploads\/2024\/11\/GHIRLANDA-NATALE-300x200.jpg 300w, https:\/\/www.radiopiu.net\/wordpress\/wp-content\/uploads\/2024\/11\/GHIRLANDA-NATALE.jpg 640w\" sizes=\"auto, (max-width: 167px) 100vw, 167px\" \/><\/a>BELLUNO<\/strong> Il Museo Etnografico della Provincia di Belluno organizza un workshop natalizio il 30 novembre presso la villa di Seravella, in collaborazione con Blums, una flower farm delle Dolomiti. Dalle 14.30 alle 17.30, i partecipanti potranno creare una ghirlanda personalizzata con materiali naturali e fiori secchi, coltivati in modo ecologico nei campi vicini al museo. Il workshop prevede la spiegazione di tecniche di intreccio per realizzare e decorare la ghirlanda, che ogni partecipante potr\u00e0 poi portare a casa. Tutto il materiale \u00e8 incluso, e non \u00e8 richiesta esperienza precedente.<\/p>\n<p>&nbsp;<\/p>\n<p>&nbsp;<\/p>\n<p>&nbsp;<\/p>\n<hr \/>\n<p>&nbsp;<\/p>\n<blockquote>\n<h3>SALUTE OLTRE LA CITTA&#8217;, DOMANI AD AGORDO<\/h3>\n<\/blockquote>\n<p><strong><a class=\"dt-pswp-item\" href=\"https:\/\/www.radiopiu.net\/wordpress\/wp-content\/uploads\/2024\/11\/conv-palalux.png\" data-dt-img-description=\"\" data-large_image_width=\"886\" data-large_image_height=\"626\"><img loading=\"lazy\" decoding=\"async\" class=\" wp-image-418133 alignleft\" src=\"https:\/\/www.radiopiu.net\/wordpress\/wp-content\/uploads\/2024\/11\/conv-palalux-300x212.png\" alt=\"\" width=\"171\" height=\"121\" srcset=\"https:\/\/www.radiopiu.net\/wordpress\/wp-content\/uploads\/2024\/11\/conv-palalux-300x212.png 300w, https:\/\/www.radiopiu.net\/wordpress\/wp-content\/uploads\/2024\/11\/conv-palalux-768x543.png 768w, https:\/\/www.radiopiu.net\/wordpress\/wp-content\/uploads\/2024\/11\/conv-palalux.png 886w\" sizes=\"auto, (max-width: 171px) 100vw, 171px\" \/><\/a>AGORDO<\/strong> Domani si terr\u00e0 ad Agordo il terzo appuntamento della serie di convegni \u201cSalute oltre la citt\u00e0,\u201d dedicati al tema della sanit\u00e0 in montagna. Dopo i precedenti incontri a Feltre e Pieve di Cadore, il convegno ad Agordo, presso il Palaluxottica, sar\u00e0 incentrato su \u201cRisonanze autentiche: lo spazio della Comunit\u00e0\u201d. La giornata offrir\u00e0 un confronto sul ruolo della medicina territoriale in ambito montano, coinvolgendo altre realt\u00e0 regionali. Tra i relatori ci saranno il Direttore dell\u2019Area Sanit\u00e0 e Sociale del Veneto Massimo Annicchiarico, l\u2019accademico e gi\u00e0 presidente dell\u2019Istituto Superiore di Sanit\u00e0 Silvio Brusaferro, e Giuseppe De Castro, coordinatore delle iniziative Welfare di Luxottica.<\/p>\n<p>&nbsp;<\/p>\n<hr \/>\n<p>&nbsp;<\/p>\n<blockquote>\n<h2>47 ANNI DI CONSULTORIO, LETTURA RECITATA SULLA COMUNICAZIONE DI COPPIA<\/h2>\n<\/blockquote>\n<div class=\"group\/conversation-turn relative flex w-full min-w-0 flex-col agent-turn\">\n<div class=\"flex-col gap-1 md:gap-3\">\n<div class=\"flex max-w-full flex-col flex-grow\">\n<div class=\"min-h-8 text-message flex w-full flex-col items-end gap-2 whitespace-normal break-words [.text-message+&amp;]:mt-5\" dir=\"auto\" data-message-author-role=\"assistant\" data-message-id=\"98da7b45-3909-4ddc-a018-9c6852e9629e\" data-message-model-slug=\"gpt-4o\">\n<div class=\"flex w-full flex-col gap-1 empty:hidden first:pt-[3px]\">\n<div class=\"markdown prose w-full break-words dark:prose-invert dark\">\n<p><b><img loading=\"lazy\" decoding=\"async\" class=\"alignleft\" src=\"https:\/\/www.radiopiu.net\/wordpress\/wp-content\/uploads\/2024\/11\/Senza-nome-23.png\" width=\"223\" height=\"174\" \/>BELLUNO\u00a0 <\/b>Venerd\u00ec 15 novembre, alle ore 20.30, il Teatro Giovanni XXIII\u00b0 di Belluno ospiter\u00e0 un evento speciale per celebrare i 47 anni di attivit\u00e0 del Consultorio Familiare Socio-Educativo di Belluno O.d.V. In collaborazione con la compagnia Bretelle Lasche, verr\u00e0 presentato lo spettacolo <em>Delirio di coppia (Comunicazione efficace)<\/em>, una lettura recitata di brani tratti dalla commedia <em>Delirio a due<\/em> di Eug\u00e8ne Ionesco, interpretata da Michele Firpo e Laura Portunato. A seguire, la professoressa Fabiana Filippi, docente dello IUSVE, approfondir\u00e0 il tema della comunicazione all&#8217;interno della coppia, offrendo spunti di riflessione su come migliorare e comprendere le dinamiche relazionali. L&#8217;ingresso \u00e8 libero per tutti i partecipanti.<\/p>\n<\/div>\n<\/div>\n<\/div>\n<\/div>\n<\/div>\n<\/div>\n<p>&nbsp;<\/p>\n<p>&nbsp;<\/p>\n<p>&nbsp;<\/p>\n<hr \/>\n<p>&nbsp;<\/p>\n<blockquote>\n<h1><a class=\"dt-pswp-item\" href=\"https:\/\/www.radiopiu.net\/wordpress\/wp-content\/uploads\/2024\/11\/th-2.jpg\" data-dt-img-description=\"\" data-large_image_width=\"144\" data-large_image_height=\"180\"><img loading=\"lazy\" decoding=\"async\" class=\"size-full wp-image-418185 alignleft\" src=\"https:\/\/www.radiopiu.net\/wordpress\/wp-content\/uploads\/2024\/11\/th-2.jpg\" alt=\"\" width=\"144\" height=\"180\" \/><\/a>ROBERTO FAORO SABATO A FELTRE\u00a0 E IL 14 NOVEMBRE IN DIRETTA ALLA RADIO<\/h1>\n<p>Sabato i misteri di Alleghe e 60 anni dalla pubblicazione, una storia che rimarr\u00e0 per sempre&#8230;indecifrabile<br \/>\nGiovedi 14 novembre Roberto Faoro sar\u00e0 ospite della trasmissione, &#8220;di sera alla radio&#8221; con Mirko Mezzacasa. Parleremo del libro di Roberto, dei suoi spettacoli ed eventi, presto anche nell&#8217;Agordino<\/p><\/blockquote>\n<h1>audio<\/h1>\n<audio class=\"wp-audio-shortcode\" id=\"audio-418266-14\" preload=\"none\" style=\"width: 100%;\" controls=\"controls\"><source type=\"audio\/mpeg\" src=\"https:\/\/www.radiopiu.net\/wordpress\/wp-content\/uploads\/2024\/11\/faoro-belluno-sabato.mp3?_=14\" \/><a href=\"https:\/\/www.radiopiu.net\/wordpress\/wp-content\/uploads\/2024\/11\/faoro-belluno-sabato.mp3\">https:\/\/www.radiopiu.net\/wordpress\/wp-content\/uploads\/2024\/11\/faoro-belluno-sabato.mp3<\/a><\/audio>\n<p>&nbsp;<\/p>\n<p>&nbsp;<\/p>\n<hr \/>\n<p>&nbsp;<\/p>\n<blockquote>\n<h3>DOMENICA L&#8217;ASSEMBLEA ANNUALE DEL GRUPPO ANA MONTE CIVETTA<\/h3>\n<\/blockquote>\n<p><strong>ALLEGHE<\/strong> Domeinca il Gruppo ANA Monte Civetta si riunisce per l&#8217;assemblea annuale. Ritrovo alle 10:15 al Municipio e sfilata fino alla chiesa per la messa. Alle 11:30 l&#8217;assemblea e alle 13 il pranzo all&#8217;Hotel Delle Alpi di Alleghe.<\/p>\n<p>&nbsp;<\/p>\n<p>&nbsp;<\/p>\n<hr \/>\n<p>&nbsp;<\/p>\n<p>&nbsp;<\/p>\n<blockquote>\n<h2>AD AGORDO LA PRESENTAZIONE DELLA LEGGE SULLA MONTAGNA<\/h2>\n<\/blockquote>\n<p><strong><a class=\"dt-pswp-item\" href=\"https:\/\/www.radiopiu.net\/wordpress\/wp-content\/uploads\/2024\/11\/original-236F00B4-B699-49F6-97E6-9EC94CFC3D02.jpeg\" data-dt-img-description=\"\" data-large_image_width=\"1131\" data-large_image_height=\"1600\"><img loading=\"lazy\" decoding=\"async\" class=\"size-medium wp-image-418334 alignleft\" src=\"https:\/\/www.radiopiu.net\/wordpress\/wp-content\/uploads\/2024\/11\/original-236F00B4-B699-49F6-97E6-9EC94CFC3D02-212x300.jpeg\" alt=\"\" width=\"212\" height=\"300\" srcset=\"https:\/\/www.radiopiu.net\/wordpress\/wp-content\/uploads\/2024\/11\/original-236F00B4-B699-49F6-97E6-9EC94CFC3D02-212x300.jpeg 212w, https:\/\/www.radiopiu.net\/wordpress\/wp-content\/uploads\/2024\/11\/original-236F00B4-B699-49F6-97E6-9EC94CFC3D02-724x1024.jpeg 724w, https:\/\/www.radiopiu.net\/wordpress\/wp-content\/uploads\/2024\/11\/original-236F00B4-B699-49F6-97E6-9EC94CFC3D02-768x1086.jpeg 768w, https:\/\/www.radiopiu.net\/wordpress\/wp-content\/uploads\/2024\/11\/original-236F00B4-B699-49F6-97E6-9EC94CFC3D02-1086x1536.jpeg 1086w, https:\/\/www.radiopiu.net\/wordpress\/wp-content\/uploads\/2024\/11\/original-236F00B4-B699-49F6-97E6-9EC94CFC3D02.jpeg 1131w\" sizes=\"auto, (max-width: 212px) 100vw, 212px\" \/><\/a>AGORDO<\/strong> Parte da Agordo il ciclo di incontri voluto dal senatore bellunese di Fratelli d&#8217;Italia, Luca De Carlo, sulla Legge sulla Montagna, approvata pochi giorni fa in prima lettura al Senato, dove lo stesso De Carlo \u00e8 intervenuto per la dichiarazione di voto del suo partito. Il primo appuntamento con \u201cIl Bellunese al Senato. Luca De Carlo illustra i contenuti della Legge sulla Montagna\u201d \u00e8 fissato per sabato 9 novembre ad Agordo, in Sala Don Tamis, con inizio alle ore 18.00. Dopo i saluti delle autorit\u00e0 presenti, spazio all&#8217;intervento di De Carlo, che \u2013 oltre a rivestire il ruolo di presidente della \u00a0IX Commissione Senato &#8211; Industria, commercio, turismo, agricoltura e produzione agroalimentare \u2013 \u00e8 stato anche autore e firmatario di diversi emendamenti migliorativi alla legge. A moderare la serata, sar\u00e0 il direttore di Radio Pi\u00f9, Mirko Mezzacasa.<\/p>\n<blockquote>\n<div><em>\u201cSi tratta di una serie di appuntamenti che ho voluto promuovere nel territorio bellunese per spiegare a cittadini e amministratori quali sono le principali novit\u00e0 della Legge sulla Montagna: in queste serate si parler\u00e0 del futuro della nostra provincia e delle nostre genti\u201d, spiega De Carlo. \u201cToccheremo tutto il territorio provinciale, dalle \u201cterre alte\u201d ai fondovalle, perch\u00e9 vogliamo comunicare al meglio un provvedimento che s\u00ec mette risorse, ma soprattutto promuove una strategia per la montagna, dando il giusto ruolo a chi qua vive, abita, lavora e vuole continuare a farlo\u201d.<\/em><\/div>\n<\/blockquote>\n<div><\/div>\n<div><\/div>\n<div><\/div>\n<p>&nbsp;<\/p>\n<hr \/>\n<p>&nbsp;<\/p>\n<h2><span style=\"color: #ff0000;\"><a class=\"dt-pswp-item\" href=\"https:\/\/www.radiopiu.net\/wordpress\/wp-content\/uploads\/2022\/03\/254026600_962124181039693_1306450083412456774_n.png\" data-dt-img-description=\"\" data-large_image_width=\"390\" data-large_image_height=\"300\"><img loading=\"lazy\" decoding=\"async\" class=\"wp-image-267555 alignleft\" src=\"https:\/\/www.radiopiu.net\/wordpress\/wp-content\/uploads\/2022\/03\/254026600_962124181039693_1306450083412456774_n-300x231.png\" alt=\"\" width=\"182\" height=\"140\" srcset=\"https:\/\/www.radiopiu.net\/wordpress\/wp-content\/uploads\/2022\/03\/254026600_962124181039693_1306450083412456774_n-300x231.png 300w, https:\/\/www.radiopiu.net\/wordpress\/wp-content\/uploads\/2022\/03\/254026600_962124181039693_1306450083412456774_n.png 390w\" sizes=\"auto, (max-width: 182px) 100vw, 182px\" \/><\/a>CONSIGLI COMUNALI IN AGORDINO<\/span><\/h2>\n<p><strong>SELVA DI CADORE<\/strong> Consiglio comunale convocato per oggi alle 18:30. Tre punti da discutere tra cui l\u2019approvazione del DUP e l\u2019assemblea osrdinaria di Val Fiorentina SPA<\/p>\n<p>&nbsp;<\/p>\n<p>&nbsp;<\/p>\n<p>&nbsp;<\/p>\n<p>&nbsp;<\/p>\n<hr \/>\n<p>&nbsp;<\/p>\n<p>&nbsp;<\/p>\n<blockquote><p><strong><a class=\"dt-pswp-item\" href=\"https:\/\/www.radiopiu.net\/wordpress\/wp-content\/uploads\/2018\/10\/ROTARY.png\" data-dt-img-description=\"\" data-large_image_width=\"200\" data-large_image_height=\"200\"><img loading=\"lazy\" decoding=\"async\" class=\"wp-image-64882 alignleft\" src=\"https:\/\/www.radiopiu.net\/wordpress\/wp-content\/uploads\/2018\/10\/ROTARY.png\" alt=\"\" width=\"98\" height=\"98\" srcset=\"https:\/\/www.radiopiu.net\/wordpress\/wp-content\/uploads\/2018\/10\/ROTARY.png 200w, https:\/\/www.radiopiu.net\/wordpress\/wp-content\/uploads\/2018\/10\/ROTARY-150x150.png 150w\" sizes=\"auto, (max-width: 98px) 100vw, 98px\" \/><\/a>&#8220;Non Abbiamo un Pianeta B&#8221;: Educazione Ambientale per Tutte le Et\u00e0 a Belluno<\/strong><\/p><\/blockquote>\n<p><strong>BELLUNO<\/strong> Il progetto AmbientiAMOci del Rotary Club di Belluno avvia una nuova edizione di &#8220;Non Abbiamo un Pianeta B&#8221;, estendendo la sensibilizzazione sul cambiamento climatico a studenti, adulti e anziani. Le attivit\u00e0, svolte con la collaborazione di Insieme si Pu\u00f2\u2026 ONG e Cantiere della Provvidenza, includono incontri educativi e dibattiti per promuovere consapevolezza e azione.\u00a0 Il progetto mira a creare un ponte intergenerazionale per affrontare la sfida ambientale con impegno condiviso, sottolineando l\u2019urgenza di agire uniti per il futuro del pianeta.<\/p>\n<p>&nbsp;<\/p>\n<p>&nbsp;<\/p>\n<hr \/>\n<p>&nbsp;<\/p>\n<blockquote><p><strong><a class=\"dt-pswp-item\" href=\"https:\/\/www.radiopiu.net\/wordpress\/wp-content\/uploads\/2024\/11\/CARRARO_GIOVANNI-ph.jpg\" data-dt-img-description=\"\" data-large_image_width=\"800\" data-large_image_height=\"800\"><img loading=\"lazy\" decoding=\"async\" class=\"wp-image-417807 alignleft\" src=\"https:\/\/www.radiopiu.net\/wordpress\/wp-content\/uploads\/2024\/11\/CARRARO_GIOVANNI-ph-300x300.jpg\" alt=\"\" width=\"138\" height=\"138\" srcset=\"https:\/\/www.radiopiu.net\/wordpress\/wp-content\/uploads\/2024\/11\/CARRARO_GIOVANNI-ph-300x300.jpg 300w, https:\/\/www.radiopiu.net\/wordpress\/wp-content\/uploads\/2024\/11\/CARRARO_GIOVANNI-ph-150x150.jpg 150w, https:\/\/www.radiopiu.net\/wordpress\/wp-content\/uploads\/2024\/11\/CARRARO_GIOVANNI-ph-768x768.jpg 768w, https:\/\/www.radiopiu.net\/wordpress\/wp-content\/uploads\/2024\/11\/CARRARO_GIOVANNI-ph.jpg 800w\" sizes=\"auto, (max-width: 138px) 100vw, 138px\" \/><\/a>Serata con Giovanni Carraro: Le Prealpi tra Leggende e Storia<\/strong><\/p><\/blockquote>\n<p><strong>BORGO VALBELLUNA<\/strong> Domani alle 20:45, presso l\u2019Auditorium S. Pietro di Mel, Borgo Valbelluna, l\u2019autore ed esploratore Giovanni Carraro guider\u00e0 il pubblico attraverso un racconto coinvolgente sulle Prealpi Bellunesi. La serata, anteprima del festival <em>Camminando, esperienze, sensazioni, emozioni<\/em>, sar\u00e0 arricchita da aneddoti, leggende medievali e storie locali, come quella della Casera Beta e del misterioso B24 schiantato nel \u201844.<\/p>\n<p>&nbsp;<\/p>\n<p>&nbsp;<\/p>\n<hr \/>\n<p>&nbsp;<\/p>\n<blockquote>\n<h3><a class=\"dt-pswp-item\" href=\"https:\/\/www.radiopiu.net\/wordpress\/wp-content\/uploads\/2024\/11\/ebda95b6-6ee3-4979-bc1b-23ad08e9ba74.jpg\" data-dt-img-description=\"\" data-large_image_width=\"1131\" data-large_image_height=\"1600\"><img loading=\"lazy\" decoding=\"async\" class=\" wp-image-417610 alignleft\" src=\"https:\/\/www.radiopiu.net\/wordpress\/wp-content\/uploads\/2024\/11\/ebda95b6-6ee3-4979-bc1b-23ad08e9ba74-212x300.jpg\" alt=\"\" width=\"95\" height=\"134\" srcset=\"https:\/\/www.radiopiu.net\/wordpress\/wp-content\/uploads\/2024\/11\/ebda95b6-6ee3-4979-bc1b-23ad08e9ba74-212x300.jpg 212w, https:\/\/www.radiopiu.net\/wordpress\/wp-content\/uploads\/2024\/11\/ebda95b6-6ee3-4979-bc1b-23ad08e9ba74-724x1024.jpg 724w, https:\/\/www.radiopiu.net\/wordpress\/wp-content\/uploads\/2024\/11\/ebda95b6-6ee3-4979-bc1b-23ad08e9ba74-768x1086.jpg 768w, https:\/\/www.radiopiu.net\/wordpress\/wp-content\/uploads\/2024\/11\/ebda95b6-6ee3-4979-bc1b-23ad08e9ba74-1086x1536.jpg 1086w, https:\/\/www.radiopiu.net\/wordpress\/wp-content\/uploads\/2024\/11\/ebda95b6-6ee3-4979-bc1b-23ad08e9ba74.jpg 1131w\" sizes=\"auto, (max-width: 95px) 100vw, 95px\" \/><\/a>IL CORO CAI DI BELLUNO FESTEGGIA 30 ANNI<\/h3>\n<\/blockquote>\n<p><strong>BELLUNO<\/strong> Il Coro CAI Belluno festeggia 30 anni con un evento speciale domani alle 20:45 al Teatro &#8220;Dino Buzzati&#8221; di Belluno. Per celebrare questo compleanno importante, il Coro sar\u00e0 accompagnato da tre musicisti di fama internazionale: la violinista Myriam Dal Don, il fisarmonicista Ivano Battiston e il pianista Giacomo Menegardi. La serata promette un intreccio di musica e coralit\u00e0 in una delle cornici culturali pi\u00f9 suggestive della citt\u00e0.<\/p>\n<p>&nbsp;<\/p>\n<hr \/>\n<p>&nbsp;<\/p>\n<p>&nbsp;<\/p>\n<a href=\"https:\/\/www.radiopiu.net\/wordpress\/wp-content\/uploads\/2024\/11\/manifesto-70-soccorso.pdf\" class=\"pdfemb-viewer\" style=\"\" data-width=\"max\" data-height=\"max\" data-toolbar=\"top\" data-toolbar-fixed=\"on\">manifesto-70 soccorso<\/a>\n<p>&nbsp;<\/p>\n<hr \/>\n<p>&nbsp;<\/p>\n<blockquote>\n<h2>Un concerto di fraternit\u00e0 a Frassen\u00e8<\/h2>\n<\/blockquote>\n<p><strong>VOLTAGO\u00a0<\/strong><\/p>\n<p><img loading=\"lazy\" decoding=\"async\" class=\"alignleft\" src=\"https:\/\/www.radiopiu.net\/wordpress\/wp-content\/uploads\/2024\/10\/20241023_095700-scaled.jpg\" width=\"219\" height=\"154\" \/>Sabato 9 novembre, la chiesa parrocchiale di Frassen\u00e8 ospiter\u00e0 un concerto speciale, organizzato come giornata di fraternit\u00e0 per i destinatari dell&#8217;attivit\u00e0 musicale, i loro familiari e amici. L&#8217;iniziativa, promossa dall&#8217;Associazione Volontari Inserimento Disabili, ha raccolto un grande entusiasmo, tanto da dover spostare l&#8217;evento dalla chiesa di Voltago a quella pi\u00f9 capiente di Frassen\u00e8. <em>&#8220;Questo appuntamento &#8211; spiega Don Fabiano Del Favero &#8211;\u00a0 non solo rappresenta un momento musicale, ma \u00e8 un&#8217;occasione per far conoscere una realt\u00e0 di inclusione e promozione umana, mostrando l&#8217;attenzione delle comunit\u00e0 cristiane verso il bene e le sue <\/em><em>diverse espressioni. Un segno tangibile di unit\u00e0 e solidariet\u00e0 in un mondo che ne ha sempre pi\u00f9 bisogno&#8221;.<\/em><\/p>\n<p>&nbsp;<\/p>\n<hr \/>\n<p>&nbsp;<\/p>\n<p>&nbsp;<\/p>\n<div class=\"mb-2 flex gap-3 empty:hidden -ml-2\">\n<div class=\"items-center justify-start rounded-xl p-1 flex\">\n<div class=\"flex items-center\">\n<div class=\"flex max-w-full flex-col flex-grow\">\n<div class=\"min-h-8 text-message flex w-full flex-col items-end gap-2 whitespace-normal break-words [.text-message+&amp;]:mt-5\" dir=\"auto\" data-message-author-role=\"assistant\" data-message-id=\"c2b1fe33-bc8b-45f1-969f-7db88566768c\" data-message-model-slug=\"gpt-4o\">\n<div class=\"flex w-full flex-col gap-1 empty:hidden first:pt-[3px]\">\n<div class=\"markdown prose w-full break-words dark:prose-invert dark\">\n<blockquote>\n<h3><a class=\"dt-pswp-item\" href=\"https:\/\/www.radiopiu.net\/wordpress\/wp-content\/uploads\/2024\/10\/Senza-nome-97.png\" data-dt-img-description=\"\" data-large_image_width=\"325\" data-large_image_height=\"208\"><img loading=\"lazy\" decoding=\"async\" class=\"size-medium wp-image-415809 alignleft\" src=\"https:\/\/www.radiopiu.net\/wordpress\/wp-content\/uploads\/2024\/10\/Senza-nome-97-300x192.png\" alt=\"\" width=\"300\" height=\"192\" srcset=\"https:\/\/www.radiopiu.net\/wordpress\/wp-content\/uploads\/2024\/10\/Senza-nome-97-300x192.png 300w, https:\/\/www.radiopiu.net\/wordpress\/wp-content\/uploads\/2024\/10\/Senza-nome-97.png 325w\" sizes=\"auto, (max-width: 300px) 100vw, 300px\" \/><\/a>LA CENA DEI COSCRITTI DEL 1974<\/h3>\n<\/blockquote>\n<p><strong>FALCADE<\/strong> Le cena della classe 1974 dei coscritti dell&#8217;<strong>Agordino<\/strong> si terr\u00e0\u00a0 sabato 30 novembre\u00a0 a Falcade, Hotel Stella Alpina. La cena e&#8217; aperta ai nati nel 1974 nei 16 comuni dell&#8217;Agordino, e sara&#8217; un&#8217;occasione di ritrovo,\u00a0 dopo tanto tempo e festeggiare il mezzo secolo.Info\u00a0 3478120853<\/p>\n<\/div>\n<\/div>\n<\/div>\n<\/div>\n<\/div>\n<\/div>\n<\/div>\n<div class=\"page-title-breadcrumbs\">\n<p>&nbsp;<\/p>\n<\/div>\n<p>&nbsp;<\/p>\n<p>&nbsp;<\/p>\n<p>&nbsp;<\/p>\n<p>&nbsp;<\/p>\n<hr \/>\n<p>&nbsp;<\/p>\n<blockquote>\n<h3><a class=\"dt-pswp-item\" href=\"https:\/\/www.radiopiu.net\/wordpress\/wp-content\/uploads\/2024\/10\/SCR-20241027-nyyf.png\" data-dt-img-description=\"\" data-large_image_width=\"1210\" data-large_image_height=\"646\"><img loading=\"lazy\" decoding=\"async\" class=\" wp-image-416654 alignleft\" src=\"https:\/\/www.radiopiu.net\/wordpress\/wp-content\/uploads\/2024\/10\/SCR-20241027-nyyf-300x160.png\" alt=\"\" width=\"193\" height=\"103\" srcset=\"https:\/\/www.radiopiu.net\/wordpress\/wp-content\/uploads\/2024\/10\/SCR-20241027-nyyf-300x160.png 300w, https:\/\/www.radiopiu.net\/wordpress\/wp-content\/uploads\/2024\/10\/SCR-20241027-nyyf-1024x547.png 1024w, https:\/\/www.radiopiu.net\/wordpress\/wp-content\/uploads\/2024\/10\/SCR-20241027-nyyf-768x410.png 768w, https:\/\/www.radiopiu.net\/wordpress\/wp-content\/uploads\/2024\/10\/SCR-20241027-nyyf.png 1210w\" sizes=\"auto, (max-width: 193px) 100vw, 193px\" \/><\/a>SOTTO IL MANTELLO, CON L&#8217;ASSOCIAZIONE CUCCHINI<\/h3>\n<\/blockquote>\n<p><strong>BELLUNO<\/strong><\/p>\n<p>DI ROBERTO BONA<\/p>\n<audio class=\"wp-audio-shortcode\" id=\"audio-418266-15\" preload=\"none\" style=\"width: 100%;\" controls=\"controls\"><source type=\"audio\/mpeg\" src=\"https:\/\/www.radiopiu.net\/wordpress\/wp-content\/uploads\/2024\/10\/BONA-SOTTO-IL-MANTELLO-CUCCHINI-SCADE-8-NOVEMBRE.mp3?_=15\" \/><a href=\"https:\/\/www.radiopiu.net\/wordpress\/wp-content\/uploads\/2024\/10\/BONA-SOTTO-IL-MANTELLO-CUCCHINI-SCADE-8-NOVEMBRE.mp3\">https:\/\/www.radiopiu.net\/wordpress\/wp-content\/uploads\/2024\/10\/BONA-SOTTO-IL-MANTELLO-CUCCHINI-SCADE-8-NOVEMBRE.mp3<\/a><\/audio>\n<p>&nbsp;<\/p>\n<hr \/>\n<p>&nbsp;<\/p>\n<blockquote>\n<h3><a class=\"dt-pswp-item\" href=\"https:\/\/www.radiopiu.net\/wordpress\/wp-content\/uploads\/2024\/11\/MANIFESTO-TURANDOT-BELLUNO-scaled.jpg\" data-dt-img-description=\"\" data-large_image_width=\"1792\" data-large_image_height=\"2560\"><img loading=\"lazy\" decoding=\"async\" class=\" wp-image-418155 alignleft\" src=\"https:\/\/www.radiopiu.net\/wordpress\/wp-content\/uploads\/2024\/11\/MANIFESTO-TURANDOT-BELLUNO-210x300.jpg\" alt=\"\" width=\"104\" height=\"149\" srcset=\"https:\/\/www.radiopiu.net\/wordpress\/wp-content\/uploads\/2024\/11\/MANIFESTO-TURANDOT-BELLUNO-210x300.jpg 210w, https:\/\/www.radiopiu.net\/wordpress\/wp-content\/uploads\/2024\/11\/MANIFESTO-TURANDOT-BELLUNO-717x1024.jpg 717w, https:\/\/www.radiopiu.net\/wordpress\/wp-content\/uploads\/2024\/11\/MANIFESTO-TURANDOT-BELLUNO-768x1097.jpg 768w, https:\/\/www.radiopiu.net\/wordpress\/wp-content\/uploads\/2024\/11\/MANIFESTO-TURANDOT-BELLUNO-1075x1536.jpg 1075w, https:\/\/www.radiopiu.net\/wordpress\/wp-content\/uploads\/2024\/11\/MANIFESTO-TURANDOT-BELLUNO-1433x2048.jpg 1433w, https:\/\/www.radiopiu.net\/wordpress\/wp-content\/uploads\/2024\/11\/MANIFESTO-TURANDOT-BELLUNO-scaled.jpg 1792w\" sizes=\"auto, (max-width: 104px) 100vw, 104px\" \/><\/a>UN DUE TRE TURANDOT AL TEATRO DI BELLUNO<\/h3>\n<\/blockquote>\n<p><strong>DI ROBERTO BONA<\/strong><\/p>\n<audio class=\"wp-audio-shortcode\" id=\"audio-418266-16\" preload=\"none\" style=\"width: 100%;\" controls=\"controls\"><source type=\"audio\/mpeg\" src=\"https:\/\/www.radiopiu.net\/wordpress\/wp-content\/uploads\/2024\/10\/BONA-UN-DUE-TRE-TOURANDOT-SCADE-9-NOVEMBRE.mp3?_=16\" \/><a href=\"https:\/\/www.radiopiu.net\/wordpress\/wp-content\/uploads\/2024\/10\/BONA-UN-DUE-TRE-TOURANDOT-SCADE-9-NOVEMBRE.mp3\">https:\/\/www.radiopiu.net\/wordpress\/wp-content\/uploads\/2024\/10\/BONA-UN-DUE-TRE-TOURANDOT-SCADE-9-NOVEMBRE.mp3<\/a><\/audio>\n<p>&nbsp;<\/p>\n<p>&nbsp;<\/p>\n<p>&nbsp;<\/p>\n<hr \/>\n<p>&nbsp;<\/p>\n<blockquote><p><a class=\"dt-pswp-item\" href=\"https:\/\/www.radiopiu.net\/wordpress\/wp-content\/uploads\/2024\/07\/Musal-e-piazza-Luciani.jpg\" data-dt-img-description=\"MUSAL E CHIESA DI CANALE D'AGORDO\" data-large_image_width=\"2560\" data-large_image_height=\"1920\"><img loading=\"lazy\" decoding=\"async\" class=\"wp-image-399384 alignleft\" src=\"https:\/\/www.radiopiu.net\/wordpress\/wp-content\/uploads\/2024\/07\/Musal-e-piazza-Luciani-300x225.jpg\" alt=\"\" width=\"151\" height=\"113\" srcset=\"https:\/\/www.radiopiu.net\/wordpress\/wp-content\/uploads\/2024\/07\/Musal-e-piazza-Luciani-300x225.jpg 300w, https:\/\/www.radiopiu.net\/wordpress\/wp-content\/uploads\/2024\/07\/Musal-e-piazza-Luciani-1024x768.jpg 1024w, https:\/\/www.radiopiu.net\/wordpress\/wp-content\/uploads\/2024\/07\/Musal-e-piazza-Luciani-768x576.jpg 768w, https:\/\/www.radiopiu.net\/wordpress\/wp-content\/uploads\/2024\/07\/Musal-e-piazza-Luciani-1536x1152.jpg 1536w, https:\/\/www.radiopiu.net\/wordpress\/wp-content\/uploads\/2024\/07\/Musal-e-piazza-Luciani-2048x1536.jpg 2048w\" sizes=\"auto, (max-width: 151px) 100vw, 151px\" \/><\/a><\/p>\n<h3>UFFICIO PROLOCO DI CANALE D&#8217;AGORDO CHIUSO<\/h3>\n<\/blockquote>\n<p><strong>CANALE D&#8217;AGORDO <\/strong>Nel mese di novembre l&#8217;ufficio Pro Loco di Canale d&#8217;Agordo sar\u00e0 CHIUSO e che il Museo e la Casa natale del beato Papa Giovanni Paolo I saranno aperti su prenotazione per gruppi di almeno 25 persone.<\/p>\n<p>&nbsp;<\/p>\n<p>&nbsp;<\/p>\n<p>&nbsp;<\/p>\n<hr \/>\n<p>&nbsp;<\/p>\n<blockquote>\n<h3><a class=\"dt-pswp-item\" href=\"https:\/\/www.radiopiu.net\/wordpress\/wp-content\/uploads\/2024\/11\/Immagine-cyrano_03.jpg\" data-dt-img-description=\"\" data-large_image_width=\"1404\" data-large_image_height=\"2048\"><img loading=\"lazy\" decoding=\"async\" class=\" wp-image-418288 alignleft\" src=\"https:\/\/www.radiopiu.net\/wordpress\/wp-content\/uploads\/2024\/11\/Immagine-cyrano_03-206x300.jpg\" alt=\"\" width=\"111\" height=\"162\" srcset=\"https:\/\/www.radiopiu.net\/wordpress\/wp-content\/uploads\/2024\/11\/Immagine-cyrano_03-206x300.jpg 206w, https:\/\/www.radiopiu.net\/wordpress\/wp-content\/uploads\/2024\/11\/Immagine-cyrano_03-702x1024.jpg 702w, https:\/\/www.radiopiu.net\/wordpress\/wp-content\/uploads\/2024\/11\/Immagine-cyrano_03-768x1120.jpg 768w, https:\/\/www.radiopiu.net\/wordpress\/wp-content\/uploads\/2024\/11\/Immagine-cyrano_03-1053x1536.jpg 1053w, https:\/\/www.radiopiu.net\/wordpress\/wp-content\/uploads\/2024\/11\/Immagine-cyrano_03.jpg 1404w\" sizes=\"auto, (max-width: 111px) 100vw, 111px\" \/><\/a>AUTUNNO A TEATRO IN COMELICO<\/h3>\n<\/blockquote>\n<p><strong>SANTO STEFANO DI CADORE<\/strong> Domenica 10 novembre alle 17.00, al Cinema Piave di S. Stefano di Cadore, la compagnia Pubbliche Bugie di Castion presenter\u00e0 \u201cAll&#8217;ombra di Cyrano\u201d per il terzo appuntamento della rassegna \u201cAutunno a Teatro in Comelico 2024\u201d. La commedia, ispirata al \u201cCyrano de Bergerac\u201d di Rostand, esplora il complesso personaggio di Cyrano e il suo amore per Rossana, combinando poesia e arti visive sotto la regia di Paolo Martinazzo. L\u2019ingresso \u00e8 di 10 \u20ac (ridotto 6 \u20ac per under 14). I biglietti sono disponibili online e sul posto. La rassegna proseguir\u00e0 con spettacoli il 24 novembre e il 1\u00b0 dicembre; dettagli su <a href=\"http:\/\/www.icomelianti.it\" target=\"_new\" rel=\"noopener\">www.icomelianti.it<\/a> e sui social.<\/p>\n<p>&nbsp;<\/p>\n<p>&nbsp;<\/p>\n<hr \/>\n<p>&nbsp;<\/p>\n<blockquote>\n<h3>AL VIA LA STAGIONE DI PROSA A BELLUNO<\/h3>\n<\/blockquote>\n<p><a class=\"dt-pswp-item\" href=\"https:\/\/www.radiopiu.net\/wordpress\/wp-content\/uploads\/2024\/11\/SCR-20241106-krtw.jpeg\" data-dt-img-description=\"Screenshot\" data-large_image_width=\"1244\" data-large_image_height=\"840\"><img loading=\"lazy\" decoding=\"async\" class=\"alignleft wp-image-418295 \" src=\"https:\/\/www.radiopiu.net\/wordpress\/wp-content\/uploads\/2024\/11\/SCR-20241106-krtw-300x203.jpeg\" alt=\"\" width=\"160\" height=\"108\" srcset=\"https:\/\/www.radiopiu.net\/wordpress\/wp-content\/uploads\/2024\/11\/SCR-20241106-krtw-300x203.jpeg 300w, https:\/\/www.radiopiu.net\/wordpress\/wp-content\/uploads\/2024\/11\/SCR-20241106-krtw-1024x691.jpeg 1024w, https:\/\/www.radiopiu.net\/wordpress\/wp-content\/uploads\/2024\/11\/SCR-20241106-krtw-768x519.jpeg 768w, https:\/\/www.radiopiu.net\/wordpress\/wp-content\/uploads\/2024\/11\/SCR-20241106-krtw.jpeg 1244w\" sizes=\"auto, (max-width: 160px) 100vw, 160px\" \/><\/a><strong>BELLUNO<\/strong> Lucilla Giagnoni inaugura la 48\u00aa Stagione di Prosa del Circolo Cultura e Stampa Bellunese con &#8220;CASTA DIVA&#8221;, uno spettacolo dedicato al mito di Maria Callas e alla figura di Medea. Sabato 9 novembre al Teatro Dino Buzzati di Belluno, Giagnoni render\u00e0 omaggio al centenario della nascita della Callas, collegando la sua iconica interpretazione della cavatina &#8220;Casta Diva&#8221; di Bellini con la potenza tragica di Medea. Sul palco si intrecciano l&#8217;immagine della luna piena e il fuoco sacrificale, evocando il fascino mistico e oscuro delle due figure, entrambe potenti e distruttive. Medea incarna la passione e la rovina, cos\u00ec come Callas, immortalata dal suo canto e dalla sua intensit\u00e0, oltre i confini del tempo.<\/p>\n<p>&nbsp;<\/p>\n<p>&nbsp;<\/p>\n<hr \/>\n<p>&nbsp;<\/p>\n<blockquote>\n<h2>&#8220;Autunno a Trichiana&#8221; al Cinema San Felice<\/h2>\n<\/blockquote>\n<p><strong><a class=\"dt-pswp-item\" href=\"https:\/\/www.radiopiu.net\/wordpress\/wp-content\/uploads\/2024\/11\/Pro-Loco-Trichiana-evento.jpg\" data-dt-img-description=\"\" data-large_image_width=\"2048\" data-large_image_height=\"922\"><img loading=\"lazy\" decoding=\"async\" class=\"size-medium wp-image-417940 alignleft\" src=\"https:\/\/www.radiopiu.net\/wordpress\/wp-content\/uploads\/2024\/11\/Pro-Loco-Trichiana-evento-300x135.jpg\" alt=\"\" width=\"300\" height=\"135\" srcset=\"https:\/\/www.radiopiu.net\/wordpress\/wp-content\/uploads\/2024\/11\/Pro-Loco-Trichiana-evento-300x135.jpg 300w, https:\/\/www.radiopiu.net\/wordpress\/wp-content\/uploads\/2024\/11\/Pro-Loco-Trichiana-evento-1024x461.jpg 1024w, https:\/\/www.radiopiu.net\/wordpress\/wp-content\/uploads\/2024\/11\/Pro-Loco-Trichiana-evento-768x346.jpg 768w, https:\/\/www.radiopiu.net\/wordpress\/wp-content\/uploads\/2024\/11\/Pro-Loco-Trichiana-evento-1536x692.jpg 1536w, https:\/\/www.radiopiu.net\/wordpress\/wp-content\/uploads\/2024\/11\/Pro-Loco-Trichiana-evento.jpg 2048w\" sizes=\"auto, (max-width: 300px) 100vw, 300px\" \/><\/a>TRICHIANA<\/strong><\/p>\n<div class=\"flex max-w-full flex-col flex-grow\">\n<div class=\"min-h-8 text-message flex w-full flex-col items-end gap-2 whitespace-normal break-words [.text-message+&amp;]:mt-5\" dir=\"auto\" data-message-author-role=\"assistant\" data-message-id=\"c3d47f35-dbf0-420d-bed1-ce0eab660a3f\" data-message-model-slug=\"gpt-4o-mini\">\n<div class=\"flex w-full flex-col gap-1 empty:hidden first:pt-[3px]\">\n<div class=\"markdown prose w-full break-words dark:prose-invert dark\">\n<p>A novembre, la Pro Loco di Trichiana presenta la 36esima edizione di &#8220;Autunno a Trichiana&#8221;, con quattro serate tematiche al Cinema San Felice, sempre alle 20.45 e ingresso libero. Si parte il 9 novembre con Alessandro Ba\u00f9, alpinista e storyteller, che parler\u00e0 di sogni e avventure. Il 16 novembre, Alex Bellini, esploratore e divulgatore ambientale, condivider\u00e0 esperienze di viaggio e riflessioni su inquinamento e cambiamento climatico, con un contributo di 5 euro. Il 23 novembre, Giulia Baroncini e Ilenia Zaccaro racconteranno le loro avventure ciclistiche. Infine, il 28 novembre, Filippo Felici esplorer\u00e0 il mondo sotterraneo in &#8220;Le terre lontane&#8221;. La rassegna promuove un\u2019idea di avventura diversificata e coinvolgente.<\/p>\n<p>&nbsp;<\/p>\n<blockquote>\n<h2>DAL MONTE PELMO ALL&#8217;ETNA CON STEFANO, PAOLO&#8230; E RADIOPIU&#8217;<\/h2>\n<\/blockquote>\n<p>&nbsp;<\/p>\n<p><strong><a class=\"dt-pswp-item\" href=\"https:\/\/www.radiopiu.net\/wordpress\/wp-content\/uploads\/2024\/11\/70ee1229-0f7b-4922-9d82-3c549c0f0579.jpg\" data-dt-img-description=\"\" data-large_image_width=\"1416\" data-large_image_height=\"1062\"><img loading=\"lazy\" decoding=\"async\" class=\" wp-image-418345 alignleft\" src=\"https:\/\/www.radiopiu.net\/wordpress\/wp-content\/uploads\/2024\/11\/70ee1229-0f7b-4922-9d82-3c549c0f0579-300x225.jpg\" alt=\"\" width=\"163\" height=\"122\" srcset=\"https:\/\/www.radiopiu.net\/wordpress\/wp-content\/uploads\/2024\/11\/70ee1229-0f7b-4922-9d82-3c549c0f0579-300x225.jpg 300w, https:\/\/www.radiopiu.net\/wordpress\/wp-content\/uploads\/2024\/11\/70ee1229-0f7b-4922-9d82-3c549c0f0579-1024x768.jpg 1024w, https:\/\/www.radiopiu.net\/wordpress\/wp-content\/uploads\/2024\/11\/70ee1229-0f7b-4922-9d82-3c549c0f0579-768x576.jpg 768w, https:\/\/www.radiopiu.net\/wordpress\/wp-content\/uploads\/2024\/11\/70ee1229-0f7b-4922-9d82-3c549c0f0579.jpg 1416w\" sizes=\"auto, (max-width: 163px) 100vw, 163px\" \/><\/a>PUNTATA 12 06 11 2024<\/strong><\/p>\n<audio class=\"wp-audio-shortcode\" id=\"audio-418266-17\" preload=\"none\" style=\"width: 100%;\" controls=\"controls\"><source type=\"audio\/mpeg\" src=\"https:\/\/www.radiopiu.net\/wordpress\/wp-content\/uploads\/2024\/11\/bortolot-mercoledi.mp3?_=17\" \/><a href=\"https:\/\/www.radiopiu.net\/wordpress\/wp-content\/uploads\/2024\/11\/bortolot-mercoledi.mp3\">https:\/\/www.radiopiu.net\/wordpress\/wp-content\/uploads\/2024\/11\/bortolot-mercoledi.mp3<\/a><\/audio>\n<p>&nbsp;<\/p>\n<p>LA RACCOLTA COMPLETA<\/p>\n<blockquote class=\"wp-embedded-content\" data-secret=\"FGbSx9VWFK\"><p><a href=\"https:\/\/www.radiopiu.net\/wordpress\/dal-monte-pelmo-alletna-con-stefano-paolo-e-radiopiu-12\/\">DAL MONTE PELMO ALL&#8217;ETNA CON STEFANO, PAOLO&#8230; E RADIOPIU&#8217;<\/a><\/p><\/blockquote>\n<p><iframe loading=\"lazy\" class=\"wp-embedded-content\" sandbox=\"allow-scripts\" security=\"restricted\" style=\"position: absolute; visibility: hidden;\" title=\"&#8220;DAL MONTE PELMO ALL&#8217;ETNA CON STEFANO, PAOLO&#8230; E RADIOPIU&#8217;&#8221; &#8212; Radio Pi\u00f9\" src=\"https:\/\/www.radiopiu.net\/wordpress\/dal-monte-pelmo-alletna-con-stefano-paolo-e-radiopiu-12\/embed\/#?secret=sWQxADYdeH#?secret=FGbSx9VWFK\" data-secret=\"FGbSx9VWFK\" width=\"600\" height=\"338\" frameborder=\"0\" marginwidth=\"0\" marginheight=\"0\" scrolling=\"no\"><\/iframe><\/p>\n<p>&nbsp;<\/p>\n<hr \/>\n<p>&nbsp;<\/p>\n<blockquote>\n<h3><\/h3>\n<h3><strong><a class=\"dt-pswp-item\" href=\"https:\/\/www.radiopiu.net\/wordpress\/wp-content\/uploads\/2024\/11\/Senza-nome-9.png\" data-dt-img-description=\"\" data-large_image_width=\"192\" data-large_image_height=\"246\"><img loading=\"lazy\" decoding=\"async\" class=\"wp-image-417941 alignleft\" src=\"https:\/\/www.radiopiu.net\/wordpress\/wp-content\/uploads\/2024\/11\/Senza-nome-9.png\" alt=\"\" width=\"99\" height=\"127\" \/><\/a>\u201cSpazio 32026\u201d a Borgo Valbelluna: un nuovo punto di ritrovo per i giovani<\/strong><\/h3>\n<\/blockquote>\n<p><strong>BORGO VALBELLUNA<\/strong> Dal 18 novembre, l\u2019Amministrazione Comunale di Borgo Valbelluna, insieme a Societ\u00e0 Nuova, inaugura \u201cSpazio 32026\u201d, uno spazio pomeridiano per studenti delle scuole secondarie di primo grado. Situato al Palazzo delle Contesse, offre supporto compiti e attivit\u00e0 scelte dai ragazzi, aiutati da educatori. Obiettivo: promuovere autonomia, creativit\u00e0 e gestione delle emozioni.<\/p>\n<\/div>\n<\/div>\n<\/div>\n<\/div>\n<div class=\"mb-2 flex gap-3 empty:hidden -ml-2\">\n<div class=\"items-center justify-start rounded-xl p-1 flex\">\n<div class=\"flex items-center\">\n<p>&nbsp;<\/p>\n<div class=\"flex\"><\/div>\n<div class=\"flex items-center pb-0\"><\/div>\n<\/div>\n<\/div>\n<\/div>\n<p>&nbsp;<\/p>\n<hr \/>\n<p>&nbsp;<\/p>\n<h2><span style=\"color: #ff6600;\">IERI ALLA RADIO\u00a0<\/span><\/h2>\n<h2><span style=\"color: #800080;\"><strong><a class=\"dt-pswp-item\" href=\"https:\/\/www.radiopiu.net\/wordpress\/wp-content\/uploads\/2024\/10\/2b41afd1-2910-40a2-aa8e-1f6263104f30.jpg\" data-dt-img-description=\"\" data-large_image_width=\"2048\" data-large_image_height=\"1536\"><img loading=\"lazy\" decoding=\"async\" class=\" wp-image-415813 alignleft\" src=\"https:\/\/www.radiopiu.net\/wordpress\/wp-content\/uploads\/2024\/10\/2b41afd1-2910-40a2-aa8e-1f6263104f30-300x225.jpg\" alt=\"\" width=\"135\" height=\"101\" srcset=\"https:\/\/www.radiopiu.net\/wordpress\/wp-content\/uploads\/2024\/10\/2b41afd1-2910-40a2-aa8e-1f6263104f30-300x225.jpg 300w, https:\/\/www.radiopiu.net\/wordpress\/wp-content\/uploads\/2024\/10\/2b41afd1-2910-40a2-aa8e-1f6263104f30-1024x768.jpg 1024w, https:\/\/www.radiopiu.net\/wordpress\/wp-content\/uploads\/2024\/10\/2b41afd1-2910-40a2-aa8e-1f6263104f30-768x576.jpg 768w, https:\/\/www.radiopiu.net\/wordpress\/wp-content\/uploads\/2024\/10\/2b41afd1-2910-40a2-aa8e-1f6263104f30-1536x1152.jpg 1536w, https:\/\/www.radiopiu.net\/wordpress\/wp-content\/uploads\/2024\/10\/2b41afd1-2910-40a2-aa8e-1f6263104f30.jpg 2048w\" sizes=\"auto, (max-width: 135px) 100vw, 135px\" \/><\/a><\/strong>BATTI CINQUE&#8230;CON MARINA ED ALESSIO<\/span><\/h2>\n<p><span style=\"color: #ff0000;\"><strong>PUNTATA 02 &#8211; PRIMA PARTE<\/strong><\/span><\/p>\n<audio class=\"wp-audio-shortcode\" id=\"audio-418266-18\" preload=\"none\" style=\"width: 100%;\" controls=\"controls\"><source type=\"audio\/mpeg\" src=\"https:\/\/www.radiopiu.net\/wordpress\/wp-content\/uploads\/2024\/10\/BATTI-5-SECONDA-PUNTATA-1.mp3?_=18\" \/><a href=\"https:\/\/www.radiopiu.net\/wordpress\/wp-content\/uploads\/2024\/10\/BATTI-5-SECONDA-PUNTATA-1.mp3\">https:\/\/www.radiopiu.net\/wordpress\/wp-content\/uploads\/2024\/10\/BATTI-5-SECONDA-PUNTATA-1.mp3<\/a><\/audio>\n<p>&nbsp;<\/p>\n<p><span style=\"color: #ff0000;\"><strong>SECONDA PARTE<\/strong><\/span><\/p>\n<audio class=\"wp-audio-shortcode\" id=\"audio-418266-19\" preload=\"none\" style=\"width: 100%;\" controls=\"controls\"><source type=\"audio\/mpeg\" src=\"https:\/\/www.radiopiu.net\/wordpress\/wp-content\/uploads\/2024\/10\/BATTI-5-SECONDA-PUNTATA-2.mp3?_=19\" \/><a href=\"https:\/\/www.radiopiu.net\/wordpress\/wp-content\/uploads\/2024\/10\/BATTI-5-SECONDA-PUNTATA-2.mp3\">https:\/\/www.radiopiu.net\/wordpress\/wp-content\/uploads\/2024\/10\/BATTI-5-SECONDA-PUNTATA-2.mp3<\/a><\/audio>\n<p><strong>\u00a0<\/strong><\/p>\n<p><span style=\"color: #ff0000;\"><strong>TERZA PARTE<\/strong><\/span><\/p>\n<audio class=\"wp-audio-shortcode\" id=\"audio-418266-20\" preload=\"none\" style=\"width: 100%;\" controls=\"controls\"><source type=\"audio\/mpeg\" src=\"https:\/\/www.radiopiu.net\/wordpress\/wp-content\/uploads\/2024\/10\/BATTI-5-SECONDA-PUNTATA-3.mp3?_=20\" \/><a href=\"https:\/\/www.radiopiu.net\/wordpress\/wp-content\/uploads\/2024\/10\/BATTI-5-SECONDA-PUNTATA-3.mp3\">https:\/\/www.radiopiu.net\/wordpress\/wp-content\/uploads\/2024\/10\/BATTI-5-SECONDA-PUNTATA-3.mp3<\/a><\/audio>\n<p>&nbsp;<\/p>\n<h2>LA RACCOLTA COMPLETA <a href=\"https:\/\/www.radiopiu.net\/wordpress\/batti-cinque-con-marina-ed-alessio-la-raccolta\/\"><span style=\"color: #3366ff;\">CLICCA QUI<\/span><\/a><\/h2>\n<p>&nbsp;<\/p>\n<hr \/>\n<p>&nbsp;<\/p>\n<h2><span style=\"color: #008080;\">LIBER, IL MERCOLEDI ALLA RADIO CON LIANA CAVALLET<\/span><\/h2>\n<p><strong>PUNTATA 08 06 NOVEMBRE 2024 MELISSA DA COSTA &#8220;TUTTO IL BLU DEL CIELO&#8221;<\/strong><\/p>\n<audio class=\"wp-audio-shortcode\" id=\"audio-418266-21\" preload=\"none\" style=\"width: 100%;\" controls=\"controls\"><source type=\"audio\/mpeg\" src=\"https:\/\/www.radiopiu.net\/wordpress\/wp-content\/uploads\/2024\/11\/LIANA.mp3?_=21\" \/><a href=\"https:\/\/www.radiopiu.net\/wordpress\/wp-content\/uploads\/2024\/11\/LIANA.mp3\">https:\/\/www.radiopiu.net\/wordpress\/wp-content\/uploads\/2024\/11\/LIANA.mp3<\/a><\/audio>\n<p>&nbsp;<\/p>\n<p><a class=\"dt-pswp-item\" href=\"https:\/\/www.radiopiu.net\/wordpress\/wp-content\/uploads\/2024\/11\/d0563d14-7364-4c53-aeb4-294451ed3a8c.jpg\" data-dt-img-description=\"\" data-large_image_width=\"359\" data-large_image_height=\"550\"><img loading=\"lazy\" decoding=\"async\" class=\"size-medium wp-image-418214 aligncenter\" src=\"https:\/\/www.radiopiu.net\/wordpress\/wp-content\/uploads\/2024\/11\/d0563d14-7364-4c53-aeb4-294451ed3a8c-196x300.jpg\" alt=\"\" width=\"196\" height=\"300\" srcset=\"https:\/\/www.radiopiu.net\/wordpress\/wp-content\/uploads\/2024\/11\/d0563d14-7364-4c53-aeb4-294451ed3a8c-196x300.jpg 196w, https:\/\/www.radiopiu.net\/wordpress\/wp-content\/uploads\/2024\/11\/d0563d14-7364-4c53-aeb4-294451ed3a8c.jpg 359w\" sizes=\"auto, (max-width: 196px) 100vw, 196px\" \/><\/a><\/p>\n<p>&nbsp;<\/p>\n<p>&nbsp;<\/p>\n<h2>LA RACCOLTA COMPLETA <a href=\"https:\/\/www.radiopiu.net\/wordpress\/liber24puntata8\/\"><span style=\"color: #3366ff;\">CLICCA QUI<\/span><\/a><\/h2>\n<p>&nbsp;<\/p>\n<hr \/>\n<p>&nbsp;<\/p>\n<h2><span style=\"color: #00ccff;\"><a class=\"dt-pswp-item\" href=\"https:\/\/www.radiopiu.net\/wordpress\/wp-content\/uploads\/2022\/11\/scuola-zaino.jpeg\" data-dt-img-description=\"\" data-large_image_width=\"626\" data-large_image_height=\"417\"><img loading=\"lazy\" decoding=\"async\" class=\" wp-image-306830 alignleft\" src=\"https:\/\/www.radiopiu.net\/wordpress\/wp-content\/uploads\/2022\/11\/scuola-zaino-300x200.jpeg\" alt=\"\" width=\"201\" height=\"134\" srcset=\"https:\/\/www.radiopiu.net\/wordpress\/wp-content\/uploads\/2022\/11\/scuola-zaino-300x200.jpeg 300w, https:\/\/www.radiopiu.net\/wordpress\/wp-content\/uploads\/2022\/11\/scuola-zaino.jpeg 626w\" sizes=\"auto, (max-width: 201px) 100vw, 201px\" \/><\/a>SE NON LA SMETTI TI MANDO DAL PRESIDE<\/span><\/h2>\n<p><strong>DI MIRKO MEZZACASA<\/strong><\/p>\n<p>CON MARIA ROSA SALMAZO<\/p>\n<audio class=\"wp-audio-shortcode\" id=\"audio-418266-22\" preload=\"none\" style=\"width: 100%;\" controls=\"controls\"><source type=\"audio\/mpeg\" src=\"https:\/\/www.radiopiu.net\/wordpress\/wp-content\/uploads\/2024\/11\/PRESIDE.mp3?_=22\" \/><a href=\"https:\/\/www.radiopiu.net\/wordpress\/wp-content\/uploads\/2024\/11\/PRESIDE.mp3\">https:\/\/www.radiopiu.net\/wordpress\/wp-content\/uploads\/2024\/11\/PRESIDE.mp3<\/a><\/audio>\n<p>&nbsp;<\/p>\n<hr \/>\n<p>&nbsp;<\/p>\n<h2><span style=\"color: #ff00ff;\">DOMENICA 10 NOVEMBRE LA LUCCIOLATA CON I BOCE DA RIF<\/span><\/h2>\n<p><strong><a class=\"dt-pswp-item\" href=\"https:\/\/www.radiopiu.net\/wordpress\/wp-content\/uploads\/2024\/11\/Senza-nome-30.jpg\" data-dt-img-description=\"\" data-large_image_width=\"472\" data-large_image_height=\"214\"><img loading=\"lazy\" decoding=\"async\" class=\"size-medium wp-image-418121 alignleft\" src=\"https:\/\/www.radiopiu.net\/wordpress\/wp-content\/uploads\/2024\/11\/Senza-nome-30-300x136.jpg\" alt=\"\" width=\"300\" height=\"136\" srcset=\"https:\/\/www.radiopiu.net\/wordpress\/wp-content\/uploads\/2024\/11\/Senza-nome-30-300x136.jpg 300w, https:\/\/www.radiopiu.net\/wordpress\/wp-content\/uploads\/2024\/11\/Senza-nome-30.jpg 472w\" sizes=\"auto, (max-width: 300px) 100vw, 300px\" \/><\/a>DI MIRKO MEZZACASA<\/strong><\/p>\n<p>OSPITE: Eva Olivier<\/p>\n<audio class=\"wp-audio-shortcode\" id=\"audio-418266-23\" preload=\"none\" style=\"width: 100%;\" controls=\"controls\"><source type=\"audio\/mpeg\" src=\"https:\/\/www.radiopiu.net\/wordpress\/wp-content\/uploads\/2024\/11\/EVA-RIF-LUCCIOLATA.mp3?_=23\" \/><a href=\"https:\/\/www.radiopiu.net\/wordpress\/wp-content\/uploads\/2024\/11\/EVA-RIF-LUCCIOLATA.mp3\">https:\/\/www.radiopiu.net\/wordpress\/wp-content\/uploads\/2024\/11\/EVA-RIF-LUCCIOLATA.mp3<\/a><\/audio>\n<p>&nbsp;<\/p>\n<hr \/>\n<p>&nbsp;<\/p>\n<p>&nbsp;<\/p>\n<blockquote class=\"wp-embedded-content\" data-secret=\"OVMRp0BkME\"><p><a href=\"https:\/\/www.radiopiu.net\/wordpress\/emozione-continua-100-anni-di-passione-raccontati-alla-radio-la-raccolta\/\">EMOZIONE CONTINUA&#8230;100 ANNI DI PASSIONE RACCONTATI ALLA RADIO &#8211; LA RACCOLTA<\/a><\/p><\/blockquote>\n<p><iframe loading=\"lazy\" class=\"wp-embedded-content\" sandbox=\"allow-scripts\" security=\"restricted\" style=\"position: absolute; visibility: hidden;\" title=\"&#8220;EMOZIONE CONTINUA&#8230;100 ANNI DI PASSIONE RACCONTATI ALLA RADIO &#8211; LA RACCOLTA&#8221; &#8212; Radio Pi\u00f9\" src=\"https:\/\/www.radiopiu.net\/wordpress\/emozione-continua-100-anni-di-passione-raccontati-alla-radio-la-raccolta\/embed\/#?secret=jRXSjHIDvT#?secret=OVMRp0BkME\" data-secret=\"OVMRp0BkME\" width=\"600\" height=\"338\" frameborder=\"0\" marginwidth=\"0\" marginheight=\"0\" scrolling=\"no\"><\/iframe><\/p>\n<p>&nbsp;<\/p>\n<blockquote class=\"wp-embedded-content\" data-secret=\"Mb0ehQ8XDG\"><p><a href=\"https:\/\/www.radiopiu.net\/wordpress\/pirole-de-lenga-la-parola-del-giorno-a-cura-del-musla-raccolta-completa\/\">PIROLE DE LENGA&#8230; LA PAROLA DEL GIORNO A CURA DEL MUSLA -raccolta completa &#8211;<\/a><\/p><\/blockquote>\n<p><iframe loading=\"lazy\" class=\"wp-embedded-content\" sandbox=\"allow-scripts\" security=\"restricted\" style=\"position: absolute; visibility: hidden;\" title=\"&#8220;PIROLE DE LENGA&#8230; LA PAROLA DEL GIORNO A CURA DEL MUSLA -raccolta completa &#8211;&#8221; &#8212; Radio Pi\u00f9\" src=\"https:\/\/www.radiopiu.net\/wordpress\/pirole-de-lenga-la-parola-del-giorno-a-cura-del-musla-raccolta-completa\/embed\/#?secret=3YD4j7opk0#?secret=Mb0ehQ8XDG\" data-secret=\"Mb0ehQ8XDG\" width=\"600\" height=\"338\" frameborder=\"0\" marginwidth=\"0\" marginheight=\"0\" scrolling=\"no\"><\/iframe><\/p>\n<p>&nbsp;<\/p>\n<blockquote class=\"wp-embedded-content\" data-secret=\"Tl6wxmaUPH\"><p><a href=\"https:\/\/www.radiopiu.net\/wordpress\/set5a\/\">EL BAL DEL FIOR, DETTI E MODI DI DIRE  LA RACCOLTA COMPLETA<\/a><\/p><\/blockquote>\n<p><iframe loading=\"lazy\" class=\"wp-embedded-content\" sandbox=\"allow-scripts\" security=\"restricted\" style=\"position: absolute; visibility: hidden;\" title=\"&#8220;EL BAL DEL FIOR, DETTI E MODI DI DIRE  LA RACCOLTA COMPLETA&#8221; &#8212; Radio Pi\u00f9\" src=\"https:\/\/www.radiopiu.net\/wordpress\/set5a\/embed\/#?secret=aeyTpu4E2X#?secret=Tl6wxmaUPH\" data-secret=\"Tl6wxmaUPH\" width=\"600\" height=\"338\" frameborder=\"0\" marginwidth=\"0\" marginheight=\"0\" scrolling=\"no\"><\/iframe><\/p>\n<p>&nbsp;<\/p>\n<blockquote class=\"wp-embedded-content\" data-secret=\"8naUIsAX5v\"><p><a href=\"https:\/\/www.radiopiu.net\/wordpress\/almanac1\/\">N di parom &#8211; L Almanach de la nosta jent RACCOLTA COMPLETA<\/a><\/p><\/blockquote>\n<p><iframe loading=\"lazy\" class=\"wp-embedded-content\" sandbox=\"allow-scripts\" security=\"restricted\" style=\"position: absolute; visibility: hidden;\" title=\"&#8220;N di parom &#8211; L Almanach de la nosta jent RACCOLTA COMPLETA&#8221; &#8212; Radio Pi\u00f9\" src=\"https:\/\/www.radiopiu.net\/wordpress\/almanac1\/embed\/#?secret=QP0ixKvwp9#?secret=8naUIsAX5v\" data-secret=\"8naUIsAX5v\" width=\"600\" height=\"338\" frameborder=\"0\" marginwidth=\"0\" marginheight=\"0\" scrolling=\"no\"><\/iframe><\/p>\n<p>&nbsp;<\/p>\n<hr \/>\n<p>&nbsp;<\/p>\n<blockquote>\n<h3>&#8220;IT ENDS WHIT US&#8221; IN PROGRAMMAZIONE AL CINEMA DOLOMITI DI FALCADE<\/h3>\n<\/blockquote>\n<p><strong><a class=\"dt-pswp-item\" href=\"https:\/\/www.radiopiu.net\/wordpress\/wp-content\/uploads\/2024\/11\/IT-ENDS-WHIT-US.jpg\" data-dt-img-description=\"\" data-large_image_width=\"1100\" data-large_image_height=\"1422\"><img loading=\"lazy\" decoding=\"async\" class=\" wp-image-418128 alignleft\" src=\"https:\/\/www.radiopiu.net\/wordpress\/wp-content\/uploads\/2024\/11\/IT-ENDS-WHIT-US-232x300.jpg\" alt=\"\" width=\"145\" height=\"188\" srcset=\"https:\/\/www.radiopiu.net\/wordpress\/wp-content\/uploads\/2024\/11\/IT-ENDS-WHIT-US-232x300.jpg 232w, https:\/\/www.radiopiu.net\/wordpress\/wp-content\/uploads\/2024\/11\/IT-ENDS-WHIT-US-792x1024.jpg 792w, https:\/\/www.radiopiu.net\/wordpress\/wp-content\/uploads\/2024\/11\/IT-ENDS-WHIT-US-768x993.jpg 768w, https:\/\/www.radiopiu.net\/wordpress\/wp-content\/uploads\/2024\/11\/IT-ENDS-WHIT-US.jpg 1100w\" sizes=\"auto, (max-width: 145px) 100vw, 145px\" \/><\/a>FALCADE<\/strong> Nel fine settimana riapre il Cinema Dolomiti di Falcade e il film in programmazione sar\u00e0 &#8220;It Ends Whit Us&#8221;, diretto da\u00a0Justin Baldoni,\u00a0adattamento cinematografico\u00a0dell&#8217;omonimo romanzo\u00a0di\u00a0Colleen Hoover. Lily Bloom torna nella sua citt\u00e0 natale per il funerale di suo padre, esitando a trovare qualcosa di positivo da dire su di lui. A Boston, apre un negozio di fiori e conosce Ryle, un neurochirurgo con cui inizia una relazione. Le cose si complicano quando Lily incontra il suo primo amore, Atlas, che gestisce un ristorante. Dopo un episodio di violenza da parte di Ryle, Atlas le suggerisce di lasciarlo. Nonostante le scuse di Ryle, che rivela un trauma infantile, Lily vive altri episodi violenti, inclusa un&#8217;aggressione durante la gravidanza. Dopo la nascita della loro figlia, Lily sceglie di divorziare per proteggere se stessa e la bambina. Anni dopo, incontra Atlas, lasciando aperta la possibilit\u00e0 di un nuovo inizio. SPETTACOLI SABATO E DOMENICA ALLE 21, DOMENICA ANCHE ALLE 15:30.<\/p>\n<p><strong>DI PAOLA LANCIATO<\/strong><\/p>\n<audio class=\"wp-audio-shortcode\" id=\"audio-418266-24\" preload=\"none\" style=\"width: 100%;\" controls=\"controls\"><source type=\"audio\/mpeg\" src=\"https:\/\/www.radiopiu.net\/wordpress\/wp-content\/uploads\/2024\/11\/It-ends-with-us-siamo-noi-a-dire-basta.mp3?_=24\" \/><a href=\"https:\/\/www.radiopiu.net\/wordpress\/wp-content\/uploads\/2024\/11\/It-ends-with-us-siamo-noi-a-dire-basta.mp3\">https:\/\/www.radiopiu.net\/wordpress\/wp-content\/uploads\/2024\/11\/It-ends-with-us-siamo-noi-a-dire-basta.mp3<\/a><\/audio>\n<p>&nbsp;<\/p>\n<hr \/>\n<p>&nbsp;<\/p>\n<h2><span style=\"color: #ff0000;\"><a class=\"dt-pswp-item\" href=\"https:\/\/www.radiopiu.net\/wordpress\/wp-content\/uploads\/2018\/09\/appuntamenti.jpeg\" data-dt-img-description=\"\" data-large_image_width=\"800\" data-large_image_height=\"100\"><img loading=\"lazy\" decoding=\"async\" class=\"wp-image-61958 size-full aligncenter\" src=\"https:\/\/www.radiopiu.net\/wordpress\/wp-content\/uploads\/2018\/09\/appuntamenti.jpeg\" alt=\"\" width=\"800\" height=\"100\" srcset=\"https:\/\/www.radiopiu.net\/wordpress\/wp-content\/uploads\/2018\/09\/appuntamenti.jpeg 800w, https:\/\/www.radiopiu.net\/wordpress\/wp-content\/uploads\/2018\/09\/appuntamenti-300x38.jpeg 300w, https:\/\/www.radiopiu.net\/wordpress\/wp-content\/uploads\/2018\/09\/appuntamenti-768x96.jpeg 768w\" sizes=\"auto, (max-width: 800px) 100vw, 800px\" \/><\/a><\/span><\/h2>\n<p>&nbsp;<\/p>\n<blockquote>\n<h1>VENERDI IN DIRETTA SUI CANALI SOCIAL DI RADIO PIU. DALLE 18<\/h1>\n<\/blockquote>\n<p><a class=\"dt-pswp-item\" href=\"https:\/\/www.radiopiu.net\/wordpress\/wp-content\/uploads\/2024\/11\/10f34721-907d-4086-ad24-f6175b8ce3bf.jpg\" data-dt-img-description=\"\" data-large_image_width=\"754\" data-large_image_height=\"1520\"><img loading=\"lazy\" decoding=\"async\" class=\"aligncenter wp-image-418032 size-large\" src=\"https:\/\/www.radiopiu.net\/wordpress\/wp-content\/uploads\/2024\/11\/10f34721-907d-4086-ad24-f6175b8ce3bf-508x1024.jpg\" alt=\"\" width=\"508\" height=\"1024\" srcset=\"https:\/\/www.radiopiu.net\/wordpress\/wp-content\/uploads\/2024\/11\/10f34721-907d-4086-ad24-f6175b8ce3bf-508x1024.jpg 508w, https:\/\/www.radiopiu.net\/wordpress\/wp-content\/uploads\/2024\/11\/10f34721-907d-4086-ad24-f6175b8ce3bf-149x300.jpg 149w, https:\/\/www.radiopiu.net\/wordpress\/wp-content\/uploads\/2024\/11\/10f34721-907d-4086-ad24-f6175b8ce3bf.jpg 754w\" sizes=\"auto, (max-width: 508px) 100vw, 508px\" \/><\/a><\/p>\n<p>&nbsp;<\/p>\n<p>&nbsp;<\/p>\n<div style=\"width: 1200px;\" class=\"wp-video\"><video class=\"wp-video-shortcode\" id=\"video-418266-2\" width=\"1200\" height=\"675\" preload=\"metadata\" controls=\"controls\"><source type=\"video\/mp4\" src=\"https:\/\/www.radiopiu.net\/wordpress\/wp-content\/uploads\/2024\/10\/WhatsApp-Video-2024-10-23-at-00.12.10.mp4?_=2\" \/><a href=\"https:\/\/www.radiopiu.net\/wordpress\/wp-content\/uploads\/2024\/10\/WhatsApp-Video-2024-10-23-at-00.12.10.mp4\">https:\/\/www.radiopiu.net\/wordpress\/wp-content\/uploads\/2024\/10\/WhatsApp-Video-2024-10-23-at-00.12.10.mp4<\/a><\/video><\/div>\n<p><strong>\u00a0<\/strong><\/p>\n<p><strong>FALCADE <\/strong>RIAPRE IL CINEMA DOLOMITI DI FALCADE. SABATO E DOMENICA VERR\u00c0 PROIETTATO IL FILM IT ENDS WHIT US. SPETTACOLI ALLE 21, DOMENICA ANCHE ALLE 15:30<\/p>\n<div class=\"flex-shrink-0 flex flex-col relative items-end\">\n<div class=\"pt-0\">\n<div class=\"gizmo-bot-avatar flex h-8 w-8 items-center justify-center overflow-hidden rounded-full\">\n<p class=\"relative p-1 rounded-sm flex items-center justify-center bg-token-main-surface-primary text-token-text-primary h-8 w-8\"><strong>CANALE D&#8217;AGORDO <\/strong>Jazzercise \u00e8 un allenamento ad alta intensit\u00e0 che combina danza, pilates, yoga e kickboxing, adatto a tutti i livelli di fitness. \u00c8 efficace per tonificare i muscoli, migliorare la postura e ottenere un fisico snello. Nell&#8217;Agordino, le lezioni si tengono a Canale d&#8217;Agordo, nella sala ex emigranti di via Lotta, il luned\u00ec dalle 18:15 alle 19:15 e il mercoled\u00ec dalle 18:30 alle 19:30. L&#8217;istruttrice certificata RaLuca ti aspetta per un allenamento coinvolgente al ritmo di musica attuale. Per informazioni: 347 9295478<\/p>\n<\/div>\n<\/div>\n<\/div>\n<p><strong>BELLUNO <\/strong>Venerd\u00ec 8 novembre, dalle ore 18, presso l&#8217;aula magna dell&#8217;Istituto Superiore Tommaso Catullo di Belluno, si terr\u00e0 un evento organizzato da Pig&amp;Menti, che propone un dialogo sugli archetipi tra linguistica e neuroscienze. I relatori saranno il professor Michele T\u00ecson e il professor Renzo Barbazza. L&#8217;evento \u00e8 realizzato in collaborazione con Banca Prealpi San Biagio e i dottori Marco Tarascio e Silvia Barbini.<\/p>\n<p>&nbsp;<\/p>\n<div>\n<div class=\"\" dir=\"auto\">\n<div id=\":r9h:\" class=\"x1iorvi4 x1pi30zi x1l90r2v x1swvt13\" data-ad-comet-preview=\"message\" data-ad-preview=\"message\">\n\n\t\t\t<style type='text\/css'>\n\t\t\t\t#gallery-1 {\n\t\t\t\t\tmargin: auto;\n\t\t\t\t}\n\t\t\t\t#gallery-1 .gallery-item {\n\t\t\t\t\tfloat: left;\n\t\t\t\t\tmargin-top: 10px;\n\t\t\t\t\ttext-align: center;\n\t\t\t\t\twidth: 25%;\n\t\t\t\t}\n\t\t\t\t#gallery-1 img {\n\t\t\t\t\tborder: 2px solid #cfcfcf;\n\t\t\t\t}\n\t\t\t\t#gallery-1 .gallery-caption {\n\t\t\t\t\tmargin-left: 0;\n\t\t\t\t}\n\t\t\t\t\/* see gallery_shortcode() in wp-includes\/media.php *\/\n\t\t\t<\/style>\n\t\t<div id='gallery-1' class='dt-gallery-container gallery galleryid-418266 gallery-columns-4 gallery-size-thumbnail'><dl class='gallery-item'>\n\t\t\t\t<dt class='gallery-icon portrait'>\n\t\t\t\t\t<a class=\"rollover rollover-zoom dt-pswp-item\" title=\"LOC_A3_MOSTRA-RADIO_CMVI\" data-dt-img-description=\"\" data-large_image_width=\"1816\" data-large_image_height=\"2560\"href='https:\/\/www.radiopiu.net\/wordpress\/wp-content\/uploads\/2024\/08\/LOC_A3_MOSTRA-RADIO_CMVI-scaled.jpg'><img loading=\"lazy\" decoding=\"async\" width=\"150\" height=\"150\" src=\"https:\/\/www.radiopiu.net\/wordpress\/wp-content\/uploads\/2024\/08\/LOC_A3_MOSTRA-RADIO_CMVI-150x150.jpg\" class=\"attachment-thumbnail size-thumbnail\" alt=\"\" aria-describedby=\"gallery-1-403450\" \/><\/a>\n\t\t\t\t<\/dt>\n\t\t\t\t\t<dd class='wp-caption-text gallery-caption' id='gallery-1-403450'>\n\t\t\t\t\tLA MOSTRA DELLE RADIO IN VALLE IMPERINA\n\t\t\t\t\t<\/dd><\/dl><dl class='gallery-item'>\n\t\t\t\t<dt class='gallery-icon portrait'>\n\t\t\t\t\t<a class=\"rollover rollover-zoom dt-pswp-item\" title=\"967a322c-9996-42d7-af75-662ca7d89e84\" data-dt-img-description=\"\" data-large_image_width=\"1080\" data-large_image_height=\"1519\"href='https:\/\/www.radiopiu.net\/wordpress\/wp-content\/uploads\/2024\/10\/967a322c-9996-42d7-af75-662ca7d89e84-1.jpg'><img loading=\"lazy\" decoding=\"async\" width=\"150\" height=\"150\" src=\"https:\/\/www.radiopiu.net\/wordpress\/wp-content\/uploads\/2024\/10\/967a322c-9996-42d7-af75-662ca7d89e84-1-150x150.jpg\" class=\"attachment-thumbnail size-thumbnail\" alt=\"\" aria-describedby=\"gallery-1-413698\" \/><\/a>\n\t\t\t\t<\/dt>\n\t\t\t\t\t<dd class='wp-caption-text gallery-caption' id='gallery-1-413698'>\n\t\t\t\t\tDOMANI\n\t\t\t\t\t<\/dd><\/dl><dl class='gallery-item'>\n\t\t\t\t<dt class='gallery-icon portrait'>\n\t\t\t\t\t<a class=\"rollover rollover-zoom dt-pswp-item\" title=\"Locandina\" data-dt-img-description=\"\" data-large_image_width=\"943\" data-large_image_height=\"1330\"href='https:\/\/www.radiopiu.net\/wordpress\/wp-content\/uploads\/2024\/10\/Locandina.png'><img loading=\"lazy\" decoding=\"async\" width=\"150\" height=\"150\" src=\"https:\/\/www.radiopiu.net\/wordpress\/wp-content\/uploads\/2024\/10\/Locandina-150x150.png\" class=\"attachment-thumbnail size-thumbnail\" alt=\"\" aria-describedby=\"gallery-1-415380\" \/><\/a>\n\t\t\t\t<\/dt>\n\t\t\t\t\t<dd class='wp-caption-text gallery-caption' id='gallery-1-415380'>\n\t\t\t\t\tCON L&#8217;ASSOCIAZIONE CUCCHINI\n\t\t\t\t\t<\/dd><\/dl><dl class='gallery-item'>\n\t\t\t\t<dt class='gallery-icon portrait'>\n\t\t\t\t\t<a class=\"rollover rollover-zoom dt-pswp-item\" title=\"Locandina 4 novembre 2024\" data-dt-img-description=\"\" data-large_image_width=\"595\" data-large_image_height=\"841\"href='https:\/\/www.radiopiu.net\/wordpress\/wp-content\/uploads\/2024\/10\/Locandina-4-novembre-2024.jpg'><img loading=\"lazy\" decoding=\"async\" width=\"150\" height=\"150\" src=\"https:\/\/www.radiopiu.net\/wordpress\/wp-content\/uploads\/2024\/10\/Locandina-4-novembre-2024-150x150.jpg\" class=\"attachment-thumbnail size-thumbnail\" alt=\"\" aria-describedby=\"gallery-1-416539\" \/><\/a>\n\t\t\t\t<\/dt>\n\t\t\t\t\t<dd class='wp-caption-text gallery-caption' id='gallery-1-416539'>\n\t\t\t\t\tIL 4 NOVEMBRE A FELTRE\n\t\t\t\t\t<\/dd><\/dl><br style=\"clear: both\" \/><dl class='gallery-item'>\n\t\t\t\t<dt class='gallery-icon portrait'>\n\t\t\t\t\t<a class=\"rollover rollover-zoom dt-pswp-item\" title=\"c8fab2c8-4352-4bfb-a3ee-fae1153adc23\" data-dt-img-description=\"\" data-large_image_width=\"1131\" data-large_image_height=\"1600\"href='https:\/\/www.radiopiu.net\/wordpress\/wp-content\/uploads\/2024\/10\/c8fab2c8-4352-4bfb-a3ee-fae1153adc23.jpg'><img loading=\"lazy\" decoding=\"async\" width=\"150\" height=\"150\" src=\"https:\/\/www.radiopiu.net\/wordpress\/wp-content\/uploads\/2024\/10\/c8fab2c8-4352-4bfb-a3ee-fae1153adc23-150x150.jpg\" class=\"attachment-thumbnail size-thumbnail\" alt=\"\" aria-describedby=\"gallery-1-417436\" \/><\/a>\n\t\t\t\t<\/dt>\n\t\t\t\t\t<dd class='wp-caption-text gallery-caption' id='gallery-1-417436'>\n\t\t\t\t\tCASTAGNATA A LA VALLE\n\t\t\t\t\t<\/dd><\/dl><dl class='gallery-item'>\n\t\t\t\t<dt class='gallery-icon portrait'>\n\t\t\t\t\t<a class=\"rollover rollover-zoom dt-pswp-item\" title=\"Esoterismo islamico Taddeo Bez 15 e 22 novembre 2024\" data-dt-img-description=\"\" data-large_image_width=\"1447\" data-large_image_height=\"2048\"href='https:\/\/www.radiopiu.net\/wordpress\/wp-content\/uploads\/2024\/11\/Esoterismo-islamico-Taddeo-Bez-15-e-22-novembre-2024.jpg'><img loading=\"lazy\" decoding=\"async\" width=\"150\" height=\"150\" src=\"https:\/\/www.radiopiu.net\/wordpress\/wp-content\/uploads\/2024\/11\/Esoterismo-islamico-Taddeo-Bez-15-e-22-novembre-2024-150x150.jpg\" class=\"attachment-thumbnail size-thumbnail\" alt=\"\" aria-describedby=\"gallery-1-417756\" \/><\/a>\n\t\t\t\t<\/dt>\n\t\t\t\t\t<dd class='wp-caption-text gallery-caption' id='gallery-1-417756'>\n\t\t\t\t\tAL CENTRO LA TERRA DEI PADRI\n\t\t\t\t\t<\/dd><\/dl><dl class='gallery-item'>\n\t\t\t\t<dt class='gallery-icon portrait'>\n\t\t\t\t\t<a class=\"rollover rollover-zoom dt-pswp-item\" title=\"892c7713-1201-42b0-b257-3bd45f0132bb\" data-dt-img-description=\"\" data-large_image_width=\"1118\" data-large_image_height=\"1600\"href='https:\/\/www.radiopiu.net\/wordpress\/wp-content\/uploads\/2024\/11\/892c7713-1201-42b0-b257-3bd45f0132bb.jpg'><img loading=\"lazy\" decoding=\"async\" width=\"150\" height=\"150\" src=\"https:\/\/www.radiopiu.net\/wordpress\/wp-content\/uploads\/2024\/11\/892c7713-1201-42b0-b257-3bd45f0132bb-150x150.jpg\" class=\"attachment-thumbnail size-thumbnail\" alt=\"\" aria-describedby=\"gallery-1-418091\" \/><\/a>\n\t\t\t\t<\/dt>\n\t\t\t\t\t<dd class='wp-caption-text gallery-caption' id='gallery-1-418091'>\n\t\t\t\t\tCASTAGNATA AD ARABBA\n\t\t\t\t\t<\/dd><\/dl><dl class='gallery-item'>\n\t\t\t\t<dt class='gallery-icon portrait'>\n\t\t\t\t\t<a class=\"rollover rollover-zoom dt-pswp-item\" title=\"b5f73050-ea2e-4c37-9da9-9c084f81ceee\" data-dt-img-description=\"\" data-large_image_width=\"1131\" data-large_image_height=\"1600\"href='https:\/\/www.radiopiu.net\/wordpress\/wp-content\/uploads\/2024\/11\/b5f73050-ea2e-4c37-9da9-9c084f81ceee.jpg'><img loading=\"lazy\" decoding=\"async\" width=\"150\" height=\"150\" src=\"https:\/\/www.radiopiu.net\/wordpress\/wp-content\/uploads\/2024\/11\/b5f73050-ea2e-4c37-9da9-9c084f81ceee-150x150.jpg\" class=\"attachment-thumbnail size-thumbnail\" alt=\"\" aria-describedby=\"gallery-1-418292\" \/><\/a>\n\t\t\t\t<\/dt>\n\t\t\t\t\t<dd class='wp-caption-text gallery-caption' id='gallery-1-418292'>\n\t\t\t\t\tSABATO ALLEGHE &#8211; DOBBIACO\n\t\t\t\t\t<\/dd><\/dl><br style=\"clear: both\" \/>\n\t\t\t<\/div>\n\n<p>&nbsp;<\/p>\n<\/div>\n<\/div>\n<\/div>\n<p>&nbsp;<\/p>\n<hr \/>\n<p>&nbsp;<\/p>\n<p class=\"mceTemp\"><a class=\"dt-pswp-item\" href=\"https:\/\/www.radiopiu.net\/wordpress\/wp-content\/uploads\/2018\/09\/WhatsApp-Image-2018-09-20-at-16.04.06.jpeg\" data-dt-img-description=\"\" data-large_image_width=\"800\" data-large_image_height=\"100\"><img loading=\"lazy\" decoding=\"async\" class=\"wp-image-61378 size-full aligncenter\" src=\"https:\/\/www.radiopiu.net\/wordpress\/wp-content\/uploads\/2018\/09\/WhatsApp-Image-2018-09-20-at-16.04.06.jpeg\" alt=\"\" width=\"800\" height=\"100\" srcset=\"https:\/\/www.radiopiu.net\/wordpress\/wp-content\/uploads\/2018\/09\/WhatsApp-Image-2018-09-20-at-16.04.06.jpeg 800w, https:\/\/www.radiopiu.net\/wordpress\/wp-content\/uploads\/2018\/09\/WhatsApp-Image-2018-09-20-at-16.04.06-300x38.jpeg 300w, https:\/\/www.radiopiu.net\/wordpress\/wp-content\/uploads\/2018\/09\/WhatsApp-Image-2018-09-20-at-16.04.06-768x96.jpeg 768w\" sizes=\"auto, (max-width: 800px) 100vw, 800px\" \/><\/a><\/p>\n<p><center><\/center><center><\/center>&nbsp;<\/p>\n<p><center><b>OGGI<\/b><\/center>Tempo stabile, con cielo sereno o poco nuvoloso per qualche velatura pi\u00f9 presente al mattino rispetto al pomeriggio. Fino al primo mattino consueta insidia di qualche foschia o banco di nebbia nelle valli prealpine<br \/>\n<b>Precipitazioni: <\/b>Assenti<br \/>\n<b>Temperature: <\/b>Ulteriore lieve calo termico in quota e attenuazione dell&#8217;inversione termica nelle valli, nelle valli stazionarie o in lieve calo.<\/p>\n<hr \/>\n<p><center><b>DOMANI<\/b><\/center>Ancora tempo stabile con cielo sereno o al pi\u00f9 poco nuvoloso per velature, a tratti estese tra pomeriggio e sera. Durante le ore pi\u00f9 fredde possibili foschie o nebbie in qualche fondovalle prealpini.<br \/>\n<b>Precipitazioni: <\/b>Assenti (0%)<br \/>\nTemperature pressoch\u00e8 stazionarie in quota, in lieve calo al di sotto dei 2000 m.<\/p>\n<hr \/>\n<p><center><b>SABATO<\/b><\/center>Cielo sereno o poco nuvoloso per velature a tratti estese su Prealpi occidentali durante le ore centrali. Permane la possibilit\u00e0 di foschie\/nebbie fino al primo mattino in alcuni fondovalle prealpini. Temperature pressoch\u00e8 stazionarie o in lieve aumento le massime nelle valli.<\/p>\n<hr \/>\n<p><center><b>DOMENICA<\/b><\/center>Tempo stabile con cielo sereno o poco nuvoloso per qualche velatura. Temperature stazionarie o in lieve calo, specie le minime a fondovalle.<\/p>\n<p>&nbsp;<\/p>\n<hr \/>\n<p>&nbsp;<\/p>\n<p>&nbsp;<\/p>\n<p class=\"mceTemp\"><a class=\"dt-pswp-item\" href=\"https:\/\/www.radiopiu.net\/wordpress\/wp-content\/uploads\/2018\/09\/sport.jpg\" data-dt-img-description=\"\" data-large_image_width=\"800\" data-large_image_height=\"100\"><img loading=\"lazy\" decoding=\"async\" class=\"aligncenter wp-image-60761 size-full\" src=\"https:\/\/www.radiopiu.net\/wordpress\/wp-content\/uploads\/2018\/09\/sport.jpg\" alt=\"\" width=\"800\" height=\"100\" srcset=\"https:\/\/www.radiopiu.net\/wordpress\/wp-content\/uploads\/2018\/09\/sport.jpg 800w, https:\/\/www.radiopiu.net\/wordpress\/wp-content\/uploads\/2018\/09\/sport-300x38.jpg 300w, https:\/\/www.radiopiu.net\/wordpress\/wp-content\/uploads\/2018\/09\/sport-768x96.jpg 768w\" sizes=\"auto, (max-width: 800px) 100vw, 800px\" \/><\/a><span style=\"color: #0000ff;\"><strong>\u00a0 \u00a0 \u00a0 \u00a0 \u00a0<\/strong><\/span><\/p>\n<p>&nbsp;<\/p>\n<p><span style=\"color: #0000ff;\"><strong>HOCKEY SU GHIACCIO<\/strong><\/span><\/p>\n<blockquote>\n<h3><a class=\"dt-pswp-item\" href=\"https:\/\/www.radiopiu.net\/wordpress\/wp-content\/uploads\/2024\/11\/IMG-20241103-WA0156.jpg\" data-dt-img-description=\"\" data-large_image_width=\"1000\" data-large_image_height=\"1014\"><img loading=\"lazy\" decoding=\"async\" class=\"wp-image-418301 alignleft\" src=\"https:\/\/www.radiopiu.net\/wordpress\/wp-content\/uploads\/2024\/11\/IMG-20241103-WA0156-296x300.jpg\" alt=\"\" width=\"164\" height=\"166\" srcset=\"https:\/\/www.radiopiu.net\/wordpress\/wp-content\/uploads\/2024\/11\/IMG-20241103-WA0156-296x300.jpg 296w, https:\/\/www.radiopiu.net\/wordpress\/wp-content\/uploads\/2024\/11\/IMG-20241103-WA0156-768x779.jpg 768w, https:\/\/www.radiopiu.net\/wordpress\/wp-content\/uploads\/2024\/11\/IMG-20241103-WA0156.jpg 1000w\" sizes=\"auto, (max-width: 164px) 100vw, 164px\" \/><\/a>KARATE \u2013 ARGENTO PER MARIACHIARA MASOCH ALL\u2019OPEN DI FOLLONICA.<\/h3>\n<\/blockquote>\n<p>A Follonica l\u2019agordina Mariachiara Masoch si \u00e8 cimentata in due prove. Nella Seniores 50 kg ha conquistato un prestigioso argento mettendo in riga le rappresentati delle Fiamme Oro e dell\u2019Esercito fermandosi solo in finale con una atleta della Master Rapid. Nella U21 ha conseguito un onorevole quinto posto ai piedi del podio. Prossimo impegno per lei il 16 ed il 17 novembre al Lido Ostia nel Campionato Italiano per Rappresentative Regionali dove difender\u00e0 i colori del Veneto nella categoria al limite dei 50 kg. In rapida successione il Karate Team Dolomiti 1970 schierer\u00e0 il 23 novembre i suoi atleti nel Ljubljana Open 2024 in Slovenia per poi bissare, la settimana dopo, sempre in Slovenia, nel Trbovlje Open 2024. Proseguono gli allenamenti a Belluno e Taibon<\/p>\n<p>&nbsp;<\/p>\n<p>&nbsp;<\/p>\n<hr \/>\n<p>&nbsp;<\/p>\n<h2><span style=\"color: #008000;\">GOODBYE BY BICICLE&#8230;UN VIAGGIO DALL&#8217;INDIA A SEREN DEL GRAPPA IN BICICLETTA<\/span><\/h2>\n<p><span style=\"color: #ff0000;\"><strong>PUNTATA 35 &#8211; SI AVVICINA L&#8217;INVERNO E LE GIORNATE SI ACCORCIANO<\/strong><\/span><\/p>\n<audio class=\"wp-audio-shortcode\" id=\"audio-418266-25\" preload=\"none\" style=\"width: 100%;\" controls=\"controls\"><source type=\"audio\/mpeg\" src=\"https:\/\/www.radiopiu.net\/wordpress\/wp-content\/uploads\/2024\/10\/AIRE-INDIA-PUNTATA-35.mp3?_=25\" \/><a href=\"https:\/\/www.radiopiu.net\/wordpress\/wp-content\/uploads\/2024\/10\/AIRE-INDIA-PUNTATA-35.mp3\">https:\/\/www.radiopiu.net\/wordpress\/wp-content\/uploads\/2024\/10\/AIRE-INDIA-PUNTATA-35.mp3<\/a><\/audio>\n<p>&nbsp;<\/p>\n<p><strong>PER VISITARE I SITI DEI LUOGHI VISITATI, CLICCA SULLE SEGUENTI SCRITTE: <span style=\"color: #3366ff;\"><a href=\"https:\/\/www.dauniavventura.com\/\">DAUNIA AVVENTURA<\/a>\u00a0 \u00a0<a href=\"https:\/\/www.naturalfarmshizen.org\/\">NATURAL FARM SHIZEN\u00a0<\/a> \u00a0<a href=\"https:\/\/www.terramore.org\/chi-siamo\/\">TERRAMORE<\/a>\u00a0 \u00a0<a href=\"https:\/\/viaverdedeitrabocchi.info\/\">VIA VERDE DEI TIRABOCCHI<\/a><\/span><\/strong><\/p>\n<p>&nbsp;<\/p>\n\n\t\t\t<style type='text\/css'>\n\t\t\t\t#gallery-2 {\n\t\t\t\t\tmargin: auto;\n\t\t\t\t}\n\t\t\t\t#gallery-2 .gallery-item {\n\t\t\t\t\tfloat: left;\n\t\t\t\t\tmargin-top: 10px;\n\t\t\t\t\ttext-align: center;\n\t\t\t\t\twidth: 16%;\n\t\t\t\t}\n\t\t\t\t#gallery-2 img {\n\t\t\t\t\tborder: 2px solid #cfcfcf;\n\t\t\t\t}\n\t\t\t\t#gallery-2 .gallery-caption {\n\t\t\t\t\tmargin-left: 0;\n\t\t\t\t}\n\t\t\t\t\/* see gallery_shortcode() in wp-includes\/media.php *\/\n\t\t\t<\/style>\n\t\t<div id='gallery-2' class='dt-gallery-container gallery galleryid-418266 gallery-columns-6 gallery-size-thumbnail'><dl class='gallery-item'>\n\t\t\t\t<dt class='gallery-icon landscape'>\n\t\t\t\t\t<a class=\"rollover rollover-zoom dt-pswp-item\" title=\"47fe36cb-c182-47e3-8c4d-6ce0f8787d77\" data-dt-img-description=\"\" data-large_image_width=\"1600\" data-large_image_height=\"1200\"href='https:\/\/www.radiopiu.net\/wordpress\/wp-content\/uploads\/2024\/10\/47fe36cb-c182-47e3-8c4d-6ce0f8787d77.jpg'><img loading=\"lazy\" decoding=\"async\" width=\"150\" height=\"150\" src=\"https:\/\/www.radiopiu.net\/wordpress\/wp-content\/uploads\/2024\/10\/47fe36cb-c182-47e3-8c4d-6ce0f8787d77-150x150.jpg\" class=\"attachment-thumbnail size-thumbnail\" alt=\"\" \/><\/a>\n\t\t\t\t<\/dt><\/dl><dl class='gallery-item'>\n\t\t\t\t<dt class='gallery-icon landscape'>\n\t\t\t\t\t<a class=\"rollover rollover-zoom dt-pswp-item\" title=\"ec2fc2aa-a463-4928-b82b-5c8384aaf625\" data-dt-img-description=\"\" data-large_image_width=\"1600\" data-large_image_height=\"1200\"href='https:\/\/www.radiopiu.net\/wordpress\/wp-content\/uploads\/2024\/10\/ec2fc2aa-a463-4928-b82b-5c8384aaf625.jpg'><img loading=\"lazy\" decoding=\"async\" width=\"150\" height=\"150\" src=\"https:\/\/www.radiopiu.net\/wordpress\/wp-content\/uploads\/2024\/10\/ec2fc2aa-a463-4928-b82b-5c8384aaf625-150x150.jpg\" class=\"attachment-thumbnail size-thumbnail\" alt=\"\" \/><\/a>\n\t\t\t\t<\/dt><\/dl><dl class='gallery-item'>\n\t\t\t\t<dt class='gallery-icon landscape'>\n\t\t\t\t\t<a class=\"rollover rollover-zoom dt-pswp-item\" title=\"960fcb5a-e1fd-4208-a9b2-3ad5649eb344\" data-dt-img-description=\"\" data-large_image_width=\"1600\" data-large_image_height=\"1200\"href='https:\/\/www.radiopiu.net\/wordpress\/wp-content\/uploads\/2024\/10\/960fcb5a-e1fd-4208-a9b2-3ad5649eb344.jpg'><img loading=\"lazy\" decoding=\"async\" width=\"150\" height=\"150\" src=\"https:\/\/www.radiopiu.net\/wordpress\/wp-content\/uploads\/2024\/10\/960fcb5a-e1fd-4208-a9b2-3ad5649eb344-150x150.jpg\" class=\"attachment-thumbnail size-thumbnail\" alt=\"\" \/><\/a>\n\t\t\t\t<\/dt><\/dl><dl class='gallery-item'>\n\t\t\t\t<dt class='gallery-icon landscape'>\n\t\t\t\t\t<a class=\"rollover rollover-zoom dt-pswp-item\" title=\"7833f891-585e-446b-9261-1ba3e8f76d18\" data-dt-img-description=\"\" data-large_image_width=\"1600\" data-large_image_height=\"1200\"href='https:\/\/www.radiopiu.net\/wordpress\/wp-content\/uploads\/2024\/10\/7833f891-585e-446b-9261-1ba3e8f76d18.jpg'><img loading=\"lazy\" decoding=\"async\" width=\"150\" height=\"150\" src=\"https:\/\/www.radiopiu.net\/wordpress\/wp-content\/uploads\/2024\/10\/7833f891-585e-446b-9261-1ba3e8f76d18-150x150.jpg\" class=\"attachment-thumbnail size-thumbnail\" alt=\"\" \/><\/a>\n\t\t\t\t<\/dt><\/dl><dl class='gallery-item'>\n\t\t\t\t<dt class='gallery-icon portrait'>\n\t\t\t\t\t<a class=\"rollover rollover-zoom dt-pswp-item\" title=\"9a17765d-a4cd-49bf-8f84-520eb614ab6f\" data-dt-img-description=\"\" data-large_image_width=\"1200\" data-large_image_height=\"1600\"href='https:\/\/www.radiopiu.net\/wordpress\/wp-content\/uploads\/2024\/10\/9a17765d-a4cd-49bf-8f84-520eb614ab6f.jpg'><img loading=\"lazy\" decoding=\"async\" width=\"150\" height=\"150\" src=\"https:\/\/www.radiopiu.net\/wordpress\/wp-content\/uploads\/2024\/10\/9a17765d-a4cd-49bf-8f84-520eb614ab6f-150x150.jpg\" class=\"attachment-thumbnail size-thumbnail\" alt=\"\" \/><\/a>\n\t\t\t\t<\/dt><\/dl><dl class='gallery-item'>\n\t\t\t\t<dt class='gallery-icon landscape'>\n\t\t\t\t\t<a class=\"rollover rollover-zoom dt-pswp-item\" title=\"ab784236-b7e8-42dc-8d59-bae0789552f8\" data-dt-img-description=\"\" data-large_image_width=\"1600\" data-large_image_height=\"1200\"href='https:\/\/www.radiopiu.net\/wordpress\/wp-content\/uploads\/2024\/10\/ab784236-b7e8-42dc-8d59-bae0789552f8.jpg'><img loading=\"lazy\" decoding=\"async\" width=\"150\" height=\"150\" src=\"https:\/\/www.radiopiu.net\/wordpress\/wp-content\/uploads\/2024\/10\/ab784236-b7e8-42dc-8d59-bae0789552f8-150x150.jpg\" class=\"attachment-thumbnail size-thumbnail\" alt=\"\" \/><\/a>\n\t\t\t\t<\/dt><\/dl><br style=\"clear: both\" \/>\n\t\t\t<\/div>\n\n<p>&nbsp;<\/p>\n<h2>LA RACCOLTA COMPLETA <a href=\"https:\/\/www.radiopiu.net\/wordpress\/goodbye-by-bicicle-un-viaggio-dallindia-a-seren-del-grappa-in-bicicletta-35\/\"><span style=\"color: #3366ff;\">CLICCA QUI<\/span><\/a><\/h2>\n<p>&nbsp;<\/p>\n<p>&nbsp;<\/p>\n<p>&nbsp;<\/p>\n","protected":false},"excerpt":{"rendered":"<p>******* &nbsp; LA\u00a0 APP PER IOS-IPHONE di Nicola Vettorello https:\/\/apps.apple.com\/it\/app\/radio-pi%C3%B9-emittente-agordina\/id1515939845 LA\u00a0 APP RADIO\u00a0 PER ANDROID di Nicola Vettorello https:\/\/play.google.com\/store\/apps\/details?id=net.radiopiu.iniko\u00a0\u00a0\u00a0 &nbsp; &nbsp; &nbsp; &nbsp; \u00a0 OGGI ALLA RADIO&#8230;. ALLE 4 E ALLE 6 LE NOTIZIE DALL&#8217;ITALIA E DAL MONDO 0500 l&#8217;almanacco della nostra gente con il MUSLA\u00a0 6.15 PIROLE DE LENGA A CURA DEL MUSLA 7.20&hellip;<\/p>\n","protected":false},"author":4,"featured_media":418269,"comment_status":"closed","ping_status":"closed","sticky":false,"template":"","format":"standard","meta":{"_monsterinsights_skip_tracking":false,"_monsterinsights_sitenote_active":false,"_monsterinsights_sitenote_note":"","_monsterinsights_sitenote_category":0,"footnotes":""},"categories":[51,86,49],"tags":[],"class_list":["post-418266","post","type-post","status-publish","format-standard","has-post-thumbnail","hentry","category-evidenza-top","category-gr","category-news-18","category-51","category-86","category-49","description-off"],"img_url":"https:\/\/www.radiopiu.net\/wordpress\/wp-content\/uploads\/2024\/11\/luxottica.jpeg","_links":{"self":[{"href":"https:\/\/www.radiopiu.net\/wordpress\/wp-json\/wp\/v2\/posts\/418266","targetHints":{"allow":["GET"]}}],"collection":[{"href":"https:\/\/www.radiopiu.net\/wordpress\/wp-json\/wp\/v2\/posts"}],"about":[{"href":"https:\/\/www.radiopiu.net\/wordpress\/wp-json\/wp\/v2\/types\/post"}],"author":[{"embeddable":true,"href":"https:\/\/www.radiopiu.net\/wordpress\/wp-json\/wp\/v2\/users\/4"}],"replies":[{"embeddable":true,"href":"https:\/\/www.radiopiu.net\/wordpress\/wp-json\/wp\/v2\/comments?post=418266"}],"version-history":[{"count":19,"href":"https:\/\/www.radiopiu.net\/wordpress\/wp-json\/wp\/v2\/posts\/418266\/revisions"}],"predecessor-version":[{"id":418417,"href":"https:\/\/www.radiopiu.net\/wordpress\/wp-json\/wp\/v2\/posts\/418266\/revisions\/418417"}],"wp:featuredmedia":[{"embeddable":true,"href":"https:\/\/www.radiopiu.net\/wordpress\/wp-json\/wp\/v2\/media\/418269"}],"wp:attachment":[{"href":"https:\/\/www.radiopiu.net\/wordpress\/wp-json\/wp\/v2\/media?parent=418266"}],"wp:term":[{"taxonomy":"category","embeddable":true,"href":"https:\/\/www.radiopiu.net\/wordpress\/wp-json\/wp\/v2\/categories?post=418266"},{"taxonomy":"post_tag","embeddable":true,"href":"https:\/\/www.radiopiu.net\/wordpress\/wp-json\/wp\/v2\/tags?post=418266"}],"curies":[{"name":"wp","href":"https:\/\/api.w.org\/{rel}","templated":true}]}}