{"id":418333,"date":"2024-11-06T16:05:07","date_gmt":"2024-11-06T15:05:07","guid":{"rendered":"https:\/\/www.radiopiu.net\/wordpress\/?p=418333"},"modified":"2024-11-07T05:39:19","modified_gmt":"2024-11-07T04:39:19","slug":"ad-agordo-la-presentazione-della-legge-sulla-montagna","status":"publish","type":"post","link":"https:\/\/www.radiopiu.net\/wordpress\/ad-agordo-la-presentazione-della-legge-sulla-montagna\/","title":{"rendered":"AD AGORDO LA PRESENTAZIONE DELLA LEGGE SULLA MONTAGNA"},"content":{"rendered":"<p>**<\/p>\n<p>&nbsp;<\/p>\n<p><strong><a class=\"dt-pswp-item\" href=\"https:\/\/www.radiopiu.net\/wordpress\/wp-content\/uploads\/2024\/11\/original-236F00B4-B699-49F6-97E6-9EC94CFC3D02.jpeg\" data-dt-img-description=\"\" data-large_image_width=\"1131\" data-large_image_height=\"1600\"><img loading=\"lazy\" decoding=\"async\" class=\"size-medium wp-image-418334 alignleft\" src=\"https:\/\/www.radiopiu.net\/wordpress\/wp-content\/uploads\/2024\/11\/original-236F00B4-B699-49F6-97E6-9EC94CFC3D02-212x300.jpeg\" alt=\"\" width=\"212\" height=\"300\" srcset=\"https:\/\/www.radiopiu.net\/wordpress\/wp-content\/uploads\/2024\/11\/original-236F00B4-B699-49F6-97E6-9EC94CFC3D02-212x300.jpeg 212w, https:\/\/www.radiopiu.net\/wordpress\/wp-content\/uploads\/2024\/11\/original-236F00B4-B699-49F6-97E6-9EC94CFC3D02-724x1024.jpeg 724w, https:\/\/www.radiopiu.net\/wordpress\/wp-content\/uploads\/2024\/11\/original-236F00B4-B699-49F6-97E6-9EC94CFC3D02-768x1086.jpeg 768w, https:\/\/www.radiopiu.net\/wordpress\/wp-content\/uploads\/2024\/11\/original-236F00B4-B699-49F6-97E6-9EC94CFC3D02-1086x1536.jpeg 1086w, https:\/\/www.radiopiu.net\/wordpress\/wp-content\/uploads\/2024\/11\/original-236F00B4-B699-49F6-97E6-9EC94CFC3D02.jpeg 1131w\" sizes=\"auto, (max-width: 212px) 100vw, 212px\" \/><\/a>AGORDO<\/strong> Parte da Agordo il ciclo di incontri voluto dal senatore bellunese di Fratelli d&#8217;Italia, Luca De Carlo, sulla Legge sulla Montagna, approvata pochi giorni fa in prima lettura al Senato, dove lo stesso De Carlo \u00e8 intervenuto per la dichiarazione di voto del suo partito. Il primo appuntamento con \u201cIl Bellunese al Senato. Luca De Carlo illustra i contenuti della Legge sulla Montagna\u201d \u00e8 fissato per sabato 9 novembre ad Agordo, in Sala Don Tamis, con inizio alle ore 18.00. Dopo i saluti delle autorit\u00e0 presenti, spazio all&#8217;intervento di De Carlo, che \u2013 oltre a rivestire il ruolo di presidente della \u00a0IX Commissione Senato &#8211; Industria, commercio, turismo, agricoltura e produzione agroalimentare \u2013 \u00e8 stato anche autore e firmatario di diversi emendamenti migliorativi alla legge. A moderare la serata, sar\u00e0 il direttore di Radio Pi\u00f9, Mirko Mezzacasa.<\/p>\n<blockquote>\n<div><em>\u201cSi tratta di una serie di appuntamenti che ho voluto promuovere nel territorio bellunese per spiegare a cittadini e amministratori quali sono le principali novit\u00e0 della Legge sulla Montagna: in queste serate si parler\u00e0 del futuro della nostra provincia e delle nostre genti\u201d, spiega De Carlo. \u201cToccheremo tutto il territorio provinciale, dalle \u201cterre alte\u201d ai fondovalle, perch\u00e9 vogliamo comunicare al meglio un provvedimento che s\u00ec mette risorse, ma soprattutto promuove una strategia per la montagna, dando il giusto ruolo a chi qua vive, abita, lavora e vuole continuare a farlo\u201d.<\/em><\/div>\n<\/blockquote>\n<div><\/div>\n<div><\/div>\n<div><\/div>\n<div>\n<hr \/>\n<\/div>\n<div dir=\"ltr\"><\/div>\n","protected":false},"excerpt":{"rendered":"<p>** &nbsp; AGORDO Parte da Agordo il ciclo di incontri voluto dal senatore bellunese di Fratelli d&#8217;Italia, Luca De Carlo, sulla Legge sulla Montagna, approvata pochi giorni fa in prima lettura al Senato, dove lo stesso De Carlo \u00e8 intervenuto per la dichiarazione di voto del suo partito. Il primo appuntamento con \u201cIl Bellunese al&hellip;<\/p>\n","protected":false},"author":4,"featured_media":418334,"comment_status":"closed","ping_status":"closed","sticky":false,"template":"","format":"standard","meta":{"_monsterinsights_skip_tracking":false,"_monsterinsights_sitenote_active":false,"_monsterinsights_sitenote_note":"","_monsterinsights_sitenote_category":0,"footnotes":""},"categories":[104,49],"tags":[],"class_list":["post-418333","post","type-post","status-publish","format-standard","has-post-thumbnail","hentry","category-evidenza_3","category-news-18","category-104","category-49","description-off"],"img_url":"https:\/\/www.radiopiu.net\/wordpress\/wp-content\/uploads\/2024\/11\/original-236F00B4-B699-49F6-97E6-9EC94CFC3D02.jpeg","_links":{"self":[{"href":"https:\/\/www.radiopiu.net\/wordpress\/wp-json\/wp\/v2\/posts\/418333","targetHints":{"allow":["GET"]}}],"collection":[{"href":"https:\/\/www.radiopiu.net\/wordpress\/wp-json\/wp\/v2\/posts"}],"about":[{"href":"https:\/\/www.radiopiu.net\/wordpress\/wp-json\/wp\/v2\/types\/post"}],"author":[{"embeddable":true,"href":"https:\/\/www.radiopiu.net\/wordpress\/wp-json\/wp\/v2\/users\/4"}],"replies":[{"embeddable":true,"href":"https:\/\/www.radiopiu.net\/wordpress\/wp-json\/wp\/v2\/comments?post=418333"}],"version-history":[{"count":1,"href":"https:\/\/www.radiopiu.net\/wordpress\/wp-json\/wp\/v2\/posts\/418333\/revisions"}],"predecessor-version":[{"id":418335,"href":"https:\/\/www.radiopiu.net\/wordpress\/wp-json\/wp\/v2\/posts\/418333\/revisions\/418335"}],"wp:featuredmedia":[{"embeddable":true,"href":"https:\/\/www.radiopiu.net\/wordpress\/wp-json\/wp\/v2\/media\/418334"}],"wp:attachment":[{"href":"https:\/\/www.radiopiu.net\/wordpress\/wp-json\/wp\/v2\/media?parent=418333"}],"wp:term":[{"taxonomy":"category","embeddable":true,"href":"https:\/\/www.radiopiu.net\/wordpress\/wp-json\/wp\/v2\/categories?post=418333"},{"taxonomy":"post_tag","embeddable":true,"href":"https:\/\/www.radiopiu.net\/wordpress\/wp-json\/wp\/v2\/tags?post=418333"}],"curies":[{"name":"wp","href":"https:\/\/api.w.org\/{rel}","templated":true}]}}