{"id":418360,"date":"2024-11-08T05:57:19","date_gmt":"2024-11-08T04:57:19","guid":{"rendered":"https:\/\/www.radiopiu.net\/wordpress\/?p=418360"},"modified":"2024-11-08T09:05:23","modified_gmt":"2024-11-08T08:05:23","slug":"giornale-radiopiu-08-novembre-2024-direttore-mirko-mezzacasada-41-anni-25-giugno-1983-25-giugno-2024","status":"publish","type":"post","link":"https:\/\/www.radiopiu.net\/wordpress\/giornale-radiopiu-08-novembre-2024-direttore-mirko-mezzacasada-41-anni-25-giugno-1983-25-giugno-2024\/","title":{"rendered":"GIORNALE RADIOPIU 08 NOVEMBRE 2024 DIRETTORE MIRKO MEZZACASA\u2026DA 41 ANNI 25 GIUGNO 1983-25 GIUGNO 2024"},"content":{"rendered":"<p>*******<\/p>\n<p>&nbsp;<\/p>\n<hr \/>\n<p>&nbsp;<\/p>\n<div class=\"page-title-head hgroup\">\n<h1><\/h1>\n<blockquote>\n<h1 class=\"entry-title\">NO VANOI! RADIO PIU: SIAMO CON VOI, OLTRE 13MILA GRAZIE<\/h1>\n<\/blockquote>\n<p><a class=\"dt-pswp-item\" href=\"https:\/\/www.radiopiu.net\/wordpress\/wp-content\/uploads\/2024\/11\/1.jpg\" data-dt-img-description=\"\" data-large_image_width=\"1280\" data-large_image_height=\"1070\"><img loading=\"lazy\" decoding=\"async\" class=\"alignnone wp-image-418441\" src=\"https:\/\/www.radiopiu.net\/wordpress\/wp-content\/uploads\/2024\/11\/1-300x251.jpg\" alt=\"\" width=\"192\" height=\"161\" srcset=\"https:\/\/www.radiopiu.net\/wordpress\/wp-content\/uploads\/2024\/11\/1-300x251.jpg 300w, https:\/\/www.radiopiu.net\/wordpress\/wp-content\/uploads\/2024\/11\/1-1024x856.jpg 1024w, https:\/\/www.radiopiu.net\/wordpress\/wp-content\/uploads\/2024\/11\/1-768x642.jpg 768w, https:\/\/www.radiopiu.net\/wordpress\/wp-content\/uploads\/2024\/11\/1.jpg 1280w\" sizes=\"auto, (max-width: 192px) 100vw, 192px\" \/><\/a><a class=\"dt-pswp-item\" href=\"https:\/\/www.radiopiu.net\/wordpress\/wp-content\/uploads\/2024\/11\/5.jpg\" data-dt-img-description=\"\" data-large_image_width=\"1280\" data-large_image_height=\"961\"><img loading=\"lazy\" decoding=\"async\" class=\"alignnone wp-image-418440\" src=\"https:\/\/www.radiopiu.net\/wordpress\/wp-content\/uploads\/2024\/11\/5-300x225.jpg\" alt=\"\" width=\"213\" height=\"160\" srcset=\"https:\/\/www.radiopiu.net\/wordpress\/wp-content\/uploads\/2024\/11\/5-300x225.jpg 300w, https:\/\/www.radiopiu.net\/wordpress\/wp-content\/uploads\/2024\/11\/5-1024x769.jpg 1024w, https:\/\/www.radiopiu.net\/wordpress\/wp-content\/uploads\/2024\/11\/5-768x577.jpg 768w, https:\/\/www.radiopiu.net\/wordpress\/wp-content\/uploads\/2024\/11\/5.jpg 1280w\" sizes=\"auto, (max-width: 213px) 100vw, 213px\" \/><\/a><a class=\"dt-pswp-item\" href=\"https:\/\/www.radiopiu.net\/wordpress\/wp-content\/uploads\/2024\/11\/3.jpg\" data-dt-img-description=\"\" data-large_image_width=\"1280\" data-large_image_height=\"961\"><img loading=\"lazy\" decoding=\"async\" class=\"alignnone wp-image-418438\" src=\"https:\/\/www.radiopiu.net\/wordpress\/wp-content\/uploads\/2024\/11\/3-300x225.jpg\" alt=\"\" width=\"213\" height=\"160\" srcset=\"https:\/\/www.radiopiu.net\/wordpress\/wp-content\/uploads\/2024\/11\/3-300x225.jpg 300w, https:\/\/www.radiopiu.net\/wordpress\/wp-content\/uploads\/2024\/11\/3-1024x769.jpg 1024w, https:\/\/www.radiopiu.net\/wordpress\/wp-content\/uploads\/2024\/11\/3-768x577.jpg 768w, https:\/\/www.radiopiu.net\/wordpress\/wp-content\/uploads\/2024\/11\/3.jpg 1280w\" sizes=\"auto, (max-width: 213px) 100vw, 213px\" \/><\/a><\/p>\n<pre class=\"moz-signature\"><b>\r\n<span style=\"color: #ff0000;\">OGGI DALLE 18 DIRETTA SUI CANALI SOCIAL DI RADIOPIU, YOUTUBE_FACEBOOK_TELEGRAM<\/span><\/b><\/pre>\n<p><b>Biennale di Venezia Archetipi tra le proiezioni Linguistica e neuroscientifica&#8230;. <\/b>Venerdi 8 novembre dalle 18 nell&#8217;aula magna dell&#8217;Istituto Superiore Tommaso Catullo di via Garibaldi a Belluno. Pig&amp;Menti propone il dialogo tra il relatore, professor Michele T\u00ecson e il professor Renzo Barbazza In collaborazione con banca prealpi san biagio, dottori marco tarascio e silvia barbini BIENNALE DI VENEZIA, PARLIAMONE A BELLUNO, ORGANIZZAZIONE PIG E MENTI, INGRESSO LIBERO<b> <\/b><\/p>\n<p>&nbsp;<\/p>\n<p><a class=\"dt-pswp-item\" href=\"https:\/\/www.radiopiu.net\/wordpress\/wp-content\/uploads\/2024\/11\/Senza-nome-45.png\" data-dt-img-description=\"\" data-large_image_width=\"856\" data-large_image_height=\"636\"><img loading=\"lazy\" decoding=\"async\" class=\"size-medium wp-image-418608 aligncenter\" src=\"https:\/\/www.radiopiu.net\/wordpress\/wp-content\/uploads\/2024\/11\/Senza-nome-45-300x223.png\" alt=\"\" width=\"300\" height=\"223\" srcset=\"https:\/\/www.radiopiu.net\/wordpress\/wp-content\/uploads\/2024\/11\/Senza-nome-45-300x223.png 300w, https:\/\/www.radiopiu.net\/wordpress\/wp-content\/uploads\/2024\/11\/Senza-nome-45-768x571.png 768w, https:\/\/www.radiopiu.net\/wordpress\/wp-content\/uploads\/2024\/11\/Senza-nome-45.png 856w\" sizes=\"auto, (max-width: 300px) 100vw, 300px\" \/>\u00a0<\/a><\/p>\n<p>&nbsp;<\/p>\n<p>&nbsp;<\/p>\n<\/div>\n<div class=\"page-title-breadcrumbs\">\n<hr \/>\n<\/div>\n<p>&nbsp;<\/p>\n<p><em><span style=\"color: #ff0000;\"><a class=\"dt-pswp-item\" href=\"https:\/\/www.radiopiu.net\/wordpress\/wp-content\/uploads\/2024\/10\/Senza-nome-8.png\" data-dt-img-description=\"\" data-large_image_width=\"343\" data-large_image_height=\"303\"><img loading=\"lazy\" decoding=\"async\" class=\"wp-image-412130 alignleft\" src=\"https:\/\/www.radiopiu.net\/wordpress\/wp-content\/uploads\/2024\/10\/Senza-nome-8-300x265.png\" alt=\"\" width=\"105\" height=\"93\" srcset=\"https:\/\/www.radiopiu.net\/wordpress\/wp-content\/uploads\/2024\/10\/Senza-nome-8-300x265.png 300w, https:\/\/www.radiopiu.net\/wordpress\/wp-content\/uploads\/2024\/10\/Senza-nome-8.png 343w\" sizes=\"auto, (max-width: 105px) 100vw, 105px\" \/><\/a><\/span><\/em><strong><em><span style=\"color: #ff0000;\"> LA\u00a0 APP PER IOS-IPHONE di Nicola Vettorello<\/span><\/em><\/strong><\/p>\n<p><strong><span style=\"color: #0000ff;\"><a style=\"color: #0000ff;\" href=\"https:\/\/apps.apple.com\/it\/app\/radio-pi%C3%B9-emittente-agordina\/id1515939845\">https:\/\/apps.apple.com\/it\/app\/radio-pi%C3%B9-emittente-agordina\/id1515939845<\/a><\/span><\/strong><\/p>\n<p><strong><em style=\"color: #ff0000;\">LA\u00a0 APP RADIO\u00a0 PER ANDROID di Nicola Vettorello<\/em><\/strong><\/p>\n<p><strong><span style=\"color: #0000ff;\"><a style=\"color: #0000ff;\" href=\"https:\/\/play.google.com\/store\/apps\/details?id=net.radiopiu.iniko\" target=\"_blank\" rel=\"noopener noreferrer\">https:\/\/<\/a><a style=\"color: #0000ff;\" href=\"https:\/\/play.google.com\/store\/apps\/details?id=net.radiopiu.iniko\" target=\"_blank\" rel=\"noopener noreferrer\">play.google.com\/store\/apps\/details?id=net.radiopiu.iniko\u00a0\u00a0\u00a0<\/a><\/span><\/strong><\/p>\n<p>&nbsp;<\/p>\n<p>&nbsp;<\/p>\n<hr \/>\n<p>&nbsp;<\/p>\n<p><strong><a class=\"dt-pswp-item\" href=\"https:\/\/www.radiopiu.net\/wordpress\/wp-content\/uploads\/2022\/09\/athos.jpg\" data-dt-img-description=\"\" data-large_image_width=\"2080\" data-large_image_height=\"1544\"><img loading=\"lazy\" decoding=\"async\" class=\" wp-image-299092 alignleft\" src=\"https:\/\/www.radiopiu.net\/wordpress\/wp-content\/uploads\/2022\/09\/athos-300x223.jpg\" alt=\"\" width=\"194\" height=\"144\" srcset=\"https:\/\/www.radiopiu.net\/wordpress\/wp-content\/uploads\/2022\/09\/athos-300x223.jpg 300w, https:\/\/www.radiopiu.net\/wordpress\/wp-content\/uploads\/2022\/09\/athos-1024x760.jpg 1024w, https:\/\/www.radiopiu.net\/wordpress\/wp-content\/uploads\/2022\/09\/athos-768x570.jpg 768w, https:\/\/www.radiopiu.net\/wordpress\/wp-content\/uploads\/2022\/09\/athos-1536x1140.jpg 1536w, https:\/\/www.radiopiu.net\/wordpress\/wp-content\/uploads\/2022\/09\/athos-2048x1520.jpg 2048w\" sizes=\"auto, (max-width: 194px) 100vw, 194px\" \/><\/a>OGGI ALLA RADIO&#8230;.<\/strong> <span style=\"color: #ff0000;\">ALLE 4 E ALLE 6<\/span> LE NOTIZIE DALL&#8217;ITALIA E DAL MONDO <span style=\"color: #ff0000;\"> 0500 <span style=\"color: #0000ff;\"><span style=\"color: #000000;\">l&#8217;almanacco della nostra gente con il MUSLA<\/span>\u00a0<\/span><\/span><span style=\"color: #ff0000;\"> 6.15<\/span> PIROLE DE LENGA A CURA DEL MUSLA <span style=\"color: #ff0000;\">7.20<\/span> EL BAL DEL FIORI, DETTI E TRADIZIONI DI GIULIANA DA RONCH <span style=\"color: #ff0000;\">8.05<\/span> LA RASSEGNA STAMPA LOCALE<span style=\"color: #ff0000;\"> 8.30 <span style=\"color: #000000;\">PIU&#8217; SIAMO CON MARINA DONA&#8217;<\/span><span style=\"color: #000000;\">\u00a0\u00a0<\/span> 900\u00a0<\/span><span style=\"color: #ff0000;\"><span style=\"color: #000000;\"> premier le novit\u00e0 musicali dalle case discografiche, di marco gaz<span style=\"color: #ff0000;\"> 9.35<\/span> anni ottanta con monica fontanive <\/span><\/span><span style=\"color: #ff0000;\">9.40<\/span> VIABILITA&#8217; CON BOTOL CAR SERVICE (AGORDO-SEDICO-FELTRE)<span style=\"color: #ff0000;\"> 10 10<\/span> le nove in ladin con il musla\u00a0 <span style=\"color: #ff0000;\">10.30<\/span><span style=\"color: #000000;\">il primo venerdi del mese alle 10 e 30 paolo stefan, solidariet\u00e0 veneto fondo pensione<span style=\"color: #ff0000;\"> 11<\/span> amazin calendar con marina e miky e nevegal tour belluno <\/span>\u00a0 \u00a0<span style=\"color: #ff0000;\">12.00<\/span> VA TUTTO LISCIO\u00a0 <span style=\"color: #ff0000;\">12.30<\/span> GIORNALE RADIO PRINCIPALE\u00a0 13.10 il premio san martino a DINO BRIDDA\u00a0 l&#8217;intervista di DANIELE DALVIT<span style=\"color: #ff0000;\"><span style=\"color: #000000;\">\u00a0<\/span><\/span><span style=\"color: #ff0000;\">13.20<\/span> FOGLIE E CASTAGNE DI MARINA DONA&#8217; <span style=\"color: #ff0000;\">\u00a0<\/span><span style=\"color: #ff0000;\">14.20 <\/span><span style=\"color: #ff0000;\"><span style=\"color: #000000;\">\u00a0 marina e davide ben dj athos (foto) nel venerdi pomeriggio di radiopiu con music abc<\/span>\u00a015.10<\/span>\u00a0 \u00a0WEEK END MARINA C&#8217;E&#8217; <span style=\"color: #ff0000;\">16.00<\/span> IL ROCK DI MARCO COSTANTINI\u00a0 <span style=\"color: #ff0000;\">1645<\/span> LE HIT DI MIRCO BENCIVENNI <span style=\"color: #ff0000;\">18.00<\/span> PIU&#8217; DANCE LE SELEZIONI CHE FANNO SALTARE DI DJ JACK, JACOPO DEL TEDESCO <span style=\"color: #ff0000;\">19.00 <span style=\"color: #000000;\">LE ANTICIPAZIONI DAL TG DI ANTENNA 3 DI TIZIANA BOLOGNANI\u00a0 <\/span><\/span><strong>IN PODCAST SUL SITO DI RADIOPIU: EVA OLIVIER E LA LUCCIOLATA IN PROGRAMMA DOMENICA DA AGORDO A RIF (foto)<\/strong><\/p>\n<p>&nbsp;<\/p>\n<p><strong>rassegna stampa nazionale,<\/strong> ogni giorno alle 5 e alle 6 del mattino<br \/>\ngiornali locali 7 rassegna stampa flash, 8 rassegna stampa, gr flash alle 10 e alle 11, principale 12.30. Informazione pomeriggio alle 15 (speciale) 16, 17, 18. Giornale radio nazionale: ogni ora dalle 5 del mattino, alle 20 della sera.<\/p>\n<p>&nbsp;<\/p>\n<p>&nbsp;<\/p>\n<hr \/>\n<p>&nbsp;<\/p>\n<div class=\"x11i5rnm xat24cr x1mh8g0r x1vvkbs xtlvy1s x126k92a\">\n<div dir=\"auto\">\n<div dir=\"auto\">\n<p><strong><a class=\"dt-pswp-item\" href=\"https:\/\/www.radiopiu.net\/wordpress\/wp-content\/uploads\/2024\/02\/2d44e751-d8a8-461b-8e22-d8e4e853b032.jpg\" data-dt-img-description=\"\" data-large_image_width=\"1600\" data-large_image_height=\"1200\"><img loading=\"lazy\" decoding=\"async\" class=\"wp-image-373307 alignleft\" src=\"https:\/\/www.radiopiu.net\/wordpress\/wp-content\/uploads\/2024\/02\/2d44e751-d8a8-461b-8e22-d8e4e853b032-300x225.jpg\" alt=\"\" width=\"105\" height=\"79\" srcset=\"https:\/\/www.radiopiu.net\/wordpress\/wp-content\/uploads\/2024\/02\/2d44e751-d8a8-461b-8e22-d8e4e853b032-300x225.jpg 300w, https:\/\/www.radiopiu.net\/wordpress\/wp-content\/uploads\/2024\/02\/2d44e751-d8a8-461b-8e22-d8e4e853b032-1024x768.jpg 1024w, https:\/\/www.radiopiu.net\/wordpress\/wp-content\/uploads\/2024\/02\/2d44e751-d8a8-461b-8e22-d8e4e853b032-768x576.jpg 768w, https:\/\/www.radiopiu.net\/wordpress\/wp-content\/uploads\/2024\/02\/2d44e751-d8a8-461b-8e22-d8e4e853b032-1536x1152.jpg 1536w, https:\/\/www.radiopiu.net\/wordpress\/wp-content\/uploads\/2024\/02\/2d44e751-d8a8-461b-8e22-d8e4e853b032.jpg 1600w\" sizes=\"auto, (max-width: 105px) 100vw, 105px\" \/><\/a>EL BAL DEL FIOR, DI GIULIANA DA RONCH, 08 NOVEMBRE<\/strong><strong>\u00a02024<\/strong><\/p>\n<\/div>\n<\/div>\n<\/div>\n<div>\n<audio class=\"wp-audio-shortcode\" id=\"audio-418360-1\" preload=\"none\" style=\"width: 100%;\" controls=\"controls\"><source type=\"audio\/mpeg\" src=\"https:\/\/www.radiopiu.net\/wordpress\/wp-content\/uploads\/2024\/11\/GVE.mp3?_=1\" \/><a href=\"https:\/\/www.radiopiu.net\/wordpress\/wp-content\/uploads\/2024\/11\/GVE.mp3\">https:\/\/www.radiopiu.net\/wordpress\/wp-content\/uploads\/2024\/11\/GVE.mp3<\/a><\/audio>\n<\/div>\n<div><\/div>\n<hr \/>\n<p>&nbsp;<\/p>\n<div class=\"x11i5rnm xat24cr x1mh8g0r x1vvkbs xtlvy1s x126k92a\">\n<h1><span style=\"color: #ff0000;\"><a class=\"dt-pswp-item\" href=\"https:\/\/www.radiopiu.net\/wordpress\/wp-content\/uploads\/2024\/06\/th-5.jpg\" data-dt-img-description=\"\" data-large_image_width=\"326\" data-large_image_height=\"180\"><img loading=\"lazy\" decoding=\"async\" class=\"size-medium wp-image-395881 alignleft\" src=\"https:\/\/www.radiopiu.net\/wordpress\/wp-content\/uploads\/2024\/06\/th-5-300x166.jpg\" alt=\"\" width=\"300\" height=\"166\" srcset=\"https:\/\/www.radiopiu.net\/wordpress\/wp-content\/uploads\/2024\/06\/th-5-300x166.jpg 300w, https:\/\/www.radiopiu.net\/wordpress\/wp-content\/uploads\/2024\/06\/th-5.jpg 326w\" sizes=\"auto, (max-width: 300px) 100vw, 300px\" \/><\/a><\/span><\/h1>\n<h1><\/h1>\n<h1><\/h1>\n<h1><span style=\"color: #000000;\">08 NOVEMBRE&#8230; alla radio l&#8217;almanacco\u00a0<\/span><\/h1>\n<audio class=\"wp-audio-shortcode\" id=\"audio-418360-2\" preload=\"none\" style=\"width: 100%;\" controls=\"controls\"><source type=\"audio\/mpeg\" src=\"https:\/\/www.radiopiu.net\/wordpress\/wp-content\/uploads\/2024\/11\/ALMANACCONEW-5.mp3?_=2\" \/><a href=\"https:\/\/www.radiopiu.net\/wordpress\/wp-content\/uploads\/2024\/11\/ALMANACCONEW-5.mp3\">https:\/\/www.radiopiu.net\/wordpress\/wp-content\/uploads\/2024\/11\/ALMANACCONEW-5.mp3<\/a><\/audio>\n<p>&nbsp;<\/p>\n<p>&nbsp;<\/p>\n<hr \/>\n<p>&nbsp;<\/p>\n<p>&nbsp;<\/p>\n<blockquote>\n<h1><strong><a class=\"dt-pswp-item\" href=\"https:\/\/www.radiopiu.net\/wordpress\/wp-content\/uploads\/2024\/10\/629301fd-708d-4f53-95c2-d28cbefd500f.jpg\" data-dt-img-description=\"\" data-large_image_width=\"1600\" data-large_image_height=\"1322\"><img loading=\"lazy\" decoding=\"async\" class=\"wp-image-413782 alignleft\" src=\"https:\/\/www.radiopiu.net\/wordpress\/wp-content\/uploads\/2024\/10\/629301fd-708d-4f53-95c2-d28cbefd500f-300x248.jpg\" alt=\"\" width=\"186\" height=\"154\" srcset=\"https:\/\/www.radiopiu.net\/wordpress\/wp-content\/uploads\/2024\/10\/629301fd-708d-4f53-95c2-d28cbefd500f-300x248.jpg 300w, https:\/\/www.radiopiu.net\/wordpress\/wp-content\/uploads\/2024\/10\/629301fd-708d-4f53-95c2-d28cbefd500f-1024x846.jpg 1024w, https:\/\/www.radiopiu.net\/wordpress\/wp-content\/uploads\/2024\/10\/629301fd-708d-4f53-95c2-d28cbefd500f-768x635.jpg 768w, https:\/\/www.radiopiu.net\/wordpress\/wp-content\/uploads\/2024\/10\/629301fd-708d-4f53-95c2-d28cbefd500f-1536x1269.jpg 1536w, https:\/\/www.radiopiu.net\/wordpress\/wp-content\/uploads\/2024\/10\/629301fd-708d-4f53-95c2-d28cbefd500f.jpg 1600w\" sizes=\"auto, (max-width: 186px) 100vw, 186px\" \/><\/a>N di parom &#8211; L Almanach de la nosta jent<\/strong><\/h1>\n<\/blockquote>\n<p>Le voci: Davide Conedera, Agordo, Michela Dell&#8217;Osbel, La Valle Agordina Simone Ganz, Falcade Veronica Lezuo, Colle Santa Lucia. La voce nella sigla \u00e8 di Giorgia Taio<\/p>\n<p><strong>LA PUNTATA DI OGGI, 08 NOVEMBRE<\/strong><\/p>\n<\/div>\n<div class=\"x11i5rnm xat24cr x1mh8g0r x1vvkbs xtlvy1s x126k92a\">\n<audio class=\"wp-audio-shortcode\" id=\"audio-418360-3\" preload=\"none\" style=\"width: 100%;\" controls=\"controls\"><source type=\"audio\/mpeg\" src=\"https:\/\/www.radiopiu.net\/wordpress\/wp-content\/uploads\/2024\/11\/AL5.mp3?_=3\" \/><a href=\"https:\/\/www.radiopiu.net\/wordpress\/wp-content\/uploads\/2024\/11\/AL5.mp3\">https:\/\/www.radiopiu.net\/wordpress\/wp-content\/uploads\/2024\/11\/AL5.mp3<\/a><\/audio>\n<p>&nbsp;<\/p>\n<div dir=\"auto\">\n<hr \/>\n<\/div>\n<\/div>\n<blockquote>\n<blockquote>\n<h1><span style=\"color: #ff0000;\">\u00a0<\/span><\/h1>\n<h1><span style=\"color: #ff0000;\">I podcast informativi del mattino &#8211; audio &#8211;\u00a0\u00a0<\/span><\/h1>\n<\/blockquote>\n<p><strong><a class=\"dt-pswp-item\" href=\"https:\/\/www.radiopiu.net\/wordpress\/wp-content\/uploads\/2024\/11\/6.jpg\" data-dt-img-description=\"\" data-large_image_width=\"177\" data-large_image_height=\"180\"><img loading=\"lazy\" decoding=\"async\" class=\"size-full wp-image-417911 alignleft\" src=\"https:\/\/www.radiopiu.net\/wordpress\/wp-content\/uploads\/2024\/11\/6.jpg\" alt=\"\" width=\"177\" height=\"180\" \/><\/a>LA RASSEGNA STAMPA NAZIONALE ALLA RADIO, OGNI GIORNO ALLE 5 E ALLE 6 DEL MATTINO <span style=\"color: #0000ff;\">viene pubblicata alle 6.00 <span style=\"color: #ff0000;\">DIRETTA RADIO\u00a0 \u00a0\u00a0<\/span><\/span><\/strong><\/p><\/blockquote>\n<p>&nbsp;<\/p>\n<p><strong>NOTIZIE DELLA NOTTE<\/strong><\/p>\n<p><strong>Tifosi di calcio israeliani<\/strong> aggrediti ad Amsterdam, dieci feriti <strong>Ucraina,<\/strong> salgono a 40 i feriti nel raid russo su Zaporizhzhia <strong>Nissan<\/strong> apre in netto ribasso a Tokyo dopo revisione utili <strong>Borsa:<\/strong> Tokyo, apertura in rialzo (+0,98%) <strong>Trump<\/strong> nomina Susan Wiles chief of staff <strong>Trump,<\/strong> &#8216;la deportazione? Non abbiamo altra scelta&#8217; <strong>Trump<\/strong>, &#8216;penso che io e Putin ci parleremo&#8217; <strong>Powell<\/strong>, non mi dimetter\u00f2 se Trump lo chiede<\/p>\n<h2>AUDIO dalle 6 del mattino<\/h2>\n<audio class=\"wp-audio-shortcode\" id=\"audio-418360-4\" preload=\"none\" style=\"width: 100%;\" controls=\"controls\"><source type=\"audio\/mpeg\" src=\"https:\/\/www.radiopiu.net\/wordpress\/wp-content\/uploads\/2024\/11\/GIORNALEDELLESEI-3.mp3?_=4\" \/><a href=\"https:\/\/www.radiopiu.net\/wordpress\/wp-content\/uploads\/2024\/11\/GIORNALEDELLESEI-3.mp3\">https:\/\/www.radiopiu.net\/wordpress\/wp-content\/uploads\/2024\/11\/GIORNALEDELLESEI-3.mp3<\/a><\/audio>\n<p>&nbsp;<\/p>\n<p>&nbsp;<\/p>\n<p>&nbsp;<\/p>\n<hr \/>\n<p>&nbsp;<\/p>\n<h1 style=\"text-align: center;\"><span style=\"color: #ff0000;\"><a class=\"dt-pswp-item\" href=\"https:\/\/www.radiopiu.net\/wordpress\/wp-content\/uploads\/2024\/11\/7.jpg\" data-dt-img-description=\"\" data-large_image_width=\"180\" data-large_image_height=\"180\"><img loading=\"lazy\" decoding=\"async\" class=\"size-full wp-image-417912 alignleft\" src=\"https:\/\/www.radiopiu.net\/wordpress\/wp-content\/uploads\/2024\/11\/7.jpg\" alt=\"\" width=\"180\" height=\"180\" srcset=\"https:\/\/www.radiopiu.net\/wordpress\/wp-content\/uploads\/2024\/11\/7.jpg 180w, https:\/\/www.radiopiu.net\/wordpress\/wp-content\/uploads\/2024\/11\/7-150x150.jpg 150w\" sizes=\"auto, (max-width: 180px) 100vw, 180px\" \/><\/a>I podcast informativi del mattino &#8211; audio &#8211;\u00a0<\/span><\/h1>\n<p><strong>OGNI GIORNO ALLE SETTE DEL MATTINO, LA RASSEGNA STAMPA LOCALE FLASH&#8230; PER CHI VA IN FRETTA. I TITOLI DAI GIORNALI E DAL SITO WWW.RADIOPIU.NET <span style=\"color: #0000ff;\">viene pubblicato alle 7.00<\/span> <span style=\"color: #ff0000;\">DIRETTA RADIO\u00a0<\/span><\/strong><\/p>\n<p><em><span style=\"color: #ff0000;\">per chi va in fretta&#8230; tante notizie in pochi minuti. L&#8217;informazione locale alla radio, ogni ora dalle 7 del mattino alle 19 della sera.<\/span><\/em><\/p>\n<h1><\/h1>\n<h1>AUDIO dalle 7 del mattino<\/h1>\n<audio class=\"wp-audio-shortcode\" id=\"audio-418360-5\" preload=\"none\" style=\"width: 100%;\" controls=\"controls\"><source type=\"audio\/mpeg\" src=\"https:\/\/www.radiopiu.net\/wordpress\/wp-content\/uploads\/2024\/11\/GF07-5.mp3?_=5\" \/><a href=\"https:\/\/www.radiopiu.net\/wordpress\/wp-content\/uploads\/2024\/11\/GF07-5.mp3\">https:\/\/www.radiopiu.net\/wordpress\/wp-content\/uploads\/2024\/11\/GF07-5.mp3<\/a><\/audio>\n<p>&nbsp;<\/p>\n<p>&nbsp;<\/p>\n<p>&nbsp;<\/p>\n<hr \/>\n<p>&nbsp;<\/p>\n<h1><\/h1>\n<h1 style=\"text-align: center;\"><span style=\"color: #ff0000;\"><a class=\"dt-pswp-item\" href=\"https:\/\/www.radiopiu.net\/wordpress\/wp-content\/uploads\/2024\/11\/th.jpg\" data-dt-img-description=\"\" data-large_image_width=\"148\" data-large_image_height=\"179\"><img loading=\"lazy\" decoding=\"async\" class=\"size-full wp-image-417913 alignleft\" src=\"https:\/\/www.radiopiu.net\/wordpress\/wp-content\/uploads\/2024\/11\/th.jpg\" alt=\"\" width=\"148\" height=\"179\" \/><\/a>I podcast informativi del mattino &#8211; audio &#8211;\u00a0<\/span><\/h1>\n<blockquote><p><strong>GIORNALE RADIO NAZIONALE, EDIZIONE DELLE SETTE <span style=\"color: #0000ff;\">viene pubblicato alle 7.05 <span style=\"color: #ff0000;\">DIRETTA RADIO\u00a0<\/span><\/span><\/strong><\/p><\/blockquote>\n<p><strong>il giornale radionazionale e&#8217; in onda ogni ora, dalle sette del mattino alle venti della sera\u00a0 \u00a0<\/strong><strong>\u00a0<\/strong><\/p>\n<p><strong>Il caso <\/strong>Raimo sospeso per 3 mesi, disse &#8216;Valditara cialtrone&#8217;. Il ministro: &#8216;Un problema dell&#8217;Ufficio scolastico Lazio&#8217; Pena convertita in lavori di pubblica utilit\u00e0 <strong>Commesse in Anas,<\/strong> Verdini jr patteggia 2 anni e 9 mesi <span style=\"color: #ff0000;\"><strong>A Roma Auto investe tre vigili, alla guida un carabiniere ubriaco <\/strong><\/span><strong>Caldo anomalo<\/strong> fino a sabato, poi forte calo delle temperature <strong>ILMeteo.it<\/strong>, si apre un periodo &#8216;normalmente autunnale&#8217; <strong>Blitz contro le cosche<\/strong> di &#8216;ndrangheta, 59 arresti Operazione di carabinieri e Dda di Catanzaro nel lametino<br \/>\n<strong>Borsellino:<\/strong> chiesto il rinvio a giudizio per quattro poliziotti Accusati di false dichiarazioni nel processo sui depistaggi<br \/>\n<strong>In centro Perugia<\/strong> drappo con scritta &#8216;Rispetto per Meredith&#8217; La citt\u00e0 si prepara alle riprese della fiction su Amanda Knox<\/p>\n<p>&nbsp;<\/p>\n<p><span style=\"color: #ff0000;\">EDIZIONE DELLE 20, DEL 04 NOVEMBRE 2024<\/span><\/p>\n<audio class=\"wp-audio-shortcode\" id=\"audio-418360-6\" preload=\"none\" style=\"width: 100%;\" controls=\"controls\"><source type=\"audio\/mpeg\" src=\"https:\/\/www.radiopiu.net\/wordpress\/wp-content\/uploads\/2024\/11\/giornale07-10.mp3?_=6\" \/><a href=\"https:\/\/www.radiopiu.net\/wordpress\/wp-content\/uploads\/2024\/11\/giornale07-10.mp3\">https:\/\/www.radiopiu.net\/wordpress\/wp-content\/uploads\/2024\/11\/giornale07-10.mp3<\/a><\/audio>\n<p>&nbsp;<\/p>\n<p><span style=\"color: #ff0000;\">EDIZIONE DELLE 19, DEL 04 NOVEMBRE 2024, LO SPORT<\/span><\/p>\n<audio class=\"wp-audio-shortcode\" id=\"audio-418360-7\" preload=\"none\" style=\"width: 100%;\" controls=\"controls\"><source type=\"audio\/mpeg\" src=\"https:\/\/www.radiopiu.net\/wordpress\/wp-content\/uploads\/2024\/11\/gr-sport-5.mp3?_=7\" \/><a href=\"https:\/\/www.radiopiu.net\/wordpress\/wp-content\/uploads\/2024\/11\/gr-sport-5.mp3\">https:\/\/www.radiopiu.net\/wordpress\/wp-content\/uploads\/2024\/11\/gr-sport-5.mp3<\/a><\/audio>\n<h2><\/h2>\n<h2>AUDIO dalle sette del mattino, ogni ora alla radio<\/h2>\n<audio class=\"wp-audio-shortcode\" id=\"audio-418360-8\" preload=\"none\" style=\"width: 100%;\" controls=\"controls\"><source type=\"audio\/mpeg\" src=\"https:\/\/www.radiopiu.net\/wordpress\/wp-content\/uploads\/2024\/11\/giornale07-11.mp3?_=8\" \/><a href=\"https:\/\/www.radiopiu.net\/wordpress\/wp-content\/uploads\/2024\/11\/giornale07-11.mp3\">https:\/\/www.radiopiu.net\/wordpress\/wp-content\/uploads\/2024\/11\/giornale07-11.mp3<\/a><\/audio>\n<p>&nbsp;<\/p>\n<p>&nbsp;<\/p>\n<hr \/>\n<p>&nbsp;<\/p>\n<p>&nbsp;<\/p>\n<h1><span style=\"color: #ff0000;\"><a class=\"dt-pswp-item\" href=\"https:\/\/www.radiopiu.net\/wordpress\/wp-content\/uploads\/2024\/11\/8.jpg\" data-dt-img-description=\"\" data-large_image_width=\"180\" data-large_image_height=\"180\"><img loading=\"lazy\" decoding=\"async\" class=\"size-full wp-image-417910 alignleft\" src=\"https:\/\/www.radiopiu.net\/wordpress\/wp-content\/uploads\/2024\/11\/8.jpg\" alt=\"\" width=\"180\" height=\"180\" srcset=\"https:\/\/www.radiopiu.net\/wordpress\/wp-content\/uploads\/2024\/11\/8.jpg 180w, https:\/\/www.radiopiu.net\/wordpress\/wp-content\/uploads\/2024\/11\/8-150x150.jpg 150w\" sizes=\"auto, (max-width: 180px) 100vw, 180px\" \/><\/a>I podcast informativi del mattino &#8211; video &#8211;\u00a0<\/span><\/h1>\n<h2 style=\"text-align: left;\"><strong>RASSEGNA STAMPA LOCALE, ORE OTTO 05<\/strong><\/h2>\n<h2><strong> <span style=\"color: #0000ff;\">viene\u00a0 <\/span><\/strong><strong><span style=\"color: #0000ff;\">pubblicata alle 8.05 <span style=\"color: #ff0000;\">DIRETTA RADIO\u00a0 \u00a0<\/span><\/span><\/strong><strong>DI MIRKO MEZZACASA<\/strong><\/h2>\n<h2><span style=\"color: #ff0000;\"><strong>\u00a0<\/strong><\/span><\/h2>\n<h2><span style=\"color: #ff0000;\"><strong>\u00a0<\/strong><\/span><\/h2>\n<h1><span style=\"color: #ff0000;\"><strong>VIDEO\u00a0 \u00a0in diretta dalle 8 del mattino\u00a0 \u00a0per ASCOLTARE <\/strong><\/span><\/h1>\n<blockquote>\n<h1 style=\"text-align: center;\"><a href=\"https:\/\/www.facebook.com\/radiopiu\/videos\/443964881693563\">CLICCA QUI<\/a><\/h1>\n<\/blockquote>\n<p>&nbsp;<\/p>\n<p><a class=\"dt-pswp-item\" href=\"https:\/\/www.radiopiu.net\/wordpress\/wp-content\/uploads\/2024\/11\/coop1-1.png\" data-dt-img-description=\"\" data-large_image_width=\"602\" data-large_image_height=\"375\">\u00a0<\/a><\/p>\n<p><a class=\"dt-pswp-item\" href=\"https:\/\/www.radiopiu.net\/wordpress\/wp-content\/uploads\/2024\/11\/coop1-3.png\" data-dt-img-description=\"\" data-large_image_width=\"401\" data-large_image_height=\"204\"><img loading=\"lazy\" decoding=\"async\" class=\"alignnone wp-image-418596\" src=\"https:\/\/www.radiopiu.net\/wordpress\/wp-content\/uploads\/2024\/11\/coop1-3-300x153.png\" alt=\"\" width=\"355\" height=\"181\" srcset=\"https:\/\/www.radiopiu.net\/wordpress\/wp-content\/uploads\/2024\/11\/coop1-3-300x153.png 300w, https:\/\/www.radiopiu.net\/wordpress\/wp-content\/uploads\/2024\/11\/coop1-3.png 401w\" sizes=\"auto, (max-width: 355px) 100vw, 355px\" \/><\/a><a class=\"dt-pswp-item\" href=\"https:\/\/www.radiopiu.net\/wordpress\/wp-content\/uploads\/2024\/11\/COP233.png\" data-dt-img-description=\"\" data-large_image_width=\"332\" data-large_image_height=\"201\"><img loading=\"lazy\" decoding=\"async\" class=\"alignnone size-medium wp-image-418597\" src=\"https:\/\/www.radiopiu.net\/wordpress\/wp-content\/uploads\/2024\/11\/COP233-300x182.png\" alt=\"\" width=\"300\" height=\"182\" srcset=\"https:\/\/www.radiopiu.net\/wordpress\/wp-content\/uploads\/2024\/11\/COP233-300x182.png 300w, https:\/\/www.radiopiu.net\/wordpress\/wp-content\/uploads\/2024\/11\/COP233.png 332w\" sizes=\"auto, (max-width: 300px) 100vw, 300px\" \/>\u00a0<\/a><\/p>\n<p>&nbsp;<\/p>\n<p>&nbsp;<\/p>\n<hr \/>\n<p>&nbsp;<\/p>\n<p>&nbsp;<\/p>\n<p><strong><a class=\"dt-pswp-item\" href=\"https:\/\/www.radiopiu.net\/wordpress\/wp-content\/uploads\/2023\/12\/ANTENNA.png\" data-dt-img-description=\"\" data-large_image_width=\"300\" data-large_image_height=\"166\"><img loading=\"lazy\" decoding=\"async\" class=\" wp-image-366306 alignleft\" src=\"https:\/\/www.radiopiu.net\/wordpress\/wp-content\/uploads\/2023\/12\/ANTENNA.png\" alt=\"\" width=\"175\" height=\"97\" \/><\/a>ogni sera alle 19 le anticipazioni alla radio, quello che poi seguirete nel TELEGIORNALE BELLUNESE\u00a0 in onda alle 19.30 sul CANALE 10 del digitale terrestre.\u00a0\u00a0<\/strong><\/p>\n<p><strong>LE ANTICIPAZIONI DAL TG DI ANTENNA 3 DI fabio fioravanzi<\/strong><\/p>\n<audio class=\"wp-audio-shortcode\" id=\"audio-418360-9\" preload=\"none\" style=\"width: 100%;\" controls=\"controls\"><source type=\"audio\/mpeg\" src=\"https:\/\/www.radiopiu.net\/wordpress\/wp-content\/uploads\/2024\/11\/ANTENNA3-4.mp3?_=9\" \/><a href=\"https:\/\/www.radiopiu.net\/wordpress\/wp-content\/uploads\/2024\/11\/ANTENNA3-4.mp3\">https:\/\/www.radiopiu.net\/wordpress\/wp-content\/uploads\/2024\/11\/ANTENNA3-4.mp3<\/a><\/audio>\n<p>&nbsp;<\/p>\n<p>&nbsp;<\/p>\n<hr \/>\n<p>&nbsp;<\/p>\n<blockquote>\n<h3>UN BUS NAVETTA PER I FUNERALI DI MARIO DE BON<\/h3>\n<\/blockquote>\n<p><strong><a class=\"dt-pswp-item\" href=\"https:\/\/www.radiopiu.net\/wordpress\/wp-content\/uploads\/2024\/11\/mario-1.png\" data-dt-img-description=\"\" data-large_image_width=\"211\" data-large_image_height=\"231\"><img loading=\"lazy\" decoding=\"async\" class=\" wp-image-418530 alignleft\" src=\"https:\/\/www.radiopiu.net\/wordpress\/wp-content\/uploads\/2024\/11\/mario-1.png\" alt=\"\" width=\"115\" height=\"126\" \/><\/a>SOSPIROLO <\/strong>Domani alle 10.30 si terranno i funerali del sindaco Mario De Bon nella chiesa di Sospirolo. Per gestire l&#8217;afflusso e la viabilit\u00e0, il Comune ha predisposto un servizio navetta ogni dieci minuti tra i parcheggi di Pr\u00e0 de la Melia a Gron e il centro di Sospirolo, attivo dalle 9 alle 12.30. Piazza Lexy sar\u00e0 interdetta alle auto per garantire spazio alle navette. La Pro loco Monti del Sole e la protezione civile collaborano per accogliere oltre un migliaio di persone, con impianto audio esterno, posti a sedere aggiuntivi e volontari per la gestione del traffico. Diverse attivit\u00e0 commerciali chiuderanno per lutto<\/p>\n<p>&nbsp;<\/p>\n<p><a class=\"dt-pswp-item\" href=\"https:\/\/www.radiopiu.net\/wordpress\/wp-content\/uploads\/2024\/11\/c0f55fdc-2fdc-4c9f-a8f9-eb4fc60ca091.jpg\" data-dt-img-description=\"\" data-large_image_width=\"1080\" data-large_image_height=\"1470\"><img loading=\"lazy\" decoding=\"async\" class=\"size-medium wp-image-418620 aligncenter\" src=\"https:\/\/www.radiopiu.net\/wordpress\/wp-content\/uploads\/2024\/11\/c0f55fdc-2fdc-4c9f-a8f9-eb4fc60ca091-220x300.jpg\" alt=\"\" width=\"220\" height=\"300\" srcset=\"https:\/\/www.radiopiu.net\/wordpress\/wp-content\/uploads\/2024\/11\/c0f55fdc-2fdc-4c9f-a8f9-eb4fc60ca091-220x300.jpg 220w, https:\/\/www.radiopiu.net\/wordpress\/wp-content\/uploads\/2024\/11\/c0f55fdc-2fdc-4c9f-a8f9-eb4fc60ca091-752x1024.jpg 752w, https:\/\/www.radiopiu.net\/wordpress\/wp-content\/uploads\/2024\/11\/c0f55fdc-2fdc-4c9f-a8f9-eb4fc60ca091-768x1045.jpg 768w, https:\/\/www.radiopiu.net\/wordpress\/wp-content\/uploads\/2024\/11\/c0f55fdc-2fdc-4c9f-a8f9-eb4fc60ca091.jpg 1080w\" sizes=\"auto, (max-width: 220px) 100vw, 220px\" \/><\/a><\/p>\n<hr \/>\n<p>&nbsp;<\/p>\n<p>&nbsp;<\/p>\n<p><a class=\"dt-pswp-item\" href=\"https:\/\/www.radiopiu.net\/wordpress\/wp-content\/uploads\/2024\/11\/465602845_10235411434573402_4864845662743058984_n-1.jpg\" data-dt-img-description=\"\" data-large_image_width=\"720\" data-large_image_height=\"509\"><img loading=\"lazy\" decoding=\"async\" class=\"alignnone wp-image-418574 size-full\" src=\"https:\/\/www.radiopiu.net\/wordpress\/wp-content\/uploads\/2024\/11\/465602845_10235411434573402_4864845662743058984_n-1.jpg\" alt=\"\" width=\"720\" height=\"509\" srcset=\"https:\/\/www.radiopiu.net\/wordpress\/wp-content\/uploads\/2024\/11\/465602845_10235411434573402_4864845662743058984_n-1.jpg 720w, https:\/\/www.radiopiu.net\/wordpress\/wp-content\/uploads\/2024\/11\/465602845_10235411434573402_4864845662743058984_n-1-300x212.jpg 300w\" sizes=\"auto, (max-width: 720px) 100vw, 720px\" \/>\u00a0<\/a><\/p>\n<p>&nbsp;<\/p>\n<hr \/>\n<p>&nbsp;<\/p>\n<blockquote>\n<h2>GRAVI LE CONDIZIONI DI ANNALISA RICOVERATA AL BORGO TRENTO DI VERONA<\/h2>\n<\/blockquote>\n<p><strong><a class=\"dt-pswp-item\" href=\"https:\/\/www.radiopiu.net\/wordpress\/wp-content\/uploads\/2024\/11\/PICT5506.jpg\" data-dt-img-description=\"KONICA MINOLTA DIGITAL CAMERA\" data-large_image_width=\"1600\" data-large_image_height=\"1200\"><img loading=\"lazy\" decoding=\"async\" class=\"size-medium wp-image-418590 alignleft\" src=\"https:\/\/www.radiopiu.net\/wordpress\/wp-content\/uploads\/2024\/11\/PICT5506-300x225.jpg\" alt=\"\" width=\"300\" height=\"225\" srcset=\"https:\/\/www.radiopiu.net\/wordpress\/wp-content\/uploads\/2024\/11\/PICT5506-300x225.jpg 300w, https:\/\/www.radiopiu.net\/wordpress\/wp-content\/uploads\/2024\/11\/PICT5506-1024x768.jpg 1024w, https:\/\/www.radiopiu.net\/wordpress\/wp-content\/uploads\/2024\/11\/PICT5506-768x576.jpg 768w, https:\/\/www.radiopiu.net\/wordpress\/wp-content\/uploads\/2024\/11\/PICT5506-1536x1152.jpg 1536w, https:\/\/www.radiopiu.net\/wordpress\/wp-content\/uploads\/2024\/11\/PICT5506.jpg 1600w\" sizes=\"auto, (max-width: 300px) 100vw, 300px\" \/><\/a>AGORDO<\/strong><\/p>\n<p><em><strong>Intervento dei Vigili del Fuoco di Agordo chiamati per una perdita d&#8217;acqua, soccorrono una donna di 50 anni, feritasi precedentemente in cucina.\u00a0 Portata a Verona in Codice 3<\/strong><\/em><\/p>\n<p>Mercoledi sera, alle ore 21:55, operazione di soccorso a persona in Via 5 <a class=\"dt-pswp-item\" href=\"https:\/\/www.radiopiu.net\/wordpress\/wp-content\/uploads\/2024\/11\/WhatsApp-Image-2017-01-23-at-6.01.11-PM.jpg\" data-dt-img-description=\"\" data-large_image_width=\"1496\" data-large_image_height=\"842\"><img loading=\"lazy\" decoding=\"async\" class=\"size-medium wp-image-418586 alignright\" src=\"https:\/\/www.radiopiu.net\/wordpress\/wp-content\/uploads\/2024\/11\/WhatsApp-Image-2017-01-23-at-6.01.11-PM-300x169.jpg\" alt=\"\" width=\"300\" height=\"169\" srcset=\"https:\/\/www.radiopiu.net\/wordpress\/wp-content\/uploads\/2024\/11\/WhatsApp-Image-2017-01-23-at-6.01.11-PM-300x169.jpg 300w, https:\/\/www.radiopiu.net\/wordpress\/wp-content\/uploads\/2024\/11\/WhatsApp-Image-2017-01-23-at-6.01.11-PM-1024x576.jpg 1024w, https:\/\/www.radiopiu.net\/wordpress\/wp-content\/uploads\/2024\/11\/WhatsApp-Image-2017-01-23-at-6.01.11-PM-768x432.jpg 768w, https:\/\/www.radiopiu.net\/wordpress\/wp-content\/uploads\/2024\/11\/WhatsApp-Image-2017-01-23-at-6.01.11-PM.jpg 1496w\" sizes=\"auto, (max-width: 300px) 100vw, 300px\" \/><\/a>Maggio 1948, difronte al museo Mineralogico strada per l&#8217;ex minerario. L&#8217;intervento si \u00e8 reso necessario per assistere una donna Annalisa Zasso di 50 anni, insegnante a Falcade e gi\u00e0 educatrice al centro diurno di Agordo. Annalisa si \u00e8 anche impegnata nell&#8217;amministrazione comunale con il sindaco Renzo Gavaz<\/p>\n<p>Mercoledi \u00e8 stata trovata\u00a0 in casa, stava cucinando la cena, quando \u00e8 stata soccorsa era ancora cosciente.\u00a0 I Vigili del Fuoco di Agordo hanno forzato la porta d&#8217;ingresso non riuscendo a contattare la donna all&#8217;interno, chiusa in casa. Le fiamme che hanno interessato la cucina dell&#8217;appartamento, hanno fuso il tubo dell&#8217;acqua della lavastoviglie: la perdita dall&#8217;elettrodomestico aveva provocato delle infiltrazioni di acqua al piano sottostante.<\/p>\n<blockquote><p><em>Dopo le prime cure fornite sul posto, la donna \u00e8 stata trasportata in codice 3 (indicante un&#8217;emergenza grave) all&#8217;ospedale di Verona per ulteriori accertamenti e trattamenti specialistici. L&#8217;operazione \u00e8 stata gestita con la consueta professionalit\u00e0 dai Vigili del Fuoco e dal personale sanitario, garantendo un pronto intervento nella difficile situazione.<\/em><\/p><\/blockquote>\n<p><a class=\"dt-pswp-item\" href=\"https:\/\/www.radiopiu.net\/wordpress\/wp-content\/uploads\/2024\/11\/Senza-nome-32.png\" data-dt-img-description=\"\" data-large_image_width=\"501\" data-large_image_height=\"258\"><img loading=\"lazy\" decoding=\"async\" class=\"size-medium wp-image-418423 aligncenter\" src=\"https:\/\/www.radiopiu.net\/wordpress\/wp-content\/uploads\/2024\/11\/Senza-nome-32-300x154.png\" alt=\"\" width=\"300\" height=\"154\" srcset=\"https:\/\/www.radiopiu.net\/wordpress\/wp-content\/uploads\/2024\/11\/Senza-nome-32-300x154.png 300w, https:\/\/www.radiopiu.net\/wordpress\/wp-content\/uploads\/2024\/11\/Senza-nome-32.png 501w\" sizes=\"auto, (max-width: 300px) 100vw, 300px\" \/><\/a><\/p>\n<hr \/>\n<p>&nbsp;<\/p>\n<p>&nbsp;<\/p>\n<p>&nbsp;<\/p>\n<blockquote>\n<h2><a class=\"dt-pswp-item\" href=\"https:\/\/www.radiopiu.net\/wordpress\/wp-content\/uploads\/2024\/11\/139136744_3620867134665940_5830267803133078260_n.jpg\" data-dt-img-description=\"\" data-large_image_width=\"526\" data-large_image_height=\"854\"><img loading=\"lazy\" decoding=\"async\" class=\"size-medium wp-image-418457 alignleft\" src=\"https:\/\/www.radiopiu.net\/wordpress\/wp-content\/uploads\/2024\/11\/139136744_3620867134665940_5830267803133078260_n-185x300.jpg\" alt=\"\" width=\"185\" height=\"300\" srcset=\"https:\/\/www.radiopiu.net\/wordpress\/wp-content\/uploads\/2024\/11\/139136744_3620867134665940_5830267803133078260_n-185x300.jpg 185w, https:\/\/www.radiopiu.net\/wordpress\/wp-content\/uploads\/2024\/11\/139136744_3620867134665940_5830267803133078260_n.jpg 526w\" sizes=\"auto, (max-width: 185px) 100vw, 185px\" \/><\/a>LUIGI, &#8220;AMAVA LA MATEMATICA, LA MUSICA E I GATTI&#8221;<\/h2>\n<\/blockquote>\n<p>&nbsp;<\/p>\n<p><strong>AGORDO<\/strong> Il messaggio in epigrafe della figlia, con accanto il ti voglio bene, \u00e8 il quadro perfetto del Gio Tunfa. Luigi Cadorin, ci ha lasciato alla rotonda et\u00e0 di 80 anni. Luigi lascia la figlia Maria Martina con Annalisa, i nipoti i cugini i tanti amici della sua Agordo. Anche Taibon serba un bel ricordo di Luigi, uno degli ultimi gestori della Baita del Tita in Valle di San Lucano, anche in quelle occasioni la musica era la colonna sonora delle serata sotto alle Pale.<\/p>\n<p><span class=\"\"><span class=\"xt0psk2\"><a class=\"x1i10hfl xjbqb8w x1ejq31n xd10rxx x1sy0etr x17r0tee x972fbf xcfux6l x1qhh985 xm0m39n x9f619 x1ypdohk xt0psk2 xe8uvvx xdj266r x11i5rnm xat24cr x1mh8g0r xexx8yu x4uap5 x18d9i69 xkhd6sd x16tdsg8 x1hl2dhg xggy1nq x1a2a7pz x1heor9g x1sur9pj xkrqix3 x1s688f\" tabindex=\"0\" role=\"link\" href=\"https:\/\/www.facebook.com\/groups\/61488111720\/user\/100068141926423\/?__cft__[0]=AZUMeOKdtLfAeKX-5cfCTmONivkJuI4SE68ud8VyNy5yJQDWddvruG8ERUo_42o-H71LsmrUvOUZKywY_uolIC7uA1Jl1enxinCGkOZB60VIoNFTQdQr3p4sb-k30Lqaw1MwU8nkJDxcc21YUZYdOyLQHg5O-E4Za2je8scd-0ia0XiyMRxwWbMDUzHVkmflSQYmIRIe2n1SCwqj7pkoKpyg&amp;__tn__=R]-R\" aria-hidden=\"false\"><span class=\"x3nfvp2\"><span class=\"x193iq5w xeuugli x13faqbe x1vvkbs x1xmvt09 x1lliihq x1s928wv xhkezso x1gmr53x x1cpjm7i x1fgarty x1943h6x x4zkp8e x676frb x1nxh6w3 x1sibtaa x1s688f xzsf02u\" dir=\"auto\">Fiorenzo Dell&#8217;agnola<\/span><\/span><\/a> <\/span><\/span>Ciao Gio, insegnante al Follador tanti anni fa&#8217;, bellissima persona.<\/p>\n<p><span class=\"\"><span class=\"xt0psk2\"><a class=\"x1i10hfl xjbqb8w x1ejq31n xd10rxx x1sy0etr x17r0tee x972fbf xcfux6l x1qhh985 xm0m39n x9f619 x1ypdohk xt0psk2 xe8uvvx xdj266r x11i5rnm xat24cr x1mh8g0r xexx8yu x4uap5 x18d9i69 xkhd6sd x16tdsg8 x1hl2dhg xggy1nq x1a2a7pz x1heor9g x1sur9pj xkrqix3 x1s688f\" tabindex=\"0\" role=\"link\" href=\"https:\/\/www.facebook.com\/groups\/1420205028223120\/user\/100004507818697\/?__cft__[0]=AZUDS5ttLDxqfQsEWx-vu-L5B6luVK9-AOvKfIXRAS0dgfvbNoupExdLK_mah4WB8ztS93m1P7-aM2mKmK3cezpDIHX8JFz7vVhLLJJmRrEEy7OgttvraMXjGcxT9szLBrB2Rt3Ksm6n_JzOhlEIoTBJ1-PaxI-8-x3PYAKvXHQ7DGyZ2p2qTfQtWV-KO-Ciim11CgevHR8KHVGboUci2L7Q&amp;__tn__=R]-R\" aria-hidden=\"false\"><span class=\"x3nfvp2\"><span class=\"x193iq5w xeuugli x13faqbe x1vvkbs x1xmvt09 x1lliihq x1s928wv xhkezso x1gmr53x x1cpjm7i x1fgarty x1943h6x x4zkp8e x676frb x1nxh6w3 x1sibtaa x1s688f xzsf02u\" dir=\"auto\">Gianni Gatta<\/span><\/span><\/a> <\/span><\/span>Sentite condoglianze a parenti e amici. R.I.P. Venerd\u00ec tutti i periti minerari\u00a0 del suo diploma e molti altri lo saluteranno ad Agordo. Ciao GIO TUNFA.<\/p>\n<p><strong>Nelle fotografia d&#8217;archivio (MARINO MASCHIO) Luigi Cadorin\u00a0 Gio Tunfa (a destra) con l&#8217;amico Gianni Tormen Chili<\/strong><\/p>\n<p>&nbsp;<\/p>\n<p>&nbsp;<\/p>\n<hr \/>\n<p>&nbsp;<\/p>\n<div class=\"flex-shrink-0 flex flex-col relative items-end\">\n<div>\n<div class=\"pt-0\">\n<div class=\"gizmo-bot-avatar flex h-8 w-8 items-center justify-center overflow-hidden rounded-full\">\n<div class=\"relative p-1 rounded-sm flex items-center justify-center bg-token-main-surface-primary text-token-text-primary h-8 w-8\"><\/div>\n<\/div>\n<\/div>\n<\/div>\n<\/div>\n<div class=\"group\/conversation-turn relative flex w-full min-w-0 flex-col agent-turn\">\n<div class=\"flex-col gap-1 md:gap-3\">\n<div class=\"flex max-w-full flex-col flex-grow\">\n<div class=\"min-h-8 text-message flex w-full flex-col items-end gap-2 whitespace-normal break-words [.text-message+&amp;]:mt-5\" dir=\"auto\" data-message-author-role=\"assistant\" data-message-id=\"f918dd2b-a98c-4c28-8500-a2bacdea4220\" data-message-model-slug=\"gpt-4o\">\n<div class=\"flex w-full flex-col gap-1 empty:hidden first:pt-[3px]\">\n<div class=\"markdown prose w-full break-words dark:prose-invert dark\">\n<p><strong><a class=\"dt-pswp-item\" href=\"https:\/\/www.radiopiu.net\/wordpress\/wp-content\/uploads\/2024\/11\/Senza-nome-41.png\" data-dt-img-description=\"\" data-large_image_width=\"204\" data-large_image_height=\"166\"><img loading=\"lazy\" decoding=\"async\" class=\"wp-image-418583 alignleft\" src=\"https:\/\/www.radiopiu.net\/wordpress\/wp-content\/uploads\/2024\/11\/Senza-nome-41.png\" alt=\"\" width=\"163\" height=\"133\" \/><\/a>Addio ad Antonio Giazzon, figura storica di San Gregorio nelle Alpi<\/strong><\/p>\n<p>Antonio Giazzon, storico gestore della trattoria simbolo di San Gregorio e vicesindaco negli anni &#8217;60-&#8217;70, si \u00e8 spento a 93 anni. Ricordato per il suo impegno. I\u00a0funerali sono previsti domani alle 14.30. Antonio Giazzon lascia la moglie Rosanna, i figli Antonella con Ferruccio e Daniele con Giusy<\/p>\n<\/div>\n<\/div>\n<\/div>\n<\/div>\n<\/div>\n<\/div>\n<p>&nbsp;<\/p>\n<p>&nbsp;<\/p>\n<hr \/>\n<p>&nbsp;<\/p>\n<p>&nbsp;<\/p>\n<blockquote><p><strong>Incidente al Casonetto: anziano distrugge il Dobl\u00f2 contro una corriera<\/strong><\/p><\/blockquote>\n<p>Ieri mattina, alle 7.45, un 74enne alla guida di un Fiat Dobl\u00f2 ha ignorato lo stop all&#8217;incrocio tra la statale 50 e via Pont, scontrandosi con una corriera di Garbin Viaggi diretta a Feltre. Gravi i danni al Dobl\u00f2 e alla fiancata dell&#8217;autobus, ma fortunatamente nessun ferito grave. Disagi al traffico risolti in 45 minuti.<\/p>\n<p><a class=\"dt-pswp-item\" href=\"https:\/\/www.radiopiu.net\/wordpress\/wp-content\/uploads\/2024\/11\/Senza-nome-37.png\" data-dt-img-description=\"\" data-large_image_width=\"516\" data-large_image_height=\"299\"><img loading=\"lazy\" decoding=\"async\" class=\"alignnone size-medium wp-image-418575\" src=\"https:\/\/www.radiopiu.net\/wordpress\/wp-content\/uploads\/2024\/11\/Senza-nome-37-300x174.png\" alt=\"\" width=\"300\" height=\"174\" srcset=\"https:\/\/www.radiopiu.net\/wordpress\/wp-content\/uploads\/2024\/11\/Senza-nome-37-300x174.png 300w, https:\/\/www.radiopiu.net\/wordpress\/wp-content\/uploads\/2024\/11\/Senza-nome-37.png 516w\" sizes=\"auto, (max-width: 300px) 100vw, 300px\" \/><\/a><\/p>\n<p>&nbsp;<\/p>\n<hr \/>\n<p>&nbsp;<\/p>\n<blockquote>\n<h3 class=\"entry-title\">Regina contesa: la Marmolada si trova al centro di una disputa \u201creale\u201d<\/h3>\n<\/blockquote>\n<p class=\"entry-title\"><strong style=\"font-size: 14px;\"><strong><img decoding=\"async\" class=\"alignleft\" src=\"https:\/\/www.radiopiu.net\/wordpress\/wp-content\/uploads\/2024\/11\/f686bb06-76c8-4a27-a558-de15946ec439.jpg\" \/><\/strong>ROCCA PIETORE<\/strong><span style=\"font-size: 14px; font-weight: normal;\"> Chi avrebbe mai pensato che anche le vette potessero contendersi titoli nobiliari? In alta quota, tra nevicate e panorami mozzafiato, si scatena la sfida per la corona: la Marmolada, celebre come la \u201cRegina delle Dolomiti\u201d, si \u00e8 trovata al centro di una disputa di \u201csangue blu\u201d. E non \u00e8 una questione di bellezza (anche se la Marmolada ha da sempre sbaragliato la concorrenza), ma di titoli ufficiali e registrazioni legali. Rocca Pietore, con la sua carta in mano datata 24 febbraio 2014, si alza in piedi e afferma: \u201c\u00c8 nostra e guai a chi ce la tocca!\u201d<\/span><\/p>\n<p class=\"entry-title\"><span style=\"font-size: 14px; font-weight: normal;\">La disputa \u00e8 nata quando Cortina d\u2019Ampezzo ha azzardato l\u2019uso della stessa definizione. Un atto che per Rocca Pietore equivale a un tentativo di colpo di stato senza giustificazioni, quasi come se qualcuno tentasse di incoronare un altro sovrano senza il consenso del popolo montano.<\/span><em style=\"font-size: 14px; font-weight: normal;\">\u201cCarta canta\u201d,<\/em><span style=\"font-size: 14px; font-weight: normal;\">\u00a0fa notare Valerio Davare, sindaco di Rocca Pietore, agitando il marchio registrato come fosse lo scettro reale. Il messaggio \u00e8 chiaro: la \u201cRegina\u201d \u00e8 solo una e le imitazioni non sono ben accette. L\u2019orgoglio locale non \u00e8 solo una questione di branding, ma di un amore secolare tra gli abitanti e la loro sovrana di roccia e ghiaccio. La Marmolada regna incontrastata, e guai a chi osa sfidarla per la corona!<\/span><\/p>\n<p class=\"entry-title\">mirko mezzacasa<\/p>\n<p>&nbsp;<\/p>\n<hr \/>\n<p>&nbsp;<\/p>\n<blockquote>\n<h3>&#8220;REGINA DELLE DOLOMITI&#8221;, LA CONTESA. DE BERNARDIN &#8220;NON E&#8217; CHE CORTINA VOGLIA APPROPRIARSI ANCHE DELLA PARETE D&#8217;ARGENTO?&#8221;<\/h3>\n<\/blockquote>\n<p><strong><img loading=\"lazy\" decoding=\"async\" class=\"alignleft\" src=\"https:\/\/www.radiopiu.net\/wordpress\/wp-content\/uploads\/2023\/12\/dalla-Marmolada-Diego-Andriollo.jpg\" width=\"219\" height=\"164\" \/>CORTINA<\/strong> Se cerchi\u00a0 &#8220;cos&#8217;\u00e8 la Regina delle Dolomiti, internet risponde:\u00a0 <em>La &#8220;Regina delle Dolomiti&#8221; \u00e8 un appellativo che si riferisce alla <strong>Marmolada<\/strong>, la montagna pi\u00f9 alta delle Dolomiti, situata al confine tra le province di Trento e Belluno.. La Marmolada \u00e8 un&#8217;attrazione popolare sia per gli appassionati di alpinismo che per gli sciatori, grazie alle sue piste e ai panorami mozzafiato&#8221;.\u00a0<\/em>Potrebbe bastare questo per evitare lo scontro diplomatico alla vigilia di un&#8217;Olimpiade che dovrebbe unire il territorio.<\/p>\n<p>Se queste sono le premesse&#8230;apriti cielo. Dopo la battaglia per i confini vinta da Trento, ora l&#8217;Agordino non vorrebbe perdere anche questa seconda battaglia, in una sfida fratricida con i cugini al di l\u00e0 del Falzarego. Ma il ruolo di Principessa per Cortina non era ugualmente regale?\u00a0 Andrea De Bernardin, gi\u00e0 sindaco del paese, strenuo difensore e storico della Marmolada chiarisce la sua posizione e mette le mani avanti. &#8220;Non vorrei si prendessero anche la Parete d&#8217;Argento&#8221;&#8230;. (FOTO DIEGO ANDRIOLLO)<\/p>\n<blockquote><p><em>p.s. A proposito di <strong>Cuore delle Dolomiti,<\/strong> risulterebbe che il marchio sia stato registrato dall&#8217;amministrazione comunale di Agordo negli anni in cui era assessore Angelo Ramazzina. Cos\u00ec tanto per ricordarlo perch\u00e9 Cuore delle Dolomiti non compare solo ad Agordo, ma ultimamente a macchia di leopardo ovunque nelle Dolomiti.<\/em><\/p><\/blockquote>\n<p><strong>ANDREA DE BERNARDIN<\/strong><\/p>\n<audio class=\"wp-audio-shortcode\" id=\"audio-418360-10\" preload=\"none\" style=\"width: 100%;\" controls=\"controls\"><source type=\"audio\/mpeg\" src=\"https:\/\/www.radiopiu.net\/wordpress\/wp-content\/uploads\/2024\/11\/ANDREA-DEB.mp3?_=10\" \/><a href=\"https:\/\/www.radiopiu.net\/wordpress\/wp-content\/uploads\/2024\/11\/ANDREA-DEB.mp3\">https:\/\/www.radiopiu.net\/wordpress\/wp-content\/uploads\/2024\/11\/ANDREA-DEB.mp3<\/a><\/audio>\n<p>&nbsp;<\/p>\n<hr \/>\n<blockquote>\n<h1><\/h1>\n<h1><strong><span style=\"font-size: 14px;\">CORTINA REGINA? DELMONEGO LANCIA LA PROPOSTA DEL MARCHIO UNICO PER LE CINQUE VALLATE LADINE<\/span><\/strong><\/h1>\n<\/blockquote>\n<p><strong><a class=\"dt-pswp-item\" href=\"https:\/\/www.radiopiu.net\/wordpress\/wp-content\/uploads\/2024\/11\/GABRIELE-DEL-MONEGO.png\" data-dt-img-description=\"\" data-large_image_width=\"343\" data-large_image_height=\"343\"><img loading=\"lazy\" decoding=\"async\" class=\"wp-image-418427 alignleft\" src=\"https:\/\/www.radiopiu.net\/wordpress\/wp-content\/uploads\/2024\/11\/GABRIELE-DEL-MONEGO-300x300.png\" alt=\"\" width=\"152\" height=\"152\" srcset=\"https:\/\/www.radiopiu.net\/wordpress\/wp-content\/uploads\/2024\/11\/GABRIELE-DEL-MONEGO-300x300.png 300w, https:\/\/www.radiopiu.net\/wordpress\/wp-content\/uploads\/2024\/11\/GABRIELE-DEL-MONEGO-150x150.png 150w, https:\/\/www.radiopiu.net\/wordpress\/wp-content\/uploads\/2024\/11\/GABRIELE-DEL-MONEGO.png 343w\" sizes=\"auto, (max-width: 152px) 100vw, 152px\" \/><\/a><\/strong><\/p>\n<div class=\"mb-2 flex gap-3 empty:hidden -ml-2\">\n<div class=\"items-center justify-start rounded-xl p-1 flex\">\n<div class=\"flex items-center\">\n<p><strong>LIVINALLONGO<\/strong> Non poteva mancare la voce Fodom sulla tematica del giorno. Marmolada o Cortina Regina? Gabriele Delmonego, vicesindaco, operatore turistico del territorio, un giovane dalle ampie vedute dribbla le polemiche e rilancia le proposte.<\/p>\n<p><strong>AUDIO<\/strong><\/p>\n<audio class=\"wp-audio-shortcode\" id=\"audio-418360-11\" preload=\"none\" style=\"width: 100%;\" controls=\"controls\"><source type=\"audio\/mpeg\" src=\"https:\/\/www.radiopiu.net\/wordpress\/wp-content\/uploads\/2024\/11\/GABRIELE-GRONES.mp3?_=11\" \/><a href=\"https:\/\/www.radiopiu.net\/wordpress\/wp-content\/uploads\/2024\/11\/GABRIELE-GRONES.mp3\">https:\/\/www.radiopiu.net\/wordpress\/wp-content\/uploads\/2024\/11\/GABRIELE-GRONES.mp3<\/a><\/audio>\n<p>&nbsp;<\/p>\n<\/div>\n<\/div>\n<\/div>\n<hr \/>\n<p>&nbsp;<\/p>\n<blockquote>\n<h3>L&#8217;AMMINISTRAZIONE COMUNALE DI ARSIE&#8217; RISPONDE AI TAGLI DEL TRASPORTO PUBBLICO LOCALE<\/h3>\n<\/blockquote>\n<p><strong><a class=\"dt-pswp-item\" href=\"https:\/\/www.radiopiu.net\/wordpress\/wp-content\/uploads\/2024\/11\/6cf757c6-29af-424b-8a94-1915289af0df.jpg\" data-dt-img-description=\"\" data-large_image_width=\"1600\" data-large_image_height=\"1200\"><img loading=\"lazy\" decoding=\"async\" class=\" wp-image-418487 alignleft\" src=\"https:\/\/www.radiopiu.net\/wordpress\/wp-content\/uploads\/2024\/11\/6cf757c6-29af-424b-8a94-1915289af0df-300x225.jpg\" alt=\"\" width=\"161\" height=\"121\" srcset=\"https:\/\/www.radiopiu.net\/wordpress\/wp-content\/uploads\/2024\/11\/6cf757c6-29af-424b-8a94-1915289af0df-300x225.jpg 300w, https:\/\/www.radiopiu.net\/wordpress\/wp-content\/uploads\/2024\/11\/6cf757c6-29af-424b-8a94-1915289af0df-1024x768.jpg 1024w, https:\/\/www.radiopiu.net\/wordpress\/wp-content\/uploads\/2024\/11\/6cf757c6-29af-424b-8a94-1915289af0df-768x576.jpg 768w, https:\/\/www.radiopiu.net\/wordpress\/wp-content\/uploads\/2024\/11\/6cf757c6-29af-424b-8a94-1915289af0df-1536x1152.jpg 1536w, https:\/\/www.radiopiu.net\/wordpress\/wp-content\/uploads\/2024\/11\/6cf757c6-29af-424b-8a94-1915289af0df.jpg 1600w\" sizes=\"auto, (max-width: 161px) 100vw, 161px\" \/><\/a>ARSIE&#8217; <\/strong>Per rispondere ai tagli del trasporto pubblico e per garantire gli spostamenti della popolazione anziana, ad Arsi\u00e8 al volante del pulmino sale un assessore.<\/p>\n<p><strong>DI DANIELE DALVIT<\/strong><\/p>\n<audio class=\"wp-audio-shortcode\" id=\"audio-418360-12\" preload=\"none\" style=\"width: 100%;\" controls=\"controls\"><source type=\"audio\/mpeg\" src=\"https:\/\/www.radiopiu.net\/wordpress\/wp-content\/uploads\/2024\/11\/Servizio-Arsie-assessore-autista.mp3?_=12\" \/><a href=\"https:\/\/www.radiopiu.net\/wordpress\/wp-content\/uploads\/2024\/11\/Servizio-Arsie-assessore-autista.mp3\">https:\/\/www.radiopiu.net\/wordpress\/wp-content\/uploads\/2024\/11\/Servizio-Arsie-assessore-autista.mp3<\/a><\/audio>\n<p>&nbsp;<\/p>\n<hr \/>\n<p>&nbsp;<\/p>\n<blockquote>\n<h3>SALUTE OLTRE LA CITTA&#8217;, OGGI AD AGORDO<\/h3>\n<\/blockquote>\n<p><strong><a class=\"dt-pswp-item\" href=\"https:\/\/www.radiopiu.net\/wordpress\/wp-content\/uploads\/2024\/11\/conv-palalux.png\" data-dt-img-description=\"\" data-large_image_width=\"886\" data-large_image_height=\"626\"><img loading=\"lazy\" decoding=\"async\" class=\" wp-image-418133 alignleft\" src=\"https:\/\/www.radiopiu.net\/wordpress\/wp-content\/uploads\/2024\/11\/conv-palalux-300x212.png\" alt=\"\" width=\"171\" height=\"121\" srcset=\"https:\/\/www.radiopiu.net\/wordpress\/wp-content\/uploads\/2024\/11\/conv-palalux-300x212.png 300w, https:\/\/www.radiopiu.net\/wordpress\/wp-content\/uploads\/2024\/11\/conv-palalux-768x543.png 768w, https:\/\/www.radiopiu.net\/wordpress\/wp-content\/uploads\/2024\/11\/conv-palalux.png 886w\" sizes=\"auto, (max-width: 171px) 100vw, 171px\" \/><\/a>AGORDO<\/strong> Oggi si terr\u00e0 ad Agordo il terzo appuntamento della serie di convegni \u201cSalute oltre la citt\u00e0,\u201d dedicati al tema della sanit\u00e0 in montagna. Dopo i precedenti incontri a Feltre e Pieve di Cadore, il convegno ad Agordo, presso il Palaluxottica, sar\u00e0 incentrato su \u201cRisonanze autentiche: lo spazio della Comunit\u00e0\u201d. La giornata offrir\u00e0 un confronto sul ruolo della medicina territoriale in ambito montano, coinvolgendo altre realt\u00e0 regionali. Tra i relatori ci saranno il Direttore dell\u2019Area Sanit\u00e0 e Sociale del Veneto Massimo Annicchiarico, l\u2019accademico e gi\u00e0 presidente dell\u2019Istituto Superiore di Sanit\u00e0 Silvio Brusaferro, e Giuseppe De Castro, coordinatore delle iniziative Welfare di Luxottica.<\/p>\n<p>&nbsp;<\/p>\n<hr \/>\n<p>&nbsp;<\/p>\n<p>&nbsp;<\/p>\n<blockquote>\n<h1>&#8216;Non soccorse una ragazza morente&#8217;, dottoressa indagata per omicidio Medico di base e nefrologa, lavora in una ditta in appalto.<\/h1>\n<\/blockquote>\n<p><strong>PIOVE DI SACCO-BELLUNO<\/strong><\/p>\n<p><a class=\"dt-pswp-item\" href=\"https:\/\/www.radiopiu.net\/wordpress\/wp-content\/uploads\/2024\/11\/Senza-nome-44.png\" data-dt-img-description=\"\" data-large_image_width=\"391\" data-large_image_height=\"302\"><img loading=\"lazy\" decoding=\"async\" class=\"size-medium wp-image-418599 alignleft\" src=\"https:\/\/www.radiopiu.net\/wordpress\/wp-content\/uploads\/2024\/11\/Senza-nome-44-300x232.png\" alt=\"\" width=\"300\" height=\"232\" srcset=\"https:\/\/www.radiopiu.net\/wordpress\/wp-content\/uploads\/2024\/11\/Senza-nome-44-300x232.png 300w, https:\/\/www.radiopiu.net\/wordpress\/wp-content\/uploads\/2024\/11\/Senza-nome-44.png 391w\" sizes=\"auto, (max-width: 300px) 100vw, 300px\" \/><\/a>Una dottoressa di 62 anni originaria di Castel Volturno (Caserta), Anna Maria Lamanna, \u00e8 stata indagata dal pm di Padova Sergio Dini per rifiuto di atti d&#8217;ufficio, interruzione di servizio di pubblica necessit\u00e0 e cooperazione in omicidio colposo.Il caso si riferisce alla morte all&#8217;ospedale euganeo il 28 ottobre di Eleonora Chinello, 14 anni, investita da un&#8217;auto mentre andava in bicicletta a prendere l&#8217;autobus. \u00a0Le infermiere del 118 accusano la dottoressa che era nell&#8217;ambulanza che soccorse la ragazzina di non essere neppure scesa dall&#8217;ambulanza limitandosi a dire alle due sanitarie &#8220;fate voi&#8221;, non agendo in alcun modo per tentare di salvare Eleonora. Le due infermiere hanno fatto rapporto ed \u00e8 su questo che si basa l&#8217;inchiesta. \u00a0La dottoressa, oltre a prestare servizio in alcune strutture private della provincia di Belluno, \u00e8 stata ingaggiata dalla societ\u00e0 tra professionisti Cmp di Granarolo, in provincia di Bologna, che d\u00e0 copertura al pronto soccorso dell&#8217;ospedale di Piove di Sacco. A sua difesa la sanitaria ha detto di non essersi bloccata davanti alla paziente, ma di aver capito quanto grave fose la situazione e di aver richiesto un rinforzo immediato all&#8217;ospedale di Padova. La societ\u00e0 Cmp ha sospeso il medico dal servizio di pronto soccorso con effetto immediato.<\/p>\n<p>&nbsp;<\/p>\n<p>&nbsp;<\/p>\n<hr \/>\n<p>&nbsp;<\/p>\n<p><strong>LA GIUDIZIARIA<\/strong><br \/>\n<strong>DAL CORRIERE DELLE ALPI<\/strong><br \/>\n<strong>GIGI SOSSO<\/strong><\/p>\n<div class=\"group\/conversation-turn relative flex w-full min-w-0 flex-col agent-turn\">\n<div class=\"flex-col gap-1 md:gap-3\">\n<div class=\"flex max-w-full flex-col flex-grow\">\n<div class=\"min-h-8 text-message flex w-full flex-col items-end gap-2 whitespace-normal break-words [.text-message+&amp;]:mt-5\" dir=\"auto\" data-message-author-role=\"assistant\" data-message-id=\"acb5cbd7-afae-46bd-ae62-2081aebde768\" data-message-model-slug=\"gpt-4o\">\n<div class=\"flex w-full flex-col gap-1 empty:hidden first:pt-[3px]\">\n<div class=\"markdown prose w-full break-words dark:prose-invert dark\">\n<blockquote><p><strong>Otto indagati per l&#8217;accoltellamento di via del Boscon<\/strong><\/p><\/blockquote>\n<p><strong>FELTRE<\/strong> La Procura ha indagato otto italiani di Ponte nelle Alpi, sette adulti e un minorenne, per lesioni aggravate in concorso dopo i fatti di settembre. Gli accusati, difesi dall&#8217;avvocato Mariangela Sommacal, sostengono che il coltello apparteneva alla quarantenne ferita di Castion. La donna, secondo loro, avrebbe minacciato il gruppo con l&#8217;arma e si sarebbe ferita nella colluttazione. L&#8217;arma non \u00e8 stata trovata e le indagini continuano, basandosi su testimonianze e immagini video poco chiare. Intanto, i coniugi feriti sono stati dimessi dall&#8217;ospedale e hanno ripreso la loro vita normale.<\/p>\n<\/div>\n<\/div>\n<\/div>\n<\/div>\n<\/div>\n<\/div>\n<blockquote><p><strong>Controllo fiscale, emergono redditi non dichiarati: Incitti a processo<\/strong><\/p><\/blockquote>\n<p><strong>FELTRE<\/strong> \u00e8 stato portato in tribunale dalla Guardia di Finanza di Feltre per occultamento o distruzione di documenti contabili, reato punibile con tre a sette anni di reclusione. Tra il 2015 e il 2019, non avrebbe dichiarato oltre 250 mila euro di redditi, evitando di pagare Iva e imposte. L&#8217;accusa, rappresentata dal PM Maria Luisa Pesco, ha ricostruito la situazione basandosi sulle fatture di Italia on line, mentre la difesa \u00e8 affidata all&#8217;avvocato Federica Borrelli. Tensioni in aula hanno portato a una breve sospensione dell&#8217;udienza. L&#8217;esame dell&#8217;imputato e testimonianze della difesa sono previsti nei prossimi mesi.<\/p>\n<p>&nbsp;<\/p>\n<blockquote><p><strong>Condannato per indebita percezione del Reddito di cittadinanza<\/strong><\/p><\/blockquote>\n<p><strong>AGORDO<\/strong> L&#8217;agordino\u00a0 \u00e8 stato condannato a un anno e quattro mesi, con pena sospesa e non menzione, dal giudice Paolo Velo per indebita percezione del Reddito di cittadinanza. L&#8217;uomo, in difficolt\u00e0 economiche, aveva omesso di dichiarare un deposito titoli cointestato con la moglie, scoperto dalla Guardia di finanza, che lo escludeva dai requisiti per il sussidio. Il difensore d&#8217;ufficio ha sostenuto la buona fede dell&#8217;imputato, ma il giudice ha ritenuto provata la violazione, confermata la condanna, seppur con sospensione condizionale e senza registrazione nel casellario giudiziale.<\/p>\n<div class=\"mb-2 flex gap-3 empty:hidden -ml-2\">\n<div class=\"items-center justify-start rounded-xl p-1 flex\">\n<div class=\"flex items-center\">\n<div class=\"flex\">\n<div class=\"flex-shrink-0 flex flex-col relative items-end\">\n<div>\n<div class=\"pt-0\">\n<div class=\"gizmo-bot-avatar flex h-8 w-8 items-center justify-center overflow-hidden rounded-full\">\n<div class=\"relative p-1 rounded-sm flex items-center justify-center bg-token-main-surface-primary text-token-text-primary h-8 w-8\"><\/div>\n<\/div>\n<\/div>\n<\/div>\n<\/div>\n<div class=\"group\/conversation-turn relative flex w-full min-w-0 flex-col agent-turn\">\n<div class=\"flex-col gap-1 md:gap-3\">\n<div class=\"flex max-w-full flex-col flex-grow\">\n<div class=\"min-h-8 text-message flex w-full flex-col items-end gap-2 whitespace-normal break-words [.text-message+&amp;]:mt-5\" dir=\"auto\" data-message-author-role=\"assistant\" data-message-id=\"b65588ec-feb9-402e-9fad-366e38967e60\" data-message-model-slug=\"gpt-4o\">\n<div class=\"flex w-full flex-col gap-1 empty:hidden first:pt-[3px]\">\n<div class=\"markdown prose w-full break-words dark:prose-invert dark\">\n<blockquote><p><strong>\u00a0Rinviato a giudizio per resistenza e lesioni aggravate<\/strong><\/p><\/blockquote>\n<p><strong>BELLUNO<\/strong> Un bellunese di Sopracroda \u00e8 stato rinviato a giudizio per resistenza a pubblico ufficiale e lesioni aggravate. Il 2 febbraio dello scorso anno, l&#8217;uomo, visibilmente ubriaco, \u00e8 stato coinvolto in una lite domestica e presentava un comportamento aggressivo quando i sanitari del Suem 118 sono intervenuti. Chiamata la polizia per garantire la sicurezza degli operatori,avrebbe aggredito un agente, cercando di sottrargli la pistola e colpendolo con un pugno al naso, causandogli un trauma con prognosi di due giorni. L\u2019imputato, difeso dall\u2019avvocato Andrea Rui, sosterr\u00e0 il processo, deciso dal giudice Enrica Marson.<\/p>\n<p>&nbsp;<\/p>\n<p>&nbsp;<\/p>\n<hr \/>\n<p>&nbsp;<\/p>\n<p>&nbsp;<\/p>\n<h1 class=\"_title post-title entry-title\">BELLUNO | UN PROTOCOLLO CONTRO VIOLENZE E MOLESTIE NEI LUOGHI DI LAVORO<\/h1>\n<p>Intervistati FLAVIA MONEGO (CONSIGLIERA DI PARITA\u2019 PROVINCIA BELLUNO) (Servizio di\u00a0<a href=\"https:\/\/antennatre.medianordest.it\/redazione\/Fabio-Fioravanzi\/\">Fabio Fioravanzi<\/a>)<\/p>\n<\/div>\n<\/div>\n<\/div>\n<\/div>\n<\/div>\n<\/div>\n<\/div>\n<div class=\"flex items-center pb-0\">\n<p><iframe loading=\"lazy\" title=\"UN PROTOCOLLO CONTRO VIOLENZE E MOLESTIE NEI LUOGHI DI LAVORO | 07\/11\/2024\" width=\"1200\" height=\"675\" src=\"https:\/\/www.youtube.com\/embed\/Z6jIjOCd1wc?feature=oembed\" frameborder=\"0\" allow=\"accelerometer; autoplay; clipboard-write; encrypted-media; gyroscope; picture-in-picture; web-share\" referrerpolicy=\"strict-origin-when-cross-origin\" allowfullscreen><\/iframe><\/p>\n<\/div>\n<div><\/div>\n<div><\/div>\n<div><\/div>\n<\/div>\n<\/div>\n<\/div>\n<hr \/>\n<blockquote>\n<h3><a class=\"dt-pswp-item\" href=\"https:\/\/www.radiopiu.net\/wordpress\/wp-content\/uploads\/2024\/11\/Carabinieri-belluno_visita-prefetto_COMANDANTI-scaled.jpg\" data-dt-img-description=\"\" data-large_image_width=\"2560\" data-large_image_height=\"1565\"><img loading=\"lazy\" decoding=\"async\" class=\"size-medium wp-image-418502 alignleft\" src=\"https:\/\/www.radiopiu.net\/wordpress\/wp-content\/uploads\/2024\/11\/Carabinieri-belluno_visita-prefetto_COMANDANTI-300x183.jpg\" alt=\"\" width=\"300\" height=\"183\" srcset=\"https:\/\/www.radiopiu.net\/wordpress\/wp-content\/uploads\/2024\/11\/Carabinieri-belluno_visita-prefetto_COMANDANTI-300x183.jpg 300w, https:\/\/www.radiopiu.net\/wordpress\/wp-content\/uploads\/2024\/11\/Carabinieri-belluno_visita-prefetto_COMANDANTI-1024x626.jpg 1024w, https:\/\/www.radiopiu.net\/wordpress\/wp-content\/uploads\/2024\/11\/Carabinieri-belluno_visita-prefetto_COMANDANTI-768x470.jpg 768w, https:\/\/www.radiopiu.net\/wordpress\/wp-content\/uploads\/2024\/11\/Carabinieri-belluno_visita-prefetto_COMANDANTI-1536x939.jpg 1536w, https:\/\/www.radiopiu.net\/wordpress\/wp-content\/uploads\/2024\/11\/Carabinieri-belluno_visita-prefetto_COMANDANTI-2048x1252.jpg 2048w\" sizes=\"auto, (max-width: 300px) 100vw, 300px\" \/><\/a>LA VISITA DEL PREFETTO DI BELLUNO AL COMANDO PROVINCIALE DEI CARABINIERI<\/h3>\n<\/blockquote>\n<p><strong>BELLUNO<\/strong> Il Prefetto di Belluno, Dott. Antonello Roccoberton, ha visitato il Comando Provinciale dei Carabinieri di Belluno, accolto dal Colonnello Enrico Pigozzo e dagli onori della Guardia in <a class=\"dt-pswp-item\" href=\"https:\/\/www.radiopiu.net\/wordpress\/wp-content\/uploads\/2024\/11\/Carabinieri-belluno_visita-prefetto_ONORI-scaled.jpg\" data-dt-img-description=\"\" data-large_image_width=\"2560\" data-large_image_height=\"1585\"><img loading=\"lazy\" decoding=\"async\" class=\"size-medium wp-image-418504 alignright\" src=\"https:\/\/www.radiopiu.net\/wordpress\/wp-content\/uploads\/2024\/11\/Carabinieri-belluno_visita-prefetto_ONORI-300x186.jpg\" alt=\"\" width=\"300\" height=\"186\" srcset=\"https:\/\/www.radiopiu.net\/wordpress\/wp-content\/uploads\/2024\/11\/Carabinieri-belluno_visita-prefetto_ONORI-300x186.jpg 300w, https:\/\/www.radiopiu.net\/wordpress\/wp-content\/uploads\/2024\/11\/Carabinieri-belluno_visita-prefetto_ONORI-1024x634.jpg 1024w, https:\/\/www.radiopiu.net\/wordpress\/wp-content\/uploads\/2024\/11\/Carabinieri-belluno_visita-prefetto_ONORI-768x475.jpg 768w, https:\/\/www.radiopiu.net\/wordpress\/wp-content\/uploads\/2024\/11\/Carabinieri-belluno_visita-prefetto_ONORI-1536x951.jpg 1536w, https:\/\/www.radiopiu.net\/wordpress\/wp-content\/uploads\/2024\/11\/Carabinieri-belluno_visita-prefetto_ONORI-2048x1268.jpg 2048w\" sizes=\"auto, (max-width: 300px) 100vw, 300px\" \/><\/a>Grande Uniforme Storica. Durante l&#8217;incontro, Roccoberton ha conosciuto gli Ufficiali della sede, i Comandanti delle Compagnie e delle Stazioni Carabinieri della provincia, oltre al 14\u00b0 Nucleo Elicotteri. Il Colonnello Pigozzo ha presentato un quadro della sicurezza pubblica provinciale, evidenziando il ruolo delle stazioni locali e le competenze del Gruppo Forestale e del Reparto Biodiversit\u00e0. Successivamente, il Prefetto ha visitato la Centrale Operativa e incontrato le unit\u00e0 speciali, apprezzando il lavoro delle A.P.I. per situazioni di emergenza e dei Carabinieri Negoziatori. Al termine della visita, Roccoberton ha lodato l\u2019impegno dell\u2019Arma per la sicurezza, ricevendo dal Colonnello un crest in legno raffigurante la Fiamma dei Carabinieri.<\/p>\n<p>&nbsp;<\/p>\n<p>&nbsp;<\/p>\n<hr \/>\n<p>&nbsp;<\/p>\n<blockquote>\n<h3 class=\"entry-title\">OGGI ESERCITAZIONE DELLA PROTEZIONE CIVILE NEL FELTRINO<\/h3>\n<\/blockquote>\n<p><strong>REDAZIONE\u00a0<\/strong>Nella giornata di oggi, la Protezione Civile svolger\u00e0 un\u2019esercitazione sismica in alcuni comuni della provincia. L\u2019iniziativa mira a testare l\u2019efficacia dei piani di emergenza e la prontezza delle autorit\u00e0 locali in caso di terremoto. La simulazione interesser\u00e0 Borgo Valbelluna, Feltre, Setteville, Cison di Valmarino, Farra di Soligo, Follina, Miane, Moriago della Battaglia, Pederobba, Pieve di Soligo, Segusino, Sernaglia della Battaglia, Vidor e Valdobbiadene. Seguiranno aggiornamenti per informare i cittadini sull\u2019andamento dell\u2019esercitazione e sulle misure di sicurezza attivate.<\/p>\n<p>&nbsp;<\/p>\n<p>&nbsp;<\/p>\n<hr \/>\n<p>&nbsp;<\/p>\n<blockquote>\n<h3>PRESENTATE LE INIZIATIVE PER IL NATALE A BELLUNO<\/h3>\n<\/blockquote>\n<p><strong>BELLUNO<\/strong> E&#8217; stato presentato a Belluno il programma per le prossime festivit\u00e0 natalizie nel capoluogo di provincia.<\/p>\n<p><strong><a class=\"dt-pswp-item\" href=\"https:\/\/www.radiopiu.net\/wordpress\/wp-content\/uploads\/2024\/11\/image00001-scaled.jpeg\" data-dt-img-description=\"\" data-large_image_width=\"2560\" data-large_image_height=\"1920\"><img loading=\"lazy\" decoding=\"async\" class=\"alignnone size-medium wp-image-418491\" src=\"https:\/\/www.radiopiu.net\/wordpress\/wp-content\/uploads\/2024\/11\/image00001-300x225.jpeg\" alt=\"\" width=\"300\" height=\"225\" srcset=\"https:\/\/www.radiopiu.net\/wordpress\/wp-content\/uploads\/2024\/11\/image00001-300x225.jpeg 300w, https:\/\/www.radiopiu.net\/wordpress\/wp-content\/uploads\/2024\/11\/image00001-1024x768.jpeg 1024w, https:\/\/www.radiopiu.net\/wordpress\/wp-content\/uploads\/2024\/11\/image00001-768x576.jpeg 768w, https:\/\/www.radiopiu.net\/wordpress\/wp-content\/uploads\/2024\/11\/image00001-1536x1152.jpeg 1536w, https:\/\/www.radiopiu.net\/wordpress\/wp-content\/uploads\/2024\/11\/image00001-2048x1536.jpeg 2048w\" sizes=\"auto, (max-width: 300px) 100vw, 300px\" \/><\/a><a class=\"dt-pswp-item\" href=\"https:\/\/www.radiopiu.net\/wordpress\/wp-content\/uploads\/2024\/11\/image00002-scaled.jpeg\" data-dt-img-description=\"\" data-large_image_width=\"2560\" data-large_image_height=\"1920\"><img loading=\"lazy\" decoding=\"async\" class=\"alignnone size-medium wp-image-418492\" src=\"https:\/\/www.radiopiu.net\/wordpress\/wp-content\/uploads\/2024\/11\/image00002-300x225.jpeg\" alt=\"\" width=\"300\" height=\"225\" srcset=\"https:\/\/www.radiopiu.net\/wordpress\/wp-content\/uploads\/2024\/11\/image00002-300x225.jpeg 300w, https:\/\/www.radiopiu.net\/wordpress\/wp-content\/uploads\/2024\/11\/image00002-1024x768.jpeg 1024w, https:\/\/www.radiopiu.net\/wordpress\/wp-content\/uploads\/2024\/11\/image00002-768x576.jpeg 768w, https:\/\/www.radiopiu.net\/wordpress\/wp-content\/uploads\/2024\/11\/image00002-1536x1152.jpeg 1536w, https:\/\/www.radiopiu.net\/wordpress\/wp-content\/uploads\/2024\/11\/image00002-2048x1536.jpeg 2048w\" sizes=\"auto, (max-width: 300px) 100vw, 300px\" \/><\/a><a class=\"dt-pswp-item\" href=\"https:\/\/www.radiopiu.net\/wordpress\/wp-content\/uploads\/2024\/11\/image00003-scaled.jpeg\" data-dt-img-description=\"\" data-large_image_width=\"2560\" data-large_image_height=\"1920\"><img loading=\"lazy\" decoding=\"async\" class=\"alignnone size-medium wp-image-418493\" src=\"https:\/\/www.radiopiu.net\/wordpress\/wp-content\/uploads\/2024\/11\/image00003-300x225.jpeg\" alt=\"\" width=\"300\" height=\"225\" srcset=\"https:\/\/www.radiopiu.net\/wordpress\/wp-content\/uploads\/2024\/11\/image00003-300x225.jpeg 300w, https:\/\/www.radiopiu.net\/wordpress\/wp-content\/uploads\/2024\/11\/image00003-1024x768.jpeg 1024w, https:\/\/www.radiopiu.net\/wordpress\/wp-content\/uploads\/2024\/11\/image00003-768x576.jpeg 768w, https:\/\/www.radiopiu.net\/wordpress\/wp-content\/uploads\/2024\/11\/image00003-1536x1152.jpeg 1536w, https:\/\/www.radiopiu.net\/wordpress\/wp-content\/uploads\/2024\/11\/image00003-2048x1536.jpeg 2048w\" sizes=\"auto, (max-width: 300px) 100vw, 300px\" \/><\/a><\/strong><\/p>\n<p><strong>\u00a0<\/strong><\/p>\n<p><strong>IL SINDACO DI BELLUNO OSCAR DE PELLEGRIN<\/strong><\/p>\n<audio class=\"wp-audio-shortcode\" id=\"audio-418360-13\" preload=\"none\" style=\"width: 100%;\" controls=\"controls\"><source type=\"audio\/mpeg\" src=\"https:\/\/www.radiopiu.net\/wordpress\/wp-content\/uploads\/2024\/11\/Sindaco-De-Pellegrin.mp3?_=13\" \/><a href=\"https:\/\/www.radiopiu.net\/wordpress\/wp-content\/uploads\/2024\/11\/Sindaco-De-Pellegrin.mp3\">https:\/\/www.radiopiu.net\/wordpress\/wp-content\/uploads\/2024\/11\/Sindaco-De-Pellegrin.mp3<\/a><\/audio>\n<p>&nbsp;<\/p>\n<p><iframe loading=\"lazy\" title=\"NATALE 2024 A BELLUNO\" width=\"1200\" height=\"675\" src=\"https:\/\/www.youtube.com\/embed\/9-To9Fzk7nI?feature=oembed\" frameborder=\"0\" allow=\"accelerometer; autoplay; clipboard-write; encrypted-media; gyroscope; picture-in-picture; web-share\" referrerpolicy=\"strict-origin-when-cross-origin\" allowfullscreen><\/iframe><\/p>\n<p>&nbsp;<\/p>\n<hr \/>\n<p>&nbsp;<\/p>\n<blockquote>\n<h3>UN OTTOBRE DI CULTURA A BELLUNO<\/h3>\n<\/blockquote>\n<p><strong><a class=\"dt-pswp-item\" href=\"https:\/\/www.radiopiu.net\/wordpress\/wp-content\/uploads\/2021\/03\/LEGA-SALVINI.png\" data-dt-img-description=\"\" data-large_image_width=\"262\" data-large_image_height=\"262\"><img loading=\"lazy\" decoding=\"async\" class=\" wp-image-198269 alignleft\" src=\"https:\/\/www.radiopiu.net\/wordpress\/wp-content\/uploads\/2021\/03\/LEGA-SALVINI.png\" alt=\"\" width=\"133\" height=\"133\" srcset=\"https:\/\/www.radiopiu.net\/wordpress\/wp-content\/uploads\/2021\/03\/LEGA-SALVINI.png 262w, https:\/\/www.radiopiu.net\/wordpress\/wp-content\/uploads\/2021\/03\/LEGA-SALVINI-150x150.png 150w\" sizes=\"auto, (max-width: 133px) 100vw, 133px\" \/><\/a>BELLUNO<\/strong> &#8220;Ottobre \u00e8, \u00e8 stato e sar\u00e0 sempre cultura!&#8221; Con questo slogan, Luciano Da Pian, vice segretario della Lega cittadina, celebra il successo delle iniziative culturali promosse dall&#8217;amministrazione De Pellegrin, come &#8220;Oltre le Vette&#8221; e &#8220;Tracce di Foliage&#8221;. Il mese ha visto importanti traguardi, tra cui l&#8217;apertura della nuova Biblioteca Civica il 24 ottobre e l&#8217;accordo per una cittadella universitaria presso Palazzo Bembo, firmato il 21 ottobre. Da Pian sottolinea come spazi iconici come Palazzo Crepadona e Palazzo Bembo siano ora destinati a un uso pi\u00f9 vivo e partecipato dalla cittadinanza. Marco Donno della Lega Giovani esprime soddisfazione per l\u2019accordo con l\u2019Universit\u00e0 di Verona, che offrir\u00e0 corsi di laurea in informatica, ampliando l&#8217;offerta formativa e avvicinando i giovani al mondo del lavoro tecnologico. Andrea De Bernardin, segretario provinciale, auspica che Belluno possa combattere lo spopolamento con iniziative culturali, rafforzando l\u2019identit\u00e0 locale e i servizi per il territorio.<\/p>\n<p>&nbsp;<\/p>\n<p>&nbsp;<\/p>\n<hr \/>\n<p>&nbsp;<\/p>\n<blockquote>\n<h3>IL PRESIDENTE DELLA CAMERA DI COMMERCIO DI BELLUNO E TREVISO INCONTRA IL QUESTORE DI TREVISO<\/h3>\n<\/blockquote>\n<p><strong><a class=\"dt-pswp-item\" href=\"https:\/\/www.radiopiu.net\/wordpress\/wp-content\/uploads\/2024\/11\/Presidente-Pozza-Questore-Simone.jpg\" data-dt-img-description=\"\" data-large_image_width=\"1280\" data-large_image_height=\"1273\"><img loading=\"lazy\" decoding=\"async\" class=\" wp-image-418481 alignleft\" src=\"https:\/\/www.radiopiu.net\/wordpress\/wp-content\/uploads\/2024\/11\/Presidente-Pozza-Questore-Simone-300x298.jpg\" alt=\"\" width=\"152\" height=\"151\" srcset=\"https:\/\/www.radiopiu.net\/wordpress\/wp-content\/uploads\/2024\/11\/Presidente-Pozza-Questore-Simone-300x298.jpg 300w, https:\/\/www.radiopiu.net\/wordpress\/wp-content\/uploads\/2024\/11\/Presidente-Pozza-Questore-Simone-1024x1018.jpg 1024w, https:\/\/www.radiopiu.net\/wordpress\/wp-content\/uploads\/2024\/11\/Presidente-Pozza-Questore-Simone-150x150.jpg 150w, https:\/\/www.radiopiu.net\/wordpress\/wp-content\/uploads\/2024\/11\/Presidente-Pozza-Questore-Simone-768x764.jpg 768w, https:\/\/www.radiopiu.net\/wordpress\/wp-content\/uploads\/2024\/11\/Presidente-Pozza-Questore-Simone.jpg 1280w\" sizes=\"auto, (max-width: 152px) 100vw, 152px\" \/><\/a>TREVISO <\/strong>Il Presidente Pozza ha incontrato presso la sede camerale, il Questore della Provincia di Treviso Dott.ssa Alessandra Simone, Dirigente Superiore della Polizia di Stato, in un clima positivo e improntato alla collaborazione. Durante il colloquio \u00e8 emersa la volont\u00e0 condivisa di continuare il consolidato dialogo tra le Istituzioni, promuovendo una cooperazione orientata alla sicurezza delle imprese e della citt\u00e0 di Treviso. Entrambe le parti sono certe che la collaborazione contribuisca a rendere Treviso una citt\u00e0 sempre pi\u00f9 sicura e accogliente, tanto per i cittadini quanto per i turisti, rafforzando il contesto in cui le attivit\u00e0 economiche locali possano continuare a crescere e a fare buona impresa. Il Presidente Pozza ha invitato il Questore al prossimo Consiglio camerale per ascoltare le categorie economiche, espressione della realt\u00e0 economica trevigiana.<\/p>\n<p>&nbsp;<\/p>\n<p>&nbsp;<\/p>\n<hr \/>\n<p>&nbsp;<\/p>\n<blockquote>\n<h3>INIZIATI I LAVORI PER I NUOVI PARCHEGGI IN LOCALITA&#8217; VALCOZZENA<\/h3>\n<\/blockquote>\n<p><strong>AGORDO<\/strong> La scorsa settimana era stato annunciato dalla commissione trasporti della RSU Luxottica di Agordo e con l&#8217;inizio del mese sono ufficialmente iniziati i lavori per i nuovi parcheggi in localit\u00e0 Valcozzena. Le ruspe sono in azione per spianare il prato di fronte al supermercato MD dove verranno messi a disposizione oltre un centinaio di posti auto. I lavori procedono molto velocemente.<\/p>\n\n\t\t\t<style type='text\/css'>\n\t\t\t\t#gallery-1 {\n\t\t\t\t\tmargin: auto;\n\t\t\t\t}\n\t\t\t\t#gallery-1 .gallery-item {\n\t\t\t\t\tfloat: left;\n\t\t\t\t\tmargin-top: 10px;\n\t\t\t\t\ttext-align: center;\n\t\t\t\t\twidth: 50%;\n\t\t\t\t}\n\t\t\t\t#gallery-1 img {\n\t\t\t\t\tborder: 2px solid #cfcfcf;\n\t\t\t\t}\n\t\t\t\t#gallery-1 .gallery-caption {\n\t\t\t\t\tmargin-left: 0;\n\t\t\t\t}\n\t\t\t\t\/* see gallery_shortcode() in wp-includes\/media.php *\/\n\t\t\t<\/style>\n\t\t<div id='gallery-1' class='dt-gallery-container gallery galleryid-418360 gallery-columns-2 gallery-size-medium'><dl class='gallery-item'>\n\t\t\t\t<dt class='gallery-icon landscape'>\n\t\t\t\t\t<a class=\"rollover rollover-zoom dt-pswp-item\" title=\"d506cd60-3820-45a1-bbad-0615696b46d2\" data-dt-img-description=\"\" data-large_image_width=\"2000\" data-large_image_height=\"1125\"href='https:\/\/www.radiopiu.net\/wordpress\/wp-content\/uploads\/2024\/11\/d506cd60-3820-45a1-bbad-0615696b46d2.jpg'><img loading=\"lazy\" decoding=\"async\" width=\"300\" height=\"169\" src=\"https:\/\/www.radiopiu.net\/wordpress\/wp-content\/uploads\/2024\/11\/d506cd60-3820-45a1-bbad-0615696b46d2-300x169.jpg\" class=\"attachment-medium size-medium\" alt=\"\" aria-describedby=\"gallery-1-418511\" srcset=\"https:\/\/www.radiopiu.net\/wordpress\/wp-content\/uploads\/2024\/11\/d506cd60-3820-45a1-bbad-0615696b46d2-300x169.jpg 300w, https:\/\/www.radiopiu.net\/wordpress\/wp-content\/uploads\/2024\/11\/d506cd60-3820-45a1-bbad-0615696b46d2-1024x576.jpg 1024w, https:\/\/www.radiopiu.net\/wordpress\/wp-content\/uploads\/2024\/11\/d506cd60-3820-45a1-bbad-0615696b46d2-768x432.jpg 768w, https:\/\/www.radiopiu.net\/wordpress\/wp-content\/uploads\/2024\/11\/d506cd60-3820-45a1-bbad-0615696b46d2-1536x864.jpg 1536w, https:\/\/www.radiopiu.net\/wordpress\/wp-content\/uploads\/2024\/11\/d506cd60-3820-45a1-bbad-0615696b46d2.jpg 2000w\" sizes=\"auto, (max-width: 300px) 100vw, 300px\" \/><\/a>\n\t\t\t\t<\/dt>\n\t\t\t\t\t<dd class='wp-caption-text gallery-caption' id='gallery-1-418511'>\n\t\t\t\t\tLUNEDI&#8217; &#8211; INIZIO LAVORI\n\t\t\t\t\t<\/dd><\/dl><dl class='gallery-item'>\n\t\t\t\t<dt class='gallery-icon landscape'>\n\t\t\t\t\t<a class=\"rollover rollover-zoom dt-pswp-item\" title=\"bc84f531-0a91-477a-a282-0932524db053\" data-dt-img-description=\"\" data-large_image_width=\"2000\" data-large_image_height=\"1125\"href='https:\/\/www.radiopiu.net\/wordpress\/wp-content\/uploads\/2024\/11\/bc84f531-0a91-477a-a282-0932524db053.jpg'><img loading=\"lazy\" decoding=\"async\" width=\"300\" height=\"169\" src=\"https:\/\/www.radiopiu.net\/wordpress\/wp-content\/uploads\/2024\/11\/bc84f531-0a91-477a-a282-0932524db053-300x169.jpg\" class=\"attachment-medium size-medium\" alt=\"\" aria-describedby=\"gallery-1-418512\" srcset=\"https:\/\/www.radiopiu.net\/wordpress\/wp-content\/uploads\/2024\/11\/bc84f531-0a91-477a-a282-0932524db053-300x169.jpg 300w, https:\/\/www.radiopiu.net\/wordpress\/wp-content\/uploads\/2024\/11\/bc84f531-0a91-477a-a282-0932524db053-1024x576.jpg 1024w, https:\/\/www.radiopiu.net\/wordpress\/wp-content\/uploads\/2024\/11\/bc84f531-0a91-477a-a282-0932524db053-768x432.jpg 768w, https:\/\/www.radiopiu.net\/wordpress\/wp-content\/uploads\/2024\/11\/bc84f531-0a91-477a-a282-0932524db053-1536x864.jpg 1536w, https:\/\/www.radiopiu.net\/wordpress\/wp-content\/uploads\/2024\/11\/bc84f531-0a91-477a-a282-0932524db053.jpg 2000w\" sizes=\"auto, (max-width: 300px) 100vw, 300px\" \/><\/a>\n\t\t\t\t<\/dt>\n\t\t\t\t\t<dd class='wp-caption-text gallery-caption' id='gallery-1-418512'>\n\t\t\t\t\tGIOVEDI&#8217;\n\t\t\t\t\t<\/dd><\/dl><br style=\"clear: both\" \/>\n\t\t\t<\/div>\n\n<p>&nbsp;<\/p>\n<hr \/>\n<p>&nbsp;<\/p>\n<blockquote>\n<h3>RINNOVATA L&#8217;AUTORIZZAZIONE AMBIENTALE A METALBA<\/h3>\n<\/blockquote>\n<p><strong>BELLUNO\u00a0<\/strong>Si\u00e8 tenuta ieri, negli uffici della Provincia &#8211; settore Ambiente, Acque, Cultura &#8211; la conferenza di servizi per il riesame con valenza di rinnovo dell\u2019autorizzazione integrata ambientale per l\u2019impianto industriale Metalba, a Longarone. Presenti anche gli uffici del Comune di Longarone, l\u2019azienda e i rappresentanti dei cittadini. Sono state esaminate dal punto di vista tecnico le osservazioni presentate e la conferenza di servizi si \u00e8 conclusa con una proposta che aumenta i presidi ambientali e i controlli. Metalba infatti installer\u00e0 un sistema di monitoraggio in continuo delle emissioni.<\/p>\n<p>&nbsp;<\/p>\n<p>&nbsp;<\/p>\n<hr \/>\n<p>&nbsp;<\/p>\n<blockquote>\n<h2>SP3, VALLE IMPERINA: INTERDIZIONE CON DEVIAZIONE<\/h2>\n<\/blockquote>\n<p><img loading=\"lazy\" decoding=\"async\" class=\"alignleft\" src=\"https:\/\/www.radiopiu.net\/wordpress\/wp-content\/uploads\/2022\/05\/1928d5d7-b2fc-43d9-ad3c-022e2999fe12.jpg\" width=\"277\" height=\"156\" \/><\/p>\n<p><strong>RIVAMONTE<\/strong> <span style=\"color: #ff0000;\">Dall&#8217;11 novembre al 6 dicembre,<\/span> sabato e domenica compresi: interdizione totale alla circolazione stradale con deviazione sull&#8217;adiacente SP3 BIS Valle Imperina.<\/p>\n<p><strong>IN LOCALITA&#8217; PONTE ALTO, DOPO LA DEVIAZIONE DALLA REGIONALE 203 AGORDINA\u00a0<\/strong><\/p>\n<p>&nbsp;<\/p>\n<p>&nbsp;<\/p>\n<p>&nbsp;<\/p>\n<div dir=\"auto\">\n<hr \/>\n<div class=\"flex-shrink-0 flex flex-col relative items-end\">\n<div>\n<div class=\"pt-0\">\n<div class=\"gizmo-bot-avatar flex h-8 w-8 items-center justify-center overflow-hidden rounded-full\">\n<blockquote>\n<h2 class=\"relative p-1 rounded-sm flex items-center justify-center bg-token-main-surface-primary text-token-text-primary h-8 w-8\">Sp1 bis Madonna del Piave: Chiusura Totale per Lavori di Sicurezza<\/h2>\n<\/blockquote>\n<\/div>\n<\/div>\n<\/div>\n<\/div>\n<div class=\"group\/conversation-turn relative flex w-full min-w-0 flex-col agent-turn\">\n<div class=\"flex-col gap-1 md:gap-3\">\n<div class=\"flex max-w-full flex-col flex-grow\">\n<div class=\"min-h-8 text-message flex w-full flex-col items-end gap-2 whitespace-normal break-words [.text-message+&amp;]:mt-5\" dir=\"auto\" data-message-author-role=\"assistant\" data-message-id=\"eacaaabb-1987-4f34-839c-c1ea5110dcf8\" data-message-model-slug=\"gpt-4o\">\n<div class=\"flex w-full flex-col gap-1 empty:hidden first:pt-[3px]\">\n<div class=\"markdown prose w-full break-words dark:prose-invert dark\">\n<p><strong><a class=\"dt-pswp-item\" href=\"https:\/\/www.radiopiu.net\/wordpress\/wp-content\/uploads\/2024\/11\/6647e87d-5192-45a9-9aa8-169cf860255c-1.jpg\" data-dt-img-description=\"\" data-large_image_width=\"600\" data-large_image_height=\"800\"><img loading=\"lazy\" decoding=\"async\" class=\" wp-image-418324 alignleft\" src=\"https:\/\/www.radiopiu.net\/wordpress\/wp-content\/uploads\/2024\/11\/6647e87d-5192-45a9-9aa8-169cf860255c-1-225x300.jpg\" alt=\"\" width=\"116\" height=\"155\" srcset=\"https:\/\/www.radiopiu.net\/wordpress\/wp-content\/uploads\/2024\/11\/6647e87d-5192-45a9-9aa8-169cf860255c-1-225x300.jpg 225w, https:\/\/www.radiopiu.net\/wordpress\/wp-content\/uploads\/2024\/11\/6647e87d-5192-45a9-9aa8-169cf860255c-1.jpg 600w\" sizes=\"auto, (max-width: 116px) 100vw, 116px\" \/><\/a><\/strong><\/p>\n<p>&nbsp;<\/p>\n<p><strong>SETTEVILLE<\/strong> La strada provinciale Sp1 bis Madonna del Piave sar\u00e0 completamente chiusa al traffico dalle 9:00 di marted\u00ec 12 alle 17:00 di mercoled\u00ec 13, in corrispondenza della localit\u00e0 Caorera. La chiusura \u00e8 necessaria per effettuare la demolizione di una sporgenza rocciosa che rappresenta un potenziale pericolo per i veicoli in transito su questa importante arteria della sinistra Piave. L&#8217;intervento ha lo scopo di garantire la sicurezza degli utenti e prevenire possibili incidenti causati dalla caduta di detriti sulla carreggiata. Gli automobilisti sono invitati a pianificare percorsi alternativi e a prestare attenzione alla segnaletica stradale predisposta durante i lavori.<\/p>\n<\/div>\n<\/div>\n<\/div>\n<\/div>\n<\/div>\n<\/div>\n<p>&nbsp;<\/p>\n<p>&nbsp;<\/p>\n<hr \/>\n<\/div>\n<p>&nbsp;<\/p>\n<blockquote>\n<h3>A BELLUNO SI FESTEGGIA SAN MARTINO<\/h3>\n<\/blockquote>\n<p><strong>BELLUNO<\/strong> Luned\u00ec 11 novembre, Belluno celebrer\u00e0 San Martino, suo Patrono, con una giornata di eventi religiosi e civili. Alle 10.00, nella Basilica Cattedrale, si terr\u00e0 una solenne Messa presieduta dal Vescovo Renato Marangoni. Seguir\u00e0, alle 11.30 al Teatro &#8220;Dino Buzzati&#8221;, la cerimonia di consegna del Premio San Martino 2024, assegnato al giornalista Dino Bridda per il suo impegno nella cultura e nel volontariato. Domenica 17 novembre, la Fiera di San Martino animer\u00e0 il centro storico con bancarelle, prodotti tipici e il mercatino dell&#8217;antiquariato. Il programma completo degli eventi \u00e8 disponibile sul sito del Comune di Belluno.<\/p>\n<p>&nbsp;<\/p>\n<p>&nbsp;<\/p>\n<hr \/>\n<p>&nbsp;<\/p>\n<div dir=\"auto\">\n<blockquote><p><strong><a class=\"dt-pswp-item\" href=\"https:\/\/www.radiopiu.net\/wordpress\/wp-content\/uploads\/2021\/06\/d13a4f16-0f50-4096-b688-96ac389e0c62.jpg\" data-dt-img-description=\"\" data-large_image_width=\"1920\" data-large_image_height=\"1080\"><img loading=\"lazy\" decoding=\"async\" class=\" wp-image-213613 alignleft\" src=\"https:\/\/www.radiopiu.net\/wordpress\/wp-content\/uploads\/2021\/06\/d13a4f16-0f50-4096-b688-96ac389e0c62-300x169.jpg\" alt=\"\" width=\"233\" height=\"131\" srcset=\"https:\/\/www.radiopiu.net\/wordpress\/wp-content\/uploads\/2021\/06\/d13a4f16-0f50-4096-b688-96ac389e0c62-300x169.jpg 300w, https:\/\/www.radiopiu.net\/wordpress\/wp-content\/uploads\/2021\/06\/d13a4f16-0f50-4096-b688-96ac389e0c62-1024x576.jpg 1024w, https:\/\/www.radiopiu.net\/wordpress\/wp-content\/uploads\/2021\/06\/d13a4f16-0f50-4096-b688-96ac389e0c62-768x432.jpg 768w, https:\/\/www.radiopiu.net\/wordpress\/wp-content\/uploads\/2021\/06\/d13a4f16-0f50-4096-b688-96ac389e0c62-1536x864.jpg 1536w, https:\/\/www.radiopiu.net\/wordpress\/wp-content\/uploads\/2021\/06\/d13a4f16-0f50-4096-b688-96ac389e0c62.jpg 1920w\" sizes=\"auto, (max-width: 233px) 100vw, 233px\" \/><\/a>Prefettura di Belluno chiusa l&#8217;11 novembre per la festa del Patrono<\/strong><\/p><\/blockquote>\n<p><strong>BELLUNO<\/strong> In occasione della festivit\u00e0 del Patrono di Belluno, luned\u00ec 11 novembre, gli Uffici della Prefettura \u2013 Ufficio Territoriale del Governo \u2013 resteranno chiusi. Nonostante la chiusura al pubblico, saranno garantiti i servizi essenziali per la comunit\u00e0. Inoltre, \u00e8 prevista la reperibilit\u00e0 del Dirigente di turno per gestire eventuali emergenze o situazioni che richiedano un intervento immediato. La decisione, in linea con le tradizioni locali, permetter\u00e0 anche\u00a0 ai dipendenti di partecipare alle celebrazioni cittadine, assicurando al contempo la continuit\u00e0 dei servizi fondamentali per i cittadini.<\/p>\n<p>&nbsp;<\/p>\n<p>&nbsp;<\/p>\n<hr \/>\n<\/div>\n<p>&nbsp;<\/p>\n<p>&nbsp;<\/p>\n<div dir=\"auto\">\n<blockquote>\n<h2>Potenziamento dell\u2019offerta della skiarea di Falcade: 2 milioni di euro dal Fondo Comuni Confinanti<\/h2>\n<\/blockquote>\n<blockquote><p><em><img loading=\"lazy\" decoding=\"async\" class=\"alignleft\" src=\"https:\/\/www.radiopiu.net\/wordpress\/wp-content\/uploads\/2023\/12\/FALCADE-PELLEGRINO-LUSIA.jpg\" width=\"229\" height=\"157\" \/>I<\/em><em>l presidente Bond: \u201cInvestimenti per destagionalizzare l\u2019offerta turistica e renderla ancor pi\u00f9 attrattiva\u201d<\/em><\/p><\/blockquote>\n<p><strong>FALCADE<\/strong><\/p>\n<div class=\"flex max-w-full flex-col flex-grow\">\n<div class=\"min-h-8 text-message flex w-full flex-col items-end gap-2 whitespace-normal break-words [.text-message+&amp;]:mt-5\" dir=\"auto\" data-message-author-role=\"assistant\" data-message-id=\"efe04bde-2466-4816-ac65-b96c995f4568\" data-message-model-slug=\"gpt-4o\">\n<div class=\"flex w-full flex-col gap-1 empty:hidden first:pt-[3px]\">\n<div class=\"markdown prose w-full break-words dark:prose-invert dark\">\n<p>La skiarea di Falcade si prepara a un&#8217;importante trasformazione grazie a un investimento di 2 milioni di euro finanziato interamente dal Fondo Comuni Confinanti. La convenzione \u00e8 stata firmata dal presidente del Fondo, Dario Bond, e dall\u2019Unione Montana Agordina, che gestir\u00e0 l&#8217;attuazione del progetto. Tre interventi strategici sono previsti: ristrutturazione dell&#8217;impianto di innevamento della pista \u201cPietro Scola\u201d, nuovi percorsi per bikers lungo il demanio sciabile e una pista \u201cPump Track\u201d a Caviola. L\u2019obiettivo \u00e8 diversificare l\u2019offerta, attraendo visitatori anche fuori stagione e coinvolgendo soprattutto i pi\u00f9 giovani. La scadenza del progetto \u00e8 fissata per la fine del 2025.<\/p>\n<\/div>\n<\/div>\n<\/div>\n<\/div>\n<div class=\"mb-2 flex gap-3 empty:hidden -ml-2\">\n<div class=\"items-center justify-start rounded-xl p-1 flex\">\n<div class=\"flex items-center\">\n<p>&nbsp;<\/p>\n<\/div>\n<\/div>\n<\/div>\n<\/div>\n<div dir=\"auto\">\n<hr \/>\n<\/div>\n<div dir=\"auto\"><\/div>\n<div dir=\"auto\">\n<blockquote>\n<h3><strong><a class=\"dt-pswp-item\" href=\"https:\/\/www.radiopiu.net\/wordpress\/wp-content\/uploads\/2024\/11\/Senza-nome-36.png\" data-dt-img-description=\"\" data-large_image_width=\"613\" data-large_image_height=\"416\"><img loading=\"lazy\" decoding=\"async\" class=\" wp-image-418470 alignleft\" src=\"https:\/\/www.radiopiu.net\/wordpress\/wp-content\/uploads\/2024\/11\/Senza-nome-36-300x204.png\" alt=\"\" width=\"207\" height=\"141\" srcset=\"https:\/\/www.radiopiu.net\/wordpress\/wp-content\/uploads\/2024\/11\/Senza-nome-36-300x204.png 300w, https:\/\/www.radiopiu.net\/wordpress\/wp-content\/uploads\/2024\/11\/Senza-nome-36.png 613w\" sizes=\"auto, (max-width: 207px) 100vw, 207px\" \/><\/a>Sicurezza e prevenzione del bullismo sugli autobus: incentivi per i militari allo studio<\/strong><\/h3>\n<\/blockquote>\n<p><strong>BELLUNO<\/strong> La Provincia di Belluno, in collaborazione con Dolomitibus, sta valutando un progetto per incentivare l&#8217;uso del trasporto pubblico e migliorare la sicurezza a bordo. Il Sindacato Autonomo Militari (Sam) ha proposto la gratuit\u00e0 del trasporto per i dipendenti dell&#8217;esercito nei tragitti casa-lavoro. La vice presidente provinciale Silvia Calligaro e il consigliere delegato Massimo Bortoluzzi, dopo un incontro con il segretario Sam Alessandro Farina, hanno sottolineato che l&#8217;iniziativa potrebbe fungere da deterrente contro atti di violenza e bullismo sugli autobus, come dimostrano recenti episodi accaduti a Belluno e Venezia. L&#8217;analisi economica e il bacino d&#8217;utenza interessato sono in corso di valutazione.<\/p>\n<\/div>\n<div dir=\"auto\"><\/div>\n<div dir=\"auto\"><\/div>\n<div dir=\"auto\"><\/div>\n<hr \/>\n<p>&nbsp;<\/p>\n<blockquote>\n<h3>SOTTOSCRITTE LE LINEE GUIDA PER LA PREVENZIONE DELLE VIOLENZE E MOLESTIE SUL LUOGO DI LAVORO<\/h3>\n<\/blockquote>\n<p><strong><a class=\"dt-pswp-item\" href=\"https:\/\/www.radiopiu.net\/wordpress\/wp-content\/uploads\/2024\/11\/linee-guida-consigliera-di-parita-scaled.jpg\" data-dt-img-description=\"\" data-large_image_width=\"2560\" data-large_image_height=\"1920\"><img loading=\"lazy\" decoding=\"async\" class=\" wp-image-418499 alignleft\" src=\"https:\/\/www.radiopiu.net\/wordpress\/wp-content\/uploads\/2024\/11\/linee-guida-consigliera-di-parita-300x225.jpg\" alt=\"\" width=\"224\" height=\"168\" srcset=\"https:\/\/www.radiopiu.net\/wordpress\/wp-content\/uploads\/2024\/11\/linee-guida-consigliera-di-parita-300x225.jpg 300w, https:\/\/www.radiopiu.net\/wordpress\/wp-content\/uploads\/2024\/11\/linee-guida-consigliera-di-parita-1024x768.jpg 1024w, https:\/\/www.radiopiu.net\/wordpress\/wp-content\/uploads\/2024\/11\/linee-guida-consigliera-di-parita-768x576.jpg 768w, https:\/\/www.radiopiu.net\/wordpress\/wp-content\/uploads\/2024\/11\/linee-guida-consigliera-di-parita-1536x1152.jpg 1536w, https:\/\/www.radiopiu.net\/wordpress\/wp-content\/uploads\/2024\/11\/linee-guida-consigliera-di-parita-2048x1536.jpg 2048w\" sizes=\"auto, (max-width: 224px) 100vw, 224px\" \/><\/a>BELLUNO<\/strong> A Palazzo Piloni, sono state sottoscritte le Linee Guida per prevenire violenza e molestie sul lavoro, elaborate dalla Consigliera di Parit\u00e0 Flavia Monego insieme a sindacati, associazioni di categoria e autorit\u00e0 competenti. Questo documento nasce dal protocollo di buone pratiche firmato a maggio e si rivolge a lavoratori, sindacati e datori di lavoro per definire comportamenti violenti e molesti, indicare le conseguenze e promuovere pratiche preventive. Le Linee Guida includono un glossario, le conseguenze psicologiche e legali delle molestie, e un elenco di strutture di supporto. Flavia Monego ha sottolineato l&#8217;importanza della prevenzione per un ambiente di lavoro sano e dignitoso e ha evidenziato un aumento di segnalazioni, specialmente su molestie e discriminazioni legate alla gravidanza, grazie a una crescente consapevolezza dei diritti.<\/p>\n<p>&nbsp;<\/p>\n<p>&nbsp;<\/p>\n<hr \/>\n<p>&nbsp;<\/p>\n<blockquote>\n<h3>SANITA&#8217;: IN VENETO 150 MILIONI DI EURO IN 3 ANNI PER RISPONDERE ALLA CARENZA DI PERSONALE<\/h3>\n<\/blockquote>\n<p><strong><a class=\"dt-pswp-item\" href=\"https:\/\/www.radiopiu.net\/wordpress\/wp-content\/uploads\/2021\/06\/MEDICO.jpg\" data-dt-img-description=\"\" data-large_image_width=\"1920\" data-large_image_height=\"1440\"><img loading=\"lazy\" decoding=\"async\" class=\" wp-image-216887 alignleft\" src=\"https:\/\/www.radiopiu.net\/wordpress\/wp-content\/uploads\/2021\/06\/MEDICO-300x225.jpg\" alt=\"\" width=\"193\" height=\"145\" srcset=\"https:\/\/www.radiopiu.net\/wordpress\/wp-content\/uploads\/2021\/06\/MEDICO-300x225.jpg 300w, https:\/\/www.radiopiu.net\/wordpress\/wp-content\/uploads\/2021\/06\/MEDICO-1024x768.jpg 1024w, https:\/\/www.radiopiu.net\/wordpress\/wp-content\/uploads\/2021\/06\/MEDICO-768x576.jpg 768w, https:\/\/www.radiopiu.net\/wordpress\/wp-content\/uploads\/2021\/06\/MEDICO-1536x1152.jpg 1536w, https:\/\/www.radiopiu.net\/wordpress\/wp-content\/uploads\/2021\/06\/MEDICO.jpg 1920w\" sizes=\"auto, (max-width: 193px) 100vw, 193px\" \/><\/a>VENEZIA<\/strong> Il sistema sanitario del Veneto, come quello nazionale e internazionale, sta affrontando una grave carenza di personale, specialmente in ambiti come urgenza-emergenza, chirurgia, medicina territoriale e infermieristica. Questo problema \u00e8 aggravato dal cambiamento delle esigenze sanitarie, come l&#8217;aumento dell&#8217;aspettativa di vita e l&#8217;invecchiamento della popolazione. In risposta, l&#8217;Assessore alla Sanit\u00e0 Manuela Lanzarin ha illustrato un Piano quinquennale volto a migliorare l&#8217;attrattivit\u00e0 della professione e a garantire la &#8220;retenzione&#8221; del personale, incentivando il mantenimento dei lavoratori in servizio. Sono previsti investimenti di 150 milioni di euro in tre anni per aumentare i fondi contrattuali e migliorare i servizi nelle aree disagiate. Il Piano include anche iniziative per migliorare la leadership, il benessere del personale e ridurre il turnover. Inoltre, si sta sviluppando un progetto con atenei italiani per creare un modello applicabile alle Aziende sanitarie della Regione.<\/p>\n<p>&nbsp;<\/p>\n<p>&nbsp;<\/p>\n<hr \/>\n<p>&nbsp;<\/p>\n<div class=\"flex-shrink-0 flex flex-col relative items-end\">\n<div>\n<div class=\"pt-0\">\n<div class=\"gizmo-bot-avatar flex h-8 w-8 items-center justify-center overflow-hidden rounded-full\">\n<div class=\"relative p-1 rounded-sm flex items-center justify-center bg-token-main-surface-primary text-token-text-primary h-8 w-8\"><\/div>\n<\/div>\n<\/div>\n<\/div>\n<\/div>\n<div class=\"group\/conversation-turn relative flex w-full min-w-0 flex-col agent-turn\">\n<div class=\"flex-col gap-1 md:gap-3\">\n<div class=\"flex max-w-full flex-col flex-grow\">\n<div class=\"min-h-8 text-message flex w-full flex-col items-end gap-2 whitespace-normal break-words [.text-message+&amp;]:mt-5\" dir=\"auto\" data-message-author-role=\"assistant\" data-message-id=\"4e3abc73-02f6-4027-9e6e-4098da57d56e\" data-message-model-slug=\"gpt-4o\">\n<div class=\"flex w-full flex-col gap-1 empty:hidden first:pt-[3px]\">\n<div class=\"markdown prose w-full break-words dark:prose-invert dark\">\n<blockquote>\n<h3><strong><a class=\"dt-pswp-item\" href=\"https:\/\/www.radiopiu.net\/wordpress\/wp-content\/uploads\/2024\/11\/Macchine-gelato-in-esposizione-a-MIG-scaled.jpg\" data-dt-img-description=\"\" data-large_image_width=\"2560\" data-large_image_height=\"1486\"><img loading=\"lazy\" decoding=\"async\" class=\"wp-image-418444 alignleft\" src=\"https:\/\/www.radiopiu.net\/wordpress\/wp-content\/uploads\/2024\/11\/Macchine-gelato-in-esposizione-a-MIG-300x174.jpg\" alt=\"\" width=\"238\" height=\"138\" srcset=\"https:\/\/www.radiopiu.net\/wordpress\/wp-content\/uploads\/2024\/11\/Macchine-gelato-in-esposizione-a-MIG-300x174.jpg 300w, https:\/\/www.radiopiu.net\/wordpress\/wp-content\/uploads\/2024\/11\/Macchine-gelato-in-esposizione-a-MIG-1024x594.jpg 1024w, https:\/\/www.radiopiu.net\/wordpress\/wp-content\/uploads\/2024\/11\/Macchine-gelato-in-esposizione-a-MIG-768x446.jpg 768w, https:\/\/www.radiopiu.net\/wordpress\/wp-content\/uploads\/2024\/11\/Macchine-gelato-in-esposizione-a-MIG-1536x891.jpg 1536w, https:\/\/www.radiopiu.net\/wordpress\/wp-content\/uploads\/2024\/11\/Macchine-gelato-in-esposizione-a-MIG-2048x1189.jpg 2048w\" sizes=\"auto, (max-width: 238px) 100vw, 238px\" \/><\/a>Innovazioni e tradizione a MIG 2024<\/strong><\/h3>\n<\/blockquote>\n<p><strong>LONGARONE\u00a0 <\/strong>L&#8217;industria delle gelaterie ha subito importanti avanzamenti tecnologici, con macchine moderne che migliorano sicurezza e qualit\u00e0, pur mantenendo l&#8217;autenticit\u00e0 artigianale. Tuttavia, il mercato ha visto l&#8217;aumento di miscele pronte, riducendo la necessit\u00e0 di gelatieri esperti. MIG 2024 promuove il vero gelato artigianale con metodi tradizionali, esponendo attrezzature innovative sostenibili dal 23 al 25 novembre a Longarone.<\/p>\n<\/div>\n<\/div>\n<\/div>\n<\/div>\n<\/div>\n<\/div>\n<p>&nbsp;<\/p>\n<p>&nbsp;<\/p>\n<hr \/>\n<p>&nbsp;<\/p>\n<blockquote>\n<h2>47 ANNI DI CONSULTORIO, LETTURA RECITATA SULLA COMUNICAZIONE DI COPPIA<\/h2>\n<\/blockquote>\n<div class=\"group\/conversation-turn relative flex w-full min-w-0 flex-col agent-turn\">\n<div class=\"flex-col gap-1 md:gap-3\">\n<div class=\"flex max-w-full flex-col flex-grow\">\n<div class=\"min-h-8 text-message flex w-full flex-col items-end gap-2 whitespace-normal break-words [.text-message+&amp;]:mt-5\" dir=\"auto\" data-message-author-role=\"assistant\" data-message-id=\"98da7b45-3909-4ddc-a018-9c6852e9629e\" data-message-model-slug=\"gpt-4o\">\n<div class=\"flex w-full flex-col gap-1 empty:hidden first:pt-[3px]\">\n<div class=\"markdown prose w-full break-words dark:prose-invert dark\">\n<p><b><img loading=\"lazy\" decoding=\"async\" class=\"alignleft\" src=\"https:\/\/www.radiopiu.net\/wordpress\/wp-content\/uploads\/2024\/11\/Senza-nome-23.png\" width=\"223\" height=\"174\" \/>BELLUNO\u00a0 <\/b>Venerd\u00ec 15 novembre, alle ore 20.30, il Teatro Giovanni XXIII\u00b0 di Belluno ospiter\u00e0 un evento speciale per celebrare i 47 anni di attivit\u00e0 del Consultorio Familiare Socio-Educativo di Belluno O.d.V. In collaborazione con la compagnia Bretelle Lasche, verr\u00e0 presentato lo spettacolo <em>Delirio di coppia (Comunicazione efficace)<\/em>, una lettura recitata di brani tratti dalla commedia <em>Delirio a due<\/em> di Eug\u00e8ne Ionesco, interpretata da Michele Firpo e Laura Portunato. A seguire, la professoressa Fabiana Filippi, docente dello IUSVE, approfondir\u00e0 il tema della comunicazione all&#8217;interno della coppia, offrendo spunti di riflessione su come migliorare e comprendere le dinamiche relazionali. L&#8217;ingresso \u00e8 libero per tutti i partecipanti.<\/p>\n<\/div>\n<\/div>\n<\/div>\n<\/div>\n<\/div>\n<\/div>\n<p>&nbsp;<\/p>\n<hr \/>\n<p>&nbsp;<\/p>\n<div class=\"flex-shrink-0 flex flex-col relative items-end\">\n<div>\n<div class=\"pt-0\">\n<div class=\"gizmo-bot-avatar flex h-8 w-8 items-center justify-center overflow-hidden rounded-full\">\n<div class=\"relative p-1 rounded-sm flex items-center justify-center bg-token-main-surface-primary text-token-text-primary h-8 w-8\"><\/div>\n<\/div>\n<\/div>\n<\/div>\n<\/div>\n<div class=\"group\/conversation-turn relative flex w-full min-w-0 flex-col agent-turn\">\n<div class=\"flex-col gap-1 md:gap-3\">\n<div class=\"flex max-w-full flex-col flex-grow\">\n<div class=\"min-h-8 text-message flex w-full flex-col items-end gap-2 whitespace-normal break-words [.text-message+&amp;]:mt-5\" dir=\"auto\" data-message-author-role=\"assistant\" data-message-id=\"c414763a-4ef2-47dd-8b1e-7236fa1160f6\" data-message-model-slug=\"gpt-4o\">\n<div class=\"flex w-full flex-col gap-1 empty:hidden first:pt-[3px]\">\n<div class=\"markdown prose w-full break-words dark:prose-invert dark\">\n<blockquote>\n<h1><strong><a class=\"dt-pswp-item\" href=\"https:\/\/www.radiopiu.net\/wordpress\/wp-content\/uploads\/2022\/10\/SIAMO-BELLUNO.png\" data-dt-img-description=\"\" data-large_image_width=\"430\" data-large_image_height=\"452\"><img loading=\"lazy\" decoding=\"async\" class=\"wp-image-300132 alignleft\" src=\"https:\/\/www.radiopiu.net\/wordpress\/wp-content\/uploads\/2022\/10\/SIAMO-BELLUNO-285x300.png\" alt=\"\" width=\"146\" height=\"154\" srcset=\"https:\/\/www.radiopiu.net\/wordpress\/wp-content\/uploads\/2022\/10\/SIAMO-BELLUNO-285x300.png 285w, https:\/\/www.radiopiu.net\/wordpress\/wp-content\/uploads\/2022\/10\/SIAMO-BELLUNO.png 430w\" sizes=\"auto, (max-width: 146px) 100vw, 146px\" \/><\/a>Raccolta firme per l&#8217;illuminazione pubblica: gazebo in piazza sabato\u00a0<\/strong><\/h1>\n<\/blockquote>\n<p><strong>BELLUNO<\/strong> L&#8217;iniziativa promossa da SiAmo Belluno per la riaccensione notturna dei lampioni \u00e8 partita con la distribuzione di moduli in varie attivit\u00e0 del centro citt\u00e0. Sabato 9 novembre, dalle 9:00 alle 12:00, si terr\u00e0 il primo gazebo informativo in Piazza dei Martiri, dove sar\u00e0 possibile firmare la petizione e ricevere informazioni. L&#8217;obiettivo \u00e8 sensibilizzare l&#8217;amministrazione comunale e coinvolgere anche i cittadini non residenti per rafforzare il sostegno alla causa, vista l&#8217;importanza della questione per l&#8217;intera comunit\u00e0.<\/p>\n<\/div>\n<\/div>\n<\/div>\n<\/div>\n<\/div>\n<\/div>\n<p>&nbsp;<\/p>\n<p>&nbsp;<\/p>\n<p>&nbsp;<\/p>\n<p>&nbsp;<\/p>\n<hr \/>\n<p>&nbsp;<\/p>\n<blockquote>\n<h1><a class=\"dt-pswp-item\" href=\"https:\/\/www.radiopiu.net\/wordpress\/wp-content\/uploads\/2024\/11\/th-2.jpg\" data-dt-img-description=\"\" data-large_image_width=\"144\" data-large_image_height=\"180\"><img loading=\"lazy\" decoding=\"async\" class=\"size-full wp-image-418185 alignleft\" src=\"https:\/\/www.radiopiu.net\/wordpress\/wp-content\/uploads\/2024\/11\/th-2.jpg\" alt=\"\" width=\"144\" height=\"180\" \/><\/a>ROBERTO FAORO DOMANI\u00a0 A FELTRE\u00a0 E IL 14 NOVEMBRE IN DIRETTA ALLA RADIO<\/h1>\n<p>Sabato i misteri di Alleghe e 60 anni dalla pubblicazione, una storia che rimarr\u00e0 per sempre&#8230;indecifrabile<br \/>\nGiovedi 14 novembre Roberto Faoro sar\u00e0 ospite della trasmissione, &#8220;di sera alla radio&#8221; con Mirko Mezzacasa. Parleremo del libro di Roberto, dei suoi spettacoli ed eventi, presto anche nell&#8217;Agordino<\/p><\/blockquote>\n<h1>audio<\/h1>\n<audio class=\"wp-audio-shortcode\" id=\"audio-418360-14\" preload=\"none\" style=\"width: 100%;\" controls=\"controls\"><source type=\"audio\/mpeg\" src=\"https:\/\/www.radiopiu.net\/wordpress\/wp-content\/uploads\/2024\/11\/faoro-belluno-sabato.mp3?_=14\" \/><a href=\"https:\/\/www.radiopiu.net\/wordpress\/wp-content\/uploads\/2024\/11\/faoro-belluno-sabato.mp3\">https:\/\/www.radiopiu.net\/wordpress\/wp-content\/uploads\/2024\/11\/faoro-belluno-sabato.mp3<\/a><\/audio>\n<p>&nbsp;<\/p>\n<p>&nbsp;<\/p>\n<hr \/>\n<p>&nbsp;<\/p>\n<blockquote>\n<h3>DOMENICA L&#8217;ASSEMBLEA ANNUALE DEL GRUPPO ANA MONTE CIVETTA<\/h3>\n<\/blockquote>\n<p><strong>ALLEGHE<\/strong> Domenica il Gruppo ANA Monte Civetta si riunisce per l&#8217;assemblea annuale. Ritrovo alle 10:15 al Municipio e sfilata fino alla chiesa per la messa. Alle 11:30 l&#8217;assemblea e alle 13 il pranzo all&#8217;Hotel Delle Alpi di Alleghe.<\/p>\n<p>&nbsp;<\/p>\n<p>&nbsp;<\/p>\n<hr \/>\n<p>&nbsp;<\/p>\n<p>&nbsp;<\/p>\n<blockquote>\n<h2>DOMANI AD AGORDO LA PRESENTAZIONE DELLA LEGGE SULLA MONTAGNA<\/h2>\n<\/blockquote>\n<p><strong><a class=\"dt-pswp-item\" href=\"https:\/\/www.radiopiu.net\/wordpress\/wp-content\/uploads\/2024\/11\/original-236F00B4-B699-49F6-97E6-9EC94CFC3D02.jpeg\" data-dt-img-description=\"\" data-large_image_width=\"1131\" data-large_image_height=\"1600\"><img loading=\"lazy\" decoding=\"async\" class=\"size-medium wp-image-418334 alignleft\" src=\"https:\/\/www.radiopiu.net\/wordpress\/wp-content\/uploads\/2024\/11\/original-236F00B4-B699-49F6-97E6-9EC94CFC3D02-212x300.jpeg\" alt=\"\" width=\"212\" height=\"300\" srcset=\"https:\/\/www.radiopiu.net\/wordpress\/wp-content\/uploads\/2024\/11\/original-236F00B4-B699-49F6-97E6-9EC94CFC3D02-212x300.jpeg 212w, https:\/\/www.radiopiu.net\/wordpress\/wp-content\/uploads\/2024\/11\/original-236F00B4-B699-49F6-97E6-9EC94CFC3D02-724x1024.jpeg 724w, https:\/\/www.radiopiu.net\/wordpress\/wp-content\/uploads\/2024\/11\/original-236F00B4-B699-49F6-97E6-9EC94CFC3D02-768x1086.jpeg 768w, https:\/\/www.radiopiu.net\/wordpress\/wp-content\/uploads\/2024\/11\/original-236F00B4-B699-49F6-97E6-9EC94CFC3D02-1086x1536.jpeg 1086w, https:\/\/www.radiopiu.net\/wordpress\/wp-content\/uploads\/2024\/11\/original-236F00B4-B699-49F6-97E6-9EC94CFC3D02.jpeg 1131w\" sizes=\"auto, (max-width: 212px) 100vw, 212px\" \/><\/a>AGORDO<\/strong> Parte da Agordo il ciclo di incontri voluto dal senatore bellunese di Fratelli d&#8217;Italia, Luca De Carlo, sulla Legge sulla Montagna, approvata pochi giorni fa in prima lettura al Senato, dove lo stesso De Carlo \u00e8 intervenuto per la dichiarazione di voto del suo partito. Il primo appuntamento con \u201cIl Bellunese al Senato. Luca De Carlo illustra i contenuti della Legge sulla Montagna\u201d \u00e8 fissato per domani ad Agordo, in Sala Don Tamis, con inizio alle 18.00. Dopo i saluti delle autorit\u00e0 presenti, spazio all&#8217;intervento di De Carlo, che \u2013 oltre a rivestire il ruolo di presidente della \u00a0IX Commissione Senato &#8211; Industria, commercio, turismo, agricoltura e produzione agroalimentare \u2013 \u00e8 stato anche autore e firmatario di diversi emendamenti migliorativi alla legge. A moderare la serata, sar\u00e0 il direttore di Radio Pi\u00f9, Mirko Mezzacasa.<\/p>\n<blockquote>\n<div><em>\u201cSi tratta di una serie di appuntamenti che ho voluto promuovere nel territorio bellunese per spiegare a cittadini e amministratori quali sono le principali novit\u00e0 della Legge sulla Montagna: in queste serate si parler\u00e0 del futuro della nostra provincia e delle nostre genti\u201d, spiega De Carlo. \u201cToccheremo tutto il territorio provinciale, dalle \u201cterre alte\u201d ai fondovalle, perch\u00e9 vogliamo comunicare al meglio un provvedimento che s\u00ec mette risorse, ma soprattutto promuove una strategia per la montagna, dando il giusto ruolo a chi qua vive, abita, lavora e vuole continuare a farlo\u201d.<\/em><\/div>\n<\/blockquote>\n<div><\/div>\n<div><\/div>\n<div><\/div>\n<p>&nbsp;<\/p>\n<hr \/>\n<p>&nbsp;<\/p>\n<blockquote><p><strong><a class=\"dt-pswp-item\" href=\"https:\/\/www.radiopiu.net\/wordpress\/wp-content\/uploads\/2018\/10\/ROTARY.png\" data-dt-img-description=\"\" data-large_image_width=\"200\" data-large_image_height=\"200\"><img loading=\"lazy\" decoding=\"async\" class=\"wp-image-64882 alignleft\" src=\"https:\/\/www.radiopiu.net\/wordpress\/wp-content\/uploads\/2018\/10\/ROTARY.png\" alt=\"\" width=\"98\" height=\"98\" srcset=\"https:\/\/www.radiopiu.net\/wordpress\/wp-content\/uploads\/2018\/10\/ROTARY.png 200w, https:\/\/www.radiopiu.net\/wordpress\/wp-content\/uploads\/2018\/10\/ROTARY-150x150.png 150w\" sizes=\"auto, (max-width: 98px) 100vw, 98px\" \/><\/a>&#8220;Non Abbiamo un Pianeta B&#8221;: Educazione Ambientale per Tutte le Et\u00e0 a Belluno<\/strong><\/p><\/blockquote>\n<p><strong>BELLUNO<\/strong> Il progetto AmbientiAMOci del Rotary Club di Belluno avvia una nuova edizione di &#8220;Non Abbiamo un Pianeta B&#8221;, estendendo la sensibilizzazione sul cambiamento climatico a studenti, adulti e anziani. Le attivit\u00e0, svolte con la collaborazione di Insieme si Pu\u00f2\u2026 ONG e Cantiere della Provvidenza, includono incontri educativi e dibattiti per promuovere consapevolezza e azione.\u00a0 Il progetto mira a creare un ponte intergenerazionale per affrontare la sfida ambientale con impegno condiviso, sottolineando l\u2019urgenza di agire uniti per il futuro del pianeta.<\/p>\n<p>&nbsp;<\/p>\n<p>&nbsp;<\/p>\n<hr \/>\n<p>&nbsp;<\/p>\n<blockquote><p><strong><a class=\"dt-pswp-item\" href=\"https:\/\/www.radiopiu.net\/wordpress\/wp-content\/uploads\/2024\/11\/CARRARO_GIOVANNI-ph.jpg\" data-dt-img-description=\"\" data-large_image_width=\"800\" data-large_image_height=\"800\"><img loading=\"lazy\" decoding=\"async\" class=\"wp-image-417807 alignleft\" src=\"https:\/\/www.radiopiu.net\/wordpress\/wp-content\/uploads\/2024\/11\/CARRARO_GIOVANNI-ph-300x300.jpg\" alt=\"\" width=\"138\" height=\"138\" srcset=\"https:\/\/www.radiopiu.net\/wordpress\/wp-content\/uploads\/2024\/11\/CARRARO_GIOVANNI-ph-300x300.jpg 300w, https:\/\/www.radiopiu.net\/wordpress\/wp-content\/uploads\/2024\/11\/CARRARO_GIOVANNI-ph-150x150.jpg 150w, https:\/\/www.radiopiu.net\/wordpress\/wp-content\/uploads\/2024\/11\/CARRARO_GIOVANNI-ph-768x768.jpg 768w, https:\/\/www.radiopiu.net\/wordpress\/wp-content\/uploads\/2024\/11\/CARRARO_GIOVANNI-ph.jpg 800w\" sizes=\"auto, (max-width: 138px) 100vw, 138px\" \/><\/a>Serata con Giovanni Carraro: Le Prealpi tra Leggende e Storia<\/strong><\/p><\/blockquote>\n<p><strong>BORGO VALBELLUNA<\/strong> Oggi alle 20:45, presso l\u2019Auditorium S. Pietro di Mel, Borgo Valbelluna, l\u2019autore ed esploratore Giovanni Carraro guider\u00e0 il pubblico attraverso un racconto coinvolgente sulle Prealpi Bellunesi. La serata, anteprima del festival <em>Camminando, esperienze, sensazioni, emozioni<\/em>, sar\u00e0 arricchita da aneddoti, leggende medievali e storie locali, come quella della Casera Beta e del misterioso B24 schiantato nel \u201844.<\/p>\n<p>&nbsp;<\/p>\n<p>&nbsp;<\/p>\n<hr \/>\n<p>&nbsp;<\/p>\n<blockquote>\n<h3><a class=\"dt-pswp-item\" href=\"https:\/\/www.radiopiu.net\/wordpress\/wp-content\/uploads\/2024\/11\/ebda95b6-6ee3-4979-bc1b-23ad08e9ba74.jpg\" data-dt-img-description=\"\" data-large_image_width=\"1131\" data-large_image_height=\"1600\"><img loading=\"lazy\" decoding=\"async\" class=\" wp-image-417610 alignleft\" src=\"https:\/\/www.radiopiu.net\/wordpress\/wp-content\/uploads\/2024\/11\/ebda95b6-6ee3-4979-bc1b-23ad08e9ba74-212x300.jpg\" alt=\"\" width=\"95\" height=\"134\" srcset=\"https:\/\/www.radiopiu.net\/wordpress\/wp-content\/uploads\/2024\/11\/ebda95b6-6ee3-4979-bc1b-23ad08e9ba74-212x300.jpg 212w, https:\/\/www.radiopiu.net\/wordpress\/wp-content\/uploads\/2024\/11\/ebda95b6-6ee3-4979-bc1b-23ad08e9ba74-724x1024.jpg 724w, https:\/\/www.radiopiu.net\/wordpress\/wp-content\/uploads\/2024\/11\/ebda95b6-6ee3-4979-bc1b-23ad08e9ba74-768x1086.jpg 768w, https:\/\/www.radiopiu.net\/wordpress\/wp-content\/uploads\/2024\/11\/ebda95b6-6ee3-4979-bc1b-23ad08e9ba74-1086x1536.jpg 1086w, https:\/\/www.radiopiu.net\/wordpress\/wp-content\/uploads\/2024\/11\/ebda95b6-6ee3-4979-bc1b-23ad08e9ba74.jpg 1131w\" sizes=\"auto, (max-width: 95px) 100vw, 95px\" \/><\/a>IL CORO CAI DI BELLUNO FESTEGGIA 30 ANNI<\/h3>\n<\/blockquote>\n<p><strong>BELLUNO<\/strong> Il Coro CAI Belluno festeggia 30 anni con un evento speciale oggi alle 20:45 al Teatro &#8220;Dino Buzzati&#8221; di Belluno. Per celebrare questo compleanno importante, il Coro sar\u00e0 accompagnato da tre musicisti di fama internazionale: la violinista Myriam Dal Don, il fisarmonicista Ivano Battiston e il pianista Giacomo Menegardi. La serata promette un intreccio di musica e coralit\u00e0 in una delle cornici culturali pi\u00f9 suggestive della citt\u00e0.<\/p>\n<p>&nbsp;<\/p>\n<hr \/>\n<p>&nbsp;<\/p>\n<p>&nbsp;<\/p>\n<a href=\"https:\/\/www.radiopiu.net\/wordpress\/wp-content\/uploads\/2024\/11\/manifesto-70-soccorso.pdf\" class=\"pdfemb-viewer\" style=\"\" data-width=\"max\" data-height=\"max\" data-toolbar=\"top\" data-toolbar-fixed=\"on\">manifesto-70 soccorso<\/a>\n<p>&nbsp;<\/p>\n<hr \/>\n<p>&nbsp;<\/p>\n<blockquote>\n<h2>Un concerto di fraternit\u00e0 a Frassen\u00e8<\/h2>\n<\/blockquote>\n<p><strong>VOLTAGO\u00a0<\/strong><\/p>\n<p><img loading=\"lazy\" decoding=\"async\" class=\"alignleft\" src=\"https:\/\/www.radiopiu.net\/wordpress\/wp-content\/uploads\/2024\/10\/20241023_095700-scaled.jpg\" width=\"219\" height=\"154\" \/>Domani, la chiesa parrocchiale di Frassen\u00e8 ospiter\u00e0 un concerto speciale, organizzato come giornata di fraternit\u00e0 per i destinatari dell&#8217;attivit\u00e0 musicale, i loro familiari e amici. L&#8217;iniziativa, promossa dall&#8217;Associazione Volontari Inserimento Disabili, ha raccolto un grande entusiasmo, tanto da dover spostare l&#8217;evento dalla chiesa di Voltago a quella pi\u00f9 capiente di Frassen\u00e8. <em>&#8220;Questo appuntamento &#8211; spiega Don Fabiano Del Favero &#8211;\u00a0 non solo rappresenta un momento musicale, ma \u00e8 un&#8217;occasione per far conoscere una realt\u00e0 di inclusione e promozione umana, mostrando l&#8217;attenzione delle comunit\u00e0 cristiane verso il bene e le sue <\/em><em>diverse espressioni. Un segno tangibile di unit\u00e0 e solidariet\u00e0 in un mondo che ne ha sempre pi\u00f9 bisogno&#8221;.<\/em><\/p>\n<p>&nbsp;<\/p>\n<hr \/>\n<p>&nbsp;<\/p>\n<p>&nbsp;<\/p>\n<div class=\"mb-2 flex gap-3 empty:hidden -ml-2\">\n<div class=\"items-center justify-start rounded-xl p-1 flex\">\n<div class=\"flex items-center\">\n<div class=\"flex max-w-full flex-col flex-grow\">\n<div class=\"min-h-8 text-message flex w-full flex-col items-end gap-2 whitespace-normal break-words [.text-message+&amp;]:mt-5\" dir=\"auto\" data-message-author-role=\"assistant\" data-message-id=\"c2b1fe33-bc8b-45f1-969f-7db88566768c\" data-message-model-slug=\"gpt-4o\">\n<div class=\"flex w-full flex-col gap-1 empty:hidden first:pt-[3px]\">\n<div class=\"markdown prose w-full break-words dark:prose-invert dark\">\n<blockquote>\n<h3><a class=\"dt-pswp-item\" href=\"https:\/\/www.radiopiu.net\/wordpress\/wp-content\/uploads\/2024\/10\/Senza-nome-97.png\" data-dt-img-description=\"\" data-large_image_width=\"325\" data-large_image_height=\"208\"><img loading=\"lazy\" decoding=\"async\" class=\"size-medium wp-image-415809 alignleft\" src=\"https:\/\/www.radiopiu.net\/wordpress\/wp-content\/uploads\/2024\/10\/Senza-nome-97-300x192.png\" alt=\"\" width=\"300\" height=\"192\" srcset=\"https:\/\/www.radiopiu.net\/wordpress\/wp-content\/uploads\/2024\/10\/Senza-nome-97-300x192.png 300w, https:\/\/www.radiopiu.net\/wordpress\/wp-content\/uploads\/2024\/10\/Senza-nome-97.png 325w\" sizes=\"auto, (max-width: 300px) 100vw, 300px\" \/><\/a>LA CENA DEI COSCRITTI DEL 1974<\/h3>\n<\/blockquote>\n<p><strong>FALCADE<\/strong> Le cena della classe 1974 dei coscritti dell&#8217;<strong>Agordino<\/strong> si terr\u00e0\u00a0 sabato 30 novembre\u00a0 a Falcade, Hotel Stella Alpina. La cena e&#8217; aperta ai nati nel 1974 nei 16 comuni dell&#8217;Agordino, e sara&#8217; un&#8217;occasione di ritrovo,\u00a0 dopo tanto tempo e festeggiare il mezzo secolo.Info\u00a0 3478120853<\/p>\n<\/div>\n<\/div>\n<\/div>\n<\/div>\n<\/div>\n<\/div>\n<\/div>\n<div class=\"page-title-breadcrumbs\">\n<p>&nbsp;<\/p>\n<\/div>\n<p>&nbsp;<\/p>\n<p>&nbsp;<\/p>\n<hr \/>\n<p>&nbsp;<\/p>\n<p>&nbsp;<\/p>\n<hr \/>\n<p>&nbsp;<\/p>\n<p>&nbsp;<\/p>\n<blockquote>\n<h1>Il Gruppo Radio Pi\u00f9 Emittente Agordina festeggia 19.000 iscritti su Facebook<\/h1>\n<\/blockquote>\n<blockquote><p><em>Un traguardo significativo per l&#8217;emittente locale che continua a crescere anche online, oltre che in Fm e Dab+<\/em><\/p><\/blockquote>\n<p><img loading=\"lazy\" decoding=\"async\" class=\"alignleft\" src=\"https:\/\/www.radiopiu.net\/wordpress\/wp-content\/uploads\/2024\/11\/Senza-nome-34.png\" width=\"279\" height=\"109\" \/>Il Gruppo Radio Pi\u00f9, emittente storica della comunit\u00e0 agordina, ha raggiunto un nuovo traguardo sulla sua pagina Facebook, superando i 19.000 iscritti. Questo risultato testimonia la fiducia e l&#8217;affetto che la comunit\u00e0 e gli appassionati di notizie locali ripongono nell\u2019emittente. Radio Pi\u00f9 si distingue da sempre per la sua capacit\u00e0 di informare e intrattenere con programmi vari e aggiornamenti in tempo reale, diventando un punto di riferimento essenziale per la vita sociale e culturale del territorio.<\/p>\n<p>L&#8217;incremento degli iscritti dimostra l&#8217;importanza crescente dei social media nella diffusione delle informazioni locali, e conferma Radio Pi\u00f9 come leader nel panorama mediatico della zona.<\/p>\n<h1><span style=\"color: #0000ff;\"><a style=\"color: #0000ff;\" href=\"https:\/\/www.facebook.com\/groups\/61488111720\/members\">CLICCA QUI<\/a><\/span><\/h1>\n<p>&nbsp;<\/p>\n<p>&nbsp;<\/p>\n<blockquote class=\"wp-embedded-content\" data-secret=\"cCuws148mN\"><p><a href=\"https:\/\/www.radiopiu.net\/wordpress\/alessandro-del-piero-compie-50-anni-gli-auguri-del-presidente-zaia\/\">Alessandro Del Piero compie 50 anni. Gli auguri del presidente Zaia<\/a><\/p><\/blockquote>\n<p><iframe loading=\"lazy\" class=\"wp-embedded-content\" sandbox=\"allow-scripts\" security=\"restricted\" style=\"position: absolute; visibility: hidden;\" title=\"&#8220;Alessandro Del Piero compie 50 anni. Gli auguri del presidente Zaia&#8221; &#8212; Radio Pi\u00f9\" src=\"https:\/\/www.radiopiu.net\/wordpress\/alessandro-del-piero-compie-50-anni-gli-auguri-del-presidente-zaia\/embed\/#?secret=XPVupbeFDu#?secret=cCuws148mN\" data-secret=\"cCuws148mN\" width=\"600\" height=\"338\" frameborder=\"0\" marginwidth=\"0\" marginheight=\"0\" scrolling=\"no\"><\/iframe><\/p>\n<p>&nbsp;<\/p>\n<p>&nbsp;<\/p>\n<hr \/>\n<p>&nbsp;<\/p>\n<blockquote>\n<h3><a class=\"dt-pswp-item\" href=\"https:\/\/www.radiopiu.net\/wordpress\/wp-content\/uploads\/2024\/10\/SCR-20241027-nyyf.png\" data-dt-img-description=\"\" data-large_image_width=\"1210\" data-large_image_height=\"646\"><img loading=\"lazy\" decoding=\"async\" class=\" wp-image-416654 alignleft\" src=\"https:\/\/www.radiopiu.net\/wordpress\/wp-content\/uploads\/2024\/10\/SCR-20241027-nyyf-300x160.png\" alt=\"\" width=\"193\" height=\"103\" srcset=\"https:\/\/www.radiopiu.net\/wordpress\/wp-content\/uploads\/2024\/10\/SCR-20241027-nyyf-300x160.png 300w, https:\/\/www.radiopiu.net\/wordpress\/wp-content\/uploads\/2024\/10\/SCR-20241027-nyyf-1024x547.png 1024w, https:\/\/www.radiopiu.net\/wordpress\/wp-content\/uploads\/2024\/10\/SCR-20241027-nyyf-768x410.png 768w, https:\/\/www.radiopiu.net\/wordpress\/wp-content\/uploads\/2024\/10\/SCR-20241027-nyyf.png 1210w\" sizes=\"auto, (max-width: 193px) 100vw, 193px\" \/><\/a>SOTTO IL MANTELLO, CON L&#8217;ASSOCIAZIONE CUCCHINI<\/h3>\n<\/blockquote>\n<p><strong>BELLUNO<\/strong><\/p>\n<p>DI ROBERTO BONA<\/p>\n<audio class=\"wp-audio-shortcode\" id=\"audio-418360-15\" preload=\"none\" style=\"width: 100%;\" controls=\"controls\"><source type=\"audio\/mpeg\" src=\"https:\/\/www.radiopiu.net\/wordpress\/wp-content\/uploads\/2024\/10\/BONA-SOTTO-IL-MANTELLO-CUCCHINI-SCADE-8-NOVEMBRE.mp3?_=15\" \/><a href=\"https:\/\/www.radiopiu.net\/wordpress\/wp-content\/uploads\/2024\/10\/BONA-SOTTO-IL-MANTELLO-CUCCHINI-SCADE-8-NOVEMBRE.mp3\">https:\/\/www.radiopiu.net\/wordpress\/wp-content\/uploads\/2024\/10\/BONA-SOTTO-IL-MANTELLO-CUCCHINI-SCADE-8-NOVEMBRE.mp3<\/a><\/audio>\n<p>&nbsp;<\/p>\n<hr \/>\n<p>&nbsp;<\/p>\n<blockquote>\n<h3><a class=\"dt-pswp-item\" href=\"https:\/\/www.radiopiu.net\/wordpress\/wp-content\/uploads\/2024\/11\/MANIFESTO-TURANDOT-BELLUNO-scaled.jpg\" data-dt-img-description=\"\" data-large_image_width=\"1792\" data-large_image_height=\"2560\"><img loading=\"lazy\" decoding=\"async\" class=\" wp-image-418155 alignleft\" src=\"https:\/\/www.radiopiu.net\/wordpress\/wp-content\/uploads\/2024\/11\/MANIFESTO-TURANDOT-BELLUNO-210x300.jpg\" alt=\"\" width=\"104\" height=\"149\" srcset=\"https:\/\/www.radiopiu.net\/wordpress\/wp-content\/uploads\/2024\/11\/MANIFESTO-TURANDOT-BELLUNO-210x300.jpg 210w, https:\/\/www.radiopiu.net\/wordpress\/wp-content\/uploads\/2024\/11\/MANIFESTO-TURANDOT-BELLUNO-717x1024.jpg 717w, https:\/\/www.radiopiu.net\/wordpress\/wp-content\/uploads\/2024\/11\/MANIFESTO-TURANDOT-BELLUNO-768x1097.jpg 768w, https:\/\/www.radiopiu.net\/wordpress\/wp-content\/uploads\/2024\/11\/MANIFESTO-TURANDOT-BELLUNO-1075x1536.jpg 1075w, https:\/\/www.radiopiu.net\/wordpress\/wp-content\/uploads\/2024\/11\/MANIFESTO-TURANDOT-BELLUNO-1433x2048.jpg 1433w, https:\/\/www.radiopiu.net\/wordpress\/wp-content\/uploads\/2024\/11\/MANIFESTO-TURANDOT-BELLUNO-scaled.jpg 1792w\" sizes=\"auto, (max-width: 104px) 100vw, 104px\" \/><\/a>UN DUE TRE TURANDOT AL TEATRO DI BELLUNO<\/h3>\n<\/blockquote>\n<p><strong>DI ROBERTO BONA<\/strong><\/p>\n<audio class=\"wp-audio-shortcode\" id=\"audio-418360-16\" preload=\"none\" style=\"width: 100%;\" controls=\"controls\"><source type=\"audio\/mpeg\" src=\"https:\/\/www.radiopiu.net\/wordpress\/wp-content\/uploads\/2024\/10\/BONA-UN-DUE-TRE-TOURANDOT-SCADE-9-NOVEMBRE.mp3?_=16\" \/><a href=\"https:\/\/www.radiopiu.net\/wordpress\/wp-content\/uploads\/2024\/10\/BONA-UN-DUE-TRE-TOURANDOT-SCADE-9-NOVEMBRE.mp3\">https:\/\/www.radiopiu.net\/wordpress\/wp-content\/uploads\/2024\/10\/BONA-UN-DUE-TRE-TOURANDOT-SCADE-9-NOVEMBRE.mp3<\/a><\/audio>\n<p>&nbsp;<\/p>\n<p>&nbsp;<\/p>\n<p>&nbsp;<\/p>\n<hr \/>\n<p>&nbsp;<\/p>\n<blockquote><p><a class=\"dt-pswp-item\" href=\"https:\/\/www.radiopiu.net\/wordpress\/wp-content\/uploads\/2024\/07\/Musal-e-piazza-Luciani.jpg\" data-dt-img-description=\"MUSAL E CHIESA DI CANALE D'AGORDO\" data-large_image_width=\"2560\" data-large_image_height=\"1920\"><img loading=\"lazy\" decoding=\"async\" class=\"wp-image-399384 alignleft\" src=\"https:\/\/www.radiopiu.net\/wordpress\/wp-content\/uploads\/2024\/07\/Musal-e-piazza-Luciani-300x225.jpg\" alt=\"\" width=\"151\" height=\"113\" srcset=\"https:\/\/www.radiopiu.net\/wordpress\/wp-content\/uploads\/2024\/07\/Musal-e-piazza-Luciani-300x225.jpg 300w, https:\/\/www.radiopiu.net\/wordpress\/wp-content\/uploads\/2024\/07\/Musal-e-piazza-Luciani-1024x768.jpg 1024w, https:\/\/www.radiopiu.net\/wordpress\/wp-content\/uploads\/2024\/07\/Musal-e-piazza-Luciani-768x576.jpg 768w, https:\/\/www.radiopiu.net\/wordpress\/wp-content\/uploads\/2024\/07\/Musal-e-piazza-Luciani-1536x1152.jpg 1536w, https:\/\/www.radiopiu.net\/wordpress\/wp-content\/uploads\/2024\/07\/Musal-e-piazza-Luciani-2048x1536.jpg 2048w\" sizes=\"auto, (max-width: 151px) 100vw, 151px\" \/><\/a><\/p>\n<h3>UFFICIO PROLOCO DI CANALE D&#8217;AGORDO CHIUSO<\/h3>\n<\/blockquote>\n<p><strong>CANALE D&#8217;AGORDO <\/strong>Nel mese di novembre l&#8217;ufficio Pro Loco di Canale d&#8217;Agordo sar\u00e0 CHIUSO e che il Museo e la Casa natale del beato Papa Giovanni Paolo I saranno aperti su prenotazione per gruppi di almeno 25 persone.<\/p>\n<p>&nbsp;<\/p>\n<p>&nbsp;<\/p>\n<p>&nbsp;<\/p>\n<hr \/>\n<p>&nbsp;<\/p>\n<blockquote>\n<h3><a class=\"dt-pswp-item\" href=\"https:\/\/www.radiopiu.net\/wordpress\/wp-content\/uploads\/2024\/11\/Immagine-cyrano_03.jpg\" data-dt-img-description=\"\" data-large_image_width=\"1404\" data-large_image_height=\"2048\"><img loading=\"lazy\" decoding=\"async\" class=\" wp-image-418288 alignleft\" src=\"https:\/\/www.radiopiu.net\/wordpress\/wp-content\/uploads\/2024\/11\/Immagine-cyrano_03-206x300.jpg\" alt=\"\" width=\"111\" height=\"162\" srcset=\"https:\/\/www.radiopiu.net\/wordpress\/wp-content\/uploads\/2024\/11\/Immagine-cyrano_03-206x300.jpg 206w, https:\/\/www.radiopiu.net\/wordpress\/wp-content\/uploads\/2024\/11\/Immagine-cyrano_03-702x1024.jpg 702w, https:\/\/www.radiopiu.net\/wordpress\/wp-content\/uploads\/2024\/11\/Immagine-cyrano_03-768x1120.jpg 768w, https:\/\/www.radiopiu.net\/wordpress\/wp-content\/uploads\/2024\/11\/Immagine-cyrano_03-1053x1536.jpg 1053w, https:\/\/www.radiopiu.net\/wordpress\/wp-content\/uploads\/2024\/11\/Immagine-cyrano_03.jpg 1404w\" sizes=\"auto, (max-width: 111px) 100vw, 111px\" \/><\/a>AUTUNNO A TEATRO IN COMELICO<\/h3>\n<\/blockquote>\n<p><strong>SANTO STEFANO DI CADORE<\/strong> Domenica 10 novembre alle 17.00, al Cinema Piave di S. Stefano di Cadore, la compagnia Pubbliche Bugie di Castion presenter\u00e0 \u201cAll&#8217;ombra di Cyrano\u201d per il terzo appuntamento della rassegna \u201cAutunno a Teatro in Comelico 2024\u201d. La commedia, ispirata al \u201cCyrano de Bergerac\u201d di Rostand, esplora il complesso personaggio di Cyrano e il suo amore per Rossana, combinando poesia e arti visive sotto la regia di Paolo Martinazzo. L\u2019ingresso \u00e8 di 10 \u20ac (ridotto 6 \u20ac per under 14). I biglietti sono disponibili online e sul posto. La rassegna proseguir\u00e0 con spettacoli il 24 novembre e il 1\u00b0 dicembre; dettagli su <a href=\"http:\/\/www.icomelianti.it\" target=\"_new\" rel=\"noopener\">www.icomelianti.it<\/a> e sui social.<\/p>\n<p>&nbsp;<\/p>\n<p>&nbsp;<\/p>\n<hr \/>\n<p>&nbsp;<\/p>\n<blockquote>\n<h3><a class=\"dt-pswp-item\" href=\"https:\/\/www.radiopiu.net\/wordpress\/wp-content\/uploads\/2024\/11\/3dc9475d-3261-4c1c-97fc-8e153d91ea4b.jpg\" data-dt-img-description=\"\" data-large_image_width=\"1432\" data-large_image_height=\"2048\"><img loading=\"lazy\" decoding=\"async\" class=\" wp-image-418524 alignleft\" src=\"https:\/\/www.radiopiu.net\/wordpress\/wp-content\/uploads\/2024\/11\/3dc9475d-3261-4c1c-97fc-8e153d91ea4b-210x300.jpg\" alt=\"\" width=\"117\" height=\"167\" srcset=\"https:\/\/www.radiopiu.net\/wordpress\/wp-content\/uploads\/2024\/11\/3dc9475d-3261-4c1c-97fc-8e153d91ea4b-210x300.jpg 210w, https:\/\/www.radiopiu.net\/wordpress\/wp-content\/uploads\/2024\/11\/3dc9475d-3261-4c1c-97fc-8e153d91ea4b-716x1024.jpg 716w, https:\/\/www.radiopiu.net\/wordpress\/wp-content\/uploads\/2024\/11\/3dc9475d-3261-4c1c-97fc-8e153d91ea4b-768x1098.jpg 768w, https:\/\/www.radiopiu.net\/wordpress\/wp-content\/uploads\/2024\/11\/3dc9475d-3261-4c1c-97fc-8e153d91ea4b-1074x1536.jpg 1074w, https:\/\/www.radiopiu.net\/wordpress\/wp-content\/uploads\/2024\/11\/3dc9475d-3261-4c1c-97fc-8e153d91ea4b.jpg 1432w\" sizes=\"auto, (max-width: 117px) 100vw, 117px\" \/><\/a>IL CONCERTO DI SAN MARTINO A BELLUNO<\/h3>\n<\/blockquote>\n<p><strong>BELLUNO<\/strong> Il Concerto di San Martino 2024 si terr\u00e0 il 14 novembre alle 21 al Teatro Dino Buzzati di Belluno. L&#8217;evento vedr\u00e0 la partecipazione dell&#8217;Orchestra di Padova e del Veneto, con Miriam Dal Don come violino solista e Delio Cassetta come direttore. I biglietti sono disponibili presso il Museo Civico di Belluno o direttamente il giorno dello spettacolo al teatro a partire dalle 18:30. I prezzi variano da 28,00 euro per la platea e la galleria centrale a 24,00 euro per la galleria laterale, con riduzioni disponibili per under 20 e over 65.<\/p>\n<p><strong>L&#8217;ASSESSORE ALLA CULTURA DEL COMUNE DI BELLUNO RAFFAELE ADDAMIANO<\/strong><\/p>\n<audio class=\"wp-audio-shortcode\" id=\"audio-418360-17\" preload=\"none\" style=\"width: 100%;\" controls=\"controls\"><source type=\"audio\/mpeg\" src=\"https:\/\/www.radiopiu.net\/wordpress\/wp-content\/uploads\/2024\/11\/ADDAMIANO-CONCERTO-SAN-MARINO.mp3?_=17\" \/><a href=\"https:\/\/www.radiopiu.net\/wordpress\/wp-content\/uploads\/2024\/11\/ADDAMIANO-CONCERTO-SAN-MARINO.mp3\">https:\/\/www.radiopiu.net\/wordpress\/wp-content\/uploads\/2024\/11\/ADDAMIANO-CONCERTO-SAN-MARINO.mp3<\/a><\/audio>\n<p>&nbsp;<\/p>\n<p><strong>IL DIRETTORE D&#8217;ORCHESTRA DELIO CASSETTA<\/strong><\/p>\n<audio class=\"wp-audio-shortcode\" id=\"audio-418360-18\" preload=\"none\" style=\"width: 100%;\" controls=\"controls\"><source type=\"audio\/mpeg\" src=\"https:\/\/www.radiopiu.net\/wordpress\/wp-content\/uploads\/2024\/11\/DELIO-CASSETTA.mp3?_=18\" \/><a href=\"https:\/\/www.radiopiu.net\/wordpress\/wp-content\/uploads\/2024\/11\/DELIO-CASSETTA.mp3\">https:\/\/www.radiopiu.net\/wordpress\/wp-content\/uploads\/2024\/11\/DELIO-CASSETTA.mp3<\/a><\/audio>\n<p>&nbsp;<\/p>\n<hr \/>\n<p>&nbsp;<\/p>\n<blockquote>\n<h3>AL VIA LA STAGIONE DI PROSA A BELLUNO<\/h3>\n<\/blockquote>\n<p><a class=\"dt-pswp-item\" href=\"https:\/\/www.radiopiu.net\/wordpress\/wp-content\/uploads\/2024\/11\/SCR-20241106-krtw.jpeg\" data-dt-img-description=\"Screenshot\" data-large_image_width=\"1244\" data-large_image_height=\"840\"><img loading=\"lazy\" decoding=\"async\" class=\"alignleft wp-image-418295 \" src=\"https:\/\/www.radiopiu.net\/wordpress\/wp-content\/uploads\/2024\/11\/SCR-20241106-krtw-300x203.jpeg\" alt=\"\" width=\"160\" height=\"108\" srcset=\"https:\/\/www.radiopiu.net\/wordpress\/wp-content\/uploads\/2024\/11\/SCR-20241106-krtw-300x203.jpeg 300w, https:\/\/www.radiopiu.net\/wordpress\/wp-content\/uploads\/2024\/11\/SCR-20241106-krtw-1024x691.jpeg 1024w, https:\/\/www.radiopiu.net\/wordpress\/wp-content\/uploads\/2024\/11\/SCR-20241106-krtw-768x519.jpeg 768w, https:\/\/www.radiopiu.net\/wordpress\/wp-content\/uploads\/2024\/11\/SCR-20241106-krtw.jpeg 1244w\" sizes=\"auto, (max-width: 160px) 100vw, 160px\" \/><\/a><strong>BELLUNO<\/strong> Lucilla Giagnoni inaugura la 48\u00aa Stagione di Prosa del Circolo Cultura e Stampa Bellunese con &#8220;CASTA DIVA&#8221;, uno spettacolo dedicato al mito di Maria Callas e alla figura di Medea. Domani al Teatro Dino Buzzati di Belluno, Giagnoni render\u00e0 omaggio al centenario della nascita della Callas, collegando la sua iconica interpretazione della cavatina &#8220;Casta Diva&#8221; di Bellini con la potenza tragica di Medea. Sul palco si intrecciano l&#8217;immagine della luna piena e il fuoco sacrificale, evocando il fascino mistico e oscuro delle due figure, entrambe potenti e distruttive. Medea incarna la passione e la rovina, cos\u00ec come Callas, immortalata dal suo canto e dalla sua intensit\u00e0, oltre i confini del tempo.<\/p>\n<p>&nbsp;<\/p>\n<p>&nbsp;<\/p>\n<hr \/>\n<p>&nbsp;<\/p>\n<blockquote>\n<h2>&#8220;Autunno a Trichiana&#8221; al Cinema San Felice<\/h2>\n<\/blockquote>\n<p><strong><a class=\"dt-pswp-item\" href=\"https:\/\/www.radiopiu.net\/wordpress\/wp-content\/uploads\/2024\/11\/Pro-Loco-Trichiana-evento.jpg\" data-dt-img-description=\"\" data-large_image_width=\"2048\" data-large_image_height=\"922\"><img loading=\"lazy\" decoding=\"async\" class=\"size-medium wp-image-417940 alignleft\" src=\"https:\/\/www.radiopiu.net\/wordpress\/wp-content\/uploads\/2024\/11\/Pro-Loco-Trichiana-evento-300x135.jpg\" alt=\"\" width=\"300\" height=\"135\" srcset=\"https:\/\/www.radiopiu.net\/wordpress\/wp-content\/uploads\/2024\/11\/Pro-Loco-Trichiana-evento-300x135.jpg 300w, https:\/\/www.radiopiu.net\/wordpress\/wp-content\/uploads\/2024\/11\/Pro-Loco-Trichiana-evento-1024x461.jpg 1024w, https:\/\/www.radiopiu.net\/wordpress\/wp-content\/uploads\/2024\/11\/Pro-Loco-Trichiana-evento-768x346.jpg 768w, https:\/\/www.radiopiu.net\/wordpress\/wp-content\/uploads\/2024\/11\/Pro-Loco-Trichiana-evento-1536x692.jpg 1536w, https:\/\/www.radiopiu.net\/wordpress\/wp-content\/uploads\/2024\/11\/Pro-Loco-Trichiana-evento.jpg 2048w\" sizes=\"auto, (max-width: 300px) 100vw, 300px\" \/><\/a>TRICHIANA <\/strong>A novembre, la Pro Loco di Trichiana presenta la 36esima edizione di &#8220;Autunno a Trichiana&#8221;, con quattro serate tematiche al Cinema San Felice, sempre alle 20.45 e ingresso libero. Si parte il 9 novembre con Alessandro Ba\u00f9, alpinista e storyteller, che parler\u00e0 di sogni e avventure. Il 16 novembre, Alex Bellini, esploratore e divulgatore ambientale, condivider\u00e0 esperienze di viaggio e riflessioni su inquinamento e cambiamento climatico, con un contributo di 5 euro. Il 23 novembre, Giulia Baroncini e Ilenia Zaccaro racconteranno le loro avventure ciclistiche. Infine, il 28 novembre, Filippo Felici esplorer\u00e0 il mondo sotterraneo in &#8220;Le terre lontane&#8221;. La rassegna promuove un\u2019idea di avventura diversificata e coinvolgente.<\/p>\n<p>&nbsp;<\/p>\n<p>&nbsp;<\/p>\n<hr \/>\n<p>&nbsp;<\/p>\n<div class=\"flex max-w-full flex-col flex-grow\">\n<div class=\"min-h-8 text-message flex w-full flex-col items-end gap-2 whitespace-normal break-words [.text-message+&amp;]:mt-5\" dir=\"auto\" data-message-author-role=\"assistant\" data-message-id=\"c3d47f35-dbf0-420d-bed1-ce0eab660a3f\" data-message-model-slug=\"gpt-4o-mini\">\n<div class=\"flex w-full flex-col gap-1 empty:hidden first:pt-[3px]\">\n<div class=\"markdown prose w-full break-words dark:prose-invert dark\">\n<blockquote>\n<h3><strong><a class=\"dt-pswp-item\" href=\"https:\/\/www.radiopiu.net\/wordpress\/wp-content\/uploads\/2024\/11\/Senza-nome-9.png\" data-dt-img-description=\"\" data-large_image_width=\"192\" data-large_image_height=\"246\"><img loading=\"lazy\" decoding=\"async\" class=\"wp-image-417941 alignleft\" src=\"https:\/\/www.radiopiu.net\/wordpress\/wp-content\/uploads\/2024\/11\/Senza-nome-9.png\" alt=\"\" width=\"99\" height=\"127\" \/><\/a>\u201cSpazio 32026\u201d a Borgo Valbelluna: un nuovo punto di ritrovo per i giovani<\/strong><\/h3>\n<\/blockquote>\n<p><strong>BORGO VALBELLUNA<\/strong> Dal 18 novembre, l\u2019Amministrazione Comunale di Borgo Valbelluna, insieme a Societ\u00e0 Nuova, inaugura \u201cSpazio 32026\u201d, uno spazio pomeridiano per studenti delle scuole secondarie di primo grado. Situato al Palazzo delle Contesse, offre supporto compiti e attivit\u00e0 scelte dai ragazzi, aiutati da educatori. Obiettivo: promuovere autonomia, creativit\u00e0 e gestione delle emozioni.<\/p>\n<\/div>\n<\/div>\n<\/div>\n<\/div>\n<div class=\"mb-2 flex gap-3 empty:hidden -ml-2\">\n<div class=\"items-center justify-start rounded-xl p-1 flex\">\n<div class=\"flex items-center\">\n<p>&nbsp;<\/p>\n<div class=\"flex\"><\/div>\n<div class=\"flex items-center pb-0\"><\/div>\n<\/div>\n<\/div>\n<\/div>\n<p>&nbsp;<\/p>\n<hr \/>\n<p>&nbsp;<\/p>\n<blockquote>\n<h3><a class=\"dt-pswp-item\" href=\"https:\/\/www.radiopiu.net\/wordpress\/wp-content\/uploads\/2024\/11\/image.png\" data-dt-img-description=\"\" data-large_image_width=\"673\" data-large_image_height=\"519\"><img loading=\"lazy\" decoding=\"async\" class=\" wp-image-418527 alignleft\" src=\"https:\/\/www.radiopiu.net\/wordpress\/wp-content\/uploads\/2024\/11\/image-300x231.png\" alt=\"\" width=\"130\" height=\"100\" srcset=\"https:\/\/www.radiopiu.net\/wordpress\/wp-content\/uploads\/2024\/11\/image-300x231.png 300w, https:\/\/www.radiopiu.net\/wordpress\/wp-content\/uploads\/2024\/11\/image.png 673w\" sizes=\"auto, (max-width: 130px) 100vw, 130px\" \/><\/a>DOMANI IN PIAZZA DELLA LIBERTA I VOLONTARI DELL&#8217;AIRC<\/h3>\n<\/blockquote>\n<p><strong>AGORDO<\/strong> I volontari dell&#8217;Airc vi aspettano in piazza Libert\u00e0 ad Agordo domani dalle 9 alle 13\u00a0 per la vendita dei cioccolatini della ricerca della prestigiosa marca Venchi.<\/p>\n<p>&nbsp;<\/p>\n<p>&nbsp;<\/p>\n<hr \/>\n<p>&nbsp;<\/p>\n<h2><span style=\"color: #ff6600;\">IERI ALLA RADIO <\/span><span style=\"font-size: 14px; font-weight: normal;\">\u00a0<\/span><\/h2>\n<blockquote>\n<h1><a class=\"dt-pswp-item\" href=\"https:\/\/www.radiopiu.net\/wordpress\/wp-content\/uploads\/2024\/11\/th-6.jpg\" data-dt-img-description=\"\" data-large_image_width=\"320\" data-large_image_height=\"180\"><img loading=\"lazy\" decoding=\"async\" class=\"size-medium wp-image-418434 alignleft\" src=\"https:\/\/www.radiopiu.net\/wordpress\/wp-content\/uploads\/2024\/11\/th-6-300x169.jpg\" alt=\"\" width=\"300\" height=\"169\" srcset=\"https:\/\/www.radiopiu.net\/wordpress\/wp-content\/uploads\/2024\/11\/th-6-300x169.jpg 300w, https:\/\/www.radiopiu.net\/wordpress\/wp-content\/uploads\/2024\/11\/th-6.jpg 320w\" sizes=\"auto, (max-width: 300px) 100vw, 300px\" \/><\/a>SPI CGIL, QUINDICINALE APPUNTAMENTO CON MARIA RITA GENTILIN<\/h1>\n<\/blockquote>\n<p>&nbsp;<\/p>\n<p><strong>DI MIRKO MEZZACASA<\/strong><\/p>\n<p><strong>AUDIO<\/strong><\/p>\n<audio class=\"wp-audio-shortcode\" id=\"audio-418360-19\" preload=\"none\" style=\"width: 100%;\" controls=\"controls\"><source type=\"audio\/mpeg\" src=\"https:\/\/www.radiopiu.net\/wordpress\/wp-content\/uploads\/2024\/11\/MARIA-RITA-GENTILIN-OTTOBRE-2024.mp3?_=19\" \/><a href=\"https:\/\/www.radiopiu.net\/wordpress\/wp-content\/uploads\/2024\/11\/MARIA-RITA-GENTILIN-OTTOBRE-2024.mp3\">https:\/\/www.radiopiu.net\/wordpress\/wp-content\/uploads\/2024\/11\/MARIA-RITA-GENTILIN-OTTOBRE-2024.mp3<\/a><\/audio>\n<p>&nbsp;<\/p>\n<p>&nbsp;<\/p>\n<hr \/>\n<p>&nbsp;<\/p>\n<h2><span style=\"color: #ff00ff;\">DOMENICA 10 NOVEMBRE LA LUCCIOLATA CON I BOCE DA RIF<\/span><\/h2>\n<p><strong><a class=\"dt-pswp-item\" href=\"https:\/\/www.radiopiu.net\/wordpress\/wp-content\/uploads\/2024\/11\/Senza-nome-30.jpg\" data-dt-img-description=\"\" data-large_image_width=\"472\" data-large_image_height=\"214\"><img loading=\"lazy\" decoding=\"async\" class=\"size-medium wp-image-418121 alignleft\" src=\"https:\/\/www.radiopiu.net\/wordpress\/wp-content\/uploads\/2024\/11\/Senza-nome-30-300x136.jpg\" alt=\"\" width=\"300\" height=\"136\" srcset=\"https:\/\/www.radiopiu.net\/wordpress\/wp-content\/uploads\/2024\/11\/Senza-nome-30-300x136.jpg 300w, https:\/\/www.radiopiu.net\/wordpress\/wp-content\/uploads\/2024\/11\/Senza-nome-30.jpg 472w\" sizes=\"auto, (max-width: 300px) 100vw, 300px\" \/><\/a>DI MIRKO MEZZACASA<\/strong><\/p>\n<p>OSPITE: Eva Olivier<\/p>\n<audio class=\"wp-audio-shortcode\" id=\"audio-418360-20\" preload=\"none\" style=\"width: 100%;\" controls=\"controls\"><source type=\"audio\/mpeg\" src=\"https:\/\/www.radiopiu.net\/wordpress\/wp-content\/uploads\/2024\/11\/EVA-RIF-LUCCIOLATA.mp3?_=20\" \/><a href=\"https:\/\/www.radiopiu.net\/wordpress\/wp-content\/uploads\/2024\/11\/EVA-RIF-LUCCIOLATA.mp3\">https:\/\/www.radiopiu.net\/wordpress\/wp-content\/uploads\/2024\/11\/EVA-RIF-LUCCIOLATA.mp3<\/a><\/audio>\n<p>&nbsp;<\/p>\n<hr \/>\n<p>&nbsp;<\/p>\n<blockquote class=\"wp-embedded-content\" data-secret=\"f1dRdMdztW\"><p><a href=\"https:\/\/www.radiopiu.net\/wordpress\/ilvinoracconta07\/\">&#8230;QUANDO IL VINO RACCONTA,  CON LA SOMMELIER DIANA ZERILLI<\/a><\/p><\/blockquote>\n<p><iframe loading=\"lazy\" class=\"wp-embedded-content\" sandbox=\"allow-scripts\" security=\"restricted\" style=\"position: absolute; visibility: hidden;\" title=\"&#8220;&#8230;QUANDO IL VINO RACCONTA,  CON LA SOMMELIER DIANA ZERILLI&#8221; &#8212; Radio Pi\u00f9\" src=\"https:\/\/www.radiopiu.net\/wordpress\/ilvinoracconta07\/embed\/#?secret=ZGbyFhLSY7#?secret=f1dRdMdztW\" data-secret=\"f1dRdMdztW\" width=\"600\" height=\"338\" frameborder=\"0\" marginwidth=\"0\" marginheight=\"0\" scrolling=\"no\"><\/iframe><\/p>\n<p>&nbsp;<\/p>\n<blockquote class=\"wp-embedded-content\" data-secret=\"PMefLclXk4\"><p><a href=\"https:\/\/www.radiopiu.net\/wordpress\/emozione-continua-100-anni-di-passione-raccontati-alla-radio-la-raccolta\/\">EMOZIONE CONTINUA&#8230;100 ANNI DI PASSIONE RACCONTATI ALLA RADIO &#8211; LA RACCOLTA<\/a><\/p><\/blockquote>\n<p><iframe loading=\"lazy\" class=\"wp-embedded-content\" sandbox=\"allow-scripts\" security=\"restricted\" style=\"position: absolute; visibility: hidden;\" title=\"&#8220;EMOZIONE CONTINUA&#8230;100 ANNI DI PASSIONE RACCONTATI ALLA RADIO &#8211; LA RACCOLTA&#8221; &#8212; Radio Pi\u00f9\" src=\"https:\/\/www.radiopiu.net\/wordpress\/emozione-continua-100-anni-di-passione-raccontati-alla-radio-la-raccolta\/embed\/#?secret=wSZxhGK1DR#?secret=PMefLclXk4\" data-secret=\"PMefLclXk4\" width=\"600\" height=\"338\" frameborder=\"0\" marginwidth=\"0\" marginheight=\"0\" scrolling=\"no\"><\/iframe><\/p>\n<p>&nbsp;<\/p>\n<blockquote class=\"wp-embedded-content\" data-secret=\"XYnQxVrXKC\"><p><a href=\"https:\/\/www.radiopiu.net\/wordpress\/pirole-de-lenga-la-parola-del-giorno-a-cura-del-musla-raccolta-completa\/\">PIROLE DE LENGA&#8230; LA PAROLA DEL GIORNO A CURA DEL MUSLA -raccolta completa &#8211;<\/a><\/p><\/blockquote>\n<p><iframe loading=\"lazy\" class=\"wp-embedded-content\" sandbox=\"allow-scripts\" security=\"restricted\" style=\"position: absolute; visibility: hidden;\" title=\"&#8220;PIROLE DE LENGA&#8230; LA PAROLA DEL GIORNO A CURA DEL MUSLA -raccolta completa &#8211;&#8221; &#8212; Radio Pi\u00f9\" src=\"https:\/\/www.radiopiu.net\/wordpress\/pirole-de-lenga-la-parola-del-giorno-a-cura-del-musla-raccolta-completa\/embed\/#?secret=0muEpR4jeY#?secret=XYnQxVrXKC\" data-secret=\"XYnQxVrXKC\" width=\"600\" height=\"338\" frameborder=\"0\" marginwidth=\"0\" marginheight=\"0\" scrolling=\"no\"><\/iframe><\/p>\n<p>&nbsp;<\/p>\n<blockquote class=\"wp-embedded-content\" data-secret=\"OWGTHB4H8n\"><p><a href=\"https:\/\/www.radiopiu.net\/wordpress\/set5a\/\">EL BAL DEL FIOR, DETTI E MODI DI DIRE  LA RACCOLTA COMPLETA<\/a><\/p><\/blockquote>\n<p><iframe loading=\"lazy\" class=\"wp-embedded-content\" sandbox=\"allow-scripts\" security=\"restricted\" style=\"position: absolute; visibility: hidden;\" title=\"&#8220;EL BAL DEL FIOR, DETTI E MODI DI DIRE  LA RACCOLTA COMPLETA&#8221; &#8212; Radio Pi\u00f9\" src=\"https:\/\/www.radiopiu.net\/wordpress\/set5a\/embed\/#?secret=X4qWEfKyYN#?secret=OWGTHB4H8n\" data-secret=\"OWGTHB4H8n\" width=\"600\" height=\"338\" frameborder=\"0\" marginwidth=\"0\" marginheight=\"0\" scrolling=\"no\"><\/iframe><\/p>\n<p>&nbsp;<\/p>\n<blockquote class=\"wp-embedded-content\" data-secret=\"seTGMwIw2w\"><p><a href=\"https:\/\/www.radiopiu.net\/wordpress\/almanac1\/\">N di parom &#8211; L Almanach de la nosta jent RACCOLTA COMPLETA<\/a><\/p><\/blockquote>\n<p><iframe loading=\"lazy\" class=\"wp-embedded-content\" sandbox=\"allow-scripts\" security=\"restricted\" style=\"position: absolute; visibility: hidden;\" title=\"&#8220;N di parom &#8211; L Almanach de la nosta jent RACCOLTA COMPLETA&#8221; &#8212; Radio Pi\u00f9\" src=\"https:\/\/www.radiopiu.net\/wordpress\/almanac1\/embed\/#?secret=My024WuZhL#?secret=seTGMwIw2w\" data-secret=\"seTGMwIw2w\" width=\"600\" height=\"338\" frameborder=\"0\" marginwidth=\"0\" marginheight=\"0\" scrolling=\"no\"><\/iframe><\/p>\n<p>&nbsp;<\/p>\n<blockquote class=\"wp-embedded-content\" data-secret=\"leFv56Nh9Z\"><p><a href=\"https:\/\/www.radiopiu.net\/wordpress\/dal-monte-pelmo-alletna-con-stefano-paolo-e-radiopiu-13\/\">DAL MONTE PELMO ALL&#8217;ETNA CON STEFANO, PAOLO&#8230; E RADIOPIU&#8217;<\/a><\/p><\/blockquote>\n<p><iframe loading=\"lazy\" class=\"wp-embedded-content\" sandbox=\"allow-scripts\" security=\"restricted\" style=\"position: absolute; visibility: hidden;\" title=\"&#8220;DAL MONTE PELMO ALL&#8217;ETNA CON STEFANO, PAOLO&#8230; E RADIOPIU&#8217;&#8221; &#8212; Radio Pi\u00f9\" src=\"https:\/\/www.radiopiu.net\/wordpress\/dal-monte-pelmo-alletna-con-stefano-paolo-e-radiopiu-13\/embed\/#?secret=d1JFko2Clp#?secret=leFv56Nh9Z\" data-secret=\"leFv56Nh9Z\" width=\"600\" height=\"338\" frameborder=\"0\" marginwidth=\"0\" marginheight=\"0\" scrolling=\"no\"><\/iframe><\/p>\n<p>&nbsp;<\/p>\n<hr \/>\n<p>&nbsp;<\/p>\n<blockquote>\n<h3>&#8220;IT ENDS WHIT US&#8221; IN PROGRAMMAZIONE AL CINEMA DOLOMITI DI FALCADE<\/h3>\n<\/blockquote>\n<p><strong><a class=\"dt-pswp-item\" href=\"https:\/\/www.radiopiu.net\/wordpress\/wp-content\/uploads\/2024\/11\/IT-ENDS-WHIT-US.jpg\" data-dt-img-description=\"\" data-large_image_width=\"1100\" data-large_image_height=\"1422\"><img loading=\"lazy\" decoding=\"async\" class=\" wp-image-418128 alignleft\" src=\"https:\/\/www.radiopiu.net\/wordpress\/wp-content\/uploads\/2024\/11\/IT-ENDS-WHIT-US-232x300.jpg\" alt=\"\" width=\"145\" height=\"188\" srcset=\"https:\/\/www.radiopiu.net\/wordpress\/wp-content\/uploads\/2024\/11\/IT-ENDS-WHIT-US-232x300.jpg 232w, https:\/\/www.radiopiu.net\/wordpress\/wp-content\/uploads\/2024\/11\/IT-ENDS-WHIT-US-792x1024.jpg 792w, https:\/\/www.radiopiu.net\/wordpress\/wp-content\/uploads\/2024\/11\/IT-ENDS-WHIT-US-768x993.jpg 768w, https:\/\/www.radiopiu.net\/wordpress\/wp-content\/uploads\/2024\/11\/IT-ENDS-WHIT-US.jpg 1100w\" sizes=\"auto, (max-width: 145px) 100vw, 145px\" \/><\/a>FALCADE<\/strong> Nel fine settimana riapre il Cinema Dolomiti di Falcade e il film in programmazione sar\u00e0 &#8220;It Ends Whit Us&#8221;, diretto da\u00a0Justin Baldoni,\u00a0adattamento cinematografico\u00a0dell&#8217;omonimo romanzo\u00a0di\u00a0Colleen Hoover. Lily Bloom torna nella sua citt\u00e0 natale per il funerale di suo padre, esitando a trovare qualcosa di positivo da dire su di lui. A Boston, apre un negozio di fiori e conosce Ryle, un neurochirurgo con cui inizia una relazione. Le cose si complicano quando Lily incontra il suo primo amore, Atlas, che gestisce un ristorante. Dopo un episodio di violenza da parte di Ryle, Atlas le suggerisce di lasciarlo. Nonostante le scuse di Ryle, che rivela un trauma infantile, Lily vive altri episodi violenti, inclusa un&#8217;aggressione durante la gravidanza. Dopo la nascita della loro figlia, Lily sceglie di divorziare per proteggere se stessa e la bambina. Anni dopo, incontra Atlas, lasciando aperta la possibilit\u00e0 di un nuovo inizio. SPETTACOLI SABATO E DOMENICA ALLE 21, DOMENICA ANCHE ALLE 15:30.<\/p>\n<p><strong>DI PAOLA LANCIATO<\/strong><\/p>\n<audio class=\"wp-audio-shortcode\" id=\"audio-418360-21\" preload=\"none\" style=\"width: 100%;\" controls=\"controls\"><source type=\"audio\/mpeg\" src=\"https:\/\/www.radiopiu.net\/wordpress\/wp-content\/uploads\/2024\/11\/It-ends-with-us-siamo-noi-a-dire-basta.mp3?_=21\" \/><a href=\"https:\/\/www.radiopiu.net\/wordpress\/wp-content\/uploads\/2024\/11\/It-ends-with-us-siamo-noi-a-dire-basta.mp3\">https:\/\/www.radiopiu.net\/wordpress\/wp-content\/uploads\/2024\/11\/It-ends-with-us-siamo-noi-a-dire-basta.mp3<\/a><\/audio>\n<p>&nbsp;<\/p>\n<hr \/>\n<p>&nbsp;<\/p>\n<h2><span style=\"color: #ff0000;\"><a class=\"dt-pswp-item\" href=\"https:\/\/www.radiopiu.net\/wordpress\/wp-content\/uploads\/2018\/09\/appuntamenti.jpeg\" data-dt-img-description=\"\" data-large_image_width=\"800\" data-large_image_height=\"100\"><img loading=\"lazy\" decoding=\"async\" class=\"wp-image-61958 size-full aligncenter\" src=\"https:\/\/www.radiopiu.net\/wordpress\/wp-content\/uploads\/2018\/09\/appuntamenti.jpeg\" alt=\"\" width=\"800\" height=\"100\" srcset=\"https:\/\/www.radiopiu.net\/wordpress\/wp-content\/uploads\/2018\/09\/appuntamenti.jpeg 800w, https:\/\/www.radiopiu.net\/wordpress\/wp-content\/uploads\/2018\/09\/appuntamenti-300x38.jpeg 300w, https:\/\/www.radiopiu.net\/wordpress\/wp-content\/uploads\/2018\/09\/appuntamenti-768x96.jpeg 768w\" sizes=\"auto, (max-width: 800px) 100vw, 800px\" \/><\/a><\/span><\/h2>\n<p>&nbsp;<\/p>\n<blockquote>\n<h1>OGGI\u00a0 IN DIRETTA SUI CANALI SOCIAL DI RADIO PIU. DALLE 18<\/h1>\n<\/blockquote>\n<p><a class=\"dt-pswp-item\" href=\"https:\/\/www.radiopiu.net\/wordpress\/wp-content\/uploads\/2024\/11\/10f34721-907d-4086-ad24-f6175b8ce3bf.jpg\" data-dt-img-description=\"\" data-large_image_width=\"754\" data-large_image_height=\"1520\"><img loading=\"lazy\" decoding=\"async\" class=\"aligncenter wp-image-418032 size-large\" src=\"https:\/\/www.radiopiu.net\/wordpress\/wp-content\/uploads\/2024\/11\/10f34721-907d-4086-ad24-f6175b8ce3bf-508x1024.jpg\" alt=\"\" width=\"508\" height=\"1024\" srcset=\"https:\/\/www.radiopiu.net\/wordpress\/wp-content\/uploads\/2024\/11\/10f34721-907d-4086-ad24-f6175b8ce3bf-508x1024.jpg 508w, https:\/\/www.radiopiu.net\/wordpress\/wp-content\/uploads\/2024\/11\/10f34721-907d-4086-ad24-f6175b8ce3bf-149x300.jpg 149w, https:\/\/www.radiopiu.net\/wordpress\/wp-content\/uploads\/2024\/11\/10f34721-907d-4086-ad24-f6175b8ce3bf.jpg 754w\" sizes=\"auto, (max-width: 508px) 100vw, 508px\" \/><\/a><\/p>\n<p>&nbsp;<\/p>\n<p>&nbsp;<\/p>\n<div style=\"width: 1200px;\" class=\"wp-video\"><video class=\"wp-video-shortcode\" id=\"video-418360-1\" width=\"1200\" height=\"675\" preload=\"metadata\" controls=\"controls\"><source type=\"video\/mp4\" src=\"https:\/\/www.radiopiu.net\/wordpress\/wp-content\/uploads\/2024\/10\/WhatsApp-Video-2024-10-23-at-00.12.10.mp4?_=1\" \/><a href=\"https:\/\/www.radiopiu.net\/wordpress\/wp-content\/uploads\/2024\/10\/WhatsApp-Video-2024-10-23-at-00.12.10.mp4\">https:\/\/www.radiopiu.net\/wordpress\/wp-content\/uploads\/2024\/10\/WhatsApp-Video-2024-10-23-at-00.12.10.mp4<\/a><\/video><\/div>\n<p><strong>\u00a0<\/strong><\/p>\n<p><strong>FALCADE <\/strong>RIAPRE IL CINEMA DOLOMITI DI FALCADE. DOMANI E DOMENICA VERR\u00c0 PROIETTATO IL FILM IT ENDS WHIT US. SPETTACOLI ALLE 21, DOMENICA ANCHE ALLE 15:30<\/p>\n<div class=\"flex-shrink-0 flex flex-col relative items-end\">\n<div class=\"pt-0\">\n<div class=\"gizmo-bot-avatar flex h-8 w-8 items-center justify-center overflow-hidden rounded-full\">\n<p class=\"relative p-1 rounded-sm flex items-center justify-center bg-token-main-surface-primary text-token-text-primary h-8 w-8\"><strong>CANALE D&#8217;AGORDO <\/strong>Jazzercise \u00e8 un allenamento ad alta intensit\u00e0 che combina danza, pilates, yoga e kickboxing, adatto a tutti i livelli di fitness. \u00c8 efficace per tonificare i muscoli, migliorare la postura e ottenere un fisico snello. Nell&#8217;Agordino, le lezioni si tengono a Canale d&#8217;Agordo, nella sala ex emigranti di via Lotta, il luned\u00ec dalle 18:15 alle 19:15 e il mercoled\u00ec dalle 18:30 alle 19:30. L&#8217;istruttrice certificata RaLuca ti aspetta per un allenamento coinvolgente al ritmo di musica attuale. Per informazioni: 347 9295478<\/p>\n<\/div>\n<\/div>\n<\/div>\n<p><strong>BELLUNO <\/strong>Venerd\u00ec 8 novembre, dalle ore 18, presso l&#8217;aula magna dell&#8217;Istituto Superiore Tommaso Catullo di Belluno, si terr\u00e0 un evento organizzato da Pig&amp;Menti, che propone un dialogo sugli archetipi tra linguistica e neuroscienze. I relatori saranno il professor Michele T\u00ecson e il professor Renzo Barbazza. L&#8217;evento \u00e8 realizzato in collaborazione con Banca Prealpi San Biagio e i dottori Marco Tarascio e Silvia Barbini.<\/p>\n<p>&nbsp;<\/p>\n<div>\n<div class=\"\" dir=\"auto\">\n<div id=\":r9h:\" class=\"x1iorvi4 x1pi30zi x1l90r2v x1swvt13\" data-ad-comet-preview=\"message\" data-ad-preview=\"message\">\n\n\t\t\t<style type='text\/css'>\n\t\t\t\t#gallery-2 {\n\t\t\t\t\tmargin: auto;\n\t\t\t\t}\n\t\t\t\t#gallery-2 .gallery-item {\n\t\t\t\t\tfloat: left;\n\t\t\t\t\tmargin-top: 10px;\n\t\t\t\t\ttext-align: center;\n\t\t\t\t\twidth: 25%;\n\t\t\t\t}\n\t\t\t\t#gallery-2 img {\n\t\t\t\t\tborder: 2px solid #cfcfcf;\n\t\t\t\t}\n\t\t\t\t#gallery-2 .gallery-caption {\n\t\t\t\t\tmargin-left: 0;\n\t\t\t\t}\n\t\t\t\t\/* see gallery_shortcode() in wp-includes\/media.php *\/\n\t\t\t<\/style>\n\t\t<div id='gallery-2' class='dt-gallery-container gallery galleryid-418360 gallery-columns-4 gallery-size-thumbnail'><dl class='gallery-item'>\n\t\t\t\t<dt class='gallery-icon portrait'>\n\t\t\t\t\t<a class=\"rollover rollover-zoom dt-pswp-item\" title=\"LOC_A3_MOSTRA-RADIO_CMVI\" data-dt-img-description=\"\" data-large_image_width=\"1816\" data-large_image_height=\"2560\"href='https:\/\/www.radiopiu.net\/wordpress\/wp-content\/uploads\/2024\/08\/LOC_A3_MOSTRA-RADIO_CMVI-scaled.jpg'><img loading=\"lazy\" decoding=\"async\" width=\"150\" height=\"150\" src=\"https:\/\/www.radiopiu.net\/wordpress\/wp-content\/uploads\/2024\/08\/LOC_A3_MOSTRA-RADIO_CMVI-150x150.jpg\" class=\"attachment-thumbnail size-thumbnail\" alt=\"\" aria-describedby=\"gallery-2-403450\" \/><\/a>\n\t\t\t\t<\/dt>\n\t\t\t\t\t<dd class='wp-caption-text gallery-caption' id='gallery-2-403450'>\n\t\t\t\t\tLA MOSTRA DELLE RADIO IN VALLE IMPERINA\n\t\t\t\t\t<\/dd><\/dl><dl class='gallery-item'>\n\t\t\t\t<dt class='gallery-icon portrait'>\n\t\t\t\t\t<a class=\"rollover rollover-zoom dt-pswp-item\" title=\"967a322c-9996-42d7-af75-662ca7d89e84\" data-dt-img-description=\"\" data-large_image_width=\"1080\" data-large_image_height=\"1519\"href='https:\/\/www.radiopiu.net\/wordpress\/wp-content\/uploads\/2024\/10\/967a322c-9996-42d7-af75-662ca7d89e84-1.jpg'><img loading=\"lazy\" decoding=\"async\" width=\"150\" height=\"150\" src=\"https:\/\/www.radiopiu.net\/wordpress\/wp-content\/uploads\/2024\/10\/967a322c-9996-42d7-af75-662ca7d89e84-1-150x150.jpg\" class=\"attachment-thumbnail size-thumbnail\" alt=\"\" aria-describedby=\"gallery-2-413698\" \/><\/a>\n\t\t\t\t<\/dt>\n\t\t\t\t\t<dd class='wp-caption-text gallery-caption' id='gallery-2-413698'>\n\t\t\t\t\tDOMANI\n\t\t\t\t\t<\/dd><\/dl><dl class='gallery-item'>\n\t\t\t\t<dt class='gallery-icon portrait'>\n\t\t\t\t\t<a class=\"rollover rollover-zoom dt-pswp-item\" title=\"Locandina\" data-dt-img-description=\"\" data-large_image_width=\"943\" data-large_image_height=\"1330\"href='https:\/\/www.radiopiu.net\/wordpress\/wp-content\/uploads\/2024\/10\/Locandina.png'><img loading=\"lazy\" decoding=\"async\" width=\"150\" height=\"150\" src=\"https:\/\/www.radiopiu.net\/wordpress\/wp-content\/uploads\/2024\/10\/Locandina-150x150.png\" class=\"attachment-thumbnail size-thumbnail\" alt=\"\" aria-describedby=\"gallery-2-415380\" \/><\/a>\n\t\t\t\t<\/dt>\n\t\t\t\t\t<dd class='wp-caption-text gallery-caption' id='gallery-2-415380'>\n\t\t\t\t\tCON L&#8217;ASSOCIAZIONE CUCCHINI\n\t\t\t\t\t<\/dd><\/dl><dl class='gallery-item'>\n\t\t\t\t<dt class='gallery-icon portrait'>\n\t\t\t\t\t<a class=\"rollover rollover-zoom dt-pswp-item\" title=\"Locandina 4 novembre 2024\" data-dt-img-description=\"\" data-large_image_width=\"595\" data-large_image_height=\"841\"href='https:\/\/www.radiopiu.net\/wordpress\/wp-content\/uploads\/2024\/10\/Locandina-4-novembre-2024.jpg'><img loading=\"lazy\" decoding=\"async\" width=\"150\" height=\"150\" src=\"https:\/\/www.radiopiu.net\/wordpress\/wp-content\/uploads\/2024\/10\/Locandina-4-novembre-2024-150x150.jpg\" class=\"attachment-thumbnail size-thumbnail\" alt=\"\" aria-describedby=\"gallery-2-416539\" \/><\/a>\n\t\t\t\t<\/dt>\n\t\t\t\t\t<dd class='wp-caption-text gallery-caption' id='gallery-2-416539'>\n\t\t\t\t\tIL 4 NOVEMBRE A FELTRE\n\t\t\t\t\t<\/dd><\/dl><br style=\"clear: both\" \/><dl class='gallery-item'>\n\t\t\t\t<dt class='gallery-icon portrait'>\n\t\t\t\t\t<a class=\"rollover rollover-zoom dt-pswp-item\" title=\"c8fab2c8-4352-4bfb-a3ee-fae1153adc23\" data-dt-img-description=\"\" data-large_image_width=\"1131\" data-large_image_height=\"1600\"href='https:\/\/www.radiopiu.net\/wordpress\/wp-content\/uploads\/2024\/10\/c8fab2c8-4352-4bfb-a3ee-fae1153adc23.jpg'><img loading=\"lazy\" decoding=\"async\" width=\"150\" height=\"150\" src=\"https:\/\/www.radiopiu.net\/wordpress\/wp-content\/uploads\/2024\/10\/c8fab2c8-4352-4bfb-a3ee-fae1153adc23-150x150.jpg\" class=\"attachment-thumbnail size-thumbnail\" alt=\"\" aria-describedby=\"gallery-2-417436\" \/><\/a>\n\t\t\t\t<\/dt>\n\t\t\t\t\t<dd class='wp-caption-text gallery-caption' id='gallery-2-417436'>\n\t\t\t\t\tCASTAGNATA A LA VALLE\n\t\t\t\t\t<\/dd><\/dl><dl class='gallery-item'>\n\t\t\t\t<dt class='gallery-icon portrait'>\n\t\t\t\t\t<a class=\"rollover rollover-zoom dt-pswp-item\" title=\"Esoterismo islamico Taddeo Bez 15 e 22 novembre 2024\" data-dt-img-description=\"\" data-large_image_width=\"1447\" data-large_image_height=\"2048\"href='https:\/\/www.radiopiu.net\/wordpress\/wp-content\/uploads\/2024\/11\/Esoterismo-islamico-Taddeo-Bez-15-e-22-novembre-2024.jpg'><img loading=\"lazy\" decoding=\"async\" width=\"150\" height=\"150\" src=\"https:\/\/www.radiopiu.net\/wordpress\/wp-content\/uploads\/2024\/11\/Esoterismo-islamico-Taddeo-Bez-15-e-22-novembre-2024-150x150.jpg\" class=\"attachment-thumbnail size-thumbnail\" alt=\"\" aria-describedby=\"gallery-2-417756\" \/><\/a>\n\t\t\t\t<\/dt>\n\t\t\t\t\t<dd class='wp-caption-text gallery-caption' id='gallery-2-417756'>\n\t\t\t\t\tAL CENTRO LA TERRA DEI PADRI\n\t\t\t\t\t<\/dd><\/dl><dl class='gallery-item'>\n\t\t\t\t<dt class='gallery-icon portrait'>\n\t\t\t\t\t<a class=\"rollover rollover-zoom dt-pswp-item\" title=\"892c7713-1201-42b0-b257-3bd45f0132bb\" data-dt-img-description=\"\" data-large_image_width=\"1118\" data-large_image_height=\"1600\"href='https:\/\/www.radiopiu.net\/wordpress\/wp-content\/uploads\/2024\/11\/892c7713-1201-42b0-b257-3bd45f0132bb.jpg'><img loading=\"lazy\" decoding=\"async\" width=\"150\" height=\"150\" src=\"https:\/\/www.radiopiu.net\/wordpress\/wp-content\/uploads\/2024\/11\/892c7713-1201-42b0-b257-3bd45f0132bb-150x150.jpg\" class=\"attachment-thumbnail size-thumbnail\" alt=\"\" aria-describedby=\"gallery-2-418091\" \/><\/a>\n\t\t\t\t<\/dt>\n\t\t\t\t\t<dd class='wp-caption-text gallery-caption' id='gallery-2-418091'>\n\t\t\t\t\tCASTAGNATA AD ARABBA\n\t\t\t\t\t<\/dd><\/dl><dl class='gallery-item'>\n\t\t\t\t<dt class='gallery-icon portrait'>\n\t\t\t\t\t<a class=\"rollover rollover-zoom dt-pswp-item\" title=\"b5f73050-ea2e-4c37-9da9-9c084f81ceee\" data-dt-img-description=\"\" data-large_image_width=\"1131\" data-large_image_height=\"1600\"href='https:\/\/www.radiopiu.net\/wordpress\/wp-content\/uploads\/2024\/11\/b5f73050-ea2e-4c37-9da9-9c084f81ceee.jpg'><img loading=\"lazy\" decoding=\"async\" width=\"150\" height=\"150\" src=\"https:\/\/www.radiopiu.net\/wordpress\/wp-content\/uploads\/2024\/11\/b5f73050-ea2e-4c37-9da9-9c084f81ceee-150x150.jpg\" class=\"attachment-thumbnail size-thumbnail\" alt=\"\" aria-describedby=\"gallery-2-418292\" \/><\/a>\n\t\t\t\t<\/dt>\n\t\t\t\t\t<dd class='wp-caption-text gallery-caption' id='gallery-2-418292'>\n\t\t\t\t\tSABATO ALLEGHE &#8211; DOBBIACO\n\t\t\t\t\t<\/dd><\/dl><br style=\"clear: both\" \/><dl class='gallery-item'>\n\t\t\t\t<dt class='gallery-icon landscape'>\n\t\t\t\t\t<a class=\"rollover rollover-zoom dt-pswp-item\" title=\"PUCCINI Ponte Nelle Alpi\" data-dt-img-description=\"\" data-large_image_width=\"1440\" data-large_image_height=\"1440\"href='https:\/\/www.radiopiu.net\/wordpress\/wp-content\/uploads\/2024\/11\/PUCCINI-Ponte-Nelle-Alpi.jpg'><img loading=\"lazy\" decoding=\"async\" width=\"150\" height=\"150\" src=\"https:\/\/www.radiopiu.net\/wordpress\/wp-content\/uploads\/2024\/11\/PUCCINI-Ponte-Nelle-Alpi-150x150.jpg\" class=\"attachment-thumbnail size-thumbnail\" alt=\"\" aria-describedby=\"gallery-2-418509\" srcset=\"https:\/\/www.radiopiu.net\/wordpress\/wp-content\/uploads\/2024\/11\/PUCCINI-Ponte-Nelle-Alpi-150x150.jpg 150w, https:\/\/www.radiopiu.net\/wordpress\/wp-content\/uploads\/2024\/11\/PUCCINI-Ponte-Nelle-Alpi-300x300.jpg 300w, https:\/\/www.radiopiu.net\/wordpress\/wp-content\/uploads\/2024\/11\/PUCCINI-Ponte-Nelle-Alpi-1024x1024.jpg 1024w, https:\/\/www.radiopiu.net\/wordpress\/wp-content\/uploads\/2024\/11\/PUCCINI-Ponte-Nelle-Alpi-768x768.jpg 768w, https:\/\/www.radiopiu.net\/wordpress\/wp-content\/uploads\/2024\/11\/PUCCINI-Ponte-Nelle-Alpi.jpg 1440w\" sizes=\"auto, (max-width: 150px) 100vw, 150px\" \/><\/a>\n\t\t\t\t<\/dt>\n\t\t\t\t\t<dd class='wp-caption-text gallery-caption' id='gallery-2-418509'>\n\t\t\t\t\tLA BOHEME A PONTE NELLE ALPI\n\t\t\t\t\t<\/dd><\/dl><dl class='gallery-item'>\n\t\t\t\t<dt class='gallery-icon portrait'>\n\t\t\t\t\t<a class=\"rollover rollover-zoom dt-pswp-item\" title=\"d000b47a-efc8-4f75-b6e4-79170d053eeb\" data-dt-img-description=\"\" data-large_image_width=\"719\" data-large_image_height=\"990\"href='https:\/\/www.radiopiu.net\/wordpress\/wp-content\/uploads\/2024\/11\/d000b47a-efc8-4f75-b6e4-79170d053eeb.jpg'><img loading=\"lazy\" decoding=\"async\" width=\"150\" height=\"150\" src=\"https:\/\/www.radiopiu.net\/wordpress\/wp-content\/uploads\/2024\/11\/d000b47a-efc8-4f75-b6e4-79170d053eeb-150x150.jpg\" class=\"attachment-thumbnail size-thumbnail\" alt=\"\" aria-describedby=\"gallery-2-418521\" \/><\/a>\n\t\t\t\t<\/dt>\n\t\t\t\t\t<dd class='wp-caption-text gallery-caption' id='gallery-2-418521'>\n\t\t\t\t\tGARA DI BRISCOLA AD AGORDO\n\t\t\t\t\t<\/dd><\/dl>\n\t\t\t\t<br style='clear: both' \/>\n\t\t\t<\/div>\n\n<p>&nbsp;<\/p>\n<\/div>\n<\/div>\n<\/div>\n<p>&nbsp;<\/p>\n<hr \/>\n<p>&nbsp;<\/p>\n<p class=\"mceTemp\"><a class=\"dt-pswp-item\" href=\"https:\/\/www.radiopiu.net\/wordpress\/wp-content\/uploads\/2018\/09\/WhatsApp-Image-2018-09-20-at-16.04.06.jpeg\" data-dt-img-description=\"\" data-large_image_width=\"800\" data-large_image_height=\"100\"><img loading=\"lazy\" decoding=\"async\" class=\"wp-image-61378 size-full aligncenter\" src=\"https:\/\/www.radiopiu.net\/wordpress\/wp-content\/uploads\/2018\/09\/WhatsApp-Image-2018-09-20-at-16.04.06.jpeg\" alt=\"\" width=\"800\" height=\"100\" srcset=\"https:\/\/www.radiopiu.net\/wordpress\/wp-content\/uploads\/2018\/09\/WhatsApp-Image-2018-09-20-at-16.04.06.jpeg 800w, https:\/\/www.radiopiu.net\/wordpress\/wp-content\/uploads\/2018\/09\/WhatsApp-Image-2018-09-20-at-16.04.06-300x38.jpeg 300w, https:\/\/www.radiopiu.net\/wordpress\/wp-content\/uploads\/2018\/09\/WhatsApp-Image-2018-09-20-at-16.04.06-768x96.jpeg 768w\" sizes=\"auto, (max-width: 800px) 100vw, 800px\" \/><\/a><\/p>\n<p><center><\/center><center><\/center>&nbsp;<\/p>\n<p><center><\/center><b>OGGI: <\/b>Ancora tempo stabile con cielo sereno o al pi\u00f9 poco nuvoloso per velature, a tratti estese tra pomeriggio e sera. Durante le ore pi\u00f9 fredde possibili foschie o nebbie in qualche fondovalle prealpini.<br \/>\n<b>Precipitazioni: <\/b>Assenti\u00a0 <b>Temperature: <\/b>Temperature pressoch\u00e8 stazionarie in quota, in lieve calo al di sotto dei 2000 m<\/p>\n<p>&nbsp;<\/p>\n<hr \/>\n<p><center><\/center><b>DOMANI: <\/b>Cielo poco nuvoloso per velature a tratti estese fino a cielo velato specie durante le ore centrali. Permane la possibilit\u00e0 di foschie\/nebbie fino al primo mattino in alcuni fondovalle prealpini.<br \/>\n<b>Precipitazioni: <\/b>Assenti <b>Temperature: <\/b>Temperature stazionarie o in lieve aumento.<\/p>\n<p>&nbsp;<\/p>\n<hr \/>\n<p><center><\/center><strong>DOMENICA<\/strong> Tempo stabile con cielo sereno o al pi\u00f9 poco nuvoloso per qualche velatura specie fino al mattino e sui settori prealpini occidentali. Aria tersa ed ottima visibilit\u00e0. Temperature minime stazionarie o in lieve calo a fondovalle, massime stazionarie o in lieve aumento.<\/p>\n<hr \/>\n<p><center><\/center><strong>LUNEDI<\/strong> Cielo sereno o al pi\u00f9 poco nuvoloso con qualche foschia o banco di nebbia fino al primo mattino nei fondovalle prealpini. Dalla sera tendenza ad aumento della nuvolosit\u00e0. Temperature in lieve calo.<\/p>\n<p>&nbsp;<\/p>\n<hr \/>\n<p>&nbsp;<\/p>\n<p>&nbsp;<\/p>\n<p class=\"mceTemp\"><a class=\"dt-pswp-item\" href=\"https:\/\/www.radiopiu.net\/wordpress\/wp-content\/uploads\/2018\/09\/sport.jpg\" data-dt-img-description=\"\" data-large_image_width=\"800\" data-large_image_height=\"100\"><img loading=\"lazy\" decoding=\"async\" class=\"aligncenter wp-image-60761 size-full\" src=\"https:\/\/www.radiopiu.net\/wordpress\/wp-content\/uploads\/2018\/09\/sport.jpg\" alt=\"\" width=\"800\" height=\"100\" srcset=\"https:\/\/www.radiopiu.net\/wordpress\/wp-content\/uploads\/2018\/09\/sport.jpg 800w, https:\/\/www.radiopiu.net\/wordpress\/wp-content\/uploads\/2018\/09\/sport-300x38.jpg 300w, https:\/\/www.radiopiu.net\/wordpress\/wp-content\/uploads\/2018\/09\/sport-768x96.jpg 768w\" sizes=\"auto, (max-width: 800px) 100vw, 800px\" \/><\/a><span style=\"color: #0000ff;\"><strong>\u00a0 \u00a0 \u00a0 \u00a0 \u00a0<\/strong><\/span><\/p>\n<p>&nbsp;<\/p>\n<p><span style=\"color: #0000ff;\"><strong>CALCIO<\/strong><\/span><\/p>\n<blockquote>\n<h3>CALCIO VETERANI BELLUNO DONANO 2 MILA EURO A POLLICINO<\/h3>\n<\/blockquote>\n<p><strong><a class=\"dt-pswp-item\" href=\"https:\/\/www.radiopiu.net\/wordpress\/wp-content\/uploads\/2024\/11\/Consegna-assegno-ACV-Belluno-Collarin.jpg\" data-dt-img-description=\"\" data-large_image_width=\"1258\" data-large_image_height=\"751\"><img loading=\"lazy\" decoding=\"async\" class=\" wp-image-418529 alignleft\" src=\"https:\/\/www.radiopiu.net\/wordpress\/wp-content\/uploads\/2024\/11\/Consegna-assegno-ACV-Belluno-Collarin-300x179.jpg\" alt=\"\" width=\"184\" height=\"110\" srcset=\"https:\/\/www.radiopiu.net\/wordpress\/wp-content\/uploads\/2024\/11\/Consegna-assegno-ACV-Belluno-Collarin-300x179.jpg 300w, https:\/\/www.radiopiu.net\/wordpress\/wp-content\/uploads\/2024\/11\/Consegna-assegno-ACV-Belluno-Collarin-1024x611.jpg 1024w, https:\/\/www.radiopiu.net\/wordpress\/wp-content\/uploads\/2024\/11\/Consegna-assegno-ACV-Belluno-Collarin-768x458.jpg 768w, https:\/\/www.radiopiu.net\/wordpress\/wp-content\/uploads\/2024\/11\/Consegna-assegno-ACV-Belluno-Collarin.jpg 1258w\" sizes=\"auto, (max-width: 184px) 100vw, 184px\" \/><\/a>BELLUNO<\/strong> Il Consiglio Direttivo dell&#8217;Associazione Calcio Veterani Belluno ha donato 2.000 euro all&#8217;Associazione Pollicino per sostenere la gestione e manutenzione della Casa Alloggio Pollicino di Petrosani, in Romania, dove sono ospitati 70 bambini e adolescenti disabili o in grave disagio sociale. La donazione \u00e8 nata dall\u2019esperienza vissuta dai veterani circa dieci anni fa, durante una partita di beneficenza in Romania. Il recente memorial Paolo Zampieri, svoltosi il 14 settembre a Ponte nelle Alpi, ha rinnovato il legame con l\u2019Associazione Pollicino. Al torneo quadrangolare hanno partecipato squadre italiane e francesi, e i fondi raccolti sono stati consegnati dal presidente Paolo Tramontin al segretario e fondatore di Pollicino, Enrico Collarin.<\/p>\n<p>&nbsp;<\/p>\n<p>&nbsp;<\/p>\n<hr \/>\n<p>&nbsp;<\/p>\n<h2><span style=\"color: #008000;\">GOODBYE BY BICICLE&#8230;UN VIAGGIO DALL&#8217;INDIA A SEREN DEL GRAPPA IN BICICLETTA<\/span><\/h2>\n<p><span style=\"color: #ff0000;\"><strong>PUNTATA 35 &#8211; SI AVVICINA L&#8217;INVERNO E LE GIORNATE SI ACCORCIANO<\/strong><\/span><\/p>\n<audio class=\"wp-audio-shortcode\" id=\"audio-418360-22\" preload=\"none\" style=\"width: 100%;\" controls=\"controls\"><source type=\"audio\/mpeg\" src=\"https:\/\/www.radiopiu.net\/wordpress\/wp-content\/uploads\/2024\/10\/AIRE-INDIA-PUNTATA-35.mp3?_=22\" \/><a href=\"https:\/\/www.radiopiu.net\/wordpress\/wp-content\/uploads\/2024\/10\/AIRE-INDIA-PUNTATA-35.mp3\">https:\/\/www.radiopiu.net\/wordpress\/wp-content\/uploads\/2024\/10\/AIRE-INDIA-PUNTATA-35.mp3<\/a><\/audio>\n<p>&nbsp;<\/p>\n<p><strong>PER VISITARE I SITI DEI LUOGHI VISITATI, CLICCA SULLE SEGUENTI SCRITTE: <span style=\"color: #3366ff;\"><a href=\"https:\/\/www.dauniavventura.com\/\">DAUNIA AVVENTURA<\/a>\u00a0 \u00a0<a href=\"https:\/\/www.naturalfarmshizen.org\/\">NATURAL FARM SHIZEN\u00a0<\/a> \u00a0<a href=\"https:\/\/www.terramore.org\/chi-siamo\/\">TERRAMORE<\/a>\u00a0 \u00a0<a href=\"https:\/\/viaverdedeitrabocchi.info\/\">VIA VERDE DEI TIRABOCCHI<\/a><\/span><\/strong><\/p>\n<p>&nbsp;<\/p>\n\n\t\t\t<style type='text\/css'>\n\t\t\t\t#gallery-3 {\n\t\t\t\t\tmargin: auto;\n\t\t\t\t}\n\t\t\t\t#gallery-3 .gallery-item {\n\t\t\t\t\tfloat: left;\n\t\t\t\t\tmargin-top: 10px;\n\t\t\t\t\ttext-align: center;\n\t\t\t\t\twidth: 16%;\n\t\t\t\t}\n\t\t\t\t#gallery-3 img {\n\t\t\t\t\tborder: 2px solid #cfcfcf;\n\t\t\t\t}\n\t\t\t\t#gallery-3 .gallery-caption {\n\t\t\t\t\tmargin-left: 0;\n\t\t\t\t}\n\t\t\t\t\/* see gallery_shortcode() in wp-includes\/media.php *\/\n\t\t\t<\/style>\n\t\t<div id='gallery-3' class='dt-gallery-container gallery galleryid-418360 gallery-columns-6 gallery-size-thumbnail'><dl class='gallery-item'>\n\t\t\t\t<dt class='gallery-icon landscape'>\n\t\t\t\t\t<a class=\"rollover rollover-zoom dt-pswp-item\" title=\"47fe36cb-c182-47e3-8c4d-6ce0f8787d77\" data-dt-img-description=\"\" data-large_image_width=\"1600\" data-large_image_height=\"1200\"href='https:\/\/www.radiopiu.net\/wordpress\/wp-content\/uploads\/2024\/10\/47fe36cb-c182-47e3-8c4d-6ce0f8787d77.jpg'><img loading=\"lazy\" decoding=\"async\" width=\"150\" height=\"150\" src=\"https:\/\/www.radiopiu.net\/wordpress\/wp-content\/uploads\/2024\/10\/47fe36cb-c182-47e3-8c4d-6ce0f8787d77-150x150.jpg\" class=\"attachment-thumbnail size-thumbnail\" alt=\"\" \/><\/a>\n\t\t\t\t<\/dt><\/dl><dl class='gallery-item'>\n\t\t\t\t<dt class='gallery-icon landscape'>\n\t\t\t\t\t<a class=\"rollover rollover-zoom dt-pswp-item\" title=\"ec2fc2aa-a463-4928-b82b-5c8384aaf625\" data-dt-img-description=\"\" data-large_image_width=\"1600\" data-large_image_height=\"1200\"href='https:\/\/www.radiopiu.net\/wordpress\/wp-content\/uploads\/2024\/10\/ec2fc2aa-a463-4928-b82b-5c8384aaf625.jpg'><img loading=\"lazy\" decoding=\"async\" width=\"150\" height=\"150\" src=\"https:\/\/www.radiopiu.net\/wordpress\/wp-content\/uploads\/2024\/10\/ec2fc2aa-a463-4928-b82b-5c8384aaf625-150x150.jpg\" class=\"attachment-thumbnail size-thumbnail\" alt=\"\" \/><\/a>\n\t\t\t\t<\/dt><\/dl><dl class='gallery-item'>\n\t\t\t\t<dt class='gallery-icon landscape'>\n\t\t\t\t\t<a class=\"rollover rollover-zoom dt-pswp-item\" title=\"960fcb5a-e1fd-4208-a9b2-3ad5649eb344\" data-dt-img-description=\"\" data-large_image_width=\"1600\" data-large_image_height=\"1200\"href='https:\/\/www.radiopiu.net\/wordpress\/wp-content\/uploads\/2024\/10\/960fcb5a-e1fd-4208-a9b2-3ad5649eb344.jpg'><img loading=\"lazy\" decoding=\"async\" width=\"150\" height=\"150\" src=\"https:\/\/www.radiopiu.net\/wordpress\/wp-content\/uploads\/2024\/10\/960fcb5a-e1fd-4208-a9b2-3ad5649eb344-150x150.jpg\" class=\"attachment-thumbnail size-thumbnail\" alt=\"\" \/><\/a>\n\t\t\t\t<\/dt><\/dl><dl class='gallery-item'>\n\t\t\t\t<dt class='gallery-icon landscape'>\n\t\t\t\t\t<a class=\"rollover rollover-zoom dt-pswp-item\" title=\"7833f891-585e-446b-9261-1ba3e8f76d18\" data-dt-img-description=\"\" data-large_image_width=\"1600\" data-large_image_height=\"1200\"href='https:\/\/www.radiopiu.net\/wordpress\/wp-content\/uploads\/2024\/10\/7833f891-585e-446b-9261-1ba3e8f76d18.jpg'><img loading=\"lazy\" decoding=\"async\" width=\"150\" height=\"150\" src=\"https:\/\/www.radiopiu.net\/wordpress\/wp-content\/uploads\/2024\/10\/7833f891-585e-446b-9261-1ba3e8f76d18-150x150.jpg\" class=\"attachment-thumbnail size-thumbnail\" alt=\"\" \/><\/a>\n\t\t\t\t<\/dt><\/dl><dl class='gallery-item'>\n\t\t\t\t<dt class='gallery-icon portrait'>\n\t\t\t\t\t<a class=\"rollover rollover-zoom dt-pswp-item\" title=\"9a17765d-a4cd-49bf-8f84-520eb614ab6f\" data-dt-img-description=\"\" data-large_image_width=\"1200\" data-large_image_height=\"1600\"href='https:\/\/www.radiopiu.net\/wordpress\/wp-content\/uploads\/2024\/10\/9a17765d-a4cd-49bf-8f84-520eb614ab6f.jpg'><img loading=\"lazy\" decoding=\"async\" width=\"150\" height=\"150\" src=\"https:\/\/www.radiopiu.net\/wordpress\/wp-content\/uploads\/2024\/10\/9a17765d-a4cd-49bf-8f84-520eb614ab6f-150x150.jpg\" class=\"attachment-thumbnail size-thumbnail\" alt=\"\" \/><\/a>\n\t\t\t\t<\/dt><\/dl><dl class='gallery-item'>\n\t\t\t\t<dt class='gallery-icon landscape'>\n\t\t\t\t\t<a class=\"rollover rollover-zoom dt-pswp-item\" title=\"ab784236-b7e8-42dc-8d59-bae0789552f8\" data-dt-img-description=\"\" data-large_image_width=\"1600\" data-large_image_height=\"1200\"href='https:\/\/www.radiopiu.net\/wordpress\/wp-content\/uploads\/2024\/10\/ab784236-b7e8-42dc-8d59-bae0789552f8.jpg'><img loading=\"lazy\" decoding=\"async\" width=\"150\" height=\"150\" src=\"https:\/\/www.radiopiu.net\/wordpress\/wp-content\/uploads\/2024\/10\/ab784236-b7e8-42dc-8d59-bae0789552f8-150x150.jpg\" class=\"attachment-thumbnail size-thumbnail\" alt=\"\" \/><\/a>\n\t\t\t\t<\/dt><\/dl><br style=\"clear: both\" \/>\n\t\t\t<\/div>\n\n<p>&nbsp;<\/p>\n<h2>LA RACCOLTA COMPLETA <a href=\"https:\/\/www.radiopiu.net\/wordpress\/goodbye-by-bicicle-un-viaggio-dallindia-a-seren-del-grappa-in-bicicletta-35\/\"><span style=\"color: #3366ff;\">CLICCA QUI<\/span><\/a><\/h2>\n<p>&nbsp;<\/p>\n<p>&nbsp;<\/p>\n<p>&nbsp;<\/p>\n","protected":false},"excerpt":{"rendered":"<p>******* &nbsp; &nbsp; NO VANOI! RADIO PIU: SIAMO CON VOI, OLTRE 13MILA GRAZIE OGGI DALLE 18 DIRETTA SUI CANALI SOCIAL DI RADIOPIU, YOUTUBE_FACEBOOK_TELEGRAM Biennale di Venezia Archetipi tra le proiezioni Linguistica e neuroscientifica&#8230;. Venerdi 8 novembre dalle 18 nell&#8217;aula magna dell&#8217;Istituto Superiore Tommaso Catullo di via Garibaldi a Belluno. Pig&amp;Menti propone il dialogo tra il&hellip;<\/p>\n","protected":false},"author":4,"featured_media":418575,"comment_status":"closed","ping_status":"closed","sticky":false,"template":"","format":"standard","meta":{"_monsterinsights_skip_tracking":false,"_monsterinsights_sitenote_active":false,"_monsterinsights_sitenote_note":"","_monsterinsights_sitenote_category":0,"footnotes":""},"categories":[51,86,49],"tags":[],"class_list":["post-418360","post","type-post","status-publish","format-standard","has-post-thumbnail","hentry","category-evidenza-top","category-gr","category-news-18","category-51","category-86","category-49","description-off"],"img_url":"https:\/\/www.radiopiu.net\/wordpress\/wp-content\/uploads\/2024\/11\/Senza-nome-37.png","_links":{"self":[{"href":"https:\/\/www.radiopiu.net\/wordpress\/wp-json\/wp\/v2\/posts\/418360","targetHints":{"allow":["GET"]}}],"collection":[{"href":"https:\/\/www.radiopiu.net\/wordpress\/wp-json\/wp\/v2\/posts"}],"about":[{"href":"https:\/\/www.radiopiu.net\/wordpress\/wp-json\/wp\/v2\/types\/post"}],"author":[{"embeddable":true,"href":"https:\/\/www.radiopiu.net\/wordpress\/wp-json\/wp\/v2\/users\/4"}],"replies":[{"embeddable":true,"href":"https:\/\/www.radiopiu.net\/wordpress\/wp-json\/wp\/v2\/comments?post=418360"}],"version-history":[{"count":30,"href":"https:\/\/www.radiopiu.net\/wordpress\/wp-json\/wp\/v2\/posts\/418360\/revisions"}],"predecessor-version":[{"id":418626,"href":"https:\/\/www.radiopiu.net\/wordpress\/wp-json\/wp\/v2\/posts\/418360\/revisions\/418626"}],"wp:featuredmedia":[{"embeddable":true,"href":"https:\/\/www.radiopiu.net\/wordpress\/wp-json\/wp\/v2\/media\/418575"}],"wp:attachment":[{"href":"https:\/\/www.radiopiu.net\/wordpress\/wp-json\/wp\/v2\/media?parent=418360"}],"wp:term":[{"taxonomy":"category","embeddable":true,"href":"https:\/\/www.radiopiu.net\/wordpress\/wp-json\/wp\/v2\/categories?post=418360"},{"taxonomy":"post_tag","embeddable":true,"href":"https:\/\/www.radiopiu.net\/wordpress\/wp-json\/wp\/v2\/tags?post=418360"}],"curies":[{"name":"wp","href":"https:\/\/api.w.org\/{rel}","templated":true}]}}