{"id":418379,"date":"2024-11-07T05:35:10","date_gmt":"2024-11-07T04:35:10","guid":{"rendered":"https:\/\/www.radiopiu.net\/wordpress\/?p=418379"},"modified":"2024-11-07T05:37:51","modified_gmt":"2024-11-07T04:37:51","slug":"lamon-in-lutto-per-la-scomparsa-di-giosue-bellotto","status":"publish","type":"post","link":"https:\/\/www.radiopiu.net\/wordpress\/lamon-in-lutto-per-la-scomparsa-di-giosue-bellotto\/","title":{"rendered":"Lamon in Lutto per la Scomparsa di Giosu\u00e8 Bellotto"},"content":{"rendered":"<div dir=\"auto\">\n<blockquote>\n<h2>***<\/h2>\n<p>&nbsp;<\/p><\/blockquote>\n<\/div>\n<div dir=\"auto\">\n<div class=\"flex max-w-full flex-col flex-grow\">\n<div class=\"min-h-8 text-message flex w-full flex-col items-end gap-2 whitespace-normal break-words [.text-message+&amp;]:mt-5\" dir=\"auto\" data-message-author-role=\"assistant\" data-message-id=\"d9c1d882-83e6-4777-93e3-c6e2b8c8db5c\" data-message-model-slug=\"gpt-4o\">\n<div class=\"flex w-full flex-col gap-1 empty:hidden first:pt-[3px]\">\n<div class=\"markdown prose w-full break-words dark:prose-invert dark\">\n<p><a class=\"dt-pswp-item\" href=\"https:\/\/www.radiopiu.net\/wordpress\/wp-content\/uploads\/2024\/11\/Senza-nome-30.png\" data-dt-img-description=\"\" data-large_image_width=\"288\" data-large_image_height=\"316\"><img loading=\"lazy\" decoding=\"async\" class=\"wp-image-418377 alignleft\" src=\"https:\/\/www.radiopiu.net\/wordpress\/wp-content\/uploads\/2024\/11\/Senza-nome-30-273x300.png\" alt=\"\" width=\"142\" height=\"156\" srcset=\"https:\/\/www.radiopiu.net\/wordpress\/wp-content\/uploads\/2024\/11\/Senza-nome-30-273x300.png 273w, https:\/\/www.radiopiu.net\/wordpress\/wp-content\/uploads\/2024\/11\/Senza-nome-30.png 288w\" sizes=\"auto, (max-width: 142px) 100vw, 142px\" \/><\/a><strong>LAMON <\/strong>La comunit\u00e0 di Lamon piange la scomparsa di Giosu\u00e8 Bellotto, venuto a mancare ieri all&#8217;et\u00e0 di 90 anni. Storico commerciante, Bellotto aveva gestito l&#8217;attivit\u00e0 di famiglia in via Resenterra, avviata nel 1955, fino alla chiusura di pochi anni fa. Dopo la perdita della moglie nel 1997, aveva continuato a lavorare, adattandosi ai tempi con servizi moderni come il Superenalotto, attirando anche una clientela giovane. Figura stimata e benvoluta, Giosu\u00e8 era padre di Stefano e Daniele, noti per i successi nell&#8217;atletica e nel calcio. Questa sera si terr\u00e0 un rosario alle 20, mentre i funerali si svolgeranno domani alle 15 nella chiesa parrocchiale.<\/p>\n<\/div>\n<\/div>\n<\/div>\n<\/div>\n<\/div>\n<p>&nbsp;<\/p>\n<p>&nbsp;<\/p>\n<p>&nbsp;<\/p>\n<p>&nbsp;<\/p>\n<p>&nbsp;<\/p>\n<hr \/>\n<div dir=\"auto\">\n<div class=\"mb-2 flex gap-3 empty:hidden -ml-2\">\n<div class=\"items-center justify-start rounded-xl p-1 flex\">\n<div class=\"flex items-center\">\n<div class=\"flex items-center pb-0\"><\/div>\n<\/div>\n<\/div>\n<\/div>\n<\/div>\n","protected":false},"excerpt":{"rendered":"<p>*** &nbsp; LAMON La comunit\u00e0 di Lamon piange la scomparsa di Giosu\u00e8 Bellotto, venuto a mancare ieri all&#8217;et\u00e0 di 90 anni. Storico commerciante, Bellotto aveva gestito l&#8217;attivit\u00e0 di famiglia in via Resenterra, avviata nel 1955, fino alla chiusura di pochi anni fa. Dopo la perdita della moglie nel 1997, aveva continuato a lavorare, adattandosi ai&hellip;<\/p>\n","protected":false},"author":4,"featured_media":418377,"comment_status":"closed","ping_status":"closed","sticky":false,"template":"","format":"standard","meta":{"_monsterinsights_skip_tracking":false,"_monsterinsights_sitenote_active":false,"_monsterinsights_sitenote_note":"","_monsterinsights_sitenote_category":0,"footnotes":""},"categories":[51,49],"tags":[],"class_list":["post-418379","post","type-post","status-publish","format-standard","has-post-thumbnail","hentry","category-evidenza-top","category-news-18","category-51","category-49","description-off"],"img_url":"https:\/\/www.radiopiu.net\/wordpress\/wp-content\/uploads\/2024\/11\/Senza-nome-30.png","_links":{"self":[{"href":"https:\/\/www.radiopiu.net\/wordpress\/wp-json\/wp\/v2\/posts\/418379","targetHints":{"allow":["GET"]}}],"collection":[{"href":"https:\/\/www.radiopiu.net\/wordpress\/wp-json\/wp\/v2\/posts"}],"about":[{"href":"https:\/\/www.radiopiu.net\/wordpress\/wp-json\/wp\/v2\/types\/post"}],"author":[{"embeddable":true,"href":"https:\/\/www.radiopiu.net\/wordpress\/wp-json\/wp\/v2\/users\/4"}],"replies":[{"embeddable":true,"href":"https:\/\/www.radiopiu.net\/wordpress\/wp-json\/wp\/v2\/comments?post=418379"}],"version-history":[{"count":1,"href":"https:\/\/www.radiopiu.net\/wordpress\/wp-json\/wp\/v2\/posts\/418379\/revisions"}],"predecessor-version":[{"id":418381,"href":"https:\/\/www.radiopiu.net\/wordpress\/wp-json\/wp\/v2\/posts\/418379\/revisions\/418381"}],"wp:featuredmedia":[{"embeddable":true,"href":"https:\/\/www.radiopiu.net\/wordpress\/wp-json\/wp\/v2\/media\/418377"}],"wp:attachment":[{"href":"https:\/\/www.radiopiu.net\/wordpress\/wp-json\/wp\/v2\/media?parent=418379"}],"wp:term":[{"taxonomy":"category","embeddable":true,"href":"https:\/\/www.radiopiu.net\/wordpress\/wp-json\/wp\/v2\/categories?post=418379"},{"taxonomy":"post_tag","embeddable":true,"href":"https:\/\/www.radiopiu.net\/wordpress\/wp-json\/wp\/v2\/tags?post=418379"}],"curies":[{"name":"wp","href":"https:\/\/api.w.org\/{rel}","templated":true}]}}