{"id":418480,"date":"2024-11-07T15:12:24","date_gmt":"2024-11-07T14:12:24","guid":{"rendered":"https:\/\/www.radiopiu.net\/wordpress\/?p=418480"},"modified":"2024-11-07T15:12:24","modified_gmt":"2024-11-07T14:12:24","slug":"il-presidente-della-camera-di-commercio-di-belluno-e-treviso-incontra-il-questore-di-treviso","status":"publish","type":"post","link":"https:\/\/www.radiopiu.net\/wordpress\/il-presidente-della-camera-di-commercio-di-belluno-e-treviso-incontra-il-questore-di-treviso\/","title":{"rendered":"IL PRESIDENTE DELLA CAMERA DI COMMERCIO DI BELLUNO E TREVISO INCONTRA IL QUESTORE DI TREVISO"},"content":{"rendered":"<p>******<\/p>\n<p>&nbsp;<\/p>\n<p><strong><a class=\"dt-pswp-item\" href=\"https:\/\/www.radiopiu.net\/wordpress\/wp-content\/uploads\/2024\/11\/Presidente-Pozza-Questore-Simone.jpg\" data-dt-img-description=\"\" data-large_image_width=\"1280\" data-large_image_height=\"1273\"><img loading=\"lazy\" decoding=\"async\" class=\" wp-image-418481 alignleft\" src=\"https:\/\/www.radiopiu.net\/wordpress\/wp-content\/uploads\/2024\/11\/Presidente-Pozza-Questore-Simone-300x298.jpg\" alt=\"\" width=\"152\" height=\"151\" srcset=\"https:\/\/www.radiopiu.net\/wordpress\/wp-content\/uploads\/2024\/11\/Presidente-Pozza-Questore-Simone-300x298.jpg 300w, https:\/\/www.radiopiu.net\/wordpress\/wp-content\/uploads\/2024\/11\/Presidente-Pozza-Questore-Simone-1024x1018.jpg 1024w, https:\/\/www.radiopiu.net\/wordpress\/wp-content\/uploads\/2024\/11\/Presidente-Pozza-Questore-Simone-150x150.jpg 150w, https:\/\/www.radiopiu.net\/wordpress\/wp-content\/uploads\/2024\/11\/Presidente-Pozza-Questore-Simone-768x764.jpg 768w, https:\/\/www.radiopiu.net\/wordpress\/wp-content\/uploads\/2024\/11\/Presidente-Pozza-Questore-Simone.jpg 1280w\" sizes=\"auto, (max-width: 152px) 100vw, 152px\" \/><\/a>TREVISO <\/strong>Il Presidente Pozza ha incontrato presso la sede camerale, il Questore della Provincia di Treviso Dott.ssa Alessandra Simone, Dirigente Superiore della Polizia di Stato, in un clima positivo e improntato alla collaborazione. Durante il colloquio \u00e8 emersa la volont\u00e0 condivisa di continuare il consolidato dialogo tra le Istituzioni, promuovendo una cooperazione orientata alla sicurezza delle imprese e della citt\u00e0 di Treviso. Entrambe le parti sono certe che la collaborazione contribuisca a rendere Treviso una citt\u00e0 sempre pi\u00f9 sicura e accogliente, tanto per i cittadini quanto per i turisti, rafforzando il contesto in cui le attivit\u00e0 economiche locali possano continuare a crescere e a fare buona impresa. Il Presidente Pozza ha invitato il Questore al prossimo Consiglio camerale per ascoltare le categorie economiche, espressione della realt\u00e0 economica trevigiana.<\/p>\n<p>&nbsp;<\/p>\n<p>&nbsp;<\/p>\n<p>********<\/p>\n","protected":false},"excerpt":{"rendered":"<p>****** &nbsp; TREVISO Il Presidente Pozza ha incontrato presso la sede camerale, il Questore della Provincia di Treviso Dott.ssa Alessandra Simone, Dirigente Superiore della Polizia di Stato, in un clima positivo e improntato alla collaborazione. Durante il colloquio \u00e8 emersa la volont\u00e0 condivisa di continuare il consolidato dialogo tra le Istituzioni, promuovendo una cooperazione orientata&hellip;<\/p>\n","protected":false},"author":4,"featured_media":418482,"comment_status":"closed","ping_status":"closed","sticky":false,"template":"","format":"standard","meta":{"_monsterinsights_skip_tracking":false,"_monsterinsights_sitenote_active":false,"_monsterinsights_sitenote_note":"","_monsterinsights_sitenote_category":0,"footnotes":""},"categories":[49],"tags":[],"class_list":["post-418480","post","type-post","status-publish","format-standard","has-post-thumbnail","hentry","category-news-18","category-49","description-off"],"img_url":"https:\/\/www.radiopiu.net\/wordpress\/wp-content\/uploads\/2024\/11\/JAHLoKAGHo.jpg","_links":{"self":[{"href":"https:\/\/www.radiopiu.net\/wordpress\/wp-json\/wp\/v2\/posts\/418480","targetHints":{"allow":["GET"]}}],"collection":[{"href":"https:\/\/www.radiopiu.net\/wordpress\/wp-json\/wp\/v2\/posts"}],"about":[{"href":"https:\/\/www.radiopiu.net\/wordpress\/wp-json\/wp\/v2\/types\/post"}],"author":[{"embeddable":true,"href":"https:\/\/www.radiopiu.net\/wordpress\/wp-json\/wp\/v2\/users\/4"}],"replies":[{"embeddable":true,"href":"https:\/\/www.radiopiu.net\/wordpress\/wp-json\/wp\/v2\/comments?post=418480"}],"version-history":[{"count":1,"href":"https:\/\/www.radiopiu.net\/wordpress\/wp-json\/wp\/v2\/posts\/418480\/revisions"}],"predecessor-version":[{"id":418483,"href":"https:\/\/www.radiopiu.net\/wordpress\/wp-json\/wp\/v2\/posts\/418480\/revisions\/418483"}],"wp:featuredmedia":[{"embeddable":true,"href":"https:\/\/www.radiopiu.net\/wordpress\/wp-json\/wp\/v2\/media\/418482"}],"wp:attachment":[{"href":"https:\/\/www.radiopiu.net\/wordpress\/wp-json\/wp\/v2\/media?parent=418480"}],"wp:term":[{"taxonomy":"category","embeddable":true,"href":"https:\/\/www.radiopiu.net\/wordpress\/wp-json\/wp\/v2\/categories?post=418480"},{"taxonomy":"post_tag","embeddable":true,"href":"https:\/\/www.radiopiu.net\/wordpress\/wp-json\/wp\/v2\/tags?post=418480"}],"curies":[{"name":"wp","href":"https:\/\/api.w.org\/{rel}","templated":true}]}}