{"id":418520,"date":"2024-11-08T05:51:33","date_gmt":"2024-11-08T04:51:33","guid":{"rendered":"https:\/\/www.radiopiu.net\/wordpress\/?p=418520"},"modified":"2024-11-08T07:40:52","modified_gmt":"2024-11-08T06:40:52","slug":"un-bus-navetta-per-i-funerali-di-mario-de-bon","status":"publish","type":"post","link":"https:\/\/www.radiopiu.net\/wordpress\/un-bus-navetta-per-i-funerali-di-mario-de-bon\/","title":{"rendered":"UN BUS NAVETTA PER I FUNERALI DI MARIO DE BON"},"content":{"rendered":"<p>******<\/p>\n<p><strong><a class=\"dt-pswp-item\" href=\"https:\/\/www.radiopiu.net\/wordpress\/wp-content\/uploads\/2024\/11\/mario-1.png\" data-dt-img-description=\"\" data-large_image_width=\"211\" data-large_image_height=\"231\"><img loading=\"lazy\" decoding=\"async\" class=\" wp-image-418530 alignleft\" src=\"https:\/\/www.radiopiu.net\/wordpress\/wp-content\/uploads\/2024\/11\/mario-1.png\" alt=\"\" width=\"115\" height=\"126\" \/><\/a>SOSPIROLO <\/strong>Domani alle 10.30 si terranno i funerali del sindaco Mario De Bon nella chiesa di Sospirolo. Per gestire l&#8217;afflusso e la viabilit\u00e0, il Comune ha predisposto un servizio navetta ogni dieci minuti tra i parcheggi di Pr\u00e0 de la Melia a Gron e il centro di Sospirolo, attivo dalle 9 alle 12.30. Piazza Lexy sar\u00e0 interdetta alle auto per garantire spazio alle navette. La Pro loco Monti del Sole e la protezione civile collaborano per accogliere oltre un migliaio di persone, con impianto audio esterno, posti a sedere aggiuntivi e volontari per la gestione del traffico. Diverse attivit\u00e0 commerciali chiuderanno per lutto<\/p>\n<p>&nbsp;<\/p>\n<p><a class=\"dt-pswp-item\" href=\"https:\/\/www.radiopiu.net\/wordpress\/wp-content\/uploads\/2024\/11\/c0f55fdc-2fdc-4c9f-a8f9-eb4fc60ca091.jpg\" data-dt-img-description=\"\" data-large_image_width=\"1080\" data-large_image_height=\"1470\"><img loading=\"lazy\" decoding=\"async\" class=\"size-medium wp-image-418620 aligncenter\" src=\"https:\/\/www.radiopiu.net\/wordpress\/wp-content\/uploads\/2024\/11\/c0f55fdc-2fdc-4c9f-a8f9-eb4fc60ca091-220x300.jpg\" alt=\"\" width=\"220\" height=\"300\" srcset=\"https:\/\/www.radiopiu.net\/wordpress\/wp-content\/uploads\/2024\/11\/c0f55fdc-2fdc-4c9f-a8f9-eb4fc60ca091-220x300.jpg 220w, https:\/\/www.radiopiu.net\/wordpress\/wp-content\/uploads\/2024\/11\/c0f55fdc-2fdc-4c9f-a8f9-eb4fc60ca091-752x1024.jpg 752w, https:\/\/www.radiopiu.net\/wordpress\/wp-content\/uploads\/2024\/11\/c0f55fdc-2fdc-4c9f-a8f9-eb4fc60ca091-768x1045.jpg 768w, https:\/\/www.radiopiu.net\/wordpress\/wp-content\/uploads\/2024\/11\/c0f55fdc-2fdc-4c9f-a8f9-eb4fc60ca091.jpg 1080w\" sizes=\"auto, (max-width: 220px) 100vw, 220px\" \/><\/a>*******<\/p>\n","protected":false},"excerpt":{"rendered":"<p>****** SOSPIROLO Domani alle 10.30 si terranno i funerali del sindaco Mario De Bon nella chiesa di Sospirolo. Per gestire l&#8217;afflusso e la viabilit\u00e0, il Comune ha predisposto un servizio navetta ogni dieci minuti tra i parcheggi di Pr\u00e0 de la Melia a Gron e il centro di Sospirolo, attivo dalle 9 alle 12.30. Piazza&hellip;<\/p>\n","protected":false},"author":4,"featured_media":418530,"comment_status":"closed","ping_status":"closed","sticky":false,"template":"","format":"standard","meta":{"_monsterinsights_skip_tracking":false,"_monsterinsights_sitenote_active":false,"_monsterinsights_sitenote_note":"","_monsterinsights_sitenote_category":0,"footnotes":""},"categories":[51,49],"tags":[],"class_list":["post-418520","post","type-post","status-publish","format-standard","has-post-thumbnail","hentry","category-evidenza-top","category-news-18","category-51","category-49","description-off"],"img_url":"https:\/\/www.radiopiu.net\/wordpress\/wp-content\/uploads\/2024\/11\/mario-1.png","_links":{"self":[{"href":"https:\/\/www.radiopiu.net\/wordpress\/wp-json\/wp\/v2\/posts\/418520","targetHints":{"allow":["GET"]}}],"collection":[{"href":"https:\/\/www.radiopiu.net\/wordpress\/wp-json\/wp\/v2\/posts"}],"about":[{"href":"https:\/\/www.radiopiu.net\/wordpress\/wp-json\/wp\/v2\/types\/post"}],"author":[{"embeddable":true,"href":"https:\/\/www.radiopiu.net\/wordpress\/wp-json\/wp\/v2\/users\/4"}],"replies":[{"embeddable":true,"href":"https:\/\/www.radiopiu.net\/wordpress\/wp-json\/wp\/v2\/comments?post=418520"}],"version-history":[{"count":3,"href":"https:\/\/www.radiopiu.net\/wordpress\/wp-json\/wp\/v2\/posts\/418520\/revisions"}],"predecessor-version":[{"id":418622,"href":"https:\/\/www.radiopiu.net\/wordpress\/wp-json\/wp\/v2\/posts\/418520\/revisions\/418622"}],"wp:featuredmedia":[{"embeddable":true,"href":"https:\/\/www.radiopiu.net\/wordpress\/wp-json\/wp\/v2\/media\/418530"}],"wp:attachment":[{"href":"https:\/\/www.radiopiu.net\/wordpress\/wp-json\/wp\/v2\/media?parent=418520"}],"wp:term":[{"taxonomy":"category","embeddable":true,"href":"https:\/\/www.radiopiu.net\/wordpress\/wp-json\/wp\/v2\/categories?post=418520"},{"taxonomy":"post_tag","embeddable":true,"href":"https:\/\/www.radiopiu.net\/wordpress\/wp-json\/wp\/v2\/tags?post=418520"}],"curies":[{"name":"wp","href":"https:\/\/api.w.org\/{rel}","templated":true}]}}