{"id":418541,"date":"2024-11-09T05:47:00","date_gmt":"2024-11-09T04:47:00","guid":{"rendered":"https:\/\/www.radiopiu.net\/wordpress\/?p=418541"},"modified":"2024-11-09T08:02:14","modified_gmt":"2024-11-09T07:02:14","slug":"giornale-radiopiu-09-novembre-2024-direttore-mirko-mezzacasada-41-anni-25-giugno-1983-25-giugno-2024","status":"publish","type":"post","link":"https:\/\/www.radiopiu.net\/wordpress\/giornale-radiopiu-09-novembre-2024-direttore-mirko-mezzacasada-41-anni-25-giugno-1983-25-giugno-2024\/","title":{"rendered":"GIORNALE RADIOPIU 09 NOVEMBRE 2024 DIRETTORE MIRKO MEZZACASA\u2026DA 41 ANNI 25 GIUGNO 1983-25 GIUGNO 2024"},"content":{"rendered":"<p>*******<\/p>\n<p>&nbsp;<\/p>\n<p>&nbsp;<\/p>\n<p><em><span style=\"color: #ff0000;\"><a class=\"dt-pswp-item\" href=\"https:\/\/www.radiopiu.net\/wordpress\/wp-content\/uploads\/2024\/10\/Senza-nome-8.png\" data-dt-img-description=\"\" data-large_image_width=\"343\" data-large_image_height=\"303\"><img loading=\"lazy\" decoding=\"async\" class=\"wp-image-412130 alignleft\" src=\"https:\/\/www.radiopiu.net\/wordpress\/wp-content\/uploads\/2024\/10\/Senza-nome-8-300x265.png\" alt=\"\" width=\"105\" height=\"93\" srcset=\"https:\/\/www.radiopiu.net\/wordpress\/wp-content\/uploads\/2024\/10\/Senza-nome-8-300x265.png 300w, https:\/\/www.radiopiu.net\/wordpress\/wp-content\/uploads\/2024\/10\/Senza-nome-8.png 343w\" sizes=\"auto, (max-width: 105px) 100vw, 105px\" \/><\/a><\/span><\/em><strong><em><span style=\"color: #ff0000;\"> LA\u00a0 APP PER IOS-IPHONE di Nicola Vettorello<\/span><\/em><\/strong><\/p>\n<p><strong><span style=\"color: #0000ff;\"><a style=\"color: #0000ff;\" href=\"https:\/\/apps.apple.com\/it\/app\/radio-pi%C3%B9-emittente-agordina\/id1515939845\">https:\/\/apps.apple.com\/it\/app\/radio-pi%C3%B9-emittente-agordina\/id1515939845<\/a><\/span><\/strong><\/p>\n<p><strong><em style=\"color: #ff0000;\">LA\u00a0 APP RADIO\u00a0 PER ANDROID di Nicola Vettorello<\/em><\/strong><\/p>\n<p><strong><span style=\"color: #0000ff;\"><a style=\"color: #0000ff;\" href=\"https:\/\/play.google.com\/store\/apps\/details?id=net.radiopiu.iniko\" target=\"_blank\" rel=\"noopener noreferrer\">https:\/\/<\/a><a style=\"color: #0000ff;\" href=\"https:\/\/play.google.com\/store\/apps\/details?id=net.radiopiu.iniko\" target=\"_blank\" rel=\"noopener noreferrer\">play.google.com\/store\/apps\/details?id=net.radiopiu.iniko\u00a0\u00a0\u00a0<\/a><\/span><\/strong><\/p>\n<p>&nbsp;<\/p>\n<p>&nbsp;<\/p>\n<hr \/>\n<p>&nbsp;<\/p>\n<p>&nbsp;<\/p>\n<p><strong>\u00a0<\/strong><\/p>\n<p><strong><a class=\"dt-pswp-item\" href=\"https:\/\/www.radiopiu.net\/wordpress\/wp-content\/uploads\/2024\/01\/DJ-JACK.png\" data-dt-img-description=\"\" data-large_image_width=\"666\" data-large_image_height=\"447\"><img loading=\"lazy\" decoding=\"async\" class=\" wp-image-370313 alignleft\" src=\"https:\/\/www.radiopiu.net\/wordpress\/wp-content\/uploads\/2024\/01\/DJ-JACK-300x201.png\" alt=\"\" width=\"216\" height=\"145\" srcset=\"https:\/\/www.radiopiu.net\/wordpress\/wp-content\/uploads\/2024\/01\/DJ-JACK-300x201.png 300w, https:\/\/www.radiopiu.net\/wordpress\/wp-content\/uploads\/2024\/01\/DJ-JACK.png 666w\" sizes=\"auto, (max-width: 216px) 100vw, 216px\" \/><\/a>OGGI ALLA RADIO&#8230;.<\/strong> <span style=\"color: #ff0000;\">ALLE 4 E ALLE 6<\/span> LE NOTIZIE DALL&#8217;ITALIA E DAL MONDO <span style=\"color: #ff0000;\"> 0500 <span style=\"color: #0000ff;\"><span style=\"color: #000000;\">l&#8217;almanacco della nostra gente con il MUSLA<\/span>\u00a0<\/span><\/span><span style=\"color: #ff0000;\"> 6.15<\/span> PIROLE DE LENGA A CURA DEL MUSLA <span style=\"color: #ff0000;\">7.20<\/span> EL BAL DEL FIORI, DETTI E TRADIZIONI DI GIULIANA DA RONCH <span style=\"color: #ff0000;\">8.05<\/span> LA RASSEGNA STAMPA LOCALE<span style=\"color: #ff0000;\"> 8.30 <span style=\"color: #000000;\">PIU&#8217; SIAMO CON MARINA DONA&#8217;<\/span><span style=\"color: #000000;\">\u00a0\u00a0<\/span> 900\u00a0<\/span><span style=\"color: #ff0000;\"><span style=\"color: #000000;\"> premier le novit\u00e0 musicali dalle case discografiche, di marco gaz <\/span><\/span><span style=\"color: #ff0000;\">9.40<\/span> VIABILITA&#8217; CON BOTOL CAR SERVICE (AGORDO-SEDICO-FELTRE) \u00a0\u00a0<span style=\"color: #ff0000;\">10.30 <\/span><span style=\"color: #000000;\">LA RASSEGNA STAMPA DA L&#8217;AMICO DEL POPOLO DI GIANNI SANTOMASO ospite claudia soppelsa<\/span>\u00a0<span style=\"color: #ff0000;\">11.40<\/span> FESTIVALBAR STORY DI ATHOS DJ DAVID BEN\u00a0 \u00a0 <span style=\"color: #ff0000;\">12.00<\/span> VA TUTTO LISCIO\u00a0 <span style=\"color: #ff0000;\">12.30<\/span> GIORNALE RADIO PRINCIPALE\u00a0 <span style=\"color: #ff0000;\"><span style=\"color: #000000;\">\u00a0<\/span><\/span><span style=\"color: #ff0000;\">13.20<\/span> FOGLIE E CASTAGNE DI MARINA DONA&#8217; <span style=\"color: #ff0000;\">\u00a0<\/span><span style=\"color: #ff0000;\">14.00 <\/span><span style=\"color: #ff0000;\"><span style=\"color: #000000;\">\u00a0 \u00a0ELETTROCHOC DI DJ JACK JACOPO DEL TEDESCO (FOTO) <\/span>\u00a015.10<\/span>\u00a0 \u00a0LA CLASSIFICA UFFICIALE DI RADIOPIU DI MARCO GAZ <span style=\"color: #ff0000;\">16.00<\/span> IL ROCK DI MARCO COSTANTINI\u00a0 <span style=\"color: #ff0000;\">1645<\/span> LE HIT DI MIRCO BENCIVENNI <span style=\"color: #ff0000;\">18.00<\/span> PIU&#8217; DANCE LE SELEZIONI CHE FANNO SALTARE DI DJ JACK, JACOPO DEL TEDESCO\u00a0 <span style=\"color: #ff0000;\">18 10<\/span> REGGAETON CON DAVID BEN <span style=\"color: #ff0000;\">19.00 <span style=\"color: #000000;\">LE ANTICIPAZIONI DAL TG DI ANTENNA 3 DI TIZIANA BOLOGNANI\u00a0 <\/span><\/span><strong>IN PODCAST SUL SITO DI RADIOPIU: EVA OLIVIER E LA LUCCIOLATA IN PROGRAMMA DOMENICA DA AGORDO A RIF (foto)<\/strong><\/p>\n<p>&nbsp;<\/p>\n<p><strong>rassegna stampa nazionale,<\/strong> ogni giorno alle 5 e alle 6 del mattino<br \/>\ngiornali locali 7 rassegna stampa flash, 8 rassegna stampa, gr flash alle 10 e alle 11, principale 12.30. Informazione pomeriggio alle 15 (speciale) 16, 17, 18. Giornale radio nazionale: ogni ora dalle 5 del mattino, alle 20 della sera.<\/p>\n<p>&nbsp;<\/p>\n<p>&nbsp;<\/p>\n<hr \/>\n<p>&nbsp;<\/p>\n<div class=\"x11i5rnm xat24cr x1mh8g0r x1vvkbs xtlvy1s x126k92a\">\n<div dir=\"auto\">\n<div dir=\"auto\">\n<p><strong><a class=\"dt-pswp-item\" href=\"https:\/\/www.radiopiu.net\/wordpress\/wp-content\/uploads\/2024\/02\/2d44e751-d8a8-461b-8e22-d8e4e853b032.jpg\" data-dt-img-description=\"\" data-large_image_width=\"1600\" data-large_image_height=\"1200\"><img loading=\"lazy\" decoding=\"async\" class=\"wp-image-373307 alignleft\" src=\"https:\/\/www.radiopiu.net\/wordpress\/wp-content\/uploads\/2024\/02\/2d44e751-d8a8-461b-8e22-d8e4e853b032-300x225.jpg\" alt=\"\" width=\"105\" height=\"79\" srcset=\"https:\/\/www.radiopiu.net\/wordpress\/wp-content\/uploads\/2024\/02\/2d44e751-d8a8-461b-8e22-d8e4e853b032-300x225.jpg 300w, https:\/\/www.radiopiu.net\/wordpress\/wp-content\/uploads\/2024\/02\/2d44e751-d8a8-461b-8e22-d8e4e853b032-1024x768.jpg 1024w, https:\/\/www.radiopiu.net\/wordpress\/wp-content\/uploads\/2024\/02\/2d44e751-d8a8-461b-8e22-d8e4e853b032-768x576.jpg 768w, https:\/\/www.radiopiu.net\/wordpress\/wp-content\/uploads\/2024\/02\/2d44e751-d8a8-461b-8e22-d8e4e853b032-1536x1152.jpg 1536w, https:\/\/www.radiopiu.net\/wordpress\/wp-content\/uploads\/2024\/02\/2d44e751-d8a8-461b-8e22-d8e4e853b032.jpg 1600w\" sizes=\"auto, (max-width: 105px) 100vw, 105px\" \/><\/a>EL BAL DEL FIOR, DI GIULIANA DA RONCH, 09 NOVEMBRE<\/strong><strong>\u00a02024<\/strong><\/p>\n<\/div>\n<\/div>\n<\/div>\n<div>\n<audio class=\"wp-audio-shortcode\" id=\"audio-418541-1\" preload=\"none\" style=\"width: 100%;\" controls=\"controls\"><source type=\"audio\/mpeg\" src=\"https:\/\/www.radiopiu.net\/wordpress\/wp-content\/uploads\/2024\/11\/GSA.mp3?_=1\" \/><a href=\"https:\/\/www.radiopiu.net\/wordpress\/wp-content\/uploads\/2024\/11\/GSA.mp3\">https:\/\/www.radiopiu.net\/wordpress\/wp-content\/uploads\/2024\/11\/GSA.mp3<\/a><\/audio>\n<p>&nbsp;<\/p>\n<\/div>\n<div><\/div>\n<div><\/div>\n<hr \/>\n<p>&nbsp;<\/p>\n<div class=\"x11i5rnm xat24cr x1mh8g0r x1vvkbs xtlvy1s x126k92a\">\n<h1><span style=\"color: #ff0000;\"><a class=\"dt-pswp-item\" href=\"https:\/\/www.radiopiu.net\/wordpress\/wp-content\/uploads\/2024\/06\/th-5.jpg\" data-dt-img-description=\"\" data-large_image_width=\"326\" data-large_image_height=\"180\"><img loading=\"lazy\" decoding=\"async\" class=\"size-medium wp-image-395881 alignleft\" src=\"https:\/\/www.radiopiu.net\/wordpress\/wp-content\/uploads\/2024\/06\/th-5-300x166.jpg\" alt=\"\" width=\"300\" height=\"166\" srcset=\"https:\/\/www.radiopiu.net\/wordpress\/wp-content\/uploads\/2024\/06\/th-5-300x166.jpg 300w, https:\/\/www.radiopiu.net\/wordpress\/wp-content\/uploads\/2024\/06\/th-5.jpg 326w\" sizes=\"auto, (max-width: 300px) 100vw, 300px\" \/><\/a><\/span><\/h1>\n<h1><\/h1>\n<h1><\/h1>\n<h1><span style=\"color: #000000;\">09 NOVEMBRE&#8230; alla radio l&#8217;almanacco\u00a0<\/span><\/h1>\n<audio class=\"wp-audio-shortcode\" id=\"audio-418541-2\" preload=\"none\" style=\"width: 100%;\" controls=\"controls\"><source type=\"audio\/mpeg\" src=\"https:\/\/www.radiopiu.net\/wordpress\/wp-content\/uploads\/2024\/11\/ALMANACCONEW-6.mp3?_=2\" \/><a href=\"https:\/\/www.radiopiu.net\/wordpress\/wp-content\/uploads\/2024\/11\/ALMANACCONEW-6.mp3\">https:\/\/www.radiopiu.net\/wordpress\/wp-content\/uploads\/2024\/11\/ALMANACCONEW-6.mp3<\/a><\/audio>\n<p>&nbsp;<\/p>\n<p>&nbsp;<\/p>\n<hr \/>\n<p>&nbsp;<\/p>\n<p>&nbsp;<\/p>\n<blockquote>\n<h1><strong><a class=\"dt-pswp-item\" href=\"https:\/\/www.radiopiu.net\/wordpress\/wp-content\/uploads\/2024\/10\/629301fd-708d-4f53-95c2-d28cbefd500f.jpg\" data-dt-img-description=\"\" data-large_image_width=\"1600\" data-large_image_height=\"1322\"><img loading=\"lazy\" decoding=\"async\" class=\"wp-image-413782 alignleft\" src=\"https:\/\/www.radiopiu.net\/wordpress\/wp-content\/uploads\/2024\/10\/629301fd-708d-4f53-95c2-d28cbefd500f-300x248.jpg\" alt=\"\" width=\"186\" height=\"154\" srcset=\"https:\/\/www.radiopiu.net\/wordpress\/wp-content\/uploads\/2024\/10\/629301fd-708d-4f53-95c2-d28cbefd500f-300x248.jpg 300w, https:\/\/www.radiopiu.net\/wordpress\/wp-content\/uploads\/2024\/10\/629301fd-708d-4f53-95c2-d28cbefd500f-1024x846.jpg 1024w, https:\/\/www.radiopiu.net\/wordpress\/wp-content\/uploads\/2024\/10\/629301fd-708d-4f53-95c2-d28cbefd500f-768x635.jpg 768w, https:\/\/www.radiopiu.net\/wordpress\/wp-content\/uploads\/2024\/10\/629301fd-708d-4f53-95c2-d28cbefd500f-1536x1269.jpg 1536w, https:\/\/www.radiopiu.net\/wordpress\/wp-content\/uploads\/2024\/10\/629301fd-708d-4f53-95c2-d28cbefd500f.jpg 1600w\" sizes=\"auto, (max-width: 186px) 100vw, 186px\" \/><\/a>N di parom &#8211; L Almanach de la nosta jent<\/strong><\/h1>\n<\/blockquote>\n<p>Le voci: Davide Conedera, Agordo, Michela Dell&#8217;Osbel, La Valle Agordina Simone Ganz, Falcade Veronica Lezuo, Colle Santa Lucia. La voce nella sigla \u00e8 di Giorgia Taio<\/p>\n<p><strong>LA PUNTATA DI OGGI, 09 NOVEMBRE<\/strong><\/p>\n<audio class=\"wp-audio-shortcode\" id=\"audio-418541-3\" preload=\"none\" style=\"width: 100%;\" controls=\"controls\"><source type=\"audio\/mpeg\" src=\"https:\/\/www.radiopiu.net\/wordpress\/wp-content\/uploads\/2024\/10\/AL6-1.mp3?_=3\" \/><a href=\"https:\/\/www.radiopiu.net\/wordpress\/wp-content\/uploads\/2024\/10\/AL6-1.mp3\">https:\/\/www.radiopiu.net\/wordpress\/wp-content\/uploads\/2024\/10\/AL6-1.mp3<\/a><\/audio>\n<\/div>\n<div class=\"x11i5rnm xat24cr x1mh8g0r x1vvkbs xtlvy1s x126k92a\">\n<p>&nbsp;<\/p>\n<div dir=\"auto\">\n<hr \/>\n<\/div>\n<\/div>\n<blockquote>\n<blockquote>\n<h1><span style=\"color: #ff0000;\">\u00a0<\/span><\/h1>\n<h1><span style=\"color: #ff0000;\">I podcast informativi del mattino &#8211; audio &#8211;\u00a0\u00a0<\/span><\/h1>\n<\/blockquote>\n<p><strong><a class=\"dt-pswp-item\" href=\"https:\/\/www.radiopiu.net\/wordpress\/wp-content\/uploads\/2024\/11\/6.jpg\" data-dt-img-description=\"\" data-large_image_width=\"177\" data-large_image_height=\"180\"><img loading=\"lazy\" decoding=\"async\" class=\"size-full wp-image-417911 alignleft\" src=\"https:\/\/www.radiopiu.net\/wordpress\/wp-content\/uploads\/2024\/11\/6.jpg\" alt=\"\" width=\"177\" height=\"180\" \/><\/a>LA RASSEGNA STAMPA NAZIONALE ALLA RADIO, OGNI GIORNO ALLE 5 E ALLE 6 DEL MATTINO <span style=\"color: #0000ff;\">viene pubblicata alle 6.00 <span style=\"color: #ff0000;\">DIRETTA RADIO\u00a0 \u00a0\u00a0<\/span><\/span><\/strong><\/p><\/blockquote>\n<p>&nbsp;<\/p>\n<p><strong>NOTIZIE DELLA NOTTE<\/strong><\/p>\n<p><strong>Giappone<\/strong>: granchio battuto all&#8217;asta per 9.200 euro <strong>Corea del Nord,<\/strong> campagna di disturbo sui segnali GPS <strong>Russia,<\/strong> sconfitte unit\u00e0 di 5 brigate ucraine<br \/>\n<strong>Terremoto<\/strong> di magnitudo 4 in Molise <strong>Dua Lipa<\/strong> annulla tappa indonesiana del tour, motivi di sicurezza <strong>Wall Street<\/strong> chiude con un triplo record trainata da Trump <strong>Anm<\/strong>, nuove ordinanze migranti? Auspichiamo lavoro sereno <strong>Santanch\u00e8,<\/strong> Patto del turismo per fare squadra su sfide settore<\/p>\n<h2>AUDIO dalle 6 del mattino<\/h2>\n<audio class=\"wp-audio-shortcode\" id=\"audio-418541-4\" preload=\"none\" style=\"width: 100%;\" controls=\"controls\"><source type=\"audio\/mpeg\" src=\"https:\/\/www.radiopiu.net\/wordpress\/wp-content\/uploads\/2024\/11\/GIORNALEDELLESEI-4.mp3?_=4\" \/><a href=\"https:\/\/www.radiopiu.net\/wordpress\/wp-content\/uploads\/2024\/11\/GIORNALEDELLESEI-4.mp3\">https:\/\/www.radiopiu.net\/wordpress\/wp-content\/uploads\/2024\/11\/GIORNALEDELLESEI-4.mp3<\/a><\/audio>\n<p>&nbsp;<\/p>\n<p>&nbsp;<\/p>\n<p>&nbsp;<\/p>\n<hr \/>\n<p>&nbsp;<\/p>\n<h1 style=\"text-align: center;\"><span style=\"color: #ff0000;\"><a class=\"dt-pswp-item\" href=\"https:\/\/www.radiopiu.net\/wordpress\/wp-content\/uploads\/2024\/11\/7.jpg\" data-dt-img-description=\"\" data-large_image_width=\"180\" data-large_image_height=\"180\"><img loading=\"lazy\" decoding=\"async\" class=\"size-full wp-image-417912 alignleft\" src=\"https:\/\/www.radiopiu.net\/wordpress\/wp-content\/uploads\/2024\/11\/7.jpg\" alt=\"\" width=\"180\" height=\"180\" srcset=\"https:\/\/www.radiopiu.net\/wordpress\/wp-content\/uploads\/2024\/11\/7.jpg 180w, https:\/\/www.radiopiu.net\/wordpress\/wp-content\/uploads\/2024\/11\/7-150x150.jpg 150w\" sizes=\"auto, (max-width: 180px) 100vw, 180px\" \/><\/a>I podcast informativi del mattino &#8211; audio &#8211;\u00a0<\/span><\/h1>\n<p><strong>OGNI GIORNO ALLE SETTE DEL MATTINO, LA RASSEGNA STAMPA LOCALE FLASH&#8230; PER CHI VA IN FRETTA. I TITOLI DAI GIORNALI E DAL SITO WWW.RADIOPIU.NET <span style=\"color: #0000ff;\">viene pubblicato alle 7.00<\/span> <span style=\"color: #ff0000;\">DIRETTA RADIO\u00a0<\/span><\/strong><\/p>\n<p><em><span style=\"color: #ff0000;\">per chi va in fretta&#8230; tante notizie in pochi minuti. L&#8217;informazione locale alla radio, ogni ora dalle 7 del mattino alle 19 della sera.<\/span><\/em><\/p>\n<h1><\/h1>\n<h1>AUDIO dalle 7 del mattino<\/h1>\n<audio class=\"wp-audio-shortcode\" id=\"audio-418541-5\" preload=\"none\" style=\"width: 100%;\" controls=\"controls\"><source type=\"audio\/mpeg\" src=\"https:\/\/www.radiopiu.net\/wordpress\/wp-content\/uploads\/2024\/11\/GF07-6.mp3?_=5\" \/><a href=\"https:\/\/www.radiopiu.net\/wordpress\/wp-content\/uploads\/2024\/11\/GF07-6.mp3\">https:\/\/www.radiopiu.net\/wordpress\/wp-content\/uploads\/2024\/11\/GF07-6.mp3<\/a><\/audio>\n<p>&nbsp;<\/p>\n<p>&nbsp;<\/p>\n<p>&nbsp;<\/p>\n<hr \/>\n<p>&nbsp;<\/p>\n<h1><\/h1>\n<h1 style=\"text-align: center;\"><span style=\"color: #ff0000;\"><a class=\"dt-pswp-item\" href=\"https:\/\/www.radiopiu.net\/wordpress\/wp-content\/uploads\/2024\/11\/th.jpg\" data-dt-img-description=\"\" data-large_image_width=\"148\" data-large_image_height=\"179\"><img loading=\"lazy\" decoding=\"async\" class=\"size-full wp-image-417913 alignleft\" src=\"https:\/\/www.radiopiu.net\/wordpress\/wp-content\/uploads\/2024\/11\/th.jpg\" alt=\"\" width=\"148\" height=\"179\" \/><\/a>I podcast informativi del mattino &#8211; audio &#8211;\u00a0<\/span><\/h1>\n<blockquote><p><strong>GIORNALE RADIO NAZIONALE, EDIZIONE DELLE SETTE <span style=\"color: #0000ff;\">viene pubblicato alle 7.05 <span style=\"color: #ff0000;\">DIRETTA RADIO\u00a0<\/span><\/span><\/strong><\/p><\/blockquote>\n<p><strong>il giornale radionazionale e&#8217; in onda ogni ora, dalle sette del mattino alle venti della sera\u00a0 \u00a0<\/strong><strong>\u00a0<\/strong><\/p>\n<p><span style=\"color: #ff0000;\"><strong><span style=\"color: #000000;\"> Caso di malaria in Veneto<\/span><\/strong>,<span style=\"color: #000000;\"> \u00e8 importato e non autoctono <\/span><span style=\"color: #000000;\">Accertato un recente viaggio all&#8217;estero in area endemica inizialmente non dichiarato <\/span><\/span><strong>Trovato un corpo nel Naviglio<\/strong>: \u00e8 di Gino Panaiia, il giovane di 25 anni scomparso nella notte di Halloween Tra le ipotesi non si esclude un regolamento di conti <strong>Stupro di gruppo a Palermo<\/strong>, condannati tutti gli imputati Condanne tra 4 e 7 anni per 6 imputati, il minorenne gi\u00e0 condannato <strong>L&#8217;inchiesta <\/strong>Il Gip: ancora da definire gli &#8216;scenari&#8217; dell&#8217;omicidio Vassallo<br \/>\nMancano esecutori e &#8216;scenario&#8217;. Droga nelle valigie dei pentiti <strong>L&#8217;udienza <\/strong>Processo Grillo jr, &#8216;la ragazza ha mentito sui drink&#8217;\u00a0<strong>L&#8217;inchiesta sui dossieraggi <\/strong>Il caso delle cyber-spie e &#8216;il sospetto di un server in Belgio&#8217;\u00a0<strong>MILANO <\/strong>Incendio in Corso Vittorio Emanuele a Milano, evacuati negozi <strong>Quasi due anni in carcere da innocente<\/strong>, risarcito con 157mila euro Sentenza a Milano. Altri sei furono assolti da sequestro di persona <strong>La madre della 15enne trovata impiccata:<\/strong> &#8220;Mia figlia non si \u00e8 uccisa&#8221; La salma sotto sequestro, l&#8217;indagine passa a procura dei minori<\/p>\n<p>&nbsp;<\/p>\n<p><span style=\"color: #ff0000;\"><span style=\"color: #0000ff;\">CRONACA<\/span> EDIZIONE DELLA SERA , DEL 04 NOVEMBRE 2024 EDIZIONE DI IERI, 20.00<\/span><\/p>\n<audio class=\"wp-audio-shortcode\" id=\"audio-418541-6\" preload=\"none\" style=\"width: 100%;\" controls=\"controls\"><source type=\"audio\/mpeg\" src=\"https:\/\/www.radiopiu.net\/wordpress\/wp-content\/uploads\/2024\/11\/giornale07-12.mp3?_=6\" \/><a href=\"https:\/\/www.radiopiu.net\/wordpress\/wp-content\/uploads\/2024\/11\/giornale07-12.mp3\">https:\/\/www.radiopiu.net\/wordpress\/wp-content\/uploads\/2024\/11\/giornale07-12.mp3<\/a><\/audio>\n<p>&nbsp;<\/p>\n<p><span style=\"color: #ff0000;\"><span style=\"color: #0000ff;\">SPORT<\/span> EDIZIONE DELLE 19, DEL 04 NOVEMBRE 2024, LO SPORT EDIZIONE DI IERI<\/span><\/p>\n<audio class=\"wp-audio-shortcode\" id=\"audio-418541-7\" preload=\"none\" style=\"width: 100%;\" controls=\"controls\"><source type=\"audio\/mpeg\" src=\"https:\/\/www.radiopiu.net\/wordpress\/wp-content\/uploads\/2024\/11\/gr-sport-6.mp3?_=7\" \/><a href=\"https:\/\/www.radiopiu.net\/wordpress\/wp-content\/uploads\/2024\/11\/gr-sport-6.mp3\">https:\/\/www.radiopiu.net\/wordpress\/wp-content\/uploads\/2024\/11\/gr-sport-6.mp3<\/a><\/audio>\n<h2><\/h2>\n<h2><span style=\"color: #ff0000;\"><span style=\"color: #0000ff;\">ULTIM&#8217;ORA<\/span> AUDIO dalle sette del mattino, ogni ora alla radio EDIZIONE DELLE SETTE<\/span><\/h2>\n<audio class=\"wp-audio-shortcode\" id=\"audio-418541-8\" preload=\"none\" style=\"width: 100%;\" controls=\"controls\"><source type=\"audio\/mpeg\" src=\"https:\/\/www.radiopiu.net\/wordpress\/wp-content\/uploads\/2024\/11\/giornale07-13.mp3?_=8\" \/><a href=\"https:\/\/www.radiopiu.net\/wordpress\/wp-content\/uploads\/2024\/11\/giornale07-13.mp3\">https:\/\/www.radiopiu.net\/wordpress\/wp-content\/uploads\/2024\/11\/giornale07-13.mp3<\/a><\/audio>\n<p>&nbsp;<\/p>\n<p>&nbsp;<\/p>\n<hr \/>\n<p>&nbsp;<\/p>\n<p>&nbsp;<\/p>\n<h1><span style=\"color: #ff0000;\"><a class=\"dt-pswp-item\" href=\"https:\/\/www.radiopiu.net\/wordpress\/wp-content\/uploads\/2024\/11\/8.jpg\" data-dt-img-description=\"\" data-large_image_width=\"180\" data-large_image_height=\"180\"><img loading=\"lazy\" decoding=\"async\" class=\"size-full wp-image-417910 alignleft\" src=\"https:\/\/www.radiopiu.net\/wordpress\/wp-content\/uploads\/2024\/11\/8.jpg\" alt=\"\" width=\"180\" height=\"180\" srcset=\"https:\/\/www.radiopiu.net\/wordpress\/wp-content\/uploads\/2024\/11\/8.jpg 180w, https:\/\/www.radiopiu.net\/wordpress\/wp-content\/uploads\/2024\/11\/8-150x150.jpg 150w\" sizes=\"auto, (max-width: 180px) 100vw, 180px\" \/><\/a>I podcast informativi del mattino &#8211; video &#8211;\u00a0<\/span><\/h1>\n<h2 style=\"text-align: left;\"><strong>RASSEGNA STAMPA LOCALE, ORE OTTO 05<\/strong><\/h2>\n<h2><strong> <span style=\"color: #0000ff;\">viene\u00a0 <\/span><\/strong><strong><span style=\"color: #0000ff;\">pubblicata alle 8.05 <span style=\"color: #ff0000;\">DIRETTA RADIO\u00a0 \u00a0<\/span><\/span><\/strong><strong>DI MIRKO MEZZACASA<\/strong><\/h2>\n<h2><span style=\"color: #ff0000;\"><strong>\u00a0<\/strong><\/span><\/h2>\n<h2><span style=\"color: #ff0000;\"><strong>\u00a0<\/strong><\/span><\/h2>\n<h1><span style=\"color: #ff0000;\"><strong>VIDEO\u00a0 \u00a0in diretta dalle 8 del mattino\u00a0 \u00a0per ASCOLTARE <\/strong><\/span><\/h1>\n<blockquote>\n<h1 style=\"text-align: center;\"><a href=\"https:\/\/www.facebook.com\/radiopiu\/videos\/1593328884596732\">CLICCA QUI<\/a><\/h1>\n<\/blockquote>\n<p><a class=\"dt-pswp-item\" href=\"https:\/\/www.radiopiu.net\/wordpress\/wp-content\/uploads\/2024\/11\/cop3.png\" data-dt-img-description=\"\" data-large_image_width=\"477\" data-large_image_height=\"294\"><img loading=\"lazy\" decoding=\"async\" class=\"alignnone wp-image-418837\" src=\"https:\/\/www.radiopiu.net\/wordpress\/wp-content\/uploads\/2024\/11\/cop3-300x185.png\" alt=\"\" width=\"230\" height=\"142\" srcset=\"https:\/\/www.radiopiu.net\/wordpress\/wp-content\/uploads\/2024\/11\/cop3-300x185.png 300w, https:\/\/www.radiopiu.net\/wordpress\/wp-content\/uploads\/2024\/11\/cop3.png 477w\" sizes=\"auto, (max-width: 230px) 100vw, 230px\" \/><\/a><a class=\"dt-pswp-item\" href=\"https:\/\/www.radiopiu.net\/wordpress\/wp-content\/uploads\/2024\/11\/cop1-1.png\" data-dt-img-description=\"\" data-large_image_width=\"481\" data-large_image_height=\"237\"><img loading=\"lazy\" decoding=\"async\" class=\"alignnone size-medium wp-image-418838\" src=\"https:\/\/www.radiopiu.net\/wordpress\/wp-content\/uploads\/2024\/11\/cop1-1-300x148.png\" alt=\"\" width=\"300\" height=\"148\" srcset=\"https:\/\/www.radiopiu.net\/wordpress\/wp-content\/uploads\/2024\/11\/cop1-1-300x148.png 300w, https:\/\/www.radiopiu.net\/wordpress\/wp-content\/uploads\/2024\/11\/cop1-1.png 481w\" sizes=\"auto, (max-width: 300px) 100vw, 300px\" \/><\/a><a class=\"dt-pswp-item\" href=\"https:\/\/www.radiopiu.net\/wordpress\/wp-content\/uploads\/2024\/11\/cop2-1.png\" data-dt-img-description=\"\" data-large_image_width=\"505\" data-large_image_height=\"255\"><img loading=\"lazy\" decoding=\"async\" class=\"size-medium wp-image-418839 alignnone\" src=\"https:\/\/www.radiopiu.net\/wordpress\/wp-content\/uploads\/2024\/11\/cop2-1-300x151.png\" alt=\"\" width=\"300\" height=\"151\" srcset=\"https:\/\/www.radiopiu.net\/wordpress\/wp-content\/uploads\/2024\/11\/cop2-1-300x151.png 300w, https:\/\/www.radiopiu.net\/wordpress\/wp-content\/uploads\/2024\/11\/cop2-1.png 505w\" sizes=\"auto, (max-width: 300px) 100vw, 300px\" \/><\/a><a class=\"dt-pswp-item\" href=\"https:\/\/www.radiopiu.net\/wordpress\/wp-content\/uploads\/2024\/11\/coop1-1.png\" data-dt-img-description=\"\" data-large_image_width=\"602\" data-large_image_height=\"375\">\u00a0<\/a><\/p>\n<p>&nbsp;<\/p>\n<p>&nbsp;<\/p>\n<hr \/>\n<p>&nbsp;<\/p>\n<p>&nbsp;<\/p>\n<p><strong><a class=\"dt-pswp-item\" href=\"https:\/\/www.radiopiu.net\/wordpress\/wp-content\/uploads\/2023\/12\/ANTENNA.png\" data-dt-img-description=\"\" data-large_image_width=\"300\" data-large_image_height=\"166\"><img loading=\"lazy\" decoding=\"async\" class=\" wp-image-366306 alignleft\" src=\"https:\/\/www.radiopiu.net\/wordpress\/wp-content\/uploads\/2023\/12\/ANTENNA.png\" alt=\"\" width=\"175\" height=\"97\" \/><\/a>ogni sera alle 19 le anticipazioni alla radio, quello che poi seguirete nel TELEGIORNALE BELLUNESE\u00a0 in onda alle 19.30 sul CANALE 10 del digitale terrestre.\u00a0\u00a0<\/strong><\/p>\n<p><strong>LE ANTICIPAZIONI DAL TG DI ANTENNA 3 DI TIZIANA BOLOGNANI<\/strong><\/p>\n<audio class=\"wp-audio-shortcode\" id=\"audio-418541-9\" preload=\"none\" style=\"width: 100%;\" controls=\"controls\"><source type=\"audio\/mpeg\" src=\"https:\/\/www.radiopiu.net\/wordpress\/wp-content\/uploads\/2024\/11\/ANTENNA3-5.mp3?_=9\" \/><a href=\"https:\/\/www.radiopiu.net\/wordpress\/wp-content\/uploads\/2024\/11\/ANTENNA3-5.mp3\">https:\/\/www.radiopiu.net\/wordpress\/wp-content\/uploads\/2024\/11\/ANTENNA3-5.mp3<\/a><\/audio>\n<p>&nbsp;<\/p>\n<p>&nbsp;<\/p>\n<hr \/>\n<p>&nbsp;<\/p>\n<blockquote>\n<h3>A FUOCO UN TETTO A COL DI ROCCA<\/h3>\n<\/blockquote>\n<p><strong>ROCCA PIETORE<\/strong> Ieri mattina, alle 6:50, i Vigili del fuoco di Agordo e i volontari di Caprile sono intervenuti per un incendio al tetto di un\u2019abitazione a Col di Rocca, nel comune di Rocca Pietore. L&#8217;incendio \u00e8 stato rapidamente contenuto grazie all&#8217;intervento tempestivo delle squadre, che hanno eseguito i controlli necessari e messo in sicurezza l&#8217;area. I danni sono stati limitati e non si segnalano feriti. L&#8217;operazione si \u00e8 conclusa con successo in circa due ore e mezza.<\/p>\n<p>&nbsp;<\/p>\n<p>&nbsp;<\/p>\n<hr \/>\n<p>&nbsp;<\/p>\n<blockquote>\n<h3>\u00a0La comunit\u00e0 piange\u00a0 &#8220;Gigia&#8221; la docente di Falcade vittima di un tragico incidente domestico.<\/h3>\n<\/blockquote>\n<p><strong><a class=\"dt-pswp-item\" href=\"https:\/\/www.radiopiu.net\/wordpress\/wp-content\/uploads\/2024\/11\/annalisa.png\" data-dt-img-description=\"\" data-large_image_width=\"419\" data-large_image_height=\"433\"><img loading=\"lazy\" decoding=\"async\" class=\" wp-image-418767 alignleft\" src=\"https:\/\/www.radiopiu.net\/wordpress\/wp-content\/uploads\/2024\/11\/annalisa-290x300.png\" alt=\"\" width=\"189\" height=\"196\" \/><\/a>AGORDO<\/strong> Non ce l&#8217;ha fatta Annalisa Zasso, la docente di Falcade che \u00e8 stata coinvolta in un incidente domestico nella sua abitazione di Agordo. Mercoled\u00ec sera, i Vigili del Fuoco di Agordo sono intervenuti in Via 5 Maggio 1948 per soccorrere la donna, conosciuta per il suo impegno nell\u2019amministrazione comunale con il sindaco Renzo Gavaz e il lavoro come educatrice al centro diurno di Agordo. Annalisa \u00e8 stata trovata ferita in casa dopo un incidente domestico avvenuto mentre cucinava. In questi giorni non sono mancate le tante ipotesi di strada, ma cosa sia successo in quella cucina dove Annalisa era sola lo sa solo lei e,\u00a0 forse gli inquirenti che stanno cercando di capire anche loro da dove sono partite le fiamme: sigaretta? fornello del gas? Disattenzione o malore? Tutte ipotesi al vaglio degli specialisti delle ricostruzioni dei sinistri, purtroppo in questo caso mortale. Tra l&#8217;incidente e l&#8217;arrivo dei soccorsi sono trascorse 2 ore almeno, l&#8217;allarme \u00e8 infatti stato dato dopo che al piano inferiore si \u00e8 notata una perdita d&#8217;acqua dal piano superiore dove un tubo della lavastoviglie (bruciato nell&#8217;incendio domestico) ha fatto uscire grandi quantit\u00e0 d&#8217;acqua.<\/p>\n<p>I vigili del fuoco hanno forzato la porta d&#8217;ingresso poich\u00e9 non rispondeva, trovando l&#8217;appartamento allagato per una perdita d&#8217;acqua causata dalle fiamme che avevano fuso il tubo della lavastoviglie. Dopo le prime cure, la donna \u00e8 stata trasportata in codice 3 all\u2019ospedale di Verona, dove purtroppo \u00e8 deceduta poche ore fa. Un messaggio di cordoglio giunga al comandante dei Carabinieri di Falcade, Agostino Trasporini e a Giulia, la giovane figlia sedicenne. Annalisa lascia anche la mamma Odilia Cadorin, le sorelle Silvia e Rosaly.<\/p>\n<p>&nbsp;<\/p>\n<h1>DI GIANNI SANTOMASO<\/h1>\n<blockquote><audio class=\"wp-audio-shortcode\" id=\"audio-418541-10\" preload=\"none\" style=\"width: 100%;\" controls=\"controls\"><source type=\"audio\/mpeg\" src=\"https:\/\/www.radiopiu.net\/wordpress\/wp-content\/uploads\/2024\/11\/GIANNI-SANTOMASO-ANNALISA.mp3?_=10\" \/><a href=\"https:\/\/www.radiopiu.net\/wordpress\/wp-content\/uploads\/2024\/11\/GIANNI-SANTOMASO-ANNALISA.mp3\">https:\/\/www.radiopiu.net\/wordpress\/wp-content\/uploads\/2024\/11\/GIANNI-SANTOMASO-ANNALISA.mp3<\/a><\/audio>\n<p>&nbsp;<\/p><\/blockquote>\n<p>&nbsp;<\/p>\n<hr \/>\n<p>&nbsp;<\/p>\n<p>&nbsp;<\/p>\n<blockquote>\n<h1>I TANTI INCIDENTI DOMESTICI, BELLUNO TRISTE PRIMATO<\/h1>\n<\/blockquote>\n<p><iframe loading=\"lazy\" title=\"DJI 20241108111151 0089 D\" width=\"1200\" height=\"675\" src=\"https:\/\/www.youtube.com\/embed\/ajFMG36mkSQ?feature=oembed\" frameborder=\"0\" allow=\"accelerometer; autoplay; clipboard-write; encrypted-media; gyroscope; picture-in-picture; web-share\" referrerpolicy=\"strict-origin-when-cross-origin\" allowfullscreen><\/iframe><\/p>\n<p>&nbsp;<\/p>\n<p>&nbsp;<\/p>\n<hr \/>\n<p>&nbsp;<\/p>\n<div class=\"flex max-w-full flex-col flex-grow\">\n<div class=\"min-h-8 text-message flex w-full flex-col items-end gap-2 whitespace-normal break-words [.text-message+&amp;]:mt-5\" dir=\"auto\" data-message-author-role=\"assistant\" data-message-id=\"7b44ebf4-8223-43fe-a355-c865b479e370\" data-message-model-slug=\"gpt-4o\">\n<div class=\"flex w-full flex-col gap-1 empty:hidden first:pt-[3px]\">\n<div class=\"markdown prose w-full break-words dark:prose-invert dark\">\n<blockquote>\n<h2>Doppio Intervento in Montagna: Escursionista e Infortunato Soccorsi dal Suem<\/h2>\n<\/blockquote>\n<p><img loading=\"lazy\" decoding=\"async\" class=\"alignleft\" src=\"https:\/\/www.radiopiu.net\/wordpress\/wp-content\/uploads\/2024\/08\/SALT.jpg\" width=\"165\" height=\"124\" \/>Ieri l\u2019elicottero del Suem di Pieve di Cadore \u00e8 intervenuto sul sentiero per il Rifugio Vandelli per soccorrere una 61enne di Trevignano, colta da malore. Medico e tecnico, calati con verricello, l&#8217;hanno trasportata a Belluno per accertamenti.<\/p>\n<p>Contemporaneamente, il Soccorso alpino di San Vito di Cadore \u00e8 intervenuto nei pressi del Rifugio Citt\u00e0 di Fiume per un 56enne di Conegliano con un infortunio alla caviglia, che \u00e8 stato accompagnato al parcheggio per proseguire autonomamente.<\/p>\n<\/div>\n<\/div>\n<\/div>\n<\/div>\n<p>&nbsp;<\/p>\n<hr \/>\n<blockquote>\n<h3><\/h3>\n<h3 class=\"entry-title\">SOCCORSA ESCURSIONISTA SOTTO FORCELLA MARCUOIRA<\/h3>\n<\/blockquote>\n<p><strong>CORTINA<\/strong>\u00a0Attorno\u00a0<span dir=\"ltr\">alle 17.30 di ieri<\/span>\u00a0un\u2019escursionista canadese di 28 anni, abbastanza impaurita, ha chiesto aiuto poich\u00e9 scendendo da sola da Forcella Marcuoira, versante Tre Croci,aveva sbagliato a seguire la traccia del sentiero e si era trovata fuori via su dei ghiaioni, con la sola luce del cellulare e vestita leggera. Risaliti dopo diversi tentativi alla sua posizione, una squadra del Soccorso alpino di Cortina \u00e8 partita a piedi, l\u2019ha individuata e raggiunta, per poi riportarla sul sentiero e quindi riaccompagnarla a valle.<\/p>\n<p>&nbsp;<\/p>\n<hr \/>\n<p>&nbsp;<\/p>\n<blockquote>\n<h3>ATTI SESSUALI SU UNA MINORENNE. ARRESTATO UN CINQUANTENNE<\/h3>\n<\/blockquote>\n<p><strong><a class=\"dt-pswp-item\" href=\"https:\/\/www.radiopiu.net\/wordpress\/wp-content\/uploads\/2018\/09\/POLIZIA-2.jpg\" data-dt-img-description=\"\" data-large_image_width=\"768\" data-large_image_height=\"512\"><img loading=\"lazy\" decoding=\"async\" class=\" wp-image-60259 alignleft\" src=\"https:\/\/www.radiopiu.net\/wordpress\/wp-content\/uploads\/2018\/09\/POLIZIA-2-300x200.jpg\" alt=\"\" width=\"197\" height=\"131\" srcset=\"https:\/\/www.radiopiu.net\/wordpress\/wp-content\/uploads\/2018\/09\/POLIZIA-2-300x200.jpg 300w, https:\/\/www.radiopiu.net\/wordpress\/wp-content\/uploads\/2018\/09\/POLIZIA-2.jpg 768w\" sizes=\"auto, (max-width: 197px) 100vw, 197px\" \/><\/a>BELLUNO <\/strong>Nella giornata di gioved\u00ec la Squadra Mobile della Questura di Belluno, ha dato esecuzione ad un ordine di carcerazione emesso dalla Procura della Repubblica di Belluno, a carico di C.D.P., cinquantenne. Il provvedimento determina la pena della reclusione a 3 anni e 10 mesi per il reato di atti sessuali con minorenne. La condanna \u00e8 stata determinata nell\u2019ambito di un procedimento penale le cui indagini erano state effettuate dalla Squadra Mobile di Belluno sotto la direzione della Procura della Repubblica nel 2019. L\u2019attivit\u00e0 aveva permesso di arrivare alla condanna dell\u2019uomo, in quanto nella sua qualit\u00e0 di \u201cinsegnate di addestramento con cavalli\u201d, con pi\u00f9 azioni esecutive, ponendosi in una posizione di preminenza e di autorit\u00e0 morale nei confronti della persona offesa, alla quale impartiva lezioni e allo stesso affidata dai genitori per motivi di istruzione, compiva con una ragazza all\u2019epoca dei fatti sedicenne, atti sessuali consistiti in rapporti sessuali completi, intrattenendo con la medesima una vera e propria relazione sentimentale. Anche se negli ultimi tempi l\u2019uomo aveva spostato la propria dimora in altra regione e cessato la propria residenza a Belluno, veniva comunque localizzato in provincia dagli agenti della 1^ sezione della Mobile, che nella mattinata di gioved\u00ec, lo traducevano presso la locale Casa Circondariale.<\/p>\n<p>&nbsp;<\/p>\n<p>&nbsp;<\/p>\n<hr \/>\n<p>&nbsp;<\/p>\n<blockquote>\n<h1>BELLUNO, SEMPRE PIU&#8217; POSITIVI AD ALCOOL E DROGA<\/h1>\n<\/blockquote>\n<p><strong>BELLUNO<\/strong><\/p>\n<p><img loading=\"lazy\" decoding=\"async\" class=\"alignleft\" src=\"https:\/\/www.radiopiu.net\/wordpress\/wp-content\/uploads\/2021\/04\/Stradale-foto-3.jpg\" width=\"262\" height=\"192\" \/>La Questura di Belluno ha reso noto che il Servizio Polizia Stradale ha attuato una serie di controlli intensificati negli ultimi fine settimana di novembre per contrastare la guida in stato di ebbrezza e sotto l\u2019effetto di sostanze stupefacenti o psicotrope. L&#8217;operazione ha incluso l&#8217;uso dell&#8217;etilometro e di dispositivi di screening non invasivi per rilevare droghe tramite campioni di saliva, alla presenza del Funzionario Medico di Polizia.<\/p>\n<p>Sono stati controllati 44 veicoli e 47 conducenti: 5 di loro sono risultati positivi all\u2019alcol e 2 alle droghe, evidenziando un dato superiore del 15% rispetto ad altri interventi simili. I controlli proseguiranno sull\u2019intero territorio provinciale per garantire maggiore sicurezza stradale.<\/p>\n<p>&nbsp;<\/p>\n<hr \/>\n<p>&nbsp;<\/p>\n<blockquote>\n<h2><a class=\"dt-pswp-item\" href=\"https:\/\/www.radiopiu.net\/wordpress\/wp-content\/uploads\/2024\/11\/Senza-nome-47.png\" data-dt-img-description=\"\" data-large_image_width=\"385\" data-large_image_height=\"299\"><img loading=\"lazy\" decoding=\"async\" class=\" wp-image-418833 alignleft\" src=\"https:\/\/www.radiopiu.net\/wordpress\/wp-content\/uploads\/2024\/11\/Senza-nome-47-300x233.png\" alt=\"\" width=\"209\" height=\"162\" srcset=\"https:\/\/www.radiopiu.net\/wordpress\/wp-content\/uploads\/2024\/11\/Senza-nome-47-300x233.png 300w, https:\/\/www.radiopiu.net\/wordpress\/wp-content\/uploads\/2024\/11\/Senza-nome-47.png 385w\" sizes=\"auto, (max-width: 209px) 100vw, 209px\" \/><\/a>\u201cLa Via Donizetti: Quando il Giro dell\u2019Isolato Diventa un Tour de Force\u201d<\/h2>\n<\/blockquote>\n<p><strong>FELTRE<\/strong> Tra transenne, fettuccine e deviazioni obbligatorie, i residenti di via Donizetti e dintorni ormai si sentono dei maratoneti professionisti. L&#8217;edificio pericolante, gi\u00e0 crollato a Pasqua e recidivo con un mini-crollo un mese fa, \u00e8 ancora l\u00ec, impassibile. La propriet\u00e0 promette di demolirlo e ricostruire, ma intanto le strade alternative rendono ogni viaggio un&#8217;avventura. Per ora, chi pensava di fare due passi al bar Cortina o alla Casona sa gi\u00e0 che deve allungare, e non di poco. I residenti attendono con ansia il ritorno alla normalit\u00e0 e al tanto sospirato decoro.<\/p>\n<p>&nbsp;<\/p>\n<p>&nbsp;<\/p>\n<hr \/>\n<p>&nbsp;<\/p>\n<blockquote>\n<h3>PARCHEGGI E SANZIONI NEI GIORNI DA CANTIERE. FAVRETTI CITA L&#8217;AMATO BUONSENSO<\/h3>\n<\/blockquote>\n<p><strong>REDAZIONE<\/strong> Capita spesso di pensare a Silvano Serafini &#8220;Orso Grigio&#8221;\u00a0 da quella prima volta che siamo passati per il suo paese, Sois alle porte del capoluogo e abbiamo incontrato con lo sguardo il\u00a0 Monumento&#8230;al buonsenso, ci capita spesso di rivedere quell&#8217;immagine, pensarla, citarla&#8230;sorridere (mm).<\/p>\n<p>&nbsp;<\/p>\n<p><strong>di MARINA DONA&#8217;<\/strong><\/p>\n<audio class=\"wp-audio-shortcode\" id=\"audio-418541-11\" preload=\"none\" style=\"width: 100%;\" controls=\"controls\"><source type=\"audio\/mpeg\" src=\"https:\/\/www.radiopiu.net\/wordpress\/wp-content\/uploads\/2024\/11\/PARCHEGGI-VALCOZZENA-SERVIZIO-CON-INTERVISTA-A-GIULIO-FAVRETTI-ASSESSORE-URBAN-COMUNE-DI-AGORDO.mp3?_=11\" \/><a href=\"https:\/\/www.radiopiu.net\/wordpress\/wp-content\/uploads\/2024\/11\/PARCHEGGI-VALCOZZENA-SERVIZIO-CON-INTERVISTA-A-GIULIO-FAVRETTI-ASSESSORE-URBAN-COMUNE-DI-AGORDO.mp3\">https:\/\/www.radiopiu.net\/wordpress\/wp-content\/uploads\/2024\/11\/PARCHEGGI-VALCOZZENA-SERVIZIO-CON-INTERVISTA-A-GIULIO-FAVRETTI-ASSESSORE-URBAN-COMUNE-DI-AGORDO.mp3<\/a><\/audio>\n<p>&nbsp;<\/p>\n<p><em>Il <strong>buonsenso<\/strong> \u00e8 la capacit\u00e0 di fare scelte e valutazioni pratiche basate su un ragionamento chiaro, semplice e conforme alle norme di comportamento comune. Si tratta di un giudizio equilibrato che permette di distinguere ci\u00f2 che \u00e8 giusto, appropriato e utile, evitando eccessi o decisioni avventate. Il buonsenso si fonda su un insieme di conoscenze condivise e sull&#8217;esperienza pratica, che consente di affrontare situazioni quotidiane in modo efficace e responsabile.\u00a0<\/em><\/p>\n<p>&nbsp;<\/p>\n<h1><span style=\"color: #ff0000;\">_______IERI ALLA RADIO &#8212;&#8212;\u00a0<\/span><\/h1>\n<blockquote>\n<h2>INIZIATI I LAVORI PER I NUOVI PARCHEGGI IN LOCALITA&#8217; VALCOZZENA<\/h2>\n<p><strong>di MARCO GAZ<\/strong><\/p><\/blockquote>\n<p><strong>AGORDO<\/strong> La scorsa settimana era stato annunciato dalla commissione trasporti della RSU Luxottica di Agordo e con l&#8217;inizio del mese sono ufficialmente iniziati i lavori per i nuovi parcheggi in localit\u00e0 Valcozzena. Le ruspe sono in azione per spianare il prato di fronte al supermercato MD dove verranno messi a disposizione oltre un centinaio di posti auto. I lavori procedono molto velocemente.<\/p>\n\n\t\t\t<style type='text\/css'>\n\t\t\t\t#gallery-1 {\n\t\t\t\t\tmargin: auto;\n\t\t\t\t}\n\t\t\t\t#gallery-1 .gallery-item {\n\t\t\t\t\tfloat: left;\n\t\t\t\t\tmargin-top: 10px;\n\t\t\t\t\ttext-align: center;\n\t\t\t\t\twidth: 50%;\n\t\t\t\t}\n\t\t\t\t#gallery-1 img {\n\t\t\t\t\tborder: 2px solid #cfcfcf;\n\t\t\t\t}\n\t\t\t\t#gallery-1 .gallery-caption {\n\t\t\t\t\tmargin-left: 0;\n\t\t\t\t}\n\t\t\t\t\/* see gallery_shortcode() in wp-includes\/media.php *\/\n\t\t\t<\/style>\n\t\t<div id='gallery-1' class='dt-gallery-container gallery galleryid-418541 gallery-columns-2 gallery-size-medium'><dl class='gallery-item'>\n\t\t\t\t<dt class='gallery-icon landscape'>\n\t\t\t\t\t<a class=\"rollover rollover-zoom dt-pswp-item\" title=\"d506cd60-3820-45a1-bbad-0615696b46d2\" data-dt-img-description=\"\" data-large_image_width=\"2000\" data-large_image_height=\"1125\"href='https:\/\/www.radiopiu.net\/wordpress\/wp-content\/uploads\/2024\/11\/d506cd60-3820-45a1-bbad-0615696b46d2.jpg'><img loading=\"lazy\" decoding=\"async\" width=\"300\" height=\"169\" src=\"https:\/\/www.radiopiu.net\/wordpress\/wp-content\/uploads\/2024\/11\/d506cd60-3820-45a1-bbad-0615696b46d2-300x169.jpg\" class=\"attachment-medium size-medium\" alt=\"\" aria-describedby=\"gallery-1-418511\" srcset=\"https:\/\/www.radiopiu.net\/wordpress\/wp-content\/uploads\/2024\/11\/d506cd60-3820-45a1-bbad-0615696b46d2-300x169.jpg 300w, https:\/\/www.radiopiu.net\/wordpress\/wp-content\/uploads\/2024\/11\/d506cd60-3820-45a1-bbad-0615696b46d2-1024x576.jpg 1024w, https:\/\/www.radiopiu.net\/wordpress\/wp-content\/uploads\/2024\/11\/d506cd60-3820-45a1-bbad-0615696b46d2-768x432.jpg 768w, https:\/\/www.radiopiu.net\/wordpress\/wp-content\/uploads\/2024\/11\/d506cd60-3820-45a1-bbad-0615696b46d2-1536x864.jpg 1536w, https:\/\/www.radiopiu.net\/wordpress\/wp-content\/uploads\/2024\/11\/d506cd60-3820-45a1-bbad-0615696b46d2.jpg 2000w\" sizes=\"auto, (max-width: 300px) 100vw, 300px\" \/><\/a>\n\t\t\t\t<\/dt>\n\t\t\t\t\t<dd class='wp-caption-text gallery-caption' id='gallery-1-418511'>\n\t\t\t\t\tLUNEDI&#8217; &#8211; INIZIO LAVORI\n\t\t\t\t\t<\/dd><\/dl><dl class='gallery-item'>\n\t\t\t\t<dt class='gallery-icon landscape'>\n\t\t\t\t\t<a class=\"rollover rollover-zoom dt-pswp-item\" title=\"bc84f531-0a91-477a-a282-0932524db053\" data-dt-img-description=\"\" data-large_image_width=\"2000\" data-large_image_height=\"1125\"href='https:\/\/www.radiopiu.net\/wordpress\/wp-content\/uploads\/2024\/11\/bc84f531-0a91-477a-a282-0932524db053.jpg'><img loading=\"lazy\" decoding=\"async\" width=\"300\" height=\"169\" src=\"https:\/\/www.radiopiu.net\/wordpress\/wp-content\/uploads\/2024\/11\/bc84f531-0a91-477a-a282-0932524db053-300x169.jpg\" class=\"attachment-medium size-medium\" alt=\"\" aria-describedby=\"gallery-1-418512\" srcset=\"https:\/\/www.radiopiu.net\/wordpress\/wp-content\/uploads\/2024\/11\/bc84f531-0a91-477a-a282-0932524db053-300x169.jpg 300w, https:\/\/www.radiopiu.net\/wordpress\/wp-content\/uploads\/2024\/11\/bc84f531-0a91-477a-a282-0932524db053-1024x576.jpg 1024w, https:\/\/www.radiopiu.net\/wordpress\/wp-content\/uploads\/2024\/11\/bc84f531-0a91-477a-a282-0932524db053-768x432.jpg 768w, https:\/\/www.radiopiu.net\/wordpress\/wp-content\/uploads\/2024\/11\/bc84f531-0a91-477a-a282-0932524db053-1536x864.jpg 1536w, https:\/\/www.radiopiu.net\/wordpress\/wp-content\/uploads\/2024\/11\/bc84f531-0a91-477a-a282-0932524db053.jpg 2000w\" sizes=\"auto, (max-width: 300px) 100vw, 300px\" \/><\/a>\n\t\t\t\t<\/dt>\n\t\t\t\t\t<dd class='wp-caption-text gallery-caption' id='gallery-1-418512'>\n\t\t\t\t\tGIOVEDI&#8217;\n\t\t\t\t\t<\/dd><\/dl><br style=\"clear: both\" \/>\n\t\t\t<\/div>\n\n<p>&nbsp;<\/p>\n<p>&nbsp;<\/p>\n<hr \/>\n<p>&nbsp;<\/p>\n<p>&nbsp;<\/p>\n<blockquote>\n<h2 class=\"_title post-title entry-title\"><a class=\"dt-pswp-item\" href=\"https:\/\/www.radiopiu.net\/wordpress\/wp-content\/uploads\/2023\/12\/ANTENNA.png\" data-dt-img-description=\"\" data-large_image_width=\"300\" data-large_image_height=\"166\"><img loading=\"lazy\" decoding=\"async\" class=\" wp-image-366306 alignleft\" src=\"https:\/\/www.radiopiu.net\/wordpress\/wp-content\/uploads\/2023\/12\/ANTENNA.png\" alt=\"\" width=\"168\" height=\"93\" \/><\/a>AGORDO | FUTURO LUXOTTICA, CHISSALE\u2019: \u00abLA NOSTRA COMUNITA\u2019 CUORE DELL\u2019AZIENDA E COSI\u2019 SARA\u2019\u00bb<\/h2>\n<\/blockquote>\n<p>&nbsp;<\/p>\n<p>\u2013 Intervistati ROBERTO CHISSALE\u2019 (SINDACO DI AGORDO) (Servizio di\u00a0<a href=\"https:\/\/antennatre.medianordest.it\/redazione\/Tiziana-Bolognani\/\">Tiziana Bolognani<\/a>)<\/p>\n<p><iframe loading=\"lazy\" title=\"FUTURO LUXOTTICA, CHISSALE&#039;: \u00abLA NOSTRA COMUNITA&#039; CUORE DELL&#039;AZIENDA E COSI&#039; SARA&#039;\u00bb | 08\/11\/2024\" width=\"1200\" height=\"675\" src=\"https:\/\/www.youtube.com\/embed\/j_M3oSdcClg?feature=oembed\" frameborder=\"0\" allow=\"accelerometer; autoplay; clipboard-write; encrypted-media; gyroscope; picture-in-picture; web-share\" referrerpolicy=\"strict-origin-when-cross-origin\" allowfullscreen><\/iframe><\/p>\n<p>&nbsp;<\/p>\n<p>&nbsp;<\/p>\n<p>&nbsp;<\/p>\n<hr \/>\n<p>&nbsp;<\/p>\n<blockquote>\n<h3>SALUTE OLTRE LA CITTA&#8217; AL PALALUXOTTICA DI AGORDO<\/h3>\n<\/blockquote>\n<p><span style=\"color: #ff0000;\"><strong>LA DIRETTA FACEBOOK DALLA PAGINA MOTORE SANITA&#8217;<\/strong><\/span><\/p>\n<p><iframe loading=\"lazy\" style=\"border: none; overflow: hidden;\" src=\"https:\/\/www.facebook.com\/plugins\/video.php?height=314&amp;href=https%3A%2F%2Fwww.facebook.com%2FMotoreSanita%2Fvideos%2F1016444703494849%2F&amp;show_text=false&amp;width=560&amp;t=0\" width=\"560\" height=\"314\" frameborder=\"0\" scrolling=\"no\" allowfullscreen=\"allowfullscreen\" data-mce-fragment=\"1\"><\/iframe><\/p>\n<blockquote>\n<h1>L&#8217;INTERVISTA, DIRETTORE ULSS1 BELLUNO, GIUSEPPE DALBEN<\/h1>\n<\/blockquote>\n<p><iframe loading=\"lazy\" title=\"DAL BEN\" width=\"1200\" height=\"675\" src=\"https:\/\/www.youtube.com\/embed\/kht7tj22i-8?feature=oembed\" frameborder=\"0\" allow=\"accelerometer; autoplay; clipboard-write; encrypted-media; gyroscope; picture-in-picture; web-share\" referrerpolicy=\"strict-origin-when-cross-origin\" allowfullscreen><\/iframe><\/p>\n<p>&nbsp;<\/p>\n<p>&nbsp;<\/p>\n<hr \/>\n<blockquote>\n<h3><\/h3>\n<h3>LO STRISCIONE COMPARSO ALLA ROTONDA DELLA TANGENZIALE DI AGORDO<\/h3>\n<\/blockquote>\n<p><strong>AGORDO <\/strong>Rotonda di Agordo all&#8217;inizio della tangenziale: \u00e8 comparso questo striscione &#8220;Salute mentale meno convegni pi\u00f9 impegni&#8221;, probabilmente non casualmente nel giorno del convegno su &#8220;La sanit\u00e0 oltre la citt\u00e0&#8221; che si sta tenendo al PalaLuxottica di Agordo.<\/p>\n\n\t\t\t<style type='text\/css'>\n\t\t\t\t#gallery-2 {\n\t\t\t\t\tmargin: auto;\n\t\t\t\t}\n\t\t\t\t#gallery-2 .gallery-item {\n\t\t\t\t\tfloat: left;\n\t\t\t\t\tmargin-top: 10px;\n\t\t\t\t\ttext-align: center;\n\t\t\t\t\twidth: 50%;\n\t\t\t\t}\n\t\t\t\t#gallery-2 img {\n\t\t\t\t\tborder: 2px solid #cfcfcf;\n\t\t\t\t}\n\t\t\t\t#gallery-2 .gallery-caption {\n\t\t\t\t\tmargin-left: 0;\n\t\t\t\t}\n\t\t\t\t\/* see gallery_shortcode() in wp-includes\/media.php *\/\n\t\t\t<\/style>\n\t\t<div id='gallery-2' class='dt-gallery-container gallery galleryid-418541 gallery-columns-2 gallery-size-medium'><dl class='gallery-item'>\n\t\t\t\t<dt class='gallery-icon landscape'>\n\t\t\t\t\t<a class=\"rollover rollover-zoom dt-pswp-item\" title=\"561970ef-4d84-4df2-adac-ecc20907599a\" data-dt-img-description=\"\" data-large_image_width=\"2048\" data-large_image_height=\"1152\"href='https:\/\/www.radiopiu.net\/wordpress\/wp-content\/uploads\/2024\/11\/561970ef-4d84-4df2-adac-ecc20907599a.jpg'><img loading=\"lazy\" decoding=\"async\" width=\"300\" height=\"169\" src=\"https:\/\/www.radiopiu.net\/wordpress\/wp-content\/uploads\/2024\/11\/561970ef-4d84-4df2-adac-ecc20907599a-300x169.jpg\" class=\"attachment-medium size-medium\" alt=\"\" srcset=\"https:\/\/www.radiopiu.net\/wordpress\/wp-content\/uploads\/2024\/11\/561970ef-4d84-4df2-adac-ecc20907599a-300x169.jpg 300w, https:\/\/www.radiopiu.net\/wordpress\/wp-content\/uploads\/2024\/11\/561970ef-4d84-4df2-adac-ecc20907599a-1024x576.jpg 1024w, https:\/\/www.radiopiu.net\/wordpress\/wp-content\/uploads\/2024\/11\/561970ef-4d84-4df2-adac-ecc20907599a-768x432.jpg 768w, https:\/\/www.radiopiu.net\/wordpress\/wp-content\/uploads\/2024\/11\/561970ef-4d84-4df2-adac-ecc20907599a-1536x864.jpg 1536w, https:\/\/www.radiopiu.net\/wordpress\/wp-content\/uploads\/2024\/11\/561970ef-4d84-4df2-adac-ecc20907599a.jpg 2048w\" sizes=\"auto, (max-width: 300px) 100vw, 300px\" \/><\/a>\n\t\t\t\t<\/dt><\/dl><dl class='gallery-item'>\n\t\t\t\t<dt class='gallery-icon landscape'>\n\t\t\t\t\t<a class=\"rollover rollover-zoom dt-pswp-item\" title=\"32ffd4e0-1d46-4b7c-92e8-e9dab041fc1c\" data-dt-img-description=\"\" data-large_image_width=\"2048\" data-large_image_height=\"1152\"href='https:\/\/www.radiopiu.net\/wordpress\/wp-content\/uploads\/2024\/11\/32ffd4e0-1d46-4b7c-92e8-e9dab041fc1c.jpg'><img loading=\"lazy\" decoding=\"async\" width=\"300\" height=\"169\" src=\"https:\/\/www.radiopiu.net\/wordpress\/wp-content\/uploads\/2024\/11\/32ffd4e0-1d46-4b7c-92e8-e9dab041fc1c-300x169.jpg\" class=\"attachment-medium size-medium\" alt=\"\" srcset=\"https:\/\/www.radiopiu.net\/wordpress\/wp-content\/uploads\/2024\/11\/32ffd4e0-1d46-4b7c-92e8-e9dab041fc1c-300x169.jpg 300w, https:\/\/www.radiopiu.net\/wordpress\/wp-content\/uploads\/2024\/11\/32ffd4e0-1d46-4b7c-92e8-e9dab041fc1c-1024x576.jpg 1024w, https:\/\/www.radiopiu.net\/wordpress\/wp-content\/uploads\/2024\/11\/32ffd4e0-1d46-4b7c-92e8-e9dab041fc1c-768x432.jpg 768w, https:\/\/www.radiopiu.net\/wordpress\/wp-content\/uploads\/2024\/11\/32ffd4e0-1d46-4b7c-92e8-e9dab041fc1c-1536x864.jpg 1536w, https:\/\/www.radiopiu.net\/wordpress\/wp-content\/uploads\/2024\/11\/32ffd4e0-1d46-4b7c-92e8-e9dab041fc1c.jpg 2048w\" sizes=\"auto, (max-width: 300px) 100vw, 300px\" \/><\/a>\n\t\t\t\t<\/dt><\/dl><br style=\"clear: both\" \/>\n\t\t\t<\/div>\n\n<p>&nbsp;<\/p>\n<hr \/>\n<p>&nbsp;<\/p>\n<blockquote>\n<h3 class=\"entry-title\">SCIOPERO NAZIONALE TPL: ALTA L\u2019ADESIONE IN PROVINCIA DI BELLUNO E TREVISO<\/h3>\n<\/blockquote>\n<p><strong><img decoding=\"async\" class=\"alignleft\" src=\"https:\/\/www.radiopiu.net\/wordpress\/wp-content\/uploads\/2024\/06\/DolomitiBus_Estate-300x127.png\" \/>BELLUNO\/TREVISO<\/strong> Si \u00e8 svolto ieri lo sciopero nazionale del trasporto pubblico locale per il rinnovo del contratto nazionale, scaduto da un anno, con un&#8217;adesione massiccia: 96% nella provincia di Treviso e 80% nel Bellunese. Una delegazione della Fit Cisl ha partecipato alla manifestazione a Roma davanti al Ministero dei Trasporti. Stefano Bergamin della Fit Cisl ha evidenziato le richieste dei lavoratori<br \/>\naudio STEFANO BERGAMIN<\/p>\n<audio class=\"wp-audio-shortcode\" id=\"audio-418541-12\" preload=\"none\" style=\"width: 100%;\" controls=\"controls\"><source type=\"audio\/mpeg\" src=\"https:\/\/www.radiopiu.net\/wordpress\/wp-content\/uploads\/2024\/11\/BERGAMIN-CISL.mp3?_=12\" \/><a href=\"https:\/\/www.radiopiu.net\/wordpress\/wp-content\/uploads\/2024\/11\/BERGAMIN-CISL.mp3\">https:\/\/www.radiopiu.net\/wordpress\/wp-content\/uploads\/2024\/11\/BERGAMIN-CISL.mp3<\/a><\/audio>\n<p>&nbsp;<\/p>\n<p>&nbsp;<\/p>\n<hr \/>\n<p>&nbsp;<\/p>\n<blockquote>\n<h3>IL LUPO IN PASSEGGIATA TRA LE ABITAZIONI DI CENCENIGHE<\/h3>\n<\/blockquote>\n<p><strong>REDAZIONE<\/strong> Riceviamo e pubblichiamo un video di Thomas Soppera che ieri mattina ha avvistato il lupo a Cencenighe. Il predatore si aggira tra le abitazioni.<\/p>\n<div style=\"width: 848px;\" class=\"wp-video\"><video class=\"wp-video-shortcode\" id=\"video-418541-1\" width=\"848\" height=\"480\" preload=\"metadata\" controls=\"controls\"><source type=\"video\/mp4\" src=\"https:\/\/www.radiopiu.net\/wordpress\/wp-content\/uploads\/2024\/11\/WhatsApp-Video-2024-11-08-at-08.16.30.mp4?_=1\" \/><a href=\"https:\/\/www.radiopiu.net\/wordpress\/wp-content\/uploads\/2024\/11\/WhatsApp-Video-2024-11-08-at-08.16.30.mp4\">https:\/\/www.radiopiu.net\/wordpress\/wp-content\/uploads\/2024\/11\/WhatsApp-Video-2024-11-08-at-08.16.30.mp4<\/a><\/video><\/div>\n<p>&nbsp;<\/p>\n<hr \/>\n<p>&nbsp;<\/p>\n<blockquote>\n<h3>SILVIA CESTARO E IL RIORDINO DELLE UNIONI MONTANE<\/h3>\n<\/blockquote>\n<p><strong><a class=\"dt-pswp-item\" href=\"https:\/\/www.radiopiu.net\/wordpress\/wp-content\/uploads\/2024\/03\/CESTARO.jpg\" data-dt-img-description=\"\" data-large_image_width=\"810\" data-large_image_height=\"540\"><img loading=\"lazy\" decoding=\"async\" class=\" wp-image-381549 alignleft\" src=\"https:\/\/www.radiopiu.net\/wordpress\/wp-content\/uploads\/2024\/03\/CESTARO-300x200.jpg\" alt=\"\" width=\"213\" height=\"142\" srcset=\"https:\/\/www.radiopiu.net\/wordpress\/wp-content\/uploads\/2024\/03\/CESTARO-300x200.jpg 300w, https:\/\/www.radiopiu.net\/wordpress\/wp-content\/uploads\/2024\/03\/CESTARO-768x512.jpg 768w, https:\/\/www.radiopiu.net\/wordpress\/wp-content\/uploads\/2024\/03\/CESTARO.jpg 810w\" sizes=\"auto, (max-width: 213px) 100vw, 213px\" \/><\/a>VENEZIA<\/strong> Silvia Cestaro, consigliera regionale dell\u2019Intergruppo Lega \u2013 Liga Veneta, ha partecipato a un incontro sulle Unioni Montane e sul piano di riordino territoriale, insieme all\u2019assessore regionale Francesco Calzavara. Cestaro ha sottolineato l\u2019importanza di un riordino non pi\u00f9 procrastinabile, essenziale per la competitivit\u00e0 dei territori montani. Ha evidenziato la necessit\u00e0 di superare le barriere strutturali che limitano le funzioni associate e di sostenere i piccoli Comuni nel ridurre l&#8217;onere burocratico, aggravato dalla carenza di personale. Ha anche elogiato le Unioni Montane come contesto ideale per consolidare le funzioni comuni, e ha promosso l\u2019adozione di Comunit\u00e0 Energetiche Rinnovabili, fondamentali per uno sviluppo sostenibile. La Regione si impegna quindi a collaborare con gli enti locali per valorizzare ogni territorio.<\/p>\n<p>&nbsp;<\/p>\n<hr \/>\n<p>&nbsp;<\/p>\n<p>&nbsp;<\/p>\n<blockquote>\n<h1>DILLO A RADIO PIU&#8217;&#8230;Identit\u00e0 Ladina e Dibattito: Riflessione sulla Diversit\u00e0 e Unit\u00e0<\/h1>\n<\/blockquote>\n<p>&nbsp;<\/p>\n<p><a class=\"dt-pswp-item\" href=\"https:\/\/www.radiopiu.net\/wordpress\/wp-content\/uploads\/2024\/11\/Senza-nome-46.png\" data-dt-img-description=\"\" data-large_image_width=\"277\" data-large_image_height=\"286\"><img loading=\"lazy\" decoding=\"async\" class=\"wp-image-418769 alignleft\" src=\"https:\/\/www.radiopiu.net\/wordpress\/wp-content\/uploads\/2024\/11\/Senza-nome-46.png\" alt=\"\" width=\"165\" height=\"170\" \/><\/a>Il dibattito sull\u2019identit\u00e0 ladina solleva questioni profonde. Citando il vicesindaco di Livinallongo Gabriele Delmonego, l&#8217;articolo evidenzia come il concetto di &#8220;cultura millenaria&#8221; non sia storicamente\u00a0 corretto e che le vere radici ladine siano secolari.\u00a0 Per Nicola Cassisi (foto), firmatario della riflessione, promuovere una visione unitaria, basata sull&#8217;ascolto e la comprensione, \u00e8 fondamentale per valorizzare il patrimonio culturale condiviso e non alimentare divisioni.<\/p>\n<p><span style=\"color: #ff0000;\"><strong>l&#8217;audio alla RADIOPIU&#8217;<\/strong><\/span><\/p>\n<audio class=\"wp-audio-shortcode\" id=\"audio-418541-13\" preload=\"none\" style=\"width: 100%;\" controls=\"controls\"><source type=\"audio\/mpeg\" src=\"https:\/\/www.radiopiu.net\/wordpress\/wp-content\/uploads\/2024\/11\/audio-alla-radio.mp3?_=13\" \/><a href=\"https:\/\/www.radiopiu.net\/wordpress\/wp-content\/uploads\/2024\/11\/audio-alla-radio.mp3\">https:\/\/www.radiopiu.net\/wordpress\/wp-content\/uploads\/2024\/11\/audio-alla-radio.mp3<\/a><\/audio>\n<p>&nbsp;<\/p>\n<p><strong>l&#8217;altro IERI ALLA RADIO<\/strong><br \/>\n<strong>di mirko mezzacasa<\/strong><\/p>\n<p>CORTINA REGINA? DELMONEGO LANCIA LA PROPOSTA DEL MARCHIO UNICO PER LE CINQUE VALLATE LADINE<\/p>\n<p><strong><a class=\"dt-pswp-item\" href=\"https:\/\/www.radiopiu.net\/wordpress\/wp-content\/uploads\/2024\/11\/GABRIELE-DEL-MONEGO.png\" data-dt-img-description=\"\" data-large_image_width=\"343\" data-large_image_height=\"343\"><img loading=\"lazy\" decoding=\"async\" class=\"wp-image-418427 alignleft\" src=\"https:\/\/www.radiopiu.net\/wordpress\/wp-content\/uploads\/2024\/11\/GABRIELE-DEL-MONEGO-300x300.png\" alt=\"\" width=\"152\" height=\"152\" srcset=\"https:\/\/www.radiopiu.net\/wordpress\/wp-content\/uploads\/2024\/11\/GABRIELE-DEL-MONEGO-300x300.png 300w, https:\/\/www.radiopiu.net\/wordpress\/wp-content\/uploads\/2024\/11\/GABRIELE-DEL-MONEGO-150x150.png 150w, https:\/\/www.radiopiu.net\/wordpress\/wp-content\/uploads\/2024\/11\/GABRIELE-DEL-MONEGO.png 343w\" sizes=\"auto, (max-width: 152px) 100vw, 152px\" \/><\/a>LIVINALLONGO<\/strong> Non poteva mancare la voce Fodom sulla tematica del giorno. Marmolada o Cortina Regina? Gabriele Delmonego, vicesindaco, operatore turistico del territorio, un giovane dalle ampie vedute dribbla le polemiche e rilancia le proposte.<\/p>\n<p>AUDIO<\/p>\n<audio class=\"wp-audio-shortcode\" id=\"audio-418541-14\" preload=\"none\" style=\"width: 100%;\" controls=\"controls\"><source type=\"audio\/mpeg\" src=\"https:\/\/www.radiopiu.net\/wordpress\/wp-content\/uploads\/2024\/11\/GABRIELE-GRONES.mp3?_=14\" \/><a href=\"https:\/\/www.radiopiu.net\/wordpress\/wp-content\/uploads\/2024\/11\/GABRIELE-GRONES.mp3\">https:\/\/www.radiopiu.net\/wordpress\/wp-content\/uploads\/2024\/11\/GABRIELE-GRONES.mp3<\/a><\/audio>\n<p>&nbsp;<\/p>\n<hr \/>\n<p>&nbsp;<\/p>\n<blockquote>\n<h2>Terremoto Simulato, Magnitudo 4.8: Attivati i Centri di Soccorso in Veneto<\/h2>\n<\/blockquote>\n<p><strong>ESERCITAZIONE DI #PROTEZIONE_CIVILE &#x203c;&#xfe0f;<\/strong><\/p>\n<p><a class=\"dt-pswp-item\" href=\"https:\/\/www.radiopiu.net\/wordpress\/wp-content\/uploads\/2024\/11\/37046200-a241-45ea-8492-94fb054710ab.jpg\" data-dt-img-description=\"\" data-large_image_width=\"1080\" data-large_image_height=\"810\"><img loading=\"lazy\" decoding=\"async\" class=\" wp-image-418756 alignleft\" src=\"https:\/\/www.radiopiu.net\/wordpress\/wp-content\/uploads\/2024\/11\/37046200-a241-45ea-8492-94fb054710ab-300x225.jpg\" alt=\"\" width=\"263\" height=\"197\" srcset=\"https:\/\/www.radiopiu.net\/wordpress\/wp-content\/uploads\/2024\/11\/37046200-a241-45ea-8492-94fb054710ab-300x225.jpg 300w, https:\/\/www.radiopiu.net\/wordpress\/wp-content\/uploads\/2024\/11\/37046200-a241-45ea-8492-94fb054710ab-1024x768.jpg 1024w, https:\/\/www.radiopiu.net\/wordpress\/wp-content\/uploads\/2024\/11\/37046200-a241-45ea-8492-94fb054710ab-768x576.jpg 768w, https:\/\/www.radiopiu.net\/wordpress\/wp-content\/uploads\/2024\/11\/37046200-a241-45ea-8492-94fb054710ab.jpg 1080w\" sizes=\"auto, (max-width: 263px) 100vw, 263px\" \/><\/a>ieri mattina esercitazione di protezione civile ha simulato un terremoto di magnitudo 4.8 sulla scala Richter, coinvolgendo le province di Treviso e Belluno. Immediatamente, sono stati attivati i Centri di Coordinamento Soccorsi (CCS) e i Centri Operativi Comunali (COC) nei 12 comuni interessati.<\/p>\n<p>Gianpaolo Bottaccin, assessore in Regione. &#8220;<em>L\u2019obiettivo era testare le procedure d\u2019emergenza e verificare la prontezza delle squadre di soccorso. Autorit\u00e0 locali hanno partecipato attivamente, con sopralluoghi sul campo per offrire supporto e assicurarsi che ogni fase venisse gestita come in un vero scenario di crisi. L\u2019esercitazione ha confermato l\u2019importanza della preparazione per rispondere con efficacia a eventi sismici reali e tutelare la sicurezza della popolazione&#8221;\u00a0<\/em><\/p>\n<p>&nbsp;<\/p>\n<hr \/>\n<p>&nbsp;<\/p>\n<blockquote>\n<h2>Belluno: Il Nuovo Centro di Coordinamento Soccorsi Testato per le Emergenze<\/h2>\n<\/blockquote>\n<blockquote><p><em>Il Ccs\u00a0 \u00e8 stato teatro del coordinamento dell\u2019esercitazione regionale denominata &#8220;Terre in movimento 2024&#8221;, che proseguir\u00e0 fino a domenica 10 novembre.<span class=\"gmail-Apple-converted-space\">\u00a0<\/span><\/em><\/p><\/blockquote>\n<p><strong><a class=\"dt-pswp-item\" href=\"https:\/\/www.radiopiu.net\/wordpress\/wp-content\/uploads\/2024\/11\/test-ccs_foto-di-gruppo-scaled.jpg\" data-dt-img-description=\"\" data-large_image_width=\"2560\" data-large_image_height=\"1920\"><img loading=\"lazy\" decoding=\"async\" class=\"size-medium wp-image-418780 alignleft\" src=\"https:\/\/www.radiopiu.net\/wordpress\/wp-content\/uploads\/2024\/11\/test-ccs_foto-di-gruppo-300x225.jpg\" alt=\"\" width=\"300\" height=\"225\" srcset=\"https:\/\/www.radiopiu.net\/wordpress\/wp-content\/uploads\/2024\/11\/test-ccs_foto-di-gruppo-300x225.jpg 300w, https:\/\/www.radiopiu.net\/wordpress\/wp-content\/uploads\/2024\/11\/test-ccs_foto-di-gruppo-1024x768.jpg 1024w, https:\/\/www.radiopiu.net\/wordpress\/wp-content\/uploads\/2024\/11\/test-ccs_foto-di-gruppo-768x576.jpg 768w, https:\/\/www.radiopiu.net\/wordpress\/wp-content\/uploads\/2024\/11\/test-ccs_foto-di-gruppo-1536x1152.jpg 1536w, https:\/\/www.radiopiu.net\/wordpress\/wp-content\/uploads\/2024\/11\/test-ccs_foto-di-gruppo-2048x1536.jpg 2048w\" sizes=\"auto, (max-width: 300px) 100vw, 300px\" \/><\/a>BELLUNO<\/strong> Il nuovo Centro di Coordinamento Soccorsi (Ccs) di Belluno ha superato con successo il primo test operativo, durante l&#8217;esercitazione regionale &#8220;Terre in movimento 2024&#8221;. Situato vicino al comando provinciale dei vigili del fuoco, il Ccs \u00e8 stato progettato per resistere a calamit\u00e0 estreme, grazie alla struttura antisismica e ai pannelli solari per l\u2019autosufficienza energetica. L&#8217;iniziativa, nata dopo la tempesta Vaia, \u00e8 frutto di una collaborazione tra Provincia e Prefettura con un investimento di 1,2 milioni di euro. Il presidente Roberto Padrin ha elogiato la sinergia e l\u2019efficacia della struttura, esprimendo l\u2019augurio che venga usata il meno possibile per evitare emergenze gravi.\u00a0 <em>\u00abNon appena completate le aree esterne, potremo procedere con l\u2019inaugurazione, cos\u00ec da avere un Ccs, gi\u00e0 oggi completamente funzionante, anche bello da vedere\u00bb<\/em> afferma Massimo Bortoluzzi, consigliere provinciale delegato alla Protezione Civile.<\/p>\n<p>&nbsp;<\/p>\n<hr \/>\n<p>&nbsp;<\/p>\n<blockquote>\n<h3>LA PROVINCIA CONVOCA GLI ENTI LOCALI<\/h3>\n<\/blockquote>\n<p><strong><a class=\"dt-pswp-item\" href=\"https:\/\/www.radiopiu.net\/wordpress\/wp-content\/uploads\/2020\/06\/palazzo_piloni_belluno.jpg\" data-dt-img-description=\"\" data-large_image_width=\"1000\" data-large_image_height=\"667\"><img loading=\"lazy\" decoding=\"async\" class=\" wp-image-144771 alignleft\" src=\"https:\/\/www.radiopiu.net\/wordpress\/wp-content\/uploads\/2020\/06\/palazzo_piloni_belluno-300x200.jpg\" alt=\"\" width=\"210\" height=\"140\" srcset=\"https:\/\/www.radiopiu.net\/wordpress\/wp-content\/uploads\/2020\/06\/palazzo_piloni_belluno-300x200.jpg 300w, https:\/\/www.radiopiu.net\/wordpress\/wp-content\/uploads\/2020\/06\/palazzo_piloni_belluno-768x512.jpg 768w, https:\/\/www.radiopiu.net\/wordpress\/wp-content\/uploads\/2020\/06\/palazzo_piloni_belluno.jpg 1000w\" sizes=\"auto, (max-width: 210px) 100vw, 210px\" \/><\/a>BELLUNO<\/strong> La Provincia di Belluno terr\u00e0 un tavolo strategico degli enti locali il 26 novembre per definire una nuova governance per la montagna bellunese, come annunciato dal presidente Roberto Padrin. Durante un convegno organizzato da Uncem, si \u00e8 discusso del futuro delle Unioni Montane (Um), dei servizi, e del riordino territoriale in corso da parte della Regione. Padrin ha spiegato che il tavolo coinvolger\u00e0 il territorio per proporre un piano di riordino che risponda alle esigenze specifiche delle zone montane. La Regione punta a ridurre il numero delle Um per creare economie di scala, ma \u00e8 fondamentale garantire risorse e funzioni chiare a questi enti. Si mira anche a migliorare la distribuzione di risorse e personale, con la Provincia che avr\u00e0 un ruolo di coordinamento per una governance efficiente.<\/p>\n<p>&nbsp;<\/p>\n<hr \/>\n<p>&nbsp;<\/p>\n<div class=\"flex-shrink-0 flex flex-col relative items-end\">\n<div>\n<div class=\"pt-0\">\n<div class=\"gizmo-bot-avatar flex h-8 w-8 items-center justify-center overflow-hidden rounded-full\">\n<div class=\"relative p-1 rounded-sm flex items-center justify-center bg-token-main-surface-primary text-token-text-primary h-8 w-8\"><\/div>\n<\/div>\n<\/div>\n<\/div>\n<\/div>\n<div class=\"group\/conversation-turn relative flex w-full min-w-0 flex-col agent-turn\">\n<div class=\"flex-col gap-1 md:gap-3\">\n<div class=\"flex max-w-full flex-col flex-grow\">\n<div class=\"min-h-8 text-message flex w-full flex-col items-end gap-2 whitespace-normal break-words [.text-message+&amp;]:mt-5\" dir=\"auto\" data-message-author-role=\"assistant\" data-message-id=\"8f9ecbd3-57dd-42cd-b26a-ada3ea647beb\" data-message-model-slug=\"gpt-4o\">\n<div class=\"flex w-full flex-col gap-1 empty:hidden first:pt-[3px]\">\n<div class=\"markdown prose w-full break-words dark:prose-invert dark\">\n<blockquote>\n<h3>Cipa Sostiene le Aziende con il Registro Digitale per la Tracciabilit\u00e0 dei Rifiuti<\/h3>\n<\/blockquote>\n<p><strong>BELLUNO<\/strong> Dal 13 febbraio 2025, le aziende dovranno iscriversi al \u201cRentri\u201d, il nuovo Registro Elettronico per la Tracciabilit\u00e0 dei Rifiuti. Cipa, con il presidente Luca Barbini, supporta questa transizione con un seminario gratuito il 13 novembre e lo sportello \u201cCipaRentri\u201d. Il nuovo sistema digitale eliminer\u00e0 gli adempimenti cartacei, unendo sostenibilit\u00e0 e innovazione.<\/p>\n<\/div>\n<\/div>\n<\/div>\n<\/div>\n<\/div>\n<\/div>\n<p>&nbsp;<\/p>\n<hr \/>\n<p>&nbsp;<\/p>\n<blockquote>\n<h3>L&#8217;EX PARACADUTISTA WILLIAM DA ROIT TORNA DOPO 40 ANNI ALLA CASERMA VANNUCCI DI LIVORNO<\/h3>\n<\/blockquote>\n<p><strong>LA VALLE<\/strong> Dopo quasi 40 anni William Da Roit ritorna a Livorno dai Paracadutisti della Folgore. Verso la fine degli anni \u201880 \u00e8 stato uno dei primi, e rari, agordini ad essersi arruolato nel corpo d\u2019\u00e9lite dell\u2019Esercito seguendo le orme del suo compaesano di La Valle Agordina, Nilo Rosson uno dei Leoni della Folgore, reduce della battaglia di El Alamein durante la seconda guerra mondiale. &#8220;Ieri sono passato a Pisa alla scuola di formazione dei futuri par\u00e0, oggi sono qui alla caserma Vannucci, a Livorno, che \u00e8 il quartier generale della Brigata paracadutisti della Folgore e ritornarci dopo tanti anni \u00e8 davvero una forte emozione &#8211; racconta William &#8211; qui con una disciplina severa ed un\u2019addestramento duro e impegnativo ho forgiato la mia anima e il mio corpo. Si rimane paracadutisti per sempre, ne sono convinto. Una curiosit\u00e0: a Livorno ci sono arrivato partendo da casa e pedalando per pi\u00f9 di 500 km in compagnia del Dottor Bike&#8221;.<\/p>\n<p>&nbsp;<\/p>\n<p><strong>audio alla radio.. 9.20<\/strong><\/p>\n<audio class=\"wp-audio-shortcode\" id=\"audio-418541-15\" preload=\"none\" style=\"width: 100%;\" controls=\"controls\"><source type=\"audio\/mpeg\" src=\"https:\/\/www.radiopiu.net\/wordpress\/wp-content\/uploads\/2024\/11\/william-livorno.mp3?_=15\" \/><a href=\"https:\/\/www.radiopiu.net\/wordpress\/wp-content\/uploads\/2024\/11\/william-livorno.mp3\">https:\/\/www.radiopiu.net\/wordpress\/wp-content\/uploads\/2024\/11\/william-livorno.mp3<\/a><\/audio>\n<p>&nbsp;<\/p>\n<p><span style=\"color: #ff0000;\"><strong>DALLA MESSAGGERIA DI RADIO PIU&#8217;<\/strong><\/span><\/p>\n<p>Ciao, sono Francesco di Alleghe (Vasco). Ho appena sentito parlare un paracadutista della Folgore&#8230; \u00e8 stato bello ascoltarlo. Mi piace ricordare con orgoglio che mio padre, Lorenzo De Toni, classe 1934, \u00e8 stato il primo alpino paracadutista di Alleghe. Me lo diceva sempre con fierezza: \u201cCome folgore dal cielo\u2026\u201d<\/p>\n\n\t\t\t<style type='text\/css'>\n\t\t\t\t#gallery-3 {\n\t\t\t\t\tmargin: auto;\n\t\t\t\t}\n\t\t\t\t#gallery-3 .gallery-item {\n\t\t\t\t\tfloat: left;\n\t\t\t\t\tmargin-top: 10px;\n\t\t\t\t\ttext-align: center;\n\t\t\t\t\twidth: 20%;\n\t\t\t\t}\n\t\t\t\t#gallery-3 img {\n\t\t\t\t\tborder: 2px solid #cfcfcf;\n\t\t\t\t}\n\t\t\t\t#gallery-3 .gallery-caption {\n\t\t\t\t\tmargin-left: 0;\n\t\t\t\t}\n\t\t\t\t\/* see gallery_shortcode() in wp-includes\/media.php *\/\n\t\t\t<\/style>\n\t\t<div id='gallery-3' class='dt-gallery-container gallery galleryid-418541 gallery-columns-5 gallery-size-thumbnail'><dl class='gallery-item'>\n\t\t\t\t<dt class='gallery-icon landscape'>\n\t\t\t\t\t<a class=\"rollover rollover-zoom dt-pswp-item\" title=\"6a6bad7c-9e51-482c-8b31-a471c33f07fe\" data-dt-img-description=\"\" data-large_image_width=\"700\" data-large_image_height=\"500\"href='https:\/\/www.radiopiu.net\/wordpress\/wp-content\/uploads\/2024\/11\/6a6bad7c-9e51-482c-8b31-a471c33f07fe.jpg'><img loading=\"lazy\" decoding=\"async\" width=\"150\" height=\"150\" src=\"https:\/\/www.radiopiu.net\/wordpress\/wp-content\/uploads\/2024\/11\/6a6bad7c-9e51-482c-8b31-a471c33f07fe-150x150.jpg\" class=\"attachment-thumbnail size-thumbnail\" alt=\"\" \/><\/a>\n\t\t\t\t<\/dt><\/dl><dl class='gallery-item'>\n\t\t\t\t<dt class='gallery-icon portrait'>\n\t\t\t\t\t<a class=\"rollover rollover-zoom dt-pswp-item\" title=\"13ec0e9f-153d-4ee2-b88e-daf7b957cc31\" data-dt-img-description=\"\" data-large_image_width=\"1200\" data-large_image_height=\"1600\"href='https:\/\/www.radiopiu.net\/wordpress\/wp-content\/uploads\/2024\/11\/13ec0e9f-153d-4ee2-b88e-daf7b957cc31.jpg'><img loading=\"lazy\" decoding=\"async\" width=\"150\" height=\"150\" src=\"https:\/\/www.radiopiu.net\/wordpress\/wp-content\/uploads\/2024\/11\/13ec0e9f-153d-4ee2-b88e-daf7b957cc31-150x150.jpg\" class=\"attachment-thumbnail size-thumbnail\" alt=\"\" \/><\/a>\n\t\t\t\t<\/dt><\/dl><dl class='gallery-item'>\n\t\t\t\t<dt class='gallery-icon landscape'>\n\t\t\t\t\t<a class=\"rollover rollover-zoom dt-pswp-item\" title=\"68404111-2f4a-4c0e-a024-36e45b4b5690\" data-dt-img-description=\"\" data-large_image_width=\"1200\" data-large_image_height=\"900\"href='https:\/\/www.radiopiu.net\/wordpress\/wp-content\/uploads\/2024\/11\/68404111-2f4a-4c0e-a024-36e45b4b5690.jpg'><img loading=\"lazy\" decoding=\"async\" width=\"150\" height=\"150\" src=\"https:\/\/www.radiopiu.net\/wordpress\/wp-content\/uploads\/2024\/11\/68404111-2f4a-4c0e-a024-36e45b4b5690-150x150.jpg\" class=\"attachment-thumbnail size-thumbnail\" alt=\"\" \/><\/a>\n\t\t\t\t<\/dt><\/dl><dl class='gallery-item'>\n\t\t\t\t<dt class='gallery-icon portrait'>\n\t\t\t\t\t<a class=\"rollover rollover-zoom dt-pswp-item\" title=\"c4a6e7a5-bc8a-4025-9673-ebee57c0c786\" data-dt-img-description=\"\" data-large_image_width=\"1200\" data-large_image_height=\"1600\"href='https:\/\/www.radiopiu.net\/wordpress\/wp-content\/uploads\/2024\/11\/c4a6e7a5-bc8a-4025-9673-ebee57c0c786.jpg'><img loading=\"lazy\" decoding=\"async\" width=\"150\" height=\"150\" src=\"https:\/\/www.radiopiu.net\/wordpress\/wp-content\/uploads\/2024\/11\/c4a6e7a5-bc8a-4025-9673-ebee57c0c786-150x150.jpg\" class=\"attachment-thumbnail size-thumbnail\" alt=\"\" \/><\/a>\n\t\t\t\t<\/dt><\/dl><dl class='gallery-item'>\n\t\t\t\t<dt class='gallery-icon landscape'>\n\t\t\t\t\t<a class=\"rollover rollover-zoom dt-pswp-item\" title=\"63c3d2ca-6f66-439d-a393-0117545c5977\" data-dt-img-description=\"\" data-large_image_width=\"1600\" data-large_image_height=\"1061\"href='https:\/\/www.radiopiu.net\/wordpress\/wp-content\/uploads\/2024\/11\/63c3d2ca-6f66-439d-a393-0117545c5977.jpg'><img loading=\"lazy\" decoding=\"async\" width=\"150\" height=\"150\" src=\"https:\/\/www.radiopiu.net\/wordpress\/wp-content\/uploads\/2024\/11\/63c3d2ca-6f66-439d-a393-0117545c5977-150x150.jpg\" class=\"attachment-thumbnail size-thumbnail\" alt=\"\" \/><\/a>\n\t\t\t\t<\/dt><\/dl><br style=\"clear: both\" \/>\n\t\t\t<\/div>\n\n<p>&nbsp;<\/p>\n<hr \/>\n<p>&nbsp;<\/p>\n<blockquote>\n<h3>IL 106\u00b0 ANNIVERSARIO DALLA FINE DELLA PRIMA GUERRA MONDIALE<\/h3>\n<\/blockquote>\n<p><strong>LONGARONE<\/strong> Domani la commemorazione per l&#8217;Unit\u00e0 Nazionale in occasione del 106\u00ba anniversario della fine della Prima Guerra Mondiale. L&#8217;amministrazione comunale invita i cittadini a partecipare alla cerimonia, che si terr\u00e0 domenica 10 novembre 2024 alle ore 10:30 a Castellavazzo. L&#8217;evento include una messa nella Chiesa Parrocchiale dei Santi Quirico e Giulitta, seguita dalla benedizione al Monumento ai Caduti delle due guerre mondiali.<\/p>\n<p>&nbsp;<\/p>\n<p>&nbsp;<\/p>\n<hr \/>\n<p>&nbsp;<\/p>\n<blockquote>\n<h3>IL RIFUGIO VISENTIN SUL NEVEGAL<\/h3>\n<\/blockquote>\n<p><strong><a class=\"dt-pswp-item\" href=\"https:\/\/www.radiopiu.net\/wordpress\/wp-content\/uploads\/2024\/11\/RIFUGIO-VISENTIN.png\" data-dt-img-description=\"\" data-large_image_width=\"559\" data-large_image_height=\"637\"><img loading=\"lazy\" decoding=\"async\" class=\" wp-image-418692 alignleft\" src=\"https:\/\/www.radiopiu.net\/wordpress\/wp-content\/uploads\/2024\/11\/RIFUGIO-VISENTIN-263x300.png\" alt=\"\" width=\"141\" height=\"161\" srcset=\"https:\/\/www.radiopiu.net\/wordpress\/wp-content\/uploads\/2024\/11\/RIFUGIO-VISENTIN-263x300.png 263w, https:\/\/www.radiopiu.net\/wordpress\/wp-content\/uploads\/2024\/11\/RIFUGIO-VISENTIN.png 559w\" sizes=\"auto, (max-width: 141px) 100vw, 141px\" \/><\/a>BELLUNO<\/strong> Il Neveg\u00e0l, con i suoi scenari incantevoli, \u00e8 un luogo caro ai bellunesi, che lo considerano punto di partenza e meta per esplorazioni e momenti di riflessione. Al centro della scena svetta il faro del Visentin, situato a 1764 metri sul Col Visentin, offrendo una vista che si estende dalla laguna di Venezia alle Dolomiti. Tuttavia, il faro e il vicino rifugio sono oggi intrappolati tra ostacoli burocratici che ne ostacolano la manutenzione e la valorizzazione, nonostante l\u2019interesse di associazioni locali e attivisti, tra cui Paolo Garaboni dell&#8217;A.S.D. Nevegallika. Garaboni, insieme ad altri appassionati, continua a lottare per la riattivazione del faro, desiderando che possa diventare non solo un simbolo di memoria, ma anche un punto d\u2019incontro per escursionisti e amanti della montagna, cos\u00ec da creare nuovi ricordi e storie in un ambiente che rappresenta un patrimonio di inestimabile valore per la comunit\u00e0.<\/p>\n<p>&nbsp;<\/p>\n<p>&nbsp;<\/p>\n<hr \/>\n<p>&nbsp;<\/p>\n<p>&nbsp;<\/p>\n<blockquote>\n<h1>A PIEVE DI LIVINALLONGO IL RITROVO DELL&#8217;AGORDINO CANORO<strong style=\"font-size: 14px;\">\u00a0<\/strong><\/h1>\n<\/blockquote>\n<p>&nbsp;<\/p>\n<p><strong><img loading=\"lazy\" decoding=\"async\" class=\"aligncenter\" src=\"https:\/\/www.radiopiu.net\/wordpress\/wp-content\/uploads\/2024\/01\/coro-fodom.jpg\" width=\"402\" height=\"257\" \/><\/strong><\/p>\n<p><strong>DI LORENZO SORATROI<\/strong><\/p>\n<audio class=\"wp-audio-shortcode\" id=\"audio-418541-16\" preload=\"none\" style=\"width: 100%;\" controls=\"controls\"><source type=\"audio\/mpeg\" src=\"https:\/\/www.radiopiu.net\/wordpress\/wp-content\/uploads\/2024\/11\/lorenzo-stasera.mp3?_=16\" \/><a href=\"https:\/\/www.radiopiu.net\/wordpress\/wp-content\/uploads\/2024\/11\/lorenzo-stasera.mp3\">https:\/\/www.radiopiu.net\/wordpress\/wp-content\/uploads\/2024\/11\/lorenzo-stasera.mp3<\/a><\/audio>\n<p>&nbsp;<\/p>\n<hr \/>\n<p>&nbsp;<\/p>\n<p>&nbsp;<\/p>\n<hr \/>\n<div class=\"flex-shrink-0 flex flex-col relative items-end\">\n<div>\n<div class=\"pt-0\">\n<div class=\"gizmo-bot-avatar flex h-8 w-8 items-center justify-center overflow-hidden rounded-full\">\n<div class=\"relative p-1 rounded-sm flex items-center justify-center bg-token-main-surface-primary text-token-text-primary h-8 w-8\"><\/div>\n<\/div>\n<\/div>\n<\/div>\n<\/div>\n<div class=\"group\/conversation-turn relative flex w-full min-w-0 flex-col agent-turn\">\n<div class=\"flex-col gap-1 md:gap-3\">\n<div class=\"flex max-w-full flex-col flex-grow\">\n<div class=\"min-h-8 text-message flex w-full flex-col items-end gap-2 whitespace-normal break-words [.text-message+&amp;]:mt-5\" dir=\"auto\" data-message-author-role=\"assistant\" data-message-id=\"fdde4275-afec-413f-89e1-f38dac9f78b8\" data-message-model-slug=\"gpt-4o\">\n<div class=\"flex w-full flex-col gap-1 empty:hidden first:pt-[3px]\">\n<div class=\"markdown prose w-full break-words dark:prose-invert dark\">\n<blockquote>\n<h3><strong>Val di Zoldo celebra i ricordi con Michelangelo Corazza<\/strong><\/h3>\n<\/blockquote>\n<p><strong>VAL DI ZOLDO<\/strong> Oggi alle 17 a Fusine, Michelangelo Corazza, noto gelatiere, scrittore e presidente della Famiglia emigranti, gi\u00e0 voce dell&#8217;hockey a radiopiu negli anni Ottanta, presenter\u00e0 il suo 47\u00b0 libro, <em>Un albero di ricordi. La storia di Giovanni e battute in osteria<\/em>. L&#8217;opera \u00e8 un omaggio alla Val di Zoldo, con fotografie in bianco e nero che ne esaltano la memoria collettiva.<\/p>\n<\/div>\n<\/div>\n<\/div>\n<\/div>\n<\/div>\n<\/div>\n<p>&nbsp;<\/p>\n<hr \/>\n<p>&nbsp;<\/p>\n<blockquote>\n<h3>LA FAMOSA INVASIONE DEGLI ORSI ORA TRADOTTA IN SARDO<\/h3>\n<\/blockquote>\n<p><strong><a class=\"dt-pswp-item\" href=\"https:\/\/www.radiopiu.net\/wordpress\/wp-content\/uploads\/2024\/11\/Invasione-orsi-Buzzati-tradotta-in-sardo.jpg\" data-dt-img-description=\"\" data-large_image_width=\"1131\" data-large_image_height=\"1600\"><img loading=\"lazy\" decoding=\"async\" class=\" wp-image-418694 alignleft\" src=\"https:\/\/www.radiopiu.net\/wordpress\/wp-content\/uploads\/2024\/11\/Invasione-orsi-Buzzati-tradotta-in-sardo-212x300.jpg\" alt=\"\" width=\"111\" height=\"157\" srcset=\"https:\/\/www.radiopiu.net\/wordpress\/wp-content\/uploads\/2024\/11\/Invasione-orsi-Buzzati-tradotta-in-sardo-212x300.jpg 212w, https:\/\/www.radiopiu.net\/wordpress\/wp-content\/uploads\/2024\/11\/Invasione-orsi-Buzzati-tradotta-in-sardo-724x1024.jpg 724w, https:\/\/www.radiopiu.net\/wordpress\/wp-content\/uploads\/2024\/11\/Invasione-orsi-Buzzati-tradotta-in-sardo-768x1086.jpg 768w, https:\/\/www.radiopiu.net\/wordpress\/wp-content\/uploads\/2024\/11\/Invasione-orsi-Buzzati-tradotta-in-sardo-1086x1536.jpg 1086w, https:\/\/www.radiopiu.net\/wordpress\/wp-content\/uploads\/2024\/11\/Invasione-orsi-Buzzati-tradotta-in-sardo.jpg 1131w\" sizes=\"auto, (max-width: 111px) 100vw, 111px\" \/><\/a>BELLUNO<\/strong> \u201cLa famosa invasione degli orsi in Sicilia\u201d di Dino Buzzati \u00e8 stata tradotta per la prima volta in sardo campidanese centrale, diventando la 38\u00aa lingua in cui \u00e8 disponibile quest\u2019opera, grazie all&#8217;impegno della Fondazione \u201cGiuseppe Siotto\u201d di Cagliari. La traduzione, curata da Antonella Puddu e corretta da Riccardo Pittau, nasce dalla passione di Francesco Accardo, direttore della Fondazione Siotto e manager della Corte delle Dolomiti, e Laura Fortuna, attrice teatrale e curatrice dell&#8217;edizione. La versione sarda presenta una veste grafica unica: un flip book con illustrazioni di Emiliano Serreli, ispirate a quelle originali di Buzzati. La presentazione ufficiale si terr\u00e0 il 15 novembre a Cagliari, con la partecipazione di esperti di lingua sarda e rappresentanti dell\u2019Associazione Dino Buzzati. Accardo intende inoltre promuovere il libro anche nel Bellunese, rafforzando i legami tra Belluno e Sardegna.<\/p>\n<p>&nbsp;<\/p>\n<p>&nbsp;<\/p>\n<hr \/>\n<p>&nbsp;<\/p>\n<blockquote>\n<h3>LA DONAZIONE DI UNIFARCO AL LIBRO PARLATO DI FELTRE<\/h3>\n<\/blockquote>\n<p><strong>FELTRE<\/strong> Il 7 novembre, Ivan Mazzier, dipendente di Unifarco, ha consegnato al Centro Internazionale del Libro Parlato di Feltre una donazione di 620 euro raccolti con alcuni colleghi durante una cena con tombola. La sua azienda ha aggiunto altri 1.000 euro per sostenere l\u2019associazione. Il Consiglio Direttivo del Libro Parlato ha deciso di usare i fondi per coprire le spese di viaggio dei \u201cLibri Parlanti\u201d, volontari che leggono per gli anziani nelle residenze. Durante l\u2019incontro, Maria Lieb Rebuli, utente dell\u2019associazione e grande appassionata di audiolibri, ha ringraziato i volontari per il loro lavoro. Mazzier, colpito dalla testimonianza, ha espresso il desiderio di insegnare la danza kizomba a una persona non vedente, iniziativa sostenuta dalla Presidente Luisa Alchini per promuovere inclusione e solidariet\u00e0.<\/p>\n\n\t\t\t<style type='text\/css'>\n\t\t\t\t#gallery-4 {\n\t\t\t\t\tmargin: auto;\n\t\t\t\t}\n\t\t\t\t#gallery-4 .gallery-item {\n\t\t\t\t\tfloat: left;\n\t\t\t\t\tmargin-top: 10px;\n\t\t\t\t\ttext-align: center;\n\t\t\t\t\twidth: 25%;\n\t\t\t\t}\n\t\t\t\t#gallery-4 img {\n\t\t\t\t\tborder: 2px solid #cfcfcf;\n\t\t\t\t}\n\t\t\t\t#gallery-4 .gallery-caption {\n\t\t\t\t\tmargin-left: 0;\n\t\t\t\t}\n\t\t\t\t\/* see gallery_shortcode() in wp-includes\/media.php *\/\n\t\t\t<\/style>\n\t\t<div id='gallery-4' class='dt-gallery-container gallery galleryid-418541 gallery-columns-4 gallery-size-thumbnail'><dl class='gallery-item'>\n\t\t\t\t<dt class='gallery-icon landscape'>\n\t\t\t\t\t<a class=\"rollover rollover-zoom dt-pswp-item\" title=\"foto1\" data-dt-img-description=\"\" data-large_image_width=\"1600\" data-large_image_height=\"1324\"href='https:\/\/www.radiopiu.net\/wordpress\/wp-content\/uploads\/2024\/11\/foto1.jpg'><img loading=\"lazy\" decoding=\"async\" width=\"150\" height=\"150\" src=\"https:\/\/www.radiopiu.net\/wordpress\/wp-content\/uploads\/2024\/11\/foto1-150x150.jpg\" class=\"attachment-thumbnail size-thumbnail\" alt=\"\" \/><\/a>\n\t\t\t\t<\/dt><\/dl><dl class='gallery-item'>\n\t\t\t\t<dt class='gallery-icon landscape'>\n\t\t\t\t\t<a class=\"rollover rollover-zoom dt-pswp-item\" title=\"Foto2\" data-dt-img-description=\"\" data-large_image_width=\"2048\" data-large_image_height=\"1537\"href='https:\/\/www.radiopiu.net\/wordpress\/wp-content\/uploads\/2024\/11\/Foto2.jpg'><img loading=\"lazy\" decoding=\"async\" width=\"150\" height=\"150\" src=\"https:\/\/www.radiopiu.net\/wordpress\/wp-content\/uploads\/2024\/11\/Foto2-150x150.jpg\" class=\"attachment-thumbnail size-thumbnail\" alt=\"\" \/><\/a>\n\t\t\t\t<\/dt><\/dl><dl class='gallery-item'>\n\t\t\t\t<dt class='gallery-icon landscape'>\n\t\t\t\t\t<a class=\"rollover rollover-zoom dt-pswp-item\" title=\"Foto3\" data-dt-img-description=\"\" data-large_image_width=\"1599\" data-large_image_height=\"899\"href='https:\/\/www.radiopiu.net\/wordpress\/wp-content\/uploads\/2024\/11\/Foto3.jpg'><img loading=\"lazy\" decoding=\"async\" width=\"150\" height=\"150\" src=\"https:\/\/www.radiopiu.net\/wordpress\/wp-content\/uploads\/2024\/11\/Foto3-150x150.jpg\" class=\"attachment-thumbnail size-thumbnail\" alt=\"\" \/><\/a>\n\t\t\t\t<\/dt><\/dl><dl class='gallery-item'>\n\t\t\t\t<dt class='gallery-icon portrait'>\n\t\t\t\t\t<a class=\"rollover rollover-zoom dt-pswp-item\" title=\"Foto4\" data-dt-img-description=\"\" data-large_image_width=\"1218\" data-large_image_height=\"1353\"href='https:\/\/www.radiopiu.net\/wordpress\/wp-content\/uploads\/2024\/11\/Foto4.jpg'><img loading=\"lazy\" decoding=\"async\" width=\"150\" height=\"150\" src=\"https:\/\/www.radiopiu.net\/wordpress\/wp-content\/uploads\/2024\/11\/Foto4-150x150.jpg\" class=\"attachment-thumbnail size-thumbnail\" alt=\"\" \/><\/a>\n\t\t\t\t<\/dt><\/dl><br style=\"clear: both\" \/>\n\t\t\t<\/div>\n\n<p>&nbsp;<\/p>\n<hr \/>\n<p>&nbsp;<\/p>\n<blockquote>\n<h3>UN ALTRO PREMIO PER CATERINA MOLIN AL CONTEST DI ANCONA<\/h3>\n<\/blockquote>\n<p><strong>REDAZIONE<\/strong> <a href=\"https:\/\/www.facebook.com\/caterina.molin.9\">Caterina Molin<\/a>, talentuosa tatuatrice originaria di Belluno e membro affermato del rinomato <a href=\"https:\/\/www.facebook.com\/santos.tattooo\">Santos Tattoo<\/a> di Gallarate (Varese) , ha conquistato un altro prestigioso riconoscimento vincendo il contest di Ancona. Questo premio rappresenta un ulteriore traguardo nella sua carriera gi\u00e0 costellata di successi, rafforzando il suo ruolo di figura di spicco all&#8217;interno del noto studio italiano.<a href=\"https:\/\/www.facebook.com\/caterina.molin.9\"> Molin,<\/a> amata per la sua creativit\u00e0 e tecnica, festegger\u00e0 questa nuova vittoria insieme ai colleghi dello <a href=\"https:\/\/www.facebook.com\/@santostat2\/\">studio<\/a>, confermando ancora una volta il suo talento e la sua dedizione all&#8217;arte del tatuaggio.<\/p>\n<div style=\"width: 848px;\" class=\"wp-video\"><video class=\"wp-video-shortcode\" id=\"video-418541-2\" width=\"848\" height=\"480\" preload=\"metadata\" controls=\"controls\"><source type=\"video\/mp4\" src=\"https:\/\/www.radiopiu.net\/wordpress\/wp-content\/uploads\/2024\/11\/WhatsApp-Video-2024-11-08-at-22.26.46.mp4?_=2\" \/><a href=\"https:\/\/www.radiopiu.net\/wordpress\/wp-content\/uploads\/2024\/11\/WhatsApp-Video-2024-11-08-at-22.26.46.mp4\">https:\/\/www.radiopiu.net\/wordpress\/wp-content\/uploads\/2024\/11\/WhatsApp-Video-2024-11-08-at-22.26.46.mp4<\/a><\/video><\/div>\n<p>&nbsp;<\/p>\n<hr \/>\n<p>&nbsp;<\/p>\n<blockquote>\n<h3>GLI STUDENTI DELLA NIEVO DI BELLUNO IN VISITA AL MIM<\/h3>\n<\/blockquote>\n<p><strong><a class=\"dt-pswp-item\" href=\"https:\/\/www.radiopiu.net\/wordpress\/wp-content\/uploads\/2024\/11\/20241107_120927-scaled.jpg\" data-dt-img-description=\"\" data-large_image_width=\"2560\" data-large_image_height=\"1440\"><img loading=\"lazy\" decoding=\"async\" class=\" wp-image-418805 alignleft\" src=\"https:\/\/www.radiopiu.net\/wordpress\/wp-content\/uploads\/2024\/11\/20241107_120927-300x169.jpg\" alt=\"\" width=\"213\" height=\"120\" srcset=\"https:\/\/www.radiopiu.net\/wordpress\/wp-content\/uploads\/2024\/11\/20241107_120927-300x169.jpg 300w, https:\/\/www.radiopiu.net\/wordpress\/wp-content\/uploads\/2024\/11\/20241107_120927-1024x576.jpg 1024w, https:\/\/www.radiopiu.net\/wordpress\/wp-content\/uploads\/2024\/11\/20241107_120927-768x432.jpg 768w, https:\/\/www.radiopiu.net\/wordpress\/wp-content\/uploads\/2024\/11\/20241107_120927-1536x864.jpg 1536w, https:\/\/www.radiopiu.net\/wordpress\/wp-content\/uploads\/2024\/11\/20241107_120927-2048x1152.jpg 2048w\" sizes=\"auto, (max-width: 213px) 100vw, 213px\" \/><\/a>BELLUNO<\/strong> Gli studenti di terza media della scuola &#8220;Nievo&#8221; di Belluno hanno visitato il MiM Belluno, il Museo Interattivo delle Migrazioni, per un percorso educativo sull\u2019emigrazione italiana e bellunese dal 1876 al 1976. L\u2019esperienza, arricchita da video e testimonianze dirette, ha reso vivi i racconti di gelatieri, minatori emigrati. La visita si \u00e8 conclusa con un laboratorio in cui gli studenti hanno potuto porre domande in inglese, spagnolo e tedesco a testimoni di vita all&#8217;estero. Il direttore del museo, Marco Crepaz, ha elogiato l\u2019interattivit\u00e0 del MiM e ha invitato altre scuole a partecipare.<\/p>\n<p>&nbsp;<\/p>\n<p>&nbsp;<\/p>\n<hr \/>\n<p>&nbsp;<\/p>\n<blockquote>\n<h3>LA MESSA DEGLI EMIGRANTI DEI BELLUNESI DEL NORD RENO<\/h3>\n<\/blockquote>\n<p><strong><a class=\"dt-pswp-item\" href=\"https:\/\/www.radiopiu.net\/wordpress\/wp-content\/uploads\/2024\/11\/IMG-20241108-WA0008.jpg\" data-dt-img-description=\"\" data-large_image_width=\"1600\" data-large_image_height=\"1200\"><img loading=\"lazy\" decoding=\"async\" class=\" wp-image-418807 alignleft\" src=\"https:\/\/www.radiopiu.net\/wordpress\/wp-content\/uploads\/2024\/11\/IMG-20241108-WA0008-300x225.jpg\" alt=\"\" width=\"148\" height=\"111\" srcset=\"https:\/\/www.radiopiu.net\/wordpress\/wp-content\/uploads\/2024\/11\/IMG-20241108-WA0008-300x225.jpg 300w, https:\/\/www.radiopiu.net\/wordpress\/wp-content\/uploads\/2024\/11\/IMG-20241108-WA0008-1024x768.jpg 1024w, https:\/\/www.radiopiu.net\/wordpress\/wp-content\/uploads\/2024\/11\/IMG-20241108-WA0008-768x576.jpg 768w, https:\/\/www.radiopiu.net\/wordpress\/wp-content\/uploads\/2024\/11\/IMG-20241108-WA0008-1536x1152.jpg 1536w, https:\/\/www.radiopiu.net\/wordpress\/wp-content\/uploads\/2024\/11\/IMG-20241108-WA0008.jpg 1600w\" sizes=\"auto, (max-width: 148px) 100vw, 148px\" \/><\/a>GERMANIA<\/strong> La Famiglia Bellunese del Nord Reno-Westfalia ha celebrato una Santa Messa in onore degli emigranti bellunesi nella chiesetta di San Liberale. La cerimonia, guidata da don Graziano Dalla Caneva, parroco di Cavarzano, ha offerto un momento di raccoglimento spirituale e di riconnessione alle radici. Il presidente Riccardo Simonetti ha salutato i partecipanti, ricordando con affetto due soci fondatori recentemente scomparsi, e ha lodato il contributo della comunit\u00e0 bellunese, in particolare dei gelatieri, all\u2019eccellenza italiana all\u2019estero. La giornata ha celebrato l\u2019unit\u00e0 e il legame culturale con il Bellunese in Germania.<\/p>\n<p>&nbsp;<\/p>\n<p>&nbsp;<\/p>\n<hr \/>\n<p>&nbsp;<\/p>\n<blockquote>\n<h2>SP3, VALLE IMPERINA: INTERDIZIONE CON DEVIAZIONE<\/h2>\n<\/blockquote>\n<p><img loading=\"lazy\" decoding=\"async\" class=\"alignleft\" src=\"https:\/\/www.radiopiu.net\/wordpress\/wp-content\/uploads\/2022\/05\/1928d5d7-b2fc-43d9-ad3c-022e2999fe12.jpg\" width=\"277\" height=\"156\" \/><\/p>\n<p><strong>RIVAMONTE<\/strong> <span style=\"color: #ff0000;\">Dall&#8217;11 novembre al 6 dicembre,<\/span> sabato e domenica compresi: interdizione totale alla circolazione stradale con deviazione sull&#8217;adiacente SP3 BIS Valle Imperina.<\/p>\n<p><strong>IN LOCALITA&#8217; PONTE ALTO, DOPO LA DEVIAZIONE DALLA REGIONALE 203 AGORDINA\u00a0<\/strong><\/p>\n<p>&nbsp;<\/p>\n<p>&nbsp;<\/p>\n<p>&nbsp;<\/p>\n<div dir=\"auto\">\n<hr \/>\n<div class=\"flex-shrink-0 flex flex-col relative items-end\">\n<div>\n<div class=\"pt-0\">\n<div class=\"gizmo-bot-avatar flex h-8 w-8 items-center justify-center overflow-hidden rounded-full\">\n<blockquote>\n<h2 class=\"relative p-1 rounded-sm flex items-center justify-center bg-token-main-surface-primary text-token-text-primary h-8 w-8\">Sp1 bis Madonna del Piave: Chiusura Totale per Lavori di Sicurezza<\/h2>\n<\/blockquote>\n<\/div>\n<\/div>\n<\/div>\n<\/div>\n<div class=\"group\/conversation-turn relative flex w-full min-w-0 flex-col agent-turn\">\n<div class=\"flex-col gap-1 md:gap-3\">\n<div class=\"flex max-w-full flex-col flex-grow\">\n<div class=\"min-h-8 text-message flex w-full flex-col items-end gap-2 whitespace-normal break-words [.text-message+&amp;]:mt-5\" dir=\"auto\" data-message-author-role=\"assistant\" data-message-id=\"eacaaabb-1987-4f34-839c-c1ea5110dcf8\" data-message-model-slug=\"gpt-4o\">\n<div class=\"flex w-full flex-col gap-1 empty:hidden first:pt-[3px]\">\n<div class=\"markdown prose w-full break-words dark:prose-invert dark\">\n<p><strong><a class=\"dt-pswp-item\" href=\"https:\/\/www.radiopiu.net\/wordpress\/wp-content\/uploads\/2024\/11\/6647e87d-5192-45a9-9aa8-169cf860255c-1.jpg\" data-dt-img-description=\"\" data-large_image_width=\"600\" data-large_image_height=\"800\"><img loading=\"lazy\" decoding=\"async\" class=\" wp-image-418324 alignleft\" src=\"https:\/\/www.radiopiu.net\/wordpress\/wp-content\/uploads\/2024\/11\/6647e87d-5192-45a9-9aa8-169cf860255c-1-225x300.jpg\" alt=\"\" width=\"116\" height=\"155\" srcset=\"https:\/\/www.radiopiu.net\/wordpress\/wp-content\/uploads\/2024\/11\/6647e87d-5192-45a9-9aa8-169cf860255c-1-225x300.jpg 225w, https:\/\/www.radiopiu.net\/wordpress\/wp-content\/uploads\/2024\/11\/6647e87d-5192-45a9-9aa8-169cf860255c-1.jpg 600w\" sizes=\"auto, (max-width: 116px) 100vw, 116px\" \/><\/a><\/strong><\/p>\n<p>&nbsp;<\/p>\n<p><strong>SETTEVILLE<\/strong> La strada provinciale Sp1 bis Madonna del Piave sar\u00e0 completamente chiusa al traffico dalle 9:00 di marted\u00ec 12 alle 17:00 di mercoled\u00ec 13, in corrispondenza della localit\u00e0 Caorera. La chiusura \u00e8 necessaria per effettuare la demolizione di una sporgenza rocciosa che rappresenta un potenziale pericolo per i veicoli in transito su questa importante arteria della sinistra Piave. L&#8217;intervento ha lo scopo di garantire la sicurezza degli utenti e prevenire possibili incidenti causati dalla caduta di detriti sulla carreggiata. Gli automobilisti sono invitati a pianificare percorsi alternativi e a prestare attenzione alla segnaletica stradale predisposta durante i lavori.<\/p>\n<\/div>\n<\/div>\n<\/div>\n<\/div>\n<\/div>\n<\/div>\n<p>&nbsp;<\/p>\n<p>&nbsp;<\/p>\n<hr \/>\n<\/div>\n<p>&nbsp;<\/p>\n<blockquote>\n<h3>ARCHETIPI TRA LE PROIEZIONI, LINGUISTICA E NEUROSCENZE<\/h3>\n<\/blockquote>\n<p><strong><a class=\"dt-pswp-item\" href=\"https:\/\/www.radiopiu.net\/wordpress\/wp-content\/uploads\/2024\/11\/SCR-20241107-trph.png\" data-dt-img-description=\"\" data-large_image_width=\"856\" data-large_image_height=\"476\"><img loading=\"lazy\" decoding=\"async\" class=\" wp-image-418565 alignleft\" src=\"https:\/\/www.radiopiu.net\/wordpress\/wp-content\/uploads\/2024\/11\/SCR-20241107-trph-300x167.png\" alt=\"\" width=\"185\" height=\"103\" srcset=\"https:\/\/www.radiopiu.net\/wordpress\/wp-content\/uploads\/2024\/11\/SCR-20241107-trph-300x167.png 300w, https:\/\/www.radiopiu.net\/wordpress\/wp-content\/uploads\/2024\/11\/SCR-20241107-trph-768x427.png 768w, https:\/\/www.radiopiu.net\/wordpress\/wp-content\/uploads\/2024\/11\/SCR-20241107-trph.png 856w\" sizes=\"auto, (max-width: 185px) 100vw, 185px\" \/><\/a>BELLUNO <\/strong>Presso l&#8217;aula magna dell&#8217;Istituto Superiore Tommaso Catullo di Belluno, un evento organizzato da Pig&amp;Menti, che propone un dialogo sugli archetipi tra linguistica e neuroscienze. I relatori saranno il professor Michele T\u00ecson e il professor Renzo Barbazza. L&#8217;evento \u00e8 realizzato in collaborazione con Banca Prealpi San Biagio e i dottori Marco Tarascio e Silvia Barbini.<\/p>\n<p><strong>LA DIRETTA RADIO PIU&#8217;<\/strong><\/p>\n<p><iframe loading=\"lazy\" title=\"All\u2019istituto Catullo di Belluno con Pig&amp;Menti\" width=\"1200\" height=\"900\" src=\"https:\/\/www.youtube.com\/embed\/pbn-4BNV5H8?feature=oembed\" frameborder=\"0\" allow=\"accelerometer; autoplay; clipboard-write; encrypted-media; gyroscope; picture-in-picture; web-share\" referrerpolicy=\"strict-origin-when-cross-origin\" allowfullscreen><\/iframe><\/p>\n<p>&nbsp;<\/p>\n<hr \/>\n<p>&nbsp;<\/p>\n<blockquote>\n<h3>A BELLUNO SI FESTEGGIA SAN MARTINO<\/h3>\n<\/blockquote>\n<p><strong>BELLUNO<\/strong> Luned\u00ec 11 novembre, Belluno celebrer\u00e0 San Martino, suo Patrono, con una giornata di eventi religiosi e civili. Alle 10.00, nella Basilica Cattedrale, si terr\u00e0 una solenne Messa presieduta dal Vescovo Renato Marangoni. Seguir\u00e0, alle 11.30 al Teatro &#8220;Dino Buzzati&#8221;, la cerimonia di consegna del Premio San Martino 2024, assegnato al giornalista Dino Bridda per il suo impegno nella cultura e nel volontariato. Domenica 17 novembre, la Fiera di San Martino animer\u00e0 il centro storico con bancarelle, prodotti tipici e il mercatino dell&#8217;antiquariato. Il programma completo degli eventi \u00e8 disponibile sul sito del Comune di Belluno.<\/p>\n<p>&nbsp;<\/p>\n<p>&nbsp;<\/p>\n<hr \/>\n<p>&nbsp;<\/p>\n<blockquote><p><strong><a class=\"dt-pswp-item\" href=\"https:\/\/www.radiopiu.net\/wordpress\/wp-content\/uploads\/2021\/06\/d13a4f16-0f50-4096-b688-96ac389e0c62.jpg\" data-dt-img-description=\"\" data-large_image_width=\"1920\" data-large_image_height=\"1080\"><img loading=\"lazy\" decoding=\"async\" class=\" wp-image-213613 alignleft\" src=\"https:\/\/www.radiopiu.net\/wordpress\/wp-content\/uploads\/2021\/06\/d13a4f16-0f50-4096-b688-96ac389e0c62-300x169.jpg\" alt=\"\" width=\"233\" height=\"131\" srcset=\"https:\/\/www.radiopiu.net\/wordpress\/wp-content\/uploads\/2021\/06\/d13a4f16-0f50-4096-b688-96ac389e0c62-300x169.jpg 300w, https:\/\/www.radiopiu.net\/wordpress\/wp-content\/uploads\/2021\/06\/d13a4f16-0f50-4096-b688-96ac389e0c62-1024x576.jpg 1024w, https:\/\/www.radiopiu.net\/wordpress\/wp-content\/uploads\/2021\/06\/d13a4f16-0f50-4096-b688-96ac389e0c62-768x432.jpg 768w, https:\/\/www.radiopiu.net\/wordpress\/wp-content\/uploads\/2021\/06\/d13a4f16-0f50-4096-b688-96ac389e0c62-1536x864.jpg 1536w, https:\/\/www.radiopiu.net\/wordpress\/wp-content\/uploads\/2021\/06\/d13a4f16-0f50-4096-b688-96ac389e0c62.jpg 1920w\" sizes=\"auto, (max-width: 233px) 100vw, 233px\" \/><\/a>Prefettura di Belluno chiusa l&#8217;11 novembre per la festa del Patrono<\/strong><\/p><\/blockquote>\n<p dir=\"auto\"><strong>BELLUNO<\/strong> In occasione della festivit\u00e0 del Patrono di Belluno, luned\u00ec 11 novembre, gli Uffici della Prefettura \u2013 Ufficio Territoriale del Governo \u2013 resteranno chiusi. Nonostante la chiusura al pubblico, saranno garantiti i servizi essenziali per la comunit\u00e0. Inoltre, \u00e8 prevista la reperibilit\u00e0 del Dirigente di turno per gestire eventuali emergenze o situazioni che richiedano un intervento immediato. La decisione, in linea con le tradizioni locali, permetter\u00e0 anche\u00a0 ai dipendenti di partecipare alle celebrazioni cittadine, assicurando al contempo la continuit\u00e0 dei servizi fondamentali per i cittadini.<\/p>\n<hr \/>\n<blockquote>\n<h2>47 ANNI DI CONSULTORIO, LETTURA RECITATA SULLA COMUNICAZIONE DI COPPIA<\/h2>\n<\/blockquote>\n<div class=\"group\/conversation-turn relative flex w-full min-w-0 flex-col agent-turn\">\n<div class=\"flex-col gap-1 md:gap-3\">\n<div class=\"flex max-w-full flex-col flex-grow\">\n<div class=\"min-h-8 text-message flex w-full flex-col items-end gap-2 whitespace-normal break-words [.text-message+&amp;]:mt-5\" dir=\"auto\" data-message-author-role=\"assistant\" data-message-id=\"98da7b45-3909-4ddc-a018-9c6852e9629e\" data-message-model-slug=\"gpt-4o\">\n<div class=\"flex w-full flex-col gap-1 empty:hidden first:pt-[3px]\">\n<div class=\"markdown prose w-full break-words dark:prose-invert dark\">\n<p><b><img loading=\"lazy\" decoding=\"async\" class=\"alignleft\" src=\"https:\/\/www.radiopiu.net\/wordpress\/wp-content\/uploads\/2024\/11\/Senza-nome-23.png\" width=\"223\" height=\"174\" \/>BELLUNO\u00a0 <\/b>Venerd\u00ec 15 novembre, alle ore 20.30, il Teatro Giovanni XXIII\u00b0 di Belluno ospiter\u00e0 un evento speciale per celebrare i 47 anni di attivit\u00e0 del Consultorio Familiare Socio-Educativo di Belluno O.d.V. In collaborazione con la compagnia Bretelle Lasche, verr\u00e0 presentato lo spettacolo <em>Delirio di coppia (Comunicazione efficace)<\/em>, una lettura recitata di brani tratti dalla commedia <em>Delirio a due<\/em> di Eug\u00e8ne Ionesco, interpretata da Michele Firpo e Laura Portunato. A seguire, la professoressa Fabiana Filippi, docente dello IUSVE, approfondir\u00e0 il tema della comunicazione all&#8217;interno della coppia, offrendo spunti di riflessione su come migliorare e comprendere le dinamiche relazionali. L&#8217;ingresso \u00e8 libero per tutti i partecipanti.<\/p>\n<\/div>\n<\/div>\n<\/div>\n<\/div>\n<\/div>\n<\/div>\n<p>&nbsp;<\/p>\n<p>&nbsp;<\/p>\n<hr \/>\n<p>&nbsp;<\/p>\n<blockquote>\n<h1><strong><a class=\"dt-pswp-item\" href=\"https:\/\/www.radiopiu.net\/wordpress\/wp-content\/uploads\/2022\/10\/SIAMO-BELLUNO.png\" data-dt-img-description=\"\" data-large_image_width=\"430\" data-large_image_height=\"452\"><img loading=\"lazy\" decoding=\"async\" class=\"wp-image-300132 alignleft\" src=\"https:\/\/www.radiopiu.net\/wordpress\/wp-content\/uploads\/2022\/10\/SIAMO-BELLUNO-285x300.png\" alt=\"\" width=\"146\" height=\"154\" srcset=\"https:\/\/www.radiopiu.net\/wordpress\/wp-content\/uploads\/2022\/10\/SIAMO-BELLUNO-285x300.png 285w, https:\/\/www.radiopiu.net\/wordpress\/wp-content\/uploads\/2022\/10\/SIAMO-BELLUNO.png 430w\" sizes=\"auto, (max-width: 146px) 100vw, 146px\" \/><\/a><\/strong><\/h1>\n<h3>Raccolta firme per l&#8217;illuminazione pubblica: gazebo in piazza oggi<\/h3>\n<\/blockquote>\n<p><strong style=\"font-size: 14px;\">BELLUNO<\/strong><span style=\"font-size: 14px; font-weight: normal;\"> L&#8217;iniziativa promossa da SiAmo Belluno per la riaccensione notturna dei lampioni \u00e8 partita con la distribuzione di moduli in varie attivit\u00e0 del centro citt\u00e0. Oggi, dalle 9:00 alle 12:00, si terr\u00e0 il primo gazebo informativo in Piazza dei Martiri, dove sar\u00e0 possibile firmare la petizione e ricevere informazioni. L&#8217;obiettivo \u00e8 sensibilizzare l&#8217;amministrazione comunale e coinvolgere anche i cittadini non residenti per rafforzare il sostegno alla causa, vista l&#8217;importanza della questione per l&#8217;intera comunit\u00e0.<\/span><\/p>\n<p>&nbsp;<\/p>\n<p>&nbsp;<\/p>\n<hr \/>\n<p>&nbsp;<\/p>\n<p>&nbsp;<\/p>\n<blockquote>\n<h2>OGGI AD AGORDO LA PRESENTAZIONE DELLA LEGGE SULLA MONTAGNA<\/h2>\n<\/blockquote>\n<p><strong><a class=\"dt-pswp-item\" href=\"https:\/\/www.radiopiu.net\/wordpress\/wp-content\/uploads\/2024\/11\/original-236F00B4-B699-49F6-97E6-9EC94CFC3D02.jpeg\" data-dt-img-description=\"\" data-large_image_width=\"1131\" data-large_image_height=\"1600\"><img loading=\"lazy\" decoding=\"async\" class=\"size-medium wp-image-418334 alignleft\" src=\"https:\/\/www.radiopiu.net\/wordpress\/wp-content\/uploads\/2024\/11\/original-236F00B4-B699-49F6-97E6-9EC94CFC3D02-212x300.jpeg\" alt=\"\" width=\"212\" height=\"300\" srcset=\"https:\/\/www.radiopiu.net\/wordpress\/wp-content\/uploads\/2024\/11\/original-236F00B4-B699-49F6-97E6-9EC94CFC3D02-212x300.jpeg 212w, https:\/\/www.radiopiu.net\/wordpress\/wp-content\/uploads\/2024\/11\/original-236F00B4-B699-49F6-97E6-9EC94CFC3D02-724x1024.jpeg 724w, https:\/\/www.radiopiu.net\/wordpress\/wp-content\/uploads\/2024\/11\/original-236F00B4-B699-49F6-97E6-9EC94CFC3D02-768x1086.jpeg 768w, https:\/\/www.radiopiu.net\/wordpress\/wp-content\/uploads\/2024\/11\/original-236F00B4-B699-49F6-97E6-9EC94CFC3D02-1086x1536.jpeg 1086w, https:\/\/www.radiopiu.net\/wordpress\/wp-content\/uploads\/2024\/11\/original-236F00B4-B699-49F6-97E6-9EC94CFC3D02.jpeg 1131w\" sizes=\"auto, (max-width: 212px) 100vw, 212px\" \/><\/a>AGORDO<\/strong> Parte da Agordo il ciclo di incontri voluto dal senatore bellunese di Fratelli d&#8217;Italia, Luca De Carlo, sulla Legge sulla Montagna, approvata pochi giorni fa in prima lettura al Senato, dove lo stesso De Carlo \u00e8 intervenuto per la dichiarazione di voto del suo partito. Il primo appuntamento con \u201cIl Bellunese al Senato. Luca De Carlo illustra i contenuti della Legge sulla Montagna\u201d \u00e8 fissato per oggi ad Agordo, in Sala Don Tamis, con inizio alle 18.00. Dopo i saluti delle autorit\u00e0 presenti, spazio all&#8217;intervento di De Carlo, che \u2013 oltre a rivestire il ruolo di presidente della \u00a0IX Commissione Senato &#8211; Industria, commercio, turismo, agricoltura e produzione agroalimentare \u2013 \u00e8 stato anche autore e firmatario di diversi emendamenti migliorativi alla legge. A moderare la serata, sar\u00e0 il direttore di Radio Pi\u00f9, Mirko Mezzacasa.<\/p>\n<blockquote>\n<div><em>\u201cSi tratta di una serie di appuntamenti che ho voluto promuovere nel territorio bellunese per spiegare a cittadini e amministratori quali sono le principali novit\u00e0 della Legge sulla Montagna: in queste serate si parler\u00e0 del futuro della nostra provincia e delle nostre genti\u201d, spiega De Carlo. \u201cToccheremo tutto il territorio provinciale, dalle \u201cterre alte\u201d ai fondovalle, perch\u00e9 vogliamo comunicare al meglio un provvedimento che s\u00ec mette risorse, ma soprattutto promuove una strategia per la montagna, dando il giusto ruolo a chi qua vive, abita, lavora e vuole continuare a farlo\u201d.<\/em><\/div>\n<\/blockquote>\n<p>&nbsp;<\/p>\n<p>&nbsp;<\/p>\n<hr \/>\n<p>&nbsp;<\/p>\n<p>&nbsp;<\/p>\n<a href=\"https:\/\/www.radiopiu.net\/wordpress\/wp-content\/uploads\/2024\/11\/manifesto-70-soccorso.pdf\" class=\"pdfemb-viewer\" style=\"\" data-width=\"max\" data-height=\"max\" data-toolbar=\"top\" data-toolbar-fixed=\"on\">manifesto-70 soccorso<\/a>\n<p>&nbsp;<\/p>\n<hr \/>\n<p>&nbsp;<\/p>\n<blockquote>\n<h2>Un concerto di fraternit\u00e0 a Frassen\u00e8<\/h2>\n<\/blockquote>\n<p><strong>VOLTAGO\u00a0<\/strong><\/p>\n<p><img loading=\"lazy\" decoding=\"async\" class=\"alignleft\" src=\"https:\/\/www.radiopiu.net\/wordpress\/wp-content\/uploads\/2024\/10\/20241023_095700-scaled.jpg\" width=\"121\" height=\"85\" \/>Oggi, la chiesa parrocchiale di Frassen\u00e8 ospiter\u00e0 un concerto speciale, organizzato come giornata di fraternit\u00e0 per i destinatari dell&#8217;attivit\u00e0 musicale, i loro familiari e amici. L&#8217;iniziativa, promossa dall&#8217;Associazione Volontari Inserimento Disabili, ha raccolto un grande entusiasmo, tanto da dover spostare l&#8217;evento dalla chiesa di Voltago a quella pi\u00f9 capiente di Frassen\u00e8.<\/p>\n<p>&nbsp;<\/p>\n<hr \/>\n<p>&nbsp;<\/p>\n<p>&nbsp;<\/p>\n<div class=\"mb-2 flex gap-3 empty:hidden -ml-2\">\n<div class=\"items-center justify-start rounded-xl p-1 flex\">\n<div class=\"flex items-center\">\n<div class=\"flex max-w-full flex-col flex-grow\">\n<div class=\"min-h-8 text-message flex w-full flex-col items-end gap-2 whitespace-normal break-words [.text-message+&amp;]:mt-5\" dir=\"auto\" data-message-author-role=\"assistant\" data-message-id=\"c2b1fe33-bc8b-45f1-969f-7db88566768c\" data-message-model-slug=\"gpt-4o\">\n<div class=\"flex w-full flex-col gap-1 empty:hidden first:pt-[3px]\">\n<div class=\"markdown prose w-full break-words dark:prose-invert dark\">\n<blockquote>\n<h3><a class=\"dt-pswp-item\" href=\"https:\/\/www.radiopiu.net\/wordpress\/wp-content\/uploads\/2024\/10\/Senza-nome-97.png\" data-dt-img-description=\"\" data-large_image_width=\"325\" data-large_image_height=\"208\"><img loading=\"lazy\" decoding=\"async\" class=\"size-medium wp-image-415809 alignleft\" src=\"https:\/\/www.radiopiu.net\/wordpress\/wp-content\/uploads\/2024\/10\/Senza-nome-97-300x192.png\" alt=\"\" width=\"300\" height=\"192\" srcset=\"https:\/\/www.radiopiu.net\/wordpress\/wp-content\/uploads\/2024\/10\/Senza-nome-97-300x192.png 300w, https:\/\/www.radiopiu.net\/wordpress\/wp-content\/uploads\/2024\/10\/Senza-nome-97.png 325w\" sizes=\"auto, (max-width: 300px) 100vw, 300px\" \/><\/a>LA CENA DEI COSCRITTI DEL 1974<\/h3>\n<\/blockquote>\n<p><strong>FALCADE<\/strong> Le cena della classe 1974 dei coscritti dell&#8217;<strong>Agordino<\/strong> si terr\u00e0\u00a0 sabato 30 novembre\u00a0 a Falcade, Hotel Stella Alpina. La cena e&#8217; aperta ai nati nel 1974 nei 16 comuni dell&#8217;Agordino, e sara&#8217; un&#8217;occasione di ritrovo,\u00a0 dopo tanto tempo e festeggiare il mezzo secolo.Info\u00a0 3478120853<\/p>\n<\/div>\n<\/div>\n<\/div>\n<\/div>\n<\/div>\n<\/div>\n<\/div>\n<div class=\"page-title-breadcrumbs\">\n<p>&nbsp;<\/p>\n<\/div>\n<p>&nbsp;<\/p>\n<p>&nbsp;<\/p>\n<hr \/>\n<p>&nbsp;<\/p>\n<blockquote>\n<h3><a class=\"dt-pswp-item\" href=\"https:\/\/www.radiopiu.net\/wordpress\/wp-content\/uploads\/2024\/11\/MANIFESTO-TURANDOT-BELLUNO-scaled.jpg\" data-dt-img-description=\"\" data-large_image_width=\"1792\" data-large_image_height=\"2560\"><img loading=\"lazy\" decoding=\"async\" class=\" wp-image-418155 alignleft\" src=\"https:\/\/www.radiopiu.net\/wordpress\/wp-content\/uploads\/2024\/11\/MANIFESTO-TURANDOT-BELLUNO-210x300.jpg\" alt=\"\" width=\"104\" height=\"149\" srcset=\"https:\/\/www.radiopiu.net\/wordpress\/wp-content\/uploads\/2024\/11\/MANIFESTO-TURANDOT-BELLUNO-210x300.jpg 210w, https:\/\/www.radiopiu.net\/wordpress\/wp-content\/uploads\/2024\/11\/MANIFESTO-TURANDOT-BELLUNO-717x1024.jpg 717w, https:\/\/www.radiopiu.net\/wordpress\/wp-content\/uploads\/2024\/11\/MANIFESTO-TURANDOT-BELLUNO-768x1097.jpg 768w, https:\/\/www.radiopiu.net\/wordpress\/wp-content\/uploads\/2024\/11\/MANIFESTO-TURANDOT-BELLUNO-1075x1536.jpg 1075w, https:\/\/www.radiopiu.net\/wordpress\/wp-content\/uploads\/2024\/11\/MANIFESTO-TURANDOT-BELLUNO-1433x2048.jpg 1433w, https:\/\/www.radiopiu.net\/wordpress\/wp-content\/uploads\/2024\/11\/MANIFESTO-TURANDOT-BELLUNO-scaled.jpg 1792w\" sizes=\"auto, (max-width: 104px) 100vw, 104px\" \/><\/a>UN DUE TRE TURANDOT AL TEATRO DI BELLUNO<\/h3>\n<\/blockquote>\n<p><strong>DI ROBERTO BONA<\/strong><\/p>\n<audio class=\"wp-audio-shortcode\" id=\"audio-418541-17\" preload=\"none\" style=\"width: 100%;\" controls=\"controls\"><source type=\"audio\/mpeg\" src=\"https:\/\/www.radiopiu.net\/wordpress\/wp-content\/uploads\/2024\/10\/BONA-UN-DUE-TRE-TOURANDOT-SCADE-9-NOVEMBRE.mp3?_=17\" \/><a href=\"https:\/\/www.radiopiu.net\/wordpress\/wp-content\/uploads\/2024\/10\/BONA-UN-DUE-TRE-TOURANDOT-SCADE-9-NOVEMBRE.mp3\">https:\/\/www.radiopiu.net\/wordpress\/wp-content\/uploads\/2024\/10\/BONA-UN-DUE-TRE-TOURANDOT-SCADE-9-NOVEMBRE.mp3<\/a><\/audio>\n<p>&nbsp;<\/p>\n<hr \/>\n<p>&nbsp;<\/p>\n<blockquote><p><a class=\"dt-pswp-item\" href=\"https:\/\/www.radiopiu.net\/wordpress\/wp-content\/uploads\/2024\/07\/Musal-e-piazza-Luciani.jpg\" data-dt-img-description=\"MUSAL E CHIESA DI CANALE D'AGORDO\" data-large_image_width=\"2560\" data-large_image_height=\"1920\"><img loading=\"lazy\" decoding=\"async\" class=\"wp-image-399384 alignleft\" src=\"https:\/\/www.radiopiu.net\/wordpress\/wp-content\/uploads\/2024\/07\/Musal-e-piazza-Luciani-300x225.jpg\" alt=\"\" width=\"151\" height=\"113\" srcset=\"https:\/\/www.radiopiu.net\/wordpress\/wp-content\/uploads\/2024\/07\/Musal-e-piazza-Luciani-300x225.jpg 300w, https:\/\/www.radiopiu.net\/wordpress\/wp-content\/uploads\/2024\/07\/Musal-e-piazza-Luciani-1024x768.jpg 1024w, https:\/\/www.radiopiu.net\/wordpress\/wp-content\/uploads\/2024\/07\/Musal-e-piazza-Luciani-768x576.jpg 768w, https:\/\/www.radiopiu.net\/wordpress\/wp-content\/uploads\/2024\/07\/Musal-e-piazza-Luciani-1536x1152.jpg 1536w, https:\/\/www.radiopiu.net\/wordpress\/wp-content\/uploads\/2024\/07\/Musal-e-piazza-Luciani-2048x1536.jpg 2048w\" sizes=\"auto, (max-width: 151px) 100vw, 151px\" \/><\/a><\/p>\n<h3>UFFICIO PROLOCO DI CANALE D&#8217;AGORDO CHIUSO<\/h3>\n<\/blockquote>\n<p><strong>CANALE D&#8217;AGORDO <\/strong>Nel mese di novembre l&#8217;ufficio Pro Loco di Canale d&#8217;Agordo sar\u00e0 CHIUSO e che il Museo e la Casa natale del beato Papa Giovanni Paolo I saranno aperti su prenotazione per gruppi di almeno 25 persone.<\/p>\n<p>&nbsp;<\/p>\n<p>&nbsp;<\/p>\n<p>&nbsp;<\/p>\n<hr \/>\n<p>&nbsp;<\/p>\n<blockquote>\n<h3><a class=\"dt-pswp-item\" href=\"https:\/\/www.radiopiu.net\/wordpress\/wp-content\/uploads\/2024\/11\/Immagine-cyrano_03.jpg\" data-dt-img-description=\"\" data-large_image_width=\"1404\" data-large_image_height=\"2048\"><img loading=\"lazy\" decoding=\"async\" class=\" wp-image-418288 alignleft\" src=\"https:\/\/www.radiopiu.net\/wordpress\/wp-content\/uploads\/2024\/11\/Immagine-cyrano_03-206x300.jpg\" alt=\"\" width=\"111\" height=\"162\" srcset=\"https:\/\/www.radiopiu.net\/wordpress\/wp-content\/uploads\/2024\/11\/Immagine-cyrano_03-206x300.jpg 206w, https:\/\/www.radiopiu.net\/wordpress\/wp-content\/uploads\/2024\/11\/Immagine-cyrano_03-702x1024.jpg 702w, https:\/\/www.radiopiu.net\/wordpress\/wp-content\/uploads\/2024\/11\/Immagine-cyrano_03-768x1120.jpg 768w, https:\/\/www.radiopiu.net\/wordpress\/wp-content\/uploads\/2024\/11\/Immagine-cyrano_03-1053x1536.jpg 1053w, https:\/\/www.radiopiu.net\/wordpress\/wp-content\/uploads\/2024\/11\/Immagine-cyrano_03.jpg 1404w\" sizes=\"auto, (max-width: 111px) 100vw, 111px\" \/><\/a>AUTUNNO A TEATRO IN COMELICO<\/h3>\n<\/blockquote>\n<p><strong>SANTO STEFANO DI CADORE<\/strong> Domani alle 17.00, al Cinema Piave di S. Stefano di Cadore, la compagnia Pubbliche Bugie di Castion presenter\u00e0 \u201cAll&#8217;ombra di Cyrano\u201d per il terzo appuntamento della rassegna \u201cAutunno a Teatro in Comelico 2024\u201d. La commedia, ispirata al \u201cCyrano de Bergerac\u201d di Rostand, esplora il complesso personaggio di Cyrano e il suo amore per Rossana, combinando poesia e arti visive sotto la regia di Paolo Martinazzo. L\u2019ingresso \u00e8 di 10 \u20ac (ridotto 6 \u20ac per under 14). I biglietti sono disponibili online e sul posto. La rassegna proseguir\u00e0 con spettacoli il 24 novembre e il 1\u00b0 dicembre; dettagli su <a href=\"http:\/\/www.icomelianti.it\" target=\"_new\" rel=\"noopener\">www.icomelianti.it<\/a> e sui social.<\/p>\n<p>&nbsp;<\/p>\n<p>&nbsp;<\/p>\n<hr \/>\n<p>&nbsp;<\/p>\n<blockquote>\n<h3><a class=\"dt-pswp-item\" href=\"https:\/\/www.radiopiu.net\/wordpress\/wp-content\/uploads\/2024\/11\/3dc9475d-3261-4c1c-97fc-8e153d91ea4b.jpg\" data-dt-img-description=\"\" data-large_image_width=\"1432\" data-large_image_height=\"2048\"><img loading=\"lazy\" decoding=\"async\" class=\" wp-image-418524 alignleft\" src=\"https:\/\/www.radiopiu.net\/wordpress\/wp-content\/uploads\/2024\/11\/3dc9475d-3261-4c1c-97fc-8e153d91ea4b-210x300.jpg\" alt=\"\" width=\"117\" height=\"167\" srcset=\"https:\/\/www.radiopiu.net\/wordpress\/wp-content\/uploads\/2024\/11\/3dc9475d-3261-4c1c-97fc-8e153d91ea4b-210x300.jpg 210w, https:\/\/www.radiopiu.net\/wordpress\/wp-content\/uploads\/2024\/11\/3dc9475d-3261-4c1c-97fc-8e153d91ea4b-716x1024.jpg 716w, https:\/\/www.radiopiu.net\/wordpress\/wp-content\/uploads\/2024\/11\/3dc9475d-3261-4c1c-97fc-8e153d91ea4b-768x1098.jpg 768w, https:\/\/www.radiopiu.net\/wordpress\/wp-content\/uploads\/2024\/11\/3dc9475d-3261-4c1c-97fc-8e153d91ea4b-1074x1536.jpg 1074w, https:\/\/www.radiopiu.net\/wordpress\/wp-content\/uploads\/2024\/11\/3dc9475d-3261-4c1c-97fc-8e153d91ea4b.jpg 1432w\" sizes=\"auto, (max-width: 117px) 100vw, 117px\" \/><\/a>IL CONCERTO DI SAN MARTINO A BELLUNO<\/h3>\n<\/blockquote>\n<p><strong>BELLUNO<\/strong> Il Concerto di San Martino 2024 si terr\u00e0 il 14 novembre alle 21 al Teatro Dino Buzzati di Belluno. L&#8217;evento vedr\u00e0 la partecipazione dell&#8217;Orchestra di Padova e del Veneto, con Miriam Dal Don come violino solista e Delio Cassetta come direttore. I biglietti sono disponibili presso il Museo Civico di Belluno o direttamente il giorno dello spettacolo al teatro a partire dalle 18:30. I prezzi variano da 28,00 euro per la platea e la galleria centrale a 24,00 euro per la galleria laterale, con riduzioni disponibili per under 20 e over 65.<\/p>\n<p><strong>L&#8217;ASSESSORE ALLA CULTURA DEL COMUNE DI BELLUNO RAFFAELE ADDAMIANO<\/strong><\/p>\n<audio class=\"wp-audio-shortcode\" id=\"audio-418541-18\" preload=\"none\" style=\"width: 100%;\" controls=\"controls\"><source type=\"audio\/mpeg\" src=\"https:\/\/www.radiopiu.net\/wordpress\/wp-content\/uploads\/2024\/11\/ADDAMIANO-CONCERTO-SAN-MARINO.mp3?_=18\" \/><a href=\"https:\/\/www.radiopiu.net\/wordpress\/wp-content\/uploads\/2024\/11\/ADDAMIANO-CONCERTO-SAN-MARINO.mp3\">https:\/\/www.radiopiu.net\/wordpress\/wp-content\/uploads\/2024\/11\/ADDAMIANO-CONCERTO-SAN-MARINO.mp3<\/a><\/audio>\n<p>&nbsp;<\/p>\n<p><strong>IL DIRETTORE D&#8217;ORCHESTRA DELIO CASSETTA<\/strong><\/p>\n<audio class=\"wp-audio-shortcode\" id=\"audio-418541-19\" preload=\"none\" style=\"width: 100%;\" controls=\"controls\"><source type=\"audio\/mpeg\" src=\"https:\/\/www.radiopiu.net\/wordpress\/wp-content\/uploads\/2024\/11\/DELIO-CASSETTA.mp3?_=19\" \/><a href=\"https:\/\/www.radiopiu.net\/wordpress\/wp-content\/uploads\/2024\/11\/DELIO-CASSETTA.mp3\">https:\/\/www.radiopiu.net\/wordpress\/wp-content\/uploads\/2024\/11\/DELIO-CASSETTA.mp3<\/a><\/audio>\n<p>&nbsp;<\/p>\n<hr \/>\n<p>&nbsp;<\/p>\n<blockquote>\n<h3>AL VIA LA STAGIONE DI PROSA A BELLUNO<\/h3>\n<\/blockquote>\n<p><a class=\"dt-pswp-item\" href=\"https:\/\/www.radiopiu.net\/wordpress\/wp-content\/uploads\/2024\/11\/SCR-20241106-krtw.jpeg\" data-dt-img-description=\"Screenshot\" data-large_image_width=\"1244\" data-large_image_height=\"840\"><img loading=\"lazy\" decoding=\"async\" class=\"alignleft wp-image-418295 \" src=\"https:\/\/www.radiopiu.net\/wordpress\/wp-content\/uploads\/2024\/11\/SCR-20241106-krtw-300x203.jpeg\" alt=\"\" width=\"160\" height=\"108\" srcset=\"https:\/\/www.radiopiu.net\/wordpress\/wp-content\/uploads\/2024\/11\/SCR-20241106-krtw-300x203.jpeg 300w, https:\/\/www.radiopiu.net\/wordpress\/wp-content\/uploads\/2024\/11\/SCR-20241106-krtw-1024x691.jpeg 1024w, https:\/\/www.radiopiu.net\/wordpress\/wp-content\/uploads\/2024\/11\/SCR-20241106-krtw-768x519.jpeg 768w, https:\/\/www.radiopiu.net\/wordpress\/wp-content\/uploads\/2024\/11\/SCR-20241106-krtw.jpeg 1244w\" sizes=\"auto, (max-width: 160px) 100vw, 160px\" \/><\/a><strong>BELLUNO<\/strong> Lucilla Giagnoni inaugura la 48\u00aa Stagione di Prosa del Circolo Cultura e Stampa Bellunese con &#8220;CASTA DIVA&#8221;, uno spettacolo dedicato al mito di Maria Callas e alla figura di Medea. Domani al Teatro Dino Buzzati di Belluno, Giagnoni render\u00e0 omaggio al centenario della nascita della Callas, collegando la sua iconica interpretazione della cavatina &#8220;Casta Diva&#8221; di Bellini con la potenza tragica di Medea. Sul palco si intrecciano l&#8217;immagine della luna piena e il fuoco sacrificale, evocando il fascino mistico e oscuro delle due figure, entrambe potenti e distruttive. Medea incarna la passione e la rovina, cos\u00ec come Callas, immortalata dal suo canto e dalla sua intensit\u00e0, oltre i confini del tempo.<\/p>\n<p>&nbsp;<\/p>\n<p>&nbsp;<\/p>\n<hr \/>\n<p>&nbsp;<\/p>\n<blockquote>\n<h2>&#8220;Autunno a Trichiana&#8221; al Cinema San Felice<\/h2>\n<\/blockquote>\n<p><strong><a class=\"dt-pswp-item\" href=\"https:\/\/www.radiopiu.net\/wordpress\/wp-content\/uploads\/2024\/11\/Pro-Loco-Trichiana-evento.jpg\" data-dt-img-description=\"\" data-large_image_width=\"2048\" data-large_image_height=\"922\"><img loading=\"lazy\" decoding=\"async\" class=\"size-medium wp-image-417940 alignleft\" src=\"https:\/\/www.radiopiu.net\/wordpress\/wp-content\/uploads\/2024\/11\/Pro-Loco-Trichiana-evento-300x135.jpg\" alt=\"\" width=\"300\" height=\"135\" srcset=\"https:\/\/www.radiopiu.net\/wordpress\/wp-content\/uploads\/2024\/11\/Pro-Loco-Trichiana-evento-300x135.jpg 300w, https:\/\/www.radiopiu.net\/wordpress\/wp-content\/uploads\/2024\/11\/Pro-Loco-Trichiana-evento-1024x461.jpg 1024w, https:\/\/www.radiopiu.net\/wordpress\/wp-content\/uploads\/2024\/11\/Pro-Loco-Trichiana-evento-768x346.jpg 768w, https:\/\/www.radiopiu.net\/wordpress\/wp-content\/uploads\/2024\/11\/Pro-Loco-Trichiana-evento-1536x692.jpg 1536w, https:\/\/www.radiopiu.net\/wordpress\/wp-content\/uploads\/2024\/11\/Pro-Loco-Trichiana-evento.jpg 2048w\" sizes=\"auto, (max-width: 300px) 100vw, 300px\" \/><\/a>TRICHIANA <\/strong>A novembre, la Pro Loco di Trichiana presenta la 36esima edizione di &#8220;Autunno a Trichiana&#8221;, con quattro serate tematiche al Cinema San Felice, sempre alle 20.45 e ingresso libero. Si parte il 9 novembre con Alessandro Ba\u00f9, alpinista e storyteller, che parler\u00e0 di sogni e avventure. Il 16 novembre, Alex Bellini, esploratore e divulgatore ambientale, condivider\u00e0 esperienze di viaggio e riflessioni su inquinamento e cambiamento climatico, con un contributo di 5 euro. Il 23 novembre, Giulia Baroncini e Ilenia Zaccaro racconteranno le loro avventure ciclistiche. Infine, il 28 novembre, Filippo Felici esplorer\u00e0 il mondo sotterraneo in &#8220;Le terre lontane&#8221;. La rassegna promuove un\u2019idea di avventura diversificata e coinvolgente.<\/p>\n<p>&nbsp;<\/p>\n<p>&nbsp;<\/p>\n<hr \/>\n<p>&nbsp;<\/p>\n<div class=\"flex max-w-full flex-col flex-grow\">\n<div class=\"min-h-8 text-message flex w-full flex-col items-end gap-2 whitespace-normal break-words [.text-message+&amp;]:mt-5\" dir=\"auto\" data-message-author-role=\"assistant\" data-message-id=\"c3d47f35-dbf0-420d-bed1-ce0eab660a3f\" data-message-model-slug=\"gpt-4o-mini\">\n<div class=\"flex w-full flex-col gap-1 empty:hidden first:pt-[3px]\">\n<div class=\"markdown prose w-full break-words dark:prose-invert dark\">\n<blockquote>\n<h3><strong><a class=\"dt-pswp-item\" href=\"https:\/\/www.radiopiu.net\/wordpress\/wp-content\/uploads\/2024\/11\/Senza-nome-9.png\" data-dt-img-description=\"\" data-large_image_width=\"192\" data-large_image_height=\"246\"><img loading=\"lazy\" decoding=\"async\" class=\"wp-image-417941 alignleft\" src=\"https:\/\/www.radiopiu.net\/wordpress\/wp-content\/uploads\/2024\/11\/Senza-nome-9.png\" alt=\"\" width=\"99\" height=\"127\" \/><\/a>\u201cSpazio 32026\u201d a Borgo Valbelluna: un nuovo punto di ritrovo per i giovani<\/strong><\/h3>\n<\/blockquote>\n<p><strong>BORGO VALBELLUNA<\/strong> Dal 18 novembre, l\u2019Amministrazione Comunale di Borgo Valbelluna, insieme a Societ\u00e0 Nuova, inaugura \u201cSpazio 32026\u201d, uno spazio pomeridiano per studenti delle scuole secondarie di primo grado. Situato al Palazzo delle Contesse, offre supporto compiti e attivit\u00e0 scelte dai ragazzi, aiutati da educatori. Obiettivo: promuovere autonomia, creativit\u00e0 e gestione delle emozioni.<\/p>\n<\/div>\n<\/div>\n<\/div>\n<\/div>\n<div class=\"mb-2 flex gap-3 empty:hidden -ml-2\">\n<div class=\"items-center justify-start rounded-xl p-1 flex\">\n<div class=\"flex items-center\">\n<p>&nbsp;<\/p>\n<div class=\"flex\"><\/div>\n<div class=\"flex items-center pb-0\"><\/div>\n<\/div>\n<\/div>\n<\/div>\n<p>&nbsp;<\/p>\n<hr \/>\n<p>&nbsp;<\/p>\n<blockquote>\n<h3><a class=\"dt-pswp-item\" href=\"https:\/\/www.radiopiu.net\/wordpress\/wp-content\/uploads\/2024\/11\/image.png\" data-dt-img-description=\"\" data-large_image_width=\"673\" data-large_image_height=\"519\"><img loading=\"lazy\" decoding=\"async\" class=\" wp-image-418527 alignleft\" src=\"https:\/\/www.radiopiu.net\/wordpress\/wp-content\/uploads\/2024\/11\/image-300x231.png\" alt=\"\" width=\"130\" height=\"100\" srcset=\"https:\/\/www.radiopiu.net\/wordpress\/wp-content\/uploads\/2024\/11\/image-300x231.png 300w, https:\/\/www.radiopiu.net\/wordpress\/wp-content\/uploads\/2024\/11\/image.png 673w\" sizes=\"auto, (max-width: 130px) 100vw, 130px\" \/><\/a>OGGI IN PIAZZA DELLA LIBERTA I VOLONTARI DELL&#8217;AIRC<\/h3>\n<\/blockquote>\n<p><strong>AGORDO<\/strong> I volontari dell&#8217;Airc vi aspettano in piazza Libert\u00e0 ad Agordo oggi dalle 9 alle 13\u00a0 per la vendita dei cioccolatini della ricerca della prestigiosa marca Venchi.<\/p>\n<p>&nbsp;<\/p>\n<p>&nbsp;<\/p>\n<hr \/>\n<p>&nbsp;<\/p>\n<h2><span style=\"color: #ff6600;\">IERI ALLA RADIO<\/span><\/h2>\n<h2><span style=\"color: #800080;\">DINO BRIDDA: IL PREMIO SAN MARTINO 2024<\/span><\/h2>\n<p><strong><a class=\"dt-pswp-item\" href=\"https:\/\/www.radiopiu.net\/wordpress\/wp-content\/uploads\/2024\/11\/dino-bridda.jpg\" data-dt-img-description=\"\" data-large_image_width=\"2560\" data-large_image_height=\"1920\"><img loading=\"lazy\" decoding=\"async\" class=\" wp-image-418686 alignleft\" src=\"https:\/\/www.radiopiu.net\/wordpress\/wp-content\/uploads\/2024\/11\/dino-bridda-300x225.jpg\" alt=\"\" width=\"195\" height=\"146\" srcset=\"https:\/\/www.radiopiu.net\/wordpress\/wp-content\/uploads\/2024\/11\/dino-bridda-300x225.jpg 300w, https:\/\/www.radiopiu.net\/wordpress\/wp-content\/uploads\/2024\/11\/dino-bridda-1024x768.jpg 1024w, https:\/\/www.radiopiu.net\/wordpress\/wp-content\/uploads\/2024\/11\/dino-bridda-768x576.jpg 768w, https:\/\/www.radiopiu.net\/wordpress\/wp-content\/uploads\/2024\/11\/dino-bridda-1536x1152.jpg 1536w, https:\/\/www.radiopiu.net\/wordpress\/wp-content\/uploads\/2024\/11\/dino-bridda-2048x1536.jpg 2048w\" sizes=\"auto, (max-width: 195px) 100vw, 195px\" \/><\/a>DI DANIELE DALVIT<\/strong><\/p>\n<p>Con Dino Bridda, vincitore del premio San Martino 2024<\/p>\n<audio class=\"wp-audio-shortcode\" id=\"audio-418541-20\" preload=\"none\" style=\"width: 100%;\" controls=\"controls\"><source type=\"audio\/mpeg\" src=\"https:\/\/www.radiopiu.net\/wordpress\/wp-content\/uploads\/2024\/11\/Intervista-integrale-Dino-Bridda-per-Premio-San-Martino-2024.mp3?_=20\" \/><a href=\"https:\/\/www.radiopiu.net\/wordpress\/wp-content\/uploads\/2024\/11\/Intervista-integrale-Dino-Bridda-per-Premio-San-Martino-2024.mp3\">https:\/\/www.radiopiu.net\/wordpress\/wp-content\/uploads\/2024\/11\/Intervista-integrale-Dino-Bridda-per-Premio-San-Martino-2024.mp3<\/a><\/audio>\n<p>&nbsp;<\/p>\n<hr \/>\n<p>&nbsp;<\/p>\n<h2><span style=\"color: #808000;\">&#8220;DINTORN E FORA VIA&#8221;\u00a0 IL PROGRAMMA\u00a0 A CURA DEL MUSLA<\/span><\/h2>\n<p><strong><a class=\"dt-pswp-item\" href=\"https:\/\/www.radiopiu.net\/wordpress\/wp-content\/uploads\/2022\/05\/QUOTIDIANO-GIORNALE.jpg\" data-dt-img-description=\"\" data-large_image_width=\"1920\" data-large_image_height=\"1271\"><img loading=\"lazy\" decoding=\"async\" class=\" wp-image-274885 alignleft\" src=\"https:\/\/www.radiopiu.net\/wordpress\/wp-content\/uploads\/2022\/05\/QUOTIDIANO-GIORNALE-300x199.jpg\" alt=\"\" width=\"149\" height=\"99\" srcset=\"https:\/\/www.radiopiu.net\/wordpress\/wp-content\/uploads\/2022\/05\/QUOTIDIANO-GIORNALE-300x199.jpg 300w, https:\/\/www.radiopiu.net\/wordpress\/wp-content\/uploads\/2022\/05\/QUOTIDIANO-GIORNALE-1024x678.jpg 1024w, https:\/\/www.radiopiu.net\/wordpress\/wp-content\/uploads\/2022\/05\/QUOTIDIANO-GIORNALE-768x508.jpg 768w, https:\/\/www.radiopiu.net\/wordpress\/wp-content\/uploads\/2022\/05\/QUOTIDIANO-GIORNALE-1536x1017.jpg 1536w, https:\/\/www.radiopiu.net\/wordpress\/wp-content\/uploads\/2022\/05\/QUOTIDIANO-GIORNALE.jpg 1920w\" sizes=\"auto, (max-width: 149px) 100vw, 149px\" \/><\/a>PUNTATA DEL 08 NOVEMBRE <span style=\"color: #ff0000;\"><span style=\"color: #000000;\">NORMAN CREPAZ<\/span><\/span><\/strong><\/p>\n<audio class=\"wp-audio-shortcode\" id=\"audio-418541-21\" preload=\"none\" style=\"width: 100%;\" controls=\"controls\"><source type=\"audio\/mpeg\" src=\"https:\/\/www.radiopiu.net\/wordpress\/wp-content\/uploads\/2024\/11\/MUSLA-1.mp3?_=21\" \/><a href=\"https:\/\/www.radiopiu.net\/wordpress\/wp-content\/uploads\/2024\/11\/MUSLA-1.mp3\">https:\/\/www.radiopiu.net\/wordpress\/wp-content\/uploads\/2024\/11\/MUSLA-1.mp3<\/a><\/audio>\n<p>&nbsp;<\/p>\n<h2>LA RACCOLTA COMPLETA <a href=\"https:\/\/www.radiopiu.net\/wordpress\/musla\/\"><span style=\"color: #3366ff;\">CLICCA QUI<\/span><\/a><\/h2>\n<p>&nbsp;<\/p>\n<hr \/>\n<p>&nbsp;<\/p>\n<h2><span style=\"color: #00ccff;\">MUSIC A B C, IL MONDO DELLA MUSICA UNA LETTERA ALLA VOLTA<\/span><\/h2>\n<p><span style=\"color: #ff0000;\"><strong><a class=\"dt-pswp-item\" href=\"https:\/\/www.radiopiu.net\/wordpress\/wp-content\/uploads\/2021\/07\/microfono-radio-ok-768x448-768x448-1.jpg\" data-dt-img-description=\"\" data-large_image_width=\"768\" data-large_image_height=\"448\"><img loading=\"lazy\" decoding=\"async\" class=\" wp-image-220632 alignleft\" src=\"https:\/\/www.radiopiu.net\/wordpress\/wp-content\/uploads\/2021\/07\/microfono-radio-ok-768x448-768x448-1-300x175.jpg\" alt=\"\" width=\"148\" height=\"86\" srcset=\"https:\/\/www.radiopiu.net\/wordpress\/wp-content\/uploads\/2021\/07\/microfono-radio-ok-768x448-768x448-1-300x175.jpg 300w, https:\/\/www.radiopiu.net\/wordpress\/wp-content\/uploads\/2021\/07\/microfono-radio-ok-768x448-768x448-1.jpg 768w\" sizes=\"auto, (max-width: 148px) 100vw, 148px\" \/><\/a>CON MARINA DONA&#8217; E DAVID &#8220;ATHOS&#8221; BEN<\/strong><\/span><\/p>\n<p><span style=\"color: #0000ff;\"><strong>PUNTATA DEL 08 NOVEMBRE 2024<\/strong><\/span><\/p>\n<p><strong>PRIMA PARTE<\/strong><\/p>\n<audio class=\"wp-audio-shortcode\" id=\"audio-418541-22\" preload=\"none\" style=\"width: 100%;\" controls=\"controls\"><source type=\"audio\/mpeg\" src=\"https:\/\/www.radiopiu.net\/wordpress\/wp-content\/uploads\/2024\/11\/GOLD1.mp3?_=22\" \/><a href=\"https:\/\/www.radiopiu.net\/wordpress\/wp-content\/uploads\/2024\/11\/GOLD1.mp3\">https:\/\/www.radiopiu.net\/wordpress\/wp-content\/uploads\/2024\/11\/GOLD1.mp3<\/a><\/audio>\n<p><strong>\u00a0<\/strong><\/p>\n<p><strong>SECONDA PARTE<\/strong><\/p>\n<audio class=\"wp-audio-shortcode\" id=\"audio-418541-23\" preload=\"none\" style=\"width: 100%;\" controls=\"controls\"><source type=\"audio\/mpeg\" src=\"https:\/\/www.radiopiu.net\/wordpress\/wp-content\/uploads\/2024\/11\/GOLD2.mp3?_=23\" \/><a href=\"https:\/\/www.radiopiu.net\/wordpress\/wp-content\/uploads\/2024\/11\/GOLD2.mp3\">https:\/\/www.radiopiu.net\/wordpress\/wp-content\/uploads\/2024\/11\/GOLD2.mp3<\/a><\/audio>\n<p><strong>\u00a0<\/strong><\/p>\n<p><strong>TERZA PARTE<\/strong><\/p>\n<audio class=\"wp-audio-shortcode\" id=\"audio-418541-24\" preload=\"none\" style=\"width: 100%;\" controls=\"controls\"><source type=\"audio\/mpeg\" src=\"https:\/\/www.radiopiu.net\/wordpress\/wp-content\/uploads\/2024\/11\/GOLD3.mp3?_=24\" \/><a href=\"https:\/\/www.radiopiu.net\/wordpress\/wp-content\/uploads\/2024\/11\/GOLD3.mp3\">https:\/\/www.radiopiu.net\/wordpress\/wp-content\/uploads\/2024\/11\/GOLD3.mp3<\/a><\/audio>\n<p>&nbsp;<\/p>\n<h2>LA RACCOLTA COMPLETA <a href=\"https:\/\/www.radiopiu.net\/wordpress\/music-a-b-c-il-mondo-della-musica-una-lettera-alla-volta-la-raccolta\/\"><span style=\"color: #3366ff;\">CLICCA QUI<\/span><\/a><\/h2>\n<p>&nbsp;<\/p>\n<hr \/>\n<p>&nbsp;<\/p>\n<h2><span style=\"color: #008000;\">SPECIALE SOLIDARIETA&#8217; VENETO<\/span><\/h2>\n<p><strong><a class=\"dt-pswp-item\" href=\"https:\/\/www.radiopiu.net\/wordpress\/wp-content\/uploads\/2020\/05\/solidariet\u00e0-veneto.jpg\" data-dt-img-description=\"\" data-large_image_width=\"1373\" data-large_image_height=\"961\"><img loading=\"lazy\" decoding=\"async\" class=\" wp-image-134366 alignleft\" src=\"https:\/\/www.radiopiu.net\/wordpress\/wp-content\/uploads\/2020\/05\/solidariet\u00e0-veneto-300x210.jpg\" alt=\"\" width=\"154\" height=\"108\" srcset=\"https:\/\/www.radiopiu.net\/wordpress\/wp-content\/uploads\/2020\/05\/solidariet\u00e0-veneto-300x210.jpg 300w, https:\/\/www.radiopiu.net\/wordpress\/wp-content\/uploads\/2020\/05\/solidariet\u00e0-veneto-1024x717.jpg 1024w, https:\/\/www.radiopiu.net\/wordpress\/wp-content\/uploads\/2020\/05\/solidariet\u00e0-veneto-768x538.jpg 768w, https:\/\/www.radiopiu.net\/wordpress\/wp-content\/uploads\/2020\/05\/solidariet\u00e0-veneto.jpg 1373w\" sizes=\"auto, (max-width: 154px) 100vw, 154px\" \/><\/a>DI MIRKO MEZZACASA<\/strong><\/p>\n<p>OSPITE: Paolo Stefan direttore di Solidariet\u00e0 Veneto<\/p>\n<audio class=\"wp-audio-shortcode\" id=\"audio-418541-25\" preload=\"none\" style=\"width: 100%;\" controls=\"controls\"><source type=\"audio\/mpeg\" src=\"https:\/\/www.radiopiu.net\/wordpress\/wp-content\/uploads\/2024\/11\/PAOLO-STEFAN-08-NNOVMEBRE-2024.mp3?_=25\" \/><a href=\"https:\/\/www.radiopiu.net\/wordpress\/wp-content\/uploads\/2024\/11\/PAOLO-STEFAN-08-NNOVMEBRE-2024.mp3\">https:\/\/www.radiopiu.net\/wordpress\/wp-content\/uploads\/2024\/11\/PAOLO-STEFAN-08-NNOVMEBRE-2024.mp3<\/a><\/audio>\n<p>&nbsp;<\/p>\n<hr \/>\n<p>&nbsp;<\/p>\n<h2><span style=\"color: #ff00ff;\">DOMENICA 10 NOVEMBRE LA LUCCIOLATA CON I BOCE DA RIF<\/span><\/h2>\n<p><strong><a class=\"dt-pswp-item\" href=\"https:\/\/www.radiopiu.net\/wordpress\/wp-content\/uploads\/2024\/11\/Senza-nome-30.jpg\" data-dt-img-description=\"\" data-large_image_width=\"472\" data-large_image_height=\"214\"><img loading=\"lazy\" decoding=\"async\" class=\"size-medium wp-image-418121 alignleft\" src=\"https:\/\/www.radiopiu.net\/wordpress\/wp-content\/uploads\/2024\/11\/Senza-nome-30-300x136.jpg\" alt=\"\" width=\"300\" height=\"136\" srcset=\"https:\/\/www.radiopiu.net\/wordpress\/wp-content\/uploads\/2024\/11\/Senza-nome-30-300x136.jpg 300w, https:\/\/www.radiopiu.net\/wordpress\/wp-content\/uploads\/2024\/11\/Senza-nome-30.jpg 472w\" sizes=\"auto, (max-width: 300px) 100vw, 300px\" \/><\/a>DI MIRKO MEZZACASA<\/strong><\/p>\n<p>OSPITE: Eva Olivier<\/p>\n<audio class=\"wp-audio-shortcode\" id=\"audio-418541-26\" preload=\"none\" style=\"width: 100%;\" controls=\"controls\"><source type=\"audio\/mpeg\" src=\"https:\/\/www.radiopiu.net\/wordpress\/wp-content\/uploads\/2024\/11\/EVA-RIF-LUCCIOLATA.mp3?_=26\" \/><a href=\"https:\/\/www.radiopiu.net\/wordpress\/wp-content\/uploads\/2024\/11\/EVA-RIF-LUCCIOLATA.mp3\">https:\/\/www.radiopiu.net\/wordpress\/wp-content\/uploads\/2024\/11\/EVA-RIF-LUCCIOLATA.mp3<\/a><\/audio>\n<p>&nbsp;<\/p>\n<hr \/>\n<p>&nbsp;<\/p>\n<blockquote class=\"wp-embedded-content\" data-secret=\"UjHBds717M\"><p><a href=\"https:\/\/www.radiopiu.net\/wordpress\/ilvinoracconta08\/\">&#8230;QUANDO IL VINO RACCONTA,  CON LA SOMMELIER DIANA ZERILLI<\/a><\/p><\/blockquote>\n<p><iframe loading=\"lazy\" class=\"wp-embedded-content\" sandbox=\"allow-scripts\" security=\"restricted\" style=\"position: absolute; visibility: hidden;\" title=\"&#8220;&#8230;QUANDO IL VINO RACCONTA,  CON LA SOMMELIER DIANA ZERILLI&#8221; &#8212; Radio Pi\u00f9\" src=\"https:\/\/www.radiopiu.net\/wordpress\/ilvinoracconta08\/embed\/#?secret=YFZ9YQvG1a#?secret=UjHBds717M\" data-secret=\"UjHBds717M\" width=\"600\" height=\"338\" frameborder=\"0\" marginwidth=\"0\" marginheight=\"0\" scrolling=\"no\"><\/iframe><\/p>\n<p>&nbsp;<\/p>\n<blockquote class=\"wp-embedded-content\" data-secret=\"0MB4oECiGq\"><p><a href=\"https:\/\/www.radiopiu.net\/wordpress\/emozione-continua-100-anni-di-passione-raccontati-alla-radio-la-raccolta\/\">EMOZIONE CONTINUA&#8230;100 ANNI DI PASSIONE RACCONTATI ALLA RADIO &#8211; LA RACCOLTA<\/a><\/p><\/blockquote>\n<p><iframe loading=\"lazy\" class=\"wp-embedded-content\" sandbox=\"allow-scripts\" security=\"restricted\" style=\"position: absolute; visibility: hidden;\" title=\"&#8220;EMOZIONE CONTINUA&#8230;100 ANNI DI PASSIONE RACCONTATI ALLA RADIO &#8211; LA RACCOLTA&#8221; &#8212; Radio Pi\u00f9\" src=\"https:\/\/www.radiopiu.net\/wordpress\/emozione-continua-100-anni-di-passione-raccontati-alla-radio-la-raccolta\/embed\/#?secret=Ilm6Nj0jkK#?secret=0MB4oECiGq\" data-secret=\"0MB4oECiGq\" width=\"600\" height=\"338\" frameborder=\"0\" marginwidth=\"0\" marginheight=\"0\" scrolling=\"no\"><\/iframe><\/p>\n<p>&nbsp;<\/p>\n<p>&nbsp;<\/p>\n<blockquote class=\"wp-embedded-content\" data-secret=\"XGT5OsR9RC\"><p><a href=\"https:\/\/www.radiopiu.net\/wordpress\/dal-monte-pelmo-alletna-con-stefano-paolo-e-radiopiu-13\/\">DAL MONTE PELMO ALL&#8217;ETNA CON STEFANO, PAOLO&#8230; E RADIOPIU&#8217;<\/a><\/p><\/blockquote>\n<p><iframe loading=\"lazy\" class=\"wp-embedded-content\" sandbox=\"allow-scripts\" security=\"restricted\" style=\"position: absolute; visibility: hidden;\" title=\"&#8220;DAL MONTE PELMO ALL&#8217;ETNA CON STEFANO, PAOLO&#8230; E RADIOPIU&#8217;&#8221; &#8212; Radio Pi\u00f9\" src=\"https:\/\/www.radiopiu.net\/wordpress\/dal-monte-pelmo-alletna-con-stefano-paolo-e-radiopiu-13\/embed\/#?secret=cqB8PHfgXT#?secret=XGT5OsR9RC\" data-secret=\"XGT5OsR9RC\" width=\"600\" height=\"338\" frameborder=\"0\" marginwidth=\"0\" marginheight=\"0\" scrolling=\"no\"><\/iframe><\/p>\n<p>&nbsp;<\/p>\n<hr \/>\n<p>&nbsp;<\/p>\n<blockquote>\n<h3>&#8220;IT ENDS WHIT US&#8221; IN PROGRAMMAZIONE AL CINEMA DOLOMITI DI FALCADE<\/h3>\n<\/blockquote>\n<p><strong><a class=\"dt-pswp-item\" href=\"https:\/\/www.radiopiu.net\/wordpress\/wp-content\/uploads\/2024\/11\/IT-ENDS-WHIT-US.jpg\" data-dt-img-description=\"\" data-large_image_width=\"1100\" data-large_image_height=\"1422\"><img loading=\"lazy\" decoding=\"async\" class=\" wp-image-418128 alignleft\" src=\"https:\/\/www.radiopiu.net\/wordpress\/wp-content\/uploads\/2024\/11\/IT-ENDS-WHIT-US-232x300.jpg\" alt=\"\" width=\"145\" height=\"188\" srcset=\"https:\/\/www.radiopiu.net\/wordpress\/wp-content\/uploads\/2024\/11\/IT-ENDS-WHIT-US-232x300.jpg 232w, https:\/\/www.radiopiu.net\/wordpress\/wp-content\/uploads\/2024\/11\/IT-ENDS-WHIT-US-792x1024.jpg 792w, https:\/\/www.radiopiu.net\/wordpress\/wp-content\/uploads\/2024\/11\/IT-ENDS-WHIT-US-768x993.jpg 768w, https:\/\/www.radiopiu.net\/wordpress\/wp-content\/uploads\/2024\/11\/IT-ENDS-WHIT-US.jpg 1100w\" sizes=\"auto, (max-width: 145px) 100vw, 145px\" \/><\/a>FALCADE<\/strong> Nel fine settimana riapre il Cinema Dolomiti di Falcade e il film in programmazione sar\u00e0 &#8220;It Ends Whit Us&#8221;, diretto da\u00a0Justin Baldoni,\u00a0adattamento cinematografico\u00a0dell&#8217;omonimo romanzo\u00a0di\u00a0Colleen Hoover. Lily Bloom torna nella sua citt\u00e0 natale per il funerale di suo padre, esitando a trovare qualcosa di positivo da dire su di lui. A Boston, apre un negozio di fiori e conosce Ryle, un neurochirurgo con cui inizia una relazione. Le cose si complicano quando Lily incontra il suo primo amore, Atlas, che gestisce un ristorante. Dopo un episodio di violenza da parte di Ryle, Atlas le suggerisce di lasciarlo. Nonostante le scuse di Ryle, che rivela un trauma infantile, Lily vive altri episodi violenti, inclusa un&#8217;aggressione durante la gravidanza. Dopo la nascita della loro figlia, Lily sceglie di divorziare per proteggere se stessa e la bambina. Anni dopo, incontra Atlas, lasciando aperta la possibilit\u00e0 di un nuovo inizio. SPETTACOLI SABATO E DOMENICA ALLE 21, DOMENICA ANCHE ALLE 15:30.<\/p>\n<p><strong>DI PAOLA LANCIATO<\/strong><\/p>\n<audio class=\"wp-audio-shortcode\" id=\"audio-418541-27\" preload=\"none\" style=\"width: 100%;\" controls=\"controls\"><source type=\"audio\/mpeg\" src=\"https:\/\/www.radiopiu.net\/wordpress\/wp-content\/uploads\/2024\/11\/It-ends-with-us-siamo-noi-a-dire-basta.mp3?_=27\" \/><a href=\"https:\/\/www.radiopiu.net\/wordpress\/wp-content\/uploads\/2024\/11\/It-ends-with-us-siamo-noi-a-dire-basta.mp3\">https:\/\/www.radiopiu.net\/wordpress\/wp-content\/uploads\/2024\/11\/It-ends-with-us-siamo-noi-a-dire-basta.mp3<\/a><\/audio>\n<p>&nbsp;<\/p>\n<hr \/>\n<p>&nbsp;<\/p>\n<h2><span style=\"color: #ff0000;\"><a class=\"dt-pswp-item\" href=\"https:\/\/www.radiopiu.net\/wordpress\/wp-content\/uploads\/2018\/09\/appuntamenti.jpeg\" data-dt-img-description=\"\" data-large_image_width=\"800\" data-large_image_height=\"100\"><img loading=\"lazy\" decoding=\"async\" class=\"wp-image-61958 size-full aligncenter\" src=\"https:\/\/www.radiopiu.net\/wordpress\/wp-content\/uploads\/2018\/09\/appuntamenti.jpeg\" alt=\"\" width=\"800\" height=\"100\" srcset=\"https:\/\/www.radiopiu.net\/wordpress\/wp-content\/uploads\/2018\/09\/appuntamenti.jpeg 800w, https:\/\/www.radiopiu.net\/wordpress\/wp-content\/uploads\/2018\/09\/appuntamenti-300x38.jpeg 300w, https:\/\/www.radiopiu.net\/wordpress\/wp-content\/uploads\/2018\/09\/appuntamenti-768x96.jpeg 768w\" sizes=\"auto, (max-width: 800px) 100vw, 800px\" \/><\/a><\/span><\/h2>\n<p>&nbsp;<\/p>\n<div style=\"width: 1200px;\" class=\"wp-video\"><video class=\"wp-video-shortcode\" id=\"video-418541-3\" width=\"1200\" height=\"675\" preload=\"metadata\" controls=\"controls\"><source type=\"video\/mp4\" src=\"https:\/\/www.radiopiu.net\/wordpress\/wp-content\/uploads\/2024\/10\/WhatsApp-Video-2024-10-23-at-00.12.10.mp4?_=3\" \/><a href=\"https:\/\/www.radiopiu.net\/wordpress\/wp-content\/uploads\/2024\/10\/WhatsApp-Video-2024-10-23-at-00.12.10.mp4\">https:\/\/www.radiopiu.net\/wordpress\/wp-content\/uploads\/2024\/10\/WhatsApp-Video-2024-10-23-at-00.12.10.mp4<\/a><\/video><\/div>\n<p><strong>\u00a0<\/strong><\/p>\n<p><strong>FALCADE <\/strong>RIAPRE IL CINEMA DOLOMITI DI FALCADE. OGGI E DOMANI VERR\u00c0 PROIETTATO IL FILM IT ENDS WHIT US. SPETTACOLI ALLE 21, DOMANI ANCHE ALLE 15:30<\/p>\n<div class=\"flex-shrink-0 flex flex-col relative items-end\">\n<div class=\"pt-0\">\n<div class=\"gizmo-bot-avatar flex h-8 w-8 items-center justify-center overflow-hidden rounded-full\">\n<p class=\"relative p-1 rounded-sm flex items-center justify-center bg-token-main-surface-primary text-token-text-primary h-8 w-8\"><strong>CANALE D&#8217;AGORDO <\/strong>Jazzercise \u00e8 un allenamento ad alta intensit\u00e0 che combina danza, pilates, yoga e kickboxing, adatto a tutti i livelli di fitness. \u00c8 efficace per tonificare i muscoli, migliorare la postura e ottenere un fisico snello. Nell&#8217;Agordino, le lezioni si tengono a Canale d&#8217;Agordo, nella sala ex emigranti di via Lotta, il luned\u00ec dalle 18:15 alle 19:15 e il mercoled\u00ec dalle 18:30 alle 19:30. L&#8217;istruttrice certificata RaLuca ti aspetta per un allenamento coinvolgente al ritmo di musica attuale. Per informazioni: 347 9295478<\/p>\n<\/div>\n<\/div>\n<\/div>\n<p>&nbsp;<\/p>\n<p>&nbsp;<\/p>\n<div>\n<div class=\"\" dir=\"auto\">\n<div id=\":r9h:\" class=\"x1iorvi4 x1pi30zi x1l90r2v x1swvt13\" data-ad-comet-preview=\"message\" data-ad-preview=\"message\">\n\n\t\t\t<style type='text\/css'>\n\t\t\t\t#gallery-5 {\n\t\t\t\t\tmargin: auto;\n\t\t\t\t}\n\t\t\t\t#gallery-5 .gallery-item {\n\t\t\t\t\tfloat: left;\n\t\t\t\t\tmargin-top: 10px;\n\t\t\t\t\ttext-align: center;\n\t\t\t\t\twidth: 25%;\n\t\t\t\t}\n\t\t\t\t#gallery-5 img {\n\t\t\t\t\tborder: 2px solid #cfcfcf;\n\t\t\t\t}\n\t\t\t\t#gallery-5 .gallery-caption {\n\t\t\t\t\tmargin-left: 0;\n\t\t\t\t}\n\t\t\t\t\/* see gallery_shortcode() in wp-includes\/media.php *\/\n\t\t\t<\/style>\n\t\t<div id='gallery-5' class='dt-gallery-container gallery galleryid-418541 gallery-columns-4 gallery-size-thumbnail'><dl class='gallery-item'>\n\t\t\t\t<dt class='gallery-icon portrait'>\n\t\t\t\t\t<a class=\"rollover rollover-zoom dt-pswp-item\" title=\"LOC_A3_MOSTRA-RADIO_CMVI\" data-dt-img-description=\"\" data-large_image_width=\"1816\" data-large_image_height=\"2560\"href='https:\/\/www.radiopiu.net\/wordpress\/wp-content\/uploads\/2024\/08\/LOC_A3_MOSTRA-RADIO_CMVI-scaled.jpg'><img loading=\"lazy\" decoding=\"async\" width=\"150\" height=\"150\" src=\"https:\/\/www.radiopiu.net\/wordpress\/wp-content\/uploads\/2024\/08\/LOC_A3_MOSTRA-RADIO_CMVI-150x150.jpg\" class=\"attachment-thumbnail size-thumbnail\" alt=\"\" aria-describedby=\"gallery-5-403450\" \/><\/a>\n\t\t\t\t<\/dt>\n\t\t\t\t\t<dd class='wp-caption-text gallery-caption' id='gallery-5-403450'>\n\t\t\t\t\tLA MOSTRA DELLE RADIO IN VALLE IMPERINA\n\t\t\t\t\t<\/dd><\/dl><dl class='gallery-item'>\n\t\t\t\t<dt class='gallery-icon portrait'>\n\t\t\t\t\t<a class=\"rollover rollover-zoom dt-pswp-item\" title=\"967a322c-9996-42d7-af75-662ca7d89e84\" data-dt-img-description=\"\" data-large_image_width=\"1080\" data-large_image_height=\"1519\"href='https:\/\/www.radiopiu.net\/wordpress\/wp-content\/uploads\/2024\/10\/967a322c-9996-42d7-af75-662ca7d89e84-1.jpg'><img loading=\"lazy\" decoding=\"async\" width=\"150\" height=\"150\" src=\"https:\/\/www.radiopiu.net\/wordpress\/wp-content\/uploads\/2024\/10\/967a322c-9996-42d7-af75-662ca7d89e84-1-150x150.jpg\" class=\"attachment-thumbnail size-thumbnail\" alt=\"\" aria-describedby=\"gallery-5-413698\" \/><\/a>\n\t\t\t\t<\/dt>\n\t\t\t\t\t<dd class='wp-caption-text gallery-caption' id='gallery-5-413698'>\n\t\t\t\t\tDOMANI\n\t\t\t\t\t<\/dd><\/dl><dl class='gallery-item'>\n\t\t\t\t<dt class='gallery-icon portrait'>\n\t\t\t\t\t<a class=\"rollover rollover-zoom dt-pswp-item\" title=\"Locandina 4 novembre 2024\" data-dt-img-description=\"\" data-large_image_width=\"595\" data-large_image_height=\"841\"href='https:\/\/www.radiopiu.net\/wordpress\/wp-content\/uploads\/2024\/10\/Locandina-4-novembre-2024.jpg'><img loading=\"lazy\" decoding=\"async\" width=\"150\" height=\"150\" src=\"https:\/\/www.radiopiu.net\/wordpress\/wp-content\/uploads\/2024\/10\/Locandina-4-novembre-2024-150x150.jpg\" class=\"attachment-thumbnail size-thumbnail\" alt=\"\" aria-describedby=\"gallery-5-416539\" \/><\/a>\n\t\t\t\t<\/dt>\n\t\t\t\t\t<dd class='wp-caption-text gallery-caption' id='gallery-5-416539'>\n\t\t\t\t\tIL 4 NOVEMBRE A FELTRE\n\t\t\t\t\t<\/dd><\/dl><dl class='gallery-item'>\n\t\t\t\t<dt class='gallery-icon portrait'>\n\t\t\t\t\t<a class=\"rollover rollover-zoom dt-pswp-item\" title=\"c8fab2c8-4352-4bfb-a3ee-fae1153adc23\" data-dt-img-description=\"\" data-large_image_width=\"1131\" data-large_image_height=\"1600\"href='https:\/\/www.radiopiu.net\/wordpress\/wp-content\/uploads\/2024\/10\/c8fab2c8-4352-4bfb-a3ee-fae1153adc23.jpg'><img loading=\"lazy\" decoding=\"async\" width=\"150\" height=\"150\" src=\"https:\/\/www.radiopiu.net\/wordpress\/wp-content\/uploads\/2024\/10\/c8fab2c8-4352-4bfb-a3ee-fae1153adc23-150x150.jpg\" class=\"attachment-thumbnail size-thumbnail\" alt=\"\" aria-describedby=\"gallery-5-417436\" \/><\/a>\n\t\t\t\t<\/dt>\n\t\t\t\t\t<dd class='wp-caption-text gallery-caption' id='gallery-5-417436'>\n\t\t\t\t\tCASTAGNATA A LA VALLE\n\t\t\t\t\t<\/dd><\/dl><br style=\"clear: both\" \/><dl class='gallery-item'>\n\t\t\t\t<dt class='gallery-icon portrait'>\n\t\t\t\t\t<a class=\"rollover rollover-zoom dt-pswp-item\" title=\"Esoterismo islamico Taddeo Bez 15 e 22 novembre 2024\" data-dt-img-description=\"\" data-large_image_width=\"1447\" data-large_image_height=\"2048\"href='https:\/\/www.radiopiu.net\/wordpress\/wp-content\/uploads\/2024\/11\/Esoterismo-islamico-Taddeo-Bez-15-e-22-novembre-2024.jpg'><img loading=\"lazy\" decoding=\"async\" width=\"150\" height=\"150\" src=\"https:\/\/www.radiopiu.net\/wordpress\/wp-content\/uploads\/2024\/11\/Esoterismo-islamico-Taddeo-Bez-15-e-22-novembre-2024-150x150.jpg\" class=\"attachment-thumbnail size-thumbnail\" alt=\"\" aria-describedby=\"gallery-5-417756\" \/><\/a>\n\t\t\t\t<\/dt>\n\t\t\t\t\t<dd class='wp-caption-text gallery-caption' id='gallery-5-417756'>\n\t\t\t\t\tAL CENTRO LA TERRA DEI PADRI\n\t\t\t\t\t<\/dd><\/dl><dl class='gallery-item'>\n\t\t\t\t<dt class='gallery-icon portrait'>\n\t\t\t\t\t<a class=\"rollover rollover-zoom dt-pswp-item\" title=\"892c7713-1201-42b0-b257-3bd45f0132bb\" data-dt-img-description=\"\" data-large_image_width=\"1118\" data-large_image_height=\"1600\"href='https:\/\/www.radiopiu.net\/wordpress\/wp-content\/uploads\/2024\/11\/892c7713-1201-42b0-b257-3bd45f0132bb.jpg'><img loading=\"lazy\" decoding=\"async\" width=\"150\" height=\"150\" src=\"https:\/\/www.radiopiu.net\/wordpress\/wp-content\/uploads\/2024\/11\/892c7713-1201-42b0-b257-3bd45f0132bb-150x150.jpg\" class=\"attachment-thumbnail size-thumbnail\" alt=\"\" aria-describedby=\"gallery-5-418091\" \/><\/a>\n\t\t\t\t<\/dt>\n\t\t\t\t\t<dd class='wp-caption-text gallery-caption' id='gallery-5-418091'>\n\t\t\t\t\tCASTAGNATA AD ARABBA\n\t\t\t\t\t<\/dd><\/dl><dl class='gallery-item'>\n\t\t\t\t<dt class='gallery-icon portrait'>\n\t\t\t\t\t<a class=\"rollover rollover-zoom dt-pswp-item\" title=\"b5f73050-ea2e-4c37-9da9-9c084f81ceee\" data-dt-img-description=\"\" data-large_image_width=\"1131\" data-large_image_height=\"1600\"href='https:\/\/www.radiopiu.net\/wordpress\/wp-content\/uploads\/2024\/11\/b5f73050-ea2e-4c37-9da9-9c084f81ceee.jpg'><img loading=\"lazy\" decoding=\"async\" width=\"150\" height=\"150\" src=\"https:\/\/www.radiopiu.net\/wordpress\/wp-content\/uploads\/2024\/11\/b5f73050-ea2e-4c37-9da9-9c084f81ceee-150x150.jpg\" class=\"attachment-thumbnail size-thumbnail\" alt=\"\" aria-describedby=\"gallery-5-418292\" \/><\/a>\n\t\t\t\t<\/dt>\n\t\t\t\t\t<dd class='wp-caption-text gallery-caption' id='gallery-5-418292'>\n\t\t\t\t\tSABATO ALLEGHE &#8211; DOBBIACO\n\t\t\t\t\t<\/dd><\/dl><dl class='gallery-item'>\n\t\t\t\t<dt class='gallery-icon landscape'>\n\t\t\t\t\t<a class=\"rollover rollover-zoom dt-pswp-item\" title=\"PUCCINI Ponte Nelle Alpi\" data-dt-img-description=\"\" data-large_image_width=\"1440\" data-large_image_height=\"1440\"href='https:\/\/www.radiopiu.net\/wordpress\/wp-content\/uploads\/2024\/11\/PUCCINI-Ponte-Nelle-Alpi.jpg'><img loading=\"lazy\" decoding=\"async\" width=\"150\" height=\"150\" src=\"https:\/\/www.radiopiu.net\/wordpress\/wp-content\/uploads\/2024\/11\/PUCCINI-Ponte-Nelle-Alpi-150x150.jpg\" class=\"attachment-thumbnail size-thumbnail\" alt=\"\" aria-describedby=\"gallery-5-418509\" srcset=\"https:\/\/www.radiopiu.net\/wordpress\/wp-content\/uploads\/2024\/11\/PUCCINI-Ponte-Nelle-Alpi-150x150.jpg 150w, https:\/\/www.radiopiu.net\/wordpress\/wp-content\/uploads\/2024\/11\/PUCCINI-Ponte-Nelle-Alpi-300x300.jpg 300w, https:\/\/www.radiopiu.net\/wordpress\/wp-content\/uploads\/2024\/11\/PUCCINI-Ponte-Nelle-Alpi-1024x1024.jpg 1024w, https:\/\/www.radiopiu.net\/wordpress\/wp-content\/uploads\/2024\/11\/PUCCINI-Ponte-Nelle-Alpi-768x768.jpg 768w, https:\/\/www.radiopiu.net\/wordpress\/wp-content\/uploads\/2024\/11\/PUCCINI-Ponte-Nelle-Alpi.jpg 1440w\" sizes=\"auto, (max-width: 150px) 100vw, 150px\" \/><\/a>\n\t\t\t\t<\/dt>\n\t\t\t\t\t<dd class='wp-caption-text gallery-caption' id='gallery-5-418509'>\n\t\t\t\t\tLA BOHEME A PONTE NELLE ALPI\n\t\t\t\t\t<\/dd><\/dl><br style=\"clear: both\" \/><dl class='gallery-item'>\n\t\t\t\t<dt class='gallery-icon portrait'>\n\t\t\t\t\t<a class=\"rollover rollover-zoom dt-pswp-item\" title=\"d000b47a-efc8-4f75-b6e4-79170d053eeb\" data-dt-img-description=\"\" data-large_image_width=\"719\" data-large_image_height=\"990\"href='https:\/\/www.radiopiu.net\/wordpress\/wp-content\/uploads\/2024\/11\/d000b47a-efc8-4f75-b6e4-79170d053eeb.jpg'><img loading=\"lazy\" decoding=\"async\" width=\"150\" height=\"150\" src=\"https:\/\/www.radiopiu.net\/wordpress\/wp-content\/uploads\/2024\/11\/d000b47a-efc8-4f75-b6e4-79170d053eeb-150x150.jpg\" class=\"attachment-thumbnail size-thumbnail\" alt=\"\" aria-describedby=\"gallery-5-418521\" \/><\/a>\n\t\t\t\t<\/dt>\n\t\t\t\t\t<dd class='wp-caption-text gallery-caption' id='gallery-5-418521'>\n\t\t\t\t\tGARA DI BRISCOLA AD AGORDO\n\t\t\t\t\t<\/dd><\/dl><dl class='gallery-item'>\n\t\t\t\t<dt class='gallery-icon portrait'>\n\t\t\t\t\t<a class=\"rollover rollover-zoom dt-pswp-item\" title=\"8889facc-b5c0-4cb7-a9d2-a97b34e5c598\" data-dt-img-description=\"\" data-large_image_width=\"1530\" data-large_image_height=\"2040\"href='https:\/\/www.radiopiu.net\/wordpress\/wp-content\/uploads\/2024\/11\/8889facc-b5c0-4cb7-a9d2-a97b34e5c598.jpg'><img loading=\"lazy\" decoding=\"async\" width=\"150\" height=\"150\" src=\"https:\/\/www.radiopiu.net\/wordpress\/wp-content\/uploads\/2024\/11\/8889facc-b5c0-4cb7-a9d2-a97b34e5c598-150x150.jpg\" class=\"attachment-thumbnail size-thumbnail\" alt=\"\" aria-describedby=\"gallery-5-418643\" \/><\/a>\n\t\t\t\t<\/dt>\n\t\t\t\t\t<dd class='wp-caption-text gallery-caption' id='gallery-5-418643'>\n\t\t\t\t\tCASTAGNATA E BRISCOLA A FALCADE\n\t\t\t\t\t<\/dd><\/dl><dl class='gallery-item'>\n\t\t\t\t<dt class='gallery-icon portrait'>\n\t\t\t\t\t<a class=\"rollover rollover-zoom dt-pswp-item\" title=\"manifesto serate invernali\" data-dt-img-description=\"\" data-large_image_width=\"1683\" data-large_image_height=\"2383\"href='https:\/\/www.radiopiu.net\/wordpress\/wp-content\/uploads\/2024\/11\/manifesto-serate-invernali.jpg'><img loading=\"lazy\" decoding=\"async\" width=\"150\" height=\"150\" src=\"https:\/\/www.radiopiu.net\/wordpress\/wp-content\/uploads\/2024\/11\/manifesto-serate-invernali-150x150.jpg\" class=\"attachment-thumbnail size-thumbnail\" alt=\"\" aria-describedby=\"gallery-5-418816\" \/><\/a>\n\t\t\t\t<\/dt>\n\t\t\t\t\t<dd class='wp-caption-text gallery-caption' id='gallery-5-418816'>\n\t\t\t\t\t21 FEBBRAIO\n\t\t\t\t\t<\/dd><\/dl>\n\t\t\t\t<br style='clear: both' \/>\n\t\t\t<\/div>\n\n<p>&nbsp;<\/p>\n<\/div>\n<\/div>\n<\/div>\n<p>&nbsp;<\/p>\n<hr \/>\n<p>&nbsp;<\/p>\n<p class=\"mceTemp\"><a class=\"dt-pswp-item\" href=\"https:\/\/www.radiopiu.net\/wordpress\/wp-content\/uploads\/2018\/09\/WhatsApp-Image-2018-09-20-at-16.04.06.jpeg\" data-dt-img-description=\"\" data-large_image_width=\"800\" data-large_image_height=\"100\"><img loading=\"lazy\" decoding=\"async\" class=\"wp-image-61378 size-full aligncenter\" src=\"https:\/\/www.radiopiu.net\/wordpress\/wp-content\/uploads\/2018\/09\/WhatsApp-Image-2018-09-20-at-16.04.06.jpeg\" alt=\"\" width=\"800\" height=\"100\" srcset=\"https:\/\/www.radiopiu.net\/wordpress\/wp-content\/uploads\/2018\/09\/WhatsApp-Image-2018-09-20-at-16.04.06.jpeg 800w, https:\/\/www.radiopiu.net\/wordpress\/wp-content\/uploads\/2018\/09\/WhatsApp-Image-2018-09-20-at-16.04.06-300x38.jpeg 300w, https:\/\/www.radiopiu.net\/wordpress\/wp-content\/uploads\/2018\/09\/WhatsApp-Image-2018-09-20-at-16.04.06-768x96.jpeg 768w\" sizes=\"auto, (max-width: 800px) 100vw, 800px\" \/><\/a><\/p>\n<p><center><\/center><center><\/center>&nbsp;<\/p>\n<p><center><\/center><center><b>OGGI<\/b><\/center>Cielo da poco nuvoloso a tratti velato per nubi alte anche estese specie sui settori prealpini centro-occidentali. Permane la possibilit\u00e0 di foschie\/nebbie fino al primo mattino in alcuni fondovalle prealpini.<br \/>\n<b>Precipitazioni: <\/b>Assenti<br \/>\nTemperature stazionarie o in lieve aumento.<\/p>\n<hr \/>\n<p><center><b>DOMANI<\/b><\/center>Tempo stabile con cielo sereno o al pi\u00f9 poco nuvoloso per qualche velatura fino al mattino e sui settori prealpini occidentali. Aria tersa ed ottima visibilit\u00e0 in quota. Fino al primo mattino in qualche fondovalle prealpino possibili locali nebbie.<br \/>\n<b>Precipitazioni: <\/b>Assenti<br \/>\n<b>Temperature: <\/b>Temperature minime stazionarie o in lieve calo a fondovalle, massime stazionarie o in lieve aumento.<\/p>\n<hr \/>\n<p><center><b>LUNEDI<\/b><\/center>Cielo sereno o al pi\u00f9 poco nuvoloso con qualche foschia o banco di nebbia fino al primo mattino nei fondovalle prealpini, in quota aria tersa ed ottima visibilit\u00e0. Dalla sera tendenza ad aumento della nuvolosit\u00e0. Temperature in lieve calo.<\/p>\n<hr \/>\n<p><center><b>MARTEDI<\/b><\/center>Cielo per lo pi\u00f9 nuvoloso con qualche irregolare schiarita su Prealpi. Probabilit\u00e0 medio-bassa di deboli o debolissime precipitazioni sparse con qualche fiocco oltre i 1400-1600 m. Temperature in calo.<\/p>\n<p>&nbsp;<\/p>\n<hr \/>\n<p>&nbsp;<\/p>\n<p>&nbsp;<\/p>\n<p class=\"mceTemp\"><a class=\"dt-pswp-item\" href=\"https:\/\/www.radiopiu.net\/wordpress\/wp-content\/uploads\/2018\/09\/sport.jpg\" data-dt-img-description=\"\" data-large_image_width=\"800\" data-large_image_height=\"100\"><img loading=\"lazy\" decoding=\"async\" class=\"aligncenter wp-image-60761 size-full\" src=\"https:\/\/www.radiopiu.net\/wordpress\/wp-content\/uploads\/2018\/09\/sport.jpg\" alt=\"\" width=\"800\" height=\"100\" srcset=\"https:\/\/www.radiopiu.net\/wordpress\/wp-content\/uploads\/2018\/09\/sport.jpg 800w, https:\/\/www.radiopiu.net\/wordpress\/wp-content\/uploads\/2018\/09\/sport-300x38.jpg 300w, https:\/\/www.radiopiu.net\/wordpress\/wp-content\/uploads\/2018\/09\/sport-768x96.jpg 768w\" sizes=\"auto, (max-width: 800px) 100vw, 800px\" \/><\/a><span style=\"color: #0000ff;\"><strong>\u00a0 \u00a0 \u00a0 \u00a0 \u00a0<\/strong><\/span><\/p>\n<p><span style=\"color: #0000ff;\"><strong>HOCKEY SU GHIACCIO\u00a0<\/strong><\/span><\/p>\n<p>&nbsp;<\/p>\n<blockquote>\n<h1>Titolo: &#8220;Da Alleghe a Washington: Baran Douglas annuncia il puck drop con stile&#8221;<\/h1>\n<\/blockquote>\n<blockquote><p>&nbsp;<\/p><\/blockquote>\n<p><em>\u201cMirko &#8211; Radio Pui come st\u2019a voi dira quests sera a partita di Washington Capitols la Villa de Alleghe grande Errol Rausse fans official \u2018puck drop before the game\u2019\u201d<\/em>. Non c\u2019\u00e8 bisogno di traduzione per chi conosce la leggendaria ironia di Baran Douglas, il beniamino dell\u2019hockey che ha fatto sognare i tifosi dell\u2019Auronzo e dell\u2019Alleghe con la sua grinta sul ghiaccio e le sue battute inconfondibili.<\/p>\n<p>Con il cuore sempre legato all&#8217;Italia, all&#8217;Agordino&#8230; e al lago di Garda,\u00a0 \u00a0Baran ha colto l\u2019occasione per annunciare con entusiasmo la sua partecipazione a Washington (tramite la tv): una serata speciale, dove l\u2019ex stella dell\u2019Alleghe Errol Rausse ha avuto l&#8217;onore\u00a0 di dare il simbolico colpo di disco iniziale. La notizia \u00e8 stata accolta con una cascata di commenti divertiti e pieni d\u2019affetto da parte degli appassionati di hockey, che non dimenticano la\u00a0 travolgente energia di Errol, in biancorosso ad Alleghe a met\u00e0 anni\u00a0 Ottanta negli anni di Priondolo, Larsson, Bjork, Circelli. Douglas, Delfino, Nardella, Ginetti, Morocco &#8230; giusto per citarne qualcuno al di l\u00e0 dell&#8217;Oceano<\/p>\n<p>Douglas, che con il suo spirito ha reso memorabili tante stagioni, ha voluto condividere la notizia con il tono gioviale che lo contraddistingue, portando un pezzo di Alleghe nella capitale americana. Per una notte, tra stick e pattini, l\u2019eco delle Dolomiti risuona persino sulle rive del Potomac.<\/p>\n<p><iframe loading=\"lazy\" title=\"rausse\" width=\"1200\" height=\"675\" src=\"https:\/\/www.youtube.com\/embed\/Je1sARV2HYI?feature=oembed\" frameborder=\"0\" allow=\"accelerometer; autoplay; clipboard-write; encrypted-media; gyroscope; picture-in-picture; web-share\" referrerpolicy=\"strict-origin-when-cross-origin\" allowfullscreen><\/iframe><\/p>\n<p>&nbsp;<\/p>\n<p>&nbsp;<\/p>\n<blockquote>\n<h3>IHL: AD ALLEGHE ARRIVANO GLI ORSI DI DOBBIACO<\/h3>\n<\/blockquote>\n<p><strong><a class=\"dt-pswp-item\" href=\"https:\/\/www.radiopiu.net\/wordpress\/wp-content\/uploads\/2024\/11\/60a3b657-2765-439b-abf2-94d7682ba600.jpg\" data-dt-img-description=\"\" data-large_image_width=\"940\" data-large_image_height=\"521\"><img loading=\"lazy\" decoding=\"async\" class=\" wp-image-418652 alignleft\" src=\"https:\/\/www.radiopiu.net\/wordpress\/wp-content\/uploads\/2024\/11\/60a3b657-2765-439b-abf2-94d7682ba600-300x166.jpg\" alt=\"\" width=\"199\" height=\"110\" srcset=\"https:\/\/www.radiopiu.net\/wordpress\/wp-content\/uploads\/2024\/11\/60a3b657-2765-439b-abf2-94d7682ba600-300x166.jpg 300w, https:\/\/www.radiopiu.net\/wordpress\/wp-content\/uploads\/2024\/11\/60a3b657-2765-439b-abf2-94d7682ba600-768x426.jpg 768w, https:\/\/www.radiopiu.net\/wordpress\/wp-content\/uploads\/2024\/11\/60a3b657-2765-439b-abf2-94d7682ba600.jpg 940w\" sizes=\"auto, (max-width: 199px) 100vw, 199px\" \/><\/a>DI ROBERTO MIANA, PORTAVOCE DELL&#8217;ALLEGHE HOCKEY<\/strong><\/p>\n<p>Tredicesima giornata del campionato IHL di hockey su ghiaccio, sabato 9 novembre alle 20:30 l\u2019Alleghe ospita il Dobbiaco. Ingresso palaghiaccio dalla gradinata laterale (lato torrente Zunaia). Nell\u2019ultima giornata l\u2019Alleghe \u00e8 stato sconfitto 2-5 in quel di Cavalese dal Valdifiemme. Primo tempo intenso terminato a reti inviolate, con gli Agordini che hanno sofferto nel finale di periodo. In apertura di secondo drittel la doppietta dell\u2019ex Gabriel Vinatzer ha spianato la strada ai padroni di casa che, in pochi minuti, hanno calato il poker mettendo a referto altre due reti. Terzo tempo difensivo per il Fiemme, con gli Alleghesi che hanno fallito numerose occasioni per riaprire la contesa, trovando sulla propria strada un goalie avversario in serata di grazia. Il Valdifiemme ha messo poi in cassaforte vittoria e tre punti con la quinta rete, prima delle marcature alleghesi di Marwin Martini e Francesco Soppelsa che, nel finale di gara, sono servite solo a rendere il passivo meno pesante. Dopo dieci gare, le Civette sono ottave in classifica con 15 punti. Il Dobbiaco, prossimo avversario degli Agordini, \u00e8 reduce dalla pesante sconfitta casalinga 1-4 subita per mano del Valpellice. Nona piazza in classifica per gli Icebears con 13 punti in undici gare. Pusteresi che hanno in Patrick Rizzo il miglior goleador con 7 centri (+ 4 assist), nello svedese Daniel Backstrom il miglior assist-man con 12 assistenze vincenti (+ 3 reti) e in Lukas Tauber un buon realizzatore di punti con 4 reti e 10 assist. Nei sei precedenti giocati in IHL tra Alleghe e Dobbiaco regna l\u2019equilibrio, con 3 successi per parte. L\u2019ultima gara in riva al lago, giocata il 14 ottobre dell\u2019anno scorso, ha visto l\u2019affermazione dei Biancorossi 7-3.<br \/>\n<strong>ALLEGHE HOCKEY &#8211; HC DOBBIACO <\/strong>Sabato 9 Novembre ore 20:30 &#8211; Palaghiaccio Alvise De Toni di Alleghe (BL). Ingresso dalla gradinata laterale (lato torrente Zunaia). Arbitri: Luca Cassol e Omar Pini\u00e8 con giudici di linea Gabriel Farkas e Giovanni Strazzabosco. Collegamenti in DIRETTA RADIOFONICA su Radio Pi\u00f9 (www.radiopiu.net) con \u201chockey al punto giusto\u201d, in studio Marco Gaz e da Alleghe interventi di Federico Paganin<\/p>\n<p>&nbsp;<\/p>\n<p><span style=\"color: #0000ff;\"><strong>CALCIO<\/strong><\/span><\/p>\n<blockquote>\n<h3>DOMANI L&#8217;AGORDINA CONTRO LA CAPOLISTA ALPES CESIO<\/h3>\n<\/blockquote>\n<p><strong><a class=\"dt-pswp-item\" href=\"https:\/\/www.radiopiu.net\/wordpress\/wp-content\/uploads\/2022\/04\/CALCIO.jpg\" data-dt-img-description=\"\" data-large_image_width=\"1920\" data-large_image_height=\"1280\"><img loading=\"lazy\" decoding=\"async\" class=\" wp-image-270520 alignleft\" src=\"https:\/\/www.radiopiu.net\/wordpress\/wp-content\/uploads\/2022\/04\/CALCIO-300x200.jpg\" alt=\"\" width=\"176\" height=\"117\" srcset=\"https:\/\/www.radiopiu.net\/wordpress\/wp-content\/uploads\/2022\/04\/CALCIO-300x200.jpg 300w, https:\/\/www.radiopiu.net\/wordpress\/wp-content\/uploads\/2022\/04\/CALCIO-1024x683.jpg 1024w, https:\/\/www.radiopiu.net\/wordpress\/wp-content\/uploads\/2022\/04\/CALCIO-768x512.jpg 768w, https:\/\/www.radiopiu.net\/wordpress\/wp-content\/uploads\/2022\/04\/CALCIO-1536x1024.jpg 1536w, https:\/\/www.radiopiu.net\/wordpress\/wp-content\/uploads\/2022\/04\/CALCIO.jpg 1920w\" sizes=\"auto, (max-width: 176px) 100vw, 176px\" \/><\/a>DI MARCO GAZ<\/strong><\/p>\n<p><strong>REDAZIONE<\/strong> Si abbassano le temperature ma si alza il livello del calcio giocato per l&#8217;Agordina Calcio che nel fine settimana sar\u00e0 impegnata nei campionati LND provinciali. Ad aprire le danze ci pensa il settore giovanile con tre partite oggi pomeriggio. I Giovanissimi, che si presentano con due squadre al torneo, si scontreranno contro il Pedavena. La squadra A scender\u00e0 in campo alle 15 a Taibon mentre la squadra B giocher\u00e0 in trasferta in terra feltrina. Oggi in campo anche gli Juniores che alle 15 affronteranno la Juventina all&#8217;Ivano Dorigo Di Agordo. Domani mattina alle 10 sar\u00e0 il turno degli Allievi dell&#8217;Agordina che scenderanno a Feltre per giocare contro la Juventina Mugnai. La prima squadra invece giocher\u00e0 domani alle 14:30 all&#8217;Ivano Dorigo di Agordo dove arriva la capolista Alpes Cesio. La squadra di Agordo esce da due sconfitte consecutive e servir\u00e0 una grande prova ai raggazzi di Agordo per mettere in difficolt\u00e0 gli avversari per cercare di conquistare punti importanti. Domani alle 20:30 appuntamento con &#8220;Agordina In Prima Linea&#8221; su Radio Pi\u00f9 per riassumere il fine settimana calcistico della squadra di Agordo.<\/p>\n<p>&nbsp;<\/p>\n<p><span style=\"color: #0000ff;\"><strong>NUOTO<\/strong><\/span><\/p>\n<blockquote>\n<h3>LA SPORTIVAMENTE BELLUNO AL MEETING INTERNAZIONALE ALTO ADIGE<\/h3>\n<\/blockquote>\n<p><a class=\"dt-pswp-item\" href=\"https:\/\/www.radiopiu.net\/wordpress\/wp-content\/uploads\/2024\/11\/La_squadra_a_Bolzano.jpg\" data-dt-img-description=\"\" data-large_image_width=\"640\" data-large_image_height=\"480\"><img loading=\"lazy\" decoding=\"async\" class=\" wp-image-418662 alignleft\" src=\"https:\/\/www.radiopiu.net\/wordpress\/wp-content\/uploads\/2024\/11\/La_squadra_a_Bolzano-300x225.jpg\" alt=\"\" width=\"183\" height=\"137\" srcset=\"https:\/\/www.radiopiu.net\/wordpress\/wp-content\/uploads\/2024\/11\/La_squadra_a_Bolzano-300x225.jpg 300w, https:\/\/www.radiopiu.net\/wordpress\/wp-content\/uploads\/2024\/11\/La_squadra_a_Bolzano.jpg 640w\" sizes=\"auto, (max-width: 183px) 100vw, 183px\" \/><\/a>La Sportivamente Belluno ha aperto la stagione al prestigioso International Swimmeeting di Bolzano, con 26 atleti in gara. Tra le 36 squadre partecipanti spiccavano anche nuotatori di livello internazionale, come Alessandro Miressi, medagliato olimpico. Anna Simon (classe 2009) ha brillato conquistando quattro podi, incluso l\u2019oro nei 50 e 100 stile. Anche il giovane Mattia Don\u00e0 (2011) ha avuto un\u2019ottima prestazione, con un oro nei 100 dorso e tre altri podi. Alessandro Nerviani (2009) e Vincenzo Iuliano (2010) hanno ottenuto medaglie importanti, mentre Elisa Petten\u00f2 ha ben figurato nel dorso. La squadra ha chiuso nona nella classifica generale, con numerosi record personali migliorati. Gli allenatori Cassol e Bortot sono soddisfatti e gi\u00e0 concentrati sulla prossima gara del 24 novembre.<\/p>\n<p>&nbsp;<\/p>\n<p><span style=\"color: #0000ff;\"><strong>PALLAVOLO<\/strong><\/span><\/p>\n<blockquote>\n<h3>SB VOLLEY: AL DE MAS ARRIVA IL COLOMBO<\/h3>\n<\/blockquote>\n<p><a class=\"dt-pswp-item\" href=\"https:\/\/www.radiopiu.net\/wordpress\/wp-content\/uploads\/2024\/11\/Un_attacco_di_Camilla_Consoli.jpg\" data-dt-img-description=\"\" data-large_image_width=\"1072\" data-large_image_height=\"694\"><img loading=\"lazy\" decoding=\"async\" class=\" wp-image-418690 alignleft\" src=\"https:\/\/www.radiopiu.net\/wordpress\/wp-content\/uploads\/2024\/11\/Un_attacco_di_Camilla_Consoli-300x194.jpg\" alt=\"\" width=\"142\" height=\"92\" srcset=\"https:\/\/www.radiopiu.net\/wordpress\/wp-content\/uploads\/2024\/11\/Un_attacco_di_Camilla_Consoli-300x194.jpg 300w, https:\/\/www.radiopiu.net\/wordpress\/wp-content\/uploads\/2024\/11\/Un_attacco_di_Camilla_Consoli-1024x663.jpg 1024w, https:\/\/www.radiopiu.net\/wordpress\/wp-content\/uploads\/2024\/11\/Un_attacco_di_Camilla_Consoli-768x497.jpg 768w, https:\/\/www.radiopiu.net\/wordpress\/wp-content\/uploads\/2024\/11\/Un_attacco_di_Camilla_Consoli.jpg 1072w\" sizes=\"auto, (max-width: 142px) 100vw, 142px\" \/><\/a>Il palasport De Mas ospiter\u00e0 stasera la terza giornata del campionato di Serie C femminile, con la sfida tra SB Volley e Volley Colombo, capolista. Le avversarie padovane, con due vittorie su due, arrivano con 5 punti, mentre le ragazze di Josh De Salvador, quarte in classifica, contano 4 punti dopo una vittoria netta contro Ormesani Annia. Il match \u00e8 visto come un test cruciale per la crescita del collettivo, che ha iniziato la stagione con qualche difficolt\u00e0. Camilla Consoli, passata al ruolo di attaccante, confida in una gara equilibrata e in una stagione di miglioramenti, sia personali che di squadra.<\/p>\n<p>&nbsp;<\/p>\n<hr \/>\n<p>&nbsp;<\/p>\n<h2><span style=\"color: #008000;\">GOODBYE BY BICICLE&#8230;UN VIAGGIO DALL&#8217;INDIA A SEREN DEL GRAPPA IN BICICLETTA<\/span><\/h2>\n<p><span style=\"color: #ff0000;\"><strong>PUNTATA 35 &#8211; SI AVVICINA L&#8217;INVERNO E LE GIORNATE SI ACCORCIANO<\/strong><\/span><\/p>\n<audio class=\"wp-audio-shortcode\" id=\"audio-418541-28\" preload=\"none\" style=\"width: 100%;\" controls=\"controls\"><source type=\"audio\/mpeg\" src=\"https:\/\/www.radiopiu.net\/wordpress\/wp-content\/uploads\/2024\/10\/AIRE-INDIA-PUNTATA-35.mp3?_=28\" \/><a href=\"https:\/\/www.radiopiu.net\/wordpress\/wp-content\/uploads\/2024\/10\/AIRE-INDIA-PUNTATA-35.mp3\">https:\/\/www.radiopiu.net\/wordpress\/wp-content\/uploads\/2024\/10\/AIRE-INDIA-PUNTATA-35.mp3<\/a><\/audio>\n<p>&nbsp;<\/p>\n<p><strong>PER VISITARE I SITI DEI LUOGHI VISITATI, CLICCA SULLE SEGUENTI SCRITTE: <span style=\"color: #3366ff;\"><a href=\"https:\/\/www.dauniavventura.com\/\">DAUNIA AVVENTURA<\/a>\u00a0 \u00a0<a href=\"https:\/\/www.naturalfarmshizen.org\/\">NATURAL FARM SHIZEN\u00a0<\/a> \u00a0<a href=\"https:\/\/www.terramore.org\/chi-siamo\/\">TERRAMORE<\/a>\u00a0 \u00a0<a href=\"https:\/\/viaverdedeitrabocchi.info\/\">VIA VERDE DEI TIRABOCCHI<\/a><\/span><\/strong><\/p>\n<p>&nbsp;<\/p>\n\n\t\t\t<style type='text\/css'>\n\t\t\t\t#gallery-6 {\n\t\t\t\t\tmargin: auto;\n\t\t\t\t}\n\t\t\t\t#gallery-6 .gallery-item {\n\t\t\t\t\tfloat: left;\n\t\t\t\t\tmargin-top: 10px;\n\t\t\t\t\ttext-align: center;\n\t\t\t\t\twidth: 16%;\n\t\t\t\t}\n\t\t\t\t#gallery-6 img {\n\t\t\t\t\tborder: 2px solid #cfcfcf;\n\t\t\t\t}\n\t\t\t\t#gallery-6 .gallery-caption {\n\t\t\t\t\tmargin-left: 0;\n\t\t\t\t}\n\t\t\t\t\/* see gallery_shortcode() in wp-includes\/media.php *\/\n\t\t\t<\/style>\n\t\t<div id='gallery-6' class='dt-gallery-container gallery galleryid-418541 gallery-columns-6 gallery-size-thumbnail'><dl class='gallery-item'>\n\t\t\t\t<dt class='gallery-icon landscape'>\n\t\t\t\t\t<a class=\"rollover rollover-zoom dt-pswp-item\" title=\"47fe36cb-c182-47e3-8c4d-6ce0f8787d77\" data-dt-img-description=\"\" data-large_image_width=\"1600\" data-large_image_height=\"1200\"href='https:\/\/www.radiopiu.net\/wordpress\/wp-content\/uploads\/2024\/10\/47fe36cb-c182-47e3-8c4d-6ce0f8787d77.jpg'><img loading=\"lazy\" decoding=\"async\" width=\"150\" height=\"150\" src=\"https:\/\/www.radiopiu.net\/wordpress\/wp-content\/uploads\/2024\/10\/47fe36cb-c182-47e3-8c4d-6ce0f8787d77-150x150.jpg\" class=\"attachment-thumbnail size-thumbnail\" alt=\"\" \/><\/a>\n\t\t\t\t<\/dt><\/dl><dl class='gallery-item'>\n\t\t\t\t<dt class='gallery-icon landscape'>\n\t\t\t\t\t<a class=\"rollover rollover-zoom dt-pswp-item\" title=\"ec2fc2aa-a463-4928-b82b-5c8384aaf625\" data-dt-img-description=\"\" data-large_image_width=\"1600\" data-large_image_height=\"1200\"href='https:\/\/www.radiopiu.net\/wordpress\/wp-content\/uploads\/2024\/10\/ec2fc2aa-a463-4928-b82b-5c8384aaf625.jpg'><img loading=\"lazy\" decoding=\"async\" width=\"150\" height=\"150\" src=\"https:\/\/www.radiopiu.net\/wordpress\/wp-content\/uploads\/2024\/10\/ec2fc2aa-a463-4928-b82b-5c8384aaf625-150x150.jpg\" class=\"attachment-thumbnail size-thumbnail\" alt=\"\" \/><\/a>\n\t\t\t\t<\/dt><\/dl><dl class='gallery-item'>\n\t\t\t\t<dt class='gallery-icon landscape'>\n\t\t\t\t\t<a class=\"rollover rollover-zoom dt-pswp-item\" title=\"960fcb5a-e1fd-4208-a9b2-3ad5649eb344\" data-dt-img-description=\"\" data-large_image_width=\"1600\" data-large_image_height=\"1200\"href='https:\/\/www.radiopiu.net\/wordpress\/wp-content\/uploads\/2024\/10\/960fcb5a-e1fd-4208-a9b2-3ad5649eb344.jpg'><img loading=\"lazy\" decoding=\"async\" width=\"150\" height=\"150\" src=\"https:\/\/www.radiopiu.net\/wordpress\/wp-content\/uploads\/2024\/10\/960fcb5a-e1fd-4208-a9b2-3ad5649eb344-150x150.jpg\" class=\"attachment-thumbnail size-thumbnail\" alt=\"\" \/><\/a>\n\t\t\t\t<\/dt><\/dl><dl class='gallery-item'>\n\t\t\t\t<dt class='gallery-icon landscape'>\n\t\t\t\t\t<a class=\"rollover rollover-zoom dt-pswp-item\" title=\"7833f891-585e-446b-9261-1ba3e8f76d18\" data-dt-img-description=\"\" data-large_image_width=\"1600\" data-large_image_height=\"1200\"href='https:\/\/www.radiopiu.net\/wordpress\/wp-content\/uploads\/2024\/10\/7833f891-585e-446b-9261-1ba3e8f76d18.jpg'><img loading=\"lazy\" decoding=\"async\" width=\"150\" height=\"150\" src=\"https:\/\/www.radiopiu.net\/wordpress\/wp-content\/uploads\/2024\/10\/7833f891-585e-446b-9261-1ba3e8f76d18-150x150.jpg\" class=\"attachment-thumbnail size-thumbnail\" alt=\"\" \/><\/a>\n\t\t\t\t<\/dt><\/dl><dl class='gallery-item'>\n\t\t\t\t<dt class='gallery-icon portrait'>\n\t\t\t\t\t<a class=\"rollover rollover-zoom dt-pswp-item\" title=\"9a17765d-a4cd-49bf-8f84-520eb614ab6f\" data-dt-img-description=\"\" data-large_image_width=\"1200\" data-large_image_height=\"1600\"href='https:\/\/www.radiopiu.net\/wordpress\/wp-content\/uploads\/2024\/10\/9a17765d-a4cd-49bf-8f84-520eb614ab6f.jpg'><img loading=\"lazy\" decoding=\"async\" width=\"150\" height=\"150\" src=\"https:\/\/www.radiopiu.net\/wordpress\/wp-content\/uploads\/2024\/10\/9a17765d-a4cd-49bf-8f84-520eb614ab6f-150x150.jpg\" class=\"attachment-thumbnail size-thumbnail\" alt=\"\" \/><\/a>\n\t\t\t\t<\/dt><\/dl><dl class='gallery-item'>\n\t\t\t\t<dt class='gallery-icon landscape'>\n\t\t\t\t\t<a class=\"rollover rollover-zoom dt-pswp-item\" title=\"ab784236-b7e8-42dc-8d59-bae0789552f8\" data-dt-img-description=\"\" data-large_image_width=\"1600\" data-large_image_height=\"1200\"href='https:\/\/www.radiopiu.net\/wordpress\/wp-content\/uploads\/2024\/10\/ab784236-b7e8-42dc-8d59-bae0789552f8.jpg'><img loading=\"lazy\" decoding=\"async\" width=\"150\" height=\"150\" src=\"https:\/\/www.radiopiu.net\/wordpress\/wp-content\/uploads\/2024\/10\/ab784236-b7e8-42dc-8d59-bae0789552f8-150x150.jpg\" class=\"attachment-thumbnail size-thumbnail\" alt=\"\" \/><\/a>\n\t\t\t\t<\/dt><\/dl><br style=\"clear: both\" \/>\n\t\t\t<\/div>\n\n<p>&nbsp;<\/p>\n<h2>LA RACCOLTA COMPLETA <a href=\"https:\/\/www.radiopiu.net\/wordpress\/goodbye-by-bicicle-un-viaggio-dallindia-a-seren-del-grappa-in-bicicletta-35\/\"><span style=\"color: #3366ff;\">CLICCA QUI<\/span><\/a><\/h2>\n<p>&nbsp;<\/p>\n<p>&nbsp;<\/p>\n<p>&nbsp;<\/p>\n","protected":false},"excerpt":{"rendered":"<p>******* &nbsp; &nbsp; LA\u00a0 APP PER IOS-IPHONE di Nicola Vettorello https:\/\/apps.apple.com\/it\/app\/radio-pi%C3%B9-emittente-agordina\/id1515939845 LA\u00a0 APP RADIO\u00a0 PER ANDROID di Nicola Vettorello https:\/\/play.google.com\/store\/apps\/details?id=net.radiopiu.iniko\u00a0\u00a0\u00a0 &nbsp; &nbsp; &nbsp; &nbsp; \u00a0 OGGI ALLA RADIO&#8230;. ALLE 4 E ALLE 6 LE NOTIZIE DALL&#8217;ITALIA E DAL MONDO 0500 l&#8217;almanacco della nostra gente con il MUSLA\u00a0 6.15 PIROLE DE LENGA A CURA DEL MUSLA&hellip;<\/p>\n","protected":false},"author":4,"featured_media":418767,"comment_status":"closed","ping_status":"closed","sticky":false,"template":"","format":"standard","meta":{"_monsterinsights_skip_tracking":false,"_monsterinsights_sitenote_active":false,"_monsterinsights_sitenote_note":"","_monsterinsights_sitenote_category":0,"footnotes":""},"categories":[51,86,49],"tags":[],"class_list":["post-418541","post","type-post","status-publish","format-standard","has-post-thumbnail","hentry","category-evidenza-top","category-gr","category-news-18","category-51","category-86","category-49","description-off"],"img_url":"https:\/\/www.radiopiu.net\/wordpress\/wp-content\/uploads\/2024\/11\/annalisa-e1731128229732.png","_links":{"self":[{"href":"https:\/\/www.radiopiu.net\/wordpress\/wp-json\/wp\/v2\/posts\/418541","targetHints":{"allow":["GET"]}}],"collection":[{"href":"https:\/\/www.radiopiu.net\/wordpress\/wp-json\/wp\/v2\/posts"}],"about":[{"href":"https:\/\/www.radiopiu.net\/wordpress\/wp-json\/wp\/v2\/types\/post"}],"author":[{"embeddable":true,"href":"https:\/\/www.radiopiu.net\/wordpress\/wp-json\/wp\/v2\/users\/4"}],"replies":[{"embeddable":true,"href":"https:\/\/www.radiopiu.net\/wordpress\/wp-json\/wp\/v2\/comments?post=418541"}],"version-history":[{"count":42,"href":"https:\/\/www.radiopiu.net\/wordpress\/wp-json\/wp\/v2\/posts\/418541\/revisions"}],"predecessor-version":[{"id":418845,"href":"https:\/\/www.radiopiu.net\/wordpress\/wp-json\/wp\/v2\/posts\/418541\/revisions\/418845"}],"wp:featuredmedia":[{"embeddable":true,"href":"https:\/\/www.radiopiu.net\/wordpress\/wp-json\/wp\/v2\/media\/418767"}],"wp:attachment":[{"href":"https:\/\/www.radiopiu.net\/wordpress\/wp-json\/wp\/v2\/media?parent=418541"}],"wp:term":[{"taxonomy":"category","embeddable":true,"href":"https:\/\/www.radiopiu.net\/wordpress\/wp-json\/wp\/v2\/categories?post=418541"},{"taxonomy":"post_tag","embeddable":true,"href":"https:\/\/www.radiopiu.net\/wordpress\/wp-json\/wp\/v2\/tags?post=418541"}],"curies":[{"name":"wp","href":"https:\/\/api.w.org\/{rel}","templated":true}]}}