{"id":418542,"date":"2024-11-08T05:52:32","date_gmt":"2024-11-08T04:52:32","guid":{"rendered":"https:\/\/www.radiopiu.net\/wordpress\/?p=418542"},"modified":"2024-11-08T06:00:29","modified_gmt":"2024-11-08T05:00:29","slug":"regina-contesa-la-marmolada-si-trova-al-centro-di-una-disputa-reale","status":"publish","type":"post","link":"https:\/\/www.radiopiu.net\/wordpress\/regina-contesa-la-marmolada-si-trova-al-centro-di-una-disputa-reale\/","title":{"rendered":"Regina contesa: la Marmolada si trova al centro di una disputa &#8220;reale&#8221;"},"content":{"rendered":"<p>**<\/p>\n<div class=\"flex-1 overflow-hidden\">\n<div class=\"h-full\">\n<div class=\"react-scroll-to-bottom--css-baocu-79elbk h-full\">\n<div class=\"react-scroll-to-bottom--css-baocu-1n7m0yu\">\n<div class=\"flex flex-col text-sm md:pb-9\">\n<article class=\"w-full text-token-text-primary focus-visible:outline-2 focus-visible:outline-offset-[-4px]\" dir=\"auto\" data-testid=\"conversation-turn-45\" data-scroll-anchor=\"true\">\n<div class=\"m-auto text-base py-[18px] px-3 md:px-4 w-full md:px-5 lg:px-4 xl:px-5\">\n<div class=\"mx-auto flex flex-1 gap-4 text-base md:gap-5 lg:gap-6 md:max-w-3xl lg:max-w-[40rem] xl:max-w-[48rem]\">\n<div class=\"group\/conversation-turn relative flex w-full min-w-0 flex-col agent-turn\">\n<div class=\"flex-col gap-1 md:gap-3\">\n<div class=\"flex max-w-full flex-col flex-grow\">\n<div class=\"min-h-8 text-message flex w-full flex-col items-end gap-2 whitespace-normal break-words [.text-message+&amp;]:mt-5\" dir=\"auto\" data-message-author-role=\"assistant\" data-message-id=\"fc926b3c-a2ed-44e3-9a21-b7180dbf1873\" data-message-model-slug=\"gpt-4o\">\n<div class=\"flex w-full flex-col gap-1 empty:hidden first:pt-[3px]\">\n<div class=\"markdown prose w-full break-words dark:prose-invert dark\">\n<p><strong><img decoding=\"async\" class=\"alignleft\" src=\"https:\/\/www.radiopiu.net\/wordpress\/wp-content\/uploads\/2024\/11\/f686bb06-76c8-4a27-a558-de15946ec439.jpg\" \/>ROCCA PIETORE<\/strong> Chi avrebbe mai pensato che anche le vette potessero contendersi titoli nobiliari? In alta quota, tra nevicate e panorami mozzafiato, si scatena la sfida per la corona: la Marmolada, celebre come la &#8220;Regina delle Dolomiti&#8221;, si \u00e8 trovata al centro di una disputa di &#8220;sangue blu&#8221;. E non \u00e8 una questione di bellezza (anche se la Marmolada ha da sempre sbaragliato la concorrenza), ma di titoli ufficiali e registrazioni legali. Rocca Pietore, con la sua carta in mano datata 24 febbraio 2014, si alza in piedi e afferma: \u201c\u00c8 nostra e guai a chi ce la tocca!\u201d La disputa \u00e8 nata quando Cortina d&#8217;Ampezzo ha azzardato l&#8217;uso della stessa definizione. Un atto che per Rocca Pietore equivale a un tentativo di colpo di stato senza giustificazioni, quasi come se qualcuno tentasse di incoronare un altro sovrano senza il consenso del popolo montano.<\/p>\n<p><em>\u201cCarta canta\u201d,<\/em> fa notare Valerio Davare, sindaco di Rocca Pietore, agitando il marchio registrato come fosse lo scettro reale. Il messaggio \u00e8 chiaro: la &#8220;Regina&#8221; \u00e8 solo una e le imitazioni non sono ben accette. L&#8217;orgoglio locale non \u00e8 solo una questione di branding, ma di un amore secolare tra gli abitanti e la loro sovrana di roccia e ghiaccio. La Marmolada regna incontrastata, e guai a chi osa sfidarla per la corona!<\/p>\n<\/div>\n<\/div>\n<\/div>\n<\/div>\n<div class=\"pr-2 lg:pr-0\">mirko mezzacasa<\/div>\n<\/div>\n<\/div>\n<\/div>\n<\/div>\n<\/article>\n<\/div>\n<\/div>\n<\/div>\n<\/div>\n<\/div>\n<div><\/div>\n<div><\/div>\n<div><\/div>\n<blockquote>\n<h3>&#8220;REGINA DELLE DOLOMITI&#8221;, LA CONTESA. DE BERNARDIN &#8220;NON E&#8217; CHE CORTINA VOGLIA APPROPRIARSI ANCHE DELLA PARETE D&#8217;ARGENTO?&#8221;<\/h3>\n<\/blockquote>\n<div>\n<p><strong><img loading=\"lazy\" decoding=\"async\" class=\"alignleft\" src=\"https:\/\/www.radiopiu.net\/wordpress\/wp-content\/uploads\/2023\/12\/dalla-Marmolada-Diego-Andriollo.jpg\" width=\"219\" height=\"164\" \/>CORTINA<\/strong> Se cerchi\u00a0 &#8220;cos&#8217;\u00e8 la Regina delle Dolomiti, internet risponde:\u00a0 <em>La &#8220;Regina delle Dolomiti&#8221; \u00e8 un appellativo che si riferisce alla <strong>Marmolada<\/strong>, la montagna pi\u00f9 alta delle Dolomiti, situata al confine tra le province di Trento e Belluno.. La Marmolada \u00e8 un&#8217;attrazione popolare sia per gli appassionati di alpinismo che per gli sciatori, grazie alle sue piste e ai panorami mozzafiato&#8221;.\u00a0<\/em>Potrebbe bastare questo per evitare lo scontro diplomatico alla vigilia di un&#8217;Olimpiade che dovrebbe unire il territorio. Se queste sono le premesse&#8230;apriti cielo. Dopo la battaglia per i confini vinta da Trento, ora l&#8217;Agordino non vorrebbe perdere anche questa seconda battaglia, in una sfida fratricida con i cugini al di l\u00e0 del Falzarego. Ma il ruolo di Principessa per Cortina non era ugualmente regale?\u00a0 Andrea De Bernardin, gi\u00e0 sindaco del paese, strenuo difensore e storico della Marmolada chiarisce la sua posizione e mette le mani avanti. &#8220;Non vorrei si prendessero anche la Parete d&#8217;Argento&#8221;&#8230;. (FOTO DIEGO ANDRIOLLO)<\/p>\n<blockquote><p><em>p.s. A proposito di <strong>Cuore delle Dolomiti,<\/strong> risulterebbe che il marchio sia stato registrato dall&#8217;amministrazione comunale di Agordo negli anni in cui era assessore Angelo Ramazzina. Cos\u00ec tanto per ricordarlo perch\u00e9 Cuore delle Dolomiti non compare solo ad Agordo, ma ultimamente a macchia di leopardo ovunque nelle Dolomiti.<\/em><\/p><\/blockquote>\n<p>&nbsp;<\/p>\n<p><strong>ANDREA DE BERNARDN<\/strong><\/p>\n<audio class=\"wp-audio-shortcode\" id=\"audio-418542-1\" preload=\"none\" style=\"width: 100%;\" controls=\"controls\"><source type=\"audio\/mpeg\" src=\"https:\/\/www.radiopiu.net\/wordpress\/wp-content\/uploads\/2024\/11\/ANDREA-DEB.mp3?_=1\" \/><a href=\"https:\/\/www.radiopiu.net\/wordpress\/wp-content\/uploads\/2024\/11\/ANDREA-DEB.mp3\">https:\/\/www.radiopiu.net\/wordpress\/wp-content\/uploads\/2024\/11\/ANDREA-DEB.mp3<\/a><\/audio>\n<p>&nbsp;<\/p>\n<blockquote>\n<h2>CORTINA REGINA? DELMONEGO LANCIA LA PROPOSTA DEL MARCHIO UNICO PER LE CINQUE VALLATE LADINE<\/h2>\n<\/blockquote>\n<p>&nbsp;<\/p>\n<div class=\"mb-2 flex gap-3 empty:hidden -ml-2\">\n<div class=\"items-center justify-start rounded-xl p-1 flex\">\n<div class=\"flex items-center\">\n<p><strong><a class=\"dt-pswp-item\" href=\"https:\/\/www.radiopiu.net\/wordpress\/wp-content\/uploads\/2024\/11\/GABRIELE-DEL-MONEGO.png\" data-dt-img-description=\"\" data-large_image_width=\"343\" data-large_image_height=\"343\"><img loading=\"lazy\" decoding=\"async\" class=\"wp-image-418427 alignleft\" src=\"https:\/\/www.radiopiu.net\/wordpress\/wp-content\/uploads\/2024\/11\/GABRIELE-DEL-MONEGO-300x300.png\" alt=\"\" width=\"152\" height=\"152\" srcset=\"https:\/\/www.radiopiu.net\/wordpress\/wp-content\/uploads\/2024\/11\/GABRIELE-DEL-MONEGO-300x300.png 300w, https:\/\/www.radiopiu.net\/wordpress\/wp-content\/uploads\/2024\/11\/GABRIELE-DEL-MONEGO-150x150.png 150w, https:\/\/www.radiopiu.net\/wordpress\/wp-content\/uploads\/2024\/11\/GABRIELE-DEL-MONEGO.png 343w\" sizes=\"auto, (max-width: 152px) 100vw, 152px\" \/><\/a>LIVINALLONGO<\/strong> Non poteva mancare la voce Fodom sulla tematica del giorno. Marmolada o Cortina Regina? Gabriele Delmonego, vicesindaco, operatore turistico del territorio, un giovane dalle ampie vedute dribbla le polemiche e rilancia le proposte.<\/p>\n<p>AUDIO<\/p>\n<audio class=\"wp-audio-shortcode\" id=\"audio-418542-2\" preload=\"none\" style=\"width: 100%;\" controls=\"controls\"><source type=\"audio\/mpeg\" src=\"https:\/\/www.radiopiu.net\/wordpress\/wp-content\/uploads\/2024\/11\/GABRIELE-GRONES.mp3?_=2\" \/><a href=\"https:\/\/www.radiopiu.net\/wordpress\/wp-content\/uploads\/2024\/11\/GABRIELE-GRONES.mp3\">https:\/\/www.radiopiu.net\/wordpress\/wp-content\/uploads\/2024\/11\/GABRIELE-GRONES.mp3<\/a><\/audio>\n<p>&nbsp;<\/p>\n<\/div>\n<\/div>\n<\/div>\n<\/div>\n<div><\/div>\n<div><\/div>\n<div>\n<hr \/>\n<\/div>\n<div><\/div>\n<div><\/div>\n<div><\/div>\n","protected":false},"excerpt":{"rendered":"<p>** ROCCA PIETORE Chi avrebbe mai pensato che anche le vette potessero contendersi titoli nobiliari? In alta quota, tra nevicate e panorami mozzafiato, si scatena la sfida per la corona: la Marmolada, celebre come la &#8220;Regina delle Dolomiti&#8221;, si \u00e8 trovata al centro di una disputa di &#8220;sangue blu&#8221;. E non \u00e8 una questione di&hellip;<\/p>\n","protected":false},"author":4,"featured_media":418543,"comment_status":"closed","ping_status":"closed","sticky":false,"template":"","format":"standard","meta":{"_monsterinsights_skip_tracking":false,"_monsterinsights_sitenote_active":false,"_monsterinsights_sitenote_note":"","_monsterinsights_sitenote_category":0,"footnotes":""},"categories":[51,49],"tags":[],"class_list":["post-418542","post","type-post","status-publish","format-standard","has-post-thumbnail","hentry","category-evidenza-top","category-news-18","category-51","category-49","description-off"],"img_url":"https:\/\/www.radiopiu.net\/wordpress\/wp-content\/uploads\/2024\/11\/f686bb06-76c8-4a27-a558-de15946ec439.jpg","_links":{"self":[{"href":"https:\/\/www.radiopiu.net\/wordpress\/wp-json\/wp\/v2\/posts\/418542","targetHints":{"allow":["GET"]}}],"collection":[{"href":"https:\/\/www.radiopiu.net\/wordpress\/wp-json\/wp\/v2\/posts"}],"about":[{"href":"https:\/\/www.radiopiu.net\/wordpress\/wp-json\/wp\/v2\/types\/post"}],"author":[{"embeddable":true,"href":"https:\/\/www.radiopiu.net\/wordpress\/wp-json\/wp\/v2\/users\/4"}],"replies":[{"embeddable":true,"href":"https:\/\/www.radiopiu.net\/wordpress\/wp-json\/wp\/v2\/comments?post=418542"}],"version-history":[{"count":3,"href":"https:\/\/www.radiopiu.net\/wordpress\/wp-json\/wp\/v2\/posts\/418542\/revisions"}],"predecessor-version":[{"id":418548,"href":"https:\/\/www.radiopiu.net\/wordpress\/wp-json\/wp\/v2\/posts\/418542\/revisions\/418548"}],"wp:featuredmedia":[{"embeddable":true,"href":"https:\/\/www.radiopiu.net\/wordpress\/wp-json\/wp\/v2\/media\/418543"}],"wp:attachment":[{"href":"https:\/\/www.radiopiu.net\/wordpress\/wp-json\/wp\/v2\/media?parent=418542"}],"wp:term":[{"taxonomy":"category","embeddable":true,"href":"https:\/\/www.radiopiu.net\/wordpress\/wp-json\/wp\/v2\/categories?post=418542"},{"taxonomy":"post_tag","embeddable":true,"href":"https:\/\/www.radiopiu.net\/wordpress\/wp-json\/wp\/v2\/tags?post=418542"}],"curies":[{"name":"wp","href":"https:\/\/api.w.org\/{rel}","templated":true}]}}