{"id":418577,"date":"2024-11-08T05:53:02","date_gmt":"2024-11-08T04:53:02","guid":{"rendered":"https:\/\/www.radiopiu.net\/wordpress\/?p=418577"},"modified":"2024-11-08T06:00:04","modified_gmt":"2024-11-08T05:00:04","slug":"418577-2","status":"publish","type":"post","link":"https:\/\/www.radiopiu.net\/wordpress\/418577-2\/","title":{"rendered":"Cartelli rimossi sul Lago di Senaiga, la Pro Loco di Lamon promette di non arrendersi"},"content":{"rendered":"<p>***<\/p>\n<p><strong>LAMON<\/strong><\/p>\n<div class=\"flex max-w-full flex-col flex-grow\">\n<div class=\"min-h-8 text-message flex w-full flex-col items-end gap-2 whitespace-normal break-words [.text-message+&amp;]:mt-5\" dir=\"auto\" data-message-author-role=\"assistant\" data-message-id=\"892eb7a4-4984-441d-9c59-d884712ba824\" data-message-model-slug=\"gpt-4o\">\n<div class=\"flex w-full flex-col gap-1 empty:hidden first:pt-[3px]\">\n<div class=\"markdown prose w-full break-words dark:prose-invert dark\">\n<p>Da tre anni, i cartelli turistici sul percorso del lago di Senaiga vengono sistematicamente rimossi da ignoti. La Pro Loco di Lamon, gi\u00e0 colpita da simili atti vandalici nelle aree di Pezz\u00e8 e Coppolo, invita chiunque abbia informazioni a contattare le autorit\u00e0. Il presidente Ruben Faoro ribadisce l&#8217;importanza della segnaletica per la sicurezza degli escursionisti e promette di sostituire ogni cartello rimosso. Questi atti, considerati frutto di sciocco vandalismo o rivendicazioni locali, minano la promozione turistica e la sicurezza dei visitatori, portando anche turisti a perdersi nei boschi.<\/p>\n<\/div>\n<\/div>\n<\/div>\n<\/div>\n<div class=\"mb-2 flex gap-3 empty:hidden -ml-2\">\n<div class=\"items-center justify-start rounded-xl p-1 flex\">\n<div class=\"flex items-center\">\n<div class=\"flex\"><img decoding=\"async\" src=\"https:\/\/www.radiopiu.net\/wordpress\/wp-content\/uploads\/2024\/11\/Senza-nome-40.png\" \/><\/div>\n<div class=\"flex items-center pb-0\"><\/div>\n<\/div>\n<\/div>\n<\/div>\n","protected":false},"excerpt":{"rendered":"<p>*** LAMON Da tre anni, i cartelli turistici sul percorso del lago di Senaiga vengono sistematicamente rimossi da ignoti. La Pro Loco di Lamon, gi\u00e0 colpita da simili atti vandalici nelle aree di Pezz\u00e8 e Coppolo, invita chiunque abbia informazioni a contattare le autorit\u00e0. Il presidente Ruben Faoro ribadisce l&#8217;importanza della segnaletica per la sicurezza&hellip;<\/p>\n","protected":false},"author":4,"featured_media":418580,"comment_status":"closed","ping_status":"closed","sticky":false,"template":"","format":"standard","meta":{"_monsterinsights_skip_tracking":false,"_monsterinsights_sitenote_active":false,"_monsterinsights_sitenote_note":"","_monsterinsights_sitenote_category":0,"footnotes":""},"categories":[51,49],"tags":[],"class_list":["post-418577","post","type-post","status-publish","format-standard","has-post-thumbnail","hentry","category-evidenza-top","category-news-18","category-51","category-49","description-off"],"img_url":"https:\/\/www.radiopiu.net\/wordpress\/wp-content\/uploads\/2024\/11\/Senza-nome-40.png","_links":{"self":[{"href":"https:\/\/www.radiopiu.net\/wordpress\/wp-json\/wp\/v2\/posts\/418577","targetHints":{"allow":["GET"]}}],"collection":[{"href":"https:\/\/www.radiopiu.net\/wordpress\/wp-json\/wp\/v2\/posts"}],"about":[{"href":"https:\/\/www.radiopiu.net\/wordpress\/wp-json\/wp\/v2\/types\/post"}],"author":[{"embeddable":true,"href":"https:\/\/www.radiopiu.net\/wordpress\/wp-json\/wp\/v2\/users\/4"}],"replies":[{"embeddable":true,"href":"https:\/\/www.radiopiu.net\/wordpress\/wp-json\/wp\/v2\/comments?post=418577"}],"version-history":[{"count":2,"href":"https:\/\/www.radiopiu.net\/wordpress\/wp-json\/wp\/v2\/posts\/418577\/revisions"}],"predecessor-version":[{"id":418582,"href":"https:\/\/www.radiopiu.net\/wordpress\/wp-json\/wp\/v2\/posts\/418577\/revisions\/418582"}],"wp:featuredmedia":[{"embeddable":true,"href":"https:\/\/www.radiopiu.net\/wordpress\/wp-json\/wp\/v2\/media\/418580"}],"wp:attachment":[{"href":"https:\/\/www.radiopiu.net\/wordpress\/wp-json\/wp\/v2\/media?parent=418577"}],"wp:term":[{"taxonomy":"category","embeddable":true,"href":"https:\/\/www.radiopiu.net\/wordpress\/wp-json\/wp\/v2\/categories?post=418577"},{"taxonomy":"post_tag","embeddable":true,"href":"https:\/\/www.radiopiu.net\/wordpress\/wp-json\/wp\/v2\/tags?post=418577"}],"curies":[{"name":"wp","href":"https:\/\/api.w.org\/{rel}","templated":true}]}}