{"id":418763,"date":"2024-11-09T05:34:57","date_gmt":"2024-11-09T04:34:57","guid":{"rendered":"https:\/\/www.radiopiu.net\/wordpress\/?p=418763"},"modified":"2024-11-09T05:55:03","modified_gmt":"2024-11-09T04:55:03","slug":"dillo-a-radio-piu-identita-ladina-e-dibattito-riflessione-sulla-diversita-e-unita","status":"publish","type":"post","link":"https:\/\/www.radiopiu.net\/wordpress\/dillo-a-radio-piu-identita-ladina-e-dibattito-riflessione-sulla-diversita-e-unita\/","title":{"rendered":"DILLO A RADIO PIU&#8217;&#8230;Identit\u00e0 Ladina e Dibattito: Riflessione sulla Diversit\u00e0 e Unit\u00e0"},"content":{"rendered":"<p>***<\/p>\n<p>&nbsp;<\/p>\n<p><a class=\"dt-pswp-item\" href=\"https:\/\/www.radiopiu.net\/wordpress\/wp-content\/uploads\/2024\/11\/Senza-nome-46.png\" data-dt-img-description=\"\" data-large_image_width=\"277\" data-large_image_height=\"286\"><img loading=\"lazy\" decoding=\"async\" class=\"wp-image-418769 alignleft\" src=\"https:\/\/www.radiopiu.net\/wordpress\/wp-content\/uploads\/2024\/11\/Senza-nome-46.png\" alt=\"\" width=\"165\" height=\"170\" \/><\/a>Il dibattito sull\u2019identit\u00e0 ladina solleva questioni profonde. Citando il vicesindaco di Livinallongo Gabriele Delmonego, l&#8217;articolo evidenzia come il concetto di &#8220;cultura millenaria&#8221; non sia storicamente\u00a0 corretto e che le vere radici ladine siano secolari.\u00a0 Per Nicola Cassisi (foto), firmatario della riflessione, promuovere una visione unitaria, basata sull&#8217;ascolto e la comprensione, \u00e8 fondamentale per valorizzare il patrimonio culturale condiviso e non alimentare divisioni.<\/p>\n<p><span style=\"color: #ff0000;\"><strong>l&#8217;audio alla RADIOPIU&#8217;<\/strong><\/span><\/p>\n<audio class=\"wp-audio-shortcode\" id=\"audio-418763-1\" preload=\"none\" style=\"width: 100%;\" controls=\"controls\"><source type=\"audio\/mpeg\" src=\"https:\/\/www.radiopiu.net\/wordpress\/wp-content\/uploads\/2024\/11\/audio-alla-radio.mp3?_=1\" \/><a href=\"https:\/\/www.radiopiu.net\/wordpress\/wp-content\/uploads\/2024\/11\/audio-alla-radio.mp3\">https:\/\/www.radiopiu.net\/wordpress\/wp-content\/uploads\/2024\/11\/audio-alla-radio.mp3<\/a><\/audio>\n<p>&nbsp;<\/p>\n<p><strong>di Nicola Cassisi<\/strong><\/p>\n<p><a class=\"dt-pswp-item\" href=\"https:\/\/www.radiopiu.net\/wordpress\/wp-content\/uploads\/2019\/07\/LADINI-VAL-BIOIS.jpg\" data-dt-img-description=\"\" data-large_image_width=\"1040\" data-large_image_height=\"780\"><img loading=\"lazy\" decoding=\"async\" class=\" wp-image-93352 alignleft\" src=\"https:\/\/www.radiopiu.net\/wordpress\/wp-content\/uploads\/2019\/07\/LADINI-VAL-BIOIS-300x225.jpg\" alt=\"\" width=\"223\" height=\"167\" srcset=\"https:\/\/www.radiopiu.net\/wordpress\/wp-content\/uploads\/2019\/07\/LADINI-VAL-BIOIS-300x225.jpg 300w, https:\/\/www.radiopiu.net\/wordpress\/wp-content\/uploads\/2019\/07\/LADINI-VAL-BIOIS-768x576.jpg 768w, https:\/\/www.radiopiu.net\/wordpress\/wp-content\/uploads\/2019\/07\/LADINI-VAL-BIOIS-1024x768.jpg 1024w, https:\/\/www.radiopiu.net\/wordpress\/wp-content\/uploads\/2019\/07\/LADINI-VAL-BIOIS.jpg 1040w\" sizes=\"auto, (max-width: 223px) 100vw, 223px\" \/><\/a>Continuo sulla scia del dibattito degli ultimi due giorni. Mi \u00e8 capitato di ascoltare l\u2019intervento del vicesindaco di Fodom Delmonego a Radio Pi\u00f9.<\/p>\n<p>Siccome si parla di ladino e di identit\u00e0, temi di cui mi occupo in vari modi da diverso tempo, ho voluto fare qualche considerazione. Non per far cambiare idea ad un\u2019amministrazione gi\u00e0 ampiamente ideologizzata, e direi REVISIONISTICA, ma per riflettere su cosa DAVVERO vuol dire diversit\u00e0. Per parlare di certe cose, bisogna studiare. Non si possono usare le espressioni con leggerezza o dire una cosa perch\u00e9 si \u00e8 sentita dire o perch\u00e9 la diceva sempre \u201cmio nonno in carriola\u201d. Il rischio \u00e8 che chi ascolta prenda le cose per verit\u00e0 assolute, che si senta delegittimato, che si convinca che chi le dice ha fatto studi al riguardo. &#8211; Partiamo dalla citata \u201ccultura millenaria\u201d. Dubito che la cultura delle 5 valli ex-asburgiche possa essere millenaria, visto che quella zona delle Dolomiti \u00e8 stata antropizzata stabilmente dopo l\u2019anno mille. Nemmeno le Dolomiti sono un concetto millenario, \u00e8 invece di circa duecento anni, da dopo Dolomieu e Churchill-Gilbert. Gli egizi sono una cultura millenaria, di sicuro non i ladini. &#8211; Casomai cultura secolare, ma anche questo lo dubito giacch\u00e9 il concetto di ladino ha poco pi\u00f9 di cent\u2019anni ed \u00e8 nato in seno accademico grazie a linguisti come l\u2019Ascoli. Tant\u2019\u00e8 vero che se avesse chiesto ad un fodomo dell\u20191800 se fosse ladino, non avrebbe neanche saputo di cosa si parla &#8211; Delmonego dice anche che \u201cle sole vallate ladine che hanno una storia e una cultura\u201d. Mi chiedo con che presunzione e boria uno possa affermare chi \u00e8 che ha storia e chi non ne ha. Mi chiedo davvero poi che percezione abbia dei luoghi intorno a s\u00e9 Delmonego. Basterebbe uscire un po\u2019 di pi\u00f9 da Fodom per accorgersi delle meraviglie culturali di cui tutto l\u2019Agordino \u00e8 disseminato e delle affinit\u00e0 storiche, sociali, architettoniche, culturali tra fodom e chi da chel\u2019autra banda de la val. &#8211; Sul fatto poi che Cortina sia OGGETTIVAMENTE il teatro migliore, credo che ci sia una confusione con la parola SOGGETTIVAMENTE, infatti Ampezzo \u00e8 sicuramente uno dei posti pi\u00f9 conosciuti, ma ce ne sono tantissimi meravigliosi tanto quanto. Il Civetta, il Pelmo, e magari proprio la regina <a class=\"dt-pswp-item\" href=\"https:\/\/www.radiopiu.net\/wordpress\/wp-content\/uploads\/2020\/05\/BANDIERA-LADINA.png\" data-dt-img-description=\"\" data-large_image_width=\"1200\" data-large_image_height=\"720\"><img loading=\"lazy\" decoding=\"async\" class=\"size-medium wp-image-135145 alignright\" src=\"https:\/\/www.radiopiu.net\/wordpress\/wp-content\/uploads\/2020\/05\/BANDIERA-LADINA-300x180.png\" alt=\"\" width=\"300\" height=\"180\" srcset=\"https:\/\/www.radiopiu.net\/wordpress\/wp-content\/uploads\/2020\/05\/BANDIERA-LADINA-300x180.png 300w, https:\/\/www.radiopiu.net\/wordpress\/wp-content\/uploads\/2020\/05\/BANDIERA-LADINA-1024x614.png 1024w, https:\/\/www.radiopiu.net\/wordpress\/wp-content\/uploads\/2020\/05\/BANDIERA-LADINA-768x461.png 768w, https:\/\/www.radiopiu.net\/wordpress\/wp-content\/uploads\/2020\/05\/BANDIERA-LADINA.png 1200w\" sizes=\"auto, (max-width: 300px) 100vw, 300px\" \/><\/a>Marmolada. Se qualcosa, dunque, \u00e8 un\u2019opinione \u00e8 SOGGETTIVO, non OGGETTIVO<br \/>\n&#8211; Delmonego continua dicendo \u201cno alla standardizzazione turistica\u201d, gli consiglierei, se non vuole \u201cvendersi al migliore offerente\u201d di non prendere ispirazione dal turismo di massa di Gardena, Badia e Fassa &#8211; Per finire, che cosa c\u2019entra la differenza CULTURALE, se anche ci fosse, con un collegamento di questo tipo? Le Dolomiti UNESCO sono un concetto geografico e geologico, difatti includono tutte le vallate, e soprattutto tutte meravigliose e valide, come quella di Rocca Pietore. Che poi chiss\u00e0 che diversit\u00e0 incolmabile ci sar\u00e0 tra Rocia e Fodom. Che siparla di Anpezo come una \u201ccompagna di intenti\u201d, quando si sa benissimo che Cortina \u00e8 la palla al piede dei ladini preistorici ed \u00e8 uno dei comuni dove si parla meno ladino in provincia. Magari sarebbe bene mettere il naso fuori ogni tanto, per vedere la VERA diversit\u00e0. Altro che progetto rivoluzionario, la problematica \u00e8 sempre la solita. Creare divisione ed esclusione invece che unione, affermare un\u2019identit\u00e0 con il famoso \u201cio sono perch\u00e9 tu non sei\u201d. Su una cosa aveva ragione Delmonego: il ladino \u00e8 vivo. Il ladino non \u00e8 importante perch\u00e9 \u00e8 millenario, \u00e8 importante perch\u00e9 \u00e8 vivo e perch\u00e9 \u00e8 nostro, di tutti noi. Bisogna avere il coraggio di ascoltare, scoprire, imparare a capire il territorio vicino a s\u00e9. Per collaborare davvero bisogna innamorarsi dei nostri vicini, stimarli, comprenderne la vicinanza. E magari questo ci far\u00e0 capire anche qualcosa in pi\u00f9 di noi.<\/p>\n<p>&nbsp;<\/p>\n<p>___<\/p>\n<p>&nbsp;<\/p>\n<p><strong>IERI ALLA RADIO<\/strong><br \/>\n<strong>di mirko mezzacasa<\/strong><\/p>\n<p>CORTINA REGINA? DELMONEGO LANCIA LA PROPOSTA DEL MARCHIO UNICO PER LE CINQUE VALLATE LADINE<\/p>\n<p><strong><a class=\"dt-pswp-item\" href=\"https:\/\/www.radiopiu.net\/wordpress\/wp-content\/uploads\/2024\/11\/GABRIELE-DEL-MONEGO.png\" data-dt-img-description=\"\" data-large_image_width=\"343\" data-large_image_height=\"343\"><img loading=\"lazy\" decoding=\"async\" class=\"wp-image-418427 alignleft\" src=\"https:\/\/www.radiopiu.net\/wordpress\/wp-content\/uploads\/2024\/11\/GABRIELE-DEL-MONEGO-300x300.png\" alt=\"\" width=\"152\" height=\"152\" srcset=\"https:\/\/www.radiopiu.net\/wordpress\/wp-content\/uploads\/2024\/11\/GABRIELE-DEL-MONEGO-300x300.png 300w, https:\/\/www.radiopiu.net\/wordpress\/wp-content\/uploads\/2024\/11\/GABRIELE-DEL-MONEGO-150x150.png 150w, https:\/\/www.radiopiu.net\/wordpress\/wp-content\/uploads\/2024\/11\/GABRIELE-DEL-MONEGO.png 343w\" sizes=\"auto, (max-width: 152px) 100vw, 152px\" \/><\/a>LIVINALLONGO<\/strong> Non poteva mancare la voce Fodom sulla tematica del giorno. Marmolada o Cortina Regina? Gabriele Delmonego, vicesindaco, operatore turistico del territorio, un giovane dalle ampie vedute dribbla le polemiche e rilancia le proposte.<\/p>\n<p>AUDIO<\/p>\n<audio class=\"wp-audio-shortcode\" id=\"audio-418763-2\" preload=\"none\" style=\"width: 100%;\" controls=\"controls\"><source type=\"audio\/mpeg\" src=\"https:\/\/www.radiopiu.net\/wordpress\/wp-content\/uploads\/2024\/11\/GABRIELE-GRONES.mp3?_=2\" \/><a href=\"https:\/\/www.radiopiu.net\/wordpress\/wp-content\/uploads\/2024\/11\/GABRIELE-GRONES.mp3\">https:\/\/www.radiopiu.net\/wordpress\/wp-content\/uploads\/2024\/11\/GABRIELE-GRONES.mp3<\/a><\/audio>\n<p>&nbsp;<\/p>\n<hr \/>\n<p>&nbsp;<\/p>\n<p>&nbsp;<\/p>\n","protected":false},"excerpt":{"rendered":"<p>*** &nbsp; Il dibattito sull\u2019identit\u00e0 ladina solleva questioni profonde. Citando il vicesindaco di Livinallongo Gabriele Delmonego, l&#8217;articolo evidenzia come il concetto di &#8220;cultura millenaria&#8221; non sia storicamente\u00a0 corretto e che le vere radici ladine siano secolari.\u00a0 Per Nicola Cassisi (foto), firmatario della riflessione, promuovere una visione unitaria, basata sull&#8217;ascolto e la comprensione, \u00e8 fondamentale per&hellip;<\/p>\n","protected":false},"author":4,"featured_media":135145,"comment_status":"closed","ping_status":"closed","sticky":false,"template":"","format":"standard","meta":{"_monsterinsights_skip_tracking":false,"_monsterinsights_sitenote_active":false,"_monsterinsights_sitenote_note":"","_monsterinsights_sitenote_category":0,"footnotes":""},"categories":[104,49],"tags":[],"class_list":["post-418763","post","type-post","status-publish","format-standard","has-post-thumbnail","hentry","category-evidenza_3","category-news-18","category-104","category-49","description-off"],"img_url":"https:\/\/www.radiopiu.net\/wordpress\/wp-content\/uploads\/2020\/05\/BANDIERA-LADINA.png","_links":{"self":[{"href":"https:\/\/www.radiopiu.net\/wordpress\/wp-json\/wp\/v2\/posts\/418763","targetHints":{"allow":["GET"]}}],"collection":[{"href":"https:\/\/www.radiopiu.net\/wordpress\/wp-json\/wp\/v2\/posts"}],"about":[{"href":"https:\/\/www.radiopiu.net\/wordpress\/wp-json\/wp\/v2\/types\/post"}],"author":[{"embeddable":true,"href":"https:\/\/www.radiopiu.net\/wordpress\/wp-json\/wp\/v2\/users\/4"}],"replies":[{"embeddable":true,"href":"https:\/\/www.radiopiu.net\/wordpress\/wp-json\/wp\/v2\/comments?post=418763"}],"version-history":[{"count":5,"href":"https:\/\/www.radiopiu.net\/wordpress\/wp-json\/wp\/v2\/posts\/418763\/revisions"}],"predecessor-version":[{"id":418771,"href":"https:\/\/www.radiopiu.net\/wordpress\/wp-json\/wp\/v2\/posts\/418763\/revisions\/418771"}],"wp:featuredmedia":[{"embeddable":true,"href":"https:\/\/www.radiopiu.net\/wordpress\/wp-json\/wp\/v2\/media\/135145"}],"wp:attachment":[{"href":"https:\/\/www.radiopiu.net\/wordpress\/wp-json\/wp\/v2\/media?parent=418763"}],"wp:term":[{"taxonomy":"category","embeddable":true,"href":"https:\/\/www.radiopiu.net\/wordpress\/wp-json\/wp\/v2\/categories?post=418763"},{"taxonomy":"post_tag","embeddable":true,"href":"https:\/\/www.radiopiu.net\/wordpress\/wp-json\/wp\/v2\/tags?post=418763"}],"curies":[{"name":"wp","href":"https:\/\/api.w.org\/{rel}","templated":true}]}}