{"id":418783,"date":"2024-11-09T05:43:56","date_gmt":"2024-11-09T04:43:56","guid":{"rendered":"https:\/\/www.radiopiu.net\/wordpress\/?p=418783"},"modified":"2024-11-09T05:52:35","modified_gmt":"2024-11-09T04:52:35","slug":"418783-2","status":"publish","type":"post","link":"https:\/\/www.radiopiu.net\/wordpress\/418783-2\/","title":{"rendered":"Doppio Intervento in Montagna: Escursionista e Infortunato Soccorsi dal Suem"},"content":{"rendered":"<div class=\"flex max-w-full flex-col flex-grow\">\n<div class=\"min-h-8 text-message flex w-full flex-col items-end gap-2 whitespace-normal break-words [.text-message+&amp;]:mt-5\" dir=\"auto\" data-message-author-role=\"assistant\" data-message-id=\"7b44ebf4-8223-43fe-a355-c865b479e370\" data-message-model-slug=\"gpt-4o\">\n<div class=\"flex w-full flex-col gap-1 empty:hidden first:pt-[3px]\">\n<div class=\"markdown prose w-full break-words dark:prose-invert dark\">\n<p>&nbsp;<\/p>\n<hr \/>\n<p>&nbsp;<\/p>\n<p><img loading=\"lazy\" decoding=\"async\" class=\"alignleft\" src=\"https:\/\/www.radiopiu.net\/wordpress\/wp-content\/uploads\/2024\/08\/SALT.jpg\" width=\"165\" height=\"124\" \/>Oggi, l\u2019elicottero del Suem di Pieve di Cadore \u00e8 intervenuto sul sentiero per il Rifugio Vandelli per soccorrere una 61enne di Trevignano, colta da malore. Medico e tecnico, calati con verricello, l&#8217;hanno trasportata a Belluno per accertamenti. Contemporaneamente, il Soccorso alpino di San Vito di Cadore \u00e8 intervenuto nei pressi del Rifugio Citt\u00e0 di Fiume per un 56enne di Conegliano con un infortunio alla caviglia, che \u00e8 stato accompagnato al parcheggio per proseguire autonomamente.<\/p>\n<\/div>\n<\/div>\n<\/div>\n<\/div>\n<p>&nbsp;<\/p>\n<p>&nbsp;<\/p>\n<p>&nbsp;<\/p>\n<p>&nbsp;<\/p>\n<hr \/>\n<div class=\"mb-2 flex gap-3 empty:hidden -ml-2\">\n<div class=\"items-center justify-start rounded-xl p-1 flex\">\n<div class=\"flex items-center\">\n<div class=\"flex items-center pb-0\"><\/div>\n<\/div>\n<\/div>\n<\/div>\n","protected":false},"excerpt":{"rendered":"<p>&nbsp; &nbsp; Oggi, l\u2019elicottero del Suem di Pieve di Cadore \u00e8 intervenuto sul sentiero per il Rifugio Vandelli per soccorrere una 61enne di Trevignano, colta da malore. Medico e tecnico, calati con verricello, l&#8217;hanno trasportata a Belluno per accertamenti. Contemporaneamente, il Soccorso alpino di San Vito di Cadore \u00e8 intervenuto nei pressi del Rifugio Citt\u00e0&hellip;<\/p>\n","protected":false},"author":4,"featured_media":404421,"comment_status":"closed","ping_status":"closed","sticky":false,"template":"","format":"standard","meta":{"_monsterinsights_skip_tracking":false,"_monsterinsights_sitenote_active":false,"_monsterinsights_sitenote_note":"","_monsterinsights_sitenote_category":0,"footnotes":""},"categories":[49],"tags":[],"class_list":["post-418783","post","type-post","status-publish","format-standard","has-post-thumbnail","hentry","category-news-18","category-49","description-off"],"img_url":"https:\/\/www.radiopiu.net\/wordpress\/wp-content\/uploads\/2024\/08\/SALT.jpg","_links":{"self":[{"href":"https:\/\/www.radiopiu.net\/wordpress\/wp-json\/wp\/v2\/posts\/418783","targetHints":{"allow":["GET"]}}],"collection":[{"href":"https:\/\/www.radiopiu.net\/wordpress\/wp-json\/wp\/v2\/posts"}],"about":[{"href":"https:\/\/www.radiopiu.net\/wordpress\/wp-json\/wp\/v2\/types\/post"}],"author":[{"embeddable":true,"href":"https:\/\/www.radiopiu.net\/wordpress\/wp-json\/wp\/v2\/users\/4"}],"replies":[{"embeddable":true,"href":"https:\/\/www.radiopiu.net\/wordpress\/wp-json\/wp\/v2\/comments?post=418783"}],"version-history":[{"count":2,"href":"https:\/\/www.radiopiu.net\/wordpress\/wp-json\/wp\/v2\/posts\/418783\/revisions"}],"predecessor-version":[{"id":418785,"href":"https:\/\/www.radiopiu.net\/wordpress\/wp-json\/wp\/v2\/posts\/418783\/revisions\/418785"}],"wp:featuredmedia":[{"embeddable":true,"href":"https:\/\/www.radiopiu.net\/wordpress\/wp-json\/wp\/v2\/media\/404421"}],"wp:attachment":[{"href":"https:\/\/www.radiopiu.net\/wordpress\/wp-json\/wp\/v2\/media?parent=418783"}],"wp:term":[{"taxonomy":"category","embeddable":true,"href":"https:\/\/www.radiopiu.net\/wordpress\/wp-json\/wp\/v2\/categories?post=418783"},{"taxonomy":"post_tag","embeddable":true,"href":"https:\/\/www.radiopiu.net\/wordpress\/wp-json\/wp\/v2\/tags?post=418783"}],"curies":[{"name":"wp","href":"https:\/\/api.w.org\/{rel}","templated":true}]}}