{"id":418788,"date":"2024-11-08T16:56:51","date_gmt":"2024-11-08T15:56:51","guid":{"rendered":"https:\/\/www.radiopiu.net\/wordpress\/?p=418788"},"modified":"2024-11-08T16:56:51","modified_gmt":"2024-11-08T15:56:51","slug":"sciopero-nazionale-tpl-alta-ladesione-in-provincia-di-belluno-e-treviso","status":"publish","type":"post","link":"https:\/\/www.radiopiu.net\/wordpress\/sciopero-nazionale-tpl-alta-ladesione-in-provincia-di-belluno-e-treviso\/","title":{"rendered":"SCIOPERO NAZIONALE TPL: ALTA L\u2019ADESIONE IN PROVINCIA DI BELLUNO E TREVISO"},"content":{"rendered":"<p>*******<br \/>\n&nbsp;<\/p>\n<p><strong><a class=\"dt-pswp-item\" href=\"https:\/\/www.radiopiu.net\/wordpress\/wp-content\/uploads\/2024\/06\/DolomitiBus_Estate.png\" data-dt-img-description=\"\" data-large_image_width=\"3024\" data-large_image_height=\"1284\"><img loading=\"lazy\" decoding=\"async\" class=\"size-medium wp-image-393748 alignleft\" src=\"https:\/\/www.radiopiu.net\/wordpress\/wp-content\/uploads\/2024\/06\/DolomitiBus_Estate-300x127.png\" alt=\"\" width=\"300\" height=\"127\" srcset=\"https:\/\/www.radiopiu.net\/wordpress\/wp-content\/uploads\/2024\/06\/DolomitiBus_Estate-300x127.png 300w, https:\/\/www.radiopiu.net\/wordpress\/wp-content\/uploads\/2024\/06\/DolomitiBus_Estate-1024x435.png 1024w, https:\/\/www.radiopiu.net\/wordpress\/wp-content\/uploads\/2024\/06\/DolomitiBus_Estate-768x326.png 768w, https:\/\/www.radiopiu.net\/wordpress\/wp-content\/uploads\/2024\/06\/DolomitiBus_Estate-1536x652.png 1536w, https:\/\/www.radiopiu.net\/wordpress\/wp-content\/uploads\/2024\/06\/DolomitiBus_Estate-2048x870.png 2048w\" sizes=\"auto, (max-width: 300px) 100vw, 300px\" \/><\/a>BELLUNO\/TREVISO <\/strong>Oggi, venerd\u00ec 8, si \u00e8 registrata un\u2019adesione straordinaria allo sciopero nazionale del trasporto pubblico locale, indetto dai sindacati Filt Cgil, Fit Cisl, Uiltrasporti, Faisa Cisl e Ugl per il rinnovo del contratto nazionale, scaduto da un anno. Nella provincia di Treviso ha aderito il 96% dei lavoratori e delle lavoratrici del settore, mentre nel Bellunese la partecipazione ha raggiunto una media dell\u201980%, con picchi fino al 100% in entrambi i territori. Una nutrita delegazione della Fit Cisl territoriale ha partecipato alla manifestazione tenutasi a Roma davanti al Ministero dei Trasporti. \u201cLo sciopero \u2013 sottolinea Stefano Bergamin della Fit Cisl Belluno Treviso \u2013 \u00e8 stato proclamato per chiedere il rinnovo del contratto nazionale scaduto da un anno, per ottenere migliori condizioni di lavoro, garanzie sulla sicurezza di autisti e controllori, e una migliore conciliazione tra vita e lavoro. Vogliamo promuovere una profonda riforma del settore, che garantisca un servizio pubblico di qualit\u00e0 da offrire alla cittadinanza, in linea con gli obiettivi di sostenibilit\u00e0 ambientale. Il nostro obiettivo \u00e8 trovare soluzioni per i lavoratori del settore e rispondere al bisogno di mobilit\u00e0 pubblica della popolazione. Da oltre 15 anni, il sistema di finanziamento del settore, erogato tramite il Fondo Nazionale del Trasporto Pubblico Locale, ha subito ingenti tagli, oltre ai mancati adeguamenti al tasso di inflazione. Le Regioni, salvo rare eccezioni, non hanno sostenuto i trasporti pubblici, n\u00e9 adottato politiche di settore mirate\u201d. \u201cAbbiamo assistito \u2013 prosegue Bergamin \u2013 alla riduzione dei servizi, al calo del potere d\u2019acquisto dei salari, al peggioramento delle condizioni lavorative e all\u2019aumento esponenziale delle aggressioni al personale. Questo rende difficile trovare nuovi autisti, che sono spesso intimoriti dalle aggressioni; nel Bellunese, queste sono state finora \u2018solo\u2019 verbali, ma non vanno sottovalutate, mentre nel Trevigiano sono all\u2019ordine del giorno. Finch\u00e9 non si restituir\u00e0 dignit\u00e0 al trasporto pubblico locale attraverso il rinnovo del contratto e il ripristino dei fondi nazionali, la situazione non potr\u00e0 che peggiorare\u201d.<\/p>\n<p>*******<\/p>\n","protected":false},"excerpt":{"rendered":"<p>******* &nbsp; BELLUNO\/TREVISO Oggi, venerd\u00ec 8, si \u00e8 registrata un\u2019adesione straordinaria allo sciopero nazionale del trasporto pubblico locale, indetto dai sindacati Filt Cgil, Fit Cisl, Uiltrasporti, Faisa Cisl e Ugl per il rinnovo del contratto nazionale, scaduto da un anno. Nella provincia di Treviso ha aderito il 96% dei lavoratori e delle lavoratrici del settore,&hellip;<\/p>\n","protected":false},"author":4,"featured_media":393748,"comment_status":"closed","ping_status":"closed","sticky":false,"template":"","format":"standard","meta":{"_monsterinsights_skip_tracking":false,"_monsterinsights_sitenote_active":false,"_monsterinsights_sitenote_note":"","_monsterinsights_sitenote_category":0,"footnotes":""},"categories":[49],"tags":[],"class_list":["post-418788","post","type-post","status-publish","format-standard","has-post-thumbnail","hentry","category-news-18","category-49","description-off"],"img_url":"https:\/\/www.radiopiu.net\/wordpress\/wp-content\/uploads\/2024\/06\/DolomitiBus_Estate.png","_links":{"self":[{"href":"https:\/\/www.radiopiu.net\/wordpress\/wp-json\/wp\/v2\/posts\/418788","targetHints":{"allow":["GET"]}}],"collection":[{"href":"https:\/\/www.radiopiu.net\/wordpress\/wp-json\/wp\/v2\/posts"}],"about":[{"href":"https:\/\/www.radiopiu.net\/wordpress\/wp-json\/wp\/v2\/types\/post"}],"author":[{"embeddable":true,"href":"https:\/\/www.radiopiu.net\/wordpress\/wp-json\/wp\/v2\/users\/4"}],"replies":[{"embeddable":true,"href":"https:\/\/www.radiopiu.net\/wordpress\/wp-json\/wp\/v2\/comments?post=418788"}],"version-history":[{"count":2,"href":"https:\/\/www.radiopiu.net\/wordpress\/wp-json\/wp\/v2\/posts\/418788\/revisions"}],"predecessor-version":[{"id":418790,"href":"https:\/\/www.radiopiu.net\/wordpress\/wp-json\/wp\/v2\/posts\/418788\/revisions\/418790"}],"wp:featuredmedia":[{"embeddable":true,"href":"https:\/\/www.radiopiu.net\/wordpress\/wp-json\/wp\/v2\/media\/393748"}],"wp:attachment":[{"href":"https:\/\/www.radiopiu.net\/wordpress\/wp-json\/wp\/v2\/media?parent=418788"}],"wp:term":[{"taxonomy":"category","embeddable":true,"href":"https:\/\/www.radiopiu.net\/wordpress\/wp-json\/wp\/v2\/categories?post=418788"},{"taxonomy":"post_tag","embeddable":true,"href":"https:\/\/www.radiopiu.net\/wordpress\/wp-json\/wp\/v2\/tags?post=418788"}],"curies":[{"name":"wp","href":"https:\/\/api.w.org\/{rel}","templated":true}]}}