{"id":418834,"date":"2024-11-09T05:18:26","date_gmt":"2024-11-09T04:18:26","guid":{"rendered":"https:\/\/www.radiopiu.net\/wordpress\/?p=418834"},"modified":"2024-11-09T05:18:26","modified_gmt":"2024-11-09T04:18:26","slug":"la-via-donizetti-quando-il-giro-dellisolato-diventa-un-tour-de-force","status":"publish","type":"post","link":"https:\/\/www.radiopiu.net\/wordpress\/la-via-donizetti-quando-il-giro-dellisolato-diventa-un-tour-de-force\/","title":{"rendered":"\u201cLa Via Donizetti: Quando il Giro dell\u2019Isolato Diventa un Tour de Force\u201d"},"content":{"rendered":"<p>***<\/p>\n<hr \/>\n<p>&nbsp;<\/p>\n<blockquote>\n<h2><a class=\"dt-pswp-item\" href=\"https:\/\/www.radiopiu.net\/wordpress\/wp-content\/uploads\/2024\/11\/Senza-nome-47.png\" data-dt-img-description=\"\" data-large_image_width=\"385\" data-large_image_height=\"299\"><img loading=\"lazy\" decoding=\"async\" class=\" wp-image-418833 alignleft\" src=\"https:\/\/www.radiopiu.net\/wordpress\/wp-content\/uploads\/2024\/11\/Senza-nome-47-300x233.png\" alt=\"\" width=\"209\" height=\"162\" srcset=\"https:\/\/www.radiopiu.net\/wordpress\/wp-content\/uploads\/2024\/11\/Senza-nome-47-300x233.png 300w, https:\/\/www.radiopiu.net\/wordpress\/wp-content\/uploads\/2024\/11\/Senza-nome-47.png 385w\" sizes=\"auto, (max-width: 209px) 100vw, 209px\" \/><\/a><\/h2>\n<\/blockquote>\n<p><strong>FELTRE<\/strong> Tra transenne, fettuccine e deviazioni obbligatorie, i residenti di via Donizetti e dintorni ormai si sentono dei maratoneti professionisti. L&#8217;edificio pericolante, gi\u00e0 crollato a Pasqua e recidivo con un mini-crollo un mese fa, \u00e8 ancora l\u00ec, impassibile. La propriet\u00e0 promette di demolirlo e ricostruire, ma intanto le strade alternative rendono ogni viaggio un&#8217;avventura. Per ora, chi pensava di fare due passi al bar Cortina o alla Casona sa gi\u00e0 che deve allungare, e non di poco. I residenti attendono con ansia il ritorno alla normalit\u00e0 e al tanto sospirato decoro.<\/p>\n<p>&nbsp;<\/p>\n<p>&nbsp;<\/p>\n<p>&nbsp;<\/p>\n<hr \/>\n<p>&nbsp;<\/p>\n<p>&nbsp;<\/p>\n","protected":false},"excerpt":{"rendered":"<p>*** &nbsp; FELTRE Tra transenne, fettuccine e deviazioni obbligatorie, i residenti di via Donizetti e dintorni ormai si sentono dei maratoneti professionisti. L&#8217;edificio pericolante, gi\u00e0 crollato a Pasqua e recidivo con un mini-crollo un mese fa, \u00e8 ancora l\u00ec, impassibile. La propriet\u00e0 promette di demolirlo e ricostruire, ma intanto le strade alternative rendono ogni viaggio&hellip;<\/p>\n","protected":false},"author":4,"featured_media":418833,"comment_status":"closed","ping_status":"closed","sticky":false,"template":"","format":"standard","meta":{"_monsterinsights_skip_tracking":false,"_monsterinsights_sitenote_active":false,"_monsterinsights_sitenote_note":"","_monsterinsights_sitenote_category":0,"footnotes":""},"categories":[51,49],"tags":[],"class_list":["post-418834","post","type-post","status-publish","format-standard","has-post-thumbnail","hentry","category-evidenza-top","category-news-18","category-51","category-49","description-off"],"img_url":"https:\/\/www.radiopiu.net\/wordpress\/wp-content\/uploads\/2024\/11\/Senza-nome-47.png","_links":{"self":[{"href":"https:\/\/www.radiopiu.net\/wordpress\/wp-json\/wp\/v2\/posts\/418834","targetHints":{"allow":["GET"]}}],"collection":[{"href":"https:\/\/www.radiopiu.net\/wordpress\/wp-json\/wp\/v2\/posts"}],"about":[{"href":"https:\/\/www.radiopiu.net\/wordpress\/wp-json\/wp\/v2\/types\/post"}],"author":[{"embeddable":true,"href":"https:\/\/www.radiopiu.net\/wordpress\/wp-json\/wp\/v2\/users\/4"}],"replies":[{"embeddable":true,"href":"https:\/\/www.radiopiu.net\/wordpress\/wp-json\/wp\/v2\/comments?post=418834"}],"version-history":[{"count":1,"href":"https:\/\/www.radiopiu.net\/wordpress\/wp-json\/wp\/v2\/posts\/418834\/revisions"}],"predecessor-version":[{"id":418835,"href":"https:\/\/www.radiopiu.net\/wordpress\/wp-json\/wp\/v2\/posts\/418834\/revisions\/418835"}],"wp:featuredmedia":[{"embeddable":true,"href":"https:\/\/www.radiopiu.net\/wordpress\/wp-json\/wp\/v2\/media\/418833"}],"wp:attachment":[{"href":"https:\/\/www.radiopiu.net\/wordpress\/wp-json\/wp\/v2\/media?parent=418834"}],"wp:term":[{"taxonomy":"category","embeddable":true,"href":"https:\/\/www.radiopiu.net\/wordpress\/wp-json\/wp\/v2\/categories?post=418834"},{"taxonomy":"post_tag","embeddable":true,"href":"https:\/\/www.radiopiu.net\/wordpress\/wp-json\/wp\/v2\/tags?post=418834"}],"curies":[{"name":"wp","href":"https:\/\/api.w.org\/{rel}","templated":true}]}}