{"id":418867,"date":"2024-11-11T05:29:43","date_gmt":"2024-11-11T04:29:43","guid":{"rendered":"https:\/\/www.radiopiu.net\/wordpress\/?p=418867"},"modified":"2024-11-11T09:02:46","modified_gmt":"2024-11-11T08:02:46","slug":"giornale-radiopiu-11-novembre-2024-direttore-mirko-mezzacasada-41-anni-25-giugno-1983-25-giugno-2024","status":"publish","type":"post","link":"https:\/\/www.radiopiu.net\/wordpress\/giornale-radiopiu-11-novembre-2024-direttore-mirko-mezzacasada-41-anni-25-giugno-1983-25-giugno-2024\/","title":{"rendered":"GIORNALE RADIOPIU 11 NOVEMBRE 2024 DIRETTORE MIRKO MEZZACASA\u2026DA 41 ANNI 25 GIUGNO 1983-25 GIUGNO 2024"},"content":{"rendered":"<p>*******<\/p>\n<p>&nbsp;<\/p>\n<h2><strong><span style=\"color: #ff0000;\">SAN MARTINO, PATRONO DI BELLUNO. OGGI LA CONSEGNA DEL PREMIO A DINO BRIDDA, CON I COMPLIMENTI DELLA REDAZIONE DI RADIO PIU&#8217;\u00a0\u00a0<\/span><br \/>\n<\/strong><\/h2>\n<p>&nbsp;<\/p>\n<p><strong><a class=\"dt-pswp-item\" href=\"https:\/\/www.radiopiu.net\/wordpress\/wp-content\/uploads\/2024\/11\/dino-bridda.jpg\" data-dt-img-description=\"\" data-large_image_width=\"2560\" data-large_image_height=\"1920\"><img loading=\"lazy\" decoding=\"async\" class=\" wp-image-418686 alignleft\" src=\"https:\/\/www.radiopiu.net\/wordpress\/wp-content\/uploads\/2024\/11\/dino-bridda-300x225.jpg\" alt=\"\" width=\"195\" height=\"146\" srcset=\"https:\/\/www.radiopiu.net\/wordpress\/wp-content\/uploads\/2024\/11\/dino-bridda-300x225.jpg 300w, https:\/\/www.radiopiu.net\/wordpress\/wp-content\/uploads\/2024\/11\/dino-bridda-1024x768.jpg 1024w, https:\/\/www.radiopiu.net\/wordpress\/wp-content\/uploads\/2024\/11\/dino-bridda-768x576.jpg 768w, https:\/\/www.radiopiu.net\/wordpress\/wp-content\/uploads\/2024\/11\/dino-bridda-1536x1152.jpg 1536w, https:\/\/www.radiopiu.net\/wordpress\/wp-content\/uploads\/2024\/11\/dino-bridda-2048x1536.jpg 2048w\" sizes=\"auto, (max-width: 195px) 100vw, 195px\" \/><\/a>DI DANIELE DALVIT<\/strong><\/p>\n<p>Con Dino Bridda, vincitore del premio San Martino 2024<\/p>\n<audio class=\"wp-audio-shortcode\" id=\"audio-418867-1\" preload=\"none\" style=\"width: 100%;\" controls=\"controls\"><source type=\"audio\/mpeg\" src=\"https:\/\/www.radiopiu.net\/wordpress\/wp-content\/uploads\/2024\/11\/Intervista-integrale-Dino-Bridda-per-Premio-San-Martino-2024.mp3?_=1\" \/><a href=\"https:\/\/www.radiopiu.net\/wordpress\/wp-content\/uploads\/2024\/11\/Intervista-integrale-Dino-Bridda-per-Premio-San-Martino-2024.mp3\">https:\/\/www.radiopiu.net\/wordpress\/wp-content\/uploads\/2024\/11\/Intervista-integrale-Dino-Bridda-per-Premio-San-Martino-2024.mp3<\/a><\/audio>\n<p>&nbsp;<\/p>\n<p><strong>\u00a0<\/strong><\/p>\n<p style=\"text-align: center;\">La nebbia a gl&#8217;irti colli<br \/>\npiovigginando sale,<br \/>\ne sotto il maestrale<br \/>\nurla e biancheggia il mar;<\/p>\n<p style=\"text-align: center;\">ma per le vie del borgo<br \/>\ndal ribollir de&#8217; tini<br \/>\nva l&#8217;aspro odor de i vini<br \/>\nl&#8217;anime a rallegrar.<\/p>\n<p style=\"text-align: center;\">Gira su&#8217; ceppi accesi<br \/>\nlo spiedo scoppiettando:<br \/>\nsta il cacciator fischiando<br \/>\nsull&#8217;uscio a rimirar<\/p>\n<p style=\"text-align: center;\">tra le rossastre nubi<br \/>\nstormi d&#8217;uccelli neri,<br \/>\ncom&#8217;esuli pensieri,<br \/>\nnel vespero migrar.<\/p>\n<hr \/>\n<p>&nbsp;<\/p>\n<p><em><span style=\"color: #ff0000;\"><a class=\"dt-pswp-item\" href=\"https:\/\/www.radiopiu.net\/wordpress\/wp-content\/uploads\/2024\/10\/Senza-nome-8.png\" data-dt-img-description=\"\" data-large_image_width=\"343\" data-large_image_height=\"303\"><img loading=\"lazy\" decoding=\"async\" class=\"wp-image-412130 alignleft\" src=\"https:\/\/www.radiopiu.net\/wordpress\/wp-content\/uploads\/2024\/10\/Senza-nome-8-300x265.png\" alt=\"\" width=\"105\" height=\"93\" srcset=\"https:\/\/www.radiopiu.net\/wordpress\/wp-content\/uploads\/2024\/10\/Senza-nome-8-300x265.png 300w, https:\/\/www.radiopiu.net\/wordpress\/wp-content\/uploads\/2024\/10\/Senza-nome-8.png 343w\" sizes=\"auto, (max-width: 105px) 100vw, 105px\" \/><\/a><\/span><\/em><strong><em><span style=\"color: #ff0000;\"> LA\u00a0 APP PER IOS-IPHONE di Nicola Vettorello<\/span><\/em><\/strong><\/p>\n<p><strong><span style=\"color: #0000ff;\"><a style=\"color: #0000ff;\" href=\"https:\/\/apps.apple.com\/it\/app\/radio-pi%C3%B9-emittente-agordina\/id1515939845\">https:\/\/apps.apple.com\/it\/app\/radio-pi%C3%B9-emittente-agordina\/id1515939845<\/a><\/span><\/strong><\/p>\n<p><strong><em style=\"color: #ff0000;\">LA\u00a0 APP RADIO\u00a0 PER ANDROID di Nicola Vettorello<\/em><\/strong><\/p>\n<p><strong><span style=\"color: #0000ff;\"><a style=\"color: #0000ff;\" href=\"https:\/\/play.google.com\/store\/apps\/details?id=net.radiopiu.iniko\" target=\"_blank\" rel=\"noopener noreferrer\">https:\/\/<\/a><a style=\"color: #0000ff;\" href=\"https:\/\/play.google.com\/store\/apps\/details?id=net.radiopiu.iniko\" target=\"_blank\" rel=\"noopener noreferrer\">play.google.com\/store\/apps\/details?id=net.radiopiu.iniko\u00a0\u00a0\u00a0<\/a><\/span><\/strong><\/p>\n<p>&nbsp;<\/p>\n<p>&nbsp;<\/p>\n<hr \/>\n<p>&nbsp;<\/p>\n<p>&nbsp;<\/p>\n<p><strong>\u00a0<\/strong><\/p>\n<p><strong><a class=\"dt-pswp-item\" href=\"https:\/\/www.radiopiu.net\/wordpress\/wp-content\/uploads\/2024\/05\/ALESSIA-DALLO-e1727061673728.jpg\" data-dt-img-description=\"\" data-large_image_width=\"574\" data-large_image_height=\"575\"><img loading=\"lazy\" decoding=\"async\" class=\" wp-image-389881 alignleft\" src=\"https:\/\/www.radiopiu.net\/wordpress\/wp-content\/uploads\/2024\/05\/ALESSIA-DALLO-e1727061673728-300x300.jpg\" alt=\"\" width=\"210\" height=\"210\" srcset=\"https:\/\/www.radiopiu.net\/wordpress\/wp-content\/uploads\/2024\/05\/ALESSIA-DALLO-e1727061673728-300x300.jpg 300w, https:\/\/www.radiopiu.net\/wordpress\/wp-content\/uploads\/2024\/05\/ALESSIA-DALLO-e1727061673728-150x150.jpg 150w, https:\/\/www.radiopiu.net\/wordpress\/wp-content\/uploads\/2024\/05\/ALESSIA-DALLO-e1727061673728.jpg 574w\" sizes=\"auto, (max-width: 210px) 100vw, 210px\" \/><\/a>OGGI ALLA RADIO&#8230;.<\/strong> <span style=\"color: #ff0000;\">ALLE 4 E ALLE 6<\/span> LE NOTIZIE DALL&#8217;ITALIA E DAL MONDO <span style=\"color: #ff0000;\"> 0500 <span style=\"color: #0000ff;\"><span style=\"color: #000000;\">l&#8217;almanacco della nostra gente con il MUSLA<\/span>\u00a0<\/span><\/span><span style=\"color: #ff0000;\"> 6.15<\/span> PIROLE DE LENGA A CURA DEL MUSLA <span style=\"color: #ff0000;\">7.20<\/span> EL BAL DEL FIORI, DETTI E TRADIZIONI DI GIULIANA DA RONCH <span style=\"color: #ff0000;\">8.05<\/span> LA RASSEGNA STAMPA LOCALE<span style=\"color: #ff0000;\"> 8.30 <span style=\"color: #000000;\">PIU&#8217; SIAMO CON MARINA DONA&#8217;<\/span><span style=\"color: #000000;\">\u00a0\u00a0<\/span> 900 <span style=\"color: #000000;\">OGGI COME IERI, CON SILVIA BALDO<\/span><span style=\"color: #0000ff;\"><span style=\"color: #ff0000;\">\u00a09.30<\/span> <span style=\"color: #000000;\">PAOLO SOPPELSA, I RACCONTI DEL LUNEDI ALLA RADIO <\/span><\/span><\/span><span style=\"color: #ff0000;\"><span style=\"color: #000000;\">\u00a0<\/span><\/span><span style=\"color: #ff0000;\">9.40<\/span> VIABILITA&#8217; CON BOTOL CAR SERVICE (AGORDO-SEDICO-FELTRE) <span style=\"color: #ff0000;\">10.30\u00a0 GSP INFORMA, DI BARBARA PAOLAZZI PER LE TRE RADIO <\/span><span style=\"color: #000000;\">\u00a0<\/span>\u00a0<span style=\"color: #ff0000;\">11 10 REMIX, DI MARINA DONA&#8217;\u00a0 \u00a0<\/span>\u00a0<span style=\"color: #ff0000;\">11.40<\/span> FESTIVALBAR STORY DI ATHOS DJ DAVID BEN\u00a0 \u00a0 <span style=\"color: #ff0000;\">12.00<\/span> VA TUTTO LISCIO\u00a0 <span style=\"color: #ff0000;\">12.30<\/span> GIORNALE RADIO PRINCIPALE <span style=\"color: #ff0000;\">13.10<\/span> SALUTE E SOCIETA&#8217; CON IL DOTTOR MARCO CARACCIOLO\u00a0 <span style=\"color: #ff0000;\">13.20<\/span> FOGLIE E CASTAGNE DI MARINA DONA&#8217; <span style=\"color: #ff0000;\">\u00a0<\/span><span style=\"color: #ff0000;\">14.20 <\/span><span style=\"color: #ff0000;\"><span style=\"color: #000000;\">\u00a0 COLLAGE OPERAZIONE NOSTALGIA DI LORIS SCUSSEL<\/span>\u00a015.10<\/span>\u00a0 RITRATTI SONORI DI ALESSIA DALL&#8217;O (foto), CON MATTIA DENNI SIARA, GENERAZIONE ZERO <span style=\"color: #ff0000;\">16<\/span> IL ROCK DI MARCO COSTANTINI\u00a0 <span style=\"color: #ff0000;\">1645<\/span> LE HIT DI MIRCO BENCIVENNI <span style=\"color: #ff0000;\">18.00<\/span> PIU&#8217; DANCE LE SELEZIONI CHE FANNO SALTARE DI DJ JACK, JACOPO DEL TEDESCO <span style=\"color: #ff0000;\">19.00 <span style=\"color: #000000;\">LE ANTICIPAZIONI DAL TG DI ANTENNA 3 DI TIZIANA BOLOGNANI\u00a0<\/span><\/span><\/p>\n<p>&nbsp;<\/p>\n<p><strong>rassegna stampa nazionale,<\/strong> ogni giorno alle 5 e alle 6 del mattino<br \/>\ngiornali locali 7 rassegna stampa flash, 8 rassegna stampa, gr flash alle 10 e alle 11, principale 12.30. Informazione pomeriggio alle 15 (speciale) 16, 17, 18. Giornale radio nazionale: ogni ora dalle 5 del mattino, alle 20 della sera.<\/p>\n<p>&nbsp;<\/p>\n<p>&nbsp;<\/p>\n<hr \/>\n<p>&nbsp;<\/p>\n<div class=\"x11i5rnm xat24cr x1mh8g0r x1vvkbs xtlvy1s x126k92a\">\n<div dir=\"auto\">\n<div dir=\"auto\">\n<p><strong><a class=\"dt-pswp-item\" href=\"https:\/\/www.radiopiu.net\/wordpress\/wp-content\/uploads\/2024\/02\/2d44e751-d8a8-461b-8e22-d8e4e853b032.jpg\" data-dt-img-description=\"\" data-large_image_width=\"1600\" data-large_image_height=\"1200\"><img loading=\"lazy\" decoding=\"async\" class=\"wp-image-373307 alignleft\" src=\"https:\/\/www.radiopiu.net\/wordpress\/wp-content\/uploads\/2024\/02\/2d44e751-d8a8-461b-8e22-d8e4e853b032-300x225.jpg\" alt=\"\" width=\"105\" height=\"79\" srcset=\"https:\/\/www.radiopiu.net\/wordpress\/wp-content\/uploads\/2024\/02\/2d44e751-d8a8-461b-8e22-d8e4e853b032-300x225.jpg 300w, https:\/\/www.radiopiu.net\/wordpress\/wp-content\/uploads\/2024\/02\/2d44e751-d8a8-461b-8e22-d8e4e853b032-1024x768.jpg 1024w, https:\/\/www.radiopiu.net\/wordpress\/wp-content\/uploads\/2024\/02\/2d44e751-d8a8-461b-8e22-d8e4e853b032-768x576.jpg 768w, https:\/\/www.radiopiu.net\/wordpress\/wp-content\/uploads\/2024\/02\/2d44e751-d8a8-461b-8e22-d8e4e853b032-1536x1152.jpg 1536w, https:\/\/www.radiopiu.net\/wordpress\/wp-content\/uploads\/2024\/02\/2d44e751-d8a8-461b-8e22-d8e4e853b032.jpg 1600w\" sizes=\"auto, (max-width: 105px) 100vw, 105px\" \/><\/a>EL BAL DEL FIOR, DI GIULIANA DA RONCH, 11 NOVEMBRE<\/strong><strong>\u00a02024<\/strong><\/p>\n<\/div>\n<\/div>\n<\/div>\n<div><\/div>\n<div>\n<audio class=\"wp-audio-shortcode\" id=\"audio-418867-2\" preload=\"none\" style=\"width: 100%;\" controls=\"controls\"><source type=\"audio\/mpeg\" src=\"https:\/\/www.radiopiu.net\/wordpress\/wp-content\/uploads\/2024\/11\/GLU-1.mp3?_=2\" \/><a href=\"https:\/\/www.radiopiu.net\/wordpress\/wp-content\/uploads\/2024\/11\/GLU-1.mp3\">https:\/\/www.radiopiu.net\/wordpress\/wp-content\/uploads\/2024\/11\/GLU-1.mp3<\/a><\/audio>\n<\/div>\n<div><\/div>\n<hr \/>\n<p>&nbsp;<\/p>\n<div class=\"x11i5rnm xat24cr x1mh8g0r x1vvkbs xtlvy1s x126k92a\">\n<h1><span style=\"color: #ff0000;\"><a class=\"dt-pswp-item\" href=\"https:\/\/www.radiopiu.net\/wordpress\/wp-content\/uploads\/2024\/06\/th-5.jpg\" data-dt-img-description=\"\" data-large_image_width=\"326\" data-large_image_height=\"180\"><img loading=\"lazy\" decoding=\"async\" class=\"size-medium wp-image-395881 alignleft\" src=\"https:\/\/www.radiopiu.net\/wordpress\/wp-content\/uploads\/2024\/06\/th-5-300x166.jpg\" alt=\"\" width=\"300\" height=\"166\" srcset=\"https:\/\/www.radiopiu.net\/wordpress\/wp-content\/uploads\/2024\/06\/th-5-300x166.jpg 300w, https:\/\/www.radiopiu.net\/wordpress\/wp-content\/uploads\/2024\/06\/th-5.jpg 326w\" sizes=\"auto, (max-width: 300px) 100vw, 300px\" \/><\/a><\/span><\/h1>\n<h1><\/h1>\n<h1><\/h1>\n<h1><span style=\"color: #000000;\">11 NOVEMBRE&#8230; alla radio l&#8217;almanacco\u00a0<\/span><\/h1>\n<audio class=\"wp-audio-shortcode\" id=\"audio-418867-3\" preload=\"none\" style=\"width: 100%;\" controls=\"controls\"><source type=\"audio\/mpeg\" src=\"https:\/\/www.radiopiu.net\/wordpress\/wp-content\/uploads\/2024\/11\/ALMANACCONEW-7.mp3?_=3\" \/><a href=\"https:\/\/www.radiopiu.net\/wordpress\/wp-content\/uploads\/2024\/11\/ALMANACCONEW-7.mp3\">https:\/\/www.radiopiu.net\/wordpress\/wp-content\/uploads\/2024\/11\/ALMANACCONEW-7.mp3<\/a><\/audio>\n<p>&nbsp;<\/p>\n<hr \/>\n<p>&nbsp;<\/p>\n<p>&nbsp;<\/p>\n<blockquote>\n<h1><strong><a class=\"dt-pswp-item\" href=\"https:\/\/www.radiopiu.net\/wordpress\/wp-content\/uploads\/2024\/10\/629301fd-708d-4f53-95c2-d28cbefd500f.jpg\" data-dt-img-description=\"\" data-large_image_width=\"1600\" data-large_image_height=\"1322\"><img loading=\"lazy\" decoding=\"async\" class=\"wp-image-413782 alignleft\" src=\"https:\/\/www.radiopiu.net\/wordpress\/wp-content\/uploads\/2024\/10\/629301fd-708d-4f53-95c2-d28cbefd500f-300x248.jpg\" alt=\"\" width=\"186\" height=\"154\" srcset=\"https:\/\/www.radiopiu.net\/wordpress\/wp-content\/uploads\/2024\/10\/629301fd-708d-4f53-95c2-d28cbefd500f-300x248.jpg 300w, https:\/\/www.radiopiu.net\/wordpress\/wp-content\/uploads\/2024\/10\/629301fd-708d-4f53-95c2-d28cbefd500f-1024x846.jpg 1024w, https:\/\/www.radiopiu.net\/wordpress\/wp-content\/uploads\/2024\/10\/629301fd-708d-4f53-95c2-d28cbefd500f-768x635.jpg 768w, https:\/\/www.radiopiu.net\/wordpress\/wp-content\/uploads\/2024\/10\/629301fd-708d-4f53-95c2-d28cbefd500f-1536x1269.jpg 1536w, https:\/\/www.radiopiu.net\/wordpress\/wp-content\/uploads\/2024\/10\/629301fd-708d-4f53-95c2-d28cbefd500f.jpg 1600w\" sizes=\"auto, (max-width: 186px) 100vw, 186px\" \/><\/a>N di parom &#8211; L Almanach de la nosta jent<\/strong><\/h1>\n<\/blockquote>\n<p>Le voci: Davide Conedera, Agordo, Michela Dell&#8217;Osbel, La Valle Agordina Simone Ganz, Falcade Veronica Lezuo, Colle Santa Lucia. La voce nella sigla \u00e8 di Giorgia Taio<\/p>\n<p><strong>LA PUNTATA DI OGGI, 11 NOVEMBRE<\/strong><\/p>\n<audio class=\"wp-audio-shortcode\" id=\"audio-418867-4\" preload=\"none\" style=\"width: 100%;\" controls=\"controls\"><source type=\"audio\/mpeg\" src=\"https:\/\/www.radiopiu.net\/wordpress\/wp-content\/uploads\/2024\/11\/11_november_Davide.mp3?_=4\" \/><a href=\"https:\/\/www.radiopiu.net\/wordpress\/wp-content\/uploads\/2024\/11\/11_november_Davide.mp3\">https:\/\/www.radiopiu.net\/wordpress\/wp-content\/uploads\/2024\/11\/11_november_Davide.mp3<\/a><\/audio>\n<p>&nbsp;<\/p>\n<p>&nbsp;<\/p>\n<\/div>\n<div class=\"x11i5rnm xat24cr x1mh8g0r x1vvkbs xtlvy1s x126k92a\">\n<p>&nbsp;<\/p>\n<div dir=\"auto\">\n<hr \/>\n<\/div>\n<\/div>\n<blockquote>\n<blockquote>\n<h1><span style=\"color: #ff0000;\">\u00a0<\/span><\/h1>\n<h1><span style=\"color: #ff0000;\">I podcast informativi del mattino &#8211; audio &#8211;\u00a0\u00a0<\/span><\/h1>\n<\/blockquote>\n<p><strong><a class=\"dt-pswp-item\" href=\"https:\/\/www.radiopiu.net\/wordpress\/wp-content\/uploads\/2024\/11\/6.jpg\" data-dt-img-description=\"\" data-large_image_width=\"177\" data-large_image_height=\"180\"><img loading=\"lazy\" decoding=\"async\" class=\"size-full wp-image-417911 alignleft\" src=\"https:\/\/www.radiopiu.net\/wordpress\/wp-content\/uploads\/2024\/11\/6.jpg\" alt=\"\" width=\"177\" height=\"180\" \/><\/a>LA RASSEGNA STAMPA NAZIONALE ALLA RADIO, OGNI GIORNO ALLE 5 E ALLE 6 DEL MATTINO <span style=\"color: #0000ff;\">viene pubblicata alle 6.00 <span style=\"color: #ff0000;\">DIRETTA RADIO\u00a0 \u00a0\u00a0<\/span><\/span><\/strong><\/p><\/blockquote>\n<p>&nbsp;<\/p>\n<p><strong>NOTIZIE DELLA NOTTE<\/strong><\/p>\n<p><strong>Usa<\/strong>, diktat di Trump: le mie nomine senza la conferma del Senato<strong> Borsa:<\/strong> Hong Kong in frenata, a -2,41% in avvio\u00a0<strong>Scholz-Trump<\/strong>: pronti a lavorare al ritorno della pace in Europa <strong>Per Scholz<\/strong> il voto di fiducia possibile prima di Natale <strong>Iran<\/strong> chiede di cacciare Israele dall&#8217;Onu dopo attacco in Siria\u00a0 <strong>&#8216;Gioved\u00ec<\/strong> scorso prima telefonata Trump-Putin, focus su Ucraina&#8217; <strong>&#8216;Biden<\/strong> esorter\u00e0 Trump a non abbandonare l&#8217;Ucraina&#8217;<\/p>\n<h2>AUDIO dalle 6 del mattino<\/h2>\n<p>&nbsp;<\/p>\n<p>&nbsp;<\/p>\n<p>&nbsp;<\/p>\n<hr \/>\n<p>&nbsp;<\/p>\n<h1 style=\"text-align: center;\"><span style=\"color: #ff0000;\"><a class=\"dt-pswp-item\" href=\"https:\/\/www.radiopiu.net\/wordpress\/wp-content\/uploads\/2024\/11\/7.jpg\" data-dt-img-description=\"\" data-large_image_width=\"180\" data-large_image_height=\"180\"><img loading=\"lazy\" decoding=\"async\" class=\"size-full wp-image-417912 alignleft\" src=\"https:\/\/www.radiopiu.net\/wordpress\/wp-content\/uploads\/2024\/11\/7.jpg\" alt=\"\" width=\"180\" height=\"180\" srcset=\"https:\/\/www.radiopiu.net\/wordpress\/wp-content\/uploads\/2024\/11\/7.jpg 180w, https:\/\/www.radiopiu.net\/wordpress\/wp-content\/uploads\/2024\/11\/7-150x150.jpg 150w\" sizes=\"auto, (max-width: 180px) 100vw, 180px\" \/><\/a>I podcast informativi del mattino &#8211; audio &#8211;\u00a0<\/span><\/h1>\n<p><strong>OGNI GIORNO ALLE SETTE DEL MATTINO, LA RASSEGNA STAMPA LOCALE FLASH&#8230; PER CHI VA IN FRETTA. I TITOLI DAI GIORNALI E DAL SITO WWW.RADIOPIU.NET <span style=\"color: #0000ff;\">viene pubblicato alle 7.00<\/span> <span style=\"color: #ff0000;\">DIRETTA RADIO\u00a0<\/span><\/strong><\/p>\n<p><em><span style=\"color: #ff0000;\">per chi va in fretta&#8230; tante notizie in pochi minuti. L&#8217;informazione locale alla radio, ogni ora dalle 7 del mattino alle 19 della sera.<\/span><\/em><\/p>\n<h1><\/h1>\n<h1>AUDIO dalle 7 del mattino<\/h1>\n<audio class=\"wp-audio-shortcode\" id=\"audio-418867-5\" preload=\"none\" style=\"width: 100%;\" controls=\"controls\"><source type=\"audio\/mpeg\" src=\"https:\/\/www.radiopiu.net\/wordpress\/wp-content\/uploads\/2024\/11\/GF07-7.mp3?_=5\" \/><a href=\"https:\/\/www.radiopiu.net\/wordpress\/wp-content\/uploads\/2024\/11\/GF07-7.mp3\">https:\/\/www.radiopiu.net\/wordpress\/wp-content\/uploads\/2024\/11\/GF07-7.mp3<\/a><\/audio>\n<p>&nbsp;<\/p>\n<p>&nbsp;<\/p>\n<p>&nbsp;<\/p>\n<hr \/>\n<p>&nbsp;<\/p>\n<h1><\/h1>\n<h1 style=\"text-align: center;\"><span style=\"color: #ff0000;\"><a class=\"dt-pswp-item\" href=\"https:\/\/www.radiopiu.net\/wordpress\/wp-content\/uploads\/2024\/11\/th.jpg\" data-dt-img-description=\"\" data-large_image_width=\"148\" data-large_image_height=\"179\"><img loading=\"lazy\" decoding=\"async\" class=\"size-full wp-image-417913 alignleft\" src=\"https:\/\/www.radiopiu.net\/wordpress\/wp-content\/uploads\/2024\/11\/th.jpg\" alt=\"\" width=\"148\" height=\"179\" \/><\/a>I podcast informativi del mattino &#8211; audio &#8211;\u00a0<\/span><\/h1>\n<blockquote><p><strong>GIORNALE RADIO NAZIONALE, EDIZIONE DELLE SETTE <span style=\"color: #0000ff;\">viene pubblicato alle 7.05 <span style=\"color: #ff0000;\">DIRETTA RADIO\u00a0<\/span><\/span><\/strong><\/p><\/blockquote>\n<p><strong>il giornale radionazionale e&#8217; in onda ogni ora, dalle sette del mattino alle venti della sera\u00a0 \u00a0<\/strong><strong>\u00a0<\/strong><\/p>\n<p><strong>Il colpo<\/strong> Maxi furto nella boutique di Valentino in centro a Roma <strong>Ingiusta detenzione<\/strong> Quasi due anni in carcere da innocente, risarcito con 157mila euro <strong>Il sondaggio<\/strong> Tumore del seno, 1 donna su 3 interrompe le cure e rischia una recidiva <strong>Stupro di gruppo<\/strong> a Palermo, condannati tutti gli imputati Condanne tra 4 e 7 anni per 6 imputati, il minorenne gi\u00e0 condannato\u00a0 <strong>Italiano ucciso<\/strong> in Texas, aveva chiesto una sigaretta Vittima Paolo Tescari, 47 anni di Marghera. Era in Usa da 14 anni<\/p>\n<p>&nbsp;<\/p>\n<p><span style=\"color: #ff0000;\"><span style=\"color: #0000ff;\">CRONACA<\/span> EDIZIONE DELLA SERA , DEL 10 NOVEMBRE 2024 EDIZIONE DI IERI, 20.00<\/span><\/p>\n<audio class=\"wp-audio-shortcode\" id=\"audio-418867-6\" preload=\"none\" style=\"width: 100%;\" controls=\"controls\"><source type=\"audio\/mpeg\" src=\"https:\/\/www.radiopiu.net\/wordpress\/wp-content\/uploads\/2024\/11\/giornale07-14.mp3?_=6\" \/><a href=\"https:\/\/www.radiopiu.net\/wordpress\/wp-content\/uploads\/2024\/11\/giornale07-14.mp3\">https:\/\/www.radiopiu.net\/wordpress\/wp-content\/uploads\/2024\/11\/giornale07-14.mp3<\/a><\/audio>\n<p>&nbsp;<\/p>\n<p><span style=\"color: #ff0000;\"><span style=\"color: #0000ff;\">SPORT<\/span> EDIZIONE DELLE 19, DEL 10 NOVEMBRE 2024, LO SPORT EDIZIONE DI IERI<\/span><\/p>\n<audio class=\"wp-audio-shortcode\" id=\"audio-418867-7\" preload=\"none\" style=\"width: 100%;\" controls=\"controls\"><source type=\"audio\/mpeg\" src=\"https:\/\/www.radiopiu.net\/wordpress\/wp-content\/uploads\/2024\/11\/gr-sport-7.mp3?_=7\" \/><a href=\"https:\/\/www.radiopiu.net\/wordpress\/wp-content\/uploads\/2024\/11\/gr-sport-7.mp3\">https:\/\/www.radiopiu.net\/wordpress\/wp-content\/uploads\/2024\/11\/gr-sport-7.mp3<\/a><\/audio>\n<h2><\/h2>\n<h2><span style=\"color: #ff0000;\"><span style=\"color: #0000ff;\">ULTIM&#8217;ORA<\/span> AUDIO dalle sette del mattino, ogni ora alla radio EDIZIONE DELLE SETTE\u00a0<\/span><\/h2>\n<audio class=\"wp-audio-shortcode\" id=\"audio-418867-8\" preload=\"none\" style=\"width: 100%;\" controls=\"controls\"><source type=\"audio\/mpeg\" src=\"https:\/\/www.radiopiu.net\/wordpress\/wp-content\/uploads\/2024\/11\/giornale07-15.mp3?_=8\" \/><a href=\"https:\/\/www.radiopiu.net\/wordpress\/wp-content\/uploads\/2024\/11\/giornale07-15.mp3\">https:\/\/www.radiopiu.net\/wordpress\/wp-content\/uploads\/2024\/11\/giornale07-15.mp3<\/a><\/audio>\n<p>&nbsp;<\/p>\n<hr \/>\n<p>&nbsp;<\/p>\n<p>&nbsp;<\/p>\n<h1><span style=\"color: #ff0000;\"><a class=\"dt-pswp-item\" href=\"https:\/\/www.radiopiu.net\/wordpress\/wp-content\/uploads\/2024\/11\/8.jpg\" data-dt-img-description=\"\" data-large_image_width=\"180\" data-large_image_height=\"180\"><img loading=\"lazy\" decoding=\"async\" class=\"size-full wp-image-417910 alignleft\" src=\"https:\/\/www.radiopiu.net\/wordpress\/wp-content\/uploads\/2024\/11\/8.jpg\" alt=\"\" width=\"180\" height=\"180\" srcset=\"https:\/\/www.radiopiu.net\/wordpress\/wp-content\/uploads\/2024\/11\/8.jpg 180w, https:\/\/www.radiopiu.net\/wordpress\/wp-content\/uploads\/2024\/11\/8-150x150.jpg 150w\" sizes=\"auto, (max-width: 180px) 100vw, 180px\" \/><\/a>I podcast informativi del mattino &#8211; video &#8211;\u00a0<\/span><\/h1>\n<h2 style=\"text-align: left;\"><strong>RASSEGNA STAMPA LOCALE, ORE OTTO 05<\/strong><\/h2>\n<h2><strong> <span style=\"color: #0000ff;\">viene\u00a0 <\/span><\/strong><strong><span style=\"color: #0000ff;\">pubblicata alle 8.05 <span style=\"color: #ff0000;\">DIRETTA RADIO\u00a0 \u00a0<\/span><\/span><\/strong><strong>DI MIRKO MEZZACASA<\/strong><\/h2>\n<h2><span style=\"color: #ff0000;\"><strong>\u00a0<\/strong><\/span><\/h2>\n<h2><span style=\"color: #ff0000;\"><strong>\u00a0<\/strong><\/span><\/h2>\n<h1><span style=\"color: #ff0000;\"><strong>VIDEO\u00a0 \u00a0in diretta dalle 8 del mattino\u00a0 \u00a0per ASCOLTARE <\/strong><\/span><\/h1>\n<blockquote>\n<h1 style=\"text-align: center;\"><a href=\"https:\/\/www.facebook.com\/radiopiu\/videos\/2297673917277601\">CLICCA QUI\u00a0<\/a><\/h1>\n<p>&nbsp;<\/p><\/blockquote>\n<p><a class=\"dt-pswp-item\" href=\"https:\/\/www.radiopiu.net\/wordpress\/wp-content\/uploads\/2024\/11\/COOP2-3.png\" data-dt-img-description=\"\" data-large_image_width=\"521\" data-large_image_height=\"362\"><img loading=\"lazy\" decoding=\"async\" class=\"alignnone wp-image-419119\" src=\"https:\/\/www.radiopiu.net\/wordpress\/wp-content\/uploads\/2024\/11\/COOP2-3-300x208.png\" alt=\"\" width=\"262\" height=\"182\" srcset=\"https:\/\/www.radiopiu.net\/wordpress\/wp-content\/uploads\/2024\/11\/COOP2-3-300x208.png 300w, https:\/\/www.radiopiu.net\/wordpress\/wp-content\/uploads\/2024\/11\/COOP2-3.png 521w\" sizes=\"auto, (max-width: 262px) 100vw, 262px\" \/><\/a><a class=\"dt-pswp-item\" href=\"https:\/\/www.radiopiu.net\/wordpress\/wp-content\/uploads\/2024\/11\/COP1-2.png\" data-dt-img-description=\"\" data-large_image_width=\"691\" data-large_image_height=\"336\"><img loading=\"lazy\" decoding=\"async\" class=\"alignnone wp-image-419120\" src=\"https:\/\/www.radiopiu.net\/wordpress\/wp-content\/uploads\/2024\/11\/COP1-2-300x146.png\" alt=\"\" width=\"376\" height=\"183\" srcset=\"https:\/\/www.radiopiu.net\/wordpress\/wp-content\/uploads\/2024\/11\/COP1-2-300x146.png 300w, https:\/\/www.radiopiu.net\/wordpress\/wp-content\/uploads\/2024\/11\/COP1-2.png 691w\" sizes=\"auto, (max-width: 376px) 100vw, 376px\" \/><\/a><\/p>\n<p>&nbsp;<\/p>\n<p>&nbsp;<\/p>\n<hr \/>\n<p>&nbsp;<\/p>\n<p>&nbsp;<\/p>\n<p><strong><a class=\"dt-pswp-item\" href=\"https:\/\/www.radiopiu.net\/wordpress\/wp-content\/uploads\/2023\/12\/ANTENNA.png\" data-dt-img-description=\"\" data-large_image_width=\"300\" data-large_image_height=\"166\"><img loading=\"lazy\" decoding=\"async\" class=\" wp-image-366306 alignleft\" src=\"https:\/\/www.radiopiu.net\/wordpress\/wp-content\/uploads\/2023\/12\/ANTENNA.png\" alt=\"\" width=\"175\" height=\"97\" \/><\/a>ogni sera alle 19 le anticipazioni alla radio, quello che poi seguirete nel TELEGIORNALE BELLUNESE\u00a0 in onda alle 19.30 sul CANALE 10 del digitale terrestre.\u00a0\u00a0<\/strong><\/p>\n<p>&nbsp;<\/p>\n<p>&nbsp;<\/p>\n<hr \/>\n<p>&nbsp;<\/p>\n<p>&nbsp;<\/p>\n<blockquote>\n<h3>FUORI STRADA NELLA NOTTE CONTRO UNA PIANTA, GRAVE UN SEDICENNE<\/h3>\n<\/blockquote>\n<p><strong><a class=\"dt-pswp-item\" href=\"https:\/\/www.radiopiu.net\/wordpress\/wp-content\/uploads\/2024\/11\/912389d2-83a0-4598-8fc9-4f0c42e5dcbd.jpg\" data-dt-img-description=\"\" data-large_image_width=\"1600\" data-large_image_height=\"719\"><img loading=\"lazy\" decoding=\"async\" class=\"size-medium wp-image-419038 alignleft\" src=\"https:\/\/www.radiopiu.net\/wordpress\/wp-content\/uploads\/2024\/11\/912389d2-83a0-4598-8fc9-4f0c42e5dcbd-300x135.jpg\" alt=\"\" width=\"300\" height=\"135\" srcset=\"https:\/\/www.radiopiu.net\/wordpress\/wp-content\/uploads\/2024\/11\/912389d2-83a0-4598-8fc9-4f0c42e5dcbd-300x135.jpg 300w, https:\/\/www.radiopiu.net\/wordpress\/wp-content\/uploads\/2024\/11\/912389d2-83a0-4598-8fc9-4f0c42e5dcbd-1024x460.jpg 1024w, https:\/\/www.radiopiu.net\/wordpress\/wp-content\/uploads\/2024\/11\/912389d2-83a0-4598-8fc9-4f0c42e5dcbd-768x345.jpg 768w, https:\/\/www.radiopiu.net\/wordpress\/wp-content\/uploads\/2024\/11\/912389d2-83a0-4598-8fc9-4f0c42e5dcbd-1536x690.jpg 1536w, https:\/\/www.radiopiu.net\/wordpress\/wp-content\/uploads\/2024\/11\/912389d2-83a0-4598-8fc9-4f0c42e5dcbd.jpg 1600w\" sizes=\"auto, (max-width: 300px) 100vw, 300px\" \/><\/a>LIVINALLONGO<\/strong> Grave incidente nella notte tra sabato e domenia\u00a0 a Vallazza, comune di Livinallongo del Col Di Lana. Nel fondovalle lungo una strada comunale chiusa, fin dai giorni di Vaia, l&#8217;auto, una <a class=\"dt-pswp-item\" href=\"https:\/\/www.radiopiu.net\/wordpress\/wp-content\/uploads\/2024\/11\/Senza-nome-51.png\" data-dt-img-description=\"\" data-large_image_width=\"399\" data-large_image_height=\"247\"><img loading=\"lazy\" decoding=\"async\" class=\"size-medium wp-image-419115 alignright\" src=\"https:\/\/www.radiopiu.net\/wordpress\/wp-content\/uploads\/2024\/11\/Senza-nome-51-300x186.png\" alt=\"\" width=\"300\" height=\"186\" srcset=\"https:\/\/www.radiopiu.net\/wordpress\/wp-content\/uploads\/2024\/11\/Senza-nome-51-300x186.png 300w, https:\/\/www.radiopiu.net\/wordpress\/wp-content\/uploads\/2024\/11\/Senza-nome-51.png 399w\" sizes=\"auto, (max-width: 300px) 100vw, 300px\" \/><\/a>Volkswagen Polo \u00e8 finita fuori strada contro un albero (auto distrutta nella parte anteriore). A bordo c&#8217;erano tre giovani che hanno sottratto il mezzo ad un amico, uno di loro un sedicenne \u00e8 ricoverato in gravissime condizioni all&#8217;ospedale di Trento. \u00c8 intervenuto l&#8217;elicottero EliTrento per il trasferimento all&#8217;ospedale di Trento. La notizia ha fatto immediatamente il giro del paese, in territorio Fodom i tre giovani sono molto conosciuti. Due di loro sono usciti dall&#8217;auto con ferite lievi, quasi illesi, \u00e8 andata molto male per il terzo giovane. Il ragazzo ora lotta per la vita all&#8217;ospedale di Trento. Sul posto di Carabinieri di Arabba, a loro il compito di ricostruire la dinamica del sinistro e valutare chi effettivamente era al volante dell&#8217;auto e se in possesso dei requisiti richiesti. Vigili del Fuoco, personale suem 118. (nella foto il luogo dell&#8217;incidente)\u00a0 (foto archivio)<\/p>\n<p>&nbsp;<\/p>\n<p>&nbsp;<\/p>\n<hr \/>\n<p>&nbsp;<\/p>\n<blockquote>\n<h2>Controlli straordinari: denunce per alcol e possesso illegale<\/h2>\n<\/blockquote>\n<p><strong><img loading=\"lazy\" decoding=\"async\" class=\"alignleft\" src=\"https:\/\/www.radiopiu.net\/wordpress\/wp-content\/uploads\/2023\/12\/65eeef77-eb40-499b-9e73-d78218c7338c.jpg\" width=\"201\" height=\"151\" \/>CORTINA<\/strong> Nella notte tra sabato e domenica, controlli straordinari dei Carabinieri coordinati dalla Compagnia di Cortina hanno portato a due denunce per guida in stato di ebbrezza, due per possesso di oggetti atti ad offendere e cinque segnalazioni per possesso di sostanze stupefacenti. I pattugliamenti, svolti nelle aree di Cortina, Cadore, Pieve di Cadore e Livinallongo, hanno interessato 60 veicoli, 80 persone e quattro locali pubblici. Le persone denunciate per guida in stato di ebbrezza avevano tassi alcolemici oltre tre volte il limite legale. Il capitano Alessandro Bui ha sottolineato l\u2019importanza di queste attivit\u00e0 per la sicurezza e la prevenzione nella comunit\u00e0.<\/p>\n<p>&nbsp;<\/p>\n<p>&nbsp;<\/p>\n<hr \/>\n<p>&nbsp;<\/p>\n<p>&nbsp;<\/p>\n<blockquote>\n<h3><a class=\"dt-pswp-item\" href=\"https:\/\/www.radiopiu.net\/wordpress\/wp-content\/uploads\/2024\/08\/SALT-1.jpg\" data-dt-img-description=\"\" data-large_image_width=\"1772\" data-large_image_height=\"1178\"><img loading=\"lazy\" decoding=\"async\" class=\" wp-image-406547 alignleft\" src=\"https:\/\/www.radiopiu.net\/wordpress\/wp-content\/uploads\/2024\/08\/SALT-1-300x199.jpg\" alt=\"\" width=\"253\" height=\"168\" srcset=\"https:\/\/www.radiopiu.net\/wordpress\/wp-content\/uploads\/2024\/08\/SALT-1-300x199.jpg 300w, https:\/\/www.radiopiu.net\/wordpress\/wp-content\/uploads\/2024\/08\/SALT-1-1024x681.jpg 1024w, https:\/\/www.radiopiu.net\/wordpress\/wp-content\/uploads\/2024\/08\/SALT-1-768x511.jpg 768w, https:\/\/www.radiopiu.net\/wordpress\/wp-content\/uploads\/2024\/08\/SALT-1-1536x1021.jpg 1536w, https:\/\/www.radiopiu.net\/wordpress\/wp-content\/uploads\/2024\/08\/SALT-1.jpg 1772w\" sizes=\"auto, (max-width: 253px) 100vw, 253px\" \/><\/a>INCIAMPA SUL SENTIERO E SI FERISCE AL VOLTO<\/h3>\n<\/blockquote>\n<p><strong>LIVINALLONGO<\/strong> Attorno alle 10.20 di ieri l&#8217;elicottero del Suem di Pieve di Cadore \u00e8 decollato in direzione del Settsass dove, percorrendo il sentiero numero 24, un&#8217;escursionista era inciampata cadendo a terra e sbattendo il volto. Geolocalizzato il punto, l&#8217;equipaggio ha individuato l&#8217;infortunata, assistita da due persone, e ha sbarcato in hovering equipe medica e tecnico di elisoccorso. I soccorritori hanno prestato le prime cure alla 59enne di San Pietro di Cadore (BL), per un possibile trauma facciale e al polso. L&#8217;hanno quindi spostata in un punto pi\u00f9 agevole per il recupero, caricata a bordo e trasportata all&#8217;ospedale di Belluno.<\/p>\n<p>&nbsp;<\/p>\n<p>&nbsp;<\/p>\n<hr \/>\n<p>&nbsp;<\/p>\n<p>&nbsp;<\/p>\n<blockquote>\n<h3 class=\"entry-title\"><a class=\"dt-pswp-item\" href=\"https:\/\/www.radiopiu.net\/wordpress\/wp-content\/uploads\/2024\/09\/SALT.jpeg\" data-dt-img-description=\"\" data-large_image_width=\"1072\" data-large_image_height=\"768\"><img loading=\"lazy\" decoding=\"async\" class=\" wp-image-410721 alignleft\" src=\"https:\/\/www.radiopiu.net\/wordpress\/wp-content\/uploads\/2024\/09\/SALT-300x215.jpeg\" alt=\"\" width=\"195\" height=\"140\" srcset=\"https:\/\/www.radiopiu.net\/wordpress\/wp-content\/uploads\/2024\/09\/SALT-300x215.jpeg 300w, https:\/\/www.radiopiu.net\/wordpress\/wp-content\/uploads\/2024\/09\/SALT-1024x734.jpeg 1024w, https:\/\/www.radiopiu.net\/wordpress\/wp-content\/uploads\/2024\/09\/SALT-768x550.jpeg 768w, https:\/\/www.radiopiu.net\/wordpress\/wp-content\/uploads\/2024\/09\/SALT.jpeg 1072w\" sizes=\"auto, (max-width: 195px) 100vw, 195px\" \/><\/a>Ruzzola nel bosco, salvato con l\u2019elicottero<\/h3>\n<\/blockquote>\n<p><strong>SETTE COMUNI\u00a0 <\/strong>Durante un\u2019escursione in localit\u00e0 Rocca de Cisa ad Alano di Piave, un 62enne ha perso il sentiero con la moglie e, nel tentativo di risalirlo, si \u00e8 appoggiato a un albero secco che ha ceduto, facendolo precipitare per circa venti metri. L\u2019allarme \u00e8 scattato alle 10 e l\u2019elicottero del Suem di Pieve di Cadore \u00e8 intervenuto, calando medico e tecnico di elisoccorso con un verricello. Dopo le prime cure per un trauma al polso e contusioni, l\u2019uomo \u00e8 stato trasportato in ospedale. La moglie ha ritrovato il sentiero ed \u00e8 rientrata da sola.<\/p>\n<p>&nbsp;<\/p>\n<p>&nbsp;<\/p>\n<hr \/>\n<p>&nbsp;<\/p>\n<blockquote>\n<h3 class=\"entry-title\">Scossa di Magnitudo 1,4 a Voltago Agordino<\/h3>\n<\/blockquote>\n<p class=\"photoswipe-wrapper\"><a class=\"dt-pswp-item pspw-wrap-ready\" href=\"https:\/\/www.radiopiu.net\/wordpress\/wp-content\/uploads\/2024\/11\/d977d858-c399-45da-bc17-275ab5c651ed.jpg\" data-dt-img-description=\"\" data-large_image_width=\"1189\" data-large_image_height=\"2048\"><img loading=\"lazy\" decoding=\"async\" class=\" wp-image-419067 alignleft\" src=\"https:\/\/www.radiopiu.net\/wordpress\/wp-content\/uploads\/2024\/11\/d977d858-c399-45da-bc17-275ab5c651ed-174x300.jpg\" sizes=\"auto, (max-width: 174px) 100vw, 174px\" srcset=\"https:\/\/www.radiopiu.net\/wordpress\/wp-content\/uploads\/2024\/11\/d977d858-c399-45da-bc17-275ab5c651ed-174x300.jpg 174w, https:\/\/www.radiopiu.net\/wordpress\/wp-content\/uploads\/2024\/11\/d977d858-c399-45da-bc17-275ab5c651ed-595x1024.jpg 595w, https:\/\/www.radiopiu.net\/wordpress\/wp-content\/uploads\/2024\/11\/d977d858-c399-45da-bc17-275ab5c651ed-768x1323.jpg 768w, https:\/\/www.radiopiu.net\/wordpress\/wp-content\/uploads\/2024\/11\/d977d858-c399-45da-bc17-275ab5c651ed-892x1536.jpg 892w, https:\/\/www.radiopiu.net\/wordpress\/wp-content\/uploads\/2024\/11\/d977d858-c399-45da-bc17-275ab5c651ed.jpg 1189w\" alt=\"\" width=\"98\" height=\"168\" \/><\/a><strong>VOLTAGO<\/strong>\u00a0 Nel primo pomeriggio di ieri, una lieve scossa di terremoto ha interessato Voltago Agordino, nella zona sismica di Gosaldo. L\u2019evento sismico si \u00e8 verificato alle 14.10 con una magnitudo di 1,4, a una profondit\u00e0 di 4,8 chilometri. Sebbene l\u2019intensit\u00e0 sia stata bassa, sufficiente a essere registrata dai sismografi ma difficilmente avvertita dalla popolazione.<\/p>\n<p>L\u2019area di Gosaldo e dei comuni limitrofi \u00e8 notoriamente una zona sismica, anche se generalmente caratterizzata da eventi di bassa magnitudo, come quello odierno. Il terremoto odierno non ha causato danni a edifici o infrastrutture, n\u00e9 sono state segnalate persone ferite. Tuttavia, episodi come questo ricordano agli abitanti l\u2019importanza di mantenere alta l\u2019attenzione su possibili fenomeni sismici e di seguire le norme di sicurezza per la prevenzione.<\/p>\n<p>&nbsp;<\/p>\n<p>&nbsp;<\/p>\n<hr \/>\n<p>&nbsp;<\/p>\n<blockquote>\n<h3>DIRITTI INESPRESSI: LO SPI CGIL RACCOGLIE 3 MILIONI DI EURO<\/h3>\n<\/blockquote>\n<p><strong><a class=\"dt-pswp-item\" href=\"https:\/\/www.radiopiu.net\/wordpress\/wp-content\/uploads\/2020\/03\/spi-1.jpg\" data-dt-img-description=\"\" data-large_image_width=\"300\" data-large_image_height=\"167\"><img loading=\"lazy\" decoding=\"async\" class=\" wp-image-366015 alignleft\" src=\"https:\/\/www.radiopiu.net\/wordpress\/wp-content\/uploads\/2020\/03\/spi-1.jpg\" alt=\"\" width=\"187\" height=\"104\" \/><\/a>VENEZIA<\/strong> In Veneto, il sindacato dei pensionati (Spi) della Cgil ha ottenuto importanti risultati attraverso la campagna sui &#8220;diritti inespressi,&#8221; ovvero prestazioni economiche dovute ai pensionati ma non erogate perch\u00e9 non richieste. Grazie a questa iniziativa, molti anziani hanno ricevuto arretrati significativi e aumenti mensili: una vedova ha ottenuto 38 mila euro di conguaglio e 539,24 euro mensili aggiuntivi, mentre una pensionata ha recuperato oltre 9 mila euro di arretrati e 281 euro in pi\u00f9 al mese. Questi diritti nascosti includono integrazioni, maggiorazioni sociali e la 14esima mensilit\u00e0, e spesso riguardano pensionati con redditi bassi. Lo Spi invita chi pensa di avere diritto a queste somme a contattare le sedi locali per migliorare la propria situazione economica.<\/p>\n<p>&nbsp;<\/p>\n<p>&nbsp;<\/p>\n<hr \/>\n<p>&nbsp;<\/p>\n<blockquote>\n<h3>GIORNATA DELL&#8217;AGRICOLTURA: PROVINCIA VICINA ALLE TERRE ALTE<\/h3>\n<\/blockquote>\n<p><strong><a class=\"dt-pswp-item\" href=\"https:\/\/www.radiopiu.net\/wordpress\/wp-content\/uploads\/2022\/09\/lavoro-allorto-sociale.jpg\" data-dt-img-description=\"\" data-large_image_width=\"1600\" data-large_image_height=\"1200\"><img loading=\"lazy\" decoding=\"async\" class=\" wp-image-297252 alignleft\" src=\"https:\/\/www.radiopiu.net\/wordpress\/wp-content\/uploads\/2022\/09\/lavoro-allorto-sociale-300x225.jpg\" alt=\"\" width=\"215\" height=\"161\" srcset=\"https:\/\/www.radiopiu.net\/wordpress\/wp-content\/uploads\/2022\/09\/lavoro-allorto-sociale-300x225.jpg 300w, https:\/\/www.radiopiu.net\/wordpress\/wp-content\/uploads\/2022\/09\/lavoro-allorto-sociale-1024x768.jpg 1024w, https:\/\/www.radiopiu.net\/wordpress\/wp-content\/uploads\/2022\/09\/lavoro-allorto-sociale-768x576.jpg 768w, https:\/\/www.radiopiu.net\/wordpress\/wp-content\/uploads\/2022\/09\/lavoro-allorto-sociale-1536x1152.jpg 1536w, https:\/\/www.radiopiu.net\/wordpress\/wp-content\/uploads\/2022\/09\/lavoro-allorto-sociale.jpg 1600w\" sizes=\"auto, (max-width: 215px) 100vw, 215px\" \/><\/a>BELLUNO<\/strong> L&#8217;agricoltura montana ha un ruolo cruciale per la conservazione ambientale e la sostenibilit\u00e0 economica, ma affronta sfide specifiche come pendenze, clima rigido e mancanza di infrastrutture. Per questo, la vice presidente della Provincia di Belluno, Silvia Calligaro, sottolinea l&#8217;importanza di misure di sostegno particolari per il settore. Nella recente Giornata nazionale dell\u2019Agricoltura, istituita per riconoscere il ruolo dell'&#8221;agricoltore custode dell\u2019ambiente&#8221;, \u00e8 stato evidenziato come gli agricoltori contribuiscano alla manutenzione del paesaggio, alla salvaguardia della biodiversit\u00e0 e al contrasto dell&#8217;abbandono. La Provincia di Belluno ha dedicato deleghe specifiche all&#8217;agricoltura montana, collaborando con associazioni di settore per sostenere le piccole aziende locali e il collegamento tra montagna e pianura.<\/p>\n<p><strong>LA VICE PRESIDENTE DELLA PROVINCIA DI BELLUNO SILVIA CALLIGARO<\/strong><\/p>\n<audio class=\"wp-audio-shortcode\" id=\"audio-418867-9\" preload=\"none\" style=\"width: 100%;\" controls=\"controls\"><source type=\"audio\/mpeg\" src=\"https:\/\/www.radiopiu.net\/wordpress\/wp-content\/uploads\/2024\/11\/SILVIA-CALLIGARO-AGRICOLTURA-PROVINCIA.mp3?_=9\" \/><a href=\"https:\/\/www.radiopiu.net\/wordpress\/wp-content\/uploads\/2024\/11\/SILVIA-CALLIGARO-AGRICOLTURA-PROVINCIA.mp3\">https:\/\/www.radiopiu.net\/wordpress\/wp-content\/uploads\/2024\/11\/SILVIA-CALLIGARO-AGRICOLTURA-PROVINCIA.mp3<\/a><\/audio>\n<p>&nbsp;<\/p>\n<a href=\"https:\/\/www.radiopiu.net\/wordpress\/wp-content\/uploads\/2024\/11\/manifesto-70-soccorso.pdf\" class=\"pdfemb-viewer\" style=\"\" data-width=\"max\" data-height=\"max\" data-toolbar=\"top\" data-toolbar-fixed=\"on\">manifesto-70 soccorso<\/a>\n<hr \/>\n<p>&nbsp;<\/p>\n<blockquote>\n<h3>IL BELLUNESE AL SENATO: IL DDL MONTAGNA CON IL SENATORE LUCA DE CARLO<\/h3>\n<\/blockquote>\n<p><strong class=\"photoswipe-wrapper\"><a class=\"dt-pswp-item pspw-wrap-ready\" href=\"https:\/\/www.radiopiu.net\/wordpress\/wp-content\/uploads\/2024\/11\/original-236F00B4-B699-49F6-97E6-9EC94CFC3D02.jpeg\" data-dt-img-description=\"\" data-large_image_width=\"1131\" data-large_image_height=\"1600\"><img loading=\"lazy\" decoding=\"async\" class=\" wp-image-418334 alignleft\" src=\"https:\/\/www.radiopiu.net\/wordpress\/wp-content\/uploads\/2024\/11\/original-236F00B4-B699-49F6-97E6-9EC94CFC3D02-212x300.jpeg\" sizes=\"auto, (max-width: 212px) 100vw, 212px\" srcset=\"https:\/\/www.radiopiu.net\/wordpress\/wp-content\/uploads\/2024\/11\/original-236F00B4-B699-49F6-97E6-9EC94CFC3D02-212x300.jpeg 212w, https:\/\/www.radiopiu.net\/wordpress\/wp-content\/uploads\/2024\/11\/original-236F00B4-B699-49F6-97E6-9EC94CFC3D02-724x1024.jpeg 724w, https:\/\/www.radiopiu.net\/wordpress\/wp-content\/uploads\/2024\/11\/original-236F00B4-B699-49F6-97E6-9EC94CFC3D02-768x1086.jpeg 768w, https:\/\/www.radiopiu.net\/wordpress\/wp-content\/uploads\/2024\/11\/original-236F00B4-B699-49F6-97E6-9EC94CFC3D02-1086x1536.jpeg 1086w, https:\/\/www.radiopiu.net\/wordpress\/wp-content\/uploads\/2024\/11\/original-236F00B4-B699-49F6-97E6-9EC94CFC3D02.jpeg 1131w\" alt=\"\" width=\"163\" height=\"231\" \/><\/a>AGORDO<\/strong> \u00c8 partito da Agordo il ciclo di incontri voluto dal senatore bellunese di Fratelli d\u2019Italia, Luca De Carlo, sulla Legge sulla Montagna<\/p>\n<p>&nbsp;<\/p>\n<p><strong>\u00a0<\/strong><\/p>\n<p><strong>\u00a0<\/strong><\/p>\n<p><strong>\u00a0<\/strong><\/p>\n<p><strong>\u00a0<\/strong><\/p>\n<p>&nbsp;<\/p>\n<h1><span style=\"color: #0000ff;\"><strong>\u00a0LA DIRETTA RADIO PIU&#8217;<\/strong><\/span><\/h1>\n<p><iframe loading=\"lazy\" title=\"IL DDL MONTAGNA CON IL SENATORE LUCA DE CARLO\" width=\"1200\" height=\"675\" src=\"https:\/\/www.youtube.com\/embed\/wVVRJxgMyQ0?feature=oembed\" frameborder=\"0\" allow=\"accelerometer; autoplay; clipboard-write; encrypted-media; gyroscope; picture-in-picture; web-share\" referrerpolicy=\"strict-origin-when-cross-origin\" allowfullscreen><\/iframe><\/p>\n<p>&nbsp;<\/p>\n<hr \/>\n<p>&nbsp;<\/p>\n<blockquote>\n<h3>LA LUCCIOLATA 2024 CON I BOCE DA RIF<\/h3>\n<\/blockquote>\n<p><strong>AGORDO<\/strong> Appuntamento annuale con la Lucciolata da Agordo a Rif per raccogliere fondi per la Via di Natale di Aviano. Una passeggiata benefica con arrivo nella frazione alta di Agordo con castagne e\u00a0 vin brul\u00e8.<\/p>\n<p><strong><a class=\"dt-pswp-item\" href=\"https:\/\/www.radiopiu.net\/wordpress\/wp-content\/uploads\/2024\/11\/146cb07e-eb50-4018-abea-1addb00c90e6.jpg\" data-dt-img-description=\"\" data-large_image_width=\"1600\" data-large_image_height=\"1200\"><img loading=\"lazy\" decoding=\"async\" class=\"alignnone size-medium wp-image-419027\" src=\"https:\/\/www.radiopiu.net\/wordpress\/wp-content\/uploads\/2024\/11\/146cb07e-eb50-4018-abea-1addb00c90e6-300x225.jpg\" alt=\"\" width=\"300\" height=\"225\" srcset=\"https:\/\/www.radiopiu.net\/wordpress\/wp-content\/uploads\/2024\/11\/146cb07e-eb50-4018-abea-1addb00c90e6-300x225.jpg 300w, https:\/\/www.radiopiu.net\/wordpress\/wp-content\/uploads\/2024\/11\/146cb07e-eb50-4018-abea-1addb00c90e6-1024x768.jpg 1024w, https:\/\/www.radiopiu.net\/wordpress\/wp-content\/uploads\/2024\/11\/146cb07e-eb50-4018-abea-1addb00c90e6-768x576.jpg 768w, https:\/\/www.radiopiu.net\/wordpress\/wp-content\/uploads\/2024\/11\/146cb07e-eb50-4018-abea-1addb00c90e6-1536x1152.jpg 1536w, https:\/\/www.radiopiu.net\/wordpress\/wp-content\/uploads\/2024\/11\/146cb07e-eb50-4018-abea-1addb00c90e6.jpg 1600w\" sizes=\"auto, (max-width: 300px) 100vw, 300px\" \/><\/a><a class=\"dt-pswp-item\" href=\"https:\/\/www.radiopiu.net\/wordpress\/wp-content\/uploads\/2024\/11\/85b69b7b-bab8-42be-8e8d-0b04c0b91c2a.jpg\" data-dt-img-description=\"\" data-large_image_width=\"1600\" data-large_image_height=\"1200\"><img loading=\"lazy\" decoding=\"async\" class=\"alignnone size-medium wp-image-419029\" src=\"https:\/\/www.radiopiu.net\/wordpress\/wp-content\/uploads\/2024\/11\/85b69b7b-bab8-42be-8e8d-0b04c0b91c2a-300x225.jpg\" alt=\"\" width=\"300\" height=\"225\" srcset=\"https:\/\/www.radiopiu.net\/wordpress\/wp-content\/uploads\/2024\/11\/85b69b7b-bab8-42be-8e8d-0b04c0b91c2a-300x225.jpg 300w, https:\/\/www.radiopiu.net\/wordpress\/wp-content\/uploads\/2024\/11\/85b69b7b-bab8-42be-8e8d-0b04c0b91c2a-1024x768.jpg 1024w, https:\/\/www.radiopiu.net\/wordpress\/wp-content\/uploads\/2024\/11\/85b69b7b-bab8-42be-8e8d-0b04c0b91c2a-768x576.jpg 768w, https:\/\/www.radiopiu.net\/wordpress\/wp-content\/uploads\/2024\/11\/85b69b7b-bab8-42be-8e8d-0b04c0b91c2a-1536x1152.jpg 1536w, https:\/\/www.radiopiu.net\/wordpress\/wp-content\/uploads\/2024\/11\/85b69b7b-bab8-42be-8e8d-0b04c0b91c2a.jpg 1600w\" sizes=\"auto, (max-width: 300px) 100vw, 300px\" \/><\/a><\/strong><\/p>\n<p><strong>\u00a0<\/strong><\/p>\n<h1><span style=\"color: #0000ff;\"><strong>LA DIRETTA RADIO PIU&#8217;<\/strong><\/span><\/h1>\n<p><iframe loading=\"lazy\" style=\"border: none; overflow: hidden;\" src=\"https:\/\/www.facebook.com\/plugins\/video.php?height=314&amp;href=https%3A%2F%2Fwww.facebook.com%2Fradiopiu%2Fvideos%2F427254353558142%2F&amp;show_text=false&amp;width=560&amp;t=0\" width=\"560\" height=\"314\" frameborder=\"0\" scrolling=\"no\" allowfullscreen=\"allowfullscreen\" data-mce-fragment=\"1\"><\/iframe><\/p>\n<hr \/>\n<p>&nbsp;<\/p>\n<p>&nbsp;<\/p>\n<blockquote>\n<h3>Falcade Illumina il Futuro con i Nuovi Lampioni Fotovoltaici a LED<\/h3>\n<\/blockquote>\n<p><strong>FALCADE<\/strong>\u00a0 L&#8217;Amministrazione Comunale, sotto la guida del Sindaco Mauro Salvaterra, ha fatto un ulteriore passo avanti verso un futuro pi\u00f9 sostenibile, installando otto lampioni fotovoltaici a led ad alta efficienza in diverse zone del territorio. Questi innovativi dispositivi, noti come &#8220;Autocleaning Street Light&#8221;, sono dotati di un pannello solare autopulente che cattura l&#8217;energia del sole e la converte in energia pulita, alimentando la batteria interna. Il sistema si accende automaticamente all\u2019imbrunire e si spegne al sorgere del sole, garantendo, con una carica di 8 ore, fino a tre giorni di illuminazione continua. I nuovi lampioni sono stati installati in: Fornapiana a Molino; Via Maredane; Via Battaglione Belluno; Via Dolomiti; Pians a Sappade; Parcheggio a Sappade; Campo da basket in Via Trieste (due unit\u00e0). L\u2019obiettivo dell\u2019amministrazione \u00e8 estendere questa tecnologia a costo energetico nullo anche ad altre aree del comune, promuovendo l&#8217;uso di soluzioni eco-friendly per il benessere e la sicurezza dei cittadini.<\/p>\n<p><a class=\"dt-pswp-item\" href=\"https:\/\/www.radiopiu.net\/wordpress\/wp-content\/uploads\/2024\/11\/55cebecf-bb25-4b02-b19a-221dc7810e3f.jpg\" data-dt-img-description=\"\" data-large_image_width=\"1536\" data-large_image_height=\"2048\"><img loading=\"lazy\" decoding=\"async\" class=\"alignnone size-medium wp-image-418937\" src=\"https:\/\/www.radiopiu.net\/wordpress\/wp-content\/uploads\/2024\/11\/55cebecf-bb25-4b02-b19a-221dc7810e3f-225x300.jpg\" alt=\"\" width=\"225\" height=\"300\" srcset=\"https:\/\/www.radiopiu.net\/wordpress\/wp-content\/uploads\/2024\/11\/55cebecf-bb25-4b02-b19a-221dc7810e3f-225x300.jpg 225w, https:\/\/www.radiopiu.net\/wordpress\/wp-content\/uploads\/2024\/11\/55cebecf-bb25-4b02-b19a-221dc7810e3f-768x1024.jpg 768w, https:\/\/www.radiopiu.net\/wordpress\/wp-content\/uploads\/2024\/11\/55cebecf-bb25-4b02-b19a-221dc7810e3f-1152x1536.jpg 1152w, https:\/\/www.radiopiu.net\/wordpress\/wp-content\/uploads\/2024\/11\/55cebecf-bb25-4b02-b19a-221dc7810e3f.jpg 1536w\" sizes=\"auto, (max-width: 225px) 100vw, 225px\" \/><\/a><a class=\"dt-pswp-item\" href=\"https:\/\/www.radiopiu.net\/wordpress\/wp-content\/uploads\/2024\/11\/5a471fd1-d7a8-48c6-8d48-ed213a147ce9.jpg\" data-dt-img-description=\"\" data-large_image_width=\"1536\" data-large_image_height=\"2048\"><img loading=\"lazy\" decoding=\"async\" class=\"alignnone size-medium wp-image-418938\" src=\"https:\/\/www.radiopiu.net\/wordpress\/wp-content\/uploads\/2024\/11\/5a471fd1-d7a8-48c6-8d48-ed213a147ce9-225x300.jpg\" alt=\"\" width=\"225\" height=\"300\" srcset=\"https:\/\/www.radiopiu.net\/wordpress\/wp-content\/uploads\/2024\/11\/5a471fd1-d7a8-48c6-8d48-ed213a147ce9-225x300.jpg 225w, https:\/\/www.radiopiu.net\/wordpress\/wp-content\/uploads\/2024\/11\/5a471fd1-d7a8-48c6-8d48-ed213a147ce9-768x1024.jpg 768w, https:\/\/www.radiopiu.net\/wordpress\/wp-content\/uploads\/2024\/11\/5a471fd1-d7a8-48c6-8d48-ed213a147ce9-1152x1536.jpg 1152w, https:\/\/www.radiopiu.net\/wordpress\/wp-content\/uploads\/2024\/11\/5a471fd1-d7a8-48c6-8d48-ed213a147ce9.jpg 1536w\" sizes=\"auto, (max-width: 225px) 100vw, 225px\" \/><\/a><a class=\"dt-pswp-item\" href=\"https:\/\/www.radiopiu.net\/wordpress\/wp-content\/uploads\/2024\/11\/ae52c2e5-131d-4ca9-a6d1-0876cb14ea3f.jpg\" data-dt-img-description=\"\" data-large_image_width=\"1536\" data-large_image_height=\"2048\"><img loading=\"lazy\" decoding=\"async\" class=\"alignnone size-medium wp-image-418940\" src=\"https:\/\/www.radiopiu.net\/wordpress\/wp-content\/uploads\/2024\/11\/ae52c2e5-131d-4ca9-a6d1-0876cb14ea3f-225x300.jpg\" alt=\"\" width=\"225\" height=\"300\" srcset=\"https:\/\/www.radiopiu.net\/wordpress\/wp-content\/uploads\/2024\/11\/ae52c2e5-131d-4ca9-a6d1-0876cb14ea3f-225x300.jpg 225w, https:\/\/www.radiopiu.net\/wordpress\/wp-content\/uploads\/2024\/11\/ae52c2e5-131d-4ca9-a6d1-0876cb14ea3f-768x1024.jpg 768w, https:\/\/www.radiopiu.net\/wordpress\/wp-content\/uploads\/2024\/11\/ae52c2e5-131d-4ca9-a6d1-0876cb14ea3f-1152x1536.jpg 1152w, https:\/\/www.radiopiu.net\/wordpress\/wp-content\/uploads\/2024\/11\/ae52c2e5-131d-4ca9-a6d1-0876cb14ea3f.jpg 1536w\" sizes=\"auto, (max-width: 225px) 100vw, 225px\" \/><\/a><a class=\"dt-pswp-item\" href=\"https:\/\/www.radiopiu.net\/wordpress\/wp-content\/uploads\/2024\/11\/bd48a487-20a3-4c84-9609-67dae70ead12.jpg\" data-dt-img-description=\"\" data-large_image_width=\"1536\" data-large_image_height=\"2048\"><img loading=\"lazy\" decoding=\"async\" class=\"alignnone size-medium wp-image-418941\" src=\"https:\/\/www.radiopiu.net\/wordpress\/wp-content\/uploads\/2024\/11\/bd48a487-20a3-4c84-9609-67dae70ead12-225x300.jpg\" alt=\"\" width=\"225\" height=\"300\" srcset=\"https:\/\/www.radiopiu.net\/wordpress\/wp-content\/uploads\/2024\/11\/bd48a487-20a3-4c84-9609-67dae70ead12-225x300.jpg 225w, https:\/\/www.radiopiu.net\/wordpress\/wp-content\/uploads\/2024\/11\/bd48a487-20a3-4c84-9609-67dae70ead12-768x1024.jpg 768w, https:\/\/www.radiopiu.net\/wordpress\/wp-content\/uploads\/2024\/11\/bd48a487-20a3-4c84-9609-67dae70ead12-1152x1536.jpg 1152w, https:\/\/www.radiopiu.net\/wordpress\/wp-content\/uploads\/2024\/11\/bd48a487-20a3-4c84-9609-67dae70ead12.jpg 1536w\" sizes=\"auto, (max-width: 225px) 100vw, 225px\" \/><\/a><a class=\"dt-pswp-item\" href=\"https:\/\/www.radiopiu.net\/wordpress\/wp-content\/uploads\/2024\/11\/269fb811-c918-4bac-9bea-48260050409b.jpg\" data-dt-img-description=\"\" data-large_image_width=\"1536\" data-large_image_height=\"2048\"><img loading=\"lazy\" decoding=\"async\" class=\"alignnone size-medium wp-image-418942\" src=\"https:\/\/www.radiopiu.net\/wordpress\/wp-content\/uploads\/2024\/11\/269fb811-c918-4bac-9bea-48260050409b-225x300.jpg\" alt=\"\" width=\"225\" height=\"300\" srcset=\"https:\/\/www.radiopiu.net\/wordpress\/wp-content\/uploads\/2024\/11\/269fb811-c918-4bac-9bea-48260050409b-225x300.jpg 225w, https:\/\/www.radiopiu.net\/wordpress\/wp-content\/uploads\/2024\/11\/269fb811-c918-4bac-9bea-48260050409b-768x1024.jpg 768w, https:\/\/www.radiopiu.net\/wordpress\/wp-content\/uploads\/2024\/11\/269fb811-c918-4bac-9bea-48260050409b-1152x1536.jpg 1152w, https:\/\/www.radiopiu.net\/wordpress\/wp-content\/uploads\/2024\/11\/269fb811-c918-4bac-9bea-48260050409b.jpg 1536w\" sizes=\"auto, (max-width: 225px) 100vw, 225px\" \/><\/a><\/p>\n<p><strong>PROMO PARTICOLARE LAMPIONE, VIDEO<\/strong><\/p>\n<div style=\"width: 640px;\" class=\"wp-video\"><video class=\"wp-video-shortcode\" id=\"video-418867-1\" width=\"640\" height=\"360\" preload=\"metadata\" controls=\"controls\"><source type=\"video\/mp4\" src=\"https:\/\/www.radiopiu.net\/wordpress\/wp-content\/uploads\/2024\/11\/WhatsApp-Video-2024-11-09-at-14.09.08.mp4?_=1\" \/><a href=\"https:\/\/www.radiopiu.net\/wordpress\/wp-content\/uploads\/2024\/11\/WhatsApp-Video-2024-11-09-at-14.09.08.mp4\">https:\/\/www.radiopiu.net\/wordpress\/wp-content\/uploads\/2024\/11\/WhatsApp-Video-2024-11-09-at-14.09.08.mp4<\/a><\/video><\/div>\n<p>&nbsp;<\/p>\n<hr \/>\n<p>&nbsp;<\/p>\n<p>&nbsp;<\/p>\n<blockquote>\n<h3>UNA BUONA PARTECIPAZIONE ALL&#8217;OPEN DAY VACCINALE IN PROVINCIA<\/h3>\n<\/blockquote>\n<p><strong>BELLUNO<\/strong> Durante l\u2019open day dedicato alle vaccinazioni antinfluenzali e anticovid, sono state somministrate complessivamente 355 dosi di vaccino antinfluenzale e 204 di vaccino anti Covid nei quattro punti vaccinali di Cencenighe, Tai, Salce e Feltre. L\u2019iniziativa ha visto una partecipazione significativa della comunit\u00e0, sottolineando l\u2019importanza della prevenzione stagionale e della protezione contro il Covid-19.<\/p>\n\n\t\t\t<style type='text\/css'>\n\t\t\t\t#gallery-1 {\n\t\t\t\t\tmargin: auto;\n\t\t\t\t}\n\t\t\t\t#gallery-1 .gallery-item {\n\t\t\t\t\tfloat: left;\n\t\t\t\t\tmargin-top: 10px;\n\t\t\t\t\ttext-align: center;\n\t\t\t\t\twidth: 25%;\n\t\t\t\t}\n\t\t\t\t#gallery-1 img {\n\t\t\t\t\tborder: 2px solid #cfcfcf;\n\t\t\t\t}\n\t\t\t\t#gallery-1 .gallery-caption {\n\t\t\t\t\tmargin-left: 0;\n\t\t\t\t}\n\t\t\t\t\/* see gallery_shortcode() in wp-includes\/media.php *\/\n\t\t\t<\/style>\n\t\t<div id='gallery-1' class='dt-gallery-container gallery galleryid-418867 gallery-columns-4 gallery-size-thumbnail'><dl class='gallery-item'>\n\t\t\t\t<dt class='gallery-icon landscape'>\n\t\t\t\t\t<a class=\"rollover rollover-zoom dt-pswp-item\" title=\"IMG-20241109-WA0031\" data-dt-img-description=\"\" data-large_image_width=\"1600\" data-large_image_height=\"900\"href='https:\/\/www.radiopiu.net\/wordpress\/wp-content\/uploads\/2024\/11\/IMG-20241109-WA0031.jpg'><img loading=\"lazy\" decoding=\"async\" width=\"150\" height=\"150\" src=\"https:\/\/www.radiopiu.net\/wordpress\/wp-content\/uploads\/2024\/11\/IMG-20241109-WA0031-150x150.jpg\" class=\"attachment-thumbnail size-thumbnail\" alt=\"\" \/><\/a>\n\t\t\t\t<\/dt><\/dl><dl class='gallery-item'>\n\t\t\t\t<dt class='gallery-icon landscape'>\n\t\t\t\t\t<a class=\"rollover rollover-zoom dt-pswp-item\" title=\"IMG-20241109-WA0030\" data-dt-img-description=\"\" data-large_image_width=\"1600\" data-large_image_height=\"1200\"href='https:\/\/www.radiopiu.net\/wordpress\/wp-content\/uploads\/2024\/11\/IMG-20241109-WA0030.jpg'><img loading=\"lazy\" decoding=\"async\" width=\"150\" height=\"150\" src=\"https:\/\/www.radiopiu.net\/wordpress\/wp-content\/uploads\/2024\/11\/IMG-20241109-WA0030-150x150.jpg\" class=\"attachment-thumbnail size-thumbnail\" alt=\"\" \/><\/a>\n\t\t\t\t<\/dt><\/dl><dl class='gallery-item'>\n\t\t\t\t<dt class='gallery-icon landscape'>\n\t\t\t\t\t<a class=\"rollover rollover-zoom dt-pswp-item\" title=\"IMG-20241109-WA0032\" data-dt-img-description=\"\" data-large_image_width=\"1600\" data-large_image_height=\"900\"href='https:\/\/www.radiopiu.net\/wordpress\/wp-content\/uploads\/2024\/11\/IMG-20241109-WA0032.jpg'><img loading=\"lazy\" decoding=\"async\" width=\"150\" height=\"150\" src=\"https:\/\/www.radiopiu.net\/wordpress\/wp-content\/uploads\/2024\/11\/IMG-20241109-WA0032-150x150.jpg\" class=\"attachment-thumbnail size-thumbnail\" alt=\"\" \/><\/a>\n\t\t\t\t<\/dt><\/dl><dl class='gallery-item'>\n\t\t\t\t<dt class='gallery-icon landscape'>\n\t\t\t\t\t<a class=\"rollover rollover-zoom dt-pswp-item\" title=\"IMG-20241109-WA0026\" data-dt-img-description=\"\" data-large_image_width=\"1600\" data-large_image_height=\"1114\"href='https:\/\/www.radiopiu.net\/wordpress\/wp-content\/uploads\/2024\/11\/IMG-20241109-WA0026.jpg'><img loading=\"lazy\" decoding=\"async\" width=\"150\" height=\"150\" src=\"https:\/\/www.radiopiu.net\/wordpress\/wp-content\/uploads\/2024\/11\/IMG-20241109-WA0026-150x150.jpg\" class=\"attachment-thumbnail size-thumbnail\" alt=\"\" \/><\/a>\n\t\t\t\t<\/dt><\/dl><br style=\"clear: both\" \/>\n\t\t\t<\/div>\n\n<p>&nbsp;<\/p>\n<p>&nbsp;<\/p>\n<hr \/>\n<p>&nbsp;<\/p>\n<blockquote>\n<h3>LA TRADIZIONE DI SAN MARTIN TRA DOLCI, CASTAGNATE E LA CANZONE A TEMA DEI TIRATAIE<\/h3>\n<\/blockquote>\n<p><strong>REDAZIONE<\/strong> Le tradizioni non vengono dimenticate in Agordino. Anche quest&#8217;anno i bambini, ma non solo, hanno girato le case per cantare San Martin. Una tradizione che viene tramandata da anni e ogni paese ha la sua cantilena o la sua canzone da cantare alla porta dei paesani che, dopo l&#8217;esibizione, regalano dolci ai bambini. Ci sono anche le castagnate con le persone che organizzano all&#8217;aperto con un bel bicchiere di vin brul\u00e8, come \u00e8 successo a Chenet di Cencenighe o a Rif di Agordo ma anche a Listolade di Taibon. Anche i Tirataie non si sono dimenticati di san Martin, pubblicando il video di una canzone a tema sulle note de &#8220;Il Pescatore&#8221; di Fabrizio De Andr\u00e8.<\/p>\n\n\t\t\t<style type='text\/css'>\n\t\t\t\t#gallery-2 {\n\t\t\t\t\tmargin: auto;\n\t\t\t\t}\n\t\t\t\t#gallery-2 .gallery-item {\n\t\t\t\t\tfloat: left;\n\t\t\t\t\tmargin-top: 10px;\n\t\t\t\t\ttext-align: center;\n\t\t\t\t\twidth: 25%;\n\t\t\t\t}\n\t\t\t\t#gallery-2 img {\n\t\t\t\t\tborder: 2px solid #cfcfcf;\n\t\t\t\t}\n\t\t\t\t#gallery-2 .gallery-caption {\n\t\t\t\t\tmargin-left: 0;\n\t\t\t\t}\n\t\t\t\t\/* see gallery_shortcode() in wp-includes\/media.php *\/\n\t\t\t<\/style>\n\t\t<div id='gallery-2' class='dt-gallery-container gallery galleryid-418867 gallery-columns-4 gallery-size-thumbnail'><dl class='gallery-item'>\n\t\t\t\t<dt class='gallery-icon landscape'>\n\t\t\t\t\t<a class=\"rollover\" href='https:\/\/www.radiopiu.net\/wordpress\/la-tradizione-di-san-martin-tra-dolci-castagnate-e-la-canzone-a-tema-dei-tirataie\/f35b3b39-a4a4-4a62-8f10-42071c0c1e97\/'><img loading=\"lazy\" decoding=\"async\" width=\"150\" height=\"150\" src=\"https:\/\/www.radiopiu.net\/wordpress\/wp-content\/uploads\/2024\/11\/f35b3b39-a4a4-4a62-8f10-42071c0c1e97-150x150.jpg\" class=\"attachment-thumbnail size-thumbnail\" alt=\"\" aria-describedby=\"gallery-2-419043\" \/><\/a>\n\t\t\t\t<\/dt>\n\t\t\t\t\t<dd class='wp-caption-text gallery-caption' id='gallery-2-419043'>\n\t\t\t\t\tCHENET DI CENCENIGHE\n\t\t\t\t\t<\/dd><\/dl><dl class='gallery-item'>\n\t\t\t\t<dt class='gallery-icon landscape'>\n\t\t\t\t\t<a class=\"rollover\" href='https:\/\/www.radiopiu.net\/wordpress\/la-tradizione-di-san-martin-tra-dolci-castagnate-e-la-canzone-a-tema-dei-tirataie\/3aeb9400-abe2-4595-9d9e-2b60bad2ed10\/'><img loading=\"lazy\" decoding=\"async\" width=\"150\" height=\"150\" src=\"https:\/\/www.radiopiu.net\/wordpress\/wp-content\/uploads\/2024\/11\/3aeb9400-abe2-4595-9d9e-2b60bad2ed10-150x150.jpg\" class=\"attachment-thumbnail size-thumbnail\" alt=\"\" aria-describedby=\"gallery-2-419073\" \/><\/a>\n\t\t\t\t<\/dt>\n\t\t\t\t\t<dd class='wp-caption-text gallery-caption' id='gallery-2-419073'>\n\t\t\t\t\tCHENET DI CENCENIGHE 2\n\t\t\t\t\t<\/dd><\/dl><dl class='gallery-item'>\n\t\t\t\t<dt class='gallery-icon landscape'>\n\t\t\t\t\t<a class=\"rollover\" href='https:\/\/www.radiopiu.net\/wordpress\/la-tradizione-di-san-martin-tra-dolci-castagnate-e-la-canzone-a-tema-dei-tirataie\/0068859d-98ea-49cf-b24f-76d6354bb6e5\/'><img loading=\"lazy\" decoding=\"async\" width=\"150\" height=\"150\" src=\"https:\/\/www.radiopiu.net\/wordpress\/wp-content\/uploads\/2024\/11\/0068859d-98ea-49cf-b24f-76d6354bb6e5-150x150.jpg\" class=\"attachment-thumbnail size-thumbnail\" alt=\"\" aria-describedby=\"gallery-2-419049\" \/><\/a>\n\t\t\t\t<\/dt>\n\t\t\t\t\t<dd class='wp-caption-text gallery-caption' id='gallery-2-419049'>\n\t\t\t\t\tLISTOLADE 1\n\t\t\t\t\t<\/dd><\/dl><dl class='gallery-item'>\n\t\t\t\t<dt class='gallery-icon landscape'>\n\t\t\t\t\t<a class=\"rollover\" href='https:\/\/www.radiopiu.net\/wordpress\/la-tradizione-di-san-martin-tra-dolci-castagnate-e-la-canzone-a-tema-dei-tirataie\/5293fde9-a2da-4620-8120-7bc94d35160d\/'><img loading=\"lazy\" decoding=\"async\" width=\"150\" height=\"150\" src=\"https:\/\/www.radiopiu.net\/wordpress\/wp-content\/uploads\/2024\/11\/5293fde9-a2da-4620-8120-7bc94d35160d-150x150.jpg\" class=\"attachment-thumbnail size-thumbnail\" alt=\"\" aria-describedby=\"gallery-2-419050\" \/><\/a>\n\t\t\t\t<\/dt>\n\t\t\t\t\t<dd class='wp-caption-text gallery-caption' id='gallery-2-419050'>\n\t\t\t\t\tLISTOLADE 2\n\t\t\t\t\t<\/dd><\/dl><br style=\"clear: both\" \/>\n\t\t\t<\/div>\n\n<p>&nbsp;<\/p>\n<p><strong>IL VIDEO DEI TIRATAIE<\/strong><\/p>\n<p>https:\/\/youtu.be\/SLHVt7UxFks?si=H64dzMim_ktERMEE<\/p>\n<p>&nbsp;<\/p>\n<hr \/>\n<p>&nbsp;<\/p>\n<p>&nbsp;<\/p>\n<blockquote>\n<h3>DILLO A RADIO PIU&#8217; . . .Il Bidoncino Invisibile<\/h3>\n<\/blockquote>\n<p><img loading=\"lazy\" decoding=\"async\" class=\"alignleft\" src=\"https:\/\/www.radiopiu.net\/wordpress\/wp-content\/uploads\/2024\/11\/Senza-nome-48.png\" width=\"227\" height=\"126\" \/>Stefania, residente a San Tomaso, in una via in cui l&#8217;umido sfida le leggi della fisica e diventa invisibile, ha raccontato a RADIOPI\u00d9 l&#8217;ennesima epica battaglia con il bidoncino marroncino che, per qualche misteriosa ragione, resta non raccolto dagli uomini della Valpe. Forse,\u00a0 fosse fucsia fluorescente, anzich\u00e8 marroncino andante come l&#8217;ambiente circostante&#8230;<\/p>\n<p>E cos\u00ec, tra un sospiro e una scrollata di spalle, Stefania spiega come il suo umido sia finito ancora una volta sotto ad uno scalone esterno, non tra le mura domestiche dove vi rimarr\u00e0 per quattro giorni <em>&#8220;Infatti &#8211; dice Stefania &#8211; mica \u00e8 previsto il recupero anche&#8221;<\/em>. La prossima sfida? Tenere lontani gli animali selvatici, perch\u00e9 nessun procione resiste a un piatto di avanzi su uno scalone, il lupo in mancanza di pecore, asini, cervi, ne va comunque ghiotto e si sfama in parte senza grandi fatiche. E se proprio non si pu\u00f2 evitare, Stefania consiglia un deposito per le &#8220;raccolte mancate&#8221;.<\/p>\n<p>__Valpe dicendomi che&#8217; segnalava per fare un recupero oggi ( in tutti questi anni i recuperi su segnalazione non vengono mai effettuati prima della successiva raccolta da calendario) .io mi ritrovo un esubero molto pesante e dovr\u00f2 attendere 4 giorni prima che recuperino &#8230;&#8221;<\/p>\n<p>&nbsp;<\/p>\n<p>&nbsp;<\/p>\n<hr \/>\n<p>&nbsp;<\/p>\n<blockquote>\n<h3>LA FAMIGLIA MONTE PIZZOCCO RENDE OMAGGIO AGLI EMIGRANTI BELLUNESI<\/h3>\n<\/blockquote>\n<p><strong><a class=\"dt-pswp-item\" href=\"https:\/\/www.radiopiu.net\/wordpress\/wp-content\/uploads\/2024\/11\/IMG-20241110-WA0010.jpg\" data-dt-img-description=\"\" data-large_image_width=\"2000\" data-large_image_height=\"1125\"><img loading=\"lazy\" decoding=\"async\" class=\" wp-image-419036 alignleft\" src=\"https:\/\/www.radiopiu.net\/wordpress\/wp-content\/uploads\/2024\/11\/IMG-20241110-WA0010-300x169.jpg\" alt=\"\" width=\"218\" height=\"123\" srcset=\"https:\/\/www.radiopiu.net\/wordpress\/wp-content\/uploads\/2024\/11\/IMG-20241110-WA0010-300x169.jpg 300w, https:\/\/www.radiopiu.net\/wordpress\/wp-content\/uploads\/2024\/11\/IMG-20241110-WA0010-1024x576.jpg 1024w, https:\/\/www.radiopiu.net\/wordpress\/wp-content\/uploads\/2024\/11\/IMG-20241110-WA0010-768x432.jpg 768w, https:\/\/www.radiopiu.net\/wordpress\/wp-content\/uploads\/2024\/11\/IMG-20241110-WA0010-1536x864.jpg 1536w, https:\/\/www.radiopiu.net\/wordpress\/wp-content\/uploads\/2024\/11\/IMG-20241110-WA0010.jpg 2000w\" sizes=\"auto, (max-width: 218px) 100vw, 218px\" \/><\/a>CESIOMAGGIORE<\/strong> A Cesiomaggiore si \u00e8 tenuta la giornata \u201cPer non dimenticare\u201d, organizzata dalla Famiglia Ex Emigranti \u201cMonte Pizzocco\u201d con il supporto dell\u2019Associazione Bellunesi nel Mondo, per onorare la memoria degli emigranti bellunesi. L&#8217;evento ha radunato cittadini, amministratori e rappresentanti locali, iniziando con la Santa Messa e proseguendo con discorsi presso il monumento agli emigranti. Marco Perot, presidente della Famiglia, ha ricordato il sacrificio di chi part\u00ec in cerca di opportunit\u00e0, spesso senza fare ritorno. La vice sindaca Martina Stach e il presidente Oscar De Bona hanno sottolineato l\u2019importanza di preservare questo ricordo, mentre i sindaci dei comuni \u201cMonte Pizzocco\u201d e le Famiglie Ex Emigranti hanno reso omaggio al legame tra le comunit\u00e0 e la storia migratoria della provincia di Belluno.<\/p>\n<p>&nbsp;<\/p>\n<p>&nbsp;<\/p>\n<hr \/>\n<p>&nbsp;<\/p>\n<blockquote>\n<h3>IL PRIMO OPEN DAY ALL&#8217;ISTITUTO FOLLADOR DE ROSSI<\/h3>\n<\/blockquote>\n<p><strong>DI MARINA DONA&#8217;<\/strong><\/p>\n<p><strong>AGORDO<\/strong> All&#8217;istituto istruzione superiore Follador De Rossi nelle sedi di Agordo e Falcade, sabato 9 novembre 2024, c&#8217;\u00e8 stato il primo appuntamento dei quattro programmati di &#8220;Scuole aperte&#8221; 2024\/25. Ragazzi delle terze medie che con i genitori visitano la scuola incontrando dirigenti o collaboratori, docenti o personale ATA, che sono a disposizione per domande e chiarimenti su una possibile scelta di indirizzo di studio.<br \/>\nI prossimi appuntamenti di &#8220;Scuole aperte&#8221;, 23 novembre 2024, 14 dicembre 2024 e 11 gennaio 2025.<\/p>\n\n\t\t\t<style type='text\/css'>\n\t\t\t\t#gallery-3 {\n\t\t\t\t\tmargin: auto;\n\t\t\t\t}\n\t\t\t\t#gallery-3 .gallery-item {\n\t\t\t\t\tfloat: left;\n\t\t\t\t\tmargin-top: 10px;\n\t\t\t\t\ttext-align: center;\n\t\t\t\t\twidth: 20%;\n\t\t\t\t}\n\t\t\t\t#gallery-3 img {\n\t\t\t\t\tborder: 2px solid #cfcfcf;\n\t\t\t\t}\n\t\t\t\t#gallery-3 .gallery-caption {\n\t\t\t\t\tmargin-left: 0;\n\t\t\t\t}\n\t\t\t\t\/* see gallery_shortcode() in wp-includes\/media.php *\/\n\t\t\t<\/style>\n\t\t<div id='gallery-3' class='dt-gallery-container gallery galleryid-418867 gallery-columns-5 gallery-size-thumbnail'><dl class='gallery-item'>\n\t\t\t\t<dt class='gallery-icon landscape'>\n\t\t\t\t\t<a class=\"rollover rollover-zoom dt-pswp-item\" title=\"a36108ab-438d-4af9-a5ac-3d3c3ed3c2fe\" data-dt-img-description=\"\" data-large_image_width=\"1600\" data-large_image_height=\"1200\"href='https:\/\/www.radiopiu.net\/wordpress\/wp-content\/uploads\/2024\/11\/a36108ab-438d-4af9-a5ac-3d3c3ed3c2fe.jpg'><img loading=\"lazy\" decoding=\"async\" width=\"150\" height=\"150\" src=\"https:\/\/www.radiopiu.net\/wordpress\/wp-content\/uploads\/2024\/11\/a36108ab-438d-4af9-a5ac-3d3c3ed3c2fe-150x150.jpg\" class=\"attachment-thumbnail size-thumbnail\" alt=\"\" \/><\/a>\n\t\t\t\t<\/dt><\/dl><dl class='gallery-item'>\n\t\t\t\t<dt class='gallery-icon landscape'>\n\t\t\t\t\t<a class=\"rollover rollover-zoom dt-pswp-item\" title=\"57c03255-3993-4333-a846-0d2dbb4654f6\" data-dt-img-description=\"\" data-large_image_width=\"1599\" data-large_image_height=\"1186\"href='https:\/\/www.radiopiu.net\/wordpress\/wp-content\/uploads\/2024\/11\/57c03255-3993-4333-a846-0d2dbb4654f6.jpg'><img loading=\"lazy\" decoding=\"async\" width=\"150\" height=\"150\" src=\"https:\/\/www.radiopiu.net\/wordpress\/wp-content\/uploads\/2024\/11\/57c03255-3993-4333-a846-0d2dbb4654f6-150x150.jpg\" class=\"attachment-thumbnail size-thumbnail\" alt=\"\" \/><\/a>\n\t\t\t\t<\/dt><\/dl><dl class='gallery-item'>\n\t\t\t\t<dt class='gallery-icon landscape'>\n\t\t\t\t\t<a class=\"rollover rollover-zoom dt-pswp-item\" title=\"67ec3799-846b-4fff-bd4f-0c4f58ed1a90\" data-dt-img-description=\"\" data-large_image_width=\"1600\" data-large_image_height=\"1200\"href='https:\/\/www.radiopiu.net\/wordpress\/wp-content\/uploads\/2024\/11\/67ec3799-846b-4fff-bd4f-0c4f58ed1a90.jpg'><img loading=\"lazy\" decoding=\"async\" width=\"150\" height=\"150\" src=\"https:\/\/www.radiopiu.net\/wordpress\/wp-content\/uploads\/2024\/11\/67ec3799-846b-4fff-bd4f-0c4f58ed1a90-150x150.jpg\" class=\"attachment-thumbnail size-thumbnail\" alt=\"\" \/><\/a>\n\t\t\t\t<\/dt><\/dl><dl class='gallery-item'>\n\t\t\t\t<dt class='gallery-icon landscape'>\n\t\t\t\t\t<a class=\"rollover rollover-zoom dt-pswp-item\" title=\"990b0919-8a26-4ba8-952f-7ea04841869f\" data-dt-img-description=\"\" data-large_image_width=\"1600\" data-large_image_height=\"1200\"href='https:\/\/www.radiopiu.net\/wordpress\/wp-content\/uploads\/2024\/11\/990b0919-8a26-4ba8-952f-7ea04841869f.jpg'><img loading=\"lazy\" decoding=\"async\" width=\"150\" height=\"150\" src=\"https:\/\/www.radiopiu.net\/wordpress\/wp-content\/uploads\/2024\/11\/990b0919-8a26-4ba8-952f-7ea04841869f-150x150.jpg\" class=\"attachment-thumbnail size-thumbnail\" alt=\"\" \/><\/a>\n\t\t\t\t<\/dt><\/dl><dl class='gallery-item'>\n\t\t\t\t<dt class='gallery-icon landscape'>\n\t\t\t\t\t<a class=\"rollover rollover-zoom dt-pswp-item\" title=\"e891ba71-1ec9-4501-9a03-025fe21e734a\" data-dt-img-description=\"\" data-large_image_width=\"1600\" data-large_image_height=\"1200\"href='https:\/\/www.radiopiu.net\/wordpress\/wp-content\/uploads\/2024\/11\/e891ba71-1ec9-4501-9a03-025fe21e734a.jpg'><img loading=\"lazy\" decoding=\"async\" width=\"150\" height=\"150\" src=\"https:\/\/www.radiopiu.net\/wordpress\/wp-content\/uploads\/2024\/11\/e891ba71-1ec9-4501-9a03-025fe21e734a-150x150.jpg\" class=\"attachment-thumbnail size-thumbnail\" alt=\"\" \/><\/a>\n\t\t\t\t<\/dt><\/dl><br style=\"clear: both\" \/><dl class='gallery-item'>\n\t\t\t\t<dt class='gallery-icon landscape'>\n\t\t\t\t\t<a class=\"rollover rollover-zoom dt-pswp-item\" title=\"c412c746-1b1a-4245-88cb-3ddcea798cde\" data-dt-img-description=\"\" data-large_image_width=\"1600\" data-large_image_height=\"1200\"href='https:\/\/www.radiopiu.net\/wordpress\/wp-content\/uploads\/2024\/11\/c412c746-1b1a-4245-88cb-3ddcea798cde.jpg'><img loading=\"lazy\" decoding=\"async\" width=\"150\" height=\"150\" src=\"https:\/\/www.radiopiu.net\/wordpress\/wp-content\/uploads\/2024\/11\/c412c746-1b1a-4245-88cb-3ddcea798cde-150x150.jpg\" class=\"attachment-thumbnail size-thumbnail\" alt=\"\" \/><\/a>\n\t\t\t\t<\/dt><\/dl><dl class='gallery-item'>\n\t\t\t\t<dt class='gallery-icon landscape'>\n\t\t\t\t\t<a class=\"rollover rollover-zoom dt-pswp-item\" title=\"b5fc17e3-a580-4b30-b91e-6cb5b2f87c2c\" data-dt-img-description=\"\" data-large_image_width=\"1600\" data-large_image_height=\"1200\"href='https:\/\/www.radiopiu.net\/wordpress\/wp-content\/uploads\/2024\/11\/b5fc17e3-a580-4b30-b91e-6cb5b2f87c2c.jpg'><img loading=\"lazy\" decoding=\"async\" width=\"150\" height=\"150\" src=\"https:\/\/www.radiopiu.net\/wordpress\/wp-content\/uploads\/2024\/11\/b5fc17e3-a580-4b30-b91e-6cb5b2f87c2c-150x150.jpg\" class=\"attachment-thumbnail size-thumbnail\" alt=\"\" \/><\/a>\n\t\t\t\t<\/dt><\/dl><dl class='gallery-item'>\n\t\t\t\t<dt class='gallery-icon landscape'>\n\t\t\t\t\t<a class=\"rollover rollover-zoom dt-pswp-item\" title=\"f2254582-438a-4311-b8e7-58e917c3ce8b\" data-dt-img-description=\"\" data-large_image_width=\"1600\" data-large_image_height=\"1200\"href='https:\/\/www.radiopiu.net\/wordpress\/wp-content\/uploads\/2024\/11\/f2254582-438a-4311-b8e7-58e917c3ce8b.jpg'><img loading=\"lazy\" decoding=\"async\" width=\"150\" height=\"150\" src=\"https:\/\/www.radiopiu.net\/wordpress\/wp-content\/uploads\/2024\/11\/f2254582-438a-4311-b8e7-58e917c3ce8b-150x150.jpg\" class=\"attachment-thumbnail size-thumbnail\" alt=\"\" \/><\/a>\n\t\t\t\t<\/dt><\/dl><dl class='gallery-item'>\n\t\t\t\t<dt class='gallery-icon landscape'>\n\t\t\t\t\t<a class=\"rollover rollover-zoom dt-pswp-item\" title=\"ac21b9c8-cd0d-4a68-916a-e7d5f8e5e132\" data-dt-img-description=\"\" data-large_image_width=\"1600\" data-large_image_height=\"1200\"href='https:\/\/www.radiopiu.net\/wordpress\/wp-content\/uploads\/2024\/11\/ac21b9c8-cd0d-4a68-916a-e7d5f8e5e132.jpg'><img loading=\"lazy\" decoding=\"async\" width=\"150\" height=\"150\" src=\"https:\/\/www.radiopiu.net\/wordpress\/wp-content\/uploads\/2024\/11\/ac21b9c8-cd0d-4a68-916a-e7d5f8e5e132-150x150.jpg\" class=\"attachment-thumbnail size-thumbnail\" alt=\"\" \/><\/a>\n\t\t\t\t<\/dt><\/dl><dl class='gallery-item'>\n\t\t\t\t<dt class='gallery-icon landscape'>\n\t\t\t\t\t<a class=\"rollover rollover-zoom dt-pswp-item\" title=\"4ce253f9-a339-4100-a37f-3ada62d769a3\" data-dt-img-description=\"\" data-large_image_width=\"1600\" data-large_image_height=\"1200\"href='https:\/\/www.radiopiu.net\/wordpress\/wp-content\/uploads\/2024\/11\/4ce253f9-a339-4100-a37f-3ada62d769a3.jpg'><img loading=\"lazy\" decoding=\"async\" width=\"150\" height=\"150\" src=\"https:\/\/www.radiopiu.net\/wordpress\/wp-content\/uploads\/2024\/11\/4ce253f9-a339-4100-a37f-3ada62d769a3-150x150.jpg\" class=\"attachment-thumbnail size-thumbnail\" alt=\"\" \/><\/a>\n\t\t\t\t<\/dt><\/dl><br style=\"clear: both\" \/>\n\t\t\t<\/div>\n\n<p>&nbsp;<\/p>\n<div style=\"width: 848px;\" class=\"wp-video\"><video class=\"wp-video-shortcode\" id=\"video-418867-2\" width=\"848\" height=\"480\" preload=\"metadata\" controls=\"controls\"><source type=\"video\/mp4\" src=\"https:\/\/www.radiopiu.net\/wordpress\/wp-content\/uploads\/2024\/11\/WhatsApp-Video-2024-11-10-at-10.37.54.mp4?_=2\" \/><a href=\"https:\/\/www.radiopiu.net\/wordpress\/wp-content\/uploads\/2024\/11\/WhatsApp-Video-2024-11-10-at-10.37.54.mp4\">https:\/\/www.radiopiu.net\/wordpress\/wp-content\/uploads\/2024\/11\/WhatsApp-Video-2024-11-10-at-10.37.54.mp4<\/a><\/video><\/div>\n<p>&nbsp;<\/p>\n<hr \/>\n<p>&nbsp;<\/p>\n<blockquote>\n<h3>A CAVIOLA LA SERATA CON MAURO VALT<\/h3>\n<\/blockquote>\n<p><strong>FALCADE<\/strong> Venerd\u00ec sera, alla Casa della Giovent\u00f9 di Caviola, una sala gremita, anche di giovani, ha accolto Mauro Valt, esperto di neve e valanghe di ARPAV, per un incontro di grande interesse. Valt ha condiviso le sue conoscenze scientifiche su neve e valanghe, temi cruciali per il territorio montano, e ha fornito consigli su comportamenti da adottare per contribuire alla tutela del pianeta. La serata ha offerto ai presenti spunti pratici e riflessioni su come gestire e preservare l\u2019ambiente naturale.<\/p>\n\n\t\t\t<style type='text\/css'>\n\t\t\t\t#gallery-4 {\n\t\t\t\t\tmargin: auto;\n\t\t\t\t}\n\t\t\t\t#gallery-4 .gallery-item {\n\t\t\t\t\tfloat: left;\n\t\t\t\t\tmargin-top: 10px;\n\t\t\t\t\ttext-align: center;\n\t\t\t\t\twidth: 33%;\n\t\t\t\t}\n\t\t\t\t#gallery-4 img {\n\t\t\t\t\tborder: 2px solid #cfcfcf;\n\t\t\t\t}\n\t\t\t\t#gallery-4 .gallery-caption {\n\t\t\t\t\tmargin-left: 0;\n\t\t\t\t}\n\t\t\t\t\/* see gallery_shortcode() in wp-includes\/media.php *\/\n\t\t\t<\/style>\n\t\t<div id='gallery-4' class='dt-gallery-container gallery galleryid-418867 gallery-columns-3 gallery-size-thumbnail'><dl class='gallery-item'>\n\t\t\t\t<dt class='gallery-icon portrait'>\n\t\t\t\t\t<a class=\"rollover rollover-zoom dt-pswp-item\" title=\"7bcaa64c-bced-4d1e-920b-3ca3441a2fe6\" data-dt-img-description=\"\" data-large_image_width=\"1536\" data-large_image_height=\"2048\"href='https:\/\/www.radiopiu.net\/wordpress\/wp-content\/uploads\/2024\/11\/7bcaa64c-bced-4d1e-920b-3ca3441a2fe6.jpg'><img loading=\"lazy\" decoding=\"async\" width=\"150\" height=\"150\" src=\"https:\/\/www.radiopiu.net\/wordpress\/wp-content\/uploads\/2024\/11\/7bcaa64c-bced-4d1e-920b-3ca3441a2fe6-150x150.jpg\" class=\"attachment-thumbnail size-thumbnail\" alt=\"\" \/><\/a>\n\t\t\t\t<\/dt><\/dl><dl class='gallery-item'>\n\t\t\t\t<dt class='gallery-icon portrait'>\n\t\t\t\t\t<a class=\"rollover rollover-zoom dt-pswp-item\" title=\"87797c5a-da83-4a8d-a391-28fc9ce11d7b\" data-dt-img-description=\"\" data-large_image_width=\"1200\" data-large_image_height=\"1600\"href='https:\/\/www.radiopiu.net\/wordpress\/wp-content\/uploads\/2024\/11\/87797c5a-da83-4a8d-a391-28fc9ce11d7b.jpg'><img loading=\"lazy\" decoding=\"async\" width=\"150\" height=\"150\" src=\"https:\/\/www.radiopiu.net\/wordpress\/wp-content\/uploads\/2024\/11\/87797c5a-da83-4a8d-a391-28fc9ce11d7b-150x150.jpg\" class=\"attachment-thumbnail size-thumbnail\" alt=\"\" \/><\/a>\n\t\t\t\t<\/dt><\/dl><dl class='gallery-item'>\n\t\t\t\t<dt class='gallery-icon landscape'>\n\t\t\t\t\t<a class=\"rollover rollover-zoom dt-pswp-item\" title=\"a4ec48ab-2163-4cb8-9f82-f77d6a109e5c\" data-dt-img-description=\"\" data-large_image_width=\"1600\" data-large_image_height=\"1200\"href='https:\/\/www.radiopiu.net\/wordpress\/wp-content\/uploads\/2024\/11\/a4ec48ab-2163-4cb8-9f82-f77d6a109e5c.jpg'><img loading=\"lazy\" decoding=\"async\" width=\"150\" height=\"150\" src=\"https:\/\/www.radiopiu.net\/wordpress\/wp-content\/uploads\/2024\/11\/a4ec48ab-2163-4cb8-9f82-f77d6a109e5c-150x150.jpg\" class=\"attachment-thumbnail size-thumbnail\" alt=\"\" \/><\/a>\n\t\t\t\t<\/dt><\/dl><br style=\"clear: both\" \/>\n\t\t\t<\/div>\n\n<p>&nbsp;<\/p>\n<hr \/>\n<p>&nbsp;<\/p>\n<blockquote>\n<h3>IL LIONS CLUB BELLUNO RINNOVA CON I FRATI DI MUSSOI<\/h3>\n<\/blockquote>\n<p><a class=\"dt-pswp-item\" href=\"https:\/\/www.radiopiu.net\/wordpress\/wp-content\/uploads\/2024\/11\/SCR-20241109-jcqa.jpeg\" data-dt-img-description=\"Screenshot\" data-large_image_width=\"1056\" data-large_image_height=\"824\"><img loading=\"lazy\" decoding=\"async\" class=\"wp-image-418920 alignleft\" src=\"https:\/\/www.radiopiu.net\/wordpress\/wp-content\/uploads\/2024\/11\/SCR-20241109-jcqa-300x234.jpeg\" alt=\"\" width=\"140\" height=\"109\" srcset=\"https:\/\/www.radiopiu.net\/wordpress\/wp-content\/uploads\/2024\/11\/SCR-20241109-jcqa-300x234.jpeg 300w, https:\/\/www.radiopiu.net\/wordpress\/wp-content\/uploads\/2024\/11\/SCR-20241109-jcqa-1024x799.jpeg 1024w, https:\/\/www.radiopiu.net\/wordpress\/wp-content\/uploads\/2024\/11\/SCR-20241109-jcqa-768x599.jpeg 768w, https:\/\/www.radiopiu.net\/wordpress\/wp-content\/uploads\/2024\/11\/SCR-20241109-jcqa.jpeg 1056w\" sizes=\"auto, (max-width: 140px) 100vw, 140px\" \/><\/a><strong>BELLUNO<\/strong> Il Lions Club Belluno ha rinnovato il proprio sostegno all\u2019attivit\u00e0 dei Frati Cappuccini di Mussoi, impegnati nel supporto delle famiglie in difficolt\u00e0, con la donazione di buoni pasto per il supermercato Kanguro, consegnati dalla Presidente Laura Ripoli. Durante l&#8217;incontro, tenutosi nel convento di Belluno, si \u00e8 celebrata una messa per i soci defunti e si \u00e8 condiviso un pranzo comunitario in stile francescano. Padre Remigio ha parlato del tema della speranza, riflettendo sul Giubileo 2025 e sul messaggio di Papa Francesco: \u201cla speranza non delude.\u201d Laura Ripoli ha poi presentato un\u2019opera simbolica, &#8220;Il bambino di Gaza&#8221;, come invito a non perdere fiducia e a riconoscere il bene presente nel mondo, trasformando i segni dei tempi in speranza per il futuro.<\/p>\n<p>&nbsp;<\/p>\n<p>&nbsp;<\/p>\n<hr \/>\n<p>&nbsp;<\/p>\n<blockquote>\n<h3>IL CAMMINO RETICO A PEDAVENA<\/h3>\n<\/blockquote>\n<p><strong>PEDAVENA<\/strong> \u00c8 stato creato un nuovo percorso dedicato agli appassionati di ciclismo, in particolare a chi usa MTB, e-bike e gravel, che segue in parte il tracciato per camminatori. Il percorso \u00e8 impegnativo, con tratti tecnici, e offre un\u2019esperienza arricchente dal punto di vista naturalistico, storico e culturale. Progettato per adattarsi alle caratteristiche delle valli e ai fondi stradali, \u00e8 ideale per bici con coperture e rapporti adeguati per le salite. Durante una serata di presentazione, Renzo Possamai, sviluppatore del percorso, illustrer\u00e0 i dettagli del progetto, insieme a Stefano Meneghetti, creatore del sito Cammino Retico, che presenter\u00e0 lo sviluppo web associato. L&#8217;appuntamento \u00e8 per il 28 novembre alle 20:30<\/p>\n<p>&nbsp;<\/p>\n<p>&nbsp;<\/p>\n<hr \/>\n<p>&nbsp;<\/p>\n<p>&nbsp;<\/p>\n<p><img loading=\"lazy\" decoding=\"async\" class=\"alignleft\" src=\"https:\/\/www.radiopiu.net\/wordpress\/wp-content\/uploads\/2022\/05\/1928d5d7-b2fc-43d9-ad3c-022e2999fe12.jpg\" width=\"277\" height=\"156\" \/><\/p>\n<p><strong>RIVAMONTE<\/strong> <span style=\"color: #ff0000;\">Dall&#8217;11 novembre al 6 dicembre,<\/span> sabato e domenica compresi: interdizione totale alla circolazione stradale con deviazione sull&#8217;adiacente SP3 BIS Valle Imperina.<\/p>\n<p><strong>IN LOCALITA&#8217; PONTE ALTO, DOPO LA DEVIAZIONE DALLA REGIONALE 203 AGORDINA\u00a0<\/strong><\/p>\n<p>&nbsp;<\/p>\n<p>&nbsp;<\/p>\n<p>&nbsp;<\/p>\n<div dir=\"auto\">\n<hr \/>\n<div class=\"flex-shrink-0 flex flex-col relative items-end\">\n<div>\n<div class=\"pt-0\">\n<div class=\"gizmo-bot-avatar flex h-8 w-8 items-center justify-center overflow-hidden rounded-full\">\n<blockquote>\n<h2 class=\"relative p-1 rounded-sm flex items-center justify-center bg-token-main-surface-primary text-token-text-primary h-8 w-8\">Sp1 bis Madonna del Piave: Chiusura Totale per Lavori di Sicurezza<\/h2>\n<\/blockquote>\n<\/div>\n<\/div>\n<\/div>\n<\/div>\n<div class=\"group\/conversation-turn relative flex w-full min-w-0 flex-col agent-turn\">\n<div class=\"flex-col gap-1 md:gap-3\">\n<div class=\"flex max-w-full flex-col flex-grow\">\n<div class=\"min-h-8 text-message flex w-full flex-col items-end gap-2 whitespace-normal break-words [.text-message+&amp;]:mt-5\" dir=\"auto\" data-message-author-role=\"assistant\" data-message-id=\"eacaaabb-1987-4f34-839c-c1ea5110dcf8\" data-message-model-slug=\"gpt-4o\">\n<div class=\"flex w-full flex-col gap-1 empty:hidden first:pt-[3px]\">\n<div class=\"markdown prose w-full break-words dark:prose-invert dark\">\n<p><strong><a class=\"dt-pswp-item\" href=\"https:\/\/www.radiopiu.net\/wordpress\/wp-content\/uploads\/2024\/11\/6647e87d-5192-45a9-9aa8-169cf860255c-1.jpg\" data-dt-img-description=\"\" data-large_image_width=\"600\" data-large_image_height=\"800\"><img loading=\"lazy\" decoding=\"async\" class=\" wp-image-418324 alignleft\" src=\"https:\/\/www.radiopiu.net\/wordpress\/wp-content\/uploads\/2024\/11\/6647e87d-5192-45a9-9aa8-169cf860255c-1-225x300.jpg\" alt=\"\" width=\"116\" height=\"155\" srcset=\"https:\/\/www.radiopiu.net\/wordpress\/wp-content\/uploads\/2024\/11\/6647e87d-5192-45a9-9aa8-169cf860255c-1-225x300.jpg 225w, https:\/\/www.radiopiu.net\/wordpress\/wp-content\/uploads\/2024\/11\/6647e87d-5192-45a9-9aa8-169cf860255c-1.jpg 600w\" sizes=\"auto, (max-width: 116px) 100vw, 116px\" \/><\/a><\/strong><\/p>\n<p>&nbsp;<\/p>\n<p><strong>SETTEVILLE<\/strong> La strada provinciale Sp1 bis Madonna del Piave sar\u00e0 completamente chiusa al traffico dalle 9:00 di marted\u00ec 12 alle 17:00 di mercoled\u00ec 13, in corrispondenza della localit\u00e0 Caorera. La chiusura \u00e8 necessaria per effettuare la demolizione di una sporgenza rocciosa che rappresenta un potenziale pericolo per i veicoli in transito su questa importante arteria della sinistra Piave. L&#8217;intervento ha lo scopo di garantire la sicurezza degli utenti e prevenire possibili incidenti causati dalla caduta di detriti sulla carreggiata. Gli automobilisti sono invitati a pianificare percorsi alternativi e a prestare attenzione alla segnaletica stradale predisposta durante i lavori.<\/p>\n<\/div>\n<\/div>\n<\/div>\n<\/div>\n<\/div>\n<\/div>\n<p>&nbsp;<\/p>\n<p>&nbsp;<\/p>\n<hr \/>\n<\/div>\n<p>&nbsp;<\/p>\n<blockquote>\n<h3>CONCORDATO, MEZZO FLOP? SI, PERCHE\u2019 C\u2019E\u2019 MOLTA MENO EVASIONE DI QUELLA STIMATA<\/h3>\n<\/blockquote>\n<p><a class=\"dt-pswp-item\" href=\"https:\/\/www.radiopiu.net\/wordpress\/wp-content\/uploads\/2024\/11\/Schermata-2024-11-09-alle-10.06.10.png\" data-dt-img-description=\"\" data-large_image_width=\"1104\" data-large_image_height=\"1336\"><img loading=\"lazy\" decoding=\"async\" class=\"size-medium wp-image-418904 alignleft\" src=\"https:\/\/www.radiopiu.net\/wordpress\/wp-content\/uploads\/2024\/11\/Schermata-2024-11-09-alle-10.06.10-248x300.png\" alt=\"\" width=\"248\" height=\"300\" srcset=\"https:\/\/www.radiopiu.net\/wordpress\/wp-content\/uploads\/2024\/11\/Schermata-2024-11-09-alle-10.06.10-248x300.png 248w, https:\/\/www.radiopiu.net\/wordpress\/wp-content\/uploads\/2024\/11\/Schermata-2024-11-09-alle-10.06.10-846x1024.png 846w, https:\/\/www.radiopiu.net\/wordpress\/wp-content\/uploads\/2024\/11\/Schermata-2024-11-09-alle-10.06.10-768x929.png 768w, https:\/\/www.radiopiu.net\/wordpress\/wp-content\/uploads\/2024\/11\/Schermata-2024-11-09-alle-10.06.10.png 1104w\" sizes=\"auto, (max-width: 248px) 100vw, 248px\" \/><\/a>Per qualcuno pu\u00f2 sembrare una provocazione, per l\u2019Ufficio studi della CGIA, invece, costituisce la chiave di lettura che spiega il mezzo flop registrato dal Concordato preventivo biennale (Cpb).<\/p>\n<p><strong>I numeri dell\u2019insuccesso<\/strong><br \/>\nSecondo le prime indiscrezioni rilasciate dal Ministero dell\u2019Economia e delle Finanze (MEF), in Italia avrebbero sottoscritto il Cpb poco pi\u00f9 di 500mila partite Iva che dovrebbero assicurare all\u2019erario 1,3 miliardi di euro. A fronte di 4,5 milioni di lavoratori autonomi e di imprese potenzialmente interessate da questo strumento (di cui 1,8 milioni di forfettari e 2,7 milioni di operatori sottoposti agli Isa) (vedi dati regionali in Tab. 1), entro il 31 ottobre scorso avrebbero aderito solo l\u201911 per cento del totale. In merito alle entrate, invece, il concordato dovrebbe aver fruttato alle casse dello Stato 1,3 miliardi di euro, contro i 2 miliardi preventivati inizialmente. Pertanto, ogni soggetto che ha sottoscritto questo \u201cpatto\u201d con il fisco ha pagato mediamente 2.600 euro. In Veneto, invece, a fronte di quasi 395mila partite Iva e imprese potenzialmente interessate, si stima, in via molto prudenziale, che abbiano aderito al Cpb 60mila attivit\u00e0 (15,2 per cento circa del totale), garantendo all\u2019erario un gettito attorno ai 170 milioni di euro (vedi Tab. 2). Pertanto, se lo Stato incasser\u00e0 molto meno del previsto, non \u00e8 che per caso la dimensione economica dell\u2019evasione in capo agli autonomi sia abbondantemente sovrastimata?<\/p>\n<p><strong>Le stime \u201cinattendibili\u201d del MEF. Gli autonomi, almeno al Nord, non sono un popolo di evasori<\/strong><br \/>\nIn materia di evasione fiscale, molti autorevoli opinionisti citano spesso i dati del Ministero dell\u2019Economia e delle Finanze (MEF) che stimano in 82,4 miliardi di euro il tax gap delle entrate tributarie e contributive presenti in Italia. Entrando nel dettaglio di questa analisi, la tipologia di imposta pi\u00f9 evasa sarebbe l\u2019Irpef in capo ai lavoratori autonomi, per un importo pari a 29,5 miliardi di euro che corrisponde ad una propensione al gap nell\u2019imposta che da anni sfiora stabilmente il 70 per cento. Questo vuol dire, secondo gli estensori di questa elaborazione, che poco meno del 70 per cento dell\u2019Irpef non sarebbe versata all\u2019erario dai lavoratori autonomi. Non entriamo nel merito della metodologia di calcolo utilizzata, alquanto arzigogolata, ma ci limitiamo a dimostrare l\u2019 \u201cinattendibilit\u00e0\u201d di questo risultato. Secondo le dichiarazioni dei redditi dei lavoratori autonomi in contabilit\u00e0 semplificata del Nord (praticamente artigiani e commercianti), nell\u2019anno di imposta 2021 <a class=\"dt-pswp-item\" href=\"https:\/\/www.radiopiu.net\/wordpress\/wp-content\/uploads\/2024\/11\/Schermata-2024-11-09-alle-10.06.23.png\" data-dt-img-description=\"\" data-large_image_width=\"1170\" data-large_image_height=\"546\"><img loading=\"lazy\" decoding=\"async\" class=\"size-medium wp-image-418907 alignleft\" src=\"https:\/\/www.radiopiu.net\/wordpress\/wp-content\/uploads\/2024\/11\/Schermata-2024-11-09-alle-10.06.23-300x140.png\" alt=\"\" width=\"300\" height=\"140\" srcset=\"https:\/\/www.radiopiu.net\/wordpress\/wp-content\/uploads\/2024\/11\/Schermata-2024-11-09-alle-10.06.23-300x140.png 300w, https:\/\/www.radiopiu.net\/wordpress\/wp-content\/uploads\/2024\/11\/Schermata-2024-11-09-alle-10.06.23-1024x478.png 1024w, https:\/\/www.radiopiu.net\/wordpress\/wp-content\/uploads\/2024\/11\/Schermata-2024-11-09-alle-10.06.23-768x358.png 768w, https:\/\/www.radiopiu.net\/wordpress\/wp-content\/uploads\/2024\/11\/Schermata-2024-11-09-alle-10.06.23.png 1170w\" sizes=\"auto, (max-width: 300px) 100vw, 300px\" \/><\/a>hanno dichiarato mediamente 33 mila euro lordi. Segnaliamo che oltre il 70 per cento di queste partite Iva \u00e8 composto dal solo titolare dell\u2019azienda (in altre parole lavora da solo). Bene. Se, come sostengono i tecnici del MEF, queste attivit\u00e0 evadono quasi il 70 per cento dell\u2019Irpef, quanto dovrebbero dichiarare se fossero ligi alle richieste dell\u2019erario? Il 120 per cento in pi\u00f9, ovvero poco pi\u00f9 di 74 mila euro all\u2019anno. Ora, come possono \u201craggiungere\u201d nella realt\u00e0 una soglia di reddito cos\u00ec elevata se, come abbiamo appena detto, la stragrande maggioranza lavora da solo, quindi \u00e8 poco pi\u00f9 di un lavoratore dipendente, e al massimo pu\u00f2 lavorare 10-12 ore al giorno, senza contare che durante questa fascia oraria deve rapportarsi anche con i clienti, con i fornitori, con altre aziende, con il commercialista, con la banca, con l\u2019assicurazione e come tutti i comuni mortali pu\u00f2 infortunarsi, ammalarsi, etc., etc.? Ovviamente, nessuno pu\u00f2 nascondere che anche tra i lavoratori autonomi ci siano delle sacche di evasione che vanno assolutamente eliminate. Tuttavia, le stime messe a punto del MEF non convincono, anche alla luce del fatto che, per ragioni di natura tecnica, non includono il tax gap riconducibile agli autonomi esclusi dal pagamento dell\u2019Irap. Vale a dire quelli in regime dei \u201cminimi\u201d (1,8 milioni di soggetti), una buona parte delle imprese agricole, i professionisti privi di autonoma organizzazione e il settore dei servizi domestici. Complessivamente stiamo parlando di ben oltre la met\u00e0 dei lavoratori indipendenti presente nel nostro Paese. Ebbene, se fosse considerata anche l\u2019evasione di questi ultimi, che picco toccherebbe l\u2019infedelt\u00e0 fiscale degli autonomi? E\u2019 evidente che questi dati sono poco \u201cattendibili\u201d, ma quello che \u00e8 altrettanto insopportabile <a class=\"dt-pswp-item\" href=\"https:\/\/www.radiopiu.net\/wordpress\/wp-content\/uploads\/2024\/11\/Schermata-2024-11-09-alle-10.07.17.png\" data-dt-img-description=\"\" data-large_image_width=\"540\" data-large_image_height=\"1316\"><img loading=\"lazy\" decoding=\"async\" class=\"size-medium wp-image-418906 alignleft\" src=\"https:\/\/www.radiopiu.net\/wordpress\/wp-content\/uploads\/2024\/11\/Schermata-2024-11-09-alle-10.07.17-123x300.png\" alt=\"\" width=\"123\" height=\"300\" srcset=\"https:\/\/www.radiopiu.net\/wordpress\/wp-content\/uploads\/2024\/11\/Schermata-2024-11-09-alle-10.07.17-123x300.png 123w, https:\/\/www.radiopiu.net\/wordpress\/wp-content\/uploads\/2024\/11\/Schermata-2024-11-09-alle-10.07.17-420x1024.png 420w, https:\/\/www.radiopiu.net\/wordpress\/wp-content\/uploads\/2024\/11\/Schermata-2024-11-09-alle-10.07.17.png 540w\" sizes=\"auto, (max-width: 123px) 100vw, 123px\" \/><\/a>che molti opinionisti radical chic utilizzino queste stime per accusare gli autonomi di essere un popolo di evasori incalliti.<\/p>\n<p><strong>Nel Veneto gli autonomi in contabilit\u00e0 semplificata dichiarano il 43% in pi\u00f9 dei colleghi del Sud<\/strong><br \/>\nAnche osservando le dichiarazioni dei redditi degli imprenditori individuali e dei lavoratori autonomi in contabilit\u00e0 semplificata (regime fiscale che coinvolge la grandissima parte degli artigiani e dei piccoli commercianti) &#8211; spesso additati, ingiustamente, di essere una delle categorie professionali pi\u00f9 propense all\u2019evasione &#8211; le differenze reddituali sono profondissime. Se, mediamente, nel Veneto si dichiarano poco pi\u00f9 di 33 mila euro all\u2019anno, al Sud solo 23 mila. Questo vuol dire che nella nostra regione si dichiara il 43 per cento in pi\u00f9. Ovviamente questi divari sono sicuramente riconducibili alle diverse situazioni economiche e sociali presenti in queste aree. Tuttavia, ha una rilevanza non trascurabile anche l\u2019impatto dell\u2019evasione fiscale di sopravvivenza che nel Mezzogiorno ha dimensioni importanti. Analizzando i dati delle singole regioni, per quanto concerne le dichiarazioni dei redditi in contabilit\u00e0 semplificata, in Lombardia gli autonomi dichiarano 35.462 euro, in provincia di Trento 34.436 euro, in Veneto di 33.318 e in Friuli Venezia Giulia di 33.205 euro. Per contro, in Sicilia ci si attesta sui 23.946 euro, in Puglia sui 23.223 euro, in Campania sui 22.662 euro, in Basilicata sui 21.012 euro, in Molise sui 19.610 euro e in Calabria sui 19.551 euro. La media nazionale \u00e8 pari a 29.425 euro (vedi Tab. 3).<\/p>\n<p><strong>Uno strumento potenzialmente ad hoc per gli evasori incalliti<\/strong><br \/>\nTornando al Cpb edizione 2024, nessun altro provvedimento di compliance presentato in passato era stato \u201cmodellato\u201d su misura come questo, in particolare per chi sistematicamente ha la cattiva \u201cabitudine\u201d di pagare poche tasse. In via subliminale, il \u201cpatto\u201d proposto dal fisco aveva queste caratteristiche: il contribuente dichiara per il biennio 2024-2025 qualcosa in pi\u00f9 e conseguentemente paga un po\u2019 pi\u00f9 di quanto ha versato in passato, consentendo all\u2019erario di incassare immediatamente la liquidit\u00e0 necessaria per coprire la riduzione delle aliquote Irpef al cosiddetto ceto medio. Per contro, l\u2019Amministrazione fiscale, nello stesso arco temporale, si impegna a limitare la propria azione di controllo, concentrando la propria attivit\u00e0 anti-evasione su chi non ha aderito.<\/p>\n<p><strong><a class=\"dt-pswp-item\" href=\"https:\/\/www.radiopiu.net\/wordpress\/wp-content\/uploads\/2024\/11\/Schermata-2024-11-09-alle-10.07.39.png\" data-dt-img-description=\"\" data-large_image_width=\"1146\" data-large_image_height=\"912\"><img loading=\"lazy\" decoding=\"async\" class=\"size-medium wp-image-418905 alignleft\" src=\"https:\/\/www.radiopiu.net\/wordpress\/wp-content\/uploads\/2024\/11\/Schermata-2024-11-09-alle-10.07.39-300x239.png\" alt=\"\" width=\"300\" height=\"239\" srcset=\"https:\/\/www.radiopiu.net\/wordpress\/wp-content\/uploads\/2024\/11\/Schermata-2024-11-09-alle-10.07.39-300x239.png 300w, https:\/\/www.radiopiu.net\/wordpress\/wp-content\/uploads\/2024\/11\/Schermata-2024-11-09-alle-10.07.39-1024x815.png 1024w, https:\/\/www.radiopiu.net\/wordpress\/wp-content\/uploads\/2024\/11\/Schermata-2024-11-09-alle-10.07.39-768x611.png 768w, https:\/\/www.radiopiu.net\/wordpress\/wp-content\/uploads\/2024\/11\/Schermata-2024-11-09-alle-10.07.39.png 1146w\" sizes=\"auto, (max-width: 300px) 100vw, 300px\" \/><\/a>Vantaggioso, ma inutilizzato<\/strong><br \/>\nPer chi con la propria attivit\u00e0 pu\u00f2 fare molto \u201cnero\u201d, questo provvedimento consentir\u00e0, con un pagamento relativamente modesto, di \u201ccongelare\u201d per due anni l\u2019attivit\u00e0 di accertamento dell\u2019Agenzia delle Entrate nei propri confronti. Considerato che gli imprenditori e i lavoratori autonomi non sono degli stupidi, vuoi vedere che, nonostante il Cpb fosse particolarmente \u201cvantaggioso\u201d, l\u2019adesione \u00e8 stata nettamente inferiore alle attese, poich\u00e9 la propensione all\u2019evasione fiscale di queste categorie sarebbe, secondo la CGIA, molto al di sotto delle stime, anche di quelle elaborate dal MEF? Sia chiaro: non si venga a dire che questa ipotesi non sarebbe verosimile, perch\u00e9 la possibilit\u00e0 che una micro\/piccola impresa venga controllata dal fisco e in generale dalle istituzioni pubbliche \u00e8 pressoch\u00e9 pari a zero. Tesi, come dimostreremo nel paragrafo successivo, del tutto infondata.<\/p>\n<p><strong>Pochi controlli? Assolutamente falso<\/strong><br \/>\nNel 2023 tra le lettere di compliance (2.681.147), gli accertamenti, le verifiche e i controlli eseguiti dall\u2019Agenzia delle Entrate e dalla Guardia di Finanza, in materia fiscale sono state interessate poco pi\u00f9 di 3.510.000 partite Iva\/imprese italiane. Sempre nello stesso anno, in materia contrattualistica\/sicurezza sul lavoro\/assicurativa l\u2019attivit\u00e0 eseguita dall\u2019Ispettorato del lavoro, dall\u2019Inps e dall\u2019Inail ha toccato i 260.440 controlli (vedi Tab. 4).<br \/>\nPertanto, nell\u2019ipotesi che le aziende non siano state destinatarie di pi\u00f9 controlli, possiamo affermare che circa 3,7 milioni di attivit\u00e0, pari al 65 per cento circa del totale, l\u2019anno scorso sono state interessate da queste misure. Va segnalato che anche i controlli in materia di lavoro tendono sempre pi\u00f9 a verificare anche la regolarit\u00e0 fiscale dell\u2019azienda sottoposta all\u2019attivit\u00e0 ispettiva. Per ottenere la cosiddetta patente a crediti, ad esempio, molte aziende e lavoratori autonomi che operano nei cantieri mobili o temporanei hanno dovuto dimostrare, nei casi previsti dalla normativa vigente, di possedere il Documento unico di regolarit\u00e0 fiscale (Durf). Questo attestato, rilasciato dall\u2019Agenzia delle Entrate, certifica il possesso di determinati requisiti e la corretta osservanza di alcuni adempimenti previsti dalla legislazione fiscale.<\/p>\n<p><strong>L\u2019attivit\u00e0 ispettiva non riguarda solo il fisco<\/strong><br \/>\nPi\u00f9 in generale, ricordiamo che tra i dati relativi all\u2019azione ispettiva riportati pi\u00f9 sopra, non sono inclusi quelli eseguiti dall\u2019Agenzia delle Dogane e dei Monopoli, dai Vigili del Fuoco, dal Nucleo Antisofisticazione e Sanit\u00e0 (NAS) dei Carabinieri, dal Nucleo Operativo Ecologico (NOE) sempre dei Carabinieri, dalla Polizia stradale, dai Vigili urbani, dalle Agenzie regionali per la protezione dell\u2019ambiente e dai Servizi di prevenzione, igiene e sicurezza negli ambienti di lavoro delle Aziende sanitarie\/ospedaliere.<\/p>\n<p><strong>Adesso riaprono i termini<\/strong><br \/>\nNel tentativo di recuperare almeno un altro miliardo, il Governo sembra intenzionato ad approvare a breve un decreto che consenta la riapertura dei termini per aderire al Cpb fino al prossimo 10 dicembre. Dal punto di vista del nostro esecutivo \u00e8 una decisione comprensibile, anche se lo stesso ammette implicitamente che il gettito stimato nel primo \u201ctentativo\u201d \u00e8 stato molto al di sotto delle aspettative.<\/p>\n<p>&nbsp;<\/p>\n<p>&nbsp;<\/p>\n<hr \/>\n<p>&nbsp;<\/p>\n<blockquote>\n<h3><a class=\"dt-pswp-item\" href=\"https:\/\/www.radiopiu.net\/wordpress\/wp-content\/uploads\/2021\/11\/san-martino.png\" data-dt-img-description=\"\" data-large_image_width=\"1396\" data-large_image_height=\"1410\"><img loading=\"lazy\" decoding=\"async\" class=\"wp-image-241925 alignleft\" src=\"https:\/\/www.radiopiu.net\/wordpress\/wp-content\/uploads\/2021\/11\/san-martino-297x300.png\" alt=\"\" width=\"132\" height=\"133\" srcset=\"https:\/\/www.radiopiu.net\/wordpress\/wp-content\/uploads\/2021\/11\/san-martino-297x300.png 297w, https:\/\/www.radiopiu.net\/wordpress\/wp-content\/uploads\/2021\/11\/san-martino-1014x1024.png 1014w, https:\/\/www.radiopiu.net\/wordpress\/wp-content\/uploads\/2021\/11\/san-martino-150x150.png 150w, https:\/\/www.radiopiu.net\/wordpress\/wp-content\/uploads\/2021\/11\/san-martino-768x776.png 768w, https:\/\/www.radiopiu.net\/wordpress\/wp-content\/uploads\/2021\/11\/san-martino.png 1396w\" sizes=\"auto, (max-width: 132px) 100vw, 132px\" \/><\/a>A BELLUNO SI FESTEGGIA SAN MARTINO<\/h3>\n<\/blockquote>\n<p><strong>BELLUNO<\/strong> Oggi, Belluno celebrer\u00e0 San Martino, suo Patrono, con una giornata di eventi religiosi e civili. Alle 10.00, nella Basilica Cattedrale, si terr\u00e0 una solenne Messa presieduta dal Vescovo Renato Marangoni. Seguir\u00e0, alle 11.30 al Teatro &#8220;Dino Buzzati&#8221;, la cerimonia di consegna del Premio San Martino 2024, assegnato al giornalista Dino Bridda per il suo impegno nella cultura e nel volontariato.\u00a0 Il programma completo degli eventi \u00e8 disponibile sul sito del Comune di Belluno.<\/p>\n<p>&nbsp;<\/p>\n<p>&nbsp;<\/p>\n<hr \/>\n<p>&nbsp;<\/p>\n<blockquote>\n<h3>L&#8217;ANNULLO FILATELICO A BELLUNO<\/h3>\n<\/blockquote>\n<p><strong><a class=\"dt-pswp-item\" href=\"https:\/\/www.radiopiu.net\/wordpress\/wp-content\/uploads\/2024\/11\/image001.jpg\" data-dt-img-description=\"\" data-large_image_width=\"249\" data-large_image_height=\"249\"><img loading=\"lazy\" decoding=\"async\" class=\" wp-image-418959 alignleft\" src=\"https:\/\/www.radiopiu.net\/wordpress\/wp-content\/uploads\/2024\/11\/image001.jpg\" alt=\"\" width=\"105\" height=\"105\" srcset=\"https:\/\/www.radiopiu.net\/wordpress\/wp-content\/uploads\/2024\/11\/image001.jpg 249w, https:\/\/www.radiopiu.net\/wordpress\/wp-content\/uploads\/2024\/11\/image001-150x150.jpg 150w\" sizes=\"auto, (max-width: 105px) 100vw, 105px\" \/><\/a>BELLUNO<\/strong> Per celebrare i sessant&#8217;anni dell\u2019associazione \u201cCollezionismo Filatelia Numismatica Belluno,\u201d Poste Italiane organizzer\u00e0 un servizio filatelico temporaneo con un bollo speciale raffigurante San Martino a cavallo. L&#8217;annullo sar\u00e0 disponibile solo l\u201911 novembre, dalle 10 alle 13, sotto il portico del Palazzo dei Rettori in Piazza Duomo. Il timbro, riportante la scritta celebrativa dell\u2019anniversario, sar\u00e0 poi richiedibile per sessanta giorni presso lo sportello filatelico dell\u2019Ufficio Postale Belluno Castello, dopodich\u00e9 sar\u00e0 conservato nel Museo della Comunicazione di Roma.<\/p>\n<p>&nbsp;<\/p>\n<p>&nbsp;<\/p>\n<hr \/>\n<p>&nbsp;<\/p>\n<blockquote>\n<h3>AL VIA GLI OPEN DAY AI LICEI GALILEI TIZIANO<\/h3>\n<\/blockquote>\n<p><strong><a class=\"dt-pswp-item\" href=\"https:\/\/www.radiopiu.net\/wordpress\/wp-content\/uploads\/2024\/06\/Facciata-Galilei-2-scaled-1.jpg\" data-dt-img-description=\"\" data-large_image_width=\"2560\" data-large_image_height=\"1920\"><img loading=\"lazy\" decoding=\"async\" class=\" wp-image-393087 alignleft\" src=\"https:\/\/www.radiopiu.net\/wordpress\/wp-content\/uploads\/2024\/06\/Facciata-Galilei-2-scaled-1-300x225.jpg\" alt=\"\" width=\"180\" height=\"135\" srcset=\"https:\/\/www.radiopiu.net\/wordpress\/wp-content\/uploads\/2024\/06\/Facciata-Galilei-2-scaled-1-300x225.jpg 300w, https:\/\/www.radiopiu.net\/wordpress\/wp-content\/uploads\/2024\/06\/Facciata-Galilei-2-scaled-1-1024x768.jpg 1024w, https:\/\/www.radiopiu.net\/wordpress\/wp-content\/uploads\/2024\/06\/Facciata-Galilei-2-scaled-1-768x576.jpg 768w, https:\/\/www.radiopiu.net\/wordpress\/wp-content\/uploads\/2024\/06\/Facciata-Galilei-2-scaled-1-1536x1152.jpg 1536w, https:\/\/www.radiopiu.net\/wordpress\/wp-content\/uploads\/2024\/06\/Facciata-Galilei-2-scaled-1-2048x1536.jpg 2048w\" sizes=\"auto, (max-width: 180px) 100vw, 180px\" \/><\/a>BELLUNO<\/strong> I Licei \u00abGalilei-Tiziano\u00bb di Belluno hanno programmato numerosi eventi di orientamento per gli studenti delle Scuole Medie e le loro famiglie. Saranno presentati i percorsi del Liceo Classico, Scientifico e delle Scienze Applicate, con la possibilit\u00e0 di incontrare insegnanti e scoprire le discipline dei vari indirizzi. Tra le novit\u00e0 di quest\u2019anno ci sono i corsi di seconda lingua straniera, percorsi STEM e nuove attrezzature nei laboratori di Fisica e Chimica. L\u2019Istituto offre anche progetti per il potenziamento didattico e le certificazioni linguistiche, e annuncia il rientro degli studenti del Liceo Classico nella rinnovata sede di via Cavour dal prossimo anno. Le date dei laboratori esperienziali e degli open day sono consultabili e prenotabili sul sito del liceo.<\/p>\n<p>&nbsp;<\/p>\n<p>&nbsp;<\/p>\n<hr \/>\n<p>&nbsp;<\/p>\n<blockquote>\n<h2>47 ANNI DI CONSULTORIO, LETTURA RECITATA SULLA COMUNICAZIONE DI COPPIA<\/h2>\n<\/blockquote>\n<div class=\"group\/conversation-turn relative flex w-full min-w-0 flex-col agent-turn\">\n<div class=\"flex-col gap-1 md:gap-3\">\n<div class=\"flex max-w-full flex-col flex-grow\">\n<div class=\"min-h-8 text-message flex w-full flex-col items-end gap-2 whitespace-normal break-words [.text-message+&amp;]:mt-5\" dir=\"auto\" data-message-author-role=\"assistant\" data-message-id=\"98da7b45-3909-4ddc-a018-9c6852e9629e\" data-message-model-slug=\"gpt-4o\">\n<div class=\"flex w-full flex-col gap-1 empty:hidden first:pt-[3px]\">\n<div class=\"markdown prose w-full break-words dark:prose-invert dark\">\n<p><b><img loading=\"lazy\" decoding=\"async\" class=\"alignleft\" src=\"https:\/\/www.radiopiu.net\/wordpress\/wp-content\/uploads\/2024\/11\/Senza-nome-23.png\" width=\"168\" height=\"131\" \/>BELLUNO\u00a0 <\/b>Venerd\u00ec 15 novembre, alle ore 20.30, il Teatro Giovanni XXIII\u00b0 di Belluno ospiter\u00e0 un evento speciale per celebrare i 47 anni di attivit\u00e0 del Consultorio Familiare Socio-Educativo di Belluno O.d.V. In collaborazione con la compagnia Bretelle Lasche, verr\u00e0 presentato lo spettacolo <em>Delirio di coppia (Comunicazione efficace)<\/em>, una lettura recitata di brani tratti dalla commedia <em>Delirio a due<\/em> di Eug\u00e8ne Ionesco, interpretata da Michele Firpo e Laura Portunato. A seguire, la professoressa Fabiana Filippi, docente dello IUSVE, approfondir\u00e0 il tema della comunicazione all&#8217;interno della coppia, offrendo spunti di riflessione su come migliorare e comprendere le dinamiche relazionali. L&#8217;ingresso \u00e8 libero per tutti i partecipanti.<\/p>\n<\/div>\n<\/div>\n<\/div>\n<\/div>\n<\/div>\n<\/div>\n<p>&nbsp;<\/p>\n<p>&nbsp;<\/p>\n<hr \/>\n<p>&nbsp;<\/p>\n<blockquote>\n<h3><a class=\"dt-pswp-item\" href=\"https:\/\/www.radiopiu.net\/wordpress\/wp-content\/uploads\/2024\/10\/Senza-nome-97.png\" data-dt-img-description=\"\" data-large_image_width=\"325\" data-large_image_height=\"208\"><img loading=\"lazy\" decoding=\"async\" class=\" wp-image-415809 alignleft\" src=\"https:\/\/www.radiopiu.net\/wordpress\/wp-content\/uploads\/2024\/10\/Senza-nome-97-300x192.png\" alt=\"\" width=\"159\" height=\"102\" srcset=\"https:\/\/www.radiopiu.net\/wordpress\/wp-content\/uploads\/2024\/10\/Senza-nome-97-300x192.png 300w, https:\/\/www.radiopiu.net\/wordpress\/wp-content\/uploads\/2024\/10\/Senza-nome-97.png 325w\" sizes=\"auto, (max-width: 159px) 100vw, 159px\" \/><\/a>LA CENA DEI COSCRITTI DEL 1974<\/h3>\n<\/blockquote>\n<p><strong>FALCADE<\/strong> Le cena della classe 1974 dei coscritti dell&#8217;<strong>Agordino<\/strong> si terr\u00e0\u00a0 sabato 30 novembre\u00a0 a Falcade, Hotel Stella Alpina. La cena e&#8217; aperta ai nati nel 1974 nei 16 comuni dell&#8217;Agordino, e sara&#8217; un&#8217;occasione di ritrovo,\u00a0 dopo tanto tempo e festeggiare il mezzo secolo.Info\u00a0 3478120853<\/p>\n<p>&nbsp;<\/p>\n<p>&nbsp;<\/p>\n<hr \/>\n<p>&nbsp;<\/p>\n<blockquote>\n<h3><a class=\"dt-pswp-item\" href=\"https:\/\/www.radiopiu.net\/wordpress\/wp-content\/uploads\/2024\/11\/3dc9475d-3261-4c1c-97fc-8e153d91ea4b.jpg\" data-dt-img-description=\"\" data-large_image_width=\"1432\" data-large_image_height=\"2048\"><img loading=\"lazy\" decoding=\"async\" class=\" wp-image-418524 alignleft\" src=\"https:\/\/www.radiopiu.net\/wordpress\/wp-content\/uploads\/2024\/11\/3dc9475d-3261-4c1c-97fc-8e153d91ea4b-210x300.jpg\" alt=\"\" width=\"117\" height=\"167\" srcset=\"https:\/\/www.radiopiu.net\/wordpress\/wp-content\/uploads\/2024\/11\/3dc9475d-3261-4c1c-97fc-8e153d91ea4b-210x300.jpg 210w, https:\/\/www.radiopiu.net\/wordpress\/wp-content\/uploads\/2024\/11\/3dc9475d-3261-4c1c-97fc-8e153d91ea4b-716x1024.jpg 716w, https:\/\/www.radiopiu.net\/wordpress\/wp-content\/uploads\/2024\/11\/3dc9475d-3261-4c1c-97fc-8e153d91ea4b-768x1098.jpg 768w, https:\/\/www.radiopiu.net\/wordpress\/wp-content\/uploads\/2024\/11\/3dc9475d-3261-4c1c-97fc-8e153d91ea4b-1074x1536.jpg 1074w, https:\/\/www.radiopiu.net\/wordpress\/wp-content\/uploads\/2024\/11\/3dc9475d-3261-4c1c-97fc-8e153d91ea4b.jpg 1432w\" sizes=\"auto, (max-width: 117px) 100vw, 117px\" \/><\/a>IL CONCERTO DI SAN MARTINO A BELLUNO<\/h3>\n<\/blockquote>\n<p><strong>BELLUNO<\/strong> Il Concerto di San Martino 2024 si terr\u00e0 il 14 novembre alle 21 al Teatro Dino Buzzati di Belluno. L&#8217;evento vedr\u00e0 la partecipazione dell&#8217;Orchestra di Padova e del Veneto, con Miriam Dal Don come violino solista e Delio Cassetta come direttore. I biglietti sono disponibili presso il Museo Civico di Belluno o direttamente il giorno dello spettacolo al teatro a partire dalle 18:30. I prezzi variano da 28,00 euro per la platea e la galleria centrale a 24,00 euro per la galleria laterale, con riduzioni disponibili per under 20 e over 65.<\/p>\n<p><strong>IL DIRETTORE D&#8217;ORCHESTRA DELIO CASSETTA<\/strong><\/p>\n<audio class=\"wp-audio-shortcode\" id=\"audio-418867-10\" preload=\"none\" style=\"width: 100%;\" controls=\"controls\"><source type=\"audio\/mpeg\" src=\"https:\/\/www.radiopiu.net\/wordpress\/wp-content\/uploads\/2024\/11\/DELIO-CASSETTA.mp3?_=10\" \/><a href=\"https:\/\/www.radiopiu.net\/wordpress\/wp-content\/uploads\/2024\/11\/DELIO-CASSETTA.mp3\">https:\/\/www.radiopiu.net\/wordpress\/wp-content\/uploads\/2024\/11\/DELIO-CASSETTA.mp3<\/a><\/audio>\n<p>&nbsp;<\/p>\n<hr \/>\n<p>&nbsp;<\/p>\n<blockquote>\n<h2>Autunno a Trichiana&#8221; al Cinema San Felice<\/h2>\n<\/blockquote>\n<p><strong><a class=\"dt-pswp-item\" href=\"https:\/\/www.radiopiu.net\/wordpress\/wp-content\/uploads\/2024\/11\/Pro-Loco-Trichiana-evento.jpg\" data-dt-img-description=\"\" data-large_image_width=\"2048\" data-large_image_height=\"922\"><img loading=\"lazy\" decoding=\"async\" class=\"size-medium wp-image-417940 alignleft\" src=\"https:\/\/www.radiopiu.net\/wordpress\/wp-content\/uploads\/2024\/11\/Pro-Loco-Trichiana-evento-300x135.jpg\" alt=\"\" width=\"300\" height=\"135\" srcset=\"https:\/\/www.radiopiu.net\/wordpress\/wp-content\/uploads\/2024\/11\/Pro-Loco-Trichiana-evento-300x135.jpg 300w, https:\/\/www.radiopiu.net\/wordpress\/wp-content\/uploads\/2024\/11\/Pro-Loco-Trichiana-evento-1024x461.jpg 1024w, https:\/\/www.radiopiu.net\/wordpress\/wp-content\/uploads\/2024\/11\/Pro-Loco-Trichiana-evento-768x346.jpg 768w, https:\/\/www.radiopiu.net\/wordpress\/wp-content\/uploads\/2024\/11\/Pro-Loco-Trichiana-evento-1536x692.jpg 1536w, https:\/\/www.radiopiu.net\/wordpress\/wp-content\/uploads\/2024\/11\/Pro-Loco-Trichiana-evento.jpg 2048w\" sizes=\"auto, (max-width: 300px) 100vw, 300px\" \/><\/a>TRICHIANA <\/strong>A novembre, la Pro Loco di Trichiana presenta la 36esima edizione di &#8220;Autunno a Trichiana&#8221;, con quattro serate tematiche al Cinema San Felice, sempre alle 20.45 e ingresso libero.\u00a0 Il 16 novembre, Alex Bellini, esploratore e divulgatore ambientale, condivider\u00e0 esperienze di viaggio e riflessioni su inquinamento e cambiamento climatico, con un contributo di 5 euro. Il 23 novembre, Giulia Baroncini e Ilenia Zaccaro racconteranno le loro avventure ciclistiche. Infine, il 28 novembre, Filippo Felici esplorer\u00e0 il mondo sotterraneo in &#8220;Le terre lontane&#8221;. La rassegna promuove un\u2019idea di avventura diversificata e coinvolgente.<\/p>\n<p>&nbsp;<\/p>\n<p>&nbsp;<\/p>\n<hr \/>\n<p>&nbsp;<\/p>\n<div class=\"flex max-w-full flex-col flex-grow\">\n<div class=\"min-h-8 text-message flex w-full flex-col items-end gap-2 whitespace-normal break-words [.text-message+&amp;]:mt-5\" dir=\"auto\" data-message-author-role=\"assistant\" data-message-id=\"c3d47f35-dbf0-420d-bed1-ce0eab660a3f\" data-message-model-slug=\"gpt-4o-mini\">\n<div class=\"flex w-full flex-col gap-1 empty:hidden first:pt-[3px]\">\n<div class=\"markdown prose w-full break-words dark:prose-invert dark\">\n<blockquote>\n<h3><strong><a class=\"dt-pswp-item\" href=\"https:\/\/www.radiopiu.net\/wordpress\/wp-content\/uploads\/2024\/11\/Senza-nome-9.png\" data-dt-img-description=\"\" data-large_image_width=\"192\" data-large_image_height=\"246\"><img loading=\"lazy\" decoding=\"async\" class=\"wp-image-417941 alignleft\" src=\"https:\/\/www.radiopiu.net\/wordpress\/wp-content\/uploads\/2024\/11\/Senza-nome-9.png\" alt=\"\" width=\"99\" height=\"127\" \/><\/a>\u201cSpazio 32026\u201d a Borgo Valbelluna: un nuovo punto di ritrovo per i giovani<\/strong><\/h3>\n<\/blockquote>\n<\/div>\n<\/div>\n<\/div>\n<\/div>\n<p><strong>BORGO VALBELLUNA<\/strong> Dal 18 novembre, l\u2019Amministrazione Comunale di Borgo Valbelluna, insieme a Societ\u00e0 Nuova, inaugura \u201cSpazio 32026\u201d, uno spazio pomeridiano per studenti delle scuole secondarie di primo grado. Situato al Palazzo delle Contesse, offre supporto compiti e attivit\u00e0 scelte dai ragazzi, aiutati da educatori. Obiettivo: promuovere autonomia, creativit\u00e0 e gestione delle emozioni.<\/p>\n<p>&nbsp;<\/p>\n<p>&nbsp;<\/p>\n<hr \/>\n<p>&nbsp;<\/p>\n<h2><span style=\"color: #ff6600;\">IERI ALLA RADIO<\/span><\/h2>\n<h2><span style=\"color: #ff00ff;\">LA RASSEGNA STAMPA DA L&#8217;AMICO DEL POPOLO<\/span><\/h2>\n<p><strong><a class=\"dt-pswp-item\" href=\"https:\/\/www.radiopiu.net\/wordpress\/wp-content\/uploads\/2022\/01\/CLAUDIA-SOPPELSA.jpeg\" data-dt-img-description=\"\" data-large_image_width=\"1600\" data-large_image_height=\"901\"><img loading=\"lazy\" decoding=\"async\" class=\" wp-image-254995 alignleft\" src=\"https:\/\/www.radiopiu.net\/wordpress\/wp-content\/uploads\/2022\/01\/CLAUDIA-SOPPELSA-300x169.jpeg\" alt=\"\" width=\"208\" height=\"117\" srcset=\"https:\/\/www.radiopiu.net\/wordpress\/wp-content\/uploads\/2022\/01\/CLAUDIA-SOPPELSA-300x169.jpeg 300w, https:\/\/www.radiopiu.net\/wordpress\/wp-content\/uploads\/2022\/01\/CLAUDIA-SOPPELSA-1024x577.jpeg 1024w, https:\/\/www.radiopiu.net\/wordpress\/wp-content\/uploads\/2022\/01\/CLAUDIA-SOPPELSA-768x432.jpeg 768w, https:\/\/www.radiopiu.net\/wordpress\/wp-content\/uploads\/2022\/01\/CLAUDIA-SOPPELSA-1536x865.jpeg 1536w, https:\/\/www.radiopiu.net\/wordpress\/wp-content\/uploads\/2022\/01\/CLAUDIA-SOPPELSA.jpeg 1600w\" sizes=\"auto, (max-width: 208px) 100vw, 208px\" \/><\/a>DI GIANNI SANTOMASO<\/strong><\/p>\n<p>OSPITE: CLAUDIA SOPPELSA<\/p>\n<audio class=\"wp-audio-shortcode\" id=\"audio-418867-11\" preload=\"none\" style=\"width: 100%;\" controls=\"controls\"><source type=\"audio\/mpeg\" src=\"https:\/\/www.radiopiu.net\/wordpress\/wp-content\/uploads\/2024\/11\/RASSEGNA-GIANNI-SITO.mp3?_=11\" \/><a href=\"https:\/\/www.radiopiu.net\/wordpress\/wp-content\/uploads\/2024\/11\/RASSEGNA-GIANNI-SITO.mp3\">https:\/\/www.radiopiu.net\/wordpress\/wp-content\/uploads\/2024\/11\/RASSEGNA-GIANNI-SITO.mp3<\/a><\/audio>\n<p>&nbsp;<\/p>\n<h2><span style=\"color: #993366;\">DUE MINUTI PER TE <\/span><\/h2>\n<p><strong><a class=\"dt-pswp-item\" href=\"https:\/\/www.radiopiu.net\/wordpress\/wp-content\/uploads\/2020\/12\/DON-GIORGIO-LISE.jpg\" data-dt-img-description=\"\" data-large_image_width=\"1600\" data-large_image_height=\"901\"><img loading=\"lazy\" decoding=\"async\" class=\" wp-image-177420 alignleft\" src=\"https:\/\/www.radiopiu.net\/wordpress\/wp-content\/uploads\/2020\/12\/DON-GIORGIO-LISE-300x169.jpg\" alt=\"\" width=\"211\" height=\"119\" srcset=\"https:\/\/www.radiopiu.net\/wordpress\/wp-content\/uploads\/2020\/12\/DON-GIORGIO-LISE-300x169.jpg 300w, https:\/\/www.radiopiu.net\/wordpress\/wp-content\/uploads\/2020\/12\/DON-GIORGIO-LISE-1024x577.jpg 1024w, https:\/\/www.radiopiu.net\/wordpress\/wp-content\/uploads\/2020\/12\/DON-GIORGIO-LISE-768x432.jpg 768w, https:\/\/www.radiopiu.net\/wordpress\/wp-content\/uploads\/2020\/12\/DON-GIORGIO-LISE-1536x865.jpg 1536w, https:\/\/www.radiopiu.net\/wordpress\/wp-content\/uploads\/2020\/12\/DON-GIORGIO-LISE.jpg 1600w\" sizes=\"auto, (max-width: 211px) 100vw, 211px\" \/><\/a>APPUNTAMENTO DELLA DOMENICA CON IL PENSIERO DI MONSIGNOR GIORGIO LISE<\/strong><\/p>\n<audio class=\"wp-audio-shortcode\" id=\"audio-418867-12\" preload=\"none\" style=\"width: 100%;\" controls=\"controls\"><source type=\"audio\/mpeg\" src=\"https:\/\/www.radiopiu.net\/wordpress\/wp-content\/uploads\/2024\/11\/DON-GIORGIO-1.mp3?_=12\" \/><a href=\"https:\/\/www.radiopiu.net\/wordpress\/wp-content\/uploads\/2024\/11\/DON-GIORGIO-1.mp3\">https:\/\/www.radiopiu.net\/wordpress\/wp-content\/uploads\/2024\/11\/DON-GIORGIO-1.mp3<\/a><\/audio>\n<p>&nbsp;<\/p>\n<hr \/>\n<p>&nbsp;<\/p>\n<blockquote class=\"wp-embedded-content\" data-secret=\"zEiaq4Y8UT\"><p><a href=\"https:\/\/www.radiopiu.net\/wordpress\/piu-siamo-con-marina-settimana-dal-04-al-08-novembre-2024\/\">PIU&#8217; SIAMO&#8230;CON MARINA &#8211; SETTIMANA DAL 04 AL 08 NOVEMBRE 2024<\/a><\/p><\/blockquote>\n<p><iframe loading=\"lazy\" class=\"wp-embedded-content\" sandbox=\"allow-scripts\" security=\"restricted\" style=\"position: absolute; visibility: hidden;\" title=\"&#8220;PIU&#8217; SIAMO&#8230;CON MARINA &#8211; SETTIMANA DAL 04 AL 08 NOVEMBRE 2024&#8221; &#8212; Radio Pi\u00f9\" src=\"https:\/\/www.radiopiu.net\/wordpress\/piu-siamo-con-marina-settimana-dal-04-al-08-novembre-2024\/embed\/#?secret=7nCncDPZXA#?secret=zEiaq4Y8UT\" data-secret=\"zEiaq4Y8UT\" width=\"600\" height=\"338\" frameborder=\"0\" marginwidth=\"0\" marginheight=\"0\" scrolling=\"no\"><\/iframe><\/p>\n<p>&nbsp;<\/p>\n<blockquote class=\"wp-embedded-content\" data-secret=\"UKMjSEHuTx\"><p><a href=\"https:\/\/www.radiopiu.net\/wordpress\/ilvinoracconta08\/\">&#8230;QUANDO IL VINO RACCONTA,  CON LA SOMMELIER DIANA ZERILLI<\/a><\/p><\/blockquote>\n<p><iframe loading=\"lazy\" class=\"wp-embedded-content\" sandbox=\"allow-scripts\" security=\"restricted\" style=\"position: absolute; visibility: hidden;\" title=\"&#8220;&#8230;QUANDO IL VINO RACCONTA,  CON LA SOMMELIER DIANA ZERILLI&#8221; &#8212; Radio Pi\u00f9\" src=\"https:\/\/www.radiopiu.net\/wordpress\/ilvinoracconta08\/embed\/#?secret=4PQPNJTHRE#?secret=UKMjSEHuTx\" data-secret=\"UKMjSEHuTx\" width=\"600\" height=\"338\" frameborder=\"0\" marginwidth=\"0\" marginheight=\"0\" scrolling=\"no\"><\/iframe><\/p>\n<p>&nbsp;<\/p>\n<blockquote class=\"wp-embedded-content\" data-secret=\"jNEiVf8Uz2\"><p><a href=\"https:\/\/www.radiopiu.net\/wordpress\/emozione-continua-100-anni-di-passione-raccontati-alla-radio-la-raccolta\/\">EMOZIONE CONTINUA&#8230;100 ANNI DI PASSIONE RACCONTATI ALLA RADIO &#8211; LA RACCOLTA<\/a><\/p><\/blockquote>\n<p><iframe loading=\"lazy\" class=\"wp-embedded-content\" sandbox=\"allow-scripts\" security=\"restricted\" style=\"position: absolute; visibility: hidden;\" title=\"&#8220;EMOZIONE CONTINUA&#8230;100 ANNI DI PASSIONE RACCONTATI ALLA RADIO &#8211; LA RACCOLTA&#8221; &#8212; Radio Pi\u00f9\" src=\"https:\/\/www.radiopiu.net\/wordpress\/emozione-continua-100-anni-di-passione-raccontati-alla-radio-la-raccolta\/embed\/#?secret=qOoPZo5UpX#?secret=jNEiVf8Uz2\" data-secret=\"jNEiVf8Uz2\" width=\"600\" height=\"338\" frameborder=\"0\" marginwidth=\"0\" marginheight=\"0\" scrolling=\"no\"><\/iframe><\/p>\n<p>&nbsp;<\/p>\n<blockquote class=\"wp-embedded-content\" data-secret=\"Q4hP1wZEP2\"><p><a href=\"https:\/\/www.radiopiu.net\/wordpress\/dal-monte-pelmo-alletna-con-stefano-paolo-e-radiopiu-ultima\/\">DAL MONTE PELMO ALL&#8217;ETNA CON STEFANO, PAOLO&#8230; E RADIOPIU&#8217;<\/a><\/p><\/blockquote>\n<p><iframe loading=\"lazy\" class=\"wp-embedded-content\" sandbox=\"allow-scripts\" security=\"restricted\" style=\"position: absolute; visibility: hidden;\" title=\"&#8220;DAL MONTE PELMO ALL&#8217;ETNA CON STEFANO, PAOLO&#8230; E RADIOPIU&#8217;&#8221; &#8212; Radio Pi\u00f9\" src=\"https:\/\/www.radiopiu.net\/wordpress\/dal-monte-pelmo-alletna-con-stefano-paolo-e-radiopiu-ultima\/embed\/#?secret=d9yQ9Uz4hG#?secret=Q4hP1wZEP2\" data-secret=\"Q4hP1wZEP2\" width=\"600\" height=\"338\" frameborder=\"0\" marginwidth=\"0\" marginheight=\"0\" scrolling=\"no\"><\/iframe><\/p>\n<p>&nbsp;<\/p>\n<hr \/>\n<p>&nbsp;<\/p>\n<blockquote>\n<h3><span style=\"color: #0000ff;\">CROZZA-ZAIA: SE NE PARLA MIRKO DI RADIO PIU&#8217; E&#8217; UN FENOMENO MONDIALE<\/span><\/h3>\n<\/blockquote>\n<p><strong>REDAZIONE<\/strong> Da alcune settimane sul Nove del gruppo Discovery \u00e8 ricominciato il programma di Maurizio Crozza &#8220;Fratelli di Crozza&#8221;. Nella puntata di ieri l&#8217;imitazione del Presidente del Veneto Luca Zaia e come succede spesso \u00e8 stato tirato in ballo anche Mirko di Radio Pi\u00f9. Questa volta si fa riferimento alla corsa dei sindaci&#8230;&#8221;che ne parla anche Mirko di radio Pi\u00f9 e quindi vuol dire che \u00e8 un fenomeno mondiale&#8230;&#8221;<\/p>\n<p><iframe loading=\"lazy\" title=\"Crozza Zaia &quot;Faccio dei fischi fortissimi, da ragazzo ho lavorato come sirena del vaporetto pensate&quot;\" width=\"1200\" height=\"675\" src=\"https:\/\/www.youtube.com\/embed\/j9Ef81oRIZY?feature=oembed\" frameborder=\"0\" allow=\"accelerometer; autoplay; clipboard-write; encrypted-media; gyroscope; picture-in-picture; web-share\" referrerpolicy=\"strict-origin-when-cross-origin\" allowfullscreen><\/iframe><\/p>\n<p>&nbsp;<\/p>\n<hr \/>\n<p>&nbsp;<\/p>\n<h2><span style=\"color: #ff0000;\"><a class=\"dt-pswp-item\" href=\"https:\/\/www.radiopiu.net\/wordpress\/wp-content\/uploads\/2018\/09\/appuntamenti.jpeg\" data-dt-img-description=\"\" data-large_image_width=\"800\" data-large_image_height=\"100\"><img loading=\"lazy\" decoding=\"async\" class=\"wp-image-61958 size-full aligncenter\" src=\"https:\/\/www.radiopiu.net\/wordpress\/wp-content\/uploads\/2018\/09\/appuntamenti.jpeg\" alt=\"\" width=\"800\" height=\"100\" srcset=\"https:\/\/www.radiopiu.net\/wordpress\/wp-content\/uploads\/2018\/09\/appuntamenti.jpeg 800w, https:\/\/www.radiopiu.net\/wordpress\/wp-content\/uploads\/2018\/09\/appuntamenti-300x38.jpeg 300w, https:\/\/www.radiopiu.net\/wordpress\/wp-content\/uploads\/2018\/09\/appuntamenti-768x96.jpeg 768w\" sizes=\"auto, (max-width: 800px) 100vw, 800px\" \/><\/a><\/span><\/h2>\n<p>&nbsp;<\/p>\n<div style=\"width: 1200px;\" class=\"wp-video\"><video class=\"wp-video-shortcode\" id=\"video-418867-3\" width=\"1200\" height=\"675\" preload=\"metadata\" controls=\"controls\"><source type=\"video\/mp4\" src=\"https:\/\/www.radiopiu.net\/wordpress\/wp-content\/uploads\/2024\/10\/WhatsApp-Video-2024-10-23-at-00.12.10.mp4?_=3\" \/><a href=\"https:\/\/www.radiopiu.net\/wordpress\/wp-content\/uploads\/2024\/10\/WhatsApp-Video-2024-10-23-at-00.12.10.mp4\">https:\/\/www.radiopiu.net\/wordpress\/wp-content\/uploads\/2024\/10\/WhatsApp-Video-2024-10-23-at-00.12.10.mp4<\/a><\/video><\/div>\n<p><strong>\u00a0<\/strong><\/p>\n<p><strong>FALCADE <\/strong>RIAPRE IL CINEMA DOLOMITI DI FALCADE. SABATO E DOMENICA VERR\u00c0 PROIETTATO IL FILM FUGA IN NORMANDIA. SPETTACOLI ALLE 21, DOMENICA ANCHE ALLE 15:30<\/p>\n<div class=\"flex-shrink-0 flex flex-col relative items-end\">\n<div class=\"pt-0\">\n<div class=\"gizmo-bot-avatar flex h-8 w-8 items-center justify-center overflow-hidden rounded-full\">\n<p class=\"relative p-1 rounded-sm flex items-center justify-center bg-token-main-surface-primary text-token-text-primary h-8 w-8\"><strong>CANALE D&#8217;AGORDO <\/strong>Jazzercise \u00e8 un allenamento ad alta intensit\u00e0 che combina danza, pilates, yoga e kickboxing, adatto a tutti i livelli di fitness. \u00c8 efficace per tonificare i muscoli, migliorare la postura e ottenere un fisico snello. Nell&#8217;Agordino, le lezioni si tengono a Canale d&#8217;Agordo, nella sala ex emigranti di via Lotta, il luned\u00ec dalle 18:15 alle 19:15 e il mercoled\u00ec dalle 18:30 alle 19:30. L&#8217;istruttrice certificata RaLuca ti aspetta per un allenamento coinvolgente al ritmo di musica attuale. Per informazioni: 347 9295478<\/p>\n<\/div>\n<\/div>\n<\/div>\n<p>&nbsp;<\/p>\n<p>&nbsp;<\/p>\n<div>\n<div class=\"\" dir=\"auto\">\n<div id=\":r9h:\" class=\"x1iorvi4 x1pi30zi x1l90r2v x1swvt13\" data-ad-comet-preview=\"message\" data-ad-preview=\"message\">\n\n\t\t\t<style type='text\/css'>\n\t\t\t\t#gallery-5 {\n\t\t\t\t\tmargin: auto;\n\t\t\t\t}\n\t\t\t\t#gallery-5 .gallery-item {\n\t\t\t\t\tfloat: left;\n\t\t\t\t\tmargin-top: 10px;\n\t\t\t\t\ttext-align: center;\n\t\t\t\t\twidth: 25%;\n\t\t\t\t}\n\t\t\t\t#gallery-5 img {\n\t\t\t\t\tborder: 2px solid #cfcfcf;\n\t\t\t\t}\n\t\t\t\t#gallery-5 .gallery-caption {\n\t\t\t\t\tmargin-left: 0;\n\t\t\t\t}\n\t\t\t\t\/* see gallery_shortcode() in wp-includes\/media.php *\/\n\t\t\t<\/style>\n\t\t<div id='gallery-5' class='dt-gallery-container gallery galleryid-418867 gallery-columns-4 gallery-size-thumbnail'><dl class='gallery-item'>\n\t\t\t\t<dt class='gallery-icon portrait'>\n\t\t\t\t\t<a class=\"rollover rollover-zoom dt-pswp-item\" title=\"967a322c-9996-42d7-af75-662ca7d89e84\" data-dt-img-description=\"\" data-large_image_width=\"1080\" data-large_image_height=\"1519\"href='https:\/\/www.radiopiu.net\/wordpress\/wp-content\/uploads\/2024\/10\/967a322c-9996-42d7-af75-662ca7d89e84-1.jpg'><img loading=\"lazy\" decoding=\"async\" width=\"150\" height=\"150\" src=\"https:\/\/www.radiopiu.net\/wordpress\/wp-content\/uploads\/2024\/10\/967a322c-9996-42d7-af75-662ca7d89e84-1-150x150.jpg\" class=\"attachment-thumbnail size-thumbnail\" alt=\"\" aria-describedby=\"gallery-5-413698\" \/><\/a>\n\t\t\t\t<\/dt>\n\t\t\t\t\t<dd class='wp-caption-text gallery-caption' id='gallery-5-413698'>\n\t\t\t\t\tDOMANI\n\t\t\t\t\t<\/dd><\/dl><dl class='gallery-item'>\n\t\t\t\t<dt class='gallery-icon portrait'>\n\t\t\t\t\t<a class=\"rollover rollover-zoom dt-pswp-item\" title=\"Esoterismo islamico Taddeo Bez 15 e 22 novembre 2024\" data-dt-img-description=\"\" data-large_image_width=\"1447\" data-large_image_height=\"2048\"href='https:\/\/www.radiopiu.net\/wordpress\/wp-content\/uploads\/2024\/11\/Esoterismo-islamico-Taddeo-Bez-15-e-22-novembre-2024.jpg'><img loading=\"lazy\" decoding=\"async\" width=\"150\" height=\"150\" src=\"https:\/\/www.radiopiu.net\/wordpress\/wp-content\/uploads\/2024\/11\/Esoterismo-islamico-Taddeo-Bez-15-e-22-novembre-2024-150x150.jpg\" class=\"attachment-thumbnail size-thumbnail\" alt=\"\" aria-describedby=\"gallery-5-417756\" \/><\/a>\n\t\t\t\t<\/dt>\n\t\t\t\t\t<dd class='wp-caption-text gallery-caption' id='gallery-5-417756'>\n\t\t\t\t\tAL CENTRO LA TERRA DEI PADRI\n\t\t\t\t\t<\/dd><\/dl><dl class='gallery-item'>\n\t\t\t\t<dt class='gallery-icon portrait'>\n\t\t\t\t\t<a class=\"rollover rollover-zoom dt-pswp-item\" title=\"892c7713-1201-42b0-b257-3bd45f0132bb\" data-dt-img-description=\"\" data-large_image_width=\"1118\" data-large_image_height=\"1600\"href='https:\/\/www.radiopiu.net\/wordpress\/wp-content\/uploads\/2024\/11\/892c7713-1201-42b0-b257-3bd45f0132bb.jpg'><img loading=\"lazy\" decoding=\"async\" width=\"150\" height=\"150\" src=\"https:\/\/www.radiopiu.net\/wordpress\/wp-content\/uploads\/2024\/11\/892c7713-1201-42b0-b257-3bd45f0132bb-150x150.jpg\" class=\"attachment-thumbnail size-thumbnail\" alt=\"\" aria-describedby=\"gallery-5-418091\" \/><\/a>\n\t\t\t\t<\/dt>\n\t\t\t\t\t<dd class='wp-caption-text gallery-caption' id='gallery-5-418091'>\n\t\t\t\t\tCASTAGNATA AD ARABBA\n\t\t\t\t\t<\/dd><\/dl><dl class='gallery-item'>\n\t\t\t\t<dt class='gallery-icon landscape'>\n\t\t\t\t\t<a class=\"rollover rollover-zoom dt-pswp-item\" title=\"PUCCINI Ponte Nelle Alpi\" data-dt-img-description=\"\" data-large_image_width=\"1440\" data-large_image_height=\"1440\"href='https:\/\/www.radiopiu.net\/wordpress\/wp-content\/uploads\/2024\/11\/PUCCINI-Ponte-Nelle-Alpi.jpg'><img loading=\"lazy\" decoding=\"async\" width=\"150\" height=\"150\" src=\"https:\/\/www.radiopiu.net\/wordpress\/wp-content\/uploads\/2024\/11\/PUCCINI-Ponte-Nelle-Alpi-150x150.jpg\" class=\"attachment-thumbnail size-thumbnail\" alt=\"\" aria-describedby=\"gallery-5-418509\" srcset=\"https:\/\/www.radiopiu.net\/wordpress\/wp-content\/uploads\/2024\/11\/PUCCINI-Ponte-Nelle-Alpi-150x150.jpg 150w, https:\/\/www.radiopiu.net\/wordpress\/wp-content\/uploads\/2024\/11\/PUCCINI-Ponte-Nelle-Alpi-300x300.jpg 300w, https:\/\/www.radiopiu.net\/wordpress\/wp-content\/uploads\/2024\/11\/PUCCINI-Ponte-Nelle-Alpi-1024x1024.jpg 1024w, https:\/\/www.radiopiu.net\/wordpress\/wp-content\/uploads\/2024\/11\/PUCCINI-Ponte-Nelle-Alpi-768x768.jpg 768w, https:\/\/www.radiopiu.net\/wordpress\/wp-content\/uploads\/2024\/11\/PUCCINI-Ponte-Nelle-Alpi.jpg 1440w\" sizes=\"auto, (max-width: 150px) 100vw, 150px\" \/><\/a>\n\t\t\t\t<\/dt>\n\t\t\t\t\t<dd class='wp-caption-text gallery-caption' id='gallery-5-418509'>\n\t\t\t\t\tLA BOHEME A PONTE NELLE ALPI\n\t\t\t\t\t<\/dd><\/dl><br style=\"clear: both\" \/><dl class='gallery-item'>\n\t\t\t\t<dt class='gallery-icon portrait'>\n\t\t\t\t\t<a class=\"rollover rollover-zoom dt-pswp-item\" title=\"d000b47a-efc8-4f75-b6e4-79170d053eeb\" data-dt-img-description=\"\" data-large_image_width=\"719\" data-large_image_height=\"990\"href='https:\/\/www.radiopiu.net\/wordpress\/wp-content\/uploads\/2024\/11\/d000b47a-efc8-4f75-b6e4-79170d053eeb.jpg'><img loading=\"lazy\" decoding=\"async\" width=\"150\" height=\"150\" src=\"https:\/\/www.radiopiu.net\/wordpress\/wp-content\/uploads\/2024\/11\/d000b47a-efc8-4f75-b6e4-79170d053eeb-150x150.jpg\" class=\"attachment-thumbnail size-thumbnail\" alt=\"\" aria-describedby=\"gallery-5-418521\" \/><\/a>\n\t\t\t\t<\/dt>\n\t\t\t\t\t<dd class='wp-caption-text gallery-caption' id='gallery-5-418521'>\n\t\t\t\t\tGARA DI BRISCOLA AD AGORDO\n\t\t\t\t\t<\/dd><\/dl><dl class='gallery-item'>\n\t\t\t\t<dt class='gallery-icon portrait'>\n\t\t\t\t\t<a class=\"rollover rollover-zoom dt-pswp-item\" title=\"manifesto serate invernali\" data-dt-img-description=\"\" data-large_image_width=\"1683\" data-large_image_height=\"2383\"href='https:\/\/www.radiopiu.net\/wordpress\/wp-content\/uploads\/2024\/11\/manifesto-serate-invernali.jpg'><img loading=\"lazy\" decoding=\"async\" width=\"150\" height=\"150\" src=\"https:\/\/www.radiopiu.net\/wordpress\/wp-content\/uploads\/2024\/11\/manifesto-serate-invernali-150x150.jpg\" class=\"attachment-thumbnail size-thumbnail\" alt=\"\" aria-describedby=\"gallery-5-418816\" \/><\/a>\n\t\t\t\t<\/dt>\n\t\t\t\t\t<dd class='wp-caption-text gallery-caption' id='gallery-5-418816'>\n\t\t\t\t\t21 FEBBRAIO\n\t\t\t\t\t<\/dd><\/dl><dl class='gallery-item'>\n\t\t\t\t<dt class='gallery-icon portrait'>\n\t\t\t\t\t<a class=\"rollover rollover-zoom dt-pswp-item\" title=\"PL_Sosp_A4_CENE\" data-dt-img-description=\"\" data-large_image_width=\"992\" data-large_image_height=\"1403\"href='https:\/\/www.radiopiu.net\/wordpress\/wp-content\/uploads\/2024\/11\/PL_Sosp_A4_CENE.jpg'><img loading=\"lazy\" decoding=\"async\" width=\"150\" height=\"150\" src=\"https:\/\/www.radiopiu.net\/wordpress\/wp-content\/uploads\/2024\/11\/PL_Sosp_A4_CENE-150x150.jpg\" class=\"attachment-thumbnail size-thumbnail\" alt=\"\" aria-describedby=\"gallery-5-419072\" \/><\/a>\n\t\t\t\t<\/dt>\n\t\t\t\t\t<dd class='wp-caption-text gallery-caption' id='gallery-5-419072'>\n\t\t\t\t\tCON LA PRO LOCO MONTI DEL SOLE\n\t\t\t\t\t<\/dd><\/dl>\n\t\t\t\t<br style='clear: both' \/>\n\t\t\t<\/div>\n\n<p>&nbsp;<\/p>\n<\/div>\n<\/div>\n<\/div>\n<p>&nbsp;<\/p>\n<hr \/>\n<p>&nbsp;<\/p>\n<p class=\"mceTemp\"><a class=\"dt-pswp-item\" href=\"https:\/\/www.radiopiu.net\/wordpress\/wp-content\/uploads\/2018\/09\/WhatsApp-Image-2018-09-20-at-16.04.06.jpeg\" data-dt-img-description=\"\" data-large_image_width=\"800\" data-large_image_height=\"100\"><img loading=\"lazy\" decoding=\"async\" class=\"wp-image-61378 size-full aligncenter\" src=\"https:\/\/www.radiopiu.net\/wordpress\/wp-content\/uploads\/2018\/09\/WhatsApp-Image-2018-09-20-at-16.04.06.jpeg\" alt=\"\" width=\"800\" height=\"100\" srcset=\"https:\/\/www.radiopiu.net\/wordpress\/wp-content\/uploads\/2018\/09\/WhatsApp-Image-2018-09-20-at-16.04.06.jpeg 800w, https:\/\/www.radiopiu.net\/wordpress\/wp-content\/uploads\/2018\/09\/WhatsApp-Image-2018-09-20-at-16.04.06-300x38.jpeg 300w, https:\/\/www.radiopiu.net\/wordpress\/wp-content\/uploads\/2018\/09\/WhatsApp-Image-2018-09-20-at-16.04.06-768x96.jpeg 768w\" sizes=\"auto, (max-width: 800px) 100vw, 800px\" \/><\/a><\/p>\n<p><center><\/center><center><\/center>&nbsp;<\/p>\n<p><center><\/center><center><b>OGGI<\/b><\/center>Cielo sereno con aria tersa ed ottima visibilit\u00e0, ad eccezione di qualche locale banco di nebbia fino al primo mattino in Valbelluna, in rapido dissolvimento dopo l&#8217;alba. Dalla sera tendenza ad aumento della nuvolosit\u00e0 alta.<br \/>\n<b>Precipitazioni: <\/b>Assenti<br \/>\n<b>Temperature: <\/b>Temperature in calo con minime raggiunte in serata in quota.<\/p>\n<hr \/>\n<p><center><b>DOMANI<\/b><\/center>Tra notte e mattino nuvolosit\u00e0 medio-alta a tratti estesa con cielo velato. Dalle ore centrali schiarite via via pi\u00f9 ampie fino a poco nuvoloso per qualche velatura nel pomeriggio ed in serata.<br \/>\n<b>Precipitazioni: <\/b>Assenti<br \/>\n<b>Temperature: <\/b>Temperature in calo, specie le massime.<\/p>\n<hr \/>\n<p><center><b>MERCOLEDI<\/b><\/center>Al mattino sereno o poco nuvoloso, nel pomeriggio e soprattutto verso sera possibile irregolare aumento della nuvolosit\u00e0 medio-alta su Prealpi. Temperature minime in calo nelle valli e massime in lieve aumento.<\/p>\n<hr \/>\n<p><center><b>GIOVEDI<\/b><\/center>Tempo stabile con cielo sereno o poco nuvoloso. Temperature in aumento specie in quota e nei valori massimi, con accentuazione dell&#8217; inversione termica<\/p>\n<p>&nbsp;<\/p>\n<hr \/>\n<p>&nbsp;<\/p>\n<p>&nbsp;<\/p>\n<p class=\"mceTemp\"><a class=\"dt-pswp-item\" href=\"https:\/\/www.radiopiu.net\/wordpress\/wp-content\/uploads\/2018\/09\/sport.jpg\" data-dt-img-description=\"\" data-large_image_width=\"800\" data-large_image_height=\"100\"><img loading=\"lazy\" decoding=\"async\" class=\"aligncenter wp-image-60761 size-full\" src=\"https:\/\/www.radiopiu.net\/wordpress\/wp-content\/uploads\/2018\/09\/sport.jpg\" alt=\"\" width=\"800\" height=\"100\" srcset=\"https:\/\/www.radiopiu.net\/wordpress\/wp-content\/uploads\/2018\/09\/sport.jpg 800w, https:\/\/www.radiopiu.net\/wordpress\/wp-content\/uploads\/2018\/09\/sport-300x38.jpg 300w, https:\/\/www.radiopiu.net\/wordpress\/wp-content\/uploads\/2018\/09\/sport-768x96.jpg 768w\" sizes=\"auto, (max-width: 800px) 100vw, 800px\" \/><\/a><span style=\"color: #0000ff;\"><strong>\u00a0 \u00a0 \u00a0 \u00a0 \u00a0<\/strong><\/span><\/p>\n<p><span style=\"color: #0000ff;\"><strong>HOCKEY SU GHIACCIO\u00a0<\/strong><\/span><\/p>\n<blockquote>\n<h3>SECONDA VITTORIA CASALINGA DELLE CIVETTE: ATTERRATO IL DOBBIACO. IL FELTRE PERDE NEL FINALE CON L&#8217;APPIANO<\/h3>\n<\/blockquote>\n<p><strong>DI MARCO GAZ<\/strong><\/p>\n<p><span style=\"color: #ff0000;\"><strong>IHL \u2013 13\u00b0 GIORNATA<\/strong><\/span><\/p>\n<p><strong>ALLEGHE \u2013 DOBBIACO 6-2<\/strong><\/p>\n<p>PARZIALI: 2-0, 3-0, 1-2<\/p>\n<p>GOL: pt. 8\u201940\u201d Alessio, 14\u201947\u201d Moberg. st. 0\u201929\u201d e 16\u201914\u201d \u00a0Moberg, 16\u201935\u201d Angoletta. tt. 13\u201924\u201d Talamini, 16\u201934\u201d Lacedelli, 18\u201937\u201d Aleksandrov<\/p>\n<p>Con una grande prestazione l\u2019Alleghe incamera la vittoria contro il Dobbiaco. Le civette dettano legge contro gli orsi polari chiudendo la sfida nella seconda frazione di gioco. Gli altoatesini rimangono in partita per poco pi\u00f9 di mezz\u2019ora poi gli agordini hanno messo il sigillo sulla sfida concedendo poco o nulla agli avversari. Tre punti importanti per i biancorossi che rimangono in corsa per l\u2019accesso al master round. Gioved\u00ec ad Alleghe il recupero della sesta giornata: andr\u00e0 in scena il derby del Fedaia contro il Fassa. \u00a0Primi minuti di gara con le squadre che si studiano. L\u2019Alleghe sembra essere pi\u00f9 in forma impensierendo pi\u00f9 volte la squadra avversaria. Il Dobbiaco prova a rispondere ma Scola \u00e8 attento. Le civette prendono di mira il golie altoatesino alla prima superiorit\u00e0 numerica e Giacomo Alessio sblocca la partita. Il raddoppio arriva poco dopo, ancora una volta in powerplay. A spedire il disco in fondo al sacco questa volta ci pensa Moberg. ci prendono gusto gli agordini che continuano a premere alla ricerca del terzo gol. Marcatura alleghese che arriva ad inizio secondo drittel e a mettere la firma sul 3 a 0 ci pensa ancora Moberg. L\u2019Alleghe \u00e8 padrone del campo e sfiora la quarta rete della serata. I ritmi calano e le occasioni stentano ad arrivare. A fine secondo tempo due reti in rapida successione delle civette chiudono definitivamente la contesa. Alessio scappa e serve al centro per Moberg che firma la tripletta personale. Subito dopo Angoletta sigla la quinta marcatura. Terza frazione con i biancorossi che gestiscono al meglio la partita. Makela colpisce il palo dopo tu per tu con il portiere del Dobbiaco. Ospiti che accorciano le distanze con Talamini. Gli orsi polari vanno a segno di nuovo subito dopo in doppia superiorit\u00e0 numerica. Nel finale ci pensa Aleksandrov a regalare la sesta marcature alle civette.<\/p>\n<p><strong>LE FOTO DI MATTEO FLORIDIA<\/strong><\/p>\n\n\t\t\t<style type='text\/css'>\n\t\t\t\t#gallery-6 {\n\t\t\t\t\tmargin: auto;\n\t\t\t\t}\n\t\t\t\t#gallery-6 .gallery-item {\n\t\t\t\t\tfloat: left;\n\t\t\t\t\tmargin-top: 10px;\n\t\t\t\t\ttext-align: center;\n\t\t\t\t\twidth: 20%;\n\t\t\t\t}\n\t\t\t\t#gallery-6 img {\n\t\t\t\t\tborder: 2px solid #cfcfcf;\n\t\t\t\t}\n\t\t\t\t#gallery-6 .gallery-caption {\n\t\t\t\t\tmargin-left: 0;\n\t\t\t\t}\n\t\t\t\t\/* see gallery_shortcode() in wp-includes\/media.php *\/\n\t\t\t<\/style>\n\t\t<div id='gallery-6' class='dt-gallery-container gallery galleryid-418867 gallery-columns-5 gallery-size-thumbnail'><dl class='gallery-item'>\n\t\t\t\t<dt class='gallery-icon landscape'>\n\t\t\t\t\t<a class=\"rollover rollover-zoom dt-pswp-item\" title=\"D3S_8191\" data-dt-img-description=\"\" data-large_image_width=\"2560\" data-large_image_height=\"1853\"href='https:\/\/www.radiopiu.net\/wordpress\/wp-content\/uploads\/2024\/11\/D3S_8191-scaled.jpg'><img loading=\"lazy\" decoding=\"async\" width=\"150\" height=\"150\" src=\"https:\/\/www.radiopiu.net\/wordpress\/wp-content\/uploads\/2024\/11\/D3S_8191-150x150.jpg\" class=\"attachment-thumbnail size-thumbnail\" alt=\"\" \/><\/a>\n\t\t\t\t<\/dt><\/dl><dl class='gallery-item'>\n\t\t\t\t<dt class='gallery-icon landscape'>\n\t\t\t\t\t<a class=\"rollover rollover-zoom dt-pswp-item\" title=\"D3S_8233\" data-dt-img-description=\"\" data-large_image_width=\"2000\" data-large_image_height=\"1171\"href='https:\/\/www.radiopiu.net\/wordpress\/wp-content\/uploads\/2024\/11\/D3S_8233.jpg'><img loading=\"lazy\" decoding=\"async\" width=\"150\" height=\"150\" src=\"https:\/\/www.radiopiu.net\/wordpress\/wp-content\/uploads\/2024\/11\/D3S_8233-150x150.jpg\" class=\"attachment-thumbnail size-thumbnail\" alt=\"\" \/><\/a>\n\t\t\t\t<\/dt><\/dl><dl class='gallery-item'>\n\t\t\t\t<dt class='gallery-icon landscape'>\n\t\t\t\t\t<a class=\"rollover rollover-zoom dt-pswp-item\" title=\"D3S_8259\" data-dt-img-description=\"\" data-large_image_width=\"2000\" data-large_image_height=\"1331\"href='https:\/\/www.radiopiu.net\/wordpress\/wp-content\/uploads\/2024\/11\/D3S_8259.jpg'><img loading=\"lazy\" decoding=\"async\" width=\"150\" height=\"150\" src=\"https:\/\/www.radiopiu.net\/wordpress\/wp-content\/uploads\/2024\/11\/D3S_8259-150x150.jpg\" class=\"attachment-thumbnail size-thumbnail\" alt=\"\" \/><\/a>\n\t\t\t\t<\/dt><\/dl><dl class='gallery-item'>\n\t\t\t\t<dt class='gallery-icon landscape'>\n\t\t\t\t\t<a class=\"rollover rollover-zoom dt-pswp-item\" title=\"D3S_8391\" data-dt-img-description=\"\" data-large_image_width=\"2000\" data-large_image_height=\"1347\"href='https:\/\/www.radiopiu.net\/wordpress\/wp-content\/uploads\/2024\/11\/D3S_8391.jpg'><img loading=\"lazy\" decoding=\"async\" width=\"150\" height=\"150\" src=\"https:\/\/www.radiopiu.net\/wordpress\/wp-content\/uploads\/2024\/11\/D3S_8391-150x150.jpg\" class=\"attachment-thumbnail size-thumbnail\" alt=\"\" \/><\/a>\n\t\t\t\t<\/dt><\/dl><dl class='gallery-item'>\n\t\t\t\t<dt class='gallery-icon landscape'>\n\t\t\t\t\t<a class=\"rollover rollover-zoom dt-pswp-item\" title=\"D3S_8402\" data-dt-img-description=\"\" data-large_image_width=\"2000\" data-large_image_height=\"1329\"href='https:\/\/www.radiopiu.net\/wordpress\/wp-content\/uploads\/2024\/11\/D3S_8402.jpg'><img loading=\"lazy\" decoding=\"async\" width=\"150\" height=\"150\" src=\"https:\/\/www.radiopiu.net\/wordpress\/wp-content\/uploads\/2024\/11\/D3S_8402-150x150.jpg\" class=\"attachment-thumbnail size-thumbnail\" alt=\"\" \/><\/a>\n\t\t\t\t<\/dt><\/dl><br style=\"clear: both\" \/>\n\t\t\t<\/div>\n\n<p>&nbsp;<\/p>\n<p><strong>FELTRE \u2013 APPIANO 3-4<\/strong><\/p>\n<p>PARZIALI: 0-1, 1-2, 2-1<\/p>\n<p>GOL: pt. 15\u201936\u201d Graf. st. 3\u201950\u201d Engl, 11\u201948\u201d Williamson, 14\u201923\u201d Lytvynov. tt. 5\u201955\u201d Korkiakoski, 15\u201955\u201d Dall\u2019Agnol, 18\u201920\u201d Radin<\/p>\n<p>Il Feltre ci mette anima e corpo ma non riesce a fare punti in casa con l\u2019Appiano. I picchi vanno sotto per 3 a 0, pareggiano i conti e vengono beffati dagli altoatesini nel di finale di gara. Un vero peccato per i feltrini che hanno giocato alla pari con i pirati. L\u2019Appiano parte meglio e si avvicina al gol in pi\u00f9 occasioni. Il Feltre prova a reagire e nel momento migliore dei picchi gli altoatesini passano in vantaggio. Nel secondo tempo gli ospiti trovano il raddoppio. Pirati che trovano il terzo gol e padroni di casa che rispondono subito dopo accorciando le distanze. Nel terzo periodo i feltrini completano la rimonta con le reti di Korkiakoski e Dall\u2019Agnol. Ma sul finale di gara arriva la beffa con l\u2019Appiano che incamera i 3 punti in palio.<\/p>\n<p>&nbsp;<\/p>\n<p><span style=\"color: #0000ff;\"><strong>CALCIO<\/strong><\/span><\/p>\n<blockquote>\n<h3>L&#8217;ALPES CESIO ESPUGNA L&#8217;IVANO DORIGO DI AGORDO. IL FINE SETTIMANA DELL&#8217;AGORDINA CALCIO<\/h3>\n<\/blockquote>\n<p><strong><a class=\"dt-pswp-item\" href=\"https:\/\/www.radiopiu.net\/wordpress\/wp-content\/uploads\/2020\/05\/CALCIO-2020.jpg\" data-dt-img-description=\"\" data-large_image_width=\"1920\" data-large_image_height=\"1059\"><img loading=\"lazy\" decoding=\"async\" class=\" wp-image-135669 alignleft\" src=\"https:\/\/www.radiopiu.net\/wordpress\/wp-content\/uploads\/2020\/05\/CALCIO-2020-300x165.jpg\" alt=\"\" width=\"193\" height=\"106\" srcset=\"https:\/\/www.radiopiu.net\/wordpress\/wp-content\/uploads\/2020\/05\/CALCIO-2020-300x165.jpg 300w, https:\/\/www.radiopiu.net\/wordpress\/wp-content\/uploads\/2020\/05\/CALCIO-2020-1024x565.jpg 1024w, https:\/\/www.radiopiu.net\/wordpress\/wp-content\/uploads\/2020\/05\/CALCIO-2020-768x424.jpg 768w, https:\/\/www.radiopiu.net\/wordpress\/wp-content\/uploads\/2020\/05\/CALCIO-2020-1536x847.jpg 1536w, https:\/\/www.radiopiu.net\/wordpress\/wp-content\/uploads\/2020\/05\/CALCIO-2020.jpg 1920w\" sizes=\"auto, (max-width: 193px) 100vw, 193px\" \/><\/a>DI MARCO GAZ<\/strong><\/p>\n<p><span style=\"color: #ff0000;\"><strong>TERZA CATEGORIA<\/strong><\/span><\/p>\n<p><strong>AGORDINA \u2013 ALPES CESIO 0-2<\/strong><\/p>\n<p>La capolista espugna l\u2019Ivano Dorigo di Agordo con il minimo sforzo. Un vero peccato per l\u2019Agordina di Elvio Chiea che gioca la migliore partita della stagione ma non riesce a trovare il gol. Un match dominato dalla squadra di Agordo che ha subito due marcature su due furbate dell\u2019Alpes Cesio. Ospiti che passano su calcio di rigore. Mischia in area e massima punizione trasformata dal Cesio. L\u2019Agordina non demorde e ci prova in tutte le maniere ma il pallone non vuole entrare in rete. Sul finale di gara la seconda marcatura dell\u2019Alpes arriva da una punizione con il pallone che non viene toccato da nessuno e termina la sua corsa in fondo al sacco.<\/p>\n<p><strong>LA CLASSIFICA:<\/strong> Alpes Cesio 19, Fulgor Farra e Tambre 17, Piave, Fortogna e Auronzo 16, Lamonese 11, Dynamo Vellai 10, Agordina, Cortina e Valzoldana 9, Bellunese 4, Cadore 3, Valboite 1<\/p>\n<p><span style=\"color: #008000;\"><strong>GIOVANILI AGORDINA<\/strong><\/span><\/p>\n<p><span style=\"color: #ff0000;\"><strong>JUNIORES<\/strong><\/span><\/p>\n<p><strong>AGORDINA \u2013 JUVENTINA MUGNAI 2-0<\/strong><\/p>\n<p>Prestazione di cuore e carattere dell&#8217;Agordina Juniores contro la capolista Juventina, che arrivava ad Agordo a punteggio pieno. Dopo dieci minuti, \u00e8 Bressan a sbloccare la partita su assist di Valentino Marcon, che poco dopo raddoppia con un preciso pallonetto di testa, beffando il portiere in uscita. Nel secondo tempo, l&#8217;Agordina difende con ordine e grinta il doppio vantaggio conquistato nei primi 45 minuti, stringendo le fila davanti a Scola nonostante l\u2019inferiorit\u00e0 numerica. Una vittoria importante, dedicata al mister Cristian De Zaiacomo<\/p>\n<p><span style=\"color: #ff0000;\"><strong>ALLIEVI<\/strong><\/span><\/p>\n<p><strong>CASTION \u2013 AGORDINA 1-3<\/strong><\/p>\n<p>Dalla trasferta di Castion, l&#8217;Agordina torna a casa con 3 preziosi punti. La partita inizia con una fase di studio, fino al 30&#8242;, quando il Castion sfrutta una punizione dalla trequarti e segna il gol del vantaggio in mischia nell&#8217;area di rigore. L&#8217;Agordina reagisce subito e, tra il 45&#8242; e il 46&#8242;, ribalta il risultato grazie ai tiri angolati di Soccol e Favero, che mandano la palla nell&#8217;angolino destro della porta. Nel secondo tempo, al 57&#8242;, \u00e8 ancora Soccol a segnare: recupera palla, entra in area e insacca. La partita si conclude con un po&#8217; di nervosismo, ma l&#8217;Agordina gestisce bene e porta a casa i 3 punti.<\/p>\n<p><span style=\"color: #ff0000;\"><strong>GIOVANISSIMI<\/strong><\/span><\/p>\n<p><span style=\"color: #ff0000;\"><strong>GIRONE A<\/strong><\/span><\/p>\n<p><strong>AGORDINA \u2013 PEDAVENA 1-1<\/strong><\/p>\n<p>Il match contro la capolista Pedavena si chiude in parit\u00e0 per la squadra A dell\u2019Agordina Giovanissimi, che ancora una volta raccoglie forse meno di quanto seminato. Partita nel complesso equilibrata, con gli ospiti che trovano il vantaggio nel primo tempo grazie a un disimpegno un po&#8217; confuso all&#8217;interno dell&#8217;area di rigore. L&#8217;Agordina non si perde d\u2019animo, crea numerose occasioni, ma deve ancora migliorare in fase di finalizzazione. Solo a pochi minuti dalla fine Dherek Dell&#8217;Osbel riesce a concretizzare un\u2019azione personale, realizzando un eurogol con un tiro che si insacca sotto la traversa.<\/p>\n<p><span style=\"color: #ff0000;\"><strong>GIRONE B<\/strong><\/span><\/p>\n<p><strong>PEDAVENA \u2013 AGORDINA 4-0<\/strong><\/p>\n<p>Dopo la prova di carattere della settimana scorsa, ci si aspettava forse qualcosa in pi\u00f9 dall&#8217;Agordina, che \u00e8 apparsa timorosa e poco sicura, soprattutto all&#8217;inizio. Il 3-0 al termine della prima frazione riflette il dominio degli avversari in campo. Nella ripresa, la squadra ha mostrato un atteggiamento migliore, mantenendo l&#8217;equilibrio e creando anche qualche occasione. Tuttavia, il quarto gol \u00e8 arrivato a punire forse l&#8217;unica incertezza difensiva del secondo tempo.<\/p>\n<h2>ASCOLTA L&#8217;ULTIMA PUNTATA DI AGORDINA IN PRIMA LINEA <a href=\"https:\/\/www.radiopiu.net\/wordpress\/agordina-in-prima-linea-ogni-domenica-su-radio-piu-il-podcast\/\"><span style=\"color: #3366ff;\">CLICCA QUI<\/span><\/a><\/h2>\n<blockquote>\n<h3>L&#8217;ALPAGO E IL PALLONE, UNA GRANDE UNICA PASSIONE<\/h3>\n<\/blockquote>\n<p><strong><a class=\"dt-pswp-item\" href=\"https:\/\/www.radiopiu.net\/wordpress\/wp-content\/uploads\/2024\/11\/c8886780-8754-4086-81c7-3682baa5f8d6.jpg\" data-dt-img-description=\"\" data-large_image_width=\"1127\" data-large_image_height=\"1600\"><img loading=\"lazy\" decoding=\"async\" class=\" wp-image-419056 alignleft\" src=\"https:\/\/www.radiopiu.net\/wordpress\/wp-content\/uploads\/2024\/11\/c8886780-8754-4086-81c7-3682baa5f8d6-211x300.jpg\" alt=\"\" width=\"132\" height=\"188\" srcset=\"https:\/\/www.radiopiu.net\/wordpress\/wp-content\/uploads\/2024\/11\/c8886780-8754-4086-81c7-3682baa5f8d6-211x300.jpg 211w, https:\/\/www.radiopiu.net\/wordpress\/wp-content\/uploads\/2024\/11\/c8886780-8754-4086-81c7-3682baa5f8d6-721x1024.jpg 721w, https:\/\/www.radiopiu.net\/wordpress\/wp-content\/uploads\/2024\/11\/c8886780-8754-4086-81c7-3682baa5f8d6-768x1090.jpg 768w, https:\/\/www.radiopiu.net\/wordpress\/wp-content\/uploads\/2024\/11\/c8886780-8754-4086-81c7-3682baa5f8d6-1082x1536.jpg 1082w, https:\/\/www.radiopiu.net\/wordpress\/wp-content\/uploads\/2024\/11\/c8886780-8754-4086-81c7-3682baa5f8d6.jpg 1127w\" sizes=\"auto, (max-width: 132px) 100vw, 132px\" \/><\/a>ALPAGO<\/strong><\/p>\n<p>DI ROBERTO BONA<\/p>\n<audio class=\"wp-audio-shortcode\" id=\"audio-418867-13\" preload=\"none\" style=\"width: 100%;\" controls=\"controls\"><source type=\"audio\/mpeg\" src=\"https:\/\/www.radiopiu.net\/wordpress\/wp-content\/uploads\/2024\/11\/BONA-LALPAGO-E-IL-PALLONE.mp3?_=13\" \/><a href=\"https:\/\/www.radiopiu.net\/wordpress\/wp-content\/uploads\/2024\/11\/BONA-LALPAGO-E-IL-PALLONE.mp3\">https:\/\/www.radiopiu.net\/wordpress\/wp-content\/uploads\/2024\/11\/BONA-LALPAGO-E-IL-PALLONE.mp3<\/a><\/audio>\n<p>&nbsp;<\/p>\n<p><span style=\"color: #0000ff;\"><strong>PALLAVOLO<\/strong><\/span><\/p>\n<blockquote>\n<h3>LA SB VOLLEY VINCE AL TIE BREAK<\/h3>\n<\/blockquote>\n<p><b><a class=\"dt-pswp-item\" href=\"https:\/\/www.radiopiu.net\/wordpress\/wp-content\/uploads\/2024\/11\/SB_Volley_in_festa.jpg\" data-dt-img-description=\"\" data-large_image_width=\"1350\" data-large_image_height=\"1080\"><img loading=\"lazy\" decoding=\"async\" class=\" wp-image-418980 alignleft\" src=\"https:\/\/www.radiopiu.net\/wordpress\/wp-content\/uploads\/2024\/11\/SB_Volley_in_festa-300x240.jpg\" alt=\"\" width=\"179\" height=\"143\" srcset=\"https:\/\/www.radiopiu.net\/wordpress\/wp-content\/uploads\/2024\/11\/SB_Volley_in_festa-300x240.jpg 300w, https:\/\/www.radiopiu.net\/wordpress\/wp-content\/uploads\/2024\/11\/SB_Volley_in_festa-1024x819.jpg 1024w, https:\/\/www.radiopiu.net\/wordpress\/wp-content\/uploads\/2024\/11\/SB_Volley_in_festa-768x614.jpg 768w, https:\/\/www.radiopiu.net\/wordpress\/wp-content\/uploads\/2024\/11\/SB_Volley_in_festa.jpg 1350w\" sizes=\"auto, (max-width: 179px) 100vw, 179px\" \/><\/a>SB VOLLEY-COLOMBO 3-2 (<\/b><strong>25-20, 19-25, 25-22, 18-25. 15-9)<\/strong><\/p>\n<p>La SB Volley conquista una vittoria importante nella sua seconda gara casalinga di campionato, battendo il Colombo al tie-break. Nonostante l&#8217;assenza di due giocatrici esperte, Nausicaa Maschio e Claudia Fiabane, la squadra guidata da Josh De Salvador ha dimostrato determinazione, con Beatrice Barp che si \u00e8 distinta segnando 23 punti e supportata da una Consoli efficace e dalla capitana De Barba. Dopo un inizio difficile, la SB Volley ha reagito con grinta, vincendo il primo set e dimostrandosi solida a muro nel secondo. Nel tie-break, la squadra ha dominato, chiudendo la gara con un parziale di 11-1. La top scorer Barp ha elogiato il carattere della squadra, sottolineando la volont\u00e0 di puntare in alto.<\/p>\n<p>&nbsp;<\/p>\n<p><span style=\"color: #0000ff;\"><strong>MOTORI<\/strong><\/span><\/p>\n<blockquote>\n<h3>ANDREA FONTANA IN PISTA A JEREZ<\/h3>\n<\/blockquote>\n<p><a class=\"dt-pswp-item\" href=\"https:\/\/www.radiopiu.net\/wordpress\/wp-content\/uploads\/2024\/11\/Fontana.jpg\" data-dt-img-description=\"\" data-large_image_width=\"2048\" data-large_image_height=\"1365\"><img loading=\"lazy\" decoding=\"async\" class=\" wp-image-419013 alignleft\" src=\"https:\/\/www.radiopiu.net\/wordpress\/wp-content\/uploads\/2024\/11\/Fontana-300x200.jpg\" alt=\"\" width=\"164\" height=\"109\" srcset=\"https:\/\/www.radiopiu.net\/wordpress\/wp-content\/uploads\/2024\/11\/Fontana-300x200.jpg 300w, https:\/\/www.radiopiu.net\/wordpress\/wp-content\/uploads\/2024\/11\/Fontana-1024x683.jpg 1024w, https:\/\/www.radiopiu.net\/wordpress\/wp-content\/uploads\/2024\/11\/Fontana-768x512.jpg 768w, https:\/\/www.radiopiu.net\/wordpress\/wp-content\/uploads\/2024\/11\/Fontana-1536x1024.jpg 1536w, https:\/\/www.radiopiu.net\/wordpress\/wp-content\/uploads\/2024\/11\/Fontana.jpg 2048w\" sizes=\"auto, (max-width: 164px) 100vw, 164px\" \/><\/a>Settimana cruciale per Andrea Fontana, impegnato nel Lamborghini Super Trofeo Europe e nelle World Finals 2024, in programma sul circuito di Jerez-\u00c1ngel Nieto in Andalusia. Dopo aver corso l\u2019apertura della stagione a Imola, Fontana ritorna con DL Racing e Luca Seg\u00f9, compagno di squadra con cui ha conquistato il titolo di vicecampioni nel Campionato Italiano Gran Turismo Endurance. L\u2019obiettivo \u00e8 qualificarsi tra i migliori piloti Pro. Il circuito spagnolo richiama bei ricordi per Fontana, gi\u00e0 vincitore delle Lamborghini World Finals in classe Pro-Am nel 2016. Dopo i test iniziali, il programma prevede due sessioni di qualifica e gare da 50 minuti, seguite dalle decisive World Finals.<\/p>\n<p>&nbsp;<\/p>\n<p><span style=\"color: #0000ff;\"><strong>CORSA CAMPESTRE<\/strong><\/span><\/p>\n<blockquote>\n<h3><a class=\"dt-pswp-item\" href=\"https:\/\/www.radiopiu.net\/wordpress\/wp-content\/uploads\/2024\/11\/1_lamon-3.-prova-prov-csi-10.11.2024_credito-chiara-pierotti.jpg\" data-dt-img-description=\"\" data-large_image_width=\"2048\" data-large_image_height=\"1365\"><img loading=\"lazy\" decoding=\"async\" class=\" wp-image-419069 alignleft\" src=\"https:\/\/www.radiopiu.net\/wordpress\/wp-content\/uploads\/2024\/11\/1_lamon-3.-prova-prov-csi-10.11.2024_credito-chiara-pierotti-300x200.jpg\" alt=\"\" width=\"245\" height=\"163\" srcset=\"https:\/\/www.radiopiu.net\/wordpress\/wp-content\/uploads\/2024\/11\/1_lamon-3.-prova-prov-csi-10.11.2024_credito-chiara-pierotti-300x200.jpg 300w, https:\/\/www.radiopiu.net\/wordpress\/wp-content\/uploads\/2024\/11\/1_lamon-3.-prova-prov-csi-10.11.2024_credito-chiara-pierotti-1024x683.jpg 1024w, https:\/\/www.radiopiu.net\/wordpress\/wp-content\/uploads\/2024\/11\/1_lamon-3.-prova-prov-csi-10.11.2024_credito-chiara-pierotti-768x512.jpg 768w, https:\/\/www.radiopiu.net\/wordpress\/wp-content\/uploads\/2024\/11\/1_lamon-3.-prova-prov-csi-10.11.2024_credito-chiara-pierotti-1536x1024.jpg 1536w, https:\/\/www.radiopiu.net\/wordpress\/wp-content\/uploads\/2024\/11\/1_lamon-3.-prova-prov-csi-10.11.2024_credito-chiara-pierotti.jpg 2048w\" sizes=\"auto, (max-width: 245px) 100vw, 245px\" \/><\/a>IN 472 ALLA CAMPESTRE DI LAMON<\/h3>\n<\/blockquote>\n<p>A Lamon, si \u00e8 svolta la terza prova del Campionato provinciale di corsa campestre, organizzata dall&#8217;Atletica Lamon e dal Centro sportivo Italiano (Csi) di Belluno e Feltre. Hanno partecipato 472 atleti, con il Gs La Piave 2000 che ha vinto la classifica per societ\u00e0 (544 punti), seguito dall\u2019Astra Quero (481) e Virtus Nemeggio (413). La Piave 2000 ha prevalso anche nella categoria giovanile, mentre nelle categorie assolute ha trionfato Astra Quero (340 punti). Le gare individuali sono state vinte da Mihail Sirbu (Gs Castionese) e Manuela Bulf (Atletica Agordina). La prossima gara \u00e8 prevista per il 24 novembre a Santa Giustina.<\/p>\n<p>&nbsp;<\/p>\n","protected":false},"excerpt":{"rendered":"<p>******* &nbsp; SAN MARTINO, PATRONO DI BELLUNO. OGGI LA CONSEGNA DEL PREMIO A DINO BRIDDA, CON I COMPLIMENTI DELLA REDAZIONE DI RADIO PIU&#8217;\u00a0\u00a0 &nbsp; DI DANIELE DALVIT Con Dino Bridda, vincitore del premio San Martino 2024 &nbsp; \u00a0 La nebbia a gl&#8217;irti colli piovigginando sale, e sotto il maestrale urla e biancheggia il mar; ma&hellip;<\/p>\n","protected":false},"author":4,"featured_media":419115,"comment_status":"closed","ping_status":"closed","sticky":false,"template":"","format":"standard","meta":{"_monsterinsights_skip_tracking":false,"_monsterinsights_sitenote_active":false,"_monsterinsights_sitenote_note":"","_monsterinsights_sitenote_category":0,"footnotes":""},"categories":[51,86,49],"tags":[],"class_list":["post-418867","post","type-post","status-publish","format-standard","has-post-thumbnail","hentry","category-evidenza-top","category-gr","category-news-18","category-51","category-86","category-49","description-off"],"img_url":"https:\/\/www.radiopiu.net\/wordpress\/wp-content\/uploads\/2024\/11\/Senza-nome-51.png","_links":{"self":[{"href":"https:\/\/www.radiopiu.net\/wordpress\/wp-json\/wp\/v2\/posts\/418867","targetHints":{"allow":["GET"]}}],"collection":[{"href":"https:\/\/www.radiopiu.net\/wordpress\/wp-json\/wp\/v2\/posts"}],"about":[{"href":"https:\/\/www.radiopiu.net\/wordpress\/wp-json\/wp\/v2\/types\/post"}],"author":[{"embeddable":true,"href":"https:\/\/www.radiopiu.net\/wordpress\/wp-json\/wp\/v2\/users\/4"}],"replies":[{"embeddable":true,"href":"https:\/\/www.radiopiu.net\/wordpress\/wp-json\/wp\/v2\/comments?post=418867"}],"version-history":[{"count":47,"href":"https:\/\/www.radiopiu.net\/wordpress\/wp-json\/wp\/v2\/posts\/418867\/revisions"}],"predecessor-version":[{"id":419137,"href":"https:\/\/www.radiopiu.net\/wordpress\/wp-json\/wp\/v2\/posts\/418867\/revisions\/419137"}],"wp:featuredmedia":[{"embeddable":true,"href":"https:\/\/www.radiopiu.net\/wordpress\/wp-json\/wp\/v2\/media\/419115"}],"wp:attachment":[{"href":"https:\/\/www.radiopiu.net\/wordpress\/wp-json\/wp\/v2\/media?parent=418867"}],"wp:term":[{"taxonomy":"category","embeddable":true,"href":"https:\/\/www.radiopiu.net\/wordpress\/wp-json\/wp\/v2\/categories?post=418867"},{"taxonomy":"post_tag","embeddable":true,"href":"https:\/\/www.radiopiu.net\/wordpress\/wp-json\/wp\/v2\/tags?post=418867"}],"curies":[{"name":"wp","href":"https:\/\/api.w.org\/{rel}","templated":true}]}}