{"id":418912,"date":"2024-11-12T05:44:19","date_gmt":"2024-11-12T04:44:19","guid":{"rendered":"https:\/\/www.radiopiu.net\/wordpress\/?p=418912"},"modified":"2024-11-12T05:53:17","modified_gmt":"2024-11-12T04:53:17","slug":"dillo-a-radio-piu-il","status":"publish","type":"post","link":"https:\/\/www.radiopiu.net\/wordpress\/dillo-a-radio-piu-il\/","title":{"rendered":"IL BIDONCINO SVUOTATO E IL RAGAZZO DALLA BANDANA"},"content":{"rendered":"<p>***<\/p>\n<p><strong>SAN TOMASO<\/strong> C\u2019\u00e8 posta per Radio Pi\u00f9, la protagonista \u00e8 di nuovo Stefania. Sequel del bidoncino dell\u2019umido,\u00a0 del suo mancato svuotamento. Oggi un operatore di Valpe non solo ha recuperato&#8230;ma ha pure caricato l&#8217;esubero.\u00a0 Per Stefania un\u00a0 moderno cavaliere dalla bandana, alias il ragazzo della raccolta, di cui la nostra ascoltatrice di San Tomaso non conosce il nome. Dopo un cambio di percorsi e operatori, la strada di Stefania era rimasta orfana del servizio perfetto. Ma ecco, come nei migliori romanzi, il nostro protagonista dalla bandana compare, raccoglie il bidoncino e anche l\u2019esubero accumulato. Questo atto Stefania lo segnala anche a Valpe perch\u00e8 <em>&#8220;Va bene le critiche &#8211; dice Stefania &#8211; ma anche i meriti come questo vanno ampiamente riconosciuti&#8221;.<\/em> Ora, l\u2019appello al cielo: \u201cValpe, sappiatelo, avete un campione fra voi!\u201d. Che la sua bandana sventoli sempre sulle vie di Stefania e che ogni bidoncino possa essere visto, raccolto e celebrato come si deve.<\/p>\n<p>&nbsp;<\/p>\n<p><strong>AGORDO<\/strong> Anche Valpe ha risposto a Stefania,<i> &#8220;evidenziamo che la mancata raccolta, segnalata venerd\u00ec scorso, questa mattina \u00e8 gi\u00e0 stata recuperata; in tale occasione, il nostro addetto ha avuto modo di parlare con l&#8217;utenza per scusarsi del disservizio e per spiegare le difficolt\u00e0 riscontrate, legate ad una errata esposizione del contenitore.\u00a0<\/i><i>Nel punto in cui era esposto, infatti, il bidoncino risultava, per chi percorre la strada, <\/i><i>parzialmente nascosto dalle recinzioni, soprattutto quando il servizio viene effettuato al mattino presto e la visibilit\u00e0 \u00e8 ridotta a causa della scarsa luce disponibile. <\/i><i>L&#8217;operatore ha quindi suggerito all&#8217;utente di spostare leggermente l&#8217;esposizione del contenitore per garantire una sua pi\u00f9 facile individuazione; un piccolo accorgimento che l&#8217;utente ha accolto, dimostrando comprensione e collaborazione per il miglioramento del servizio di raccolta&#8221;.<\/p>\n<p><\/i><\/p>\n<p>&nbsp;<\/p>\n<p><strong>ieri alla radio<\/strong><\/p>\n<p>DILLO A RADIO PIU&#8217; . . .Il Bidoncino Invisibile<\/p>\n<p><img loading=\"lazy\" decoding=\"async\" class=\"alignleft\" src=\"https:\/\/www.radiopiu.net\/wordpress\/wp-content\/uploads\/2024\/11\/Senza-nome-48.png\" width=\"227\" height=\"126\" \/>Stefania, residente a San Tomaso, in una via in cui l&#8217;umido sfida le leggi della fisica e diventa invisibile, ha raccontato a RADIOPI\u00d9 l&#8217;ennesima epica battaglia con il bidoncino marroncino che, per qualche misteriosa ragione, resta non raccolto dagli uomini della Valpe. Forse,\u00a0 fosse fucsia fluorescente, anzich\u00e8 marroncino andante come l&#8217;ambiente circostante&#8230;<\/p>\n<p>E cos\u00ec, tra un sospiro e una scrollata di spalle, Stefania spiega come il suo umido sia finito ancora una volta sotto ad uno scalone esterno, non tra le mura domestiche dove vi rimarr\u00e0 per quattro giorni <em>&#8220;Infatti &#8211; dice Stefania &#8211; mica \u00e8 previsto il recupero anche&#8221;<\/em>. La prossima sfida? Tenere lontani gli animali selvatici, perch\u00e9 nessun procione resiste a un piatto di avanzi su uno scalone, il lupo in mancanza di pecore, asini, cervi, ne va comunque ghiotto e si sfama in parte senza grandi fatiche. E se proprio non si pu\u00f2 evitare, Stefania consiglia un deposito per le &#8220;raccolte mancate&#8221;.<\/p>\n<p>__Valpe dicendomi che&#8217; segnalava per fare un recupero oggi ( in tutti questi anni i recuperi su segnalazione non vengono mai effettuati prima della successiva raccolta da calendario) .io mi ritrovo un esubero molto pesante e dovr\u00f2 attendere 4 giorni prima che recuperino &#8230;&#8221;<\/p>\n","protected":false},"excerpt":{"rendered":"<p>*** SAN TOMASO C\u2019\u00e8 posta per Radio Pi\u00f9, la protagonista \u00e8 di nuovo Stefania. Sequel del bidoncino dell\u2019umido,\u00a0 del suo mancato svuotamento. Oggi un operatore di Valpe non solo ha recuperato&#8230;ma ha pure caricato l&#8217;esubero.\u00a0 Per Stefania un\u00a0 moderno cavaliere dalla bandana, alias il ragazzo della raccolta, di cui la nostra ascoltatrice di San Tomaso&hellip;<\/p>\n","protected":false},"author":4,"featured_media":418913,"comment_status":"closed","ping_status":"closed","sticky":false,"template":"","format":"standard","meta":{"_monsterinsights_skip_tracking":false,"_monsterinsights_sitenote_active":false,"_monsterinsights_sitenote_note":"","_monsterinsights_sitenote_category":0,"footnotes":""},"categories":[51,49],"tags":[],"class_list":["post-418912","post","type-post","status-publish","format-standard","has-post-thumbnail","hentry","category-evidenza-top","category-news-18","category-51","category-49","description-off"],"img_url":"https:\/\/www.radiopiu.net\/wordpress\/wp-content\/uploads\/2024\/11\/Senza-nome-48.png","_links":{"self":[{"href":"https:\/\/www.radiopiu.net\/wordpress\/wp-json\/wp\/v2\/posts\/418912","targetHints":{"allow":["GET"]}}],"collection":[{"href":"https:\/\/www.radiopiu.net\/wordpress\/wp-json\/wp\/v2\/posts"}],"about":[{"href":"https:\/\/www.radiopiu.net\/wordpress\/wp-json\/wp\/v2\/types\/post"}],"author":[{"embeddable":true,"href":"https:\/\/www.radiopiu.net\/wordpress\/wp-json\/wp\/v2\/users\/4"}],"replies":[{"embeddable":true,"href":"https:\/\/www.radiopiu.net\/wordpress\/wp-json\/wp\/v2\/comments?post=418912"}],"version-history":[{"count":5,"href":"https:\/\/www.radiopiu.net\/wordpress\/wp-json\/wp\/v2\/posts\/418912\/revisions"}],"predecessor-version":[{"id":419200,"href":"https:\/\/www.radiopiu.net\/wordpress\/wp-json\/wp\/v2\/posts\/418912\/revisions\/419200"}],"wp:featuredmedia":[{"embeddable":true,"href":"https:\/\/www.radiopiu.net\/wordpress\/wp-json\/wp\/v2\/media\/418913"}],"wp:attachment":[{"href":"https:\/\/www.radiopiu.net\/wordpress\/wp-json\/wp\/v2\/media?parent=418912"}],"wp:term":[{"taxonomy":"category","embeddable":true,"href":"https:\/\/www.radiopiu.net\/wordpress\/wp-json\/wp\/v2\/categories?post=418912"},{"taxonomy":"post_tag","embeddable":true,"href":"https:\/\/www.radiopiu.net\/wordpress\/wp-json\/wp\/v2\/tags?post=418912"}],"curies":[{"name":"wp","href":"https:\/\/api.w.org\/{rel}","templated":true}]}}