{"id":419018,"date":"2024-11-11T05:28:33","date_gmt":"2024-11-11T04:28:33","guid":{"rendered":"https:\/\/www.radiopiu.net\/wordpress\/?p=419018"},"modified":"2024-11-11T05:30:20","modified_gmt":"2024-11-11T04:30:20","slug":"fuori-strada-s","status":"publish","type":"post","link":"https:\/\/www.radiopiu.net\/wordpress\/fuori-strada-s\/","title":{"rendered":"Tre giovani si schiantano contro un albero a Livinallongo: un ferito grave e due lievi"},"content":{"rendered":"<p>******<\/p>\n<blockquote>\n<h3>Pochi metri\u00a0 di strada,\u00a0 perso il controllo del veicolo \u00e8 andato a <strong>schiantarsi contro un albero.\u00a0<\/strong><\/h3>\n<\/blockquote>\n<p><strong><a class=\"dt-pswp-item\" href=\"https:\/\/www.radiopiu.net\/wordpress\/wp-content\/uploads\/2024\/11\/912389d2-83a0-4598-8fc9-4f0c42e5dcbd.jpg\" data-dt-img-description=\"\" data-large_image_width=\"1600\" data-large_image_height=\"719\"><img loading=\"lazy\" decoding=\"async\" class=\"size-medium wp-image-419038 alignleft\" src=\"https:\/\/www.radiopiu.net\/wordpress\/wp-content\/uploads\/2024\/11\/912389d2-83a0-4598-8fc9-4f0c42e5dcbd-300x135.jpg\" alt=\"\" width=\"300\" height=\"135\" srcset=\"https:\/\/www.radiopiu.net\/wordpress\/wp-content\/uploads\/2024\/11\/912389d2-83a0-4598-8fc9-4f0c42e5dcbd-300x135.jpg 300w, https:\/\/www.radiopiu.net\/wordpress\/wp-content\/uploads\/2024\/11\/912389d2-83a0-4598-8fc9-4f0c42e5dcbd-1024x460.jpg 1024w, https:\/\/www.radiopiu.net\/wordpress\/wp-content\/uploads\/2024\/11\/912389d2-83a0-4598-8fc9-4f0c42e5dcbd-768x345.jpg 768w, https:\/\/www.radiopiu.net\/wordpress\/wp-content\/uploads\/2024\/11\/912389d2-83a0-4598-8fc9-4f0c42e5dcbd-1536x690.jpg 1536w, https:\/\/www.radiopiu.net\/wordpress\/wp-content\/uploads\/2024\/11\/912389d2-83a0-4598-8fc9-4f0c42e5dcbd.jpg 1600w\" sizes=\"auto, (max-width: 300px) 100vw, 300px\" \/><\/a>LIVINALLONGO<\/strong><\/p>\n<div class=\"flex-1 overflow-hidden\">\n<div class=\"h-full\">\n<div class=\"react-scroll-to-bottom--css-amljr-79elbk h-full\">\n<div class=\"react-scroll-to-bottom--css-amljr-1n7m0yu\">\n<div class=\"flex flex-col text-sm md:pb-9\">\n<article class=\"w-full scroll-mb-[var(--thread-trailing-height)] text-token-text-primary focus-visible:outline-2 focus-visible:outline-offset-[-4px]\" dir=\"auto\" data-testid=\"conversation-turn-5\" data-scroll-anchor=\"true\">\n<div class=\"m-auto text-base py-[18px] px-3 md:px-4 w-full md:px-5 lg:px-4 xl:px-5\">\n<div class=\"mx-auto flex flex-1 gap-4 text-base md:gap-5 lg:gap-6 md:max-w-3xl lg:max-w-[40rem] xl:max-w-[48rem]\">\n<div class=\"group\/conversation-turn relative flex w-full min-w-0 flex-col agent-turn\">\n<div class=\"flex-col gap-1 md:gap-3\">\n<div class=\"flex max-w-full flex-col flex-grow\">\n<div class=\"min-h-8 text-message flex w-full flex-col items-end gap-2 whitespace-normal break-words [.text-message+&amp;]:mt-5\" dir=\"auto\" data-message-author-role=\"assistant\" data-message-id=\"ae31c9ff-d5ab-4186-aa46-b925ccaa288b\" data-message-model-slug=\"gpt-4o\">\n<div class=\"flex w-full flex-col gap-1 empty:hidden first:pt-[3px]\">\n<div class=\"markdown prose w-full break-words dark:prose-invert dark\">\n<p>Nella notte tra sabato e domenica, un incidente stradale ha scosso la comunit\u00e0 di Livinallongo, lasciando il bilancio di un ferito grave e due lievi. Intorno alle 2, tre minorenni del posto, di et\u00e0 compresa tra i 16 e i 17 anni, hanno preso l&#8217;auto di un amico maggiorenne senza il suo consenso e hanno iniziato a percorrere la strada in direzione Vallazza. L&#8217;incidente \u00e8 avvenuto quando il conducente ha perso il controllo del veicolo, una Volkswagen Polo, andando a schiantarsi contro un albero lungo una strada dissestata e chiusa al traffico. L&#8217;allarme \u00e8 scattato verso le 2:30, quando sul posto sono intervenuti i carabinieri della stazione di Arabba, i vigili del fuoco e il personale del Suem. La scena che si \u00e8 presentata era quella di un&#8217;auto gravemente danneggiata nella parte anteriore e abbandonata sul bordo della strada. Gli accertamenti hanno confermato che il mezzo era stato sottratto dal gruppetto di amici a un <a class=\"dt-pswp-item\" href=\"https:\/\/www.radiopiu.net\/wordpress\/wp-content\/uploads\/2024\/11\/Senza-nome-51.png\" data-dt-img-description=\"\" data-large_image_width=\"399\" data-large_image_height=\"247\"><img loading=\"lazy\" decoding=\"async\" class=\"size-medium wp-image-419115 alignright\" src=\"https:\/\/www.radiopiu.net\/wordpress\/wp-content\/uploads\/2024\/11\/Senza-nome-51-300x186.png\" alt=\"\" width=\"300\" height=\"186\" srcset=\"https:\/\/www.radiopiu.net\/wordpress\/wp-content\/uploads\/2024\/11\/Senza-nome-51-300x186.png 300w, https:\/\/www.radiopiu.net\/wordpress\/wp-content\/uploads\/2024\/11\/Senza-nome-51.png 399w\" sizes=\"auto, (max-width: 300px) 100vw, 300px\" \/><\/a>proprietario ignaro. Il conducente ha riportato un trauma cranico significativo ed \u00e8 stato elitrasportato all&#8217;ospedale di Trento, dove \u00e8 ricoverato in prognosi riservata. Sebbene le sue condizioni siano gravi, sono descritte come stazionarie. I passeggeri, sono stati invece medicati per ferite leggere e hanno fatto ritorno a casa nella mattinata successiva. Nonostante la paura e lo choc per l&#8217;accaduto, la loro salute non desta preoccupazioni.<\/p>\n<p>La strada dove \u00e8 avvenuto l&#8217;incidente \u00e8 conosciuta per essere in cattive condizioni, soprattutto dopo il passaggio della tempesta Vaia, ed \u00e8 ufficialmente chiusa al traffico. Tuttavia, l&#8217;inesperienza e l&#8217;imprudenza dei giovani, unite alla convinzione che l&#8217;orario notturno li mettesse al riparo da rischi maggiori, hanno contribuito alla tragedia sfiorata. Le autorit\u00e0 hanno gi\u00e0 comminato sanzioni amministrative per guida senza patente e proseguono gli accertamenti per ricostruire con precisione la dinamica dei fatti e le responsabilit\u00e0. La comunit\u00e0 di Livinallongo, che conosce bene i tre giovani, \u00e8 rimasta profondamente colpita dalla notizia. Il caso ha riacceso il dibattito sulla sicurezza stradale e sulla necessit\u00e0 di educare i giovani a\u00a0 comportamenti pi\u00f9 responsabili.\u00a0 (foto archivio)<\/p>\n<p>&nbsp;<\/p>\n<\/div>\n<\/div>\n<hr \/>\n<p>&nbsp;<\/p>\n<\/div>\n<\/div>\n<\/div>\n<\/div>\n<\/div>\n<\/div>\n<\/article>\n<\/div>\n<\/div>\n<\/div>\n<\/div>\n<\/div>\n","protected":false},"excerpt":{"rendered":"<p>****** Pochi metri\u00a0 di strada,\u00a0 perso il controllo del veicolo \u00e8 andato a schiantarsi contro un albero.\u00a0 LIVINALLONGO Nella notte tra sabato e domenica, un incidente stradale ha scosso la comunit\u00e0 di Livinallongo, lasciando il bilancio di un ferito grave e due lievi. Intorno alle 2, tre minorenni del posto, di et\u00e0 compresa tra i&hellip;<\/p>\n","protected":false},"author":4,"featured_media":419038,"comment_status":"closed","ping_status":"closed","sticky":false,"template":"","format":"standard","meta":{"_monsterinsights_skip_tracking":false,"_monsterinsights_sitenote_active":false,"_monsterinsights_sitenote_note":"","_monsterinsights_sitenote_category":0,"footnotes":""},"categories":[51,49],"tags":[],"class_list":["post-419018","post","type-post","status-publish","format-standard","has-post-thumbnail","hentry","category-evidenza-top","category-news-18","category-51","category-49","description-off"],"img_url":"https:\/\/www.radiopiu.net\/wordpress\/wp-content\/uploads\/2024\/11\/912389d2-83a0-4598-8fc9-4f0c42e5dcbd.jpg","_links":{"self":[{"href":"https:\/\/www.radiopiu.net\/wordpress\/wp-json\/wp\/v2\/posts\/419018","targetHints":{"allow":["GET"]}}],"collection":[{"href":"https:\/\/www.radiopiu.net\/wordpress\/wp-json\/wp\/v2\/posts"}],"about":[{"href":"https:\/\/www.radiopiu.net\/wordpress\/wp-json\/wp\/v2\/types\/post"}],"author":[{"embeddable":true,"href":"https:\/\/www.radiopiu.net\/wordpress\/wp-json\/wp\/v2\/users\/4"}],"replies":[{"embeddable":true,"href":"https:\/\/www.radiopiu.net\/wordpress\/wp-json\/wp\/v2\/comments?post=419018"}],"version-history":[{"count":9,"href":"https:\/\/www.radiopiu.net\/wordpress\/wp-json\/wp\/v2\/posts\/419018\/revisions"}],"predecessor-version":[{"id":419116,"href":"https:\/\/www.radiopiu.net\/wordpress\/wp-json\/wp\/v2\/posts\/419018\/revisions\/419116"}],"wp:featuredmedia":[{"embeddable":true,"href":"https:\/\/www.radiopiu.net\/wordpress\/wp-json\/wp\/v2\/media\/419038"}],"wp:attachment":[{"href":"https:\/\/www.radiopiu.net\/wordpress\/wp-json\/wp\/v2\/media?parent=419018"}],"wp:term":[{"taxonomy":"category","embeddable":true,"href":"https:\/\/www.radiopiu.net\/wordpress\/wp-json\/wp\/v2\/categories?post=419018"},{"taxonomy":"post_tag","embeddable":true,"href":"https:\/\/www.radiopiu.net\/wordpress\/wp-json\/wp\/v2\/tags?post=419018"}],"curies":[{"name":"wp","href":"https:\/\/api.w.org\/{rel}","templated":true}]}}