{"id":419062,"date":"2024-11-12T05:50:36","date_gmt":"2024-11-12T04:50:36","guid":{"rendered":"https:\/\/www.radiopiu.net\/wordpress\/?p=419062"},"modified":"2024-11-12T09:12:56","modified_gmt":"2024-11-12T08:12:56","slug":"giornale-radiopiu-12-novembre-2024-direttore-mirko-mezzacasada-41-anni-25-giugno-1983-25-giugno-2024","status":"publish","type":"post","link":"https:\/\/www.radiopiu.net\/wordpress\/giornale-radiopiu-12-novembre-2024-direttore-mirko-mezzacasada-41-anni-25-giugno-1983-25-giugno-2024\/","title":{"rendered":"GIORNALE RADIOPIU 12 NOVEMBRE 2024 DIRETTORE MIRKO MEZZACASA\u2026DA 41 ANNI 25 GIUGNO 1983-25 GIUGNO 2024"},"content":{"rendered":"<p>*******<\/p>\n<p>&nbsp;<\/p>\n<p>&nbsp;<\/p>\n<p><em><span style=\"color: #ff0000;\"><a class=\"dt-pswp-item\" href=\"https:\/\/www.radiopiu.net\/wordpress\/wp-content\/uploads\/2024\/10\/Senza-nome-8.png\" data-dt-img-description=\"\" data-large_image_width=\"343\" data-large_image_height=\"303\"><img loading=\"lazy\" decoding=\"async\" class=\"wp-image-412130 alignleft\" src=\"https:\/\/www.radiopiu.net\/wordpress\/wp-content\/uploads\/2024\/10\/Senza-nome-8-300x265.png\" alt=\"\" width=\"105\" height=\"93\" srcset=\"https:\/\/www.radiopiu.net\/wordpress\/wp-content\/uploads\/2024\/10\/Senza-nome-8-300x265.png 300w, https:\/\/www.radiopiu.net\/wordpress\/wp-content\/uploads\/2024\/10\/Senza-nome-8.png 343w\" sizes=\"auto, (max-width: 105px) 100vw, 105px\" \/><\/a><\/span><\/em><strong><em><span style=\"color: #ff0000;\"> LA\u00a0 APP PER IOS-IPHONE di Nicola Vettorello<\/span><\/em><\/strong><\/p>\n<p><strong><span style=\"color: #0000ff;\"><a style=\"color: #0000ff;\" href=\"https:\/\/apps.apple.com\/it\/app\/radio-pi%C3%B9-emittente-agordina\/id1515939845\">https:\/\/apps.apple.com\/it\/app\/radio-pi%C3%B9-emittente-agordina\/id1515939845<\/a><\/span><\/strong><\/p>\n<p><strong><em style=\"color: #ff0000;\">LA\u00a0 APP RADIO\u00a0 PER ANDROID di Nicola Vettorello<\/em><\/strong><\/p>\n<p><strong><span style=\"color: #0000ff;\"><a style=\"color: #0000ff;\" href=\"https:\/\/play.google.com\/store\/apps\/details?id=net.radiopiu.iniko\" target=\"_blank\" rel=\"noopener noreferrer\">https:\/\/<\/a><a style=\"color: #0000ff;\" href=\"https:\/\/play.google.com\/store\/apps\/details?id=net.radiopiu.iniko\" target=\"_blank\" rel=\"noopener noreferrer\">play.google.com\/store\/apps\/details?id=net.radiopiu.iniko\u00a0\u00a0\u00a0<\/a><\/span><\/strong><\/p>\n<p>&nbsp;<\/p>\n<p>&nbsp;<\/p>\n<hr \/>\n<p>&nbsp;<\/p>\n<p>&nbsp;<\/p>\n<blockquote><p><span style=\"color: #ff0000;\"><strong>\u00a0OGGI NELL&#8217;ALMANACCO LADINO ALLE 5 E ALLE 9&#8230; IL RICORDO DI ARMANDO TAMA DA ROIT (foto)<\/strong><\/span><\/p><\/blockquote>\n<p><strong><a class=\"dt-pswp-item\" href=\"https:\/\/www.radiopiu.net\/wordpress\/wp-content\/uploads\/2019\/11\/Armando-Tama-Da-Roit-e1574181851323.jpg\" data-dt-img-description=\"\" data-large_image_width=\"1687\" data-large_image_height=\"1164\"><img loading=\"lazy\" decoding=\"async\" class=\" wp-image-105949 alignleft\" src=\"https:\/\/www.radiopiu.net\/wordpress\/wp-content\/uploads\/2019\/11\/Armando-Tama-Da-Roit-e1574181851323-300x207.jpg\" alt=\"\" width=\"286\" height=\"197\" srcset=\"https:\/\/www.radiopiu.net\/wordpress\/wp-content\/uploads\/2019\/11\/Armando-Tama-Da-Roit-e1574181851323-300x207.jpg 300w, https:\/\/www.radiopiu.net\/wordpress\/wp-content\/uploads\/2019\/11\/Armando-Tama-Da-Roit-e1574181851323-768x530.jpg 768w, https:\/\/www.radiopiu.net\/wordpress\/wp-content\/uploads\/2019\/11\/Armando-Tama-Da-Roit-e1574181851323-1024x707.jpg 1024w, https:\/\/www.radiopiu.net\/wordpress\/wp-content\/uploads\/2019\/11\/Armando-Tama-Da-Roit-e1574181851323.jpg 1687w\" sizes=\"auto, (max-width: 286px) 100vw, 286px\" \/><\/a>OGGI ALLA RADIO&#8230;.<\/strong> <span style=\"color: #ff0000;\">ALLE 4 E ALLE 6<\/span> LE NOTIZIE DALL&#8217;ITALIA E DAL MONDO <span style=\"color: #ff0000;\"> 0500 <span style=\"color: #0000ff;\"><span style=\"color: #000000;\">l&#8217;almanacco della nostra gente con il MUSLA<\/span>\u00a0<\/span><\/span><span style=\"color: #ff0000;\"> 6.15<\/span> PIROLE DE LENGA A CURA DEL MUSLA <span style=\"color: #ff0000;\">7.20<\/span> EL BAL DEL FIORI, DETTI E TRADIZIONI DI GIULIANA DA RONCH <span style=\"color: #ff0000;\">8.05<\/span> LA RASSEGNA STAMPA LOCALE<span style=\"color: #ff0000;\"> 8.30 <span style=\"color: #000000;\">PIU&#8217; SIAMO CON MARINA DONA&#8217;<\/span><span style=\"color: #000000;\">\u00a0\u00a0<\/span> 900 <\/span><span style=\"color: #000000;\">LA MUSICA COUNTRY DI ALEX NASCINMBEN <\/span><span style=\"color: #0000ff;\"><span style=\"color: #000000;\">\u00a0<\/span><\/span><span style=\"color: #ff0000;\"><span style=\"color: #000000;\">\u00a0<\/span><\/span><span style=\"color: #ff0000;\">9.40<\/span> VIABILITA&#8217; CON BOTOL CAR SERVICE (AGORDO-SEDICO-FELTRE) <span style=\"color: #ff0000;\">10 10<\/span> MUSLA LE NOVE IN LADIN <span style=\"color: #ff0000;\">10.30 EP CENTER CON FRANCESCO ZILLIO, PRIMA DELLE DUE PUNTATE DI NOVEMBRE, HOTEL SAN MARCO- VENEZIA\u00a0 <\/span>\u00a0<span style=\"color: #ff0000;\">11.10 <\/span>i remix di marina dona&#8217; <span style=\"color: #ff0000;\">11.40<\/span> FESTIVALBAR STORY DI ATHOS DJ DAVID BEN\u00a0 \u00a0 <span style=\"color: #ff0000;\">12.00<\/span> VA TUTTO LISCIO\u00a0 <span style=\"color: #ff0000;\">12.30<\/span> GIORNALE RADIO PRINCIPALE\u00a0<span style=\"color: #ff0000;\">13.20<\/span> FOGLIE E CASTAGNE DI MARINA DONA&#8217; <span style=\"color: #ff0000;\">\u00a0<\/span><span style=\"color: #ff0000;\">14.20 <\/span><span style=\"color: #ff0000;\"><span style=\"color: #000000;\">\u00a0 COLLAGE OPERAZIONE NOSTALGIA DI LORIS SCUSSEL<\/span>\u00a015.10<\/span> I MARTEDI ALLA RADIO, DI LUISA ALCHINI PREMIO SAN MARTINO 2024\u00a0 <span style=\"color: #ff0000;\">16.10<\/span> IL ROCK DI MARCO COSTANTINI <span style=\"color: #ff0000;\">16.30 <span style=\"color: #000000;\">AGORDINA IN PRIMA LINEA CON MARCO GAZ <span style=\"color: #ff0000;\">1<\/span><\/span>6.45<\/span> LE HIT DI MIRCO BENCIVENNI <span style=\"color: #ff0000;\">18.00<\/span> PIU&#8217; DANCE LE SELEZIONI CHE FANNO SALTARE DI DJ JACK, JACOPO DEL TEDESCO <span style=\"color: #ff0000;\">19.00 <span style=\"color: #000000;\">LE ANTICIPAZIONI DAL TG DI ANTENNA 3 DI TIZIANA BOLOGNANI\u00a0 \u00a0<\/span><\/span><\/p>\n<p>&nbsp;<\/p>\n<p>&nbsp;<\/p>\n<blockquote class=\"wp-embedded-content\" data-secret=\"sIRAdROowh\"><p><a href=\"https:\/\/www.radiopiu.net\/wordpress\/101-anni-dalla-nascita-di-armando-tama-da-roit-il-nostro-ricordo\/\">1919-2024 &#8211; AGORDO 105 ANNI DOPO. INDIMENTICATO ARMANDO &#8220;TAMA&#8221; DA ROIT<\/a><\/p><\/blockquote>\n<p><iframe loading=\"lazy\" class=\"wp-embedded-content\" sandbox=\"allow-scripts\" security=\"restricted\" style=\"position: absolute; visibility: hidden;\" title=\"&#8220;1919-2024 &#8211; AGORDO 105 ANNI DOPO. INDIMENTICATO ARMANDO &#8220;TAMA&#8221; DA ROIT&#8221; &#8212; Radio Pi\u00f9\" src=\"https:\/\/www.radiopiu.net\/wordpress\/101-anni-dalla-nascita-di-armando-tama-da-roit-il-nostro-ricordo\/embed\/#?secret=Fv7Gzm0wXu#?secret=sIRAdROowh\" data-secret=\"sIRAdROowh\" width=\"600\" height=\"338\" frameborder=\"0\" marginwidth=\"0\" marginheight=\"0\" scrolling=\"no\"><\/iframe><\/p>\n<p><strong>rassegna stampa nazionale,<\/strong> ogni giorno alle 5 e alle 6 del mattino<br \/>\ngiornali locali 7 rassegna stampa flash, 8 rassegna stampa, gr flash alle 10 e alle 11, principale 12.30. Informazione pomeriggio alle 15 (speciale) 16, 17, 18. Giornale radio nazionale: ogni ora dalle 5 del mattino, alle 20 della sera.<\/p>\n<p>&nbsp;<\/p>\n<p>&nbsp;<\/p>\n<hr \/>\n<p>&nbsp;<\/p>\n<div class=\"x11i5rnm xat24cr x1mh8g0r x1vvkbs xtlvy1s x126k92a\">\n<div dir=\"auto\">\n<div dir=\"auto\">\n<p><strong><a class=\"dt-pswp-item\" href=\"https:\/\/www.radiopiu.net\/wordpress\/wp-content\/uploads\/2024\/02\/2d44e751-d8a8-461b-8e22-d8e4e853b032.jpg\" data-dt-img-description=\"\" data-large_image_width=\"1600\" data-large_image_height=\"1200\"><img loading=\"lazy\" decoding=\"async\" class=\"wp-image-373307 alignleft\" src=\"https:\/\/www.radiopiu.net\/wordpress\/wp-content\/uploads\/2024\/02\/2d44e751-d8a8-461b-8e22-d8e4e853b032-300x225.jpg\" alt=\"\" width=\"105\" height=\"79\" srcset=\"https:\/\/www.radiopiu.net\/wordpress\/wp-content\/uploads\/2024\/02\/2d44e751-d8a8-461b-8e22-d8e4e853b032-300x225.jpg 300w, https:\/\/www.radiopiu.net\/wordpress\/wp-content\/uploads\/2024\/02\/2d44e751-d8a8-461b-8e22-d8e4e853b032-1024x768.jpg 1024w, https:\/\/www.radiopiu.net\/wordpress\/wp-content\/uploads\/2024\/02\/2d44e751-d8a8-461b-8e22-d8e4e853b032-768x576.jpg 768w, https:\/\/www.radiopiu.net\/wordpress\/wp-content\/uploads\/2024\/02\/2d44e751-d8a8-461b-8e22-d8e4e853b032-1536x1152.jpg 1536w, https:\/\/www.radiopiu.net\/wordpress\/wp-content\/uploads\/2024\/02\/2d44e751-d8a8-461b-8e22-d8e4e853b032.jpg 1600w\" sizes=\"auto, (max-width: 105px) 100vw, 105px\" \/><\/a>EL BAL DEL FIOR, DI GIULIANA DA RONCH, 12 NOVEMBRE<\/strong><strong>\u00a02024<\/strong><\/p>\n<\/div>\n<\/div>\n<\/div>\n<div><\/div>\n<div>\n<audio class=\"wp-audio-shortcode\" id=\"audio-419062-1\" preload=\"none\" style=\"width: 100%;\" controls=\"controls\"><source type=\"audio\/mpeg\" src=\"https:\/\/www.radiopiu.net\/wordpress\/wp-content\/uploads\/2024\/11\/GMA-1.mp3?_=1\" \/><a href=\"https:\/\/www.radiopiu.net\/wordpress\/wp-content\/uploads\/2024\/11\/GMA-1.mp3\">https:\/\/www.radiopiu.net\/wordpress\/wp-content\/uploads\/2024\/11\/GMA-1.mp3<\/a><\/audio>\n<\/div>\n<div><\/div>\n<hr \/>\n<p>&nbsp;<\/p>\n<div class=\"x11i5rnm xat24cr x1mh8g0r x1vvkbs xtlvy1s x126k92a\">\n<h1><span style=\"color: #ff0000;\"><a class=\"dt-pswp-item\" href=\"https:\/\/www.radiopiu.net\/wordpress\/wp-content\/uploads\/2024\/06\/th-5.jpg\" data-dt-img-description=\"\" data-large_image_width=\"326\" data-large_image_height=\"180\"><img loading=\"lazy\" decoding=\"async\" class=\"size-medium wp-image-395881 alignleft\" src=\"https:\/\/www.radiopiu.net\/wordpress\/wp-content\/uploads\/2024\/06\/th-5-300x166.jpg\" alt=\"\" width=\"300\" height=\"166\" srcset=\"https:\/\/www.radiopiu.net\/wordpress\/wp-content\/uploads\/2024\/06\/th-5-300x166.jpg 300w, https:\/\/www.radiopiu.net\/wordpress\/wp-content\/uploads\/2024\/06\/th-5.jpg 326w\" sizes=\"auto, (max-width: 300px) 100vw, 300px\" \/><\/a><\/span><\/h1>\n<h1><\/h1>\n<h1><\/h1>\n<h1><span style=\"color: #000000;\">12 NOVEMBRE&#8230; alla radio l&#8217;almanacco\u00a0<\/span><\/h1>\n<audio class=\"wp-audio-shortcode\" id=\"audio-419062-2\" preload=\"none\" style=\"width: 100%;\" controls=\"controls\"><source type=\"audio\/mpeg\" src=\"https:\/\/www.radiopiu.net\/wordpress\/wp-content\/uploads\/2024\/11\/ALMANACCONEW-8.mp3?_=2\" \/><a href=\"https:\/\/www.radiopiu.net\/wordpress\/wp-content\/uploads\/2024\/11\/ALMANACCONEW-8.mp3\">https:\/\/www.radiopiu.net\/wordpress\/wp-content\/uploads\/2024\/11\/ALMANACCONEW-8.mp3<\/a><\/audio>\n<p>&nbsp;<\/p>\n<hr \/>\n<p>&nbsp;<\/p>\n<p>&nbsp;<\/p>\n<blockquote>\n<h1><strong><a class=\"dt-pswp-item\" href=\"https:\/\/www.radiopiu.net\/wordpress\/wp-content\/uploads\/2024\/10\/629301fd-708d-4f53-95c2-d28cbefd500f.jpg\" data-dt-img-description=\"\" data-large_image_width=\"1600\" data-large_image_height=\"1322\"><img loading=\"lazy\" decoding=\"async\" class=\"wp-image-413782 alignleft\" src=\"https:\/\/www.radiopiu.net\/wordpress\/wp-content\/uploads\/2024\/10\/629301fd-708d-4f53-95c2-d28cbefd500f-300x248.jpg\" alt=\"\" width=\"186\" height=\"154\" srcset=\"https:\/\/www.radiopiu.net\/wordpress\/wp-content\/uploads\/2024\/10\/629301fd-708d-4f53-95c2-d28cbefd500f-300x248.jpg 300w, https:\/\/www.radiopiu.net\/wordpress\/wp-content\/uploads\/2024\/10\/629301fd-708d-4f53-95c2-d28cbefd500f-1024x846.jpg 1024w, https:\/\/www.radiopiu.net\/wordpress\/wp-content\/uploads\/2024\/10\/629301fd-708d-4f53-95c2-d28cbefd500f-768x635.jpg 768w, https:\/\/www.radiopiu.net\/wordpress\/wp-content\/uploads\/2024\/10\/629301fd-708d-4f53-95c2-d28cbefd500f-1536x1269.jpg 1536w, https:\/\/www.radiopiu.net\/wordpress\/wp-content\/uploads\/2024\/10\/629301fd-708d-4f53-95c2-d28cbefd500f.jpg 1600w\" sizes=\"auto, (max-width: 186px) 100vw, 186px\" \/><\/a>N di parom &#8211; L Almanach de la nosta jent<\/strong><\/h1>\n<\/blockquote>\n<p>Le voci: Davide Conedera, Agordo, Michela Dell&#8217;Osbel, La Valle Agordina Simone Ganz, Falcade Veronica Lezuo, Colle Santa Lucia. La voce nella sigla \u00e8 di Giorgia Taio<\/p>\n<p><strong>LA PUNTATA DI OGGI, 12 NOVEMBRE<\/strong><\/p>\n<audio class=\"wp-audio-shortcode\" id=\"audio-419062-3\" preload=\"none\" style=\"width: 100%;\" controls=\"controls\"><source type=\"audio\/mpeg\" src=\"https:\/\/www.radiopiu.net\/wordpress\/wp-content\/uploads\/2024\/11\/AL2-1.mp3?_=3\" \/><a href=\"https:\/\/www.radiopiu.net\/wordpress\/wp-content\/uploads\/2024\/11\/AL2-1.mp3\">https:\/\/www.radiopiu.net\/wordpress\/wp-content\/uploads\/2024\/11\/AL2-1.mp3<\/a><\/audio>\n<p>&nbsp;<\/p>\n<p>&nbsp;<\/p>\n<\/div>\n<div class=\"x11i5rnm xat24cr x1mh8g0r x1vvkbs xtlvy1s x126k92a\">\n<p>&nbsp;<\/p>\n<div dir=\"auto\">\n<hr \/>\n<\/div>\n<\/div>\n<blockquote>\n<blockquote>\n<h1><span style=\"color: #ff0000;\">\u00a0<\/span><\/h1>\n<h1><span style=\"color: #ff0000;\">I podcast informativi del mattino &#8211; audio &#8211;\u00a0\u00a0<\/span><\/h1>\n<\/blockquote>\n<p><strong><a class=\"dt-pswp-item\" href=\"https:\/\/www.radiopiu.net\/wordpress\/wp-content\/uploads\/2024\/11\/6.jpg\" data-dt-img-description=\"\" data-large_image_width=\"177\" data-large_image_height=\"180\"><img loading=\"lazy\" decoding=\"async\" class=\"size-full wp-image-417911 alignleft\" src=\"https:\/\/www.radiopiu.net\/wordpress\/wp-content\/uploads\/2024\/11\/6.jpg\" alt=\"\" width=\"177\" height=\"180\" \/><\/a>LA RASSEGNA STAMPA NAZIONALE ALLA RADIO, OGNI GIORNO ALLE 5 E ALLE 6 DEL MATTINO <span style=\"color: #0000ff;\">viene pubblicata alle 6.00 <span style=\"color: #ff0000;\">DIRETTA RADIO\u00a0 \u00a0\u00a0<\/span><\/span><\/strong><\/p><\/blockquote>\n<p>&nbsp;<\/p>\n<p><strong>NOTIZIE DELLA NOTTE<\/strong><\/p>\n<p><strong>&#8216;Trump<\/strong> verso la nomina di Rubio a segretario di Stato\u00a0 <strong>Borsa:<\/strong> Hong Kong negativa, apre a -0,36% <strong>&#8216;Trump<\/strong> nominer\u00e0 deputato Waltz consigliere alla sicurezza Usa&#8217; <strong>Borsa:<\/strong> Tokyo, apertura in rialzo (+0,55%) <strong>Nuove violenze ad Amsterdam<\/strong>, incendiato un tram<br \/>\n<strong>Ita-Lufthansa<\/strong> il Mef invia i correttivi a Bruxelles <strong>Usa<\/strong>, &#8216;colpiti obiettivi iraniani in Siria&#8217;<br \/>\n<strong>La Corea del Nord<\/strong> ratifica il trattato di difesa con la Russia<\/p>\n<h2>AUDIO dalle 6 del mattino<\/h2>\n<audio class=\"wp-audio-shortcode\" id=\"audio-419062-4\" preload=\"none\" style=\"width: 100%;\" controls=\"controls\"><source type=\"audio\/mpeg\" src=\"https:\/\/www.radiopiu.net\/wordpress\/wp-content\/uploads\/2024\/11\/GIORNALEDELLESEI-6.mp3?_=4\" \/><a href=\"https:\/\/www.radiopiu.net\/wordpress\/wp-content\/uploads\/2024\/11\/GIORNALEDELLESEI-6.mp3\">https:\/\/www.radiopiu.net\/wordpress\/wp-content\/uploads\/2024\/11\/GIORNALEDELLESEI-6.mp3<\/a><\/audio>\n<p>&nbsp;<\/p>\n<p>&nbsp;<\/p>\n<p>&nbsp;<\/p>\n<hr \/>\n<p>&nbsp;<\/p>\n<h1 style=\"text-align: center;\"><span style=\"color: #ff0000;\"><a class=\"dt-pswp-item\" href=\"https:\/\/www.radiopiu.net\/wordpress\/wp-content\/uploads\/2024\/11\/7.jpg\" data-dt-img-description=\"\" data-large_image_width=\"180\" data-large_image_height=\"180\"><img loading=\"lazy\" decoding=\"async\" class=\"size-full wp-image-417912 alignleft\" src=\"https:\/\/www.radiopiu.net\/wordpress\/wp-content\/uploads\/2024\/11\/7.jpg\" alt=\"\" width=\"180\" height=\"180\" srcset=\"https:\/\/www.radiopiu.net\/wordpress\/wp-content\/uploads\/2024\/11\/7.jpg 180w, https:\/\/www.radiopiu.net\/wordpress\/wp-content\/uploads\/2024\/11\/7-150x150.jpg 150w\" sizes=\"auto, (max-width: 180px) 100vw, 180px\" \/><\/a>I podcast informativi del mattino &#8211; audio &#8211;\u00a0<\/span><\/h1>\n<p><strong>OGNI GIORNO ALLE SETTE DEL MATTINO, LA RASSEGNA STAMPA LOCALE FLASH&#8230; PER CHI VA IN FRETTA. I TITOLI DAI GIORNALI E DAL SITO WWW.RADIOPIU.NET <span style=\"color: #0000ff;\">viene pubblicato alle 7.00<\/span> <span style=\"color: #ff0000;\">DIRETTA RADIO\u00a0<\/span><\/strong><\/p>\n<p><em><span style=\"color: #ff0000;\">per chi va in fretta&#8230; tante notizie in pochi minuti. L&#8217;informazione locale alla radio, ogni ora dalle 7 del mattino alle 19 della sera.<\/span><\/em><\/p>\n<h1><\/h1>\n<h1>AUDIO dalle 7 del mattino<\/h1>\n<audio class=\"wp-audio-shortcode\" id=\"audio-419062-5\" preload=\"none\" style=\"width: 100%;\" controls=\"controls\"><source type=\"audio\/mpeg\" src=\"https:\/\/www.radiopiu.net\/wordpress\/wp-content\/uploads\/2024\/11\/GF07-8.mp3?_=5\" \/><a href=\"https:\/\/www.radiopiu.net\/wordpress\/wp-content\/uploads\/2024\/11\/GF07-8.mp3\">https:\/\/www.radiopiu.net\/wordpress\/wp-content\/uploads\/2024\/11\/GF07-8.mp3<\/a><\/audio>\n<p>&nbsp;<\/p>\n<p>&nbsp;<\/p>\n<p>&nbsp;<\/p>\n<hr \/>\n<p>&nbsp;<\/p>\n<h1><\/h1>\n<h1 style=\"text-align: center;\"><span style=\"color: #ff0000;\"><a class=\"dt-pswp-item\" href=\"https:\/\/www.radiopiu.net\/wordpress\/wp-content\/uploads\/2024\/11\/th.jpg\" data-dt-img-description=\"\" data-large_image_width=\"148\" data-large_image_height=\"179\"><img loading=\"lazy\" decoding=\"async\" class=\"size-full wp-image-417913 alignleft\" src=\"https:\/\/www.radiopiu.net\/wordpress\/wp-content\/uploads\/2024\/11\/th.jpg\" alt=\"\" width=\"148\" height=\"179\" \/><\/a>I podcast informativi del mattino &#8211; audio &#8211;\u00a0<\/span><\/h1>\n<blockquote><p><strong>GIORNALE RADIO NAZIONALE, EDIZIONE DELLE SETTE <span style=\"color: #0000ff;\">viene pubblicato alle 7.05 <span style=\"color: #ff0000;\">DIRETTA RADIO\u00a0<\/span><\/span><\/strong><\/p><\/blockquote>\n<p><strong>il giornale radionazionale e&#8217; in onda ogni ora, dalle sette del mattino alle venti della sera\u00a0 \u00a0<\/strong><strong>\u00a0<\/strong><\/p>\n<p><strong>LODI<\/strong> Nel Lodigiano Ubriaco fa un incidente guidando lo scuolabus, denunciato <strong>REDAZIONE<\/strong> Maltempo Allerta meteo rossa per la costa ionica della Sicilia <strong>ROMA<\/strong> Le misure Viminale: un piano contro la violenza giovanile a Napoli <strong>LECCE<\/strong> Arrestato l&#8217;automobilista che ha travolto e ucciso un giovane, positivo a droga e alcol La vittima era su un monopattino, ferito l&#8217;amico che era in bicicletta<br \/>\n<strong>ROMA<\/strong> I giudici rimettono il caso Albania alla Corte Ue. I sette migranti saranno trasferiti in Italia <strong>ROMA<\/strong> Bodycam e panic botton sui bus contro le aggressioni Firmata intesa in vista del Giubileo, anche mappa zone a rischio <strong>CACCIA<\/strong> Caccia al cervo in Abruzzo, il Consiglio di Stato dice no. Ora il Tar dovr\u00e0 pronunciarsi di nuovo nel merito<\/p>\n<p><span style=\"color: #ff0000;\"><span style=\"color: #0000ff;\">CRONACA<\/span> EDIZIONE DELLA SERA , DEL 11 NOVEMBRE 2024 EDIZIONE DI IERI, 20.00<\/span><\/p>\n<audio class=\"wp-audio-shortcode\" id=\"audio-419062-6\" preload=\"none\" style=\"width: 100%;\" controls=\"controls\"><source type=\"audio\/mpeg\" src=\"https:\/\/www.radiopiu.net\/wordpress\/wp-content\/uploads\/2024\/11\/giornale07-16.mp3?_=6\" \/><a href=\"https:\/\/www.radiopiu.net\/wordpress\/wp-content\/uploads\/2024\/11\/giornale07-16.mp3\">https:\/\/www.radiopiu.net\/wordpress\/wp-content\/uploads\/2024\/11\/giornale07-16.mp3<\/a><\/audio>\n<p>&nbsp;<\/p>\n<p><span style=\"color: #ff0000;\"><span style=\"color: #0000ff;\">SPORT<\/span> EDIZIONE DELLE 19, DEL 11 NOVEMBRE 2024, LO SPORT EDIZIONE DI IERI<\/span><\/p>\n<audio class=\"wp-audio-shortcode\" id=\"audio-419062-7\" preload=\"none\" style=\"width: 100%;\" controls=\"controls\"><source type=\"audio\/mpeg\" src=\"https:\/\/www.radiopiu.net\/wordpress\/wp-content\/uploads\/2024\/11\/gr-sport-8.mp3?_=7\" \/><a href=\"https:\/\/www.radiopiu.net\/wordpress\/wp-content\/uploads\/2024\/11\/gr-sport-8.mp3\">https:\/\/www.radiopiu.net\/wordpress\/wp-content\/uploads\/2024\/11\/gr-sport-8.mp3<\/a><\/audio>\n<h2><\/h2>\n<h2><span style=\"color: #ff0000;\"><span style=\"color: #0000ff;\">ULTIM&#8217;ORA<\/span> AUDIO dalle sette del mattino, ogni ora alla radio EDIZIONE DELLE SETTE<\/span><\/h2>\n<audio class=\"wp-audio-shortcode\" id=\"audio-419062-8\" preload=\"none\" style=\"width: 100%;\" controls=\"controls\"><source type=\"audio\/mpeg\" src=\"https:\/\/www.radiopiu.net\/wordpress\/wp-content\/uploads\/2024\/11\/giornale07-17.mp3?_=8\" \/><a href=\"https:\/\/www.radiopiu.net\/wordpress\/wp-content\/uploads\/2024\/11\/giornale07-17.mp3\">https:\/\/www.radiopiu.net\/wordpress\/wp-content\/uploads\/2024\/11\/giornale07-17.mp3<\/a><\/audio>\n<p>&nbsp;<\/p>\n<p>&nbsp;<\/p>\n<hr \/>\n<p>&nbsp;<\/p>\n<p>&nbsp;<\/p>\n<h1><span style=\"color: #ff0000;\"><a class=\"dt-pswp-item\" href=\"https:\/\/www.radiopiu.net\/wordpress\/wp-content\/uploads\/2024\/11\/8.jpg\" data-dt-img-description=\"\" data-large_image_width=\"180\" data-large_image_height=\"180\"><img loading=\"lazy\" decoding=\"async\" class=\"size-full wp-image-417910 alignleft\" src=\"https:\/\/www.radiopiu.net\/wordpress\/wp-content\/uploads\/2024\/11\/8.jpg\" alt=\"\" width=\"180\" height=\"180\" srcset=\"https:\/\/www.radiopiu.net\/wordpress\/wp-content\/uploads\/2024\/11\/8.jpg 180w, https:\/\/www.radiopiu.net\/wordpress\/wp-content\/uploads\/2024\/11\/8-150x150.jpg 150w\" sizes=\"auto, (max-width: 180px) 100vw, 180px\" \/><\/a>I podcast informativi del mattino &#8211; video &#8211;\u00a0<\/span><\/h1>\n<h2 style=\"text-align: left;\"><strong>RASSEGNA STAMPA LOCALE, ORE OTTO 05<\/strong><\/h2>\n<h2><strong> <span style=\"color: #0000ff;\">viene\u00a0 <\/span><\/strong><strong><span style=\"color: #0000ff;\">pubblicata alle 8.05 <span style=\"color: #ff0000;\">DIRETTA RADIO\u00a0 \u00a0<\/span><\/span><\/strong><strong>DI MIRKO MEZZACASA<\/strong><\/h2>\n<h2><span style=\"color: #ff0000;\"><strong>\u00a0<\/strong><\/span><\/h2>\n<h2><span style=\"color: #ff0000;\"><strong>\u00a0<\/strong><\/span><\/h2>\n<h1><span style=\"color: #ff0000;\"><strong>VIDEO\u00a0 \u00a0in diretta dalle 8 del mattino\u00a0 \u00a0per ASCOLTARE <\/strong><\/span><\/h1>\n<blockquote>\n<h1 style=\"text-align: center;\"><a href=\"https:\/\/www.facebook.com\/radiopiu\/videos\/1320556359293424\">CLICCA QUI<\/a><\/h1>\n<p>&nbsp;<\/p><\/blockquote>\n<p><a class=\"dt-pswp-item\" href=\"https:\/\/www.radiopiu.net\/wordpress\/wp-content\/uploads\/2024\/11\/COOP3-1.png\" data-dt-img-description=\"\" data-large_image_width=\"863\" data-large_image_height=\"367\"><img loading=\"lazy\" decoding=\"async\" class=\"alignnone wp-image-419285\" src=\"https:\/\/www.radiopiu.net\/wordpress\/wp-content\/uploads\/2024\/11\/COOP3-1-300x128.png\" alt=\"\" width=\"368\" height=\"157\" srcset=\"https:\/\/www.radiopiu.net\/wordpress\/wp-content\/uploads\/2024\/11\/COOP3-1-300x128.png 300w, https:\/\/www.radiopiu.net\/wordpress\/wp-content\/uploads\/2024\/11\/COOP3-1-768x327.png 768w, https:\/\/www.radiopiu.net\/wordpress\/wp-content\/uploads\/2024\/11\/COOP3-1.png 863w\" sizes=\"auto, (max-width: 368px) 100vw, 368px\" \/><\/a><a class=\"dt-pswp-item\" href=\"https:\/\/www.radiopiu.net\/wordpress\/wp-content\/uploads\/2024\/11\/COOP2-4.png\" data-dt-img-description=\"\" data-large_image_width=\"596\" data-large_image_height=\"302\"><img loading=\"lazy\" decoding=\"async\" class=\"alignnone wp-image-419286\" src=\"https:\/\/www.radiopiu.net\/wordpress\/wp-content\/uploads\/2024\/11\/COOP2-4-300x152.png\" alt=\"\" width=\"310\" height=\"157\" srcset=\"https:\/\/www.radiopiu.net\/wordpress\/wp-content\/uploads\/2024\/11\/COOP2-4-300x152.png 300w, https:\/\/www.radiopiu.net\/wordpress\/wp-content\/uploads\/2024\/11\/COOP2-4.png 596w\" sizes=\"auto, (max-width: 310px) 100vw, 310px\" \/><\/a><a class=\"dt-pswp-item\" href=\"https:\/\/www.radiopiu.net\/wordpress\/wp-content\/uploads\/2024\/11\/COOP1-4.png\" data-dt-img-description=\"\" data-large_image_width=\"526\" data-large_image_height=\"308\"><img loading=\"lazy\" decoding=\"async\" class=\"size-medium wp-image-419287 aligncenter\" src=\"https:\/\/www.radiopiu.net\/wordpress\/wp-content\/uploads\/2024\/11\/COOP1-4-300x176.png\" alt=\"\" width=\"300\" height=\"176\" srcset=\"https:\/\/www.radiopiu.net\/wordpress\/wp-content\/uploads\/2024\/11\/COOP1-4-300x176.png 300w, https:\/\/www.radiopiu.net\/wordpress\/wp-content\/uploads\/2024\/11\/COOP1-4.png 526w\" sizes=\"auto, (max-width: 300px) 100vw, 300px\" \/><\/a><a class=\"dt-pswp-item\" href=\"https:\/\/www.radiopiu.net\/wordpress\/wp-content\/uploads\/2024\/11\/coop1-1.png\" data-dt-img-description=\"\" data-large_image_width=\"602\" data-large_image_height=\"375\">\u00a0<\/a><\/p>\n<p>&nbsp;<\/p>\n<p>&nbsp;<\/p>\n<hr \/>\n<p>&nbsp;<\/p>\n<p>&nbsp;<\/p>\n<p><strong><a class=\"dt-pswp-item\" href=\"https:\/\/www.radiopiu.net\/wordpress\/wp-content\/uploads\/2023\/12\/ANTENNA.png\" data-dt-img-description=\"\" data-large_image_width=\"300\" data-large_image_height=\"166\"><img loading=\"lazy\" decoding=\"async\" class=\" wp-image-366306 alignleft\" src=\"https:\/\/www.radiopiu.net\/wordpress\/wp-content\/uploads\/2023\/12\/ANTENNA.png\" alt=\"\" width=\"175\" height=\"97\" \/><\/a>ogni sera alle 19 le anticipazioni alla radio, quello che poi seguirete nel TELEGIORNALE BELLUNESE\u00a0 in onda alle 19.30 sul CANALE 10 del digitale terrestre.\u00a0\u00a0<\/strong><\/p>\n<p><strong>LE ANTICIPAZIONI DAL TG DI ANTENNA 3 DI TIZIANA BOLOGNANI<\/strong><\/p>\n<audio class=\"wp-audio-shortcode\" id=\"audio-419062-9\" preload=\"none\" style=\"width: 100%;\" controls=\"controls\"><source type=\"audio\/mpeg\" src=\"https:\/\/www.radiopiu.net\/wordpress\/wp-content\/uploads\/2024\/11\/ANTENNA3-7.mp3?_=9\" \/><a href=\"https:\/\/www.radiopiu.net\/wordpress\/wp-content\/uploads\/2024\/11\/ANTENNA3-7.mp3\">https:\/\/www.radiopiu.net\/wordpress\/wp-content\/uploads\/2024\/11\/ANTENNA3-7.mp3<\/a><\/audio>\n<p>&nbsp;<\/p>\n<p>&nbsp;<\/p>\n<hr \/>\n<p>&nbsp;<\/p>\n<p>&nbsp;<\/p>\n<blockquote>\n<h1><strong><a class=\"dt-pswp-item\" href=\"https:\/\/www.radiopiu.net\/wordpress\/wp-content\/uploads\/2024\/11\/th-8.jpg\" data-dt-img-description=\"\" data-large_image_width=\"180\" data-large_image_height=\"180\"><img loading=\"lazy\" decoding=\"async\" class=\" wp-image-419281 alignleft\" src=\"https:\/\/www.radiopiu.net\/wordpress\/wp-content\/uploads\/2024\/11\/th-8.jpg\" alt=\"\" width=\"128\" height=\"128\" srcset=\"https:\/\/www.radiopiu.net\/wordpress\/wp-content\/uploads\/2024\/11\/th-8.jpg 180w, https:\/\/www.radiopiu.net\/wordpress\/wp-content\/uploads\/2024\/11\/th-8-150x150.jpg 150w\" sizes=\"auto, (max-width: 128px) 100vw, 128px\" \/><\/a>Incidente Grave alla Spicam di Fonzaso: Operaio 45enne in Terapia Intensiva<\/strong><\/h1>\n<\/blockquote>\n<p><strong>LE ANTICIPAZIONI DAL TG DI ANTENNA 3 IN ONDA ALLE 19-30 CANALE 10 DIGITALE TERRESTRE<\/strong><\/p>\n<p><strong>DI TIZIANA BOLOGNANI<\/strong><\/p>\n<audio class=\"wp-audio-shortcode\" id=\"audio-419062-10\" preload=\"none\" style=\"width: 100%;\" controls=\"controls\"><source type=\"audio\/mpeg\" src=\"https:\/\/www.radiopiu.net\/wordpress\/wp-content\/uploads\/2024\/11\/tiziana-anticipa.mp3?_=10\" \/><a href=\"https:\/\/www.radiopiu.net\/wordpress\/wp-content\/uploads\/2024\/11\/tiziana-anticipa.mp3\">https:\/\/www.radiopiu.net\/wordpress\/wp-content\/uploads\/2024\/11\/tiziana-anticipa.mp3<\/a><\/audio>\n<p>&nbsp;<\/p>\n<p><strong>REDAZIONE<\/strong> Ieri\u00a0 mattina, nella zona industriale di Fonzaso, un operaio di 45 anni, di un&#8217;azienda metalmeccanica (Spicam) \u00e8 rimasto gravemente ferito mentre utilizzava una fresatrice. Subito sono stati attivati i soccorsi, con l\u2019intervento dell\u2019ambulanza dell\u2019ospedale di Feltre e dell&#8217;elicottero del 118 da Pieve di Cadore. I sanitari hanno lavorato a lungo per stabilizzare il paziente all&#8217;interno dello stabilimento, quindi lo hanno trasportato in ambulanza fino al campo sportivo, dove \u00e8 stato caricato sull&#8217;elicottero. A causa delle lesioni riportate, l\u2019operaio \u00e8 stato trasferito d\u2019urgenza all\u2019ospedale di Treviso. Lo Spisal ha avviato le indagini per chiarire la dinamica dell\u2019incidente. Altri due interventi del Suem 118 in mattinata. Alle 9:42 l&#8217;ambulanza di Feltre ha soccorso un 90enne che era stato investito. Poco dopo un&#8217;altra emergenza a Pieve di Cadore dove un giovane si \u00e8 fatto male dopo essere caduto.<\/p>\n<p>&nbsp;<\/p>\n<p>&nbsp;<\/p>\n<p>&nbsp;<\/p>\n<hr \/>\n<p>&nbsp;<\/p>\n<blockquote>\n<h2>ELICOTTERO CON IL BUIO SOPRA L&#8217;AGORDINO, SOCCORSO UN 61ENNE DI CANALE D&#8217;AGORDO<\/h2>\n<\/blockquote>\n<h2><img loading=\"lazy\" decoding=\"async\" class=\"alignleft\" src=\"https:\/\/www.radiopiu.net\/wordpress\/wp-content\/uploads\/2021\/12\/salt-suem.jpg\" width=\"273\" height=\"205\" \/><\/h2>\n<p><strong>CANALE D&#8217;AGORDO<\/strong>\u00a0 La domenica del Suem118 si \u00e8 conclusa tardi, alle 20 con il buio, per un soccorso d&#8217;urgenza a Canale d&#8217;Agordo dove un uomo di 61 anni colto da improvviso malore \u00e8 stata soccorso dall&#8217;ambulanza della Croce Verde Val Biois ed elicottero Falco. L&#8217;uomo \u00e8 stato trasportato in codice 2 (media gravit\u00e0) al San Martino di Belluno.<\/p>\n<p><strong>SEDICO<\/strong> Caduta autonoma alle 18, un 29enne di Belluno \u00e8 stato portato in ospedale in condizioni medio-gravi.<\/p>\n<div class=\"articlePlainText\"><strong>FELTRE <\/strong>Anziano investito ieri mattina in via Panoramica, fortunatamente in modo non grave. L&#8217;uomo feltrino classe 1934 ha riportato alcune contusioni. L&#8217;anziano ha avuto tutti gli accertamenti del caso e poi \u00e8 stato dimesso. Illeso il conducente dell&#8217;auto.<\/div>\n<div><\/div>\n<div class=\"articlePlainText\">\n<div class=\"articlePlainSubHead\"><strong>FELTRE <\/strong>Tamponamento ieri mattina lungo via Bagnols sur C\u00e8ze, all&#8217;altezza della caserma dei vigili del fuoco. Un incidente non grave, tant&#8217;\u00e8 che nessuna delle persone coinvolte ha chiesto l&#8217;ausilio dell&#8217;ambulanza, ma la collisione ha creato danni ai due veicoli, soprattutto alla Volswagen Golf che ha tamponato. Al volante uno straniero residente a Feltre che \u00e8 finito addosso a una Fiat Punto condotta da un feltrino.\u00a0 I due automobilisti sono usciti con le proprie gambe dei veicoli.<\/div>\n<div class=\"articlePlainText\"><\/div>\n<\/div>\n<p>&nbsp;<\/p>\n<hr \/>\n<blockquote>\n<h1><\/h1>\n<h1>Recuperati escursionisti in difficolt\u00e0 sul Col Nudo<\/h1>\n<\/blockquote>\n<p><strong>ALPAGO<\/strong><\/p>\n<p><a class=\"dt-pswp-item\" href=\"https:\/\/www.radiopiu.net\/wordpress\/wp-content\/uploads\/2024\/11\/th-7.jpg\" data-dt-img-description=\"\" data-large_image_width=\"270\" data-large_image_height=\"180\"><img loading=\"lazy\" decoding=\"async\" class=\"size-full wp-image-419174 alignleft\" src=\"https:\/\/www.radiopiu.net\/wordpress\/wp-content\/uploads\/2024\/11\/th-7.jpg\" alt=\"\" width=\"270\" height=\"180\" \/><\/a>Si \u00e8 concluso l&#8217;altra notte,\u00a0 intorno a mezzanotte,\u00a0 l\u2019intervento di salvataggio di tre giovani escursionisti in difficolt\u00e0 sul Col Nudo. I ragazzi, due 25enni provenienti da Mogliano Veneto e Venezia e una 24enne di Marano Vicentino, avevano iniziato l&#8217;escursione alle 6 del mattino dopo aver parcheggiato a Venal di Montanes. Probabilmente, hanno sottovalutato la difficolt\u00e0 del percorso. Solo uno dei tre ha raggiunto la cima, mentre gli altri due si sono fermati pi\u00f9 in basso.<\/p>\n<p>Durante il rientro, la stanchezza e l\u2019arrivo del buio hanno rallentato il gruppo, con la ragazza particolarmente spaventata. Alle 17:30, ancora a 1.800 metri di altitudine e senza luce, hanno allertato la Centrale del 118. Il Soccorso alpino dell\u2019Alpago \u00e8 intervenuto rapidamente, risalendo il sentiero e trovando i giovani. La ragazza \u00e8 stata assicurata con una corda e accompagnata con cautela durante tutta la discesa. L\u2019intervento si \u00e8 concluso con il trasporto del gruppo alle jeep di servizio a Degnona, e da l\u00ec al loro veicolo.<\/p>\n<p>&nbsp;<\/p>\n<p>&nbsp;<\/p>\n<p>&nbsp;<\/p>\n<hr \/>\n<p><a class=\"dt-pswp-item\" href=\"https:\/\/www.radiopiu.net\/wordpress\/wp-content\/uploads\/2024\/11\/fb469b57-6d8c-404f-aa38-3a69db7a7759.jpg\" data-dt-img-description=\"\" data-large_image_width=\"581\" data-large_image_height=\"827\"><img loading=\"lazy\" decoding=\"async\" class=\"size-medium wp-image-419186 alignleft\" src=\"https:\/\/www.radiopiu.net\/wordpress\/wp-content\/uploads\/2024\/11\/fb469b57-6d8c-404f-aa38-3a69db7a7759-211x300.jpg\" alt=\"\" width=\"211\" height=\"300\" srcset=\"https:\/\/www.radiopiu.net\/wordpress\/wp-content\/uploads\/2024\/11\/fb469b57-6d8c-404f-aa38-3a69db7a7759-211x300.jpg 211w, https:\/\/www.radiopiu.net\/wordpress\/wp-content\/uploads\/2024\/11\/fb469b57-6d8c-404f-aa38-3a69db7a7759.jpg 581w\" sizes=\"auto, (max-width: 211px) 100vw, 211px\" \/><\/a><\/p>\n<blockquote>\n<h1>DOMANI IL RICORDO E IL SALUTO A &#8220;GIGIA&#8221;<\/h1>\n<\/blockquote>\n<p><strong>AGORDO<\/strong> Lo scorso venerdi 8 novembre \u00e8 mancata l&#8217;amata Annalisa Zasso, a soli 49 anni, per un grave incidente domestico. L&#8217;insegnante e gi\u00e0 consigliere comunale ad Agordo \u00e8 ricordata con amore dalla figlia Giulia con Agostino, dalla mamma Odilia, dalle sorelle Rosaly con Paolo, Alessandro, Andrea;\u00a0 e Silvia con Valentino.\u00a0 I funerali si svolgeranno DOMANI alle 14.30 nell&#8217;Arcidiaconale di Agordo.\u00a0 \u00a0QUESTA SERA\u00a0 alle 20 il rosario in chiesa. La famiglia ringrazia i Vigili del Fuoco, i medici, il personale del Pronto Soccorso dell&#8217;Ospedale di Agordo.<\/p>\n<p>&nbsp;<\/p>\n<p>&nbsp;<\/p>\n<p>&nbsp;<\/p>\n<p>&nbsp;<\/p>\n<hr \/>\n<p>&nbsp;<\/p>\n<blockquote>\n<h1>La comunit\u00e0 Fodom in preghiera per il giovane Christian<\/h1>\n<\/blockquote>\n<p><strong>LIVINALLONGO-<\/strong> Ieri sera\u00a0 la comunit\u00e0 Fodom si \u00e8 riunita in chiesa a Pieve di Livinallongo per un momento di preghiera collettiva dedicata alla salute e alla guarigione del giovane del paese vittima del grave incidente di sabato sera. L&#8217;iniziativa, guidata dal parroco Don Andrea con il supporto del Consiglio Parrocchiale, L&#8217;iniziativa, guidata dal parroco Don Andrea con il supporto del Consiglio Parrocchiale.<\/p>\n<p>Il sedicenne rimane in prognosi riservata all&#8217;ospedale di Trento dopo un grave incidente avvenuto tra sabato e domenica a Livinallongo. Il giovane ha riportato un trauma cranico ed \u00e8 stato sottoposto a intervento chirurgico. Altri due giovani minorenni sono rimasti lievemente feriti. I ragazzi avevano preso l\u2019auto di un amico maggiorenne trovata con le chiavi nel quadro comandi. I carabinieri di Arabba stanno indagando sulle circostanze. La comunit\u00e0 locale, guidata dal parroco don Andrea Constantini e dal sindaco Oscar Nagler, si \u00e8 riunita in chiesa per pregare per la guarigione del ragazzo e offrire sostegno alle famiglie.I familiari del ragazzo di 16 anni ieri sono stati a Trento, all&#8217;ospedale Santa Chiara, per stargli vicino in attesa di un segnale positivo di miglioramento. Il sindaco Oscar\u00a0 Nagler \u00e8 andato a fare visita ai ragazzi rimasti praticamente illesi e a portare loro l&#8217;abbraccio della comunit\u00e0. <em>\u00abNon ho avuto modo ancora di incontrare i familiari del ragazzo ricoverato che sono a Trento, ma sono andato a trovare gli altri, per dare loro supporto e vicinanza da parte dell&#8217;amministrazione. Sono ragazzi, sono naturalmente spaventati da quello che \u00e8 successo, ma sanno che la comunit\u00e0 si stringe a loro&#8221;<\/em><\/p>\n<p><a class=\"dt-pswp-item\" href=\"https:\/\/www.radiopiu.net\/wordpress\/wp-content\/uploads\/2024\/11\/cc16011f-2b85-4695-814f-125cde728954.jpg\" data-dt-img-description=\"\" data-large_image_width=\"1600\" data-large_image_height=\"719\"><img loading=\"lazy\" decoding=\"async\" class=\"alignnone size-medium wp-image-419248\" src=\"https:\/\/www.radiopiu.net\/wordpress\/wp-content\/uploads\/2024\/11\/cc16011f-2b85-4695-814f-125cde728954-300x135.jpg\" alt=\"\" width=\"300\" height=\"135\" srcset=\"https:\/\/www.radiopiu.net\/wordpress\/wp-content\/uploads\/2024\/11\/cc16011f-2b85-4695-814f-125cde728954-300x135.jpg 300w, https:\/\/www.radiopiu.net\/wordpress\/wp-content\/uploads\/2024\/11\/cc16011f-2b85-4695-814f-125cde728954-1024x460.jpg 1024w, https:\/\/www.radiopiu.net\/wordpress\/wp-content\/uploads\/2024\/11\/cc16011f-2b85-4695-814f-125cde728954-768x345.jpg 768w, https:\/\/www.radiopiu.net\/wordpress\/wp-content\/uploads\/2024\/11\/cc16011f-2b85-4695-814f-125cde728954-1536x690.jpg 1536w, https:\/\/www.radiopiu.net\/wordpress\/wp-content\/uploads\/2024\/11\/cc16011f-2b85-4695-814f-125cde728954.jpg 1600w\" sizes=\"auto, (max-width: 300px) 100vw, 300px\" \/><\/a><a class=\"dt-pswp-item\" href=\"https:\/\/www.radiopiu.net\/wordpress\/wp-content\/uploads\/2024\/11\/dc53b5df-8be6-4a91-ab59-91895c2652f5.jpg\" data-dt-img-description=\"\" data-large_image_width=\"1600\" data-large_image_height=\"719\"><img loading=\"lazy\" decoding=\"async\" class=\"alignnone size-medium wp-image-419247\" src=\"https:\/\/www.radiopiu.net\/wordpress\/wp-content\/uploads\/2024\/11\/dc53b5df-8be6-4a91-ab59-91895c2652f5-300x135.jpg\" alt=\"\" width=\"300\" height=\"135\" srcset=\"https:\/\/www.radiopiu.net\/wordpress\/wp-content\/uploads\/2024\/11\/dc53b5df-8be6-4a91-ab59-91895c2652f5-300x135.jpg 300w, https:\/\/www.radiopiu.net\/wordpress\/wp-content\/uploads\/2024\/11\/dc53b5df-8be6-4a91-ab59-91895c2652f5-1024x460.jpg 1024w, https:\/\/www.radiopiu.net\/wordpress\/wp-content\/uploads\/2024\/11\/dc53b5df-8be6-4a91-ab59-91895c2652f5-768x345.jpg 768w, https:\/\/www.radiopiu.net\/wordpress\/wp-content\/uploads\/2024\/11\/dc53b5df-8be6-4a91-ab59-91895c2652f5-1536x690.jpg 1536w, https:\/\/www.radiopiu.net\/wordpress\/wp-content\/uploads\/2024\/11\/dc53b5df-8be6-4a91-ab59-91895c2652f5.jpg 1600w\" sizes=\"auto, (max-width: 300px) 100vw, 300px\" \/><\/a><\/p>\n<p>&nbsp;<\/p>\n<p>&nbsp;<\/p>\n<p>&nbsp;<\/p>\n<p>&nbsp;<\/p>\n<hr \/>\n<p>&nbsp;<\/p>\n<blockquote>\n<h3>DINO BRIDDA: IL PREMIO SAN MARTINO 2024. IERI LA CONSEGNA DEL RICONOSCIMENTO<\/h3>\n<\/blockquote>\n<p><strong><a class=\"dt-pswp-item\" href=\"https:\/\/www.radiopiu.net\/wordpress\/wp-content\/uploads\/2024\/11\/Senza-nome-54.png\" data-dt-img-description=\"\" data-large_image_width=\"250\" data-large_image_height=\"153\"><img loading=\"lazy\" decoding=\"async\" class=\"size-full wp-image-419279 alignleft\" src=\"https:\/\/www.radiopiu.net\/wordpress\/wp-content\/uploads\/2024\/11\/Senza-nome-54.png\" alt=\"\" width=\"250\" height=\"153\" \/><\/a>BELLUNO<\/strong> Il Premio San Martino \u00e8 stato assegnato a Dino Bridda, giornalista e scrittore, per il suo costante impegno nel promuovere la cultura e la storia di Belluno. Silvia Cestaro, consigliere regionale, e il sindaco Oscar De Pellegrin hanno lodato Bridda per la sua dedizione al territorio bellunese e al mondo dell\u2019associazionismo, in particolare per il suo lavoro a favore della rivista &#8220;Bellunesi nel mondo&#8221; e il suo contributo alla sezione locale degli alpini. Con la sua penna, Bridda ha raccontato le tradizioni bellunesi e ha tenuto vivo il legame con i bellunesi emigrati, contribuendo a tramandare la memoria storica. Il suo operato rappresenta un esempio di spirito di servizio, che unisce passato e presente per il benessere della comunit\u00e0.<\/p>\n<p>&nbsp;<\/p>\n<p>&nbsp;<\/p>\n<h1 class=\"_title post-title entry-title\"><a class=\"dt-pswp-item\" href=\"https:\/\/www.radiopiu.net\/wordpress\/wp-content\/uploads\/2023\/12\/ANTENNA.png\" data-dt-img-description=\"\" data-large_image_width=\"300\" data-large_image_height=\"166\"><img loading=\"lazy\" decoding=\"async\" class=\" wp-image-366306 alignleft\" src=\"https:\/\/www.radiopiu.net\/wordpress\/wp-content\/uploads\/2023\/12\/ANTENNA.png\" alt=\"\" width=\"231\" height=\"128\" \/><\/a>BELLUNO | A DINO BRIDDA IL PREMIO SAN MARTINO 2024<\/h1>\n<p>Intervistati DINO BRIDDA (PREMIO SAN MARTINO 2024), LUCIANO BASSI (PRESIDENTE CONSIGLIO COMUNALE DI BELLUNO) (Servizio di\u00a0<a href=\"https:\/\/antennatre.medianordest.it\/redazione\/Tiziana-Bolognani\/\">Tiziana Bolognani<\/a>)<\/p>\n<p><iframe loading=\"lazy\" title=\"A DINO BRIDDA IL PREMIO SAN MARTINO 2024 | 11\/11\/2024\" width=\"1200\" height=\"675\" src=\"https:\/\/www.youtube.com\/embed\/igkYJp1-Doc?feature=oembed\" frameborder=\"0\" allow=\"accelerometer; autoplay; clipboard-write; encrypted-media; gyroscope; picture-in-picture; web-share\" referrerpolicy=\"strict-origin-when-cross-origin\" allowfullscreen><\/iframe><\/p>\n<p>&nbsp;<\/p>\n<p>&nbsp;<\/p>\n<p>&nbsp;<\/p>\n<p><strong><a class=\"dt-pswp-item\" href=\"https:\/\/www.radiopiu.net\/wordpress\/wp-content\/uploads\/2024\/03\/CESTARO.jpg\" data-dt-img-description=\"\" data-large_image_width=\"810\" data-large_image_height=\"540\"><img loading=\"lazy\" decoding=\"async\" class=\" wp-image-381549 alignleft\" src=\"https:\/\/www.radiopiu.net\/wordpress\/wp-content\/uploads\/2024\/03\/CESTARO-300x200.jpg\" alt=\"\" width=\"203\" height=\"135\" srcset=\"https:\/\/www.radiopiu.net\/wordpress\/wp-content\/uploads\/2024\/03\/CESTARO-300x200.jpg 300w, https:\/\/www.radiopiu.net\/wordpress\/wp-content\/uploads\/2024\/03\/CESTARO-768x512.jpg 768w, https:\/\/www.radiopiu.net\/wordpress\/wp-content\/uploads\/2024\/03\/CESTARO.jpg 810w\" sizes=\"auto, (max-width: 203px) 100vw, 203px\" \/><\/a>VENEZIA <\/strong>\u201cDesidero ringraziare gli organizzatori bellunesi del Premio San Martino, premio prestigioso della Citt\u00e0 di Belluno per la sensibilit\u00e0 dimostrata nell\u2019assegnare questo riconoscimento a Dino Bridda, una figura di alto valore nel mondo dell\u2019associazionismo, della cultura e del sociale. A Dino Bridda, giornalista e scrittore di lungo corso, \u00e8 stato riconosciuto il grande impegno per la valorizzazione del nostro territorio montano\u201d. Cos\u00ec Silvia Cestaro, consigliere regionale bellunese di Lega \u2013 Liga Veneta, nel compiacersi per la scelta fatta. \u201cSan Martino \u00e8 anche il patrono di Belluno e anche Bridda come San Martino si \u00e8 sempre reso disponibile in prima persona dedicando il proprio tempo al mondo dell\u2019associazionismo e della cultura perch\u00e9 il patrimonio della montagna bellunese abbia sempre un posto centrale nella geografia sociale ed economica del nostro Veneto. Bridda\u00a0 &#8211; aggiunge la consigliera &#8211; ha sempre dedicato i suoi scritti e il suo impegno personale ai delicati temi dell\u2019emigrazione bellunese, cercando di mantenere vivo il rapporto tra chi ha lasciato le amate terre montane e i luoghi di origine attraverso le pagine della rivista \u2018Bellunesi nel mondo\u2019 oltre che al mondo degli alpini, corpo militare tanto caro alle nostre montagne. Per anni Dino Bridda, \u00e8 riuscito e riesce tuttora a far sentire i bellunesi emigrati nel mondo il calore del nostro territorio, raccontando di cultura, storia dell\u2019emigrazione, economia e cronaca bellunese e di attivit\u00e0 delle Famiglie Bellunesi che all\u2019estero hanno fatto fortuna cos\u00ec come quelle che continuano a vivere tra le nostre amate montagne. Complimenti ancora a Dino Bridda, a lui un riconoscimento quanto mai meritato\u201d, conclude Silvia Cestaro.<\/p>\n<p><strong><a class=\"dt-pswp-item\" href=\"https:\/\/www.radiopiu.net\/wordpress\/wp-content\/uploads\/2024\/06\/SindacoBelluno_OscarDePellegrin.jpg\" data-dt-img-description=\"\" data-large_image_width=\"2000\" data-large_image_height=\"1333\"><img loading=\"lazy\" decoding=\"async\" class=\" wp-image-396758 alignright\" src=\"https:\/\/www.radiopiu.net\/wordpress\/wp-content\/uploads\/2024\/06\/SindacoBelluno_OscarDePellegrin-300x200.jpg\" alt=\"\" width=\"254\" height=\"169\" \/><\/a>L&#8217;INTERVENTO DEL SINDACO DI BELLUNO OSCAR DE PELLEGRIN<\/strong><\/p>\n<p>E&#8217; sempre un piacere ritrovarci per festeggiare il nostro santo patrono e, assieme, per consegnare il premio San Martino ad un nostro illustre concittadino. Un premio con il quale, lo sappiamo, la Citt\u00e0 di Belluno celebra quei cittadini che, con impegno e passione, si sono distinti in ambito professionale, culturale, del volontariato e artistico, contribuendo cos\u00ec a dare\u00a0 lustro e prestigio alla nostra comunit\u00e0. Dino Bridda \u00e8 senza dubbio uno di questi cittadini esemplari, un uomo le cui azioni e parole hanno lasciato un segno nella nostra storia recente. Uno studioso appassionato della storia locale e non solo, persona che ha dedicato la sua vita a raccontare, promuovere e diffondere le tradizioni, l\u2019identit\u00e0 e la cultura bellunesi. In un mondo in cui tutto corre veloce e le informazioni si susseguono online di minuto in minuto, Bridda si \u00e8 preso la briga di tornare indietro nel tempo e fermare con testi e racconti, articoli di giornali e interventi, il nostro passato perch\u00e9 non venga dimenticato, ma sempre pi\u00f9 valorizzato e tramandato alle future generazioni. Mi piace anche ricordare che per 16 edizioni \u00e8 stato il conduttore della cerimonia di consegna del Premio San Martino. Oggi \u00e8 nuovamente sul palco, seppur con un altro ruolo. Le emozioni di questo cambio ce le racconter\u00e0 lui stesso. Bellunese doc, Dino ha incanalato la sua passione per il suo territorio in una carriera di giornalista, scrittore e comunicatore Con la sua penna e la sua voce, ha contribuito a diffondere la cultura, l&#8217;arte, la storia e le tradizioni di Belluno, pubblicando articoli e reportage su molte testate locali e non solo. Il suo lavoro non \u00e8 stato solo un esercizio di scrittura, ma un modo per tenere viva la memoria collettiva di cui ne ha sempre sottolineato l\u2019importanza. Credo di poter affermare che deriva proprio da qui il suo impegno che si pu\u00f2 tradurre in una quotidiana pratica che trova la sua ragione di essere nello spirito di servizio. La scelta, cio\u00e8, di rapportarsi con gli altri con l\u2019obiettivo dichiarato di collaborare per il benessere di un territorio, di una storia, delle persone. \u00c8 facile allora capire come il suo impegno abbia intersecato tutta una serie di ambiti: la cultura, il sociale, il volontariato. Dino \u00e8 anche un punto di riferimento per le generazioni pi\u00f9 giovani, rappresenta un legame prezioso tra il passato e il presente, tra le tradizioni storiche e le sfide contemporanee che affrontiamo. Lo spirito di servizio \u00e8 uno dei doni pi\u00f9 preziosi che una persona possa offrire alla propria comunit\u00e0. Non si tratta soltanto di ci\u00f2 che si fa, ma di come e perch\u00e9 lo si fa. \u00c8 l\u2019energia di chi sceglie di mettere il proprio talento e il proprio tempo al servizio degli altri, per il bene di un territorio, di una storia, di un insieme di valori che ci legano. Servire significa lasciare un segno duraturo, un gesto che attraversa il tempo e arriva agli altri come testimonianza di appartenenza e di cura. Mi piace ricordare, in particolare, il suo ruolo all\u2019interno della sezione alpini di Belluno. Che cosa rappresentino i valori alpini non richiede di certo lunghi discorsi. Nel suo ruolo di addetto stampa, presentatore e direttore di testata Dino ha contribuito a trasmettere i valori di solidariet\u00e0, comunit\u00e0 e appartenenza che caratterizzano il mondo degli alpini, anche aprendo nuove strade. E\u2019 stato lui infatti, nel 2003 su richiesta dell\u2019allora presidente della sezione di Belluno, Arrigo Cadore, a fondare il periodico \u201cIn marcia\u201d: riunendo, per la prima volta in provincia, le notizie relative a tutte le sezioni del territorio in un\u2019unica rivista che raccontasse chi sono le penne nere bellunesi, cosa fanno e quali sono i loro progetti a favore della comunit\u00e0. Un servizio che continua e che, ne sono sicuro, continuer\u00e0 ancora a lungo. Oggi, conferendo il Premio San Martino a Dino Bridda, non solo riconosciamo il suo straordinario contributo alla cultura bellunese, ma celebriamo un uomo che ha incarnato e continua a incarnare i valori di impegno, passione e altruismo. La tua vita e il tuo lavoro ci insegnano che ogni gesto, ogni parola scritta, ogni momento dedicato alla comunit\u00e0 contribuisce a costruire una societ\u00e0 pi\u00f9 coesa e migliore. Grazie per il tuo instancabile lavoro, per il tuo amore per Belluno e per le storie che hai condiviso con noi. In conclusione, vorrei esprimere la mia gratitudine a tutti voi che siete qui oggi, a testimoniare questo momento importante per la nostra comunit\u00e0. Che questo premio possa essere un ulteriore incentivo a continuare a lavorare insieme con spirito civico per la nostra comunit\u00e0. Grazie, Dino, e congratulazioni per questo meritato riconoscimento.<\/p>\n<p>&nbsp;<\/p>\n<hr \/>\n<p>&nbsp;<\/p>\n<p>&nbsp;<\/p>\n<h1 class=\"_title post-title entry-title\">BELLUNO | DIOCESI E CITTA\u2019 IN FESTA PER IL PATRONO SAN MARTINO<\/h1>\n<p>Intervistati RENATO MARANGONI (VESCOVO BELLUNO FELTRE), ANTONELLO ROCCOBERTON (PREFETTO BELLUNO), FRANCESCO ZERILLI (QUESTORE BELLUNO), COL. ENRICO PIGOZZO (COMANDANTE CARABINIERI PROVINCIA BELLUNO), OSCAR DE PELLEGRIN (SINDACO BELLUNO) (Servizio di\u00a0<a href=\"https:\/\/antennatre.medianordest.it\/redazione\/Fabio-Fioravanzi\/\">Fabio Fioravanzi<\/a>)<\/p>\n<p>&nbsp;<\/p>\n<p><iframe loading=\"lazy\" title=\"DIOCESI E CITTA&#039; IN FESTA PER IL PATRONO SAN MARTINO | 11\/11\/2024\" width=\"1200\" height=\"675\" src=\"https:\/\/www.youtube.com\/embed\/jr_4NLMVNfw?feature=oembed\" frameborder=\"0\" allow=\"accelerometer; autoplay; clipboard-write; encrypted-media; gyroscope; picture-in-picture; web-share\" referrerpolicy=\"strict-origin-when-cross-origin\" allowfullscreen><\/iframe><\/p>\n<p>&nbsp;<\/p>\n<p>&nbsp;<\/p>\n<p>&nbsp;<\/p>\n<hr \/>\n<p>&nbsp;<\/p>\n<p><img loading=\"lazy\" decoding=\"async\" class=\"alignleft\" src=\"https:\/\/www.radiopiu.net\/wordpress\/wp-content\/uploads\/2022\/05\/1928d5d7-b2fc-43d9-ad3c-022e2999fe12.jpg\" width=\"277\" height=\"156\" \/><\/p>\n<p><strong>RIVAMONTE<\/strong> <span style=\"color: #ff0000;\">Dall&#8217;11 novembre al 6 dicembre,<\/span> sabato e domenica compresi: interdizione totale alla circolazione stradale con deviazione sull&#8217;adiacente SP3 BIS Valle Imperina.<\/p>\n<p><strong>IN LOCALITA&#8217; PONTE ALTO, DOPO LA DEVIAZIONE DALLA REGIONALE 203 AGORDINA\u00a0<\/strong><\/p>\n<p>&nbsp;<\/p>\n<p>&nbsp;<\/p>\n<p>&nbsp;<\/p>\n<p>&nbsp;<\/p>\n<p>&nbsp;<\/p>\n<div dir=\"auto\">\n<hr \/>\n<div class=\"flex-shrink-0 flex flex-col relative items-end\">\n<div>\n<div class=\"pt-0\">\n<div class=\"gizmo-bot-avatar flex h-8 w-8 items-center justify-center overflow-hidden rounded-full\">\n<blockquote>\n<h2 class=\"relative p-1 rounded-sm flex items-center justify-center bg-token-main-surface-primary text-token-text-primary h-8 w-8\">Sp1 bis Madonna del Piave: Chiusura Totale per Lavori di Sicurezza<\/h2>\n<\/blockquote>\n<\/div>\n<\/div>\n<\/div>\n<\/div>\n<div class=\"group\/conversation-turn relative flex w-full min-w-0 flex-col agent-turn\">\n<div class=\"flex-col gap-1 md:gap-3\">\n<div class=\"flex max-w-full flex-col flex-grow\">\n<div class=\"min-h-8 text-message flex w-full flex-col items-end gap-2 whitespace-normal break-words [.text-message+&amp;]:mt-5\" dir=\"auto\" data-message-author-role=\"assistant\" data-message-id=\"eacaaabb-1987-4f34-839c-c1ea5110dcf8\" data-message-model-slug=\"gpt-4o\">\n<div class=\"flex w-full flex-col gap-1 empty:hidden first:pt-[3px]\">\n<div class=\"markdown prose w-full break-words dark:prose-invert dark\">\n<p><strong><a class=\"dt-pswp-item\" href=\"https:\/\/www.radiopiu.net\/wordpress\/wp-content\/uploads\/2024\/11\/6647e87d-5192-45a9-9aa8-169cf860255c-1.jpg\" data-dt-img-description=\"\" data-large_image_width=\"600\" data-large_image_height=\"800\"><img loading=\"lazy\" decoding=\"async\" class=\" wp-image-418324 alignleft\" src=\"https:\/\/www.radiopiu.net\/wordpress\/wp-content\/uploads\/2024\/11\/6647e87d-5192-45a9-9aa8-169cf860255c-1-225x300.jpg\" alt=\"\" width=\"116\" height=\"155\" srcset=\"https:\/\/www.radiopiu.net\/wordpress\/wp-content\/uploads\/2024\/11\/6647e87d-5192-45a9-9aa8-169cf860255c-1-225x300.jpg 225w, https:\/\/www.radiopiu.net\/wordpress\/wp-content\/uploads\/2024\/11\/6647e87d-5192-45a9-9aa8-169cf860255c-1.jpg 600w\" sizes=\"auto, (max-width: 116px) 100vw, 116px\" \/><\/a><\/strong><\/p>\n<p>&nbsp;<\/p>\n<p><strong>SETTEVILLE<\/strong> La strada provinciale Sp1 bis Madonna del Piave sar\u00e0 completamente chiusa al traffico dalle 9:00 di marted\u00ec 12 alle 17:00 di mercoled\u00ec 13, in corrispondenza della localit\u00e0 Caorera. La chiusura \u00e8 necessaria per effettuare la demolizione di una sporgenza rocciosa che rappresenta un potenziale pericolo per i veicoli in transito su questa importante arteria della sinistra Piave. L&#8217;intervento ha lo scopo di garantire la sicurezza degli utenti e prevenire possibili incidenti causati dalla caduta di detriti sulla carreggiata. Gli automobilisti sono invitati a pianificare percorsi alternativi e a prestare attenzione alla segnaletica stradale predisposta durante i lavori.<\/p>\n<\/div>\n<\/div>\n<\/div>\n<\/div>\n<\/div>\n<\/div>\n<p>&nbsp;<\/p>\n<p>&nbsp;<\/p>\n<hr \/>\n<p>&nbsp;<\/p>\n<blockquote>\n<h3>RITROVATA FEDE NUZIALE A CENCENIGHE. CERCASI PROPRIETARIO<\/h3>\n<\/blockquote>\n<p><strong>CENCENIGHE<\/strong> Una fede nuziale in oro \u00e8 stata ritrovata nei pressi del supermercato Kanguro a Cencenighe. Chi l\u2019avesse smarrita pu\u00f2 rivolgersi all\u2019Ufficio di Polizia Locale, dove \u00e8 attualmente depositata.<\/p>\n<p>&nbsp;<\/p>\n<hr \/>\n<p>&nbsp;<\/p>\n<p><span style=\"color: #ff0000;\"><strong>oggi la GIUDIZIARIA dal Corriere delle Alpi\u00a0<\/strong><\/span><br \/>\n<span style=\"color: #ff0000;\"><strong>sintesi, articoli di GIGI SOSSO<\/strong><\/span><\/p>\n<blockquote><p><strong>Condannato a Tre Anni Chiede la Revisione del Processo<\/strong><\/p><\/blockquote>\n<p><strong>BELLUNO<\/strong>\u00a0 33enne kosovaro, sta scontando tre anni e quattro mesi per tentata estorsione ai danni di due fratelli di Sedico, confermata dalla Corte d&#8217;Appello. L&#8217;avvocato Fabio Targa ha richiesto l&#8217;intervento del ministro Carlo Nordio per inviare ispettori alla Procura di Belluno e ottenere la revisione del processo, compromessa dalla scomparsa delle intercettazioni telefoniche, prova fondamentale. Senza queste registrazioni, \u00e8 complesso riaprire il caso.<\/p>\n<blockquote><p><strong>Commerciante Feltrino a Processo per Frode sui Pellets da 464 Mila Euro<\/strong><\/p><\/blockquote>\n<p><strong>FELTRE<\/strong> Un commerciante\u00a0 \u00e8 accusato di frode in commercio per la vendita di pellets senza certificazione. Difeso dall&#8217;avvocato Davide Fent, il procedimento \u00e8 iniziato davanti al giudice Luca Berletti, dopo indagini della Guardia di Finanza. Il 4 agosto di tre anni fa, un controllo aveva scoperto un carico di 66 mila chili di pellets non certificati, con il marchio Enplus piazzato fraudolentemente. L&#8217;accusa sostiene che l&#8217;imputato abbia venduto oltre 1,5 tonnellate, incassando 464 mila euro. La difesa contesta la validit\u00e0 delle notifiche e sostiene la regolarit\u00e0 del prodotto.<\/p>\n<p>&nbsp;<\/p>\n<p>&nbsp;<\/p>\n<hr \/>\n<p>&nbsp;<\/p>\n<blockquote>\n<h1>NUOVO LOGO TURISTICO. DE BATTISTA &#8220;CONTRASTI AD ALTO RISCHIO&#8221;<\/h1>\n<\/blockquote>\n<p><strong><a class=\"dt-pswp-item\" href=\"https:\/\/www.radiopiu.net\/wordpress\/wp-content\/uploads\/2021\/03\/arabba-con-in-fondo-il.jpg\" data-dt-img-description=\"\" data-large_image_width=\"550\" data-large_image_height=\"413\"><img loading=\"lazy\" decoding=\"async\" class=\" wp-image-198124 alignleft\" src=\"https:\/\/www.radiopiu.net\/wordpress\/wp-content\/uploads\/2021\/03\/arabba-con-in-fondo-il-300x225.jpg\" alt=\"\" width=\"187\" height=\"140\" srcset=\"https:\/\/www.radiopiu.net\/wordpress\/wp-content\/uploads\/2021\/03\/arabba-con-in-fondo-il-300x225.jpg 300w, https:\/\/www.radiopiu.net\/wordpress\/wp-content\/uploads\/2021\/03\/arabba-con-in-fondo-il.jpg 550w\" sizes=\"auto, (max-width: 187px) 100vw, 187px\" \/><\/a>LIVINALLONGO<\/strong><\/p>\n<p>DI LORENZO SORATROI<\/p>\n<audio class=\"wp-audio-shortcode\" id=\"audio-419062-11\" preload=\"none\" style=\"width: 100%;\" controls=\"controls\"><source type=\"audio\/mpeg\" src=\"https:\/\/www.radiopiu.net\/wordpress\/wp-content\/uploads\/2024\/11\/SORATROI-UN-NUOVO-LOGO-TURISTICO-DA-CONCORDARE.mp3?_=11\" \/><a href=\"https:\/\/www.radiopiu.net\/wordpress\/wp-content\/uploads\/2024\/11\/SORATROI-UN-NUOVO-LOGO-TURISTICO-DA-CONCORDARE.mp3\">https:\/\/www.radiopiu.net\/wordpress\/wp-content\/uploads\/2024\/11\/SORATROI-UN-NUOVO-LOGO-TURISTICO-DA-CONCORDARE.mp3<\/a><\/audio>\n<p>&nbsp;<\/p>\n<p>&nbsp;<\/p>\n<hr \/>\n<p>&nbsp;<\/p>\n<blockquote>\n<h2>IL BIDONCINO SVUOTATO E IL RAGAZZO DALLA BANDANA<\/h2>\n<\/blockquote>\n<p><strong><img loading=\"lazy\" decoding=\"async\" class=\"alignleft\" src=\"https:\/\/www.radiopiu.net\/wordpress\/wp-content\/uploads\/2024\/11\/Senza-nome-48.png\" width=\"227\" height=\"126\" \/>SAN TOMASO<\/strong> C\u2019\u00e8 posta per Radio Pi\u00f9, la protagonista \u00e8 di nuovo Stefania. Sequel del bidoncino dell\u2019umido,\u00a0 del suo mancato svuotamento. Oggi un operatore di Valpe non solo ha recuperato&#8230;ma ha pure caricato l&#8217;esubero.\u00a0 Per Stefania un\u00a0 moderno cavaliere dalla bandana, alias il ragazzo della raccolta, di cui la nostra ascoltatrice di San Tomaso non conosce il nome. Dopo un cambio di percorsi e operatori, la strada di Stefania era rimasta orfana del servizio perfetto. Ma ecco, come nei migliori romanzi, il nostro protagonista dalla bandana compare, raccoglie il bidoncino e anche l\u2019esubero accumulato. Questo atto Stefania lo segnala anche a Valpe perch\u00e8 <em>&#8220;Va bene le critiche &#8211; dice Stefania &#8211; ma anche i meriti come questo vanno ampiamente riconosciuti&#8221;.<\/em> Ora, l\u2019appello al cielo: \u201cValpe, sappiatelo, avete un campione fra voi!\u201d. Che la sua bandana sventoli sempre sulle vie di Stefania e che ogni bidoncino possa essere visto, raccolto e celebrato come si deve.<\/p>\n<p>&nbsp;<\/p>\n<p><strong>LA RISPOSTA DI VALPE<\/strong><\/p>\n<p><strong>AGORDO<\/strong> Anche Valpe ha risposto a Stefania,<i> &#8220;evidenziamo che la mancata raccolta, segnalata venerd\u00ec scorso, questa mattina \u00e8 gi\u00e0 stata recuperata; in tale occasione, il nostro addetto ha avuto modo di parlare con l&#8217;utenza per scusarsi del disservizio e per spiegare le difficolt\u00e0 riscontrate, legate ad una errata esposizione del contenitore.\u00a0<\/i><i>Nel punto in cui era esposto, infatti, il bidoncino risultava, per chi percorre la strada, <\/i><i>parzialmente nascosto dalle recinzioni, soprattutto quando il servizio viene effettuato al mattino presto e la visibilit\u00e0 \u00e8 ridotta a causa della scarsa luce disponibile. <\/i><i>L&#8217;operatore ha quindi suggerito all&#8217;utente di spostare leggermente l&#8217;esposizione del contenitore per garantire una sua pi\u00f9 facile individuazione; un piccolo accorgimento che l&#8217;utente ha accolto, dimostrando comprensione e collaborazione per il miglioramento del servizio di raccolta&#8221;.<\/i><\/p>\n<p>&nbsp;<\/p>\n<p>&nbsp;<\/p>\n<hr \/>\n<\/div>\n<p>&nbsp;<\/p>\n<blockquote>\n<h3>INCANTO AUTUNNALE SUL GARDELLON ALLA VIGILIA DI UNA NUOVA STAGIONE<\/h3>\n<\/blockquote>\n<div class=\"relative flex h-full w-full overflow-hidden transition-colors z-0\">\n<div class=\"relative flex h-full max-w-full flex-1 flex-col overflow-hidden\">\n<div class=\"composer-parent flex h-full flex-col focus-visible:outline-0\" tabindex=\"0\" role=\"presentation\">\n<div class=\"flex-1 overflow-hidden\">\n<div class=\"h-full\">\n<div class=\"react-scroll-to-bottom--css-iaghl-79elbk h-full\">\n<div class=\"react-scroll-to-bottom--css-iaghl-1n7m0yu\">\n<div class=\"flex flex-col text-sm md:pb-9\">\n<article class=\"w-full scroll-mb-[var(--thread-trailing-height)] text-token-text-primary focus-visible:outline-2 focus-visible:outline-offset-[-4px]\" dir=\"auto\" data-testid=\"conversation-turn-3\" data-scroll-anchor=\"true\">\n<div class=\"m-auto text-base py-[18px] px-3 md:px-4 w-full md:px-5 lg:px-4 xl:px-5\">\n<div class=\"mx-auto flex flex-1 gap-4 text-base md:gap-5 lg:gap-6 md:max-w-3xl lg:max-w-[40rem] xl:max-w-[48rem]\">\n<div class=\"group\/conversation-turn relative flex w-full min-w-0 flex-col agent-turn\">\n<div class=\"flex-col gap-1 md:gap-3\">\n<div class=\"flex max-w-full flex-col flex-grow\">\n<div class=\"min-h-8 text-message flex w-full flex-col items-end gap-2 whitespace-normal break-words [.text-message+&amp;]:mt-5\" dir=\"auto\" data-message-author-role=\"assistant\" data-message-id=\"724384d8-91bc-4ef6-b1f5-fbf4640316a5\" data-message-model-slug=\"gpt-4o\">\n<div class=\"flex w-full flex-col gap-1 empty:hidden first:pt-[3px]\">\n<div class=\"result-streaming markdown prose w-full break-words dark:prose-invert dark\">\n<p><strong><a class=\"dt-pswp-item\" href=\"https:\/\/www.radiopiu.net\/wordpress\/wp-content\/uploads\/2024\/11\/466320601_983797747096311_1780486271163034133_n.jpg\" data-dt-img-description=\"\" data-large_image_width=\"526\" data-large_image_height=\"701\"><img loading=\"lazy\" decoding=\"async\" class=\"size-medium wp-image-419235 alignleft\" src=\"https:\/\/www.radiopiu.net\/wordpress\/wp-content\/uploads\/2024\/11\/466320601_983797747096311_1780486271163034133_n-225x300.jpg\" alt=\"\" width=\"225\" height=\"300\" srcset=\"https:\/\/www.radiopiu.net\/wordpress\/wp-content\/uploads\/2024\/11\/466320601_983797747096311_1780486271163034133_n-225x300.jpg 225w, https:\/\/www.radiopiu.net\/wordpress\/wp-content\/uploads\/2024\/11\/466320601_983797747096311_1780486271163034133_n.jpg 526w\" sizes=\"auto, (max-width: 225px) 100vw, 225px\" \/><\/a>GOSALDO:<\/strong> \u00c8 vero che la stazione \u00e8 chiusa&#8230; ma per pochi giorni perch\u00e9 riaprir\u00e0 per l&#8217;inverno con ambiziosi progetti. Intanto via ai lavori sulle piste da sci per una stagione invernale indimenticabile tra il Bar-Ristorante del Ghegy e l&#8217;incanto del Gardellon.\u00a0 La stazione sciistica di Gosaldo, situata nel cuore delle Dolomiti, ha momentaneamente chiuso le sue porte per l\u2019avvio dei lavori di manutenzione e miglioramento delle piste. Questa pausa strategica \u00e8 solo il preludio a una stagione invernale che si preannuncia entusiasmante, ricca di novit\u00e0 e attivit\u00e0 pensate per gli amanti della montagna. Gli interventi in corso mirano a perfezionare le piste, garantendo un\u2019esperienza sciistica fluida e sicura anche nei punti pi\u00f9 impegnativi. L\u2019obiettivo non \u00e8 solo quello di rinnovare l\u2019infrastruttura, ma di rendere la stazione il punto di riferimento per chi cerca sport, relax e tradizioni alpine. La riapertura prevista per l&#8217;inizio della stagione invernale coincider\u00e0 con l\u2019introduzione di nuovi servizi e attrazioni, ideati per arricchire il soggiorno degli ospiti. Tra questi, il\u00a0 Bar-Ristorante del Ghegy promette di diventare una tappa obbligata per scaldarsi dopo una giornata sugli sci, grazie alla sua calda atmosfera e all&#8217;offerta gastronomica che esalta i sapori locali. Non meno affascinante \u00e8 il Gardellon, l\u2019area scenografica che circonda la stazione e che rappresenta un punto di forza per chi desidera vivere la magia della montagna anche al di fuori delle piste. Le escursioni invernali e le ciaspolate notturne, illuminate dalla luce della luna e delle lanterne, promettono un\u2019esperienza suggestiva, capace di lasciare ricordi indelebili. Gosaldo si prepara quindi a un inverno all\u2019insegna dell\u2019autenticit\u00e0 e dell\u2019innovazione, unendo la bellezza incontaminata del paesaggio dolomitico con la modernit\u00e0 dei servizi. La comunit\u00e0 locale e gli operatori turistici sono pronti ad accogliere i visitatori con un calore che va ben oltre le temperature rigide, offrendo un\u2019esperienza che coniuga sport, cultura e tradizione.<\/p>\n<\/div>\n<\/div>\n<\/div>\n<\/div>\n<\/div>\n<\/div>\n<\/div>\n<\/div>\n<\/article>\n<\/div>\n<\/div>\n<\/div>\n<\/div>\n<\/div>\n<\/div>\n<p>&nbsp;<\/p>\n<\/div>\n<\/div>\n<p><a class=\"dt-pswp-item\" href=\"https:\/\/www.radiopiu.net\/wordpress\/wp-content\/uploads\/2024\/11\/466409083_982754473867305_507030062714544581_n.jpg\" data-dt-img-description=\"\" data-large_image_width=\"450\" data-large_image_height=\"600\"><img loading=\"lazy\" decoding=\"async\" class=\"alignnone wp-image-419237\" src=\"https:\/\/www.radiopiu.net\/wordpress\/wp-content\/uploads\/2024\/11\/466409083_982754473867305_507030062714544581_n-225x300.jpg\" alt=\"\" width=\"170\" height=\"227\" srcset=\"https:\/\/www.radiopiu.net\/wordpress\/wp-content\/uploads\/2024\/11\/466409083_982754473867305_507030062714544581_n-225x300.jpg 225w, https:\/\/www.radiopiu.net\/wordpress\/wp-content\/uploads\/2024\/11\/466409083_982754473867305_507030062714544581_n.jpg 450w\" sizes=\"auto, (max-width: 170px) 100vw, 170px\" \/><\/a><a class=\"dt-pswp-item\" href=\"https:\/\/www.radiopiu.net\/wordpress\/wp-content\/uploads\/2024\/11\/466342351_982754463867306_8683949109896725859_n.jpg\" data-dt-img-description=\"\" data-large_image_width=\"600\" data-large_image_height=\"450\"><img loading=\"lazy\" decoding=\"async\" class=\"alignnone size-medium wp-image-419236\" src=\"https:\/\/www.radiopiu.net\/wordpress\/wp-content\/uploads\/2024\/11\/466342351_982754463867306_8683949109896725859_n-300x225.jpg\" alt=\"\" width=\"300\" height=\"225\" srcset=\"https:\/\/www.radiopiu.net\/wordpress\/wp-content\/uploads\/2024\/11\/466342351_982754463867306_8683949109896725859_n-300x225.jpg 300w, https:\/\/www.radiopiu.net\/wordpress\/wp-content\/uploads\/2024\/11\/466342351_982754463867306_8683949109896725859_n.jpg 600w\" sizes=\"auto, (max-width: 300px) 100vw, 300px\" \/><\/a><a class=\"dt-pswp-item\" href=\"https:\/\/www.radiopiu.net\/wordpress\/wp-content\/uploads\/2024\/11\/465044006_973485494794203_6097626671329231286_n.jpg\" data-dt-img-description=\"\" data-large_image_width=\"526\" data-large_image_height=\"500\"><img loading=\"lazy\" decoding=\"async\" class=\"alignnone wp-image-419238\" src=\"https:\/\/www.radiopiu.net\/wordpress\/wp-content\/uploads\/2024\/11\/465044006_973485494794203_6097626671329231286_n-300x285.jpg\" alt=\"\" width=\"239\" height=\"227\" srcset=\"https:\/\/www.radiopiu.net\/wordpress\/wp-content\/uploads\/2024\/11\/465044006_973485494794203_6097626671329231286_n-300x285.jpg 300w, https:\/\/www.radiopiu.net\/wordpress\/wp-content\/uploads\/2024\/11\/465044006_973485494794203_6097626671329231286_n.jpg 526w\" sizes=\"auto, (max-width: 239px) 100vw, 239px\" \/><\/a><\/p>\n<p>&nbsp;<\/p>\n<p>&nbsp;<\/p>\n<hr \/>\n<p>&nbsp;<\/p>\n<blockquote>\n<h3>PREMIATI I MAESTRI ARTIGIANI DI APPIA CNA BELLUNO<\/h3>\n<\/blockquote>\n<p><strong>PADOVA<\/strong> Al Centro Congressi della Fiera di Padova sono stati premiati i Maestri Artigiani di Appia CNA Belluno: i fratelli Andrea, Michele e Fabio Cerentin della Cerentin F.lli di Castion e Borgo Valbelluna, e Moreno De Biasi della Art. Wood Intagli Sculture di Sois. La Regione Veneto ha conferito loro questo titolo per valorizzare l\u2019artigianato, promuovendo la trasmissione delle competenze alle nuove generazioni. De Biasi, docente alla Scuola del legno di Sedico, \u00e8 riconosciuto per il suo impegno nel trasferire il know-how ai giovani, mentre i Cerentin, attivi da 40 anni nelle coperture e lattonerie, organizzano corsi di formazione per apprendisti e operai specializzati, coinvolgendo anche collaboratori esterni.<\/p>\n\n\t\t\t<style type='text\/css'>\n\t\t\t\t#gallery-1 {\n\t\t\t\t\tmargin: auto;\n\t\t\t\t}\n\t\t\t\t#gallery-1 .gallery-item {\n\t\t\t\t\tfloat: left;\n\t\t\t\t\tmargin-top: 10px;\n\t\t\t\t\ttext-align: center;\n\t\t\t\t\twidth: 50%;\n\t\t\t\t}\n\t\t\t\t#gallery-1 img {\n\t\t\t\t\tborder: 2px solid #cfcfcf;\n\t\t\t\t}\n\t\t\t\t#gallery-1 .gallery-caption {\n\t\t\t\t\tmargin-left: 0;\n\t\t\t\t}\n\t\t\t\t\/* see gallery_shortcode() in wp-includes\/media.php *\/\n\t\t\t<\/style>\n\t\t<div id='gallery-1' class='dt-gallery-container gallery galleryid-419062 gallery-columns-2 gallery-size-medium'><dl class='gallery-item'>\n\t\t\t\t<dt class='gallery-icon landscape'>\n\t\t\t\t\t<a class=\"rollover rollover-zoom dt-pswp-item\" title=\"OLYMPUS DIGITAL CAMERA\" data-dt-img-description=\"\" data-large_image_width=\"2288\" data-large_image_height=\"1712\"href='https:\/\/www.radiopiu.net\/wordpress\/wp-content\/uploads\/2024\/11\/Moreno-De-Biasi.jpg'><img loading=\"lazy\" decoding=\"async\" width=\"300\" height=\"224\" src=\"https:\/\/www.radiopiu.net\/wordpress\/wp-content\/uploads\/2024\/11\/Moreno-De-Biasi-300x224.jpg\" class=\"attachment-medium size-medium\" alt=\"\" aria-describedby=\"gallery-1-419260\" srcset=\"https:\/\/www.radiopiu.net\/wordpress\/wp-content\/uploads\/2024\/11\/Moreno-De-Biasi-300x224.jpg 300w, https:\/\/www.radiopiu.net\/wordpress\/wp-content\/uploads\/2024\/11\/Moreno-De-Biasi-1024x766.jpg 1024w, https:\/\/www.radiopiu.net\/wordpress\/wp-content\/uploads\/2024\/11\/Moreno-De-Biasi-768x575.jpg 768w, https:\/\/www.radiopiu.net\/wordpress\/wp-content\/uploads\/2024\/11\/Moreno-De-Biasi-1536x1149.jpg 1536w, https:\/\/www.radiopiu.net\/wordpress\/wp-content\/uploads\/2024\/11\/Moreno-De-Biasi-2048x1532.jpg 2048w\" sizes=\"auto, (max-width: 300px) 100vw, 300px\" \/><\/a>\n\t\t\t\t<\/dt>\n\t\t\t\t\t<dd class='wp-caption-text gallery-caption' id='gallery-1-419260'>\n\t\t\t\t\tMORENO DE BIASI\n\t\t\t\t\t<\/dd><\/dl><dl class='gallery-item'>\n\t\t\t\t<dt class='gallery-icon landscape'>\n\t\t\t\t\t<a class=\"rollover rollover-zoom dt-pswp-item\" title=\"I fratelli Cerentin\" data-dt-img-description=\"\" data-large_image_width=\"1600\" data-large_image_height=\"900\"href='https:\/\/www.radiopiu.net\/wordpress\/wp-content\/uploads\/2024\/11\/I-fratelli-Cerentin.jpg'><img loading=\"lazy\" decoding=\"async\" width=\"300\" height=\"169\" src=\"https:\/\/www.radiopiu.net\/wordpress\/wp-content\/uploads\/2024\/11\/I-fratelli-Cerentin-300x169.jpg\" class=\"attachment-medium size-medium\" alt=\"\" aria-describedby=\"gallery-1-419261\" srcset=\"https:\/\/www.radiopiu.net\/wordpress\/wp-content\/uploads\/2024\/11\/I-fratelli-Cerentin-300x169.jpg 300w, https:\/\/www.radiopiu.net\/wordpress\/wp-content\/uploads\/2024\/11\/I-fratelli-Cerentin-1024x576.jpg 1024w, https:\/\/www.radiopiu.net\/wordpress\/wp-content\/uploads\/2024\/11\/I-fratelli-Cerentin-768x432.jpg 768w, https:\/\/www.radiopiu.net\/wordpress\/wp-content\/uploads\/2024\/11\/I-fratelli-Cerentin-1536x864.jpg 1536w, https:\/\/www.radiopiu.net\/wordpress\/wp-content\/uploads\/2024\/11\/I-fratelli-Cerentin.jpg 1600w\" sizes=\"auto, (max-width: 300px) 100vw, 300px\" \/><\/a>\n\t\t\t\t<\/dt>\n\t\t\t\t\t<dd class='wp-caption-text gallery-caption' id='gallery-1-419261'>\n\t\t\t\t\tI FRATELLI CERENTIN\n\t\t\t\t\t<\/dd><\/dl><br style=\"clear: both\" \/>\n\t\t\t<\/div>\n\n<p>&nbsp;<\/p>\n<p>&nbsp;<\/p>\n<hr \/>\n<p>&nbsp;<\/p>\n<blockquote>\n<h3><a class=\"dt-pswp-item\" href=\"https:\/\/www.radiopiu.net\/wordpress\/wp-content\/uploads\/2021\/03\/ULSS-1.jpg\" data-dt-img-description=\"\" data-large_image_width=\"776\" data-large_image_height=\"408\"><img loading=\"lazy\" decoding=\"async\" class=\" wp-image-198838 alignleft\" src=\"https:\/\/www.radiopiu.net\/wordpress\/wp-content\/uploads\/2021\/03\/ULSS-1-300x158.jpg\" alt=\"\" width=\"173\" height=\"91\" srcset=\"https:\/\/www.radiopiu.net\/wordpress\/wp-content\/uploads\/2021\/03\/ULSS-1-300x158.jpg 300w, https:\/\/www.radiopiu.net\/wordpress\/wp-content\/uploads\/2021\/03\/ULSS-1-768x404.jpg 768w, https:\/\/www.radiopiu.net\/wordpress\/wp-content\/uploads\/2021\/03\/ULSS-1.jpg 776w\" sizes=\"auto, (max-width: 173px) 100vw, 173px\" \/><\/a>DOMANI UN INCONTRO CON IL REPARTO ANESTESIA DI BELLUNO<\/h3>\n<\/blockquote>\n<p><strong>BELLUNO<\/strong> L&#8217;UOC di Anestesia di Belluno terr\u00e0 un incontro sulla partoanalgesia il 13 novembre alle 14.00 nella sala riunioni dell&#8217;Ospedale San Martino di Belluno. L&#8217;evento \u00e8 aperto a professionisti, futuri genitori e a chiunque interessato, e spiegher\u00e0 tecniche e protocolli per la gestione del dolore durante il parto.<\/p>\n<p>&nbsp;<\/p>\n<p>&nbsp;<\/p>\n<hr \/>\n<p>&nbsp;<\/p>\n<div class=\"group\/conversation-turn relative flex w-full min-w-0 flex-col agent-turn\">\n<div class=\"flex-col gap-1 md:gap-3\">\n<div class=\"flex max-w-full flex-col flex-grow\">\n<div class=\"min-h-8 text-message flex w-full flex-col items-end gap-2 whitespace-normal break-words [.text-message+&amp;]:mt-5\" dir=\"auto\" data-message-author-role=\"assistant\" data-message-id=\"98da7b45-3909-4ddc-a018-9c6852e9629e\" data-message-model-slug=\"gpt-4o\">\n<div class=\"flex w-full flex-col gap-1 empty:hidden first:pt-[3px]\">\n<div class=\"markdown prose w-full break-words dark:prose-invert dark\">\n<blockquote>\n<h3><strong><a class=\"dt-pswp-item\" href=\"https:\/\/www.radiopiu.net\/wordpress\/wp-content\/uploads\/2024\/11\/Senza-nome-52.png\" data-dt-img-description=\"\" data-large_image_width=\"451\" data-large_image_height=\"106\"><img loading=\"lazy\" decoding=\"async\" class=\" wp-image-419154 alignleft\" src=\"https:\/\/www.radiopiu.net\/wordpress\/wp-content\/uploads\/2024\/11\/Senza-nome-52-300x71.png\" alt=\"\" width=\"220\" height=\"52\" srcset=\"https:\/\/www.radiopiu.net\/wordpress\/wp-content\/uploads\/2024\/11\/Senza-nome-52-300x71.png 300w, https:\/\/www.radiopiu.net\/wordpress\/wp-content\/uploads\/2024\/11\/Senza-nome-52.png 451w\" sizes=\"auto, (max-width: 220px) 100vw, 220px\" \/><\/a>Scuola aperta all\u2019 I.I.S. \u201cCatullo\u201d di Belluno<\/strong><\/h3>\n<\/blockquote>\n<\/div>\n<\/div>\n<\/div>\n<\/div>\n<\/div>\n<\/div>\n<p><strong>BELLUNO<\/strong> L\u2019Istituto \u201cCatullo\u201d organizza per sabato alle 15 il primo incontro di Scuola aperta, presso la sede centrale di via Garibaldi. Gli studenti delle classi Terze della scuola secondaria di I grado e le loro famiglie avranno la possibilit\u00e0 di conoscere l\u2019offerta formativa dei diversi indirizzi e di visitare direttamente la sede dell\u2019istituto, le aule e i laboratori. In tale occasione, oltre al Dirigente Scolastico e ai docenti, \u00e8 previsto anche l\u2019intervento di studenti che frequentano o hanno frequentato la scuola.<\/p>\n<p>&nbsp;<\/p>\n<p>&nbsp;<\/p>\n<hr \/>\n<p>&nbsp;<\/p>\n<p><strong><a class=\"dt-pswp-item\" href=\"https:\/\/www.radiopiu.net\/wordpress\/wp-content\/uploads\/2024\/11\/AMICI-MINERARI.png\" data-dt-img-description=\"\" data-large_image_width=\"209\" data-large_image_height=\"174\"><img loading=\"lazy\" decoding=\"async\" class=\"size-full wp-image-419180 alignleft\" src=\"https:\/\/www.radiopiu.net\/wordpress\/wp-content\/uploads\/2024\/11\/AMICI-MINERARI.png\" alt=\"\" width=\"209\" height=\"174\" \/><\/a>&#8220;Con gli Amici dei Minerari: Serate d&#8217;Inverno \u2013 un viaggio tra storia, scienza e meraviglie. Incontri presso la Sala con T\u00e0-Mis. Non mancare!&#8221;<\/strong><\/p>\n<ul>\n<li><em>Venerd\u00ec 22 novembre, ore 20:30<\/em>: &#8220;Ma le Dolomiti cosa sono? Dalla prosa di Dino Buzzati alla geologia di Bruno Castiglioni&#8221; \u2013 Relatore Danilo Giordano.<\/li>\n<li><em>Venerd\u00ec 20 dicembre, ore 20:30<\/em>: &#8220;La morfogenesi delle frane&#8221; \u2013 Relatore Prof. Vittorio Fenti.<\/li>\n<li><em>Venerd\u00ec 24 gennaio, ore 20:30<\/em>: &#8220;Il meraviglioso mondo dei fossili delle Dolomiti&#8221; \u2013 Relatore Danilo Giordano.<\/li>\n<li><em>Venerd\u00ec 21 febbraio, ore 20:30<\/em>: &#8220;Il traforo del Brennero: studio, progettazione e realizzazione&#8221; \u2013 Relatori Vittorio Fenti e Mario Guadagnini.<\/li>\n<\/ul>\n<p><strong>Vivi la cultura e la passione per la montagna!<\/strong><\/p>\n<p>&nbsp;<\/p>\n<hr \/>\n<p>&nbsp;<\/p>\n<blockquote>\n<h3><a class=\"dt-pswp-item\" href=\"https:\/\/www.radiopiu.net\/wordpress\/wp-content\/uploads\/2024\/10\/Senza-nome-97.png\" data-dt-img-description=\"\" data-large_image_width=\"325\" data-large_image_height=\"208\"><img loading=\"lazy\" decoding=\"async\" class=\" wp-image-415809 alignleft\" src=\"https:\/\/www.radiopiu.net\/wordpress\/wp-content\/uploads\/2024\/10\/Senza-nome-97-300x192.png\" alt=\"\" width=\"159\" height=\"102\" srcset=\"https:\/\/www.radiopiu.net\/wordpress\/wp-content\/uploads\/2024\/10\/Senza-nome-97-300x192.png 300w, https:\/\/www.radiopiu.net\/wordpress\/wp-content\/uploads\/2024\/10\/Senza-nome-97.png 325w\" sizes=\"auto, (max-width: 159px) 100vw, 159px\" \/><\/a>LA CENA DEI COSCRITTI DEL 1974<\/h3>\n<\/blockquote>\n<p><strong>FALCADE<\/strong> Le cena della classe 1974 dei coscritti dell&#8217;<strong>Agordino<\/strong> si terr\u00e0\u00a0 sabato 30 novembre\u00a0 a Falcade, Hotel Stella Alpina. La cena e&#8217; aperta ai nati nel 1974 nei 16 comuni dell&#8217;Agordino, e sara&#8217; un&#8217;occasione di ritrovo,\u00a0 dopo tanto tempo e festeggiare il mezzo secolo.Info\u00a0 3478120853<\/p>\n<p>&nbsp;<\/p>\n<p>&nbsp;<\/p>\n<hr \/>\n<p>&nbsp;<\/p>\n<blockquote>\n<h3><a class=\"dt-pswp-item\" href=\"https:\/\/www.radiopiu.net\/wordpress\/wp-content\/uploads\/2024\/11\/3dc9475d-3261-4c1c-97fc-8e153d91ea4b.jpg\" data-dt-img-description=\"\" data-large_image_width=\"1432\" data-large_image_height=\"2048\"><img loading=\"lazy\" decoding=\"async\" class=\" wp-image-418524 alignleft\" src=\"https:\/\/www.radiopiu.net\/wordpress\/wp-content\/uploads\/2024\/11\/3dc9475d-3261-4c1c-97fc-8e153d91ea4b-210x300.jpg\" alt=\"\" width=\"117\" height=\"167\" srcset=\"https:\/\/www.radiopiu.net\/wordpress\/wp-content\/uploads\/2024\/11\/3dc9475d-3261-4c1c-97fc-8e153d91ea4b-210x300.jpg 210w, https:\/\/www.radiopiu.net\/wordpress\/wp-content\/uploads\/2024\/11\/3dc9475d-3261-4c1c-97fc-8e153d91ea4b-716x1024.jpg 716w, https:\/\/www.radiopiu.net\/wordpress\/wp-content\/uploads\/2024\/11\/3dc9475d-3261-4c1c-97fc-8e153d91ea4b-768x1098.jpg 768w, https:\/\/www.radiopiu.net\/wordpress\/wp-content\/uploads\/2024\/11\/3dc9475d-3261-4c1c-97fc-8e153d91ea4b-1074x1536.jpg 1074w, https:\/\/www.radiopiu.net\/wordpress\/wp-content\/uploads\/2024\/11\/3dc9475d-3261-4c1c-97fc-8e153d91ea4b.jpg 1432w\" sizes=\"auto, (max-width: 117px) 100vw, 117px\" \/><\/a>IL CONCERTO DI SAN MARTINO A BELLUNO<\/h3>\n<\/blockquote>\n<p><strong>BELLUNO<\/strong> Il Concerto di San Martino 2024 si terr\u00e0 il 14 novembre alle 21 al Teatro Dino Buzzati di Belluno. L&#8217;evento vedr\u00e0 la partecipazione dell&#8217;Orchestra di Padova e del Veneto, con Miriam Dal Don come violino solista e Delio Cassetta come direttore. I biglietti sono disponibili presso il Museo Civico di Belluno o direttamente il giorno dello spettacolo al teatro a partire dalle 18:30. I prezzi variano da 28,00 euro per la platea e la galleria centrale a 24,00 euro per la galleria laterale, con riduzioni disponibili per under 20 e over 65.<\/p>\n<p>&nbsp;<\/p>\n<p><strong>IL DIRETTORE D&#8217;ORCHESTRA DELIO CASSETTA<\/strong><\/p>\n<audio class=\"wp-audio-shortcode\" id=\"audio-419062-12\" preload=\"none\" style=\"width: 100%;\" controls=\"controls\"><source type=\"audio\/mpeg\" src=\"https:\/\/www.radiopiu.net\/wordpress\/wp-content\/uploads\/2024\/11\/DELIO-CASSETTA.mp3?_=12\" \/><a href=\"https:\/\/www.radiopiu.net\/wordpress\/wp-content\/uploads\/2024\/11\/DELIO-CASSETTA.mp3\">https:\/\/www.radiopiu.net\/wordpress\/wp-content\/uploads\/2024\/11\/DELIO-CASSETTA.mp3<\/a><\/audio>\n<p>&nbsp;<\/p>\n<hr \/>\n<p>&nbsp;<\/p>\n<blockquote>\n<h3>DOMENICA IN SALA DON TAMIS L&#8217;ULTIMO APPUNTAMENTO DELLA RASSEGNA MUSICA NELL&#8217;AGORDINO<\/h3>\n<\/blockquote>\n<p><strong><a class=\"dt-pswp-item\" href=\"https:\/\/www.radiopiu.net\/wordpress\/wp-content\/uploads\/2021\/07\/SALA-DON-TAMIS.png\" data-dt-img-description=\"\" data-large_image_width=\"1354\" data-large_image_height=\"920\"><img loading=\"lazy\" decoding=\"async\" class=\" wp-image-220859 alignleft\" src=\"https:\/\/www.radiopiu.net\/wordpress\/wp-content\/uploads\/2021\/07\/SALA-DON-TAMIS-300x204.png\" alt=\"\" width=\"154\" height=\"105\" srcset=\"https:\/\/www.radiopiu.net\/wordpress\/wp-content\/uploads\/2021\/07\/SALA-DON-TAMIS-300x204.png 300w, https:\/\/www.radiopiu.net\/wordpress\/wp-content\/uploads\/2021\/07\/SALA-DON-TAMIS-1024x696.png 1024w, https:\/\/www.radiopiu.net\/wordpress\/wp-content\/uploads\/2021\/07\/SALA-DON-TAMIS-768x522.png 768w, https:\/\/www.radiopiu.net\/wordpress\/wp-content\/uploads\/2021\/07\/SALA-DON-TAMIS.png 1354w\" sizes=\"auto, (max-width: 154px) 100vw, 154px\" \/><\/a>AGORDO<\/strong> Domenica ad Agordo, alle 16 in Sala Tamis, si terr\u00e0 un evento speciale per l&#8217;ultimo appuntamento della rassegna &#8220;Musica nell&#8217;Agordino&#8221;: la proiezione del film muto restaurato sulla spedizione antartica di Sir Ernest Shackleton e il suo equipaggio, rimasti intrappolati nei ghiacci tra il 1914 e il 1916. La pellicola, concessa dal British Film Institute, racconta l&#8217;incredibile avventura vissuta in condizioni estreme. In omaggio alla tradizione dei film muti, la proiezione sar\u00e0 accompagnata dal fisarmonicista Paolo Forte, noto per le sue esibizioni nelle localit\u00e0 montane del Bellunese. L&#8217;evento, organizzato con la collaborazione del CAI, del Circolo Culturale Agordino e del Circolo Fotografico Agordino, \u00e8 a ingresso libero.<\/p>\n<p>&nbsp;<\/p>\n<p>&nbsp;<\/p>\n<hr \/>\n<p>&nbsp;<\/p>\n<blockquote>\n<h2>Autunno a Trichiana&#8221; al Cinema San Felice<\/h2>\n<\/blockquote>\n<p><strong>TRICHIANA <\/strong>A novembre, la Pro Loco di Trichiana presenta la 36esima edizione di &#8220;Autunno a Trichiana&#8221;, con quattro serate tematiche al Cinema San Felice, sempre alle 20.45 e ingresso libero.\u00a0 Il 16 novembre, Alex Bellini, esploratore e divulgatore ambientale, condivider\u00e0 esperienze di viaggio e riflessioni su inquinamento e cambiamento climatico, con un contributo di 5 euro.<\/p>\n<p>&nbsp;<\/p>\n<blockquote>\n<h2><strong>Limana: al via la Rassegna cinematografica autunnale<\/strong><\/h2>\n<\/blockquote>\n<p>Il Comune di Limana, la Biblioteca Comunale e l\u2019Assessorato alla Cultura invitano alla &#8220;Rassegna cinematografica autunnale. Registi, persone, luoghi bellunesi&#8221;. La proiezione di tre film si terr\u00e0 presso la Sala Riunioni del Municipio di Limana, offrendo un viaggio emozionante tra storie e paesaggi del territorio bellunese. Venerdi alle 20.30 I Belumat International raccontati da Giorgio Fornasier.<\/p>\n<p>&nbsp;<\/p>\n<hr \/>\n<p>&nbsp;<\/p>\n<div class=\"flex max-w-full flex-col flex-grow\">\n<div class=\"min-h-8 text-message flex w-full flex-col items-end gap-2 whitespace-normal break-words [.text-message+&amp;]:mt-5\" dir=\"auto\" data-message-author-role=\"assistant\" data-message-id=\"c3d47f35-dbf0-420d-bed1-ce0eab660a3f\" data-message-model-slug=\"gpt-4o-mini\">\n<div class=\"flex w-full flex-col gap-1 empty:hidden first:pt-[3px]\">\n<div class=\"markdown prose w-full break-words dark:prose-invert dark\">\n<blockquote>\n<h3><strong><a class=\"dt-pswp-item\" href=\"https:\/\/www.radiopiu.net\/wordpress\/wp-content\/uploads\/2024\/11\/Senza-nome-9.png\" data-dt-img-description=\"\" data-large_image_width=\"192\" data-large_image_height=\"246\"><img loading=\"lazy\" decoding=\"async\" class=\"wp-image-417941 alignleft\" src=\"https:\/\/www.radiopiu.net\/wordpress\/wp-content\/uploads\/2024\/11\/Senza-nome-9.png\" alt=\"\" width=\"99\" height=\"127\" \/><\/a>\u201cSpazio 32026\u201d a Borgo Valbelluna: un nuovo punto di ritrovo per i giovani<\/strong><\/h3>\n<\/blockquote>\n<\/div>\n<\/div>\n<\/div>\n<\/div>\n<p><strong>BORGO VALBELLUNA<\/strong> Dal 18 novembre, l\u2019Amministrazione Comunale di Borgo Valbelluna, insieme a Societ\u00e0 Nuova, inaugura \u201cSpazio 32026\u201d, uno spazio pomeridiano per studenti delle scuole secondarie di primo grado. Situato al Palazzo delle Contesse, offre supporto compiti e attivit\u00e0 scelte dai ragazzi, aiutati da educatori. Obiettivo: promuovere autonomia, creativit\u00e0 e gestione delle emozioni.<\/p>\n<p>&nbsp;<\/p>\n<p>&nbsp;<\/p>\n<p>&nbsp;<\/p>\n<p>&nbsp;<\/p>\n<hr \/>\n<p>&nbsp;<\/p>\n<h2><span style=\"color: #ff6600;\">IERI ALLA RADIO\u00a0<\/span><\/h2>\n<p>&nbsp;<\/p>\n<blockquote>\n<h2><a class=\"dt-pswp-item\" href=\"https:\/\/www.radiopiu.net\/wordpress\/wp-content\/uploads\/2024\/02\/Attilio-Sommavilla-presidente-di-Bim-Gsp.jpg\" data-dt-img-description=\"\" data-large_image_width=\"1585\" data-large_image_height=\"1699\"><img loading=\"lazy\" decoding=\"async\" class=\"wp-image-373499 alignleft\" src=\"https:\/\/www.radiopiu.net\/wordpress\/wp-content\/uploads\/2024\/02\/Attilio-Sommavilla-presidente-di-Bim-Gsp-280x300.jpg\" alt=\"\" width=\"116\" height=\"124\" srcset=\"https:\/\/www.radiopiu.net\/wordpress\/wp-content\/uploads\/2024\/02\/Attilio-Sommavilla-presidente-di-Bim-Gsp-280x300.jpg 280w, https:\/\/www.radiopiu.net\/wordpress\/wp-content\/uploads\/2024\/02\/Attilio-Sommavilla-presidente-di-Bim-Gsp-955x1024.jpg 955w, https:\/\/www.radiopiu.net\/wordpress\/wp-content\/uploads\/2024\/02\/Attilio-Sommavilla-presidente-di-Bim-Gsp-768x823.jpg 768w, https:\/\/www.radiopiu.net\/wordpress\/wp-content\/uploads\/2024\/02\/Attilio-Sommavilla-presidente-di-Bim-Gsp-1433x1536.jpg 1433w, https:\/\/www.radiopiu.net\/wordpress\/wp-content\/uploads\/2024\/02\/Attilio-Sommavilla-presidente-di-Bim-Gsp.jpg 1585w\" sizes=\"auto, (max-width: 116px) 100vw, 116px\" \/><\/a>GSP INFORMA, DI BARBARA PAOLAZZI PER LE TRE RADIO<\/h2>\n<\/blockquote>\n<audio class=\"wp-audio-shortcode\" id=\"audio-419062-13\" preload=\"none\" style=\"width: 100%;\" controls=\"controls\"><source type=\"audio\/mpeg\" src=\"https:\/\/www.radiopiu.net\/wordpress\/wp-content\/uploads\/2024\/11\/GSP-_01-_-con-Presidente-Sommavilla.mp3?_=13\" \/><a href=\"https:\/\/www.radiopiu.net\/wordpress\/wp-content\/uploads\/2024\/11\/GSP-_01-_-con-Presidente-Sommavilla.mp3\">https:\/\/www.radiopiu.net\/wordpress\/wp-content\/uploads\/2024\/11\/GSP-_01-_-con-Presidente-Sommavilla.mp3<\/a><\/audio>\n<p>&nbsp;<\/p>\n<p>LA RACCOLTA COMPLETA<\/p>\n<blockquote class=\"wp-embedded-content\" data-secret=\"G2KVTavyy9\"><p><a href=\"https:\/\/www.radiopiu.net\/wordpress\/gsp-informa\/\">GSP informa<\/a><\/p><\/blockquote>\n<p><iframe loading=\"lazy\" class=\"wp-embedded-content\" sandbox=\"allow-scripts\" security=\"restricted\" style=\"position: absolute; visibility: hidden;\" title=\"&#8220;GSP informa&#8221; &#8212; Radio Pi\u00f9\" src=\"https:\/\/www.radiopiu.net\/wordpress\/gsp-informa\/embed\/#?secret=XbjkAe74yG#?secret=G2KVTavyy9\" data-secret=\"G2KVTavyy9\" width=\"600\" height=\"338\" frameborder=\"0\" marginwidth=\"0\" marginheight=\"0\" scrolling=\"no\"><\/iframe><\/p>\n<hr \/>\n<p>&nbsp;<\/p>\n<h2><span style=\"color: #ff0000;\">OGGI COME IERI di e con SILVIA BALDO<\/span><\/h2>\n<p><img decoding=\"async\" class=\"aligncenter\" src=\"https:\/\/www.radiopiu.net\/wordpress\/wp-content\/uploads\/2023\/09\/309000774_10222572118595513_7956305457803922499_n.jpg\" \/><\/p>\n<p><strong>\u00a0 \u00a0 \u00a0 \u00a0<\/strong><\/p>\n<p><strong>\u00a0\u00a0<\/strong><\/p>\n<p><strong>PUNTATA DEL 11 NOVEMBRE<\/strong><\/p>\n<audio class=\"wp-audio-shortcode\" id=\"audio-419062-14\" preload=\"none\" style=\"width: 100%;\" controls=\"controls\"><source type=\"audio\/mpeg\" src=\"https:\/\/www.radiopiu.net\/wordpress\/wp-content\/uploads\/2024\/01\/SIBI-24.mp3?_=14\" \/><a href=\"https:\/\/www.radiopiu.net\/wordpress\/wp-content\/uploads\/2024\/01\/SIBI-24.mp3\">https:\/\/www.radiopiu.net\/wordpress\/wp-content\/uploads\/2024\/01\/SIBI-24.mp3<\/a><\/audio>\n<p>&nbsp;<\/p>\n<h2>LA RACCOLTA COMPLETA <a href=\"https:\/\/www.radiopiu.net\/wordpress\/alle-nove-oggi-come-ieri-di-e-con-silvia-baldo\/\"><span style=\"color: #3366ff;\">CLICCA QUI<\/span><\/a><\/h2>\n<p>&nbsp;<\/p>\n<hr \/>\n<p>&nbsp;<\/p>\n<h2><span style=\"color: #00ccff;\">SALUTE E SOCIETA<\/span><\/h2>\n<p><strong><a class=\"dt-pswp-item\" href=\"https:\/\/www.radiopiu.net\/wordpress\/wp-content\/uploads\/2024\/11\/803b80f8-7636-d740-c447-8aa174afa652.jpg\" data-dt-img-description=\"\" data-large_image_width=\"1200\" data-large_image_height=\"675\"><img loading=\"lazy\" decoding=\"async\" class=\"size-medium wp-image-419141 alignleft\" src=\"https:\/\/www.radiopiu.net\/wordpress\/wp-content\/uploads\/2024\/11\/803b80f8-7636-d740-c447-8aa174afa652-300x169.jpg\" alt=\"\" width=\"300\" height=\"169\" srcset=\"https:\/\/www.radiopiu.net\/wordpress\/wp-content\/uploads\/2024\/11\/803b80f8-7636-d740-c447-8aa174afa652-300x169.jpg 300w, https:\/\/www.radiopiu.net\/wordpress\/wp-content\/uploads\/2024\/11\/803b80f8-7636-d740-c447-8aa174afa652-1024x576.jpg 1024w, https:\/\/www.radiopiu.net\/wordpress\/wp-content\/uploads\/2024\/11\/803b80f8-7636-d740-c447-8aa174afa652-768x432.jpg 768w, https:\/\/www.radiopiu.net\/wordpress\/wp-content\/uploads\/2024\/11\/803b80f8-7636-d740-c447-8aa174afa652.jpg 1200w\" sizes=\"auto, (max-width: 300px) 100vw, 300px\" \/><\/a>PUNTATA DEL 11 NOVEMBRE 2024<\/strong><\/p>\n<p>Colite ulcerosa &#8211; Infezioni respiratorie: 150.000 persone, con oltre 4.000 nuove diagnosi all\u2019anno ed \u00e8 in costante aumento in tutte le fasce d\u2019et\u00e0. Si tratta di una patologia invisibile con sintomi invalidanti e imbarazzanti come frequenza evacuativa, sanguinamento rettale e urgenza intestinale che hanno un forte impatto sulla qualit\u00e0 della vita e sulla sfera psicologica, con la conseguenza di portare alcuni pazienti a isolamento sociale e autostigma. \u00a0Influenza, virus respiratorio sinciziale e COVID-19 hanno tutti una cosa in comune: sono infezioni respiratorie che causano sintomi simili, come tosse, febbre e affaticamento. Queste malattie possono variare da lievi a gravi, soprattutto nelle persone pi\u00f9 vulnerabili.<\/p>\n<audio class=\"wp-audio-shortcode\" id=\"audio-419062-15\" preload=\"none\" style=\"width: 100%;\" controls=\"controls\"><source type=\"audio\/mpeg\" src=\"https:\/\/www.radiopiu.net\/wordpress\/wp-content\/uploads\/2024\/11\/SALUTE-PUNTATA-1.mp3?_=15\" \/><a href=\"https:\/\/www.radiopiu.net\/wordpress\/wp-content\/uploads\/2024\/11\/SALUTE-PUNTATA-1.mp3\">https:\/\/www.radiopiu.net\/wordpress\/wp-content\/uploads\/2024\/11\/SALUTE-PUNTATA-1.mp3<\/a><\/audio>\n<p>&nbsp;<\/p>\n<p>&nbsp;<\/p>\n<hr \/>\n<p>&nbsp;<\/p>\n<h2><span style=\"color: #000080;\">RITRATTI SONORI, IL PROGRAMMA DI ALESSIA DALL&#8217;O&#8217;<\/span><\/h2>\n<p><span style=\"color: #ff0000;\"><strong><a class=\"dt-pswp-item\" href=\"https:\/\/www.radiopiu.net\/wordpress\/wp-content\/uploads\/2024\/11\/26d25c57-822c-42b0-a9ca-84d923c0b28b.jpg\" data-dt-img-description=\"\" data-large_image_width=\"2048\" data-large_image_height=\"1536\"><img loading=\"lazy\" decoding=\"async\" class=\" wp-image-419219 alignleft\" src=\"https:\/\/www.radiopiu.net\/wordpress\/wp-content\/uploads\/2024\/11\/26d25c57-822c-42b0-a9ca-84d923c0b28b-300x225.jpg\" alt=\"\" width=\"135\" height=\"101\" srcset=\"https:\/\/www.radiopiu.net\/wordpress\/wp-content\/uploads\/2024\/11\/26d25c57-822c-42b0-a9ca-84d923c0b28b-300x225.jpg 300w, https:\/\/www.radiopiu.net\/wordpress\/wp-content\/uploads\/2024\/11\/26d25c57-822c-42b0-a9ca-84d923c0b28b-1024x768.jpg 1024w, https:\/\/www.radiopiu.net\/wordpress\/wp-content\/uploads\/2024\/11\/26d25c57-822c-42b0-a9ca-84d923c0b28b-768x576.jpg 768w, https:\/\/www.radiopiu.net\/wordpress\/wp-content\/uploads\/2024\/11\/26d25c57-822c-42b0-a9ca-84d923c0b28b-1536x1152.jpg 1536w, https:\/\/www.radiopiu.net\/wordpress\/wp-content\/uploads\/2024\/11\/26d25c57-822c-42b0-a9ca-84d923c0b28b.jpg 2048w\" sizes=\"auto, (max-width: 135px) 100vw, 135px\" \/><\/a>PUNTATA 03 &#8211; GLI ALUNNI DELL&#8217;ENAIP DI FELTRE<\/strong><\/span><\/p>\n<p>PRIMA PARTE<\/p>\n<audio class=\"wp-audio-shortcode\" id=\"audio-419062-16\" preload=\"none\" style=\"width: 100%;\" controls=\"controls\"><source type=\"audio\/mpeg\" src=\"https:\/\/www.radiopiu.net\/wordpress\/wp-content\/uploads\/2024\/11\/RF1.mp3?_=16\" \/><a href=\"https:\/\/www.radiopiu.net\/wordpress\/wp-content\/uploads\/2024\/11\/RF1.mp3\">https:\/\/www.radiopiu.net\/wordpress\/wp-content\/uploads\/2024\/11\/RF1.mp3<\/a><\/audio>\n<p>&nbsp;<\/p>\n<p>SECONDA PARTE<\/p>\n<audio class=\"wp-audio-shortcode\" id=\"audio-419062-17\" preload=\"none\" style=\"width: 100%;\" controls=\"controls\"><source type=\"audio\/mpeg\" src=\"https:\/\/www.radiopiu.net\/wordpress\/wp-content\/uploads\/2024\/11\/RF2.mp3?_=17\" \/><a href=\"https:\/\/www.radiopiu.net\/wordpress\/wp-content\/uploads\/2024\/11\/RF2.mp3\">https:\/\/www.radiopiu.net\/wordpress\/wp-content\/uploads\/2024\/11\/RF2.mp3<\/a><\/audio>\n<p>&nbsp;<\/p>\n<p>TERZA PARTE<\/p>\n<audio class=\"wp-audio-shortcode\" id=\"audio-419062-18\" preload=\"none\" style=\"width: 100%;\" controls=\"controls\"><source type=\"audio\/mpeg\" src=\"https:\/\/www.radiopiu.net\/wordpress\/wp-content\/uploads\/2024\/11\/RF3.mp3?_=18\" \/><a href=\"https:\/\/www.radiopiu.net\/wordpress\/wp-content\/uploads\/2024\/11\/RF3.mp3\">https:\/\/www.radiopiu.net\/wordpress\/wp-content\/uploads\/2024\/11\/RF3.mp3<\/a><\/audio>\n<p>&nbsp;<\/p>\n<h2>LA RACCOLTA COMPLETA <a href=\"https:\/\/www.radiopiu.net\/wordpress\/ritratti-sonori-il-programma-di-alessia-dallo-la-raccolta\/\"><span style=\"color: #0000ff;\">CLICCA QUI<\/span><\/a><\/h2>\n<p>&nbsp;<\/p>\n<p>&nbsp;<\/p>\n<hr \/>\n<p>&nbsp;<\/p>\n<h2><span style=\"color: #99cc00;\">I RACCONTI DI PAOLO SOPPELSA<\/span><\/h2>\n<p><strong>TRAMONTO DI NOVEMBRE<\/strong><\/p>\n<p><strong>AUDIO<\/strong><\/p>\n<audio class=\"wp-audio-shortcode\" id=\"audio-419062-19\" preload=\"none\" style=\"width: 100%;\" controls=\"controls\"><source type=\"audio\/mpeg\" src=\"https:\/\/www.radiopiu.net\/wordpress\/wp-content\/uploads\/2024\/11\/PAOLOS-1.mp3?_=19\" \/><a href=\"https:\/\/www.radiopiu.net\/wordpress\/wp-content\/uploads\/2024\/11\/PAOLOS-1.mp3\">https:\/\/www.radiopiu.net\/wordpress\/wp-content\/uploads\/2024\/11\/PAOLOS-1.mp3<\/a><\/audio>\n<p>&nbsp;<\/p>\n<p><a class=\"dt-pswp-item\" href=\"https:\/\/www.radiopiu.net\/wordpress\/wp-content\/uploads\/2024\/11\/a3533c56-d6df-4158-8a23-533786d35d6a.jpg\" data-dt-img-description=\"\" data-large_image_width=\"1200\" data-large_image_height=\"1600\"><img loading=\"lazy\" decoding=\"async\" class=\"size-medium wp-image-418990 alignleft\" src=\"https:\/\/www.radiopiu.net\/wordpress\/wp-content\/uploads\/2024\/11\/a3533c56-d6df-4158-8a23-533786d35d6a-225x300.jpg\" alt=\"\" width=\"225\" height=\"300\" srcset=\"https:\/\/www.radiopiu.net\/wordpress\/wp-content\/uploads\/2024\/11\/a3533c56-d6df-4158-8a23-533786d35d6a-225x300.jpg 225w, https:\/\/www.radiopiu.net\/wordpress\/wp-content\/uploads\/2024\/11\/a3533c56-d6df-4158-8a23-533786d35d6a-768x1024.jpg 768w, https:\/\/www.radiopiu.net\/wordpress\/wp-content\/uploads\/2024\/11\/a3533c56-d6df-4158-8a23-533786d35d6a-1152x1536.jpg 1152w, https:\/\/www.radiopiu.net\/wordpress\/wp-content\/uploads\/2024\/11\/a3533c56-d6df-4158-8a23-533786d35d6a.jpg 1200w\" sizes=\"auto, (max-width: 225px) 100vw, 225px\" \/><\/a>Li aveva attesi per mesi, con pazienza, quegli attimi d&#8217;autunno d&#8217;inizio novembre. Sentiva forte quel desiderio di quiete e silenzi propri della stagione dei colori, ed ora, al tempo dei nuovi lumini che rischiaravano le lapidi rinnovate, quei momenti erano finalmente arrivati. Era stata domenica tranquilla e mite, erano montagne vestite a festa per celebrare il culmine dell&#8217;autunno, era una sera che sarebbe scesa sulla valle poco dopo i cinque rintocchi di campana. Fu al calare delle prime ombre che lasci\u00f2 morire il fuoco. Ascolt\u00f2 per lungo tempo quel sempre pi\u00f9 debole crepitare di legna, e poi guard\u00f2 spegnersi le braci; moriva il fuoco ed anche il giorno si sarebbe spento di l\u00ec a poco. Chiuse a chiave la baita e si caric\u00f2 lo zaino sulle spalle e poi si rec\u00f2 sull&#8217;orlo dello strapiombo. Si appoggi\u00f2 al grande masso e si mise in attesa di quell\u2019ormai prossimo tramonto d&#8217;inizio novembre. Nel mondo di sotto le auto circolavano gi\u00e0 con i fari accesi e i camini iniziavano a fumare decisi mentre nasceva una nuova e silenziosa sera. Guard\u00f2 in alto, lass\u00f9 sulle banche del Pelsa, dove i larici si erano vestiti di arancione. Era questo il segnale dell&#8217;autunno ora maturo che iniziava a mostrare i primi segni della vecchiaia. Le previsioni indicavano freddo e forse neve in arrivo, e quando le cime si sarebbero vestite di bianco, anche questo autunno avrebbe iniziato il suo congedo; se ne sarebbe andato in silenzio, lasciando la valle e salutando gli uomini in un giorno di neve che imbiancava i paesi. In quegli attimi di notte incombente, mentre si accendevano le stelle e le luci di Cencenighe, pensava alla sua vita a tratti nomade, a quella costante ricerca della libert\u00e0 fra i monti. Guardava le auto che scendevano verso sud, osservava le finestre illuminate, dietro alle quali ci saranno stati uomini e donne abbracciati sul divano davanti alla televisione accesa. Magari c&#8217;erano pure dei bambini che giocavano sul pavimento e un bel fuoco acceso nella stufa. Lui invece era lass\u00f9, ad ascoltare il canto d&#8217;acqua dei due torrenti e ad osservare il cimitero, che in quel tardo pomeriggio, appariva come una sorta di quadrato reso rosso dalla luce decisa dei nuovi lumini che lo facevano risaltare nel bosco ormai scuro. Un debole vento di inizio novembre lo accarezzava mentre era in compagnia di una solitudine di quelle potenti. Era una solitudine buona, cercata e necessaria, che in quegli istanti gli permetteva di vivere appieno quel desiderato tramonto. Chiss\u00e0 quante persone avrebbero voluto ammirare un tramonto simile da quel luogo in cui si trovava, pensava mentre osservava il chiarore delle finestre illuminate e i fanali delle auto che percorrevano la Strada Madre. Sent\u00ec dentro di s\u00e8 una serenit\u00e0 nuova e pens\u00f2 alla fortuna di poter vivere certi momenti cos\u00ec intensi che lo facevano sentire vivo, e nel frattempo era sceso il buio di una notte senza luna ed era tempo di accendere la frontale e di scendere con un po&#8217; di prudenza. Salut\u00f2 e ringrazi\u00f2 le montagne, a voce alta, come faceva sempre, e poi part\u00ec.<\/p>\n<p>S\u2019accende il tramonto e si infuoca il cielo. Arde come viso di donna al sentirsi dire Ti Amo.<br \/>\nVibra di vita infiammando le valli e i cuori,<br \/>\ne poi in un attimo tutto sfuma, come l&#8217;amore.<\/p>\n<p>&nbsp;<\/p>\n<hr \/>\n<p>&nbsp;<\/p>\n<blockquote>\n<h3>&#8220;FUGA IN NORMANDIA&#8221;, IN PROGRAMMAZIONE NEL FINE SETTIMANA AL CINEMA DOLOMITI DI FALCADE<\/h3>\n<\/blockquote>\n<p><strong><a class=\"dt-pswp-item\" href=\"https:\/\/www.radiopiu.net\/wordpress\/wp-content\/uploads\/2024\/11\/fuga-in-normandia-locandina.jpg\" data-dt-img-description=\"\" data-large_image_width=\"420\" data-large_image_height=\"588\"><img loading=\"lazy\" decoding=\"async\" class=\" wp-image-419228 alignleft\" src=\"https:\/\/www.radiopiu.net\/wordpress\/wp-content\/uploads\/2024\/11\/fuga-in-normandia-locandina-214x300.jpg\" alt=\"\" width=\"112\" height=\"157\" srcset=\"https:\/\/www.radiopiu.net\/wordpress\/wp-content\/uploads\/2024\/11\/fuga-in-normandia-locandina-214x300.jpg 214w, https:\/\/www.radiopiu.net\/wordpress\/wp-content\/uploads\/2024\/11\/fuga-in-normandia-locandina.jpg 420w\" sizes=\"auto, (max-width: 112px) 100vw, 112px\" \/><\/a>REDAZIONE<\/strong> &#8220;Fuga In Normandia&#8221; il film che nel fine settimana sar\u00e0 in programmazione al Cinema Dolomiti di Falcade. Il film, ispirato alla storia del veterano Bernard Jordan, racconta di Bernie e Rene Jordan, un&#8217;anziana coppia in una casa di riposo. Bernie, ex combattente della Royal Navy nella Seconda Guerra Mondiale, decide di scappare dall\u2019istituto per partecipare alle celebrazioni del 70\u00b0 anniversario dello sbarco in Normandia. Questa pellicola rappresenta l\u2019ultima apparizione di Glenda Jackson e di Michael Caine prima del suo ritiro dalle scene. La pellicola \u00e8 in programmazione sabato e domenica alle 21, domenica anche alle 15:30.<\/p>\n<p><strong>di Paola Lanciato<\/strong><\/p>\n<audio class=\"wp-audio-shortcode\" id=\"audio-419062-20\" preload=\"none\" style=\"width: 100%;\" controls=\"controls\"><source type=\"audio\/mpeg\" src=\"https:\/\/www.radiopiu.net\/wordpress\/wp-content\/uploads\/2024\/11\/Fuga-In-Normandia.mp3?_=20\" \/><a href=\"https:\/\/www.radiopiu.net\/wordpress\/wp-content\/uploads\/2024\/11\/Fuga-In-Normandia.mp3\">https:\/\/www.radiopiu.net\/wordpress\/wp-content\/uploads\/2024\/11\/Fuga-In-Normandia.mp3<\/a><\/audio>\n<p>&nbsp;<\/p>\n<hr \/>\n<p>&nbsp;<\/p>\n<h2><span style=\"color: #ff0000;\"><a class=\"dt-pswp-item\" href=\"https:\/\/www.radiopiu.net\/wordpress\/wp-content\/uploads\/2018\/09\/appuntamenti.jpeg\" data-dt-img-description=\"\" data-large_image_width=\"800\" data-large_image_height=\"100\"><img loading=\"lazy\" decoding=\"async\" class=\"wp-image-61958 size-full aligncenter\" src=\"https:\/\/www.radiopiu.net\/wordpress\/wp-content\/uploads\/2018\/09\/appuntamenti.jpeg\" alt=\"\" width=\"800\" height=\"100\" srcset=\"https:\/\/www.radiopiu.net\/wordpress\/wp-content\/uploads\/2018\/09\/appuntamenti.jpeg 800w, https:\/\/www.radiopiu.net\/wordpress\/wp-content\/uploads\/2018\/09\/appuntamenti-300x38.jpeg 300w, https:\/\/www.radiopiu.net\/wordpress\/wp-content\/uploads\/2018\/09\/appuntamenti-768x96.jpeg 768w\" sizes=\"auto, (max-width: 800px) 100vw, 800px\" \/><\/a><\/span><\/h2>\n<p>&nbsp;<\/p>\n<div style=\"width: 1200px;\" class=\"wp-video\"><video class=\"wp-video-shortcode\" id=\"video-419062-1\" width=\"1200\" height=\"675\" preload=\"metadata\" controls=\"controls\"><source type=\"video\/mp4\" src=\"https:\/\/www.radiopiu.net\/wordpress\/wp-content\/uploads\/2024\/10\/WhatsApp-Video-2024-10-23-at-00.12.10.mp4?_=1\" \/><a href=\"https:\/\/www.radiopiu.net\/wordpress\/wp-content\/uploads\/2024\/10\/WhatsApp-Video-2024-10-23-at-00.12.10.mp4\">https:\/\/www.radiopiu.net\/wordpress\/wp-content\/uploads\/2024\/10\/WhatsApp-Video-2024-10-23-at-00.12.10.mp4<\/a><\/video><\/div>\n<p><strong>\u00a0<\/strong><\/p>\n<p><strong>FALCADE <\/strong>RIAPRE IL CINEMA DOLOMITI DI FALCADE. SABATO E DOMENICA VERR\u00c0 PROIETTATO IL FILM FUGA IN NORMANDIA. SPETTACOLI ALLE 21, DOMENICA ANCHE ALLE 15:30<\/p>\n<div class=\"flex-shrink-0 flex flex-col relative items-end\">\n<div class=\"pt-0\">\n<div class=\"gizmo-bot-avatar flex h-8 w-8 items-center justify-center overflow-hidden rounded-full\">\n<p class=\"relative p-1 rounded-sm flex items-center justify-center bg-token-main-surface-primary text-token-text-primary h-8 w-8\"><strong>CANALE D&#8217;AGORDO <\/strong>Jazzercise \u00e8 un allenamento ad alta intensit\u00e0 che combina danza, pilates, yoga e kickboxing, adatto a tutti i livelli di fitness. \u00c8 efficace per tonificare i muscoli, migliorare la postura e ottenere un fisico snello. Nell&#8217;Agordino, le lezioni si tengono a Canale d&#8217;Agordo, nella sala ex emigranti di via Lotta, il luned\u00ec dalle 18:15 alle 19:15 e il mercoled\u00ec dalle 18:30 alle 19:30. L&#8217;istruttrice certificata RaLuca ti aspetta per un allenamento coinvolgente al ritmo di musica attuale. Per informazioni: 347 9295478<\/p>\n<\/div>\n<\/div>\n<\/div>\n<p>&nbsp;<\/p>\n<p>&nbsp;<\/p>\n<div>\n<div class=\"\" dir=\"auto\">\n<div id=\":r9h:\" class=\"x1iorvi4 x1pi30zi x1l90r2v x1swvt13\" data-ad-comet-preview=\"message\" data-ad-preview=\"message\">\n\n\t\t\t<style type='text\/css'>\n\t\t\t\t#gallery-2 {\n\t\t\t\t\tmargin: auto;\n\t\t\t\t}\n\t\t\t\t#gallery-2 .gallery-item {\n\t\t\t\t\tfloat: left;\n\t\t\t\t\tmargin-top: 10px;\n\t\t\t\t\ttext-align: center;\n\t\t\t\t\twidth: 25%;\n\t\t\t\t}\n\t\t\t\t#gallery-2 img {\n\t\t\t\t\tborder: 2px solid #cfcfcf;\n\t\t\t\t}\n\t\t\t\t#gallery-2 .gallery-caption {\n\t\t\t\t\tmargin-left: 0;\n\t\t\t\t}\n\t\t\t\t\/* see gallery_shortcode() in wp-includes\/media.php *\/\n\t\t\t<\/style>\n\t\t<div id='gallery-2' class='dt-gallery-container gallery galleryid-419062 gallery-columns-4 gallery-size-thumbnail'><dl class='gallery-item'>\n\t\t\t\t<dt class='gallery-icon portrait'>\n\t\t\t\t\t<a class=\"rollover rollover-zoom dt-pswp-item\" title=\"967a322c-9996-42d7-af75-662ca7d89e84\" data-dt-img-description=\"\" data-large_image_width=\"1080\" data-large_image_height=\"1519\"href='https:\/\/www.radiopiu.net\/wordpress\/wp-content\/uploads\/2024\/10\/967a322c-9996-42d7-af75-662ca7d89e84-1.jpg'><img loading=\"lazy\" decoding=\"async\" width=\"150\" height=\"150\" src=\"https:\/\/www.radiopiu.net\/wordpress\/wp-content\/uploads\/2024\/10\/967a322c-9996-42d7-af75-662ca7d89e84-1-150x150.jpg\" class=\"attachment-thumbnail size-thumbnail\" alt=\"\" aria-describedby=\"gallery-2-413698\" \/><\/a>\n\t\t\t\t<\/dt>\n\t\t\t\t\t<dd class='wp-caption-text gallery-caption' id='gallery-2-413698'>\n\t\t\t\t\tDOMANI\n\t\t\t\t\t<\/dd><\/dl><dl class='gallery-item'>\n\t\t\t\t<dt class='gallery-icon portrait'>\n\t\t\t\t\t<a class=\"rollover rollover-zoom dt-pswp-item\" title=\"Esoterismo islamico Taddeo Bez 15 e 22 novembre 2024\" data-dt-img-description=\"\" data-large_image_width=\"1447\" data-large_image_height=\"2048\"href='https:\/\/www.radiopiu.net\/wordpress\/wp-content\/uploads\/2024\/11\/Esoterismo-islamico-Taddeo-Bez-15-e-22-novembre-2024.jpg'><img loading=\"lazy\" decoding=\"async\" width=\"150\" height=\"150\" src=\"https:\/\/www.radiopiu.net\/wordpress\/wp-content\/uploads\/2024\/11\/Esoterismo-islamico-Taddeo-Bez-15-e-22-novembre-2024-150x150.jpg\" class=\"attachment-thumbnail size-thumbnail\" alt=\"\" aria-describedby=\"gallery-2-417756\" \/><\/a>\n\t\t\t\t<\/dt>\n\t\t\t\t\t<dd class='wp-caption-text gallery-caption' id='gallery-2-417756'>\n\t\t\t\t\tAL CENTRO LA TERRA DEI PADRI\n\t\t\t\t\t<\/dd><\/dl><dl class='gallery-item'>\n\t\t\t\t<dt class='gallery-icon portrait'>\n\t\t\t\t\t<a class=\"rollover rollover-zoom dt-pswp-item\" title=\"892c7713-1201-42b0-b257-3bd45f0132bb\" data-dt-img-description=\"\" data-large_image_width=\"1118\" data-large_image_height=\"1600\"href='https:\/\/www.radiopiu.net\/wordpress\/wp-content\/uploads\/2024\/11\/892c7713-1201-42b0-b257-3bd45f0132bb.jpg'><img loading=\"lazy\" decoding=\"async\" width=\"150\" height=\"150\" src=\"https:\/\/www.radiopiu.net\/wordpress\/wp-content\/uploads\/2024\/11\/892c7713-1201-42b0-b257-3bd45f0132bb-150x150.jpg\" class=\"attachment-thumbnail size-thumbnail\" alt=\"\" aria-describedby=\"gallery-2-418091\" \/><\/a>\n\t\t\t\t<\/dt>\n\t\t\t\t\t<dd class='wp-caption-text gallery-caption' id='gallery-2-418091'>\n\t\t\t\t\tCASTAGNATA AD ARABBA\n\t\t\t\t\t<\/dd><\/dl><dl class='gallery-item'>\n\t\t\t\t<dt class='gallery-icon landscape'>\n\t\t\t\t\t<a class=\"rollover rollover-zoom dt-pswp-item\" title=\"PUCCINI Ponte Nelle Alpi\" data-dt-img-description=\"\" data-large_image_width=\"1440\" data-large_image_height=\"1440\"href='https:\/\/www.radiopiu.net\/wordpress\/wp-content\/uploads\/2024\/11\/PUCCINI-Ponte-Nelle-Alpi.jpg'><img loading=\"lazy\" decoding=\"async\" width=\"150\" height=\"150\" src=\"https:\/\/www.radiopiu.net\/wordpress\/wp-content\/uploads\/2024\/11\/PUCCINI-Ponte-Nelle-Alpi-150x150.jpg\" class=\"attachment-thumbnail size-thumbnail\" alt=\"\" aria-describedby=\"gallery-2-418509\" srcset=\"https:\/\/www.radiopiu.net\/wordpress\/wp-content\/uploads\/2024\/11\/PUCCINI-Ponte-Nelle-Alpi-150x150.jpg 150w, https:\/\/www.radiopiu.net\/wordpress\/wp-content\/uploads\/2024\/11\/PUCCINI-Ponte-Nelle-Alpi-300x300.jpg 300w, https:\/\/www.radiopiu.net\/wordpress\/wp-content\/uploads\/2024\/11\/PUCCINI-Ponte-Nelle-Alpi-1024x1024.jpg 1024w, https:\/\/www.radiopiu.net\/wordpress\/wp-content\/uploads\/2024\/11\/PUCCINI-Ponte-Nelle-Alpi-768x768.jpg 768w, https:\/\/www.radiopiu.net\/wordpress\/wp-content\/uploads\/2024\/11\/PUCCINI-Ponte-Nelle-Alpi.jpg 1440w\" sizes=\"auto, (max-width: 150px) 100vw, 150px\" \/><\/a>\n\t\t\t\t<\/dt>\n\t\t\t\t\t<dd class='wp-caption-text gallery-caption' id='gallery-2-418509'>\n\t\t\t\t\tLA BOHEME A PONTE NELLE ALPI\n\t\t\t\t\t<\/dd><\/dl><br style=\"clear: both\" \/><dl class='gallery-item'>\n\t\t\t\t<dt class='gallery-icon portrait'>\n\t\t\t\t\t<a class=\"rollover rollover-zoom dt-pswp-item\" title=\"d000b47a-efc8-4f75-b6e4-79170d053eeb\" data-dt-img-description=\"\" data-large_image_width=\"719\" data-large_image_height=\"990\"href='https:\/\/www.radiopiu.net\/wordpress\/wp-content\/uploads\/2024\/11\/d000b47a-efc8-4f75-b6e4-79170d053eeb.jpg'><img loading=\"lazy\" decoding=\"async\" width=\"150\" height=\"150\" src=\"https:\/\/www.radiopiu.net\/wordpress\/wp-content\/uploads\/2024\/11\/d000b47a-efc8-4f75-b6e4-79170d053eeb-150x150.jpg\" class=\"attachment-thumbnail size-thumbnail\" alt=\"\" aria-describedby=\"gallery-2-418521\" \/><\/a>\n\t\t\t\t<\/dt>\n\t\t\t\t\t<dd class='wp-caption-text gallery-caption' id='gallery-2-418521'>\n\t\t\t\t\tGARA DI BRISCOLA AD AGORDO\n\t\t\t\t\t<\/dd><\/dl><dl class='gallery-item'>\n\t\t\t\t<dt class='gallery-icon portrait'>\n\t\t\t\t\t<a class=\"rollover rollover-zoom dt-pswp-item\" title=\"manifesto serate invernali\" data-dt-img-description=\"\" data-large_image_width=\"1683\" data-large_image_height=\"2383\"href='https:\/\/www.radiopiu.net\/wordpress\/wp-content\/uploads\/2024\/11\/manifesto-serate-invernali.jpg'><img loading=\"lazy\" decoding=\"async\" width=\"150\" height=\"150\" src=\"https:\/\/www.radiopiu.net\/wordpress\/wp-content\/uploads\/2024\/11\/manifesto-serate-invernali-150x150.jpg\" class=\"attachment-thumbnail size-thumbnail\" alt=\"\" aria-describedby=\"gallery-2-418816\" \/><\/a>\n\t\t\t\t<\/dt>\n\t\t\t\t\t<dd class='wp-caption-text gallery-caption' id='gallery-2-418816'>\n\t\t\t\t\t21 FEBBRAIO\n\t\t\t\t\t<\/dd><\/dl><dl class='gallery-item'>\n\t\t\t\t<dt class='gallery-icon portrait'>\n\t\t\t\t\t<a class=\"rollover rollover-zoom dt-pswp-item\" title=\"PL_Sosp_A4_CENE\" data-dt-img-description=\"\" data-large_image_width=\"992\" data-large_image_height=\"1403\"href='https:\/\/www.radiopiu.net\/wordpress\/wp-content\/uploads\/2024\/11\/PL_Sosp_A4_CENE.jpg'><img loading=\"lazy\" decoding=\"async\" width=\"150\" height=\"150\" src=\"https:\/\/www.radiopiu.net\/wordpress\/wp-content\/uploads\/2024\/11\/PL_Sosp_A4_CENE-150x150.jpg\" class=\"attachment-thumbnail size-thumbnail\" alt=\"\" aria-describedby=\"gallery-2-419072\" \/><\/a>\n\t\t\t\t<\/dt>\n\t\t\t\t\t<dd class='wp-caption-text gallery-caption' id='gallery-2-419072'>\n\t\t\t\t\tCON LA PRO LOCO MONTI DEL SOLE\n\t\t\t\t\t<\/dd><\/dl>\n\t\t\t\t<br style='clear: both' \/>\n\t\t\t<\/div>\n\n<blockquote class=\"wp-embedded-content\" data-secret=\"niCuXooXBe\"><p><a href=\"https:\/\/www.radiopiu.net\/wordpress\/pirole-de-lenga-la-parola-del-giorno-a-cura-del-musla-raccolta-completa\/\">PIROLE DE LENGA&#8230; LA PAROLA DEL GIORNO A CURA DEL MUSLA -raccolta completa &#8211;<\/a><\/p><\/blockquote>\n<p><iframe loading=\"lazy\" class=\"wp-embedded-content\" sandbox=\"allow-scripts\" security=\"restricted\" style=\"position: absolute; visibility: hidden;\" title=\"&#8220;PIROLE DE LENGA&#8230; LA PAROLA DEL GIORNO A CURA DEL MUSLA -raccolta completa &#8211;&#8221; &#8212; Radio Pi\u00f9\" src=\"https:\/\/www.radiopiu.net\/wordpress\/pirole-de-lenga-la-parola-del-giorno-a-cura-del-musla-raccolta-completa\/embed\/#?secret=i10S3uN9fF#?secret=niCuXooXBe\" data-secret=\"niCuXooXBe\" width=\"600\" height=\"338\" frameborder=\"0\" marginwidth=\"0\" marginheight=\"0\" scrolling=\"no\"><\/iframe><\/p>\n<blockquote class=\"wp-embedded-content\" data-secret=\"pFeKHdaPHG\"><p><a href=\"https:\/\/www.radiopiu.net\/wordpress\/set5a\/\">EL BAL DEL FIOR, DETTI E MODI DI DIRE  LA RACCOLTA COMPLETA<\/a><\/p><\/blockquote>\n<p><iframe loading=\"lazy\" class=\"wp-embedded-content\" sandbox=\"allow-scripts\" security=\"restricted\" style=\"position: absolute; visibility: hidden;\" title=\"&#8220;EL BAL DEL FIOR, DETTI E MODI DI DIRE  LA RACCOLTA COMPLETA&#8221; &#8212; Radio Pi\u00f9\" src=\"https:\/\/www.radiopiu.net\/wordpress\/set5a\/embed\/#?secret=RBRcUuZS2M#?secret=pFeKHdaPHG\" data-secret=\"pFeKHdaPHG\" width=\"600\" height=\"338\" frameborder=\"0\" marginwidth=\"0\" marginheight=\"0\" scrolling=\"no\"><\/iframe><\/p>\n<blockquote class=\"wp-embedded-content\" data-secret=\"SvRT0eRSmP\"><p><a href=\"https:\/\/www.radiopiu.net\/wordpress\/almanac1\/\">N di parom &#8211; L Almanach de la nosta jent RACCOLTA COMPLETA<\/a><\/p><\/blockquote>\n<p><iframe loading=\"lazy\" class=\"wp-embedded-content\" sandbox=\"allow-scripts\" security=\"restricted\" style=\"position: absolute; visibility: hidden;\" title=\"&#8220;N di parom &#8211; L Almanach de la nosta jent RACCOLTA COMPLETA&#8221; &#8212; Radio Pi\u00f9\" src=\"https:\/\/www.radiopiu.net\/wordpress\/almanac1\/embed\/#?secret=LUcGftzfeG#?secret=SvRT0eRSmP\" data-secret=\"SvRT0eRSmP\" width=\"600\" height=\"338\" frameborder=\"0\" marginwidth=\"0\" marginheight=\"0\" scrolling=\"no\"><\/iframe><\/p>\n<\/div>\n<\/div>\n<\/div>\n<p>&nbsp;<\/p>\n<hr \/>\n<p>&nbsp;<\/p>\n<p class=\"mceTemp\"><a class=\"dt-pswp-item\" href=\"https:\/\/www.radiopiu.net\/wordpress\/wp-content\/uploads\/2018\/09\/WhatsApp-Image-2018-09-20-at-16.04.06.jpeg\" data-dt-img-description=\"\" data-large_image_width=\"800\" data-large_image_height=\"100\"><img loading=\"lazy\" decoding=\"async\" class=\"wp-image-61378 size-full aligncenter\" src=\"https:\/\/www.radiopiu.net\/wordpress\/wp-content\/uploads\/2018\/09\/WhatsApp-Image-2018-09-20-at-16.04.06.jpeg\" alt=\"\" width=\"800\" height=\"100\" srcset=\"https:\/\/www.radiopiu.net\/wordpress\/wp-content\/uploads\/2018\/09\/WhatsApp-Image-2018-09-20-at-16.04.06.jpeg 800w, https:\/\/www.radiopiu.net\/wordpress\/wp-content\/uploads\/2018\/09\/WhatsApp-Image-2018-09-20-at-16.04.06-300x38.jpeg 300w, https:\/\/www.radiopiu.net\/wordpress\/wp-content\/uploads\/2018\/09\/WhatsApp-Image-2018-09-20-at-16.04.06-768x96.jpeg 768w\" sizes=\"auto, (max-width: 800px) 100vw, 800px\" \/><\/a><\/p>\n<p><center><\/center><center><\/center>&nbsp;<\/p>\n<p><center><\/center><center><b>OGGI<\/b><\/center>Tra notte e primo mattino nuvolosit\u00e0 alta a tratti estesa con cielo velato specie sui settori prealpini occidentali. Da met\u00e0 mattino sereno o poco nuvoloso ovunque per qualche velatura. Non esclusa locale nebbia nei fondovalle Prealpini fino al primo mattino.<br \/>\n<b>Precipitazioni: <\/b>Assenti<br \/>\nTemperature in calo, specie le massime.<\/p>\n<hr \/>\n<p><center><b>DOMANI<\/b><\/center>Al mattino sereno o poco nuvoloso, dalle ore centrali e nel pomeriggio\/sera possibile irregolare aumento della nuvolosit\u00e0 medio-alta a partire da Dolomiti in estensione a Prealpi via via pi\u00f9 estesa verso sera quando saranno possibili anche alcuni addensamenti su Dolomiti.<br \/>\n<b>Precipitazioni: <\/b>Assenti<br \/>\nTemperature minime in calo nelle valli prealpine, in locale aumento su valli dolomitiche, massime in lieve aumento.<\/p>\n<hr \/>\n<p><center><b>GIOVEDI<\/b><\/center>Tra notte e mattino nuvolosit\u00e0 irregolare su Dolomiti, poco nuvoloso su Prealpi. Nel pomeriggio poco nuvoloso o a tratti velato per formazione nubi alte da sottovento (lee clouds) Temperature minime stazionarie o in aumento, massime in generale calo.<\/p>\n<hr \/>\n<p><center><b>VENERDI<\/b><\/center>Cielo sereno o al pi\u00f9 poco nuvoloso. Temperature massime in lieve aumento.<\/p>\n<p>&nbsp;<\/p>\n<hr \/>\n<p>&nbsp;<\/p>\n<p>&nbsp;<\/p>\n<p class=\"mceTemp\"><a class=\"dt-pswp-item\" href=\"https:\/\/www.radiopiu.net\/wordpress\/wp-content\/uploads\/2018\/09\/sport.jpg\" data-dt-img-description=\"\" data-large_image_width=\"800\" data-large_image_height=\"100\"><img loading=\"lazy\" decoding=\"async\" class=\"aligncenter wp-image-60761 size-full\" src=\"https:\/\/www.radiopiu.net\/wordpress\/wp-content\/uploads\/2018\/09\/sport.jpg\" alt=\"\" width=\"800\" height=\"100\" srcset=\"https:\/\/www.radiopiu.net\/wordpress\/wp-content\/uploads\/2018\/09\/sport.jpg 800w, https:\/\/www.radiopiu.net\/wordpress\/wp-content\/uploads\/2018\/09\/sport-300x38.jpg 300w, https:\/\/www.radiopiu.net\/wordpress\/wp-content\/uploads\/2018\/09\/sport-768x96.jpg 768w\" sizes=\"auto, (max-width: 800px) 100vw, 800px\" \/><\/a><span style=\"color: #0000ff;\"><strong>\u00a0 \u00a0 \u00a0 \u00a0 \u00a0<\/strong><\/span><\/p>\n<p><span style=\"color: #0000ff;\"><strong>NUOTO<\/strong><\/span><\/p>\n<blockquote>\n<h3>Prima gara stagionale per Esordienti: successi per Attivamente Agordino a Belluno<\/h3>\n<\/blockquote>\n<p><strong>AGORDO<\/strong> Si \u00e8 svolta\u00a0 in piscina di Belluno la prima gara stagionale di nuoto per esordienti, con la partecipazione di 12 atleti di Attivamente Agordino. In un contesto competitivo (con i pari et\u00e0 del concentramento Belluno-Treviso) gli atleti hanno ottenuto buone prestazioni, migliorando i propri record personali e acquisendo un&#8217;importante esperienza formativa. Tra le ragazze, Azzurra Deola Thorpe, Emma Latti, Selena Ceccon e Alice Latti, appena salite di categoria tra gli \u201cEsordienti A\u201d, hanno confermato il loro talento. Negli \u201cEsordienti B\u201d del secondo anno, tre podi, Margot Longaron ha vinto nei 50 rana, mentre Alessandro Buxaj e Alex Alchini si sono classificati rispettivamente secondo e terzo. Notevoli progressi anche per Ilay Bianchi e buona prova di David Olivier nei 100 dorso e 100 misti. Al debutto, Veronica, Letizia e Aurora hanno dimostrato grande determinazione. Gli allenamenti proseguiranno in vista della gara di dicembre a Vittorio Veneto.<\/p>\n<p>&nbsp;<\/p>\n<p><a class=\"dt-pswp-item\" href=\"https:\/\/www.radiopiu.net\/wordpress\/wp-content\/uploads\/2024\/11\/794b89b2-25e9-4734-85b2-8deafbf9c15c.jpeg\" data-dt-img-description=\"\" data-large_image_width=\"1009\" data-large_image_height=\"1529\"><img loading=\"lazy\" decoding=\"async\" class=\"alignnone size-medium wp-image-419192\" src=\"https:\/\/www.radiopiu.net\/wordpress\/wp-content\/uploads\/2024\/11\/794b89b2-25e9-4734-85b2-8deafbf9c15c-198x300.jpeg\" alt=\"\" width=\"198\" height=\"300\" srcset=\"https:\/\/www.radiopiu.net\/wordpress\/wp-content\/uploads\/2024\/11\/794b89b2-25e9-4734-85b2-8deafbf9c15c-198x300.jpeg 198w, https:\/\/www.radiopiu.net\/wordpress\/wp-content\/uploads\/2024\/11\/794b89b2-25e9-4734-85b2-8deafbf9c15c-676x1024.jpeg 676w, https:\/\/www.radiopiu.net\/wordpress\/wp-content\/uploads\/2024\/11\/794b89b2-25e9-4734-85b2-8deafbf9c15c-768x1164.jpeg 768w, https:\/\/www.radiopiu.net\/wordpress\/wp-content\/uploads\/2024\/11\/794b89b2-25e9-4734-85b2-8deafbf9c15c.jpeg 1009w\" sizes=\"auto, (max-width: 198px) 100vw, 198px\" \/><\/a><a class=\"dt-pswp-item\" href=\"https:\/\/www.radiopiu.net\/wordpress\/wp-content\/uploads\/2024\/11\/a4ed0bd1-db43-4582-9f24-0e2d73846f95.jpeg\" data-dt-img-description=\"\" data-large_image_width=\"379\" data-large_image_height=\"412\"><img loading=\"lazy\" decoding=\"async\" class=\"alignnone size-medium wp-image-419193\" src=\"https:\/\/www.radiopiu.net\/wordpress\/wp-content\/uploads\/2024\/11\/a4ed0bd1-db43-4582-9f24-0e2d73846f95-276x300.jpeg\" alt=\"\" width=\"276\" height=\"300\" srcset=\"https:\/\/www.radiopiu.net\/wordpress\/wp-content\/uploads\/2024\/11\/a4ed0bd1-db43-4582-9f24-0e2d73846f95-276x300.jpeg 276w, https:\/\/www.radiopiu.net\/wordpress\/wp-content\/uploads\/2024\/11\/a4ed0bd1-db43-4582-9f24-0e2d73846f95.jpeg 379w\" sizes=\"auto, (max-width: 276px) 100vw, 276px\" \/><\/a><a class=\"dt-pswp-item\" href=\"https:\/\/www.radiopiu.net\/wordpress\/wp-content\/uploads\/2024\/11\/b5777380-5577-424c-8537-aeaa10440152.jpeg\" data-dt-img-description=\"\" data-large_image_width=\"725\" data-large_image_height=\"561\"><img loading=\"lazy\" decoding=\"async\" class=\"alignnone size-medium wp-image-419194\" src=\"https:\/\/www.radiopiu.net\/wordpress\/wp-content\/uploads\/2024\/11\/b5777380-5577-424c-8537-aeaa10440152-300x232.jpeg\" alt=\"\" width=\"300\" height=\"232\" srcset=\"https:\/\/www.radiopiu.net\/wordpress\/wp-content\/uploads\/2024\/11\/b5777380-5577-424c-8537-aeaa10440152-300x232.jpeg 300w, https:\/\/www.radiopiu.net\/wordpress\/wp-content\/uploads\/2024\/11\/b5777380-5577-424c-8537-aeaa10440152.jpeg 725w\" sizes=\"auto, (max-width: 300px) 100vw, 300px\" \/><\/a><\/p>\n<p>&nbsp;<\/p>\n<p>&nbsp;<\/p>\n<p>&nbsp;<\/p>\n<p>&nbsp;<\/p>\n<p>&nbsp;<\/p>\n","protected":false},"excerpt":{"rendered":"<p>******* &nbsp; &nbsp; LA\u00a0 APP PER IOS-IPHONE di Nicola Vettorello https:\/\/apps.apple.com\/it\/app\/radio-pi%C3%B9-emittente-agordina\/id1515939845 LA\u00a0 APP RADIO\u00a0 PER ANDROID di Nicola Vettorello https:\/\/play.google.com\/store\/apps\/details?id=net.radiopiu.iniko\u00a0\u00a0\u00a0 &nbsp; &nbsp; &nbsp; &nbsp; \u00a0OGGI NELL&#8217;ALMANACCO LADINO ALLE 5 E ALLE 9&#8230; IL RICORDO DI ARMANDO TAMA DA ROIT (foto) OGGI ALLA RADIO&#8230;. ALLE 4 E ALLE 6 LE NOTIZIE DALL&#8217;ITALIA E DAL MONDO 0500&hellip;<\/p>\n","protected":false},"author":4,"featured_media":419279,"comment_status":"closed","ping_status":"closed","sticky":false,"template":"","format":"standard","meta":{"_monsterinsights_skip_tracking":false,"_monsterinsights_sitenote_active":false,"_monsterinsights_sitenote_note":"","_monsterinsights_sitenote_category":0,"footnotes":""},"categories":[51,86,49],"tags":[],"class_list":["post-419062","post","type-post","status-publish","format-standard","has-post-thumbnail","hentry","category-evidenza-top","category-gr","category-news-18","category-51","category-86","category-49","description-off"],"img_url":"https:\/\/www.radiopiu.net\/wordpress\/wp-content\/uploads\/2024\/11\/Senza-nome-54.png","_links":{"self":[{"href":"https:\/\/www.radiopiu.net\/wordpress\/wp-json\/wp\/v2\/posts\/419062","targetHints":{"allow":["GET"]}}],"collection":[{"href":"https:\/\/www.radiopiu.net\/wordpress\/wp-json\/wp\/v2\/posts"}],"about":[{"href":"https:\/\/www.radiopiu.net\/wordpress\/wp-json\/wp\/v2\/types\/post"}],"author":[{"embeddable":true,"href":"https:\/\/www.radiopiu.net\/wordpress\/wp-json\/wp\/v2\/users\/4"}],"replies":[{"embeddable":true,"href":"https:\/\/www.radiopiu.net\/wordpress\/wp-json\/wp\/v2\/comments?post=419062"}],"version-history":[{"count":27,"href":"https:\/\/www.radiopiu.net\/wordpress\/wp-json\/wp\/v2\/posts\/419062\/revisions"}],"predecessor-version":[{"id":419312,"href":"https:\/\/www.radiopiu.net\/wordpress\/wp-json\/wp\/v2\/posts\/419062\/revisions\/419312"}],"wp:featuredmedia":[{"embeddable":true,"href":"https:\/\/www.radiopiu.net\/wordpress\/wp-json\/wp\/v2\/media\/419279"}],"wp:attachment":[{"href":"https:\/\/www.radiopiu.net\/wordpress\/wp-json\/wp\/v2\/media?parent=419062"}],"wp:term":[{"taxonomy":"category","embeddable":true,"href":"https:\/\/www.radiopiu.net\/wordpress\/wp-json\/wp\/v2\/categories?post=419062"},{"taxonomy":"post_tag","embeddable":true,"href":"https:\/\/www.radiopiu.net\/wordpress\/wp-json\/wp\/v2\/tags?post=419062"}],"curies":[{"name":"wp","href":"https:\/\/api.w.org\/{rel}","templated":true}]}}