{"id":419143,"date":"2024-11-12T05:46:00","date_gmt":"2024-11-12T04:46:00","guid":{"rendered":"https:\/\/www.radiopiu.net\/wordpress\/?p=419143"},"modified":"2024-11-12T05:52:40","modified_gmt":"2024-11-12T04:52:40","slug":"elicottero-con-il-buio-sopra-lagordino-soccorso-un-61enne-di-canale-dagordo","status":"publish","type":"post","link":"https:\/\/www.radiopiu.net\/wordpress\/elicottero-con-il-buio-sopra-lagordino-soccorso-un-61enne-di-canale-dagordo\/","title":{"rendered":"ELICOTTERO CON IL BUIO SOPRA L&#8217;AGORDINO, SOCCORSO UN 61ENNE DI CANALE D&#8217;AGORDO"},"content":{"rendered":"<p>***<br \/>\n<img loading=\"lazy\" decoding=\"async\" class=\"alignleft\" src=\"https:\/\/www.radiopiu.net\/wordpress\/wp-content\/uploads\/2021\/12\/salt-suem.jpg\" width=\"273\" height=\"205\" \/><\/p>\n<p><strong>CANALE D&#8217;AGORDO<\/strong>\u00a0 La domenica del Suem118 si \u00e8 conclusa tardi, alle 20 con il buio, per un soccorso d&#8217;urgenza a Canale d&#8217;Agordo dove un uomo di 61 anni colto da improvviso malore \u00e8 stata soccorso dall&#8217;ambulanza della Croce Verde Val Biois ed elicottero Falco. L&#8217;uomo \u00e8 stato trasportato in codice 2 (media gravit\u00e0) al San Martino di Belluno.<br \/>\n<strong>SEDICO<\/strong> Caduta autonoma alle 18, un 29enne di Belluno \u00e8 stato portato in ospedale in condizioni medio-gravi.<\/p>\n<p>&nbsp;<\/p>\n<p>&nbsp;<\/p>\n<hr \/>\n<p>&nbsp;<\/p>\n","protected":false},"excerpt":{"rendered":"<p>*** CANALE D&#8217;AGORDO\u00a0 La domenica del Suem118 si \u00e8 conclusa tardi, alle 20 con il buio, per un soccorso d&#8217;urgenza a Canale d&#8217;Agordo dove un uomo di 61 anni colto da improvviso malore \u00e8 stata soccorso dall&#8217;ambulanza della Croce Verde Val Biois ed elicottero Falco. L&#8217;uomo \u00e8 stato trasportato in codice 2 (media gravit\u00e0) al&hellip;<\/p>\n","protected":false},"author":4,"featured_media":247613,"comment_status":"closed","ping_status":"closed","sticky":false,"template":"","format":"standard","meta":{"_monsterinsights_skip_tracking":false,"_monsterinsights_sitenote_active":false,"_monsterinsights_sitenote_note":"","_monsterinsights_sitenote_category":0,"footnotes":""},"categories":[51,49],"tags":[],"class_list":["post-419143","post","type-post","status-publish","format-standard","has-post-thumbnail","hentry","category-evidenza-top","category-news-18","category-51","category-49","description-off"],"img_url":"https:\/\/www.radiopiu.net\/wordpress\/wp-content\/uploads\/2021\/12\/salt-suem.jpg","_links":{"self":[{"href":"https:\/\/www.radiopiu.net\/wordpress\/wp-json\/wp\/v2\/posts\/419143","targetHints":{"allow":["GET"]}}],"collection":[{"href":"https:\/\/www.radiopiu.net\/wordpress\/wp-json\/wp\/v2\/posts"}],"about":[{"href":"https:\/\/www.radiopiu.net\/wordpress\/wp-json\/wp\/v2\/types\/post"}],"author":[{"embeddable":true,"href":"https:\/\/www.radiopiu.net\/wordpress\/wp-json\/wp\/v2\/users\/4"}],"replies":[{"embeddable":true,"href":"https:\/\/www.radiopiu.net\/wordpress\/wp-json\/wp\/v2\/comments?post=419143"}],"version-history":[{"count":1,"href":"https:\/\/www.radiopiu.net\/wordpress\/wp-json\/wp\/v2\/posts\/419143\/revisions"}],"predecessor-version":[{"id":419146,"href":"https:\/\/www.radiopiu.net\/wordpress\/wp-json\/wp\/v2\/posts\/419143\/revisions\/419146"}],"wp:featuredmedia":[{"embeddable":true,"href":"https:\/\/www.radiopiu.net\/wordpress\/wp-json\/wp\/v2\/media\/247613"}],"wp:attachment":[{"href":"https:\/\/www.radiopiu.net\/wordpress\/wp-json\/wp\/v2\/media?parent=419143"}],"wp:term":[{"taxonomy":"category","embeddable":true,"href":"https:\/\/www.radiopiu.net\/wordpress\/wp-json\/wp\/v2\/categories?post=419143"},{"taxonomy":"post_tag","embeddable":true,"href":"https:\/\/www.radiopiu.net\/wordpress\/wp-json\/wp\/v2\/tags?post=419143"}],"curies":[{"name":"wp","href":"https:\/\/api.w.org\/{rel}","templated":true}]}}