{"id":419185,"date":"2024-11-12T05:45:22","date_gmt":"2024-11-12T04:45:22","guid":{"rendered":"https:\/\/www.radiopiu.net\/wordpress\/?p=419185"},"modified":"2024-11-12T05:56:08","modified_gmt":"2024-11-12T04:56:08","slug":"mercoledi-il-ricordo-e-il-saluto-a-gigia","status":"publish","type":"post","link":"https:\/\/www.radiopiu.net\/wordpress\/mercoledi-il-ricordo-e-il-saluto-a-gigia\/","title":{"rendered":"DOMANI IL RICORDO E IL SALUTO A &#8220;GIGIA&#8221;"},"content":{"rendered":"<p>**<\/p>\n<p>&nbsp;<\/p>\n<p><strong>AGORDO<\/strong> Lo scorso venerdi 8 novembre \u00e8 mancata l&#8217;amata Annalisa Zasso, a soli 49 anni, per un grave incidente domestico. L&#8217;insegnante e gi\u00e0 consigliere comunale ad Agordo \u00e8 ricordata con amore dalla figlia Giulia con Agostino, dalla mamma Odilia, dalle sorelle Rosaly con Paolo, Alessandro, Andrea e Silvia con Valentino.\u00a0 I funerali si svolgeranno domani alle 14.30 nell&#8217;Arcidiaconale di Agordo.\u00a0 Domani sera, alle 20 il rosario in chiesa. La famiglia ringrazia i Vigili del Fuoco, i medici, il personale del Pronto Soccorso dell&#8217;Ospedale di Agordo.<\/p>\n<p>&nbsp;<\/p>\n<p><a class=\"dt-pswp-item\" href=\"https:\/\/www.radiopiu.net\/wordpress\/wp-content\/uploads\/2024\/11\/fb469b57-6d8c-404f-aa38-3a69db7a7759.jpg\" data-dt-img-description=\"\" data-large_image_width=\"581\" data-large_image_height=\"827\"><img loading=\"lazy\" decoding=\"async\" class=\"size-medium wp-image-419186 aligncenter\" src=\"https:\/\/www.radiopiu.net\/wordpress\/wp-content\/uploads\/2024\/11\/fb469b57-6d8c-404f-aa38-3a69db7a7759-211x300.jpg\" alt=\"\" width=\"211\" height=\"300\" srcset=\"https:\/\/www.radiopiu.net\/wordpress\/wp-content\/uploads\/2024\/11\/fb469b57-6d8c-404f-aa38-3a69db7a7759-211x300.jpg 211w, https:\/\/www.radiopiu.net\/wordpress\/wp-content\/uploads\/2024\/11\/fb469b57-6d8c-404f-aa38-3a69db7a7759.jpg 581w\" sizes=\"auto, (max-width: 211px) 100vw, 211px\" \/><\/a>__<\/p>\n","protected":false},"excerpt":{"rendered":"<p>** &nbsp; AGORDO Lo scorso venerdi 8 novembre \u00e8 mancata l&#8217;amata Annalisa Zasso, a soli 49 anni, per un grave incidente domestico. L&#8217;insegnante e gi\u00e0 consigliere comunale ad Agordo \u00e8 ricordata con amore dalla figlia Giulia con Agostino, dalla mamma Odilia, dalle sorelle Rosaly con Paolo, Alessandro, Andrea e Silvia con Valentino.\u00a0 I funerali si&hellip;<\/p>\n","protected":false},"author":4,"featured_media":419186,"comment_status":"closed","ping_status":"closed","sticky":false,"template":"","format":"standard","meta":{"_monsterinsights_skip_tracking":false,"_monsterinsights_sitenote_active":false,"_monsterinsights_sitenote_note":"","_monsterinsights_sitenote_category":0,"footnotes":""},"categories":[104,49],"tags":[],"class_list":["post-419185","post","type-post","status-publish","format-standard","has-post-thumbnail","hentry","category-evidenza_3","category-news-18","category-104","category-49","description-off"],"img_url":"https:\/\/www.radiopiu.net\/wordpress\/wp-content\/uploads\/2024\/11\/fb469b57-6d8c-404f-aa38-3a69db7a7759.jpg","_links":{"self":[{"href":"https:\/\/www.radiopiu.net\/wordpress\/wp-json\/wp\/v2\/posts\/419185","targetHints":{"allow":["GET"]}}],"collection":[{"href":"https:\/\/www.radiopiu.net\/wordpress\/wp-json\/wp\/v2\/posts"}],"about":[{"href":"https:\/\/www.radiopiu.net\/wordpress\/wp-json\/wp\/v2\/types\/post"}],"author":[{"embeddable":true,"href":"https:\/\/www.radiopiu.net\/wordpress\/wp-json\/wp\/v2\/users\/4"}],"replies":[{"embeddable":true,"href":"https:\/\/www.radiopiu.net\/wordpress\/wp-json\/wp\/v2\/comments?post=419185"}],"version-history":[{"count":2,"href":"https:\/\/www.radiopiu.net\/wordpress\/wp-json\/wp\/v2\/posts\/419185\/revisions"}],"predecessor-version":[{"id":419293,"href":"https:\/\/www.radiopiu.net\/wordpress\/wp-json\/wp\/v2\/posts\/419185\/revisions\/419293"}],"wp:featuredmedia":[{"embeddable":true,"href":"https:\/\/www.radiopiu.net\/wordpress\/wp-json\/wp\/v2\/media\/419186"}],"wp:attachment":[{"href":"https:\/\/www.radiopiu.net\/wordpress\/wp-json\/wp\/v2\/media?parent=419185"}],"wp:term":[{"taxonomy":"category","embeddable":true,"href":"https:\/\/www.radiopiu.net\/wordpress\/wp-json\/wp\/v2\/categories?post=419185"},{"taxonomy":"post_tag","embeddable":true,"href":"https:\/\/www.radiopiu.net\/wordpress\/wp-json\/wp\/v2\/tags?post=419185"}],"curies":[{"name":"wp","href":"https:\/\/api.w.org\/{rel}","templated":true}]}}