{"id":419208,"date":"2024-11-11T15:52:26","date_gmt":"2024-11-11T14:52:26","guid":{"rendered":"https:\/\/www.radiopiu.net\/wordpress\/?p=419208"},"modified":"2024-11-12T05:55:03","modified_gmt":"2024-11-12T04:55:03","slug":"dino-bridda-il-premio-san-martino-2024-oggi-la-consegna-del-riconoscimento","status":"publish","type":"post","link":"https:\/\/www.radiopiu.net\/wordpress\/dino-bridda-il-premio-san-martino-2024-oggi-la-consegna-del-riconoscimento\/","title":{"rendered":"DINO BRIDDA: IL PREMIO SAN MARTINO 2024. OGGI LA CONSEGNA DEL RICONOSCIMENTO"},"content":{"rendered":"<p>******<\/p>\n<p>&nbsp;<\/p>\n<p><strong><a class=\"dt-pswp-item\" href=\"https:\/\/www.radiopiu.net\/wordpress\/wp-content\/uploads\/2024\/11\/dino-bridda.jpg\" data-dt-img-description=\"\" data-large_image_width=\"2560\" data-large_image_height=\"1920\"><img loading=\"lazy\" decoding=\"async\" class=\" wp-image-418686 alignleft\" src=\"https:\/\/www.radiopiu.net\/wordpress\/wp-content\/uploads\/2024\/11\/dino-bridda-300x225.jpg\" alt=\"\" width=\"195\" height=\"146\" srcset=\"https:\/\/www.radiopiu.net\/wordpress\/wp-content\/uploads\/2024\/11\/dino-bridda-300x225.jpg 300w, https:\/\/www.radiopiu.net\/wordpress\/wp-content\/uploads\/2024\/11\/dino-bridda-1024x768.jpg 1024w, https:\/\/www.radiopiu.net\/wordpress\/wp-content\/uploads\/2024\/11\/dino-bridda-768x576.jpg 768w, https:\/\/www.radiopiu.net\/wordpress\/wp-content\/uploads\/2024\/11\/dino-bridda-1536x1152.jpg 1536w, https:\/\/www.radiopiu.net\/wordpress\/wp-content\/uploads\/2024\/11\/dino-bridda-2048x1536.jpg 2048w\" sizes=\"auto, (max-width: 195px) 100vw, 195px\" \/><\/a>VENEZIA <\/strong>\u201cDesidero ringraziare gli organizzatori bellunesi del Premio San Martino, premio prestigioso della Citt\u00e0 di Belluno per la sensibilit\u00e0 dimostrata nell\u2019assegnare questo riconoscimento a Dino Bridda, una figura di alto valore nel mondo dell\u2019associazionismo, della cultura e del sociale. A Dino Bridda, giornalista e scrittore di lungo corso, \u00e8 stato riconosciuto il grande impegno per la valorizzazione del nostro territorio montano\u201d. Cos\u00ec Silvia Cestaro, consigliere regionale bellunese di Lega \u2013 Liga Veneta, nel compiacersi per la scelta fatta. \u201cSan Martino \u00e8 anche il patrono di Belluno e anche Bridda come San Martino si \u00e8 sempre reso disponibile in prima persona dedicando il proprio tempo al mondo dell\u2019associazionismo e della cultura perch\u00e9 il patrimonio della montagna bellunese abbia sempre un posto centrale nella geografia sociale ed economica del nostro Veneto. Bridda\u00a0 &#8211; aggiunge la consigliera &#8211; ha sempre dedicato i suoi scritti e il suo impegno personale ai delicati temi dell\u2019emigrazione bellunese, cercando di mantenere vivo il rapporto tra chi ha lasciato le amate terre montane e i luoghi di origine attraverso le pagine della rivista \u2018Bellunesi nel mondo\u2019 oltre che al mondo degli alpini, corpo militare tanto caro alle nostre montagne. Per anni Dino Bridda, \u00e8 riuscito e riesce tuttora a far sentire i bellunesi emigrati nel mondo il calore del nostro territorio, raccontando di cultura, storia dell\u2019emigrazione, economia e cronaca bellunese e di attivit\u00e0 delle Famiglie Bellunesi che all\u2019estero hanno fatto fortuna cos\u00ec come quelle che continuano a vivere tra le nostre amate montagne. Complimenti ancora a Dino Bridda, a lui un riconoscimento quanto mai meritato\u201d, conclude Silvia Cestaro.<\/p>\n<p><strong><a class=\"dt-pswp-item\" href=\"https:\/\/www.radiopiu.net\/wordpress\/wp-content\/uploads\/2024\/06\/SindacoBelluno_OscarDePellegrin.jpg\" data-dt-img-description=\"\" data-large_image_width=\"2000\" data-large_image_height=\"1333\"><img loading=\"lazy\" decoding=\"async\" class=\" wp-image-396758 alignright\" src=\"https:\/\/www.radiopiu.net\/wordpress\/wp-content\/uploads\/2024\/06\/SindacoBelluno_OscarDePellegrin-300x200.jpg\" alt=\"\" width=\"254\" height=\"169\" \/><\/a>L&#8217;INTERVENTO DEL SINDACO DI BELLUNO OSCAR DE PELLEGRIN<\/strong><\/p>\n<p>E&#8217; sempre un piacere ritrovarci per festeggiare il nostro santo patrono e, assieme, per consegnare il premio San Martino ad un nostro illustre concittadino. Un premio con il quale, lo sappiamo, la Citt\u00e0 di Belluno celebra quei cittadini che, con impegno e passione, si sono distinti in ambito professionale, culturale, del volontariato e artistico, contribuendo cos\u00ec a dare\u00a0 lustro e prestigio alla nostra comunit\u00e0. Dino Bridda \u00e8 senza dubbio uno di questi cittadini esemplari, un uomo le cui azioni e parole hanno lasciato un segno nella nostra storia recente. Uno studioso appassionato della storia locale e non solo, persona che ha dedicato la sua vita a raccontare, promuovere e diffondere le tradizioni, l\u2019identit\u00e0 e la cultura bellunesi. In un mondo in cui tutto corre veloce e le informazioni si susseguono online di minuto in minuto, Bridda si \u00e8 preso la briga di tornare indietro nel tempo e fermare con testi e racconti, articoli di giornali e interventi, il nostro passato perch\u00e9 non venga dimenticato, ma sempre pi\u00f9 valorizzato e tramandato alle future generazioni. Mi piace anche ricordare che per 16 edizioni \u00e8 stato il conduttore della cerimonia di consegna del Premio San Martino. Oggi \u00e8 nuovamente sul palco, seppur con un altro ruolo. Le emozioni di questo cambio ce le racconter\u00e0 lui stesso. Bellunese doc, Dino ha incanalato la sua passione per il suo territorio in una carriera di giornalista, scrittore e comunicatore Con la sua penna e la sua voce, ha contribuito a diffondere la cultura, l&#8217;arte, la storia e le tradizioni di Belluno, pubblicando articoli e reportage su molte testate locali e non solo. Il suo lavoro non \u00e8 stato solo un esercizio di scrittura, ma un modo per tenere viva la memoria collettiva di cui ne ha sempre sottolineato l\u2019importanza. Credo di poter affermare che deriva proprio da qui il suo impegno che si pu\u00f2 tradurre in una quotidiana pratica che trova la sua ragione di essere nello spirito di servizio. La scelta, cio\u00e8, di rapportarsi con gli altri con l\u2019obiettivo dichiarato di collaborare per il benessere di un territorio, di una storia, delle persone. \u00c8 facile allora capire come il suo impegno abbia intersecato tutta una serie di ambiti: la cultura, il sociale, il volontariato. Dino \u00e8 anche un punto di riferimento per le generazioni pi\u00f9 giovani, rappresenta un legame prezioso tra il passato e il presente, tra le tradizioni storiche e le sfide contemporanee che affrontiamo. Lo spirito di servizio \u00e8 uno dei doni pi\u00f9 preziosi che una persona possa offrire alla propria comunit\u00e0. Non si tratta soltanto di ci\u00f2 che si fa, ma di come e perch\u00e9 lo si fa. \u00c8 l\u2019energia di chi sceglie di mettere il proprio talento e il proprio tempo al servizio degli altri, per il bene di un territorio, di una storia, di un insieme di valori che ci legano. Servire significa lasciare un segno duraturo, un gesto che attraversa il tempo e arriva agli altri come testimonianza di appartenenza e di cura. Mi piace ricordare, in particolare, il suo ruolo all\u2019interno della sezione alpini di Belluno. Che cosa rappresentino i valori alpini non richiede di certo lunghi discorsi. Nel suo ruolo di addetto stampa, presentatore e direttore di testata Dino ha contribuito a trasmettere i valori di solidariet\u00e0, comunit\u00e0 e appartenenza che caratterizzano il mondo degli alpini, anche aprendo nuove strade. E\u2019 stato lui infatti, nel 2003 su richiesta dell\u2019allora presidente della sezione di Belluno, Arrigo Cadore, a fondare il periodico \u201cIn marcia\u201d: riunendo, per la prima volta in provincia, le notizie relative a tutte le sezioni del territorio in un\u2019unica rivista che raccontasse chi sono le penne nere bellunesi, cosa fanno e quali sono i loro progetti a favore della comunit\u00e0. Un servizio che continua e che, ne sono sicuro, continuer\u00e0 ancora a lungo. Oggi, conferendo il Premio San Martino a Dino Bridda, non solo riconosciamo il suo straordinario contributo alla cultura bellunese, ma celebriamo un uomo che ha incarnato e continua a incarnare i valori di impegno, passione e altruismo. La tua vita e il tuo lavoro ci insegnano che ogni gesto, ogni parola scritta, ogni momento dedicato alla comunit\u00e0 contribuisce a costruire una societ\u00e0 pi\u00f9 coesa e migliore. Grazie per il tuo instancabile lavoro, per il tuo amore per Belluno e per le storie che hai condiviso con noi. In conclusione, vorrei esprimere la mia gratitudine a tutti voi che siete qui oggi, a testimoniare questo momento importante per la nostra comunit\u00e0. Che questo premio possa essere un ulteriore incentivo a continuare a lavorare insieme con spirito civico per la nostra comunit\u00e0. Grazie, Dino, e congratulazioni per questo meritato riconoscimento.<\/p>\n<p>&nbsp;<\/p>\n<p>&nbsp;<\/p>\n<p>&nbsp;<\/p>\n<p>**********<\/p>\n","protected":false},"excerpt":{"rendered":"<p>****** &nbsp; VENEZIA \u201cDesidero ringraziare gli organizzatori bellunesi del Premio San Martino, premio prestigioso della Citt\u00e0 di Belluno per la sensibilit\u00e0 dimostrata nell\u2019assegnare questo riconoscimento a Dino Bridda, una figura di alto valore nel mondo dell\u2019associazionismo, della cultura e del sociale. A Dino Bridda, giornalista e scrittore di lungo corso, \u00e8 stato riconosciuto il grande&hellip;<\/p>\n","protected":false},"author":4,"featured_media":418686,"comment_status":"closed","ping_status":"closed","sticky":false,"template":"","format":"standard","meta":{"_monsterinsights_skip_tracking":false,"_monsterinsights_sitenote_active":false,"_monsterinsights_sitenote_note":"","_monsterinsights_sitenote_category":0,"footnotes":""},"categories":[51,49],"tags":[],"class_list":["post-419208","post","type-post","status-publish","format-standard","has-post-thumbnail","hentry","category-evidenza-top","category-news-18","category-51","category-49","description-off"],"img_url":"https:\/\/www.radiopiu.net\/wordpress\/wp-content\/uploads\/2024\/11\/dino-bridda.jpg","_links":{"self":[{"href":"https:\/\/www.radiopiu.net\/wordpress\/wp-json\/wp\/v2\/posts\/419208","targetHints":{"allow":["GET"]}}],"collection":[{"href":"https:\/\/www.radiopiu.net\/wordpress\/wp-json\/wp\/v2\/posts"}],"about":[{"href":"https:\/\/www.radiopiu.net\/wordpress\/wp-json\/wp\/v2\/types\/post"}],"author":[{"embeddable":true,"href":"https:\/\/www.radiopiu.net\/wordpress\/wp-json\/wp\/v2\/users\/4"}],"replies":[{"embeddable":true,"href":"https:\/\/www.radiopiu.net\/wordpress\/wp-json\/wp\/v2\/comments?post=419208"}],"version-history":[{"count":1,"href":"https:\/\/www.radiopiu.net\/wordpress\/wp-json\/wp\/v2\/posts\/419208\/revisions"}],"predecessor-version":[{"id":419209,"href":"https:\/\/www.radiopiu.net\/wordpress\/wp-json\/wp\/v2\/posts\/419208\/revisions\/419209"}],"wp:featuredmedia":[{"embeddable":true,"href":"https:\/\/www.radiopiu.net\/wordpress\/wp-json\/wp\/v2\/media\/418686"}],"wp:attachment":[{"href":"https:\/\/www.radiopiu.net\/wordpress\/wp-json\/wp\/v2\/media?parent=419208"}],"wp:term":[{"taxonomy":"category","embeddable":true,"href":"https:\/\/www.radiopiu.net\/wordpress\/wp-json\/wp\/v2\/categories?post=419208"},{"taxonomy":"post_tag","embeddable":true,"href":"https:\/\/www.radiopiu.net\/wordpress\/wp-json\/wp\/v2\/tags?post=419208"}],"curies":[{"name":"wp","href":"https:\/\/api.w.org\/{rel}","templated":true}]}}