{"id":419234,"date":"2024-11-12T05:00:39","date_gmt":"2024-11-12T04:00:39","guid":{"rendered":"https:\/\/www.radiopiu.net\/wordpress\/?p=419234"},"modified":"2024-11-12T05:54:09","modified_gmt":"2024-11-12T04:54:09","slug":"419234-2","status":"publish","type":"post","link":"https:\/\/www.radiopiu.net\/wordpress\/419234-2\/","title":{"rendered":"INCANTO AUTUNNALE SUL GARDELLON ALLA VIGILIA DI UNA NUOVA STAGIONE"},"content":{"rendered":"<p>**<\/p>\n<div class=\"relative flex h-full w-full overflow-hidden transition-colors z-0\">\n<div class=\"relative flex h-full max-w-full flex-1 flex-col overflow-hidden\">\n<p>&nbsp;<\/p>\n<div class=\"composer-parent flex h-full flex-col focus-visible:outline-0\" tabindex=\"0\" role=\"presentation\">\n<div class=\"flex-1 overflow-hidden\">\n<div class=\"h-full\">\n<div class=\"react-scroll-to-bottom--css-iaghl-79elbk h-full\">\n<div class=\"react-scroll-to-bottom--css-iaghl-1n7m0yu\">\n<div class=\"flex flex-col text-sm md:pb-9\">\n<article class=\"w-full scroll-mb-[var(--thread-trailing-height)] text-token-text-primary focus-visible:outline-2 focus-visible:outline-offset-[-4px]\" dir=\"auto\" data-testid=\"conversation-turn-3\" data-scroll-anchor=\"true\">\n<div class=\"m-auto text-base py-[18px] px-3 md:px-4 w-full md:px-5 lg:px-4 xl:px-5\">\n<div class=\"mx-auto flex flex-1 gap-4 text-base md:gap-5 lg:gap-6 md:max-w-3xl lg:max-w-[40rem] xl:max-w-[48rem]\">\n<div class=\"flex-shrink-0 flex flex-col relative items-end\">\n<div>\n<div class=\"pt-0\">\n<div class=\"gizmo-bot-avatar flex h-8 w-8 items-center justify-center overflow-hidden rounded-full\">\n<div class=\"relative p-1 rounded-sm flex items-center justify-center bg-token-main-surface-primary text-token-text-primary h-8 w-8\"><\/div>\n<\/div>\n<\/div>\n<\/div>\n<\/div>\n<div class=\"group\/conversation-turn relative flex w-full min-w-0 flex-col agent-turn\">\n<div class=\"flex-col gap-1 md:gap-3\">\n<div class=\"flex max-w-full flex-col flex-grow\">\n<div class=\"min-h-8 text-message flex w-full flex-col items-end gap-2 whitespace-normal break-words [.text-message+&amp;]:mt-5\" dir=\"auto\" data-message-author-role=\"assistant\" data-message-id=\"724384d8-91bc-4ef6-b1f5-fbf4640316a5\" data-message-model-slug=\"gpt-4o\">\n<div class=\"flex w-full flex-col gap-1 empty:hidden first:pt-[3px]\">\n<div class=\"result-streaming markdown prose w-full break-words dark:prose-invert dark\">\n<p>&nbsp;<\/p>\n<blockquote>\n<h3>INCANTO AUTUNNALE SUL GARDELLON ALLA VIGILIA DI UNA NUOVA STAGIONE<\/h3>\n<\/blockquote>\n<div class=\"relative flex h-full w-full overflow-hidden transition-colors z-0\">\n<div class=\"relative flex h-full max-w-full flex-1 flex-col overflow-hidden\">\n<div class=\"composer-parent flex h-full flex-col focus-visible:outline-0\" tabindex=\"0\" role=\"presentation\">\n<div class=\"flex-1 overflow-hidden\">\n<div class=\"h-full\">\n<div class=\"react-scroll-to-bottom--css-iaghl-79elbk h-full\">\n<div class=\"react-scroll-to-bottom--css-iaghl-1n7m0yu\">\n<div class=\"flex flex-col text-sm md:pb-9\">\n<article class=\"w-full scroll-mb-[var(--thread-trailing-height)] text-token-text-primary focus-visible:outline-2 focus-visible:outline-offset-[-4px]\" dir=\"auto\" data-testid=\"conversation-turn-3\" data-scroll-anchor=\"true\">\n<div class=\"m-auto text-base py-[18px] px-3 md:px-4 w-full md:px-5 lg:px-4 xl:px-5\">\n<div class=\"mx-auto flex flex-1 gap-4 text-base md:gap-5 lg:gap-6 md:max-w-3xl lg:max-w-[40rem] xl:max-w-[48rem]\">\n<div class=\"group\/conversation-turn relative flex w-full min-w-0 flex-col agent-turn\">\n<div class=\"flex-col gap-1 md:gap-3\">\n<div class=\"flex max-w-full flex-col flex-grow\">\n<div class=\"min-h-8 text-message flex w-full flex-col items-end gap-2 whitespace-normal break-words [.text-message+&amp;]:mt-5\" dir=\"auto\" data-message-author-role=\"assistant\" data-message-id=\"724384d8-91bc-4ef6-b1f5-fbf4640316a5\" data-message-model-slug=\"gpt-4o\">\n<div class=\"flex w-full flex-col gap-1 empty:hidden first:pt-[3px]\">\n<div class=\"result-streaming markdown prose w-full break-words dark:prose-invert dark\">\n<p><strong><a class=\"dt-pswp-item\" href=\"https:\/\/www.radiopiu.net\/wordpress\/wp-content\/uploads\/2024\/11\/466320601_983797747096311_1780486271163034133_n.jpg\" data-dt-img-description=\"\" data-large_image_width=\"526\" data-large_image_height=\"701\"><img loading=\"lazy\" decoding=\"async\" class=\"size-medium wp-image-419235 alignleft\" src=\"https:\/\/www.radiopiu.net\/wordpress\/wp-content\/uploads\/2024\/11\/466320601_983797747096311_1780486271163034133_n-225x300.jpg\" alt=\"\" width=\"225\" height=\"300\" srcset=\"https:\/\/www.radiopiu.net\/wordpress\/wp-content\/uploads\/2024\/11\/466320601_983797747096311_1780486271163034133_n-225x300.jpg 225w, https:\/\/www.radiopiu.net\/wordpress\/wp-content\/uploads\/2024\/11\/466320601_983797747096311_1780486271163034133_n.jpg 526w\" sizes=\"auto, (max-width: 225px) 100vw, 225px\" \/><\/a>GOSALDO:<\/strong> \u00c8 vero che la stazione \u00e8 chiusa&#8230; ma per pochi giorni perch\u00e9 riaprir\u00e0 per l&#8217;inverno con ambiziosi progetti. Intanto via ai lavori sulle piste da sci per una stagione invernale indimenticabile tra il Bar-Ristorante del Ghegy e l&#8217;incanto del Gardellon.\u00a0 La stazione sciistica di Gosaldo, situata nel cuore delle Dolomiti, ha momentaneamente chiuso le sue porte per l\u2019avvio dei lavori di manutenzione e miglioramento delle piste. Questa pausa strategica \u00e8 solo il preludio a una stagione invernale che si preannuncia entusiasmante, ricca di novit\u00e0 e attivit\u00e0 pensate per gli amanti della montagna. Gli interventi in corso mirano a perfezionare le piste, garantendo un\u2019esperienza sciistica fluida e sicura anche nei punti pi\u00f9 impegnativi. L\u2019obiettivo non \u00e8 solo quello di rinnovare l\u2019infrastruttura, ma di rendere la stazione il punto di riferimento per chi cerca sport, relax e tradizioni alpine. La riapertura prevista per l&#8217;inizio della stagione invernale coincider\u00e0 con l\u2019introduzione di nuovi servizi e attrazioni, ideati per arricchire il soggiorno degli ospiti. Tra questi, il\u00a0 Bar-Ristorante del Ghegy promette di diventare una tappa obbligata per scaldarsi dopo una giornata sugli sci, grazie alla sua calda atmosfera e all&#8217;offerta gastronomica che esalta i sapori locali. Non meno affascinante \u00e8 il Gardellon, l\u2019area scenografica che circonda la stazione e che rappresenta un punto di forza per chi desidera vivere la magia della montagna anche al di fuori delle piste. Le escursioni invernali e le ciaspolate notturne, illuminate dalla luce della luna e delle lanterne, promettono un\u2019esperienza suggestiva, capace di lasciare ricordi indelebili. Gosaldo si prepara quindi a un inverno all\u2019insegna dell\u2019autenticit\u00e0 e dell\u2019innovazione, unendo la bellezza incontaminata del paesaggio dolomitico con la modernit\u00e0 dei servizi. La comunit\u00e0 locale e gli operatori turistici sono pronti ad accogliere i visitatori con un calore che va ben oltre le temperature rigide, offrendo un\u2019esperienza che coniuga sport, cultura e tradizione.<\/p>\n<\/div>\n<\/div>\n<\/div>\n<\/div>\n<\/div>\n<\/div>\n<\/div>\n<\/div>\n<\/article>\n<\/div>\n<\/div>\n<\/div>\n<\/div>\n<\/div>\n<\/div>\n<\/div>\n<\/div>\n<p><strong>\u00a0<\/strong><\/p>\n<\/div>\n<\/div>\n<\/div>\n<\/div>\n<\/div>\n<\/div>\n<\/div>\n<\/div>\n<\/article>\n<\/div>\n<\/div>\n<\/div>\n<\/div>\n<\/div>\n<\/div>\n<p>&nbsp;<\/p>\n<\/div>\n<\/div>\n<p><a class=\"dt-pswp-item\" href=\"https:\/\/www.radiopiu.net\/wordpress\/wp-content\/uploads\/2024\/11\/466409083_982754473867305_507030062714544581_n.jpg\" data-dt-img-description=\"\" data-large_image_width=\"450\" data-large_image_height=\"600\"><img loading=\"lazy\" decoding=\"async\" class=\"alignnone wp-image-419237\" src=\"https:\/\/www.radiopiu.net\/wordpress\/wp-content\/uploads\/2024\/11\/466409083_982754473867305_507030062714544581_n-225x300.jpg\" alt=\"\" width=\"170\" height=\"227\" srcset=\"https:\/\/www.radiopiu.net\/wordpress\/wp-content\/uploads\/2024\/11\/466409083_982754473867305_507030062714544581_n-225x300.jpg 225w, https:\/\/www.radiopiu.net\/wordpress\/wp-content\/uploads\/2024\/11\/466409083_982754473867305_507030062714544581_n.jpg 450w\" sizes=\"auto, (max-width: 170px) 100vw, 170px\" \/><\/a><a class=\"dt-pswp-item\" href=\"https:\/\/www.radiopiu.net\/wordpress\/wp-content\/uploads\/2024\/11\/466342351_982754463867306_8683949109896725859_n.jpg\" data-dt-img-description=\"\" data-large_image_width=\"600\" data-large_image_height=\"450\"><img loading=\"lazy\" decoding=\"async\" class=\"alignnone size-medium wp-image-419236\" src=\"https:\/\/www.radiopiu.net\/wordpress\/wp-content\/uploads\/2024\/11\/466342351_982754463867306_8683949109896725859_n-300x225.jpg\" alt=\"\" width=\"300\" height=\"225\" srcset=\"https:\/\/www.radiopiu.net\/wordpress\/wp-content\/uploads\/2024\/11\/466342351_982754463867306_8683949109896725859_n-300x225.jpg 300w, https:\/\/www.radiopiu.net\/wordpress\/wp-content\/uploads\/2024\/11\/466342351_982754463867306_8683949109896725859_n.jpg 600w\" sizes=\"auto, (max-width: 300px) 100vw, 300px\" \/><\/a><a class=\"dt-pswp-item\" href=\"https:\/\/www.radiopiu.net\/wordpress\/wp-content\/uploads\/2024\/11\/465044006_973485494794203_6097626671329231286_n.jpg\" data-dt-img-description=\"\" data-large_image_width=\"526\" data-large_image_height=\"500\"><img loading=\"lazy\" decoding=\"async\" class=\"alignnone wp-image-419238\" src=\"https:\/\/www.radiopiu.net\/wordpress\/wp-content\/uploads\/2024\/11\/465044006_973485494794203_6097626671329231286_n-300x285.jpg\" alt=\"\" width=\"239\" height=\"227\" srcset=\"https:\/\/www.radiopiu.net\/wordpress\/wp-content\/uploads\/2024\/11\/465044006_973485494794203_6097626671329231286_n-300x285.jpg 300w, https:\/\/www.radiopiu.net\/wordpress\/wp-content\/uploads\/2024\/11\/465044006_973485494794203_6097626671329231286_n.jpg 526w\" sizes=\"auto, (max-width: 239px) 100vw, 239px\" \/><\/a><\/p>\n<hr \/>\n<p>&nbsp;<\/p>\n<p>&nbsp;<\/p>\n<p>&nbsp;<\/p>\n<p>&nbsp;<\/p>\n<p>&nbsp;<\/p>\n<p>&nbsp;<\/p>\n<p>&nbsp;<\/p>\n<p>&nbsp;<\/p>\n<p>&nbsp;<\/p>\n<p>&nbsp;<\/p>\n<p>&nbsp;<\/p>\n<p>&nbsp;<\/p>\n<p>&nbsp;<\/p>\n<div class=\"relative flex h-full w-full overflow-hidden transition-colors z-0\">\n<div class=\"relative flex h-full max-w-full flex-1 flex-col overflow-hidden\">\n<p>&nbsp;<\/p>\n<div class=\"composer-parent flex h-full flex-col focus-visible:outline-0\" tabindex=\"0\" role=\"presentation\">\n<div class=\"md:pt-0 dark:border-white\/20 md:border-transparent md:dark:border-transparent w-full\">\n<div>\n<div class=\"m-auto text-base px-3 md:px-4 w-full md:px-5 lg:px-4 xl:px-5\">\n<div class=\"mx-auto flex flex-1 gap-4 text-base md:gap-5 lg:gap-6 md:max-w-3xl lg:max-w-[40rem] xl:max-w-[48rem]\">\n<form class=\"w-full\" aria-haspopup=\"dialog\" aria-expanded=\"false\" aria-controls=\"radix-:r27:\" data-state=\"closed\">\n<div class=\"relative flex h-full max-w-full flex-1 flex-col\">\n<div class=\"absolute bottom-full left-0 right-0 z-20\"><\/div>\n<div class=\"relative h-0\">\n<div class=\"absolute bottom-3 space-y-2 z-20\"><\/div>\n<\/div>\n<\/div>\n<\/form>\n<\/div>\n<\/div>\n<\/div>\n<\/div>\n<\/div>\n<p>&nbsp;<\/p>\n<\/div>\n<\/div>\n<p>&nbsp;<\/p>\n","protected":false},"excerpt":{"rendered":"<p>** &nbsp; &nbsp; INCANTO AUTUNNALE SUL GARDELLON ALLA VIGILIA DI UNA NUOVA STAGIONE GOSALDO: \u00c8 vero che la stazione \u00e8 chiusa&#8230; ma per pochi giorni perch\u00e9 riaprir\u00e0 per l&#8217;inverno con ambiziosi progetti. Intanto via ai lavori sulle piste da sci per una stagione invernale indimenticabile tra il Bar-Ristorante del Ghegy e l&#8217;incanto del Gardellon.\u00a0 La&hellip;<\/p>\n","protected":false},"author":4,"featured_media":419238,"comment_status":"closed","ping_status":"closed","sticky":false,"template":"","format":"standard","meta":{"_monsterinsights_skip_tracking":false,"_monsterinsights_sitenote_active":false,"_monsterinsights_sitenote_note":"","_monsterinsights_sitenote_category":0,"footnotes":""},"categories":[104,49],"tags":[],"class_list":["post-419234","post","type-post","status-publish","format-standard","has-post-thumbnail","hentry","category-evidenza_3","category-news-18","category-104","category-49","description-off"],"img_url":"https:\/\/www.radiopiu.net\/wordpress\/wp-content\/uploads\/2024\/11\/465044006_973485494794203_6097626671329231286_n.jpg","_links":{"self":[{"href":"https:\/\/www.radiopiu.net\/wordpress\/wp-json\/wp\/v2\/posts\/419234","targetHints":{"allow":["GET"]}}],"collection":[{"href":"https:\/\/www.radiopiu.net\/wordpress\/wp-json\/wp\/v2\/posts"}],"about":[{"href":"https:\/\/www.radiopiu.net\/wordpress\/wp-json\/wp\/v2\/types\/post"}],"author":[{"embeddable":true,"href":"https:\/\/www.radiopiu.net\/wordpress\/wp-json\/wp\/v2\/users\/4"}],"replies":[{"embeddable":true,"href":"https:\/\/www.radiopiu.net\/wordpress\/wp-json\/wp\/v2\/comments?post=419234"}],"version-history":[{"count":4,"href":"https:\/\/www.radiopiu.net\/wordpress\/wp-json\/wp\/v2\/posts\/419234\/revisions"}],"predecessor-version":[{"id":419292,"href":"https:\/\/www.radiopiu.net\/wordpress\/wp-json\/wp\/v2\/posts\/419234\/revisions\/419292"}],"wp:featuredmedia":[{"embeddable":true,"href":"https:\/\/www.radiopiu.net\/wordpress\/wp-json\/wp\/v2\/media\/419238"}],"wp:attachment":[{"href":"https:\/\/www.radiopiu.net\/wordpress\/wp-json\/wp\/v2\/media?parent=419234"}],"wp:term":[{"taxonomy":"category","embeddable":true,"href":"https:\/\/www.radiopiu.net\/wordpress\/wp-json\/wp\/v2\/categories?post=419234"},{"taxonomy":"post_tag","embeddable":true,"href":"https:\/\/www.radiopiu.net\/wordpress\/wp-json\/wp\/v2\/tags?post=419234"}],"curies":[{"name":"wp","href":"https:\/\/api.w.org\/{rel}","templated":true}]}}