{"id":419258,"date":"2024-11-13T05:46:44","date_gmt":"2024-11-13T04:46:44","guid":{"rendered":"https:\/\/www.radiopiu.net\/wordpress\/?p=419258"},"modified":"2024-11-13T08:00:03","modified_gmt":"2024-11-13T07:00:03","slug":"giornale-radiopiu-13-novembre-2024-direttore-mirko-mezzacasada-41-anni-25-giugno-1983-25-giugno-2024","status":"publish","type":"post","link":"https:\/\/www.radiopiu.net\/wordpress\/giornale-radiopiu-13-novembre-2024-direttore-mirko-mezzacasada-41-anni-25-giugno-1983-25-giugno-2024\/","title":{"rendered":"GIORNALE RADIOPIU 13 NOVEMBRE 2024 DIRETTORE MIRKO MEZZACASA\u2026DA 41 ANNI 25 GIUGNO 1983-25 GIUGNO 2024"},"content":{"rendered":"<p>*******<\/p>\n<hr \/>\n<p><em><span style=\"color: #ff0000;\"><a class=\"dt-pswp-item\" href=\"https:\/\/www.radiopiu.net\/wordpress\/wp-content\/uploads\/2024\/10\/Senza-nome-8.png\" data-dt-img-description=\"\" data-large_image_width=\"343\" data-large_image_height=\"303\"><img loading=\"lazy\" decoding=\"async\" class=\"wp-image-412130 alignleft\" src=\"https:\/\/www.radiopiu.net\/wordpress\/wp-content\/uploads\/2024\/10\/Senza-nome-8-300x265.png\" alt=\"\" width=\"105\" height=\"93\" srcset=\"https:\/\/www.radiopiu.net\/wordpress\/wp-content\/uploads\/2024\/10\/Senza-nome-8-300x265.png 300w, https:\/\/www.radiopiu.net\/wordpress\/wp-content\/uploads\/2024\/10\/Senza-nome-8.png 343w\" sizes=\"auto, (max-width: 105px) 100vw, 105px\" \/><\/a><\/span><\/em><strong><em><span style=\"color: #ff0000;\"> LA\u00a0 APP PER IOS-IPHONE di Nicola Vettorello<\/span><\/em><\/strong><\/p>\n<p><strong><span style=\"color: #0000ff;\"><a style=\"color: #0000ff;\" href=\"https:\/\/apps.apple.com\/it\/app\/radio-pi%C3%B9-emittente-agordina\/id1515939845\">https:\/\/apps.apple.com\/it\/app\/radio-pi%C3%B9-emittente-agordina\/id1515939845<\/a><\/span><\/strong><\/p>\n<p><strong><em style=\"color: #ff0000;\">LA\u00a0 APP RADIO\u00a0 PER ANDROID di Nicola Vettorello<\/em><\/strong><\/p>\n<p><strong><span style=\"color: #0000ff;\"><a style=\"color: #0000ff;\" href=\"https:\/\/play.google.com\/store\/apps\/details?id=net.radiopiu.iniko\" target=\"_blank\" rel=\"noopener noreferrer\">https:\/\/<\/a><a style=\"color: #0000ff;\" href=\"https:\/\/play.google.com\/store\/apps\/details?id=net.radiopiu.iniko\" target=\"_blank\" rel=\"noopener noreferrer\">play.google.com\/store\/apps\/details?id=net.radiopiu.iniko\u00a0\u00a0\u00a0<\/a><\/span><\/strong><\/p>\n<p>&nbsp;<\/p>\n<p>&nbsp;<\/p>\n<hr \/>\n<p>&nbsp;<\/p>\n<p>&nbsp;<\/p>\n<p><strong><a class=\"dt-pswp-item\" href=\"https:\/\/www.radiopiu.net\/wordpress\/wp-content\/uploads\/2024\/11\/th-9.jpg\" data-dt-img-description=\"\" data-large_image_width=\"320\" data-large_image_height=\"180\"><img loading=\"lazy\" decoding=\"async\" class=\"size-medium wp-image-419423 alignleft\" src=\"https:\/\/www.radiopiu.net\/wordpress\/wp-content\/uploads\/2024\/11\/th-9-300x169.jpg\" alt=\"\" width=\"300\" height=\"169\" srcset=\"https:\/\/www.radiopiu.net\/wordpress\/wp-content\/uploads\/2024\/11\/th-9-300x169.jpg 300w, https:\/\/www.radiopiu.net\/wordpress\/wp-content\/uploads\/2024\/11\/th-9.jpg 320w\" sizes=\"auto, (max-width: 300px) 100vw, 300px\" \/><\/a>OGGI ALLA RADIO&#8230;.<\/strong> <span style=\"color: #ff0000;\">ALLE 4 E ALLE 6<\/span> LE NOTIZIE DALL&#8217;ITALIA E DAL MONDO <span style=\"color: #ff0000;\"> 0500 <span style=\"color: #0000ff;\"><span style=\"color: #000000;\">l&#8217;almanacco della nostra gente con il MUSLA<\/span>\u00a0<\/span><\/span><span style=\"color: #ff0000;\"> 6.15<\/span> PIROLE DE LENGA A CURA DEL MUSLA <span style=\"color: #ff0000;\">7.20<\/span> EL BAL DEL FIORI, DETTI E TRADIZIONI DI GIULIANA DA RONCH <span style=\"color: #ff0000;\">8.05<\/span> LA RASSEGNA STAMPA LOCALE<span style=\"color: #ff0000;\"> 8.30 <span style=\"color: #000000;\">PIU&#8217; SIAMO CON MARINA DONA&#8217;<\/span><span style=\"color: #000000;\">\u00a0\u00a0<\/span> 900 <span style=\"color: #000000;\">liber con liana cavallet<\/span><span style=\"color: #0000ff;\">\u00a09.30 <span style=\"color: #000000;\">PAOLO SOPPELSA, I RACCONTI DEL LUNEDI ALLA RADIO <\/span><\/span><\/span><span style=\"color: #ff0000;\"><span style=\"color: #000000;\">\u00a0<\/span><\/span><span style=\"color: #ff0000;\">9.40<\/span> VIABILITA&#8217; CON BOTOL CAR SERVICE (AGORDO-SEDICO-FELTRE) 1010 cisl la voce per i lavoratori con Francesco Aliquo, Luxottica Produzione Sedico <span style=\"color: #ff0000;\">10.30 <span style=\"color: #000000;\">se non la smetti ti mando dal preside, con la prof. maria rosa salmazo (FOTO) <span style=\"color: #ff0000;\">11.00<\/span> piu&#8217; musica con Marina Don\u00e0<\/span><\/span><span style=\"color: #ff0000;\"><span style=\"color: #000000;\">\u00a0<\/span>\u00a0 11 20 <span style=\"color: #000000;\">I REMIX<\/span><\/span>\u00a0<span style=\"color: #ff0000;\">11.40<\/span> FESTIVALBAR STORY DI ATHOS DJ DAVID BEN\u00a0 \u00a0 <span style=\"color: #ff0000;\">12.00<\/span> VA TUTTO LISCIO\u00a0 <span style=\"color: #ff0000;\">12.30<\/span> GIORNALE RADIO PRINCIPALE \u00a0\u00a0<span style=\"color: #ff0000;\">13.20<\/span> FOGLIE E CASTAGNE DI MARINA DONA&#8217;\u00a0 <span style=\"color: #ff0000;\">14.00<\/span>\u00a0LA CLASSIFICA UFFICIALE DI RADIOPIU DI MARCO GAZ <span style=\"color: #ff0000;\">15.10<\/span>\u00a0 AMAZING CALENDAR CON MIKY DELLA NEVEGAL TOUR <span style=\"color: #ff0000;\">16<\/span> IL ROCK DI MARCO COSTANTINI\u00a0 <span style=\"color: #ff0000;\">1645<\/span> LE HIT DI MIRCO BENCIVENNI <span style=\"color: #ff0000;\">18.00<\/span> PIU&#8217; DANCE LE SELEZIONI CHE FANNO SALTARE DI DJ JACK, JACOPO DEL TEDESCO <span style=\"color: #ff0000;\">19.00 <span style=\"color: #000000;\">LE ANTICIPAZIONI DAL TG DI ANTENNA 3 DI TIZIANA BOLOGNANI\u00a0<\/span><\/span><\/p>\n<p>&nbsp;<\/p>\n<p><strong>rassegna stampa nazionale,<\/strong> ogni giorno alle 5 e alle 6 del mattino<br \/>\ngiornali locali 7 rassegna stampa flash, 8 rassegna stampa, gr flash alle 10 e alle 11, principale 12.30. Informazione pomeriggio alle 15 (speciale) 16, 17, 18. Giornale radio nazionale: ogni ora dalle 5 del mattino, alle 20 della sera.<\/p>\n<p>&nbsp;<\/p>\n<p>&nbsp;<\/p>\n<hr \/>\n<p>&nbsp;<\/p>\n<div class=\"x11i5rnm xat24cr x1mh8g0r x1vvkbs xtlvy1s x126k92a\">\n<div dir=\"auto\">\n<div dir=\"auto\">\n<p><strong><a class=\"dt-pswp-item\" href=\"https:\/\/www.radiopiu.net\/wordpress\/wp-content\/uploads\/2024\/02\/2d44e751-d8a8-461b-8e22-d8e4e853b032.jpg\" data-dt-img-description=\"\" data-large_image_width=\"1600\" data-large_image_height=\"1200\"><img loading=\"lazy\" decoding=\"async\" class=\"wp-image-373307 alignleft\" src=\"https:\/\/www.radiopiu.net\/wordpress\/wp-content\/uploads\/2024\/02\/2d44e751-d8a8-461b-8e22-d8e4e853b032-300x225.jpg\" alt=\"\" width=\"105\" height=\"79\" srcset=\"https:\/\/www.radiopiu.net\/wordpress\/wp-content\/uploads\/2024\/02\/2d44e751-d8a8-461b-8e22-d8e4e853b032-300x225.jpg 300w, https:\/\/www.radiopiu.net\/wordpress\/wp-content\/uploads\/2024\/02\/2d44e751-d8a8-461b-8e22-d8e4e853b032-1024x768.jpg 1024w, https:\/\/www.radiopiu.net\/wordpress\/wp-content\/uploads\/2024\/02\/2d44e751-d8a8-461b-8e22-d8e4e853b032-768x576.jpg 768w, https:\/\/www.radiopiu.net\/wordpress\/wp-content\/uploads\/2024\/02\/2d44e751-d8a8-461b-8e22-d8e4e853b032-1536x1152.jpg 1536w, https:\/\/www.radiopiu.net\/wordpress\/wp-content\/uploads\/2024\/02\/2d44e751-d8a8-461b-8e22-d8e4e853b032.jpg 1600w\" sizes=\"auto, (max-width: 105px) 100vw, 105px\" \/><\/a>EL BAL DEL FIOR, DI GIULIANA DA RONCH, 13 NOVEMBRE<\/strong><strong>\u00a02024<\/strong><\/p>\n<\/div>\n<\/div>\n<\/div>\n<div><\/div>\n<div>\n<audio class=\"wp-audio-shortcode\" id=\"audio-419258-1\" preload=\"none\" style=\"width: 100%;\" controls=\"controls\"><source type=\"audio\/mpeg\" src=\"https:\/\/www.radiopiu.net\/wordpress\/wp-content\/uploads\/2024\/11\/GME-1.mp3?_=1\" \/><a href=\"https:\/\/www.radiopiu.net\/wordpress\/wp-content\/uploads\/2024\/11\/GME-1.mp3\">https:\/\/www.radiopiu.net\/wordpress\/wp-content\/uploads\/2024\/11\/GME-1.mp3<\/a><\/audio>\n<p>&nbsp;<\/p>\n<\/div>\n<hr \/>\n<p>&nbsp;<\/p>\n<div class=\"x11i5rnm xat24cr x1mh8g0r x1vvkbs xtlvy1s x126k92a\">\n<h1><span style=\"color: #ff0000;\"><a class=\"dt-pswp-item\" href=\"https:\/\/www.radiopiu.net\/wordpress\/wp-content\/uploads\/2024\/06\/th-5.jpg\" data-dt-img-description=\"\" data-large_image_width=\"326\" data-large_image_height=\"180\"><img loading=\"lazy\" decoding=\"async\" class=\"size-medium wp-image-395881 alignleft\" src=\"https:\/\/www.radiopiu.net\/wordpress\/wp-content\/uploads\/2024\/06\/th-5-300x166.jpg\" alt=\"\" width=\"300\" height=\"166\" srcset=\"https:\/\/www.radiopiu.net\/wordpress\/wp-content\/uploads\/2024\/06\/th-5-300x166.jpg 300w, https:\/\/www.radiopiu.net\/wordpress\/wp-content\/uploads\/2024\/06\/th-5.jpg 326w\" sizes=\"auto, (max-width: 300px) 100vw, 300px\" \/><\/a><\/span><\/h1>\n<h1><\/h1>\n<h1><\/h1>\n<h1><span style=\"color: #000000;\">13 NOVEMBRE&#8230; alla radio l&#8217;almanacco\u00a0<\/span><\/h1>\n<p>&nbsp;<\/p>\n<audio class=\"wp-audio-shortcode\" id=\"audio-419258-2\" preload=\"none\" style=\"width: 100%;\" controls=\"controls\"><source type=\"audio\/mpeg\" src=\"https:\/\/www.radiopiu.net\/wordpress\/wp-content\/uploads\/2024\/11\/ALMANACCONEW-9.mp3?_=2\" \/><a href=\"https:\/\/www.radiopiu.net\/wordpress\/wp-content\/uploads\/2024\/11\/ALMANACCONEW-9.mp3\">https:\/\/www.radiopiu.net\/wordpress\/wp-content\/uploads\/2024\/11\/ALMANACCONEW-9.mp3<\/a><\/audio>\n<p>&nbsp;<\/p>\n<p>&nbsp;<\/p>\n<hr \/>\n<p>&nbsp;<\/p>\n<p>&nbsp;<\/p>\n<blockquote>\n<h1><strong><a class=\"dt-pswp-item\" href=\"https:\/\/www.radiopiu.net\/wordpress\/wp-content\/uploads\/2024\/10\/629301fd-708d-4f53-95c2-d28cbefd500f.jpg\" data-dt-img-description=\"\" data-large_image_width=\"1600\" data-large_image_height=\"1322\"><img loading=\"lazy\" decoding=\"async\" class=\"wp-image-413782 alignleft\" src=\"https:\/\/www.radiopiu.net\/wordpress\/wp-content\/uploads\/2024\/10\/629301fd-708d-4f53-95c2-d28cbefd500f-300x248.jpg\" alt=\"\" width=\"186\" height=\"154\" srcset=\"https:\/\/www.radiopiu.net\/wordpress\/wp-content\/uploads\/2024\/10\/629301fd-708d-4f53-95c2-d28cbefd500f-300x248.jpg 300w, https:\/\/www.radiopiu.net\/wordpress\/wp-content\/uploads\/2024\/10\/629301fd-708d-4f53-95c2-d28cbefd500f-1024x846.jpg 1024w, https:\/\/www.radiopiu.net\/wordpress\/wp-content\/uploads\/2024\/10\/629301fd-708d-4f53-95c2-d28cbefd500f-768x635.jpg 768w, https:\/\/www.radiopiu.net\/wordpress\/wp-content\/uploads\/2024\/10\/629301fd-708d-4f53-95c2-d28cbefd500f-1536x1269.jpg 1536w, https:\/\/www.radiopiu.net\/wordpress\/wp-content\/uploads\/2024\/10\/629301fd-708d-4f53-95c2-d28cbefd500f.jpg 1600w\" sizes=\"auto, (max-width: 186px) 100vw, 186px\" \/><\/a>N di parom &#8211; L Almanach de la nosta jent<\/strong><\/h1>\n<\/blockquote>\n<p>Le voci: Davide Conedera, Agordo, Michela Dell&#8217;Osbel, La Valle Agordina Simone Ganz, Falcade Veronica Lezuo, Colle Santa Lucia. La voce nella sigla \u00e8 di Giorgia Taio<\/p>\n<p><strong>LA PUNTATA DI OGGI, 13 NOVEMBRE<\/strong><\/p>\n<audio class=\"wp-audio-shortcode\" id=\"audio-419258-3\" preload=\"none\" style=\"width: 100%;\" controls=\"controls\"><source type=\"audio\/mpeg\" src=\"https:\/\/www.radiopiu.net\/wordpress\/wp-content\/uploads\/2024\/11\/AL3-1.mp3?_=3\" \/><a href=\"https:\/\/www.radiopiu.net\/wordpress\/wp-content\/uploads\/2024\/11\/AL3-1.mp3\">https:\/\/www.radiopiu.net\/wordpress\/wp-content\/uploads\/2024\/11\/AL3-1.mp3<\/a><\/audio>\n<\/div>\n<div class=\"x11i5rnm xat24cr x1mh8g0r x1vvkbs xtlvy1s x126k92a\">\n<p>&nbsp;<\/p>\n<p>&nbsp;<\/p>\n<div dir=\"auto\">\n<hr \/>\n<\/div>\n<\/div>\n<blockquote>\n<blockquote>\n<h1><span style=\"color: #ff0000;\">\u00a0<\/span><\/h1>\n<h1><span style=\"color: #ff0000;\">I podcast informativi del mattino &#8211; audio &#8211;\u00a0\u00a0<\/span><\/h1>\n<\/blockquote>\n<p><strong><a class=\"dt-pswp-item\" href=\"https:\/\/www.radiopiu.net\/wordpress\/wp-content\/uploads\/2024\/11\/6.jpg\" data-dt-img-description=\"\" data-large_image_width=\"177\" data-large_image_height=\"180\"><img loading=\"lazy\" decoding=\"async\" class=\"size-full wp-image-417911 alignleft\" src=\"https:\/\/www.radiopiu.net\/wordpress\/wp-content\/uploads\/2024\/11\/6.jpg\" alt=\"\" width=\"177\" height=\"180\" \/><\/a>LA RASSEGNA STAMPA NAZIONALE ALLA RADIO, OGNI GIORNO ALLE 5 E ALLE 6 DEL MATTINO <span style=\"color: #0000ff;\">viene pubblicata alle 6.00 <span style=\"color: #ff0000;\">DIRETTA RADIO\u00a0 \u00a0\u00a0<\/span><\/span><\/strong><\/p><\/blockquote>\n<p>&nbsp;<\/p>\n<p><strong>NOTIZIE DELLA NOTTE<\/strong><\/p>\n<p><strong>Ucraina,<\/strong> Usa: nordcoreani stanno combattendo insieme ai russi <strong>Borsa:<\/strong> Hong Kong negativa, a -0,97% in avvio <strong>Trump<\/strong> nomina Musk capo del Dipartimento efficienza governativa <strong>Usa,<\/strong> Trump nomina a sorpresa Pete Hegseth capo del Pentagono <strong>Borsa<\/strong>: Tokyo, apertura in lieve ribasso (-0,18%) <strong>Trump<\/strong> nomina come capo della Cia John Ratcliffe <strong>15 anni all&#8217;aviere<\/strong> Usa che diffuse informazioni top secret <strong>Smeraldo<\/strong> dell&#8217;Aga Khan da record, all&#8217;asta per 9 milioni dollari<\/p>\n<h2>AUDIO dalle 6 del mattino<\/h2>\n<audio class=\"wp-audio-shortcode\" id=\"audio-419258-4\" preload=\"none\" style=\"width: 100%;\" controls=\"controls\"><source type=\"audio\/mpeg\" src=\"https:\/\/www.radiopiu.net\/wordpress\/wp-content\/uploads\/2024\/11\/GIORNALEDELLESEI-7.mp3?_=4\" \/><a href=\"https:\/\/www.radiopiu.net\/wordpress\/wp-content\/uploads\/2024\/11\/GIORNALEDELLESEI-7.mp3\">https:\/\/www.radiopiu.net\/wordpress\/wp-content\/uploads\/2024\/11\/GIORNALEDELLESEI-7.mp3<\/a><\/audio>\n<p>&nbsp;<\/p>\n<p>&nbsp;<\/p>\n<p>&nbsp;<\/p>\n<hr \/>\n<p>&nbsp;<\/p>\n<h1 style=\"text-align: center;\"><span style=\"color: #ff0000;\"><a class=\"dt-pswp-item\" href=\"https:\/\/www.radiopiu.net\/wordpress\/wp-content\/uploads\/2024\/11\/7.jpg\" data-dt-img-description=\"\" data-large_image_width=\"180\" data-large_image_height=\"180\"><img loading=\"lazy\" decoding=\"async\" class=\"size-full wp-image-417912 alignleft\" src=\"https:\/\/www.radiopiu.net\/wordpress\/wp-content\/uploads\/2024\/11\/7.jpg\" alt=\"\" width=\"180\" height=\"180\" srcset=\"https:\/\/www.radiopiu.net\/wordpress\/wp-content\/uploads\/2024\/11\/7.jpg 180w, https:\/\/www.radiopiu.net\/wordpress\/wp-content\/uploads\/2024\/11\/7-150x150.jpg 150w\" sizes=\"auto, (max-width: 180px) 100vw, 180px\" \/><\/a>I podcast informativi del mattino &#8211; audio &#8211;\u00a0<\/span><\/h1>\n<p><strong>OGNI GIORNO ALLE SETTE DEL MATTINO, LA RASSEGNA STAMPA LOCALE FLASH&#8230; PER CHI VA IN FRETTA. I TITOLI DAI GIORNALI E DAL SITO WWW.RADIOPIU.NET <span style=\"color: #0000ff;\">viene pubblicato alle 7.00<\/span> <span style=\"color: #ff0000;\">DIRETTA RADIO\u00a0<\/span><\/strong><\/p>\n<p><em><span style=\"color: #ff0000;\">per chi va in fretta&#8230; tante notizie in pochi minuti. L&#8217;informazione locale alla radio, ogni ora dalle 7 del mattino alle 19 della sera.<\/span><\/em><\/p>\n<h1><\/h1>\n<h1>AUDIO dalle 7 del mattino<\/h1>\n<audio class=\"wp-audio-shortcode\" id=\"audio-419258-5\" preload=\"none\" style=\"width: 100%;\" controls=\"controls\"><source type=\"audio\/mpeg\" src=\"https:\/\/www.radiopiu.net\/wordpress\/wp-content\/uploads\/2024\/11\/GF07-9.mp3?_=5\" \/><a href=\"https:\/\/www.radiopiu.net\/wordpress\/wp-content\/uploads\/2024\/11\/GF07-9.mp3\">https:\/\/www.radiopiu.net\/wordpress\/wp-content\/uploads\/2024\/11\/GF07-9.mp3<\/a><\/audio>\n<p>&nbsp;<\/p>\n<p>&nbsp;<\/p>\n<p>&nbsp;<\/p>\n<hr \/>\n<p>&nbsp;<\/p>\n<h1><\/h1>\n<h1 style=\"text-align: center;\"><span style=\"color: #ff0000;\"><a class=\"dt-pswp-item\" href=\"https:\/\/www.radiopiu.net\/wordpress\/wp-content\/uploads\/2024\/11\/th.jpg\" data-dt-img-description=\"\" data-large_image_width=\"148\" data-large_image_height=\"179\"><img loading=\"lazy\" decoding=\"async\" class=\"size-full wp-image-417913 alignleft\" src=\"https:\/\/www.radiopiu.net\/wordpress\/wp-content\/uploads\/2024\/11\/th.jpg\" alt=\"\" width=\"148\" height=\"179\" \/><\/a>I podcast informativi del mattino &#8211; audio &#8211;\u00a0<\/span><\/h1>\n<blockquote><p><strong>GIORNALE RADIO NAZIONALE, EDIZIONE DELLE SETTE <span style=\"color: #0000ff;\">viene pubblicato alle 7.05 <span style=\"color: #ff0000;\">DIRETTA RADIO\u00a0<\/span><\/span><\/strong><\/p><\/blockquote>\n<p><strong>il giornale radionazionale e&#8217; in onda ogni ora, dalle sette del mattino alle venti della sera\u00a0 \u00a0<\/strong><strong>\u00a0<\/strong><\/p>\n<p><strong>Scende dal bus e viene travolta<\/strong>,15enne muore in ospedale Stava tornando a casa nel Mantovano dopo scuola <strong>La nomina<\/strong> Il Cdm nomina Luongo nuovo comandante dei Carabinieri <strong>Corruzione Tangenti<\/strong> per appalti nella sanit\u00e0, 10 arresti a Bari. &#8216;Sono tutta decorata Cartier, Vuitton, Hermes&#8217; <strong>Il caso<\/strong> Muore dopo intervento rinoplastica, pm avvia indagine a Roma <strong>La nipote di Messina Denaro<\/strong> lascia la toga per il ministero L&#8217;avvocata Lorenza Guttadauro vince concorso al Miur e va a Roma <strong>&#8216;Ren\u00e0 non mi lasciare&#8217;<\/strong>, le ultime parole del 18enne ucciso Resta in carcere il 19enne indagato, \u00e8 accusato di omicidio colposo per la morte di Arcangelo Correra <strong>Si finge prete<\/strong> e chiede un prestito alle poste a Roma In manette un 61enne romano, esibiva una patente rubata ad un alto prelato <strong>Gruber derubata<\/strong> a Villa Borghese a Roma mentre fa\u00a0 ginnastica Sparito il borsello con chiavi e telefono, indaga la polizia <strong>Controlli Nas<\/strong> nelle mense scolastiche, irregolari 1 su 4 Pasti carenti , trovati anche insetti e escrementi di roditori <strong>Viminale:<\/strong> un piano contro la violenza giovanile a Napoli Riunione in Prefettura, operazioni nella movida e telecamere<\/p>\n<p><span style=\"color: #ff0000;\"><span style=\"color: #0000ff;\">CRONACA<\/span> EDIZIONE DELLA SERA , DEL 11 NOVEMBRE 2024 EDIZIONE DI IERI, 20.00<\/span><\/p>\n<audio class=\"wp-audio-shortcode\" id=\"audio-419258-6\" preload=\"none\" style=\"width: 100%;\" controls=\"controls\"><source type=\"audio\/mpeg\" src=\"https:\/\/www.radiopiu.net\/wordpress\/wp-content\/uploads\/2024\/11\/giornale07-18.mp3?_=6\" \/><a href=\"https:\/\/www.radiopiu.net\/wordpress\/wp-content\/uploads\/2024\/11\/giornale07-18.mp3\">https:\/\/www.radiopiu.net\/wordpress\/wp-content\/uploads\/2024\/11\/giornale07-18.mp3<\/a><\/audio>\n<p>&nbsp;<\/p>\n<p><span style=\"color: #ff0000;\"><span style=\"color: #0000ff;\">SPORT<\/span> EDIZIONE DELLE 19, DEL 11 NOVEMBRE 2024, LO SPORT EDIZIONE DI IERI<\/span><\/p>\n<audio class=\"wp-audio-shortcode\" id=\"audio-419258-7\" preload=\"none\" style=\"width: 100%;\" controls=\"controls\"><source type=\"audio\/mpeg\" src=\"https:\/\/www.radiopiu.net\/wordpress\/wp-content\/uploads\/2024\/11\/gr-sport-9.mp3?_=7\" \/><a href=\"https:\/\/www.radiopiu.net\/wordpress\/wp-content\/uploads\/2024\/11\/gr-sport-9.mp3\">https:\/\/www.radiopiu.net\/wordpress\/wp-content\/uploads\/2024\/11\/gr-sport-9.mp3<\/a><\/audio>\n<h2><\/h2>\n<h2><span style=\"color: #ff0000;\"><span style=\"color: #000000;\">ULTIM&#8217;ORA\u00a0<\/span> AUDIO dalle sette del mattino,<br \/>\n<span style=\"color: #339966;\"><strong>ogni ora alla radio EDIZIONE DELLE SETTE<\/strong><\/span><\/span><\/h2>\n<audio class=\"wp-audio-shortcode\" id=\"audio-419258-8\" preload=\"none\" style=\"width: 100%;\" controls=\"controls\"><source type=\"audio\/mpeg\" src=\"https:\/\/www.radiopiu.net\/wordpress\/wp-content\/uploads\/2024\/11\/giornale07-19.mp3?_=8\" \/><a href=\"https:\/\/www.radiopiu.net\/wordpress\/wp-content\/uploads\/2024\/11\/giornale07-19.mp3\">https:\/\/www.radiopiu.net\/wordpress\/wp-content\/uploads\/2024\/11\/giornale07-19.mp3<\/a><\/audio>\n<p>&nbsp;<\/p>\n<p>&nbsp;<\/p>\n<hr \/>\n<p>&nbsp;<\/p>\n<p>&nbsp;<\/p>\n<h1><span style=\"color: #ff0000;\"><a class=\"dt-pswp-item\" href=\"https:\/\/www.radiopiu.net\/wordpress\/wp-content\/uploads\/2024\/11\/8.jpg\" data-dt-img-description=\"\" data-large_image_width=\"180\" data-large_image_height=\"180\"><img loading=\"lazy\" decoding=\"async\" class=\"size-full wp-image-417910 alignleft\" src=\"https:\/\/www.radiopiu.net\/wordpress\/wp-content\/uploads\/2024\/11\/8.jpg\" alt=\"\" width=\"180\" height=\"180\" srcset=\"https:\/\/www.radiopiu.net\/wordpress\/wp-content\/uploads\/2024\/11\/8.jpg 180w, https:\/\/www.radiopiu.net\/wordpress\/wp-content\/uploads\/2024\/11\/8-150x150.jpg 150w\" sizes=\"auto, (max-width: 180px) 100vw, 180px\" \/><\/a>I podcast informativi del mattino &#8211; video &#8211;\u00a0<\/span><\/h1>\n<h2 style=\"text-align: left;\"><strong>RASSEGNA STAMPA LOCALE, ORE OTTO 05<\/strong><\/h2>\n<h2><strong> <span style=\"color: #0000ff;\">viene\u00a0 <\/span><\/strong><strong><span style=\"color: #0000ff;\">pubblicata alle 8.05 <span style=\"color: #ff0000;\">DIRETTA RADIO\u00a0 \u00a0<\/span><\/span><\/strong><strong>DI MIRKO MEZZACASA<\/strong><\/h2>\n<h2><span style=\"color: #ff0000;\"><strong>\u00a0<\/strong><\/span><\/h2>\n<h2><span style=\"color: #ff0000;\"><strong>\u00a0<\/strong><\/span><\/h2>\n<h1><span style=\"color: #ff0000;\"><strong>VIDEO\u00a0 \u00a0in diretta dalle 8 del mattino\u00a0 \u00a0per ASCOLTARE <\/strong><\/span><\/h1>\n<blockquote>\n<h1 style=\"text-align: center;\"><span style=\"color: #0000ff;\"><a style=\"color: #0000ff;\" href=\"https:\/\/www.facebook.com\/radiopiu\/videos\/1496867505037536\">CLICCA QUI<\/a><\/span><\/h1>\n<\/blockquote>\n<p><a class=\"dt-pswp-item\" href=\"https:\/\/www.radiopiu.net\/wordpress\/wp-content\/uploads\/2024\/11\/coop1-1.png\" data-dt-img-description=\"\" data-large_image_width=\"602\" data-large_image_height=\"375\">\u00a0<\/a><\/p>\n<p><a class=\"dt-pswp-item\" href=\"https:\/\/www.radiopiu.net\/wordpress\/wp-content\/uploads\/2024\/11\/coop2-5.png\" data-dt-img-description=\"\" data-large_image_width=\"514\" data-large_image_height=\"355\"><img loading=\"lazy\" decoding=\"async\" class=\"alignnone wp-image-419441\" src=\"https:\/\/www.radiopiu.net\/wordpress\/wp-content\/uploads\/2024\/11\/coop2-5-300x207.png\" alt=\"\" width=\"255\" height=\"176\" srcset=\"https:\/\/www.radiopiu.net\/wordpress\/wp-content\/uploads\/2024\/11\/coop2-5-300x207.png 300w, https:\/\/www.radiopiu.net\/wordpress\/wp-content\/uploads\/2024\/11\/coop2-5.png 514w\" sizes=\"auto, (max-width: 255px) 100vw, 255px\" \/><\/a><a class=\"dt-pswp-item\" href=\"https:\/\/www.radiopiu.net\/wordpress\/wp-content\/uploads\/2024\/11\/coop3-2.png\" data-dt-img-description=\"\" data-large_image_width=\"487\" data-large_image_height=\"296\"><img loading=\"lazy\" decoding=\"async\" class=\"alignnone wp-image-419440\" src=\"https:\/\/www.radiopiu.net\/wordpress\/wp-content\/uploads\/2024\/11\/coop3-2-300x182.png\" alt=\"\" width=\"288\" height=\"175\" srcset=\"https:\/\/www.radiopiu.net\/wordpress\/wp-content\/uploads\/2024\/11\/coop3-2-300x182.png 300w, https:\/\/www.radiopiu.net\/wordpress\/wp-content\/uploads\/2024\/11\/coop3-2.png 487w\" sizes=\"auto, (max-width: 288px) 100vw, 288px\" \/><\/a><a class=\"dt-pswp-item\" href=\"https:\/\/www.radiopiu.net\/wordpress\/wp-content\/uploads\/2024\/11\/coop1-5.png\" data-dt-img-description=\"\" data-large_image_width=\"638\" data-large_image_height=\"333\"><img loading=\"lazy\" decoding=\"async\" class=\"alignnone wp-image-419442\" src=\"https:\/\/www.radiopiu.net\/wordpress\/wp-content\/uploads\/2024\/11\/coop1-5-300x157.png\" alt=\"\" width=\"344\" height=\"180\" srcset=\"https:\/\/www.radiopiu.net\/wordpress\/wp-content\/uploads\/2024\/11\/coop1-5-300x157.png 300w, https:\/\/www.radiopiu.net\/wordpress\/wp-content\/uploads\/2024\/11\/coop1-5.png 638w\" sizes=\"auto, (max-width: 344px) 100vw, 344px\" \/>\u00a0<\/a><\/p>\n<p>&nbsp;<\/p>\n<hr \/>\n<p>&nbsp;<\/p>\n<p>&nbsp;<\/p>\n<p><strong><a class=\"dt-pswp-item\" href=\"https:\/\/www.radiopiu.net\/wordpress\/wp-content\/uploads\/2023\/12\/ANTENNA.png\" data-dt-img-description=\"\" data-large_image_width=\"300\" data-large_image_height=\"166\"><img loading=\"lazy\" decoding=\"async\" class=\" wp-image-366306 alignleft\" src=\"https:\/\/www.radiopiu.net\/wordpress\/wp-content\/uploads\/2023\/12\/ANTENNA.png\" alt=\"\" width=\"175\" height=\"97\" \/><\/a>ogni sera alle 19 le anticipazioni alla radio, quello che poi seguirete nel TELEGIORNALE BELLUNESE\u00a0 in onda alle 19.30 sul CANALE 10 del digitale terrestre.\u00a0\u00a0<\/strong><\/p>\n<p><strong>LE ANTICIPAZIONI DAL TG DI ANTENNA 3 DI TIZIANA BOLOGNANI<\/strong><\/p>\n<audio class=\"wp-audio-shortcode\" id=\"audio-419258-9\" preload=\"none\" style=\"width: 100%;\" controls=\"controls\"><source type=\"audio\/mpeg\" src=\"https:\/\/www.radiopiu.net\/wordpress\/wp-content\/uploads\/2024\/11\/ANTENNA3-8.mp3?_=9\" \/><a href=\"https:\/\/www.radiopiu.net\/wordpress\/wp-content\/uploads\/2024\/11\/ANTENNA3-8.mp3\">https:\/\/www.radiopiu.net\/wordpress\/wp-content\/uploads\/2024\/11\/ANTENNA3-8.mp3<\/a><\/audio>\n<p>&nbsp;<\/p>\n<p>&nbsp;<\/p>\n<p>&nbsp;<\/p>\n<hr \/>\n<p>&nbsp;<\/p>\n<blockquote>\n<h2>Paura e Precauzioni all&#8217;Iti Segato: Crolla un Finestrone in Aula Informatica<\/h2>\n<\/blockquote>\n<p><strong>BELLUNO<\/strong><\/p>\n<p data-pm-slice=\"1 1 []\"><img loading=\"lazy\" decoding=\"async\" class=\"alignleft\" src=\"https:\/\/www.radiopiu.net\/wordpress\/wp-content\/uploads\/2022\/02\/ITIS-SEGATO.png\" width=\"233\" height=\"180\" \/>Sabato mattina all&#8217;Iti Segato di piazza Piloni si \u00e8 sfiorata la tragedia: un finestrone del laboratorio di <a class=\"dt-pswp-item\" href=\"https:\/\/www.radiopiu.net\/wordpress\/wp-content\/uploads\/2024\/11\/Senza-nome-60.png\" data-dt-img-description=\"\" data-large_image_width=\"356\" data-large_image_height=\"255\"><img loading=\"lazy\" decoding=\"async\" class=\"size-medium wp-image-419450 alignright\" src=\"https:\/\/www.radiopiu.net\/wordpress\/wp-content\/uploads\/2024\/11\/Senza-nome-60-300x215.png\" alt=\"\" width=\"300\" height=\"215\" srcset=\"https:\/\/www.radiopiu.net\/wordpress\/wp-content\/uploads\/2024\/11\/Senza-nome-60-300x215.png 300w, https:\/\/www.radiopiu.net\/wordpress\/wp-content\/uploads\/2024\/11\/Senza-nome-60.png 356w\" sizes=\"auto, (max-width: 300px) 100vw, 300px\" \/><\/a>informatica \u00e8 improvvisamente crollato all&#8217;interno dell&#8217;aula, schiantandosi sui banchi. L&#8217;infisso, alto pi\u00f9 di un metro e dal peso di oltre 70 chili, ha ceduto fortunatamente quando la stanza era vuota, evitando possibili conseguenze drammatiche per studenti e personale.<\/p>\n<p>Il forte boato ha scosso gli studenti delle classi vicine, causando momenti di paura e apprensione. Immediatamente, il personale addetto alla sicurezza \u00e8 intervenuto per verificare la situazione, seguito poco dopo dal tecnico reperibile dello Spisal, chiamato per accertamenti pi\u00f9 approfonditi.<\/p>\n<p>I tecnici della Provincia hanno effettuato un sopralluogo e, vista la pericolosit\u00e0, hanno deciso di chiudere tutti gli infissi della stessa tipologia fino a nuova verifica. Il Servizio di prevenzione infortuni dell&#8217;Ulss ha confermato la decisione, proseguendo le verifiche tecniche necessarie.<\/p>\n<p>L&#8217;episodio ha messo in evidenza la necessit\u00e0 di un controllo immediato e accurato delle strutture scolastiche per garantire la sicurezza di studenti e personale.<\/p>\n<p><strong>FOTO COPERTINA ARCHIVIO&#8230; IL SEGATO PRIMA DELLA DEMOLIZIONE RICOSTRUZIONE&#8230; IN CORSO<\/strong><\/p>\n<p>&nbsp;<\/p>\n<hr \/>\n<p>&nbsp;<\/p>\n<blockquote>\n<h2><img loading=\"lazy\" decoding=\"async\" class=\"alignleft\" src=\"https:\/\/www.radiopiu.net\/wordpress\/wp-content\/uploads\/2024\/11\/cc16011f-2b85-4695-814f-125cde728954.jpg\" width=\"390\" height=\"175\" \/>LIVINALLONGO, CHRISTIAN SEMPRE IN PROGNOSI RISERVATA. DON ANDREA \u00abRagazzi, amate e rispettate la vita\u00bb<\/h2>\n<\/blockquote>\n<p><strong>LIVINALLONGO<\/strong> Christian \u00a0\u00e8 ancora in prognosi riservata all&#8217;ospedale Santa Chiara di Trento, dove \u00e8 stato portato in elicottero e sottoposto ad un delicato intervento per i pesantissimi traumi riportati alla testa quando la Polo, con altri due minorenni a bordo,\u00a0 \u00e8 finita fuori strada e si \u00e8 schiantata contro un albero.<\/p>\n<p><strong>\u00abRagazzi, amate e rispettate la vita\u00bb<\/strong><\/p>\n<p>Don Andrea Constantini, parroco di Livinallongo, ha lanciato un commovente appello durante la veglia di preghiera per Christian gravemente ferito in un incidente automobilistico. La comunit\u00e0 si \u00e8 unita in preghiera, confortando la famiglia del ragazzo e riflettendo sulle drammatiche conseguenze della bravata. Don Andrea ha invitato i giovani a rispettare la vita, sottolineando quanto siano preziosi per la piccola comunit\u00e0.<\/p>\n<p>&nbsp;<\/p>\n<p>&nbsp;<\/p>\n<p>&nbsp;<\/p>\n<hr \/>\n<p>&nbsp;<\/p>\n<blockquote><p><strong><a class=\"dt-pswp-item\" href=\"https:\/\/www.radiopiu.net\/wordpress\/wp-content\/uploads\/2021\/10\/download-3.jpg\" data-dt-img-description=\"\" data-large_image_width=\"259\" data-large_image_height=\"194\"><img loading=\"lazy\" decoding=\"async\" class=\"wp-image-240062 alignleft\" src=\"https:\/\/www.radiopiu.net\/wordpress\/wp-content\/uploads\/2021\/10\/download-3.jpg\" alt=\"\" width=\"146\" height=\"109\" \/><\/a>Fonzaso, migliorano le condizioni dell&#8217;operaio ferito<\/strong><\/p><\/blockquote>\n<p>Migliorano le condizioni dell&#8217;operaio 45enne rimasto ferito luned\u00ec in un incidente sul lavoro presso la Spicam di Fonzaso. L&#8217;uomo, trasportato in elicottero a Treviso e operato d&#8217;urgenza per lesioni a un arto, sta rispondendo positivamente alle terapie e non \u00e8 in pericolo di vita. L&#8217;infortunio \u00e8 avvenuto durante l&#8217;uso di un tornio, attivando il protocollo di emergenza e l&#8217;intervento del 118, che ha stabilizzato il paziente prima del trasporto aereo.<\/p>\n<p>&nbsp;<\/p>\n<hr \/>\n<p>&nbsp;<\/p>\n<p><strong>OGGI LA GIUDIZIARIA<\/strong><br \/>\n<strong>GIGI SOSSO, SINTESI CORRIERE ALPI<\/strong><\/p>\n<blockquote>\n<p data-pm-slice=\"1 1 []\"><strong>Appartamenti svaligiati, indagini in corso<\/strong><\/p>\n<\/blockquote>\n<p><strong>BELLUNO<\/strong> Appartamenti svaligiati in pieno giorno a Belluno tra via Simon da Cusighe e via Mondin, con bottini di grande valore. A Bassano del Grappa, un altro tentativo di furto ha portato all\u2019identificazione di due sospette:\u00a0 La polizia, con il supporto della Scientifica, ha smascherato le due\u00a0 donne attraverso leggi targhe, videosorveglianza, Gps e pedinamenti. S e B, riprese dalle telecamere il 9 aprile 2021, avrebbero sottratto gioielli e contanti per 15 mila euro da un appartamento vuoto. Un\u2019altra abitazione, svaligiata mezz\u2019ora dopo, ha visto sparire oggetti preziosi mentre la proprietaria era in dialisi. Le indagini proseguiranno con nuove udienze e sentenza nel 2025.<\/p>\n<blockquote><p><strong>Minaccia e spaccio: il caso Brustolin<\/strong><\/p><\/blockquote>\n<p><strong>FELTRE<\/strong> JMB \u00e8 accusato di detenzione e spaccio di droga, minacce aggravate e violazione di domicilio. Tra settembre 2019 e gennaio 2021, avrebbe ceduto cocaina e hashish a vari consumatori. Un episodio rilevante riguarda la minaccia a un cliente marocchino, con danneggiamento dell&#8217;auto e messaggi intimidatori come \u201cti smonto come un Lego\u201d. L&#8217;indagine si basa su intercettazioni, confermate da una perizia chiara della consulente Rosa Sansone. Il processo proseguir\u00e0 a luglio prossimo.<\/p>\n<blockquote><p><strong>Truffati ritirano le querele, processo archiviato<\/strong><\/p><\/blockquote>\n<p><strong>PONTE NELLE ALPI<\/strong> Sono stati prosciolti in tribunale senza che il processo iniziasse. Le vittime, un uomo e una donna, pur arrabbiati per le truffe subite \u2013 420 euro per l&#8217;acquisto di un&#8217;inchiodatrice e 700 euro per una console mai ricevuta \u2013 hanno ritirato le querele, rendendo impossibile la prosecuzione legale. Gli avvocati difensori Enrico Gandin e Marco Cason si sono uniti alla richiesta di archiviazione del pubblico ministero Giuseppe Gulli.<\/p>\n<blockquote><p><strong>Un milione di dollari di cauzione per il 17enne accusato dell&#8217;omicidio di Paolo Tescari<\/strong><\/p><\/blockquote>\n<p><strong>VALLE DI CADORE <\/strong>Un diciasettenne \u00e8 stato arrestato con un milione di dollari di cauzione per l&#8217;omicidio di Paolo Tescari, un italoamericano ucciso a Temple, Texas. Il delitto \u00e8 avvenuto dopo una discussione per una sigaretta. Il giovane ha confessato, ma non ha mostrato pentimento. La polizia ha trovato l&#8217;arma e i bossoli nel veicolo del ragazzo. Tescari, originario del Veneto, viveva in povert\u00e0 e riceveva assistenza da un&#8217;associazione locale.<\/p>\n<p>&nbsp;<\/p>\n<hr \/>\n<p>&nbsp;<\/p>\n<p>&nbsp;<\/p>\n<p><strong><a class=\"dt-pswp-item\" href=\"https:\/\/www.radiopiu.net\/wordpress\/wp-content\/uploads\/2024\/11\/NASS.png\" data-dt-img-description=\"\" data-large_image_width=\"817\" data-large_image_height=\"464\"><img loading=\"lazy\" decoding=\"async\" class=\"size-medium wp-image-419433 alignleft\" src=\"https:\/\/www.radiopiu.net\/wordpress\/wp-content\/uploads\/2024\/11\/NASS-300x170.png\" alt=\"\" width=\"300\" height=\"170\" srcset=\"https:\/\/www.radiopiu.net\/wordpress\/wp-content\/uploads\/2024\/11\/NASS-300x170.png 300w, https:\/\/www.radiopiu.net\/wordpress\/wp-content\/uploads\/2024\/11\/NASS-768x436.png 768w, https:\/\/www.radiopiu.net\/wordpress\/wp-content\/uploads\/2024\/11\/NASS.png 817w\" sizes=\"auto, (max-width: 300px) 100vw, 300px\" \/><\/a>PER NON DIMENTICARE&#8230;<\/strong><\/p>\n<p data-pm-slice=\"1 1 []\"><strong>Cerimonie in Ricordo dei Caduti di Nassiriya a Belluno e Santa Giustina\u00a0<\/strong><\/p>\n<p data-pm-slice=\"1 1 []\">I carabinieri hanno commemorato i caduti di Nassiriya con due cerimonie tenutesi a Belluno e Santa Giustina. Il 12 novembre 2003, un attentato alla base Maestrale in Iraq caus\u00f2 la morte di 28 persone, di cui 19 italiani: 12 carabinieri, 5 militari dell&#8217;Esercito e 2 civili. Il comandante provinciale Pigozzo ha sottolineato l&#8217;importanza del ricordo come \u201cun dovere assoluto\u201d in onore dei valori per cui questi uomini hanno sacrificato la vita. Ha aggiunto che il loro esempio ispira chi oggi continua a operare per la pace e la sicurezza. Presenti anche il presidente dell\u2019ANC Giovanni Franceschini e il sindaco, insieme alle autorit\u00e0 locali e membri dell\u2019Associazione Nazionale Carabinieri.<\/p>\n<p><a class=\"dt-pswp-item\" href=\"https:\/\/www.radiopiu.net\/wordpress\/wp-content\/uploads\/2024\/11\/Senza-nome-59.png\" data-dt-img-description=\"\" data-large_image_width=\"345\" data-large_image_height=\"206\"><img loading=\"lazy\" decoding=\"async\" class=\"size-medium wp-image-419443 aligncenter\" src=\"https:\/\/www.radiopiu.net\/wordpress\/wp-content\/uploads\/2024\/11\/Senza-nome-59-300x179.png\" alt=\"\" width=\"300\" height=\"179\" srcset=\"https:\/\/www.radiopiu.net\/wordpress\/wp-content\/uploads\/2024\/11\/Senza-nome-59-300x179.png 300w, https:\/\/www.radiopiu.net\/wordpress\/wp-content\/uploads\/2024\/11\/Senza-nome-59.png 345w\" sizes=\"auto, (max-width: 300px) 100vw, 300px\" \/><\/a><\/p>\n<hr \/>\n<p>&nbsp;<\/p>\n<p>&nbsp;<\/p>\n<blockquote>\n<h1><a class=\"dt-pswp-item\" href=\"https:\/\/www.radiopiu.net\/wordpress\/wp-content\/uploads\/2024\/11\/Senza-nome-57.png\" data-dt-img-description=\"\" data-large_image_width=\"615\" data-large_image_height=\"378\"><img loading=\"lazy\" decoding=\"async\" class=\"size-medium wp-image-419337 alignleft\" src=\"https:\/\/www.radiopiu.net\/wordpress\/wp-content\/uploads\/2024\/11\/Senza-nome-57-300x184.png\" alt=\"\" width=\"300\" height=\"184\" srcset=\"https:\/\/www.radiopiu.net\/wordpress\/wp-content\/uploads\/2024\/11\/Senza-nome-57-300x184.png 300w, https:\/\/www.radiopiu.net\/wordpress\/wp-content\/uploads\/2024\/11\/Senza-nome-57.png 615w\" sizes=\"auto, (max-width: 300px) 100vw, 300px\" \/><\/a>Esercitazione Alpina sulla Schiara: Due Simulazioni per il Soccorso Storico<\/h1>\n<\/blockquote>\n<p><strong>BELLUNO<\/strong> Nel weekend del 9 e 10 novembre, le Stazioni del Soccorso Alpino di Belluno e Agordo, con la partecipazione di volontari da Longarone e un tecnico da Cortina, hanno svolto un&#8217;esercitazione congiunta sui versanti settentrionali del Gruppo della Schiara. Divisa in due simulazioni, l&#8217;attivit\u00e0 ha rievocato storiche imprese alpinistiche. La prima simulazione, lungo la Via Polacca al Diedro Nord, \u00e8 iniziata alle 2:30 di notte. Una squadra ha attrezzato cenge esposte fino al Grande Diedro, mentre un secondo gruppo \u00e8 stato trasportato con l\u2019elicottero per assistere nella manovra di calata. Questa via, famosa per l\u2019ascesa dei polacchi del 1965 e per l\u2019impresa invernale di Riccardo Bee, \u00e8 nota per la difficolt\u00e0 e l\u2019instabilit\u00e0 della roccia. La seconda simulazione, sulla Via Santina al Nas\u00f2n, ha visto una ventina di volontari collaborare al soccorso di un alpinista infortunato. Dopo una calata iniziale, \u00e8 stata realizzata una complessa discesa di 300 metri con barella. L\u2019esercitazione ha omaggiato figure storiche come Franco Miotto e Riccardo Bee, rendendo omaggio alla tradizione alpinistica. L&#8217;evento si \u00e8 concluso con successo grazie alla collaborazione dell\u2019Ente Parco e dei Carabinieri Forestali di Candaten.<\/p>\n<p>&nbsp;<\/p>\n<p>&nbsp;<\/p>\n<hr \/>\n<p>&nbsp;<\/p>\n<blockquote>\n<h3>GIRO DI PERLUSTRAZIONE IN LOCALITA&#8217; VALCOZZENA PER L&#8217;AMMINISTRAZIONE COMUNALE DI AGORDO<\/h3>\n<\/blockquote>\n<p><strong>AGORDO <\/strong>Giro di perlustrazione nella mattinata di ieri da parte del sindaco di Agordo Roberto Chissal\u00e8 e l&#8217;assessore all&#8217;urbanistica Giulio Favretti, i quali si sono recati presso tutte le aree parcheggio della zona, anche quelle adiacenti alle aree commerciali, per prendere visione della situazione. l bus navetta, che gi\u00e0 peraltro sono utilizzati da tanti lavoratori possono per\u00f2 essere sfruttati ancora di pi\u00f9. Detto ci\u00f2, per quel che concerne invece i parcheggi e la viabilit\u00e0 stessa della zona di Valcozzena, c&#8217;\u00e8 bisogno di mettere in atto azioni di buon senso da parte di tutti gli attori coinvolti.<\/p>\n\n\t\t\t<style type='text\/css'>\n\t\t\t\t#gallery-1 {\n\t\t\t\t\tmargin: auto;\n\t\t\t\t}\n\t\t\t\t#gallery-1 .gallery-item {\n\t\t\t\t\tfloat: left;\n\t\t\t\t\tmargin-top: 10px;\n\t\t\t\t\ttext-align: center;\n\t\t\t\t\twidth: 50%;\n\t\t\t\t}\n\t\t\t\t#gallery-1 img {\n\t\t\t\t\tborder: 2px solid #cfcfcf;\n\t\t\t\t}\n\t\t\t\t#gallery-1 .gallery-caption {\n\t\t\t\t\tmargin-left: 0;\n\t\t\t\t}\n\t\t\t\t\/* see gallery_shortcode() in wp-includes\/media.php *\/\n\t\t\t<\/style>\n\t\t<div id='gallery-1' class='dt-gallery-container gallery galleryid-419258 gallery-columns-2 gallery-size-medium'><dl class='gallery-item'>\n\t\t\t\t<dt class='gallery-icon landscape'>\n\t\t\t\t\t<a class=\"rollover rollover-zoom dt-pswp-item\" title=\"718eec55-3d10-4077-a205-f6b0cae38abe\" data-dt-img-description=\"\" data-large_image_width=\"1599\" data-large_image_height=\"1186\"href='https:\/\/www.radiopiu.net\/wordpress\/wp-content\/uploads\/2024\/11\/718eec55-3d10-4077-a205-f6b0cae38abe.jpg'><img loading=\"lazy\" decoding=\"async\" width=\"300\" height=\"223\" src=\"https:\/\/www.radiopiu.net\/wordpress\/wp-content\/uploads\/2024\/11\/718eec55-3d10-4077-a205-f6b0cae38abe-300x223.jpg\" class=\"attachment-medium size-medium\" alt=\"\" srcset=\"https:\/\/www.radiopiu.net\/wordpress\/wp-content\/uploads\/2024\/11\/718eec55-3d10-4077-a205-f6b0cae38abe-300x223.jpg 300w, https:\/\/www.radiopiu.net\/wordpress\/wp-content\/uploads\/2024\/11\/718eec55-3d10-4077-a205-f6b0cae38abe-1024x760.jpg 1024w, https:\/\/www.radiopiu.net\/wordpress\/wp-content\/uploads\/2024\/11\/718eec55-3d10-4077-a205-f6b0cae38abe-768x570.jpg 768w, https:\/\/www.radiopiu.net\/wordpress\/wp-content\/uploads\/2024\/11\/718eec55-3d10-4077-a205-f6b0cae38abe-1536x1139.jpg 1536w, https:\/\/www.radiopiu.net\/wordpress\/wp-content\/uploads\/2024\/11\/718eec55-3d10-4077-a205-f6b0cae38abe.jpg 1599w\" sizes=\"auto, (max-width: 300px) 100vw, 300px\" \/><\/a>\n\t\t\t\t<\/dt><\/dl><dl class='gallery-item'>\n\t\t\t\t<dt class='gallery-icon landscape'>\n\t\t\t\t\t<a class=\"rollover rollover-zoom dt-pswp-item\" title=\"455a2b0d-41c4-4886-af3c-9d80da957729\" data-dt-img-description=\"\" data-large_image_width=\"1600\" data-large_image_height=\"1200\"href='https:\/\/www.radiopiu.net\/wordpress\/wp-content\/uploads\/2024\/11\/455a2b0d-41c4-4886-af3c-9d80da957729.jpg'><img loading=\"lazy\" decoding=\"async\" width=\"300\" height=\"225\" src=\"https:\/\/www.radiopiu.net\/wordpress\/wp-content\/uploads\/2024\/11\/455a2b0d-41c4-4886-af3c-9d80da957729-300x225.jpg\" class=\"attachment-medium size-medium\" alt=\"\" srcset=\"https:\/\/www.radiopiu.net\/wordpress\/wp-content\/uploads\/2024\/11\/455a2b0d-41c4-4886-af3c-9d80da957729-300x225.jpg 300w, https:\/\/www.radiopiu.net\/wordpress\/wp-content\/uploads\/2024\/11\/455a2b0d-41c4-4886-af3c-9d80da957729-1024x768.jpg 1024w, https:\/\/www.radiopiu.net\/wordpress\/wp-content\/uploads\/2024\/11\/455a2b0d-41c4-4886-af3c-9d80da957729-768x576.jpg 768w, https:\/\/www.radiopiu.net\/wordpress\/wp-content\/uploads\/2024\/11\/455a2b0d-41c4-4886-af3c-9d80da957729-1536x1152.jpg 1536w, https:\/\/www.radiopiu.net\/wordpress\/wp-content\/uploads\/2024\/11\/455a2b0d-41c4-4886-af3c-9d80da957729.jpg 1600w\" sizes=\"auto, (max-width: 300px) 100vw, 300px\" \/><\/a>\n\t\t\t\t<\/dt><\/dl><br style=\"clear: both\" \/>\n\t\t\t<\/div>\n\n<p><strong>SERVIZIO DI MARINA DONA&#8217;, INTERVISTE AL SINDACO ROBERTO CHISSALE&#8217; E L&#8217;ASSESSORE GIULIO FAVRETTI<\/strong><\/p>\n<audio class=\"wp-audio-shortcode\" id=\"audio-419258-10\" preload=\"none\" style=\"width: 100%;\" controls=\"controls\"><source type=\"audio\/mpeg\" src=\"https:\/\/www.radiopiu.net\/wordpress\/wp-content\/uploads\/2024\/11\/servizio-con-interviste-ad-assessore-urbanistica-e-sindaco-di-agordo-su-parcheggi-e-viabilita-loc-valcozzena.mp3?_=10\" \/><a href=\"https:\/\/www.radiopiu.net\/wordpress\/wp-content\/uploads\/2024\/11\/servizio-con-interviste-ad-assessore-urbanistica-e-sindaco-di-agordo-su-parcheggi-e-viabilita-loc-valcozzena.mp3\">https:\/\/www.radiopiu.net\/wordpress\/wp-content\/uploads\/2024\/11\/servizio-con-interviste-ad-assessore-urbanistica-e-sindaco-di-agordo-su-parcheggi-e-viabilita-loc-valcozzena.mp3<\/a><\/audio>\n<p>&nbsp;<\/p>\n<p>&nbsp;<\/p>\n<hr \/>\n<p>&nbsp;<\/p>\n<blockquote>\n<h1><strong>RENTRI: Nuova Era per la Tracciabilit\u00e0 dei Rifiuti<\/strong><\/h1>\n<\/blockquote>\n<p><strong><a class=\"dt-pswp-item\" href=\"https:\/\/www.radiopiu.net\/wordpress\/wp-content\/uploads\/2024\/03\/ee5a0546-b1cd-4c75-be00-58435b134846.jpg\" data-dt-img-description=\"\" data-large_image_width=\"1600\" data-large_image_height=\"531\"><img loading=\"lazy\" decoding=\"async\" class=\"size-medium wp-image-377589 alignleft\" src=\"https:\/\/www.radiopiu.net\/wordpress\/wp-content\/uploads\/2024\/03\/ee5a0546-b1cd-4c75-be00-58435b134846-300x100.jpg\" alt=\"\" width=\"300\" height=\"100\" srcset=\"https:\/\/www.radiopiu.net\/wordpress\/wp-content\/uploads\/2024\/03\/ee5a0546-b1cd-4c75-be00-58435b134846-300x100.jpg 300w, https:\/\/www.radiopiu.net\/wordpress\/wp-content\/uploads\/2024\/03\/ee5a0546-b1cd-4c75-be00-58435b134846-1024x340.jpg 1024w, https:\/\/www.radiopiu.net\/wordpress\/wp-content\/uploads\/2024\/03\/ee5a0546-b1cd-4c75-be00-58435b134846-768x255.jpg 768w, https:\/\/www.radiopiu.net\/wordpress\/wp-content\/uploads\/2024\/03\/ee5a0546-b1cd-4c75-be00-58435b134846-1536x510.jpg 1536w, https:\/\/www.radiopiu.net\/wordpress\/wp-content\/uploads\/2024\/03\/ee5a0546-b1cd-4c75-be00-58435b134846.jpg 1600w\" sizes=\"auto, (max-width: 300px) 100vw, 300px\" \/><\/a>TREVISO<\/strong> Il Registro Elettronico Nazionale per la Tracciabilit\u00e0 dei Rifiuti (RENTRI) \u00e8 un sistema avanzato gestito dal Ministero dell&#8217;Ambiente con l&#8217;Albo Nazionale Gestori Ambientali, il RENTRI digitalizza la gestione del ciclo dei rifiuti, migliorando tracciabilit\u00e0 ed efficienza. L\u2019iscrizione al RENTRI avverr\u00e0 in tre fasi tra il 2024 e il 2026, con obblighi differenziati per gli operatori. Dal 25 gennaio 2025, la vidimazione dei nuovi Formulari di identificazione dei rifiuti (FIR) sar\u00e0 possibile online, superando la modalit\u00e0 cartacea della Camera di Commercio. Questo cambiamento anticipa l&#8217;adozione obbligatoria dal 13 febbraio 2025, data in cui anche i nuovi modelli del Registro di carico e scarico diventeranno operativi. Mario Pozza, Presidente della Camera di Commercio Belluno_Treviso, sottolinea come RENTRIrappresenti un passo verso la sostenibilit\u00e0 e la semplificazione burocratica, rendendo l&#8217;Italia pi\u00f9 competitiva e digitale. L&#8217;introduzione di FIR e registri digitali consentir\u00e0 una gestione pi\u00f9 agile e trasparente, anche per le 28.800 imprese venete interessate. Le Camere di Commercio, come Treviso e Belluno, invitano a pianificare la vidimazione per evitare ritardi e garantire continuit\u00e0 operativa.<\/p>\n<p>&nbsp;<\/p>\n<p>&nbsp;<\/p>\n<hr \/>\n<p>&nbsp;<\/p>\n<blockquote>\n<h3>A ROCCA PIETORE LA PULIZIA DEI TORRENTI CON I SERVIZI FORESTALI<\/h3>\n<\/blockquote>\n<p><strong><a class=\"dt-pswp-item\" href=\"https:\/\/www.radiopiu.net\/wordpress\/wp-content\/uploads\/2024\/11\/01f81437-bc7d-4ef7-a42f-c257d8c15c9d.jpg\" data-dt-img-description=\"\" data-large_image_width=\"1599\" data-large_image_height=\"1186\"><img loading=\"lazy\" decoding=\"async\" class=\" wp-image-419394 alignleft\" src=\"https:\/\/www.radiopiu.net\/wordpress\/wp-content\/uploads\/2024\/11\/01f81437-bc7d-4ef7-a42f-c257d8c15c9d-300x223.jpg\" alt=\"\" width=\"198\" height=\"147\" srcset=\"https:\/\/www.radiopiu.net\/wordpress\/wp-content\/uploads\/2024\/11\/01f81437-bc7d-4ef7-a42f-c257d8c15c9d-300x223.jpg 300w, https:\/\/www.radiopiu.net\/wordpress\/wp-content\/uploads\/2024\/11\/01f81437-bc7d-4ef7-a42f-c257d8c15c9d-1024x760.jpg 1024w, https:\/\/www.radiopiu.net\/wordpress\/wp-content\/uploads\/2024\/11\/01f81437-bc7d-4ef7-a42f-c257d8c15c9d-768x570.jpg 768w, https:\/\/www.radiopiu.net\/wordpress\/wp-content\/uploads\/2024\/11\/01f81437-bc7d-4ef7-a42f-c257d8c15c9d-1536x1139.jpg 1536w, https:\/\/www.radiopiu.net\/wordpress\/wp-content\/uploads\/2024\/11\/01f81437-bc7d-4ef7-a42f-c257d8c15c9d.jpg 1599w\" sizes=\"auto, (max-width: 198px) 100vw, 198px\" \/><\/a>DI MARINA DONA&#8217;<\/strong><\/p>\n<p><strong>ROCCA PIETORE<\/strong> Pulizie &#8220;autunnali&#8221; a Santa Maria delle Grazie e Saviner di Calloneghe. Valerio Davare, primo cittadino del comune di Rocca Pietore, esprime soddisfazione per i lavori svolti dai servizi forestali di Belluno. Nelle settimane scorse \u00e8 stato ripulito Il torrente &#8220;Ru de Moulin&#8221; a Santa Maria delle Grazie, e durante il corso dell&#8217;estate i servizi forestali hanno lavorato anche sulla manutenzione e pulizia dei numerosissimi torrenti nel comune.<br \/>\n&#8220;Un&#8217;attivit\u00e0 preziosissima e indispensabile che va a diminuire il rischio idraulico del nostro fragile territorio- afferma il sindaco, ed aggiunge -Un ringraziamento particolare a tutte le squadre di Veneto agricoltura che operano incessantemente sul nostro territorio un grande grazie va a Giuseppe Menegus dell&#8217;Unit\u00e0 Organizzativa Servizi Forestali di Belluno che con passione e dedizione organizza gli interventi&#8221;. Un ottimo intervento appena concluso per il recupero di piante cadute da Vaia, anche a &#8216;Ru della Vizza&#8217; localit\u00e0 Saviner di Calloneghe.<\/p>\n<p>&nbsp;<\/p>\n<p>&nbsp;<\/p>\n<hr \/>\n<p>&nbsp;<\/p>\n<blockquote>\n<h3>DA VALLADA UN ORSACCHIOTTO PER AHMED<\/h3>\n<\/blockquote>\n<p><strong><a class=\"dt-pswp-item\" href=\"https:\/\/www.radiopiu.net\/wordpress\/wp-content\/uploads\/2024\/11\/559619d2-4ff7-4f51-8bf3-0e991ff2bf17.jpg\" data-dt-img-description=\"\" data-large_image_width=\"1600\" data-large_image_height=\"1200\"><img loading=\"lazy\" decoding=\"async\" class=\" wp-image-419412 alignleft\" src=\"https:\/\/www.radiopiu.net\/wordpress\/wp-content\/uploads\/2024\/11\/559619d2-4ff7-4f51-8bf3-0e991ff2bf17-300x225.jpg\" alt=\"\" width=\"183\" height=\"137\" srcset=\"https:\/\/www.radiopiu.net\/wordpress\/wp-content\/uploads\/2024\/11\/559619d2-4ff7-4f51-8bf3-0e991ff2bf17-300x225.jpg 300w, https:\/\/www.radiopiu.net\/wordpress\/wp-content\/uploads\/2024\/11\/559619d2-4ff7-4f51-8bf3-0e991ff2bf17-1024x768.jpg 1024w, https:\/\/www.radiopiu.net\/wordpress\/wp-content\/uploads\/2024\/11\/559619d2-4ff7-4f51-8bf3-0e991ff2bf17-768x576.jpg 768w, https:\/\/www.radiopiu.net\/wordpress\/wp-content\/uploads\/2024\/11\/559619d2-4ff7-4f51-8bf3-0e991ff2bf17-1536x1152.jpg 1536w, https:\/\/www.radiopiu.net\/wordpress\/wp-content\/uploads\/2024\/11\/559619d2-4ff7-4f51-8bf3-0e991ff2bf17.jpg 1600w\" sizes=\"auto, (max-width: 183px) 100vw, 183px\" \/><\/a>VALLADA<\/strong><\/p>\n<p>DI GIANNI SANTOMASO<\/p>\n<audio class=\"wp-audio-shortcode\" id=\"audio-419258-11\" preload=\"none\" style=\"width: 100%;\" controls=\"controls\"><source type=\"audio\/mpeg\" src=\"https:\/\/www.radiopiu.net\/wordpress\/wp-content\/uploads\/2024\/11\/GIANNI-DA-VALLADA-UN-ORSACCHIOTTO-PER-AHMED.mp3?_=11\" \/><a href=\"https:\/\/www.radiopiu.net\/wordpress\/wp-content\/uploads\/2024\/11\/GIANNI-DA-VALLADA-UN-ORSACCHIOTTO-PER-AHMED.mp3\">https:\/\/www.radiopiu.net\/wordpress\/wp-content\/uploads\/2024\/11\/GIANNI-DA-VALLADA-UN-ORSACCHIOTTO-PER-AHMED.mp3<\/a><\/audio>\n<p>&nbsp;<\/p>\n<hr \/>\n<p>&nbsp;<\/p>\n<blockquote>\n<h3>IL PIANO DI PROTEZIONE CIVILE A LONGARONE<\/h3>\n<\/blockquote>\n<p><strong>LONGARONE <\/strong>Il Comune di Longarone avvia un percorso di condivisione del Piano di Protezione Civile aggiornato, con un primo incontro il 14 novembre presso il Centro Culturale &#8220;F. Parri&#8221;. L\u2019incontro, rivolto a volontariato e associazioni, \u00e8 fondamentale per coinvolgere questi gruppi nel processo di preparazione alle emergenze, come afferma l&#8217;assessore Elena De Bona. L\u2019obiettivo \u00e8 ottenere l\u2019approvazione definitiva del Piano entro giugno 2025, con linee guida chiare per affrontare situazioni di emergenza, considerando anche l\u2019esperienza degli eventi meteo recenti e i danni post-Vaia. A inizio anno, seguiranno incontri informativi per la cittadinanza nelle varie frazioni.<\/p>\n<p>&nbsp;<\/p>\n<p>&nbsp;<\/p>\n<hr \/>\n<p>&nbsp;<\/p>\n<blockquote>\n<h1>XXIV edizione del Premio Internazionale \u201cBellunesi che onorano la provincia in Italia e nel Mondo<\/h1>\n<\/blockquote>\n<p><strong>BELLUNO<\/strong><\/p>\n<div class=\"flex max-w-full flex-col flex-grow\">\n<div class=\"min-h-8 text-message flex w-full flex-col items-end gap-2 whitespace-normal break-words [.text-message+&amp;]:mt-5\" dir=\"auto\" data-message-author-role=\"assistant\" data-message-id=\"6328d584-06a6-408e-8796-4dd3e8fe451c\" data-message-model-slug=\"gpt-4o\">\n<div class=\"flex w-full flex-col gap-1 empty:hidden first:pt-[3px]\">\n<div class=\"markdown prose w-full break-words dark:prose-invert dark\">\n<p>Sabato 23 novembre 2024, il Teatro di Rasai a Seren del Grappa accoglier\u00e0 la XXIV edizione del prestigioso Premio Internazionale \u201cBellunesi che onorano la provincia in Italia e nel Mondo\u201d. Organizzato dalla Provincia di Belluno, l\u2019Associazione Bellunesi nel Mondo e i Rotary Club locali, il premio rende omaggio ai bellunesi emigrati e ai loro discendenti che si sono distinti nei campi economico, artistico-culturale e sociale. La cerimonia includer\u00e0 anche un riconoscimento speciale a Gioachino Bratti e intermezzi musicali del Maestro Pio Sagrillo e del tenore Omar Tonin. Per il <strong>s<em>ettore economico, imprenditoriale e professionale<\/em><\/strong>, il premio sar\u00e0 assegnato a <strong>Ferdinando Samaria; <\/strong>Per il <strong><em>settore istituzioni, arte e cultura,\u00a0<\/em> <\/strong><strong><em>Paola De Martin<\/em> <\/strong>e a<strong> <em>Michele Rech <\/em><\/strong>Per il <strong><em>settore sociale e solidaristico<\/em> <\/strong>il riconoscimento va a <strong><em>Mariaelena Pierobon.\u00a0 <\/em><\/strong>Il <strong><em>Premio Speciale \u201cBarcelloni Corte \u2013 De Martin Modolado\u201d<\/em> <\/strong>sar\u00e0 consegnato a <strong><em>Gioachino Bratti<\/em><\/strong><\/p>\n<\/div>\n<\/div>\n<\/div>\n<\/div>\n<div class=\"mceTemp\"><\/div>\n\n\t\t\t<style type='text\/css'>\n\t\t\t\t#gallery-2 {\n\t\t\t\t\tmargin: auto;\n\t\t\t\t}\n\t\t\t\t#gallery-2 .gallery-item {\n\t\t\t\t\tfloat: left;\n\t\t\t\t\tmargin-top: 10px;\n\t\t\t\t\ttext-align: center;\n\t\t\t\t\twidth: 25%;\n\t\t\t\t}\n\t\t\t\t#gallery-2 img {\n\t\t\t\t\tborder: 2px solid #cfcfcf;\n\t\t\t\t}\n\t\t\t\t#gallery-2 .gallery-caption {\n\t\t\t\t\tmargin-left: 0;\n\t\t\t\t}\n\t\t\t\t\/* see gallery_shortcode() in wp-includes\/media.php *\/\n\t\t\t<\/style>\n\t\t<div id='gallery-2' class='dt-gallery-container gallery galleryid-419258 gallery-columns-4 gallery-size-thumbnail'><dl class='gallery-item'>\n\t\t\t\t<dt class='gallery-icon landscape'>\n\t\t\t\t\t<a class=\"rollover rollover-zoom dt-pswp-item\" title=\"Senza nome\" data-dt-img-description=\"\" data-large_image_width=\"479\" data-large_image_height=\"365\"href='https:\/\/www.radiopiu.net\/wordpress\/wp-content\/uploads\/2024\/11\/Senza-nome-56.png'><img loading=\"lazy\" decoding=\"async\" width=\"150\" height=\"150\" src=\"https:\/\/www.radiopiu.net\/wordpress\/wp-content\/uploads\/2024\/11\/Senza-nome-56-150x150.png\" class=\"attachment-thumbnail size-thumbnail\" alt=\"\" aria-describedby=\"gallery-2-419334\" \/><\/a>\n\t\t\t\t<\/dt>\n\t\t\t\t\t<dd class='wp-caption-text gallery-caption' id='gallery-2-419334'>\n\t\t\t\t\tFERDINANDO SAMARIA\n\t\t\t\t\t<\/dd><\/dl><dl class='gallery-item'>\n\t\t\t\t<dt class='gallery-icon landscape'>\n\t\t\t\t\t<a class=\"rollover rollover-zoom dt-pswp-item\" title=\"Mariaelena Pierobon\" data-dt-img-description=\"\" data-large_image_width=\"2560\" data-large_image_height=\"1732\"href='https:\/\/www.radiopiu.net\/wordpress\/wp-content\/uploads\/2024\/11\/Pierobon1-scaled.jpg'><img loading=\"lazy\" decoding=\"async\" width=\"150\" height=\"150\" src=\"https:\/\/www.radiopiu.net\/wordpress\/wp-content\/uploads\/2024\/11\/Pierobon1-150x150.jpg\" class=\"attachment-thumbnail size-thumbnail\" alt=\"\" aria-describedby=\"gallery-2-419333\" \/><\/a>\n\t\t\t\t<\/dt>\n\t\t\t\t\t<dd class='wp-caption-text gallery-caption' id='gallery-2-419333'>\n\t\t\t\t\tMARIAELENA PIEROBON\n\t\t\t\t\t<\/dd><\/dl><dl class='gallery-item'>\n\t\t\t\t<dt class='gallery-icon landscape'>\n\t\t\t\t\t<a class=\"rollover rollover-zoom dt-pswp-item\" title=\"\" data-dt-img-description=\"\" data-large_image_width=\"640\" data-large_image_height=\"427\"href='https:\/\/www.radiopiu.net\/wordpress\/wp-content\/uploads\/2024\/11\/thumbnail_Zerocalcare_foto_orizzontale_credits_Rosdiana_Ciaravolo.jpg'><img loading=\"lazy\" decoding=\"async\" width=\"150\" height=\"150\" src=\"https:\/\/www.radiopiu.net\/wordpress\/wp-content\/uploads\/2024\/11\/thumbnail_Zerocalcare_foto_orizzontale_credits_Rosdiana_Ciaravolo-150x150.jpg\" class=\"attachment-thumbnail size-thumbnail\" alt=\"\" aria-describedby=\"gallery-2-419335\" \/><\/a>\n\t\t\t\t<\/dt>\n\t\t\t\t\t<dd class='wp-caption-text gallery-caption' id='gallery-2-419335'>\n\t\t\t\t\tMICHELE RECH -ZEROCALCARE\n\t\t\t\t\t<\/dd><\/dl><dl class='gallery-item'>\n\t\t\t\t<dt class='gallery-icon landscape'>\n\t\t\t\t\t<a class=\"rollover rollover-zoom dt-pswp-item\" title=\"Gioacchino Bratti\" data-dt-img-description=\"\" data-large_image_width=\"1600\" data-large_image_height=\"1200\"href='https:\/\/www.radiopiu.net\/wordpress\/wp-content\/uploads\/2024\/11\/Gioacchino-Bratti.jpg'><img loading=\"lazy\" decoding=\"async\" width=\"150\" height=\"150\" src=\"https:\/\/www.radiopiu.net\/wordpress\/wp-content\/uploads\/2024\/11\/Gioacchino-Bratti-150x150.jpg\" class=\"attachment-thumbnail size-thumbnail\" alt=\"\" aria-describedby=\"gallery-2-419332\" \/><\/a>\n\t\t\t\t<\/dt>\n\t\t\t\t\t<dd class='wp-caption-text gallery-caption' id='gallery-2-419332'>\n\t\t\t\t\tGIOACCHINO BRATTI\n\t\t\t\t\t<\/dd><\/dl><br style=\"clear: both\" \/>\n\t\t\t<\/div>\n\n<hr \/>\n<blockquote>\n<h1><\/h1>\n<h1>Conclusa la 38ma Ex Tempore di Scultura su Legno: successi e premi<\/h1>\n<\/blockquote>\n<p><strong>BELLUNO<\/strong><\/p>\n<div class=\"flex max-w-full flex-col flex-grow\">\n<div class=\"min-h-8 text-message flex w-full flex-col items-end gap-2 whitespace-normal break-words [.text-message+&amp;]:mt-5\" dir=\"auto\" data-message-author-role=\"assistant\" data-message-id=\"dbf40106-d3da-4752-bf0a-55afbfcdcd6a\" data-message-model-slug=\"gpt-4o\">\n<div class=\"flex w-full flex-col gap-1 empty:hidden first:pt-[3px]\">\n<div class=\"markdown prose w-full break-words dark:prose-invert dark\">\n<p>Si \u00e8 chiusa ieri la 38ma edizione dell&#8217;Ex Tempore di Scultura su Legno a Belluno con la premiazione delle opere vincitrici. La giuria artistica, presieduta da Gianluca Tormen, ha premiato \u201cTitone\u201d di Gianluigi Zeni per la sua riflessione sul tempo e l&#8217;eccellente esecuzione tecnica. Menzioni a \u201cRadici\u201d di Imma Garcia Arribas e \u201cContinuit\u00e0\u201d di Manuel De Francesch. Il premio Fidapa \u00e8 andato a Mirko Mittenpergher per \u201cIl ritmo della Vita\u201d, elogiata per il minimalismo espressivo. La stampa ha scelto \u201cContinuit\u00e0\u201d per l&#8217;interpretazione del tema \u201cLe et\u00e0 del Legno, le et\u00e0 dell&#8217;uomo\u201d. Il Sindaco De Pellegrin e l&#8217;Assessore Addamiano hanno evidenziato l&#8217;importanza della manifestazione per la comunit\u00e0<\/p>\n<\/div>\n<\/div>\n<\/div>\n<\/div>\n\n\t\t\t<style type='text\/css'>\n\t\t\t\t#gallery-3 {\n\t\t\t\t\tmargin: auto;\n\t\t\t\t}\n\t\t\t\t#gallery-3 .gallery-item {\n\t\t\t\t\tfloat: left;\n\t\t\t\t\tmargin-top: 10px;\n\t\t\t\t\ttext-align: center;\n\t\t\t\t\twidth: 25%;\n\t\t\t\t}\n\t\t\t\t#gallery-3 img {\n\t\t\t\t\tborder: 2px solid #cfcfcf;\n\t\t\t\t}\n\t\t\t\t#gallery-3 .gallery-caption {\n\t\t\t\t\tmargin-left: 0;\n\t\t\t\t}\n\t\t\t\t\/* see gallery_shortcode() in wp-includes\/media.php *\/\n\t\t\t<\/style>\n\t\t<div id='gallery-3' class='dt-gallery-container gallery galleryid-419258 gallery-columns-4 gallery-size-thumbnail'><dl class='gallery-item'>\n\t\t\t\t<dt class='gallery-icon portrait'>\n\t\t\t\t\t<a class=\"rollover rollover-zoom dt-pswp-item\" title=\"\" data-dt-img-description=\"\" data-large_image_width=\"1536\" data-large_image_height=\"2048\"href='https:\/\/www.radiopiu.net\/wordpress\/wp-content\/uploads\/2024\/11\/scultori-premiati.jpeg'><img loading=\"lazy\" decoding=\"async\" width=\"150\" height=\"150\" src=\"https:\/\/www.radiopiu.net\/wordpress\/wp-content\/uploads\/2024\/11\/scultori-premiati-150x150.jpeg\" class=\"attachment-thumbnail size-thumbnail\" alt=\"\" aria-describedby=\"gallery-3-419348\" \/><\/a>\n\t\t\t\t<\/dt>\n\t\t\t\t\t<dd class='wp-caption-text gallery-caption' id='gallery-3-419348'>\n\t\t\t\t\tscultori premiati\n\t\t\t\t\t<\/dd><\/dl><dl class='gallery-item'>\n\t\t\t\t<dt class='gallery-icon portrait'>\n\t\t\t\t\t<a class=\"rollover rollover-zoom dt-pswp-item\" title=\"\" data-dt-img-description=\"\" data-large_image_width=\"1536\" data-large_image_height=\"2048\"href='https:\/\/www.radiopiu.net\/wordpress\/wp-content\/uploads\/2024\/11\/premio-Giuria-a-Gianluigi-Zeni.jpeg'><img loading=\"lazy\" decoding=\"async\" width=\"150\" height=\"150\" src=\"https:\/\/www.radiopiu.net\/wordpress\/wp-content\/uploads\/2024\/11\/premio-Giuria-a-Gianluigi-Zeni-150x150.jpeg\" class=\"attachment-thumbnail size-thumbnail\" alt=\"\" aria-describedby=\"gallery-3-419346\" \/><\/a>\n\t\t\t\t<\/dt>\n\t\t\t\t\t<dd class='wp-caption-text gallery-caption' id='gallery-3-419346'>\n\t\t\t\t\tpremio Giuria a Gianluigi Zeni\n\t\t\t\t\t<\/dd><\/dl><dl class='gallery-item'>\n\t\t\t\t<dt class='gallery-icon portrait'>\n\t\t\t\t\t<a class=\"rollover rollover-zoom dt-pswp-item\" title=\"\" data-dt-img-description=\"\" data-large_image_width=\"1920\" data-large_image_height=\"2560\"href='https:\/\/www.radiopiu.net\/wordpress\/wp-content\/uploads\/2024\/11\/Premio-Stampa-Manuel-De-Francesch-scaled.jpg'><img loading=\"lazy\" decoding=\"async\" width=\"150\" height=\"150\" src=\"https:\/\/www.radiopiu.net\/wordpress\/wp-content\/uploads\/2024\/11\/Premio-Stampa-Manuel-De-Francesch-150x150.jpg\" class=\"attachment-thumbnail size-thumbnail\" alt=\"\" aria-describedby=\"gallery-3-419345\" \/><\/a>\n\t\t\t\t<\/dt>\n\t\t\t\t\t<dd class='wp-caption-text gallery-caption' id='gallery-3-419345'>\n\t\t\t\t\tPremio Stampa Manuel De Francesch\n\t\t\t\t\t<\/dd><\/dl><dl class='gallery-item'>\n\t\t\t\t<dt class='gallery-icon portrait'>\n\t\t\t\t\t<a class=\"rollover rollover-zoom dt-pswp-item\" title=\"\" data-dt-img-description=\"\" data-large_image_width=\"1536\" data-large_image_height=\"2048\"href='https:\/\/www.radiopiu.net\/wordpress\/wp-content\/uploads\/2024\/11\/Premio-Fidapa-a-Mirko-Mittempergher.jpeg'><img loading=\"lazy\" decoding=\"async\" width=\"150\" height=\"150\" src=\"https:\/\/www.radiopiu.net\/wordpress\/wp-content\/uploads\/2024\/11\/Premio-Fidapa-a-Mirko-Mittempergher-150x150.jpeg\" class=\"attachment-thumbnail size-thumbnail\" alt=\"\" aria-describedby=\"gallery-3-419344\" \/><\/a>\n\t\t\t\t<\/dt>\n\t\t\t\t\t<dd class='wp-caption-text gallery-caption' id='gallery-3-419344'>\n\t\t\t\t\tPremio Fidapa a Mirko Mittempergher\n\t\t\t\t\t<\/dd><\/dl><br style=\"clear: both\" \/>\n\t\t\t<\/div>\n\n<hr \/>\n<p>&nbsp;<\/p>\n<blockquote>\n<h2>Concerto in memoria di Igor Roldo: solidariet\u00e0 e musica al Piccolo Teatro Pierobon<\/h2>\n<\/blockquote>\n<div class=\"flex-1 overflow-hidden\">\n<div class=\"h-full\">\n<div class=\"react-scroll-to-bottom--css-iaghl-79elbk h-full\">\n<div class=\"react-scroll-to-bottom--css-iaghl-1n7m0yu\">\n<div class=\"flex flex-col text-sm md:pb-9\">\n<article class=\"w-full scroll-mb-[var(--thread-trailing-height)] text-token-text-primary focus-visible:outline-2 focus-visible:outline-offset-[-4px]\" dir=\"auto\" data-testid=\"conversation-turn-27\" data-scroll-anchor=\"true\">\n<div class=\"m-auto text-base py-[18px] px-3 md:px-4 w-full md:px-5 lg:px-4 xl:px-5\">\n<div class=\"mx-auto flex flex-1 gap-4 text-base md:gap-5 lg:gap-6 md:max-w-3xl lg:max-w-[40rem] xl:max-w-[48rem]\">\n<div class=\"group\/conversation-turn relative flex w-full min-w-0 flex-col agent-turn\">\n<div class=\"flex-col gap-1 md:gap-3\">\n<div class=\"flex max-w-full flex-col flex-grow\">\n<div class=\"min-h-8 text-message flex w-full flex-col items-end gap-2 whitespace-normal break-words [.text-message+&amp;]:mt-5\" dir=\"auto\" data-message-author-role=\"assistant\" data-message-id=\"2f1985a1-38a8-441c-a356-ef2248e23e98\" data-message-model-slug=\"gpt-4o\">\n<div class=\"flex w-full flex-col gap-1 empty:hidden first:pt-[3px]\">\n<div class=\"markdown prose w-full break-words dark:prose-invert dark\">\n<p><strong><a class=\"dt-pswp-item\" href=\"https:\/\/www.radiopiu.net\/wordpress\/wp-content\/uploads\/2024\/11\/Ciao-Igor-copia.jpeg\" data-dt-img-description=\"\" data-large_image_width=\"453\" data-large_image_height=\"640\"><img loading=\"lazy\" decoding=\"async\" class=\"size-medium wp-image-419352 alignleft\" src=\"https:\/\/www.radiopiu.net\/wordpress\/wp-content\/uploads\/2024\/11\/Ciao-Igor-copia-212x300.jpeg\" alt=\"\" width=\"212\" height=\"300\" srcset=\"https:\/\/www.radiopiu.net\/wordpress\/wp-content\/uploads\/2024\/11\/Ciao-Igor-copia-212x300.jpeg 212w, https:\/\/www.radiopiu.net\/wordpress\/wp-content\/uploads\/2024\/11\/Ciao-Igor-copia.jpeg 453w\" sizes=\"auto, (max-width: 212px) 100vw, 212px\" \/><\/a>PONTE NELLE ALPI<\/strong> Sabato 30 novembre, il Piccolo Teatro Pierobon ospiter\u00e0 un concerto in ricordo di Igor Roldo, scomparso un anno fa. Organizzato da WR Events e Comitato Pollicino, l&#8217;evento celebra la memoria di Roldo, 58 anni, noto dirigente del San Giorgio Calcio e ideatore del Festival musicale di Pian dei Castaldi. Considerato un talent scout, Roldo ha sempre supportato nuove formazioni musicali, promuovendo eventi per finanziare progetti solidali del Comitato Pollicino, dedicato ai bambini bisognosi di Petrosani, Romania. La serata sar\u00e0 animata dall\u2019Uncle Frank Project, composto da Franco De Poli, Alberto Mambrini, Andrea Cuzzuol e Mauro De Luca, noti per i loro concerti a scopo benefico. Sul palco, il quartetto racconter\u00e0 l\u2019evoluzione della chitarra attraverso diversi stili musicali, mostrando come questo strumento rimanga centrale nel sound moderno. Il concerto \u00e8 patrocinato dal Comune di Ponte nelle Alpi e prevede ingresso a offerta libera. Tutto il ricavato andr\u00e0 al Comitato Pollicino, proseguendo l\u2019impegno di Roldo nel coniugare musica e solidariet\u00e0.<\/p>\n<\/div>\n<\/div>\n<\/div>\n<\/div>\n<\/div>\n<\/div>\n<\/div>\n<\/div>\n<\/article>\n<\/div>\n<\/div>\n<\/div>\n<\/div>\n<\/div>\n<p>&nbsp;<\/p>\n<p>&nbsp;<\/p>\n<p><a class=\"dt-pswp-item\" href=\"https:\/\/www.radiopiu.net\/wordpress\/wp-content\/uploads\/2024\/11\/4-foto.jpg\" data-dt-img-description=\"\" data-large_image_width=\"1410\" data-large_image_height=\"1267\"><img loading=\"lazy\" decoding=\"async\" class=\"alignnone wp-image-419353\" src=\"https:\/\/www.radiopiu.net\/wordpress\/wp-content\/uploads\/2024\/11\/4-foto-300x270.jpg\" alt=\"\" width=\"331\" height=\"298\" srcset=\"https:\/\/www.radiopiu.net\/wordpress\/wp-content\/uploads\/2024\/11\/4-foto-300x270.jpg 300w, https:\/\/www.radiopiu.net\/wordpress\/wp-content\/uploads\/2024\/11\/4-foto-1024x920.jpg 1024w, https:\/\/www.radiopiu.net\/wordpress\/wp-content\/uploads\/2024\/11\/4-foto-768x690.jpg 768w, https:\/\/www.radiopiu.net\/wordpress\/wp-content\/uploads\/2024\/11\/4-foto.jpg 1410w\" sizes=\"auto, (max-width: 331px) 100vw, 331px\" \/><\/a><a class=\"dt-pswp-item\" href=\"https:\/\/www.radiopiu.net\/wordpress\/wp-content\/uploads\/2024\/11\/Igor-Roldo.jpeg\" data-dt-img-description=\"\" data-large_image_width=\"1772\" data-large_image_height=\"1794\"><img loading=\"lazy\" decoding=\"async\" class=\"alignnone wp-image-419354\" src=\"https:\/\/www.radiopiu.net\/wordpress\/wp-content\/uploads\/2024\/11\/Igor-Roldo-296x300.jpeg\" alt=\"\" width=\"290\" height=\"294\" srcset=\"https:\/\/www.radiopiu.net\/wordpress\/wp-content\/uploads\/2024\/11\/Igor-Roldo-296x300.jpeg 296w, https:\/\/www.radiopiu.net\/wordpress\/wp-content\/uploads\/2024\/11\/Igor-Roldo-1011x1024.jpeg 1011w, https:\/\/www.radiopiu.net\/wordpress\/wp-content\/uploads\/2024\/11\/Igor-Roldo-768x778.jpeg 768w, https:\/\/www.radiopiu.net\/wordpress\/wp-content\/uploads\/2024\/11\/Igor-Roldo-1517x1536.jpeg 1517w, https:\/\/www.radiopiu.net\/wordpress\/wp-content\/uploads\/2024\/11\/Igor-Roldo.jpeg 1772w\" sizes=\"auto, (max-width: 290px) 100vw, 290px\" \/><\/a><\/p>\n<p>&nbsp;<\/p>\n<p>&nbsp;<\/p>\n<hr \/>\n<p>&nbsp;<\/p>\n<blockquote>\n<h3>L&#8217;INTELLIGENZA ARTIFICIALE ENTRA NEL MODO DEL LINGUAGGIO DEI SEGNI<\/h3>\n<\/blockquote>\n<p><strong><a class=\"dt-pswp-item\" href=\"https:\/\/www.radiopiu.net\/wordpress\/wp-content\/uploads\/2023\/12\/file-3-e1702916500620.jpg\" data-dt-img-description=\"\" data-large_image_width=\"640\" data-large_image_height=\"640\"><img loading=\"lazy\" decoding=\"async\" class=\" wp-image-366675 alignleft\" src=\"https:\/\/www.radiopiu.net\/wordpress\/wp-content\/uploads\/2023\/12\/file-3-e1702916500620-300x300.jpg\" alt=\"\" width=\"120\" height=\"120\" srcset=\"https:\/\/www.radiopiu.net\/wordpress\/wp-content\/uploads\/2023\/12\/file-3-e1702916500620-300x300.jpg 300w, https:\/\/www.radiopiu.net\/wordpress\/wp-content\/uploads\/2023\/12\/file-3-e1702916500620-150x150.jpg 150w, https:\/\/www.radiopiu.net\/wordpress\/wp-content\/uploads\/2023\/12\/file-3-e1702916500620.jpg 640w\" sizes=\"auto, (max-width: 120px) 100vw, 120px\" \/><\/a>VENEZIA<\/strong> La consigliera regionale della Lega \u2013 Liga Veneta, Silvia Cestaro, ha annunciato l\u2019approvazione di una delibera amministrativa che promuove l\u2019uso dell\u2019intelligenza artificiale per supportare le persone con disabilit\u00e0, in particolare per il riconoscimento e la diffusione della lingua dei segni italiana e della lingua dei segni tattile. Cestaro ha sottolineato che la maggioranza del Consiglio ha sostenuto il provvedimento all&#8217;unanimit\u00e0, mentre l\u2019opposizione si \u00e8 astenuta, evidenziando un consenso generale verso l\u2019iniziativa.<\/p>\n<p>&nbsp;<\/p>\n<p>&nbsp;<\/p>\n<hr \/>\n<p>&nbsp;<\/p>\n<blockquote>\n<h3>A SCUOLA DI SICUREZZA STRADALE CON I VULNERABILI<\/h3>\n<\/blockquote>\n<p><strong><a class=\"dt-pswp-item\" href=\"https:\/\/www.radiopiu.net\/wordpress\/wp-content\/uploads\/2023\/11\/SCUOLE-IN-RETE.png\" data-dt-img-description=\"\" data-large_image_width=\"570\" data-large_image_height=\"392\"><img loading=\"lazy\" decoding=\"async\" class=\" wp-image-361125 alignleft\" src=\"https:\/\/www.radiopiu.net\/wordpress\/wp-content\/uploads\/2023\/11\/SCUOLE-IN-RETE-300x206.png\" alt=\"\" width=\"162\" height=\"111\" srcset=\"https:\/\/www.radiopiu.net\/wordpress\/wp-content\/uploads\/2023\/11\/SCUOLE-IN-RETE-300x206.png 300w, https:\/\/www.radiopiu.net\/wordpress\/wp-content\/uploads\/2023\/11\/SCUOLE-IN-RETE.png 570w\" sizes=\"auto, (max-width: 162px) 100vw, 162px\" \/><\/a>BELLUNO<\/strong> La compagnia teatrale Zelda, guidata da Filippo Tognazzo, torna a Belluno con \u201cI vulnerabili,\u201d uno spettacolo dedicato alla sicurezza stradale rivolto agli studenti della provincia. Organizzato dalle Scuole in Rete con il supporto della Fondazione LHS e dell\u2019Ufficio scolastico, andr\u00e0 in scena il 14 novembre al Centro Giovanni XXIII. Questo progetto unisce arte e ricerca, coinvolgendo esperti di vari settori, per trattare in modo rigoroso ma anche divertente temi cruciali come la velocit\u00e0, la reazione, la sicurezza passiva e il concetto di vulnerabilit\u00e0. Le Scuole in Rete dimostrano cos\u00ec il loro impegno nell\u2019educazione civica, mirata alla prevenzione degli incidenti stradali, principale causa di morte tra i giovani.<\/p>\n<p>&nbsp;<\/p>\n<p>&nbsp;<\/p>\n<hr \/>\n<p>&nbsp;<\/p>\n<blockquote>\n<h3>RIAPERTO L&#8217;UFFICIO POSTALE DI ALLEGHE<\/h3>\n<\/blockquote>\n<p><strong>ALLEGHE<\/strong> \u00c8 stato riaperto ieri mattina l\u2019Ufficio Postale di Alleghe. Sono infatti terminati, nei giorni scorsi, i lavori di ristrutturazione della sede ospitata all\u2019interno del municipio in corso Italia, per accogliere, non appena saranno operativi, tutti i principali servizi della Pubblica Amministrazione<\/p>\n\n\t\t\t<style type='text\/css'>\n\t\t\t\t#gallery-4 {\n\t\t\t\t\tmargin: auto;\n\t\t\t\t}\n\t\t\t\t#gallery-4 .gallery-item {\n\t\t\t\t\tfloat: left;\n\t\t\t\t\tmargin-top: 10px;\n\t\t\t\t\ttext-align: center;\n\t\t\t\t\twidth: 50%;\n\t\t\t\t}\n\t\t\t\t#gallery-4 img {\n\t\t\t\t\tborder: 2px solid #cfcfcf;\n\t\t\t\t}\n\t\t\t\t#gallery-4 .gallery-caption {\n\t\t\t\t\tmargin-left: 0;\n\t\t\t\t}\n\t\t\t\t\/* see gallery_shortcode() in wp-includes\/media.php *\/\n\t\t\t<\/style>\n\t\t<div id='gallery-4' class='dt-gallery-container gallery galleryid-419258 gallery-columns-2 gallery-size-thumbnail'><dl class='gallery-item'>\n\t\t\t\t<dt class='gallery-icon landscape'>\n\t\t\t\t\t<a class=\"rollover rollover-zoom dt-pswp-item\" title=\"Poste Italiane ufficio postale di Alleghe.3jpg\" data-dt-img-description=\"\" data-large_image_width=\"2560\" data-large_image_height=\"1183\"href='https:\/\/www.radiopiu.net\/wordpress\/wp-content\/uploads\/2024\/11\/Poste-Italiane-ufficio-postale-di-Alleghe.3jpg-scaled.jpg'><img loading=\"lazy\" decoding=\"async\" width=\"150\" height=\"150\" src=\"https:\/\/www.radiopiu.net\/wordpress\/wp-content\/uploads\/2024\/11\/Poste-Italiane-ufficio-postale-di-Alleghe.3jpg-150x150.jpg\" class=\"attachment-thumbnail size-thumbnail\" alt=\"\" \/><\/a>\n\t\t\t\t<\/dt><\/dl><dl class='gallery-item'>\n\t\t\t\t<dt class='gallery-icon portrait'>\n\t\t\t\t\t<a class=\"rollover rollover-zoom dt-pswp-item\" title=\"Poste Italiane ufficio postale di Alleghe 2\" data-dt-img-description=\"\" data-large_image_width=\"1183\" data-large_image_height=\"2560\"href='https:\/\/www.radiopiu.net\/wordpress\/wp-content\/uploads\/2024\/11\/Poste-Italiane-ufficio-postale-di-Alleghe-2-scaled.jpg'><img loading=\"lazy\" decoding=\"async\" width=\"150\" height=\"150\" src=\"https:\/\/www.radiopiu.net\/wordpress\/wp-content\/uploads\/2024\/11\/Poste-Italiane-ufficio-postale-di-Alleghe-2-150x150.jpg\" class=\"attachment-thumbnail size-thumbnail\" alt=\"\" \/><\/a>\n\t\t\t\t<\/dt><\/dl><br style=\"clear: both\" \/>\n\t\t\t<\/div>\n\n<p>&nbsp;<\/p>\n<hr \/>\n<p>&nbsp;<\/p>\n<blockquote>\n<h3><a class=\"dt-pswp-item\" href=\"https:\/\/www.radiopiu.net\/wordpress\/wp-content\/uploads\/2021\/03\/ULSS-1.jpg\" data-dt-img-description=\"\" data-large_image_width=\"776\" data-large_image_height=\"408\"><img loading=\"lazy\" decoding=\"async\" class=\" wp-image-198838 alignleft\" src=\"https:\/\/www.radiopiu.net\/wordpress\/wp-content\/uploads\/2021\/03\/ULSS-1-300x158.jpg\" alt=\"\" width=\"173\" height=\"91\" srcset=\"https:\/\/www.radiopiu.net\/wordpress\/wp-content\/uploads\/2021\/03\/ULSS-1-300x158.jpg 300w, https:\/\/www.radiopiu.net\/wordpress\/wp-content\/uploads\/2021\/03\/ULSS-1-768x404.jpg 768w, https:\/\/www.radiopiu.net\/wordpress\/wp-content\/uploads\/2021\/03\/ULSS-1.jpg 776w\" sizes=\"auto, (max-width: 173px) 100vw, 173px\" \/><\/a>OGGI UN INCONTRO CON IL REPARTO ANESTESIA DI BELLUNO<\/h3>\n<\/blockquote>\n<p><strong>BELLUNO<\/strong> L&#8217;UOC di Anestesia di Belluno terr\u00e0 un incontro sulla partoanalgesia oggi alle 14.00 nella sala riunioni dell&#8217;Ospedale San Martino di Belluno. L&#8217;evento \u00e8 aperto a professionisti, futuri genitori e a chiunque interessato, e spiegher\u00e0 tecniche e protocolli per la gestione del dolore durante il parto.<\/p>\n<p>&nbsp;<\/p>\n<p>&nbsp;<\/p>\n<hr \/>\n<p>&nbsp;<\/p>\n<blockquote>\n<h3>INIZIATIVE PER LA GIORNATA MONDIALE DEL DIABETE<\/h3>\n<\/blockquote>\n<p><strong>BELLUNO<\/strong> In occasione della Giornata mondiale del Diabete, l&#8217;Ulss Dolomiti, insieme all&#8217;UO di Diabetologia di Belluno e ai volontari dell&#8217;Associazione Diabetici Bellunesi, organizza un&#8217;iniziativa di sensibilizzazione domani. Dalle 9.00 alle 12.00, presso l&#8217;UO di Diabetologia al V piano del Blocco Medico dell&#8217;Ospedale San Martino di Belluno, il personale sanitario e i volontari saranno disponibili per distribuire materiale informativo sul diabete e offrire misurazioni gratuite della glicemia agli utenti.<\/p>\n<p>&nbsp;<\/p>\n<p>&nbsp;<\/p>\n<hr \/>\n<h1 class=\"_title post-title entry-title\"><\/h1>\n<p>&nbsp;<\/p>\n<h1 class=\"_title post-title entry-title\"><a class=\"dt-pswp-item\" href=\"https:\/\/www.radiopiu.net\/wordpress\/wp-content\/uploads\/2023\/12\/ANTENNA.png\" data-dt-img-description=\"\" data-large_image_width=\"300\" data-large_image_height=\"166\"><img loading=\"lazy\" decoding=\"async\" class=\"size-full wp-image-366306 alignleft\" src=\"https:\/\/www.radiopiu.net\/wordpress\/wp-content\/uploads\/2023\/12\/ANTENNA.png\" alt=\"\" width=\"300\" height=\"166\" \/><\/a>CARENZA MEDICI, ANNICCHIARICO: \u00abINSIEME PER RIDARE DIGNITA\u2019 A CHI SI OCCUPA DI SALUTE<\/h1>\n<h1>\u00a0ntervistati MASSIMO ANNICCHIARICO (DIRETTORE GENERALE SANITA\u2019 REGIONE VENETO) (Servizio di <a href=\"https:\/\/antennatre.medianordest.it\/redazione\/Tiziana-Bolognani\/\">Tiziana Bolognani<\/a>)<\/h1>\n<p>&nbsp;<\/p>\n<p><iframe loading=\"lazy\" title=\"CARENZA MEDICI, ANNICCHIARICO: \u00abINSIEME PER RIDARE DIGNITA&#039; A CHI SI OCCUPA DI SALUT... | 12\/11\/2024\" width=\"1200\" height=\"675\" src=\"https:\/\/www.youtube.com\/embed\/zptm9KYA654?feature=oembed\" frameborder=\"0\" allow=\"accelerometer; autoplay; clipboard-write; encrypted-media; gyroscope; picture-in-picture; web-share\" referrerpolicy=\"strict-origin-when-cross-origin\" allowfullscreen><\/iframe><\/p>\n<p>&nbsp;<\/p>\n<p>&nbsp;<\/p>\n<hr \/>\n<p>&nbsp;<\/p>\n<div class=\"group\/conversation-turn relative flex w-full min-w-0 flex-col agent-turn\">\n<div class=\"flex-col gap-1 md:gap-3\">\n<div class=\"flex max-w-full flex-col flex-grow\">\n<div class=\"min-h-8 text-message flex w-full flex-col items-end gap-2 whitespace-normal break-words [.text-message+&amp;]:mt-5\" dir=\"auto\" data-message-author-role=\"assistant\" data-message-id=\"98da7b45-3909-4ddc-a018-9c6852e9629e\" data-message-model-slug=\"gpt-4o\">\n<div class=\"flex w-full flex-col gap-1 empty:hidden first:pt-[3px]\">\n<div class=\"markdown prose w-full break-words dark:prose-invert dark\">\n<blockquote>\n<h3><strong><a class=\"dt-pswp-item\" href=\"https:\/\/www.radiopiu.net\/wordpress\/wp-content\/uploads\/2024\/11\/Senza-nome-52.png\" data-dt-img-description=\"\" data-large_image_width=\"451\" data-large_image_height=\"106\"><img loading=\"lazy\" decoding=\"async\" class=\" wp-image-419154 alignleft\" src=\"https:\/\/www.radiopiu.net\/wordpress\/wp-content\/uploads\/2024\/11\/Senza-nome-52-300x71.png\" alt=\"\" width=\"220\" height=\"52\" srcset=\"https:\/\/www.radiopiu.net\/wordpress\/wp-content\/uploads\/2024\/11\/Senza-nome-52-300x71.png 300w, https:\/\/www.radiopiu.net\/wordpress\/wp-content\/uploads\/2024\/11\/Senza-nome-52.png 451w\" sizes=\"auto, (max-width: 220px) 100vw, 220px\" \/><\/a>Scuola aperta all\u2019 I.I.S. \u201cCatullo\u201d di Belluno<\/strong><\/h3>\n<\/blockquote>\n<\/div>\n<\/div>\n<\/div>\n<\/div>\n<\/div>\n<\/div>\n<p><strong>BELLUNO<\/strong> L\u2019Istituto \u201cCatullo\u201d organizza per sabato alle 15 il primo incontro di Scuola aperta, presso la sede centrale di via Garibaldi. Gli studenti delle classi Terze della scuola secondaria di I grado e le loro famiglie avranno la possibilit\u00e0 di conoscere l\u2019offerta formativa dei diversi indirizzi e di visitare direttamente la sede dell\u2019istituto, le aule e i laboratori. In tale occasione, oltre al Dirigente Scolastico e ai docenti, \u00e8 previsto anche l\u2019intervento di studenti che frequentano o hanno frequentato la scuola.<\/p>\n<p>&nbsp;<\/p>\n<hr \/>\n<p>&nbsp;<\/p>\n<p>&nbsp;<\/p>\n<blockquote>\n<h2><a class=\"dt-pswp-item\" href=\"https:\/\/www.radiopiu.net\/wordpress\/wp-content\/uploads\/2024\/09\/FOLLADOR.jpg\" data-dt-img-description=\"\" data-large_image_width=\"1280\" data-large_image_height=\"720\"><img loading=\"lazy\" decoding=\"async\" class=\"size-medium wp-image-411383 alignleft\" src=\"https:\/\/www.radiopiu.net\/wordpress\/wp-content\/uploads\/2024\/09\/FOLLADOR-300x169.jpg\" alt=\"\" width=\"300\" height=\"169\" srcset=\"https:\/\/www.radiopiu.net\/wordpress\/wp-content\/uploads\/2024\/09\/FOLLADOR-300x169.jpg 300w, https:\/\/www.radiopiu.net\/wordpress\/wp-content\/uploads\/2024\/09\/FOLLADOR-1024x576.jpg 1024w, https:\/\/www.radiopiu.net\/wordpress\/wp-content\/uploads\/2024\/09\/FOLLADOR-768x432.jpg 768w, https:\/\/www.radiopiu.net\/wordpress\/wp-content\/uploads\/2024\/09\/FOLLADOR.jpg 1280w\" sizes=\"auto, (max-width: 300px) 100vw, 300px\" \/><\/a>SCUOLA APERTA AL FOLLADOR DE ROSSI<\/h2>\n<\/blockquote>\n<p>&nbsp;<\/p>\n<p>DA LUNEDI SETTIMANA SPECIALE ALLA RADIO&#8230; FOLLADOR DE ROSSI! L&#8217;OFFERTA SCOLASTICA DALL&#8217;AGORDINA, DA AGORDO A FALCADE, GIORNO PER GIORNO SCOPRIAMO L&#8217;ISTITUTO MINERARIO, CHIMICO, IL LICEO, LE PECULIARITA&#8217; DELLA SCUOLA DI FALCADE CON ANNESSO CONVITTO<br \/>\nDA LUNEDI, ALLE 11 E ALLE 19.30<\/p>\n<audio class=\"wp-audio-shortcode\" id=\"audio-419258-12\" preload=\"none\" style=\"width: 100%;\" controls=\"controls\"><source type=\"audio\/mpeg\" src=\"https:\/\/www.radiopiu.net\/wordpress\/wp-content\/uploads\/2024\/11\/scuola-aperta-24-follador.mp3?_=12\" \/><a href=\"https:\/\/www.radiopiu.net\/wordpress\/wp-content\/uploads\/2024\/11\/scuola-aperta-24-follador.mp3\">https:\/\/www.radiopiu.net\/wordpress\/wp-content\/uploads\/2024\/11\/scuola-aperta-24-follador.mp3<\/a><\/audio>\n<p>&nbsp;<\/p>\n<p><img decoding=\"async\" class=\"aligncenter\" src=\"https:\/\/www.radiopiu.net\/wordpress\/wp-content\/uploads\/2021\/12\/follador-offerta-copia.jpg\" \/><\/p>\n<p>&nbsp;<\/p>\n<p>&nbsp;<\/p>\n<hr \/>\n<p>&nbsp;<\/p>\n<p><strong><a class=\"dt-pswp-item\" href=\"https:\/\/www.radiopiu.net\/wordpress\/wp-content\/uploads\/2024\/11\/AMICI-MINERARI.png\" data-dt-img-description=\"\" data-large_image_width=\"209\" data-large_image_height=\"174\"><img loading=\"lazy\" decoding=\"async\" class=\"size-full wp-image-419180 alignleft\" src=\"https:\/\/www.radiopiu.net\/wordpress\/wp-content\/uploads\/2024\/11\/AMICI-MINERARI.png\" alt=\"\" width=\"209\" height=\"174\" \/><\/a>&#8220;Con gli Amici dei Minerari: Serate d&#8217;Inverno \u2013 un viaggio tra storia, scienza e meraviglie. Incontri presso la Sala con T\u00e0-Mis. Non mancare!&#8221;<\/strong><\/p>\n<ul>\n<li><em>Venerd\u00ec 22 novembre, ore 20:30<\/em>: &#8220;Ma le Dolomiti cosa sono? Dalla prosa di Dino Buzzati alla geologia di Bruno Castiglioni&#8221; \u2013 Relatore Danilo Giordano.<\/li>\n<li><em>Venerd\u00ec 20 dicembre, ore 20:30<\/em>: &#8220;La morfogenesi delle frane&#8221; \u2013 Relatore Prof. Vittorio Fenti.<\/li>\n<li><em>Venerd\u00ec 24 gennaio, ore 20:30<\/em>: &#8220;Il meraviglioso mondo dei fossili delle Dolomiti&#8221; \u2013 Relatore Danilo Giordano.<\/li>\n<li><em>Venerd\u00ec 21 febbraio, ore 20:30<\/em>: &#8220;Il traforo del Brennero: studio, progettazione e realizzazione&#8221; \u2013 Relatori Vittorio Fenti e Mario Guadagnini.<\/li>\n<\/ul>\n<p><strong>Vivi la cultura e la passione per la montagna!<\/strong><\/p>\n<p>&nbsp;<\/p>\n<hr \/>\n<p>&nbsp;<\/p>\n<blockquote>\n<h3>A SPASSO PAR AL LOCH<\/h3>\n<\/blockquote>\n<p><strong>BELLUNO<\/strong> Sabato si terr\u00e0 &#8220;A Spasso par al Loc&#8221;, una passeggiata notturna nei boschi da Pasa a San Fermo, organizzata per sostenere la scuola materna di Salce. L\u2019escursione, arricchita da artisti e associazioni, si concluder\u00e0 con una cena tipica. Partenze scaglionate dalle 16:30 alle 18:00, con iscrizione obbligatoria e quota di partecipazione di 20 euro (8 per bambini).<\/p>\n<p>&nbsp;<\/p>\n<p>&nbsp;<\/p>\n<hr \/>\n<p>&nbsp;<\/p>\n<blockquote>\n<h3><a class=\"dt-pswp-item\" href=\"https:\/\/www.radiopiu.net\/wordpress\/wp-content\/uploads\/2024\/10\/Senza-nome-97.png\" data-dt-img-description=\"\" data-large_image_width=\"325\" data-large_image_height=\"208\"><img loading=\"lazy\" decoding=\"async\" class=\" wp-image-415809 alignleft\" src=\"https:\/\/www.radiopiu.net\/wordpress\/wp-content\/uploads\/2024\/10\/Senza-nome-97-300x192.png\" alt=\"\" width=\"159\" height=\"102\" srcset=\"https:\/\/www.radiopiu.net\/wordpress\/wp-content\/uploads\/2024\/10\/Senza-nome-97-300x192.png 300w, https:\/\/www.radiopiu.net\/wordpress\/wp-content\/uploads\/2024\/10\/Senza-nome-97.png 325w\" sizes=\"auto, (max-width: 159px) 100vw, 159px\" \/><\/a>LA CENA DEI COSCRITTI DEL 1974<\/h3>\n<\/blockquote>\n<p><strong>FALCADE<\/strong> Le cena della classe 1974 dei coscritti dell&#8217;<strong>Agordino<\/strong> si terr\u00e0\u00a0 sabato 30 novembre\u00a0 a Falcade, Hotel Stella Alpina. La cena e&#8217; aperta ai nati nel 1974 nei 16 comuni dell&#8217;Agordino, e sara&#8217; un&#8217;occasione di ritrovo,\u00a0 dopo tanto tempo e festeggiare il mezzo secolo.Info\u00a0 3478120853<\/p>\n<p>&nbsp;<\/p>\n<p>&nbsp;<\/p>\n<hr \/>\n<p>&nbsp;<\/p>\n<blockquote>\n<h3><a class=\"dt-pswp-item\" href=\"https:\/\/www.radiopiu.net\/wordpress\/wp-content\/uploads\/2024\/11\/3dc9475d-3261-4c1c-97fc-8e153d91ea4b.jpg\" data-dt-img-description=\"\" data-large_image_width=\"1432\" data-large_image_height=\"2048\"><img loading=\"lazy\" decoding=\"async\" class=\" wp-image-418524 alignleft\" src=\"https:\/\/www.radiopiu.net\/wordpress\/wp-content\/uploads\/2024\/11\/3dc9475d-3261-4c1c-97fc-8e153d91ea4b-210x300.jpg\" alt=\"\" width=\"117\" height=\"167\" srcset=\"https:\/\/www.radiopiu.net\/wordpress\/wp-content\/uploads\/2024\/11\/3dc9475d-3261-4c1c-97fc-8e153d91ea4b-210x300.jpg 210w, https:\/\/www.radiopiu.net\/wordpress\/wp-content\/uploads\/2024\/11\/3dc9475d-3261-4c1c-97fc-8e153d91ea4b-716x1024.jpg 716w, https:\/\/www.radiopiu.net\/wordpress\/wp-content\/uploads\/2024\/11\/3dc9475d-3261-4c1c-97fc-8e153d91ea4b-768x1098.jpg 768w, https:\/\/www.radiopiu.net\/wordpress\/wp-content\/uploads\/2024\/11\/3dc9475d-3261-4c1c-97fc-8e153d91ea4b-1074x1536.jpg 1074w, https:\/\/www.radiopiu.net\/wordpress\/wp-content\/uploads\/2024\/11\/3dc9475d-3261-4c1c-97fc-8e153d91ea4b.jpg 1432w\" sizes=\"auto, (max-width: 117px) 100vw, 117px\" \/><\/a>IL CONCERTO DI SAN MARTINO A BELLUNO<\/h3>\n<\/blockquote>\n<p><strong>BELLUNO<\/strong> Il Concerto di San Martino 2024 si terr\u00e0 domani alle 21 al Teatro Dino Buzzati di Belluno. L&#8217;evento vedr\u00e0 la partecipazione dell&#8217;Orchestra di Padova e del Veneto, con Miriam Dal Don come violino solista e Delio Cassetta come direttore. I biglietti sono disponibili presso il Museo Civico di Belluno o direttamente il giorno dello spettacolo al teatro a partire dalle 18:30. I prezzi variano da 28,00 euro per la platea e la galleria centrale a 24,00 euro per la galleria laterale, con riduzioni disponibili per under 20 e over 65.<\/p>\n<p>&nbsp;<\/p>\n<p><strong>IL DIRETTORE D&#8217;ORCHESTRA DELIO CASSETTA<\/strong><\/p>\n<audio class=\"wp-audio-shortcode\" id=\"audio-419258-13\" preload=\"none\" style=\"width: 100%;\" controls=\"controls\"><source type=\"audio\/mpeg\" src=\"https:\/\/www.radiopiu.net\/wordpress\/wp-content\/uploads\/2024\/11\/DELIO-CASSETTA.mp3?_=13\" \/><a href=\"https:\/\/www.radiopiu.net\/wordpress\/wp-content\/uploads\/2024\/11\/DELIO-CASSETTA.mp3\">https:\/\/www.radiopiu.net\/wordpress\/wp-content\/uploads\/2024\/11\/DELIO-CASSETTA.mp3<\/a><\/audio>\n<p>&nbsp;<\/p>\n<hr \/>\n<p>&nbsp;<\/p>\n<blockquote>\n<h3>DOMENICA IN SALA DON TAMIS L&#8217;ULTIMO APPUNTAMENTO DELLA RASSEGNA MUSICA NELL&#8217;AGORDINO<\/h3>\n<\/blockquote>\n<p><strong><a class=\"dt-pswp-item\" href=\"https:\/\/www.radiopiu.net\/wordpress\/wp-content\/uploads\/2021\/07\/SALA-DON-TAMIS.png\" data-dt-img-description=\"\" data-large_image_width=\"1354\" data-large_image_height=\"920\"><img loading=\"lazy\" decoding=\"async\" class=\" wp-image-220859 alignleft\" src=\"https:\/\/www.radiopiu.net\/wordpress\/wp-content\/uploads\/2021\/07\/SALA-DON-TAMIS-300x204.png\" alt=\"\" width=\"154\" height=\"105\" srcset=\"https:\/\/www.radiopiu.net\/wordpress\/wp-content\/uploads\/2021\/07\/SALA-DON-TAMIS-300x204.png 300w, https:\/\/www.radiopiu.net\/wordpress\/wp-content\/uploads\/2021\/07\/SALA-DON-TAMIS-1024x696.png 1024w, https:\/\/www.radiopiu.net\/wordpress\/wp-content\/uploads\/2021\/07\/SALA-DON-TAMIS-768x522.png 768w, https:\/\/www.radiopiu.net\/wordpress\/wp-content\/uploads\/2021\/07\/SALA-DON-TAMIS.png 1354w\" sizes=\"auto, (max-width: 154px) 100vw, 154px\" \/><\/a>AGORDO<\/strong> Domenica ad Agordo, alle 16 in Sala Tamis, si terr\u00e0 un evento speciale per l&#8217;ultimo appuntamento della rassegna &#8220;Musica nell&#8217;Agordino&#8221;: la proiezione del film muto restaurato sulla spedizione antartica di Sir Ernest Shackleton e il suo equipaggio, rimasti intrappolati nei ghiacci tra il 1914 e il 1916. La pellicola, concessa dal British Film Institute, racconta l&#8217;incredibile avventura vissuta in condizioni estreme. In omaggio alla tradizione dei film muti, la proiezione sar\u00e0 accompagnata dal fisarmonicista Paolo Forte, noto per le sue esibizioni nelle localit\u00e0 montane del Bellunese. L&#8217;evento, organizzato con la collaborazione del CAI, del Circolo Culturale Agordino e del Circolo Fotografico Agordino, \u00e8 a ingresso libero.<\/p>\n<p>&nbsp;<\/p>\n<p>&nbsp;<\/p>\n<hr \/>\n<p>&nbsp;<\/p>\n<blockquote>\n<h2>Autunno a Trichiana&#8221; al Cinema San Felice<\/h2>\n<\/blockquote>\n<p><strong>TRICHIANA <\/strong>A novembre, la Pro Loco di Trichiana presenta la 36esima edizione di &#8220;Autunno a Trichiana&#8221;, con quattro serate tematiche al Cinema San Felice, sempre alle 20.45 e ingresso libero.\u00a0 Il 16 novembre, Alex Bellini, esploratore e divulgatore ambientale, condivider\u00e0 esperienze di viaggio e riflessioni su inquinamento e cambiamento climatico, con un contributo di 5 euro.<\/p>\n<p>&nbsp;<\/p>\n<blockquote>\n<h2><strong>Limana: al via la Rassegna cinematografica autunnale<\/strong><\/h2>\n<\/blockquote>\n<p>Il Comune di Limana, la Biblioteca Comunale e l\u2019Assessorato alla Cultura invitano alla &#8220;Rassegna cinematografica autunnale. Registi, persone, luoghi bellunesi&#8221;. La proiezione di tre film si terr\u00e0 presso la Sala Riunioni del Municipio di Limana, offrendo un viaggio emozionante tra storie e paesaggi del territorio bellunese. Venerdi alle 20.30 I Belumat International raccontati da Giorgio Fornasier.<\/p>\n<p>&nbsp;<\/p>\n<hr \/>\n<p>&nbsp;<\/p>\n<div class=\"flex max-w-full flex-col flex-grow\">\n<div class=\"min-h-8 text-message flex w-full flex-col items-end gap-2 whitespace-normal break-words [.text-message+&amp;]:mt-5\" dir=\"auto\" data-message-author-role=\"assistant\" data-message-id=\"c3d47f35-dbf0-420d-bed1-ce0eab660a3f\" data-message-model-slug=\"gpt-4o-mini\">\n<div class=\"flex w-full flex-col gap-1 empty:hidden first:pt-[3px]\">\n<div class=\"markdown prose w-full break-words dark:prose-invert dark\">\n<blockquote>\n<h3><strong><a class=\"dt-pswp-item\" href=\"https:\/\/www.radiopiu.net\/wordpress\/wp-content\/uploads\/2024\/11\/Senza-nome-9.png\" data-dt-img-description=\"\" data-large_image_width=\"192\" data-large_image_height=\"246\"><img loading=\"lazy\" decoding=\"async\" class=\"wp-image-417941 alignleft\" src=\"https:\/\/www.radiopiu.net\/wordpress\/wp-content\/uploads\/2024\/11\/Senza-nome-9.png\" alt=\"\" width=\"99\" height=\"127\" \/><\/a>\u201cSpazio 32026\u201d a Borgo Valbelluna: un nuovo punto di ritrovo per i giovani<\/strong><\/h3>\n<\/blockquote>\n<\/div>\n<\/div>\n<\/div>\n<\/div>\n<p><strong>BORGO VALBELLUNA<\/strong> Dal 18 novembre, l\u2019Amministrazione Comunale di Borgo Valbelluna, insieme a Societ\u00e0 Nuova, inaugura \u201cSpazio 32026\u201d, uno spazio pomeridiano per studenti delle scuole secondarie di primo grado. Situato al Palazzo delle Contesse, offre supporto compiti e attivit\u00e0 scelte dai ragazzi, aiutati da educatori. Obiettivo: promuovere autonomia, creativit\u00e0 e gestione delle emozioni.<\/p>\n<p>&nbsp;<\/p>\n<p>&nbsp;<\/p>\n<hr \/>\n<p>&nbsp;<\/p>\n<h2><span style=\"color: #ff6600;\">IERI ALLA RADIO\u00a0<\/span><\/h2>\n<h2><span style=\"color: #008000;\">&#8220;DINTORN E FORA VIA&#8221;\u00a0 IL PROGRAMMA\u00a0 A CURA DEL MUSLA<\/span><\/h2>\n<p><strong><a class=\"dt-pswp-item\" href=\"https:\/\/www.radiopiu.net\/wordpress\/wp-content\/uploads\/2024\/09\/GIORNALI.jpg\" data-dt-img-description=\"\" data-large_image_width=\"1280\" data-large_image_height=\"853\"><img loading=\"lazy\" decoding=\"async\" class=\" wp-image-410862 alignleft\" src=\"https:\/\/www.radiopiu.net\/wordpress\/wp-content\/uploads\/2024\/09\/GIORNALI-300x200.jpg\" alt=\"\" width=\"177\" height=\"118\" srcset=\"https:\/\/www.radiopiu.net\/wordpress\/wp-content\/uploads\/2024\/09\/GIORNALI-300x200.jpg 300w, https:\/\/www.radiopiu.net\/wordpress\/wp-content\/uploads\/2024\/09\/GIORNALI-1024x682.jpg 1024w, https:\/\/www.radiopiu.net\/wordpress\/wp-content\/uploads\/2024\/09\/GIORNALI-768x512.jpg 768w, https:\/\/www.radiopiu.net\/wordpress\/wp-content\/uploads\/2024\/09\/GIORNALI.jpg 1280w\" sizes=\"auto, (max-width: 177px) 100vw, 177px\" \/><\/a>PUNTATA DEL 12 NOVEMBRE <span style=\"color: #ff0000;\"><span style=\"color: #000000;\">LORENZO DE VALLIER<\/span><\/span><\/strong><\/p>\n<audio class=\"wp-audio-shortcode\" id=\"audio-419258-14\" preload=\"none\" style=\"width: 100%;\" controls=\"controls\"><source type=\"audio\/mpeg\" src=\"https:\/\/www.radiopiu.net\/wordpress\/wp-content\/uploads\/2024\/11\/MUSLA-2.mp3?_=14\" \/><a href=\"https:\/\/www.radiopiu.net\/wordpress\/wp-content\/uploads\/2024\/11\/MUSLA-2.mp3\">https:\/\/www.radiopiu.net\/wordpress\/wp-content\/uploads\/2024\/11\/MUSLA-2.mp3<\/a><\/audio>\n<p>&nbsp;<\/p>\n<h2>LA RACCOLTA COMPLETA <a href=\"https:\/\/www.radiopiu.net\/wordpress\/musla\/\"><span style=\"color: #3366ff;\">CLICCA QUI<\/span><\/a><\/h2>\n<p>&nbsp;<\/p>\n<hr \/>\n<p>&nbsp;<\/p>\n<h2><span style=\"color: #ff00ff;\">DI MARTEDI&#8230; POMERIGGIO CON LUISA ALCHINI<\/span><\/h2>\n<p><span style=\"color: #ff0000;\"><strong><a class=\"dt-pswp-item\" href=\"https:\/\/www.radiopiu.net\/wordpress\/wp-content\/uploads\/2024\/11\/DINO-SAN-MARTINO.png\" data-dt-img-description=\"\" data-large_image_width=\"526\" data-large_image_height=\"265\"><img loading=\"lazy\" decoding=\"async\" class=\" wp-image-419366 alignleft\" src=\"https:\/\/www.radiopiu.net\/wordpress\/wp-content\/uploads\/2024\/11\/DINO-SAN-MARTINO-300x151.png\" alt=\"\" width=\"211\" height=\"106\" srcset=\"https:\/\/www.radiopiu.net\/wordpress\/wp-content\/uploads\/2024\/11\/DINO-SAN-MARTINO-300x151.png 300w, https:\/\/www.radiopiu.net\/wordpress\/wp-content\/uploads\/2024\/11\/DINO-SAN-MARTINO.png 526w\" sizes=\"auto, (max-width: 211px) 100vw, 211px\" \/><\/a>PUNTATA 18 PARTE UNO &#8211; IL PREMIO SAN MARTINO A BELLUNO<\/strong><\/span><\/p>\n<audio class=\"wp-audio-shortcode\" id=\"audio-419258-15\" preload=\"none\" style=\"width: 100%;\" controls=\"controls\"><source type=\"audio\/mpeg\" src=\"https:\/\/www.radiopiu.net\/wordpress\/wp-content\/uploads\/2024\/11\/LP1-1.mp3?_=15\" \/><a href=\"https:\/\/www.radiopiu.net\/wordpress\/wp-content\/uploads\/2024\/11\/LP1-1.mp3\">https:\/\/www.radiopiu.net\/wordpress\/wp-content\/uploads\/2024\/11\/LP1-1.mp3<\/a><\/audio>\n<p><span style=\"color: #ff0000;\">\u00a0<\/span><\/p>\n<p><span style=\"color: #ff0000;\"><strong>PARTE DUE<\/strong><\/span><\/p>\n<audio class=\"wp-audio-shortcode\" id=\"audio-419258-16\" preload=\"none\" style=\"width: 100%;\" controls=\"controls\"><source type=\"audio\/mpeg\" src=\"https:\/\/www.radiopiu.net\/wordpress\/wp-content\/uploads\/2024\/11\/LP2-1.mp3?_=16\" \/><a href=\"https:\/\/www.radiopiu.net\/wordpress\/wp-content\/uploads\/2024\/11\/LP2-1.mp3\">https:\/\/www.radiopiu.net\/wordpress\/wp-content\/uploads\/2024\/11\/LP2-1.mp3<\/a><\/audio>\n<p><span style=\"color: #ff0000;\"><strong>\u00a0<\/strong><\/span><\/p>\n<p><span style=\"color: #ff0000;\"><strong>PARTE TRE<\/strong><\/span><\/p>\n<audio class=\"wp-audio-shortcode\" id=\"audio-419258-17\" preload=\"none\" style=\"width: 100%;\" controls=\"controls\"><source type=\"audio\/mpeg\" src=\"https:\/\/www.radiopiu.net\/wordpress\/wp-content\/uploads\/2024\/11\/LP3-1.mp3?_=17\" \/><a href=\"https:\/\/www.radiopiu.net\/wordpress\/wp-content\/uploads\/2024\/11\/LP3-1.mp3\">https:\/\/www.radiopiu.net\/wordpress\/wp-content\/uploads\/2024\/11\/LP3-1.mp3<\/a><\/audio>\n<p>&nbsp;<\/p>\n<h2>LA RACCOLTA COMPLETA <a href=\"https:\/\/www.radiopiu.net\/wordpress\/lmt18\/\"><span style=\"color: #3366ff;\">CLICCA QUI<\/span><\/a><\/h2>\n<p>&nbsp;<\/p>\n<hr \/>\n<p>&nbsp;<\/p>\n<blockquote>\n<h1>EPCENTER CON FRANCESCO ZILLIO<\/h1>\n<\/blockquote>\n<p><iframe loading=\"lazy\" title=\"EPCENTER, HOTEL SAN MARCO STORIA E TECNOLOGIA\" width=\"1200\" height=\"675\" src=\"https:\/\/www.youtube.com\/embed\/csE1bDM1bxg?feature=oembed\" frameborder=\"0\" allow=\"accelerometer; autoplay; clipboard-write; encrypted-media; gyroscope; picture-in-picture; web-share\" referrerpolicy=\"strict-origin-when-cross-origin\" allowfullscreen><\/iframe><\/p>\n<p>&nbsp;<\/p>\n<p>&nbsp;<\/p>\n<hr \/>\n<p>&nbsp;<\/p>\n<blockquote>\n<h3>SERENA SOPPERA E LA VISITA AL CASTELLO DI ANDRAZ<\/h3>\n<\/blockquote>\n<p><strong>REDAZIONE<\/strong> E&#8217; uscito da qualche ora l&#8217;ultimo video di Serena Soppera sul suo canale YouTube. Questa volta ci porta a visitare il Catello di Andraz<\/p>\n<p><strong>IL VIDEO<\/strong><\/p>\n<p><iframe loading=\"lazy\" title=\"Visita al Castello di Andraz #viralvideo #travel\" width=\"1200\" height=\"675\" src=\"https:\/\/www.youtube.com\/embed\/94mp12F0hFw?feature=oembed\" frameborder=\"0\" allow=\"accelerometer; autoplay; clipboard-write; encrypted-media; gyroscope; picture-in-picture; web-share\" referrerpolicy=\"strict-origin-when-cross-origin\" allowfullscreen><\/iframe><\/p>\n<p>&nbsp;<\/p>\n<hr \/>\n<p>&nbsp;<\/p>\n<a href=\"https:\/\/www.radiopiu.net\/wordpress\/wp-content\/uploads\/2024\/11\/manifesto-70-soccorso.pdf\" class=\"pdfemb-viewer\" style=\"\" data-width=\"max\" data-height=\"max\" data-toolbar=\"top\" data-toolbar-fixed=\"on\">manifesto-70 soccorso<\/a>\n<p>&nbsp;<\/p>\n<hr \/>\n<p>&nbsp;<\/p>\n<blockquote>\n<h3>&#8220;FUGA IN NORMANDIA&#8221;, IN PROGRAMMAZIONE NEL FINE SETTIMANA AL CINEMA DOLOMITI DI FALCADE<\/h3>\n<\/blockquote>\n<p><strong><a class=\"dt-pswp-item\" href=\"https:\/\/www.radiopiu.net\/wordpress\/wp-content\/uploads\/2024\/11\/fuga-in-normandia-locandina.jpg\" data-dt-img-description=\"\" data-large_image_width=\"420\" data-large_image_height=\"588\"><img loading=\"lazy\" decoding=\"async\" class=\" wp-image-419228 alignleft\" src=\"https:\/\/www.radiopiu.net\/wordpress\/wp-content\/uploads\/2024\/11\/fuga-in-normandia-locandina-214x300.jpg\" alt=\"\" width=\"112\" height=\"157\" srcset=\"https:\/\/www.radiopiu.net\/wordpress\/wp-content\/uploads\/2024\/11\/fuga-in-normandia-locandina-214x300.jpg 214w, https:\/\/www.radiopiu.net\/wordpress\/wp-content\/uploads\/2024\/11\/fuga-in-normandia-locandina.jpg 420w\" sizes=\"auto, (max-width: 112px) 100vw, 112px\" \/><\/a>REDAZIONE<\/strong> &#8220;Fuga In Normandia&#8221; il film che nel fine settimana sar\u00e0 in programmazione al Cinema Dolomiti di Falcade. Il film, ispirato alla storia del veterano Bernard Jordan, racconta di Bernie e Rene Jordan, un&#8217;anziana coppia in una casa di riposo. Bernie, ex combattente della Royal Navy nella Seconda Guerra Mondiale, decide di scappare dall\u2019istituto per partecipare alle celebrazioni del 70\u00b0 anniversario dello sbarco in Normandia. Questa pellicola rappresenta l\u2019ultima apparizione di Glenda Jackson e di Michael Caine prima del suo ritiro dalle scene. La pellicola \u00e8 in programmazione sabato e domenica alle 21, domenica anche alle 15:30.<\/p>\n<p><strong>di Paola Lanciato<\/strong><\/p>\n<audio class=\"wp-audio-shortcode\" id=\"audio-419258-18\" preload=\"none\" style=\"width: 100%;\" controls=\"controls\"><source type=\"audio\/mpeg\" src=\"https:\/\/www.radiopiu.net\/wordpress\/wp-content\/uploads\/2024\/11\/Fuga-In-Normandia.mp3?_=18\" \/><a href=\"https:\/\/www.radiopiu.net\/wordpress\/wp-content\/uploads\/2024\/11\/Fuga-In-Normandia.mp3\">https:\/\/www.radiopiu.net\/wordpress\/wp-content\/uploads\/2024\/11\/Fuga-In-Normandia.mp3<\/a><\/audio>\n<p>&nbsp;<\/p>\n<hr \/>\n<p>&nbsp;<\/p>\n<h2><span style=\"color: #ff0000;\"><a class=\"dt-pswp-item\" href=\"https:\/\/www.radiopiu.net\/wordpress\/wp-content\/uploads\/2018\/09\/appuntamenti.jpeg\" data-dt-img-description=\"\" data-large_image_width=\"800\" data-large_image_height=\"100\"><img loading=\"lazy\" decoding=\"async\" class=\"wp-image-61958 size-full aligncenter\" src=\"https:\/\/www.radiopiu.net\/wordpress\/wp-content\/uploads\/2018\/09\/appuntamenti.jpeg\" alt=\"\" width=\"800\" height=\"100\" srcset=\"https:\/\/www.radiopiu.net\/wordpress\/wp-content\/uploads\/2018\/09\/appuntamenti.jpeg 800w, https:\/\/www.radiopiu.net\/wordpress\/wp-content\/uploads\/2018\/09\/appuntamenti-300x38.jpeg 300w, https:\/\/www.radiopiu.net\/wordpress\/wp-content\/uploads\/2018\/09\/appuntamenti-768x96.jpeg 768w\" sizes=\"auto, (max-width: 800px) 100vw, 800px\" \/><\/a><\/span><\/h2>\n<p>&nbsp;<\/p>\n<div style=\"width: 1200px;\" class=\"wp-video\"><video class=\"wp-video-shortcode\" id=\"video-419258-1\" width=\"1200\" height=\"675\" preload=\"metadata\" controls=\"controls\"><source type=\"video\/mp4\" src=\"https:\/\/www.radiopiu.net\/wordpress\/wp-content\/uploads\/2024\/10\/WhatsApp-Video-2024-10-23-at-00.12.10.mp4?_=1\" \/><a href=\"https:\/\/www.radiopiu.net\/wordpress\/wp-content\/uploads\/2024\/10\/WhatsApp-Video-2024-10-23-at-00.12.10.mp4\">https:\/\/www.radiopiu.net\/wordpress\/wp-content\/uploads\/2024\/10\/WhatsApp-Video-2024-10-23-at-00.12.10.mp4<\/a><\/video><\/div>\n<p><strong>\u00a0<\/strong><\/p>\n<p><strong>FALCADE <\/strong>RIAPRE IL CINEMA DOLOMITI DI FALCADE. SABATO E DOMENICA VERR\u00c0 PROIETTATO IL FILM FUGA IN NORMANDIA. SPETTACOLI ALLE 21, DOMENICA ANCHE ALLE 15:30<\/p>\n<div class=\"flex-shrink-0 flex flex-col relative items-end\">\n<div class=\"pt-0\">\n<div class=\"gizmo-bot-avatar flex h-8 w-8 items-center justify-center overflow-hidden rounded-full\">\n<p class=\"relative p-1 rounded-sm flex items-center justify-center bg-token-main-surface-primary text-token-text-primary h-8 w-8\"><strong>CANALE D&#8217;AGORDO <\/strong>Jazzercise \u00e8 un allenamento ad alta intensit\u00e0 che combina danza, pilates, yoga e kickboxing, adatto a tutti i livelli di fitness. \u00c8 efficace per tonificare i muscoli, migliorare la postura e ottenere un fisico snello. Nell&#8217;Agordino, le lezioni si tengono a Canale d&#8217;Agordo, nella sala ex emigranti di via Lotta, il luned\u00ec dalle 18:15 alle 19:15 e il mercoled\u00ec dalle 18:30 alle 19:30. L&#8217;istruttrice certificata RaLuca ti aspetta per un allenamento coinvolgente al ritmo di musica attuale. Per informazioni: 347 9295478<\/p>\n<\/div>\n<\/div>\n<\/div>\n<p>&nbsp;<\/p>\n<p>&nbsp;<\/p>\n<div>\n<div class=\"\" dir=\"auto\">\n<div id=\":r9h:\" class=\"x1iorvi4 x1pi30zi x1l90r2v x1swvt13\" data-ad-comet-preview=\"message\" data-ad-preview=\"message\">\n\n\t\t\t<style type='text\/css'>\n\t\t\t\t#gallery-5 {\n\t\t\t\t\tmargin: auto;\n\t\t\t\t}\n\t\t\t\t#gallery-5 .gallery-item {\n\t\t\t\t\tfloat: left;\n\t\t\t\t\tmargin-top: 10px;\n\t\t\t\t\ttext-align: center;\n\t\t\t\t\twidth: 25%;\n\t\t\t\t}\n\t\t\t\t#gallery-5 img {\n\t\t\t\t\tborder: 2px solid #cfcfcf;\n\t\t\t\t}\n\t\t\t\t#gallery-5 .gallery-caption {\n\t\t\t\t\tmargin-left: 0;\n\t\t\t\t}\n\t\t\t\t\/* see gallery_shortcode() in wp-includes\/media.php *\/\n\t\t\t<\/style>\n\t\t<div id='gallery-5' class='dt-gallery-container gallery galleryid-419258 gallery-columns-4 gallery-size-thumbnail'><dl class='gallery-item'>\n\t\t\t\t<dt class='gallery-icon portrait'>\n\t\t\t\t\t<a class=\"rollover rollover-zoom dt-pswp-item\" title=\"967a322c-9996-42d7-af75-662ca7d89e84\" data-dt-img-description=\"\" data-large_image_width=\"1080\" data-large_image_height=\"1519\"href='https:\/\/www.radiopiu.net\/wordpress\/wp-content\/uploads\/2024\/10\/967a322c-9996-42d7-af75-662ca7d89e84-1.jpg'><img loading=\"lazy\" decoding=\"async\" width=\"150\" height=\"150\" src=\"https:\/\/www.radiopiu.net\/wordpress\/wp-content\/uploads\/2024\/10\/967a322c-9996-42d7-af75-662ca7d89e84-1-150x150.jpg\" class=\"attachment-thumbnail size-thumbnail\" alt=\"\" aria-describedby=\"gallery-5-413698\" \/><\/a>\n\t\t\t\t<\/dt>\n\t\t\t\t\t<dd class='wp-caption-text gallery-caption' id='gallery-5-413698'>\n\t\t\t\t\tDOMANI\n\t\t\t\t\t<\/dd><\/dl><dl class='gallery-item'>\n\t\t\t\t<dt class='gallery-icon portrait'>\n\t\t\t\t\t<a class=\"rollover rollover-zoom dt-pswp-item\" title=\"Esoterismo islamico Taddeo Bez 15 e 22 novembre 2024\" data-dt-img-description=\"\" data-large_image_width=\"1447\" data-large_image_height=\"2048\"href='https:\/\/www.radiopiu.net\/wordpress\/wp-content\/uploads\/2024\/11\/Esoterismo-islamico-Taddeo-Bez-15-e-22-novembre-2024.jpg'><img loading=\"lazy\" decoding=\"async\" width=\"150\" height=\"150\" src=\"https:\/\/www.radiopiu.net\/wordpress\/wp-content\/uploads\/2024\/11\/Esoterismo-islamico-Taddeo-Bez-15-e-22-novembre-2024-150x150.jpg\" class=\"attachment-thumbnail size-thumbnail\" alt=\"\" aria-describedby=\"gallery-5-417756\" \/><\/a>\n\t\t\t\t<\/dt>\n\t\t\t\t\t<dd class='wp-caption-text gallery-caption' id='gallery-5-417756'>\n\t\t\t\t\tAL CENTRO LA TERRA DEI PADRI\n\t\t\t\t\t<\/dd><\/dl><dl class='gallery-item'>\n\t\t\t\t<dt class='gallery-icon portrait'>\n\t\t\t\t\t<a class=\"rollover rollover-zoom dt-pswp-item\" title=\"892c7713-1201-42b0-b257-3bd45f0132bb\" data-dt-img-description=\"\" data-large_image_width=\"1118\" data-large_image_height=\"1600\"href='https:\/\/www.radiopiu.net\/wordpress\/wp-content\/uploads\/2024\/11\/892c7713-1201-42b0-b257-3bd45f0132bb.jpg'><img loading=\"lazy\" decoding=\"async\" width=\"150\" height=\"150\" src=\"https:\/\/www.radiopiu.net\/wordpress\/wp-content\/uploads\/2024\/11\/892c7713-1201-42b0-b257-3bd45f0132bb-150x150.jpg\" class=\"attachment-thumbnail size-thumbnail\" alt=\"\" aria-describedby=\"gallery-5-418091\" \/><\/a>\n\t\t\t\t<\/dt>\n\t\t\t\t\t<dd class='wp-caption-text gallery-caption' id='gallery-5-418091'>\n\t\t\t\t\tCASTAGNATA AD ARABBA\n\t\t\t\t\t<\/dd><\/dl><dl class='gallery-item'>\n\t\t\t\t<dt class='gallery-icon landscape'>\n\t\t\t\t\t<a class=\"rollover rollover-zoom dt-pswp-item\" title=\"PUCCINI Ponte Nelle Alpi\" data-dt-img-description=\"\" data-large_image_width=\"1440\" data-large_image_height=\"1440\"href='https:\/\/www.radiopiu.net\/wordpress\/wp-content\/uploads\/2024\/11\/PUCCINI-Ponte-Nelle-Alpi.jpg'><img loading=\"lazy\" decoding=\"async\" width=\"150\" height=\"150\" src=\"https:\/\/www.radiopiu.net\/wordpress\/wp-content\/uploads\/2024\/11\/PUCCINI-Ponte-Nelle-Alpi-150x150.jpg\" class=\"attachment-thumbnail size-thumbnail\" alt=\"\" aria-describedby=\"gallery-5-418509\" srcset=\"https:\/\/www.radiopiu.net\/wordpress\/wp-content\/uploads\/2024\/11\/PUCCINI-Ponte-Nelle-Alpi-150x150.jpg 150w, https:\/\/www.radiopiu.net\/wordpress\/wp-content\/uploads\/2024\/11\/PUCCINI-Ponte-Nelle-Alpi-300x300.jpg 300w, https:\/\/www.radiopiu.net\/wordpress\/wp-content\/uploads\/2024\/11\/PUCCINI-Ponte-Nelle-Alpi-1024x1024.jpg 1024w, https:\/\/www.radiopiu.net\/wordpress\/wp-content\/uploads\/2024\/11\/PUCCINI-Ponte-Nelle-Alpi-768x768.jpg 768w, https:\/\/www.radiopiu.net\/wordpress\/wp-content\/uploads\/2024\/11\/PUCCINI-Ponte-Nelle-Alpi.jpg 1440w\" sizes=\"auto, (max-width: 150px) 100vw, 150px\" \/><\/a>\n\t\t\t\t<\/dt>\n\t\t\t\t\t<dd class='wp-caption-text gallery-caption' id='gallery-5-418509'>\n\t\t\t\t\tLA BOHEME A PONTE NELLE ALPI\n\t\t\t\t\t<\/dd><\/dl><br style=\"clear: both\" \/><dl class='gallery-item'>\n\t\t\t\t<dt class='gallery-icon portrait'>\n\t\t\t\t\t<a class=\"rollover rollover-zoom dt-pswp-item\" title=\"d000b47a-efc8-4f75-b6e4-79170d053eeb\" data-dt-img-description=\"\" data-large_image_width=\"719\" data-large_image_height=\"990\"href='https:\/\/www.radiopiu.net\/wordpress\/wp-content\/uploads\/2024\/11\/d000b47a-efc8-4f75-b6e4-79170d053eeb.jpg'><img loading=\"lazy\" decoding=\"async\" width=\"150\" height=\"150\" src=\"https:\/\/www.radiopiu.net\/wordpress\/wp-content\/uploads\/2024\/11\/d000b47a-efc8-4f75-b6e4-79170d053eeb-150x150.jpg\" class=\"attachment-thumbnail size-thumbnail\" alt=\"\" aria-describedby=\"gallery-5-418521\" \/><\/a>\n\t\t\t\t<\/dt>\n\t\t\t\t\t<dd class='wp-caption-text gallery-caption' id='gallery-5-418521'>\n\t\t\t\t\tGARA DI BRISCOLA AD AGORDO\n\t\t\t\t\t<\/dd><\/dl><dl class='gallery-item'>\n\t\t\t\t<dt class='gallery-icon portrait'>\n\t\t\t\t\t<a class=\"rollover rollover-zoom dt-pswp-item\" title=\"manifesto serate invernali\" data-dt-img-description=\"\" data-large_image_width=\"1683\" data-large_image_height=\"2383\"href='https:\/\/www.radiopiu.net\/wordpress\/wp-content\/uploads\/2024\/11\/manifesto-serate-invernali.jpg'><img loading=\"lazy\" decoding=\"async\" width=\"150\" height=\"150\" src=\"https:\/\/www.radiopiu.net\/wordpress\/wp-content\/uploads\/2024\/11\/manifesto-serate-invernali-150x150.jpg\" class=\"attachment-thumbnail size-thumbnail\" alt=\"\" aria-describedby=\"gallery-5-418816\" \/><\/a>\n\t\t\t\t<\/dt>\n\t\t\t\t\t<dd class='wp-caption-text gallery-caption' id='gallery-5-418816'>\n\t\t\t\t\t21 FEBBRAIO\n\t\t\t\t\t<\/dd><\/dl><dl class='gallery-item'>\n\t\t\t\t<dt class='gallery-icon portrait'>\n\t\t\t\t\t<a class=\"rollover rollover-zoom dt-pswp-item\" title=\"PL_Sosp_A4_CENE\" data-dt-img-description=\"\" data-large_image_width=\"992\" data-large_image_height=\"1403\"href='https:\/\/www.radiopiu.net\/wordpress\/wp-content\/uploads\/2024\/11\/PL_Sosp_A4_CENE.jpg'><img loading=\"lazy\" decoding=\"async\" width=\"150\" height=\"150\" src=\"https:\/\/www.radiopiu.net\/wordpress\/wp-content\/uploads\/2024\/11\/PL_Sosp_A4_CENE-150x150.jpg\" class=\"attachment-thumbnail size-thumbnail\" alt=\"\" aria-describedby=\"gallery-5-419072\" \/><\/a>\n\t\t\t\t<\/dt>\n\t\t\t\t\t<dd class='wp-caption-text gallery-caption' id='gallery-5-419072'>\n\t\t\t\t\tCON LA PRO LOCO MONTI DEL SOLE\n\t\t\t\t\t<\/dd><\/dl>\n\t\t\t\t<br style='clear: both' \/>\n\t\t\t<\/div>\n\n<blockquote class=\"wp-embedded-content\" data-secret=\"00B7emGegu\"><p><a href=\"https:\/\/www.radiopiu.net\/wordpress\/pirole-de-lenga-la-parola-del-giorno-a-cura-del-musla-raccolta-completa\/\">PIROLE DE LENGA&#8230; LA PAROLA DEL GIORNO A CURA DEL MUSLA -raccolta completa &#8211;<\/a><\/p><\/blockquote>\n<p><iframe loading=\"lazy\" class=\"wp-embedded-content\" sandbox=\"allow-scripts\" security=\"restricted\" style=\"position: absolute; visibility: hidden;\" title=\"&#8220;PIROLE DE LENGA&#8230; LA PAROLA DEL GIORNO A CURA DEL MUSLA -raccolta completa &#8211;&#8221; &#8212; Radio Pi\u00f9\" src=\"https:\/\/www.radiopiu.net\/wordpress\/pirole-de-lenga-la-parola-del-giorno-a-cura-del-musla-raccolta-completa\/embed\/#?secret=kv0miZ1L91#?secret=00B7emGegu\" data-secret=\"00B7emGegu\" width=\"600\" height=\"338\" frameborder=\"0\" marginwidth=\"0\" marginheight=\"0\" scrolling=\"no\"><\/iframe><\/p>\n<blockquote class=\"wp-embedded-content\" data-secret=\"BWt2CCpoGi\"><p><a href=\"https:\/\/www.radiopiu.net\/wordpress\/set5a\/\">EL BAL DEL FIOR, DETTI E MODI DI DIRE  LA RACCOLTA COMPLETA<\/a><\/p><\/blockquote>\n<p><iframe loading=\"lazy\" class=\"wp-embedded-content\" sandbox=\"allow-scripts\" security=\"restricted\" style=\"position: absolute; visibility: hidden;\" title=\"&#8220;EL BAL DEL FIOR, DETTI E MODI DI DIRE  LA RACCOLTA COMPLETA&#8221; &#8212; Radio Pi\u00f9\" src=\"https:\/\/www.radiopiu.net\/wordpress\/set5a\/embed\/#?secret=VdLjrpgZxW#?secret=BWt2CCpoGi\" data-secret=\"BWt2CCpoGi\" width=\"600\" height=\"338\" frameborder=\"0\" marginwidth=\"0\" marginheight=\"0\" scrolling=\"no\"><\/iframe><\/p>\n<blockquote class=\"wp-embedded-content\" data-secret=\"oWMNffrxmR\"><p><a href=\"https:\/\/www.radiopiu.net\/wordpress\/almanac1\/\">N di parom &#8211; L Almanach de la nosta jent RACCOLTA COMPLETA<\/a><\/p><\/blockquote>\n<p><iframe loading=\"lazy\" class=\"wp-embedded-content\" sandbox=\"allow-scripts\" security=\"restricted\" style=\"position: absolute; visibility: hidden;\" title=\"&#8220;N di parom &#8211; L Almanach de la nosta jent RACCOLTA COMPLETA&#8221; &#8212; Radio Pi\u00f9\" src=\"https:\/\/www.radiopiu.net\/wordpress\/almanac1\/embed\/#?secret=d7SXZpcOk9#?secret=oWMNffrxmR\" data-secret=\"oWMNffrxmR\" width=\"600\" height=\"338\" frameborder=\"0\" marginwidth=\"0\" marginheight=\"0\" scrolling=\"no\"><\/iframe><\/p>\n<\/div>\n<\/div>\n<\/div>\n<p>&nbsp;<\/p>\n<hr \/>\n<p>&nbsp;<\/p>\n<p class=\"mceTemp\"><a class=\"dt-pswp-item\" href=\"https:\/\/www.radiopiu.net\/wordpress\/wp-content\/uploads\/2018\/09\/WhatsApp-Image-2018-09-20-at-16.04.06.jpeg\" data-dt-img-description=\"\" data-large_image_width=\"800\" data-large_image_height=\"100\"><img loading=\"lazy\" decoding=\"async\" class=\"wp-image-61378 size-full aligncenter\" src=\"https:\/\/www.radiopiu.net\/wordpress\/wp-content\/uploads\/2018\/09\/WhatsApp-Image-2018-09-20-at-16.04.06.jpeg\" alt=\"\" width=\"800\" height=\"100\" srcset=\"https:\/\/www.radiopiu.net\/wordpress\/wp-content\/uploads\/2018\/09\/WhatsApp-Image-2018-09-20-at-16.04.06.jpeg 800w, https:\/\/www.radiopiu.net\/wordpress\/wp-content\/uploads\/2018\/09\/WhatsApp-Image-2018-09-20-at-16.04.06-300x38.jpeg 300w, https:\/\/www.radiopiu.net\/wordpress\/wp-content\/uploads\/2018\/09\/WhatsApp-Image-2018-09-20-at-16.04.06-768x96.jpeg 768w\" sizes=\"auto, (max-width: 800px) 100vw, 800px\" \/><\/a><\/p>\n<p><center><\/center><center><\/center>&nbsp;<\/p>\n<p><center><\/center><center><b>OGGI<\/b><\/center>Al mattino sole e cielo terso, assieme ad aria secca ed ottima visibilit\u00e0. Dal primo pomeriggio arrivo di nubi alte, dapprima per velature, in seguito per estesa e compatta copertura stratiforme in grado di coprire il cielo e di dar luogo a qualche fenomeno in tarda serata sulle Dolomiti nord-occidentali.<br \/>\n<b>Precipitazioni: <\/b>Assenti, salvo primi fiocchi in alta quota in tarda serata sulle Dolomiti nord-occidentali<br \/>\n<b>Temperature: <\/b>Minime in calo nelle valli e stazionarie in alta quota con diffuse gelate notturne, anche alle quote pi\u00f9 basse; massime in diminuzione per deficit di soleggiamento pomeridiano.<\/p>\n<hr \/>\n<p><center><b>DOMANI<\/b><\/center>Nottetempo cielo coperto e probabili deboli fenomeni sparsi. Dal primo mattino miglioramento del tempo e diradamento delle nuvolosit\u00e0 con rasserenamenti via via pi\u00f9 ampi a partire dalle Dolomiti, in successiva estensione alle Prealpi. Al pomeriggio sole e cielo sereno ovunque con aria limpida tipica delle situazioni di sottovento<br \/>\n<b>Precipitazioni: <\/b>Nottetempo e al primo mattino deboli o debolissime precipitazioni (60-70%), nevose fino sui 1000-1200 m. Poi per tutto il resto del tempo assenti<br \/>\n<b>Temperature: <\/b>In generale calo in quota, mentre saranno in aumento in molte valli sia per assenza d&#8217;irraggiamento notturno che per gli episodi di Foehn.<\/p>\n<hr \/>\n<p><center><b>VENERDI<\/b><\/center>Stupenda giornata autunnale con sole, cielo sereno, aria tersa ed ottima visibilit\u00e0. La sola eccezione potr\u00e0 essere qualche banco di nebbia nelle ore pi\u00f9 fredde lungo la valle de Piave. Ad eccezione delle minime in calo nelle valli, le temperature saranno in generale rialzo, specie in quota, di conseguenza l&#8217;inversione termica aumenter\u00e0 nelle valli, specie quelle in ombra.<\/p>\n<hr \/>\n<p><center><b>SABATO<\/b><\/center>Altra stupenda giornata autunnale con sole, cielo sereno, aria tersa ed ottima visibilit\u00e0. La sola eccezione risieder\u00e0 in qualche banco di nebbia nelle ore pi\u00f9 fredde lungo la valle de Piave. Temperature in generale aumento, specie le massime nei settori pi\u00f9 assolati. Inversione termica notturna nelle valli, la quale persister\u00e0 di giorno in quelle in ombra.<\/p>\n<p>&nbsp;<\/p>\n<hr \/>\n<p>&nbsp;<\/p>\n<p>&nbsp;<\/p>\n<p class=\"mceTemp\"><a class=\"dt-pswp-item\" href=\"https:\/\/www.radiopiu.net\/wordpress\/wp-content\/uploads\/2018\/09\/sport.jpg\" data-dt-img-description=\"\" data-large_image_width=\"800\" data-large_image_height=\"100\"><img loading=\"lazy\" decoding=\"async\" class=\"aligncenter wp-image-60761 size-full\" src=\"https:\/\/www.radiopiu.net\/wordpress\/wp-content\/uploads\/2018\/09\/sport.jpg\" alt=\"\" width=\"800\" height=\"100\" srcset=\"https:\/\/www.radiopiu.net\/wordpress\/wp-content\/uploads\/2018\/09\/sport.jpg 800w, https:\/\/www.radiopiu.net\/wordpress\/wp-content\/uploads\/2018\/09\/sport-300x38.jpg 300w, https:\/\/www.radiopiu.net\/wordpress\/wp-content\/uploads\/2018\/09\/sport-768x96.jpg 768w\" sizes=\"auto, (max-width: 800px) 100vw, 800px\" \/><\/a><span style=\"color: #0000ff;\"><strong>\u00a0 \u00a0 \u00a0 \u00a0 \u00a0<\/strong><\/span><\/p>\n<p><span style=\"color: #0000ff;\"><strong>KARATE<\/strong><\/span><\/p>\n<blockquote>\n<h3>TSKS BELLUNO SUL PODIO A SAN MARINO<\/h3>\n<\/blockquote>\n<p>Due medaglie per il Tsks Belluno all&#8217;Open di San Marino: Lorenzo Pontil Scala ha conquistato il bronzo nel kumite (categoria under 14 -50 kg), mentre Gabriele Lam ha ottenuto l\u2019argento nel kata. La competizione ha visto oltre 500 atleti da tutta Italia sfidarsi nei tatami, con eccellenti prestazioni anche di Antonio Buzesco Pop, Loris Da Rin, Linda Pompanin, Letizia Zanetto e Giada Gaspari, seppur senza medaglie. Il maestro Roberto Bacchilega ha commentato il rammarico per Linda, squalificata per un errore nel finale, e per Lorenzo, penalizzato da una valutazione errata degli arbitri. I karateki bellunesi ora si preparano per la prossima gara a Lubiana, Slovenia.<\/p>\n\n\t\t\t<style type='text\/css'>\n\t\t\t\t#gallery-6 {\n\t\t\t\t\tmargin: auto;\n\t\t\t\t}\n\t\t\t\t#gallery-6 .gallery-item {\n\t\t\t\t\tfloat: left;\n\t\t\t\t\tmargin-top: 10px;\n\t\t\t\t\ttext-align: center;\n\t\t\t\t\twidth: 50%;\n\t\t\t\t}\n\t\t\t\t#gallery-6 img {\n\t\t\t\t\tborder: 2px solid #cfcfcf;\n\t\t\t\t}\n\t\t\t\t#gallery-6 .gallery-caption {\n\t\t\t\t\tmargin-left: 0;\n\t\t\t\t}\n\t\t\t\t\/* see gallery_shortcode() in wp-includes\/media.php *\/\n\t\t\t<\/style>\n\t\t<div id='gallery-6' class='dt-gallery-container gallery galleryid-419258 gallery-columns-2 gallery-size-thumbnail'><dl class='gallery-item'>\n\t\t\t\t<dt class='gallery-icon portrait'>\n\t\t\t\t\t<a class=\"rollover rollover-zoom dt-pswp-item\" title=\"Pontil bronzo\" data-dt-img-description=\"\" data-large_image_width=\"900\" data-large_image_height=\"1300\"href='https:\/\/www.radiopiu.net\/wordpress\/wp-content\/uploads\/2024\/11\/Pontil-bronzo.jpg'><img loading=\"lazy\" decoding=\"async\" width=\"150\" height=\"150\" src=\"https:\/\/www.radiopiu.net\/wordpress\/wp-content\/uploads\/2024\/11\/Pontil-bronzo-150x150.jpg\" class=\"attachment-thumbnail size-thumbnail\" alt=\"\" \/><\/a>\n\t\t\t\t<\/dt><\/dl><dl class='gallery-item'>\n\t\t\t\t<dt class='gallery-icon portrait'>\n\t\t\t\t\t<a class=\"rollover rollover-zoom dt-pswp-item\" title=\"Lam argento\" data-dt-img-description=\"\" data-large_image_width=\"1200\" data-large_image_height=\"1600\"href='https:\/\/www.radiopiu.net\/wordpress\/wp-content\/uploads\/2024\/11\/Lam-argento.jpg'><img loading=\"lazy\" decoding=\"async\" width=\"150\" height=\"150\" src=\"https:\/\/www.radiopiu.net\/wordpress\/wp-content\/uploads\/2024\/11\/Lam-argento-150x150.jpg\" class=\"attachment-thumbnail size-thumbnail\" alt=\"\" \/><\/a>\n\t\t\t\t<\/dt><\/dl><br style=\"clear: both\" \/>\n\t\t\t<\/div>\n\n<p>&nbsp;<\/p>\n<p>&nbsp;<\/p>\n<p>&nbsp;<\/p>\n","protected":false},"excerpt":{"rendered":"<p>******* LA\u00a0 APP PER IOS-IPHONE di Nicola Vettorello https:\/\/apps.apple.com\/it\/app\/radio-pi%C3%B9-emittente-agordina\/id1515939845 LA\u00a0 APP RADIO\u00a0 PER ANDROID di Nicola Vettorello https:\/\/play.google.com\/store\/apps\/details?id=net.radiopiu.iniko\u00a0\u00a0\u00a0 &nbsp; &nbsp; &nbsp; &nbsp; OGGI ALLA RADIO&#8230;. ALLE 4 E ALLE 6 LE NOTIZIE DALL&#8217;ITALIA E DAL MONDO 0500 l&#8217;almanacco della nostra gente con il MUSLA\u00a0 6.15 PIROLE DE LENGA A CURA DEL MUSLA 7.20 EL BAL&hellip;<\/p>\n","protected":false},"author":4,"featured_media":419338,"comment_status":"closed","ping_status":"closed","sticky":false,"template":"","format":"standard","meta":{"_monsterinsights_skip_tracking":false,"_monsterinsights_sitenote_active":false,"_monsterinsights_sitenote_note":"","_monsterinsights_sitenote_category":0,"footnotes":""},"categories":[51,86,49],"tags":[],"class_list":["post-419258","post","type-post","status-publish","format-standard","has-post-thumbnail","hentry","category-evidenza-top","category-gr","category-news-18","category-51","category-86","category-49","description-off"],"img_url":"https:\/\/www.radiopiu.net\/wordpress\/wp-content\/uploads\/2024\/11\/Presso-la-Gusela-scaled.jpg","_links":{"self":[{"href":"https:\/\/www.radiopiu.net\/wordpress\/wp-json\/wp\/v2\/posts\/419258","targetHints":{"allow":["GET"]}}],"collection":[{"href":"https:\/\/www.radiopiu.net\/wordpress\/wp-json\/wp\/v2\/posts"}],"about":[{"href":"https:\/\/www.radiopiu.net\/wordpress\/wp-json\/wp\/v2\/types\/post"}],"author":[{"embeddable":true,"href":"https:\/\/www.radiopiu.net\/wordpress\/wp-json\/wp\/v2\/users\/4"}],"replies":[{"embeddable":true,"href":"https:\/\/www.radiopiu.net\/wordpress\/wp-json\/wp\/v2\/comments?post=419258"}],"version-history":[{"count":29,"href":"https:\/\/www.radiopiu.net\/wordpress\/wp-json\/wp\/v2\/posts\/419258\/revisions"}],"predecessor-version":[{"id":419463,"href":"https:\/\/www.radiopiu.net\/wordpress\/wp-json\/wp\/v2\/posts\/419258\/revisions\/419463"}],"wp:featuredmedia":[{"embeddable":true,"href":"https:\/\/www.radiopiu.net\/wordpress\/wp-json\/wp\/v2\/media\/419338"}],"wp:attachment":[{"href":"https:\/\/www.radiopiu.net\/wordpress\/wp-json\/wp\/v2\/media?parent=419258"}],"wp:term":[{"taxonomy":"category","embeddable":true,"href":"https:\/\/www.radiopiu.net\/wordpress\/wp-json\/wp\/v2\/categories?post=419258"},{"taxonomy":"post_tag","embeddable":true,"href":"https:\/\/www.radiopiu.net\/wordpress\/wp-json\/wp\/v2\/tags?post=419258"}],"curies":[{"name":"wp","href":"https:\/\/api.w.org\/{rel}","templated":true}]}}