{"id":419325,"date":"2024-11-12T14:16:44","date_gmt":"2024-11-12T13:16:44","guid":{"rendered":"https:\/\/www.radiopiu.net\/wordpress\/?p=419325"},"modified":"2024-11-13T05:53:34","modified_gmt":"2024-11-13T04:53:34","slug":"rentri-nuova-era-per-la-tracciabilita-dei-rifiuti","status":"publish","type":"post","link":"https:\/\/www.radiopiu.net\/wordpress\/rentri-nuova-era-per-la-tracciabilita-dei-rifiuti\/","title":{"rendered":"RENTRI: Nuova Era per la Tracciabilit\u00e0 dei Rifiuti"},"content":{"rendered":"<p>***<\/p>\n<blockquote>\n<h1><\/h1>\n<\/blockquote>\n<p><strong><a class=\"dt-pswp-item\" href=\"https:\/\/www.radiopiu.net\/wordpress\/wp-content\/uploads\/2024\/03\/ee5a0546-b1cd-4c75-be00-58435b134846.jpg\" data-dt-img-description=\"\" data-large_image_width=\"1600\" data-large_image_height=\"531\"><img loading=\"lazy\" decoding=\"async\" class=\"size-medium wp-image-377589 alignleft\" src=\"https:\/\/www.radiopiu.net\/wordpress\/wp-content\/uploads\/2024\/03\/ee5a0546-b1cd-4c75-be00-58435b134846-300x100.jpg\" alt=\"\" width=\"300\" height=\"100\" srcset=\"https:\/\/www.radiopiu.net\/wordpress\/wp-content\/uploads\/2024\/03\/ee5a0546-b1cd-4c75-be00-58435b134846-300x100.jpg 300w, https:\/\/www.radiopiu.net\/wordpress\/wp-content\/uploads\/2024\/03\/ee5a0546-b1cd-4c75-be00-58435b134846-1024x340.jpg 1024w, https:\/\/www.radiopiu.net\/wordpress\/wp-content\/uploads\/2024\/03\/ee5a0546-b1cd-4c75-be00-58435b134846-768x255.jpg 768w, https:\/\/www.radiopiu.net\/wordpress\/wp-content\/uploads\/2024\/03\/ee5a0546-b1cd-4c75-be00-58435b134846-1536x510.jpg 1536w, https:\/\/www.radiopiu.net\/wordpress\/wp-content\/uploads\/2024\/03\/ee5a0546-b1cd-4c75-be00-58435b134846.jpg 1600w\" sizes=\"auto, (max-width: 300px) 100vw, 300px\" \/><\/a>TREVISO<\/strong> Il Registro Elettronico Nazionale per la Tracciabilit\u00e0 dei Rifiuti (RENTRI) \u00e8 un sistema avanzato gestito dal Ministero dell&#8217;Ambiente con l&#8217;Albo Nazionale Gestori Ambientali, il RENTRI digitalizza la gestione del ciclo dei rifiuti, migliorando tracciabilit\u00e0 ed efficienza. L\u2019iscrizione al RENTRI avverr\u00e0 in tre fasi tra il 2024 e il 2026, con obblighi differenziati per gli operatori. Dal 25 gennaio 2025, la vidimazione dei nuovi Formulari di identificazione dei rifiuti (FIR) sar\u00e0 possibile online, superando la modalit\u00e0 cartacea della Camera di Commercio. Questo cambiamento anticipa l&#8217;adozione obbligatoria dal 13 febbraio 2025, data in cui anche i nuovi modelli del Registro di carico e scarico diventeranno operativi. Mario Pozza, Presidente della Camera di Commercio Belluno_Treviso, sottolinea come RENTRIrappresenti un passo verso la sostenibilit\u00e0 e la semplificazione burocratica, rendendo l&#8217;Italia pi\u00f9 competitiva e digitale. L&#8217;introduzione di FIR e registri digitali consentir\u00e0 una gestione pi\u00f9 agile e trasparente, anche per le 28.800 imprese venete interessate. Le Camere di Commercio, come Treviso e Belluno, invitano a pianificare la vidimazione per evitare ritardi e garantire <a class=\"dt-pswp-item\" href=\"https:\/\/www.radiopiu.net\/wordpress\/wp-content\/uploads\/2024\/07\/th-7.jpg\" data-dt-img-description=\"\" data-large_image_width=\"270\" data-large_image_height=\"180\"><img loading=\"lazy\" decoding=\"async\" class=\"size-full wp-image-399978 alignright\" src=\"https:\/\/www.radiopiu.net\/wordpress\/wp-content\/uploads\/2024\/07\/th-7.jpg\" alt=\"\" width=\"270\" height=\"180\" \/><\/a>continuit\u00e0 operativa.<\/p>\n<blockquote><p><i>L\u2019introduzione del Registro Elettronico Nazionale per la Tracciabilit\u00e0 dei Rifiuti (RENTRI) rappresenta un passo cruciale per garantire una gestione responsabile e trasparente del ciclo dei rifiuti nel nostro Paese &#8211; <\/i>afferma il Presidente<b>Mario Pozza (foto)<\/b><i> -. Questo sistema innovativo non solo potenzia la tracciabilit\u00e0 dei rifiuti, ma contribuisce significativamente alla digitalizzazione dell\u2019Italia, semplificando gli adempimenti e migliorando l\u2019efficienza per le imprese. RENTRI \u00e8 un esempio concreto di come la tecnologia possa supportare la sostenibilit\u00e0 e rafforzare la competitivit\u00e0 del nostro sistema produttivo, ponendo le basi per un futuro pi\u00f9 sostenibile e digitale<\/i> <i>quali partner e fornitori di livello in un mondo che sempre di pi\u00f9 guarda a filiere etiche.<\/i><\/p><\/blockquote>\n<p>&nbsp;<\/p>\n<p>&nbsp;<\/p>\n<hr \/>\n<p>&nbsp;<\/p>\n","protected":false},"excerpt":{"rendered":"<p>*** TREVISO Il Registro Elettronico Nazionale per la Tracciabilit\u00e0 dei Rifiuti (RENTRI) \u00e8 un sistema avanzato gestito dal Ministero dell&#8217;Ambiente con l&#8217;Albo Nazionale Gestori Ambientali, il RENTRI digitalizza la gestione del ciclo dei rifiuti, migliorando tracciabilit\u00e0 ed efficienza. L\u2019iscrizione al RENTRI avverr\u00e0 in tre fasi tra il 2024 e il 2026, con obblighi differenziati per&hellip;<\/p>\n","protected":false},"author":4,"featured_media":419326,"comment_status":"closed","ping_status":"closed","sticky":false,"template":"","format":"standard","meta":{"_monsterinsights_skip_tracking":false,"_monsterinsights_sitenote_active":false,"_monsterinsights_sitenote_note":"","_monsterinsights_sitenote_category":0,"footnotes":""},"categories":[51,49],"tags":[],"class_list":["post-419325","post","type-post","status-publish","format-standard","has-post-thumbnail","hentry","category-evidenza-top","category-news-18","category-51","category-49","description-off"],"img_url":"https:\/\/www.radiopiu.net\/wordpress\/wp-content\/uploads\/2024\/11\/Senza-nome-55.png","_links":{"self":[{"href":"https:\/\/www.radiopiu.net\/wordpress\/wp-json\/wp\/v2\/posts\/419325","targetHints":{"allow":["GET"]}}],"collection":[{"href":"https:\/\/www.radiopiu.net\/wordpress\/wp-json\/wp\/v2\/posts"}],"about":[{"href":"https:\/\/www.radiopiu.net\/wordpress\/wp-json\/wp\/v2\/types\/post"}],"author":[{"embeddable":true,"href":"https:\/\/www.radiopiu.net\/wordpress\/wp-json\/wp\/v2\/users\/4"}],"replies":[{"embeddable":true,"href":"https:\/\/www.radiopiu.net\/wordpress\/wp-json\/wp\/v2\/comments?post=419325"}],"version-history":[{"count":1,"href":"https:\/\/www.radiopiu.net\/wordpress\/wp-json\/wp\/v2\/posts\/419325\/revisions"}],"predecessor-version":[{"id":419327,"href":"https:\/\/www.radiopiu.net\/wordpress\/wp-json\/wp\/v2\/posts\/419325\/revisions\/419327"}],"wp:featuredmedia":[{"embeddable":true,"href":"https:\/\/www.radiopiu.net\/wordpress\/wp-json\/wp\/v2\/media\/419326"}],"wp:attachment":[{"href":"https:\/\/www.radiopiu.net\/wordpress\/wp-json\/wp\/v2\/media?parent=419325"}],"wp:term":[{"taxonomy":"category","embeddable":true,"href":"https:\/\/www.radiopiu.net\/wordpress\/wp-json\/wp\/v2\/categories?post=419325"},{"taxonomy":"post_tag","embeddable":true,"href":"https:\/\/www.radiopiu.net\/wordpress\/wp-json\/wp\/v2\/tags?post=419325"}],"curies":[{"name":"wp","href":"https:\/\/api.w.org\/{rel}","templated":true}]}}