{"id":419397,"date":"2024-11-13T05:42:06","date_gmt":"2024-11-13T04:42:06","guid":{"rendered":"https:\/\/www.radiopiu.net\/wordpress\/?p=419397"},"modified":"2024-11-13T05:51:59","modified_gmt":"2024-11-13T04:51:59","slug":"giro-di-perlustrazione-in-localita-valcozzena-per-lamministrazione-comunale-di-agordo","status":"publish","type":"post","link":"https:\/\/www.radiopiu.net\/wordpress\/giro-di-perlustrazione-in-localita-valcozzena-per-lamministrazione-comunale-di-agordo\/","title":{"rendered":"GIRO DI PERLUSTRAZIONE IN LOCALITA&#8217; VALCOZZENA PER L&#8217;AMMINISTRAZIONE COMUNALE DI AGORDO"},"content":{"rendered":"<p>******<\/p>\n<p>&nbsp;<\/p>\n<p><strong>AGORDO <\/strong>Giro di perlustrazione nella mattinata di ieri da parte del sindaco di Agordo Roberto Chissal\u00e8 e l&#8217;assessore all&#8217;urbanistica Giulio Favretti, i quali si sono recati presso tutte le aree parcheggio della zona, anche quelle adiacenti alle aree commerciali, per prendere visione della situazione. l bus navetta, che gi\u00e0 peraltro sono utilizzati da tanti lavoratori possono per\u00f2 essere sfruttati ancora di pi\u00f9. Detto ci\u00f2, per quel che concerne invece i parcheggi e la viabilit\u00e0 stessa della zona di Valcozzena, c&#8217;\u00e8 bisogno di mettere in atto azioni di buon senso da parte di tutti gli attori coinvolti.<\/p>\n\n\t\t\t<style type='text\/css'>\n\t\t\t\t#gallery-1 {\n\t\t\t\t\tmargin: auto;\n\t\t\t\t}\n\t\t\t\t#gallery-1 .gallery-item {\n\t\t\t\t\tfloat: left;\n\t\t\t\t\tmargin-top: 10px;\n\t\t\t\t\ttext-align: center;\n\t\t\t\t\twidth: 50%;\n\t\t\t\t}\n\t\t\t\t#gallery-1 img {\n\t\t\t\t\tborder: 2px solid #cfcfcf;\n\t\t\t\t}\n\t\t\t\t#gallery-1 .gallery-caption {\n\t\t\t\t\tmargin-left: 0;\n\t\t\t\t}\n\t\t\t\t\/* see gallery_shortcode() in wp-includes\/media.php *\/\n\t\t\t<\/style>\n\t\t<div id='gallery-1' class='dt-gallery-container gallery galleryid-419397 gallery-columns-2 gallery-size-medium'><dl class='gallery-item'>\n\t\t\t\t<dt class='gallery-icon landscape'>\n\t\t\t\t\t<a class=\"rollover rollover-zoom dt-pswp-item\" title=\"718eec55-3d10-4077-a205-f6b0cae38abe\" data-dt-img-description=\"\" data-large_image_width=\"1599\" data-large_image_height=\"1186\"href='https:\/\/www.radiopiu.net\/wordpress\/wp-content\/uploads\/2024\/11\/718eec55-3d10-4077-a205-f6b0cae38abe.jpg'><img loading=\"lazy\" decoding=\"async\" width=\"300\" height=\"223\" src=\"https:\/\/www.radiopiu.net\/wordpress\/wp-content\/uploads\/2024\/11\/718eec55-3d10-4077-a205-f6b0cae38abe-300x223.jpg\" class=\"attachment-medium size-medium\" alt=\"\" srcset=\"https:\/\/www.radiopiu.net\/wordpress\/wp-content\/uploads\/2024\/11\/718eec55-3d10-4077-a205-f6b0cae38abe-300x223.jpg 300w, https:\/\/www.radiopiu.net\/wordpress\/wp-content\/uploads\/2024\/11\/718eec55-3d10-4077-a205-f6b0cae38abe-1024x760.jpg 1024w, https:\/\/www.radiopiu.net\/wordpress\/wp-content\/uploads\/2024\/11\/718eec55-3d10-4077-a205-f6b0cae38abe-768x570.jpg 768w, https:\/\/www.radiopiu.net\/wordpress\/wp-content\/uploads\/2024\/11\/718eec55-3d10-4077-a205-f6b0cae38abe-1536x1139.jpg 1536w, https:\/\/www.radiopiu.net\/wordpress\/wp-content\/uploads\/2024\/11\/718eec55-3d10-4077-a205-f6b0cae38abe.jpg 1599w\" sizes=\"auto, (max-width: 300px) 100vw, 300px\" \/><\/a>\n\t\t\t\t<\/dt><\/dl><dl class='gallery-item'>\n\t\t\t\t<dt class='gallery-icon landscape'>\n\t\t\t\t\t<a class=\"rollover rollover-zoom dt-pswp-item\" title=\"455a2b0d-41c4-4886-af3c-9d80da957729\" data-dt-img-description=\"\" data-large_image_width=\"1600\" data-large_image_height=\"1200\"href='https:\/\/www.radiopiu.net\/wordpress\/wp-content\/uploads\/2024\/11\/455a2b0d-41c4-4886-af3c-9d80da957729.jpg'><img loading=\"lazy\" decoding=\"async\" width=\"300\" height=\"225\" src=\"https:\/\/www.radiopiu.net\/wordpress\/wp-content\/uploads\/2024\/11\/455a2b0d-41c4-4886-af3c-9d80da957729-300x225.jpg\" class=\"attachment-medium size-medium\" alt=\"\" srcset=\"https:\/\/www.radiopiu.net\/wordpress\/wp-content\/uploads\/2024\/11\/455a2b0d-41c4-4886-af3c-9d80da957729-300x225.jpg 300w, https:\/\/www.radiopiu.net\/wordpress\/wp-content\/uploads\/2024\/11\/455a2b0d-41c4-4886-af3c-9d80da957729-1024x768.jpg 1024w, https:\/\/www.radiopiu.net\/wordpress\/wp-content\/uploads\/2024\/11\/455a2b0d-41c4-4886-af3c-9d80da957729-768x576.jpg 768w, https:\/\/www.radiopiu.net\/wordpress\/wp-content\/uploads\/2024\/11\/455a2b0d-41c4-4886-af3c-9d80da957729-1536x1152.jpg 1536w, https:\/\/www.radiopiu.net\/wordpress\/wp-content\/uploads\/2024\/11\/455a2b0d-41c4-4886-af3c-9d80da957729.jpg 1600w\" sizes=\"auto, (max-width: 300px) 100vw, 300px\" \/><\/a>\n\t\t\t\t<\/dt><\/dl><br style=\"clear: both\" \/>\n\t\t\t<\/div>\n\n<p><strong>SERVIZIO DI MARINA DONA&#8217;, INTERVISTE AL SINDACO ROBERTO CHISSALE&#8217; E L&#8217;ASSESSORE GIULIO FAVRETTI<\/strong><\/p>\n<audio class=\"wp-audio-shortcode\" id=\"audio-419397-1\" preload=\"none\" style=\"width: 100%;\" controls=\"controls\"><source type=\"audio\/mpeg\" src=\"https:\/\/www.radiopiu.net\/wordpress\/wp-content\/uploads\/2024\/11\/servizio-con-interviste-ad-assessore-urbanistica-e-sindaco-di-agordo-su-parcheggi-e-viabilita-loc-valcozzena.mp3?_=1\" \/><a href=\"https:\/\/www.radiopiu.net\/wordpress\/wp-content\/uploads\/2024\/11\/servizio-con-interviste-ad-assessore-urbanistica-e-sindaco-di-agordo-su-parcheggi-e-viabilita-loc-valcozzena.mp3\">https:\/\/www.radiopiu.net\/wordpress\/wp-content\/uploads\/2024\/11\/servizio-con-interviste-ad-assessore-urbanistica-e-sindaco-di-agordo-su-parcheggi-e-viabilita-loc-valcozzena.mp3<\/a><\/audio>\n<p>&nbsp;<\/p>\n<p>&nbsp;<\/p>\n<p>*******<\/p>\n","protected":false},"excerpt":{"rendered":"<p>****** &nbsp; AGORDO Giro di perlustrazione nella mattinata di ieri da parte del sindaco di Agordo Roberto Chissal\u00e8 e l&#8217;assessore all&#8217;urbanistica Giulio Favretti, i quali si sono recati presso tutte le aree parcheggio della zona, anche quelle adiacenti alle aree commerciali, per prendere visione della situazione. l bus navetta, che gi\u00e0 peraltro sono utilizzati da&hellip;<\/p>\n","protected":false},"author":4,"featured_media":419407,"comment_status":"closed","ping_status":"closed","sticky":false,"template":"","format":"standard","meta":{"_monsterinsights_skip_tracking":false,"_monsterinsights_sitenote_active":false,"_monsterinsights_sitenote_note":"","_monsterinsights_sitenote_category":0,"footnotes":""},"categories":[51,49],"tags":[],"class_list":["post-419397","post","type-post","status-publish","format-standard","has-post-thumbnail","hentry","category-evidenza-top","category-news-18","category-51","category-49","description-off"],"img_url":"https:\/\/www.radiopiu.net\/wordpress\/wp-content\/uploads\/2024\/11\/455a2b0d-41c4-4886-af3c-9d80da957729.jpg","_links":{"self":[{"href":"https:\/\/www.radiopiu.net\/wordpress\/wp-json\/wp\/v2\/posts\/419397","targetHints":{"allow":["GET"]}}],"collection":[{"href":"https:\/\/www.radiopiu.net\/wordpress\/wp-json\/wp\/v2\/posts"}],"about":[{"href":"https:\/\/www.radiopiu.net\/wordpress\/wp-json\/wp\/v2\/types\/post"}],"author":[{"embeddable":true,"href":"https:\/\/www.radiopiu.net\/wordpress\/wp-json\/wp\/v2\/users\/4"}],"replies":[{"embeddable":true,"href":"https:\/\/www.radiopiu.net\/wordpress\/wp-json\/wp\/v2\/comments?post=419397"}],"version-history":[{"count":3,"href":"https:\/\/www.radiopiu.net\/wordpress\/wp-json\/wp\/v2\/posts\/419397\/revisions"}],"predecessor-version":[{"id":419408,"href":"https:\/\/www.radiopiu.net\/wordpress\/wp-json\/wp\/v2\/posts\/419397\/revisions\/419408"}],"wp:featuredmedia":[{"embeddable":true,"href":"https:\/\/www.radiopiu.net\/wordpress\/wp-json\/wp\/v2\/media\/419407"}],"wp:attachment":[{"href":"https:\/\/www.radiopiu.net\/wordpress\/wp-json\/wp\/v2\/media?parent=419397"}],"wp:term":[{"taxonomy":"category","embeddable":true,"href":"https:\/\/www.radiopiu.net\/wordpress\/wp-json\/wp\/v2\/categories?post=419397"},{"taxonomy":"post_tag","embeddable":true,"href":"https:\/\/www.radiopiu.net\/wordpress\/wp-json\/wp\/v2\/tags?post=419397"}],"curies":[{"name":"wp","href":"https:\/\/api.w.org\/{rel}","templated":true}]}}