{"id":419543,"date":"2024-11-15T05:51:54","date_gmt":"2024-11-15T04:51:54","guid":{"rendered":"https:\/\/www.radiopiu.net\/wordpress\/?p=419543"},"modified":"2024-11-15T09:08:46","modified_gmt":"2024-11-15T08:08:46","slug":"giornale-radiopiu-15-novembre-2024-direttore-mirko-mezzacasada-41-anni-25-giugno-1983-25-giugno-2024","status":"publish","type":"post","link":"https:\/\/www.radiopiu.net\/wordpress\/giornale-radiopiu-15-novembre-2024-direttore-mirko-mezzacasada-41-anni-25-giugno-1983-25-giugno-2024\/","title":{"rendered":"GIORNALE RADIOPIU 15 NOVEMBRE 2024 DIRETTORE MIRKO MEZZACASA\u2026DA 41 ANNI 25 GIUGNO 1983-25 GIUGNO 2024"},"content":{"rendered":"<p>*******<\/p>\n<p>&nbsp;<\/p>\n<p>&nbsp;<\/p>\n<p><em><span style=\"color: #ff0000;\"><a class=\"dt-pswp-item\" href=\"https:\/\/www.radiopiu.net\/wordpress\/wp-content\/uploads\/2024\/10\/Senza-nome-8.png\" data-dt-img-description=\"\" data-large_image_width=\"343\" data-large_image_height=\"303\"><img loading=\"lazy\" decoding=\"async\" class=\"wp-image-412130 alignleft\" src=\"https:\/\/www.radiopiu.net\/wordpress\/wp-content\/uploads\/2024\/10\/Senza-nome-8-300x265.png\" alt=\"\" width=\"105\" height=\"93\" srcset=\"https:\/\/www.radiopiu.net\/wordpress\/wp-content\/uploads\/2024\/10\/Senza-nome-8-300x265.png 300w, https:\/\/www.radiopiu.net\/wordpress\/wp-content\/uploads\/2024\/10\/Senza-nome-8.png 343w\" sizes=\"auto, (max-width: 105px) 100vw, 105px\" \/><\/a><\/span><\/em><strong><em><span style=\"color: #ff0000;\"> LA\u00a0 APP PER IOS-IPHONE di Nicola Vettorello<\/span><\/em><\/strong><\/p>\n<p><strong><span style=\"color: #0000ff;\"><a style=\"color: #0000ff;\" href=\"https:\/\/apps.apple.com\/it\/app\/radio-pi%C3%B9-emittente-agordina\/id1515939845\">https:\/\/apps.apple.com\/it\/app\/radio-pi%C3%B9-emittente-agordina\/id1515939845<\/a><\/span><\/strong><\/p>\n<p><strong><em style=\"color: #ff0000;\">LA\u00a0 APP RADIO\u00a0 PER ANDROID di Nicola Vettorello<\/em><\/strong><\/p>\n<p><strong><span style=\"color: #0000ff;\"><a style=\"color: #0000ff;\" href=\"https:\/\/play.google.com\/store\/apps\/details?id=net.radiopiu.iniko\" target=\"_blank\" rel=\"noopener noreferrer\">https:\/\/<\/a><a style=\"color: #0000ff;\" href=\"https:\/\/play.google.com\/store\/apps\/details?id=net.radiopiu.iniko\" target=\"_blank\" rel=\"noopener noreferrer\">play.google.com\/store\/apps\/details?id=net.radiopiu.iniko\u00a0\u00a0\u00a0<\/a><\/span><\/strong><\/p>\n<p>&nbsp;<\/p>\n<p>&nbsp;<\/p>\n<hr \/>\n<p>&nbsp;<\/p>\n<p><strong><a class=\"dt-pswp-item\" href=\"https:\/\/www.radiopiu.net\/wordpress\/wp-content\/uploads\/2024\/01\/dbd0d535-95bf-468e-9e11-dfc05dd8c264.jpg\" data-dt-img-description=\"\" data-large_image_width=\"1913\" data-large_image_height=\"2048\"><img loading=\"lazy\" decoding=\"async\" class=\" wp-image-370329 alignleft\" src=\"https:\/\/www.radiopiu.net\/wordpress\/wp-content\/uploads\/2024\/01\/dbd0d535-95bf-468e-9e11-dfc05dd8c264-280x300.jpg\" alt=\"\" width=\"147\" height=\"158\" srcset=\"https:\/\/www.radiopiu.net\/wordpress\/wp-content\/uploads\/2024\/01\/dbd0d535-95bf-468e-9e11-dfc05dd8c264-280x300.jpg 280w, https:\/\/www.radiopiu.net\/wordpress\/wp-content\/uploads\/2024\/01\/dbd0d535-95bf-468e-9e11-dfc05dd8c264-957x1024.jpg 957w, https:\/\/www.radiopiu.net\/wordpress\/wp-content\/uploads\/2024\/01\/dbd0d535-95bf-468e-9e11-dfc05dd8c264-768x822.jpg 768w, https:\/\/www.radiopiu.net\/wordpress\/wp-content\/uploads\/2024\/01\/dbd0d535-95bf-468e-9e11-dfc05dd8c264-1435x1536.jpg 1435w, https:\/\/www.radiopiu.net\/wordpress\/wp-content\/uploads\/2024\/01\/dbd0d535-95bf-468e-9e11-dfc05dd8c264.jpg 1913w\" sizes=\"auto, (max-width: 147px) 100vw, 147px\" \/><\/a>OGGI ALLA RADIO&#8230;.<\/strong> <span style=\"color: #ff0000;\">ALLE 4 E ALLE 6<\/span> LE NOTIZIE DALL&#8217;ITALIA E DAL MONDO <span style=\"color: #ff0000;\"> 0500 <span style=\"color: #0000ff;\"><span style=\"color: #000000;\">l&#8217;almanacco della nostra gente con il MUSLA<\/span>\u00a0<\/span><\/span><span style=\"color: #ff0000;\"> 6.15<\/span> PIROLE DE LENGA A CURA DEL MUSLA <span style=\"color: #ff0000;\">7.20<\/span> EL BAL DEL FIORI, DETTI E TRADIZIONI DI GIULIANA DA RONCH <span style=\"color: #ff0000;\">8.05<\/span> LA RASSEGNA STAMPA LOCALE<span style=\"color: #ff0000;\"> 8.30 <span style=\"color: #000000;\">PIU&#8217; SIAMO CON MARINA DONA&#8217; (FOTO)<\/span><span style=\"color: #000000;\">\u00a0\u00a0<\/span> 900\u00a0<\/span><span style=\"color: #ff0000;\"><span style=\"color: #000000;\"> premier le novita&#8217; musicali di Marco Gaz<span style=\"color: #ff0000;\"> 9.35<\/span> musica anni Ottanta le selezioni di Monica Fontanive <\/span><span style=\"color: #0000ff;\">\u00a0<\/span><\/span><span style=\"color: #ff0000;\"><span style=\"color: #000000;\">\u00a0<\/span><\/span><span style=\"color: #ff0000;\">9.40<\/span> VIABILITA&#8217; CON BOTOL CAR SERVICE (AGORDO-SEDICO-FELTRE)<span style=\"color: #ff0000;\"> 1010<\/span> LE NOVE IN LADIN CON IL MUSLA E MICHELA DELL&#8217;OSBEL_LA VALLE AGORDINA\u00a0 <span style=\"color: #ff0000;\">10.30\u00a0<span style=\"color: #000000;\">\u00a0 cassa solidariet\u00e0 aziendale lavoratori Luxottica con Paolo Chissal\u00e8<\/span>\u00a0<span style=\"color: #000000;\"><span style=\"color: #ff0000;\"> 11.00<\/span><\/span><\/span>\u00a0 BATTICINQUE CON ALESSIO E MARINA <span style=\"color: #ff0000;\">12.00<\/span> VA TUTTO LISCIO\u00a0 <span style=\"color: #ff0000;\">12.30<\/span> GIORNALE RADIO PRINCIPALE\u00a0 <span style=\"color: #ff0000;\">13.10<\/span>\u00a0 tony cicco dei Formula 3, l&#8217;intervista i Mirko Mezzacasa\u00a0 <span style=\"color: #ff0000;\">13.20<\/span> FOGLIE E CASTAGNE DI MARINA DONA&#8217;\u00a0 <span style=\"color: #ff0000;\">14.00<\/span> marina e athos music Abc il mondo della musica una lettera alla volta <span style=\"color: #ff0000;\">15.10<\/span>\u00a0 week end marina c&#8217;e&#8217;\u00a0 <span style=\"color: #ff0000;\">16<\/span> IL ROCK DI MARCO COSTANTINI\u00a0 <span style=\"color: #ff0000;\">1645<\/span> LE HIT DI MIRCO BENCIVENNI <span style=\"color: #ff0000;\">18.00<\/span> PIU&#8217; DANCE LE SELEZIONI CHE FANNO SALTARE DI DJ JACK, JACOPO DEL TEDESCO <span style=\"color: #ff0000;\">19.00 <span style=\"color: #000000;\">LE ANTICIPAZIONI DAL TG DI ANTENNA 3 DI TIZIANA BOLOGNANI <span style=\"color: #ff0000;\">1920 <span style=\"color: #000000;\">cassa solidarieta aziendale lavoratori Luxottica con Paolo Chissal\u00e8<\/span><\/span><\/span><\/span><\/p>\n<p><span style=\"color: #ff0000;\"><strong>AUDIO oggi alla radio di marina dona&#8217;<\/strong><\/span><\/p>\n<audio class=\"wp-audio-shortcode\" id=\"audio-419543-1\" preload=\"none\" style=\"width: 100%;\" controls=\"controls\"><source type=\"audio\/mpeg\" src=\"https:\/\/www.radiopiu.net\/wordpress\/wp-content\/uploads\/2024\/11\/OGGIR.mp3?_=1\" \/><a href=\"https:\/\/www.radiopiu.net\/wordpress\/wp-content\/uploads\/2024\/11\/OGGIR.mp3\">https:\/\/www.radiopiu.net\/wordpress\/wp-content\/uploads\/2024\/11\/OGGIR.mp3<\/a><\/audio>\n<p>&nbsp;<\/p>\n<p>&nbsp;<\/p>\n<p><strong>rassegna stampa nazionale,<\/strong> ogni giorno alle 5 e alle 6 del mattino<br \/>\ngiornali locali 7 rassegna stampa flash, 8 rassegna stampa, gr flash alle 10 e alle 11, principale 12.30. Informazione pomeriggio alle 15 (speciale) 16, 17, 18. Giornale radio nazionale: ogni ora dalle 5 del mattino, alle 20 della sera.<\/p>\n<p>&nbsp;<\/p>\n<p>&nbsp;<\/p>\n<hr \/>\n<p>&nbsp;<\/p>\n<p>&nbsp;<\/p>\n<div class=\"x11i5rnm xat24cr x1mh8g0r x1vvkbs xtlvy1s x126k92a\">\n<div dir=\"auto\">\n<div dir=\"auto\">\n<p><strong><a class=\"dt-pswp-item\" href=\"https:\/\/www.radiopiu.net\/wordpress\/wp-content\/uploads\/2024\/02\/2d44e751-d8a8-461b-8e22-d8e4e853b032.jpg\" data-dt-img-description=\"\" data-large_image_width=\"1600\" data-large_image_height=\"1200\"><img loading=\"lazy\" decoding=\"async\" class=\"wp-image-373307 alignleft\" src=\"https:\/\/www.radiopiu.net\/wordpress\/wp-content\/uploads\/2024\/02\/2d44e751-d8a8-461b-8e22-d8e4e853b032-300x225.jpg\" alt=\"\" width=\"105\" height=\"79\" srcset=\"https:\/\/www.radiopiu.net\/wordpress\/wp-content\/uploads\/2024\/02\/2d44e751-d8a8-461b-8e22-d8e4e853b032-300x225.jpg 300w, https:\/\/www.radiopiu.net\/wordpress\/wp-content\/uploads\/2024\/02\/2d44e751-d8a8-461b-8e22-d8e4e853b032-1024x768.jpg 1024w, https:\/\/www.radiopiu.net\/wordpress\/wp-content\/uploads\/2024\/02\/2d44e751-d8a8-461b-8e22-d8e4e853b032-768x576.jpg 768w, https:\/\/www.radiopiu.net\/wordpress\/wp-content\/uploads\/2024\/02\/2d44e751-d8a8-461b-8e22-d8e4e853b032-1536x1152.jpg 1536w, https:\/\/www.radiopiu.net\/wordpress\/wp-content\/uploads\/2024\/02\/2d44e751-d8a8-461b-8e22-d8e4e853b032.jpg 1600w\" sizes=\"auto, (max-width: 105px) 100vw, 105px\" \/><\/a>EL BAL DEL FIOR, DI GIULIANA DA RONCH, 15 NOVEMBRE<\/strong><strong>\u00a02024<\/strong><\/p>\n<\/div>\n<\/div>\n<\/div>\n<div>\n<audio class=\"wp-audio-shortcode\" id=\"audio-419543-2\" preload=\"none\" style=\"width: 100%;\" controls=\"controls\"><source type=\"audio\/mpeg\" src=\"https:\/\/www.radiopiu.net\/wordpress\/wp-content\/uploads\/2024\/11\/GVE-1.mp3?_=2\" \/><a href=\"https:\/\/www.radiopiu.net\/wordpress\/wp-content\/uploads\/2024\/11\/GVE-1.mp3\">https:\/\/www.radiopiu.net\/wordpress\/wp-content\/uploads\/2024\/11\/GVE-1.mp3<\/a><\/audio>\n<p>&nbsp;<\/p>\n<\/div>\n<hr \/>\n<p>&nbsp;<\/p>\n<p>&nbsp;<\/p>\n<div class=\"x11i5rnm xat24cr x1mh8g0r x1vvkbs xtlvy1s x126k92a\">\n<h1><span style=\"color: #ff0000;\"><a class=\"dt-pswp-item\" href=\"https:\/\/www.radiopiu.net\/wordpress\/wp-content\/uploads\/2024\/06\/th-5.jpg\" data-dt-img-description=\"\" data-large_image_width=\"326\" data-large_image_height=\"180\"><img loading=\"lazy\" decoding=\"async\" class=\"size-medium wp-image-395881 alignleft\" src=\"https:\/\/www.radiopiu.net\/wordpress\/wp-content\/uploads\/2024\/06\/th-5-300x166.jpg\" alt=\"\" width=\"300\" height=\"166\" srcset=\"https:\/\/www.radiopiu.net\/wordpress\/wp-content\/uploads\/2024\/06\/th-5-300x166.jpg 300w, https:\/\/www.radiopiu.net\/wordpress\/wp-content\/uploads\/2024\/06\/th-5.jpg 326w\" sizes=\"auto, (max-width: 300px) 100vw, 300px\" \/><\/a><\/span><\/h1>\n<h1><\/h1>\n<h1><\/h1>\n<h1><span style=\"color: #000000;\">15 NOVEMBRE&#8230; alla radio l&#8217;almanacco\u00a0<\/span><\/h1>\n<p>&nbsp;<\/p>\n<\/div>\n<div class=\"x11i5rnm xat24cr x1mh8g0r x1vvkbs xtlvy1s x126k92a\">\n<audio class=\"wp-audio-shortcode\" id=\"audio-419543-3\" preload=\"none\" style=\"width: 100%;\" controls=\"controls\"><source type=\"audio\/mpeg\" src=\"https:\/\/www.radiopiu.net\/wordpress\/wp-content\/uploads\/2024\/11\/15_november_Davide.mp3?_=3\" \/><a href=\"https:\/\/www.radiopiu.net\/wordpress\/wp-content\/uploads\/2024\/11\/15_november_Davide.mp3\">https:\/\/www.radiopiu.net\/wordpress\/wp-content\/uploads\/2024\/11\/15_november_Davide.mp3<\/a><\/audio>\n<p>&nbsp;<\/p>\n<hr \/>\n<p>&nbsp;<\/p>\n<p>&nbsp;<\/p>\n<blockquote>\n<h1><strong><a class=\"dt-pswp-item\" href=\"https:\/\/www.radiopiu.net\/wordpress\/wp-content\/uploads\/2024\/10\/629301fd-708d-4f53-95c2-d28cbefd500f.jpg\" data-dt-img-description=\"\" data-large_image_width=\"1600\" data-large_image_height=\"1322\"><img loading=\"lazy\" decoding=\"async\" class=\"wp-image-413782 alignleft\" src=\"https:\/\/www.radiopiu.net\/wordpress\/wp-content\/uploads\/2024\/10\/629301fd-708d-4f53-95c2-d28cbefd500f-300x248.jpg\" alt=\"\" width=\"186\" height=\"154\" srcset=\"https:\/\/www.radiopiu.net\/wordpress\/wp-content\/uploads\/2024\/10\/629301fd-708d-4f53-95c2-d28cbefd500f-300x248.jpg 300w, https:\/\/www.radiopiu.net\/wordpress\/wp-content\/uploads\/2024\/10\/629301fd-708d-4f53-95c2-d28cbefd500f-1024x846.jpg 1024w, https:\/\/www.radiopiu.net\/wordpress\/wp-content\/uploads\/2024\/10\/629301fd-708d-4f53-95c2-d28cbefd500f-768x635.jpg 768w, https:\/\/www.radiopiu.net\/wordpress\/wp-content\/uploads\/2024\/10\/629301fd-708d-4f53-95c2-d28cbefd500f-1536x1269.jpg 1536w, https:\/\/www.radiopiu.net\/wordpress\/wp-content\/uploads\/2024\/10\/629301fd-708d-4f53-95c2-d28cbefd500f.jpg 1600w\" sizes=\"auto, (max-width: 186px) 100vw, 186px\" \/><\/a>N di parom &#8211; L Almanach de la nosta jent<\/strong><\/h1>\n<\/blockquote>\n<p>Le voci: Davide Conedera, Agordo, Michela Dell&#8217;Osbel, La Valle Agordina Simone Ganz, Falcade Veronica Lezuo, Colle Santa Lucia. La voce nella sigla \u00e8 di Giorgia Taio<\/p>\n<p><strong>LA PUNTATA DI OGGI, 15 NOVEMBRE<\/strong><\/p>\n<div class=\"x11i5rnm xat24cr x1mh8g0r x1vvkbs xtlvy1s x126k92a\">\n<p>&nbsp;<\/p>\n<\/div>\n<\/div>\n<div class=\"x11i5rnm xat24cr x1mh8g0r x1vvkbs xtlvy1s x126k92a\">\n<audio class=\"wp-audio-shortcode\" id=\"audio-419543-4\" preload=\"none\" style=\"width: 100%;\" controls=\"controls\"><source type=\"audio\/mpeg\" src=\"https:\/\/www.radiopiu.net\/wordpress\/wp-content\/uploads\/2024\/11\/15_november_Davide.mp3?_=4\" \/><a href=\"https:\/\/www.radiopiu.net\/wordpress\/wp-content\/uploads\/2024\/11\/15_november_Davide.mp3\">https:\/\/www.radiopiu.net\/wordpress\/wp-content\/uploads\/2024\/11\/15_november_Davide.mp3<\/a><\/audio>\n<p>&nbsp;<\/p>\n<div dir=\"auto\">\n<hr \/>\n<\/div>\n<\/div>\n<blockquote>\n<blockquote>\n<h1><span style=\"color: #ff0000;\">\u00a0<\/span><\/h1>\n<h1><span style=\"color: #ff0000;\">I podcast informativi del mattino &#8211; audio &#8211;\u00a0\u00a0<\/span><\/h1>\n<\/blockquote>\n<p><strong><a class=\"dt-pswp-item\" href=\"https:\/\/www.radiopiu.net\/wordpress\/wp-content\/uploads\/2024\/11\/6.jpg\" data-dt-img-description=\"\" data-large_image_width=\"177\" data-large_image_height=\"180\"><img loading=\"lazy\" decoding=\"async\" class=\"size-full wp-image-417911 alignleft\" src=\"https:\/\/www.radiopiu.net\/wordpress\/wp-content\/uploads\/2024\/11\/6.jpg\" alt=\"\" width=\"177\" height=\"180\" \/><\/a>LA RASSEGNA STAMPA NAZIONALE ALLA RADIO, OGNI GIORNO ALLE 5 E ALLE 6 DEL MATTINO <span style=\"color: #0000ff;\">viene pubblicata alle 6.00 <span style=\"color: #ff0000;\">DIRETTA RADIO\u00a0 \u00a0\u00a0<\/span><\/span><\/strong><\/p><\/blockquote>\n<p>&nbsp;<\/p>\n<p><strong>NOTIZIE DELLA NOTTE<\/strong><\/p>\n<p><strong>Xi Jinping<\/strong> inaugura con Boluarte il maggiore porto del Per\u00f9 <strong>Giappone<\/strong>: Pil luglio-settembre +0,2%, annualizzato +0,9% <strong>Con nomina<\/strong> Rfk crollate azioni dei produttori di vaccini <strong>Trump<\/strong> nomina ex capo della Sec procuratore a Manhattan <strong>21enne ucciso<\/strong> con un colpo di pistola alla testa nel Reggino <strong>Zelensky,<\/strong> lavoriamo ad un Piano di resilienza in 10 punti <strong>Nyt,<\/strong> incontro Musk-ambasciatore Iran a Onu<strong>Corea Nord<\/strong>, Kim ordina di produrre in massa droni suicidi<\/p>\n<h2>AUDIO dalle 6 del mattino<\/h2>\n<audio class=\"wp-audio-shortcode\" id=\"audio-419543-5\" preload=\"none\" style=\"width: 100%;\" controls=\"controls\"><source type=\"audio\/mpeg\" src=\"https:\/\/www.radiopiu.net\/wordpress\/wp-content\/uploads\/2024\/11\/GIORNALEDELLESEI-9.mp3?_=5\" \/><a href=\"https:\/\/www.radiopiu.net\/wordpress\/wp-content\/uploads\/2024\/11\/GIORNALEDELLESEI-9.mp3\">https:\/\/www.radiopiu.net\/wordpress\/wp-content\/uploads\/2024\/11\/GIORNALEDELLESEI-9.mp3<\/a><\/audio>\n<p>&nbsp;<\/p>\n<p>&nbsp;<\/p>\n<p>&nbsp;<\/p>\n<hr \/>\n<p>&nbsp;<\/p>\n<h1 style=\"text-align: center;\"><span style=\"color: #ff0000;\"><a class=\"dt-pswp-item\" href=\"https:\/\/www.radiopiu.net\/wordpress\/wp-content\/uploads\/2024\/11\/7.jpg\" data-dt-img-description=\"\" data-large_image_width=\"180\" data-large_image_height=\"180\"><img loading=\"lazy\" decoding=\"async\" class=\"size-full wp-image-417912 alignleft\" src=\"https:\/\/www.radiopiu.net\/wordpress\/wp-content\/uploads\/2024\/11\/7.jpg\" alt=\"\" width=\"180\" height=\"180\" srcset=\"https:\/\/www.radiopiu.net\/wordpress\/wp-content\/uploads\/2024\/11\/7.jpg 180w, https:\/\/www.radiopiu.net\/wordpress\/wp-content\/uploads\/2024\/11\/7-150x150.jpg 150w\" sizes=\"auto, (max-width: 180px) 100vw, 180px\" \/><\/a>I podcast informativi del mattino &#8211; audio &#8211;\u00a0<\/span><\/h1>\n<p><strong>OGNI GIORNO ALLE SETTE DEL MATTINO, LA RASSEGNA STAMPA LOCALE FLASH&#8230; PER CHI VA IN FRETTA. I TITOLI DAI GIORNALI E DAL SITO WWW.RADIOPIU.NET <span style=\"color: #0000ff;\">viene pubblicato alle 7.00<\/span> <span style=\"color: #ff0000;\">DIRETTA RADIO\u00a0<\/span><\/strong><\/p>\n<p><em><span style=\"color: #ff0000;\">per chi va in fretta&#8230; tante notizie in pochi minuti. L&#8217;informazione locale alla radio, ogni ora dalle 7 del mattino alle 19 della sera.<\/span><\/em><\/p>\n<h1><\/h1>\n<h1>AUDIO dalle 7 del mattino<\/h1>\n<audio class=\"wp-audio-shortcode\" id=\"audio-419543-6\" preload=\"none\" style=\"width: 100%;\" controls=\"controls\"><source type=\"audio\/mpeg\" src=\"https:\/\/www.radiopiu.net\/wordpress\/wp-content\/uploads\/2024\/11\/GF07-11.mp3?_=6\" \/><a href=\"https:\/\/www.radiopiu.net\/wordpress\/wp-content\/uploads\/2024\/11\/GF07-11.mp3\">https:\/\/www.radiopiu.net\/wordpress\/wp-content\/uploads\/2024\/11\/GF07-11.mp3<\/a><\/audio>\n<p>&nbsp;<\/p>\n<p>&nbsp;<\/p>\n<p>&nbsp;<\/p>\n<hr \/>\n<p>&nbsp;<\/p>\n<h1><\/h1>\n<h1 style=\"text-align: center;\"><span style=\"color: #ff0000;\"><a class=\"dt-pswp-item\" href=\"https:\/\/www.radiopiu.net\/wordpress\/wp-content\/uploads\/2024\/11\/th.jpg\" data-dt-img-description=\"\" data-large_image_width=\"148\" data-large_image_height=\"179\"><img loading=\"lazy\" decoding=\"async\" class=\"size-full wp-image-417913 alignleft\" src=\"https:\/\/www.radiopiu.net\/wordpress\/wp-content\/uploads\/2024\/11\/th.jpg\" alt=\"\" width=\"148\" height=\"179\" \/><\/a>I podcast informativi del mattino &#8211; audio &#8211;\u00a0<\/span><\/h1>\n<blockquote><p><strong>GIORNALE RADIO NAZIONALE, EDIZIONE DELLE SETTE <span style=\"color: #0000ff;\">viene pubblicato alle 7.05 <span style=\"color: #ff0000;\">DIRETTA RADIO\u00a0<\/span><\/span><\/strong><\/p><\/blockquote>\n<p><strong>il giornale radionazionale e&#8217; in onda ogni ora, dalle sette del mattino alle venti della sera\u00a0 \u00a0<\/strong><strong>\u00a0<\/strong><\/p>\n<p>&nbsp;<\/p>\n<p><strong>Palermo<\/strong> Stuprarono le due nipotine, condannati a 16 anni nonno e zio, Processo a Palermo, 12 anni a genitori che non denunciarono<br \/>\n<strong>Aosta<\/strong> Tre guide uccise da una valanga, indagato l&#8217;istruttore Tragedia nel 2023 in val di Rhemes, svolta grazie alle tracce del Gps<\/p>\n<p><strong>Milano<\/strong> Frode all&#8217;Ue da 520 milioni Maxievasione dell&#8217;Iva all&#8217;ombra di mafia e camorra, 47 arresti <strong>Bologna<\/strong> Autista di bus aggredito e picchiato da ragazzini La denuncia: &#8216;Mi hanno dato un pugno in faccia senza motivo <strong>Napoli<\/strong> Orologio da 100mila euro rapinato a Neres, 3 arresti a Napoli. Il calciatore azzurro venne aggredito dopo la partita Napoli-Parma <strong>MILANO<\/strong> Aggressione a tifoso disabile, Daspo 5 anni per due persone Identificati due cinquantenni grazie a testimonianze e video <strong>MILANO<\/strong>\u00a0 Centro sociale Leoncavallo, &#8216;il Viminale risarcisca la propriet\u00e0&#8217; per l&#8217;omesso sgombero La Corte d&#8217;appello: &#8216;Doveva garantire la Forza pubblica come chiesto&#8217;<\/p>\n<p>&nbsp;<\/p>\n<p><span style=\"color: #ff0000;\"><span style=\"color: #0000ff;\">CRONACA<\/span> EDIZIONE DELLA SERA , DEL 14 NOVEMBRE 2024 EDIZIONE DI IERI, 20.00<\/span><\/p>\n<audio class=\"wp-audio-shortcode\" id=\"audio-419543-7\" preload=\"none\" style=\"width: 100%;\" controls=\"controls\"><source type=\"audio\/mpeg\" src=\"https:\/\/www.radiopiu.net\/wordpress\/wp-content\/uploads\/2024\/11\/giornale07-22.mp3?_=7\" \/><a href=\"https:\/\/www.radiopiu.net\/wordpress\/wp-content\/uploads\/2024\/11\/giornale07-22.mp3\">https:\/\/www.radiopiu.net\/wordpress\/wp-content\/uploads\/2024\/11\/giornale07-22.mp3<\/a><\/audio>\n<p>&nbsp;<\/p>\n<p><span style=\"color: #ff0000;\"><span style=\"color: #0000ff;\">SPORT<\/span> EDIZIONE DELLE 19, DEL 14 NOVEMBRE 2024, LO SPORT EDIZIONE DI IERI<\/span><\/p>\n<audio class=\"wp-audio-shortcode\" id=\"audio-419543-8\" preload=\"none\" style=\"width: 100%;\" controls=\"controls\"><source type=\"audio\/mpeg\" src=\"https:\/\/www.radiopiu.net\/wordpress\/wp-content\/uploads\/2024\/11\/gr-sport-11.mp3?_=8\" \/><a href=\"https:\/\/www.radiopiu.net\/wordpress\/wp-content\/uploads\/2024\/11\/gr-sport-11.mp3\">https:\/\/www.radiopiu.net\/wordpress\/wp-content\/uploads\/2024\/11\/gr-sport-11.mp3<\/a><\/audio>\n<h2><\/h2>\n<h2><span style=\"color: #ff0000;\"><span style=\"color: #0000ff;\">ULTIM&#8217;ORA<\/span> AUDIO dalle sette del mattino, ogni ora alla radio EDIZIONE DELLE SETTE<\/span><\/h2>\n<audio class=\"wp-audio-shortcode\" id=\"audio-419543-9\" preload=\"none\" style=\"width: 100%;\" controls=\"controls\"><source type=\"audio\/mpeg\" src=\"https:\/\/www.radiopiu.net\/wordpress\/wp-content\/uploads\/2024\/11\/giornale07-23.mp3?_=9\" \/><a href=\"https:\/\/www.radiopiu.net\/wordpress\/wp-content\/uploads\/2024\/11\/giornale07-23.mp3\">https:\/\/www.radiopiu.net\/wordpress\/wp-content\/uploads\/2024\/11\/giornale07-23.mp3<\/a><\/audio>\n<p>&nbsp;<\/p>\n<p>&nbsp;<\/p>\n<hr \/>\n<p>&nbsp;<\/p>\n<p>&nbsp;<\/p>\n<h1><span style=\"color: #ff0000;\"><a class=\"dt-pswp-item\" href=\"https:\/\/www.radiopiu.net\/wordpress\/wp-content\/uploads\/2024\/11\/8.jpg\" data-dt-img-description=\"\" data-large_image_width=\"180\" data-large_image_height=\"180\"><img loading=\"lazy\" decoding=\"async\" class=\"size-full wp-image-417910 alignleft\" src=\"https:\/\/www.radiopiu.net\/wordpress\/wp-content\/uploads\/2024\/11\/8.jpg\" alt=\"\" width=\"180\" height=\"180\" srcset=\"https:\/\/www.radiopiu.net\/wordpress\/wp-content\/uploads\/2024\/11\/8.jpg 180w, https:\/\/www.radiopiu.net\/wordpress\/wp-content\/uploads\/2024\/11\/8-150x150.jpg 150w\" sizes=\"auto, (max-width: 180px) 100vw, 180px\" \/><\/a>I podcast informativi del mattino &#8211; video &#8211;\u00a0<\/span><\/h1>\n<h2 style=\"text-align: left;\"><strong>RASSEGNA STAMPA LOCALE, ORE OTTO 05<\/strong><\/h2>\n<h2><strong> <span style=\"color: #0000ff;\">viene\u00a0 <\/span><\/strong><strong><span style=\"color: #0000ff;\">pubblicata alle 8.05 <span style=\"color: #ff0000;\">DIRETTA RADIO\u00a0 \u00a0<\/span><\/span><\/strong><strong>DI MIRKO MEZZACASA<\/strong><\/h2>\n<h2><span style=\"color: #ff0000;\"><strong>\u00a0<\/strong><\/span><\/h2>\n<h2><span style=\"color: #ff0000;\"><strong>\u00a0<\/strong><\/span><\/h2>\n<h1><span style=\"color: #ff0000;\"><strong>VIDEO\u00a0 \u00a0in diretta dalle 8 del mattino\u00a0 \u00a0per ASCOLTARE<\/strong><\/span><\/h1>\n<p>&nbsp;<\/p>\n<blockquote>\n<h1 style=\"text-align: center;\"><a href=\"https:\/\/www.facebook.com\/radiopiu\/videos\/475269485587388\">CLICCA QUI<\/a><\/h1>\n<\/blockquote>\n<p><a class=\"dt-pswp-item\" href=\"https:\/\/www.radiopiu.net\/wordpress\/wp-content\/uploads\/2024\/11\/coop1-1.png\" data-dt-img-description=\"\" data-large_image_width=\"602\" data-large_image_height=\"375\">\u00a0<\/a><\/p>\n<p><a class=\"dt-pswp-item\" href=\"https:\/\/www.radiopiu.net\/wordpress\/wp-content\/uploads\/2024\/11\/COOP3-4.png\" data-dt-img-description=\"\" data-large_image_width=\"436\" data-large_image_height=\"218\"><img loading=\"lazy\" decoding=\"async\" class=\"alignnone size-medium wp-image-419764\" src=\"https:\/\/www.radiopiu.net\/wordpress\/wp-content\/uploads\/2024\/11\/COOP3-4-300x150.png\" alt=\"\" width=\"300\" height=\"150\" srcset=\"https:\/\/www.radiopiu.net\/wordpress\/wp-content\/uploads\/2024\/11\/COOP3-4-300x150.png 300w, https:\/\/www.radiopiu.net\/wordpress\/wp-content\/uploads\/2024\/11\/COOP3-4.png 436w\" sizes=\"auto, (max-width: 300px) 100vw, 300px\" \/><\/a><a class=\"dt-pswp-item\" href=\"https:\/\/www.radiopiu.net\/wordpress\/wp-content\/uploads\/2024\/11\/COOP2-6.png\" data-dt-img-description=\"\" data-large_image_width=\"438\" data-large_image_height=\"237\"><img loading=\"lazy\" decoding=\"async\" class=\"alignnone size-medium wp-image-419765\" src=\"https:\/\/www.radiopiu.net\/wordpress\/wp-content\/uploads\/2024\/11\/COOP2-6-300x162.png\" alt=\"\" width=\"300\" height=\"162\" srcset=\"https:\/\/www.radiopiu.net\/wordpress\/wp-content\/uploads\/2024\/11\/COOP2-6-300x162.png 300w, https:\/\/www.radiopiu.net\/wordpress\/wp-content\/uploads\/2024\/11\/COOP2-6.png 438w\" sizes=\"auto, (max-width: 300px) 100vw, 300px\" \/><\/a><a class=\"dt-pswp-item\" href=\"https:\/\/www.radiopiu.net\/wordpress\/wp-content\/uploads\/2024\/11\/COOP1-7.png\" data-dt-img-description=\"\" data-large_image_width=\"491\" data-large_image_height=\"288\"><img loading=\"lazy\" decoding=\"async\" class=\"alignnone size-medium wp-image-419766\" src=\"https:\/\/www.radiopiu.net\/wordpress\/wp-content\/uploads\/2024\/11\/COOP1-7-300x176.png\" alt=\"\" width=\"300\" height=\"176\" srcset=\"https:\/\/www.radiopiu.net\/wordpress\/wp-content\/uploads\/2024\/11\/COOP1-7-300x176.png 300w, https:\/\/www.radiopiu.net\/wordpress\/wp-content\/uploads\/2024\/11\/COOP1-7.png 491w\" sizes=\"auto, (max-width: 300px) 100vw, 300px\" \/><\/a><\/p>\n<p>&nbsp;<\/p>\n<hr \/>\n<p>&nbsp;<\/p>\n<p>&nbsp;<\/p>\n<p><strong><a class=\"dt-pswp-item\" href=\"https:\/\/www.radiopiu.net\/wordpress\/wp-content\/uploads\/2023\/12\/ANTENNA.png\" data-dt-img-description=\"\" data-large_image_width=\"300\" data-large_image_height=\"166\"><img loading=\"lazy\" decoding=\"async\" class=\" wp-image-366306 alignleft\" src=\"https:\/\/www.radiopiu.net\/wordpress\/wp-content\/uploads\/2023\/12\/ANTENNA.png\" alt=\"\" width=\"175\" height=\"97\" \/><\/a>ogni sera alle 19 le anticipazioni alla radio, quello che poi seguirete nel TELEGIORNALE BELLUNESE\u00a0 in onda alle 19.30 sul CANALE 10 del digitale terrestre.\u00a0\u00a0<\/strong><\/p>\n<p><strong>LE ANTICIPAZIONI DAL TG DI ANTENNA 3 DI TIZIANA BOLOGNANI<\/strong><\/p>\n<audio class=\"wp-audio-shortcode\" id=\"audio-419543-10\" preload=\"none\" style=\"width: 100%;\" controls=\"controls\"><source type=\"audio\/mpeg\" src=\"https:\/\/www.radiopiu.net\/wordpress\/wp-content\/uploads\/2024\/11\/ANTENNA3-10.mp3?_=10\" \/><a href=\"https:\/\/www.radiopiu.net\/wordpress\/wp-content\/uploads\/2024\/11\/ANTENNA3-10.mp3\">https:\/\/www.radiopiu.net\/wordpress\/wp-content\/uploads\/2024\/11\/ANTENNA3-10.mp3<\/a><\/audio>\n<p>&nbsp;<\/p>\n<p>&nbsp;<\/p>\n<hr \/>\n<p>&nbsp;<\/p>\n<p>&nbsp;<\/p>\n<p><strong><a class=\"dt-pswp-item\" href=\"https:\/\/www.radiopiu.net\/wordpress\/wp-content\/uploads\/2020\/05\/VENETO-STRADE.png\" data-dt-img-description=\"\" data-large_image_width=\"400\" data-large_image_height=\"400\"><img loading=\"lazy\" decoding=\"async\" class=\" wp-image-135574 alignleft\" src=\"https:\/\/www.radiopiu.net\/wordpress\/wp-content\/uploads\/2020\/05\/VENETO-STRADE-300x300.png\" alt=\"\" width=\"183\" height=\"183\" srcset=\"https:\/\/www.radiopiu.net\/wordpress\/wp-content\/uploads\/2020\/05\/VENETO-STRADE-300x300.png 300w, https:\/\/www.radiopiu.net\/wordpress\/wp-content\/uploads\/2020\/05\/VENETO-STRADE-150x150.png 150w, https:\/\/www.radiopiu.net\/wordpress\/wp-content\/uploads\/2020\/05\/VENETO-STRADE.png 400w\" sizes=\"auto, (max-width: 183px) 100vw, 183px\" \/><\/a>SP 17 SAN PIETRO<\/strong><br \/>\n<strong>TRATTO SAN PIETRO E PRESENAIO, COMUNE SAN PIETRO DI CADORE\u00a0<\/strong><\/p>\n<p>Domani mattina dalle 8 alle 12 interdizione totale al transito per tutti i veicoli, per lavori di getto di calcestruzzo mediante trasporto in elicottero.<\/p>\n<p>&nbsp;<\/p>\n<p><strong>SP 12 PEDEMONTANA<\/strong><br \/>\n<strong>VIA SAN OSVALDO, COMUNE DI PEDAVENA<\/strong><\/p>\n<p>Nei giorni 19 e 20 novembre interdizione totale alla circolazione per lavori di riparazione condotta fognaria<\/p>\n<p>&nbsp;<\/p>\n<p>&nbsp;<\/p>\n<hr \/>\n<p>&nbsp;<\/p>\n<p>&nbsp;<\/p>\n<p><img decoding=\"async\" class=\"aligncenter\" src=\"https:\/\/www.radiopiu.net\/wordpress\/wp-content\/uploads\/2024\/11\/Senza-nome-69.png\" \/><\/p>\n<blockquote>\n<h1><\/h1>\n<h1>EBREI RIFIUTATI, IL GESTORE DELL&#8217;HOTEL ONGARO, LA FAMIGLIA DI PATRIK SI DISSOCIA DA QUALSIASI ATTO DI ANTISEMITISMO<\/h1>\n<p>&nbsp;<\/p><\/blockquote>\n<p><span style=\"color: #ff0000;\"><strong>LE ANTICIPAZIONI DAL TG DI ANTENNA 3, IERI SERA&#8230; TIZIANA BOLOGNANI<\/strong><\/span><\/p>\n<audio class=\"wp-audio-shortcode\" id=\"audio-419543-11\" preload=\"none\" style=\"width: 100%;\" controls=\"controls\"><source type=\"audio\/mpeg\" src=\"https:\/\/www.radiopiu.net\/wordpress\/wp-content\/uploads\/2024\/11\/TIZIANA-ISRAELE.mp3?_=11\" \/><a href=\"https:\/\/www.radiopiu.net\/wordpress\/wp-content\/uploads\/2024\/11\/TIZIANA-ISRAELE.mp3\">https:\/\/www.radiopiu.net\/wordpress\/wp-content\/uploads\/2024\/11\/TIZIANA-ISRAELE.mp3<\/a><\/audio>\n<p>&nbsp;<\/p>\n<p>&nbsp;<\/p>\n<div class=\"flex max-w-full flex-col flex-grow\">\n<div class=\"min-h-8 text-message flex w-full flex-col items-end gap-2 whitespace-normal break-words [.text-message+&amp;]:mt-5\" dir=\"auto\" data-message-author-role=\"assistant\" data-message-id=\"0a5c3cc2-f013-44b6-8ae7-2f51f1750ec7\" data-message-model-slug=\"gpt-4o\">\n<div class=\"flex w-full flex-col gap-1 empty:hidden first:pt-[3px]\">\n<div class=\"markdown prose w-full break-words dark:prose-invert dark\">\n<p><a class=\"dt-pswp-item\" href=\"https:\/\/www.radiopiu.net\/wordpress\/wp-content\/uploads\/2024\/11\/Immagine-WhatsApp-2024-11-14-ore-09.48.29_e8807db3.jpg\" data-dt-img-description=\"\" data-large_image_width=\"928\" data-large_image_height=\"1600\"><img loading=\"lazy\" decoding=\"async\" class=\"size-medium wp-image-419643 alignleft\" src=\"https:\/\/www.radiopiu.net\/wordpress\/wp-content\/uploads\/2024\/11\/Immagine-WhatsApp-2024-11-14-ore-09.48.29_e8807db3-174x300.jpg\" alt=\"\" width=\"174\" height=\"300\" srcset=\"https:\/\/www.radiopiu.net\/wordpress\/wp-content\/uploads\/2024\/11\/Immagine-WhatsApp-2024-11-14-ore-09.48.29_e8807db3-174x300.jpg 174w, https:\/\/www.radiopiu.net\/wordpress\/wp-content\/uploads\/2024\/11\/Immagine-WhatsApp-2024-11-14-ore-09.48.29_e8807db3-594x1024.jpg 594w, https:\/\/www.radiopiu.net\/wordpress\/wp-content\/uploads\/2024\/11\/Immagine-WhatsApp-2024-11-14-ore-09.48.29_e8807db3-768x1324.jpg 768w, https:\/\/www.radiopiu.net\/wordpress\/wp-content\/uploads\/2024\/11\/Immagine-WhatsApp-2024-11-14-ore-09.48.29_e8807db3-891x1536.jpg 891w, https:\/\/www.radiopiu.net\/wordpress\/wp-content\/uploads\/2024\/11\/Immagine-WhatsApp-2024-11-14-ore-09.48.29_e8807db3.jpg 928w\" sizes=\"auto, (max-width: 174px) 100vw, 174px\" \/><\/a><\/p>\n<p><strong>&#8220;Esclusione scioccante nell&#8217;hotel di SELVA DI CADORE: &#8220;Israele responsabile di genocidio ed \u00e8 bufera&#8221;<\/strong><\/p>\n<p><strong>SELVA DI CADORE<\/strong> Episodio di discriminazione: il titolare dell&#8217;Hotel Garni Ongaro rifiuta la prenotazione a un gruppo di turisti israeliani, accusandoli di &#8220;genocidio&#8221;. Il messaggio, inviato attraverso la piattaforma di prenotazione, ha provocato forti reazioni, compresa l&#8217;intervento del console israeliano a Roma e la condanna dell&#8217;associazione degli albergatori locali. La vicenda ha scatenato un&#8217;ondata di proteste online, con appelli al boicottaggio dell&#8217;albergo, che \u00e8 stato rimosso da Booking.com ma resta visibile per le recensioni, spesso critiche. Un precedente simile si era verificato a luglio in provincia di Belluno, dove un bed &amp; breakfast aveva risposto con un messaggio antisemita a una famiglia israeliana.<\/p>\n<p><strong><em><img loading=\"lazy\" decoding=\"async\" class=\"alignleft\" src=\"https:\/\/www.radiopiu.net\/wordpress\/wp-content\/uploads\/2021\/09\/LUCA-LORENZINI.jpg\" width=\"110\" height=\"119\" \/><\/em>Il sindaco di Selva di Cadore, Luca Lorenzini.<\/strong> <em>&#8220;Selva di Cadore \u00e8 una localit\u00e0 turistica e una comunit\u00e0 per sua tradizione accogliente. Leggo pertanto con stupore e rammarico le affermazioni dello staff dell&#8217;albergo in questione, affermazioni che l&#8217;amministrazione comunale stigmatizza e da cui si dissocia totalmente. Ogni discriminazione, in qualsiasi forma i manifesti \u00e8 inacettabile, sbagliata e controproducente&#8221;\u00a0<\/em><\/p>\n<p>&nbsp;<\/p>\n<\/div>\n<p>LA STAMPA ESTERA FRANCIA <strong>I24NEWS<\/strong> <span style=\"color: #0000ff;\"><strong><a style=\"color: #0000ff;\" href=\"https:\/\/www.i24news.tv\/fr\/actu\/international\/europe\/artc-italie-un-hotelier-interdit-son-etablissement-aux-israeliens-les-accusant-de-genocide\">CLICCA QUI<\/a><\/strong><\/span><\/p>\n<\/div>\n<\/div>\n<\/div>\n<div class=\"mb-2 flex gap-3 empty:hidden -ml-2\">\n<div class=\"items-center justify-start rounded-xl p-1 flex\">\n<div class=\"flex items-center\">\n<div class=\"flex\"><strong>RICEVIAMO E PUBBLICHIAMO<\/strong><\/div>\n<div><\/div>\n<p>Gentile Redazione,<\/p>\n<p>Desidero portare alla vostra attenzione un episodio che ritengo particolarmente grave, riguardante un presunto atto di discriminazione e antisemitismo da parte di una struttura alberghiera italiana. Come da screenshot allegato, l\u2019Hotel Garni Ongaro di Selva di Cadore avrebbe inviato un messaggio a clienti israeliani, prenotatisi tramite la piattaforma Booking.com, in cui dichiarava che &#8220;non sono clienti graditi in quanto responsabili di genocidio&#8221;. Qualora questa comunicazione fosse confermata, ci troveremmo di fronte a una violazione grave dei principi di rispetto, uguaglianza e accoglienza, nonch\u00e9 a un evidente caso di antisemitismo, fenomeno che dovrebbe essere unanimemente condannato. Auspico un\u2019indagine approfondita su questo caso da parte delle autorit\u00e0 competenti e una presa di posizione chiara da parte di tutte le istituzioni e le associazioni di categoria del settore turistico. Chiedo cortesemente alla vostra redazione di approfondire e verificare i fatti, per dare voce alla preoccupazione che episodi simili suscitano nella nostra societ\u00e0 e contribuire a sensibilizzare l\u2019opinione pubblica su un tema cos\u00ec delicato.<\/p>\n<p>Michele Desenzani<\/p>\n<\/div>\n<p>___<\/p>\n<\/div>\n<p>&nbsp;<\/p>\n<p>&nbsp;<\/p>\n<blockquote>\n<h1>TURISTI ISRAELIANI RIFIUTATI A SELVA DI CADORE. ZAIA TURBATO E ALLIBITO<\/h1>\n<p><em>Per la seconda volta in pochi mesi, dopo un episodio analogo registrato lo scorso luglio, da una struttura ricettiva del Cadore giunge un messaggio di rifiuto all&#8217;accoglienza di turisti israeliani. Nello spazio del portale di Booking.com riservato ai singoli utenti il gestore dell&#8217;Hotel Garni Ongaro, di Selva di Cadore (Belluno), ha informato la clientela di non gradire la presenza di rappresentanti del popolo israeliano &#8220;in quanto responsabili del genocidio.<\/em><\/p><\/blockquote>\n<p><strong><a class=\"dt-pswp-item\" href=\"https:\/\/www.radiopiu.net\/wordpress\/wp-content\/uploads\/2024\/08\/LUCA-ZAIA-COPERTINA.jpg\" data-dt-img-description=\"\" data-large_image_width=\"1600\" data-large_image_height=\"1143\"><img loading=\"lazy\" decoding=\"async\" class=\" wp-image-403496 alignleft\" src=\"https:\/\/www.radiopiu.net\/wordpress\/wp-content\/uploads\/2024\/08\/LUCA-ZAIA-COPERTINA-300x214.jpg\" alt=\"\" width=\"198\" height=\"141\" \/><\/a>VENEZIA <\/strong>\u201cIn attesa di conoscere qualcosa di pi\u00f9 su una notizia che, se sar\u00e0 confermata, \u00e8 di estrema gravit\u00e0, mi sento profondamente turbato e resto allibito per quanto \u00e8 accaduto. Il Veneto deve garantire le porte aperte a tutti. Continuo a sperare che quanto riportato non sia vero, poich\u00e9 l\u2019ospitalit\u00e0 veneta non \u00e8 questa. Credo fermamente che la nostra offerta turistica debba essere inclusiva, apolitica e rispettosa di tutti. L\u2019ho sottolineato pi\u00f9 volte e ribadisco che episodi del genere sono inaccettabili: il Veneto non \u00e8 questo. Da secoli, siamo un popolo aperto al mondo e rispettoso delle identit\u00e0 altrui. La Repubblica Veneta \u00e8 stata un esempio di integrazione, ospitando comunit\u00e0 come quella ebraica e favorendo una contaminazione culturale anche con il Medioriente e il mondo arabo che ha arricchito non solo il Veneto, ma l\u2019intero Paese\u201d. Con queste parole il presidente della Regione del Veneto, Luca Zaia, esprime desolazione dopo la notizia che un gruppo di turisti israeliani non sarebbe stato considerato ben accetto da una struttura alberghiera di Selva di Cadore (Belluno) con l\u2019accusa di essere \u201cresponsabili di genocidio\u201d. \u201cNostro compito non \u00e8 chiudere le porte ma \u00e8 aprirle \u2013 aggiunge il Governatore -. Sarebbe un onore se il Veneto potesse accogliere le due comunit\u00e0 in conflitto, israeliani e palestinesi, offrendo loro uno spazio per incontrarsi e dialogare, con l\u2019obiettivo di promuovere la pace proprio nella nostra Terra. Qui entrano in gioco tre aspetti fondamentali. Primo, il valore dell\u2019ospitalit\u00e0: l\u2019etimologia stessa ci ricorda che ospitare significa offrire accoglienza e rispetto reciproco tra chi ospita e chi \u00e8 ospitato. Secondo, il legame con la comunit\u00e0 locale, che vive dell\u2019accoglienza turistica, il cui valore deve restare immutato, come esempio di inclusivit\u00e0 e pacifica convivenza. E infine, penso ai nostri giovani, a cui \u00e8 sempre pi\u00f9 difficile trasmettere messaggi di pace, di inclusione e di rispetto reciproco. Per questo, \u00e8 un nostro dovere non solo essere un punto di riferimento, ma anche comunicare chiaramente questi valori\u201d. \u201cAbbiamo una responsabilit\u00e0 educativa non solo come veneti, ma anche come regione turisticamente rilevante, con oltre 73 milioni di presenze l\u2019anno, di cui il 66% rappresentato da turisti stranieri \u2013 conclude Zaia -. Custodiamo il privilegio di ospitare la citt\u00e0 pi\u00f9 bella del mondo, Venezia, ed \u00e8 nostro dovere tracciare la via dell\u2019accoglienza. Che sia israeliano, palestinese o di qualsiasi altra nazionalit\u00e0, ogni turista deve sentirsi accolto e rispettato, perch\u00e9 questo \u00e8 il vero senso dell\u2019ospitalit\u00e0. L\u2019ospite \u00e8 sovrano: non c\u2019\u00e8 posto per discriminazioni legate a convinzioni personali, politiche, colore della pelle, religione, orientamenti sentimentali o di genere\u201d.<\/p>\n<h1 class=\"_title post-title entry-title\"><\/h1>\n<p>&nbsp;<\/p>\n<h1 class=\"_title post-title entry-title\"><a class=\"dt-pswp-item\" href=\"https:\/\/www.radiopiu.net\/wordpress\/wp-content\/uploads\/2023\/12\/ANTENNA.png\" data-dt-img-description=\"\" data-large_image_width=\"300\" data-large_image_height=\"166\"><img loading=\"lazy\" decoding=\"async\" class=\"size-full wp-image-366306 alignleft\" src=\"https:\/\/www.radiopiu.net\/wordpress\/wp-content\/uploads\/2023\/12\/ANTENNA.png\" alt=\"\" width=\"300\" height=\"166\" \/><\/a>OSPITALITA\u2019 NEGATA A TURISTI ISRAELIANI, TITOLARE DEL GARNI DI SELVA NELLA BUFERA<\/h1>\n<p>Intervistati SILVIA CESTARO CONSIGLIERA REGIONALE ED EX SINDACA DI SELVA DI CADORE (AL TELEFONO) (Servizio di <a href=\"https:\/\/antennatre.medianordest.it\/redazione\/Tiziana-Bolognani\/\">Tiziana Bolognani<\/a>)<\/p>\n<p><iframe loading=\"lazy\" title=\"OSPITALITA&#039; NEGATA A TURISTI ISRAELIANI, TITOLARE DEL GARNI DI SELVA NELLA BUFERA | 14\/11\/2024\" width=\"1200\" height=\"675\" src=\"https:\/\/www.youtube.com\/embed\/lM8r65_xgdM?feature=oembed\" frameborder=\"0\" allow=\"accelerometer; autoplay; clipboard-write; encrypted-media; gyroscope; picture-in-picture; web-share\" referrerpolicy=\"strict-origin-when-cross-origin\" allowfullscreen><\/iframe><\/p>\n<hr \/>\n<p>&nbsp;<\/p>\n<p>&nbsp;<\/p>\n<h2>SILVIA CESTARO, CONSIGLIERE REGIONALE, PRENDE POSIZIONE SUL CASO HOTEL ONGARO<\/h2>\n<p><strong><a class=\"dt-pswp-item\" href=\"https:\/\/www.radiopiu.net\/wordpress\/wp-content\/uploads\/2024\/03\/CESTARO.jpg\" data-dt-img-description=\"\" data-large_image_width=\"810\" data-large_image_height=\"540\"><img loading=\"lazy\" decoding=\"async\" class=\" wp-image-381549 alignleft\" src=\"https:\/\/www.radiopiu.net\/wordpress\/wp-content\/uploads\/2024\/03\/CESTARO-300x200.jpg\" alt=\"\" width=\"189\" height=\"126\" srcset=\"https:\/\/www.radiopiu.net\/wordpress\/wp-content\/uploads\/2024\/03\/CESTARO-300x200.jpg 300w, https:\/\/www.radiopiu.net\/wordpress\/wp-content\/uploads\/2024\/03\/CESTARO-768x512.jpg 768w, https:\/\/www.radiopiu.net\/wordpress\/wp-content\/uploads\/2024\/03\/CESTARO.jpg 810w\" sizes=\"auto, (max-width: 189px) 100vw, 189px\" \/><\/a>REDAZIONE<\/strong> La consigliera regionale Silvia Cestaro entra in merito alla notizia dell&#8217;episodio discriminante da parte del titolare dell&#8217;Hotel Garn\u00ec Ongaro di Selva di Cadore.<\/p>\n<p><strong>SILVIA CESTARO<\/strong><\/p>\n<audio class=\"wp-audio-shortcode\" id=\"audio-419543-12\" preload=\"none\" style=\"width: 100%;\" controls=\"controls\"><source type=\"audio\/mpeg\" src=\"https:\/\/www.radiopiu.net\/wordpress\/wp-content\/uploads\/2024\/11\/CESTARO-ONGARO.mp3?_=12\" \/><a href=\"https:\/\/www.radiopiu.net\/wordpress\/wp-content\/uploads\/2024\/11\/CESTARO-ONGARO.mp3\">https:\/\/www.radiopiu.net\/wordpress\/wp-content\/uploads\/2024\/11\/CESTARO-ONGARO.mp3<\/a><\/audio>\n<p>&nbsp;<\/p>\n<hr \/>\n<p>&nbsp;<\/p>\n<p>&nbsp;<\/p>\n<blockquote>\n<h1><a class=\"dt-pswp-item\" href=\"https:\/\/www.radiopiu.net\/wordpress\/wp-content\/uploads\/2018\/11\/PD.png\" data-dt-img-description=\"\" data-large_image_width=\"226\" data-large_image_height=\"182\"><img loading=\"lazy\" decoding=\"async\" class=\"size-full wp-image-67744 alignleft\" src=\"https:\/\/www.radiopiu.net\/wordpress\/wp-content\/uploads\/2018\/11\/PD.png\" alt=\"\" width=\"226\" height=\"182\" \/><\/a>Martella: \u00abCondanniamo grave episodio di razzismo\u00bb<\/h1>\n<\/blockquote>\n<p><strong>VENEZIA\u00a0 <\/strong>\u00abIl messaggio dell\u2019albergatore di Selva di Cadore, se verr\u00e0 confermato nei termini denunciati dalla comunit\u00e0 ebraica, \u00e8 grave e va condannato con forza\u00bb. Cos\u00ec il segretario del PD Veneto, <strong>Andrea Martella<\/strong>, in merito alla polemica esplosa nel Bellunese. <em>\u00abRifiutare ospitalit\u00e0 a un gruppo di turisti solo perch\u00e9 israeliani, e giustificarsi denunciando i massacri in corso a Gaza, \u00e8 una manifestazione da manuale di razzismo. Denunciamo anche in questa occasione ogni forma di antisemitismo, che rischia di alimentare un clima di preoccupante intolleranza. Come continuiamo ad auspicare il ritorno alla ragione, al dialogo, all\u2019umanit\u00e0. Le Dolomiti e il Veneto sono e rimangono terra di accoglienza e di apertura al mondo, non di odio e chiusura\u00bb,<\/em> conclude il senatore Martella.<\/p>\n<div class=\"items-center justify-start rounded-xl p-1 flex\">\n<div class=\"flex items-center\"><\/div>\n<div><\/div>\n<\/div>\n<\/div>\n<div>\n<hr \/>\n<\/div>\n<div><\/div>\n<div><\/div>\n<div>\n<blockquote>\n<h2>CASO HOTEL SELVA DI CADORE: LA REAZIONE DEL PRESIDENTE DELLA PROVINCIA ROBERTO PADRIN<\/h2>\n<\/blockquote>\n<p><strong><a class=\"dt-pswp-item\" href=\"https:\/\/www.radiopiu.net\/wordpress\/wp-content\/uploads\/2023\/04\/PADRIN.jpeg\" data-dt-img-description=\"\" data-large_image_width=\"1110\" data-large_image_height=\"648\"><img loading=\"lazy\" decoding=\"async\" class=\" wp-image-330720 alignleft\" src=\"https:\/\/www.radiopiu.net\/wordpress\/wp-content\/uploads\/2023\/04\/PADRIN-300x175.jpeg\" alt=\"\" width=\"202\" height=\"118\" srcset=\"https:\/\/www.radiopiu.net\/wordpress\/wp-content\/uploads\/2023\/04\/PADRIN-300x175.jpeg 300w, https:\/\/www.radiopiu.net\/wordpress\/wp-content\/uploads\/2023\/04\/PADRIN-1024x598.jpeg 1024w, https:\/\/www.radiopiu.net\/wordpress\/wp-content\/uploads\/2023\/04\/PADRIN-768x448.jpeg 768w, https:\/\/www.radiopiu.net\/wordpress\/wp-content\/uploads\/2023\/04\/PADRIN.jpeg 1110w\" sizes=\"auto, (max-width: 202px) 100vw, 202px\" \/><\/a>BELLUNO <\/strong>\u00abL\u2019ospitalit\u00e0 di un territorio che crede fortemente nel turismo non pu\u00f2 essere intaccata da singoli episodi &#8211; da verificare e dimostrare &#8211; di discriminazione. Lo scenario delle Dolomiti bellunesi sia di stimolo a farsi portatori e amplificatori di bellezza\u00bb. Cos\u00ec il presidente della Provincia di Belluno, Roberto Padrin, nel leggere il lancio di agenzia relativo a una struttura ricettiva di Selva di Cadore che avrebbe &#8211; condizionale d\u2019obbligo fino a verifica completa della faccenda &#8211; respinto un gruppo di israeliani come turisti non ben accetti. \u00abLa cultura dell\u2019accoglienza di cui le nostre genti sono portatrici da sempre stride fortemente con un episodio di intolleranza che ho letto. Credo vadano fatte tutte le verifiche del caso, e spero si tratti di uno spiacevolissimo equivoco. Ma mi sento fin d\u2019ora di condannare tutto ci\u00f2 che cozza contro lo spirito dell\u2019ospitalit\u00e0. Respingere un gruppo di persone per la loro nazionalit\u00e0 non fa parte della nostra cultura bellunese di provincia accogliente\u00bb. \u00abUn territorio che crede nella vocazione turistica \u00e8 portato per natura all\u2019internazionalit\u00e0 e all\u2019apertura\u00bb aggiunge la consigliera provinciale delegata al turismo, Vanessa De Francesch. \u00abE lo dicono i numeri: nel 2023 i turisti stranieri sono stati quasi 550mila, per oltre 1 milione e mezzo di presenze, vale a dire la met\u00e0 dei visitatori del Bellunese. Questi dati dimostrano quanto il territorio sia aperto e ospitale. E non pu\u00f2 un singolo episodio &#8211; come ha detto il presidente, da dimostrare &#8211; intaccare il buon nome e il buon lavoro di centinaia di operatori del turismo\u00bb.<\/p>\n<\/div>\n<div><\/div>\n<div><\/div>\n<div>\n<hr \/>\n<\/div>\n<div><\/div>\n<blockquote>\n<h2><a class=\"dt-pswp-item\" href=\"https:\/\/www.radiopiu.net\/wordpress\/wp-content\/uploads\/2024\/11\/Senza-nome-67.png\" data-dt-img-description=\"\" data-large_image_width=\"142\" data-large_image_height=\"109\"><img loading=\"lazy\" decoding=\"async\" class=\"size-full wp-image-419741 alignleft\" src=\"https:\/\/www.radiopiu.net\/wordpress\/wp-content\/uploads\/2024\/11\/Senza-nome-67.png\" alt=\"\" width=\"142\" height=\"109\" \/><\/a>Lorenzo Bogo, camionista di Levego, muore nel sonno durante una sosta<\/h2>\n<\/blockquote>\n<div>\n<p><strong>BELLUNO<\/strong> Lorenzo Bogo &#8220;Lupin&#8221; 56enne di Levego, \u00e8 deceduto improvvisamente nel sonno nella cabina del suo camion, fermo a Conegliano per una pausa. La moglie, non ricevendo risposta, ha lanciato l\u2019allarme. Il corpo \u00e8 stato trovato senza vita; escluso il reato, la Procura ha autorizzato la sepoltura. L&#8217;autopsia chiarir\u00e0 le cause esatte.<\/p>\n<p><a class=\"dt-pswp-item\" href=\"https:\/\/www.radiopiu.net\/wordpress\/wp-content\/uploads\/2024\/11\/Senza-nome-67.png\" data-dt-img-description=\"\" data-large_image_width=\"142\" data-large_image_height=\"109\">\u00a0<\/a><\/p>\n<p>&nbsp;<\/p>\n<hr \/>\n<blockquote><p><strong><em><a class=\"dt-pswp-item\" href=\"https:\/\/www.radiopiu.net\/wordpress\/wp-content\/uploads\/2024\/11\/Senza-nome-68.png\" data-dt-img-description=\"\" data-large_image_width=\"260\" data-large_image_height=\"256\"><img loading=\"lazy\" decoding=\"async\" class=\" wp-image-419746 alignleft\" src=\"https:\/\/www.radiopiu.net\/wordpress\/wp-content\/uploads\/2024\/11\/Senza-nome-68.png\" alt=\"\" width=\"122\" height=\"120\" \/><\/a><\/em><\/strong><strong><em>Ultimo saluto a Nicola Tranquillini, storico camionista di Fonzaso<\/em><\/strong><\/p><\/blockquote>\n<p><strong>FONZASO<\/strong> Si terranno domani alle 10:30 nella chiesa di Fonzaso i funerali di Nicola Tranquillini, camionista 58enne deceduto mercoled\u00ec a Lamon per un infarto durante il lavoro. Dipendente storico della GG Garbin, era apprezzato per la sua esperienza e dedizione. Nato e cresciuto a Fonzaso, riposer\u00e0 nel cimitero del paese. La comunit\u00e0, amici e colleghi si riuniranno per un ultimo saluto, manifestando affetto e vicinanza alla famiglia in un momento di commosso ricordo.<\/p>\n<p>&nbsp;<\/p>\n<p>&nbsp;<\/p>\n<\/div>\n<div>\n<hr \/>\n<\/div>\n<div><\/div>\n<div>\n<blockquote><p>&nbsp;<\/p>\n<h1>Controlli NAS: una mensa scolastica su due non \u00e8 a norma<\/h1>\n<\/blockquote>\n<p><strong><img decoding=\"async\" class=\"alignleft\" src=\"https:\/\/www.radiopiu.net\/wordpress\/wp-content\/uploads\/2024\/11\/th-10.jpg\" \/>BELLUNO<\/strong><\/p>\n<div class=\"flex max-w-full flex-col flex-grow\">\n<div class=\"min-h-8 text-message flex w-full flex-col items-end gap-2 whitespace-normal break-words [.text-message+&amp;]:mt-5\" dir=\"auto\" data-message-author-role=\"assistant\" data-message-id=\"90d6c471-cce5-4bc6-830c-42890ff1f790\" data-message-model-slug=\"gpt-4o\">\n<div class=\"flex w-full flex-col gap-1 empty:hidden first:pt-[3px]\">\n<div class=\"markdown prose w-full break-words dark:prose-invert dark\">\n<p>Il Nucleo anti sofisticazione dei carabinieri di Treviso ha ispezionato 15 mense scolastiche nella provincia, rilevando irregolarit\u00e0 igienico-sanitarie in sei di esse. Tra i problemi riscontrati: sporcizia, polvere, grasso su fornelli e ragnatele. Sette responsabili sono stati segnalati per carenze strutturali come crepe e umidit\u00e0. Le ispezioni, parte di una campagna nazionale, hanno portato a 225 violazioni accertate e sanzioni per un totale di 130 mila euro, oltre al sequestro di 350 kg di alimenti per cattiva conservazione o scadenza. Cinque gestori dovranno rispondere davanti alla magistratura. I controlli continueranno per garantire la sicurezza alimentare nelle scuole.<\/p>\n<\/div>\n<\/div>\n<\/div>\n<\/div>\n<p>&nbsp;<\/p>\n<p><strong>LE ANTICIPAZIONI DAL TG DI ANTENNA 3, IERI SERA TIZIANA BOLOGNANI<\/strong><\/p>\n<audio class=\"wp-audio-shortcode\" id=\"audio-419543-13\" preload=\"none\" style=\"width: 100%;\" controls=\"controls\"><source type=\"audio\/mpeg\" src=\"https:\/\/www.radiopiu.net\/wordpress\/wp-content\/uploads\/2024\/11\/TIZIANA-NAS.mp3?_=13\" \/><a href=\"https:\/\/www.radiopiu.net\/wordpress\/wp-content\/uploads\/2024\/11\/TIZIANA-NAS.mp3\">https:\/\/www.radiopiu.net\/wordpress\/wp-content\/uploads\/2024\/11\/TIZIANA-NAS.mp3<\/a><\/audio>\n<p>&nbsp;<\/p>\n<p>&nbsp;<\/p>\n<hr \/>\n<\/div>\n<div>\n<h1 class=\"_title post-title entry-title\"><a class=\"dt-pswp-item\" href=\"https:\/\/www.radiopiu.net\/wordpress\/wp-content\/uploads\/2023\/12\/ANTENNA.png\" data-dt-img-description=\"\" data-large_image_width=\"300\" data-large_image_height=\"166\"><img loading=\"lazy\" decoding=\"async\" class=\"wp-image-366306 alignleft\" src=\"https:\/\/www.radiopiu.net\/wordpress\/wp-content\/uploads\/2023\/12\/ANTENNA.png\" alt=\"\" width=\"210\" height=\"116\" \/><\/a>NAS NELLE MENSE SCOLASTICHE, IRREGOLARITA\u2019 IN 6 STRUTTURE SU 15 SCUOLE ISPEZIONATE<\/h1>\n<p>DI TIZIANA BOLOGNANI<\/p>\n<\/div>\n<div>\n<p><iframe loading=\"lazy\" title=\"NAS NELLE MENSE SCOLASTICHE, IRREGOLARITA&#039; IN 6 STRUTTURE SU 15 SCUOLE ISPEZIONATE  | 14\/11\/2024\" width=\"1200\" height=\"675\" src=\"https:\/\/www.youtube.com\/embed\/NPbWbGHIkps?feature=oembed\" frameborder=\"0\" allow=\"accelerometer; autoplay; clipboard-write; encrypted-media; gyroscope; picture-in-picture; web-share\" referrerpolicy=\"strict-origin-when-cross-origin\" allowfullscreen><\/iframe><\/p>\n<\/div>\n<p>&nbsp;<\/p>\n<p>&nbsp;<\/p>\n<hr \/>\n<p>&nbsp;<\/p>\n<blockquote>\n<h1><a class=\"dt-pswp-item\" href=\"https:\/\/www.radiopiu.net\/wordpress\/wp-content\/uploads\/2024\/11\/Senza-nome-65.png\" data-dt-img-description=\"\" data-large_image_width=\"629\" data-large_image_height=\"395\"><img loading=\"lazy\" decoding=\"async\" class=\" wp-image-419628 alignleft\" src=\"https:\/\/www.radiopiu.net\/wordpress\/wp-content\/uploads\/2024\/11\/Senza-nome-65-300x188.png\" alt=\"\" width=\"247\" height=\"155\" srcset=\"https:\/\/www.radiopiu.net\/wordpress\/wp-content\/uploads\/2024\/11\/Senza-nome-65-300x188.png 300w, https:\/\/www.radiopiu.net\/wordpress\/wp-content\/uploads\/2024\/11\/Senza-nome-65.png 629w\" sizes=\"auto, (max-width: 247px) 100vw, 247px\" \/><\/a>OGGI STUDENTI IN PIAZZA, PER UNA SCUOLA MIGLIORE<\/h1>\n<p>Gli studenti di Belluno scioperano in occasione della <b>giornata internazionale degli studenti<\/b>.<\/p><\/blockquote>\n<p><strong>BELLUNO\u00a0<\/strong><\/p>\n<p>Oggi, la Rete degli Studenti Medi di Belluno ha lanciato una piazza con lo slogan \u2018Per una scuola diversa\u2019, per ribadire che la loro generazione \u00e8 contro il modello di scuola portato avanti da questo governo: dall\u2019idea sbagliata di \u2018scuola del merito\u2019, allo scarso interesse per la salute mentale, all\u2019edilizia fatiscente, al caro scuola e i tagli all\u2019istruzione, alle riforme di Valditara, allo scarso interesse per un\u2019educazione sessuoaffettiva e per la carriera alias: contro un\u2019idea di scuola sbagliata e che non tutela gli studenti.\u00a0 Il presidio sar\u00e0 in Piazza dei Martiri alle 9.<\/p>\n<p>&nbsp;<\/p>\n<p>&nbsp;<\/p>\n<hr \/>\n<p>&nbsp;<\/p>\n<p><strong>RINGRAZIAMENTO<\/strong><\/p>\n<p><a class=\"dt-pswp-item\" href=\"https:\/\/www.radiopiu.net\/wordpress\/wp-content\/uploads\/2024\/11\/Annalisa-Zasso-Ringraziamento.jpg\" data-dt-img-description=\"\" data-large_image_width=\"833\" data-large_image_height=\"581\"><img loading=\"lazy\" decoding=\"async\" class=\" wp-image-419727 aligncenter\" src=\"https:\/\/www.radiopiu.net\/wordpress\/wp-content\/uploads\/2024\/11\/Annalisa-Zasso-Ringraziamento-300x209.jpg\" alt=\"\" width=\"408\" height=\"284\" srcset=\"https:\/\/www.radiopiu.net\/wordpress\/wp-content\/uploads\/2024\/11\/Annalisa-Zasso-Ringraziamento-300x209.jpg 300w, https:\/\/www.radiopiu.net\/wordpress\/wp-content\/uploads\/2024\/11\/Annalisa-Zasso-Ringraziamento-768x536.jpg 768w, https:\/\/www.radiopiu.net\/wordpress\/wp-content\/uploads\/2024\/11\/Annalisa-Zasso-Ringraziamento.jpg 833w\" sizes=\"auto, (max-width: 408px) 100vw, 408px\" \/><\/a><\/p>\n<p>&nbsp;<\/p>\n<hr \/>\n<p>&nbsp;<\/p>\n<p><strong>la giudiziaria oggi<\/strong><br \/>\n<strong>dal Corriere delle Alpi<\/strong><br \/>\n<strong>sintesi di GIGI SOSSO<\/strong><\/p>\n<blockquote><p><strong><em>Stalking e minacce a una minorenne: rinvio a giudizio<\/em><\/strong><\/p><\/blockquote>\n<p><strong>BELLUNO<\/strong> Un uomo \u00e8 stato accusato di stalking ai danni di una minorenne, minacciandola con frasi gravi, come esposte in un locale e documentate da video. La Procura sostiene che l\u2019imputato la perseguitasse con insulti, minacce di morte e promesse di violenza. La ragazza, intimorita, ha cambiato le sue abitudini per evitare contatti. Il giudice Federico Montalto ha fissato il proseguimento dell\u2019istruttoria per il 10 febbraio, seguito da discussione e sentenza di primo grado.<\/p>\n<blockquote><p><strong><em>Padre accusato di mancato versamento degli alimenti: a processo<\/em><\/strong><\/p><\/blockquote>\n<p><strong>BELLUNO:<\/strong> Un padre \u00e8 in tribunale per non aver pagato alimenti per quattro anni (2018-2022), accumulando un debito di 30mila euro. L\u2019uomo, titolare di una pizzeria e con una nuova famiglia, \u00e8 difeso dall\u2019avvocato Simona Ianese. L\u2019ex moglie, parte civile con l&#8217;avvocato Fabio Capraro, chiede giustizia e risarcimento. La separazione risale al 2017 e prevedeva un mantenimento non rispettato. L\u2019udienza pre-dibattimentale ha portato alla decisione di procedere con il processo, con il rischio per l\u2019imputato di dover saldare il debito accumulato.<\/p>\n<p>&nbsp;<\/p>\n<hr \/>\n<p>&nbsp;<\/p>\n<blockquote>\n<h2>VIETATO SFAMARE I PICCIONI. L&#8217;AMMINISTRAZIONE COMUNALE HA DECISO DI STANGARE I CITTADINI<\/h2>\n<\/blockquote>\n<p><strong>LA STORIA<\/strong><\/p>\n<blockquote><p><em><strong>Il predecente a Palazzo Marconi<\/strong><\/em><\/p><\/blockquote>\n<p><strong>AGORDO<\/strong>\u00a0 Anni fa in consiglio comunale il sindaco Renzo Gavaz, viet\u00f2 di dare il cibo alle &#8220;zurle&#8221; che avevano invaso la citt\u00e0 anzich\u00e8 rimanere in alto, nei boschi. L&#8217;ordinanza scaten\u00f2 un putiferio nazionale con manifesti affissi ovunque dagli animalisti (anche sul Municipio) e con un interesse mediatico pari al <img loading=\"lazy\" decoding=\"async\" class=\"alignleft\" src=\"https:\/\/www.radiopiu.net\/wordpress\/wp-content\/uploads\/2021\/02\/allontanamento_piccioni_1600.jpg\" width=\"420\" height=\"199\" \/>famoso episodio delle telecamere di &#8220;plastica&#8221;&#8230; trucco dell&#8217;assessore Angelo Ramazzina anche questo a suo tempo svelato in un consiglio comunale dal consigliere Graziano Ronchi.<\/p>\n<p>&nbsp;<\/p>\n<p><strong>LA STORIA SI RIPETE <\/strong><\/p>\n<p><em><strong>controlli e multe per chi nutre i piccioni nel centro storico<\/strong><\/em><\/p>\n<p><strong>FELTRE<\/strong>\u00a0 il Comune ha deciso di fermare i pochi cittadini che alimentano i piccioni, aumentando la loro presenza e le deiezioni. La polizia locale monitorer\u00e0 e multer\u00e0 i trasgressori. L&#8217;assessore Bona ha ribadito che nutrire i piccioni contrasta con il regolamento comunale e contribuisce al problema. Nel passato, la proliferazione era gi\u00e0 stata affrontata, ma i residenti furono costretti a pulire autonomamente<\/p>\n<p>&nbsp;<\/p>\n<p>&nbsp;<\/p>\n<hr \/>\n<p>&nbsp;<\/p>\n<p>&nbsp;<\/p>\n<blockquote>\n<h1>DILLO A RADIO PIU&#8217;&#8230; LADRI NEI CIMITERI &#8220;VERGOGNATEVI&#8221;<\/h1>\n<\/blockquote>\n<p><strong>SAN TOMASO<\/strong>\u00a0 Da Dina riceviamo e pubblichiamo <em>&#8221; volevo fare una segnalazione ,questo \u00e8 quello che ho trovato in cimitero a San Tomaso stamatinna sull ossario dei miei genitori e altri 2 ossari vicini a qualcuno probabilmente servivano lumino e copri lumino ..<\/em><\/p>\n<p><a class=\"dt-pswp-item\" href=\"https:\/\/www.radiopiu.net\/wordpress\/wp-content\/uploads\/2024\/11\/4bf3ee36-f1b4-435f-a4ba-8014413c51c8.jpg\" data-dt-img-description=\"\" data-large_image_width=\"900\" data-large_image_height=\"1600\"><img loading=\"lazy\" decoding=\"async\" class=\"alignnone size-medium wp-image-419770\" src=\"https:\/\/www.radiopiu.net\/wordpress\/wp-content\/uploads\/2024\/11\/4bf3ee36-f1b4-435f-a4ba-8014413c51c8-169x300.jpg\" alt=\"\" width=\"169\" height=\"300\" srcset=\"https:\/\/www.radiopiu.net\/wordpress\/wp-content\/uploads\/2024\/11\/4bf3ee36-f1b4-435f-a4ba-8014413c51c8-169x300.jpg 169w, https:\/\/www.radiopiu.net\/wordpress\/wp-content\/uploads\/2024\/11\/4bf3ee36-f1b4-435f-a4ba-8014413c51c8-576x1024.jpg 576w, https:\/\/www.radiopiu.net\/wordpress\/wp-content\/uploads\/2024\/11\/4bf3ee36-f1b4-435f-a4ba-8014413c51c8-768x1365.jpg 768w, https:\/\/www.radiopiu.net\/wordpress\/wp-content\/uploads\/2024\/11\/4bf3ee36-f1b4-435f-a4ba-8014413c51c8-864x1536.jpg 864w, https:\/\/www.radiopiu.net\/wordpress\/wp-content\/uploads\/2024\/11\/4bf3ee36-f1b4-435f-a4ba-8014413c51c8.jpg 900w\" sizes=\"auto, (max-width: 169px) 100vw, 169px\" \/><\/a><a class=\"dt-pswp-item\" href=\"https:\/\/www.radiopiu.net\/wordpress\/wp-content\/uploads\/2024\/11\/9d2e0428-dfa6-407c-8823-d6d76c1c56cb.jpg\" data-dt-img-description=\"\" data-large_image_width=\"900\" data-large_image_height=\"1600\"><img loading=\"lazy\" decoding=\"async\" class=\"alignnone size-medium wp-image-419771\" src=\"https:\/\/www.radiopiu.net\/wordpress\/wp-content\/uploads\/2024\/11\/9d2e0428-dfa6-407c-8823-d6d76c1c56cb-169x300.jpg\" alt=\"\" width=\"169\" height=\"300\" srcset=\"https:\/\/www.radiopiu.net\/wordpress\/wp-content\/uploads\/2024\/11\/9d2e0428-dfa6-407c-8823-d6d76c1c56cb-169x300.jpg 169w, https:\/\/www.radiopiu.net\/wordpress\/wp-content\/uploads\/2024\/11\/9d2e0428-dfa6-407c-8823-d6d76c1c56cb-576x1024.jpg 576w, https:\/\/www.radiopiu.net\/wordpress\/wp-content\/uploads\/2024\/11\/9d2e0428-dfa6-407c-8823-d6d76c1c56cb-768x1365.jpg 768w, https:\/\/www.radiopiu.net\/wordpress\/wp-content\/uploads\/2024\/11\/9d2e0428-dfa6-407c-8823-d6d76c1c56cb-864x1536.jpg 864w, https:\/\/www.radiopiu.net\/wordpress\/wp-content\/uploads\/2024\/11\/9d2e0428-dfa6-407c-8823-d6d76c1c56cb.jpg 900w\" sizes=\"auto, (max-width: 169px) 100vw, 169px\" \/><\/a><\/p>\n<p>&nbsp;<\/p>\n<hr \/>\n<p>&nbsp;<\/p>\n<blockquote>\n<h3>PRESENTATA LA NUOVA CASA DELLA COMUNITA&#8217; A TAI DI CADORE<\/h3>\n<\/blockquote>\n<p><strong>TAI DI CADORE<\/strong><\/p>\n<p>DI BARBARA PAOLAZZI<\/p>\n<audio class=\"wp-audio-shortcode\" id=\"audio-419543-14\" preload=\"none\" style=\"width: 100%;\" controls=\"controls\"><source type=\"audio\/mpeg\" src=\"https:\/\/www.radiopiu.net\/wordpress\/wp-content\/uploads\/2024\/11\/PAOLAZZI-CASA-COMUNITA.mp3?_=14\" \/><a href=\"https:\/\/www.radiopiu.net\/wordpress\/wp-content\/uploads\/2024\/11\/PAOLAZZI-CASA-COMUNITA.mp3\">https:\/\/www.radiopiu.net\/wordpress\/wp-content\/uploads\/2024\/11\/PAOLAZZI-CASA-COMUNITA.mp3<\/a><\/audio>\n<p>&nbsp;<\/p>\n\n\t\t\t<style type='text\/css'>\n\t\t\t\t#gallery-1 {\n\t\t\t\t\tmargin: auto;\n\t\t\t\t}\n\t\t\t\t#gallery-1 .gallery-item {\n\t\t\t\t\tfloat: left;\n\t\t\t\t\tmargin-top: 10px;\n\t\t\t\t\ttext-align: center;\n\t\t\t\t\twidth: 33%;\n\t\t\t\t}\n\t\t\t\t#gallery-1 img {\n\t\t\t\t\tborder: 2px solid #cfcfcf;\n\t\t\t\t}\n\t\t\t\t#gallery-1 .gallery-caption {\n\t\t\t\t\tmargin-left: 0;\n\t\t\t\t}\n\t\t\t\t\/* see gallery_shortcode() in wp-includes\/media.php *\/\n\t\t\t<\/style>\n\t\t<div id='gallery-1' class='dt-gallery-container gallery galleryid-419543 gallery-columns-3 gallery-size-thumbnail'><dl class='gallery-item'>\n\t\t\t\t<dt class='gallery-icon portrait'>\n\t\t\t\t\t<a class=\"rollover rollover-zoom dt-pswp-item\" title=\"f3b72949-dfd6-431d-89c8-ccf353b6f590\" data-dt-img-description=\"\" data-large_image_width=\"1144\" data-large_image_height=\"2040\"href='https:\/\/www.radiopiu.net\/wordpress\/wp-content\/uploads\/2024\/11\/f3b72949-dfd6-431d-89c8-ccf353b6f590.jpg'><img loading=\"lazy\" decoding=\"async\" width=\"150\" height=\"150\" src=\"https:\/\/www.radiopiu.net\/wordpress\/wp-content\/uploads\/2024\/11\/f3b72949-dfd6-431d-89c8-ccf353b6f590-150x150.jpg\" class=\"attachment-thumbnail size-thumbnail\" alt=\"\" \/><\/a>\n\t\t\t\t<\/dt><\/dl><dl class='gallery-item'>\n\t\t\t\t<dt class='gallery-icon landscape'>\n\t\t\t\t\t<a class=\"rollover rollover-zoom dt-pswp-item\" title=\"3a04c29a-5049-46ab-bc80-82ef3a391df4\" data-dt-img-description=\"\" data-large_image_width=\"2040\" data-large_image_height=\"1144\"href='https:\/\/www.radiopiu.net\/wordpress\/wp-content\/uploads\/2024\/11\/3a04c29a-5049-46ab-bc80-82ef3a391df4.jpg'><img loading=\"lazy\" decoding=\"async\" width=\"150\" height=\"150\" src=\"https:\/\/www.radiopiu.net\/wordpress\/wp-content\/uploads\/2024\/11\/3a04c29a-5049-46ab-bc80-82ef3a391df4-150x150.jpg\" class=\"attachment-thumbnail size-thumbnail\" alt=\"\" \/><\/a>\n\t\t\t\t<\/dt><\/dl><dl class='gallery-item'>\n\t\t\t\t<dt class='gallery-icon portrait'>\n\t\t\t\t\t<a class=\"rollover rollover-zoom dt-pswp-item\" title=\"2b1804d2-9080-4888-8e12-6c7a653eb306\" data-dt-img-description=\"\" data-large_image_width=\"1152\" data-large_image_height=\"1552\"href='https:\/\/www.radiopiu.net\/wordpress\/wp-content\/uploads\/2024\/11\/2b1804d2-9080-4888-8e12-6c7a653eb306.jpg'><img loading=\"lazy\" decoding=\"async\" width=\"150\" height=\"150\" src=\"https:\/\/www.radiopiu.net\/wordpress\/wp-content\/uploads\/2024\/11\/2b1804d2-9080-4888-8e12-6c7a653eb306-150x150.jpg\" class=\"attachment-thumbnail size-thumbnail\" alt=\"\" \/><\/a>\n\t\t\t\t<\/dt><\/dl><br style=\"clear: both\" \/>\n\t\t\t<\/div>\n\n<p>&nbsp;<\/p>\n<hr \/>\n<p>&nbsp;<\/p>\n<blockquote>\n<p data-pm-slice=\"1 1 []\"><strong><a class=\"dt-pswp-item\" href=\"https:\/\/www.radiopiu.net\/wordpress\/wp-content\/uploads\/2022\/12\/MUNICIPIO-AGORDO.png\" data-dt-img-description=\"\" data-large_image_width=\"1890\" data-large_image_height=\"1210\"><img loading=\"lazy\" decoding=\"async\" class=\" wp-image-309882 alignleft\" src=\"https:\/\/www.radiopiu.net\/wordpress\/wp-content\/uploads\/2022\/12\/MUNICIPIO-AGORDO-300x192.png\" alt=\"\" width=\"191\" height=\"122\" srcset=\"https:\/\/www.radiopiu.net\/wordpress\/wp-content\/uploads\/2022\/12\/MUNICIPIO-AGORDO-300x192.png 300w, https:\/\/www.radiopiu.net\/wordpress\/wp-content\/uploads\/2022\/12\/MUNICIPIO-AGORDO-1024x656.png 1024w, https:\/\/www.radiopiu.net\/wordpress\/wp-content\/uploads\/2022\/12\/MUNICIPIO-AGORDO-768x492.png 768w, https:\/\/www.radiopiu.net\/wordpress\/wp-content\/uploads\/2022\/12\/MUNICIPIO-AGORDO-1536x983.png 1536w, https:\/\/www.radiopiu.net\/wordpress\/wp-content\/uploads\/2022\/12\/MUNICIPIO-AGORDO.png 1890w\" sizes=\"auto, (max-width: 191px) 100vw, 191px\" \/><\/a>Consiglio Comunale di Agordo: due punti in agenda<\/strong><\/p>\n<\/blockquote>\n<p><strong>AGORDO<\/strong><\/p>\n<p data-pm-slice=\"1 1 []\">Luned\u00ec alle 19, il Municipio di Agordo ospiter\u00e0 il consiglio comunale convocato dal sindaco Roberto Chissal\u00e8. Tra i punti all\u2019ordine del giorno: l\u2019approvazione del nuovo regolamento della biblioteca civica e della carta dei servizi. Un tema di grande interesse sar\u00e0 inoltre il dibattito sulla sicurezza e il decoro urbano della citt\u00e0. L\u2019incontro sar\u00e0 trasmesso in diretta sui canali social di RADIOPIU, garantendo trasparenza e coinvolgimento per tutti i cittadini.<\/p>\n<hr \/>\n<p>&nbsp;<\/p>\n<blockquote>\n<h2>Poste Italiane: piano di abbandono della montagna Bellunese?<\/h2>\n<\/blockquote>\n<p>&nbsp;<\/p>\n<p><a class=\"dt-pswp-item\" href=\"https:\/\/www.radiopiu.net\/wordpress\/wp-content\/uploads\/2024\/07\/poste-agordo.jpeg\" data-dt-img-description=\"\" data-large_image_width=\"1900\" data-large_image_height=\"1282\"><img loading=\"lazy\" decoding=\"async\" class=\"size-medium wp-image-401769 alignleft\" src=\"https:\/\/www.radiopiu.net\/wordpress\/wp-content\/uploads\/2024\/07\/poste-agordo-300x202.jpeg\" alt=\"\" width=\"300\" height=\"202\" srcset=\"https:\/\/www.radiopiu.net\/wordpress\/wp-content\/uploads\/2024\/07\/poste-agordo-300x202.jpeg 300w, https:\/\/www.radiopiu.net\/wordpress\/wp-content\/uploads\/2024\/07\/poste-agordo-1024x691.jpeg 1024w, https:\/\/www.radiopiu.net\/wordpress\/wp-content\/uploads\/2024\/07\/poste-agordo-768x518.jpeg 768w, https:\/\/www.radiopiu.net\/wordpress\/wp-content\/uploads\/2024\/07\/poste-agordo-1536x1036.jpeg 1536w, https:\/\/www.radiopiu.net\/wordpress\/wp-content\/uploads\/2024\/07\/poste-agordo.jpeg 1900w\" sizes=\"auto, (max-width: 300px) 100vw, 300px\" \/><\/a>La situazione dei servizi di Poste Italiane nella provincia di Belluno desta preoccupazione, con difficolt\u00e0 nell\u2019erogazione dei servizi sia negli sportelli che nel recapito. Carenza di personale, strumentazione obsoleta, e mancanza di formazione professionale sono solo alcune delle criticit\u00e0 emerse. Il recapito soffre per mezzi inadeguati, assenza di sostituzioni per ferie e malattia dei postini, e la presenza di lavoratori precari. Nonostante gli utili, Poste continua a ridurre i servizi, alimentando il rischio di desertificazione nelle aree montane. In vista della privatizzazione, cresce il timore che i servizi essenziali vengano ulteriormente ridotti, mettendo in pericolo il Servizio Universale. La situazione ha spinto le sigle sindacali a convocare uno sciopero il 29 novembre per contrastare la svendita dei servizi pubblici.<\/p>\n<blockquote><p><strong><em>COMUNICATO INTEGRALE, DUE PAGINE, LUCA BOF (SLC CGIL-RSU\/RLS), ADRIANO MUSOLINO ( SLC CGIL), FRANCESCA VALMASSOI (RSU SLC CGIL), ALICE SANTIN (SLC CGIL)\u00a0<\/em><\/strong><\/p><\/blockquote>\n<a href=\"https:\/\/www.radiopiu.net\/wordpress\/wp-content\/uploads\/2024\/11\/comunicato-stampa-Belluno-slc-cgil.pdf\" class=\"pdfemb-viewer\" style=\"\" data-width=\"max\" data-height=\"max\" data-toolbar=\"top\" data-toolbar-fixed=\"on\">comunicato stampa Belluno slc cgil<\/a>\n<p>&nbsp;<\/p>\n<p>&nbsp;<\/p>\n<hr \/>\n<blockquote>\n<p data-pm-slice=\"1 1 []\"><strong>\u00a0<\/strong><\/p>\n<p data-pm-slice=\"1 1 []\"><strong>Incontro sulla Sicurezza nei Cantieri Boschivi: Al Via Nuove Misure in Provincia di Belluno<\/strong><\/p>\n<\/blockquote>\n<p data-pm-slice=\"1 1 []\"><strong>BELLUNO<\/strong><\/p>\n<p data-pm-slice=\"1 1 []\"><a class=\"dt-pswp-item\" href=\"https:\/\/www.radiopiu.net\/wordpress\/wp-content\/uploads\/2024\/11\/Senza-nome-64.png\" data-dt-img-description=\"\" data-large_image_width=\"483\" data-large_image_height=\"134\"><img loading=\"lazy\" decoding=\"async\" class=\"size-medium wp-image-419622 alignleft\" src=\"https:\/\/www.radiopiu.net\/wordpress\/wp-content\/uploads\/2024\/11\/Senza-nome-64-300x83.png\" alt=\"\" width=\"300\" height=\"83\" srcset=\"https:\/\/www.radiopiu.net\/wordpress\/wp-content\/uploads\/2024\/11\/Senza-nome-64-300x83.png 300w, https:\/\/www.radiopiu.net\/wordpress\/wp-content\/uploads\/2024\/11\/Senza-nome-64.png 483w\" sizes=\"auto, (max-width: 300px) 100vw, 300px\" \/><\/a>Si \u00e8 tenuto presso la Prefettura di Belluno un importante incontro sulla sicurezza nei cantieri boschivi, promosso da\u00a0 CGIL, CISL e UIL, a seguito dei numerosi incidenti, anche mortali, verificatisi nella zona. L\u2019incontro ha sancito l\u2019avvio di una sperimentazione operativa volta a migliorare il controllo e la sicurezza nei cantieri. Sotto il monitoraggio della Prefettura, \u00e8 stata istituita una collaborazione tra Ispettorato del Lavoro, SPISAL, INAIL e Carabinieri Forestali, con l\u2019obiettivo di condividere informazioni e ottimizzare le ispezioni. I Carabinieri Forestali metteranno a disposizione mezzi adatti per i territori impervi. Inoltre, \u00e8 stata creata una \u201ccentrale unica\u201d per la comunicazione delle segnalazioni da parte dei sindacati. La partecipazione attiva delle Unioni Montane e dei sindaci \u00e8 fondamentale per segnalare l\u2019apertura dei cantieri e facilitare i controlli. Nonostante l\u2019assenza di molte Unioni Montane, \u00e8 stata rilevata la presenza dell\u2019Unione Montana Centro Cadore. I sindacati auspicano un maggiore coinvolgimento per completare il progetto e garantire sicurezza ed esempio a livello nazionale.<\/p>\n<p>&nbsp;<\/p>\n<hr \/>\n<p>&nbsp;<\/p>\n<blockquote>\n<h3>SOTTOSCRITTA A PALAZZO ROSSO LA CARTA ETICA DELLO SPORT<\/h3>\n<\/blockquote>\n<p><strong>BELLUNO<\/strong> la conferenza stampa durante la quale il Sindaco ha firmato la &#8220;Carta etica per il superamento dei divari e delle discriminazioni di genere nello sport&#8221;. L&#8217;iniziativa, promossa da Assist e Soroptimist, mira a promuovere pari opportunit\u00e0 e inclusione nello sport, impegnando il Comune a sostenere attivit\u00e0 e politiche che riducano le disparit\u00e0 di genere e valorizzino il contributo di tutte le atlete e atleti.<\/p>\n<p><strong>IL SINDACO DI BELLUNO OSCAR DE PELLEGRIN<\/strong><\/p>\n<p><iframe loading=\"lazy\" title=\"DE PELLECRIN CARTA ETICA DELLO SPORT\" width=\"1200\" height=\"675\" src=\"https:\/\/www.youtube.com\/embed\/rXfY6m-3ouM?feature=oembed\" frameborder=\"0\" allow=\"accelerometer; autoplay; clipboard-write; encrypted-media; gyroscope; picture-in-picture; web-share\" referrerpolicy=\"strict-origin-when-cross-origin\" allowfullscreen><\/iframe><\/p>\n<p>&nbsp;<\/p>\n<hr \/>\n<p>&nbsp;<\/p>\n<blockquote><p><strong> <a class=\"dt-pswp-item\" href=\"https:\/\/www.radiopiu.net\/wordpress\/wp-content\/uploads\/2024\/11\/ALPINI.png\" data-dt-img-description=\"\" data-large_image_width=\"774\" data-large_image_height=\"500\"><img loading=\"lazy\" decoding=\"async\" class=\"size-medium wp-image-419748 alignleft\" src=\"https:\/\/www.radiopiu.net\/wordpress\/wp-content\/uploads\/2024\/11\/ALPINI-300x194.png\" alt=\"\" width=\"300\" height=\"194\" srcset=\"https:\/\/www.radiopiu.net\/wordpress\/wp-content\/uploads\/2024\/11\/ALPINI-300x194.png 300w, https:\/\/www.radiopiu.net\/wordpress\/wp-content\/uploads\/2024\/11\/ALPINI-768x496.png 768w, https:\/\/www.radiopiu.net\/wordpress\/wp-content\/uploads\/2024\/11\/ALPINI.png 774w\" sizes=\"auto, (max-width: 300px) 100vw, 300px\" \/><\/a><em>Castagnata e contributo degli alpini per l\u2019asilo di Arabba<\/em><\/strong><\/p><\/blockquote>\n<p><strong>di LORENZO SORATROI<\/strong><\/p>\n<p><strong>LIVINALLONGO<\/strong> Gli Alpini di Livinallongo hanno organizzato una castagnata per i bambini dell\u2019asilo di Arabba, durante la quale hanno consegnato 1.800 euro raccolti col Brul\u00e8 di Natale 2023.<\/p>\n<p>LORENZO SORATROI<\/p>\n<audio class=\"wp-audio-shortcode\" id=\"audio-419543-15\" preload=\"none\" style=\"width: 100%;\" controls=\"controls\"><source type=\"audio\/mpeg\" src=\"https:\/\/www.radiopiu.net\/wordpress\/wp-content\/uploads\/2024\/11\/LORENZO.mp3?_=15\" \/><a href=\"https:\/\/www.radiopiu.net\/wordpress\/wp-content\/uploads\/2024\/11\/LORENZO.mp3\">https:\/\/www.radiopiu.net\/wordpress\/wp-content\/uploads\/2024\/11\/LORENZO.mp3<\/a><\/audio>\n<p>&nbsp;<\/p>\n<p>&nbsp;<\/p>\n<hr \/>\n<p>&nbsp;<\/p>\n<blockquote>\n<h3>LA GIORNATA MONDIALE DEL DIABETE IN ULSS 1 DOLOMITI<\/h3>\n<\/blockquote>\n<p><strong><a class=\"dt-pswp-item\" href=\"https:\/\/www.radiopiu.net\/wordpress\/wp-content\/uploads\/2024\/11\/WhatsApp-Image-2024-11-14-at-17.42.00.jpeg\" data-dt-img-description=\"\" data-large_image_width=\"2040\" data-large_image_height=\"1530\"><img loading=\"lazy\" decoding=\"async\" class=\" wp-image-419686 alignleft\" src=\"https:\/\/www.radiopiu.net\/wordpress\/wp-content\/uploads\/2024\/11\/WhatsApp-Image-2024-11-14-at-17.42.00-300x225.jpeg\" alt=\"\" width=\"147\" height=\"110\" srcset=\"https:\/\/www.radiopiu.net\/wordpress\/wp-content\/uploads\/2024\/11\/WhatsApp-Image-2024-11-14-at-17.42.00-300x225.jpeg 300w, https:\/\/www.radiopiu.net\/wordpress\/wp-content\/uploads\/2024\/11\/WhatsApp-Image-2024-11-14-at-17.42.00-1024x768.jpeg 1024w, https:\/\/www.radiopiu.net\/wordpress\/wp-content\/uploads\/2024\/11\/WhatsApp-Image-2024-11-14-at-17.42.00-768x576.jpeg 768w, https:\/\/www.radiopiu.net\/wordpress\/wp-content\/uploads\/2024\/11\/WhatsApp-Image-2024-11-14-at-17.42.00-1536x1152.jpeg 1536w, https:\/\/www.radiopiu.net\/wordpress\/wp-content\/uploads\/2024\/11\/WhatsApp-Image-2024-11-14-at-17.42.00.jpeg 2040w\" sizes=\"auto, (max-width: 147px) 100vw, 147px\" \/><\/a>BELLUNO<\/strong> la Giornata Mondiale del Diabete, mirata a sensibilizzare sulla prevenzione e cura della malattia. In Ulss Dolomiti, circa 10.000 persone sono esenti per diabete, con il 3,7% degli adulti tra 18 e 69 anni diagnosticati, cifra che aumenta con l\u2019et\u00e0. Il diabete tipo 1 \u00e8 pi\u00f9 comune nei giovani, mentre il tipo 2, legato a fattori di rischio, colpisce maggiormente gli over 65. In occasione della giornata, si \u00e8 svolto uno screening al San Martino di Belluno, con l\u2019intento di estendere l&#8217;iniziativa in altri contesti. Il Commissario Giuseppe Dal Ben ha sottolineato l\u2019importanza della prevenzione e della ricerca per migliorare la qualit\u00e0 di vita dei pazienti.<\/p>\n<p>&nbsp;<\/p>\n<p>&nbsp;<\/p>\n<hr \/>\n<p>&nbsp;<\/p>\n<blockquote>\n<p data-pm-slice=\"1 1 []\"><strong><a class=\"dt-pswp-item\" href=\"https:\/\/www.radiopiu.net\/wordpress\/wp-content\/uploads\/2020\/11\/Colletta-Alimentare-foto-2_volontario-2.jpg\" data-dt-img-description=\"\" data-large_image_width=\"1179\" data-large_image_height=\"786\"><img loading=\"lazy\" decoding=\"async\" class=\"size-medium wp-image-174034 alignleft\" src=\"https:\/\/www.radiopiu.net\/wordpress\/wp-content\/uploads\/2020\/11\/Colletta-Alimentare-foto-2_volontario-2-300x200.jpg\" alt=\"\" width=\"300\" height=\"200\" srcset=\"https:\/\/www.radiopiu.net\/wordpress\/wp-content\/uploads\/2020\/11\/Colletta-Alimentare-foto-2_volontario-2-300x200.jpg 300w, https:\/\/www.radiopiu.net\/wordpress\/wp-content\/uploads\/2020\/11\/Colletta-Alimentare-foto-2_volontario-2-1024x683.jpg 1024w, https:\/\/www.radiopiu.net\/wordpress\/wp-content\/uploads\/2020\/11\/Colletta-Alimentare-foto-2_volontario-2-768x512.jpg 768w, https:\/\/www.radiopiu.net\/wordpress\/wp-content\/uploads\/2020\/11\/Colletta-Alimentare-foto-2_volontario-2.jpg 1179w\" sizes=\"auto, (max-width: 300px) 100vw, 300px\" \/><\/a>La Giornata Nazionale della Colletta Alimentare: Veneto in Prima Linea<\/strong><\/p>\n<\/blockquote>\n<p><strong>VENEZIA<\/strong> Un recente rapporto della Caritas ha rivelato che un italiano su 10 vive in povert\u00e0 estrema, sottolineando l\u2019importanza della ventottesima Giornata Nazionale della Colletta Alimentare, che si terr\u00e0 sabato 16 novembre. In Veneto, 15.000 volontari saranno attivi in 800 supermercati per raccogliere beni di prima necessit\u00e0 da donare a migliaia di persone bisognose. Il Presidente della Regione Veneto, Luca Zaia, ha ricordato che la solidariet\u00e0 della regione si riflette nella partecipazione massiccia e nella storica generosit\u00e0 dei veneti. Si potr\u00e0 contribuire anche online fino al 30 novembre su colletta.bancoalimentare.it. Circa 450 organizzazioni caritative riceveranno gli alimenti raccolti per assistere 87.300 persone indigenti. Zaia ha evidenziato la necessit\u00e0 di prodotti a lunga conservazione come olio, legumi, tonno e alimenti per l\u2019infanzia. Belluno e Treviso fanno capo al Friuli Venezia Giulia, mentre Mantova \u00e8 inclusa nella rete del Veneto.<\/p>\n<p>&nbsp;<\/p>\n<p>&nbsp;<\/p>\n<hr \/>\n<p data-pm-slice=\"1 1 []\"><strong>\u00a0\u00a0<\/strong><\/p>\n<blockquote>\n<p data-pm-slice=\"1 1 []\"><strong>Un Bellunese alla Guida degli Alimentaristi di Confartigianato<\/strong><\/p>\n<\/blockquote>\n<p data-pm-slice=\"1 1 []\"><strong><a class=\"dt-pswp-item\" href=\"https:\/\/www.radiopiu.net\/wordpress\/wp-content\/uploads\/2024\/11\/GAGGION-Cristiano-Luigi-3-scaled.jpg\" data-dt-img-description=\"\" data-large_image_width=\"2560\" data-large_image_height=\"1920\"><img loading=\"lazy\" decoding=\"async\" class=\" wp-image-419626 alignleft\" src=\"https:\/\/www.radiopiu.net\/wordpress\/wp-content\/uploads\/2024\/11\/GAGGION-Cristiano-Luigi-3-300x225.jpg\" alt=\"\" width=\"216\" height=\"162\" srcset=\"https:\/\/www.radiopiu.net\/wordpress\/wp-content\/uploads\/2024\/11\/GAGGION-Cristiano-Luigi-3-300x225.jpg 300w, https:\/\/www.radiopiu.net\/wordpress\/wp-content\/uploads\/2024\/11\/GAGGION-Cristiano-Luigi-3-1024x768.jpg 1024w, https:\/\/www.radiopiu.net\/wordpress\/wp-content\/uploads\/2024\/11\/GAGGION-Cristiano-Luigi-3-768x576.jpg 768w, https:\/\/www.radiopiu.net\/wordpress\/wp-content\/uploads\/2024\/11\/GAGGION-Cristiano-Luigi-3-1536x1152.jpg 1536w, https:\/\/www.radiopiu.net\/wordpress\/wp-content\/uploads\/2024\/11\/GAGGION-Cristiano-Luigi-3-2048x1536.jpg 2048w\" sizes=\"auto, (max-width: 216px) 100vw, 216px\" \/><\/a>ALPAGO<\/strong> Cristiano Gaggion, pasticcere di Alpago, \u00e8 stato eletto presidente della Federazione Alimentaristi di Confartigianato. Gi\u00e0 membro del Consiglio Direttivo e della Giunta Esecutiva di Confartigianato Imprese Belluno e presidente provinciale dei Prodotti Dolciari, Gaggion ha consolidato la sua esperienza dal 2017. Recentemente riconfermato come presidente regionale del settore dolciario, ha ora ottenuto il vertice nazionale. La Federazione Alimentaristi tutela le tradizioni culinarie artigiane italiane, dai pani tipici ai formaggi, fino ai gelati e alla pasticceria. L\u2019elezione di Gaggion assume particolare rilevanza in vista delle prossime Olimpiadi, un\u2019opportunit\u00e0 per valorizzare i sapori locali.<\/p>\n<blockquote><p><em>\u201cSono onorato di rappresentare un settore cos\u00ec vitale,\u201d ha commentato Gaggion, ringraziando per la fiducia ricevuta. La presidente di Confartigianato Imprese Belluno, Claudia Scarzanella, ha espresso orgoglio per il traguardo raggiunto e augurato a Gaggion un lavoro proficuo per il bene della tradizione e dell\u2019economia bellunese.<\/em><\/p><\/blockquote>\n<p>&nbsp;<\/p>\n<p>&nbsp;<\/p>\n<p>&nbsp;<\/p>\n<hr \/>\n<p>&nbsp;<\/p>\n<blockquote>\n<h3><a class=\"dt-pswp-item\" href=\"https:\/\/www.radiopiu.net\/wordpress\/wp-content\/uploads\/2024\/11\/f5fc55ee-bdff-450b-989f-4393687f137f.jpg\" data-dt-img-description=\"\" data-large_image_width=\"1554\" data-large_image_height=\"1600\"><img loading=\"lazy\" decoding=\"async\" class=\" wp-image-419676 alignleft\" src=\"https:\/\/www.radiopiu.net\/wordpress\/wp-content\/uploads\/2024\/11\/f5fc55ee-bdff-450b-989f-4393687f137f-291x300.jpg\" alt=\"\" width=\"136\" height=\"140\" srcset=\"https:\/\/www.radiopiu.net\/wordpress\/wp-content\/uploads\/2024\/11\/f5fc55ee-bdff-450b-989f-4393687f137f-291x300.jpg 291w, https:\/\/www.radiopiu.net\/wordpress\/wp-content\/uploads\/2024\/11\/f5fc55ee-bdff-450b-989f-4393687f137f-995x1024.jpg 995w, https:\/\/www.radiopiu.net\/wordpress\/wp-content\/uploads\/2024\/11\/f5fc55ee-bdff-450b-989f-4393687f137f-768x791.jpg 768w, https:\/\/www.radiopiu.net\/wordpress\/wp-content\/uploads\/2024\/11\/f5fc55ee-bdff-450b-989f-4393687f137f-1492x1536.jpg 1492w, https:\/\/www.radiopiu.net\/wordpress\/wp-content\/uploads\/2024\/11\/f5fc55ee-bdff-450b-989f-4393687f137f.jpg 1554w\" sizes=\"auto, (max-width: 136px) 100vw, 136px\" \/><\/a>IL PREFETTO IN VISITA A VIGO DI CADORE<\/h3>\n<\/blockquote>\n<p><strong>VIGO DI CADORE<\/strong> Il prefetto di Belluno, Antonello Roccoberton, ha visitato Vigo di Cadore, dove \u00e8 stato accolto dal sindaco Silvia Calligaro. Durante l&#8217;incontro, il sindaco gli ha donato l&#8217;ultimo volume di <em>Tesori d\u2019Arte<\/em>, dedicato al patrimonio culturale dell\u2019Oltrepiave, sottolineando l&#8217;importanza di valorizzare il territorio. Calligaro ha ringraziato il prefetto per la visita, considerandola un&#8217;occasione per rafforzare la collaborazione su temi rilevanti per il Comune.<\/p>\n<p>&nbsp;<\/p>\n<p>&nbsp;<\/p>\n<hr \/>\n<p>&nbsp;<\/p>\n<blockquote>\n<h2>L&#8217;INTERVISTA, OSPITE L&#8217;ASSESSORE ALLA CULTURA E SICUREZZA RAFFAELE ADDAMIANO<\/h2>\n<\/blockquote>\n<p><strong><a class=\"dt-pswp-item\" href=\"https:\/\/www.radiopiu.net\/wordpress\/wp-content\/uploads\/2024\/11\/ADDAMIANO-DE-PELLEGRIN.jpg\" data-dt-img-description=\"\" data-large_image_width=\"271\" data-large_image_height=\"201\"><img loading=\"lazy\" decoding=\"async\" class=\" wp-image-419597 alignleft\" src=\"https:\/\/www.radiopiu.net\/wordpress\/wp-content\/uploads\/2024\/11\/ADDAMIANO-DE-PELLEGRIN.jpg\" alt=\"\" width=\"189\" height=\"140\" \/><\/a>DI MIRKO MEZZACASA<\/strong><\/p>\n<p><strong>AUDIO<\/strong><\/p>\n<audio class=\"wp-audio-shortcode\" id=\"audio-419543-16\" preload=\"none\" style=\"width: 100%;\" controls=\"controls\"><source type=\"audio\/mpeg\" src=\"https:\/\/www.radiopiu.net\/wordpress\/wp-content\/uploads\/2024\/11\/raffaele-addamiano-novembre-2024.mp3?_=16\" \/><a href=\"https:\/\/www.radiopiu.net\/wordpress\/wp-content\/uploads\/2024\/11\/raffaele-addamiano-novembre-2024.mp3\">https:\/\/www.radiopiu.net\/wordpress\/wp-content\/uploads\/2024\/11\/raffaele-addamiano-novembre-2024.mp3<\/a><\/audio>\n<p>&nbsp;<\/p>\n<p>&nbsp;<\/p>\n<hr \/>\n<p>&nbsp;<\/p>\n<blockquote>\n<h2><em><a class=\"dt-pswp-item\" href=\"https:\/\/www.radiopiu.net\/wordpress\/wp-content\/uploads\/2024\/11\/GIORGIA-PINTER.png\" data-dt-img-description=\"\" data-large_image_width=\"183\" data-large_image_height=\"192\"><img loading=\"lazy\" decoding=\"async\" class=\" wp-image-419738 alignleft\" src=\"https:\/\/www.radiopiu.net\/wordpress\/wp-content\/uploads\/2024\/11\/GIORGIA-PINTER.png\" alt=\"\" width=\"119\" height=\"125\" \/><\/a>Giorgia De Martin Pinter eletta presidente della Consulta Studentesca<\/em><\/h2>\n<\/blockquote>\n<p>Giorgia De Martin Pinter, del Liceo Cadore di Auronzo, \u00e8 la nuova presidente della Consulta provinciale Studentesca. Luca Frescura, presidente di Giovani&amp;Futuro, ha espresso congratulazioni e supporto per il suo incarico.<\/p>\n<p>&nbsp;<\/p>\n<p>&nbsp;<\/p>\n<p>&nbsp;<\/p>\n<hr \/>\n<p>&nbsp;<\/p>\n<blockquote>\n<h2 data-pm-slice=\"1 1 []\">AGORDO, 70 ANNI DEL SOCCORSO ALPINO. BIEN &#8220;SONO GIA&#8217; UN PO&#8217; IN AFFANNO&#8230;&#8221;<\/h2>\n<\/blockquote>\n<p><strong>DI MIRKO MEZZACASA<\/strong><\/p>\n<p><strong>OSPITI DIEGO FAVERO ED EUGENIO BIEN<\/strong><\/p>\n<p><strong>AUDIO<\/strong><\/p>\n<audio class=\"wp-audio-shortcode\" id=\"audio-419543-17\" preload=\"none\" style=\"width: 100%;\" controls=\"controls\"><source type=\"audio\/mpeg\" src=\"https:\/\/www.radiopiu.net\/wordpress\/wp-content\/uploads\/2024\/11\/eugenio-bien-e-diego-favero.mp3?_=17\" \/><a href=\"https:\/\/www.radiopiu.net\/wordpress\/wp-content\/uploads\/2024\/11\/eugenio-bien-e-diego-favero.mp3\">https:\/\/www.radiopiu.net\/wordpress\/wp-content\/uploads\/2024\/11\/eugenio-bien-e-diego-favero.mp3<\/a><\/audio>\n<p>&nbsp;<\/p>\n<p><a class=\"dt-pswp-item\" href=\"https:\/\/www.radiopiu.net\/wordpress\/wp-content\/uploads\/2024\/11\/455240155_10226075975071888_9129546270403361456_n.jpg\" data-dt-img-description=\"\" data-large_image_width=\"402\" data-large_image_height=\"604\"><img loading=\"lazy\" decoding=\"async\" class=\"size-medium wp-image-419602 alignleft\" src=\"https:\/\/www.radiopiu.net\/wordpress\/wp-content\/uploads\/2024\/11\/455240155_10226075975071888_9129546270403361456_n-200x300.jpg\" alt=\"\" width=\"200\" height=\"300\" srcset=\"https:\/\/www.radiopiu.net\/wordpress\/wp-content\/uploads\/2024\/11\/455240155_10226075975071888_9129546270403361456_n-200x300.jpg 200w, https:\/\/www.radiopiu.net\/wordpress\/wp-content\/uploads\/2024\/11\/455240155_10226075975071888_9129546270403361456_n.jpg 402w\" sizes=\"auto, (max-width: 200px) 100vw, 200px\" \/><\/a><strong><a class=\"dt-pswp-item\" href=\"https:\/\/www.radiopiu.net\/wordpress\/wp-content\/uploads\/2023\/04\/EUGENIO-BIEN.png\" data-dt-img-description=\"\" data-large_image_width=\"444\" data-large_image_height=\"344\"><img loading=\"lazy\" decoding=\"async\" class=\" wp-image-329977 alignleft\" src=\"https:\/\/www.radiopiu.net\/wordpress\/wp-content\/uploads\/2023\/04\/EUGENIO-BIEN-300x232.png\" alt=\"\" width=\"226\" height=\"175\" srcset=\"https:\/\/www.radiopiu.net\/wordpress\/wp-content\/uploads\/2023\/04\/EUGENIO-BIEN-300x232.png 300w, https:\/\/www.radiopiu.net\/wordpress\/wp-content\/uploads\/2023\/04\/EUGENIO-BIEN.png 444w\" sizes=\"auto, (max-width: 226px) 100vw, 226px\" \/><\/a><\/strong><\/p>\n<p>&nbsp;<\/p>\n<p>&nbsp;<\/p>\n<p>&nbsp;<\/p>\n<p>&nbsp;<\/p>\n<p>&nbsp;<\/p>\n<p>&nbsp;<\/p>\n<p>&nbsp;<\/p>\n<p>&nbsp;<\/p>\n<p>&nbsp;<\/p>\n<h2><\/h2>\n<p>&nbsp;<\/p>\n<p>&nbsp;<\/p>\n<hr \/>\n<p>&nbsp;<\/p>\n<h2>DA LUNEDI ALLA RADIO&#8230; SCUOLA APERTA AL FOLLADOR DE ROSSI<\/h2>\n<p><strong>LA SETTIMANA INFORMATIVA<\/strong><\/p>\n<blockquote>\n<h2><img decoding=\"async\" class=\"alignleft\" src=\"https:\/\/www.radiopiu.net\/wordpress\/wp-content\/uploads\/2021\/12\/follador-offerta-copia.jpg\" \/><\/h2>\n<\/blockquote>\n<p>&nbsp;<\/p>\n<p>DA LUNEDI SETTIMANA SPECIALE ALLA RADIO&#8230; FOLLADOR DE ROSSI! L&#8217;OFFERTA SCOLASTICA DALL&#8217;AGORDINA, DA AGORDO A FALCADE, GIORNO PER GIORNO SCOPRIAMO L&#8217;ISTITUTO MINERARIO, CHIMICO, IL LICEO, LE PECULIARITA&#8217; DELLA SCUOLA DI FALCADE CON ANNESSO CONVITTO<br \/>\n<strong>DA LUNEDI 18 NOVEMBRE ALLA RADIO FM-DAB+VENETO-STREAMING IN TUTTO IL MONDO, ALLE 11 E ALLE 19.30<\/strong><\/p>\n<audio class=\"wp-audio-shortcode\" id=\"audio-419543-18\" preload=\"none\" style=\"width: 100%;\" controls=\"controls\"><source type=\"audio\/mpeg\" src=\"https:\/\/www.radiopiu.net\/wordpress\/wp-content\/uploads\/2024\/11\/scuola-aperta-24-follador.mp3?_=18\" \/><a href=\"https:\/\/www.radiopiu.net\/wordpress\/wp-content\/uploads\/2024\/11\/scuola-aperta-24-follador.mp3\">https:\/\/www.radiopiu.net\/wordpress\/wp-content\/uploads\/2024\/11\/scuola-aperta-24-follador.mp3<\/a><\/audio>\n<p>&nbsp;<\/p>\n<hr \/>\n<p>&nbsp;<\/p>\n<blockquote>\n<h3>93 MILIONI DI EURO IN 3 ANNI PER L&#8217;ASSISTENZA A PERSONE CON DISABILITA&#8217; FISICHE, PSICHICHE E SENSORIALI<\/h3>\n<\/blockquote>\n<p><strong><a class=\"dt-pswp-item\" href=\"https:\/\/www.radiopiu.net\/wordpress\/wp-content\/uploads\/2021\/02\/LANZARIN.png\" data-dt-img-description=\"\" data-large_image_width=\"1092\" data-large_image_height=\"1014\"><img loading=\"lazy\" decoding=\"async\" class=\" wp-image-194081 alignleft\" src=\"https:\/\/www.radiopiu.net\/wordpress\/wp-content\/uploads\/2021\/02\/LANZARIN-300x279.png\" alt=\"\" width=\"132\" height=\"123\" srcset=\"https:\/\/www.radiopiu.net\/wordpress\/wp-content\/uploads\/2021\/02\/LANZARIN-300x279.png 300w, https:\/\/www.radiopiu.net\/wordpress\/wp-content\/uploads\/2021\/02\/LANZARIN-1024x951.png 1024w, https:\/\/www.radiopiu.net\/wordpress\/wp-content\/uploads\/2021\/02\/LANZARIN-768x713.png 768w, https:\/\/www.radiopiu.net\/wordpress\/wp-content\/uploads\/2021\/02\/LANZARIN.png 1092w\" sizes=\"auto, (max-width: 132px) 100vw, 132px\" \/><\/a>VENEZIA<\/strong> La Giunta regionale del Veneto, su proposta dell\u2019Assessore Manuela Lanzarin, ha approvato i tetti di spesa per l\u2019assistenza extraospedaliera destinata alla riabilitazione delle persone con disabilit\u00e0 fisiche, psichiche e sensoriali per il triennio 2024-2026. La delibera, pubblicata il 15 novembre, assegna un budget di 93 milioni di euro: 30,9 milioni per il 2024, 31,2 milioni per il 2025 e 31,2 milioni per il 2026. I fondi andranno a 26 centri e presidi accreditati, incrementati rispetto ai 20 del triennio precedente, per garantire un\u2019ampia copertura riabilitativa su diagnosi legate a disturbi del sistema nervoso, psichici e locomotori. Nel 2023, questi istituti hanno supportato oltre 16.000 utenti, erogando quasi 80.000 prestazioni.<\/p>\n<p>&nbsp;<\/p>\n<p>&nbsp;<\/p>\n<hr \/>\n<p>&nbsp;<\/p>\n<blockquote>\n<h3>DALLA REGIONE 595 MILA EURO PER IL DEPURATORE DI MARISIGA<\/h3>\n<\/blockquote>\n<p><strong><a class=\"dt-pswp-item\" href=\"https:\/\/www.radiopiu.net\/wordpress\/wp-content\/uploads\/2023\/11\/BOTTACIN.png\" data-dt-img-description=\"\" data-large_image_width=\"591\" data-large_image_height=\"400\"><img loading=\"lazy\" decoding=\"async\" class=\" wp-image-362309 alignleft\" src=\"https:\/\/www.radiopiu.net\/wordpress\/wp-content\/uploads\/2023\/11\/BOTTACIN-300x203.png\" alt=\"\" width=\"180\" height=\"122\" srcset=\"https:\/\/www.radiopiu.net\/wordpress\/wp-content\/uploads\/2023\/11\/BOTTACIN-300x203.png 300w, https:\/\/www.radiopiu.net\/wordpress\/wp-content\/uploads\/2023\/11\/BOTTACIN.png 591w\" sizes=\"auto, (max-width: 180px) 100vw, 180px\" \/><\/a>VENEZIA<\/strong> La Giunta regionale ha approvato un contributo di 595mila euro per il primo lotto del secondo stralcio del progetto di potenziamento dell\u2019impianto di depurazione di Marisiga, a Belluno. L\u2019intervento, promosso dall\u2019assessore Gianpaolo Bottacin, mira alla riduzione dell&#8217;inquinamento delle acque reflue, rispondendo a una richiesta del Consiglio di Bacino Dolomiti Bellunesi. Parte dei fondi proviene da sanzioni amministrative in materia ambientale. Il progetto, finanziato in parte anche dal PNRR, prevede aggiornamenti al sistema di gestione dei fanghi e la rimozione di strutture obsolete. Il Consiglio di Bacino coprir\u00e0 i costi residui, per un totale di 835mila euro.<\/p>\n<p>&nbsp;<\/p>\n<p>&nbsp;<\/p>\n<hr \/>\n<p>&nbsp;<\/p>\n<blockquote>\n<h3>TUMORE ALLA PROSTATA: UN SUCCESSO LO SCREENING PROPOSTO DA LILT<\/h3>\n<\/blockquote>\n<p><strong><a class=\"dt-pswp-item\" href=\"https:\/\/www.radiopiu.net\/wordpress\/wp-content\/uploads\/2024\/11\/Pier-Anna-Dal-Mas.jpg\" data-dt-img-description=\"\" data-large_image_width=\"716\" data-large_image_height=\"864\"><img loading=\"lazy\" decoding=\"async\" class=\" wp-image-419653 alignleft\" src=\"https:\/\/www.radiopiu.net\/wordpress\/wp-content\/uploads\/2024\/11\/Pier-Anna-Dal-Mas-249x300.jpg\" alt=\"\" width=\"124\" height=\"149\" srcset=\"https:\/\/www.radiopiu.net\/wordpress\/wp-content\/uploads\/2024\/11\/Pier-Anna-Dal-Mas-249x300.jpg 249w, https:\/\/www.radiopiu.net\/wordpress\/wp-content\/uploads\/2024\/11\/Pier-Anna-Dal-Mas.jpg 716w\" sizes=\"auto, (max-width: 124px) 100vw, 124px\" \/><\/a>BELLUNO<\/strong> L\u2019iniziativa di screening per il tumore alla prostata, promossa dalla Lilt Belluno nell\u2019ambito della campagna nazionale \u201cLilt for Men\u201d, ha registrato un tutto esaurito in pochissimo tempo, con i quaranta posti per novembre e dicembre subito esauriti. Rivolta agli uomini tra i 50 e i 70 anni senza diagnosi pregresse, la campagna \u00e8 stata resa possibile grazie alla disponibilit\u00e0 dell\u2019urologa Maria Cristina Camuffo e all\u2019impegno della presidente della Lilt Belluno, PierAnna Dal Mas. Il programma prevede un esame del sangue per misurare il PSA, indicatore del tumore alla prostata. Grazie all\u2019intervento delle volontarie e al supporto di Sma Service, lo screening \u00e8 gratuito. Vista l\u2019alta domanda, la Lilt Belluno sta gi\u00e0 considerando nuove date per il prossimo anno.<\/p>\n<p>&nbsp;<\/p>\n<p>&nbsp;<\/p>\n<p>&nbsp;<\/p>\n<p>&nbsp;<\/p>\n<hr \/>\n<p>&nbsp;<\/p>\n<blockquote>\n<h3>IL FILO ROSSO TRA ARRIGO E LENOIR<\/h3>\n<\/blockquote>\n<p><strong><a class=\"dt-pswp-item\" href=\"https:\/\/www.radiopiu.net\/wordpress\/wp-content\/uploads\/2024\/08\/Belluno-giardino-Museo-Fulcis-002.jpg\" data-dt-img-description=\"\" data-large_image_width=\"1000\" data-large_image_height=\"750\"><img loading=\"lazy\" decoding=\"async\" class=\" wp-image-405811 alignleft\" src=\"https:\/\/www.radiopiu.net\/wordpress\/wp-content\/uploads\/2024\/08\/Belluno-giardino-Museo-Fulcis-002-300x225.jpg\" alt=\"\" width=\"172\" height=\"129\" srcset=\"https:\/\/www.radiopiu.net\/wordpress\/wp-content\/uploads\/2024\/08\/Belluno-giardino-Museo-Fulcis-002-300x225.jpg 300w, https:\/\/www.radiopiu.net\/wordpress\/wp-content\/uploads\/2024\/08\/Belluno-giardino-Museo-Fulcis-002-768x576.jpg 768w, https:\/\/www.radiopiu.net\/wordpress\/wp-content\/uploads\/2024\/08\/Belluno-giardino-Museo-Fulcis-002.jpg 1000w\" sizes=\"auto, (max-width: 172px) 100vw, 172px\" \/><\/a>BELLUNO<\/strong> Ieri a Palazzo Fulcis \u00e8 stata presentata la mostra <em>Il filo rosso tra Arrigo e Leonor \u2013 Arrigo Boito ed Eleonora Duse<\/em>, promossa dal Circolo Cultura e Stampa Bellunese per celebrare il legame intellettuale e sentimentale tra Eleonora Duse e Arrigo Boito, in occasione del centenario della scomparsa dell\u2019attrice. Curata da Maria Ida Biggi e Marianna Zannoni, l\u2019esposizione offre un viaggio tra lettere, fotografie d\u2019epoca e preziosi abiti della Duse, appartenenti alla collezione della Fondazione Giorgio Cini di Venezia. Il progetto, supportato dalla Regione Veneto, dai Comuni di Belluno e Ponte nelle Alpi e dalla Camera di Commercio, vuole valorizzare anche le radici bellunesi della famiglia Boito. La mostra inaugurer\u00e0 il 15 novembre con una conferenza su Duse e Boito.<\/p>\n<p>&nbsp;<\/p>\n<p>&nbsp;<\/p>\n<hr \/>\n<p>&nbsp;<\/p>\n<blockquote>\n<h3>UN CORSO DI DIFESA CONTRO LA VIOLENZA SULLE DONNE<\/h3>\n<\/blockquote>\n<p><strong>BELLUNO<\/strong> In occasione della giornata mondiale contro la violenza sulle donne, l&#8217;associazione Urban Krav Maga, con il patrocinio del Comune di Belluno, organizza una lezione gratuita di &#8220;Difesa femminile&#8221; il 26 novembre alle 20 presso la palestra del Liceo scientifico di Belluno. L&#8217;evento, guidato dall&#8217;istruttore Cristian Burde, mira a fornire alle donne strumenti utili per gestire la paura e affrontare aggressioni, sia a livello teorico che pratico. Burde sottolinea l&#8217;importanza della prevenzione e della consapevolezza dell&#8217;ambiente circostante come base per la difesa personale. La serata sar\u00e0 aperta a donne di tutte le et\u00e0 e includer\u00e0 dimostrazioni pratiche di tecniche di difesa e fuga in caso di aggressione.<\/p>\n<p>&nbsp;<\/p>\n<p>&nbsp;<\/p>\n<hr \/>\n<p>&nbsp;<\/p>\n<blockquote>\n<h3>LA GIORNATA EUROPEA SULLA CONSAPEVOLEZZA DEGLI ANTIBIOTICI<\/h3>\n<\/blockquote>\n<p><strong><a class=\"dt-pswp-item\" href=\"https:\/\/www.radiopiu.net\/wordpress\/wp-content\/uploads\/2021\/03\/ULSS-1.jpg\" data-dt-img-description=\"\" data-large_image_width=\"776\" data-large_image_height=\"408\"><img loading=\"lazy\" decoding=\"async\" class=\" wp-image-198838 alignleft\" src=\"https:\/\/www.radiopiu.net\/wordpress\/wp-content\/uploads\/2021\/03\/ULSS-1-300x158.jpg\" alt=\"\" width=\"241\" height=\"127\" srcset=\"https:\/\/www.radiopiu.net\/wordpress\/wp-content\/uploads\/2021\/03\/ULSS-1-300x158.jpg 300w, https:\/\/www.radiopiu.net\/wordpress\/wp-content\/uploads\/2021\/03\/ULSS-1-768x404.jpg 768w, https:\/\/www.radiopiu.net\/wordpress\/wp-content\/uploads\/2021\/03\/ULSS-1.jpg 776w\" sizes=\"auto, (max-width: 241px) 100vw, 241px\" \/><\/a>BELLUNO<\/strong> In occasione della giornata europea sulla consapevolezza degli antibiotici, l\u2019Ulss Dolomiti organizza un incontro online aperto ai cittadini per sensibilizzare sull&#8217;uso consapevole degli antibiotici e il problema della resistenza antimicrobica (AMR). L\u2019evento si terr\u00e0 luned\u00ec 18 novembre 2024 alle 17:00. Tra i relatori, la Dott.ssa Giorgia Marcato discuter\u00e0 delle buone pratiche sull\u2019uso degli antibiotici, il Dott. Damiano Comin affronter\u00e0 l&#8217;AMR nel settore animale e agroalimentare, e il Dott. Renzo Scaggiante spiegher\u00e0 l&#8217;efficacia e i rischi degli antibiotici. Altri interventi tratteranno l\u2019appropriatezza prescrittiva e le regole per un uso corretto degli antibiotici.<\/p>\n<p>&nbsp;<\/p>\n<p>&nbsp;<\/p>\n<hr \/>\n<p>&nbsp;<\/p>\n<blockquote>\n<p data-pm-slice=\"1 1 []\"><strong><a class=\"dt-pswp-item\" href=\"https:\/\/www.radiopiu.net\/wordpress\/wp-content\/uploads\/2024\/11\/PERAROLO.png\" data-dt-img-description=\"\" data-large_image_width=\"211\" data-large_image_height=\"208\"><img loading=\"lazy\" decoding=\"async\" class=\" wp-image-419488 alignleft\" src=\"https:\/\/www.radiopiu.net\/wordpress\/wp-content\/uploads\/2024\/11\/PERAROLO.png\" alt=\"\" width=\"132\" height=\"130\" \/><\/a>La Pro Loco di Perarolo di Cadore propone una serata dedicata al cinema<\/strong><\/p>\n<\/blockquote>\n<p><strong>PERAROLO <\/strong>Domani alle 20:30, la Sala Polivalente di Caralte ospiter\u00e0 una serata speciale organizzata dalla Pro Loco di Perarolo di Cadore, in collaborazione con l\u2019Associazione FERROVIE ARRUGINITE e l\u2019Azienda Agricola Dam\u00f2s, con il patrocinio del Comune. Verr\u00e0 raccontata la storia dei film girati presso la Stazione di Perarolo, con proiezioni e testimonianze dirette. Tra le pellicole proposte: <em>Maria Zef<\/em> (1981), <em>Il Segreto del Bosco Vecchio<\/em> (1993) e <em>Piccoli Maestri<\/em> (1997). La serata si chiuder\u00e0 con un momento conviviale.<\/p>\n<p>&nbsp;<\/p>\n<p>&nbsp;<\/p>\n<hr \/>\n<p>&nbsp;<\/p>\n<p><strong><a class=\"dt-pswp-item\" href=\"https:\/\/www.radiopiu.net\/wordpress\/wp-content\/uploads\/2024\/11\/AMICI-MINERARI.png\" data-dt-img-description=\"\" data-large_image_width=\"209\" data-large_image_height=\"174\"><img loading=\"lazy\" decoding=\"async\" class=\"size-full wp-image-419180 alignleft\" src=\"https:\/\/www.radiopiu.net\/wordpress\/wp-content\/uploads\/2024\/11\/AMICI-MINERARI.png\" alt=\"\" width=\"209\" height=\"174\" \/><\/a>&#8220;Con gli Amici dei Minerari: Serate d&#8217;Inverno \u2013 un viaggio tra storia, scienza e meraviglie. Incontri presso la Sala con T\u00e0-Mis. Non mancare!&#8221;<\/strong><\/p>\n<ul>\n<li><em>Venerd\u00ec 22 novembre, ore 20:30<\/em>: &#8220;Ma le Dolomiti cosa sono? Dalla prosa di Dino Buzzati alla geologia di Bruno Castiglioni&#8221; \u2013 Relatore Danilo Giordano.<\/li>\n<li><em>Venerd\u00ec 20 dicembre, ore 20:30<\/em>: &#8220;La morfogenesi delle frane&#8221; \u2013 Relatore Prof. Vittorio Fenti.<\/li>\n<li><em>Venerd\u00ec 24 gennaio, ore 20:30<\/em>: &#8220;Il meraviglioso mondo dei fossili delle Dolomiti&#8221; \u2013 Relatore Danilo Giordano.<\/li>\n<li><em>Venerd\u00ec 21 febbraio, ore 20:30<\/em>: &#8220;Il traforo del Brennero: studio, progettazione e realizzazione&#8221; \u2013 Relatori Vittorio Fenti e Mario Guadagnini.<\/li>\n<\/ul>\n<p><strong>Vivi la cultura e la passione per la montagna!<\/strong><\/p>\n<p>&nbsp;<\/p>\n<p>&nbsp;<\/p>\n<hr \/>\n<p>&nbsp;<\/p>\n<blockquote>\n<h3>DOMENICA IN SALA DON TAMIS L&#8217;ULTIMO APPUNTAMENTO DELLA RASSEGNA MUSICA NELL&#8217;AGORDINO<\/h3>\n<\/blockquote>\n<p><strong><a class=\"dt-pswp-item\" href=\"https:\/\/www.radiopiu.net\/wordpress\/wp-content\/uploads\/2021\/07\/SALA-DON-TAMIS.png\" data-dt-img-description=\"\" data-large_image_width=\"1354\" data-large_image_height=\"920\"><img loading=\"lazy\" decoding=\"async\" class=\" wp-image-220859 alignleft\" src=\"https:\/\/www.radiopiu.net\/wordpress\/wp-content\/uploads\/2021\/07\/SALA-DON-TAMIS-300x204.png\" alt=\"\" width=\"154\" height=\"105\" srcset=\"https:\/\/www.radiopiu.net\/wordpress\/wp-content\/uploads\/2021\/07\/SALA-DON-TAMIS-300x204.png 300w, https:\/\/www.radiopiu.net\/wordpress\/wp-content\/uploads\/2021\/07\/SALA-DON-TAMIS-1024x696.png 1024w, https:\/\/www.radiopiu.net\/wordpress\/wp-content\/uploads\/2021\/07\/SALA-DON-TAMIS-768x522.png 768w, https:\/\/www.radiopiu.net\/wordpress\/wp-content\/uploads\/2021\/07\/SALA-DON-TAMIS.png 1354w\" sizes=\"auto, (max-width: 154px) 100vw, 154px\" \/><\/a>AGORDO<\/strong> Domenica ad Agordo, alle 16 in Sala Tamis, si terr\u00e0 un evento speciale per l&#8217;ultimo appuntamento della rassegna &#8220;Musica nell&#8217;Agordino&#8221;: la proiezione del film muto restaurato sulla spedizione antartica di Sir Ernest Shackleton e il suo equipaggio, rimasti intrappolati nei ghiacci tra il 1914 e il 1916. La pellicola, concessa dal British Film Institute, racconta l&#8217;incredibile avventura vissuta in condizioni estreme. In omaggio alla tradizione dei film muti, la proiezione sar\u00e0 accompagnata dal fisarmonicista Paolo Forte, noto per le sue esibizioni nelle localit\u00e0 montane del Bellunese. L&#8217;evento, organizzato con la collaborazione del CAI, del Circolo Culturale Agordino e del Circolo Fotografico Agordino, \u00e8 a ingresso libero.<\/p>\n<p>&nbsp;<\/p>\n<p>&nbsp;<\/p>\n<hr \/>\n<p>&nbsp;<\/p>\n<div class=\"flex max-w-full flex-col flex-grow\">\n<div class=\"min-h-8 text-message flex w-full flex-col items-end gap-2 whitespace-normal break-words [.text-message+&amp;]:mt-5\" dir=\"auto\" data-message-author-role=\"assistant\" data-message-id=\"c3d47f35-dbf0-420d-bed1-ce0eab660a3f\" data-message-model-slug=\"gpt-4o-mini\">\n<div class=\"flex w-full flex-col gap-1 empty:hidden first:pt-[3px]\">\n<div class=\"markdown prose w-full break-words dark:prose-invert dark\">\n<blockquote>\n<h3><strong><a class=\"dt-pswp-item\" href=\"https:\/\/www.radiopiu.net\/wordpress\/wp-content\/uploads\/2024\/11\/Senza-nome-9.png\" data-dt-img-description=\"\" data-large_image_width=\"192\" data-large_image_height=\"246\"><img loading=\"lazy\" decoding=\"async\" class=\"wp-image-417941 alignleft\" src=\"https:\/\/www.radiopiu.net\/wordpress\/wp-content\/uploads\/2024\/11\/Senza-nome-9.png\" alt=\"\" width=\"99\" height=\"127\" \/><\/a>\u201cSpazio 32026\u201d a Borgo Valbelluna: un nuovo punto di ritrovo per i giovani<\/strong><\/h3>\n<\/blockquote>\n<\/div>\n<\/div>\n<\/div>\n<\/div>\n<p><strong>BORGO VALBELLUNA<\/strong> Dal 18 novembre, l\u2019Amministrazione Comunale di Borgo Valbelluna, insieme a Societ\u00e0 Nuova, inaugura \u201cSpazio 32026\u201d, uno spazio pomeridiano per studenti delle scuole secondarie di primo grado. Situato al Palazzo delle Contesse, offre supporto compiti e attivit\u00e0 scelte dai ragazzi, aiutati da educatori. Obiettivo: promuovere autonomia, creativit\u00e0 e gestione delle emozioni.<\/p>\n<p>&nbsp;<\/p>\n<hr \/>\n<p>&nbsp;<\/p>\n<blockquote>\n<h1>A RADIO PIU&#8217;&#8230;Tony Cicco: Il Batterista Leggendario della Formula 3<\/h1>\n<\/blockquote>\n<p data-pm-slice=\"1 1 []\"><strong><a class=\"dt-pswp-item\" href=\"https:\/\/www.radiopiu.net\/wordpress\/wp-content\/uploads\/2024\/11\/formula_3_loc.jpg\" data-dt-img-description=\"\" data-large_image_width=\"600\" data-large_image_height=\"821\"><img loading=\"lazy\" decoding=\"async\" class=\"size-medium wp-image-419609 alignleft\" src=\"https:\/\/www.radiopiu.net\/wordpress\/wp-content\/uploads\/2024\/11\/formula_3_loc-219x300.jpg\" alt=\"\" width=\"219\" height=\"300\" srcset=\"https:\/\/www.radiopiu.net\/wordpress\/wp-content\/uploads\/2024\/11\/formula_3_loc-219x300.jpg 219w, https:\/\/www.radiopiu.net\/wordpress\/wp-content\/uploads\/2024\/11\/formula_3_loc.jpg 600w\" sizes=\"auto, (max-width: 219px) 100vw, 219px\" \/><\/a>REDAZIONE<\/strong> Era il 1983, la calda estate dell&#8217;83, quando in piazza San Rocco a Taibon Agordino si facevano girare i primi 45 giri, ne servivano tanti, ma buoni. I nostri fornitori erano i gestori dei Bar, dove non mancava il juke box e ogni tanto &#8211; spesso &#8211; cambiavano i dischi e noi facevamo da ecocentro. Sono ancora qui, conservati negli archivi della Radio. In mezzo a questo scrigno di musica da met\u00e0 anni Settanta in poi non mancano i dischi della Formula 3, accanto a quelli di Battisti, Mina, Modugno, Celentano, Dalla e ovviamente Vasco Rossi, quello di primo pelo. Intervistare Tony Cicco, dopo 41 anni di Radio \u00e8 stato emozionante. Tony con la Formula 3 sar\u00e0 a Belluno, Teatro Dino Buzzati, venerdi 6 dicembre alle 21 (prevendite su liveticket.it)<\/p>\n<p data-pm-slice=\"1 1 []\"><strong>L&#8217;INTERVISTA DI MIRKO MEZZACASA<\/strong><\/p>\n<audio class=\"wp-audio-shortcode\" id=\"audio-419543-19\" preload=\"none\" style=\"width: 100%;\" controls=\"controls\"><source type=\"audio\/mpeg\" src=\"https:\/\/www.radiopiu.net\/wordpress\/wp-content\/uploads\/2024\/11\/TONI-CICCO.mp3?_=19\" \/><a href=\"https:\/\/www.radiopiu.net\/wordpress\/wp-content\/uploads\/2024\/11\/TONI-CICCO.mp3\">https:\/\/www.radiopiu.net\/wordpress\/wp-content\/uploads\/2024\/11\/TONI-CICCO.mp3<\/a><\/audio>\n<p>&nbsp;<\/p>\n<p>&nbsp;<\/p>\n<blockquote>\n<p data-pm-slice=\"1 1 []\"><em><img decoding=\"async\" src=\"https:\/\/www.radiopiu.net\/wordpress\/wp-content\/uploads\/2024\/11\/tony-cicco-min-750x375.jpg.webp\" \/><\/em><\/p>\n<p data-pm-slice=\"1 1 []\"><em>Tony Cicco, musicista e fondatore della storica band Formula 3, ha lasciato un&#8217;impronta indelebile nella musica italiana. Diplomato al conservatorio di Napoli, inizi\u00f2 la carriera come batterista suonando nei locali con vari complessi. La svolta arriv\u00f2 con la fondazione della Formula 3, gruppo con cui intraprese una fruttuosa collaborazione con Lucio Battisti. \u201cDopo un concerto a Milano, Battisti venne a trovarci nel camerino e, colmo di entusiasmo, ci propose di lavorare insieme,\u201d ha raccontato Cicco. Questa collaborazione dur\u00f2 quattro anni, durante i quali la band accompagn\u00f2 Battisti nei suoi rari concerti italiani. Dopo lo scioglimento della Formula 3, Tony Cicco intraprese una carriera da solista e scrisse brani per celebri artisti come Loredana Bert\u00e8, Fiorella Mannoia e Raffaella Carr\u00e0. L&#8217;amore per la musica \u00e8 una tradizione di famiglia: suo padre dirigeva una banda e il fratello Ciro, prodigioso batterista, lo ispir\u00f2 fin da giovane. Grazie a queste influenze, Cicco trasform\u00f2 la passione in una carriera di successo.<\/em><\/p>\n<\/blockquote>\n<p>&nbsp;<\/p>\n<hr \/>\n<p>&nbsp;<\/p>\n<h2><span style=\"color: #ff6600;\">IERI ALLA RADIO\u00a0\u00a0<\/span><\/h2>\n<p>&nbsp;<\/p>\n<blockquote class=\"wp-embedded-content\" data-secret=\"CaQo48Qnn5\"><p><a href=\"https:\/\/www.radiopiu.net\/wordpress\/ilvinoracconta09\/\">&#8230;QUANDO IL VINO RACCONTA,  CON LA SOMMELIER DIANA ZERILLI<\/a><\/p><\/blockquote>\n<p><iframe loading=\"lazy\" class=\"wp-embedded-content\" sandbox=\"allow-scripts\" security=\"restricted\" style=\"position: absolute; visibility: hidden;\" title=\"&#8220;&#8230;QUANDO IL VINO RACCONTA,  CON LA SOMMELIER DIANA ZERILLI&#8221; &#8212; Radio Pi\u00f9\" src=\"https:\/\/www.radiopiu.net\/wordpress\/ilvinoracconta09\/embed\/#?secret=YbnlQuGaTL#?secret=CaQo48Qnn5\" data-secret=\"CaQo48Qnn5\" width=\"600\" height=\"338\" frameborder=\"0\" marginwidth=\"0\" marginheight=\"0\" scrolling=\"no\"><\/iframe><\/p>\n<p>&nbsp;<\/p>\n<p>&nbsp;<\/p>\n<hr \/>\n<p>&nbsp;<\/p>\n<p><a class=\"dt-pswp-item\" href=\"https:\/\/www.radiopiu.net\/wordpress\/wp-content\/uploads\/2024\/11\/manifesto-70-soccorso.jpg\" data-dt-img-description=\"\" data-large_image_width=\"800\" data-large_image_height=\"1131\"><img loading=\"lazy\" decoding=\"async\" class=\"wp-image-419153 aligncenter\" src=\"https:\/\/www.radiopiu.net\/wordpress\/wp-content\/uploads\/2024\/11\/manifesto-70-soccorso-724x1024.jpg\" alt=\"\" width=\"489\" height=\"692\" srcset=\"https:\/\/www.radiopiu.net\/wordpress\/wp-content\/uploads\/2024\/11\/manifesto-70-soccorso-724x1024.jpg 724w, https:\/\/www.radiopiu.net\/wordpress\/wp-content\/uploads\/2024\/11\/manifesto-70-soccorso-212x300.jpg 212w, https:\/\/www.radiopiu.net\/wordpress\/wp-content\/uploads\/2024\/11\/manifesto-70-soccorso-768x1086.jpg 768w, https:\/\/www.radiopiu.net\/wordpress\/wp-content\/uploads\/2024\/11\/manifesto-70-soccorso.jpg 800w\" sizes=\"auto, (max-width: 489px) 100vw, 489px\" \/><\/a><\/p>\n<p>&nbsp;<\/p>\n<hr \/>\n<p>&nbsp;<\/p>\n<blockquote>\n<h2>Concerto in memoria di Igor Roldo: solidariet\u00e0 e musica al Piccolo Teatro Pierobon<\/h2>\n<\/blockquote>\n<div class=\"flex-1 overflow-hidden\">\n<div class=\"h-full\">\n<div class=\"react-scroll-to-bottom--css-iaghl-79elbk h-full\">\n<div class=\"react-scroll-to-bottom--css-iaghl-1n7m0yu\">\n<div class=\"flex flex-col text-sm md:pb-9\">\n<article class=\"w-full scroll-mb-[var(--thread-trailing-height)] text-token-text-primary focus-visible:outline-2 focus-visible:outline-offset-[-4px]\" dir=\"auto\" data-testid=\"conversation-turn-27\" data-scroll-anchor=\"true\">\n<div class=\"m-auto text-base py-[18px] px-3 md:px-4 w-full md:px-5 lg:px-4 xl:px-5\">\n<div class=\"mx-auto flex flex-1 gap-4 text-base md:gap-5 lg:gap-6 md:max-w-3xl lg:max-w-[40rem] xl:max-w-[48rem]\">\n<div class=\"group\/conversation-turn relative flex w-full min-w-0 flex-col agent-turn\">\n<div class=\"flex-col gap-1 md:gap-3\">\n<div class=\"flex max-w-full flex-col flex-grow\">\n<div class=\"min-h-8 text-message flex w-full flex-col items-end gap-2 whitespace-normal break-words [.text-message+&amp;]:mt-5\" dir=\"auto\" data-message-author-role=\"assistant\" data-message-id=\"2f1985a1-38a8-441c-a356-ef2248e23e98\" data-message-model-slug=\"gpt-4o\">\n<div class=\"flex w-full flex-col gap-1 empty:hidden first:pt-[3px]\">\n<div class=\"markdown prose w-full break-words dark:prose-invert dark\">\n<p><strong><a class=\"dt-pswp-item\" href=\"https:\/\/www.radiopiu.net\/wordpress\/wp-content\/uploads\/2024\/11\/4-foto.jpg\" data-dt-img-description=\"\" data-large_image_width=\"1410\" data-large_image_height=\"1267\"><img loading=\"lazy\" decoding=\"async\" class=\"wp-image-419353 alignleft\" src=\"https:\/\/www.radiopiu.net\/wordpress\/wp-content\/uploads\/2024\/11\/4-foto-300x270.jpg\" alt=\"\" width=\"157\" height=\"141\" srcset=\"https:\/\/www.radiopiu.net\/wordpress\/wp-content\/uploads\/2024\/11\/4-foto-300x270.jpg 300w, https:\/\/www.radiopiu.net\/wordpress\/wp-content\/uploads\/2024\/11\/4-foto-1024x920.jpg 1024w, https:\/\/www.radiopiu.net\/wordpress\/wp-content\/uploads\/2024\/11\/4-foto-768x690.jpg 768w, https:\/\/www.radiopiu.net\/wordpress\/wp-content\/uploads\/2024\/11\/4-foto.jpg 1410w\" sizes=\"auto, (max-width: 157px) 100vw, 157px\" \/><\/a>PONTE NELLE ALPI<\/strong> Sabato 30 novembre, il Piccolo Teatro Pierobon ospiter\u00e0 un concerto in ricordo di Igor Roldo, scomparso un anno fa. Organizzato da WR Events e Comitato Pollicino, l&#8217;evento celebra la memoria di Roldo, 58 anni, noto dirigente del San Giorgio Calcio e ideatore del Festival musicale di Pian dei Castaldi. Considerato un talent scout, Roldo ha sempre supportato nuove formazioni musicali, promuovendo eventi per finanziare progetti solidali del Comitato Pollicino, dedicato ai bambini bisognosi di Petrosani, Romania. La serata sar\u00e0 animata dall\u2019Uncle Frank Project, composto da Franco De Poli, Alberto Mambrini, Andrea Cuzzuol e Mauro De Luca, noti per i loro concerti a scopo benefico. Sul palco, il quartetto racconter\u00e0 l\u2019evoluzione della chitarra attraverso diversi stili musicali, mostrando come questo strumento rimanga centrale nel sound moderno. Il concerto \u00e8 patrocinato dal Comune di Ponte nelle Alpi e prevede ingresso a offerta libera. Tutto il ricavato andr\u00e0 al Comitato Pollicino, proseguendo l\u2019impegno di Roldo nel coniugare musica e solidariet\u00e0.<\/p>\n<\/div>\n<\/div>\n<\/div>\n<\/div>\n<\/div>\n<\/div>\n<\/div>\n<\/div>\n<\/article>\n<\/div>\n<\/div>\n<\/div>\n<\/div>\n<\/div>\n<p>&nbsp;<\/p>\n<p>&nbsp;<\/p>\n<hr \/>\n<p>&nbsp;<\/p>\n<blockquote>\n<h3>&#8220;FUGA IN NORMANDIA&#8221;, IN PROGRAMMAZIONE NEL FINE SETTIMANA AL CINEMA DOLOMITI DI FALCADE<\/h3>\n<\/blockquote>\n<p><strong><a class=\"dt-pswp-item\" href=\"https:\/\/www.radiopiu.net\/wordpress\/wp-content\/uploads\/2024\/11\/fuga-in-normandia-locandina.jpg\" data-dt-img-description=\"\" data-large_image_width=\"420\" data-large_image_height=\"588\"><img loading=\"lazy\" decoding=\"async\" class=\" wp-image-419228 alignleft\" src=\"https:\/\/www.radiopiu.net\/wordpress\/wp-content\/uploads\/2024\/11\/fuga-in-normandia-locandina-214x300.jpg\" alt=\"\" width=\"112\" height=\"157\" srcset=\"https:\/\/www.radiopiu.net\/wordpress\/wp-content\/uploads\/2024\/11\/fuga-in-normandia-locandina-214x300.jpg 214w, https:\/\/www.radiopiu.net\/wordpress\/wp-content\/uploads\/2024\/11\/fuga-in-normandia-locandina.jpg 420w\" sizes=\"auto, (max-width: 112px) 100vw, 112px\" \/><\/a>REDAZIONE<\/strong> &#8220;Fuga In Normandia&#8221; il film che nel fine settimana sar\u00e0 in programmazione al Cinema Dolomiti di Falcade. Il film, ispirato alla storia del veterano Bernard Jordan, racconta di Bernie e Rene Jordan, un&#8217;anziana coppia in una casa di riposo. Bernie, ex combattente della Royal Navy nella Seconda Guerra Mondiale, decide di scappare dall\u2019istituto per partecipare alle celebrazioni del 70\u00b0 anniversario dello sbarco in Normandia. Questa pellicola rappresenta l\u2019ultima apparizione di Glenda Jackson e di Michael Caine prima del suo ritiro dalle scene. La pellicola \u00e8 in programmazione sabato e domenica alle 21, domenica anche alle 15:30.<\/p>\n<p><strong>di Paola Lanciato<\/strong><\/p>\n<audio class=\"wp-audio-shortcode\" id=\"audio-419543-20\" preload=\"none\" style=\"width: 100%;\" controls=\"controls\"><source type=\"audio\/mpeg\" src=\"https:\/\/www.radiopiu.net\/wordpress\/wp-content\/uploads\/2024\/11\/Fuga-In-Normandia.mp3?_=20\" \/><a href=\"https:\/\/www.radiopiu.net\/wordpress\/wp-content\/uploads\/2024\/11\/Fuga-In-Normandia.mp3\">https:\/\/www.radiopiu.net\/wordpress\/wp-content\/uploads\/2024\/11\/Fuga-In-Normandia.mp3<\/a><\/audio>\n<p>&nbsp;<\/p>\n<hr \/>\n<p>&nbsp;<\/p>\n<h2><span style=\"color: #ff0000;\"><a class=\"dt-pswp-item\" href=\"https:\/\/www.radiopiu.net\/wordpress\/wp-content\/uploads\/2018\/09\/appuntamenti.jpeg\" data-dt-img-description=\"\" data-large_image_width=\"800\" data-large_image_height=\"100\"><img loading=\"lazy\" decoding=\"async\" class=\"wp-image-61958 size-full aligncenter\" src=\"https:\/\/www.radiopiu.net\/wordpress\/wp-content\/uploads\/2018\/09\/appuntamenti.jpeg\" alt=\"\" width=\"800\" height=\"100\" srcset=\"https:\/\/www.radiopiu.net\/wordpress\/wp-content\/uploads\/2018\/09\/appuntamenti.jpeg 800w, https:\/\/www.radiopiu.net\/wordpress\/wp-content\/uploads\/2018\/09\/appuntamenti-300x38.jpeg 300w, https:\/\/www.radiopiu.net\/wordpress\/wp-content\/uploads\/2018\/09\/appuntamenti-768x96.jpeg 768w\" sizes=\"auto, (max-width: 800px) 100vw, 800px\" \/><\/a><\/span><\/h2>\n<p>&nbsp;<\/p>\n<div style=\"width: 1200px;\" class=\"wp-video\"><video class=\"wp-video-shortcode\" id=\"video-419543-1\" width=\"1200\" height=\"675\" preload=\"metadata\" controls=\"controls\"><source type=\"video\/mp4\" src=\"https:\/\/www.radiopiu.net\/wordpress\/wp-content\/uploads\/2024\/10\/WhatsApp-Video-2024-10-23-at-00.12.10.mp4?_=1\" \/><a href=\"https:\/\/www.radiopiu.net\/wordpress\/wp-content\/uploads\/2024\/10\/WhatsApp-Video-2024-10-23-at-00.12.10.mp4\">https:\/\/www.radiopiu.net\/wordpress\/wp-content\/uploads\/2024\/10\/WhatsApp-Video-2024-10-23-at-00.12.10.mp4<\/a><\/video><\/div>\n<p><strong>\u00a0<\/strong><\/p>\n<p><strong>FALCADE <\/strong>\u00a0CINEMA DOLOMITI DI FALCADE. SABATO E DOMENICA VERR\u00c0 PROIETTATO IL FILM FUGA IN NORMANDIA. SPETTACOLI ALLE 21, DOMENICA ANCHE ALLE 15:30<\/p>\n<div class=\"flex-shrink-0 flex flex-col relative items-end\">\n<div class=\"pt-0\">\n<div class=\"gizmo-bot-avatar flex h-8 w-8 items-center justify-center overflow-hidden rounded-full\">\n<p class=\"relative p-1 rounded-sm flex items-center justify-center bg-token-main-surface-primary text-token-text-primary h-8 w-8\"><strong>CANALE D&#8217;AGORDO <\/strong>Jazzercise \u00e8 un allenamento ad alta intensit\u00e0 che combina danza, pilates, yoga e kickboxing, adatto a tutti i livelli di fitness. \u00c8 efficace per tonificare i muscoli, migliorare la postura e ottenere un fisico snello. Nell&#8217;Agordino, le lezioni si tengono a Canale d&#8217;Agordo, nella sala ex emigranti di via Lotta, il luned\u00ec dalle 18:15 alle 19:15 e il mercoled\u00ec dalle 18:30 alle 19:30. L&#8217;istruttrice certificata RaLuca ti aspetta per un allenamento coinvolgente al ritmo di musica attuale. Per informazioni: 347 9295478<\/p>\n<\/div>\n<\/div>\n<\/div>\n<p><strong>FALCADE<\/strong> Le cena della classe 1974 dei coscritti dell&#8217;<strong>Agordino<\/strong> si terr\u00e0\u00a0 sabato 30 novembre\u00a0 a Falcade, Hotel Stella Alpina. La cena e&#8217; aperta ai nati nel 1974 nei 16 comuni dell&#8217;Agordino, e sara&#8217; un&#8217;occasione di ritrovo,\u00a0 dopo tanto tempo e festeggiare il mezzo secolo.Info\u00a0 3478120853<\/p>\n<p>&nbsp;<\/p>\n<p>&nbsp;<\/p>\n<div>\n<div class=\"\" dir=\"auto\">\n<div id=\":r9h:\" class=\"x1iorvi4 x1pi30zi x1l90r2v x1swvt13\" data-ad-comet-preview=\"message\" data-ad-preview=\"message\">\n\n\t\t\t<style type='text\/css'>\n\t\t\t\t#gallery-2 {\n\t\t\t\t\tmargin: auto;\n\t\t\t\t}\n\t\t\t\t#gallery-2 .gallery-item {\n\t\t\t\t\tfloat: left;\n\t\t\t\t\tmargin-top: 10px;\n\t\t\t\t\ttext-align: center;\n\t\t\t\t\twidth: 25%;\n\t\t\t\t}\n\t\t\t\t#gallery-2 img {\n\t\t\t\t\tborder: 2px solid #cfcfcf;\n\t\t\t\t}\n\t\t\t\t#gallery-2 .gallery-caption {\n\t\t\t\t\tmargin-left: 0;\n\t\t\t\t}\n\t\t\t\t\/* see gallery_shortcode() in wp-includes\/media.php *\/\n\t\t\t<\/style>\n\t\t<div id='gallery-2' class='dt-gallery-container gallery galleryid-419543 gallery-columns-4 gallery-size-thumbnail'><dl class='gallery-item'>\n\t\t\t\t<dt class='gallery-icon portrait'>\n\t\t\t\t\t<a class=\"rollover rollover-zoom dt-pswp-item\" title=\"967a322c-9996-42d7-af75-662ca7d89e84\" data-dt-img-description=\"\" data-large_image_width=\"1080\" data-large_image_height=\"1519\"href='https:\/\/www.radiopiu.net\/wordpress\/wp-content\/uploads\/2024\/10\/967a322c-9996-42d7-af75-662ca7d89e84-1.jpg'><img loading=\"lazy\" decoding=\"async\" width=\"150\" height=\"150\" src=\"https:\/\/www.radiopiu.net\/wordpress\/wp-content\/uploads\/2024\/10\/967a322c-9996-42d7-af75-662ca7d89e84-1-150x150.jpg\" class=\"attachment-thumbnail size-thumbnail\" alt=\"\" aria-describedby=\"gallery-2-413698\" \/><\/a>\n\t\t\t\t<\/dt>\n\t\t\t\t\t<dd class='wp-caption-text gallery-caption' id='gallery-2-413698'>\n\t\t\t\t\tDOMANI\n\t\t\t\t\t<\/dd><\/dl><dl class='gallery-item'>\n\t\t\t\t<dt class='gallery-icon portrait'>\n\t\t\t\t\t<a class=\"rollover rollover-zoom dt-pswp-item\" title=\"Esoterismo islamico Taddeo Bez 15 e 22 novembre 2024\" data-dt-img-description=\"\" data-large_image_width=\"1447\" data-large_image_height=\"2048\"href='https:\/\/www.radiopiu.net\/wordpress\/wp-content\/uploads\/2024\/11\/Esoterismo-islamico-Taddeo-Bez-15-e-22-novembre-2024.jpg'><img loading=\"lazy\" decoding=\"async\" width=\"150\" height=\"150\" src=\"https:\/\/www.radiopiu.net\/wordpress\/wp-content\/uploads\/2024\/11\/Esoterismo-islamico-Taddeo-Bez-15-e-22-novembre-2024-150x150.jpg\" class=\"attachment-thumbnail size-thumbnail\" alt=\"\" aria-describedby=\"gallery-2-417756\" \/><\/a>\n\t\t\t\t<\/dt>\n\t\t\t\t\t<dd class='wp-caption-text gallery-caption' id='gallery-2-417756'>\n\t\t\t\t\tAL CENTRO LA TERRA DEI PADRI\n\t\t\t\t\t<\/dd><\/dl><dl class='gallery-item'>\n\t\t\t\t<dt class='gallery-icon portrait'>\n\t\t\t\t\t<a class=\"rollover rollover-zoom dt-pswp-item\" title=\"892c7713-1201-42b0-b257-3bd45f0132bb\" data-dt-img-description=\"\" data-large_image_width=\"1118\" data-large_image_height=\"1600\"href='https:\/\/www.radiopiu.net\/wordpress\/wp-content\/uploads\/2024\/11\/892c7713-1201-42b0-b257-3bd45f0132bb.jpg'><img loading=\"lazy\" decoding=\"async\" width=\"150\" height=\"150\" src=\"https:\/\/www.radiopiu.net\/wordpress\/wp-content\/uploads\/2024\/11\/892c7713-1201-42b0-b257-3bd45f0132bb-150x150.jpg\" class=\"attachment-thumbnail size-thumbnail\" alt=\"\" aria-describedby=\"gallery-2-418091\" \/><\/a>\n\t\t\t\t<\/dt>\n\t\t\t\t\t<dd class='wp-caption-text gallery-caption' id='gallery-2-418091'>\n\t\t\t\t\tCASTAGNATA AD ARABBA\n\t\t\t\t\t<\/dd><\/dl><dl class='gallery-item'>\n\t\t\t\t<dt class='gallery-icon landscape'>\n\t\t\t\t\t<a class=\"rollover rollover-zoom dt-pswp-item\" title=\"PUCCINI Ponte Nelle Alpi\" data-dt-img-description=\"\" data-large_image_width=\"1440\" data-large_image_height=\"1440\"href='https:\/\/www.radiopiu.net\/wordpress\/wp-content\/uploads\/2024\/11\/PUCCINI-Ponte-Nelle-Alpi.jpg'><img loading=\"lazy\" decoding=\"async\" width=\"150\" height=\"150\" src=\"https:\/\/www.radiopiu.net\/wordpress\/wp-content\/uploads\/2024\/11\/PUCCINI-Ponte-Nelle-Alpi-150x150.jpg\" class=\"attachment-thumbnail size-thumbnail\" alt=\"\" aria-describedby=\"gallery-2-418509\" srcset=\"https:\/\/www.radiopiu.net\/wordpress\/wp-content\/uploads\/2024\/11\/PUCCINI-Ponte-Nelle-Alpi-150x150.jpg 150w, https:\/\/www.radiopiu.net\/wordpress\/wp-content\/uploads\/2024\/11\/PUCCINI-Ponte-Nelle-Alpi-300x300.jpg 300w, https:\/\/www.radiopiu.net\/wordpress\/wp-content\/uploads\/2024\/11\/PUCCINI-Ponte-Nelle-Alpi-1024x1024.jpg 1024w, https:\/\/www.radiopiu.net\/wordpress\/wp-content\/uploads\/2024\/11\/PUCCINI-Ponte-Nelle-Alpi-768x768.jpg 768w, https:\/\/www.radiopiu.net\/wordpress\/wp-content\/uploads\/2024\/11\/PUCCINI-Ponte-Nelle-Alpi.jpg 1440w\" sizes=\"auto, (max-width: 150px) 100vw, 150px\" \/><\/a>\n\t\t\t\t<\/dt>\n\t\t\t\t\t<dd class='wp-caption-text gallery-caption' id='gallery-2-418509'>\n\t\t\t\t\tLA BOHEME A PONTE NELLE ALPI\n\t\t\t\t\t<\/dd><\/dl><br style=\"clear: both\" \/><dl class='gallery-item'>\n\t\t\t\t<dt class='gallery-icon portrait'>\n\t\t\t\t\t<a class=\"rollover rollover-zoom dt-pswp-item\" title=\"d000b47a-efc8-4f75-b6e4-79170d053eeb\" data-dt-img-description=\"\" data-large_image_width=\"719\" data-large_image_height=\"990\"href='https:\/\/www.radiopiu.net\/wordpress\/wp-content\/uploads\/2024\/11\/d000b47a-efc8-4f75-b6e4-79170d053eeb.jpg'><img loading=\"lazy\" decoding=\"async\" width=\"150\" height=\"150\" src=\"https:\/\/www.radiopiu.net\/wordpress\/wp-content\/uploads\/2024\/11\/d000b47a-efc8-4f75-b6e4-79170d053eeb-150x150.jpg\" class=\"attachment-thumbnail size-thumbnail\" alt=\"\" aria-describedby=\"gallery-2-418521\" \/><\/a>\n\t\t\t\t<\/dt>\n\t\t\t\t\t<dd class='wp-caption-text gallery-caption' id='gallery-2-418521'>\n\t\t\t\t\tGARA DI BRISCOLA AD AGORDO\n\t\t\t\t\t<\/dd><\/dl><dl class='gallery-item'>\n\t\t\t\t<dt class='gallery-icon portrait'>\n\t\t\t\t\t<a class=\"rollover rollover-zoom dt-pswp-item\" title=\"manifesto serate invernali\" data-dt-img-description=\"\" data-large_image_width=\"1683\" data-large_image_height=\"2383\"href='https:\/\/www.radiopiu.net\/wordpress\/wp-content\/uploads\/2024\/11\/manifesto-serate-invernali.jpg'><img loading=\"lazy\" decoding=\"async\" width=\"150\" height=\"150\" src=\"https:\/\/www.radiopiu.net\/wordpress\/wp-content\/uploads\/2024\/11\/manifesto-serate-invernali-150x150.jpg\" class=\"attachment-thumbnail size-thumbnail\" alt=\"\" aria-describedby=\"gallery-2-418816\" \/><\/a>\n\t\t\t\t<\/dt>\n\t\t\t\t\t<dd class='wp-caption-text gallery-caption' id='gallery-2-418816'>\n\t\t\t\t\t21 FEBBRAIO\n\t\t\t\t\t<\/dd><\/dl><dl class='gallery-item'>\n\t\t\t\t<dt class='gallery-icon portrait'>\n\t\t\t\t\t<a class=\"rollover rollover-zoom dt-pswp-item\" title=\"PL_Sosp_A4_CENE\" data-dt-img-description=\"\" data-large_image_width=\"992\" data-large_image_height=\"1403\"href='https:\/\/www.radiopiu.net\/wordpress\/wp-content\/uploads\/2024\/11\/PL_Sosp_A4_CENE.jpg'><img loading=\"lazy\" decoding=\"async\" width=\"150\" height=\"150\" src=\"https:\/\/www.radiopiu.net\/wordpress\/wp-content\/uploads\/2024\/11\/PL_Sosp_A4_CENE-150x150.jpg\" class=\"attachment-thumbnail size-thumbnail\" alt=\"\" aria-describedby=\"gallery-2-419072\" \/><\/a>\n\t\t\t\t<\/dt>\n\t\t\t\t\t<dd class='wp-caption-text gallery-caption' id='gallery-2-419072'>\n\t\t\t\t\tCON LA PRO LOCO MONTI DEL SOLE\n\t\t\t\t\t<\/dd><\/dl><dl class='gallery-item'>\n\t\t\t\t<dt class='gallery-icon portrait'>\n\t\t\t\t\t<a class=\"rollover rollover-zoom dt-pswp-item\" title=\"4448afab-7b66-4760-8c53-e411b845306d\" data-dt-img-description=\"\" data-large_image_width=\"1144\" data-large_image_height=\"1600\"href='https:\/\/www.radiopiu.net\/wordpress\/wp-content\/uploads\/2024\/11\/4448afab-7b66-4760-8c53-e411b845306d.jpg'><img loading=\"lazy\" decoding=\"async\" width=\"150\" height=\"150\" src=\"https:\/\/www.radiopiu.net\/wordpress\/wp-content\/uploads\/2024\/11\/4448afab-7b66-4760-8c53-e411b845306d-150x150.jpg\" class=\"attachment-thumbnail size-thumbnail\" alt=\"\" aria-describedby=\"gallery-2-419621\" \/><\/a>\n\t\t\t\t<\/dt>\n\t\t\t\t\t<dd class='wp-caption-text gallery-caption' id='gallery-2-419621'>\n\t\t\t\t\tIL FINE SETTIMANA A CAVIOLA\n\t\t\t\t\t<\/dd><\/dl><br style=\"clear: both\" \/><dl class='gallery-item'>\n\t\t\t\t<dt class='gallery-icon portrait'>\n\t\t\t\t\t<a class=\"rollover rollover-zoom dt-pswp-item\" title=\"formula_3_loc\" data-dt-img-description=\"\" data-large_image_width=\"600\" data-large_image_height=\"821\"href='https:\/\/www.radiopiu.net\/wordpress\/wp-content\/uploads\/2024\/11\/formula_3_loc.jpg'><img loading=\"lazy\" decoding=\"async\" width=\"150\" height=\"150\" src=\"https:\/\/www.radiopiu.net\/wordpress\/wp-content\/uploads\/2024\/11\/formula_3_loc-150x150.jpg\" class=\"attachment-thumbnail size-thumbnail\" alt=\"\" aria-describedby=\"gallery-2-419609\" \/><\/a>\n\t\t\t\t<\/dt>\n\t\t\t\t\t<dd class='wp-caption-text gallery-caption' id='gallery-2-419609'>\n\t\t\t\t\tI FORMULA 3 A BELLUNO\n\t\t\t\t\t<\/dd><\/dl><dl class='gallery-item'>\n\t\t\t\t<dt class='gallery-icon portrait'>\n\t\t\t\t\t<a class=\"rollover rollover-zoom dt-pswp-item\" title=\"Ciao Igor copia\" data-dt-img-description=\"\" data-large_image_width=\"453\" data-large_image_height=\"640\"href='https:\/\/www.radiopiu.net\/wordpress\/wp-content\/uploads\/2024\/11\/Ciao-Igor-copia.jpeg'><img loading=\"lazy\" decoding=\"async\" width=\"150\" height=\"150\" src=\"https:\/\/www.radiopiu.net\/wordpress\/wp-content\/uploads\/2024\/11\/Ciao-Igor-copia-150x150.jpeg\" class=\"attachment-thumbnail size-thumbnail\" alt=\"\" aria-describedby=\"gallery-2-419352\" \/><\/a>\n\t\t\t\t<\/dt>\n\t\t\t\t\t<dd class='wp-caption-text gallery-caption' id='gallery-2-419352'>\n\t\t\t\t\tIN MEMORIA DI IGOR\n\t\t\t\t\t<\/dd><\/dl>\n\t\t\t\t<br style='clear: both' \/>\n\t\t\t<\/div>\n\n<\/div>\n<\/div>\n<\/div>\n<p>&nbsp;<\/p>\n<hr \/>\n<p>&nbsp;<\/p>\n<p class=\"mceTemp\"><a class=\"dt-pswp-item\" href=\"https:\/\/www.radiopiu.net\/wordpress\/wp-content\/uploads\/2018\/09\/WhatsApp-Image-2018-09-20-at-16.04.06.jpeg\" data-dt-img-description=\"\" data-large_image_width=\"800\" data-large_image_height=\"100\"><img loading=\"lazy\" decoding=\"async\" class=\"wp-image-61378 size-full aligncenter\" src=\"https:\/\/www.radiopiu.net\/wordpress\/wp-content\/uploads\/2018\/09\/WhatsApp-Image-2018-09-20-at-16.04.06.jpeg\" alt=\"\" width=\"800\" height=\"100\" srcset=\"https:\/\/www.radiopiu.net\/wordpress\/wp-content\/uploads\/2018\/09\/WhatsApp-Image-2018-09-20-at-16.04.06.jpeg 800w, https:\/\/www.radiopiu.net\/wordpress\/wp-content\/uploads\/2018\/09\/WhatsApp-Image-2018-09-20-at-16.04.06-300x38.jpeg 300w, https:\/\/www.radiopiu.net\/wordpress\/wp-content\/uploads\/2018\/09\/WhatsApp-Image-2018-09-20-at-16.04.06-768x96.jpeg 768w\" sizes=\"auto, (max-width: 800px) 100vw, 800px\" \/><\/a><\/p>\n<p><center><\/center><center><\/center>&nbsp;<\/p>\n<p><center><\/center><center><\/center><center><b>OGGI<\/b><\/center>Stupenda giornata autunnale con sole, cielo sereno, aria tersa ed ottima visibilit\u00e0. La sola eccezione potr\u00e0 essere qualche banco di nebbia nelle ore pi\u00f9 fredde lungo la valle de Piave.<br \/>\n<b>Precipitazioni: <\/b>Assenti<br \/>\n<b>Temperature: <\/b>In generale rialzo, salvo calo delle minime nelle valli, di conseguenza l&#8217;inversione termica notturna aumenter\u00e0 e sar\u00e0 anche persistente nelle valli in ombra.<\/p>\n<hr \/>\n<p><center><b>DOMANI<\/b><\/center>Altra stupenda giornata autunnale con sole, cielo sereno, aria tersa ed ottima visibilit\u00e0. La sola eccezione risieder\u00e0 in qualche banco di nebbia nelle ore pi\u00f9 fredde lungo la valle de Piave.<br \/>\n<b>Precipitazioni: <\/b>Assenti<br \/>\n<b>Temperature: <\/b>In generale aumento, specie le massime nei settori pi\u00f9 assolati. Inversione termica notturna nelle valli, la quale persister\u00e0 di giorno in quelle in ombra.<\/p>\n<hr \/>\n<p><center><b>DOMENICA<\/b><\/center>Ennesima stupenda giornata tardo-autunnale con sole e cielo sereno al mattino. Nel corso del pomeriggio non escluso l&#8217;arrivo di sottili nubi alte. Lieve aumento dell&#8217;insidia banchi di nebbia nelle ore pi\u00f9 fredde, ma solo in alcuni fondovalle prealpini. Temperature in generale leggera diminuzione e riduzione dell&#8217;inversione termica notturna nelle valli.<\/p>\n<hr \/>\n<p><center><b>LUNEDI<\/b><\/center>Maggiore nuvolosit\u00e0 stratiforme medio-alta e forte riduzione del soleggiamento, specie sulle Dolomiti, dove la copertura nuvolosa potr\u00e0 a tratti essere pi\u00f9 intensa. Non sono previste precipitazioni, salvo sporadica neve burrascosa sulle cime dolomitiche pi\u00f9 alte. Temperature in generale leggera diminuzione, eccetto rialzo delle minime nelle valli.<\/p>\n<p>&nbsp;<\/p>\n<hr \/>\n<p>&nbsp;<\/p>\n<p>&nbsp;<\/p>\n<p class=\"mceTemp\"><a class=\"dt-pswp-item\" href=\"https:\/\/www.radiopiu.net\/wordpress\/wp-content\/uploads\/2018\/09\/sport.jpg\" data-dt-img-description=\"\" data-large_image_width=\"800\" data-large_image_height=\"100\"><img loading=\"lazy\" decoding=\"async\" class=\"aligncenter wp-image-60761 size-full\" src=\"https:\/\/www.radiopiu.net\/wordpress\/wp-content\/uploads\/2018\/09\/sport.jpg\" alt=\"\" width=\"800\" height=\"100\" srcset=\"https:\/\/www.radiopiu.net\/wordpress\/wp-content\/uploads\/2018\/09\/sport.jpg 800w, https:\/\/www.radiopiu.net\/wordpress\/wp-content\/uploads\/2018\/09\/sport-300x38.jpg 300w, https:\/\/www.radiopiu.net\/wordpress\/wp-content\/uploads\/2018\/09\/sport-768x96.jpg 768w\" sizes=\"auto, (max-width: 800px) 100vw, 800px\" \/><\/a><span style=\"color: #0000ff;\"><strong>\u00a0 \u00a0 \u00a0 \u00a0 \u00a0\u00a0<\/strong><\/span><\/p>\n<p><span style=\"color: #0000ff;\"><strong>HOCKEY SU GHIACCIO<\/strong><\/span><\/p>\n<blockquote>\n<h3>IL FASSA SI AGGIUDICA IL DERBY DEL FEDAIA. L&#8217;ALLEGHE PERDE MA A TESTA ALTA<\/h3>\n<\/blockquote>\n<p><strong>RECUPERO 6\u00b0 GIORNATA IHL<\/strong><\/p>\n<p><strong>ALLEGHE \u2013 FASSA 3-4<\/strong><\/p>\n<p>PARZIALI: 0-0, 1-1, 2-3<\/p>\n<p>GOL: st. 11\u201959\u201d Alexandrov, 17\u201909\u201d Salo. tt. 0\u201958\u201d Deluca, 3\u201931\u201d Mikhnov, 10\u201908\u201d Soppelsa, 13\u201929\u201d Deluca, 16\u201925\u201d Ganz<\/p>\n<p>Prima sconfitta casalinga per l\u2019Alleghe che non riesce ad incamerare punti contro il Fassa nel recupero della sesta giornata di campionato. I trentini escono nella terza frazione dopo una partita giocata alla pari. Un risultato troppo severo per le civette che pagano alcune disattenzioni in fase difensiva. Si chiude il girone di andata della prima fase e sabato gli agordini saranno di nuovo al de Toni per affrontare il Caldaro in testa alla classifica della IHL. Ad inaugurare il derby del Fedaia ci pensa il coach della nazionale italiana di hockey Jukka Jalonen che \u00e8 stato incaricato dell\u2019ingaggio iniziale. L\u2019allenatore dell\u2019Italia \u00e8 stato ad Alleghe per una rimpatriata ed un aperitivo con i giocatori alleghesi che aveva allenato a fine anni 90. Prima parte di gara con poche emozioni, le squadre si studiano a lungo prima di scoprirsi. Il primo tiro \u00e8 delle civette ma il golie trentino \u00e8 attento. La sfida si accende e le due formazioni non se le mandano a dire. Moberg colpisce il palo mentre i fassani provano ad impensierire Scola. Ad inizio secondo tempo la prima conclusione \u00e8 degli agordini ma il disco non entra. Il Fassa risponde subito dopo con un gol che viene annullato. Spingono gli ospiti che si rendono pericolosi in pi\u00f9 occasioni. Il derby non si vuole sbloccare anche se le occasioni non mancano. Makela ha il disco del possibile vantaggio ma il finlandese non riesce a superare il portiere su assist di Ganz. A sbloccare la partita sono le civette. Moberg scappa sulla fascia e serve al centro per Alexandrov che trova l\u2019angolino giusto per battere il golie trentino. Pochi minuti dopo Soppelsa finisce in panca puniti e il Fassa pareggia i conti con Salo. il terzo periodo di gioco inizia con un pasticcio della difesa agordina che concede a Deluca il disco per siglare la rete del vantaggio fassano. L\u2019Alleghe si scopre e il Fassa ne approfitta subito con Mikhnov in contropiede. Non demordono gli agordini che al giro di boa del tempo accorciano le distanze con Soppelsa. I trentini calano il poker poco dopo. Viene combinata una penalit\u00e0 all\u2019Alleghe e Deluca trova l\u2019angolino per battere Scola. Capitan Ganz riaccende le speranze del pubblico biancorosso accorciando le distanze subito dopo. Assalto agordino negli ultimi due minuti di gioco con l\u2019allenatore alleghese che toglie il portiere per avere l\u2019uomo di movimento in pi\u00f9 ma le civette non riescono a pareggiare nonostante le tante occasioni sulle stecche alleghesi.<\/p>\n<p><strong>LE FOTO DI ANNALISA DAL MAS<\/strong><\/p>\n\n\t\t\t<style type='text\/css'>\n\t\t\t\t#gallery-3 {\n\t\t\t\t\tmargin: auto;\n\t\t\t\t}\n\t\t\t\t#gallery-3 .gallery-item {\n\t\t\t\t\tfloat: left;\n\t\t\t\t\tmargin-top: 10px;\n\t\t\t\t\ttext-align: center;\n\t\t\t\t\twidth: 33%;\n\t\t\t\t}\n\t\t\t\t#gallery-3 img {\n\t\t\t\t\tborder: 2px solid #cfcfcf;\n\t\t\t\t}\n\t\t\t\t#gallery-3 .gallery-caption {\n\t\t\t\t\tmargin-left: 0;\n\t\t\t\t}\n\t\t\t\t\/* see gallery_shortcode() in wp-includes\/media.php *\/\n\t\t\t<\/style>\n\t\t<div id='gallery-3' class='dt-gallery-container gallery galleryid-419543 gallery-columns-3 gallery-size-medium'><dl class='gallery-item'>\n\t\t\t\t<dt class='gallery-icon landscape'>\n\t\t\t\t\t<a class=\"rollover rollover-zoom dt-pswp-item\" title=\"dd09c216-91ac-43d8-98eb-60b31b995f0d\" data-dt-img-description=\"\" data-large_image_width=\"1508\" data-large_image_height=\"1004\"href='https:\/\/www.radiopiu.net\/wordpress\/wp-content\/uploads\/2024\/11\/dd09c216-91ac-43d8-98eb-60b31b995f0d.jpg'><img loading=\"lazy\" decoding=\"async\" width=\"300\" height=\"200\" src=\"https:\/\/www.radiopiu.net\/wordpress\/wp-content\/uploads\/2024\/11\/dd09c216-91ac-43d8-98eb-60b31b995f0d-300x200.jpg\" class=\"attachment-medium size-medium\" alt=\"\" srcset=\"https:\/\/www.radiopiu.net\/wordpress\/wp-content\/uploads\/2024\/11\/dd09c216-91ac-43d8-98eb-60b31b995f0d-300x200.jpg 300w, https:\/\/www.radiopiu.net\/wordpress\/wp-content\/uploads\/2024\/11\/dd09c216-91ac-43d8-98eb-60b31b995f0d-1024x682.jpg 1024w, https:\/\/www.radiopiu.net\/wordpress\/wp-content\/uploads\/2024\/11\/dd09c216-91ac-43d8-98eb-60b31b995f0d-768x511.jpg 768w, https:\/\/www.radiopiu.net\/wordpress\/wp-content\/uploads\/2024\/11\/dd09c216-91ac-43d8-98eb-60b31b995f0d.jpg 1508w\" sizes=\"auto, (max-width: 300px) 100vw, 300px\" \/><\/a>\n\t\t\t\t<\/dt><\/dl><dl class='gallery-item'>\n\t\t\t\t<dt class='gallery-icon landscape'>\n\t\t\t\t\t<a class=\"rollover rollover-zoom dt-pswp-item\" title=\"27353c65-b37f-405b-90ca-62f0ba2c73b0\" data-dt-img-description=\"\" data-large_image_width=\"2048\" data-large_image_height=\"1364\"href='https:\/\/www.radiopiu.net\/wordpress\/wp-content\/uploads\/2024\/11\/27353c65-b37f-405b-90ca-62f0ba2c73b0.jpg'><img loading=\"lazy\" decoding=\"async\" width=\"300\" height=\"200\" src=\"https:\/\/www.radiopiu.net\/wordpress\/wp-content\/uploads\/2024\/11\/27353c65-b37f-405b-90ca-62f0ba2c73b0-300x200.jpg\" class=\"attachment-medium size-medium\" alt=\"\" srcset=\"https:\/\/www.radiopiu.net\/wordpress\/wp-content\/uploads\/2024\/11\/27353c65-b37f-405b-90ca-62f0ba2c73b0-300x200.jpg 300w, https:\/\/www.radiopiu.net\/wordpress\/wp-content\/uploads\/2024\/11\/27353c65-b37f-405b-90ca-62f0ba2c73b0-1024x682.jpg 1024w, https:\/\/www.radiopiu.net\/wordpress\/wp-content\/uploads\/2024\/11\/27353c65-b37f-405b-90ca-62f0ba2c73b0-768x512.jpg 768w, https:\/\/www.radiopiu.net\/wordpress\/wp-content\/uploads\/2024\/11\/27353c65-b37f-405b-90ca-62f0ba2c73b0-1536x1023.jpg 1536w, https:\/\/www.radiopiu.net\/wordpress\/wp-content\/uploads\/2024\/11\/27353c65-b37f-405b-90ca-62f0ba2c73b0.jpg 2048w\" sizes=\"auto, (max-width: 300px) 100vw, 300px\" \/><\/a>\n\t\t\t\t<\/dt><\/dl><dl class='gallery-item'>\n\t\t\t\t<dt class='gallery-icon landscape'>\n\t\t\t\t\t<a class=\"rollover rollover-zoom dt-pswp-item\" title=\"53db4a91-c73c-4155-b3fb-2170449642e0\" data-dt-img-description=\"\" data-large_image_width=\"2048\" data-large_image_height=\"1364\"href='https:\/\/www.radiopiu.net\/wordpress\/wp-content\/uploads\/2024\/11\/53db4a91-c73c-4155-b3fb-2170449642e0.jpg'><img loading=\"lazy\" decoding=\"async\" width=\"300\" height=\"200\" src=\"https:\/\/www.radiopiu.net\/wordpress\/wp-content\/uploads\/2024\/11\/53db4a91-c73c-4155-b3fb-2170449642e0-300x200.jpg\" class=\"attachment-medium size-medium\" alt=\"\" srcset=\"https:\/\/www.radiopiu.net\/wordpress\/wp-content\/uploads\/2024\/11\/53db4a91-c73c-4155-b3fb-2170449642e0-300x200.jpg 300w, https:\/\/www.radiopiu.net\/wordpress\/wp-content\/uploads\/2024\/11\/53db4a91-c73c-4155-b3fb-2170449642e0-1024x682.jpg 1024w, https:\/\/www.radiopiu.net\/wordpress\/wp-content\/uploads\/2024\/11\/53db4a91-c73c-4155-b3fb-2170449642e0-768x512.jpg 768w, https:\/\/www.radiopiu.net\/wordpress\/wp-content\/uploads\/2024\/11\/53db4a91-c73c-4155-b3fb-2170449642e0-1536x1023.jpg 1536w, https:\/\/www.radiopiu.net\/wordpress\/wp-content\/uploads\/2024\/11\/53db4a91-c73c-4155-b3fb-2170449642e0.jpg 2048w\" sizes=\"auto, (max-width: 300px) 100vw, 300px\" \/><\/a>\n\t\t\t\t<\/dt><\/dl><br style=\"clear: both\" \/><dl class='gallery-item'>\n\t\t\t\t<dt class='gallery-icon landscape'>\n\t\t\t\t\t<a class=\"rollover rollover-zoom dt-pswp-item\" title=\"6e41b914-c59e-4031-abc3-ecdc6691cc84\" data-dt-img-description=\"\" data-large_image_width=\"2048\" data-large_image_height=\"1364\"href='https:\/\/www.radiopiu.net\/wordpress\/wp-content\/uploads\/2024\/11\/6e41b914-c59e-4031-abc3-ecdc6691cc84.jpg'><img loading=\"lazy\" decoding=\"async\" width=\"300\" height=\"200\" src=\"https:\/\/www.radiopiu.net\/wordpress\/wp-content\/uploads\/2024\/11\/6e41b914-c59e-4031-abc3-ecdc6691cc84-300x200.jpg\" class=\"attachment-medium size-medium\" alt=\"\" srcset=\"https:\/\/www.radiopiu.net\/wordpress\/wp-content\/uploads\/2024\/11\/6e41b914-c59e-4031-abc3-ecdc6691cc84-300x200.jpg 300w, https:\/\/www.radiopiu.net\/wordpress\/wp-content\/uploads\/2024\/11\/6e41b914-c59e-4031-abc3-ecdc6691cc84-1024x682.jpg 1024w, https:\/\/www.radiopiu.net\/wordpress\/wp-content\/uploads\/2024\/11\/6e41b914-c59e-4031-abc3-ecdc6691cc84-768x512.jpg 768w, https:\/\/www.radiopiu.net\/wordpress\/wp-content\/uploads\/2024\/11\/6e41b914-c59e-4031-abc3-ecdc6691cc84-1536x1023.jpg 1536w, https:\/\/www.radiopiu.net\/wordpress\/wp-content\/uploads\/2024\/11\/6e41b914-c59e-4031-abc3-ecdc6691cc84.jpg 2048w\" sizes=\"auto, (max-width: 300px) 100vw, 300px\" \/><\/a>\n\t\t\t\t<\/dt><\/dl><dl class='gallery-item'>\n\t\t\t\t<dt class='gallery-icon landscape'>\n\t\t\t\t\t<a class=\"rollover rollover-zoom dt-pswp-item\" title=\"503cf67b-f96d-469a-9419-0c4ac19bee5b\" data-dt-img-description=\"\" data-large_image_width=\"2048\" data-large_image_height=\"1364\"href='https:\/\/www.radiopiu.net\/wordpress\/wp-content\/uploads\/2024\/11\/503cf67b-f96d-469a-9419-0c4ac19bee5b.jpg'><img loading=\"lazy\" decoding=\"async\" width=\"300\" height=\"200\" src=\"https:\/\/www.radiopiu.net\/wordpress\/wp-content\/uploads\/2024\/11\/503cf67b-f96d-469a-9419-0c4ac19bee5b-300x200.jpg\" class=\"attachment-medium size-medium\" alt=\"\" srcset=\"https:\/\/www.radiopiu.net\/wordpress\/wp-content\/uploads\/2024\/11\/503cf67b-f96d-469a-9419-0c4ac19bee5b-300x200.jpg 300w, https:\/\/www.radiopiu.net\/wordpress\/wp-content\/uploads\/2024\/11\/503cf67b-f96d-469a-9419-0c4ac19bee5b-1024x682.jpg 1024w, https:\/\/www.radiopiu.net\/wordpress\/wp-content\/uploads\/2024\/11\/503cf67b-f96d-469a-9419-0c4ac19bee5b-768x512.jpg 768w, https:\/\/www.radiopiu.net\/wordpress\/wp-content\/uploads\/2024\/11\/503cf67b-f96d-469a-9419-0c4ac19bee5b-1536x1023.jpg 1536w, https:\/\/www.radiopiu.net\/wordpress\/wp-content\/uploads\/2024\/11\/503cf67b-f96d-469a-9419-0c4ac19bee5b.jpg 2048w\" sizes=\"auto, (max-width: 300px) 100vw, 300px\" \/><\/a>\n\t\t\t\t<\/dt><\/dl><dl class='gallery-item'>\n\t\t\t\t<dt class='gallery-icon landscape'>\n\t\t\t\t\t<a class=\"rollover rollover-zoom dt-pswp-item\" title=\"04e769ab-09cc-4d9a-b837-51f701d668ae\" data-dt-img-description=\"\" data-large_image_width=\"1600\" data-large_image_height=\"1065\"href='https:\/\/www.radiopiu.net\/wordpress\/wp-content\/uploads\/2024\/11\/04e769ab-09cc-4d9a-b837-51f701d668ae.jpg'><img loading=\"lazy\" decoding=\"async\" width=\"300\" height=\"200\" src=\"https:\/\/www.radiopiu.net\/wordpress\/wp-content\/uploads\/2024\/11\/04e769ab-09cc-4d9a-b837-51f701d668ae-300x200.jpg\" class=\"attachment-medium size-medium\" alt=\"\" srcset=\"https:\/\/www.radiopiu.net\/wordpress\/wp-content\/uploads\/2024\/11\/04e769ab-09cc-4d9a-b837-51f701d668ae-300x200.jpg 300w, https:\/\/www.radiopiu.net\/wordpress\/wp-content\/uploads\/2024\/11\/04e769ab-09cc-4d9a-b837-51f701d668ae-1024x682.jpg 1024w, https:\/\/www.radiopiu.net\/wordpress\/wp-content\/uploads\/2024\/11\/04e769ab-09cc-4d9a-b837-51f701d668ae-768x511.jpg 768w, https:\/\/www.radiopiu.net\/wordpress\/wp-content\/uploads\/2024\/11\/04e769ab-09cc-4d9a-b837-51f701d668ae-1536x1022.jpg 1536w, https:\/\/www.radiopiu.net\/wordpress\/wp-content\/uploads\/2024\/11\/04e769ab-09cc-4d9a-b837-51f701d668ae.jpg 1600w\" sizes=\"auto, (max-width: 300px) 100vw, 300px\" \/><\/a>\n\t\t\t\t<\/dt><\/dl><br style=\"clear: both\" \/>\n\t\t\t<\/div>\n\n<p>&nbsp;<\/p>\n<p>&nbsp;<\/p>\n<p>&nbsp;<\/p>\n<p>&nbsp;<\/p>\n<hr \/>\n<p>&nbsp;<\/p>\n<h2><span style=\"color: #ffcc00;\">GOODBYE BY BICICLE&#8230;UN VIAGGIO DALL&#8217;INDIA A SEREN DEL GRAPPA IN BICICLETTA<\/span><\/h2>\n<p><span style=\"color: #ff0000;\"><strong>PUNTATA 36 &#8211; LE TEMPERATURE SI ABBASSANO MA IL VIAGGIO CONTINUA<\/strong><\/span><\/p>\n<audio class=\"wp-audio-shortcode\" id=\"audio-419543-21\" preload=\"none\" style=\"width: 100%;\" controls=\"controls\"><source type=\"audio\/mpeg\" src=\"https:\/\/www.radiopiu.net\/wordpress\/wp-content\/uploads\/2024\/11\/AIRE-INDIA-PUNTATA-36.mp3?_=21\" \/><a href=\"https:\/\/www.radiopiu.net\/wordpress\/wp-content\/uploads\/2024\/11\/AIRE-INDIA-PUNTATA-36.mp3\">https:\/\/www.radiopiu.net\/wordpress\/wp-content\/uploads\/2024\/11\/AIRE-INDIA-PUNTATA-36.mp3<\/a><\/audio>\n<p>&nbsp;<\/p>\n<p><strong>PER VISITARE I SITI DEI LUOGHI VISITATI, CLICCA SULLE SEGUENTI SCRITTE: <span style=\"color: #3366ff;\"><a href=\"https:\/\/t.me\/s\/ReteAgricolturaNaturale?before=844\">RETE PER L&#8217;AGRICOLTURA NATURALE\u00a0<\/a> \u00a0<a href=\"https:\/\/autosufficienza.it\/\">AUTOSUFFICIENZA<\/a><\/span><\/strong><\/p>\n<p>&nbsp;<\/p>\n\n\t\t\t<style type='text\/css'>\n\t\t\t\t#gallery-4 {\n\t\t\t\t\tmargin: auto;\n\t\t\t\t}\n\t\t\t\t#gallery-4 .gallery-item {\n\t\t\t\t\tfloat: left;\n\t\t\t\t\tmargin-top: 10px;\n\t\t\t\t\ttext-align: center;\n\t\t\t\t\twidth: 20%;\n\t\t\t\t}\n\t\t\t\t#gallery-4 img {\n\t\t\t\t\tborder: 2px solid #cfcfcf;\n\t\t\t\t}\n\t\t\t\t#gallery-4 .gallery-caption {\n\t\t\t\t\tmargin-left: 0;\n\t\t\t\t}\n\t\t\t\t\/* see gallery_shortcode() in wp-includes\/media.php *\/\n\t\t\t<\/style>\n\t\t<div id='gallery-4' class='dt-gallery-container gallery galleryid-419543 gallery-columns-5 gallery-size-thumbnail'><dl class='gallery-item'>\n\t\t\t\t<dt class='gallery-icon landscape'>\n\t\t\t\t\t<a class=\"rollover rollover-zoom dt-pswp-item\" title=\"f4266878-5c1d-4063-a073-76396725dece\" data-dt-img-description=\"\" data-large_image_width=\"1600\" data-large_image_height=\"1200\"href='https:\/\/www.radiopiu.net\/wordpress\/wp-content\/uploads\/2024\/11\/f4266878-5c1d-4063-a073-76396725dece.jpg'><img loading=\"lazy\" decoding=\"async\" width=\"150\" height=\"150\" src=\"https:\/\/www.radiopiu.net\/wordpress\/wp-content\/uploads\/2024\/11\/f4266878-5c1d-4063-a073-76396725dece-150x150.jpg\" class=\"attachment-thumbnail size-thumbnail\" alt=\"\" \/><\/a>\n\t\t\t\t<\/dt><\/dl><dl class='gallery-item'>\n\t\t\t\t<dt class='gallery-icon portrait'>\n\t\t\t\t\t<a class=\"rollover rollover-zoom dt-pswp-item\" title=\"63549bf3-e000-48aa-8d0b-ffe8f2a9de1b\" data-dt-img-description=\"\" data-large_image_width=\"1200\" data-large_image_height=\"1600\"href='https:\/\/www.radiopiu.net\/wordpress\/wp-content\/uploads\/2024\/11\/63549bf3-e000-48aa-8d0b-ffe8f2a9de1b.jpg'><img loading=\"lazy\" decoding=\"async\" width=\"150\" height=\"150\" src=\"https:\/\/www.radiopiu.net\/wordpress\/wp-content\/uploads\/2024\/11\/63549bf3-e000-48aa-8d0b-ffe8f2a9de1b-150x150.jpg\" class=\"attachment-thumbnail size-thumbnail\" alt=\"\" \/><\/a>\n\t\t\t\t<\/dt><\/dl><dl class='gallery-item'>\n\t\t\t\t<dt class='gallery-icon portrait'>\n\t\t\t\t\t<a class=\"rollover rollover-zoom dt-pswp-item\" title=\"74325400-30eb-4983-9402-0d4336a10918\" data-dt-img-description=\"\" data-large_image_width=\"1204\" data-large_image_height=\"1600\"href='https:\/\/www.radiopiu.net\/wordpress\/wp-content\/uploads\/2024\/11\/74325400-30eb-4983-9402-0d4336a10918.jpg'><img loading=\"lazy\" decoding=\"async\" width=\"150\" height=\"150\" src=\"https:\/\/www.radiopiu.net\/wordpress\/wp-content\/uploads\/2024\/11\/74325400-30eb-4983-9402-0d4336a10918-150x150.jpg\" class=\"attachment-thumbnail size-thumbnail\" alt=\"\" \/><\/a>\n\t\t\t\t<\/dt><\/dl><dl class='gallery-item'>\n\t\t\t\t<dt class='gallery-icon portrait'>\n\t\t\t\t\t<a class=\"rollover rollover-zoom dt-pswp-item\" title=\"170fe28f-6477-42a9-81ce-f82aa4f728f4\" data-dt-img-description=\"\" data-large_image_width=\"1500\" data-large_image_height=\"2000\"href='https:\/\/www.radiopiu.net\/wordpress\/wp-content\/uploads\/2024\/11\/170fe28f-6477-42a9-81ce-f82aa4f728f4.jpg'><img loading=\"lazy\" decoding=\"async\" width=\"150\" height=\"150\" src=\"https:\/\/www.radiopiu.net\/wordpress\/wp-content\/uploads\/2024\/11\/170fe28f-6477-42a9-81ce-f82aa4f728f4-150x150.jpg\" class=\"attachment-thumbnail size-thumbnail\" alt=\"\" \/><\/a>\n\t\t\t\t<\/dt><\/dl><dl class='gallery-item'>\n\t\t\t\t<dt class='gallery-icon landscape'>\n\t\t\t\t\t<a class=\"rollover rollover-zoom dt-pswp-item\" title=\"ed38cd19-b8ec-4418-bd62-aa566273d58f\" data-dt-img-description=\"\" data-large_image_width=\"1600\" data-large_image_height=\"1200\"href='https:\/\/www.radiopiu.net\/wordpress\/wp-content\/uploads\/2024\/11\/ed38cd19-b8ec-4418-bd62-aa566273d58f.jpg'><img loading=\"lazy\" decoding=\"async\" width=\"150\" height=\"150\" src=\"https:\/\/www.radiopiu.net\/wordpress\/wp-content\/uploads\/2024\/11\/ed38cd19-b8ec-4418-bd62-aa566273d58f-150x150.jpg\" class=\"attachment-thumbnail size-thumbnail\" alt=\"\" \/><\/a>\n\t\t\t\t<\/dt><\/dl><br style=\"clear: both\" \/>\n\t\t\t<\/div>\n\n<p>&nbsp;<\/p>\n<h2>LA RACCOLTA COMPLETA <a href=\"https:\/\/www.radiopiu.net\/wordpress\/goodbye-by-bicicle-un-viaggio-dallindia-a-seren-del-grappa-in-bicicletta-36\/\"><span style=\"color: #3366ff;\">CLICCA QUI<\/span><\/a><\/h2>\n<p>&nbsp;<\/p>\n<p>&nbsp;<\/p>\n<p>&nbsp;<\/p>\n<p>&nbsp;<\/p>\n<p>&nbsp;<\/p>\n","protected":false},"excerpt":{"rendered":"<p>******* &nbsp; &nbsp; LA\u00a0 APP PER IOS-IPHONE di Nicola Vettorello https:\/\/apps.apple.com\/it\/app\/radio-pi%C3%B9-emittente-agordina\/id1515939845 LA\u00a0 APP RADIO\u00a0 PER ANDROID di Nicola Vettorello https:\/\/play.google.com\/store\/apps\/details?id=net.radiopiu.iniko\u00a0\u00a0\u00a0 &nbsp; &nbsp; &nbsp; OGGI ALLA RADIO&#8230;. ALLE 4 E ALLE 6 LE NOTIZIE DALL&#8217;ITALIA E DAL MONDO 0500 l&#8217;almanacco della nostra gente con il MUSLA\u00a0 6.15 PIROLE DE LENGA A CURA DEL MUSLA 7.20 EL&hellip;<\/p>\n","protected":false},"author":4,"featured_media":419751,"comment_status":"closed","ping_status":"closed","sticky":false,"template":"","format":"standard","meta":{"_monsterinsights_skip_tracking":false,"_monsterinsights_sitenote_active":false,"_monsterinsights_sitenote_note":"","_monsterinsights_sitenote_category":0,"footnotes":""},"categories":[51,86,49],"tags":[],"class_list":["post-419543","post","type-post","status-publish","format-standard","has-post-thumbnail","hentry","category-evidenza-top","category-gr","category-news-18","category-51","category-86","category-49","description-off"],"img_url":"https:\/\/www.radiopiu.net\/wordpress\/wp-content\/uploads\/2024\/11\/Senza-nome-69.png","_links":{"self":[{"href":"https:\/\/www.radiopiu.net\/wordpress\/wp-json\/wp\/v2\/posts\/419543","targetHints":{"allow":["GET"]}}],"collection":[{"href":"https:\/\/www.radiopiu.net\/wordpress\/wp-json\/wp\/v2\/posts"}],"about":[{"href":"https:\/\/www.radiopiu.net\/wordpress\/wp-json\/wp\/v2\/types\/post"}],"author":[{"embeddable":true,"href":"https:\/\/www.radiopiu.net\/wordpress\/wp-json\/wp\/v2\/users\/4"}],"replies":[{"embeddable":true,"href":"https:\/\/www.radiopiu.net\/wordpress\/wp-json\/wp\/v2\/comments?post=419543"}],"version-history":[{"count":41,"href":"https:\/\/www.radiopiu.net\/wordpress\/wp-json\/wp\/v2\/posts\/419543\/revisions"}],"predecessor-version":[{"id":419794,"href":"https:\/\/www.radiopiu.net\/wordpress\/wp-json\/wp\/v2\/posts\/419543\/revisions\/419794"}],"wp:featuredmedia":[{"embeddable":true,"href":"https:\/\/www.radiopiu.net\/wordpress\/wp-json\/wp\/v2\/media\/419751"}],"wp:attachment":[{"href":"https:\/\/www.radiopiu.net\/wordpress\/wp-json\/wp\/v2\/media?parent=419543"}],"wp:term":[{"taxonomy":"category","embeddable":true,"href":"https:\/\/www.radiopiu.net\/wordpress\/wp-json\/wp\/v2\/categories?post=419543"},{"taxonomy":"post_tag","embeddable":true,"href":"https:\/\/www.radiopiu.net\/wordpress\/wp-json\/wp\/v2\/tags?post=419543"}],"curies":[{"name":"wp","href":"https:\/\/api.w.org\/{rel}","templated":true}]}}