{"id":419606,"date":"2024-11-14T14:17:21","date_gmt":"2024-11-14T13:17:21","guid":{"rendered":"https:\/\/www.radiopiu.net\/wordpress\/?p=419606"},"modified":"2024-11-14T14:17:21","modified_gmt":"2024-11-14T13:17:21","slug":"a-radio-piu-tony-cicco-il-batterista-leggendario-della-formula-3","status":"publish","type":"post","link":"https:\/\/www.radiopiu.net\/wordpress\/a-radio-piu-tony-cicco-il-batterista-leggendario-della-formula-3\/","title":{"rendered":"A RADIO PIU&#8217;&#8230;Tony Cicco: Il Batterista Leggendario della Formula 3"},"content":{"rendered":"<p data-pm-slice=\"1 1 []\">**<\/p>\n<p data-pm-slice=\"1 1 []\">\n<p data-pm-slice=\"1 1 []\"><strong><a class=\"dt-pswp-item\" href=\"https:\/\/www.radiopiu.net\/wordpress\/wp-content\/uploads\/2024\/11\/formula_3_loc.jpg\" data-dt-img-description=\"\" data-large_image_width=\"600\" data-large_image_height=\"821\"><img loading=\"lazy\" decoding=\"async\" class=\"size-medium wp-image-419609 alignleft\" src=\"https:\/\/www.radiopiu.net\/wordpress\/wp-content\/uploads\/2024\/11\/formula_3_loc-219x300.jpg\" alt=\"\" width=\"219\" height=\"300\" srcset=\"https:\/\/www.radiopiu.net\/wordpress\/wp-content\/uploads\/2024\/11\/formula_3_loc-219x300.jpg 219w, https:\/\/www.radiopiu.net\/wordpress\/wp-content\/uploads\/2024\/11\/formula_3_loc.jpg 600w\" sizes=\"auto, (max-width: 219px) 100vw, 219px\" \/><\/a>REDAZIONE<\/strong> Era il 1983, la calda estate dell&#8217;83, quando in piazza San Rocco a Taibon Agordino si facevano girare i primi 45 giri, ne servivano tanti, ma buoni. I nostri fornitori erano i gestori dei Bar, dove non mancava il juke box e ogni tanto &#8211; spesso &#8211; cambiavano i dischi e noi facevamo da ecocentro. Sono ancora qui, conservati negli archivi della Radio. In mezzo a questo scrigno di musica da met\u00e0 anni Settanta in poi non mancano i dischi della Formula 3, accanto a quelli di Battisti, Mina, Modugno, Celentano, Dalla e ovviamente Vasco Rossi, quello di primo pelo. Intervistare Tony Cicco, dopo 41 anni di Radio \u00e8 stato emozionante. Tony con la Formula 3 sar\u00e0 a Belluno, Teatro Dino Buzzati, venerdi 6 dicembre alle 21 (prevendite su liveticket.it)<\/p>\n<p data-pm-slice=\"1 1 []\">\n<p data-pm-slice=\"1 1 []\"><strong>L&#8217;INTERVISTA DI MIRKO MEZZACASA<\/strong><\/p>\n<audio class=\"wp-audio-shortcode\" id=\"audio-419606-1\" preload=\"none\" style=\"width: 100%;\" controls=\"controls\"><source type=\"audio\/mpeg\" src=\"https:\/\/www.radiopiu.net\/wordpress\/wp-content\/uploads\/2024\/11\/TONI-CICCO.mp3?_=1\" \/><a href=\"https:\/\/www.radiopiu.net\/wordpress\/wp-content\/uploads\/2024\/11\/TONI-CICCO.mp3\">https:\/\/www.radiopiu.net\/wordpress\/wp-content\/uploads\/2024\/11\/TONI-CICCO.mp3<\/a><\/audio>\n<p data-pm-slice=\"1 1 []\">\n<blockquote>\n<p data-pm-slice=\"1 1 []\"><em><img decoding=\"async\" src=\"https:\/\/www.radiopiu.net\/wordpress\/wp-content\/uploads\/2024\/11\/tony-cicco-min-750x375.jpg.webp\" \/><\/em><\/p>\n<p data-pm-slice=\"1 1 []\"><em>Tony Cicco, musicista e fondatore della storica band Formula 3, ha lasciato un&#8217;impronta indelebile nella musica italiana. Diplomato al conservatorio di Napoli, inizi\u00f2 la carriera come batterista suonando nei locali con vari complessi. La svolta arriv\u00f2 con la fondazione della Formula 3, gruppo con cui intraprese una fruttuosa collaborazione con Lucio Battisti. \u201cDopo un concerto a Milano, Battisti venne a trovarci nel camerino e, colmo di entusiasmo, ci propose di lavorare insieme,\u201d ha raccontato Cicco. Questa collaborazione dur\u00f2 quattro anni, durante i quali la band accompagn\u00f2 Battisti nei suoi rari concerti italiani. Dopo lo scioglimento della Formula 3, Tony Cicco intraprese una carriera da solista e scrisse brani per celebri artisti come Loredana Bert\u00e8, Fiorella Mannoia e Raffaella Carr\u00e0. L&#8217;amore per la musica \u00e8 una tradizione di famiglia: suo padre dirigeva una banda e il fratello Ciro, prodigioso batterista, lo ispir\u00f2 fin da giovane. Grazie a queste influenze, Cicco trasform\u00f2 la passione in una carriera di successo.<\/em><\/p>\n<\/blockquote>\n<p data-pm-slice=\"1 1 []\">\n<hr \/>\n<p data-pm-slice=\"1 1 []\">\n","protected":false},"excerpt":{"rendered":"<p>** REDAZIONE Era il 1983, la calda estate dell&#8217;83, quando in piazza San Rocco a Taibon Agordino si facevano girare i primi 45 giri, ne servivano tanti, ma buoni. I nostri fornitori erano i gestori dei Bar, dove non mancava il juke box e ogni tanto &#8211; spesso &#8211; cambiavano i dischi e noi facevamo&hellip;<\/p>\n","protected":false},"author":4,"featured_media":419608,"comment_status":"closed","ping_status":"closed","sticky":false,"template":"","format":"standard","meta":{"_monsterinsights_skip_tracking":false,"_monsterinsights_sitenote_active":false,"_monsterinsights_sitenote_note":"","_monsterinsights_sitenote_category":0,"footnotes":""},"categories":[49],"tags":[],"class_list":["post-419606","post","type-post","status-publish","format-standard","has-post-thumbnail","hentry","category-news-18","category-49","description-off"],"img_url":"https:\/\/www.radiopiu.net\/wordpress\/wp-content\/uploads\/2024\/11\/tony-cicco-min-750x375.jpg.webp","_links":{"self":[{"href":"https:\/\/www.radiopiu.net\/wordpress\/wp-json\/wp\/v2\/posts\/419606","targetHints":{"allow":["GET"]}}],"collection":[{"href":"https:\/\/www.radiopiu.net\/wordpress\/wp-json\/wp\/v2\/posts"}],"about":[{"href":"https:\/\/www.radiopiu.net\/wordpress\/wp-json\/wp\/v2\/types\/post"}],"author":[{"embeddable":true,"href":"https:\/\/www.radiopiu.net\/wordpress\/wp-json\/wp\/v2\/users\/4"}],"replies":[{"embeddable":true,"href":"https:\/\/www.radiopiu.net\/wordpress\/wp-json\/wp\/v2\/comments?post=419606"}],"version-history":[{"count":1,"href":"https:\/\/www.radiopiu.net\/wordpress\/wp-json\/wp\/v2\/posts\/419606\/revisions"}],"predecessor-version":[{"id":419610,"href":"https:\/\/www.radiopiu.net\/wordpress\/wp-json\/wp\/v2\/posts\/419606\/revisions\/419610"}],"wp:featuredmedia":[{"embeddable":true,"href":"https:\/\/www.radiopiu.net\/wordpress\/wp-json\/wp\/v2\/media\/419608"}],"wp:attachment":[{"href":"https:\/\/www.radiopiu.net\/wordpress\/wp-json\/wp\/v2\/media?parent=419606"}],"wp:term":[{"taxonomy":"category","embeddable":true,"href":"https:\/\/www.radiopiu.net\/wordpress\/wp-json\/wp\/v2\/categories?post=419606"},{"taxonomy":"post_tag","embeddable":true,"href":"https:\/\/www.radiopiu.net\/wordpress\/wp-json\/wp\/v2\/tags?post=419606"}],"curies":[{"name":"wp","href":"https:\/\/api.w.org\/{rel}","templated":true}]}}