{"id":419623,"date":"2024-11-14T15:14:20","date_gmt":"2024-11-14T14:14:20","guid":{"rendered":"https:\/\/www.radiopiu.net\/wordpress\/?p=419623"},"modified":"2024-11-15T05:47:03","modified_gmt":"2024-11-15T04:47:03","slug":"la-giornata-nazionale-della-colletta-alimentare-veneto-in-prima-linea","status":"publish","type":"post","link":"https:\/\/www.radiopiu.net\/wordpress\/la-giornata-nazionale-della-colletta-alimentare-veneto-in-prima-linea\/","title":{"rendered":"La Giornata Nazionale della Colletta Alimentare: Veneto in Prima Linea"},"content":{"rendered":"<p>***<\/p>\n<p data-pm-slice=\"1 1 []\">\n<blockquote>\n<p data-pm-slice=\"1 1 []\"><strong><a class=\"dt-pswp-item\" href=\"https:\/\/www.radiopiu.net\/wordpress\/wp-content\/uploads\/2020\/11\/Colletta-Alimentare-foto-2_volontario-2.jpg\" data-dt-img-description=\"\" data-large_image_width=\"1179\" data-large_image_height=\"786\"><img loading=\"lazy\" decoding=\"async\" class=\"size-medium wp-image-174034 alignleft\" src=\"https:\/\/www.radiopiu.net\/wordpress\/wp-content\/uploads\/2020\/11\/Colletta-Alimentare-foto-2_volontario-2-300x200.jpg\" alt=\"\" width=\"300\" height=\"200\" srcset=\"https:\/\/www.radiopiu.net\/wordpress\/wp-content\/uploads\/2020\/11\/Colletta-Alimentare-foto-2_volontario-2-300x200.jpg 300w, https:\/\/www.radiopiu.net\/wordpress\/wp-content\/uploads\/2020\/11\/Colletta-Alimentare-foto-2_volontario-2-1024x683.jpg 1024w, https:\/\/www.radiopiu.net\/wordpress\/wp-content\/uploads\/2020\/11\/Colletta-Alimentare-foto-2_volontario-2-768x512.jpg 768w, https:\/\/www.radiopiu.net\/wordpress\/wp-content\/uploads\/2020\/11\/Colletta-Alimentare-foto-2_volontario-2.jpg 1179w\" sizes=\"auto, (max-width: 300px) 100vw, 300px\" \/><\/a><br \/>\n<\/strong><\/p>\n<\/blockquote>\n<p><strong>VENEZIA<\/strong> Un recente rapporto della Caritas ha rivelato che un italiano su 10 vive in povert\u00e0 estrema, sottolineando l\u2019importanza della ventottesima Giornata Nazionale della Colletta Alimentare, che si terr\u00e0 sabato 16 novembre. In Veneto, 15.000 volontari saranno attivi in 800 supermercati per raccogliere beni di prima necessit\u00e0 da donare a migliaia di persone bisognose. Il Presidente della Regione Veneto, Luca Zaia, ha ricordato che la solidariet\u00e0 della regione si riflette nella partecipazione massiccia e nella storica generosit\u00e0 dei veneti. Si potr\u00e0 contribuire anche online fino al 30 novembre su colletta.bancoalimentare.it. Circa 450 organizzazioni caritative riceveranno gli alimenti raccolti per assistere 87.300 persone indigenti. Zaia ha evidenziato la necessit\u00e0 di prodotti a lunga conservazione come olio, legumi, tonno e alimenti per l\u2019infanzia. Belluno e Treviso fanno capo al Friuli Venezia Giulia, mentre Mantova \u00e8 inclusa nella rete del Veneto.<\/p>\n<p data-pm-slice=\"1 1 []\">\n","protected":false},"excerpt":{"rendered":"<p>*** VENEZIA Un recente rapporto della Caritas ha rivelato che un italiano su 10 vive in povert\u00e0 estrema, sottolineando l\u2019importanza della ventottesima Giornata Nazionale della Colletta Alimentare, che si terr\u00e0 sabato 16 novembre. In Veneto, 15.000 volontari saranno attivi in 800 supermercati per raccogliere beni di prima necessit\u00e0 da donare a migliaia di persone bisognose.&hellip;<\/p>\n","protected":false},"author":4,"featured_media":174034,"comment_status":"closed","ping_status":"closed","sticky":false,"template":"","format":"standard","meta":{"_monsterinsights_skip_tracking":false,"_monsterinsights_sitenote_active":false,"_monsterinsights_sitenote_note":"","_monsterinsights_sitenote_category":0,"footnotes":""},"categories":[104,49],"tags":[],"class_list":["post-419623","post","type-post","status-publish","format-standard","has-post-thumbnail","hentry","category-evidenza_3","category-news-18","category-104","category-49","description-off"],"img_url":"https:\/\/www.radiopiu.net\/wordpress\/wp-content\/uploads\/2020\/11\/Colletta-Alimentare-foto-2_volontario-2.jpg","_links":{"self":[{"href":"https:\/\/www.radiopiu.net\/wordpress\/wp-json\/wp\/v2\/posts\/419623","targetHints":{"allow":["GET"]}}],"collection":[{"href":"https:\/\/www.radiopiu.net\/wordpress\/wp-json\/wp\/v2\/posts"}],"about":[{"href":"https:\/\/www.radiopiu.net\/wordpress\/wp-json\/wp\/v2\/types\/post"}],"author":[{"embeddable":true,"href":"https:\/\/www.radiopiu.net\/wordpress\/wp-json\/wp\/v2\/users\/4"}],"replies":[{"embeddable":true,"href":"https:\/\/www.radiopiu.net\/wordpress\/wp-json\/wp\/v2\/comments?post=419623"}],"version-history":[{"count":1,"href":"https:\/\/www.radiopiu.net\/wordpress\/wp-json\/wp\/v2\/posts\/419623\/revisions"}],"predecessor-version":[{"id":419624,"href":"https:\/\/www.radiopiu.net\/wordpress\/wp-json\/wp\/v2\/posts\/419623\/revisions\/419624"}],"wp:featuredmedia":[{"embeddable":true,"href":"https:\/\/www.radiopiu.net\/wordpress\/wp-json\/wp\/v2\/media\/174034"}],"wp:attachment":[{"href":"https:\/\/www.radiopiu.net\/wordpress\/wp-json\/wp\/v2\/media?parent=419623"}],"wp:term":[{"taxonomy":"category","embeddable":true,"href":"https:\/\/www.radiopiu.net\/wordpress\/wp-json\/wp\/v2\/categories?post=419623"},{"taxonomy":"post_tag","embeddable":true,"href":"https:\/\/www.radiopiu.net\/wordpress\/wp-json\/wp\/v2\/tags?post=419623"}],"curies":[{"name":"wp","href":"https:\/\/api.w.org\/{rel}","templated":true}]}}