{"id":419666,"date":"2024-11-14T20:36:54","date_gmt":"2024-11-14T19:36:54","guid":{"rendered":"https:\/\/www.radiopiu.net\/wordpress\/?p=419666"},"modified":"2024-11-15T05:46:43","modified_gmt":"2024-11-15T04:46:43","slug":"silvia-cestaro-consigliere-regionale-prende-posizione-sul-caso-hotel-ongaro","status":"publish","type":"post","link":"https:\/\/www.radiopiu.net\/wordpress\/silvia-cestaro-consigliere-regionale-prende-posizione-sul-caso-hotel-ongaro\/","title":{"rendered":"SILVIA CESTARO, CONSIGLIERE REGIONALE, PRENDE POSIZIONE SUL CASO HOTEL ONGARO"},"content":{"rendered":"<p>*******<\/p>\n<p>&nbsp;<\/p>\n<p><strong><a class=\"dt-pswp-item\" href=\"https:\/\/www.radiopiu.net\/wordpress\/wp-content\/uploads\/2024\/03\/CESTARO.jpg\" data-dt-img-description=\"\" data-large_image_width=\"810\" data-large_image_height=\"540\"><img loading=\"lazy\" decoding=\"async\" class=\" wp-image-381549 alignleft\" src=\"https:\/\/www.radiopiu.net\/wordpress\/wp-content\/uploads\/2024\/03\/CESTARO-300x200.jpg\" alt=\"\" width=\"189\" height=\"126\" srcset=\"https:\/\/www.radiopiu.net\/wordpress\/wp-content\/uploads\/2024\/03\/CESTARO-300x200.jpg 300w, https:\/\/www.radiopiu.net\/wordpress\/wp-content\/uploads\/2024\/03\/CESTARO-768x512.jpg 768w, https:\/\/www.radiopiu.net\/wordpress\/wp-content\/uploads\/2024\/03\/CESTARO.jpg 810w\" sizes=\"auto, (max-width: 189px) 100vw, 189px\" \/><\/a>REDAZIONE<\/strong> La consigliera regionale Silvia Cestaro entra in merito alla notizia dell&#8217;episodio discriminante da parte del titolare dell&#8217;Hotel Garn\u00ec Ongaro di Selva di Cadore.<\/p>\n<p><strong>SILVIA CESTARO<\/strong><\/p>\n<audio class=\"wp-audio-shortcode\" id=\"audio-419666-1\" preload=\"none\" style=\"width: 100%;\" controls=\"controls\"><source type=\"audio\/mpeg\" src=\"https:\/\/www.radiopiu.net\/wordpress\/wp-content\/uploads\/2024\/11\/CESTARO-ONGARO.mp3?_=1\" \/><a href=\"https:\/\/www.radiopiu.net\/wordpress\/wp-content\/uploads\/2024\/11\/CESTARO-ONGARO.mp3\">https:\/\/www.radiopiu.net\/wordpress\/wp-content\/uploads\/2024\/11\/CESTARO-ONGARO.mp3<\/a><\/audio>\n<p>&nbsp;<\/p>\n<p>&nbsp;<\/p>\n<hr \/>\n<div class=\"flex max-w-full flex-col flex-grow\">\n<div class=\"min-h-8 text-message flex w-full flex-col items-end gap-2 whitespace-normal break-words [.text-message+&amp;]:mt-5\" dir=\"auto\" data-message-author-role=\"assistant\" data-message-id=\"0a5c3cc2-f013-44b6-8ae7-2f51f1750ec7\" data-message-model-slug=\"gpt-4o\">\n<div class=\"flex w-full flex-col gap-1 empty:hidden first:pt-[3px]\">\n<div class=\"markdown prose w-full break-words dark:prose-invert dark\">\n<p><a class=\"dt-pswp-item\" href=\"https:\/\/www.radiopiu.net\/wordpress\/wp-content\/uploads\/2024\/11\/Immagine-WhatsApp-2024-11-14-ore-09.48.29_e8807db3.jpg\" data-dt-img-description=\"\" data-large_image_width=\"928\" data-large_image_height=\"1600\"><img loading=\"lazy\" decoding=\"async\" class=\"size-medium wp-image-419643 alignleft\" src=\"https:\/\/www.radiopiu.net\/wordpress\/wp-content\/uploads\/2024\/11\/Immagine-WhatsApp-2024-11-14-ore-09.48.29_e8807db3-174x300.jpg\" alt=\"\" width=\"174\" height=\"300\" srcset=\"https:\/\/www.radiopiu.net\/wordpress\/wp-content\/uploads\/2024\/11\/Immagine-WhatsApp-2024-11-14-ore-09.48.29_e8807db3-174x300.jpg 174w, https:\/\/www.radiopiu.net\/wordpress\/wp-content\/uploads\/2024\/11\/Immagine-WhatsApp-2024-11-14-ore-09.48.29_e8807db3-594x1024.jpg 594w, https:\/\/www.radiopiu.net\/wordpress\/wp-content\/uploads\/2024\/11\/Immagine-WhatsApp-2024-11-14-ore-09.48.29_e8807db3-768x1324.jpg 768w, https:\/\/www.radiopiu.net\/wordpress\/wp-content\/uploads\/2024\/11\/Immagine-WhatsApp-2024-11-14-ore-09.48.29_e8807db3-891x1536.jpg 891w, https:\/\/www.radiopiu.net\/wordpress\/wp-content\/uploads\/2024\/11\/Immagine-WhatsApp-2024-11-14-ore-09.48.29_e8807db3.jpg 928w\" sizes=\"auto, (max-width: 174px) 100vw, 174px\" \/><\/a><\/p>\n<p>&#8220;Esclusione scioccante nellhotel di SELVA DI CADORE: &#8220;Israele responsabile di genocidio ed \u00e8 bufera&#8221;<\/p>\n<p><strong>SELVA DI CADORE<\/strong> Episodio di discriminazione: il titolare dell&#8217;Hotel Garni Ongaro rifiuta la prenotazione a un gruppo di turisti israeliani, accusandoli di &#8220;genocidio&#8221;. Il messaggio, inviato attraverso la piattaforma di prenotazione, ha provocato forti reazioni, compresa l&#8217;intervento del console israeliano a Roma e la condanna dell&#8217;associazione degli albergatori locali. La vicenda ha scatenato un&#8217;ondata di proteste online, con appelli al boicottaggio dell&#8217;albergo, che \u00e8 stato rimosso da Booking.com ma resta visibile per le recensioni, spesso critiche. Un precedente simile si era verificato a luglio in provincia di Belluno, dove un bed &amp; breakfast aveva risposto con un messaggio antisemita a una famiglia israeliana.<\/p>\n<\/div>\n<p><strong><em><img loading=\"lazy\" decoding=\"async\" class=\"alignleft\" src=\"https:\/\/www.radiopiu.net\/wordpress\/wp-content\/uploads\/2021\/09\/LUCA-LORENZINI.jpg\" width=\"110\" height=\"119\" \/><\/em>Il sindaco di Selva di Cadore, Luca Lorenzini.<\/strong> <em>&#8220;Selva di Cadore \u00e8 una localit\u00e0 turistica e una comunit\u00e0 per sua tradizione accogliente. Leggo pertanto con stupore e rammarico le affermazioni dello staff dell&#8217;albergo in questione, affermazioni che l&#8217;amministrazione comunale stigmatizza e da cui si dissocia totalmente. Ogni discriminazione, in qualsiasi forma i manifesti \u00e8 inacettabile, sbagliata e controproducente&#8221;<\/em><\/p>\n<p>&nbsp;<\/p>\n<p>LA STAMPA ESTERA FRANCIA <strong>I24NEWS<\/strong> <span style=\"color: #0000ff;\"><strong><a style=\"color: #0000ff;\" href=\"https:\/\/www.i24news.tv\/fr\/actu\/international\/europe\/artc-italie-un-hotelier-interdit-son-etablissement-aux-israeliens-les-accusant-de-genocide\">CLICCA QUI<\/a><\/strong><\/span><\/p>\n<\/div>\n<\/div>\n<\/div>\n<div class=\"mb-2 flex gap-3 empty:hidden -ml-2\">\n<div class=\"items-center justify-start rounded-xl p-1 flex\">\n<div class=\"flex items-center\">\n<div class=\"flex\">RICEVIAMO E PUBBLICHIAMO<\/div>\n<p>Gentile Redazione,<\/p>\n<p>Desidero portare alla vostra attenzione un episodio che ritengo particolarmente grave, riguardante un presunto atto di discriminazione e antisemitismo da parte di una struttura alberghiera italiana. Come da screenshot allegato, l\u2019Hotel Garni Ongaro di Selva di Cadore avrebbe inviato un messaggio a clienti israeliani, prenotatisi tramite la piattaforma Booking.com, in cui dichiarava che &#8220;non sono clienti graditi in quanto responsabili di genocidio&#8221;. Qualora questa comunicazione fosse confermata, ci troveremmo di fronte a una violazione grave dei principi di rispetto, uguaglianza e accoglienza, nonch\u00e9 a un evidente caso di antisemitismo, fenomeno che dovrebbe essere unanimemente condannato. Auspico un\u2019indagine approfondita su questo caso da parte delle autorit\u00e0 competenti e una presa di posizione chiara da parte di tutte le istituzioni e le associazioni di categoria del settore turistico. Chiedo cortesemente alla vostra redazione di approfondire e verificare i fatti, per dare voce alla preoccupazione che episodi simili suscitano nella nostra societ\u00e0 e contribuire a sensibilizzare l\u2019opinione pubblica su un tema cos\u00ec delicato.<\/p>\n<p>Michele Desenzani<\/p>\n<\/div>\n<p>___<\/p>\n<\/div>\n<p>&nbsp;<\/p>\n<p>&nbsp;<\/p>\n<blockquote>\n<h1>TURISTI ISRAELIANI RIFIUTATI A SELVA DI CADORE. ZAIA TURBATO E ALLIBITO<\/h1>\n<p><em>Per la seconda volta in pochi mesi, dopo un episodio analogo registrato lo scorso luglio, da una struttura ricettiva del Cadore giunge un messaggio di rifiuto all&#8217;accoglienza di turisti israeliani. Nello spazio del portale di Booking.com riservato ai singoli utenti il gestore dell&#8217;Hotel Garni Ongaro, di Selva di Cadore (Belluno), ha informato la clientela di non gradire la presenza di rappresentanti del popolo israeliano &#8220;in quanto responsabili del genocidio.<\/em><\/p><\/blockquote>\n<p><strong><a class=\"dt-pswp-item\" href=\"https:\/\/www.radiopiu.net\/wordpress\/wp-content\/uploads\/2024\/08\/LUCA-ZAIA-COPERTINA.jpg\" data-dt-img-description=\"\" data-large_image_width=\"1600\" data-large_image_height=\"1143\"><img loading=\"lazy\" decoding=\"async\" class=\" wp-image-403496 alignleft\" src=\"https:\/\/www.radiopiu.net\/wordpress\/wp-content\/uploads\/2024\/08\/LUCA-ZAIA-COPERTINA-300x214.jpg\" alt=\"\" width=\"198\" height=\"141\" \/><\/a>VENEZIA <\/strong>\u201cIn attesa di conoscere qualcosa di pi\u00f9 su una notizia che, se sar\u00e0 confermata, \u00e8 di estrema gravit\u00e0, mi sento profondamente turbato e resto allibito per quanto \u00e8 accaduto. Il Veneto deve garantire le porte aperte a tutti. Continuo a sperare che quanto riportato non sia vero, poich\u00e9 l\u2019ospitalit\u00e0 veneta non \u00e8 questa. Credo fermamente che la nostra offerta turistica debba essere inclusiva, apolitica e rispettosa di tutti. L\u2019ho sottolineato pi\u00f9 volte e ribadisco che episodi del genere sono inaccettabili: il Veneto non \u00e8 questo. Da secoli, siamo un popolo aperto al mondo e rispettoso delle identit\u00e0 altrui. La Repubblica Veneta \u00e8 stata un esempio di integrazione, ospitando comunit\u00e0 come quella ebraica e favorendo una contaminazione culturale anche con il Medioriente e il mondo arabo che ha arricchito non solo il Veneto, ma l\u2019intero Paese\u201d. Con queste parole il presidente della Regione del Veneto, Luca Zaia, esprime desolazione dopo la notizia che un gruppo di turisti israeliani non sarebbe stato considerato ben accetto da una struttura alberghiera di Selva di Cadore (Belluno) con l\u2019accusa di essere \u201cresponsabili di genocidio\u201d. \u201cNostro compito non \u00e8 chiudere le porte ma \u00e8 aprirle \u2013 aggiunge il Governatore -. Sarebbe un onore se il Veneto potesse accogliere le due comunit\u00e0 in conflitto, israeliani e palestinesi, offrendo loro uno spazio per incontrarsi e dialogare, con l\u2019obiettivo di promuovere la pace proprio nella nostra Terra. Qui entrano in gioco tre aspetti fondamentali. Primo, il valore dell\u2019ospitalit\u00e0: l\u2019etimologia stessa ci ricorda che ospitare significa offrire accoglienza e rispetto reciproco tra chi ospita e chi \u00e8 ospitato. Secondo, il legame con la comunit\u00e0 locale, che vive dell\u2019accoglienza turistica, il cui valore deve restare immutato, come esempio di inclusivit\u00e0 e pacifica convivenza. E infine, penso ai nostri giovani, a cui \u00e8 sempre pi\u00f9 difficile trasmettere messaggi di pace, di inclusione e di rispetto reciproco. Per questo, \u00e8 un nostro dovere non solo essere un punto di riferimento, ma anche comunicare chiaramente questi valori\u201d. \u201cAbbiamo una responsabilit\u00e0 educativa non solo come veneti, ma anche come regione turisticamente rilevante, con oltre 73 milioni di presenze l\u2019anno, di cui il 66% rappresentato da turisti stranieri \u2013 conclude Zaia -. Custodiamo il privilegio di ospitare la citt\u00e0 pi\u00f9 bella del mondo, Venezia, ed \u00e8 nostro dovere tracciare la via dell\u2019accoglienza. Che sia israeliano, palestinese o di qualsiasi altra nazionalit\u00e0, ogni turista deve sentirsi accolto e rispettato, perch\u00e9 questo \u00e8 il vero senso dell\u2019ospitalit\u00e0. L\u2019ospite \u00e8 sovrano: non c\u2019\u00e8 posto per discriminazioni legate a convinzioni personali, politiche, colore della pelle, religione, orientamenti sentimentali o di genere\u201d.<\/p>\n<p>&nbsp;<\/p>\n<p>&nbsp;<\/p>\n<blockquote>\n<h1><a class=\"dt-pswp-item\" href=\"https:\/\/www.radiopiu.net\/wordpress\/wp-content\/uploads\/2018\/11\/PD.png\" data-dt-img-description=\"\" data-large_image_width=\"226\" data-large_image_height=\"182\"><img loading=\"lazy\" decoding=\"async\" class=\"size-full wp-image-67744 alignleft\" src=\"https:\/\/www.radiopiu.net\/wordpress\/wp-content\/uploads\/2018\/11\/PD.png\" alt=\"\" width=\"226\" height=\"182\" \/><\/a>Martella: \u00abCondanniamo grave episodio di razzismo\u00bb<\/h1>\n<\/blockquote>\n<p><strong>VENEZIA\u00a0 <\/strong>\u00abIl messaggio dell\u2019albergatore di Selva di Cadore, se verr\u00e0 confermato nei termini denunciati dalla comunit\u00e0 ebraica, \u00e8 grave e va condannato con forza\u00bb. Cos\u00ec il segretario del PD Veneto, <strong>Andrea Martella<\/strong>, in merito alla polemica esplosa nel Bellunese. <em>\u00abRifiutare ospitalit\u00e0 a un gruppo di turisti solo perch\u00e9 israeliani, e giustificarsi denunciando i massacri in corso a Gaza, \u00e8 una manifestazione da manuale di razzismo. Denunciamo anche in questa occasione ogni forma di antisemitismo, che rischia di alimentare un clima di preoccupante intolleranza. Come continuiamo ad auspicare il ritorno alla ragione, al dialogo, all\u2019umanit\u00e0. Le Dolomiti e il Veneto sono e rimangono terra di accoglienza e di apertura al mondo, non di odio e chiusura\u00bb,<\/em> conclude il senatore Martella.<\/p>\n<div class=\"mb-2 flex gap-3 empty:hidden -ml-2\">\n<div class=\"items-center justify-start rounded-xl p-1 flex\">\n<div class=\"flex items-center\">\n<div><\/div>\n<div><\/div>\n<div>\n<blockquote>\n<h2>CASO HOTEL SELVA DI CADORE: LA REAZIONE DEL PRESIDENTE DELLA PROVINCIA ROBERTO PADRIN<\/h2>\n<\/blockquote>\n<p><strong><a class=\"dt-pswp-item\" href=\"https:\/\/www.radiopiu.net\/wordpress\/wp-content\/uploads\/2023\/04\/PADRIN.jpeg\" data-dt-img-description=\"\" data-large_image_width=\"1110\" data-large_image_height=\"648\"><img loading=\"lazy\" decoding=\"async\" class=\" wp-image-330720 alignleft\" src=\"https:\/\/www.radiopiu.net\/wordpress\/wp-content\/uploads\/2023\/04\/PADRIN-300x175.jpeg\" alt=\"\" width=\"202\" height=\"118\" srcset=\"https:\/\/www.radiopiu.net\/wordpress\/wp-content\/uploads\/2023\/04\/PADRIN-300x175.jpeg 300w, https:\/\/www.radiopiu.net\/wordpress\/wp-content\/uploads\/2023\/04\/PADRIN-1024x598.jpeg 1024w, https:\/\/www.radiopiu.net\/wordpress\/wp-content\/uploads\/2023\/04\/PADRIN-768x448.jpeg 768w, https:\/\/www.radiopiu.net\/wordpress\/wp-content\/uploads\/2023\/04\/PADRIN.jpeg 1110w\" sizes=\"auto, (max-width: 202px) 100vw, 202px\" \/><\/a>BELLUNO <\/strong>\u00abL\u2019ospitalit\u00e0 di un territorio che crede fortemente nel turismo non pu\u00f2 essere intaccata da singoli episodi &#8211; da verificare e dimostrare &#8211; di discriminazione. Lo scenario delle Dolomiti bellunesi sia di stimolo a farsi portatori e amplificatori di bellezza\u00bb. Cos\u00ec il presidente della Provincia di Belluno, Roberto Padrin, nel leggere il lancio di agenzia relativo a una struttura ricettiva di Selva di Cadore che avrebbe &#8211; condizionale d\u2019obbligo fino a verifica completa della faccenda &#8211; respinto un gruppo di israeliani come turisti non ben accetti. \u00abLa cultura dell\u2019accoglienza di cui le nostre genti sono portatrici da sempre stride fortemente con un episodio di intolleranza che ho letto. Credo vadano fatte tutte le verifiche del caso, e spero si tratti di uno spiacevolissimo equivoco. Ma mi sento fin d\u2019ora di condannare tutto ci\u00f2 che cozza contro lo spirito dell\u2019ospitalit\u00e0. Respingere un gruppo di persone per la loro nazionalit\u00e0 non fa parte della nostra cultura bellunese di provincia accogliente\u00bb. \u00abUn territorio che crede nella vocazione turistica \u00e8 portato per natura all\u2019internazionalit\u00e0 e all\u2019apertura\u00bb aggiunge la consigliera provinciale delegata al turismo, Vanessa De Francesch. \u00abE lo dicono i numeri: nel 2023 i turisti stranieri sono stati quasi 550mila, per oltre 1 milione e mezzo di presenze, vale a dire la met\u00e0 dei visitatori del Bellunese. Questi dati dimostrano quanto il territorio sia aperto e ospitale. E non pu\u00f2 un singolo episodio &#8211; come ha detto il presidente, da dimostrare &#8211; intaccare il buon nome e il buon lavoro di centinaia di operatori del turismo\u00bb.<\/p>\n<\/div>\n<\/div>\n<\/div>\n<\/div>\n<div><\/div>\n<p>&nbsp;<\/p>\n<p>&nbsp;<\/p>\n<\/div>\n<p>********<\/p>\n","protected":false},"excerpt":{"rendered":"<p>******* &nbsp; REDAZIONE La consigliera regionale Silvia Cestaro entra in merito alla notizia dell&#8217;episodio discriminante da parte del titolare dell&#8217;Hotel Garn\u00ec Ongaro di Selva di Cadore. SILVIA CESTARO &nbsp; &nbsp; &#8220;Esclusione scioccante nellhotel di SELVA DI CADORE: &#8220;Israele responsabile di genocidio ed \u00e8 bufera&#8221; SELVA DI CADORE Episodio di discriminazione: il titolare dell&#8217;Hotel Garni Ongaro&hellip;<\/p>\n","protected":false},"author":4,"featured_media":381549,"comment_status":"closed","ping_status":"closed","sticky":false,"template":"","format":"standard","meta":{"_monsterinsights_skip_tracking":false,"_monsterinsights_sitenote_active":false,"_monsterinsights_sitenote_note":"","_monsterinsights_sitenote_category":0,"footnotes":""},"categories":[51,49],"tags":[],"class_list":["post-419666","post","type-post","status-publish","format-standard","has-post-thumbnail","hentry","category-evidenza-top","category-news-18","category-51","category-49","description-off"],"img_url":"https:\/\/www.radiopiu.net\/wordpress\/wp-content\/uploads\/2024\/03\/CESTARO.jpg","_links":{"self":[{"href":"https:\/\/www.radiopiu.net\/wordpress\/wp-json\/wp\/v2\/posts\/419666","targetHints":{"allow":["GET"]}}],"collection":[{"href":"https:\/\/www.radiopiu.net\/wordpress\/wp-json\/wp\/v2\/posts"}],"about":[{"href":"https:\/\/www.radiopiu.net\/wordpress\/wp-json\/wp\/v2\/types\/post"}],"author":[{"embeddable":true,"href":"https:\/\/www.radiopiu.net\/wordpress\/wp-json\/wp\/v2\/users\/4"}],"replies":[{"embeddable":true,"href":"https:\/\/www.radiopiu.net\/wordpress\/wp-json\/wp\/v2\/comments?post=419666"}],"version-history":[{"count":7,"href":"https:\/\/www.radiopiu.net\/wordpress\/wp-json\/wp\/v2\/posts\/419666\/revisions"}],"predecessor-version":[{"id":419711,"href":"https:\/\/www.radiopiu.net\/wordpress\/wp-json\/wp\/v2\/posts\/419666\/revisions\/419711"}],"wp:featuredmedia":[{"embeddable":true,"href":"https:\/\/www.radiopiu.net\/wordpress\/wp-json\/wp\/v2\/media\/381549"}],"wp:attachment":[{"href":"https:\/\/www.radiopiu.net\/wordpress\/wp-json\/wp\/v2\/media?parent=419666"}],"wp:term":[{"taxonomy":"category","embeddable":true,"href":"https:\/\/www.radiopiu.net\/wordpress\/wp-json\/wp\/v2\/categories?post=419666"},{"taxonomy":"post_tag","embeddable":true,"href":"https:\/\/www.radiopiu.net\/wordpress\/wp-json\/wp\/v2\/tags?post=419666"}],"curies":[{"name":"wp","href":"https:\/\/api.w.org\/{rel}","templated":true}]}}