{"id":419700,"date":"2024-11-16T06:01:48","date_gmt":"2024-11-16T05:01:48","guid":{"rendered":"https:\/\/www.radiopiu.net\/wordpress\/?p=419700"},"modified":"2024-11-16T09:49:27","modified_gmt":"2024-11-16T08:49:27","slug":"giornale-radiopiu-16-novembre-2024-direttore-mirko-mezzacasada-41-anni-25-giugno-1983-25-giugno-2024","status":"publish","type":"post","link":"https:\/\/www.radiopiu.net\/wordpress\/giornale-radiopiu-16-novembre-2024-direttore-mirko-mezzacasada-41-anni-25-giugno-1983-25-giugno-2024\/","title":{"rendered":"GIORNALE RADIOPIU 16 NOVEMBRE 2024 DIRETTORE MIRKO MEZZACASA\u2026DA 41 ANNI 25 GIUGNO 1983-25 GIUGNO 2024"},"content":{"rendered":"<p>*******<\/p>\n<p>&nbsp;<\/p>\n<p>&nbsp;<\/p>\n<p><em><span style=\"color: #ff0000;\"><a class=\"dt-pswp-item\" href=\"https:\/\/www.radiopiu.net\/wordpress\/wp-content\/uploads\/2024\/10\/Senza-nome-8.png\" data-dt-img-description=\"\" data-large_image_width=\"343\" data-large_image_height=\"303\"><img loading=\"lazy\" decoding=\"async\" class=\"wp-image-412130 alignleft\" src=\"https:\/\/www.radiopiu.net\/wordpress\/wp-content\/uploads\/2024\/10\/Senza-nome-8-300x265.png\" alt=\"\" width=\"105\" height=\"93\" srcset=\"https:\/\/www.radiopiu.net\/wordpress\/wp-content\/uploads\/2024\/10\/Senza-nome-8-300x265.png 300w, https:\/\/www.radiopiu.net\/wordpress\/wp-content\/uploads\/2024\/10\/Senza-nome-8.png 343w\" sizes=\"auto, (max-width: 105px) 100vw, 105px\" \/><\/a><\/span><\/em><strong><em><span style=\"color: #ff0000;\"> LA\u00a0 APP PER IOS-IPHONE di Nicola Vettorello<\/span><\/em><\/strong><\/p>\n<p><strong><span style=\"color: #0000ff;\"><a style=\"color: #0000ff;\" href=\"https:\/\/apps.apple.com\/it\/app\/radio-pi%C3%B9-emittente-agordina\/id1515939845\">https:\/\/apps.apple.com\/it\/app\/radio-pi%C3%B9-emittente-agordina\/id1515939845<\/a><\/span><\/strong><\/p>\n<p><strong><em style=\"color: #ff0000;\">LA\u00a0 APP RADIO\u00a0 PER ANDROID di Nicola Vettorello<\/em><\/strong><\/p>\n<p><strong><span style=\"color: #0000ff;\"><a style=\"color: #0000ff;\" href=\"https:\/\/play.google.com\/store\/apps\/details?id=net.radiopiu.iniko\" target=\"_blank\" rel=\"noopener noreferrer\">https:\/\/<\/a><a style=\"color: #0000ff;\" href=\"https:\/\/play.google.com\/store\/apps\/details?id=net.radiopiu.iniko\" target=\"_blank\" rel=\"noopener noreferrer\">play.google.com\/store\/apps\/details?id=net.radiopiu.iniko\u00a0\u00a0\u00a0<\/a><\/span><\/strong><\/p>\n<p>&nbsp;<\/p>\n<p>&nbsp;<\/p>\n<hr \/>\n<p>&nbsp;<\/p>\n<h2 style=\"text-align: center;\"><span style=\"color: #ff0000;\">IERI SERA LA SUPERLUNA<\/span><\/h2>\n<p><strong>DI MARIO DE MARCO<\/strong><\/p>\n<p>La superluna detta dai nativi americani del castoro la pi\u00f9 luminosa dell&#8217;anno in questo scatto incastonato come una perla tra le guglie delle nostre montagne<\/p>\n<p><a class=\"dt-pswp-item\" href=\"https:\/\/www.radiopiu.net\/wordpress\/wp-content\/uploads\/2024\/11\/993b8942-fb4e-4b9d-b2de-e4a366db33f6.jpg\" data-dt-img-description=\"\" data-large_image_width=\"1868\" data-large_image_height=\"1113\"><img loading=\"lazy\" decoding=\"async\" class=\"alignnone wp-image-419869 size-large\" src=\"https:\/\/www.radiopiu.net\/wordpress\/wp-content\/uploads\/2024\/11\/993b8942-fb4e-4b9d-b2de-e4a366db33f6-1024x610.jpg\" alt=\"\" width=\"1024\" height=\"610\" srcset=\"https:\/\/www.radiopiu.net\/wordpress\/wp-content\/uploads\/2024\/11\/993b8942-fb4e-4b9d-b2de-e4a366db33f6-1024x610.jpg 1024w, https:\/\/www.radiopiu.net\/wordpress\/wp-content\/uploads\/2024\/11\/993b8942-fb4e-4b9d-b2de-e4a366db33f6-300x179.jpg 300w, https:\/\/www.radiopiu.net\/wordpress\/wp-content\/uploads\/2024\/11\/993b8942-fb4e-4b9d-b2de-e4a366db33f6-768x458.jpg 768w, https:\/\/www.radiopiu.net\/wordpress\/wp-content\/uploads\/2024\/11\/993b8942-fb4e-4b9d-b2de-e4a366db33f6-1536x915.jpg 1536w, https:\/\/www.radiopiu.net\/wordpress\/wp-content\/uploads\/2024\/11\/993b8942-fb4e-4b9d-b2de-e4a366db33f6.jpg 1868w\" sizes=\"auto, (max-width: 1024px) 100vw, 1024px\" \/><\/a><\/p>\n<p>&nbsp;<\/p>\n<hr \/>\n<p>&nbsp;<\/p>\n<p><strong><a class=\"dt-pswp-item\" href=\"https:\/\/www.radiopiu.net\/wordpress\/wp-content\/uploads\/2024\/11\/formula_3_loc.jpg\" data-dt-img-description=\"\" data-large_image_width=\"600\" data-large_image_height=\"821\"><img loading=\"lazy\" decoding=\"async\" class=\" wp-image-419609 alignleft\" src=\"https:\/\/www.radiopiu.net\/wordpress\/wp-content\/uploads\/2024\/11\/formula_3_loc-219x300.jpg\" alt=\"\" width=\"129\" height=\"177\" srcset=\"https:\/\/www.radiopiu.net\/wordpress\/wp-content\/uploads\/2024\/11\/formula_3_loc-219x300.jpg 219w, https:\/\/www.radiopiu.net\/wordpress\/wp-content\/uploads\/2024\/11\/formula_3_loc.jpg 600w\" sizes=\"auto, (max-width: 129px) 100vw, 129px\" \/><\/a>OGGI ALLA RADIO&#8230;.<\/strong> <span style=\"color: #ff0000;\">ALLE 4 E ALLE 6<\/span> LE NOTIZIE DALL&#8217;ITALIA E DAL MONDO <span style=\"color: #ff0000;\"> 0500 <span style=\"color: #0000ff;\"><span style=\"color: #000000;\">l&#8217;almanacco della nostra gente con il MUSLA<\/span>\u00a0<\/span><\/span><span style=\"color: #ff0000;\"> 6.15<\/span> PIROLE DE LENGA A CURA DEL MUSLA <span style=\"color: #ff0000;\">7.20<\/span> EL BAL DEL FIORI, DETTI E TRADIZIONI DI GIULIANA DA RONCH <span style=\"color: #ff0000;\">8.05<\/span> LA RASSEGNA STAMPA LOCALE<span style=\"color: #ff0000;\"> 8.30 <span style=\"color: #000000;\">WEEK END, MARINA C&#8217;E&#8217;\u00a0\u00a0<\/span> 900\u00a0<\/span><span style=\"color: #ff0000;\"><span style=\"color: #000000;\"> premier le novita&#8217; musicali di Marco Gaz <\/span><span style=\"color: #0000ff;\">\u00a0<\/span><\/span><span style=\"color: #ff0000;\"><span style=\"color: #000000;\">\u00a0<\/span><\/span><span style=\"color: #ff0000;\">9.40<\/span> VIABILITA&#8217; CON BOTOL CAR SERVICE (AGORDO-SEDICO-FELTRE)\u00a0 \u00a0<span style=\"color: #ff0000;\">10.30 <span style=\"color: #000000;\">LA RASSEGNA STAMPA DA L&#8217;AMICO DEL POPOLO DI GIANNI SANTOMASO<\/span><\/span><span style=\"color: #ff0000;\"><span style=\"color: #000000;\">\u00a0<\/span>\u00a0 11.10 <span style=\"color: #000000;\">PIU&#8217; MUSICA, MARINA<\/span> <\/span><span style=\"color: #ff0000;\">11.40<\/span> FESTIVALBAR STORY DI ATHOS DJ DAVID BEN\u00a0 \u00a0 <span style=\"color: #ff0000;\">12.00<\/span> VA TUTTO LISCIO\u00a0 <span style=\"color: #ff0000;\">12.30<\/span> GIORNALE RADIO PRINCIPALE\u00a0 \u00a0 <span style=\"color: #ff0000;\">14.00<\/span> ELETTROCHOC CON DJ JACK <span style=\"color: #ff0000;\">15.10<\/span>\u00a0 LA CLASSIFICA UFFICIALE DI RADIOPIU, DI MARCO GAZ <span style=\"color: #ff0000;\">16<\/span> IL ROCK DI MARCO COSTANTINI\u00a0 <span style=\"color: #ff0000;\">1645<\/span> LE HIT DI MIRCO BENCIVENNI <span style=\"color: #ff0000;\">18.00<\/span> PIU&#8217; DANCE LE SELEZIONI CHE FANNO SALTARE DI DJ JACK, JACOPO DEL TEDESCO <span style=\"color: #ff0000;\">18.10\u00a0<\/span> <span style=\"color: #000000;\">REGGAETON CON DAVID BEN <\/span><span style=\"color: #ff0000;\">19.00 <span style=\"color: #000000;\">LE ANTICIPAZIONI DAL TG DI ANTENNA 3 DI TIZIANA BOLOGNANI 20.30 HOCKEY AL PUNTO GIUSTO, LA DIRETTA DI ALLEGHE &#8211; CALDARO<\/span><\/span><\/p>\n<p>&nbsp;<\/p>\n<p><strong>rassegna stampa nazionale,<\/strong> ogni giorno alle 5 e alle 6 del mattino<br \/>\ngiornali locali 7 rassegna stampa flash, 8 rassegna stampa, gr flash alle 10 e alle 11, principale 12.30. Informazione pomeriggio alle 15 (speciale) 16, 17, 18. Giornale radio nazionale: ogni ora dalle 5 del mattino, alle 20 della sera.<\/p>\n<p>&nbsp;<\/p>\n<p>&nbsp;<\/p>\n<hr \/>\n<p>&nbsp;<\/p>\n<p>&nbsp;<\/p>\n<div class=\"x11i5rnm xat24cr x1mh8g0r x1vvkbs xtlvy1s x126k92a\">\n<div dir=\"auto\">\n<div dir=\"auto\">\n<p><strong><a class=\"dt-pswp-item\" href=\"https:\/\/www.radiopiu.net\/wordpress\/wp-content\/uploads\/2024\/02\/2d44e751-d8a8-461b-8e22-d8e4e853b032.jpg\" data-dt-img-description=\"\" data-large_image_width=\"1600\" data-large_image_height=\"1200\"><img loading=\"lazy\" decoding=\"async\" class=\"wp-image-373307 alignleft\" src=\"https:\/\/www.radiopiu.net\/wordpress\/wp-content\/uploads\/2024\/02\/2d44e751-d8a8-461b-8e22-d8e4e853b032-300x225.jpg\" alt=\"\" width=\"105\" height=\"79\" srcset=\"https:\/\/www.radiopiu.net\/wordpress\/wp-content\/uploads\/2024\/02\/2d44e751-d8a8-461b-8e22-d8e4e853b032-300x225.jpg 300w, https:\/\/www.radiopiu.net\/wordpress\/wp-content\/uploads\/2024\/02\/2d44e751-d8a8-461b-8e22-d8e4e853b032-1024x768.jpg 1024w, https:\/\/www.radiopiu.net\/wordpress\/wp-content\/uploads\/2024\/02\/2d44e751-d8a8-461b-8e22-d8e4e853b032-768x576.jpg 768w, https:\/\/www.radiopiu.net\/wordpress\/wp-content\/uploads\/2024\/02\/2d44e751-d8a8-461b-8e22-d8e4e853b032-1536x1152.jpg 1536w, https:\/\/www.radiopiu.net\/wordpress\/wp-content\/uploads\/2024\/02\/2d44e751-d8a8-461b-8e22-d8e4e853b032.jpg 1600w\" sizes=\"auto, (max-width: 105px) 100vw, 105px\" \/><\/a>EL BAL DEL FIOR, DI GIULIANA DA RONCH, 16 NOVEMBRE<\/strong><strong>\u00a02024<\/strong><\/p>\n<\/div>\n<\/div>\n<\/div>\n<div>\n<audio class=\"wp-audio-shortcode\" id=\"audio-419700-1\" preload=\"none\" style=\"width: 100%;\" controls=\"controls\"><source type=\"audio\/mpeg\" src=\"https:\/\/www.radiopiu.net\/wordpress\/wp-content\/uploads\/2024\/11\/GSA-1.mp3?_=1\" \/><a href=\"https:\/\/www.radiopiu.net\/wordpress\/wp-content\/uploads\/2024\/11\/GSA-1.mp3\">https:\/\/www.radiopiu.net\/wordpress\/wp-content\/uploads\/2024\/11\/GSA-1.mp3<\/a><\/audio>\n<p>&nbsp;<\/p>\n<\/div>\n<hr \/>\n<p>&nbsp;<\/p>\n<p>&nbsp;<\/p>\n<div class=\"x11i5rnm xat24cr x1mh8g0r x1vvkbs xtlvy1s x126k92a\">\n<h1><span style=\"color: #ff0000;\"><a class=\"dt-pswp-item\" href=\"https:\/\/www.radiopiu.net\/wordpress\/wp-content\/uploads\/2024\/06\/th-5.jpg\" data-dt-img-description=\"\" data-large_image_width=\"326\" data-large_image_height=\"180\"><img loading=\"lazy\" decoding=\"async\" class=\"size-medium wp-image-395881 alignleft\" src=\"https:\/\/www.radiopiu.net\/wordpress\/wp-content\/uploads\/2024\/06\/th-5-300x166.jpg\" alt=\"\" width=\"300\" height=\"166\" srcset=\"https:\/\/www.radiopiu.net\/wordpress\/wp-content\/uploads\/2024\/06\/th-5-300x166.jpg 300w, https:\/\/www.radiopiu.net\/wordpress\/wp-content\/uploads\/2024\/06\/th-5.jpg 326w\" sizes=\"auto, (max-width: 300px) 100vw, 300px\" \/><\/a><\/span><\/h1>\n<h1><\/h1>\n<h1><\/h1>\n<h1><span style=\"color: #000000;\">16 NOVEMBRE&#8230; alla radio l&#8217;almanacco\u00a0<\/span><\/h1>\n<\/div>\n<div class=\"x11i5rnm xat24cr x1mh8g0r x1vvkbs xtlvy1s x126k92a\">\n<audio class=\"wp-audio-shortcode\" id=\"audio-419700-2\" preload=\"none\" style=\"width: 100%;\" controls=\"controls\"><source type=\"audio\/mpeg\" src=\"https:\/\/www.radiopiu.net\/wordpress\/wp-content\/uploads\/2024\/11\/ALMANACCONEW-12.mp3?_=2\" \/><a href=\"https:\/\/www.radiopiu.net\/wordpress\/wp-content\/uploads\/2024\/11\/ALMANACCONEW-12.mp3\">https:\/\/www.radiopiu.net\/wordpress\/wp-content\/uploads\/2024\/11\/ALMANACCONEW-12.mp3<\/a><\/audio>\n<p>&nbsp;<\/p>\n<p>&nbsp;<\/p>\n<hr \/>\n<p>&nbsp;<\/p>\n<p>&nbsp;<\/p>\n<blockquote>\n<h1><strong><a class=\"dt-pswp-item\" href=\"https:\/\/www.radiopiu.net\/wordpress\/wp-content\/uploads\/2024\/10\/629301fd-708d-4f53-95c2-d28cbefd500f.jpg\" data-dt-img-description=\"\" data-large_image_width=\"1600\" data-large_image_height=\"1322\"><img loading=\"lazy\" decoding=\"async\" class=\"wp-image-413782 alignleft\" src=\"https:\/\/www.radiopiu.net\/wordpress\/wp-content\/uploads\/2024\/10\/629301fd-708d-4f53-95c2-d28cbefd500f-300x248.jpg\" alt=\"\" width=\"186\" height=\"154\" srcset=\"https:\/\/www.radiopiu.net\/wordpress\/wp-content\/uploads\/2024\/10\/629301fd-708d-4f53-95c2-d28cbefd500f-300x248.jpg 300w, https:\/\/www.radiopiu.net\/wordpress\/wp-content\/uploads\/2024\/10\/629301fd-708d-4f53-95c2-d28cbefd500f-1024x846.jpg 1024w, https:\/\/www.radiopiu.net\/wordpress\/wp-content\/uploads\/2024\/10\/629301fd-708d-4f53-95c2-d28cbefd500f-768x635.jpg 768w, https:\/\/www.radiopiu.net\/wordpress\/wp-content\/uploads\/2024\/10\/629301fd-708d-4f53-95c2-d28cbefd500f-1536x1269.jpg 1536w, https:\/\/www.radiopiu.net\/wordpress\/wp-content\/uploads\/2024\/10\/629301fd-708d-4f53-95c2-d28cbefd500f.jpg 1600w\" sizes=\"auto, (max-width: 186px) 100vw, 186px\" \/><\/a>N di parom &#8211; L Almanach de la nosta jent<\/strong><\/h1>\n<\/blockquote>\n<p>Le voci: Davide Conedera, Agordo, Michela Dell&#8217;Osbel, La Valle Agordina Simone Ganz, Falcade Veronica Lezuo, Colle Santa Lucia. La voce nella sigla \u00e8 di Giorgia Taio<\/p>\n<p><strong>LA PUNTATA DI OGGI, 16 NOVEMBRE<\/strong><\/p>\n<div class=\"x11i5rnm xat24cr x1mh8g0r x1vvkbs xtlvy1s x126k92a\">\n<audio class=\"wp-audio-shortcode\" id=\"audio-419700-3\" preload=\"none\" style=\"width: 100%;\" controls=\"controls\"><source type=\"audio\/mpeg\" src=\"https:\/\/www.radiopiu.net\/wordpress\/wp-content\/uploads\/2024\/11\/16_november_Veronica.mp3?_=3\" \/><a href=\"https:\/\/www.radiopiu.net\/wordpress\/wp-content\/uploads\/2024\/11\/16_november_Veronica.mp3\">https:\/\/www.radiopiu.net\/wordpress\/wp-content\/uploads\/2024\/11\/16_november_Veronica.mp3<\/a><\/audio>\n<\/div>\n<\/div>\n<div class=\"x11i5rnm xat24cr x1mh8g0r x1vvkbs xtlvy1s x126k92a\">\n<p>&nbsp;<\/p>\n<div dir=\"auto\">\n<hr \/>\n<\/div>\n<\/div>\n<blockquote>\n<blockquote>\n<h1><span style=\"color: #ff0000;\">\u00a0<\/span><\/h1>\n<h1><span style=\"color: #ff0000;\">I podcast informativi del mattino &#8211; audio &#8211;\u00a0\u00a0<\/span><\/h1>\n<\/blockquote>\n<p><strong><a class=\"dt-pswp-item\" href=\"https:\/\/www.radiopiu.net\/wordpress\/wp-content\/uploads\/2024\/11\/6.jpg\" data-dt-img-description=\"\" data-large_image_width=\"177\" data-large_image_height=\"180\"><img loading=\"lazy\" decoding=\"async\" class=\"size-full wp-image-417911 alignleft\" src=\"https:\/\/www.radiopiu.net\/wordpress\/wp-content\/uploads\/2024\/11\/6.jpg\" alt=\"\" width=\"177\" height=\"180\" \/><\/a>LA RASSEGNA STAMPA NAZIONALE ALLA RADIO, OGNI GIORNO ALLE 5 E ALLE 6 DEL MATTINO <span style=\"color: #0000ff;\">viene pubblicata alle 6.00 <span style=\"color: #ff0000;\">DIRETTA RADIO\u00a0 \u00a0\u00a0<\/span><\/span><\/strong><\/p><\/blockquote>\n<p>&nbsp;<\/p>\n<p><strong>NOTIZIE DELLA NOTTE<\/strong><\/p>\n<p><strong>&#8216;Super tifon<\/strong>e&#8217; Man-yi verso le Filippine, oltre 250mila evacuati<br \/>\n<strong>Giappone a Cina<\/strong>,&#8217;seria preoccupazione&#8217; su Mar cinese meridionale<br \/>\n<strong>Trump<\/strong> nomina Karoline Leavitt portavoce della Casa Bianca <strong>Famiglia di Malco<\/strong>m X fa causa a Cia, Fbi e polizia di New York <strong>Staff Trump<\/strong> valuta futuro di Hegseth dopo accuse abusi sessuali <strong>Harry<\/strong> chiede accesso alle email del Palazzo nella causa al Sun <strong>Tajani<\/strong> sente Saar, &#8216;inaccettabili gli attacchi all&#8217;Unifil&#8217; <strong>Gas<\/strong> in rimbalzo a 46,55 euro guardando a Gazprom<\/p>\n<h2>AUDIO dalle 6 del mattino<\/h2>\n<audio class=\"wp-audio-shortcode\" id=\"audio-419700-4\" preload=\"none\" style=\"width: 100%;\" controls=\"controls\"><source type=\"audio\/mpeg\" src=\"https:\/\/www.radiopiu.net\/wordpress\/wp-content\/uploads\/2024\/11\/GIORNALEDELLESEI-10.mp3?_=4\" \/><a href=\"https:\/\/www.radiopiu.net\/wordpress\/wp-content\/uploads\/2024\/11\/GIORNALEDELLESEI-10.mp3\">https:\/\/www.radiopiu.net\/wordpress\/wp-content\/uploads\/2024\/11\/GIORNALEDELLESEI-10.mp3<\/a><\/audio>\n<p>&nbsp;<\/p>\n<p>&nbsp;<\/p>\n<p>&nbsp;<\/p>\n<hr \/>\n<p>&nbsp;<\/p>\n<h1 style=\"text-align: center;\"><span style=\"color: #ff0000;\"><a class=\"dt-pswp-item\" href=\"https:\/\/www.radiopiu.net\/wordpress\/wp-content\/uploads\/2024\/11\/7.jpg\" data-dt-img-description=\"\" data-large_image_width=\"180\" data-large_image_height=\"180\"><img loading=\"lazy\" decoding=\"async\" class=\"size-full wp-image-417912 alignleft\" src=\"https:\/\/www.radiopiu.net\/wordpress\/wp-content\/uploads\/2024\/11\/7.jpg\" alt=\"\" width=\"180\" height=\"180\" srcset=\"https:\/\/www.radiopiu.net\/wordpress\/wp-content\/uploads\/2024\/11\/7.jpg 180w, https:\/\/www.radiopiu.net\/wordpress\/wp-content\/uploads\/2024\/11\/7-150x150.jpg 150w\" sizes=\"auto, (max-width: 180px) 100vw, 180px\" \/><\/a>I podcast informativi del mattino &#8211; audio &#8211;\u00a0<\/span><\/h1>\n<p><strong>OGNI GIORNO ALLE SETTE DEL MATTINO, LA RASSEGNA STAMPA LOCALE FLASH&#8230; PER CHI VA IN FRETTA. I TITOLI DAI GIORNALI E DAL SITO WWW.RADIOPIU.NET <span style=\"color: #0000ff;\">viene pubblicato alle 7.00<\/span> <span style=\"color: #ff0000;\">DIRETTA RADIO\u00a0<\/span><\/strong><\/p>\n<p><em><span style=\"color: #ff0000;\">per chi va in fretta&#8230; tante notizie in pochi minuti. L&#8217;informazione locale alla radio, ogni ora dalle 7 del mattino alle 19 della sera.<\/span><\/em><\/p>\n<h1><\/h1>\n<h1>AUDIO dalle 7 del mattino<\/h1>\n<audio class=\"wp-audio-shortcode\" id=\"audio-419700-5\" preload=\"none\" style=\"width: 100%;\" controls=\"controls\"><source type=\"audio\/mpeg\" src=\"https:\/\/www.radiopiu.net\/wordpress\/wp-content\/uploads\/2024\/11\/GF07-12.mp3?_=5\" \/><a href=\"https:\/\/www.radiopiu.net\/wordpress\/wp-content\/uploads\/2024\/11\/GF07-12.mp3\">https:\/\/www.radiopiu.net\/wordpress\/wp-content\/uploads\/2024\/11\/GF07-12.mp3<\/a><\/audio>\n<p>&nbsp;<\/p>\n<p>&nbsp;<\/p>\n<p>&nbsp;<\/p>\n<hr \/>\n<p>&nbsp;<\/p>\n<h1><\/h1>\n<h1 style=\"text-align: center;\"><span style=\"color: #ff0000;\"><a class=\"dt-pswp-item\" href=\"https:\/\/www.radiopiu.net\/wordpress\/wp-content\/uploads\/2024\/11\/th.jpg\" data-dt-img-description=\"\" data-large_image_width=\"148\" data-large_image_height=\"179\"><img loading=\"lazy\" decoding=\"async\" class=\"size-full wp-image-417913 alignleft\" src=\"https:\/\/www.radiopiu.net\/wordpress\/wp-content\/uploads\/2024\/11\/th.jpg\" alt=\"\" width=\"148\" height=\"179\" \/><\/a>I podcast informativi del mattino &#8211; audio &#8211;\u00a0<\/span><\/h1>\n<blockquote><p><strong>GIORNALE RADIO NAZIONALE, EDIZIONE DELLE SETTE <span style=\"color: #0000ff;\">viene pubblicato alle 7.05 <span style=\"color: #ff0000;\">DIRETTA RADIO\u00a0<\/span><\/span><\/strong><\/p><\/blockquote>\n<p><strong>il giornale radionazionale e&#8217; in onda ogni ora, dalle sette del mattino alle venti della sera\u00a0 \u00a0<\/strong><strong>\u00a0<\/strong><\/p>\n<p><strong>Rimini <\/strong>L&#8217;omicidio di Pierina Paganelli, il 26\/11 sopralluogo per l&#8217;esperimento probatorio <strong>In Puglia <\/strong>Donna trovata morta nel Tarantino, il figlio ha confessato <strong>Bari <\/strong>Arresti per omicidio clochard, &#8220;usato come bersaglio umano&#8221; <strong>Stuprarono le due nipotine,<\/strong> condannati a 16 anni nonno e zio<br \/>\nProcesso a Palermo, 12 anni a genitori che non denunciarono<\/p>\n<p><span style=\"color: #ff0000;\"><span style=\"color: #0000ff;\">CRONACA<\/span> EDIZIONE DELLA SERA , DEL 15 NOVEMBRE 2024 EDIZIONE DI IERI, 20.00<\/span><\/p>\n<audio class=\"wp-audio-shortcode\" id=\"audio-419700-6\" preload=\"none\" style=\"width: 100%;\" controls=\"controls\"><source type=\"audio\/mpeg\" src=\"https:\/\/www.radiopiu.net\/wordpress\/wp-content\/uploads\/2024\/11\/giornale07-24.mp3?_=6\" \/><a href=\"https:\/\/www.radiopiu.net\/wordpress\/wp-content\/uploads\/2024\/11\/giornale07-24.mp3\">https:\/\/www.radiopiu.net\/wordpress\/wp-content\/uploads\/2024\/11\/giornale07-24.mp3<\/a><\/audio>\n<p>&nbsp;<\/p>\n<p><span style=\"color: #ff0000;\"><span style=\"color: #0000ff;\">SPORT<\/span> EDIZIONE DELLE 19, DEL 15 NOVEMBRE 2024, LO SPORT EDIZIONE DI IERI<\/span><\/p>\n<audio class=\"wp-audio-shortcode\" id=\"audio-419700-7\" preload=\"none\" style=\"width: 100%;\" controls=\"controls\"><source type=\"audio\/mpeg\" src=\"https:\/\/www.radiopiu.net\/wordpress\/wp-content\/uploads\/2024\/11\/gr-sport-12.mp3?_=7\" \/><a href=\"https:\/\/www.radiopiu.net\/wordpress\/wp-content\/uploads\/2024\/11\/gr-sport-12.mp3\">https:\/\/www.radiopiu.net\/wordpress\/wp-content\/uploads\/2024\/11\/gr-sport-12.mp3<\/a><\/audio>\n<h2><\/h2>\n<h2><span style=\"color: #ff0000;\"><span style=\"color: #0000ff;\">ULTIM&#8217;ORA<\/span> AUDIO dalle sette del mattino, ogni ora alla radio EDIZIONE DELLE SETTE<\/span><\/h2>\n<audio class=\"wp-audio-shortcode\" id=\"audio-419700-8\" preload=\"none\" style=\"width: 100%;\" controls=\"controls\"><source type=\"audio\/mpeg\" src=\"https:\/\/www.radiopiu.net\/wordpress\/wp-content\/uploads\/2024\/11\/giornale07-25.mp3?_=8\" \/><a href=\"https:\/\/www.radiopiu.net\/wordpress\/wp-content\/uploads\/2024\/11\/giornale07-25.mp3\">https:\/\/www.radiopiu.net\/wordpress\/wp-content\/uploads\/2024\/11\/giornale07-25.mp3<\/a><\/audio>\n<p>&nbsp;<\/p>\n<p>&nbsp;<\/p>\n<hr \/>\n<p>&nbsp;<\/p>\n<p>&nbsp;<\/p>\n<h1><span style=\"color: #ff0000;\"><a class=\"dt-pswp-item\" href=\"https:\/\/www.radiopiu.net\/wordpress\/wp-content\/uploads\/2024\/11\/8.jpg\" data-dt-img-description=\"\" data-large_image_width=\"180\" data-large_image_height=\"180\"><img loading=\"lazy\" decoding=\"async\" class=\"size-full wp-image-417910 alignleft\" src=\"https:\/\/www.radiopiu.net\/wordpress\/wp-content\/uploads\/2024\/11\/8.jpg\" alt=\"\" width=\"180\" height=\"180\" srcset=\"https:\/\/www.radiopiu.net\/wordpress\/wp-content\/uploads\/2024\/11\/8.jpg 180w, https:\/\/www.radiopiu.net\/wordpress\/wp-content\/uploads\/2024\/11\/8-150x150.jpg 150w\" sizes=\"auto, (max-width: 180px) 100vw, 180px\" \/><\/a>I podcast informativi del mattino &#8211; video &#8211;\u00a0<\/span><\/h1>\n<h2 style=\"text-align: left;\"><strong>RASSEGNA STAMPA LOCALE, ORE OTTO 05<\/strong><\/h2>\n<h2><strong> <span style=\"color: #0000ff;\">viene\u00a0 <\/span><\/strong><strong><span style=\"color: #0000ff;\">pubblicata alle 8.05 <span style=\"color: #ff0000;\">DIRETTA RADIO\u00a0 \u00a0<\/span><\/span><\/strong><strong>DI MIRKO MEZZACASA<\/strong><\/h2>\n<h2><span style=\"color: #ff0000;\"><strong>\u00a0<\/strong><\/span><\/h2>\n<h2><span style=\"color: #ff0000;\"><strong>\u00a0<\/strong><\/span><\/h2>\n<h1><span style=\"color: #ff0000;\"><strong>VIDEO\u00a0 \u00a0in diretta dalle 8 del mattino\u00a0 \u00a0per ASCOLTARE <\/strong><\/span><\/h1>\n<blockquote>\n<h1 style=\"text-align: center;\"><a href=\"https:\/\/www.facebook.com\/radiopiu\/videos\/588245533766206\">CLICCA QUI<\/a><\/h1>\n<p>&nbsp;<\/p><\/blockquote>\n<p><a class=\"dt-pswp-item\" href=\"https:\/\/www.radiopiu.net\/wordpress\/wp-content\/uploads\/2024\/11\/coope-2.png\" data-dt-img-description=\"\" data-large_image_width=\"554\" data-large_image_height=\"319\"><img loading=\"lazy\" decoding=\"async\" class=\"alignnone size-medium wp-image-419886\" src=\"https:\/\/www.radiopiu.net\/wordpress\/wp-content\/uploads\/2024\/11\/coope-2-300x173.png\" alt=\"\" width=\"300\" height=\"173\" srcset=\"https:\/\/www.radiopiu.net\/wordpress\/wp-content\/uploads\/2024\/11\/coope-2-300x173.png 300w, https:\/\/www.radiopiu.net\/wordpress\/wp-content\/uploads\/2024\/11\/coope-2.png 554w\" sizes=\"auto, (max-width: 300px) 100vw, 300px\" \/><\/a><a class=\"dt-pswp-item\" href=\"https:\/\/www.radiopiu.net\/wordpress\/wp-content\/uploads\/2024\/11\/coope1-1.png\" data-dt-img-description=\"\" data-large_image_width=\"505\" data-large_image_height=\"292\"><img loading=\"lazy\" decoding=\"async\" class=\"alignnone size-medium wp-image-419887\" src=\"https:\/\/www.radiopiu.net\/wordpress\/wp-content\/uploads\/2024\/11\/coope1-1-300x173.png\" alt=\"\" width=\"300\" height=\"173\" srcset=\"https:\/\/www.radiopiu.net\/wordpress\/wp-content\/uploads\/2024\/11\/coope1-1-300x173.png 300w, https:\/\/www.radiopiu.net\/wordpress\/wp-content\/uploads\/2024\/11\/coope1-1.png 505w\" sizes=\"auto, (max-width: 300px) 100vw, 300px\" \/><\/a><a class=\"dt-pswp-item\" href=\"https:\/\/www.radiopiu.net\/wordpress\/wp-content\/uploads\/2024\/11\/coop1-1.png\" data-dt-img-description=\"\" data-large_image_width=\"602\" data-large_image_height=\"375\">\u00a0<\/a><\/p>\n<p>&nbsp;<\/p>\n<p>&nbsp;<\/p>\n<hr \/>\n<p>&nbsp;<\/p>\n<p>&nbsp;<\/p>\n<p><strong><a class=\"dt-pswp-item\" href=\"https:\/\/www.radiopiu.net\/wordpress\/wp-content\/uploads\/2023\/12\/ANTENNA.png\" data-dt-img-description=\"\" data-large_image_width=\"300\" data-large_image_height=\"166\"><img loading=\"lazy\" decoding=\"async\" class=\" wp-image-366306 alignleft\" src=\"https:\/\/www.radiopiu.net\/wordpress\/wp-content\/uploads\/2023\/12\/ANTENNA.png\" alt=\"\" width=\"175\" height=\"97\" \/><\/a>ogni sera alle 19 le anticipazioni alla radio, quello che poi seguirete nel TELEGIORNALE BELLUNESE\u00a0 in onda alle 19.30 sul CANALE 10 del digitale terrestre.\u00a0\u00a0<\/strong><\/p>\n<p><strong>LE ANTICIPAZIONI DAL TG DI ANTENNA 3 DI TIZIANA BOLOGNANI<\/strong><\/p>\n<audio class=\"wp-audio-shortcode\" id=\"audio-419700-9\" preload=\"none\" style=\"width: 100%;\" controls=\"controls\"><source type=\"audio\/mpeg\" src=\"https:\/\/www.radiopiu.net\/wordpress\/wp-content\/uploads\/2024\/11\/gr-sport-12.mp3?_=9\" \/><a href=\"https:\/\/www.radiopiu.net\/wordpress\/wp-content\/uploads\/2024\/11\/gr-sport-12.mp3\">https:\/\/www.radiopiu.net\/wordpress\/wp-content\/uploads\/2024\/11\/gr-sport-12.mp3<\/a><\/audio>\n<p>&nbsp;<\/p>\n<p>&nbsp;<\/p>\n<hr \/>\n<p>&nbsp;<\/p>\n<p>&nbsp;<\/p>\n<p><strong><a class=\"dt-pswp-item\" href=\"https:\/\/www.radiopiu.net\/wordpress\/wp-content\/uploads\/2020\/05\/VENETO-STRADE.png\" data-dt-img-description=\"\" data-large_image_width=\"400\" data-large_image_height=\"400\"><img loading=\"lazy\" decoding=\"async\" class=\" wp-image-135574 alignleft\" src=\"https:\/\/www.radiopiu.net\/wordpress\/wp-content\/uploads\/2020\/05\/VENETO-STRADE-300x300.png\" alt=\"\" width=\"183\" height=\"183\" srcset=\"https:\/\/www.radiopiu.net\/wordpress\/wp-content\/uploads\/2020\/05\/VENETO-STRADE-300x300.png 300w, https:\/\/www.radiopiu.net\/wordpress\/wp-content\/uploads\/2020\/05\/VENETO-STRADE-150x150.png 150w, https:\/\/www.radiopiu.net\/wordpress\/wp-content\/uploads\/2020\/05\/VENETO-STRADE.png 400w\" sizes=\"auto, (max-width: 183px) 100vw, 183px\" \/><\/a>SP 17 SAN PIETRO<\/strong><br \/>\n<strong>TRATTO SAN PIETRO E PRESENAIO, COMUNE SAN PIETRO DI CADORE\u00a0<\/strong><\/p>\n<p>Domani mattina dalle 8 alle 12 interdizione totale al transito per tutti i veicoli, per lavori di getto di calcestruzzo mediante trasporto in elicottero.<\/p>\n<p>&nbsp;<\/p>\n<p><strong>SP 12 PEDEMONTANA<\/strong><br \/>\n<strong>VIA SAN OSVALDO, COMUNE DI PEDAVENA<\/strong><\/p>\n<p>Nei giorni 19 e 20 novembre interdizione totale alla circolazione per lavori di riparazione condotta fognaria<\/p>\n<p>&nbsp;<\/p>\n<p>&nbsp;<\/p>\n<hr \/>\n<p>&nbsp;<\/p>\n<blockquote>\n<h2>SANTA GIUSTINA, RIPRENDONO I LAVORI SUL CAVALCA FERROVIA<\/h2>\n<\/blockquote>\n<p><img loading=\"lazy\" decoding=\"async\" class=\"alignleft\" src=\"https:\/\/www.radiopiu.net\/wordpress\/wp-content\/uploads\/2023\/12\/santa-giusta-palmas-cavalcaferrovia-301547.jpg\" width=\"216\" height=\"121\" \/><strong>SANTA GIUSTINA\u00a0<\/strong><\/p>\n<p>Al via una nuova fase di interventi nell\u2019ambito dei lavori di manutenzione del cavalca ferrovia di Santa Giustina, al km 25,100 della strada statale 50 \u201cdel Grappa e del Passo Rolle\u201dAnas, a partire da luned\u00ec 18 novembre e con una durata di circa quattro settimane, avvier\u00e0 le attivit\u00e0 di installazione delle nuove barriere di sicurezza stradale e di rifacimento della pavimentazione. Lungo il tratto interessato dai lavori permarr\u00e0 la regolare transitabilit\u00e0 lungo senso di marcia della SS 50 per chi viaggia in direzione Belluno, inoltre rester\u00e0 comunque percorribile la deviazione del traffico su Via Nazionale in direzione Feltre, come da indicazioni in loco.\u00a0 Al fine di minimizzare gli impatti sulla fluidit\u00e0 del traffico, il transito sar\u00e0 presidiato da movieri e verr\u00e0 implementata la segnaletica.<\/p>\n<p>&nbsp;<\/p>\n<blockquote>\n<h2>Chiusura Notturna della Galleria Comelico per Lavori Urgenti<\/h2>\n<\/blockquote>\n<h3 data-pm-slice=\"1 1 []\"><img loading=\"lazy\" decoding=\"async\" class=\"alignleft\" src=\"https:\/\/www.radiopiu.net\/wordpress\/wp-content\/uploads\/2021\/02\/galleria-comelico.jpg\" width=\"174\" height=\"207\" \/>L&#8217;Anas comunica che la galleria Comelico rimarr\u00e0 chiusa per lavori urgenti anche nelle notti di sabato 16 e sabato 23, dalle 22 alle 6.<\/h3>\n<p data-pm-slice=\"1 1 []\">I sindaci, tra cui Thomas Menia Corbanese di Danta, hanno verificato eventuali problematiche, ricevendo conferma che si tratta di interventi tecnici da completare. Operai della Collini lavorano ogni notte dal luned\u00ec al venerd\u00ec su un progetto di circa 100 milioni di euro per il consolidamento strutturale e l\u2019ammodernamento tecnologico. Veneto Strade prevede interventi futuri sui muri di sostegno della strada per San Nicol\u00f2 Comelico.<\/p>\n<hr \/>\n<p>&nbsp;<\/p>\n<blockquote>\n<h3>PEDONE INVESTITO A CALALZO: ANZIANO GRAVE A TREVISO<\/h3>\n<\/blockquote>\n<p>&nbsp;<\/p>\n<p><strong><a class=\"dt-pswp-item\" href=\"https:\/\/www.radiopiu.net\/wordpress\/wp-content\/uploads\/2024\/11\/Senza-nome-70.png\" data-dt-img-description=\"\" data-large_image_width=\"322\" data-large_image_height=\"204\"><img loading=\"lazy\" decoding=\"async\" class=\" wp-image-419879 alignleft\" src=\"https:\/\/www.radiopiu.net\/wordpress\/wp-content\/uploads\/2024\/11\/Senza-nome-70-300x190.png\" alt=\"\" width=\"196\" height=\"124\" srcset=\"https:\/\/www.radiopiu.net\/wordpress\/wp-content\/uploads\/2024\/11\/Senza-nome-70-300x190.png 300w, https:\/\/www.radiopiu.net\/wordpress\/wp-content\/uploads\/2024\/11\/Senza-nome-70.png 322w\" sizes=\"auto, (max-width: 196px) 100vw, 196px\" \/><\/a>CALALZO DI CADORE<\/strong><\/p>\n<p data-pm-slice=\"1 1 []\">Investito da un&#8217;auto davanti al suo negozio, Beppino De Menego, fondatore e presidente onorario della catena di ottica Demenego, lotta tra la vita e la morte. L&#8217;incidente \u00e8 avvenuto ieri pomeriggio a Calalzo, quando l&#8217;89enne \u00e8 stato colpito da una Fiat Panda mentre attraversava sulle strisce pedonali di via Nazionale, proprio davanti al suo negozio. L&#8217;impatto, estremamente violento, lo ha sbalzato per circa 20 metri, provocando gravi traumi.<\/p>\n<p>De Menego \u00e8 stato soccorso subito, inizialmente incosciente, poi riprendendo conoscenza e rispondendo ai soccorritori. \u00c8 stato trasportato d&#8217;urgenza in elicottero al Ca&#8217; Foncello di Treviso, dove \u00e8 stato sottoposto a TAC e a un intervento chirurgico per un trauma addominale severo.<\/p>\n<p>I carabinieri indagano per chiarire la dinamica, considerando anche l&#8217;ipotesi di un possibile abbagliamento solare. La catena Demenego, fondata nel 1960, conta oggi decine di punti vendita nel Nordest e in Emilia Romagna. La notizia ha suscitato commozione tra amici e conoscenti.<\/p>\n<p>foto corriere delle alpi<\/p>\n<hr \/>\n<p>&nbsp;<\/p>\n<p><strong>LUTTO A FELTRE<\/strong><\/p>\n<p><strong>FELTRE<\/strong>\u00a0 E&#8217; mancato Matteo Fontana, aveva 23 anni. Colpito da una grave malattia fin dalla nascita, Matteo ha sempre accolto la vita con un sorriso, affrontando i problemi giorno dopo giorno con coraggio e dignit\u00e0. La famiglia gestisce La Caliera di Lamen.<\/p>\n<p>&nbsp;<\/p>\n<p>&nbsp;<\/p>\n<hr \/>\n<p>&nbsp;<\/p>\n<blockquote>\n<h3>PATRICK NON CE L&#8217;HA FATTA, GIOVEDI L&#8217;ARRESTO CARDIOCIRCOLATORIO<\/h3>\n<\/blockquote>\n<p><strong><img loading=\"lazy\" decoding=\"async\" class=\"alignleft\" src=\"https:\/\/www.radiopiu.net\/wordpress\/wp-content\/uploads\/2023\/08\/e39c8772-455c-49f2-a58c-33a1885b023f.jpg\" width=\"207\" height=\"155\" \/>LA VALLE<\/strong> Non ce l&#8217;ha fatta Patrick Dell&#8217;Osbel, 37 anni, colpito da un improvviso arresto cardiocircolatorio nel tardo pomeriggio di gioved\u00ec. La mobilitazione dei sanitari dell&#8217;ambulanza del pronto soccorso di Agordo e dell&#8217;elicottero del Suem di Pieve di Cadore, fatto alzare in volo dalla centrale operativa, non \u00e8 bastata per salvare la vita all&#8217;uomo, che \u00e8 stato portato invano al pronto soccorso dell&#8217;ospedale Giovanni Paolo I. Il tragico episodio, che ha provocato grande cordoglio nella comunit\u00e0 lavallese, \u00e8 avvenuto gioved\u00ec nell&#8217;abitazione dei genitori a Conaggia, dove Dell&#8217;Osbel viveva con il figlio. La chiamata ai soccorritori \u00e8 partita alle 18:37 e dalla centrale operativa del Suem si \u00e8 capito subito che il malore riferito era di grave entit\u00e0. Tanto che, oltre a far mettere in strada l&#8217;ambulanza del pronto soccorso di Agordo, gli operatori del 118 hanno fatto mobilitare l&#8217;elicottero per un eventuale trasferimento in breve tempo in un altro centro ospedaliero. Non \u00e8 purtroppo servito: le manovre di rianimazione e la partenza verso l&#8217;ospedale con una prognosi di massima gravit\u00e0 non hanno permesso di salvare il 37enne. In paese, dove la sirena dell&#8217;ambulanza aveva fatto capire subito che era accaduto qualcosa di grave, la notizia ha provocato grande cordoglio per la giovane et\u00e0 dell&#8217;uomo. La salma \u00e8 stata messa a disposizione delle autorit\u00e0 per gli accertamenti sul tragico malore. Solo dopo le verifiche e l&#8217;eventuale autopsia potr\u00e0 essere fissato il funerale.<\/p>\n<p>&nbsp;<\/p>\n<p>&nbsp;<\/p>\n<hr \/>\n<p>&nbsp;<\/p>\n<blockquote>\n<h3>PATRIK ONGARO &#8220;NON SONO ANTISEMITA&#8221; LE SCUSE INVIATE ALL&#8217;ANSA<\/h3>\n<\/blockquote>\n<p><img loading=\"lazy\" decoding=\"async\" class=\"alignleft\" src=\"https:\/\/www.radiopiu.net\/wordpress\/wp-content\/uploads\/2024\/11\/161555231-5616abaf-cf49-4e4e-81fd-e502b845579e.webp\" width=\"191\" height=\"107\" \/><\/p>\n<p><strong>PER LE TRE RADIO<\/strong><\/p>\n<p><strong>BARBARA PAOLAZZI<\/strong><\/p>\n<audio class=\"wp-audio-shortcode\" id=\"audio-419700-10\" preload=\"none\" style=\"width: 100%;\" controls=\"controls\"><source type=\"audio\/mpeg\" src=\"https:\/\/www.radiopiu.net\/wordpress\/wp-content\/uploads\/2024\/11\/ongaro-patrik.mp3?_=10\" \/><a href=\"https:\/\/www.radiopiu.net\/wordpress\/wp-content\/uploads\/2024\/11\/ongaro-patrik.mp3\">https:\/\/www.radiopiu.net\/wordpress\/wp-content\/uploads\/2024\/11\/ongaro-patrik.mp3<\/a><\/audio>\n<h1 class=\"_title post-title entry-title\"><\/h1>\n<h1><\/h1>\n<h1 class=\"_title post-title entry-title\"><a class=\"dt-pswp-item\" href=\"https:\/\/www.radiopiu.net\/wordpress\/wp-content\/uploads\/2023\/12\/ANTENNA.png\" data-dt-img-description=\"\" data-large_image_width=\"300\" data-large_image_height=\"166\"><img loading=\"lazy\" decoding=\"async\" class=\" wp-image-366306 alignleft\" src=\"https:\/\/www.radiopiu.net\/wordpress\/wp-content\/uploads\/2023\/12\/ANTENNA.png\" alt=\"\" width=\"280\" height=\"155\" \/><\/a>SELVA DI CADORE | STOP AI TURISTI ISRAELIANI, L\u2019ALBERGATORE SI SCUSA.<\/h1>\n<p>Intervistati LUCA LORENZINI (SINDACO DI SELVA DI CADORE) (Servizio di\u00a0<a href=\"https:\/\/antennatre.medianordest.it\/redazione\/Tiziana-Bolognani\/\">Tiziana Bolognani<\/a>)<\/p>\n<p><iframe loading=\"lazy\" title=\"STOP AI TURISTI ISRAELIANI, L&#039;ALBERGATORE SI SCUSA. IL SINDACO: \u00abALLIBITI DALLA VICE... | 15\/11\/2024\" width=\"1200\" height=\"675\" src=\"https:\/\/www.youtube.com\/embed\/iExWiBmn4oI?feature=oembed\" frameborder=\"0\" allow=\"accelerometer; autoplay; clipboard-write; encrypted-media; gyroscope; picture-in-picture; web-share\" referrerpolicy=\"strict-origin-when-cross-origin\" allowfullscreen><\/iframe><\/p>\n<p>&nbsp;<\/p>\n<p>&nbsp;<\/p>\n<hr \/>\n<p>&nbsp;<\/p>\n<p>&nbsp;<\/p>\n<blockquote>\n<h2>Annuncio di Esuberi e Vendita Stabilimenti Edim Spa: Sindacati in Allarme<\/h2>\n<\/blockquote>\n<p><strong><a class=\"dt-pswp-item\" href=\"https:\/\/www.radiopiu.net\/wordpress\/wp-content\/uploads\/2024\/11\/Azienda-location-orizzontale.png\" data-dt-img-description=\"\" data-large_image_width=\"1300\" data-large_image_height=\"656\"><img loading=\"lazy\" decoding=\"async\" class=\"size-medium wp-image-419812 alignleft\" src=\"https:\/\/www.radiopiu.net\/wordpress\/wp-content\/uploads\/2024\/11\/Azienda-location-orizzontale-300x151.png\" alt=\"\" width=\"300\" height=\"151\" srcset=\"https:\/\/www.radiopiu.net\/wordpress\/wp-content\/uploads\/2024\/11\/Azienda-location-orizzontale-300x151.png 300w, https:\/\/www.radiopiu.net\/wordpress\/wp-content\/uploads\/2024\/11\/Azienda-location-orizzontale-1024x517.png 1024w, https:\/\/www.radiopiu.net\/wordpress\/wp-content\/uploads\/2024\/11\/Azienda-location-orizzontale-768x388.png 768w, https:\/\/www.radiopiu.net\/wordpress\/wp-content\/uploads\/2024\/11\/Azienda-location-orizzontale.png 1300w\" sizes=\"auto, (max-width: 300px) 100vw, 300px\" \/><\/a>QUERO<\/strong><\/p>\n<p data-pm-slice=\"1 1 []\">Durante l\u2019incontro di ieri presso Assolombarda a Monza, la Direzione di Edim Spa, parte del Gruppo Bosch, ha annunciato l\u2019intenzione di vendere gli stabilimenti di Villasanta e Quero, coinvolgendo 160 esuberi (120 a Villasanta e 40 a Quero), di cui 40 lavoratori somministrati. Le rappresentanze sindacali Fim, Fiom e Uilm hanno espresso forte dissenso, definendo inaccettabile la scelta, con pesanti conseguenze sui lavoratori e sul tessuto sociale.<\/p>\n<p>La Direzione ha motivato la decisione con difficolt\u00e0 economiche e il non allineamento delle attivit\u00e0 di Edim al core business del Gruppo Bosch. I sindacati fim, Fiom e Uilm con le RSU dei due siti produttivi, per\u00f2, hanno contestato queste giustificazioni, ritenendole indice di una gestione miope e priva di visione strategica. Hanno richiesto il ritiro del piano e nuovi investimenti per rilanciare l\u2019azienda, sollecitando un confronto con le istituzioni locali e il Governo. Assemblee e possibili mobilitazioni sono previste nei prossimi giorni.<\/p>\n<p>&nbsp;<\/p>\n<hr \/>\n<p>&nbsp;<\/p>\n<blockquote>\n<h2>FARE MINORANZA OGGI, ANCHE ANTICAMERA VERSO LA PORTA D&#8217;USCITA<\/h2>\n<\/blockquote>\n<p><strong><img loading=\"lazy\" decoding=\"async\" class=\"alignleft\" src=\"https:\/\/www.radiopiu.net\/wordpress\/wp-content\/uploads\/2019\/05\/ELEZIONI-COMUNALI.jpg\" width=\"301\" height=\"196\" \/><\/strong><strong>REDAZIONE<\/strong> Fare minoranza proprio non piace. Non a tutti. Quanti casi in questi anni di candidati a primi cittadini, con la voce grossa in campagna elettorale, ma ad urne aperte, dopo il responso della comunit\u00e0 inghiottiti dall&#8217;amarezza arrivano puntuali le dimissioni. Logica domanda di Andreottiana memoria <em>&#8220;il potere logora chi non ce l&#8217;ha?&#8221;<\/em><\/p>\n<p>Quindi dopo il giudizio degli elettori il candidato\u00a0 abbassa la voce e\u00a0 rassegna le dimissioni, spesso per motivi di lavoro, o per impegni famigliari, e chi pu\u00f2 contestarlo?<\/p>\n<p>Magari in attesa di tempI migliori? Quanti esempi di questo tipo, di amministratori che poi si sono ri &#8211; candidati, magari altrove, magari con altri colori, nel tentativo di raggiungere ambiti traguardi, ma di solito l&#8217;elettore non \u00e8 proprio cos\u00ec &#8230; stupido e la bocciatura \u00e8 sempre arrivata con grande puntualit\u00e0.<br \/>\n<strong>mirko mezzacasa<\/strong><\/p>\n<p><em>PS ogni riferimento \u00e8 puramente casuale<\/em><\/p>\n<p>&nbsp;<\/p>\n<p>&nbsp;<\/p>\n<p>&nbsp;<\/p>\n<hr \/>\n<blockquote>\n<h2><\/h2>\n<p>&nbsp;<\/p>\n<h2>NIENTE FESTA DI NATALE AL PALALUXOTTICA, EVENTO IN &#8220;PAUSA&#8221;<strong style=\"font-size: 14px;\">\u00a0<\/strong><\/h2>\n<\/blockquote>\n<p><strong><a class=\"dt-pswp-item\" href=\"https:\/\/www.radiopiu.net\/wordpress\/wp-content\/uploads\/2024\/11\/WhatsApp-Image-2018-12-21-at-19.22.41.jpg\" data-dt-img-description=\"\" data-large_image_width=\"1600\" data-large_image_height=\"1200\"><img loading=\"lazy\" decoding=\"async\" class=\" wp-image-419810 alignleft\" src=\"https:\/\/www.radiopiu.net\/wordpress\/wp-content\/uploads\/2024\/11\/WhatsApp-Image-2018-12-21-at-19.22.41-300x225.jpg\" alt=\"\" width=\"243\" height=\"182\" srcset=\"https:\/\/www.radiopiu.net\/wordpress\/wp-content\/uploads\/2024\/11\/WhatsApp-Image-2018-12-21-at-19.22.41-300x225.jpg 300w, https:\/\/www.radiopiu.net\/wordpress\/wp-content\/uploads\/2024\/11\/WhatsApp-Image-2018-12-21-at-19.22.41-1024x768.jpg 1024w, https:\/\/www.radiopiu.net\/wordpress\/wp-content\/uploads\/2024\/11\/WhatsApp-Image-2018-12-21-at-19.22.41-768x576.jpg 768w, https:\/\/www.radiopiu.net\/wordpress\/wp-content\/uploads\/2024\/11\/WhatsApp-Image-2018-12-21-at-19.22.41-1536x1152.jpg 1536w, https:\/\/www.radiopiu.net\/wordpress\/wp-content\/uploads\/2024\/11\/WhatsApp-Image-2018-12-21-at-19.22.41.jpg 1600w\" sizes=\"auto, (max-width: 243px) 100vw, 243px\" \/><\/a>REDAZIONE<\/strong> C&#8217;era una volta la cena Luxottica, all&#8217;Hotel Villa Imperina (oggi), allora Hotel Milano. La crescita con\u00a0 Leonardo Del Vecchio \u00e8 stata veloce e i dipendenti sempre di pi\u00f9. La mensa in localit\u00e0 Valcozzena ed a Sedico, per anni, ha soddisfatto le esigenze dei numeri. Poi troppo piccole hanno ceduto il testimone ai grandi teatri tenda, quindi il PalaLuxottica, che visti i numeri di EssilorLuxottica \u00e8 diventato &#8220;piccolo&#8221; a sua volta. Tutto questo ha comportato e comporta crescenti complessit\u00e0 logistiche e organizzative legate all\u2019evento e alla crescita progressiva della comunit\u00e0 di dipendenti. Per questo la scelta del gruppo di\u00a0 mettere in pausa l\u2019organizzazione della serata, ovvero da quest&#8217;anno viene annullata. Al contempo EssilorLuxottica ripensa il family day\u00a0 sulla scorta del successo ottenuto due anni fa,\u00a0 considerando nuove modalit\u00e0 per future celebrazioni, valutando la possibilit\u00e0 di un evento estivo.<\/p>\n<p>&nbsp;<\/p>\n<p>&nbsp;<\/p>\n<blockquote>\n<h1>12.03 l&#8217;anticipazione di RADIOPIU&#8230; ALTRO CHE MESSAGGI &#8220;SOCIAL&#8221;<\/h1>\n<\/blockquote>\n<p><strong><a class=\"dt-pswp-item\" href=\"https:\/\/www.radiopiu.net\/wordpress\/wp-content\/uploads\/2024\/11\/download.png\" data-dt-img-description=\"\" data-large_image_width=\"255\" data-large_image_height=\"197\"><img loading=\"lazy\" decoding=\"async\" class=\" wp-image-419899 alignleft\" src=\"https:\/\/www.radiopiu.net\/wordpress\/wp-content\/uploads\/2024\/11\/download.png\" alt=\"\" width=\"170\" height=\"131\" \/><\/a>REDAZIONE<\/strong> Certo che leggere, tra le righe,\u00a0 che il dipendente Luxottica si fa assumere anche per partecipare alla festa \u00e8 un&#8217;offesa all&#8217;intelligenza dell&#8217;uomo, della donna.<\/p>\n<p>Leggere che la notizia \u00e8 stata divulgata sui social \u00e8 invece una mancanza di rispetto verso la testata RADIOPIU che ha reso nota la notizia alle 12.03 di ieri. Piuttosto i sistemi informatici sono andati in tilt in Luxottica e difficilmente si entrava nel sito.. quindi la notizia \u00e8 stata in effetti divulgata dai canali di RADIOPIU\u00a0 FM&#8211;dab+-facebook-telegram- social che sommano 80mila utenti.<br \/>\nGiusto per chiarezza e onest\u00e0 intellettuale spesso assente in certi personaggi dalla penna facile e speriamo si tratti solo di ignoranza&#8230;\u00a0 (mirko mezzacasa)<\/p>\n<p>&nbsp;<\/p>\n<p>&nbsp;<\/p>\n<blockquote>\n<h1>LUXOTTICA, IERI ORE 12.02: LA MAIL CHE HA DESTABILIZZATO I REPARTI<\/h1>\n<p><em><strong><img loading=\"lazy\" decoding=\"async\" class=\"alignleft\" src=\"https:\/\/www.radiopiu.net\/wordpress\/wp-content\/uploads\/2020\/09\/1.-PalaLuxottica.jpg\" width=\"234\" height=\"131\" \/><\/strong>Siamo consapevoli che molti di voi attendono la tradizionale festa di Natale di Agordo, che \u00e8 da sempre un momento speciale per celebrare insieme e coltivare i legami che ci uniscono come comunit\u00e0. Tuttavia, quest\u2019anno, a causa delle crescenti complessit\u00e0 logistiche e organizzative legate all\u2019evento e alla crescita progressiva della nostra comunit\u00e0 di dipendenti, abbiamo deciso di mettere in pausa l\u2019organizzazione della serata. Stiamo gi\u00e0 facendo delle riflessioni sugli eventi futuri e in particolare, forti dell&#8217;esperienza del Family Day 2023,\u202fsulla possibilit\u00e0 di organizzare un evento nella stagione estiva che potr\u00e0 essere pi\u00f9 in linea con gli standard di sicurezza e inclusivit\u00e0 a cui puntiamo sempre.\u202f Per dimostrarvi il nostro apprezzamento per il lavoro e la dedizione che ogni giorno le nostre persone dedicano all\u2019azienda, e celebrare le festivit\u00e0 insieme anche negli stabilimenti di Agordo, Cencenighe, Sedico, Pederobba e Farra d\u2019Alpago, abbiamo pensato a un regalo speciale che riceverete nel mese di dicembre, come simbolo di gratitudine e di augurio di buone feste per voi e per le vostre famiglie.\u00a0<\/em><\/p>\n<p>&nbsp;<\/p>\n<p>&nbsp;<\/p><\/blockquote>\n<hr \/>\n<p>&nbsp;<\/p>\n<blockquote>\n<p data-pm-slice=\"1 1 []\"><strong>Sciopero studentesco a Belluno per una scuola migliore<\/strong><\/p>\n<\/blockquote>\n<p data-pm-slice=\"1 1 []\"><strong>BELLUNO<\/strong> Ieri gli studenti di Belluno hanno scioperato unendosi a tante altre piazze italiane per la Giornata Internazionale degli Studenti, con lo slogan \u201cPer una scuola diversa\u201d.<em> \u201cNon resteremo in silenzio davanti alle problematiche scolastiche\u201d<\/em>, afferma Alex Simiele della Rete degli Studenti Medi di Belluno, chiedendo scuole pi\u00f9 inclusive con sportelli d&#8217;ascolto, educazione sessuale e carriere alias. Marianna Cassol sottolinea l&#8217;urgenza di supporto psicologico:<em> \u201cIl 70% degli studenti si sente sotto pressione, il 90% pensa che la scuola valorizzi pi\u00f9 i voti che il benessere personale.\u201d<\/em> Serena De Marchi propone l&#8217;educazione alla pace nei programmi scolastici per formare cittadini critici e consapevoli<br \/>\n<a class=\"dt-pswp-item\" href=\"https:\/\/www.radiopiu.net\/wordpress\/wp-content\/uploads\/2024\/11\/5888836888431806501.jpg\" data-dt-img-description=\"\" data-large_image_width=\"1280\" data-large_image_height=\"960\"><img loading=\"lazy\" decoding=\"async\" class=\"alignnone wp-image-419821\" src=\"https:\/\/www.radiopiu.net\/wordpress\/wp-content\/uploads\/2024\/11\/5888836888431806501-300x225.jpg\" alt=\"\" width=\"236\" height=\"177\" srcset=\"https:\/\/www.radiopiu.net\/wordpress\/wp-content\/uploads\/2024\/11\/5888836888431806501-300x225.jpg 300w, https:\/\/www.radiopiu.net\/wordpress\/wp-content\/uploads\/2024\/11\/5888836888431806501-1024x768.jpg 1024w, https:\/\/www.radiopiu.net\/wordpress\/wp-content\/uploads\/2024\/11\/5888836888431806501-768x576.jpg 768w, https:\/\/www.radiopiu.net\/wordpress\/wp-content\/uploads\/2024\/11\/5888836888431806501.jpg 1280w\" sizes=\"auto, (max-width: 236px) 100vw, 236px\" \/><\/a><a class=\"dt-pswp-item\" href=\"https:\/\/www.radiopiu.net\/wordpress\/wp-content\/uploads\/2024\/11\/5888836888431806499.jpg\" data-dt-img-description=\"\" data-large_image_width=\"1280\" data-large_image_height=\"776\"><img loading=\"lazy\" decoding=\"async\" class=\"alignnone size-medium wp-image-419819\" src=\"https:\/\/www.radiopiu.net\/wordpress\/wp-content\/uploads\/2024\/11\/5888836888431806499-300x182.jpg\" alt=\"\" width=\"300\" height=\"182\" srcset=\"https:\/\/www.radiopiu.net\/wordpress\/wp-content\/uploads\/2024\/11\/5888836888431806499-300x182.jpg 300w, https:\/\/www.radiopiu.net\/wordpress\/wp-content\/uploads\/2024\/11\/5888836888431806499-1024x621.jpg 1024w, https:\/\/www.radiopiu.net\/wordpress\/wp-content\/uploads\/2024\/11\/5888836888431806499-768x466.jpg 768w, https:\/\/www.radiopiu.net\/wordpress\/wp-content\/uploads\/2024\/11\/5888836888431806499.jpg 1280w\" sizes=\"auto, (max-width: 300px) 100vw, 300px\" \/><\/a><a class=\"dt-pswp-item\" href=\"https:\/\/www.radiopiu.net\/wordpress\/wp-content\/uploads\/2024\/11\/5888836888431806498.jpg\" data-dt-img-description=\"\" data-large_image_width=\"1280\" data-large_image_height=\"901\"><img loading=\"lazy\" decoding=\"async\" class=\"alignnone size-medium wp-image-419822\" src=\"https:\/\/www.radiopiu.net\/wordpress\/wp-content\/uploads\/2024\/11\/5888836888431806498-300x211.jpg\" alt=\"\" width=\"300\" height=\"211\" srcset=\"https:\/\/www.radiopiu.net\/wordpress\/wp-content\/uploads\/2024\/11\/5888836888431806498-300x211.jpg 300w, https:\/\/www.radiopiu.net\/wordpress\/wp-content\/uploads\/2024\/11\/5888836888431806498-1024x721.jpg 1024w, https:\/\/www.radiopiu.net\/wordpress\/wp-content\/uploads\/2024\/11\/5888836888431806498-768x541.jpg 768w, https:\/\/www.radiopiu.net\/wordpress\/wp-content\/uploads\/2024\/11\/5888836888431806498.jpg 1280w\" sizes=\"auto, (max-width: 300px) 100vw, 300px\" \/><\/a><a class=\"dt-pswp-item\" href=\"https:\/\/www.radiopiu.net\/wordpress\/wp-content\/uploads\/2024\/11\/5888836888431806500.jpg\" data-dt-img-description=\"\" data-large_image_width=\"1280\" data-large_image_height=\"960\"><img loading=\"lazy\" decoding=\"async\" class=\"alignnone wp-image-419820\" src=\"https:\/\/www.radiopiu.net\/wordpress\/wp-content\/uploads\/2024\/11\/5888836888431806500-300x225.jpg\" alt=\"\" width=\"282\" height=\"211\" srcset=\"https:\/\/www.radiopiu.net\/wordpress\/wp-content\/uploads\/2024\/11\/5888836888431806500-300x225.jpg 300w, https:\/\/www.radiopiu.net\/wordpress\/wp-content\/uploads\/2024\/11\/5888836888431806500-1024x768.jpg 1024w, https:\/\/www.radiopiu.net\/wordpress\/wp-content\/uploads\/2024\/11\/5888836888431806500-768x576.jpg 768w, https:\/\/www.radiopiu.net\/wordpress\/wp-content\/uploads\/2024\/11\/5888836888431806500.jpg 1280w\" sizes=\"auto, (max-width: 282px) 100vw, 282px\" \/><\/a><\/p>\n<p>&nbsp;<\/p>\n<p>&nbsp;<\/p>\n<hr \/>\n<p>&nbsp;<\/p>\n<blockquote>\n<p data-pm-slice=\"1 1 []\"><strong><a class=\"dt-pswp-item\" href=\"https:\/\/www.radiopiu.net\/wordpress\/wp-content\/uploads\/2024\/11\/SCUOLE-RETE.png\" data-dt-img-description=\"\" data-large_image_width=\"166\" data-large_image_height=\"97\"><img loading=\"lazy\" decoding=\"async\" class=\"size-full wp-image-419878 alignleft\" src=\"https:\/\/www.radiopiu.net\/wordpress\/wp-content\/uploads\/2024\/11\/SCUOLE-RETE.png\" alt=\"\" width=\"166\" height=\"97\" \/><\/a>Un incontro per ascoltare i giovani nella Giornata dei diritti dei minori<\/strong><\/p>\n<\/blockquote>\n<p><strong>BELLUNO<\/strong><\/p>\n<p data-pm-slice=\"1 1 []\">Il 20 novembre, in occasione della Giornata dei diritti dei minori, gli studenti di Belluno parteciperanno all&#8217;incontro \u201cLa voce dei giovani: noi parliamo, chi ascolta?\u201d per dialogare con le autorit\u00e0 e gli adulti. Organizzato dalla Consulta provinciale degli studenti insieme a ULSS Dolomiti, Scuole in Rete, Unicef Belluno, Prefettura e Ufficio scolastico, l\u2019evento si terr\u00e0 in Prefettura. Verranno presentati i risultati di un questionario condotto dal SerD e l\u2019indagine della Consulta del 2024. Sar\u00e0 premiato anche il concorso di pittura \u201cIl mondo che (non) vorrei\u201d. L\u2019incontro, volto a dare voce ai giovani e riconoscerne i bisogni, sar\u00e0 un&#8217;opportunit\u00e0 per rafforzare il dialogo intergenerazionale.<\/p>\n<hr \/>\n<blockquote>\n<h1 data-pm-slice=\"1 1 []\">Poste Italiane: piano di abbandono della montagna Bellunese?<\/h1>\n<\/blockquote>\n<p><img loading=\"lazy\" decoding=\"async\" class=\"alignleft\" src=\"https:\/\/www.radiopiu.net\/wordpress\/wp-content\/uploads\/2024\/07\/poste-agordo.jpeg\" width=\"270\" height=\"182\" \/>La situazione dei servizi di Poste Italiane nella provincia di Belluno desta preoccupazione, con difficolt\u00e0 nell\u2019erogazione dei servizi sia negli sportelli che nel recapito. Carenza di personale, strumentazione obsoleta, e mancanza di formazione professionale sono solo alcune delle criticit\u00e0 emerse. Il recapito soffre per mezzi inadeguati, assenza di sostituzioni per ferie e malattia dei postini, e la presenza di lavoratori precari. Nonostante gli utili, Poste continua a ridurre i servizi, alimentando il rischio di desertificazione nelle aree montane. In vista della privatizzazione, cresce il timore che i servizi essenziali vengano ulteriormente ridotti, mettendo in pericolo il Servizio Universale. La situazione ha spinto le sigle sindacali a convocare uno sciopero il 29 novembre per contrastare la svendita dei servizi pubblici.<\/p>\n<p>&nbsp;<\/p>\n<p>&nbsp;<\/p>\n<hr \/>\n<p>&nbsp;<\/p>\n<blockquote>\n<h3><a class=\"dt-pswp-item\" href=\"https:\/\/www.radiopiu.net\/wordpress\/wp-content\/uploads\/2024\/11\/Poste-Italiane-ufficio-postale-di-Voltago-Agordino.jpg\" data-dt-img-description=\"\" data-large_image_width=\"1600\" data-large_image_height=\"1200\"><img loading=\"lazy\" decoding=\"async\" class=\" wp-image-419849 alignleft\" src=\"https:\/\/www.radiopiu.net\/wordpress\/wp-content\/uploads\/2024\/11\/Poste-Italiane-ufficio-postale-di-Voltago-Agordino-300x225.jpg\" alt=\"\" width=\"152\" height=\"114\" srcset=\"https:\/\/www.radiopiu.net\/wordpress\/wp-content\/uploads\/2024\/11\/Poste-Italiane-ufficio-postale-di-Voltago-Agordino-300x225.jpg 300w, https:\/\/www.radiopiu.net\/wordpress\/wp-content\/uploads\/2024\/11\/Poste-Italiane-ufficio-postale-di-Voltago-Agordino-1024x768.jpg 1024w, https:\/\/www.radiopiu.net\/wordpress\/wp-content\/uploads\/2024\/11\/Poste-Italiane-ufficio-postale-di-Voltago-Agordino-768x576.jpg 768w, https:\/\/www.radiopiu.net\/wordpress\/wp-content\/uploads\/2024\/11\/Poste-Italiane-ufficio-postale-di-Voltago-Agordino-1536x1152.jpg 1536w, https:\/\/www.radiopiu.net\/wordpress\/wp-content\/uploads\/2024\/11\/Poste-Italiane-ufficio-postale-di-Voltago-Agordino.jpg 1600w\" sizes=\"auto, (max-width: 152px) 100vw, 152px\" \/><\/a>RIAPERTO L&#8217;UFFICO POSTALE DI VOLTAGO<\/h3>\n<\/blockquote>\n<p><strong>VOLTAGO<\/strong> Riaperto l\u2019ufficio postale di Voltago Agordino. Sono infatti terminati, nei giorni scorsi, i lavori di ristrutturazione della sede di via Trento e Trieste, per accogliere, non appena saranno operativi, tutti i principali servizi della Pubblica Amministrazione grazie al progetto \u201cPolis \u2013 Casa dei Servizi Digitali\u201d.<\/p>\n<p>&nbsp;<\/p>\n<p>&nbsp;<\/p>\n<hr \/>\n<p>&nbsp;<\/p>\n<blockquote>\n<h2>GOSETTI: DOPO LA SCONFITTA ELETTORALE ARRIVANO LE DIMISSIONI<\/h2>\n<\/blockquote>\n<p>&nbsp;<\/p>\n<p><strong><img loading=\"lazy\" decoding=\"async\" class=\"alignleft\" src=\"https:\/\/www.radiopiu.net\/wordpress\/wp-content\/uploads\/2023\/07\/MATTIA-GOSETTI.png\" width=\"209\" height=\"169\" \/>PARTE 1<\/strong><\/p>\n<p><strong>CIBIANA<\/strong><\/p>\n<p data-pm-slice=\"1 1 []\">Mattia Gosetti, ex sindaco di Cibiana di Cadore, ha rassegnato le dimissioni dalla giunta comunale. Dopo le elezioni di giugno, in cui la sua lista non era stata riconfermata e aveva vinto a sorpresa la lista civica di Sandro Gerardi, Gosetti era stato nominato assessore per seguire il progetto del Bando Borghi, finanziato con 1,6 milioni di euro dal PNRR.<\/p>\n<p>Le dimissioni, secondo il sindaco Gerardi, sono dovute agli impegni lavorativi di Gosetti, che ha deciso di concentrarsi sulla carriera da musicista. L&#8217;iter del Bando Borghi \u00e8 ora quasi completato, permettendo alla giunta di proseguire il progetto. Nei prossimi giorni, Paolo Masari\u00e8 potrebbe essere nominato nuovo assessore.<\/p>\n<p>&nbsp;<\/p>\n<hr \/>\n<hr \/>\n<p>&nbsp;<\/p>\n<blockquote>\n<h3>L&#8217;ADDESTRAMENTO DEL SOCCORSO ALPINO SULLE VIE STORICHE DELLA SCHIARA<\/h3>\n<\/blockquote>\n<p><strong>BELLUNO<\/strong> Sabato 9 e domenica 10 novembre, il Soccorso Alpino di Belluno e Agordo ha condotto un&#8217;esercitazione sui versanti nord della Schiara. La simulazione, &#8220;un soccorso nella storia&#8221;, si \u00e8 sviluppata lungo due vie storiche: la Via Polacca al Diedro Nord e la Via Santina al Nas\u00f2n. Il primo intervento, iniziato alle 2:30, ha coinvolto squadre autonome e supportate dall\u2019elicottero, che hanno attrezzato cenge esposte e effettuato complesse calate nel vuoto. Il secondo simulato, meno tecnico, ha visto l\u2019uso di barelle per il trasporto di un &#8220;infortunato&#8221; su una calata di 300 metri. L&#8217;esercitazione ha reso omaggio a figure storiche dell\u2019alpinismo locale, come Riccardo Bee e Franco Miotto. L&#8217;evento si \u00e8 concluso al Pian dei Gat, grazie alla collaborazione dell\u2019Ente Parco e dei Carabinieri Forestali.<\/p>\n<p><iframe loading=\"lazy\" title=\"ESERCITAZIONE DEL SOCCORSO ALPINO SULLA SCHIARA\" width=\"1200\" height=\"675\" src=\"https:\/\/www.youtube.com\/embed\/j4SI2cMSu5I?feature=oembed\" frameborder=\"0\" allow=\"accelerometer; autoplay; clipboard-write; encrypted-media; gyroscope; picture-in-picture; web-share\" referrerpolicy=\"strict-origin-when-cross-origin\" allowfullscreen><\/iframe><\/p>\n<p>&nbsp;<\/p>\n<hr \/>\n<p>&nbsp;<\/p>\n<blockquote>\n<h3>DOMANI LA FIERA DI SAN MARTINO A BELLUNO<\/h3>\n<\/blockquote>\n<p><strong>BELLUNO<\/strong> Il Sindaco di Belluno, Oscar De Pellegrin, invita i cittadini alla fiera di San Martino, che si terr\u00e0 domani, concludendo i festeggiamenti per il Santo Patrono e il ciclo di eventi di &#8220;Belluno Citt\u00e0 del Legno&#8221;. La fiera, simbolo della fine del raccolto e delle tradizioni locali, ospiter\u00e0 banchi nel centro storico e un&#8217;area in piazza Duomo dedicata ai prodotti agricoli locali, valorizzando le eccellenze del territorio.<\/p>\n<p><strong>IL SINDACO DI BELLUNO OSCAR DE PELLEGRIN<\/strong><\/p>\n<div style=\"width: 1200px;\" class=\"wp-video\"><video class=\"wp-video-shortcode\" id=\"video-419700-1\" width=\"1200\" height=\"675\" preload=\"metadata\" controls=\"controls\"><source type=\"video\/mp4\" src=\"https:\/\/www.radiopiu.net\/wordpress\/wp-content\/uploads\/2024\/11\/20241115_131357.mp4?_=1\" \/><a href=\"https:\/\/www.radiopiu.net\/wordpress\/wp-content\/uploads\/2024\/11\/20241115_131357.mp4\">https:\/\/www.radiopiu.net\/wordpress\/wp-content\/uploads\/2024\/11\/20241115_131357.mp4<\/a><\/video><\/div>\n<p>&nbsp;<\/p>\n<hr \/>\n<p>&nbsp;<\/p>\n<blockquote>\n<h3>OGGI L&#8217;INCONTRO SUL PAT A MEANO<\/h3>\n<\/blockquote>\n<p><strong><a class=\"dt-pswp-item\" href=\"https:\/\/www.radiopiu.net\/wordpress\/wp-content\/uploads\/2018\/03\/220px-Municipio_Santa_Giustina.jpg\" data-dt-img-description=\"\" data-large_image_width=\"220\" data-large_image_height=\"165\"><img loading=\"lazy\" decoding=\"async\" class=\" wp-image-44829 alignleft\" src=\"https:\/\/www.radiopiu.net\/wordpress\/wp-content\/uploads\/2018\/03\/220px-Municipio_Santa_Giustina.jpg\" alt=\"\" width=\"157\" height=\"118\" \/><\/a>SANTA GIUSTINA<\/strong> Proseguono le passeggiate partecipative per il Pat (Piano di assetto del territorio) di Santa Giustina. Dopo il primo incontro del 9 novembre, che ha coinvolto una trentina di cittadini nella zona centrale,oggi si terr\u00e0 una nuova passeggiata a Meano, con ritrovo alle 10 in piazza Alvisi. L\u2019iniziativa mira a raccogliere osservazioni, segnalazioni e proposte dei cittadini direttamente sul territorio, promuovendo il confronto con l\u2019Amministrazione. Il sindaco Ivan Minella sottolinea l\u2019importanza di un documento costruito insieme alla comunit\u00e0 per migliorare la qualit\u00e0 della vita e l\u2019organizzazione del territorio. L\u2019ultimo appuntamento \u00e8 previsto per il 23 novembre a Cergnai. Parallelamente, \u00e8 attivo un portale online dove i cittadini possono inviare segnalazioni e proposte, contribuendo alla pianificazione in modo diretto e collaborativo.<\/p>\n<p>&nbsp;<\/p>\n<p>&nbsp;<\/p>\n<hr \/>\n<p>&nbsp;<\/p>\n<blockquote>\n<h3>IL 23 NOVEMBRE LA FESTA DEGLI EMIGRANTI A SEREN DEL GRAPPA<\/h3>\n<\/blockquote>\n<p><strong><a class=\"dt-pswp-item\" href=\"https:\/\/www.radiopiu.net\/wordpress\/wp-content\/uploads\/2024\/11\/EMI-SEREN.png\" data-dt-img-description=\"\" data-large_image_width=\"474\" data-large_image_height=\"243\"><img loading=\"lazy\" decoding=\"async\" class=\" wp-image-419852 alignleft\" src=\"https:\/\/www.radiopiu.net\/wordpress\/wp-content\/uploads\/2024\/11\/EMI-SEREN-300x154.png\" alt=\"\" width=\"220\" height=\"113\" srcset=\"https:\/\/www.radiopiu.net\/wordpress\/wp-content\/uploads\/2024\/11\/EMI-SEREN-300x154.png 300w, https:\/\/www.radiopiu.net\/wordpress\/wp-content\/uploads\/2024\/11\/EMI-SEREN.png 474w\" sizes=\"auto, (max-width: 220px) 100vw, 220px\" \/><\/a>BELLUNO <\/strong>La Festa degli Emigranti si terr\u00e0 il 23 novembre a Seren del Grappa, celebrando le radici e l\u2019identit\u00e0 bellunese. L\u2019evento, sostenuto dal PNRR \u201cTurismo delle radici\u201d, vedr\u00e0 la partecipazione di autorit\u00e0, emigranti e figure di spicco. Dopo il ritrovo in Piazza di Rasai alle 9.00, un corteo accompagnato dalla Banda di Arsi\u00e9 raggiunger\u00e0 la Sala Teatro per la XXIV edizione del Premio Internazionale \u201cBellunesi che onorano la provincia di Belluno\u201d, con la conduzione di Nicola Maccagnan e interventi musicali di Pio Sagrillo e Omar Tonin. Alle 12.30, presso gli impianti sportivi, si terranno i saluti ufficiali e il \u201cPranzo dell\u2019emigrante\u201d, seguito nel pomeriggio da uno spettacolo del Gruppo Folk di Cesiomaggiore, la presentazione di una guida turistica e un laboratorio sulle migrazioni. La giornata sar\u00e0 un\u2019occasione di memoria e condivisione per onorare chi mantiene viva l\u2019eredit\u00e0 culturale bellunese nel mondo.<\/p>\n<p>&nbsp;<\/p>\n<p>&nbsp;<\/p>\n<hr \/>\n<p>&nbsp;<\/p>\n<blockquote>\n<p data-pm-slice=\"1 1 []\"><strong><a class=\"dt-pswp-item\" href=\"https:\/\/www.radiopiu.net\/wordpress\/wp-content\/uploads\/2022\/12\/MUNICIPIO-AGORDO.png\" data-dt-img-description=\"\" data-large_image_width=\"1890\" data-large_image_height=\"1210\"><img loading=\"lazy\" decoding=\"async\" class=\" wp-image-309882 alignleft\" src=\"https:\/\/www.radiopiu.net\/wordpress\/wp-content\/uploads\/2022\/12\/MUNICIPIO-AGORDO-300x192.png\" alt=\"\" width=\"191\" height=\"122\" srcset=\"https:\/\/www.radiopiu.net\/wordpress\/wp-content\/uploads\/2022\/12\/MUNICIPIO-AGORDO-300x192.png 300w, https:\/\/www.radiopiu.net\/wordpress\/wp-content\/uploads\/2022\/12\/MUNICIPIO-AGORDO-1024x656.png 1024w, https:\/\/www.radiopiu.net\/wordpress\/wp-content\/uploads\/2022\/12\/MUNICIPIO-AGORDO-768x492.png 768w, https:\/\/www.radiopiu.net\/wordpress\/wp-content\/uploads\/2022\/12\/MUNICIPIO-AGORDO-1536x983.png 1536w, https:\/\/www.radiopiu.net\/wordpress\/wp-content\/uploads\/2022\/12\/MUNICIPIO-AGORDO.png 1890w\" sizes=\"auto, (max-width: 191px) 100vw, 191px\" \/><\/a>Consiglio Comunale di Agordo: due punti in agenda<\/strong><\/p>\n<\/blockquote>\n<p><strong>AGORDO<\/strong><\/p>\n<p data-pm-slice=\"1 1 []\">Luned\u00ec alle 19, il Municipio di Agordo ospiter\u00e0 il consiglio comunale convocato dal sindaco Roberto Chissal\u00e8. Tra i punti all\u2019ordine del giorno: l\u2019approvazione del nuovo regolamento della biblioteca civica e della carta dei servizi. Un tema di grande interesse sar\u00e0 inoltre il dibattito sulla sicurezza e il decoro urbano della citt\u00e0. L\u2019incontro sar\u00e0 trasmesso in diretta sui canali social di RADIOPIU, garantendo trasparenza e coinvolgimento per tutti i cittadini.<\/p>\n<hr \/>\n<h2><\/h2>\n<h2>DA LUNEDI ALLA RADIO&#8230; SCUOLA APERTA AL FOLLADOR DE ROSSI<\/h2>\n<p><strong>LA SETTIMANA INFORMATIVA<\/strong><\/p>\n<blockquote>\n<h2><img decoding=\"async\" class=\"alignleft\" src=\"https:\/\/www.radiopiu.net\/wordpress\/wp-content\/uploads\/2021\/12\/follador-offerta-copia.jpg\" \/><\/h2>\n<\/blockquote>\n<p>&nbsp;<\/p>\n<p>DA LUNEDI SETTIMANA SPECIALE ALLA RADIO&#8230; FOLLADOR DE ROSSI! L&#8217;OFFERTA SCOLASTICA DALL&#8217;AGORDINA, DA AGORDO A FALCADE, GIORNO PER GIORNO SCOPRIAMO L&#8217;ISTITUTO MINERARIO, CHIMICO, IL LICEO, LE PECULIARITA&#8217; DELLA SCUOLA DI FALCADE CON ANNESSO CONVITTO<br \/>\n<strong>DA LUNEDI 18 NOVEMBRE ALLA RADIO FM-DAB+VENETO-STREAMING IN TUTTO IL MONDO, ALLE 11 E ALLE 19.30<\/strong><\/p>\n<audio class=\"wp-audio-shortcode\" id=\"audio-419700-11\" preload=\"none\" style=\"width: 100%;\" controls=\"controls\"><source type=\"audio\/mpeg\" src=\"https:\/\/www.radiopiu.net\/wordpress\/wp-content\/uploads\/2024\/11\/scuola-aperta-24-follador.mp3?_=11\" \/><a href=\"https:\/\/www.radiopiu.net\/wordpress\/wp-content\/uploads\/2024\/11\/scuola-aperta-24-follador.mp3\">https:\/\/www.radiopiu.net\/wordpress\/wp-content\/uploads\/2024\/11\/scuola-aperta-24-follador.mp3<\/a><\/audio>\n<p>&nbsp;<\/p>\n<p>&nbsp;<\/p>\n<hr \/>\n<p>&nbsp;<\/p>\n<p>&nbsp;<\/p>\n<blockquote>\n<p data-pm-slice=\"1 1 []\"><strong>Concorso per 33 atleti nei gruppi sportivi Fiamme Oro della Polizia di Stato<\/strong><\/p>\n<\/blockquote>\n<p>Sul Portale Unico del reclutamento, all&#8217;indirizzo <a>www.inpa.gov.it<\/a> e sul sito <a>www.poliziadistato.it<\/a>, \u00e8 stato pubblicato il 14 novembre 2024 un bando di concorso pubblico per titoli, finalizzato all&#8217;assunzione di 33 atleti da destinare ai gruppi sportivi \u201cPolizia di Stato \u2013 Fiamme Oro\u201d. Gli atleti selezionati saranno inquadrati nel ruolo degli agenti e assistenti della Polizia di Stato, con qualifica di agente.<\/p>\n<p>&nbsp;<\/p>\n<p>&nbsp;<\/p>\n<hr \/>\n<p>&nbsp;<\/p>\n<blockquote>\n<h3>UN CORSO DI DIFESA CONTRO LA VIOLENZA SULLE DONNE<\/h3>\n<\/blockquote>\n<p><strong>BELLUNO<\/strong> In occasione della giornata mondiale contro la violenza sulle donne, l&#8217;associazione Urban Krav Maga, con il patrocinio del Comune di Belluno, organizza una lezione gratuita di &#8220;Difesa femminile&#8221; il 26 novembre alle 20 presso la palestra del Liceo scientifico di Belluno. L&#8217;evento, guidato dall&#8217;istruttore Cristian Burde, mira a fornire alle donne strumenti utili per gestire la paura e affrontare aggressioni, sia a livello teorico che pratico. Burde sottolinea l&#8217;importanza della prevenzione e della consapevolezza dell&#8217;ambiente circostante come base per la difesa personale. La serata sar\u00e0 aperta a donne di tutte le et\u00e0 e includer\u00e0 dimostrazioni pratiche di tecniche di difesa e fuga in caso di aggressione.<\/p>\n<p>&nbsp;<\/p>\n<p>&nbsp;<\/p>\n<hr \/>\n<p>&nbsp;<\/p>\n<blockquote><p><a class=\"dt-pswp-item\" href=\"https:\/\/www.radiopiu.net\/wordpress\/wp-content\/uploads\/2024\/11\/NUDM-23-25-LOCANDINA.jpg\" data-dt-img-description=\"Screenshot\" data-large_image_width=\"1269\" data-large_image_height=\"1793\"><img loading=\"lazy\" decoding=\"async\" class=\" wp-image-419816 alignleft\" src=\"https:\/\/www.radiopiu.net\/wordpress\/wp-content\/uploads\/2024\/11\/NUDM-23-25-LOCANDINA-212x300.jpg\" alt=\"\" width=\"131\" height=\"185\" srcset=\"https:\/\/www.radiopiu.net\/wordpress\/wp-content\/uploads\/2024\/11\/NUDM-23-25-LOCANDINA-212x300.jpg 212w, https:\/\/www.radiopiu.net\/wordpress\/wp-content\/uploads\/2024\/11\/NUDM-23-25-LOCANDINA-725x1024.jpg 725w, https:\/\/www.radiopiu.net\/wordpress\/wp-content\/uploads\/2024\/11\/NUDM-23-25-LOCANDINA-768x1085.jpg 768w, https:\/\/www.radiopiu.net\/wordpress\/wp-content\/uploads\/2024\/11\/NUDM-23-25-LOCANDINA-1087x1536.jpg 1087w, https:\/\/www.radiopiu.net\/wordpress\/wp-content\/uploads\/2024\/11\/NUDM-23-25-LOCANDINA.jpg 1269w\" sizes=\"auto, (max-width: 131px) 100vw, 131px\" \/><\/a><\/p>\n<p data-pm-slice=\"1 1 []\"><strong>Iniziative in Provincia di Belluno per la Giornata Internazionale contro la Violenza sulle Donne<\/strong><\/p>\n<\/blockquote>\n<p><strong>BELLUNO<\/strong><\/p>\n<p data-pm-slice=\"1 1 []\">In occasione della Giornata Internazionale contro la violenza sulle donne, la Provincia di Belluno si mobilita con due iniziative, in parallelo con le manifestazioni nazionali di Non Una di Meno a Roma e Palermo il 23 novembre. Sabato 23 novembre, dalle ore 14,\u00a0 ai Giardini della Stazione Ferroviaria di Belluno (Parco dell\u2019Artigliere)\u00a0 racconto delle varie forme di violenza subite da donne. Luned\u00ec 25 novembre, alle 20,\u00a0 dal Parco Bologna passeggiata notturna con musica e canti,<\/p>\n<p>&nbsp;<\/p>\n<p>&nbsp;<\/p>\n<p>&nbsp;<\/p>\n<hr \/>\n<p>&nbsp;<\/p>\n<blockquote>\n<h3>LA GIORNATA EUROPEA SULLA CONSAPEVOLEZZA DEGLI ANTIBIOTICI<\/h3>\n<\/blockquote>\n<p><strong><a class=\"dt-pswp-item\" href=\"https:\/\/www.radiopiu.net\/wordpress\/wp-content\/uploads\/2021\/03\/ULSS-1.jpg\" data-dt-img-description=\"\" data-large_image_width=\"776\" data-large_image_height=\"408\"><img loading=\"lazy\" decoding=\"async\" class=\" wp-image-198838 alignleft\" src=\"https:\/\/www.radiopiu.net\/wordpress\/wp-content\/uploads\/2021\/03\/ULSS-1-300x158.jpg\" alt=\"\" width=\"241\" height=\"127\" srcset=\"https:\/\/www.radiopiu.net\/wordpress\/wp-content\/uploads\/2021\/03\/ULSS-1-300x158.jpg 300w, https:\/\/www.radiopiu.net\/wordpress\/wp-content\/uploads\/2021\/03\/ULSS-1-768x404.jpg 768w, https:\/\/www.radiopiu.net\/wordpress\/wp-content\/uploads\/2021\/03\/ULSS-1.jpg 776w\" sizes=\"auto, (max-width: 241px) 100vw, 241px\" \/><\/a>BELLUNO<\/strong> In occasione della giornata europea sulla consapevolezza degli antibiotici, l\u2019Ulss Dolomiti organizza un incontro online aperto ai cittadini per sensibilizzare sull&#8217;uso consapevole degli antibiotici e il problema della resistenza antimicrobica (AMR). L\u2019evento si terr\u00e0 luned\u00ec 18 novembre 2024 alle 17:00. Tra i relatori, la Dott.ssa Giorgia Marcato discuter\u00e0 delle buone pratiche sull\u2019uso degli antibiotici, il Dott. Damiano Comin affronter\u00e0 l&#8217;AMR nel settore animale e agroalimentare, e il Dott. Renzo Scaggiante spiegher\u00e0 l&#8217;efficacia e i rischi degli antibiotici. Altri interventi tratteranno l\u2019appropriatezza prescrittiva e le regole per un uso corretto degli antibiotici.<\/p>\n<p>&nbsp;<\/p>\n<p>&nbsp;<\/p>\n<hr \/>\n<p>&nbsp;<\/p>\n<blockquote>\n<p data-pm-slice=\"1 1 []\"><strong><a class=\"dt-pswp-item\" href=\"https:\/\/www.radiopiu.net\/wordpress\/wp-content\/uploads\/2024\/11\/PERAROLO.png\" data-dt-img-description=\"\" data-large_image_width=\"211\" data-large_image_height=\"208\"><img loading=\"lazy\" decoding=\"async\" class=\" wp-image-419488 alignleft\" src=\"https:\/\/www.radiopiu.net\/wordpress\/wp-content\/uploads\/2024\/11\/PERAROLO.png\" alt=\"\" width=\"132\" height=\"130\" \/><\/a>La Pro Loco di Perarolo di Cadore propone una serata dedicata al cinema<\/strong><\/p>\n<\/blockquote>\n<p><strong>PERAROLO <\/strong>Oggi alle 20:30, la Sala Polivalente di Caralte ospiter\u00e0 una serata speciale organizzata dalla Pro Loco di Perarolo di Cadore, in collaborazione con l\u2019Associazione FERROVIE ARRUGINITE e l\u2019Azienda Agricola Dam\u00f2s, con il patrocinio del Comune. Verr\u00e0 raccontata la storia dei film girati presso la Stazione di Perarolo, con proiezioni e testimonianze dirette. Tra le pellicole proposte: <em>Maria Zef<\/em> (1981), <em>Il Segreto del Bosco Vecchio<\/em> (1993) e <em>Piccoli Maestri<\/em> (1997). La serata si chiuder\u00e0 con un momento conviviale.<\/p>\n<p>&nbsp;<\/p>\n<p>&nbsp;<\/p>\n<hr \/>\n<p>&nbsp;<\/p>\n<p>&nbsp;<\/p>\n<p><strong><a class=\"dt-pswp-item\" href=\"https:\/\/www.radiopiu.net\/wordpress\/wp-content\/uploads\/2024\/11\/AMICI-MINERARI.png\" data-dt-img-description=\"\" data-large_image_width=\"209\" data-large_image_height=\"174\"><img loading=\"lazy\" decoding=\"async\" class=\"size-full wp-image-419180 alignleft\" src=\"https:\/\/www.radiopiu.net\/wordpress\/wp-content\/uploads\/2024\/11\/AMICI-MINERARI.png\" alt=\"\" width=\"209\" height=\"174\" \/><\/a>&#8220;Con gli Amici dei Minerari: Serate d&#8217;Inverno \u2013 un viaggio tra storia, scienza e meraviglie. Incontri presso la Sala con T\u00e0-Mis. Non mancare!&#8221;<\/strong><\/p>\n<ul>\n<li><em>Venerd\u00ec 22 novembre, ore 20:30<\/em>: &#8220;Ma le Dolomiti cosa sono? Dalla prosa di Dino Buzzati alla geologia di Bruno Castiglioni&#8221; \u2013 Relatore Danilo Giordano.<\/li>\n<li><em>Venerd\u00ec 20 dicembre, ore 20:30<\/em>: &#8220;La morfogenesi delle frane&#8221; \u2013 Relatore Prof. Vittorio Fenti.<\/li>\n<li><em>Venerd\u00ec 24 gennaio, ore 20:30<\/em>: &#8220;Il meraviglioso mondo dei fossili delle Dolomiti&#8221; \u2013 Relatore Danilo Giordano.<\/li>\n<li><em>Venerd\u00ec 21 febbraio, ore 20:30<\/em>: &#8220;Il traforo del Brennero: studio, progettazione e realizzazione&#8221; \u2013 Relatori Vittorio Fenti e Mario Guadagnini.<\/li>\n<\/ul>\n<p><strong>Vivi la cultura e la passione per la montagna!<\/strong><\/p>\n<p>&nbsp;<\/p>\n<p>&nbsp;<\/p>\n<hr \/>\n<p>&nbsp;<\/p>\n<blockquote>\n<h3>DOMANI IN SALA DON TAMIS L&#8217;ULTIMO APPUNTAMENTO DELLA RASSEGNA MUSICA NELL&#8217;AGORDINO<\/h3>\n<\/blockquote>\n<p><strong><a class=\"dt-pswp-item\" href=\"https:\/\/www.radiopiu.net\/wordpress\/wp-content\/uploads\/2021\/07\/SALA-DON-TAMIS.png\" data-dt-img-description=\"\" data-large_image_width=\"1354\" data-large_image_height=\"920\"><img loading=\"lazy\" decoding=\"async\" class=\" wp-image-220859 alignleft\" src=\"https:\/\/www.radiopiu.net\/wordpress\/wp-content\/uploads\/2021\/07\/SALA-DON-TAMIS-300x204.png\" alt=\"\" width=\"154\" height=\"105\" srcset=\"https:\/\/www.radiopiu.net\/wordpress\/wp-content\/uploads\/2021\/07\/SALA-DON-TAMIS-300x204.png 300w, https:\/\/www.radiopiu.net\/wordpress\/wp-content\/uploads\/2021\/07\/SALA-DON-TAMIS-1024x696.png 1024w, https:\/\/www.radiopiu.net\/wordpress\/wp-content\/uploads\/2021\/07\/SALA-DON-TAMIS-768x522.png 768w, https:\/\/www.radiopiu.net\/wordpress\/wp-content\/uploads\/2021\/07\/SALA-DON-TAMIS.png 1354w\" sizes=\"auto, (max-width: 154px) 100vw, 154px\" \/><\/a>AGORDO<\/strong> Domani ad Agordo, alle 16 in Sala Tamis, si terr\u00e0 un evento speciale per l&#8217;ultimo appuntamento della rassegna &#8220;Musica nell&#8217;Agordino&#8221;: la proiezione del film muto restaurato sulla spedizione antartica di Sir Ernest Shackleton e il suo equipaggio, rimasti intrappolati nei ghiacci tra il 1914 e il 1916. La pellicola, concessa dal British Film Institute, racconta l&#8217;incredibile avventura vissuta in condizioni estreme. In omaggio alla tradizione dei film muti, la proiezione sar\u00e0 accompagnata dal fisarmonicista Paolo Forte, noto per le sue esibizioni nelle localit\u00e0 montane del Bellunese. L&#8217;evento, organizzato con la collaborazione del CAI, del Circolo Culturale Agordino e del Circolo Fotografico Agordino, \u00e8 a ingresso libero.<\/p>\n<p>&nbsp;<\/p>\n<p>&nbsp;<\/p>\n<hr \/>\n<p>&nbsp;<\/p>\n<div class=\"flex max-w-full flex-col flex-grow\">\n<div class=\"min-h-8 text-message flex w-full flex-col items-end gap-2 whitespace-normal break-words [.text-message+&amp;]:mt-5\" dir=\"auto\" data-message-author-role=\"assistant\" data-message-id=\"c3d47f35-dbf0-420d-bed1-ce0eab660a3f\" data-message-model-slug=\"gpt-4o-mini\">\n<div class=\"flex w-full flex-col gap-1 empty:hidden first:pt-[3px]\">\n<div class=\"markdown prose w-full break-words dark:prose-invert dark\">\n<blockquote>\n<h3><strong><a class=\"dt-pswp-item\" href=\"https:\/\/www.radiopiu.net\/wordpress\/wp-content\/uploads\/2024\/11\/Senza-nome-9.png\" data-dt-img-description=\"\" data-large_image_width=\"192\" data-large_image_height=\"246\"><img loading=\"lazy\" decoding=\"async\" class=\"wp-image-417941 alignleft\" src=\"https:\/\/www.radiopiu.net\/wordpress\/wp-content\/uploads\/2024\/11\/Senza-nome-9.png\" alt=\"\" width=\"99\" height=\"127\" \/><\/a>\u201cSpazio 32026\u201d a Borgo Valbelluna: un nuovo punto di ritrovo per i giovani<\/strong><\/h3>\n<\/blockquote>\n<\/div>\n<\/div>\n<\/div>\n<\/div>\n<p><strong>BORGO VALBELLUNA<\/strong> Dal 18 novembre, l\u2019Amministrazione Comunale di Borgo Valbelluna, insieme a Societ\u00e0 Nuova, inaugura \u201cSpazio 32026\u201d, uno spazio pomeridiano per studenti delle scuole secondarie di primo grado. Situato al Palazzo delle Contesse, offre supporto compiti e attivit\u00e0 scelte dai ragazzi, aiutati da educatori. Obiettivo: promuovere autonomia, creativit\u00e0 e gestione delle emozioni.<\/p>\n<p>&nbsp;<\/p>\n<p>&nbsp;<\/p>\n<p>&nbsp;<\/p>\n<hr \/>\n<p>&nbsp;<\/p>\n<blockquote>\n<h1>A RADIO PIU&#8217;&#8230;Tony Cicco: Il Batterista Leggendario della Formula 3<\/h1>\n<\/blockquote>\n<p data-pm-slice=\"1 1 []\"><strong><a class=\"dt-pswp-item\" href=\"https:\/\/www.radiopiu.net\/wordpress\/wp-content\/uploads\/2024\/11\/formula_3_loc.jpg\" data-dt-img-description=\"\" data-large_image_width=\"600\" data-large_image_height=\"821\"><img loading=\"lazy\" decoding=\"async\" class=\"size-medium wp-image-419609 alignleft\" src=\"https:\/\/www.radiopiu.net\/wordpress\/wp-content\/uploads\/2024\/11\/formula_3_loc-219x300.jpg\" alt=\"\" width=\"219\" height=\"300\" srcset=\"https:\/\/www.radiopiu.net\/wordpress\/wp-content\/uploads\/2024\/11\/formula_3_loc-219x300.jpg 219w, https:\/\/www.radiopiu.net\/wordpress\/wp-content\/uploads\/2024\/11\/formula_3_loc.jpg 600w\" sizes=\"auto, (max-width: 219px) 100vw, 219px\" \/><\/a>REDAZIONE<\/strong> Era il 1983, la calda estate dell&#8217;83, quando in piazza San Rocco a Taibon Agordino si facevano girare i primi 45 giri, ne servivano tanti, ma buoni. I nostri fornitori erano i gestori dei Bar, dove non mancava il juke box e ogni tanto &#8211; spesso &#8211; cambiavano i dischi e noi facevamo da ecocentro. Sono ancora qui, conservati negli archivi della Radio. In mezzo a questo scrigno di musica da met\u00e0 anni Settanta in poi non mancano i dischi della Formula 3, accanto a quelli di Battisti, Mina, Modugno, Celentano, Dalla e ovviamente Vasco Rossi, quello di primo pelo. Intervistare Tony Cicco, dopo 41 anni di Radio \u00e8 stato emozionante. Tony con la Formula 3 sar\u00e0 a Belluno, Teatro Dino Buzzati, venerdi 6 dicembre alle 21 (prevendite su liveticket.it)<\/p>\n<p data-pm-slice=\"1 1 []\"><strong>L&#8217;INTERVISTA DI MIRKO MEZZACASA<\/strong><\/p>\n<audio class=\"wp-audio-shortcode\" id=\"audio-419700-12\" preload=\"none\" style=\"width: 100%;\" controls=\"controls\"><source type=\"audio\/mpeg\" src=\"https:\/\/www.radiopiu.net\/wordpress\/wp-content\/uploads\/2024\/11\/TONI-CICCO.mp3?_=12\" \/><a href=\"https:\/\/www.radiopiu.net\/wordpress\/wp-content\/uploads\/2024\/11\/TONI-CICCO.mp3\">https:\/\/www.radiopiu.net\/wordpress\/wp-content\/uploads\/2024\/11\/TONI-CICCO.mp3<\/a><\/audio>\n<p>&nbsp;<\/p>\n<p>&nbsp;<\/p>\n<blockquote>\n<p data-pm-slice=\"1 1 []\"><em><img decoding=\"async\" src=\"https:\/\/www.radiopiu.net\/wordpress\/wp-content\/uploads\/2024\/11\/tony-cicco-min-750x375.jpg.webp\" \/><\/em><\/p>\n<p data-pm-slice=\"1 1 []\"><em>Tony Cicco, musicista e fondatore della storica band Formula 3, ha lasciato un&#8217;impronta indelebile nella musica italiana. Diplomato al conservatorio di Napoli, inizi\u00f2 la carriera come batterista suonando nei locali con vari complessi. La svolta arriv\u00f2 con la fondazione della Formula 3, gruppo con cui intraprese una fruttuosa collaborazione con Lucio Battisti. \u201cDopo un concerto a Milano, Battisti venne a trovarci nel camerino e, colmo di entusiasmo, ci propose di lavorare insieme,\u201d ha raccontato Cicco. Questa collaborazione dur\u00f2 quattro anni, durante i quali la band accompagn\u00f2 Battisti nei suoi rari concerti italiani. Dopo lo scioglimento della Formula 3, Tony Cicco intraprese una carriera da solista e scrisse brani per celebri artisti come Loredana Bert\u00e8, Fiorella Mannoia e Raffaella Carr\u00e0. L&#8217;amore per la musica \u00e8 una tradizione di famiglia: suo padre dirigeva una banda e il fratello Ciro, prodigioso batterista, lo ispir\u00f2 fin da giovane. Grazie a queste influenze, Cicco trasform\u00f2 la passione in una carriera di successo.<\/em><\/p>\n<\/blockquote>\n<p>&nbsp;<\/p>\n<hr \/>\n<p>&nbsp;<\/p>\n<h2><span style=\"color: #ff6600;\">IERI ALLA RADIO\u00a0\u00a0<\/span><\/h2>\n<h2><span style=\"color: #000000;\"><span style=\"color: #808000;\">\u00a0&#8220;DINTORN E FORA VIA&#8221;\u00a0 IL PROGRAMMA\u00a0 A CURA DEL MUSLA\u00a0\u00a0<\/span><strong>\u00a0 \u00a0<\/strong><\/span><span style=\"color: #ff0000;\">\u00a0<\/span><\/h2>\n<h1 style=\"text-align: center;\"><span style=\"color: #ff0000;\">TERZO\u00a0 ANNO\u00a0 \u00a02024\u00a0<\/span><\/h1>\n<p><strong><a class=\"dt-pswp-item\" href=\"https:\/\/www.radiopiu.net\/wordpress\/wp-content\/uploads\/2024\/11\/37d09bad-3bd5-4c71-873e-a72b8c7b88d3.jpg\" data-dt-img-description=\"\" data-large_image_width=\"1124\" data-large_image_height=\"318\"><img loading=\"lazy\" decoding=\"async\" class=\"size-medium wp-image-419800 alignleft\" src=\"https:\/\/www.radiopiu.net\/wordpress\/wp-content\/uploads\/2024\/11\/37d09bad-3bd5-4c71-873e-a72b8c7b88d3-300x85.jpg\" alt=\"\" width=\"300\" height=\"85\" srcset=\"https:\/\/www.radiopiu.net\/wordpress\/wp-content\/uploads\/2024\/11\/37d09bad-3bd5-4c71-873e-a72b8c7b88d3-300x85.jpg 300w, https:\/\/www.radiopiu.net\/wordpress\/wp-content\/uploads\/2024\/11\/37d09bad-3bd5-4c71-873e-a72b8c7b88d3-1024x290.jpg 1024w, https:\/\/www.radiopiu.net\/wordpress\/wp-content\/uploads\/2024\/11\/37d09bad-3bd5-4c71-873e-a72b8c7b88d3-768x217.jpg 768w, https:\/\/www.radiopiu.net\/wordpress\/wp-content\/uploads\/2024\/11\/37d09bad-3bd5-4c71-873e-a72b8c7b88d3-350x100.jpg 350w, https:\/\/www.radiopiu.net\/wordpress\/wp-content\/uploads\/2024\/11\/37d09bad-3bd5-4c71-873e-a72b8c7b88d3.jpg 1124w\" sizes=\"auto, (max-width: 300px) 100vw, 300px\" \/><\/a>PUNTATA 15 NOVEMBRE MICHELA DELL&#8217;OSBEL<\/strong><\/p>\n<audio class=\"wp-audio-shortcode\" id=\"audio-419700-13\" preload=\"none\" style=\"width: 100%;\" controls=\"controls\"><source type=\"audio\/mpeg\" src=\"https:\/\/www.radiopiu.net\/wordpress\/wp-content\/uploads\/2024\/11\/MUSLA-3.mp3?_=13\" \/><a href=\"https:\/\/www.radiopiu.net\/wordpress\/wp-content\/uploads\/2024\/11\/MUSLA-3.mp3\">https:\/\/www.radiopiu.net\/wordpress\/wp-content\/uploads\/2024\/11\/MUSLA-3.mp3<\/a><\/audio>\n<p>&nbsp;<\/p>\n<p>&nbsp;<\/p>\n<hr \/>\n<p>&nbsp;<\/p>\n<h2><span style=\"color: #ffcc00;\">SPECIALE CASSA SOLIDARIETA&#8217; AZIENDALE LAVORATORI LUXOTTICA<\/span><\/h2>\n<p>&nbsp;<\/p>\n<p><strong><a class=\"dt-pswp-item\" href=\"https:\/\/www.radiopiu.net\/wordpress\/wp-content\/uploads\/2020\/06\/cassa-solidarieta-luxottica.jpg\" data-dt-img-description=\"\" data-large_image_width=\"1167\" data-large_image_height=\"574\"><img loading=\"lazy\" decoding=\"async\" class=\"alignleft wp-image-145244 \" src=\"https:\/\/www.radiopiu.net\/wordpress\/wp-content\/uploads\/2020\/06\/cassa-solidarieta-luxottica-300x148.jpg\" alt=\"\" width=\"191\" height=\"94\" srcset=\"https:\/\/www.radiopiu.net\/wordpress\/wp-content\/uploads\/2020\/06\/cassa-solidarieta-luxottica-300x148.jpg 300w, https:\/\/www.radiopiu.net\/wordpress\/wp-content\/uploads\/2020\/06\/cassa-solidarieta-luxottica-1024x504.jpg 1024w, https:\/\/www.radiopiu.net\/wordpress\/wp-content\/uploads\/2020\/06\/cassa-solidarieta-luxottica-768x378.jpg 768w, https:\/\/www.radiopiu.net\/wordpress\/wp-content\/uploads\/2020\/06\/cassa-solidarieta-luxottica.jpg 1167w\" sizes=\"auto, (max-width: 191px) 100vw, 191px\" \/><\/a>di Mirko Mezzacasa<\/strong><\/p>\n<p>OSPITE: Paolo Chissal\u00e8<\/p>\n<p>&nbsp;<\/p>\n<p>&nbsp;<\/p>\n<audio class=\"wp-audio-shortcode\" id=\"audio-419700-14\" preload=\"none\" style=\"width: 100%;\" controls=\"controls\"><source type=\"audio\/mpeg\" src=\"https:\/\/www.radiopiu.net\/wordpress\/wp-content\/uploads\/2024\/11\/CASSA-SOLIDARIETA-LAVORATORI-LUXOTTICA-NOVEMBRE-2024-PAOLO-CHISSALE.mp3?_=14\" \/><a href=\"https:\/\/www.radiopiu.net\/wordpress\/wp-content\/uploads\/2024\/11\/CASSA-SOLIDARIETA-LAVORATORI-LUXOTTICA-NOVEMBRE-2024-PAOLO-CHISSALE.mp3\">https:\/\/www.radiopiu.net\/wordpress\/wp-content\/uploads\/2024\/11\/CASSA-SOLIDARIETA-LAVORATORI-LUXOTTICA-NOVEMBRE-2024-PAOLO-CHISSALE.mp3<\/a><\/audio>\n<p>&nbsp;<\/p>\n<p>&nbsp;<\/p>\n<p>&nbsp;<\/p>\n<hr \/>\n<p>&nbsp;<\/p>\n<h2><span style=\"color: #800080;\">MUSIC A B C, IL MONDO DELLA MUSICA UNA LETTERA ALLA VOLTA<\/span><\/h2>\n<p><span style=\"color: #ff0000;\"><strong><a class=\"dt-pswp-item\" href=\"https:\/\/www.radiopiu.net\/wordpress\/wp-content\/uploads\/2021\/07\/microfono-radio-ok-768x448-768x448-1.jpg\" data-dt-img-description=\"\" data-large_image_width=\"768\" data-large_image_height=\"448\"><img loading=\"lazy\" decoding=\"async\" class=\" wp-image-220632 alignleft\" src=\"https:\/\/www.radiopiu.net\/wordpress\/wp-content\/uploads\/2021\/07\/microfono-radio-ok-768x448-768x448-1-300x175.jpg\" alt=\"\" width=\"148\" height=\"86\" srcset=\"https:\/\/www.radiopiu.net\/wordpress\/wp-content\/uploads\/2021\/07\/microfono-radio-ok-768x448-768x448-1-300x175.jpg 300w, https:\/\/www.radiopiu.net\/wordpress\/wp-content\/uploads\/2021\/07\/microfono-radio-ok-768x448-768x448-1.jpg 768w\" sizes=\"auto, (max-width: 148px) 100vw, 148px\" \/><\/a>CON MARINA DONA&#8217; E DAVID &#8220;ATHOS&#8221; BEN<\/strong><\/span><\/p>\n<p><span style=\"color: #0000ff;\"><strong>PUNTATA DEL 15 NOVEMBRE 2024<\/strong><\/span><\/p>\n<p><strong>PRIMA PARTE<\/strong><\/p>\n<audio class=\"wp-audio-shortcode\" id=\"audio-419700-15\" preload=\"none\" style=\"width: 100%;\" controls=\"controls\"><source type=\"audio\/mpeg\" src=\"https:\/\/www.radiopiu.net\/wordpress\/wp-content\/uploads\/2024\/11\/GOLD1-1.mp3?_=15\" \/><a href=\"https:\/\/www.radiopiu.net\/wordpress\/wp-content\/uploads\/2024\/11\/GOLD1-1.mp3\">https:\/\/www.radiopiu.net\/wordpress\/wp-content\/uploads\/2024\/11\/GOLD1-1.mp3<\/a><\/audio>\n<p>&nbsp;<\/p>\n<p><strong>SECONDA PARTE<\/strong><\/p>\n<audio class=\"wp-audio-shortcode\" id=\"audio-419700-16\" preload=\"none\" style=\"width: 100%;\" controls=\"controls\"><source type=\"audio\/mpeg\" src=\"https:\/\/www.radiopiu.net\/wordpress\/wp-content\/uploads\/2024\/11\/GOLD2-1.mp3?_=16\" \/><a href=\"https:\/\/www.radiopiu.net\/wordpress\/wp-content\/uploads\/2024\/11\/GOLD2-1.mp3\">https:\/\/www.radiopiu.net\/wordpress\/wp-content\/uploads\/2024\/11\/GOLD2-1.mp3<\/a><\/audio>\n<p>&nbsp;<\/p>\n<p><strong>TERZA PARTE<\/strong><\/p>\n<audio class=\"wp-audio-shortcode\" id=\"audio-419700-17\" preload=\"none\" style=\"width: 100%;\" controls=\"controls\"><source type=\"audio\/mpeg\" src=\"https:\/\/www.radiopiu.net\/wordpress\/wp-content\/uploads\/2024\/11\/GOLD3-1.mp3?_=17\" \/><a href=\"https:\/\/www.radiopiu.net\/wordpress\/wp-content\/uploads\/2024\/11\/GOLD3-1.mp3\">https:\/\/www.radiopiu.net\/wordpress\/wp-content\/uploads\/2024\/11\/GOLD3-1.mp3<\/a><\/audio>\n<p>&nbsp;<\/p>\n<h2>LA RACCOLTA COMPLETA <a href=\"https:\/\/www.radiopiu.net\/wordpress\/music-a-b-c-il-mondo-della-musica-una-lettera-alla-volta-la-raccolta\/\"><span style=\"color: #3366ff;\">CLICCA QUI<\/span><\/a><\/h2>\n<p>&nbsp;<\/p>\n<hr \/>\n<p>&nbsp;<\/p>\n<h2 data-pm-slice=\"1 1 []\"><span style=\"color: #008080;\">AGORDO, 70 ANNI DEL SOCCORSO ALPINO. BIEN &#8220;SONO GIA&#8217; UN PO&#8217; IN AFFANNO&#8230;&#8221;<\/span><\/h2>\n<p><strong>DI MIRKO MEZZACASA<\/strong><\/p>\n<p><strong>OSPITI DIEGO FAVERO ED EUGENIO BIEN<\/strong><\/p>\n<p><strong>AUDIO<\/strong><\/p>\n<audio class=\"wp-audio-shortcode\" id=\"audio-419700-18\" preload=\"none\" style=\"width: 100%;\" controls=\"controls\"><source type=\"audio\/mpeg\" src=\"https:\/\/www.radiopiu.net\/wordpress\/wp-content\/uploads\/2024\/11\/eugenio-bien-e-diego-favero.mp3?_=18\" \/><a href=\"https:\/\/www.radiopiu.net\/wordpress\/wp-content\/uploads\/2024\/11\/eugenio-bien-e-diego-favero.mp3\">https:\/\/www.radiopiu.net\/wordpress\/wp-content\/uploads\/2024\/11\/eugenio-bien-e-diego-favero.mp3<\/a><\/audio>\n<p>&nbsp;<\/p>\n<p><a class=\"dt-pswp-item\" href=\"https:\/\/www.radiopiu.net\/wordpress\/wp-content\/uploads\/2024\/11\/455240155_10226075975071888_9129546270403361456_n.jpg\" data-dt-img-description=\"\" data-large_image_width=\"402\" data-large_image_height=\"604\"><img loading=\"lazy\" decoding=\"async\" class=\"size-medium wp-image-419602 alignleft\" src=\"https:\/\/www.radiopiu.net\/wordpress\/wp-content\/uploads\/2024\/11\/455240155_10226075975071888_9129546270403361456_n-200x300.jpg\" alt=\"\" width=\"200\" height=\"300\" srcset=\"https:\/\/www.radiopiu.net\/wordpress\/wp-content\/uploads\/2024\/11\/455240155_10226075975071888_9129546270403361456_n-200x300.jpg 200w, https:\/\/www.radiopiu.net\/wordpress\/wp-content\/uploads\/2024\/11\/455240155_10226075975071888_9129546270403361456_n.jpg 402w\" sizes=\"auto, (max-width: 200px) 100vw, 200px\" \/><\/a><strong><a class=\"dt-pswp-item\" href=\"https:\/\/www.radiopiu.net\/wordpress\/wp-content\/uploads\/2023\/04\/EUGENIO-BIEN.png\" data-dt-img-description=\"\" data-large_image_width=\"444\" data-large_image_height=\"344\"><img loading=\"lazy\" decoding=\"async\" class=\" wp-image-329977 alignleft\" src=\"https:\/\/www.radiopiu.net\/wordpress\/wp-content\/uploads\/2023\/04\/EUGENIO-BIEN-300x232.png\" alt=\"\" width=\"226\" height=\"175\" srcset=\"https:\/\/www.radiopiu.net\/wordpress\/wp-content\/uploads\/2023\/04\/EUGENIO-BIEN-300x232.png 300w, https:\/\/www.radiopiu.net\/wordpress\/wp-content\/uploads\/2023\/04\/EUGENIO-BIEN.png 444w\" sizes=\"auto, (max-width: 226px) 100vw, 226px\" \/><\/a><\/strong><\/p>\n<p>&nbsp;<\/p>\n<p>&nbsp;<\/p>\n<p>&nbsp;<\/p>\n<p>&nbsp;<\/p>\n<p>&nbsp;<\/p>\n<p>&nbsp;<\/p>\n<p>&nbsp;<\/p>\n<p>&nbsp;<\/p>\n<p>&nbsp;<\/p>\n<h2><\/h2>\n<p>&nbsp;<\/p>\n<p><a class=\"dt-pswp-item\" href=\"https:\/\/www.radiopiu.net\/wordpress\/wp-content\/uploads\/2024\/11\/manifesto-70-soccorso.jpg\" data-dt-img-description=\"\" data-large_image_width=\"800\" data-large_image_height=\"1131\"><img loading=\"lazy\" decoding=\"async\" class=\"wp-image-419153 aligncenter\" src=\"https:\/\/www.radiopiu.net\/wordpress\/wp-content\/uploads\/2024\/11\/manifesto-70-soccorso-724x1024.jpg\" alt=\"\" width=\"489\" height=\"692\" srcset=\"https:\/\/www.radiopiu.net\/wordpress\/wp-content\/uploads\/2024\/11\/manifesto-70-soccorso-724x1024.jpg 724w, https:\/\/www.radiopiu.net\/wordpress\/wp-content\/uploads\/2024\/11\/manifesto-70-soccorso-212x300.jpg 212w, https:\/\/www.radiopiu.net\/wordpress\/wp-content\/uploads\/2024\/11\/manifesto-70-soccorso-768x1086.jpg 768w, https:\/\/www.radiopiu.net\/wordpress\/wp-content\/uploads\/2024\/11\/manifesto-70-soccorso.jpg 800w\" sizes=\"auto, (max-width: 489px) 100vw, 489px\" \/><\/a><\/p>\n<p>&nbsp;<\/p>\n<p>&nbsp;<\/p>\n<hr \/>\n<p>&nbsp;<\/p>\n<blockquote>\n<h2>Concerto in memoria di Igor Roldo: solidariet\u00e0 e musica al Piccolo Teatro Pierobon<\/h2>\n<\/blockquote>\n<div class=\"flex-1 overflow-hidden\">\n<div class=\"h-full\">\n<div class=\"react-scroll-to-bottom--css-iaghl-79elbk h-full\">\n<div class=\"react-scroll-to-bottom--css-iaghl-1n7m0yu\">\n<div class=\"flex flex-col text-sm md:pb-9\">\n<article class=\"w-full scroll-mb-[var(--thread-trailing-height)] text-token-text-primary focus-visible:outline-2 focus-visible:outline-offset-[-4px]\" dir=\"auto\" data-testid=\"conversation-turn-27\" data-scroll-anchor=\"true\">\n<div class=\"m-auto text-base py-[18px] px-3 md:px-4 w-full md:px-5 lg:px-4 xl:px-5\">\n<div class=\"mx-auto flex flex-1 gap-4 text-base md:gap-5 lg:gap-6 md:max-w-3xl lg:max-w-[40rem] xl:max-w-[48rem]\">\n<div class=\"group\/conversation-turn relative flex w-full min-w-0 flex-col agent-turn\">\n<div class=\"flex-col gap-1 md:gap-3\">\n<div class=\"flex max-w-full flex-col flex-grow\">\n<div class=\"min-h-8 text-message flex w-full flex-col items-end gap-2 whitespace-normal break-words [.text-message+&amp;]:mt-5\" dir=\"auto\" data-message-author-role=\"assistant\" data-message-id=\"2f1985a1-38a8-441c-a356-ef2248e23e98\" data-message-model-slug=\"gpt-4o\">\n<div class=\"flex w-full flex-col gap-1 empty:hidden first:pt-[3px]\">\n<div class=\"markdown prose w-full break-words dark:prose-invert dark\">\n<p><strong><a class=\"dt-pswp-item\" href=\"https:\/\/www.radiopiu.net\/wordpress\/wp-content\/uploads\/2024\/11\/4-foto.jpg\" data-dt-img-description=\"\" data-large_image_width=\"1410\" data-large_image_height=\"1267\"><img loading=\"lazy\" decoding=\"async\" class=\"wp-image-419353 alignleft\" src=\"https:\/\/www.radiopiu.net\/wordpress\/wp-content\/uploads\/2024\/11\/4-foto-300x270.jpg\" alt=\"\" width=\"157\" height=\"141\" srcset=\"https:\/\/www.radiopiu.net\/wordpress\/wp-content\/uploads\/2024\/11\/4-foto-300x270.jpg 300w, https:\/\/www.radiopiu.net\/wordpress\/wp-content\/uploads\/2024\/11\/4-foto-1024x920.jpg 1024w, https:\/\/www.radiopiu.net\/wordpress\/wp-content\/uploads\/2024\/11\/4-foto-768x690.jpg 768w, https:\/\/www.radiopiu.net\/wordpress\/wp-content\/uploads\/2024\/11\/4-foto.jpg 1410w\" sizes=\"auto, (max-width: 157px) 100vw, 157px\" \/><\/a>PONTE NELLE ALPI<\/strong> Sabato 30 novembre, il Piccolo Teatro Pierobon ospiter\u00e0 un concerto in ricordo di Igor Roldo, scomparso un anno fa. Organizzato da WR Events e Comitato Pollicino, l&#8217;evento celebra la memoria di Roldo, 58 anni, noto dirigente del San Giorgio Calcio e ideatore del Festival musicale di Pian dei Castaldi. Considerato un talent scout, Roldo ha sempre supportato nuove formazioni musicali, promuovendo eventi per finanziare progetti solidali del Comitato Pollicino, dedicato ai bambini bisognosi di Petrosani, Romania. La serata sar\u00e0 animata dall\u2019Uncle Frank Project, composto da Franco De Poli, Alberto Mambrini, Andrea Cuzzuol e Mauro De Luca, noti per i loro concerti a scopo benefico. Sul palco, il quartetto racconter\u00e0 l\u2019evoluzione della chitarra attraverso diversi stili musicali, mostrando come questo strumento rimanga centrale nel sound moderno. Il concerto \u00e8 patrocinato dal Comune di Ponte nelle Alpi e prevede ingresso a offerta libera. Tutto il ricavato andr\u00e0 al Comitato Pollicino, proseguendo l\u2019impegno di Roldo nel coniugare musica e solidariet\u00e0.<\/p>\n<\/div>\n<\/div>\n<\/div>\n<\/div>\n<\/div>\n<\/div>\n<\/div>\n<\/div>\n<\/article>\n<\/div>\n<\/div>\n<\/div>\n<\/div>\n<\/div>\n<p>&nbsp;<\/p>\n<p>&nbsp;<\/p>\n<hr \/>\n<p>&nbsp;<\/p>\n<blockquote>\n<h3>&#8220;FUGA IN NORMANDIA&#8221;, IN PROGRAMMAZIONE NEL FINE SETTIMANA AL CINEMA DOLOMITI DI FALCADE<\/h3>\n<\/blockquote>\n<p><strong><a class=\"dt-pswp-item\" href=\"https:\/\/www.radiopiu.net\/wordpress\/wp-content\/uploads\/2024\/11\/fuga-in-normandia-locandina.jpg\" data-dt-img-description=\"\" data-large_image_width=\"420\" data-large_image_height=\"588\"><img loading=\"lazy\" decoding=\"async\" class=\" wp-image-419228 alignleft\" src=\"https:\/\/www.radiopiu.net\/wordpress\/wp-content\/uploads\/2024\/11\/fuga-in-normandia-locandina-214x300.jpg\" alt=\"\" width=\"112\" height=\"157\" srcset=\"https:\/\/www.radiopiu.net\/wordpress\/wp-content\/uploads\/2024\/11\/fuga-in-normandia-locandina-214x300.jpg 214w, https:\/\/www.radiopiu.net\/wordpress\/wp-content\/uploads\/2024\/11\/fuga-in-normandia-locandina.jpg 420w\" sizes=\"auto, (max-width: 112px) 100vw, 112px\" \/><\/a>REDAZIONE<\/strong> &#8220;Fuga In Normandia&#8221; il film che nel fine settimana sar\u00e0 in programmazione al Cinema Dolomiti di Falcade. Il film, ispirato alla storia del veterano Bernard Jordan, racconta di Bernie e Rene Jordan, un&#8217;anziana coppia in una casa di riposo. Bernie, ex combattente della Royal Navy nella Seconda Guerra Mondiale, decide di scappare dall\u2019istituto per partecipare alle celebrazioni del 70\u00b0 anniversario dello sbarco in Normandia. Questa pellicola rappresenta l\u2019ultima apparizione di Glenda Jackson e di Michael Caine prima del suo ritiro dalle scene. La pellicola \u00e8 in programmazione sabato e domenica alle 21, domenica anche alle 15:30.<\/p>\n<p><strong>di Paola Lanciato<\/strong><\/p>\n<audio class=\"wp-audio-shortcode\" id=\"audio-419700-19\" preload=\"none\" style=\"width: 100%;\" controls=\"controls\"><source type=\"audio\/mpeg\" src=\"https:\/\/www.radiopiu.net\/wordpress\/wp-content\/uploads\/2024\/11\/Fuga-In-Normandia.mp3?_=19\" \/><a href=\"https:\/\/www.radiopiu.net\/wordpress\/wp-content\/uploads\/2024\/11\/Fuga-In-Normandia.mp3\">https:\/\/www.radiopiu.net\/wordpress\/wp-content\/uploads\/2024\/11\/Fuga-In-Normandia.mp3<\/a><\/audio>\n<p>&nbsp;<\/p>\n<p>&nbsp;<\/p>\n<hr \/>\n<p>&nbsp;<\/p>\n<h2><span style=\"color: #ff0000;\"><a class=\"dt-pswp-item\" href=\"https:\/\/www.radiopiu.net\/wordpress\/wp-content\/uploads\/2018\/09\/appuntamenti.jpeg\" data-dt-img-description=\"\" data-large_image_width=\"800\" data-large_image_height=\"100\"><img loading=\"lazy\" decoding=\"async\" class=\"wp-image-61958 size-full aligncenter\" src=\"https:\/\/www.radiopiu.net\/wordpress\/wp-content\/uploads\/2018\/09\/appuntamenti.jpeg\" alt=\"\" width=\"800\" height=\"100\" srcset=\"https:\/\/www.radiopiu.net\/wordpress\/wp-content\/uploads\/2018\/09\/appuntamenti.jpeg 800w, https:\/\/www.radiopiu.net\/wordpress\/wp-content\/uploads\/2018\/09\/appuntamenti-300x38.jpeg 300w, https:\/\/www.radiopiu.net\/wordpress\/wp-content\/uploads\/2018\/09\/appuntamenti-768x96.jpeg 768w\" sizes=\"auto, (max-width: 800px) 100vw, 800px\" \/><\/a><\/span><\/h2>\n<p>&nbsp;<\/p>\n<div style=\"width: 1200px;\" class=\"wp-video\"><video class=\"wp-video-shortcode\" id=\"video-419700-2\" width=\"1200\" height=\"675\" preload=\"metadata\" controls=\"controls\"><source type=\"video\/mp4\" src=\"https:\/\/www.radiopiu.net\/wordpress\/wp-content\/uploads\/2024\/10\/WhatsApp-Video-2024-10-23-at-00.12.10.mp4?_=2\" \/><a href=\"https:\/\/www.radiopiu.net\/wordpress\/wp-content\/uploads\/2024\/10\/WhatsApp-Video-2024-10-23-at-00.12.10.mp4\">https:\/\/www.radiopiu.net\/wordpress\/wp-content\/uploads\/2024\/10\/WhatsApp-Video-2024-10-23-at-00.12.10.mp4<\/a><\/video><\/div>\n<p><strong>\u00a0<\/strong><\/p>\n<p><strong>FALCADE <\/strong>\u00a0CINEMA DOLOMITI DI FALCADE. SABATO E DOMENICA VERR\u00c0 PROIETTATO IL FILM FUGA IN NORMANDIA. SPETTACOLI ALLE 21, DOMENICA ANCHE ALLE 15:30<\/p>\n<div class=\"flex-shrink-0 flex flex-col relative items-end\">\n<div class=\"pt-0\">\n<div class=\"gizmo-bot-avatar flex h-8 w-8 items-center justify-center overflow-hidden rounded-full\">\n<p class=\"relative p-1 rounded-sm flex items-center justify-center bg-token-main-surface-primary text-token-text-primary h-8 w-8\"><strong>CANALE D&#8217;AGORDO <\/strong>Jazzercise \u00e8 un allenamento ad alta intensit\u00e0 che combina danza, pilates, yoga e kickboxing, adatto a tutti i livelli di fitness. \u00c8 efficace per tonificare i muscoli, migliorare la postura e ottenere un fisico snello. Nell&#8217;Agordino, le lezioni si tengono a Canale d&#8217;Agordo, nella sala ex emigranti di via Lotta, il luned\u00ec dalle 18:15 alle 19:15 e il mercoled\u00ec dalle 18:30 alle 19:30. L&#8217;istruttrice certificata RaLuca ti aspetta per un allenamento coinvolgente al ritmo di musica attuale. Per informazioni: 347 9295478<\/p>\n<\/div>\n<\/div>\n<\/div>\n<p><strong>FALCADE<\/strong> Le cena della classe 1974 dei coscritti dell&#8217;<strong>Agordino<\/strong> si terr\u00e0\u00a0 sabato 30 novembre\u00a0 a Falcade, Hotel Stella Alpina. La cena e&#8217; aperta ai nati nel 1974 nei 16 comuni dell&#8217;Agordino, e sara&#8217; un&#8217;occasione di ritrovo,\u00a0 dopo tanto tempo e festeggiare il mezzo secolo.Info\u00a0 3478120853<\/p>\n<p>&nbsp;<\/p>\n<p>&nbsp;<\/p>\n<div>\n<div class=\"\" dir=\"auto\">\n<div id=\":r9h:\" class=\"x1iorvi4 x1pi30zi x1l90r2v x1swvt13\" data-ad-comet-preview=\"message\" data-ad-preview=\"message\">\n\n\t\t\t<style type='text\/css'>\n\t\t\t\t#gallery-1 {\n\t\t\t\t\tmargin: auto;\n\t\t\t\t}\n\t\t\t\t#gallery-1 .gallery-item {\n\t\t\t\t\tfloat: left;\n\t\t\t\t\tmargin-top: 10px;\n\t\t\t\t\ttext-align: center;\n\t\t\t\t\twidth: 25%;\n\t\t\t\t}\n\t\t\t\t#gallery-1 img {\n\t\t\t\t\tborder: 2px solid #cfcfcf;\n\t\t\t\t}\n\t\t\t\t#gallery-1 .gallery-caption {\n\t\t\t\t\tmargin-left: 0;\n\t\t\t\t}\n\t\t\t\t\/* see gallery_shortcode() in wp-includes\/media.php *\/\n\t\t\t<\/style>\n\t\t<div id='gallery-1' class='dt-gallery-container gallery galleryid-419700 gallery-columns-4 gallery-size-thumbnail'><dl class='gallery-item'>\n\t\t\t\t<dt class='gallery-icon portrait'>\n\t\t\t\t\t<a class=\"rollover rollover-zoom dt-pswp-item\" title=\"967a322c-9996-42d7-af75-662ca7d89e84\" data-dt-img-description=\"\" data-large_image_width=\"1080\" data-large_image_height=\"1519\"href='https:\/\/www.radiopiu.net\/wordpress\/wp-content\/uploads\/2024\/10\/967a322c-9996-42d7-af75-662ca7d89e84-1.jpg'><img loading=\"lazy\" decoding=\"async\" width=\"150\" height=\"150\" src=\"https:\/\/www.radiopiu.net\/wordpress\/wp-content\/uploads\/2024\/10\/967a322c-9996-42d7-af75-662ca7d89e84-1-150x150.jpg\" class=\"attachment-thumbnail size-thumbnail\" alt=\"\" aria-describedby=\"gallery-1-413698\" \/><\/a>\n\t\t\t\t<\/dt>\n\t\t\t\t\t<dd class='wp-caption-text gallery-caption' id='gallery-1-413698'>\n\t\t\t\t\tDOMANI\n\t\t\t\t\t<\/dd><\/dl><dl class='gallery-item'>\n\t\t\t\t<dt class='gallery-icon portrait'>\n\t\t\t\t\t<a class=\"rollover rollover-zoom dt-pswp-item\" title=\"892c7713-1201-42b0-b257-3bd45f0132bb\" data-dt-img-description=\"\" data-large_image_width=\"1118\" data-large_image_height=\"1600\"href='https:\/\/www.radiopiu.net\/wordpress\/wp-content\/uploads\/2024\/11\/892c7713-1201-42b0-b257-3bd45f0132bb.jpg'><img loading=\"lazy\" decoding=\"async\" width=\"150\" height=\"150\" src=\"https:\/\/www.radiopiu.net\/wordpress\/wp-content\/uploads\/2024\/11\/892c7713-1201-42b0-b257-3bd45f0132bb-150x150.jpg\" class=\"attachment-thumbnail size-thumbnail\" alt=\"\" aria-describedby=\"gallery-1-418091\" \/><\/a>\n\t\t\t\t<\/dt>\n\t\t\t\t\t<dd class='wp-caption-text gallery-caption' id='gallery-1-418091'>\n\t\t\t\t\tCASTAGNATA AD ARABBA\n\t\t\t\t\t<\/dd><\/dl><dl class='gallery-item'>\n\t\t\t\t<dt class='gallery-icon landscape'>\n\t\t\t\t\t<a class=\"rollover rollover-zoom dt-pswp-item\" title=\"PUCCINI Ponte Nelle Alpi\" data-dt-img-description=\"\" data-large_image_width=\"1440\" data-large_image_height=\"1440\"href='https:\/\/www.radiopiu.net\/wordpress\/wp-content\/uploads\/2024\/11\/PUCCINI-Ponte-Nelle-Alpi.jpg'><img loading=\"lazy\" decoding=\"async\" width=\"150\" height=\"150\" src=\"https:\/\/www.radiopiu.net\/wordpress\/wp-content\/uploads\/2024\/11\/PUCCINI-Ponte-Nelle-Alpi-150x150.jpg\" class=\"attachment-thumbnail size-thumbnail\" alt=\"\" aria-describedby=\"gallery-1-418509\" srcset=\"https:\/\/www.radiopiu.net\/wordpress\/wp-content\/uploads\/2024\/11\/PUCCINI-Ponte-Nelle-Alpi-150x150.jpg 150w, https:\/\/www.radiopiu.net\/wordpress\/wp-content\/uploads\/2024\/11\/PUCCINI-Ponte-Nelle-Alpi-300x300.jpg 300w, https:\/\/www.radiopiu.net\/wordpress\/wp-content\/uploads\/2024\/11\/PUCCINI-Ponte-Nelle-Alpi-1024x1024.jpg 1024w, https:\/\/www.radiopiu.net\/wordpress\/wp-content\/uploads\/2024\/11\/PUCCINI-Ponte-Nelle-Alpi-768x768.jpg 768w, https:\/\/www.radiopiu.net\/wordpress\/wp-content\/uploads\/2024\/11\/PUCCINI-Ponte-Nelle-Alpi.jpg 1440w\" sizes=\"auto, (max-width: 150px) 100vw, 150px\" \/><\/a>\n\t\t\t\t<\/dt>\n\t\t\t\t\t<dd class='wp-caption-text gallery-caption' id='gallery-1-418509'>\n\t\t\t\t\tLA BOHEME A PONTE NELLE ALPI\n\t\t\t\t\t<\/dd><\/dl><dl class='gallery-item'>\n\t\t\t\t<dt class='gallery-icon portrait'>\n\t\t\t\t\t<a class=\"rollover rollover-zoom dt-pswp-item\" title=\"d000b47a-efc8-4f75-b6e4-79170d053eeb\" data-dt-img-description=\"\" data-large_image_width=\"719\" data-large_image_height=\"990\"href='https:\/\/www.radiopiu.net\/wordpress\/wp-content\/uploads\/2024\/11\/d000b47a-efc8-4f75-b6e4-79170d053eeb.jpg'><img loading=\"lazy\" decoding=\"async\" width=\"150\" height=\"150\" src=\"https:\/\/www.radiopiu.net\/wordpress\/wp-content\/uploads\/2024\/11\/d000b47a-efc8-4f75-b6e4-79170d053eeb-150x150.jpg\" class=\"attachment-thumbnail size-thumbnail\" alt=\"\" aria-describedby=\"gallery-1-418521\" \/><\/a>\n\t\t\t\t<\/dt>\n\t\t\t\t\t<dd class='wp-caption-text gallery-caption' id='gallery-1-418521'>\n\t\t\t\t\tGARA DI BRISCOLA AD AGORDO\n\t\t\t\t\t<\/dd><\/dl><br style=\"clear: both\" \/><dl class='gallery-item'>\n\t\t\t\t<dt class='gallery-icon portrait'>\n\t\t\t\t\t<a class=\"rollover rollover-zoom dt-pswp-item\" title=\"manifesto serate invernali\" data-dt-img-description=\"\" data-large_image_width=\"1683\" data-large_image_height=\"2383\"href='https:\/\/www.radiopiu.net\/wordpress\/wp-content\/uploads\/2024\/11\/manifesto-serate-invernali.jpg'><img loading=\"lazy\" decoding=\"async\" width=\"150\" height=\"150\" src=\"https:\/\/www.radiopiu.net\/wordpress\/wp-content\/uploads\/2024\/11\/manifesto-serate-invernali-150x150.jpg\" class=\"attachment-thumbnail size-thumbnail\" alt=\"\" aria-describedby=\"gallery-1-418816\" \/><\/a>\n\t\t\t\t<\/dt>\n\t\t\t\t\t<dd class='wp-caption-text gallery-caption' id='gallery-1-418816'>\n\t\t\t\t\t21 FEBBRAIO\n\t\t\t\t\t<\/dd><\/dl><dl class='gallery-item'>\n\t\t\t\t<dt class='gallery-icon portrait'>\n\t\t\t\t\t<a class=\"rollover rollover-zoom dt-pswp-item\" title=\"PL_Sosp_A4_CENE\" data-dt-img-description=\"\" data-large_image_width=\"992\" data-large_image_height=\"1403\"href='https:\/\/www.radiopiu.net\/wordpress\/wp-content\/uploads\/2024\/11\/PL_Sosp_A4_CENE.jpg'><img loading=\"lazy\" decoding=\"async\" width=\"150\" height=\"150\" src=\"https:\/\/www.radiopiu.net\/wordpress\/wp-content\/uploads\/2024\/11\/PL_Sosp_A4_CENE-150x150.jpg\" class=\"attachment-thumbnail size-thumbnail\" alt=\"\" aria-describedby=\"gallery-1-419072\" \/><\/a>\n\t\t\t\t<\/dt>\n\t\t\t\t\t<dd class='wp-caption-text gallery-caption' id='gallery-1-419072'>\n\t\t\t\t\tCON LA PRO LOCO MONTI DEL SOLE\n\t\t\t\t\t<\/dd><\/dl><dl class='gallery-item'>\n\t\t\t\t<dt class='gallery-icon portrait'>\n\t\t\t\t\t<a class=\"rollover rollover-zoom dt-pswp-item\" title=\"4448afab-7b66-4760-8c53-e411b845306d\" data-dt-img-description=\"\" data-large_image_width=\"1144\" data-large_image_height=\"1600\"href='https:\/\/www.radiopiu.net\/wordpress\/wp-content\/uploads\/2024\/11\/4448afab-7b66-4760-8c53-e411b845306d.jpg'><img loading=\"lazy\" decoding=\"async\" width=\"150\" height=\"150\" src=\"https:\/\/www.radiopiu.net\/wordpress\/wp-content\/uploads\/2024\/11\/4448afab-7b66-4760-8c53-e411b845306d-150x150.jpg\" class=\"attachment-thumbnail size-thumbnail\" alt=\"\" aria-describedby=\"gallery-1-419621\" \/><\/a>\n\t\t\t\t<\/dt>\n\t\t\t\t\t<dd class='wp-caption-text gallery-caption' id='gallery-1-419621'>\n\t\t\t\t\tIL FINE SETTIMANA A CAVIOLA\n\t\t\t\t\t<\/dd><\/dl><dl class='gallery-item'>\n\t\t\t\t<dt class='gallery-icon portrait'>\n\t\t\t\t\t<a class=\"rollover rollover-zoom dt-pswp-item\" title=\"formula_3_loc\" data-dt-img-description=\"\" data-large_image_width=\"600\" data-large_image_height=\"821\"href='https:\/\/www.radiopiu.net\/wordpress\/wp-content\/uploads\/2024\/11\/formula_3_loc.jpg'><img loading=\"lazy\" decoding=\"async\" width=\"150\" height=\"150\" src=\"https:\/\/www.radiopiu.net\/wordpress\/wp-content\/uploads\/2024\/11\/formula_3_loc-150x150.jpg\" class=\"attachment-thumbnail size-thumbnail\" alt=\"\" aria-describedby=\"gallery-1-419609\" \/><\/a>\n\t\t\t\t<\/dt>\n\t\t\t\t\t<dd class='wp-caption-text gallery-caption' id='gallery-1-419609'>\n\t\t\t\t\tI FORMULA 3 A BELLUNO\n\t\t\t\t\t<\/dd><\/dl><br style=\"clear: both\" \/><dl class='gallery-item'>\n\t\t\t\t<dt class='gallery-icon portrait'>\n\t\t\t\t\t<a class=\"rollover rollover-zoom dt-pswp-item\" title=\"Ciao Igor copia\" data-dt-img-description=\"\" data-large_image_width=\"453\" data-large_image_height=\"640\"href='https:\/\/www.radiopiu.net\/wordpress\/wp-content\/uploads\/2024\/11\/Ciao-Igor-copia.jpeg'><img loading=\"lazy\" decoding=\"async\" width=\"150\" height=\"150\" src=\"https:\/\/www.radiopiu.net\/wordpress\/wp-content\/uploads\/2024\/11\/Ciao-Igor-copia-150x150.jpeg\" class=\"attachment-thumbnail size-thumbnail\" alt=\"\" aria-describedby=\"gallery-1-419352\" \/><\/a>\n\t\t\t\t<\/dt>\n\t\t\t\t\t<dd class='wp-caption-text gallery-caption' id='gallery-1-419352'>\n\t\t\t\t\tIN MEMORIA DI IGOR\n\t\t\t\t\t<\/dd><\/dl>\n\t\t\t\t<br style='clear: both' \/>\n\t\t\t<\/div>\n\n<\/div>\n<\/div>\n<\/div>\n<p>&nbsp;<\/p>\n<hr \/>\n<p>&nbsp;<\/p>\n<p class=\"mceTemp\"><a class=\"dt-pswp-item\" href=\"https:\/\/www.radiopiu.net\/wordpress\/wp-content\/uploads\/2018\/09\/WhatsApp-Image-2018-09-20-at-16.04.06.jpeg\" data-dt-img-description=\"\" data-large_image_width=\"800\" data-large_image_height=\"100\"><img loading=\"lazy\" decoding=\"async\" class=\"wp-image-61378 size-full aligncenter\" src=\"https:\/\/www.radiopiu.net\/wordpress\/wp-content\/uploads\/2018\/09\/WhatsApp-Image-2018-09-20-at-16.04.06.jpeg\" alt=\"\" width=\"800\" height=\"100\" srcset=\"https:\/\/www.radiopiu.net\/wordpress\/wp-content\/uploads\/2018\/09\/WhatsApp-Image-2018-09-20-at-16.04.06.jpeg 800w, https:\/\/www.radiopiu.net\/wordpress\/wp-content\/uploads\/2018\/09\/WhatsApp-Image-2018-09-20-at-16.04.06-300x38.jpeg 300w, https:\/\/www.radiopiu.net\/wordpress\/wp-content\/uploads\/2018\/09\/WhatsApp-Image-2018-09-20-at-16.04.06-768x96.jpeg 768w\" sizes=\"auto, (max-width: 800px) 100vw, 800px\" \/><\/a><\/p>\n<p><center><\/center><center><\/center><center><b>\u00a0<\/b><\/center><center><b>OGGI<\/b><\/center><b>Tempo atteso: <\/b>Stupenda giornata autunnale con sole, cielo sereno, aria tersa ed ottima visibilit\u00e0. La sola eccezione risieder\u00e0 nella presenza di qualche banco di nebbia nelle ore pi\u00f9 fredde, specie lungo la valle de Piave.<br \/>\n<b>Precipitazioni: <\/b>Assenti (0%).<br \/>\n<b>Temperature: <\/b>In generale aumento sopra i 600-800 m, mentre le minime potranno essere pressoch\u00e9 stazionarie sotto tale quota, dove le gelate saranno ancora diffuse con inversione termica notturna, anche persistente nei settori in ombra<\/p>\n<hr \/>\n<p><center><b>DOMANI<\/b><\/center><b>Tempo atteso: <\/b>Iniziale stupendo tempo tardo-autunnale con sole e cielo terso al mattino. Nel corso del pomeriggio parziali annuvolamenti medio-alti in arrivo da ovest nord-ovest, dapprima sulle Dolomiti, successivamente sulle Prealpi. Lieve aumento dell&#8217;insidia banchi di nebbia nelle ore pi\u00f9 fredde, ma solo in alcuni fondovalle prealpini.<br \/>\n<b>Precipitazioni: <\/b>Assenti (0%).<br \/>\n<b>Temperature: <\/b>In generale lieve calo<\/p>\n<hr \/>\n<p><center><b>LUNEDI<\/b><\/center>Maggiore nuvolosit\u00e0 stratiforme medio-alta e riduzione del soleggiamento, specie sulle Dolomiti, dove la copertura nuvolosa potr\u00e0 a tratti essere pi\u00f9 intensa. Non sono previste precipitazioni. Temperature in generale leggera diminuzione, eccetto rialzo delle minime nelle valli.<\/p>\n<p>&nbsp;<\/p>\n<hr \/>\n<p><center><b>MARTEDI<\/b><\/center>Cielo in prevalenza nuvoloso per copertura stratiforme con chance di schiarite sia al mattino che al pomeriggio. A fine giornata intensificazione della nuvolosit\u00e0, la quale potr\u00e0 dar luogo a qualche sporadica e debolissima precipitazione, nevosa sopra i 1400\/1500 m. Temperature in generale leggera diminuzione, eccetto stazionaiet\u00e0 delle minime nelle valli.<\/p>\n<p>&nbsp;<\/p>\n<p>&nbsp;<\/p>\n<hr \/>\n<p>&nbsp;<\/p>\n<p>&nbsp;<\/p>\n<p class=\"mceTemp\"><a class=\"dt-pswp-item\" href=\"https:\/\/www.radiopiu.net\/wordpress\/wp-content\/uploads\/2018\/09\/sport.jpg\" data-dt-img-description=\"\" data-large_image_width=\"800\" data-large_image_height=\"100\"><img loading=\"lazy\" decoding=\"async\" class=\"aligncenter wp-image-60761 size-full\" src=\"https:\/\/www.radiopiu.net\/wordpress\/wp-content\/uploads\/2018\/09\/sport.jpg\" alt=\"\" width=\"800\" height=\"100\" srcset=\"https:\/\/www.radiopiu.net\/wordpress\/wp-content\/uploads\/2018\/09\/sport.jpg 800w, https:\/\/www.radiopiu.net\/wordpress\/wp-content\/uploads\/2018\/09\/sport-300x38.jpg 300w, https:\/\/www.radiopiu.net\/wordpress\/wp-content\/uploads\/2018\/09\/sport-768x96.jpg 768w\" sizes=\"auto, (max-width: 800px) 100vw, 800px\" \/><\/a><span style=\"color: #0000ff;\"><strong>\u00a0 \u00a0 \u00a0 \u00a0 \u00a0\u00a0<\/strong><\/span><\/p>\n<p><span style=\"color: #0000ff;\"><strong>HOCKEY SU GHIACCIO<\/strong><\/span><\/p>\n<blockquote>\n<h3>AD ALLEGHE ARRIVA LA CAPOLISTA CALDARO<\/h3>\n<\/blockquote>\n<p><strong><a class=\"dt-pswp-item\" href=\"https:\/\/www.radiopiu.net\/wordpress\/wp-content\/uploads\/2024\/11\/5dd0cbb8-5e86-494b-a487-2fbc15e95db9.jpg\" data-dt-img-description=\"\" data-large_image_width=\"940\" data-large_image_height=\"515\"><img loading=\"lazy\" decoding=\"async\" class=\" wp-image-419831 alignleft\" src=\"https:\/\/www.radiopiu.net\/wordpress\/wp-content\/uploads\/2024\/11\/5dd0cbb8-5e86-494b-a487-2fbc15e95db9-300x164.jpg\" alt=\"\" width=\"232\" height=\"127\" srcset=\"https:\/\/www.radiopiu.net\/wordpress\/wp-content\/uploads\/2024\/11\/5dd0cbb8-5e86-494b-a487-2fbc15e95db9-300x164.jpg 300w, https:\/\/www.radiopiu.net\/wordpress\/wp-content\/uploads\/2024\/11\/5dd0cbb8-5e86-494b-a487-2fbc15e95db9-768x421.jpg 768w, https:\/\/www.radiopiu.net\/wordpress\/wp-content\/uploads\/2024\/11\/5dd0cbb8-5e86-494b-a487-2fbc15e95db9.jpg 940w\" sizes=\"auto, (max-width: 232px) 100vw, 232px\" \/><\/a>DI ROBERTO MIANA, PORTAVOCE DELL&#8217;ALLEGHE HOCKEY<\/strong><\/p>\n<p>Quattordicesima giornata (prima del girone di ritorno di Regular Season) del campionato IHL di hockey su ghiaccio. Sabato 16 novembre alle 20:30 l\u2019Alleghe ospita il Caldaro.Nel recupero infrasettimanale della 6^giornata, un Alleghe sottotono rispetto alle ultime uscite \u00e8 stato sconfitto in casa dal Fassa 3-4. Prima frazione che termina senza reti, con gli Alleghesi che non riescono a sfruttare le occasioni create. Secondo tempo equilibrato con opportunit\u00e0 di sbloccare il match su entrambi i fronti. Le Civette si portano in vantaggio con Aleksandrov, falliscono il raddoppio e vengono raggiunte dai Falchi prima della fine del parziale. Ultimo drittel con i fuochi d\u2019artificio. Gli ospiti si portano subito sul doppio vantaggio, accorcia per gli agordini Nicola Soppelsa, ma i trentini ristabiliscono le distanze prima della rete della speranza di Ganz a tre minuti dal termine. I Biancorossi cercano il pareggio fino all\u2019ultimo secondo ma senza successo, incappando cos\u00ec nella prima sconfitta interna stagionale.Il Caldaro si presenta sotto al Civetta da capolista indiscusso, ma dopo aver conosciuto nell\u2019ultimo turno la prima sconfitta stagionale, maturata agli shootout sul ghiaccio amico per mano del Varese. Gara contro i Lucci sicuramente proibitiva, contro una squadra dal roster molto lungo e con giocatori che sanno fare la differenza.Nei venticinque precedenti giocati in IHL tra Alleghe e Caldaro il bilancio vede nettamente in vantaggio i basso atesini con 20 vittorie contro 5 agordine. La gara di andata \u00e8 stata vinta dal Caldaro 4-0 e l\u2019ultimo match in riva al lago, giocato il 6 gennaio di quest\u2019anno, ha visto l\u2019affermazione dei Lucci 5-2.<\/p>\n<p><strong>ALLEGHE HOCKEY &#8211; SV CALDARO <\/strong>Sabato 16 Novembre ore 20:30 &#8211; Palaghiaccio Alvise De Toni di Alleghe (BL). Ingresso dalla gradinata laterale (lato torrente Zunaia). Arbitri: Massimo De Col e Stefano Ricco con giudici di linea Lorenzo Dell&#8217;Amico e Fabrizio De Toni. Collegamenti in DIRETTA RADIOFONICA su Radio Pi\u00f9 (www.radiopiu.net) con \u201chockey al punto giusto\u201d, in studio Marco Gaz e da Alleghe interventi di Federico Paganin<\/p>\n<p>&nbsp;<\/p>\n<p><span style=\"color: #0000ff;\"><strong>CALCIO<\/strong><\/span><\/p>\n<blockquote>\n<h3>IL FINE SETTIMANA DELL&#8217;AGORDINA CALCIO. PRIMA SQUADRA CONTRO LA LAMONESE<\/h3>\n<\/blockquote>\n<p><strong><a class=\"dt-pswp-item\" href=\"https:\/\/www.radiopiu.net\/wordpress\/wp-content\/uploads\/2022\/11\/CALCIO-2022.jpg\" data-dt-img-description=\"\" data-large_image_width=\"1920\" data-large_image_height=\"1280\"><img loading=\"lazy\" decoding=\"async\" class=\" wp-image-305390 alignleft\" src=\"https:\/\/www.radiopiu.net\/wordpress\/wp-content\/uploads\/2022\/11\/CALCIO-2022-300x200.jpg\" alt=\"\" width=\"182\" height=\"121\" srcset=\"https:\/\/www.radiopiu.net\/wordpress\/wp-content\/uploads\/2022\/11\/CALCIO-2022-300x200.jpg 300w, https:\/\/www.radiopiu.net\/wordpress\/wp-content\/uploads\/2022\/11\/CALCIO-2022-1024x683.jpg 1024w, https:\/\/www.radiopiu.net\/wordpress\/wp-content\/uploads\/2022\/11\/CALCIO-2022-768x512.jpg 768w, https:\/\/www.radiopiu.net\/wordpress\/wp-content\/uploads\/2022\/11\/CALCIO-2022-1536x1024.jpg 1536w, https:\/\/www.radiopiu.net\/wordpress\/wp-content\/uploads\/2022\/11\/CALCIO-2022.jpg 1920w\" sizes=\"auto, (max-width: 182px) 100vw, 182px\" \/><\/a>REDAZIONE<\/strong> Continuano i campionati provinciali della LND della provincia di Belluno dove l&#8217;Agordina \u00e8 iscritta con le sue 5 squadre. Un fine settimana spezzatino per la compagine di Agordo. Si inizia oggi alle 18 quando sar\u00e0 il turno della Juniores che scender\u00e0 a Santa Giustina per la sfida con la Plavis. Domani le ultime due partite in programma. Alle 10 sar\u00e0 il turno degli Allievi dell&#8217;Agordina che giocheranno all&#8217;Ivano Dorigo di Agordo contro la Plavis. Nel pomeriggio, a chiudere il fine settimana dell&#8217;Agordina, in campo la prima squadra che giocher\u00e0 la decima giornata della Terza categoria provinciale. La squadra allenata da Elvio Chiea \u00e8 chiamata ad una reazione dopo le sconfitte delle ultime settimane. Agli agordini servono punti per scalare la classifica e raggiungere la zona playoff, obbiettivo di inizio stagione. Ci prover\u00e0 domani alle 14:30 nella trasferta co la Lamonese. La partita non \u00e8 proibitiva per l&#8217;Agordina che dista a sole due lunghezze dalla squadra di Lamon. Domani sera alle 20:30 appuntamento con &#8220;Agordina In Prima Linea&#8221; su Radio Pi\u00f9 per analizzare il fine settimana dell&#8217;Agordina Calcio.<\/p>\n<p>&nbsp;<\/p>\n<p>&nbsp;<\/p>\n<hr \/>\n<p>&nbsp;<\/p>\n<h2><span style=\"color: #ffcc00;\">GOODBYE BY BICICLE&#8230;UN VIAGGIO DALL&#8217;INDIA A SEREN DEL GRAPPA IN BICICLETTA<\/span><\/h2>\n<p><span style=\"color: #ff0000;\"><strong>PUNTATA 36 &#8211; LE TEMPERATURE SI ABBASSANO MA IL VIAGGIO CONTINUA<\/strong><\/span><\/p>\n<audio class=\"wp-audio-shortcode\" id=\"audio-419700-20\" preload=\"none\" style=\"width: 100%;\" controls=\"controls\"><source type=\"audio\/mpeg\" src=\"https:\/\/www.radiopiu.net\/wordpress\/wp-content\/uploads\/2024\/11\/AIRE-INDIA-PUNTATA-36.mp3?_=20\" \/><a href=\"https:\/\/www.radiopiu.net\/wordpress\/wp-content\/uploads\/2024\/11\/AIRE-INDIA-PUNTATA-36.mp3\">https:\/\/www.radiopiu.net\/wordpress\/wp-content\/uploads\/2024\/11\/AIRE-INDIA-PUNTATA-36.mp3<\/a><\/audio>\n<p>&nbsp;<\/p>\n<p><strong>PER VISITARE I SITI DEI LUOGHI VISITATI, CLICCA SULLE SEGUENTI SCRITTE: <span style=\"color: #3366ff;\"><a href=\"https:\/\/t.me\/s\/ReteAgricolturaNaturale?before=844\">RETE PER L&#8217;AGRICOLTURA NATURALE\u00a0<\/a> \u00a0<a href=\"https:\/\/autosufficienza.it\/\">AUTOSUFFICIENZA<\/a><\/span><\/strong><\/p>\n<p>&nbsp;<\/p>\n\n\t\t\t<style type='text\/css'>\n\t\t\t\t#gallery-2 {\n\t\t\t\t\tmargin: auto;\n\t\t\t\t}\n\t\t\t\t#gallery-2 .gallery-item {\n\t\t\t\t\tfloat: left;\n\t\t\t\t\tmargin-top: 10px;\n\t\t\t\t\ttext-align: center;\n\t\t\t\t\twidth: 20%;\n\t\t\t\t}\n\t\t\t\t#gallery-2 img {\n\t\t\t\t\tborder: 2px solid #cfcfcf;\n\t\t\t\t}\n\t\t\t\t#gallery-2 .gallery-caption {\n\t\t\t\t\tmargin-left: 0;\n\t\t\t\t}\n\t\t\t\t\/* see gallery_shortcode() in wp-includes\/media.php *\/\n\t\t\t<\/style>\n\t\t<div id='gallery-2' class='dt-gallery-container gallery galleryid-419700 gallery-columns-5 gallery-size-thumbnail'><dl class='gallery-item'>\n\t\t\t\t<dt class='gallery-icon landscape'>\n\t\t\t\t\t<a class=\"rollover rollover-zoom dt-pswp-item\" title=\"f4266878-5c1d-4063-a073-76396725dece\" data-dt-img-description=\"\" data-large_image_width=\"1600\" data-large_image_height=\"1200\"href='https:\/\/www.radiopiu.net\/wordpress\/wp-content\/uploads\/2024\/11\/f4266878-5c1d-4063-a073-76396725dece.jpg'><img loading=\"lazy\" decoding=\"async\" width=\"150\" height=\"150\" src=\"https:\/\/www.radiopiu.net\/wordpress\/wp-content\/uploads\/2024\/11\/f4266878-5c1d-4063-a073-76396725dece-150x150.jpg\" class=\"attachment-thumbnail size-thumbnail\" alt=\"\" \/><\/a>\n\t\t\t\t<\/dt><\/dl><dl class='gallery-item'>\n\t\t\t\t<dt class='gallery-icon portrait'>\n\t\t\t\t\t<a class=\"rollover rollover-zoom dt-pswp-item\" title=\"63549bf3-e000-48aa-8d0b-ffe8f2a9de1b\" data-dt-img-description=\"\" data-large_image_width=\"1200\" data-large_image_height=\"1600\"href='https:\/\/www.radiopiu.net\/wordpress\/wp-content\/uploads\/2024\/11\/63549bf3-e000-48aa-8d0b-ffe8f2a9de1b.jpg'><img loading=\"lazy\" decoding=\"async\" width=\"150\" height=\"150\" src=\"https:\/\/www.radiopiu.net\/wordpress\/wp-content\/uploads\/2024\/11\/63549bf3-e000-48aa-8d0b-ffe8f2a9de1b-150x150.jpg\" class=\"attachment-thumbnail size-thumbnail\" alt=\"\" \/><\/a>\n\t\t\t\t<\/dt><\/dl><dl class='gallery-item'>\n\t\t\t\t<dt class='gallery-icon portrait'>\n\t\t\t\t\t<a class=\"rollover rollover-zoom dt-pswp-item\" title=\"74325400-30eb-4983-9402-0d4336a10918\" data-dt-img-description=\"\" data-large_image_width=\"1204\" data-large_image_height=\"1600\"href='https:\/\/www.radiopiu.net\/wordpress\/wp-content\/uploads\/2024\/11\/74325400-30eb-4983-9402-0d4336a10918.jpg'><img loading=\"lazy\" decoding=\"async\" width=\"150\" height=\"150\" src=\"https:\/\/www.radiopiu.net\/wordpress\/wp-content\/uploads\/2024\/11\/74325400-30eb-4983-9402-0d4336a10918-150x150.jpg\" class=\"attachment-thumbnail size-thumbnail\" alt=\"\" \/><\/a>\n\t\t\t\t<\/dt><\/dl><dl class='gallery-item'>\n\t\t\t\t<dt class='gallery-icon portrait'>\n\t\t\t\t\t<a class=\"rollover rollover-zoom dt-pswp-item\" title=\"170fe28f-6477-42a9-81ce-f82aa4f728f4\" data-dt-img-description=\"\" data-large_image_width=\"1500\" data-large_image_height=\"2000\"href='https:\/\/www.radiopiu.net\/wordpress\/wp-content\/uploads\/2024\/11\/170fe28f-6477-42a9-81ce-f82aa4f728f4.jpg'><img loading=\"lazy\" decoding=\"async\" width=\"150\" height=\"150\" src=\"https:\/\/www.radiopiu.net\/wordpress\/wp-content\/uploads\/2024\/11\/170fe28f-6477-42a9-81ce-f82aa4f728f4-150x150.jpg\" class=\"attachment-thumbnail size-thumbnail\" alt=\"\" \/><\/a>\n\t\t\t\t<\/dt><\/dl><dl class='gallery-item'>\n\t\t\t\t<dt class='gallery-icon landscape'>\n\t\t\t\t\t<a class=\"rollover rollover-zoom dt-pswp-item\" title=\"ed38cd19-b8ec-4418-bd62-aa566273d58f\" data-dt-img-description=\"\" data-large_image_width=\"1600\" data-large_image_height=\"1200\"href='https:\/\/www.radiopiu.net\/wordpress\/wp-content\/uploads\/2024\/11\/ed38cd19-b8ec-4418-bd62-aa566273d58f.jpg'><img loading=\"lazy\" decoding=\"async\" width=\"150\" height=\"150\" src=\"https:\/\/www.radiopiu.net\/wordpress\/wp-content\/uploads\/2024\/11\/ed38cd19-b8ec-4418-bd62-aa566273d58f-150x150.jpg\" class=\"attachment-thumbnail size-thumbnail\" alt=\"\" \/><\/a>\n\t\t\t\t<\/dt><\/dl><br style=\"clear: both\" \/>\n\t\t\t<\/div>\n\n<p>&nbsp;<\/p>\n<h2>LA RACCOLTA COMPLETA <a href=\"https:\/\/www.radiopiu.net\/wordpress\/goodbye-by-bicicle-un-viaggio-dallindia-a-seren-del-grappa-in-bicicletta-36\/\"><span style=\"color: #3366ff;\">CLICCA QUI<\/span><\/a><\/h2>\n<p>&nbsp;<\/p>\n<p>&nbsp;<\/p>\n<p>&nbsp;<\/p>\n<p>&nbsp;<\/p>\n<p>&nbsp;<\/p>\n","protected":false},"excerpt":{"rendered":"<p>******* &nbsp; &nbsp; LA\u00a0 APP PER IOS-IPHONE di Nicola Vettorello https:\/\/apps.apple.com\/it\/app\/radio-pi%C3%B9-emittente-agordina\/id1515939845 LA\u00a0 APP RADIO\u00a0 PER ANDROID di Nicola Vettorello https:\/\/play.google.com\/store\/apps\/details?id=net.radiopiu.iniko\u00a0\u00a0\u00a0 &nbsp; &nbsp; &nbsp; IERI SERA LA SUPERLUNA DI MARIO DE MARCO La superluna detta dai nativi americani del castoro la pi\u00f9 luminosa dell&#8217;anno in questo scatto incastonato come una perla tra le guglie delle nostre&hellip;<\/p>\n","protected":false},"author":4,"featured_media":419820,"comment_status":"closed","ping_status":"closed","sticky":false,"template":"","format":"standard","meta":{"_monsterinsights_skip_tracking":false,"_monsterinsights_sitenote_active":false,"_monsterinsights_sitenote_note":"","_monsterinsights_sitenote_category":0,"footnotes":""},"categories":[51,86,49],"tags":[],"class_list":["post-419700","post","type-post","status-publish","format-standard","has-post-thumbnail","hentry","category-evidenza-top","category-gr","category-news-18","category-51","category-86","category-49","description-off"],"img_url":"https:\/\/www.radiopiu.net\/wordpress\/wp-content\/uploads\/2024\/11\/5888836888431806500.jpg","_links":{"self":[{"href":"https:\/\/www.radiopiu.net\/wordpress\/wp-json\/wp\/v2\/posts\/419700","targetHints":{"allow":["GET"]}}],"collection":[{"href":"https:\/\/www.radiopiu.net\/wordpress\/wp-json\/wp\/v2\/posts"}],"about":[{"href":"https:\/\/www.radiopiu.net\/wordpress\/wp-json\/wp\/v2\/types\/post"}],"author":[{"embeddable":true,"href":"https:\/\/www.radiopiu.net\/wordpress\/wp-json\/wp\/v2\/users\/4"}],"replies":[{"embeddable":true,"href":"https:\/\/www.radiopiu.net\/wordpress\/wp-json\/wp\/v2\/comments?post=419700"}],"version-history":[{"count":30,"href":"https:\/\/www.radiopiu.net\/wordpress\/wp-json\/wp\/v2\/posts\/419700\/revisions"}],"predecessor-version":[{"id":419939,"href":"https:\/\/www.radiopiu.net\/wordpress\/wp-json\/wp\/v2\/posts\/419700\/revisions\/419939"}],"wp:featuredmedia":[{"embeddable":true,"href":"https:\/\/www.radiopiu.net\/wordpress\/wp-json\/wp\/v2\/media\/419820"}],"wp:attachment":[{"href":"https:\/\/www.radiopiu.net\/wordpress\/wp-json\/wp\/v2\/media?parent=419700"}],"wp:term":[{"taxonomy":"category","embeddable":true,"href":"https:\/\/www.radiopiu.net\/wordpress\/wp-json\/wp\/v2\/categories?post=419700"},{"taxonomy":"post_tag","embeddable":true,"href":"https:\/\/www.radiopiu.net\/wordpress\/wp-json\/wp\/v2\/tags?post=419700"}],"curies":[{"name":"wp","href":"https:\/\/api.w.org\/{rel}","templated":true}]}}