{"id":419803,"date":"2024-11-15T12:05:30","date_gmt":"2024-11-15T11:05:30","guid":{"rendered":"https:\/\/www.radiopiu.net\/wordpress\/?p=419803"},"modified":"2024-11-15T12:25:59","modified_gmt":"2024-11-15T11:25:59","slug":"niente-festa-di-natale-al-palaluxottica-evento-in-pausa","status":"publish","type":"post","link":"https:\/\/www.radiopiu.net\/wordpress\/niente-festa-di-natale-al-palaluxottica-evento-in-pausa\/","title":{"rendered":"NIENTE FESTA DI NATALE AL PALALUXOTTICA, EVENTO IN &#8220;PAUSA&#8221;"},"content":{"rendered":"<p>***<\/p>\n<p><strong><a class=\"dt-pswp-item\" href=\"https:\/\/www.radiopiu.net\/wordpress\/wp-content\/uploads\/2024\/11\/luxottica-maneskin-1280x736-1.jpg\" data-dt-img-description=\"Screenshot\" data-large_image_width=\"1280\" data-large_image_height=\"736\"><img loading=\"lazy\" decoding=\"async\" class=\"size-medium wp-image-419807 alignleft\" src=\"https:\/\/www.radiopiu.net\/wordpress\/wp-content\/uploads\/2024\/11\/luxottica-maneskin-1280x736-1-300x173.jpg\" alt=\"\" width=\"300\" height=\"173\" srcset=\"https:\/\/www.radiopiu.net\/wordpress\/wp-content\/uploads\/2024\/11\/luxottica-maneskin-1280x736-1-300x173.jpg 300w, https:\/\/www.radiopiu.net\/wordpress\/wp-content\/uploads\/2024\/11\/luxottica-maneskin-1280x736-1-1024x589.jpg 1024w, https:\/\/www.radiopiu.net\/wordpress\/wp-content\/uploads\/2024\/11\/luxottica-maneskin-1280x736-1-768x442.jpg 768w, https:\/\/www.radiopiu.net\/wordpress\/wp-content\/uploads\/2024\/11\/luxottica-maneskin-1280x736-1.jpg 1280w\" sizes=\"auto, (max-width: 300px) 100vw, 300px\" \/><\/a>REDAZIONE<\/strong> C&#8217;era una volta la cena Luxottica, all&#8217;Hotel Villa Imperina (oggi), allora Hotel Milano. La crescita con\u00a0 Leonardo Del Vecchio \u00e8 stata veloce e i dipendenti sempre di pi\u00f9. La mensa in localit\u00e0 Valcozzena ed a Sedico, per anni, ha soddisfatto le esigenze dei numeri. Poi troppo piccole hanno ceduto il testimone ai grandi teatri tenda, quindi il PalaLuxottica, che visti i numeri di EssilorLuxottica \u00e8 diventato &#8220;piccolo&#8221; a sua volta. Tutto questo ha comportato e comporta crescenti complessit\u00e0 logistiche e organizzative legate all\u2019evento e alla crescita progressiva della comunit\u00e0 di dipendenti. Per questo la scelta del Gruppo di\u00a0 mettere in pausa l\u2019organizzazione della serata,cio\u00e8 da quest&#8217;anno niente festa di Natale con ospite sul palco delle grandi occasioni. . Al contempo Luxottica ripensa il family day\u00a0 sulla scorta del successo ottenuto due anni fa,\u00a0 considerando nuove modalit\u00e0 per future celebrazioni, valutando la possibilit\u00e0 di un evento estivo.<\/p>\n<p>foto www.open.online<\/p>\n<p>&nbsp;<\/p>\n<p>&nbsp;<\/p>\n<p>&nbsp;<\/p>\n","protected":false},"excerpt":{"rendered":"<p>*** REDAZIONE C&#8217;era una volta la cena Luxottica, all&#8217;Hotel Villa Imperina (oggi), allora Hotel Milano. La crescita con\u00a0 Leonardo Del Vecchio \u00e8 stata veloce e i dipendenti sempre di pi\u00f9. La mensa in localit\u00e0 Valcozzena ed a Sedico, per anni, ha soddisfatto le esigenze dei numeri. Poi troppo piccole hanno ceduto il testimone ai grandi&hellip;<\/p>\n","protected":false},"author":4,"featured_media":419807,"comment_status":"closed","ping_status":"closed","sticky":false,"template":"","format":"standard","meta":{"_monsterinsights_skip_tracking":false,"_monsterinsights_sitenote_active":false,"_monsterinsights_sitenote_note":"","_monsterinsights_sitenote_category":0,"footnotes":""},"categories":[51,49],"tags":[],"class_list":["post-419803","post","type-post","status-publish","format-standard","has-post-thumbnail","hentry","category-evidenza-top","category-news-18","category-51","category-49","description-off"],"img_url":"https:\/\/www.radiopiu.net\/wordpress\/wp-content\/uploads\/2024\/11\/luxottica-maneskin-1280x736-1.jpg","_links":{"self":[{"href":"https:\/\/www.radiopiu.net\/wordpress\/wp-json\/wp\/v2\/posts\/419803","targetHints":{"allow":["GET"]}}],"collection":[{"href":"https:\/\/www.radiopiu.net\/wordpress\/wp-json\/wp\/v2\/posts"}],"about":[{"href":"https:\/\/www.radiopiu.net\/wordpress\/wp-json\/wp\/v2\/types\/post"}],"author":[{"embeddable":true,"href":"https:\/\/www.radiopiu.net\/wordpress\/wp-json\/wp\/v2\/users\/4"}],"replies":[{"embeddable":true,"href":"https:\/\/www.radiopiu.net\/wordpress\/wp-json\/wp\/v2\/comments?post=419803"}],"version-history":[{"count":5,"href":"https:\/\/www.radiopiu.net\/wordpress\/wp-json\/wp\/v2\/posts\/419803\/revisions"}],"predecessor-version":[{"id":419809,"href":"https:\/\/www.radiopiu.net\/wordpress\/wp-json\/wp\/v2\/posts\/419803\/revisions\/419809"}],"wp:featuredmedia":[{"embeddable":true,"href":"https:\/\/www.radiopiu.net\/wordpress\/wp-json\/wp\/v2\/media\/419807"}],"wp:attachment":[{"href":"https:\/\/www.radiopiu.net\/wordpress\/wp-json\/wp\/v2\/media?parent=419803"}],"wp:term":[{"taxonomy":"category","embeddable":true,"href":"https:\/\/www.radiopiu.net\/wordpress\/wp-json\/wp\/v2\/categories?post=419803"},{"taxonomy":"post_tag","embeddable":true,"href":"https:\/\/www.radiopiu.net\/wordpress\/wp-json\/wp\/v2\/tags?post=419803"}],"curies":[{"name":"wp","href":"https:\/\/api.w.org\/{rel}","templated":true}]}}